{"id":69237,"date":"2024-07-16T08:26:36","date_gmt":"2024-07-16T11:26:36","guid":{"rendered":"https:\/\/cj.estrategia.com\/portal\/?p=69237"},"modified":"2024-07-17T17:25:31","modified_gmt":"2024-07-17T20:25:31","slug":"atentado-donald-trump","status":"publish","type":"post","link":"https:\/\/cj.estrategia.com\/portal\/atentado-donald-trump\/","title":{"rendered":"Atentado contra Donald Trump enfraquece as democracias"},"content":{"rendered":"<div class=\"wp-block-image\">\n<figure class=\"aligncenter size-full\"><img decoding=\"async\" width=\"640\" height=\"427\" src=\"https:\/\/cj.estrategia.com\/portal\/wp-content\/uploads\/2024\/07\/16075628\/Imagem-do-WhatsApp-de-2024-07-16-as-07.56.12_581ba127.jpg\" alt=\"Atentado contra Donald Trump enfraquece as democracias\" class=\"wp-image-69238\" srcset=\"https:\/\/cj.estrategia.com\/portal\/wp-content\/uploads\/2024\/07\/16075628\/Imagem-do-WhatsApp-de-2024-07-16-as-07.56.12_581ba127.jpg 640w, https:\/\/cj.estrategia.com\/portal\/wp-content\/uploads\/2024\/07\/16075628\/Imagem-do-WhatsApp-de-2024-07-16-as-07.56.12_581ba127-300x200.jpg 300w, https:\/\/cj.estrategia.com\/portal\/wp-content\/uploads\/2024\/07\/16075628\/Imagem-do-WhatsApp-de-2024-07-16-as-07.56.12_581ba127-380x254.jpg 380w, https:\/\/cj.estrategia.com\/portal\/wp-content\/uploads\/2024\/07\/16075628\/Imagem-do-WhatsApp-de-2024-07-16-as-07.56.12_581ba127-150x100.jpg 150w\" sizes=\"(max-width: 640px) 100vw, 640px\" \/><figcaption class=\"wp-element-caption\">Atentado contra Donald Trump enfraquece as democracias<br><em>Fonte da imagem: https:\/\/g1.globo.com\/mundo\/noticia\/2024\/07\/15\/eu-deveria-estar-morto-diz-donald-trump-em-primeira-entrevista-apos-atentado.ghtml<\/em><\/figcaption><\/figure>\n<\/div>\n\n\n<p>* Marcos Vin\u00edcius Manso Lopes Gomes. Defensor P\u00fablico do estado de S\u00e3o Paulo. Professor de Direito Constitucional do Estrat\u00e9gia Carreiras Jur\u00eddicas.<\/p>\n\n\n\n<div class=\"wp-block-yoast-seo-table-of-contents yoast-table-of-contents\"><h2 id=\"indice\">\u00cdndice<\/h2><ul><li><a href=\"#h-atentado-contra-donald-trump-entenda-o-caso\" data-level=\"2\">Atentado contra Donald Trump \u2013 entenda o caso<\/a><ul><li><a href=\"#h-democracia-x-autocracia\" data-level=\"3\">Democracia x Autocracia<\/a><\/li><li><a href=\"#h-discursos-de-intolerancia-de-odio-e-antidemocratico\" data-level=\"3\">Discursos de Intoler\u00e2ncia, de \u00d3dio e Antidemocr\u00e1tico<\/a><\/li><li><a href=\"#h-efeito-resfriador-e-democracia\" data-level=\"3\">Efeito Resfriador e Democracia<\/a><\/li><li><a href=\"#h-fortalecimento-das-democracias\" data-level=\"3\">Fortalecimento das democracias<\/a><\/li><\/ul><\/li><li><a href=\"#cursos-ficha\" data-level=\"2\">Quer estudar para Concursos Jur\u00eddicos em 2024?<\/a><\/li><\/ul><\/div>\n\n\n\n<h2 class=\"wp-block-heading\" id=\"h-atentado-contra-donald-trump-entenda-o-caso\"><span id=\"atentado-contra-donald-trump-entenda-o-caso\">Atentado contra Donald Trump \u2013 entenda o caso<\/span><\/h2>\n\n\n\n<p><a href=\"https:\/\/g1.globo.com\/fantastico\/noticia\/2024\/07\/14\/analise-minuto-a-minuto-revela-detalhes-do-atentado-contra-trump-veja-videos-e-fotos.ghtml\" target=\"_blank\" >No dia 13 de julho de 2024<\/a>, em evento realizado na Pensilv\u00e2nia, ocorreu um <strong>atentado contra Donald Trump<\/strong>, candidato Republicano \u00e0 presid\u00eancia dos Estados Unidos. O atentado reacendeu o debate envolvendo a necessidade de fortalecimento das democracias. O presidente <a href=\"https:\/\/g1.globo.com\/politica\/noticia\/2024\/07\/15\/lula-comenta-atentado-trump.ghtml\" target=\"_blank\" >Lula destacou<\/a> que o atentado \u201cempobrece a democracia\u201d. O ex-presidente Bolsonaro, realizou compara\u00e7\u00e3o ao seu atentado sofrido em 2018 e <a href=\"https:\/\/www.cnnbrasil.com.br\/politica\/bolsonaro-volta-a-prestar-solidariedade-a-trump-maior-lideranca-conservadora-do-mundo\/\" target=\"_blank\" >prestou solidariedade<\/a> ao candidato Donald Trump. No presente artigo, almejaremos trazer aos nossos alunos temas importantes envolvendo democracia para os concursos de carreiras jur\u00eddicas.<\/p>\n\n\n\n<h3 class=\"wp-block-heading\" id=\"h-democracia-x-autocracia\"><span id=\"democracia-x-autocracia\">Democracia x Autocracia<\/span><\/h3>\n\n\n\n<p>Os regimes pol\u00edticos podem ser <strong>democr\u00e1ticos<\/strong> ou <strong>n\u00e3o democr\u00e1ticos<\/strong>. Dentre os regimes n\u00e3o democr\u00e1ticos destacamos as monarquias absolutistas e as ditaduras. Como exemplo de ditaduras, podemos ter os <strong>regimes autorit\u00e1rios<\/strong>, que n\u00e3o admitem competi\u00e7\u00e3o pol\u00edtica, sufocando qualquer movimento que busque pluralizar o pensamento pol\u00edtico, bem como os <strong>regimes totalit\u00e1rios<\/strong>, que al\u00e9m de n\u00e3o admitirem a competi\u00e7\u00e3o pol\u00edtica, buscam conformar o povo a sua imagem, impondo ideologias, religi\u00f5es, etc.<\/p>\n\n\n\n<p>Destacam-se algumas <strong>caracter\u00edsticas dos regimes autocr\u00e1ticos<\/strong>: a) Exerc\u00edcio do poder em nome pr\u00f3prio (do pr\u00f3prio Estado); b) Marcado pelo autoritarismo (de cima para baixo); c) N\u00e3o reivindica legitima\u00e7\u00e3o pelos governados; d) Buscam reduzir o pluralismo pol\u00edtico e ideol\u00f3gico.<\/p>\n\n\n\n<p>Por seu turno, vejamos algumas <strong>caracter\u00edsticas dos regimes democr\u00e1ticos<\/strong>: a) O exerc\u00edcio do poder emana do povo; b) Reivindica legitima\u00e7\u00e3o pelos governados com participa\u00e7\u00e3o; c) Com competitividade pol\u00edtica, direitos pol\u00edticos e pluralismo ideol\u00f3gico; d) Reconhecimento de direitos fundamentais e limites aos governantes. Portanto, participa\u00e7\u00e3o, liberdade e dignidade s\u00e3o tr\u00eas fatores important\u00edssimos para o fortalecimento das democracias contempor\u00e2neas.<\/p>\n\n\n\n<p>De fato, o atentado contra Donald Trump \u00e9 um ato que abala e enfraquece a democracia, notadamente porque, al\u00e9m de ser um atentado contra a dignidade da pessoa humana, almeja enfraquecer a liberdade, a competitividade pol\u00edtica, os direitos pol\u00edticos e o pluralismo ideol\u00f3gico, pilares de um Estado de op\u00e7\u00e3o democr\u00e1tica.<\/p>\n\n\n\n<h3 class=\"wp-block-heading\" id=\"h-discursos-de-intolerancia-de-odio-e-antidemocratico\"><span id=\"discursos-de-intolerancia-de-odio-e-antidemocratico\">Discursos de Intoler\u00e2ncia, de \u00d3dio e Antidemocr\u00e1tico<\/span><\/h3>\n\n\n\n<p>No Brasil, em que pese o Supremo Tribunal Federal permitir o <strong>discurso de intoler\u00e2ncia<\/strong> (realizado sem sinaliza\u00e7\u00e3o de viol\u00eancia, domina\u00e7\u00e3o, explora\u00e7\u00e3o, escraviza\u00e7\u00e3o, elimina\u00e7\u00e3o, supress\u00e3o ou redu\u00e7\u00e3o de direitos fundamentais), n\u00e3o vem admitindo o <strong>discurso de \u00f3dio<\/strong> (que realiza apologia de ideias preconceituosas e discriminat\u00f3rias) e nem o <strong>discurso antidemocr\u00e1tico<\/strong> (que objetivem a aboli\u00e7\u00e3o do Estado de Direito e o impedimento, com graves amea\u00e7as, do livre exerc\u00edcio de seus poderes constitu\u00eddos e de suas institui\u00e7\u00f5es). Vejamos como isso se relaciona com a democracia:<\/p>\n\n\n\n<div class=\"wp-block-group is-style-cnvs-block-bg-light\"><div class=\"wp-block-group__inner-container is-layout-constrained wp-block-group-is-layout-constrained\">\n<p><strong>Democracia e Discurso de Intoler\u00e2ncia<\/strong> \u2013 STF \u2013 RHC 134682 \/ BA \u2013 BAHIA. Julgamento: 29\/11\/2016. Ementa: RECURSO ORDIN\u00c1RIO EM HABEAS CORPUS. DIREITO PENAL. CRIME DE RACISMO RELIGIOSO. IN\u00c9PCIA DA DEN\u00daNCIA. INOCORR\u00caNCIA. IMPRESCRITIBILIDADE. PREVIS\u00c3O CONSTITUCIONAL EXPRESSA. LIVRO. PUBLICA\u00c7\u00c3O. PROSELITISMO COMO N\u00daCLEO ESSENCIAL DA LIBERDADE DE EXPRESS\u00c3O RELIGIOSA. TRANCAMENTO DA A\u00c7\u00c3O PENAL. (\u2026) 7. Hip\u00f3tese concreta em que o paciente, por meio de publica\u00e7\u00e3o em livro, incita a comunidade cat\u00f3lica a empreender resgate religioso direcionado \u00e0 salva\u00e7\u00e3o de adeptos do espiritismo, em atitude que, a despeito de considerar inferiores os praticantes de f\u00e9 distinta, o faz sem sinaliza\u00e7\u00e3o de viol\u00eancia, domina\u00e7\u00e3o, explora\u00e7\u00e3o, escraviza\u00e7\u00e3o, elimina\u00e7\u00e3o, supress\u00e3o ou redu\u00e7\u00e3o de direitos fundamentais. <\/p>\n<\/div><\/div>\n\n\n\n<div class=\"wp-block-group is-style-cnvs-block-bg-light\"><div class=\"wp-block-group__inner-container is-layout-constrained wp-block-group-is-layout-constrained\">\n<p><strong>Democracia e Discurso de \u00d3dio<\/strong> \u2013 STF \u2013 HC 82424 \/ RS \u2013 RIO GRANDE DO SUL. Julgamento: 17\/09\/2003. HABEAS-CORPUS. PUBLICA\u00c7\u00c3O DE LIVROS: ANTI-SEMITISMO. RACISMO. CRIME IMPRESCRIT\u00cdVEL. CONCEITUA\u00c7\u00c3O. ABRANG\u00caNCIA CONSTITUCIONAL. LIBERDADE DE EXPRESS\u00c3O. LIMITES. ORDEM DENEGADA. 1. Escrever, editar, divulgar e comerciar livros \u201cfazendo apologia de ideias preconceituosas e discriminat\u00f3rias\u201d contra a comunidade judaica (Lei 7716\/89, artigo 20, na reda\u00e7\u00e3o dada pela Lei 8081\/90) constitui crime de racismo sujeito \u00e0s cl\u00e1usulas de inafian\u00e7abilidade e imprescritibilidade (CF, artigo 5\u00ba, XLII).<\/p>\n<\/div><\/div>\n\n\n\n<div class=\"wp-block-group is-style-cnvs-block-bg-light\"><div class=\"wp-block-group__inner-container is-layout-constrained wp-block-group-is-layout-constrained\">\n<p><strong>Discurso Antidemocr\u00e1tico<\/strong> \u2013 STF \u2013 AP 1044\/DF \u2013 A liberdade de express\u00e3o existe para a manifesta\u00e7\u00e3o de opini\u00f5es contrarias, jocosas, sat\u00edricas e at\u00e9 mesmo err\u00f4neas, mas n\u00e3o para opini\u00f5es criminosas, discurso de \u00f3dio ou atentados contra o Estado Democr\u00e1tico de Direito e a democracia. A Constituic\u0327\u00e3o garante a liberdade de express\u00e3o, com responsabilidade. A liberdade de express\u00e3o n\u00e3o pode ser usada para a pr\u00e1tica de atividades il\u00edcitas ou para a pr\u00e1tica de discursos de \u00f3dio, contra a democracia ou contra as institui\u00e7\u00f5es. Nesse sentido, s\u00e3o inadmiss\u00edveis manifestac\u0327\u00f5es proferidas em redes sociais que objetivem a aboli\u00e7\u00e3o do Estado de Direito e o impedimento, com graves amea\u00e7as, do livre exerc\u00edcio de seus poderes constitu\u00eddos e de suas institui\u00e7\u00f5es. Ademais, conforme jurisprud\u00eancia do STF, a garantia constitucional da imunidade parlamentar (1) incide apenas sobre manifestac\u0327\u00f5es proferidas no desempenho da func\u0327\u00e3o legislativa ou em raz\u00e3o desta, n\u00e3o sendo poss\u00edvel utiliz\u00e1-la como escudo protetivo para a pr\u00e1tica de atividades il\u00edcitas.<\/p>\n<\/div><\/div>\n\n\n\n<p>O discurso de \u00f3dio \u00e9 uma limita\u00e7\u00e3o da liberdade de express\u00e3o. De acordo com <a href=\"https:\/\/professor.pucgoias.edu.br\/sitedocente\/admin\/arquivosupload\/4888\/material\/a-liberdade-de-expressao-e-o-problema-do-hate-speech-daniel-sarmento.pdf\" target=\"_blank\" >Daniel Sarmento<\/a>, trata-se de \u201cmanifesta\u00e7\u00f5es de \u00f3dio, desprezo ou intoler\u00e2ncia contra determinados grupos, motivadas por preconceitos ligados \u00e0 etnia, religi\u00e3o, g\u00eanero, defici\u00eancia f\u00edsica ou mental e ordena\u00e7\u00e3o sexual, dentre outros fatores.<\/p>\n\n\n\n<p>Concordamos com a proibi\u00e7\u00e3o do discurso de \u00f3dio e do discurso antidemocr\u00e1tico. Ali\u00e1s, os reiterados discursos de \u00f3dio e antidemocr\u00e1ticos, que devem ser combatidos e recha\u00e7ados, podem at\u00e9 mesmo culminar em atentados contra a vida, tal como o ocorrido contra o candidato Donald Trump.<\/p>\n\n\n\n<h3 class=\"wp-block-heading\" id=\"h-efeito-resfriador-e-democracia\"><span id=\"efeito-resfriador-e-democracia\">Efeito Resfriador e Democracia<\/span><\/h3>\n\n\n\n<p>A democracia almeja pluralizar, democratizar o debate e incrementar a cidadania, incluindo-se as opini\u00f5es e manifesta\u00e7\u00f5es de grupos minorit\u00e1rios. Destacamos acima que o direito a liberdade possui limita\u00e7\u00f5es. Por\u00e9m, temos que tomar alguns cuidados em sua restri\u00e7\u00e3o. No que tange ao <strong>efeito resfriador<\/strong>, inibidor ou silenciador (<em><strong>Chilling Efect<\/strong><\/em>), trata-se da inibi\u00e7\u00e3o ou desencorajamento do exerc\u00edcio de leg\u00edtimos direitos, culminando em autocensura no caso do direito \u00e0 liberdade. Assim, em virtude da amea\u00e7a de san\u00e7\u00f5es jur\u00eddicas por parte do Poder P\u00fablico, seja em virtude de ato do Poder Executivo, do Legislativo ou do Judici\u00e1rio, ocorre um resfriamento da liberdade de express\u00e3o e do debate de ideias. O tema j\u00e1 foi abordado no Supremo Tribunal Federal:<\/p>\n\n\n\n<div class=\"wp-block-group is-style-cnvs-block-bg-light\"><div class=\"wp-block-group__inner-container is-layout-constrained wp-block-group-is-layout-constrained\">\n<p><strong>STF \u2013 RE n. RE 600063 \/ SP \u2013 (Voto do Ministro Roberto Barroso):<\/strong> (\u2026) Naturalmente, o ideal seria que tais fun\u00e7\u00f5es fossem exercidas sem ofensas pessoais, centrando-se nos fatos e argumentos expostos, e n\u00e3o em seus interlocutores. Contudo, mesmo quando tal n\u00e3o ocorre, quis a Constituic\u0327\u00e3o proteger os parlamentares da reprimenda judicial[8]. Isso para evitar que a amea\u00e7a de persecu\u00e7\u00e3o c\u00edvel e penal gerasse um efeito resfriador de seus discursos (<em>chilling effect<\/em>) e, consequentemente, prejudicasse a livre exposi\u00e7\u00e3o de pensamentos na esfera legislativa, vocacionada que \u00e9 ao debate p\u00fablico.<\/p>\n<\/div><\/div>\n\n\n\n<p>Assim, temos que ter cuidado com eventuais excessos na limita\u00e7\u00e3o da liberdade de express\u00e3o, notadamente se partir da Suprema Corte, cujo excesso em determinadas situa\u00e7\u00f5es poder\u00e1 culminar em verdadeiro efeito resfriador, inibindo o debate de ideias e violando o direito a liberdade, pilar de um Estado de op\u00e7\u00e3o democr\u00e1tica. Demonstrando a mesma preocupa\u00e7\u00e3o, a <a href=\"https:\/\/professor.pucgoias.edu.br\/sitedocente\/admin\/arquivosupload\/4888\/material\/a-liberdade-de-expressao-e-o-problema-do-hate-speech-daniel-sarmento.pdf\" target=\"_blank\" >doutrina mais t\u00e9cnica e ponderada<\/a> destaca que \u201cn\u00e3o obstante, deve haver um cuidado especial para que n\u00e3o se asfixie al\u00e9m da conta a liberdade de express\u00e3o ainda que por prop\u00f3sitos elevados\u201d.<\/p>\n\n\n\n<h3 class=\"wp-block-heading\" id=\"h-fortalecimento-das-democracias\"><span id=\"fortalecimento-das-democracias\">Fortalecimento das democracias<\/span><\/h3>\n\n\n\n<p>Reiteramos nosso posicionamento totalmente favor\u00e1vel a <strong>necessidade de refor\u00e7o das democracias<\/strong>. Importante destacar que o combate aos atos antidemocr\u00e1ticos deve ocorrer fortalecendo a democracia e n\u00e3o por meio de um Estado de exce\u00e7\u00e3o e subterr\u00e2neo, muito menos desrespeitando-se direitos fundamentais.<\/p>\n\n\n\n<p>A democracia, em apertada s\u00edntese, deve ser concretizada por meio do fortalecimento de quatro pilares fundamentais: a) dignidade da pessoa humana; b) participa\u00e7\u00e3o popular; c) liberdade; d) igualdade. Assim, poderemos alcan\u00e7ar os objetivos fundamentais da Rep\u00fablica Federativa do Brasil: art. 3\u00ba, da Constitui\u00e7\u00e3o Federal: I \u2013 construir uma sociedade livre, justa e solid\u00e1ria; II \u2013 garantir o desenvolvimento nacional; III \u2013 erradicar a pobreza e a marginaliza\u00e7\u00e3o e reduzir as desigualdades sociais e regionais; IV \u2013 promover o bem de todos, sem preconceitos de origem, ra\u00e7a, sexo, cor, idade e quaisquer outras formas de discrimina\u00e7\u00e3o.<\/p>\n\n\n\n<h2 class=\"wp-block-heading has-text-align-center\" id=\"cursos-ficha\"><span id=\"quer-estudar-para-concursos-juridicos-em-2024\">Quer estudar para Concursos Jur\u00eddicos em 2024?<\/span><\/h2>\n\n\n\n<p class=\"has-text-align-left\">O Estrat\u00e9gia Carreira Jur\u00eddica \u00e9 campe\u00e3o de aprova\u00e7\u00f5es nos concursos para Carreiras Jur\u00eddicas com um corpo docente qualificado e materiais completos. Conhe\u00e7a nossos cursos e garanta sua aprova\u00e7\u00e3o em Concurso Jur\u00eddicos:<\/p>\n\n\n\n<p class=\"has-text-align-center has-pale-cyan-blue-background-color has-background\"><a href=\"https:\/\/cj.estrategia.com\/portal\/concursos-abertos-carreiras-juridicas\/\"><strong>Concursos abertos<\/strong><\/a><\/p>\n\n\n\n<p class=\"has-text-align-center has-pale-cyan-blue-background-color has-background\"><a href=\"https:\/\/cj.estrategia.com\/portal\/concursos-2024-carreiras-juridicas\/\"><strong>Concursos 2024<\/strong><\/a><\/p>\n","protected":false},"excerpt":{"rendered":"* Marcos Vin\u00edcius Manso Lopes Gomes. Defensor P\u00fablico do estado de S\u00e3o Paulo. Professor de Direito Constitucional do&hellip;\n","protected":false},"author":54,"featured_media":69238,"comment_status":"open","ping_status":"open","sticky":false,"template":"","format":"standard","meta":{"_jetpack_memberships_contains_paid_content":false,"footnotes":""},"categories":[1,115],"tags":[],"tax_estado":[30,31,32,33,34,35,36,37,38,39,40,41,42,43,44,45,46,47,48,49,50,51,52,53,54,55,56,57],"class_list":{"0":"post-69237","1":"post","2":"type-post","3":"status-publish","4":"format-standard","5":"has-post-thumbnail","7":"category-carreiras-juridicas","8":"category-noticias","9":"tax_estado-ac","10":"tax_estado-al","11":"tax_estado-am","12":"tax_estado-ap","13":"tax_estado-ba","14":"tax_estado-ce","15":"tax_estado-concursos-federais","16":"tax_estado-df","17":"tax_estado-es","18":"tax_estado-go","19":"tax_estado-ma","20":"tax_estado-mg","21":"tax_estado-ms","22":"tax_estado-mt","23":"tax_estado-pa","24":"tax_estado-pb","25":"tax_estado-pe","26":"tax_estado-pi","27":"tax_estado-pr","28":"tax_estado-rj","29":"tax_estado-rn","30":"tax_estado-ro","31":"tax_estado-rr","32":"tax_estado-rs","33":"tax_estado-sc","34":"tax_estado-se","35":"tax_estado-sp","36":"tax_estado-to"},"acf":[],"yoast_head":"<!-- This site is optimized with the Yoast SEO Premium plugin v27.5 (Yoast SEO v27.5) - https:\/\/yoast.com\/product\/yoast-seo-premium-wordpress\/ -->\n<title>Atentado contra Donald Trump enfraquece as democracias<\/title>\n<meta name=\"description\" content=\"Confira nossa an\u00e1lise sobre o atentado contra o candidato Donald Trump e como isso enfraquece as democracias!\" \/>\n<meta name=\"robots\" content=\"index, follow, max-snippet:-1, max-image-preview:large, max-video-preview:-1\" \/>\n<link rel=\"canonical\" href=\"https:\/\/cj.estrategia.com\/portal\/atentado-donald-trump\/\" \/>\n<meta property=\"og:locale\" content=\"pt_BR\" \/>\n<meta property=\"og:type\" content=\"article\" \/>\n<meta property=\"og:title\" content=\"Atentado contra Donald Trump enfraquece as democracias\" \/>\n<meta property=\"og:description\" content=\"Confira nossa an\u00e1lise sobre o atentado contra o candidato Donald Trump e como isso enfraquece as democracias!\" \/>\n<meta property=\"og:url\" content=\"https:\/\/cj.estrategia.com\/portal\/atentado-donald-trump\/\" \/>\n<meta property=\"og:site_name\" content=\"Blog - Carreiras Jur\u00eddicas - Estrat\u00e9gia\" \/>\n<meta property=\"article:publisher\" content=\"https:\/\/www.facebook.com\/estrategiacarreirajuridica\/\" \/>\n<meta property=\"article:published_time\" content=\"2024-07-16T11:26:36+00:00\" \/>\n<meta property=\"article:modified_time\" content=\"2024-07-17T20:25:31+00:00\" \/>\n<meta property=\"og:image\" content=\"https:\/\/cj.estrategia.com\/portal\/wp-content\/uploads\/2024\/07\/16075628\/Imagem-do-WhatsApp-de-2024-07-16-as-07.56.12_581ba127.jpg\" \/>\n\t<meta property=\"og:image:width\" content=\"640\" \/>\n\t<meta property=\"og:image:height\" content=\"427\" \/>\n\t<meta property=\"og:image:type\" content=\"image\/jpeg\" \/>\n<meta name=\"author\" content=\"Marcos Gomes\" \/>\n<meta name=\"twitter:card\" content=\"summary_large_image\" \/>\n<meta name=\"twitter:creator\" content=\"@EstratJuridica\" \/>\n<meta name=\"twitter:site\" content=\"@EstratJuridica\" \/>\n<meta name=\"twitter:label1\" content=\"Escrito por\" \/>\n\t<meta name=\"twitter:data1\" content=\"Marcos Gomes\" \/>\n\t<meta name=\"twitter:label2\" content=\"Est. tempo de leitura\" \/>\n\t<meta name=\"twitter:data2\" content=\"8 minutos\" \/>\n<script type=\"application\/ld+json\" class=\"yoast-schema-graph\">{\"@context\":\"https:\\\/\\\/schema.org\",\"@graph\":[{\"@type\":\"NewsArticle\",\"@id\":\"https:\\\/\\\/cj.estrategia.com\\\/portal\\\/atentado-donald-trump\\\/#article\",\"isPartOf\":{\"@id\":\"https:\\\/\\\/cj.estrategia.com\\\/portal\\\/atentado-donald-trump\\\/\"},\"author\":{\"name\":\"Marcos Gomes\",\"@id\":\"https:\\\/\\\/cj.estrategia.com\\\/portal\\\/#\\\/schema\\\/person\\\/aa7e4ed652b4a209e40869071fda4361\"},\"headline\":\"Atentado contra Donald Trump enfraquece as democracias\",\"datePublished\":\"2024-07-16T11:26:36+00:00\",\"dateModified\":\"2024-07-17T20:25:31+00:00\",\"mainEntityOfPage\":{\"@id\":\"https:\\\/\\\/cj.estrategia.com\\\/portal\\\/atentado-donald-trump\\\/\"},\"wordCount\":1561,\"commentCount\":0,\"publisher\":{\"@id\":\"https:\\\/\\\/cj.estrategia.com\\\/portal\\\/#organization\"},\"image\":{\"@id\":\"https:\\\/\\\/cj.estrategia.com\\\/portal\\\/atentado-donald-trump\\\/#primaryimage\"},\"thumbnailUrl\":\"https:\\\/\\\/cj.estrategia.com\\\/portal\\\/wp-content\\\/uploads\\\/2024\\\/07\\\/16075628\\\/Imagem-do-WhatsApp-de-2024-07-16-as-07.56.12_581ba127.jpg\",\"articleSection\":[\"Carreiras Jur\u00eddicas\",\"Not\u00edcias\"],\"inLanguage\":\"pt-BR\",\"potentialAction\":[{\"@type\":\"CommentAction\",\"name\":\"Comment\",\"target\":[\"https:\\\/\\\/cj.estrategia.com\\\/portal\\\/atentado-donald-trump\\\/#respond\"]}],\"accessibilityFeature\":[\"tableOfContents\"]},{\"@type\":\"WebPage\",\"@id\":\"https:\\\/\\\/cj.estrategia.com\\\/portal\\\/atentado-donald-trump\\\/\",\"url\":\"https:\\\/\\\/cj.estrategia.com\\\/portal\\\/atentado-donald-trump\\\/\",\"name\":\"Atentado contra Donald Trump enfraquece as democracias\",\"isPartOf\":{\"@id\":\"https:\\\/\\\/cj.estrategia.com\\\/portal\\\/#website\"},\"primaryImageOfPage\":{\"@id\":\"https:\\\/\\\/cj.estrategia.com\\\/portal\\\/atentado-donald-trump\\\/#primaryimage\"},\"image\":{\"@id\":\"https:\\\/\\\/cj.estrategia.com\\\/portal\\\/atentado-donald-trump\\\/#primaryimage\"},\"thumbnailUrl\":\"https:\\\/\\\/cj.estrategia.com\\\/portal\\\/wp-content\\\/uploads\\\/2024\\\/07\\\/16075628\\\/Imagem-do-WhatsApp-de-2024-07-16-as-07.56.12_581ba127.jpg\",\"datePublished\":\"2024-07-16T11:26:36+00:00\",\"dateModified\":\"2024-07-17T20:25:31+00:00\",\"description\":\"Confira nossa an\u00e1lise sobre o atentado contra o candidato Donald Trump e como isso enfraquece as democracias!\",\"breadcrumb\":{\"@id\":\"https:\\\/\\\/cj.estrategia.com\\\/portal\\\/atentado-donald-trump\\\/#breadcrumb\"},\"inLanguage\":\"pt-BR\",\"potentialAction\":[{\"@type\":\"ReadAction\",\"target\":[\"https:\\\/\\\/cj.estrategia.com\\\/portal\\\/atentado-donald-trump\\\/\"]}]},{\"@type\":\"ImageObject\",\"inLanguage\":\"pt-BR\",\"@id\":\"https:\\\/\\\/cj.estrategia.com\\\/portal\\\/atentado-donald-trump\\\/#primaryimage\",\"url\":\"https:\\\/\\\/cj.estrategia.com\\\/portal\\\/wp-content\\\/uploads\\\/2024\\\/07\\\/16075628\\\/Imagem-do-WhatsApp-de-2024-07-16-as-07.56.12_581ba127.jpg\",\"contentUrl\":\"https:\\\/\\\/cj.estrategia.com\\\/portal\\\/wp-content\\\/uploads\\\/2024\\\/07\\\/16075628\\\/Imagem-do-WhatsApp-de-2024-07-16-as-07.56.12_581ba127.jpg\",\"width\":640,\"height\":427,\"caption\":\"Atentado contra Donald Trump enfraquece as democracias\"},{\"@type\":\"BreadcrumbList\",\"@id\":\"https:\\\/\\\/cj.estrategia.com\\\/portal\\\/atentado-donald-trump\\\/#breadcrumb\",\"itemListElement\":[{\"@type\":\"ListItem\",\"position\":1,\"name\":\"In\u00edcio\",\"item\":\"https:\\\/\\\/cj.estrategia.com\\\/portal\\\/\"},{\"@type\":\"ListItem\",\"position\":2,\"name\":\"Atentado contra Donald Trump enfraquece as democracias\"}]},{\"@type\":\"WebSite\",\"@id\":\"https:\\\/\\\/cj.estrategia.com\\\/portal\\\/#website\",\"url\":\"https:\\\/\\\/cj.estrategia.com\\\/portal\\\/\",\"name\":\"Blog - Carreiras Jur\u00eddicas - Estrat\u00e9gia\",\"description\":\"\",\"publisher\":{\"@id\":\"https:\\\/\\\/cj.estrategia.com\\\/portal\\\/#organization\"},\"potentialAction\":[{\"@type\":\"SearchAction\",\"target\":{\"@type\":\"EntryPoint\",\"urlTemplate\":\"https:\\\/\\\/cj.estrategia.com\\\/portal\\\/?s={search_term_string}\"},\"query-input\":{\"@type\":\"PropertyValueSpecification\",\"valueRequired\":true,\"valueName\":\"search_term_string\"}}],\"inLanguage\":\"pt-BR\"},{\"@type\":\"Organization\",\"@id\":\"https:\\\/\\\/cj.estrategia.com\\\/portal\\\/#organization\",\"name\":\"Estrat\u00e9gia - Carreiras Jur\u00eddicas\",\"url\":\"https:\\\/\\\/cj.estrategia.com\\\/portal\\\/\",\"logo\":{\"@type\":\"ImageObject\",\"inLanguage\":\"pt-BR\",\"@id\":\"https:\\\/\\\/cj.estrategia.com\\\/portal\\\/#\\\/schema\\\/logo\\\/image\\\/\",\"url\":\"https:\\\/\\\/cj.estrategia.com\\\/portal\\\/wp-content\\\/uploads\\\/2022\\\/03\\\/11151052\\\/cj-logo.png\",\"contentUrl\":\"https:\\\/\\\/cj.estrategia.com\\\/portal\\\/wp-content\\\/uploads\\\/2022\\\/03\\\/11151052\\\/cj-logo.png\",\"width\":150,\"height\":39,\"caption\":\"Estrat\u00e9gia - Carreiras Jur\u00eddicas\"},\"image\":{\"@id\":\"https:\\\/\\\/cj.estrategia.com\\\/portal\\\/#\\\/schema\\\/logo\\\/image\\\/\"},\"sameAs\":[\"https:\\\/\\\/www.facebook.com\\\/estrategiacarreirajuridica\\\/\",\"https:\\\/\\\/x.com\\\/EstratJuridica\",\"https:\\\/\\\/www.instagram.com\\\/estrategiacarreirajuridica\\\/\",\"https:\\\/\\\/www.youtube.com\\\/channel\\\/UClbMGuYbj2Mh1m3w144ETWQ\"]},{\"@type\":\"Person\",\"@id\":\"https:\\\/\\\/cj.estrategia.com\\\/portal\\\/#\\\/schema\\\/person\\\/aa7e4ed652b4a209e40869071fda4361\",\"name\":\"Marcos Gomes\",\"image\":{\"@type\":\"ImageObject\",\"inLanguage\":\"pt-BR\",\"@id\":\"https:\\\/\\\/cj.estrategia.com\\\/portal\\\/wp-content\\\/uploads\\\/2023\\\/06\\\/01191815\\\/IMG_8949-96x96.jpg\",\"url\":\"https:\\\/\\\/cj.estrategia.com\\\/portal\\\/wp-content\\\/uploads\\\/2023\\\/06\\\/01191815\\\/IMG_8949-96x96.jpg\",\"contentUrl\":\"https:\\\/\\\/cj.estrategia.com\\\/portal\\\/wp-content\\\/uploads\\\/2023\\\/06\\\/01191815\\\/IMG_8949-96x96.jpg\",\"caption\":\"Marcos Gomes\"},\"description\":\"Defensor P\u00fablico do Estado de S\u00e3o Paulo. Especialista em Direito P\u00fablico. Professor de Direito Constitucional e Princ\u00edpios Institucionais no Estrat\u00e9gia Carreiras Jur\u00eddicas. Coordenador da Cole\u00e7\u00e3o Defensoria Ponto a Ponto.\",\"url\":\"https:\\\/\\\/cj.estrategia.com\\\/portal\\\/author\\\/marcos-gomes\\\/\"}]}<\/script>\n<!-- \/ Yoast SEO Premium plugin. -->","yoast_head_json":{"title":"Atentado contra Donald Trump enfraquece as democracias","description":"Confira nossa an\u00e1lise sobre o atentado contra o candidato Donald Trump e como isso enfraquece as democracias!","robots":{"index":"index","follow":"follow","max-snippet":"max-snippet:-1","max-image-preview":"max-image-preview:large","max-video-preview":"max-video-preview:-1"},"canonical":"https:\/\/cj.estrategia.com\/portal\/atentado-donald-trump\/","og_locale":"pt_BR","og_type":"article","og_title":"Atentado contra Donald Trump enfraquece as democracias","og_description":"Confira nossa an\u00e1lise sobre o atentado contra o candidato Donald Trump e como isso enfraquece as democracias!","og_url":"https:\/\/cj.estrategia.com\/portal\/atentado-donald-trump\/","og_site_name":"Blog - Carreiras Jur\u00eddicas - Estrat\u00e9gia","article_publisher":"https:\/\/www.facebook.com\/estrategiacarreirajuridica\/","article_published_time":"2024-07-16T11:26:36+00:00","article_modified_time":"2024-07-17T20:25:31+00:00","og_image":[{"width":640,"height":427,"url":"https:\/\/cj.estrategia.com\/portal\/wp-content\/uploads\/2024\/07\/16075628\/Imagem-do-WhatsApp-de-2024-07-16-as-07.56.12_581ba127.jpg","type":"image\/jpeg"}],"author":"Marcos Gomes","twitter_card":"summary_large_image","twitter_creator":"@EstratJuridica","twitter_site":"@EstratJuridica","twitter_misc":{"Escrito por":"Marcos Gomes","Est. tempo de leitura":"8 minutos"},"schema":{"@context":"https:\/\/schema.org","@graph":[{"@type":"NewsArticle","@id":"https:\/\/cj.estrategia.com\/portal\/atentado-donald-trump\/#article","isPartOf":{"@id":"https:\/\/cj.estrategia.com\/portal\/atentado-donald-trump\/"},"author":{"name":"Marcos Gomes","@id":"https:\/\/cj.estrategia.com\/portal\/#\/schema\/person\/aa7e4ed652b4a209e40869071fda4361"},"headline":"Atentado contra Donald Trump enfraquece as democracias","datePublished":"2024-07-16T11:26:36+00:00","dateModified":"2024-07-17T20:25:31+00:00","mainEntityOfPage":{"@id":"https:\/\/cj.estrategia.com\/portal\/atentado-donald-trump\/"},"wordCount":1561,"commentCount":0,"publisher":{"@id":"https:\/\/cj.estrategia.com\/portal\/#organization"},"image":{"@id":"https:\/\/cj.estrategia.com\/portal\/atentado-donald-trump\/#primaryimage"},"thumbnailUrl":"https:\/\/cj.estrategia.com\/portal\/wp-content\/uploads\/2024\/07\/16075628\/Imagem-do-WhatsApp-de-2024-07-16-as-07.56.12_581ba127.jpg","articleSection":["Carreiras Jur\u00eddicas","Not\u00edcias"],"inLanguage":"pt-BR","potentialAction":[{"@type":"CommentAction","name":"Comment","target":["https:\/\/cj.estrategia.com\/portal\/atentado-donald-trump\/#respond"]}],"accessibilityFeature":["tableOfContents"]},{"@type":"WebPage","@id":"https:\/\/cj.estrategia.com\/portal\/atentado-donald-trump\/","url":"https:\/\/cj.estrategia.com\/portal\/atentado-donald-trump\/","name":"Atentado contra Donald Trump enfraquece as democracias","isPartOf":{"@id":"https:\/\/cj.estrategia.com\/portal\/#website"},"primaryImageOfPage":{"@id":"https:\/\/cj.estrategia.com\/portal\/atentado-donald-trump\/#primaryimage"},"image":{"@id":"https:\/\/cj.estrategia.com\/portal\/atentado-donald-trump\/#primaryimage"},"thumbnailUrl":"https:\/\/cj.estrategia.com\/portal\/wp-content\/uploads\/2024\/07\/16075628\/Imagem-do-WhatsApp-de-2024-07-16-as-07.56.12_581ba127.jpg","datePublished":"2024-07-16T11:26:36+00:00","dateModified":"2024-07-17T20:25:31+00:00","description":"Confira nossa an\u00e1lise sobre o atentado contra o candidato Donald Trump e como isso enfraquece as democracias!","breadcrumb":{"@id":"https:\/\/cj.estrategia.com\/portal\/atentado-donald-trump\/#breadcrumb"},"inLanguage":"pt-BR","potentialAction":[{"@type":"ReadAction","target":["https:\/\/cj.estrategia.com\/portal\/atentado-donald-trump\/"]}]},{"@type":"ImageObject","inLanguage":"pt-BR","@id":"https:\/\/cj.estrategia.com\/portal\/atentado-donald-trump\/#primaryimage","url":"https:\/\/cj.estrategia.com\/portal\/wp-content\/uploads\/2024\/07\/16075628\/Imagem-do-WhatsApp-de-2024-07-16-as-07.56.12_581ba127.jpg","contentUrl":"https:\/\/cj.estrategia.com\/portal\/wp-content\/uploads\/2024\/07\/16075628\/Imagem-do-WhatsApp-de-2024-07-16-as-07.56.12_581ba127.jpg","width":640,"height":427,"caption":"Atentado contra Donald Trump enfraquece as democracias"},{"@type":"BreadcrumbList","@id":"https:\/\/cj.estrategia.com\/portal\/atentado-donald-trump\/#breadcrumb","itemListElement":[{"@type":"ListItem","position":1,"name":"In\u00edcio","item":"https:\/\/cj.estrategia.com\/portal\/"},{"@type":"ListItem","position":2,"name":"Atentado contra Donald Trump enfraquece as democracias"}]},{"@type":"WebSite","@id":"https:\/\/cj.estrategia.com\/portal\/#website","url":"https:\/\/cj.estrategia.com\/portal\/","name":"Blog - Carreiras Jur\u00eddicas - Estrat\u00e9gia","description":"","publisher":{"@id":"https:\/\/cj.estrategia.com\/portal\/#organization"},"potentialAction":[{"@type":"SearchAction","target":{"@type":"EntryPoint","urlTemplate":"https:\/\/cj.estrategia.com\/portal\/?s={search_term_string}"},"query-input":{"@type":"PropertyValueSpecification","valueRequired":true,"valueName":"search_term_string"}}],"inLanguage":"pt-BR"},{"@type":"Organization","@id":"https:\/\/cj.estrategia.com\/portal\/#organization","name":"Estrat\u00e9gia - Carreiras Jur\u00eddicas","url":"https:\/\/cj.estrategia.com\/portal\/","logo":{"@type":"ImageObject","inLanguage":"pt-BR","@id":"https:\/\/cj.estrategia.com\/portal\/#\/schema\/logo\/image\/","url":"https:\/\/cj.estrategia.com\/portal\/wp-content\/uploads\/2022\/03\/11151052\/cj-logo.png","contentUrl":"https:\/\/cj.estrategia.com\/portal\/wp-content\/uploads\/2022\/03\/11151052\/cj-logo.png","width":150,"height":39,"caption":"Estrat\u00e9gia - Carreiras Jur\u00eddicas"},"image":{"@id":"https:\/\/cj.estrategia.com\/portal\/#\/schema\/logo\/image\/"},"sameAs":["https:\/\/www.facebook.com\/estrategiacarreirajuridica\/","https:\/\/x.com\/EstratJuridica","https:\/\/www.instagram.com\/estrategiacarreirajuridica\/","https:\/\/www.youtube.com\/channel\/UClbMGuYbj2Mh1m3w144ETWQ"]},{"@type":"Person","@id":"https:\/\/cj.estrategia.com\/portal\/#\/schema\/person\/aa7e4ed652b4a209e40869071fda4361","name":"Marcos Gomes","image":{"@type":"ImageObject","inLanguage":"pt-BR","@id":"https:\/\/cj.estrategia.com\/portal\/wp-content\/uploads\/2023\/06\/01191815\/IMG_8949-96x96.jpg","url":"https:\/\/cj.estrategia.com\/portal\/wp-content\/uploads\/2023\/06\/01191815\/IMG_8949-96x96.jpg","contentUrl":"https:\/\/cj.estrategia.com\/portal\/wp-content\/uploads\/2023\/06\/01191815\/IMG_8949-96x96.jpg","caption":"Marcos Gomes"},"description":"Defensor P\u00fablico do Estado de S\u00e3o Paulo. Especialista em Direito P\u00fablico. Professor de Direito Constitucional e Princ\u00edpios Institucionais no Estrat\u00e9gia Carreiras Jur\u00eddicas. Coordenador da Cole\u00e7\u00e3o Defensoria Ponto a Ponto.","url":"https:\/\/cj.estrategia.com\/portal\/author\/marcos-gomes\/"}]}},"jetpack_featured_media_url":"https:\/\/cj.estrategia.com\/portal\/wp-content\/uploads\/2024\/07\/16075628\/Imagem-do-WhatsApp-de-2024-07-16-as-07.56.12_581ba127.jpg","jetpack_sharing_enabled":true,"_links":{"self":[{"href":"https:\/\/cj.estrategia.com\/portal\/wp-json\/wp\/v2\/posts\/69237","targetHints":{"allow":["GET"]}}],"collection":[{"href":"https:\/\/cj.estrategia.com\/portal\/wp-json\/wp\/v2\/posts"}],"about":[{"href":"https:\/\/cj.estrategia.com\/portal\/wp-json\/wp\/v2\/types\/post"}],"author":[{"embeddable":true,"href":"https:\/\/cj.estrategia.com\/portal\/wp-json\/wp\/v2\/users\/54"}],"replies":[{"embeddable":true,"href":"https:\/\/cj.estrategia.com\/portal\/wp-json\/wp\/v2\/comments?post=69237"}],"version-history":[{"count":0,"href":"https:\/\/cj.estrategia.com\/portal\/wp-json\/wp\/v2\/posts\/69237\/revisions"}],"wp:featuredmedia":[{"embeddable":true,"href":"https:\/\/cj.estrategia.com\/portal\/wp-json\/wp\/v2\/media\/69238"}],"wp:attachment":[{"href":"https:\/\/cj.estrategia.com\/portal\/wp-json\/wp\/v2\/media?parent=69237"}],"wp:term":[{"taxonomy":"category","embeddable":true,"href":"https:\/\/cj.estrategia.com\/portal\/wp-json\/wp\/v2\/categories?post=69237"},{"taxonomy":"post_tag","embeddable":true,"href":"https:\/\/cj.estrategia.com\/portal\/wp-json\/wp\/v2\/tags?post=69237"},{"taxonomy":"tax_estado","embeddable":true,"href":"https:\/\/cj.estrategia.com\/portal\/wp-json\/wp\/v2\/tax_estado?post=69237"}],"curies":[{"name":"wp","href":"https:\/\/api.w.org\/{rel}","templated":true}]}}