{"id":69075,"date":"2024-07-15T16:56:00","date_gmt":"2024-07-15T19:56:00","guid":{"rendered":"https:\/\/cj.estrategia.com\/portal\/?p=69075"},"modified":"2024-07-15T16:56:04","modified_gmt":"2024-07-15T19:56:04","slug":"prova-comentada-direito-processual-civil-pgm-cuiaba-procurador","status":"publish","type":"post","link":"https:\/\/cj.estrategia.com\/portal\/prova-comentada-direito-processual-civil-pgm-cuiaba-procurador\/","title":{"rendered":"Prova comentada Direito Processual Civil PGM Cuiab\u00e1 (Procurador)"},"content":{"rendered":"\n<p>Ol\u00e1, pessoal, tudo certo?!<\/p>\n\n\n\n<p>Em 14\/07\/2024, foi aplicada a prova objetiva do concurso p\u00fablico para a <strong>Procuradoria Geral do Munic\u00edpio de Cuiab\u00e1.<\/strong> Assim que divulgados o caderno de provas e o gabarito preliminar oficial, nosso time de professores analisou cada uma das quest\u00f5es que agora ser\u00e3o apresentadas em nossa <strong>PROVA COMENTADA<\/strong>.<\/p>\n\n\n\n<p>Este material visa a auxili\u00e1-los na aferi\u00e7\u00e3o das notas, elabora\u00e7\u00e3o de eventuais recursos, verifica\u00e7\u00e3o das chances de avan\u00e7o para fase discursiva, bem como na revis\u00e3o do conte\u00fado cobrado no certame.<\/p>\n\n\n\n<p>Desde j\u00e1, destacamos que nosso time de professores identificou 4 quest\u00f5es pass\u00edveis de recurso e\/ou que devem ser anuladas, por apresentarem duas ou nenhuma alternativa correta, como veremos adiante. No tipo de prova comentado, trata-se das 5, 31, 46 e 85.<\/p>\n\n\n\n<p>De modo complementar, elaboramos tamb\u00e9m o <strong><a href=\"https:\/\/cj.estrategia.com\/cadernos-e-simulados\/simulados\/f92e04f1-348e-417f-815c-abf05a59987c\">RANKING da PGM-Cuiab\u00e1<\/a> <\/strong>em que nossos alunos e seguidores poder\u00e3o inserir suas respostas \u00e0 prova, e, ao final, aferir sua nota, de acordo com o gabarito elaborado por nossos professores. Atrav\u00e9s do ranking, tamb\u00e9m poderemos estimar a nota de corte da 1\u00ba fase. Essa ferramenta \u00e9 gratuita!<\/p>\n\n\n\n<p>Al\u00e9m disso, montamos um caderno para nossos seguidores, alunos ou n\u00e3o, verem os coment\u00e1rios e comentar as quest\u00f5es da prova: confira <a href=\"https:\/\/cj.estrategia.com\/cadernos-e-simulados\/cadernos\/214a7eeb-b05b-4e93-9c05-7ba6aae1186f\">AQUI<\/a>!<\/p>\n\n\n\n<p>Por fim, comentaremos a prova, as quest\u00f5es mais pol\u00eamicas, as possibilidades de recurso, bem como a estimativa da nota de corte no <strong>TERM\u00d4METRO P\u00d3S-PROVA<\/strong>, no nosso canal do Youtube. Inscreva-se e ative as notifica\u00e7\u00f5es! <a href=\"https:\/\/www.youtube.com\/@EstrategiaCarreiraJuridica\"><strong>Estrat\u00e9gia Carreira Jur\u00eddica &#8211; YouTube<\/strong><\/a><\/p>\n\n\n\n<p class=\"has-text-align-center is-style-default has-very-light-gray-to-cyan-bluish-gray-gradient-background has-background\"><strong><a href=\"https:\/\/cj.estrategia.com\/portal\/gabarito-extraoficial-pgm-cuiaba-procurador\/\">Confira AQUI as provas comentadas de todas as disciplinas do concurso PGM Cuiab\u00e1<\/a><\/strong><\/p>\n\n\n\n<h2 class=\"wp-block-heading\" id=\"h-prova-comentada-direito-processual-civil\"><span id=\"prova-comentada-direito-processual-civil\">Prova comentada Direito Processual Civil<\/span><\/h2>\n\n\n\n<p><strong>QUEST\u00c3O 41. Com rela\u00e7\u00e3o \u00e0s provas no direito processual civil, assinale a op\u00e7\u00e3o correta.<\/strong><\/p>\n\n\n\n<p><strong>a) O depoimento de testemunha considerada impedida ou suspeita, em qualquer circunst\u00e2ncia, viola o devido processo legal.<\/strong><\/p>\n\n\n\n<p><strong>b) \u00c9 legitimo o indeferimento de prova pericial pelo juiz que a considerar desnecess\u00e1ria em raz\u00e3o da exist\u00eancia de outras provas j\u00e1 produzidas sobre o mesmo fato.<\/strong><\/p>\n\n\n\n<p><strong>c) A produ\u00e7\u00e3o antecipada da prova somente \u00e9 admitida caso haja fundado receio de que os elementos probat\u00f3rios possam perecer.<\/strong><\/p>\n\n\n\n<p><strong>d) A confiss\u00e3o judicial \u00e9 revog\u00e1vel, por livre iniciativa da parte confessante, at\u00e9 a prola\u00e7\u00e3o da senten\u00e7a de m\u00e9rito.<\/strong><\/p>\n\n\n\n<p><strong>e) A determina\u00e7\u00e3o de produ\u00e7\u00e3o de prova testemunhal, de oficio pelo magistrado, compromete a imparcialidade do julgador e acarreta a nulidade da prova produzida.<\/strong><\/p>\n\n\n\n<p><strong>Coment\u00e1rios<\/strong><\/p>\n\n\n\n<p>A alternativa correta \u00e9 a <strong>letra B<\/strong>.<\/p>\n\n\n\n<p>A alternativa A est\u00e1 incorreta. H\u00e1 casos em que o juiz entenda ser necess\u00e1rio, poder\u00e1 colher o depoimento de testemunha considerada impedida ou suspeita, nos termos do art. 447, \u00a74\u00ba do CPC. A saber: \u201c\u00a7 4\u00ba Sendo necess\u00e1rio, pode o juiz admitir o depoimento das testemunhas menores, impedidas ou suspeitas.\u201d<\/p>\n\n\n\n<p>A alternativa B est\u00e1 correta. O Conforme prev\u00ea o art. 464, \u00a71\u00ba, II, do CPC, o juiz poder\u00e1 a indeferir a prova pericial quando for desnecess\u00e1ria em vista de outras provas produzidas.&nbsp;<\/p>\n\n\n\n<p>A alternativa C est\u00e1 incorreta. A produ\u00e7\u00e3o antecipada de provas poder\u00e1 ser requerida n\u00e3o somente quando h\u00e1 o risco de perecimento dos elementos probat\u00f3rios, mas tamb\u00e9m quando a prova a ser produzida seja suscet\u00edvel de viabilizar a autocomposi\u00e7\u00e3o ou outro meio adequado de solu\u00e7\u00e3o de conflito, ou, quando justificar ou evitar o ajuizamento de a\u00e7\u00e3o, nos termos do art. 381, I a III, do CPC.<\/p>\n\n\n\n<p>A alternativa D est\u00e1 incorreta. Ao contr\u00e1rio do que afirma a alternativa, a confiss\u00e3o judicial \u00e9 irrevog\u00e1vel, nos termos do art. 393 do CPC. Vejamos: \u201cA confiss\u00e3o \u00e9 irrevog\u00e1vel, mas pode ser anulada se decorreu de erro de fato ou de coa\u00e7\u00e3o.\u201d<\/p>\n\n\n\n<p>A alternativa E est\u00e1 incorreta. O C\u00f3digo de Processo Civil prev\u00ea a possibilidade do magistrado requerer a produ\u00e7\u00e3o de prova testemunhal de of\u00edcio, conforme autoriza o art. 461 do CPC. Vejamos: \u201cO juiz pode ordenar, de of\u00edcio ou a requerimento da parte: I &#8211; a inquiri\u00e7\u00e3o de testemunhas referidas nas declara\u00e7\u00f5es da parte ou das testemunhas; II &#8211; a acarea\u00e7\u00e3o de 2 (duas) ou mais testemunhas ou de alguma delas com a parte, quando, sobre fato determinado que possa influir na decis\u00e3o da causa, divergirem as suas declara\u00e7\u00f5es.\u201d<\/p>\n\n\n\n<p><strong>QUEST\u00c3O 42. De acordo a jurisprud\u00eancia do Superior Tribunal de Justi\u00e7a (STJ), em sede de recurso especial repetitivo, a majora\u00e7\u00e3o dos honor\u00e1rios de sucumb\u00eancia, em grau recursal, deve ocorrer quando o recurso tiver sido<\/strong><\/p>\n\n\n\n<p><strong>a) integralmente desprovido ou n\u00e3o conhecido pelo tribunal, apenas.<\/strong><\/p>\n\n\n\n<p><strong>b) parcialmente provido apenas, ainda que seja m\u00ednima altera\u00e7\u00e3o do resultado do julgamento.<\/strong><\/p>\n\n\n\n<p><strong>c) n\u00e3o conhecido, seja ele provido ou desprovido.<\/strong><\/p>\n\n\n\n<p><strong>d) examinado no m\u00e9rito, seja qual for o resultado do julgamento.<\/strong><\/p>\n\n\n\n<p><strong>e) integralmente provido ou desprovido, apenas.<\/strong><\/p>\n\n\n\n<p><strong>Coment\u00e1rios<\/strong><\/p>\n\n\n\n<p>A alternativa correta \u00e9 a <strong>letra A<\/strong>. A quest\u00e3o exigia do examinando o conhecimento jurisprudencial do STJ acerca da majora\u00e7\u00e3o dos honor\u00e1rios de sucumb\u00eancia.<\/p>\n\n\n\n<p>A alternativa A est\u00e1 correta. A tese do Tema 1.059 foi fixada nos seguintes termos: &#8220;A majora\u00e7\u00e3o dos honor\u00e1rios de sucumb\u00eancia prevista no artigo 85, par\u00e1grafo 11, do CPC pressup\u00f5e que o recurso tenha sido integralmente desprovido ou n\u00e3o conhecido pelo tribunal, monocraticamente ou pelo \u00f3rg\u00e3o colegiado competente. N\u00e3o se aplica o artigo 85, par\u00e1grafo 11, do CPC em caso de provimento total ou parcial do recurso, ainda que m\u00ednima a altera\u00e7\u00e3o do resultado do julgamento ou limitada a consect\u00e1rios da condena\u00e7\u00e3o&#8221;.<\/p>\n\n\n\n<p>Portanto, as demais alternativas est\u00e3o incorretas, ao estarem em desacordo com o entendimento jurisprudencial do Superior Tribunal de Justi\u00e7a em sede de recurso especial repetitivo.&nbsp;<\/p>\n\n\n\n<p><strong>QUEST\u00c3O 43. Considere que um ente p\u00fablico, ap\u00f3s ajuizar a\u00e7\u00e3o judicial pelo procedimento comum, tenha a inten\u00e7\u00e3o de aditar a peti\u00e7\u00e3o inicia para ampliar um pedido j\u00e1 apresentado. Nessa situa\u00e7\u00e3o independentemente do consentimento da parte contr\u00e1ria, aditamento do pedido pode ser feito at\u00e9&nbsp;<\/strong><\/p>\n\n\n\n<p><strong>a) o ajuizamento de r\u00e9plica pelo autor.&nbsp;<\/strong><\/p>\n\n\n\n<p><strong>b) o \u00faltimo ato de instru\u00e7\u00e3o processual.<\/strong><\/p>\n\n\n\n<p><strong>c) a cita\u00e7\u00e3o do r\u00e9u.&nbsp;<\/strong><\/p>\n\n\n\n<p><strong>d) a efetiva apresenta\u00e7\u00e3o da contesta\u00e7\u00e3o.&nbsp;<\/strong><\/p>\n\n\n\n<p><strong>e) o saneamento do processo.<\/strong><\/p>\n\n\n\n<p><strong>Coment\u00e1rios<\/strong><\/p>\n\n\n\n<p>A alternativa correta \u00e9 a <strong>letra C<\/strong>. A quest\u00e3o aborda sobre emenda ou aditamento da peti\u00e7\u00e3o inicial, um tema que tem sido bastante recorrente em provas de procuradorias.&nbsp;<\/p>\n\n\n\n<p>A alternativas A e D est\u00e3o incorretas. Ap\u00f3s a cita\u00e7\u00e3o do r\u00e9u, o autor contar\u00e1 com o consentimento deste para poder emendar a peti\u00e7\u00e3o, conforme determina o art. 329, I do CPC: \u201cArt. 329. O autor poder\u00e1: I &#8211; at\u00e9 a cita\u00e7\u00e3o, aditar ou alterar o pedido ou a causa de pedir, independentemente de consentimento do r\u00e9u;\u201d<\/p>\n\n\n\n<p>A alternativa B est\u00e1 incorreta. Ao contr\u00e1rio do que afirma a alternativa, o aditamento da peti\u00e7\u00e3o inicial n\u00e3o se limita at\u00e9 o \u00faltimo ato da instru\u00e7\u00e3o processual, conforme o art. 329, I e II do CPC.<\/p>\n\n\n\n<p>A alternativa C est\u00e1 correta. \u00c9 poss\u00edvel que o autor altere o pedido ou a causa de pedir at\u00e9 a cita\u00e7\u00e3o do r\u00e9u, sem o consentimento deste. Ap\u00f3s a cita\u00e7\u00e3o, mas antes da contesta\u00e7\u00e3o, a altera\u00e7\u00e3o \u00e9 permitida com consentimento do r\u00e9u, conforme prev\u00ea o art. 329, II do CPC. Vejamos: \u201cArt. 329. O autor poder\u00e1: I &#8211; at\u00e9 a cita\u00e7\u00e3o, aditar ou alterar o pedido ou a causa de pedir, independentemente de consentimento do r\u00e9u; II &#8211; at\u00e9 o saneamento do processo, aditar ou alterar o pedido e a causa de pedir, com consentimento do r\u00e9u, assegurado o contradit\u00f3rio mediante a possibilidade de manifesta\u00e7\u00e3o deste no prazo m\u00ednimo de 15 (quinze) dias, facultado o requerimento de prova suplementar. Par\u00e1grafo \u00fanico. Aplica-se o disposto neste artigo \u00e0 reconven\u00e7\u00e3o e \u00e0 respectiva causa de pedir.\u201d<\/p>\n\n\n\n<p>A alternativa E est\u00e1 incorreta. Caso o autor adite ou alterar o pedido e a causa de pedi a peti\u00e7\u00e3o inicial at\u00e9 o saneamento do processo, dever\u00e1 contar com o consentimento da parte contr\u00e1ria, sendo-lhe assegurado o contradit\u00f3rio mediante a possibilidade de manifesta\u00e7\u00e3o deste no prazo m\u00ednimo de quinze dias, facultado o requerimento de prova suplementar, nos termos do art. 329, II do CPC.&nbsp;<\/p>\n\n\n\n<p><strong>QUEST\u00c3O 44. Roberto, professor da rede de ensino publica do munic\u00edpio X, ajuizou contra Manuel, prefeito municipal, a\u00e7\u00e3o de responsabilidade civil com pedido de danos morais, alegando ter sido transferido de unidade escolar em raz\u00e3o de persegui\u00e7\u00e3o abusiva decorrente de diverg\u00eancias pol\u00edticas com Manuel.<\/strong><\/p>\n\n\n\n<p><strong>Considerando a situa\u00e7\u00e3o hipot\u00e9tica apresentada e jurisprud\u00eancia do Supremo Tribunal Federal (STF), assinale a op\u00e7\u00e3o correta.<\/strong><\/p>\n\n\n\n<p><strong>a) Embora n\u00e3o haja litiscons\u00f3rcio necess\u00e1rio, o munic\u00edpio X pode ingressar no processo como assistente simples.<\/strong><\/p>\n\n\n\n<p><strong>b) A a\u00e7\u00e3o deveria ter sido ajuizada apenas contra o ente p\u00fablico, de modo que deve ser reconhecida a ilegitimidade passiva de Manuel.<\/strong><\/p>\n\n\n\n<p><strong>c) O munic\u00edpio X deve ser citado para integrar o processo como litisconsorte necess\u00e1rio e unit\u00e1rio no polo passivo.<\/strong><\/p>\n\n\n\n<p><strong>d) Embora n\u00e3o haja litiscons\u00f3rcio necess\u00e1rio, o munic\u00edpio X pode ingressar no processo como assistente litisconsorcial.<\/strong><\/p>\n\n\n\n<p><strong>e) O munic\u00edpio X deve ser citado para integrar o processo como litisconsorte necess\u00e1rio e simples no polo passivo.<\/strong><\/p>\n\n\n\n<p><strong>Coment\u00e1rios<\/strong><\/p>\n\n\n\n<p>A alternativa correta \u00e9 a <strong>letra B.<\/strong> A quest\u00e3o exigia do examinando o conhecimento jurisprudencial do STF acerca da legitimidade passiva e litiscons\u00f3rcio, mais precisamente,&nbsp;ente p\u00fablico figurando no polo passivo em rela\u00e7\u00e3o aos atos praticados no exerc\u00edcio da fun\u00e7\u00e3o p\u00fablica.<\/p>\n\n\n\n<p>A alternativa B est\u00e1 correta. A alternativa est\u00e1 de acordo com o entendimento assentado pelo Supremo Tribunal Federal no julgamento do Recurso Extraordin\u00e1rio (RE) n\u00ba 1.027.633\/SP, em que a tese firmada \u00e9 que, nas a\u00e7\u00f5es de indeniza\u00e7\u00e3o, o particular lesado deve ajuizar a demanda diretamente contra o ente p\u00fablico ou a entidade \u00e0 qual o agente p\u00fablico est\u00e1 vinculado. Aqui devemos tamb\u00e9m fazer men\u00e7\u00e3o \u00e0 mat\u00e9ria de direito administrativo, uma vez que se trata de uma garantia do agente p\u00fablico o fato de que inicialmente o primeiro a ser acionado judicialmente para ser responsabilidade por eventuais atos exercidos na fun\u00e7\u00e3o p\u00fablica \u00e9 o ente p\u00fablico e, o servidor p\u00fablico, ainda que neste caso seja o prefeito, chefe do poder executivo municipal, apenas pode ser responsabilizado SUBJETIVAMENTE, ou seja, com base na comprova\u00e7\u00e3o de dolo e culpa, de maneira regressiva pelo ente p\u00fablico. Portanto, o prefeito n\u00e3o constitui uma parte que detenha a legitimidade passiva, devendo ser reconhecido a ILEGITIMIDADE PASSIVA.&nbsp;<\/p>\n\n\n\n<p>Portanto, as demais alternativas est\u00e3o incorretas, por estarem em desacordo com a jurisprud\u00eancia do Supremo Tribunal Federal.&nbsp;<\/p>\n\n\n\n<p><strong>QUEST\u00c3O 45. No que se refere aos t\u00edtulos executivos extrajudiciais, o C\u00f3digo de Processo Civil (CPC) prev\u00ea que o t\u00edtulo executivo extrajudicial estrangeiro<\/strong><\/p>\n\n\n\n<p><strong>a) independe de homologa\u00e7\u00e3o judicial para ser executado e somente tem efic\u00e1cia execut\u00f3ria quando presentes os requisitos de forma\u00e7\u00e3o exigidos pela lei brasileira, seja qual for o local designado para cumprimento da obriga\u00e7\u00e3o.&nbsp;<\/strong><\/p>\n\n\n\n<p><strong>b) depende de homologa\u00e7\u00e3o judicial para ser executado e somente tem efic\u00e1cia execut\u00f3ria quando presentes os requisitos de forma\u00e7\u00e3o exigidos pela lei brasileira e quando o Brasil for designado como o lugar de cumprimento da obriga\u00e7\u00e3o.<\/strong><\/p>\n\n\n\n<p><strong>c) pode, embora n\u00e3o possua efic\u00e1cia execut\u00f3ria, ser admitido como prova no processo de conhecimento.<\/strong><\/p>\n\n\n\n<p><strong>d) depende de homologa\u00e7\u00e3o judicial para ser executado e somente tem efic\u00e1cia execut\u00f3ria quando presentes os requisitos de forma\u00e7\u00e3o exigidos pela lei do lugar de sua celebra\u00e7\u00e3o, seja qual for o local designado para cumprimento da obriga\u00e7\u00e3o.<\/strong><\/p>\n\n\n\n<p><strong>e) independe de homologa\u00e7\u00e3o judicial para ser executado e somente tem efic\u00e1cia execut\u00f3ria quando presentes os requisitos de forma\u00e7\u00e3o exigidos pela lei do lugar de sua celebra\u00e7\u00e3o e quando o Brasil for designado como o lugar de cumprimento obriga\u00e7\u00e3o.<\/strong><\/p>\n\n\n\n<p><strong>Coment\u00e1rios<\/strong><\/p>\n\n\n\n<p>A alternativa correta \u00e9 a <strong>letra E.<\/strong> A quest\u00e3o aborda sobre o t\u00edtulo executivo extrajudicial, mais precisamente, de t\u00edtulo executivo estrangeiro, cobrando o conhecimento da literalidade da lei acerca do tema.<\/p>\n\n\n\n<p>A alternativa A est\u00e1 incorreta. Conforme prev\u00ea art. 784, \u00a73\u00ba, do CPC, o t\u00edtulo estrangeiro s\u00f3 ter\u00e1 efic\u00e1cia executiva quando satisfeitos os requisitos de forma\u00e7\u00e3o exigidos pela lei do lugar de sua celebra\u00e7\u00e3o e quando o Brasil for indicado como o lugar de cumprimento da obriga\u00e7\u00e3o.&nbsp;<\/p>\n\n\n\n<p>A alternativa B est\u00e1 incorreta. Os t\u00edtulos executivos extrajudiciais oriundos de pa\u00eds estrangeiro n\u00e3o dependem de homologa\u00e7\u00e3o para serem executados, conforme prev\u00ea o art. 784, \u00a72\u00ba, do CPC. Ainda, dever\u00e3o ser satisfeitos os requisitos de forma\u00e7\u00e3o exigidos pela lei do lugar de sua celebra\u00e7\u00e3o para ter efic\u00e1cia executiva, nos termos do art. 784, \u00a73\u00ba, do CPC.<\/p>\n\n\n\n<p>A alternativa C est\u00e1 incorreta. Ao contr\u00e1rio do que afirma a alternativa, o C\u00f3digo de Processo Civil prev\u00ea a efic\u00e1cia do t\u00edtulo executivo extrajudicial estrangeiro.&nbsp;<\/p>\n\n\n\n<p>A alternativa D est\u00e1 incorreta. Os t\u00edtulos executivos extrajudiciais oriundos de pa\u00eds estrangeiro independem de homologa\u00e7\u00e3o para serem executados, conforme prev\u00ea o art. 784, \u00a72\u00ba, do CPC. Ainda, dever\u00e1 estabelecer o Brasil como o local da execu\u00e7\u00e3o da obriga\u00e7\u00e3o do t\u00edtulo executivo (\u00a73\u00ba).&nbsp;<\/p>\n\n\n\n<p>A alternativa E est\u00e1 correta. Nos termos do art. 784, \u00a72\u00ba prev\u00ea que&nbsp; os t\u00edtulos executivos extrajudiciais oriundos de pa\u00eds estrangeiro n\u00e3o dependem de homologa\u00e7\u00e3o para serem executados. Contudo, \u00e9 necess\u00e1rio serem preenchidos os requisitos de forma\u00e7\u00e3o do t\u00edtulo pela lei do local de sua celebra\u00e7\u00e3o, bem como, que o Brasil seja designado como o local para o cumprimento da obriga\u00e7\u00e3o, nos termos do \u00a73\u00ba deste mesmo artigo.&nbsp;<\/p>\n\n\n\n<p><strong>QUEST\u00c3O 46. De acordo com atual jurisprud\u00eancia do STF, em caso deslocamento de Compet\u00eancia, a contagem do prazo decadencial para o ajuizamento de a\u00e7\u00f5es rescis\u00f3rias deve considerar o per\u00edodo compreendido entre a data do tr\u00e2nsito em julgado da decis\u00e3o rescindenda e a data<\/strong><\/p>\n\n\n\n<p><strong>a) da intima\u00e7\u00e3o pessoal do munic\u00edpio relativa \u00e0 decis\u00e3o que determinou emenda da peti\u00e7\u00e3o inicial.<\/strong><\/p>\n\n\n\n<p><strong>b) da publica\u00e7\u00e3o da decis\u00e3o que determinou a emenda da peti\u00e7\u00e3o inicial.<\/strong><\/p>\n\n\n\n<p><strong>c) do efetivo recebimento da a\u00e7\u00e3o rescis\u00f3ria no STF.<\/strong><\/p>\n\n\n\n<p><strong>d) do protocolo da peti\u00e7\u00e3o de emenda \u00e0 inicial apresentada pelo munic\u00edpio.<\/strong><\/p>\n\n\n\n<p><strong>e) do protocolo da a\u00e7\u00e3o perante o tribunal declarado incompetente.<\/strong><\/p>\n\n\n\n<p><strong>Coment\u00e1rios<\/strong><\/p>\n\n\n\n<p>A alternativa correta \u00e9 a <strong>letra E<\/strong>. Essa quest\u00e3o \u00e9 pass\u00edvel de recurso, por n\u00e3o estar redigida de maneira clara pelo examinador. Ao lermos as demais alternativas, conseguimos entender que o deslocamento da compet\u00eancia, ou seja, o reconhecimento de que o Tribunal o qual foi ajuizada a a\u00e7\u00e3o rescis\u00f3ria foi reputado incompetente, teria acontecido ap\u00f3s o ajuizamento da a\u00e7\u00e3o.<\/p>\n\n\n\n<p>De qualquer modo, \u00e0 luz do entendimento exarado na AR 2973 AgR, a alternativa E est\u00e1 correta. No mencionado julgado, o STF decidiu que &#8220;Nos casos de deslocamento de compet\u00eancia, a data a ser considerada para contagem do prazo decadencial para ajuizamento da a\u00e7\u00e3o rescis\u00f3ria \u00e9 a da data do protocolo da a\u00e7\u00e3o perante o Tribunal declarado incompetente&#8221;. Vejamos: \u201cEmenta: AGRAVO INTERNO NA A\u00c7\u00c3O RESCIS\u00d3RIA. DESLOCAMENTO DE COMPET\u00caNCIA. PRAZO DECADENCIAL. DATA DO AJUIZAMENTO DA A\u00c7\u00c3O. DETERMINA\u00c7\u00c3O DE EMENDA \u00c0 INICIAL. PRAZO EM DOBRO PARA A FAZENDA P\u00daBLICA. OBSERV\u00c2NCIA DO PRAZO PELA PARTE AUTORA. DECIS\u00c3O RESCINDENDA QUE APRECIA O M\u00c9RITO DA DEMANDA. CABIMENTO DA A\u00c7\u00c3O RESCIS\u00d3RIA. PRELIMINARES SUPERADAS. AGRAVO INTERNO PROVIDO. 1. Nos casos de deslocamento de compet\u00eancia, a data a ser considerada para contagem do prazo decadencial para ajuizamento da a\u00e7\u00e3o rescis\u00f3ria \u00e9 a da data do protocolo da a\u00e7\u00e3o perante o Tribunal declarado incompetente. No caso concreto, a A\u00e7\u00e3o foi protocolada perante o Tribunal de Justi\u00e7a do Estado do Cear\u00e1 em 27\/02\/2022, dentro, portanto, do prazo bienal, considerado que o tr\u00e2nsito da decis\u00e3o rescindenda se deu em 28\/02\/2020. 2. A Fazenda p\u00fablica goza de prazo em dobro para todas as suas manifesta\u00e7\u00f5es processuais, cuja contagem ter\u00e1 in\u00edcio a partir da intima\u00e7\u00e3o pessoal. 3. \u00c9 cab\u00edvel a A\u00e7\u00e3o Rescis\u00f3ria nas hip\u00f3teses em que, embora a decis\u00e3o rescindenda tenha negado seguimento ao apelo extremo, tenha ocorrido a aprecia\u00e7\u00e3o do m\u00e9rito da controv\u00e9rsia origin\u00e1ria. 4. Agravo Interno PROVIDO para, superadas as preliminares, determinar o prosseguimento da A\u00e7\u00e3o Rescis\u00f3ria. (AR 2973 AgR, Relator(a): LUIZ FUX, Relator(a) p\/ Ac\u00f3rd\u00e3o: ALEXANDRE DE MORAES, Tribunal Pleno, julgado em 26-02-2024, PROCESSO ELETR\u00d4NICO DJe-s\/n&nbsp; DIVULG 06-03-2024&nbsp; PUBLIC 07-03-2024)\u201d O STF entendeu que o&nbsp; prazo decadencial n\u00e3o continua a ser contado ap\u00f3s o protocolo da peti\u00e7\u00e3o inicial da a\u00e7\u00e3o rescis\u00f3ria, de modo que a data a ser considerada para fins de contagem do prazo decadencial \u00e9 a do ajuizamento da a\u00e7\u00e3o no tribunal, a despeito de, posteriormente, ser considerado incompetente.<\/p>\n\n\n\n<p>Nesse sentido, a assertiva E est\u00e1 correta, ao apontar que o per\u00edodo compreendido entre a data do tr\u00e2nsito em julgado da decis\u00e3o rescindenda e a data do protocolo da a\u00e7\u00e3o perante o tribunal declarado incompetente. Portanto, as demais alternativas est\u00e3o incorretas.&nbsp;<\/p>\n\n\n\n<p><strong>QUEST\u00c3O 47. Com base nas disposi\u00e7\u00f5es do CPC acerca dos procedimentos especiais e de jurisdi\u00e7\u00e3o volunt\u00e1ria, assinale a op\u00e7\u00e3o correta.<\/strong><\/p>\n\n\n\n<p><strong>a) Em todos os procedimentos especiais de jurisdi\u00e7\u00e3o volunt\u00e1ria em que o Minist\u00e9rio P\u00fablico n\u00e3o atue como parte, \u00e9 obrigat\u00f3ria a sua participa\u00e7\u00e3o como fiscal da ordem jur\u00eddica.<\/strong><\/p>\n\n\n\n<p><strong>b) No procedimento da heran\u00e7a jacente, antes de declarada a vac\u00e2ncia da heran\u00e7a, a lei admite que o juiz autorize a aliena\u00e7\u00e3o de bens com valer de afei\u00e7\u00e3o, tais como livros e obras de arte.<\/strong><\/p>\n\n\n\n<p><strong>c) No procedimento de invent\u00e1rio e partilha, independentemente da exist\u00eancia de garantia do pagamento de eventual d\u00edvida do esp\u00f3lio com a fazenda p\u00fablica, enquanto essa d\u00edvida n\u00e3o for quitada, o julgamento da partilha deve ser obrigatoriamente sobrestado.<\/strong><\/p>\n\n\n\n<p><strong>d) Na a\u00e7\u00e3o possess\u00f3ria em que se verifique exist\u00eancia de litiscons\u00f3rcio passivo e multitudin\u00e1rio de pessoas hipossuficientes, a participa\u00e7\u00e3o efetiva do Minist\u00e9rio P\u00fablico dispensa a intima\u00e7\u00e3o da Defensoria P\u00fablica.<\/strong><\/p>\n\n\n\n<p><strong>e) A fazenda p\u00fablica pode, com fundamento em prova escrita sem efic\u00e1cia de t\u00edtulo executivo, propor a\u00e7\u00e3o monit\u00f3ria que tenha por objeto a entrega de bem m\u00f3vel.<\/strong><\/p>\n\n\n\n<p><strong>Coment\u00e1rios<\/strong><\/p>\n\n\n\n<p>A alternativa correta \u00e9 a <strong>letra E.<\/strong> A quest\u00e3o aborda sobre procedimentos especiais de jurisdi\u00e7\u00e3o volunt\u00e1ria, exigindo do examinando o conhecimento da literalidade do C\u00f3digo de Processo Civil sobre a mat\u00e9ria.&nbsp;<\/p>\n\n\n\n<p>A alternativa A est\u00e1 incorreta. O Minist\u00e9rio P\u00fablico atuar\u00e1 obrigatoriamente como fiscal da ordem jur\u00eddica quando a lide envolver interesse p\u00fablico ou social relevante, interesse de incapaz ou em lit\u00edgios coletivos pela posse de terra rural, ou urbana, nos termos do art 700, I a III, do CPC. Nos demais procedimentos de jurisdi\u00e7\u00e3o volunt\u00e1ria em que n\u00e3o haja interesse de incapaz, a participa\u00e7\u00e3o do MP n\u00e3o \u00e9 obrigat\u00f3ria.<\/p>\n\n\n\n<p>A alternativa B est\u00e1 incorreta. A autoriza\u00e7\u00e3o da aliena\u00e7\u00e3o de bens ocorre ap\u00f3s a declara\u00e7\u00e3o da vac\u00e2ncia da heran\u00e7a dos bens com valor de afei\u00e7\u00e3o, como retratos, objetos de uso pessoal, livros e obras de arte. Portanto, s\u00f3 ser\u00e3o alienados depois de declarada a vac\u00e2ncia da heran\u00e7a, nos termos do art. 742, \u00a72\u00ba do CPC.<\/p>\n\n\n\n<p>A alternativa C est\u00e1 incorreta. O C\u00f3digo de Processo Civil n\u00e3o prev\u00ea expressamente que o procedimento de invent\u00e1rio e partilha n\u00e3o \u00e9 obrigatoriamente sobrestado pela exist\u00eancia de d\u00edvidas do esp\u00f3lio com a fazenda p\u00fablica.&nbsp;<\/p>\n\n\n\n<p>A alternativa D est\u00e1 incorreta. A Defensoria P\u00fablica tem dentre suas principais atua\u00e7\u00f5es a defesa dos interesses de pessoas hipossuficientes, conforme assim tamb\u00e9m prev\u00ea o art. 185 do CPC. Desse modo, a a\u00e7\u00e3o possess\u00f3ria em que se verifique exist\u00eancia de litiscons\u00f3rcio passivo e multitudin\u00e1rio de pessoas hipossuficientes n\u00e3o ter\u00e1 a atua\u00e7\u00e3o da Defensoria P\u00fablica dispensada por conta da participa\u00e7\u00e3o efetiva do Minist\u00e9rio P\u00fablico, o qual as atua\u00e7\u00f5es n\u00e3o se confundem.<\/p>\n\n\n\n<p>A alternativa E est\u00e1 correta. O C\u00f3digo de Processo Civil prev\u00ea expressamente no art. 700, II, do CPC o seguinte: \u201cA a\u00e7\u00e3o monit\u00f3ria pode ser proposta por aquele que afirmar, com base em prova escrita sem efic\u00e1cia de t\u00edtulo executivo, ter direito de exigir do devedor capaz: II &#8211; a entrega de coisa fung\u00edvel ou infung\u00edvel ou de bem m\u00f3vel ou im\u00f3vel;\u201d.&nbsp;<\/p>\n\n\n\n<p><strong>QUEST\u00c3O 48. Assinale a op\u00e7\u00e3o em que s\u00e3o corretamente apresentadas, conforme regra expressamente prevista no CPC, hip\u00f3teses supervenientes \u00e0 propositura da demanda que imp\u00f5em a redistribui\u00e7\u00e3o da causa, fazendo cessar a perpetua\u00e7\u00e3o da jurisdi\u00e7\u00e3o.<\/strong><\/p>\n\n\n\n<p><strong>a) altera\u00e7\u00e3o da compet\u00eancia absoluta e impedimento do juiz.<\/strong><\/p>\n\n\n\n<p><strong>b) impedimento do juiz e altera\u00e7\u00e3o do domic\u00edlio do r\u00e9u.<\/strong><\/p>\n\n\n\n<p><strong>c) altera\u00e7\u00e3o da compet\u00eancia relativa e altera\u00e7\u00e3o do domic\u00edlio do r\u00e9u<\/strong><\/p>\n\n\n\n<p><strong>d) altera\u00e7\u00e3o da compet\u00eancia relativa e supress\u00e3o de \u00f3rg\u00e3o judici\u00e1rio.<\/strong><\/p>\n\n\n\n<p><strong>e) supress\u00e3o de \u00f3rg\u00e3o judici\u00e1rio e altera\u00e7\u00e3o da compet\u00eancia absoluta.<\/strong><\/p>\n\n\n\n<p><strong>Coment\u00e1rios<\/strong><\/p>\n\n\n\n<p>A alternativa correta \u00e9 a <strong>letra E<\/strong>. A quest\u00e3o aborda sobre a perpetua\u00e7\u00e3o da jurisdi\u00e7\u00e3o, exigindo do examinando o conhecimento acerca da previs\u00e3o expressa do C\u00f3digo de Processo Civil nesse sentido.&nbsp;<\/p>\n\n\n\n<p>A alternativa E est\u00e1 correta. Nos termos do art. 43 do CPC, determina-se a compet\u00eancia no momento do registro ou da distribui\u00e7\u00e3o da peti\u00e7\u00e3o inicial, sendo irrelevantes as modifica\u00e7\u00f5es do estado de fato ou de direito ocorridas posteriormente, SALVO quando suprimirem \u00f3rg\u00e3o judici\u00e1rio ou alterarem a compet\u00eancia absoluta. Vejamos: \u201cDetermina-se a compet\u00eancia no momento do registro ou da distribui\u00e7\u00e3o da peti\u00e7\u00e3o inicial, sendo irrelevantes as modifica\u00e7\u00f5es do estado de fato ou de direito ocorridas posteriormente, salvo quando suprimirem \u00f3rg\u00e3o judici\u00e1rio ou alterarem a compet\u00eancia absoluta.\u201d Ou seja, havendo hip\u00f3tese de&nbsp;supress\u00e3o de \u00f3rg\u00e3o judici\u00e1rio e altera\u00e7\u00e3o da compet\u00eancia absoluta, haver\u00e1 a modifica\u00e7\u00e3o compet\u00eancia. Caso o contr\u00e1rio, seguir\u00e1 a compet\u00eancia que lhe foi destinada no momento do registro ou da distribui\u00e7\u00e3o da peti\u00e7\u00e3o inicial.<\/p>\n\n\n\n<p>As demais alternativas est\u00e3o incorretas, conforme coment\u00e1rio da alternativa E.<\/p>\n\n\n\n<p><strong>QUEST\u00c3O 49. Consoante recente entendimento jurisprudencial do STJ, o pronunciamento judicial que, em primeiro grau,&nbsp;reconhece a inexigibilidade parcial da execu\u00e7\u00e3o fiscal \u00e9<\/strong><\/p>\n\n\n\n<p><strong>a) recorr\u00edvel mediante a interposi\u00e7\u00e3o de agravo de instrumento, sendo admitida a aplica\u00e7\u00e3o do princ\u00edpio da fungibilidade recursal no caso de interposi\u00e7\u00e3o de apela\u00e7\u00e3o.<\/strong><\/p>\n\n\n\n<p><strong>b) recorr\u00edvel mediante a interposi\u00e7\u00e3o de apela\u00e7\u00e3o, sendo admitida a aplica\u00e7\u00e3o do princ\u00edpio da fungibilidade recursal no caso de interposi\u00e7\u00e3o de agravo de instrumento.<\/strong><\/p>\n\n\n\n<p><strong>c) irrecorr\u00edvel, salvo em caso de interposi\u00e7\u00e3o de embargos de declara\u00e7\u00e3o.<\/strong><\/p>\n\n\n\n<p><strong>d) recorr\u00edvel mediante a interposi\u00e7\u00e3o de apela\u00e7\u00e3o, sendo inaplic\u00e1vel o princ\u00edpio da fungibilidade recursal no caso de interposi\u00e7\u00e3o de agravo de instrumento.<\/strong><\/p>\n\n\n\n<p><strong>e) recorr\u00edvel mediante a interposi\u00e7\u00e3o de agravo de instrumento, sendo inaplic\u00e1vel o princ\u00edpio da fungibilidade recursal no caso de interposi\u00e7\u00e3o de apela\u00e7\u00e3o.<\/strong><\/p>\n\n\n\n<p><strong>Coment\u00e1rios<\/strong><\/p>\n\n\n\n<p>A alternativa correta \u00e9 a <strong>letra E<\/strong>. Para a resolu\u00e7\u00e3o dessa quest\u00e3o exigiu o conhecimento da jurisprud\u00eancia recente do STJ.<\/p>\n\n\n\n<p>A alternativa E est\u00e1 correta. O pronunciamento judicial que, em primeiro grau,&nbsp; reconhece a inexigibilidade parcial da execu\u00e7\u00e3o fiscal \u00e9 decis\u00e3o interlocut\u00f3ria, portanto, h\u00e1 a interposi\u00e7\u00e3o do recurso de agravo de instrumento. Conforme o entendimento do Supremo Tribunal de Justi\u00e7a sobre o tema \u00e9 de que a interposi\u00e7\u00e3o de apela\u00e7\u00e3o constituiria erro grosseiro, o que impediria, consequentemente, a aplica\u00e7\u00e3o do princ\u00edpio da fungibilidade recursal.&nbsp; A decis\u00e3o que declara a inexigibilidade parcial da execu\u00e7\u00e3o \u00e9 recorr\u00edvel mediante agravo de instrumento, configurando erro grosseiro a interposi\u00e7\u00e3o de apela\u00e7\u00e3o, o que inviabiliza a aplica\u00e7\u00e3o do princ\u00edpio da fungibilidade recursal. STJ. 2\u00aa Turma. REsp 1947309-BA, Rel. Min. Francisco Falc\u00e3o, julgado em 7\/2\/2023 (Info 763).<\/p>\n\n\n\n<p>Portanto, as demais alternativas est\u00e3o incorretas.&nbsp;<\/p>\n\n\n\n<p><strong>QUEST\u00c3O 50. A respeito de a\u00e7\u00e3o civil p\u00fablica, mandado de seguran\u00e7a e execu\u00e7\u00e3o contra a fazenda p\u00fablica, julgue os itens seguintes.<\/strong><\/p>\n\n\n\n<p><strong>I. De acordo com a jurisprud\u00eancia do STJ, na a\u00e7\u00e3o civil p\u00fablica ajuizada por associa\u00e7\u00e3o na qualidade de substituta processual de consumidores, a legitimidade para a liquida\u00e7\u00e3o e execu\u00e7\u00e3o da senten\u00e7a \u00e9 restrita aos indiv\u00edduos que, comprovadamente, eram filiados \u00e0 associa\u00e7\u00e3o no momento da propositura da a\u00e7\u00e3o.<\/strong><\/p>\n\n\n\n<p><strong>II. Em decorr\u00eancia do princ\u00edpio da unirrecorribilidade recursal, a Lei do Mandado de Seguran\u00e7a veda a interposi\u00e7\u00e3o concomitante de agravo de instrumento e de pedido de suspens\u00e3o, pela pessoa jur\u00eddica de direito p\u00fablico interessada, contra decis\u00e3o interlocut\u00f3ria que, em primeiro grau, defira liminarmente a seguran\u00e7a pleiteada.<\/strong><\/p>\n\n\n\n<p><strong>III. Na execu\u00e7\u00e3o contra a fazenda p\u00fablica, o STF entende ser legitima a incid\u00eancia dos juros de mora no per\u00edodo compreendido entre a data da realiza\u00e7\u00e3o dos c\u00e1lculos e a da requisi\u00e7\u00e3o de pequeno valor (RPV) ou do precat\u00f3rio.<\/strong><\/p>\n\n\n\n<p><strong>Assinale a op\u00e7\u00e3o correta.<\/strong><\/p>\n\n\n\n<p><strong>a) Apenas o item II est\u00e1 certo.<\/strong><\/p>\n\n\n\n<p><strong>b) Apenas o item III est\u00e1 certo.<\/strong><\/p>\n\n\n\n<p><strong>c) Apenas os itens I e II est\u00e3o certos.<\/strong><\/p>\n\n\n\n<p><strong>d) Apenas os itens I e III est\u00e3o certos.<\/strong><\/p>\n\n\n\n<p><strong>e) Todos os itens est\u00e3o certos.<\/strong><\/p>\n\n\n\n<p><strong>Coment\u00e1rios<\/strong><\/p>\n\n\n\n<p>A alternativa correta \u00e9 a <strong>letra B.<\/strong> Passamos a analisar item a item.<\/p>\n\n\n\n<p>O item I est\u00e1 incorreto. Conforme o entendimento do STJ ao julgar o Tema 948, \u200bnas a\u00e7\u00f5es civis p\u00fablicas propostas por associa\u00e7\u00e3o que atua como substituta processual de consumidores, t\u00eam legitimidade para liquida\u00e7\u00e3o e execu\u00e7\u00e3o da senten\u00e7a todos os beneficiados pela proced\u00eancia do pedido, independentemente de serem filiados \u00e0 entidade autora.<\/p>\n\n\n\n<p>O item II est\u00e1 incorreto. Nos termos do art. 7\u00ba, \u00a71\u00ba, da Lei 12.016\/09,&nbsp; da decis\u00e3o do juiz de primeiro grau que conceder ou denegar a liminar caber\u00e1 agravo de instrumento, observado o disposto na Lei no 5.869, de 11 de janeiro de 1973 &#8211; C\u00f3digo de Processo Civil.&nbsp; Portanto, a lei do Mandado de Seguran\u00e7a prev\u00ea o contr\u00e1rio de que afirma a assertiva. \u00c9 plenamente poss\u00edvel a interposi\u00e7\u00e3o do agravo de instrumento e do manejo do pedido de suspens\u00e3o de seguran\u00e7a, justamente por conta do pedido de suspens\u00e3o de seguran\u00e7a n\u00e3o \u00e9 um recurso. Ou seja, plenamente poss\u00edvel a interposi\u00e7\u00e3o tanto do agravo de instrumento quanto do manejo do pedido de suspens\u00e3o de seguran\u00e7a pelo ente p\u00fablico.&nbsp;<\/p>\n\n\n\n<p>O item III est\u00e1 correto. Nos termos do Tema 96 do STF &#8211; \u201cIncidem os juros da mora no per\u00edodo compreendido entre a data da realiza\u00e7\u00e3o dos c\u00e1lculos e a da requisi\u00e7\u00e3o ou do precat\u00f3rio.\u201d<\/p>\n\n\n\n<p>A alternativa B est\u00e1 correta. Apenas o item III est\u00e1 correto, Nos termos do Tema 96 do STF &#8211; \u201cIncidem os juros da mora no per\u00edodo compreendido entre a data da realiza\u00e7\u00e3o dos c\u00e1lculos e a da requisi\u00e7\u00e3o ou do precat\u00f3rio.\u201d As demais alternativas est\u00e3o incorretas, conforme os coment\u00e1rios acima expostos.<\/p>\n\n\n\n<h2 class=\"wp-block-heading has-text-align-center\" id=\"cursos\"><span id=\"quer-saber-tudo-sobre-concursos-previstosconfira-nossos-artigos\">Quer saber tudo sobre concursos previstos?<br><strong>Confira nossos artigos!<\/strong><\/span><\/h2>\n\n\n\n\n\n<h2 class=\"wp-block-heading has-text-align-center\" id=\"CURSO\"><span id=\"quer-se-preparar-para-o-concurso-pgm-cuiaba\">Quer se preparar para o concurso PGM Cuiab\u00e1?<\/span><\/h2>\n\n\n\n\n\n<div class=\"wp-block-cover\" style=\"min-height:155px;aspect-ratio:unset;\"><img decoding=\"async\" width=\"1890\" height=\"351\" class=\"wp-block-cover__image-background wp-image-8669\" alt=\"Assinaturas Jur\u00eddicas\" src=\"https:\/\/cj.estrategia.com\/portal\/wp-content\/uploads\/2022\/06\/20151253\/concurso-carreiras-juridicas-assinatura-juridica.jpg\" style=\"object-position:78% 43%\" data-object-fit=\"cover\" data-object-position=\"78% 43%\" srcset=\"https:\/\/cj.estrategia.com\/portal\/wp-content\/uploads\/2022\/06\/20151253\/concurso-carreiras-juridicas-assinatura-juridica.jpg 1890w, https:\/\/cj.estrategia.com\/portal\/wp-content\/uploads\/2022\/06\/20151253\/concurso-carreiras-juridicas-assinatura-juridica-300x56.jpg 300w, https:\/\/cj.estrategia.com\/portal\/wp-content\/uploads\/2022\/06\/20151253\/concurso-carreiras-juridicas-assinatura-juridica-1024x190.jpg 1024w, https:\/\/cj.estrategia.com\/portal\/wp-content\/uploads\/2022\/06\/20151253\/concurso-carreiras-juridicas-assinatura-juridica-768x143.jpg 768w, https:\/\/cj.estrategia.com\/portal\/wp-content\/uploads\/2022\/06\/20151253\/concurso-carreiras-juridicas-assinatura-juridica-1536x285.jpg 1536w, https:\/\/cj.estrategia.com\/portal\/wp-content\/uploads\/2022\/06\/20151253\/concurso-carreiras-juridicas-assinatura-juridica-380x71.jpg 380w, https:\/\/cj.estrategia.com\/portal\/wp-content\/uploads\/2022\/06\/20151253\/concurso-carreiras-juridicas-assinatura-juridica-800x149.jpg 800w, https:\/\/cj.estrategia.com\/portal\/wp-content\/uploads\/2022\/06\/20151253\/concurso-carreiras-juridicas-assinatura-juridica-1160x215.jpg 1160w\" sizes=\"(max-width: 1890px) 100vw, 1890px\" \/><span aria-hidden=\"true\" class=\"wp-block-cover__background has-background-dim\"><\/span><div class=\"wp-block-cover__inner-container is-layout-flow wp-block-cover-is-layout-flow\">\n<h3 id=\"faca-a-sua-assinatura\" class=\"titulo-assinatura\"><span style=\"color: #ffffff;\">Fa\u00e7a a sua assinatura!<\/span><\/h3>\n<p class=\"subtitulo-assinatura\" style=\"display:block!important; line-height: 0;\"><span style=\"color: #ffffff;\">Escolha a sua \u00e1rea.<\/span><\/p>\n<a target=\"_blank\" href=\"https:\/\/www.estrategiaconcursos.com.br\/assinaturas-ecj\/\" rel=\"noopener\"><button style=\"border-radius: 10px; text-transform: capitalize;\">Acessar<\/button><\/a>\n<\/div><\/div>\n","protected":false},"excerpt":{"rendered":"Ol\u00e1, pessoal, tudo certo?! Em 14\/07\/2024, foi aplicada a prova objetiva do concurso p\u00fablico para a Procuradoria Geral&hellip;\n","protected":false},"author":12,"featured_media":20782,"comment_status":"open","ping_status":"open","sticky":false,"template":"","format":"standard","meta":{"_jetpack_memberships_contains_paid_content":false,"footnotes":""},"categories":[1,24],"tags":[],"tax_estado":[43],"class_list":{"0":"post-69075","1":"post","2":"type-post","3":"status-publish","4":"format-standard","5":"has-post-thumbnail","7":"category-carreiras-juridicas","8":"category-procuradoria","9":"tax_estado-mt"},"acf":[],"yoast_head":"<!-- This site is optimized with the Yoast SEO Premium plugin v27.4 (Yoast SEO v27.4) - https:\/\/yoast.com\/product\/yoast-seo-premium-wordpress\/ -->\n<title>Prova comentada Direito Processual Civil PGM Cuiab\u00e1 (Procurador)<\/title>\n<meta name=\"description\" content=\"Prova Comentada Direito Processual Civil PGM Cuiab\u00e1 (Procurador): Confira AQUI os coment\u00e1rios dos nossos professores e tire as suas d\u00favidas!\" \/>\n<meta name=\"robots\" content=\"index, follow, max-snippet:-1, max-image-preview:large, max-video-preview:-1\" \/>\n<link rel=\"canonical\" href=\"https:\/\/cj.estrategia.com\/portal\/prova-comentada-direito-processual-civil-pgm-cuiaba-procurador\/\" \/>\n<meta property=\"og:locale\" content=\"pt_BR\" \/>\n<meta property=\"og:type\" content=\"article\" \/>\n<meta property=\"og:title\" content=\"Prova comentada Direito Processual Civil PGM Cuiab\u00e1 (Procurador)\" \/>\n<meta property=\"og:description\" content=\"Prova Comentada Direito Processual Civil PGM Cuiab\u00e1 (Procurador): Confira AQUI os coment\u00e1rios dos nossos professores e tire as suas d\u00favidas!\" \/>\n<meta property=\"og:url\" content=\"https:\/\/cj.estrategia.com\/portal\/prova-comentada-direito-processual-civil-pgm-cuiaba-procurador\/\" \/>\n<meta property=\"og:site_name\" content=\"Blog - Carreiras Jur\u00eddicas - Estrat\u00e9gia\" \/>\n<meta property=\"article:publisher\" content=\"https:\/\/www.facebook.com\/estrategiacarreirajuridica\/\" \/>\n<meta property=\"article:published_time\" content=\"2024-07-15T19:56:00+00:00\" \/>\n<meta property=\"article:modified_time\" content=\"2024-07-15T19:56:04+00:00\" \/>\n<meta property=\"og:image\" content=\"https:\/\/cj.estrategia.com\/portal\/wp-content\/uploads\/2022\/09\/04102635\/Concursos-Procuradorias.jpg\" \/>\n\t<meta property=\"og:image:width\" content=\"768\" \/>\n\t<meta property=\"og:image:height\" content=\"432\" \/>\n\t<meta property=\"og:image:type\" content=\"image\/jpeg\" \/>\n<meta name=\"author\" content=\"Coordena\u00e7\u00e3o\" \/>\n<meta name=\"twitter:card\" content=\"summary_large_image\" \/>\n<meta name=\"twitter:creator\" content=\"@EstratJuridica\" \/>\n<meta name=\"twitter:site\" content=\"@EstratJuridica\" \/>\n<meta name=\"twitter:label1\" content=\"Escrito por\" \/>\n\t<meta name=\"twitter:data1\" content=\"Coordena\u00e7\u00e3o\" \/>\n\t<meta name=\"twitter:label2\" content=\"Est. tempo de leitura\" \/>\n\t<meta name=\"twitter:data2\" content=\"24 minutos\" \/>\n<script type=\"application\/ld+json\" class=\"yoast-schema-graph\">{\"@context\":\"https:\\\/\\\/schema.org\",\"@graph\":[{\"@type\":\"NewsArticle\",\"@id\":\"https:\\\/\\\/cj.estrategia.com\\\/portal\\\/prova-comentada-direito-processual-civil-pgm-cuiaba-procurador\\\/#article\",\"isPartOf\":{\"@id\":\"https:\\\/\\\/cj.estrategia.com\\\/portal\\\/prova-comentada-direito-processual-civil-pgm-cuiaba-procurador\\\/\"},\"author\":{\"name\":\"Coordena\u00e7\u00e3o\",\"@id\":\"https:\\\/\\\/cj.estrategia.com\\\/portal\\\/#\\\/schema\\\/person\\\/4d70317d31449932b99102916b6637f5\"},\"headline\":\"Prova comentada Direito Processual Civil PGM Cuiab\u00e1 (Procurador)\",\"datePublished\":\"2024-07-15T19:56:00+00:00\",\"dateModified\":\"2024-07-15T19:56:04+00:00\",\"mainEntityOfPage\":{\"@id\":\"https:\\\/\\\/cj.estrategia.com\\\/portal\\\/prova-comentada-direito-processual-civil-pgm-cuiaba-procurador\\\/\"},\"wordCount\":4665,\"commentCount\":0,\"publisher\":{\"@id\":\"https:\\\/\\\/cj.estrategia.com\\\/portal\\\/#organization\"},\"image\":{\"@id\":\"https:\\\/\\\/cj.estrategia.com\\\/portal\\\/prova-comentada-direito-processual-civil-pgm-cuiaba-procurador\\\/#primaryimage\"},\"thumbnailUrl\":\"https:\\\/\\\/cj.estrategia.com\\\/portal\\\/wp-content\\\/uploads\\\/2022\\\/09\\\/04102635\\\/Concursos-Procuradorias.jpg\",\"articleSection\":[\"Carreiras Jur\u00eddicas\",\"Procuradoria\"],\"inLanguage\":\"pt-BR\",\"potentialAction\":[{\"@type\":\"CommentAction\",\"name\":\"Comment\",\"target\":[\"https:\\\/\\\/cj.estrategia.com\\\/portal\\\/prova-comentada-direito-processual-civil-pgm-cuiaba-procurador\\\/#respond\"]}]},{\"@type\":\"WebPage\",\"@id\":\"https:\\\/\\\/cj.estrategia.com\\\/portal\\\/prova-comentada-direito-processual-civil-pgm-cuiaba-procurador\\\/\",\"url\":\"https:\\\/\\\/cj.estrategia.com\\\/portal\\\/prova-comentada-direito-processual-civil-pgm-cuiaba-procurador\\\/\",\"name\":\"Prova comentada Direito Processual Civil PGM Cuiab\u00e1 (Procurador)\",\"isPartOf\":{\"@id\":\"https:\\\/\\\/cj.estrategia.com\\\/portal\\\/#website\"},\"primaryImageOfPage\":{\"@id\":\"https:\\\/\\\/cj.estrategia.com\\\/portal\\\/prova-comentada-direito-processual-civil-pgm-cuiaba-procurador\\\/#primaryimage\"},\"image\":{\"@id\":\"https:\\\/\\\/cj.estrategia.com\\\/portal\\\/prova-comentada-direito-processual-civil-pgm-cuiaba-procurador\\\/#primaryimage\"},\"thumbnailUrl\":\"https:\\\/\\\/cj.estrategia.com\\\/portal\\\/wp-content\\\/uploads\\\/2022\\\/09\\\/04102635\\\/Concursos-Procuradorias.jpg\",\"datePublished\":\"2024-07-15T19:56:00+00:00\",\"dateModified\":\"2024-07-15T19:56:04+00:00\",\"description\":\"Prova Comentada Direito Processual Civil PGM Cuiab\u00e1 (Procurador): Confira AQUI os coment\u00e1rios dos nossos professores e tire as suas d\u00favidas!\",\"breadcrumb\":{\"@id\":\"https:\\\/\\\/cj.estrategia.com\\\/portal\\\/prova-comentada-direito-processual-civil-pgm-cuiaba-procurador\\\/#breadcrumb\"},\"inLanguage\":\"pt-BR\",\"potentialAction\":[{\"@type\":\"ReadAction\",\"target\":[\"https:\\\/\\\/cj.estrategia.com\\\/portal\\\/prova-comentada-direito-processual-civil-pgm-cuiaba-procurador\\\/\"]}]},{\"@type\":\"ImageObject\",\"inLanguage\":\"pt-BR\",\"@id\":\"https:\\\/\\\/cj.estrategia.com\\\/portal\\\/prova-comentada-direito-processual-civil-pgm-cuiaba-procurador\\\/#primaryimage\",\"url\":\"https:\\\/\\\/cj.estrategia.com\\\/portal\\\/wp-content\\\/uploads\\\/2022\\\/09\\\/04102635\\\/Concursos-Procuradorias.jpg\",\"contentUrl\":\"https:\\\/\\\/cj.estrategia.com\\\/portal\\\/wp-content\\\/uploads\\\/2022\\\/09\\\/04102635\\\/Concursos-Procuradorias.jpg\",\"width\":768,\"height\":432,\"caption\":\"Concurso de procuradorias\"},{\"@type\":\"BreadcrumbList\",\"@id\":\"https:\\\/\\\/cj.estrategia.com\\\/portal\\\/prova-comentada-direito-processual-civil-pgm-cuiaba-procurador\\\/#breadcrumb\",\"itemListElement\":[{\"@type\":\"ListItem\",\"position\":1,\"name\":\"In\u00edcio\",\"item\":\"https:\\\/\\\/cj.estrategia.com\\\/portal\\\/\"},{\"@type\":\"ListItem\",\"position\":2,\"name\":\"Prova comentada Direito Processual Civil PGM Cuiab\u00e1 (Procurador)\"}]},{\"@type\":\"WebSite\",\"@id\":\"https:\\\/\\\/cj.estrategia.com\\\/portal\\\/#website\",\"url\":\"https:\\\/\\\/cj.estrategia.com\\\/portal\\\/\",\"name\":\"Blog - Carreiras Jur\u00eddicas - Estrat\u00e9gia\",\"description\":\"\",\"publisher\":{\"@id\":\"https:\\\/\\\/cj.estrategia.com\\\/portal\\\/#organization\"},\"potentialAction\":[{\"@type\":\"SearchAction\",\"target\":{\"@type\":\"EntryPoint\",\"urlTemplate\":\"https:\\\/\\\/cj.estrategia.com\\\/portal\\\/?s={search_term_string}\"},\"query-input\":{\"@type\":\"PropertyValueSpecification\",\"valueRequired\":true,\"valueName\":\"search_term_string\"}}],\"inLanguage\":\"pt-BR\"},{\"@type\":\"Organization\",\"@id\":\"https:\\\/\\\/cj.estrategia.com\\\/portal\\\/#organization\",\"name\":\"Estrat\u00e9gia - Carreiras Jur\u00eddicas\",\"url\":\"https:\\\/\\\/cj.estrategia.com\\\/portal\\\/\",\"logo\":{\"@type\":\"ImageObject\",\"inLanguage\":\"pt-BR\",\"@id\":\"https:\\\/\\\/cj.estrategia.com\\\/portal\\\/#\\\/schema\\\/logo\\\/image\\\/\",\"url\":\"https:\\\/\\\/cj.estrategia.com\\\/portal\\\/wp-content\\\/uploads\\\/2022\\\/03\\\/11151052\\\/cj-logo.png\",\"contentUrl\":\"https:\\\/\\\/cj.estrategia.com\\\/portal\\\/wp-content\\\/uploads\\\/2022\\\/03\\\/11151052\\\/cj-logo.png\",\"width\":150,\"height\":39,\"caption\":\"Estrat\u00e9gia - Carreiras Jur\u00eddicas\"},\"image\":{\"@id\":\"https:\\\/\\\/cj.estrategia.com\\\/portal\\\/#\\\/schema\\\/logo\\\/image\\\/\"},\"sameAs\":[\"https:\\\/\\\/www.facebook.com\\\/estrategiacarreirajuridica\\\/\",\"https:\\\/\\\/x.com\\\/EstratJuridica\",\"https:\\\/\\\/www.instagram.com\\\/estrategiacarreirajuridica\\\/\",\"https:\\\/\\\/www.youtube.com\\\/channel\\\/UClbMGuYbj2Mh1m3w144ETWQ\"]},{\"@type\":\"Person\",\"@id\":\"https:\\\/\\\/cj.estrategia.com\\\/portal\\\/#\\\/schema\\\/person\\\/4d70317d31449932b99102916b6637f5\",\"name\":\"Coordena\u00e7\u00e3o\",\"image\":{\"@type\":\"ImageObject\",\"inLanguage\":\"pt-BR\",\"@id\":\"https:\\\/\\\/cj.estrategia.com\\\/portal\\\/wp-content\\\/uploads\\\/2022\\\/05\\\/12164923\\\/estrategia-carreira-juridica-coordenacao-96x96.png\",\"url\":\"https:\\\/\\\/cj.estrategia.com\\\/portal\\\/wp-content\\\/uploads\\\/2022\\\/05\\\/12164923\\\/estrategia-carreira-juridica-coordenacao-96x96.png\",\"contentUrl\":\"https:\\\/\\\/cj.estrategia.com\\\/portal\\\/wp-content\\\/uploads\\\/2022\\\/05\\\/12164923\\\/estrategia-carreira-juridica-coordenacao-96x96.png\",\"caption\":\"Coordena\u00e7\u00e3o\"},\"url\":\"https:\\\/\\\/cj.estrategia.com\\\/portal\\\/author\\\/coordenacao\\\/\"}]}<\/script>\n<!-- \/ Yoast SEO Premium plugin. -->","yoast_head_json":{"title":"Prova comentada Direito Processual Civil PGM Cuiab\u00e1 (Procurador)","description":"Prova Comentada Direito Processual Civil PGM Cuiab\u00e1 (Procurador): Confira AQUI os coment\u00e1rios dos nossos professores e tire as suas d\u00favidas!","robots":{"index":"index","follow":"follow","max-snippet":"max-snippet:-1","max-image-preview":"max-image-preview:large","max-video-preview":"max-video-preview:-1"},"canonical":"https:\/\/cj.estrategia.com\/portal\/prova-comentada-direito-processual-civil-pgm-cuiaba-procurador\/","og_locale":"pt_BR","og_type":"article","og_title":"Prova comentada Direito Processual Civil PGM Cuiab\u00e1 (Procurador)","og_description":"Prova Comentada Direito Processual Civil PGM Cuiab\u00e1 (Procurador): Confira AQUI os coment\u00e1rios dos nossos professores e tire as suas d\u00favidas!","og_url":"https:\/\/cj.estrategia.com\/portal\/prova-comentada-direito-processual-civil-pgm-cuiaba-procurador\/","og_site_name":"Blog - Carreiras Jur\u00eddicas - Estrat\u00e9gia","article_publisher":"https:\/\/www.facebook.com\/estrategiacarreirajuridica\/","article_published_time":"2024-07-15T19:56:00+00:00","article_modified_time":"2024-07-15T19:56:04+00:00","og_image":[{"width":768,"height":432,"url":"https:\/\/cj.estrategia.com\/portal\/wp-content\/uploads\/2022\/09\/04102635\/Concursos-Procuradorias.jpg","type":"image\/jpeg"}],"author":"Coordena\u00e7\u00e3o","twitter_card":"summary_large_image","twitter_creator":"@EstratJuridica","twitter_site":"@EstratJuridica","twitter_misc":{"Escrito por":"Coordena\u00e7\u00e3o","Est. tempo de leitura":"24 minutos"},"schema":{"@context":"https:\/\/schema.org","@graph":[{"@type":"NewsArticle","@id":"https:\/\/cj.estrategia.com\/portal\/prova-comentada-direito-processual-civil-pgm-cuiaba-procurador\/#article","isPartOf":{"@id":"https:\/\/cj.estrategia.com\/portal\/prova-comentada-direito-processual-civil-pgm-cuiaba-procurador\/"},"author":{"name":"Coordena\u00e7\u00e3o","@id":"https:\/\/cj.estrategia.com\/portal\/#\/schema\/person\/4d70317d31449932b99102916b6637f5"},"headline":"Prova comentada Direito Processual Civil PGM Cuiab\u00e1 (Procurador)","datePublished":"2024-07-15T19:56:00+00:00","dateModified":"2024-07-15T19:56:04+00:00","mainEntityOfPage":{"@id":"https:\/\/cj.estrategia.com\/portal\/prova-comentada-direito-processual-civil-pgm-cuiaba-procurador\/"},"wordCount":4665,"commentCount":0,"publisher":{"@id":"https:\/\/cj.estrategia.com\/portal\/#organization"},"image":{"@id":"https:\/\/cj.estrategia.com\/portal\/prova-comentada-direito-processual-civil-pgm-cuiaba-procurador\/#primaryimage"},"thumbnailUrl":"https:\/\/cj.estrategia.com\/portal\/wp-content\/uploads\/2022\/09\/04102635\/Concursos-Procuradorias.jpg","articleSection":["Carreiras Jur\u00eddicas","Procuradoria"],"inLanguage":"pt-BR","potentialAction":[{"@type":"CommentAction","name":"Comment","target":["https:\/\/cj.estrategia.com\/portal\/prova-comentada-direito-processual-civil-pgm-cuiaba-procurador\/#respond"]}]},{"@type":"WebPage","@id":"https:\/\/cj.estrategia.com\/portal\/prova-comentada-direito-processual-civil-pgm-cuiaba-procurador\/","url":"https:\/\/cj.estrategia.com\/portal\/prova-comentada-direito-processual-civil-pgm-cuiaba-procurador\/","name":"Prova comentada Direito Processual Civil PGM Cuiab\u00e1 (Procurador)","isPartOf":{"@id":"https:\/\/cj.estrategia.com\/portal\/#website"},"primaryImageOfPage":{"@id":"https:\/\/cj.estrategia.com\/portal\/prova-comentada-direito-processual-civil-pgm-cuiaba-procurador\/#primaryimage"},"image":{"@id":"https:\/\/cj.estrategia.com\/portal\/prova-comentada-direito-processual-civil-pgm-cuiaba-procurador\/#primaryimage"},"thumbnailUrl":"https:\/\/cj.estrategia.com\/portal\/wp-content\/uploads\/2022\/09\/04102635\/Concursos-Procuradorias.jpg","datePublished":"2024-07-15T19:56:00+00:00","dateModified":"2024-07-15T19:56:04+00:00","description":"Prova Comentada Direito Processual Civil PGM Cuiab\u00e1 (Procurador): Confira AQUI os coment\u00e1rios dos nossos professores e tire as suas d\u00favidas!","breadcrumb":{"@id":"https:\/\/cj.estrategia.com\/portal\/prova-comentada-direito-processual-civil-pgm-cuiaba-procurador\/#breadcrumb"},"inLanguage":"pt-BR","potentialAction":[{"@type":"ReadAction","target":["https:\/\/cj.estrategia.com\/portal\/prova-comentada-direito-processual-civil-pgm-cuiaba-procurador\/"]}]},{"@type":"ImageObject","inLanguage":"pt-BR","@id":"https:\/\/cj.estrategia.com\/portal\/prova-comentada-direito-processual-civil-pgm-cuiaba-procurador\/#primaryimage","url":"https:\/\/cj.estrategia.com\/portal\/wp-content\/uploads\/2022\/09\/04102635\/Concursos-Procuradorias.jpg","contentUrl":"https:\/\/cj.estrategia.com\/portal\/wp-content\/uploads\/2022\/09\/04102635\/Concursos-Procuradorias.jpg","width":768,"height":432,"caption":"Concurso de procuradorias"},{"@type":"BreadcrumbList","@id":"https:\/\/cj.estrategia.com\/portal\/prova-comentada-direito-processual-civil-pgm-cuiaba-procurador\/#breadcrumb","itemListElement":[{"@type":"ListItem","position":1,"name":"In\u00edcio","item":"https:\/\/cj.estrategia.com\/portal\/"},{"@type":"ListItem","position":2,"name":"Prova comentada Direito Processual Civil PGM Cuiab\u00e1 (Procurador)"}]},{"@type":"WebSite","@id":"https:\/\/cj.estrategia.com\/portal\/#website","url":"https:\/\/cj.estrategia.com\/portal\/","name":"Blog - Carreiras Jur\u00eddicas - Estrat\u00e9gia","description":"","publisher":{"@id":"https:\/\/cj.estrategia.com\/portal\/#organization"},"potentialAction":[{"@type":"SearchAction","target":{"@type":"EntryPoint","urlTemplate":"https:\/\/cj.estrategia.com\/portal\/?s={search_term_string}"},"query-input":{"@type":"PropertyValueSpecification","valueRequired":true,"valueName":"search_term_string"}}],"inLanguage":"pt-BR"},{"@type":"Organization","@id":"https:\/\/cj.estrategia.com\/portal\/#organization","name":"Estrat\u00e9gia - Carreiras Jur\u00eddicas","url":"https:\/\/cj.estrategia.com\/portal\/","logo":{"@type":"ImageObject","inLanguage":"pt-BR","@id":"https:\/\/cj.estrategia.com\/portal\/#\/schema\/logo\/image\/","url":"https:\/\/cj.estrategia.com\/portal\/wp-content\/uploads\/2022\/03\/11151052\/cj-logo.png","contentUrl":"https:\/\/cj.estrategia.com\/portal\/wp-content\/uploads\/2022\/03\/11151052\/cj-logo.png","width":150,"height":39,"caption":"Estrat\u00e9gia - Carreiras Jur\u00eddicas"},"image":{"@id":"https:\/\/cj.estrategia.com\/portal\/#\/schema\/logo\/image\/"},"sameAs":["https:\/\/www.facebook.com\/estrategiacarreirajuridica\/","https:\/\/x.com\/EstratJuridica","https:\/\/www.instagram.com\/estrategiacarreirajuridica\/","https:\/\/www.youtube.com\/channel\/UClbMGuYbj2Mh1m3w144ETWQ"]},{"@type":"Person","@id":"https:\/\/cj.estrategia.com\/portal\/#\/schema\/person\/4d70317d31449932b99102916b6637f5","name":"Coordena\u00e7\u00e3o","image":{"@type":"ImageObject","inLanguage":"pt-BR","@id":"https:\/\/cj.estrategia.com\/portal\/wp-content\/uploads\/2022\/05\/12164923\/estrategia-carreira-juridica-coordenacao-96x96.png","url":"https:\/\/cj.estrategia.com\/portal\/wp-content\/uploads\/2022\/05\/12164923\/estrategia-carreira-juridica-coordenacao-96x96.png","contentUrl":"https:\/\/cj.estrategia.com\/portal\/wp-content\/uploads\/2022\/05\/12164923\/estrategia-carreira-juridica-coordenacao-96x96.png","caption":"Coordena\u00e7\u00e3o"},"url":"https:\/\/cj.estrategia.com\/portal\/author\/coordenacao\/"}]}},"jetpack_featured_media_url":"https:\/\/cj.estrategia.com\/portal\/wp-content\/uploads\/2022\/09\/04102635\/Concursos-Procuradorias.jpg","jetpack_sharing_enabled":true,"_links":{"self":[{"href":"https:\/\/cj.estrategia.com\/portal\/wp-json\/wp\/v2\/posts\/69075","targetHints":{"allow":["GET"]}}],"collection":[{"href":"https:\/\/cj.estrategia.com\/portal\/wp-json\/wp\/v2\/posts"}],"about":[{"href":"https:\/\/cj.estrategia.com\/portal\/wp-json\/wp\/v2\/types\/post"}],"author":[{"embeddable":true,"href":"https:\/\/cj.estrategia.com\/portal\/wp-json\/wp\/v2\/users\/12"}],"replies":[{"embeddable":true,"href":"https:\/\/cj.estrategia.com\/portal\/wp-json\/wp\/v2\/comments?post=69075"}],"version-history":[{"count":1,"href":"https:\/\/cj.estrategia.com\/portal\/wp-json\/wp\/v2\/posts\/69075\/revisions"}],"predecessor-version":[{"id":69076,"href":"https:\/\/cj.estrategia.com\/portal\/wp-json\/wp\/v2\/posts\/69075\/revisions\/69076"}],"wp:featuredmedia":[{"embeddable":true,"href":"https:\/\/cj.estrategia.com\/portal\/wp-json\/wp\/v2\/media\/20782"}],"wp:attachment":[{"href":"https:\/\/cj.estrategia.com\/portal\/wp-json\/wp\/v2\/media?parent=69075"}],"wp:term":[{"taxonomy":"category","embeddable":true,"href":"https:\/\/cj.estrategia.com\/portal\/wp-json\/wp\/v2\/categories?post=69075"},{"taxonomy":"post_tag","embeddable":true,"href":"https:\/\/cj.estrategia.com\/portal\/wp-json\/wp\/v2\/tags?post=69075"},{"taxonomy":"tax_estado","embeddable":true,"href":"https:\/\/cj.estrategia.com\/portal\/wp-json\/wp\/v2\/tax_estado?post=69075"}],"curies":[{"name":"wp","href":"https:\/\/api.w.org\/{rel}","templated":true}]}}