{"id":6808,"date":"2022-05-31T15:40:00","date_gmt":"2022-05-31T18:40:00","guid":{"rendered":"https:\/\/cj.estrategia.com\/portal\/?p=6808"},"modified":"2025-09-17T09:28:52","modified_gmt":"2025-09-17T12:28:52","slug":"concurso-mptcu-procurador","status":"publish","type":"post","link":"https:\/\/cj.estrategia.com\/portal\/concurso-mptcu-procurador\/","title":{"rendered":"Concurso MPTCU Procurador: validade da sele\u00e7\u00e3o de 2015 expirou"},"content":{"rendered":"\n<p>A Procuradora-Geral do Minist\u00e9rio P\u00fablico junto ao Tribunal de Contas da Uni\u00e3o (MPTCU)&nbsp; divulgaram no Di\u00e1rio Oficial da Uni\u00e3o de 31 de maio de 2022, <span style=\"text-decoration: underline;\">o fim do prazo de validade<\/span> do concurso MPTCU Procurador, para ingresso na classe inicial da carreira, lan\u00e7ado em 2015.<\/p>\n\n\n\n<ul id=\"block-1c25dbb6-3d50-4480-9da8-a10738a32581\" class=\"wp-block-list has-luminous-vivid-amber-to-luminous-vivid-orange-gradient-background has-background\">\n<li><strong>Concurso MPTCU Procurador<\/strong><\/li>\n\n\n\n<li><strong>Status:<\/strong> prazo de validade expirado<\/li>\n\n\n\n<li><strong>Banca:\u00a0<\/strong>Cebraspe<\/li>\n\n\n\n<li><strong>Vagas:\u00a0<\/strong>1<\/li>\n\n\n\n<li><strong>Sal\u00e1rio inicial:<\/strong>\u00a0R$ 28.947,55<\/li>\n\n\n\n<li><strong>Edital<\/strong>: <a href=\"https:\/\/dhg1h5j42swfq.cloudfront.net\/2020\/09\/29085122\/Cartorio-RO-Edital-Consolidado.pdf\" target=\"_blank\" rel=\"noreferrer noopener nofollow\"><\/a><a href=\"https:\/\/dhg1h5j42swfq.cloudfront.net\/2020\/07\/15091308\/ED_1_2015_TCU_15_PROCURADOR_ABERTURA.pdf\" target=\"_blank\" rel=\"noreferrer noopener nofollow\">Procurador MPTCU 2015<\/a><\/li>\n<\/ul>\n\n\n\n<p>O concurso foi organizado pelo Cespe\/UnB (atual Cebraspe) e ofertou uma vaga imediata para o cargo de membro do Minist\u00e9rio P\u00fablico junto ao Tribunal de Contas da Uni\u00e3o. O valor da inscri\u00e7\u00e3o foi fixado em R$ 280,00.<\/p>\n\n\n\n<div class=\"container\" id=\"boxes\">\n  <div class=\"row\">\n\n    <div class=\"col-sm\">\n      <div class=\"banner-ecj\" id=\"box-assinatura\">\n        <h3 id=\"cursos-para-mptcu-procurador\" class=\"titulo-assinatura\">Cursos para MPTCU Procurador<\/h3>\n        <p class=\"subtitulo-assinatura\">Conhe\u00e7a o curso<\/p>\n        <div class=\"box-botao\">\n          <a class=\"btn-assinatura\" target=\"_blank\" href=\"https:\/\/www.estrategiaconcursos.com.br\/cursos\/concurso\/\" role=\"button\" rel=\"noopener noreferrer\">Conhe\u00e7a mais<\/a>\n        <\/div>\n      <\/div>\n      <p class=\"texto-auxiliar\">Prepare-se com o melhor material e com quem mais aprova em Concursos P\u00fablicos em todo o pa\u00eds. Assine agora a nossa Assinatura Anual e tenha acesso ilimitado* a todos os nossos cursos.<\/p>\n    <\/div>\n\n  <\/div>\n<\/div>\n\n\n\n<ul class=\"wp-block-list\">\n<li><strong><a href=\"#atual\">Situa\u00e7\u00e3o atual do concurso<\/a><\/strong><\/li>\n\n\n\n<li><strong><a href=\"#carreira\">Careira<\/a><\/strong>\n<ul class=\"wp-block-list\">\n<li><strong><a href=\"#requisitos\">Requisitos de ingresso<\/a><\/strong><\/li>\n<\/ul>\n<\/li>\n\n\n\n<li><strong><a href=\"#etapas\">Etapas do certame<\/a><\/strong>\n<ul class=\"wp-block-list\">\n<li><strong><a href=\"#objetiva\">Prova objetiva<\/a><\/strong><\/li>\n\n\n\n<li><strong><a href=\"#discursiva\">Prova discursiva<\/a><\/strong><\/li>\n\n\n\n<li><strong><a href=\"#oral\">Prova oral<\/a><\/strong><\/li>\n\n\n\n<li><strong><a href=\"#titulos\">Avalia\u00e7\u00e3o de t\u00edtulos<\/a><\/strong><\/li>\n<\/ul>\n<\/li>\n\n\n\n<li><strong><a href=\"#cursos\">Cursos para o concurso<\/a> <\/strong><\/li>\n\n\n\n<li><strong><a href=\"#ficha\">Ficha t\u00e9cnica<\/a><\/strong><\/li>\n<\/ul>\n\n\n\n<h2 class=\"wp-block-heading\" id=\"atual\"><span id=\"concurso-mptcu-procurador-situacao-atual\">Concurso MPTCU Procurador: Situa\u00e7\u00e3o atual<\/span><\/h2>\n\n\n\n<p>O resultado final do \u00faltimo concurso MPTCU Procurador foi publicado em 2016. Em 2018, o prazo de validade foi prorrogado por mais dois anos, a partir de 1\u00ba de agosto.<\/p>\n\n\n\n<p>Em 14 de julho de 2020, o certame teve sua <span style=\"text-decoration: underline;\">validade suspensa<\/span> em raz\u00e3o dos impactos decorrentes da pandemia de coronav\u00edrus em todo o pa\u00eds. Com a medida, o prazo de validade do concurso s\u00f3 voltaria a correr ap\u00f3s o t\u00e9rmino do per\u00edodo de calamidade p\u00fablica. A suspens\u00e3o retroagiu at\u00e9 o dia <strong>20 de mar\u00e7o de 2020<\/strong>.<\/p>\n\n\n\n<p>A retomada da contagem de prazo de validade do concurso ocorreu em 11 de abril de 2022 e o fim do prazo em 30 de maio deste ano. A sele\u00e7\u00e3o do MPTCU contou com <strong>cinco etapas<\/strong>: prova objetiva, provas discursivas, prova oral, avalia\u00e7\u00e3o de t\u00edtulos e exames de higidez f\u00edsica e mental.<\/p>\n\n\n\n<p>Confira abaixo a \u00edntegra do documento divulgado pelo MPTCU:<\/p>\n\n\n\n<figure class=\"wp-block-image size-full is-resized\"><img decoding=\"async\" width=\"811\" height=\"483\" src=\"https:\/\/cj.estrategia.com\/portal\/wp-content\/uploads\/2022\/05\/31173844\/image-28.png\" alt=\"\" class=\"wp-image-6823\" style=\"width:688px;height:409px\" srcset=\"https:\/\/cj.estrategia.com\/portal\/wp-content\/uploads\/2022\/05\/31173844\/image-28.png 811w, https:\/\/cj.estrategia.com\/portal\/wp-content\/uploads\/2022\/05\/31173844\/image-28-300x180.png 300w, https:\/\/cj.estrategia.com\/portal\/wp-content\/uploads\/2022\/05\/31173844\/image-28-768x457.png 768w, https:\/\/cj.estrategia.com\/portal\/wp-content\/uploads\/2022\/05\/31173844\/image-28-380x226.png 380w, https:\/\/cj.estrategia.com\/portal\/wp-content\/uploads\/2022\/05\/31173844\/image-28-800x476.png 800w\" sizes=\"(max-width: 811px) 100vw, 811px\" \/><\/figure>\n\n\n\n<h2 class=\"wp-block-heading\" id=\"carreira\"><span id=\"concurso-mptcu-procurador-carreira\">Concurso MPTCU Procurador: Carreira<\/span><\/h2>\n\n\n\n<h3 class=\"wp-block-heading\" id=\"requisitos\"><span id=\"requisitos-de-ingresso\">Requisitos de ingresso<\/span><\/h3>\n\n\n\n<p>Para ingressar na carreira \u00e9 necess\u00e1rio ser bacharel em Direito e comprovar o exerc\u00edcio de tr\u00eas anos de pr\u00e1tica forense, exercidos ap\u00f3s a cola\u00e7\u00e3o de grau no curso superior.<\/p>\n\n\n\n<h2 class=\"wp-block-heading\" id=\"etapas\"><span id=\"etapas-do-concurso-mptcu-procurador\">Etapas do concurso MPTCU Procurador<\/span><\/h2>\n\n\n\n<ol class=\"wp-block-list\">\n<li>Prova objetiva de sele\u00e7\u00e3o (eliminat\u00f3ria);<\/li>\n\n\n\n<li>Provas discursivas (eliminat\u00f3rias e classificat\u00f3rias);<\/li>\n\n\n\n<li>Prova oral (eliminat\u00f3ria e classificat\u00f3ria);<\/li>\n\n\n\n<li>Avalia\u00e7\u00e3o de t\u00edtulos (classificat\u00f3rio); <\/li>\n\n\n\n<li>Exame de Higidez F\u00edsica e Mental (eliminat\u00f3rio). <\/li>\n<\/ol>\n\n\n\n<h3 class=\"wp-block-heading\" id=\"objetiva\"><span id=\"prova-objetiva-de-selecao\">Prova Objetiva de Sele\u00e7\u00e3o<\/span><\/h3>\n\n\n\n<p><strong>Estrutura<\/strong>: A prova objetiva valeu 100,00 pontos e consistiu de quest\u00f5es do tipo m\u00faltipla escolha, com cinco op\u00e7\u00f5es (A, B, C, D e E), sendo uma \u00fanica resposta correta, de acordo com o comando da quest\u00e3o.<\/p>\n\n\n\n<p><strong>Dura\u00e7\u00e3o<\/strong>: 5 horas.<\/p>\n\n\n\n<h4 class=\"wp-block-heading\" id=\"distribuicao-das-questoes-por-disciplina\"><strong>Distribui\u00e7\u00e3o das quest\u00f5es por disciplina:<\/strong><\/h4>\n\n\n\n<p><strong>Grupo I (50 quest\u00f5es):<\/strong><\/p>\n\n\n\n<ul class=\"wp-block-list\">\n<li>Direito Constitucional<\/li>\n\n\n\n<li>Direito Administrativo<\/li>\n\n\n\n<li>Direito Financeiro<\/li>\n\n\n\n<li>Controle Externo da Administra\u00e7\u00e3o<\/li>\n\n\n\n<li>P\u00fablica<\/li>\n<\/ul>\n\n\n\n<p><strong>Grupo II (50 quest\u00f5es):<\/strong><\/p>\n\n\n\n<ul class=\"wp-block-list\">\n<li>Direito Civil<\/li>\n\n\n\n<li>Direito Processual Civil<\/li>\n\n\n\n<li>Direito Tribut\u00e1rio<\/li>\n\n\n\n<li>Direito Econ\u00f4mico<\/li>\n\n\n\n<li>Direito Empresarial<\/li>\n\n\n\n<li>Direito Previdenci\u00e1rio<\/li>\n\n\n\n<li>Direito do Trabalho<\/li>\n\n\n\n<li>Direito Penal<\/li>\n<\/ul>\n\n\n\n<h4 class=\"wp-block-heading\" id=\"criterios-de-classificacao\"><span id=\"criterios-de-classificacao-2\"><strong>Crit\u00e9rios de classifica\u00e7\u00e3o<\/strong>:<\/span><\/h4>\n\n\n\n<ul class=\"wp-block-list\">\n<li>A nota em cada quest\u00e3o da prova objetiva, feita com base nas marca\u00e7\u00f5es da folha de respostas, ser\u00e1 igual a:\n<ul class=\"wp-block-list\">\n<li>1,00 ponto, caso a resposta do candidato esteja em concord\u00e2ncia com o gabarito oficial definitivo das provas; <\/li>\n\n\n\n<li>0,50 ponto negativo, caso a resposta do candidato esteja em discord\u00e2ncia com o gabarito oficial definitivo das provas; <\/li>\n\n\n\n<li>0,00, caso n\u00e3o haja marca\u00e7\u00e3o ou haja mais de uma marca\u00e7\u00e3o.<\/li>\n<\/ul>\n<\/li>\n\n\n\n<li>O c\u00e1lculo da nota na prova objetiva, comum \u00e0s provas de todos os candidatos, foi igual \u00e0 soma das notas obtidas em todas as quest\u00f5es que a compuseram.<\/li>\n\n\n\n<li>Foi reprovado na prova objetiva e eliminado do concurso p\u00fablico o candidato que obtivesse nota inferior a <strong>30,00 pontos<\/strong>.<\/li>\n<\/ul>\n\n\n\n<p>Respeitados os empates na \u00faltima coloca\u00e7\u00e3o, foram convocados para as provas discursivas os<br>candidatos <strong>aprovados e classificados na prova objetiva at\u00e9 a 35\u00aa posi\u00e7\u00e3o<\/strong> para a listagem geral e, preferencialmente, at\u00e9 a <strong>5\u00aa posi\u00e7\u00e3o para os candidatos que se declararam pessoas com defici\u00eancia<\/strong>.<\/p>\n\n\n\n<h3 class=\"wp-block-heading\" id=\"discursiva\"><span id=\"provas-discursivas\"> Provas Discursivas<\/span><\/h3>\n\n\n\n<p>As provas discursivas, de car\u00e1ter eliminat\u00f3rio e classificat\u00f3rio, valeram <strong>40,00 pontos cada<\/strong>, e tiveram ter\u00e3o a dura\u00e7\u00e3o de <strong>5 horas cada<\/strong>, sendo aplicadas em dois dias seguidos, um no turno da tarde e outro no turno da manh\u00e3. <\/p>\n\n\n\n<p>Elas consistiram cada uma de<br><br>a) tr\u00eas quest\u00f5es, a serem respondidas em at\u00e9 60 linhas cada, no valor de 5,00 pontos cada, totalizando 15,00 pontos, <br><br>b) uma reda\u00e7\u00e3o de pe\u00e7a pr\u00e1tica (parecer ou recurso ou representa\u00e7\u00e3o), de at\u00e9 150 linhas, no valor de 25,00 pontos, ambas versando sobre as \u00e1reas de conhecimento estabelecidas abaixo: <\/p>\n\n\n\n<ul class=\"wp-block-list\">\n<li>Direito Constitucional<\/li>\n\n\n\n<li>Direito Administrativo<\/li>\n\n\n\n<li>Direito Financeiro<\/li>\n\n\n\n<li>Controle Externo da Administra\u00e7\u00e3o<\/li>\n\n\n\n<li>P\u00fablica<\/li>\n\n\n\n<li>Direito Civil<\/li>\n\n\n\n<li>Direito Processual Civil<\/li>\n\n\n\n<li>Direito Tribut\u00e1rio<\/li>\n\n\n\n<li>Direito Econ\u00f4mico<\/li>\n\n\n\n<li>Direito Previdenci\u00e1rio<\/li>\n\n\n\n<li>Direito Penal<\/li>\n<\/ul>\n\n\n\n<p>Elas foram avaliadas quanto ao dom\u00ednio do conte\u00fado dos temas abordados \u2013 demonstra\u00e7\u00e3o de conhecimento t\u00e9cnico aplicado \u2013, bem como quanto ao dom\u00ednio da modalidade escrita da l\u00edngua portuguesa.<\/p>\n\n\n\n<h4 class=\"wp-block-heading\" id=\"criterios-de-classificacao\"><strong>Crit\u00e9rios de classifica\u00e7\u00e3o<\/strong>:<\/h4>\n\n\n\n<p>As notas nos conjuntos das quest\u00f5es das provas discursivas se deram segundo a f\u00f3rmula: <\/p>\n\n\n\n<p>NCQj = NQ1 + NQ2 + NQ3, em que<br>j = 1, 2, NCQ1 representou a nota no conjunto de quest\u00f5es constante na prova discursiva P2 e NCQ2 representou a nota no conjunto de quest\u00f5es constante na prova discursiva P3.<br><br>A nota na prova discursiva P2 (NPD2) foi dada pela f\u00f3rmula NPD2 = NCQ1 + NPP1, enquanto que a nota na prova discursiva P3 (NPD3) ser\u00e1 dada pela f\u00f3rmula NPD3 = NCQ2 + NPP2.<br><br>Somente foi a<strong>provado nas provas discursivas o candidato que obtivesse:<\/strong><br>a) nota igual ou superior a <strong>1,50 pontos<\/strong> em cada uma das<strong> quest\u00f5es<\/strong> constante das provas discursivas P2 e P3;<br>b) nota igual ou superior a <strong>9,00 pontos <\/strong>em cada <strong>conjunto de quest\u00f5es <\/strong>constante das provas discursivas P2 e P3;<br>c) nota igual ou superior a <strong>15,00 pontos em cada uma das pe\u00e7as pr\u00e1ticas<\/strong> constante das provas discursivas P2 e P3;<br>d)<strong> nota igual ou superior a 24,00 pontos em cada uma das provas discursivas P2 e P3.<\/strong><br><br>A nota final nas provas discursivas (NFPD) para os candidatos aprovados nessa fase se deu dada pela f\u00f3rmula NFPD = NPD2+ NPD3.<\/p>\n\n\n\n<p>Respeitados os empates na \u00faltima coloca\u00e7\u00e3o, ser\u00e3o <span style=\"text-decoration: underline;\">convocados para a prova oral<\/span> os candidatos<br>aprovados e classificados nas provas discursivas at\u00e9 a<strong> 10\u00aa posi\u00e7\u00e3o na listagem geral <\/strong>e, preferencialmente, at\u00e9 a <strong>2\u00aa posi\u00e7\u00e3o na listagem \u00e0 parte dos candidatos considerados pessoas com defici\u00eancia <\/strong>na per\u00edcia m\u00e9dica, considerando-se a soma das notas obtidas na prova objetiva e nas provas discursivas.<\/p>\n\n\n\n<h3 class=\"wp-block-heading\" id=\"oral\"><span id=\"prova-oral\">Prova Oral<\/span><\/h3>\n\n\n\n<p>A prova oral, de car\u00e1ter eliminat\u00f3rio e classificat\u00f3rio, valeu em seu conjunto 60,00 pontos.<br>9.3 Na avalia\u00e7\u00e3o da prova oral, foram avaliados o dom\u00ednio do conhecimento jur\u00eddico, a articula\u00e7\u00e3o do racioc\u00ednio, a capacidade de argumenta\u00e7\u00e3o e o uso correto do vern\u00e1culo.<br><br>Disciplinas cobradas na prova oral:<\/p>\n\n\n\n<ul class=\"wp-block-list\">\n<li>Direito Constitucional<\/li>\n\n\n\n<li>Direito Administrativo<\/li>\n\n\n\n<li>Direito Financeiro<\/li>\n\n\n\n<li>Controle Externo da Administra\u00e7\u00e3o P\u00fablica<\/li>\n<\/ul>\n\n\n\n<p>Foi eliminado o candidato que obtivesse nota inferior a 36,00 pontos na prova oral ou que n\u00e3o<br>comparecesse para a realiza\u00e7\u00e3o da prova. A prova oral ter\u00e1 dura\u00e7\u00e3o de at\u00e9 25 minutos por candidato. O candidato deveria ler e responder as perguntas que lhe fossem entregues por escrito, bem como responder a argui\u00e7\u00e3o da Banca Examinadora.<\/p>\n\n\n\n<h3 class=\"wp-block-heading\" id=\"titulos-concurso-cartorio-ro\"><span id=\"avaliacao-de-titulos\">Avalia\u00e7\u00e3o de T\u00edtulos<\/span><\/h3>\n\n\n\n<p id=\"titulos-concurso-cartorio-ro\">Foram convocados para a avalia\u00e7\u00e3o de t\u00edtulos os candidatos aprovados na prova oral. A avalia\u00e7\u00e3o de t\u00edtulos valeu 7,00 pontos, ainda que a soma dos valores dos t\u00edtulos apresentados fosse superior a esse valor.<\/p>\n\n\n\n<p id=\"titulos-concurso-cartorio-ro\">Somente foram aceitos os t\u00edtulos a seguir relacionados, expedidos at\u00e9 a data da entrega, observados os limites de pontos definidos no quadro a seguir: <\/p>\n\n\n\n<figure class=\"wp-block-table is-style-stripes\"><table class=\"has-background has-fixed-layout\" style=\"background-color:#e7f5fe\"><tbody><tr><td class=\"has-text-align-center\" data-align=\"center\">\n  <strong>T\u00cdTULOS ACEITOS<\/strong>\n  <\/td><td class=\"has-text-align-center\" data-align=\"center\">   <strong>VALOR UNIT\u00c1RIO<\/strong>  <\/td><td class=\"has-text-align-center\" data-align=\"center\"><strong>VALOR M\u00c1XIMO<\/strong><\/td><\/tr><tr><td class=\"has-text-align-center\" data-align=\"center\"> Exerc\u00edcio do magist\u00e9rio superior, em disciplina da \u00e1rea jur\u00eddica, desenvolvido em Institui\u00e7\u00e3o de Ensino Superior p\u00fablica e(ou) particular, reconhecida pelo Minist\u00e9rio da Educa\u00e7\u00e3o  <\/td><td class=\"has-text-align-center\" data-align=\"center\">      0,30 por ano completo<\/td><td class=\"has-text-align-center\" data-align=\"center\">1,20<\/td><\/tr><tr><td class=\"has-text-align-center\" data-align=\"center\">  Exerc\u00edcio de atividade jur\u00eddica privativa de bacharel em Direito excedente ao per\u00edodo m\u00ednimo de 3 anos <\/td><td class=\"has-text-align-center\" data-align=\"center\">    0,20 por ano completo<\/td><td class=\"has-text-align-center\" data-align=\"center\">0,80<\/td><\/tr><tr><td class=\"has-text-align-center\" data-align=\"center\"><strong>   <\/strong>Aprova\u00e7\u00e3o em concurso p\u00fablico para cargo privativo de bacharel em Direito <\/td><td class=\"has-text-align-center\" data-align=\"center\">      0,25   <\/td><td class=\"has-text-align-center\" data-align=\"center\">0,50<\/td><\/tr><tr><td class=\"has-text-align-center\" data-align=\"center\"> Livros publicados, de autoria individual, na \u00e1rea jur\u00eddica com ISBN e ficha catalogr\u00e1fica, com exce\u00e7\u00e3o de monografia de especializa\u00e7\u00e3o, disserta\u00e7\u00e3o de mestrado e tese de doutorado.<\/td><td class=\"has-text-align-center\" data-align=\"center\">      0,30  <\/td><td class=\"has-text-align-center\" data-align=\"center\">0,60<\/td><\/tr><tr><td class=\"has-text-align-center\" data-align=\"center\">  Artigos jur\u00eddicos publicados em revistas especializadas, com ISSN e conselho editorial.   <\/td><td class=\"has-text-align-center\" data-align=\"center\">     0,20<\/td><td class=\"has-text-align-center\" data-align=\"center\">0,40<\/td><\/tr><tr><td class=\"has-text-align-center\" data-align=\"center\"> Diploma de curso de p\u00f3s-gradua\u00e7\u00e3o em n\u00edvel de doutorado (t\u00edtulo de<br>doutor) na \u00e1rea jur\u00eddica. Tamb\u00e9m ser\u00e1 aceito certificado\/declara\u00e7\u00e3o de<br>conclus\u00e3o de curso de doutorado na \u00e1rea jur\u00eddica, desde que acompanhado de hist\u00f3rico escolar.   <\/td><td class=\"has-text-align-center\" data-align=\"center\">      2,00<\/td><td class=\"has-text-align-center\" data-align=\"center\">2,00<\/td><\/tr><tr><td class=\"has-text-align-center\" data-align=\"center\">   Diploma de curso de p\u00f3s-gradua\u00e7\u00e3o em n\u00edvel de mestrado (t\u00edtulo de<br>mestre) na \u00e1rea jur\u00eddica. Tamb\u00e9m ser\u00e1 aceito certificado\/declara\u00e7\u00e3o de<br>conclus\u00e3o de curso de mestrado na \u00e1rea jur\u00eddica, desde que acompanhado de hist\u00f3rico escolar.<\/td><td class=\"has-text-align-center\" data-align=\"center\">      1,00  <\/td><td class=\"has-text-align-center\" data-align=\"center\">1,00<\/td><\/tr><tr><td class=\"has-text-align-center\" data-align=\"center\">   Certificado de curso de p\u00f3s-gradua\u00e7\u00e3o em n\u00edvel de especializa\u00e7\u00e3o, com<br>carga hor\u00e1ria m\u00ednima de 360 h\/a, na \u00e1rea jur\u00eddica ou de controle externo. Tamb\u00e9m ser\u00e1 aceita a declara\u00e7\u00e3o de conclus\u00e3o de p\u00f3s-gradua\u00e7\u00e3o em n\u00edvel de especializa\u00e7\u00e3o na \u00e1rea jur\u00eddica ou de controle<br>externo, desde que acompanhada de hist\u00f3rico escolar.  <\/td><td class=\"has-text-align-center\" data-align=\"center\">      0,50   <\/td><td class=\"has-text-align-center\" data-align=\"center\">0,50<\/td><\/tr><tr><td class=\"has-text-align-center\" data-align=\"center\">   <strong>TOTAL<\/strong> <\/td><td class=\"has-text-align-center\" data-align=\"center\">      <\/td><td class=\"has-text-align-center\" data-align=\"center\"><strong>7,0<\/strong><\/td><\/tr><\/tbody><\/table><figcaption class=\"wp-element-caption\"><strong>Tabela de t\u00edtulos<\/strong><\/figcaption><\/figure>\n\n\n\n<h3 class=\"wp-block-heading\" id=\"titulos-concurso-cartorio-ro\"><span id=\"exame-de-higidez-fisica-e-mental\">Exame de Higidez F\u00edsica e Mental<\/span><\/h3>\n\n\n\n<p>O candidato n\u00e3o eliminado nas fases anteriores recebeu instru\u00e7\u00f5es para submeter-se ao exame de higidez f\u00edsica e mental, de responsabilidade do Cespe, que elaborou laudo atestando a aptid\u00e3o ou inaptid\u00e3o para o ingresso no servi\u00e7o p\u00fablico.<\/p>\n\n\n\n<p>O candidato foi submetido a avalia\u00e7\u00e3o cl\u00ednica para verifica\u00e7\u00e3o de sua aptid\u00e3o sob o ponto de vista de sa\u00fade para assumir o cargo. Na ocasi\u00e3o, deveria apresentar exames e laudos complementares, que atestassem essa condi\u00e7\u00e3o.<\/p>\n\n\n\n<h3 class=\"wp-block-heading\" id=\"titulos-concurso-cartorio-ro\"><span id=\"nota-final\">Nota final <\/span><\/h3>\n\n\n\n<p>A nota final no concurso p\u00fablico se deu pelo somat\u00f3rio da nota final na prova objetiva, das notas finais nas provas discursivas, da nota final na prova oral e da nota final na avalia\u00e7\u00e3o de t\u00edtulos.<\/p>\n\n\n\n<h2 class=\"wp-block-heading has-text-align-center\" id=\"cursos\"><span id=\"quer-saber-tudo-sobre-concursos-previstosconfira-nossos-artigos\">Quer saber tudo sobre concursos previstos?<br><strong>Confira nossos artigos!<\/strong><\/span><\/h2>\n\n\n\n<ul class=\"wp-block-list\">\n<li><a href=\"https:\/\/cj.estrategia.com\/portal\/concursos-abertos-carreiras-juridicas\/\" target=\"_blank\" >Concursos abertos<\/a><\/li>\n\n\n\n<li><a href=\"https:\/\/cj.estrategia.com\/portal\/concursos-2022-carreira-juridicas\/\" target=\"_blank\" >Concursos 2022<\/a><\/li>\n<\/ul>\n\n\n\n<h2 class=\"wp-block-heading has-text-align-center\" id=\"cursos\"><span id=\"cursos-para-mptcu-procurador-2\">Cursos para MPTCU Procurador<\/span><\/h2>\n\n\n\n<div class=\"container\" id=\"boxes\">\n  <div class=\"row\">\n\n    <div class=\"col-sm\">\n      <div class=\"banner-ecj\" id=\"box-assinatura\">\n        <h3 id=\"cursos-para-mptcu-procurador-3\" class=\"titulo-assinatura\">Cursos para MPTCU Procurador<\/h3>\n        <p class=\"subtitulo-assinatura\">Conhe\u00e7a o curso<\/p>\n        <div class=\"box-botao\">\n          <a class=\"btn-assinatura\" target=\"_blank\" href=\"https:\/\/www.estrategiaconcursos.com.br\/cursos\/concurso\/\" role=\"button\" rel=\"noopener noreferrer\">Conhe\u00e7a mais<\/a>\n        <\/div>\n      <\/div>\n      <p class=\"texto-auxiliar\">Prepare-se com o melhor material e com quem mais aprova em Concursos P\u00fablicos em todo o pa\u00eds. Assine agora a nossa Assinatura Anual e tenha acesso ilimitado* a todos os nossos cursos.<\/p>\n    <\/div>\n\n  <\/div>\n<\/div>\n\n\n\n<div id=\"boxes\" class=\"container\">\n<div class=\"row\">\n<div class=\"col-sm\">\n<div id=\"box-assinatura\" class=\"banner-ecj\">\n<h3 id=\"assinatura-juridica\" class=\"titulo-assinatura\">Assinatura Jur\u00eddica<\/h3>\n<p class=\"subtitulo-assinatura\">Conhe\u00e7a os planos<\/p>\n<div class=\"box-botao\"><a class=\"btn-assinatura\" role=\"button\" href=\"https:\/\/www.estrategiaconcursos.com.br\/assinaturas-ecj\/\" target=\"_blank\" rel=\"noopener noreferrer\">Conhe\u00e7a mais<\/a><\/div>\n<\/div>\n<p class=\"texto-auxiliar\">Prepare-se com o melhor material e com quem mais aprova em Concursos P\u00fablicos em todo o pa\u00eds.<\/p>\n<\/div>\n<\/div>\n<\/div>\n\n\n\n<figure class=\"wp-block-image size-large is-resized\"><img decoding=\"async\" src=\"https:\/\/dhg1h5j42swfq.cloudfront.net\/2021\/04\/23144800\/ficha-tecnica-167-1024x632.png\" alt=\"\" class=\"wp-image-721836\" style=\"width:251px;height:155px\"\/><\/figure>\n\n\n\n<h4 class=\"wp-block-heading\" id=\"ficha\"><span id=\"informacoes-sobre-o-edital-procurador-mptcu\"><strong>Informa\u00e7\u00f5es sobre o edital Procurador MPTCU<\/strong><\/span><\/h4>\n\n\n\n<p>\u25ba<strong>Vagas<\/strong>: 1<br>\u25ba<strong>Cargos<\/strong>: Procurador <br>\u25ba<strong>Banca<\/strong>: Cespe\/Cebraspe<br>\u25ba<strong>Escolaridade<\/strong>: Bacharelado em Direito + 3 anos de atividade jur\u00eddica<br>\u25ba<strong>Edital<\/strong>: <a href=\"https:\/\/dhg1h5j42swfq.cloudfront.net\/2020\/07\/15091308\/ED_1_2015_TCU_15_PROCURADOR_ABERTURA.pdf\" target=\"_blank\" rel=\"noreferrer noopener nofollow\">Procurador MPTCU 2015<\/a><\/p>\n","protected":false},"excerpt":{"rendered":"A Procuradora-Geral do Minist\u00e9rio P\u00fablico junto ao Tribunal de Contas da Uni\u00e3o (MPTCU)&nbsp; divulgaram no Di\u00e1rio Oficial da&hellip;\n","protected":false},"author":12,"featured_media":6833,"comment_status":"open","ping_status":"open","sticky":false,"template":"","format":"standard","meta":{"_jetpack_memberships_contains_paid_content":false,"footnotes":""},"categories":[1,24],"tags":[],"tax_estado":[36],"class_list":{"0":"post-6808","1":"post","2":"type-post","3":"status-publish","4":"format-standard","5":"has-post-thumbnail","7":"category-carreiras-juridicas","8":"category-procuradoria","9":"tax_estado-concursos-federais"},"acf":[],"yoast_head":"<!-- This site is optimized with the Yoast SEO Premium plugin v27.4 (Yoast SEO v27.4) - https:\/\/yoast.com\/product\/yoast-seo-premium-wordpress\/ -->\n<title>Concurso MPTCU Procurador: validade da sele\u00e7\u00e3o de 2015 expirou<\/title>\n<meta name=\"description\" content=\"Concurso MPTCU Procurador: expirado o prazo de validade do certame retomado em abril deste ano, ap\u00f3s sua suspens\u00e3o ocorrida em 2020.\" \/>\n<meta name=\"robots\" content=\"index, follow, max-snippet:-1, max-image-preview:large, max-video-preview:-1\" \/>\n<link rel=\"canonical\" href=\"https:\/\/cj.estrategia.com\/portal\/concurso-mptcu-procurador\/\" \/>\n<meta property=\"og:locale\" content=\"pt_BR\" \/>\n<meta property=\"og:type\" content=\"article\" \/>\n<meta property=\"og:title\" content=\"Concurso MPTCU Procurador: validade da sele\u00e7\u00e3o de 2015 expirou\" \/>\n<meta property=\"og:description\" content=\"Concurso MPTCU Procurador: expirado o prazo de validade do certame retomado em abril deste ano, ap\u00f3s sua suspens\u00e3o ocorrida em 2020.\" \/>\n<meta property=\"og:url\" content=\"https:\/\/cj.estrategia.com\/portal\/concurso-mptcu-procurador\/\" \/>\n<meta property=\"og:site_name\" content=\"Blog - Carreiras Jur\u00eddicas - Estrat\u00e9gia\" \/>\n<meta property=\"article:publisher\" content=\"https:\/\/www.facebook.com\/estrategiacarreirajuridica\/\" \/>\n<meta property=\"article:published_time\" content=\"2022-05-31T18:40:00+00:00\" \/>\n<meta property=\"article:modified_time\" content=\"2025-09-17T12:28:52+00:00\" \/>\n<meta property=\"og:image\" content=\"https:\/\/cj.estrategia.com\/portal\/wp-content\/uploads\/2022\/05\/31174631\/tcu.jpg\" \/>\n\t<meta property=\"og:image:width\" content=\"1170\" \/>\n\t<meta property=\"og:image:height\" content=\"700\" \/>\n\t<meta property=\"og:image:type\" content=\"image\/jpeg\" \/>\n<meta name=\"author\" content=\"Coordena\u00e7\u00e3o\" \/>\n<meta name=\"twitter:card\" content=\"summary_large_image\" \/>\n<meta name=\"twitter:creator\" content=\"@EstratJuridica\" \/>\n<meta name=\"twitter:site\" content=\"@EstratJuridica\" \/>\n<meta name=\"twitter:label1\" content=\"Escrito por\" \/>\n\t<meta name=\"twitter:data1\" content=\"Coordena\u00e7\u00e3o\" \/>\n\t<meta name=\"twitter:label2\" content=\"Est. tempo de leitura\" \/>\n\t<meta name=\"twitter:data2\" content=\"10 minutos\" \/>\n<script type=\"application\/ld+json\" class=\"yoast-schema-graph\">{\"@context\":\"https:\\\/\\\/schema.org\",\"@graph\":[{\"@type\":\"NewsArticle\",\"@id\":\"https:\\\/\\\/cj.estrategia.com\\\/portal\\\/concurso-mptcu-procurador\\\/#article\",\"isPartOf\":{\"@id\":\"https:\\\/\\\/cj.estrategia.com\\\/portal\\\/concurso-mptcu-procurador\\\/\"},\"author\":{\"name\":\"Coordena\u00e7\u00e3o\",\"@id\":\"https:\\\/\\\/cj.estrategia.com\\\/portal\\\/#\\\/schema\\\/person\\\/4d70317d31449932b99102916b6637f5\"},\"headline\":\"Concurso MPTCU Procurador: validade da sele\u00e7\u00e3o de 2015 expirou\",\"datePublished\":\"2022-05-31T18:40:00+00:00\",\"dateModified\":\"2025-09-17T12:28:52+00:00\",\"mainEntityOfPage\":{\"@id\":\"https:\\\/\\\/cj.estrategia.com\\\/portal\\\/concurso-mptcu-procurador\\\/\"},\"wordCount\":1833,\"commentCount\":0,\"publisher\":{\"@id\":\"https:\\\/\\\/cj.estrategia.com\\\/portal\\\/#organization\"},\"image\":{\"@id\":\"https:\\\/\\\/cj.estrategia.com\\\/portal\\\/concurso-mptcu-procurador\\\/#primaryimage\"},\"thumbnailUrl\":\"https:\\\/\\\/cj.estrategia.com\\\/portal\\\/wp-content\\\/uploads\\\/2022\\\/05\\\/31174631\\\/tcu.jpg\",\"articleSection\":[\"Carreiras Jur\u00eddicas\",\"Procuradoria\"],\"inLanguage\":\"pt-BR\",\"potentialAction\":[{\"@type\":\"CommentAction\",\"name\":\"Comment\",\"target\":[\"https:\\\/\\\/cj.estrategia.com\\\/portal\\\/concurso-mptcu-procurador\\\/#respond\"]}]},{\"@type\":\"WebPage\",\"@id\":\"https:\\\/\\\/cj.estrategia.com\\\/portal\\\/concurso-mptcu-procurador\\\/\",\"url\":\"https:\\\/\\\/cj.estrategia.com\\\/portal\\\/concurso-mptcu-procurador\\\/\",\"name\":\"Concurso MPTCU Procurador: validade da sele\u00e7\u00e3o de 2015 expirou\",\"isPartOf\":{\"@id\":\"https:\\\/\\\/cj.estrategia.com\\\/portal\\\/#website\"},\"primaryImageOfPage\":{\"@id\":\"https:\\\/\\\/cj.estrategia.com\\\/portal\\\/concurso-mptcu-procurador\\\/#primaryimage\"},\"image\":{\"@id\":\"https:\\\/\\\/cj.estrategia.com\\\/portal\\\/concurso-mptcu-procurador\\\/#primaryimage\"},\"thumbnailUrl\":\"https:\\\/\\\/cj.estrategia.com\\\/portal\\\/wp-content\\\/uploads\\\/2022\\\/05\\\/31174631\\\/tcu.jpg\",\"datePublished\":\"2022-05-31T18:40:00+00:00\",\"dateModified\":\"2025-09-17T12:28:52+00:00\",\"description\":\"Concurso MPTCU Procurador: expirado o prazo de validade do certame retomado em abril deste ano, ap\u00f3s sua suspens\u00e3o ocorrida em 2020.\",\"breadcrumb\":{\"@id\":\"https:\\\/\\\/cj.estrategia.com\\\/portal\\\/concurso-mptcu-procurador\\\/#breadcrumb\"},\"inLanguage\":\"pt-BR\",\"potentialAction\":[{\"@type\":\"ReadAction\",\"target\":[\"https:\\\/\\\/cj.estrategia.com\\\/portal\\\/concurso-mptcu-procurador\\\/\"]}]},{\"@type\":\"ImageObject\",\"inLanguage\":\"pt-BR\",\"@id\":\"https:\\\/\\\/cj.estrategia.com\\\/portal\\\/concurso-mptcu-procurador\\\/#primaryimage\",\"url\":\"https:\\\/\\\/cj.estrategia.com\\\/portal\\\/wp-content\\\/uploads\\\/2022\\\/05\\\/31174631\\\/tcu.jpg\",\"contentUrl\":\"https:\\\/\\\/cj.estrategia.com\\\/portal\\\/wp-content\\\/uploads\\\/2022\\\/05\\\/31174631\\\/tcu.jpg\",\"width\":1170,\"height\":700,\"caption\":\"Concurso MPTCU Procurador\"},{\"@type\":\"BreadcrumbList\",\"@id\":\"https:\\\/\\\/cj.estrategia.com\\\/portal\\\/concurso-mptcu-procurador\\\/#breadcrumb\",\"itemListElement\":[{\"@type\":\"ListItem\",\"position\":1,\"name\":\"In\u00edcio\",\"item\":\"https:\\\/\\\/cj.estrategia.com\\\/portal\\\/\"},{\"@type\":\"ListItem\",\"position\":2,\"name\":\"Concurso MPTCU Procurador: validade da sele\u00e7\u00e3o de 2015 expirou\"}]},{\"@type\":\"WebSite\",\"@id\":\"https:\\\/\\\/cj.estrategia.com\\\/portal\\\/#website\",\"url\":\"https:\\\/\\\/cj.estrategia.com\\\/portal\\\/\",\"name\":\"Blog - Carreiras Jur\u00eddicas - Estrat\u00e9gia\",\"description\":\"\",\"publisher\":{\"@id\":\"https:\\\/\\\/cj.estrategia.com\\\/portal\\\/#organization\"},\"potentialAction\":[{\"@type\":\"SearchAction\",\"target\":{\"@type\":\"EntryPoint\",\"urlTemplate\":\"https:\\\/\\\/cj.estrategia.com\\\/portal\\\/?s={search_term_string}\"},\"query-input\":{\"@type\":\"PropertyValueSpecification\",\"valueRequired\":true,\"valueName\":\"search_term_string\"}}],\"inLanguage\":\"pt-BR\"},{\"@type\":\"Organization\",\"@id\":\"https:\\\/\\\/cj.estrategia.com\\\/portal\\\/#organization\",\"name\":\"Estrat\u00e9gia - Carreiras Jur\u00eddicas\",\"url\":\"https:\\\/\\\/cj.estrategia.com\\\/portal\\\/\",\"logo\":{\"@type\":\"ImageObject\",\"inLanguage\":\"pt-BR\",\"@id\":\"https:\\\/\\\/cj.estrategia.com\\\/portal\\\/#\\\/schema\\\/logo\\\/image\\\/\",\"url\":\"https:\\\/\\\/cj.estrategia.com\\\/portal\\\/wp-content\\\/uploads\\\/2022\\\/03\\\/11151052\\\/cj-logo.png\",\"contentUrl\":\"https:\\\/\\\/cj.estrategia.com\\\/portal\\\/wp-content\\\/uploads\\\/2022\\\/03\\\/11151052\\\/cj-logo.png\",\"width\":150,\"height\":39,\"caption\":\"Estrat\u00e9gia - Carreiras Jur\u00eddicas\"},\"image\":{\"@id\":\"https:\\\/\\\/cj.estrategia.com\\\/portal\\\/#\\\/schema\\\/logo\\\/image\\\/\"},\"sameAs\":[\"https:\\\/\\\/www.facebook.com\\\/estrategiacarreirajuridica\\\/\",\"https:\\\/\\\/x.com\\\/EstratJuridica\",\"https:\\\/\\\/www.instagram.com\\\/estrategiacarreirajuridica\\\/\",\"https:\\\/\\\/www.youtube.com\\\/channel\\\/UClbMGuYbj2Mh1m3w144ETWQ\"]},{\"@type\":\"Person\",\"@id\":\"https:\\\/\\\/cj.estrategia.com\\\/portal\\\/#\\\/schema\\\/person\\\/4d70317d31449932b99102916b6637f5\",\"name\":\"Coordena\u00e7\u00e3o\",\"image\":{\"@type\":\"ImageObject\",\"inLanguage\":\"pt-BR\",\"@id\":\"https:\\\/\\\/cj.estrategia.com\\\/portal\\\/wp-content\\\/uploads\\\/2022\\\/05\\\/12164923\\\/estrategia-carreira-juridica-coordenacao-96x96.png\",\"url\":\"https:\\\/\\\/cj.estrategia.com\\\/portal\\\/wp-content\\\/uploads\\\/2022\\\/05\\\/12164923\\\/estrategia-carreira-juridica-coordenacao-96x96.png\",\"contentUrl\":\"https:\\\/\\\/cj.estrategia.com\\\/portal\\\/wp-content\\\/uploads\\\/2022\\\/05\\\/12164923\\\/estrategia-carreira-juridica-coordenacao-96x96.png\",\"caption\":\"Coordena\u00e7\u00e3o\"},\"url\":\"https:\\\/\\\/cj.estrategia.com\\\/portal\\\/author\\\/coordenacao\\\/\"}]}<\/script>\n<!-- \/ Yoast SEO Premium plugin. -->","yoast_head_json":{"title":"Concurso MPTCU Procurador: validade da sele\u00e7\u00e3o de 2015 expirou","description":"Concurso MPTCU Procurador: expirado o prazo de validade do certame retomado em abril deste ano, ap\u00f3s sua suspens\u00e3o ocorrida em 2020.","robots":{"index":"index","follow":"follow","max-snippet":"max-snippet:-1","max-image-preview":"max-image-preview:large","max-video-preview":"max-video-preview:-1"},"canonical":"https:\/\/cj.estrategia.com\/portal\/concurso-mptcu-procurador\/","og_locale":"pt_BR","og_type":"article","og_title":"Concurso MPTCU Procurador: validade da sele\u00e7\u00e3o de 2015 expirou","og_description":"Concurso MPTCU Procurador: expirado o prazo de validade do certame retomado em abril deste ano, ap\u00f3s sua suspens\u00e3o ocorrida em 2020.","og_url":"https:\/\/cj.estrategia.com\/portal\/concurso-mptcu-procurador\/","og_site_name":"Blog - Carreiras Jur\u00eddicas - Estrat\u00e9gia","article_publisher":"https:\/\/www.facebook.com\/estrategiacarreirajuridica\/","article_published_time":"2022-05-31T18:40:00+00:00","article_modified_time":"2025-09-17T12:28:52+00:00","og_image":[{"width":1170,"height":700,"url":"https:\/\/cj.estrategia.com\/portal\/wp-content\/uploads\/2022\/05\/31174631\/tcu.jpg","type":"image\/jpeg"}],"author":"Coordena\u00e7\u00e3o","twitter_card":"summary_large_image","twitter_creator":"@EstratJuridica","twitter_site":"@EstratJuridica","twitter_misc":{"Escrito por":"Coordena\u00e7\u00e3o","Est. tempo de leitura":"10 minutos"},"schema":{"@context":"https:\/\/schema.org","@graph":[{"@type":"NewsArticle","@id":"https:\/\/cj.estrategia.com\/portal\/concurso-mptcu-procurador\/#article","isPartOf":{"@id":"https:\/\/cj.estrategia.com\/portal\/concurso-mptcu-procurador\/"},"author":{"name":"Coordena\u00e7\u00e3o","@id":"https:\/\/cj.estrategia.com\/portal\/#\/schema\/person\/4d70317d31449932b99102916b6637f5"},"headline":"Concurso MPTCU Procurador: validade da sele\u00e7\u00e3o de 2015 expirou","datePublished":"2022-05-31T18:40:00+00:00","dateModified":"2025-09-17T12:28:52+00:00","mainEntityOfPage":{"@id":"https:\/\/cj.estrategia.com\/portal\/concurso-mptcu-procurador\/"},"wordCount":1833,"commentCount":0,"publisher":{"@id":"https:\/\/cj.estrategia.com\/portal\/#organization"},"image":{"@id":"https:\/\/cj.estrategia.com\/portal\/concurso-mptcu-procurador\/#primaryimage"},"thumbnailUrl":"https:\/\/cj.estrategia.com\/portal\/wp-content\/uploads\/2022\/05\/31174631\/tcu.jpg","articleSection":["Carreiras Jur\u00eddicas","Procuradoria"],"inLanguage":"pt-BR","potentialAction":[{"@type":"CommentAction","name":"Comment","target":["https:\/\/cj.estrategia.com\/portal\/concurso-mptcu-procurador\/#respond"]}]},{"@type":"WebPage","@id":"https:\/\/cj.estrategia.com\/portal\/concurso-mptcu-procurador\/","url":"https:\/\/cj.estrategia.com\/portal\/concurso-mptcu-procurador\/","name":"Concurso MPTCU Procurador: validade da sele\u00e7\u00e3o de 2015 expirou","isPartOf":{"@id":"https:\/\/cj.estrategia.com\/portal\/#website"},"primaryImageOfPage":{"@id":"https:\/\/cj.estrategia.com\/portal\/concurso-mptcu-procurador\/#primaryimage"},"image":{"@id":"https:\/\/cj.estrategia.com\/portal\/concurso-mptcu-procurador\/#primaryimage"},"thumbnailUrl":"https:\/\/cj.estrategia.com\/portal\/wp-content\/uploads\/2022\/05\/31174631\/tcu.jpg","datePublished":"2022-05-31T18:40:00+00:00","dateModified":"2025-09-17T12:28:52+00:00","description":"Concurso MPTCU Procurador: expirado o prazo de validade do certame retomado em abril deste ano, ap\u00f3s sua suspens\u00e3o ocorrida em 2020.","breadcrumb":{"@id":"https:\/\/cj.estrategia.com\/portal\/concurso-mptcu-procurador\/#breadcrumb"},"inLanguage":"pt-BR","potentialAction":[{"@type":"ReadAction","target":["https:\/\/cj.estrategia.com\/portal\/concurso-mptcu-procurador\/"]}]},{"@type":"ImageObject","inLanguage":"pt-BR","@id":"https:\/\/cj.estrategia.com\/portal\/concurso-mptcu-procurador\/#primaryimage","url":"https:\/\/cj.estrategia.com\/portal\/wp-content\/uploads\/2022\/05\/31174631\/tcu.jpg","contentUrl":"https:\/\/cj.estrategia.com\/portal\/wp-content\/uploads\/2022\/05\/31174631\/tcu.jpg","width":1170,"height":700,"caption":"Concurso MPTCU Procurador"},{"@type":"BreadcrumbList","@id":"https:\/\/cj.estrategia.com\/portal\/concurso-mptcu-procurador\/#breadcrumb","itemListElement":[{"@type":"ListItem","position":1,"name":"In\u00edcio","item":"https:\/\/cj.estrategia.com\/portal\/"},{"@type":"ListItem","position":2,"name":"Concurso MPTCU Procurador: validade da sele\u00e7\u00e3o de 2015 expirou"}]},{"@type":"WebSite","@id":"https:\/\/cj.estrategia.com\/portal\/#website","url":"https:\/\/cj.estrategia.com\/portal\/","name":"Blog - Carreiras Jur\u00eddicas - Estrat\u00e9gia","description":"","publisher":{"@id":"https:\/\/cj.estrategia.com\/portal\/#organization"},"potentialAction":[{"@type":"SearchAction","target":{"@type":"EntryPoint","urlTemplate":"https:\/\/cj.estrategia.com\/portal\/?s={search_term_string}"},"query-input":{"@type":"PropertyValueSpecification","valueRequired":true,"valueName":"search_term_string"}}],"inLanguage":"pt-BR"},{"@type":"Organization","@id":"https:\/\/cj.estrategia.com\/portal\/#organization","name":"Estrat\u00e9gia - Carreiras Jur\u00eddicas","url":"https:\/\/cj.estrategia.com\/portal\/","logo":{"@type":"ImageObject","inLanguage":"pt-BR","@id":"https:\/\/cj.estrategia.com\/portal\/#\/schema\/logo\/image\/","url":"https:\/\/cj.estrategia.com\/portal\/wp-content\/uploads\/2022\/03\/11151052\/cj-logo.png","contentUrl":"https:\/\/cj.estrategia.com\/portal\/wp-content\/uploads\/2022\/03\/11151052\/cj-logo.png","width":150,"height":39,"caption":"Estrat\u00e9gia - Carreiras Jur\u00eddicas"},"image":{"@id":"https:\/\/cj.estrategia.com\/portal\/#\/schema\/logo\/image\/"},"sameAs":["https:\/\/www.facebook.com\/estrategiacarreirajuridica\/","https:\/\/x.com\/EstratJuridica","https:\/\/www.instagram.com\/estrategiacarreirajuridica\/","https:\/\/www.youtube.com\/channel\/UClbMGuYbj2Mh1m3w144ETWQ"]},{"@type":"Person","@id":"https:\/\/cj.estrategia.com\/portal\/#\/schema\/person\/4d70317d31449932b99102916b6637f5","name":"Coordena\u00e7\u00e3o","image":{"@type":"ImageObject","inLanguage":"pt-BR","@id":"https:\/\/cj.estrategia.com\/portal\/wp-content\/uploads\/2022\/05\/12164923\/estrategia-carreira-juridica-coordenacao-96x96.png","url":"https:\/\/cj.estrategia.com\/portal\/wp-content\/uploads\/2022\/05\/12164923\/estrategia-carreira-juridica-coordenacao-96x96.png","contentUrl":"https:\/\/cj.estrategia.com\/portal\/wp-content\/uploads\/2022\/05\/12164923\/estrategia-carreira-juridica-coordenacao-96x96.png","caption":"Coordena\u00e7\u00e3o"},"url":"https:\/\/cj.estrategia.com\/portal\/author\/coordenacao\/"}]}},"jetpack_featured_media_url":"https:\/\/cj.estrategia.com\/portal\/wp-content\/uploads\/2022\/05\/31174631\/tcu.jpg","jetpack_sharing_enabled":true,"_links":{"self":[{"href":"https:\/\/cj.estrategia.com\/portal\/wp-json\/wp\/v2\/posts\/6808","targetHints":{"allow":["GET"]}}],"collection":[{"href":"https:\/\/cj.estrategia.com\/portal\/wp-json\/wp\/v2\/posts"}],"about":[{"href":"https:\/\/cj.estrategia.com\/portal\/wp-json\/wp\/v2\/types\/post"}],"author":[{"embeddable":true,"href":"https:\/\/cj.estrategia.com\/portal\/wp-json\/wp\/v2\/users\/12"}],"replies":[{"embeddable":true,"href":"https:\/\/cj.estrategia.com\/portal\/wp-json\/wp\/v2\/comments?post=6808"}],"version-history":[{"count":50,"href":"https:\/\/cj.estrategia.com\/portal\/wp-json\/wp\/v2\/posts\/6808\/revisions"}],"predecessor-version":[{"id":151652,"href":"https:\/\/cj.estrategia.com\/portal\/wp-json\/wp\/v2\/posts\/6808\/revisions\/151652"}],"wp:featuredmedia":[{"embeddable":true,"href":"https:\/\/cj.estrategia.com\/portal\/wp-json\/wp\/v2\/media\/6833"}],"wp:attachment":[{"href":"https:\/\/cj.estrategia.com\/portal\/wp-json\/wp\/v2\/media?parent=6808"}],"wp:term":[{"taxonomy":"category","embeddable":true,"href":"https:\/\/cj.estrategia.com\/portal\/wp-json\/wp\/v2\/categories?post=6808"},{"taxonomy":"post_tag","embeddable":true,"href":"https:\/\/cj.estrategia.com\/portal\/wp-json\/wp\/v2\/tags?post=6808"},{"taxonomy":"tax_estado","embeddable":true,"href":"https:\/\/cj.estrategia.com\/portal\/wp-json\/wp\/v2\/tax_estado?post=6808"}],"curies":[{"name":"wp","href":"https:\/\/api.w.org\/{rel}","templated":true}]}}