{"id":67382,"date":"2024-07-19T17:00:00","date_gmt":"2024-07-19T20:00:00","guid":{"rendered":"https:\/\/cj.estrategia.com\/portal\/?p=67382"},"modified":"2024-07-02T22:29:40","modified_gmt":"2024-07-03T01:29:40","slug":"pantanal-mato-grossense-omissao","status":"publish","type":"post","link":"https:\/\/cj.estrategia.com\/portal\/pantanal-mato-grossense-omissao\/","title":{"rendered":"Pantanal Mato-Grossense e omiss\u00e3o do Congresso"},"content":{"rendered":"<div class=\"wp-block-image\">\n<figure class=\"aligncenter size-large\"><img decoding=\"async\" width=\"1024\" height=\"683\" src=\"https:\/\/cj.estrategia.com\/portal\/wp-content\/uploads\/2024\/06\/29110355\/beautiful-endangered-american-jaguar-nature-habitat-panthera-onca-wild-brasil-brasilian-wildlife-pantanal-green-jungle-big-cats-1024x683.jpg\" alt=\"Pantanal Mato-Grossense e omiss\u00e3o inconstitucional do Congresso\" class=\"wp-image-67383\" srcset=\"https:\/\/cj.estrategia.com\/portal\/wp-content\/uploads\/2024\/06\/29110355\/beautiful-endangered-american-jaguar-nature-habitat-panthera-onca-wild-brasil-brasilian-wildlife-pantanal-green-jungle-big-cats-1024x683.jpg 1024w, https:\/\/cj.estrategia.com\/portal\/wp-content\/uploads\/2024\/06\/29110355\/beautiful-endangered-american-jaguar-nature-habitat-panthera-onca-wild-brasil-brasilian-wildlife-pantanal-green-jungle-big-cats-300x200.jpg 300w, https:\/\/cj.estrategia.com\/portal\/wp-content\/uploads\/2024\/06\/29110355\/beautiful-endangered-american-jaguar-nature-habitat-panthera-onca-wild-brasil-brasilian-wildlife-pantanal-green-jungle-big-cats-768x512.jpg 768w, https:\/\/cj.estrategia.com\/portal\/wp-content\/uploads\/2024\/06\/29110355\/beautiful-endangered-american-jaguar-nature-habitat-panthera-onca-wild-brasil-brasilian-wildlife-pantanal-green-jungle-big-cats-1536x1024.jpg 1536w, https:\/\/cj.estrategia.com\/portal\/wp-content\/uploads\/2024\/06\/29110355\/beautiful-endangered-american-jaguar-nature-habitat-panthera-onca-wild-brasil-brasilian-wildlife-pantanal-green-jungle-big-cats-2048x1365.jpg 2048w, https:\/\/cj.estrategia.com\/portal\/wp-content\/uploads\/2024\/06\/29110355\/beautiful-endangered-american-jaguar-nature-habitat-panthera-onca-wild-brasil-brasilian-wildlife-pantanal-green-jungle-big-cats-380x253.jpg 380w, https:\/\/cj.estrategia.com\/portal\/wp-content\/uploads\/2024\/06\/29110355\/beautiful-endangered-american-jaguar-nature-habitat-panthera-onca-wild-brasil-brasilian-wildlife-pantanal-green-jungle-big-cats-800x533.jpg 800w, https:\/\/cj.estrategia.com\/portal\/wp-content\/uploads\/2024\/06\/29110355\/beautiful-endangered-american-jaguar-nature-habitat-panthera-onca-wild-brasil-brasilian-wildlife-pantanal-green-jungle-big-cats-1160x773.jpg 1160w, https:\/\/cj.estrategia.com\/portal\/wp-content\/uploads\/2024\/06\/29110355\/beautiful-endangered-american-jaguar-nature-habitat-panthera-onca-wild-brasil-brasilian-wildlife-pantanal-green-jungle-big-cats-150x100.jpg 150w, https:\/\/cj.estrategia.com\/portal\/wp-content\/uploads\/2024\/06\/29110355\/beautiful-endangered-american-jaguar-nature-habitat-panthera-onca-wild-brasil-brasilian-wildlife-pantanal-green-jungle-big-cats-scaled.jpg 2560w\" sizes=\"(max-width: 1024px) 100vw, 1024px\" \/><figcaption class=\"wp-element-caption\">Pantanal Mato-Grossense e omiss\u00e3o inconstitucional do Congresso<\/figcaption><\/figure>\n<\/div>\n\n\n<p>Neste artigo falaremos sobre o Pantanal Mato-Grossense e a omiss\u00e3o inconstitucional do Congresso Nacional, tema enfrentado recentemente pelo Supremo Tribunal Federal (STF).<\/p>\n\n\n\n<p>Desse modo, teceremos algumas considera\u00e7\u00f5es iniciais sobre o meio ambiente na Constitui\u00e7\u00e3o Federal (CF\/88), falando sobre os princ\u00edpios do meio ambiente ecologicamente equilibrado e do desenvolvimento sustent\u00e1vel.<\/p>\n\n\n\n<p>Na sequ\u00eancia, falaremos sobre a prote\u00e7\u00e3o ao meio ambiente e sua utiliza\u00e7\u00e3o sustent\u00e1vel, conforme artigo 225 da Constitui\u00e7\u00e3o da Rep\u00fablica.<\/p>\n\n\n\n<p>Aprofundando, abordaremos as disposi\u00e7\u00f5es legais e jurisprudenciais sobre o Pantanal Mato-Grossense e a (in)exist\u00eancia do estado de coisas inconstitucional.<\/p>\n\n\n\n<p>Por fim, comentaremos o que o STF entendeu no julgamento da <a href=\"https:\/\/portal.stf.jus.br\/processos\/detalhe.asp?incidente=6132005\" target=\"_blank\" >A\u00e7\u00e3o Direta de Inconstitucionalidade por Omiss\u00e3o (ADO) n\u00ba 63\/MS<\/a>, em que se discutia a (in)exist\u00eancia de omiss\u00e3o inconstitucional do Congresso Nacional na edi\u00e7\u00e3o de lei regulamentadora espec\u00edfica para a prote\u00e7\u00e3o do bioma do Pantanal Mato-Grossense (CF\/1988, art. 225, \u00a7 4\u00ba).<\/p>\n\n\n\n<p>Vamos ao que interessa!<\/p>\n\n\n\n<div class=\"wp-block-yoast-seo-table-of-contents yoast-table-of-contents\"><h2 id=\"sumario\"><mark style=\"background-color:rgba(0, 0, 0, 0)\" class=\"has-inline-color has-luminous-vivid-amber-color\">Sum\u00e1rio<\/mark><\/h2><ul><li><a href=\"#h-pantanal-mato-grossense-e-omissao-inconstitucional-do-congresso\" data-level=\"2\">Pantanal Mato-Grossense e omiss\u00e3o inconstitucional do Congresso<\/a><ul><li><a href=\"#h-meio-ambiente-na-constituicao-federal\" data-level=\"3\">Meio ambiente na Constitui\u00e7\u00e3o Federal<\/a><ul><li><a href=\"#h-principios-do-meio-ambiente-ecologicamente-equilibrado-e-do-desenvolvimento-sustentavel\" data-level=\"4\">Princ\u00edpios do meio ambiente ecologicamente equilibrado e do desenvolvimento sustent\u00e1vel<\/a><\/li><li><a href=\"#h-protecao-ao-meio-ambiente-e-sua-utilizacao-sustentavel\" data-level=\"4\">Prote\u00e7\u00e3o ao meio ambiente e sua utiliza\u00e7\u00e3o sustent\u00e1vel<\/a><\/li><li><a href=\"#h-pantanal-mato-grossense-e-estado-de-coisas-inconstitucional\" data-level=\"4\">Pantanal Mato-Grossense e estado de coisas inconstitucional<\/a><\/li><\/ul><\/li><li><a href=\"#h-ado-n\u00ba-63-ms-protecao-do-pantanal-x-omissao-inconstitucional-do-congresso-nacional\" data-level=\"3\">ADO n\u00ba 63\/MS (prote\u00e7\u00e3o do Pantanal X omiss\u00e3o inconstitucional do Congresso Nacional)<\/a><\/li><\/ul><\/li><li><a href=\"#h-conclusao\" data-level=\"2\">Conclus\u00e3o<\/a><\/li><li><a href=\"#cursos-ficha\" data-level=\"2\">Quer estudar para Concursos Jur\u00eddicos em 2024?<\/a><\/li><\/ul><\/div>\n\n\n\n<h2 class=\"wp-block-heading has-luminous-vivid-amber-color has-text-color has-link-color wp-elements-03c8c60c7768140bddf6a16f0285f90d\" id=\"h-pantanal-mato-grossense-e-omissao-inconstitucional-do-congresso\"><span id=\"pantanal-mato-grossense-e-omissao-inconstitucional-do-congresso\">Pantanal Mato-Grossense e omiss\u00e3o inconstitucional do Congresso<\/span><\/h2>\n\n\n\n<h3 class=\"wp-block-heading has-luminous-vivid-amber-color has-text-color has-link-color wp-elements-394de9806b26cce2c6ebc4fd0b5727dd\" id=\"h-meio-ambiente-na-constituicao-federal\"><span id=\"meio-ambiente-na-constituicao-federal\">Meio ambiente na Constitui\u00e7\u00e3o Federal<\/span><\/h3>\n\n\n\n<h4 class=\"wp-block-heading has-luminous-vivid-amber-color has-text-color has-link-color wp-elements-571933d989fe5d7e7a372aa9466a1ad2\" id=\"h-principios-do-meio-ambiente-ecologicamente-equilibrado-e-do-desenvolvimento-sustentavel\"><span id=\"principios-do-meio-ambiente-ecologicamente-equilibrado-e-do-desenvolvimento-sustentavel\">Princ\u00edpios do meio ambiente ecologicamente equilibrado e do desenvolvimento sustent\u00e1vel<\/span><\/h4>\n\n\n\n<p>A Constitui\u00e7\u00e3o Federal, em seu artigo 225, refere que <strong>todos t\u00eam direito ao meio ambiente ecologicamente equilibrado<\/strong>, bem de uso comum do povo e essencial \u00e0 sadia qualidade de vida.<\/p>\n\n\n\n<p>Trata-se do chamado <strong>princ\u00edpio do meio ambiente ecologicamente equilibrado<\/strong>.&nbsp;<\/p>\n\n\n\n<p>Ademais, em seu <em>caput<\/em>, parte final, o artigo 225 disp\u00f5e que \u00e9 <strong>dever do Poder P\u00fablico e da coletividade <\/strong>defender o meio ambiente e <strong>preserv\u00e1-lo para as presentes e futuras gera\u00e7\u00f5es.<\/strong><\/p>\n\n\n\n<p>Na mesma esteira, a Constitui\u00e7\u00e3o, em seu artigo 170, inciso VI, afirma que <strong>um dos princ\u00edpios pelos quais a ordem econ\u00f4mica brasileira deve se pautar \u00e9 o da defesa do meio ambiente<\/strong>, inclusive mediante tratamento diferenciado conforme o impacto ambiental dos produtos e servi\u00e7os e de seus processos de elabora\u00e7\u00e3o e presta\u00e7\u00e3o.<\/p>\n\n\n\n<p>A doutrina de Direito Ambiental leciona que esses dispositivos constitucionais veiculam, implicitamente, o chamado <strong>princ\u00edpio do desenvolvimento sustent\u00e1vel<\/strong>, um dos principais princ\u00edpios desse ramo jur\u00eddico.<\/p>\n\n\n\n<p>Essa mesma diretriz consta como objetivo da Pol\u00edtica Nacional do Meio Ambiente (PNMA), institu\u00edda pela Lei n\u00ba 6.938\/1981, que, em seu artigo 4\u00ba, inciso I, disp\u00f5e que a PNMA tem por objetivo a <strong>compatibiliza\u00e7\u00e3o do desenvolvimento econ\u00f4mico-social com a preserva\u00e7\u00e3o da qualidade do meio ambiente e do equil\u00edbrio ecol\u00f3gico<\/strong>.<\/p>\n\n\n\n<p>O STF j\u00e1 referiu que esse princ\u00edpio foi introduzido ao ordenamento jur\u00eddico pela Confer\u00eancia Eco-92, no Rio de Janeiro, e consiste na <strong>necess\u00e1ria composi\u00e7\u00e3o entre o crescimento socioecon\u00f4mico e o uso adequado e razo\u00e1vel dos recursos naturais <\/strong>(ADC 42, Relator Ministro Luiz Fux, Tribunal Pleno, julgado em 28-02-2018).<\/p>\n\n\n\n<h4 class=\"wp-block-heading has-luminous-vivid-amber-color has-text-color has-link-color wp-elements-a9eaf15d4793abbbfa2f0050cb7c45eb\" id=\"h-protecao-ao-meio-ambiente-e-sua-utilizacao-sustentavel\"><span id=\"protecao-ao-meio-ambiente-e-sua-utilizacao-sustentavel\">Prote\u00e7\u00e3o ao meio ambiente e sua utiliza\u00e7\u00e3o sustent\u00e1vel<\/span><\/h4>\n\n\n\n<p>O \u00a7 1\u00ba do artigo 225 da CF prev\u00ea algumas <strong>medidas de compet\u00eancia do Poder P\u00fablico<\/strong> para assegurar o direito ao meio ambiente ecologicamente equilibrado.<\/p>\n\n\n\n<p>Como <strong>exemplo, <\/strong>destacamos a preserva\u00e7\u00e3o e restaura\u00e7\u00e3o dos processos ecol\u00f3gicos essenciais; a promo\u00e7\u00e3o do manejo ecol\u00f3gico das esp\u00e9cies e ecossistemas; a promo\u00e7\u00e3o da educa\u00e7\u00e3o ambiental em todos os n\u00edveis de ensino e a conscientiza\u00e7\u00e3o p\u00fablica para a preserva\u00e7\u00e3o do meio ambiente; a prote\u00e7\u00e3o da fauna e da flora, etc.<\/p>\n\n\n\n<p>Al\u00e9m disso, \u00e9 importante destacar que <strong>preservar e respeitar o meio ambiente n\u00e3o significa, necessariamente, n\u00e3o dispor dele.&nbsp;<\/strong><\/p>\n\n\n\n<p>No entanto, como j\u00e1 percebemos, a utiliza\u00e7\u00e3o deve se dar de forma sustent\u00e1vel, com observ\u00e2ncia tanto dos princ\u00edpios que j\u00e1 destacamos acima quanto de outros, tais quais os princ\u00edpios da solidariedade intergeracional, da preven\u00e7\u00e3o, da precau\u00e7\u00e3o, etc.<\/p>\n\n\n\n<p>Tanto \u00e9 assim que o inciso III do \u00a7 1\u00ba do artigo 225 da CF disp\u00f5e que incumbe ao Poder P\u00fablico definir, em todas as unidades da Federa\u00e7\u00e3o, espa\u00e7os territoriais e seus componentes a serem especialmente protegidos, <strong>sendo a altera\u00e7\u00e3o e a supress\u00e3o permitidas somente atrav\u00e9s de lei<\/strong>, vedada qualquer utiliza\u00e7\u00e3o que comprometa a integridade dos atributos que justifiquem sua prote\u00e7\u00e3o.<\/p>\n\n\n\n<h4 class=\"wp-block-heading has-luminous-vivid-amber-color has-text-color has-link-color wp-elements-a09472f3e3ab0bd92c7110dc64c4c374\" id=\"h-pantanal-mato-grossense-e-estado-de-coisas-inconstitucional\"><span id=\"pantanal-mato-grossense-e-estado-de-coisas-inconstitucional\">Pantanal Mato-Grossense e estado de coisas inconstitucional<\/span><\/h4>\n\n\n\n<p>Ainda dentre desse contexto de utiliza\u00e7\u00e3o do meio ambiente da maneira correta, o \u00a7 4\u00ba do artigo 225 disp\u00f5e:<\/p>\n\n\n\n<div class=\"wp-block-group is-style-cnvs-block-bg-light\"><div class=\"wp-block-group__inner-container is-layout-constrained wp-block-group-is-layout-constrained\">\n<p>\u00a7 4\u00ba A Floresta Amaz\u00f4nica brasileira, a Mata Atl\u00e2ntica, a Serra do Mar, <strong>o Pantanal Mato-Grossense<\/strong> e a Zona Costeira <strong>s\u00e3o patrim\u00f4nio nacional, e sua utiliza\u00e7\u00e3o far-se-\u00e1, na forma da lei,<\/strong> dentro de condi\u00e7\u00f5es que assegurem a preserva\u00e7\u00e3o do meio ambiente, inclusive quanto ao uso dos recursos naturais.<\/p>\n<\/div><\/div>\n\n\n\n<p>Sobre esse dispositivo, o STF, no julgamento do MS 22.164, entendeu que o \u00a7 4\u00ba acima <em>\u201c<\/em><strong><em>n\u00e3o atua, em tese, como impedimento jur\u00eddico<\/em><\/strong><em> \u00e0 efetiva\u00e7\u00e3o, pela Uni\u00e3o Federal, de <\/em><strong><em>atividade expropriat\u00f3ria destinada a promover e a executar projetos de reforma agr\u00e1ria<\/em><\/strong><em> nas \u00e1reas referidas nesse preceito constitucional, <\/em><strong><em>notadamente nos im\u00f3veis rurais situados no Pantanal Mato-Grossense<\/em><\/strong><em>\u201d<\/em>.<\/p>\n\n\n\n<p>No entanto, \u00e9 importante destacar que estamos diante de <strong>norma constitucional de efic\u00e1cia limitada<\/strong>, que \u00e9 aquela que, embora conste da CF\/88, precisa de regulamenta\u00e7\u00e3o para produzir efeitos plenos. Antes disso, seus efeitos s\u00e3o restritos e basicamente o que h\u00e1 \u00e9 t\u00e3o somente a previs\u00e3o constitucional do direito, sem que se possa dele gozar.<\/p>\n\n\n\n<p>Assim, <strong>a express\u00e3o \u201cna forma da lei\u201d do \u00a7 4\u00ba condiciona a utiliza\u00e7\u00e3o<\/strong> daqueles biomas e, al\u00e9m disso, <strong>faz com que fique sem efeito a parte final do dispositivo<\/strong> \u201cutiliza\u00e7\u00e3o (&#8230;) dentro de condi\u00e7\u00f5es que assegurem a preserva\u00e7\u00e3o do meio ambiente, inclusive quanto ao uso dos recursos naturais\u201d.<\/p>\n\n\n\n<p>\u00c9 interessante notar que o STF, no julgamento das A\u00e7\u00f5es de Descumprimento de Preceito Fundamental (ADPFs) n\u00ba 743\/DF, 746\/DF e 857\/MS, entendeu que <strong>N\u00c3O h\u00e1 estado de coisas inconstitucional na pol\u00edtica de prote\u00e7\u00e3o ambiental da Amaz\u00f4nia e do Pantanal.<\/strong><\/p>\n\n\n\n<p><strong>No entanto, o Supremo reconheceu que<\/strong>, para que haja o efetivo cumprimento do direito constitucional ao meio ambiente ecologicamente equilibrado e do respectivo dever do Poder P\u00fablico em defend\u00ea-lo e preserv\u00e1-lo para as presentes e futuras gera\u00e7\u00f5es (CF\/1988, art. 225), <strong>\u00e9 necess\u00e1ria a ado\u00e7\u00e3o de algumas provid\u00eancias.<\/strong><\/p>\n\n\n\n<p>Nesse julgamento, finalizado em <strong>21\/03\/2024<\/strong>, a Corte Constitucional determinou a ado\u00e7\u00e3o das seguintes medidas:<\/p>\n\n\n\n<ul class=\"wp-block-list\">\n<li>o <strong>Governo Federal <\/strong>deveria apresentar, no <strong>prazo de 90 dias, um plano de preven\u00e7\u00e3o e combate aos inc\u00eandios no Pantanal e na Amaz\u00f4nia<\/strong> que abarque medidas efetivas e concretas para controlar ou mitigar os inc\u00eandios;<\/li>\n<\/ul>\n\n\n\n<ul class=\"wp-block-list\">\n<li>o <strong>Governo Federal<\/strong> deveria apresentar, no <strong>prazo de 90 dias<\/strong>, um plano de <strong>recupera\u00e7\u00e3o da capacidade operacional do<\/strong> Sistema Nacional de Preven\u00e7\u00e3o e Combate aos Inc\u00eandios Florestais (<strong>PREVFOGO<\/strong>), bem como <strong>disponibilizar publicamente <\/strong>em formato aberto pela Uni\u00e3o em <strong>relat\u00f3rios semestrais as a\u00e7\u00f5es e resultados<\/strong> das medidas adotadas na execu\u00e7\u00e3o do Plano de A\u00e7\u00e3o para Preven\u00e7\u00e3o e Controle do Desmatamento na Amaz\u00f4nia Legal (<strong>PPCDAm<\/strong>);<\/li>\n<\/ul>\n\n\n\n<ul class=\"wp-block-list\">\n<li>o <strong>Ibama e os Governos estaduais<\/strong>, por meio de suas secretarias de meio ambiente ou afins, devem <strong>garantir a publicidade dos dados referentes \u00e0s autoriza\u00e7\u00f5es de supress\u00e3o de vegeta\u00e7\u00e3o<\/strong>.<\/li>\n<\/ul>\n\n\n\n<ul class=\"wp-block-list\">\n<li>o <strong>Conselho Nacional de Justi\u00e7a (CNJ),<\/strong> <strong>em conjunto com o STF, <\/strong>ficar\u00e1 respons\u00e1vel por <strong>monitorar,<\/strong> atrav\u00e9s do Observat\u00f3rio do Meio Ambiente do Poder Judici\u00e1rio, <strong>os processos com grande impacto sobre o desmatamento<\/strong>.<\/li>\n<\/ul>\n\n\n\n<h3 class=\"wp-block-heading has-luminous-vivid-amber-color has-text-color has-link-color wp-elements-9de7607cbcd2c0392a300e6ac027def3\" id=\"h-ado-n\u00ba-63-ms-protecao-do-pantanal-x-omissao-inconstitucional-do-congresso-nacional\"><span id=\"ado-no-63-ms-protecao-do-pantanal-x-omissao-inconstitucional-do-congresso-nacional\">ADO n\u00ba 63\/MS (prote\u00e7\u00e3o do Pantanal X omiss\u00e3o inconstitucional do Congresso Nacional)<\/span><\/h3>\n\n\n\n<p>Foi justamente com base na necessidade de lei para regulamentar o \u00a7 4\u00ba que vimos acima \u00e9 que chegou ao Supremo Tribunal Federal a <a href=\"https:\/\/portal.stf.jus.br\/processos\/detalhe.asp?incidente=6132005\">A\u00e7\u00e3o Direta de Inconstituciona<\/a><a href=\"https:\/\/portal.stf.jus.br\/processos\/detalhe.asp?incidente=6132005\" target=\"_blank\" >l<\/a><a href=\"https:\/\/portal.stf.jus.br\/processos\/detalhe.asp?incidente=6132005\">idade por Omiss\u00e3o (ADO) n\u00ba 63\/MS<\/a>.<\/p>\n\n\n\n<p>A ADO foi ajuizada pelo Minist\u00e9rio P\u00fablico Federal e teve como relator no STF o Ministro Andr\u00e9 Mendon\u00e7a.<\/p>\n\n\n\n<p>O Relator <a href=\"https:\/\/www.youtube.com\/watch?v=wgzW-698aV4&amp;t=1810s\" target=\"_blank\" >iniciou sua manifesta\u00e7\u00e3o<\/a> destacando a presen\u00e7a do crime organizado no \u00e2mbito ambiental, apontando que o Brasil tem o 2\u00ba pior indicador mundial de crimes contra a flora e o 3\u00ba pior indicador em crimes contra a fauna.<\/p>\n\n\n\n<p>Al\u00e9m disso, apontou que h\u00e1 sim mora legislativa do Congresso Nacional na regulamenta\u00e7\u00e3o dos biomas constantes do \u00a7 4\u00ba do artigo 225 da CF, principalmente no que tange ao Pantanal Mato-Grossense.<\/p>\n\n\n\n<p>Destacou que a express\u00e3o \u201cpatrim\u00f4nio nacional\u201d trouxe uma excepcional e diferenciada posi\u00e7\u00e3o a esses biomas, de modo que merecem um tratamento legislativo espec\u00edfico.<\/p>\n\n\n\n<p>Dessa forma, deve-se tanto buscar a preservar a soberania nacional quanto a conferir especial tratamento ao patrim\u00f4nio que n\u00e3o \u00e9 s\u00f3 dos brasileiros, mas de toda humanidade e das futuras gera\u00e7\u00f5es.&nbsp;<\/p>\n\n\n\n<p>A conclus\u00e3o, portanto, foi a de que, passados mais de 35 anos desde a promulga\u00e7\u00e3o da CF\/88, <strong>h\u00e1 sim mora legislativa por n\u00e3o regulamentar as condi\u00e7\u00f5es de utiliza\u00e7\u00e3o do Pantanal Mato-Grossense, inclusive quanto \u00e0 explora\u00e7\u00e3o econ\u00f4mica adequada e sustent\u00e1vel dos seus recursos naturais.<\/strong><\/p>\n\n\n\n<p>Nesses termos, a Corte Constitucional decidiu que, enquanto n\u00e3o suprida a omiss\u00e3o inconstitucional ora reconhecida, aplicam-se a Lei n\u00ba 6.160\/2023, editada pelo Estado do Mato Grosso do Sul, e a Lei n\u00ba 8.830\/2008, editada pelo Estado do Mato Grosso.<\/p>\n\n\n\n<p>No entanto, \u00e9 importante apontar que o Relator destacou que isso n\u00e3o isenta a Uni\u00e3o de regulamentar a tem\u00e1tica, sobretudo considerando que h\u00e1 interesse de outros pa\u00edses vizinhos, de modo a dar uma dimens\u00e3o sist\u00eamica ao tratamento do bioma.<\/p>\n\n\n\n<p>Por fim, com o reconhecimento da exist\u00eancia de omiss\u00e3o inconstitucional, o STF <strong>fixou o prazo de 18 meses para que ela seja sanada<\/strong>.<\/p>\n\n\n\n<p>Para finalizar, vamos ver a Tese fixada pelo STF:<\/p>\n\n\n\n<div class=\"wp-block-group is-style-cnvs-block-shadow\"><div class=\"wp-block-group__inner-container is-layout-constrained wp-block-group-is-layout-constrained\">\n<p>\u201c1. Existe omiss\u00e3o inconstitucional relativamente \u00e0 edi\u00e7\u00e3o de lei regulamentadora da especial prote\u00e7\u00e3o do bioma Pantanal Mato-Grossense, prevista no art. 225, \u00a7 4\u00ba, in fine, da Constitui\u00e7\u00e3o. 2. Fica estabelecido o prazo de 18 (dezoito) meses para o Congresso Nacional sanar a omiss\u00e3o apontada, contados da publica\u00e7\u00e3o da ata de julgamento. 3. Revela-se inadequada, neste momento processual, a ado\u00e7\u00e3o de provimento normativo de car\u00e1ter tempor\u00e1rio atinente \u00e0 aplica\u00e7\u00e3o extensivo-anal\u00f3gica da Lei da Mata Atl\u00e2ntica (Lei n\u00ba 11.428, de 2006) ao Pantanal Mato-Grossense. 4. N\u00e3o sobrevindo a lei regulamentadora no prazo acima estabelecido, caber\u00e1 a este Tribunal determinar provid\u00eancias adicionais, substitutivas e\/ou supletivas, a t\u00edtulo de execu\u00e7\u00e3o da presente decis\u00e3o. 5. Nos termos do art. 24, \u00a7\u00a7 1\u00ba a 4\u00ba, da CF\/88, enquanto n\u00e3o suprida a omiss\u00e3o inconstitucional ora reconhecida, aplicam-se a Lei n\u00ba 6.160\/2023, editada pelo Estado do Mato Grosso do Sul, e a Lei n\u00ba 8.830\/2008, editada pelo Estado do Mato Grosso.\u201d<\/p>\n<\/div><\/div>\n\n\n\n<h2 class=\"wp-block-heading has-luminous-vivid-amber-color has-text-color has-link-color wp-elements-cdda687d0d49a5fa2eb8fc43b8bd7bff\" id=\"h-conclusao\"><span id=\"conclusao\">Conclus\u00e3o<\/span><\/h2>\n\n\n\n<p>Portanto, pessoal, esse foi nosso artigo sobre o Pantanal Mato-Grossense e a omiss\u00e3o inconstitucional do Congresso Nacional, tema enfrentado recentemente pelo Supremo Tribunal Federal (STF)<\/p>\n\n\n\n<p>Vimos que, para o STF, o Congresso Nacional est\u00e1 em mora na edi\u00e7\u00e3o de lei regulamentadora espec\u00edfica para a prote\u00e7\u00e3o do bioma do Pantanal Mato-Grossense (CF\/1988, art. 225, \u00a7 4\u00ba).&nbsp;<\/p>\n\n\n\n<p>Ademais, a Corte Constitucional decidiu que, enquanto n\u00e3o suprida a omiss\u00e3o inconstitucional ora reconhecida, aplicam-se a Lei n\u00ba 6.160\/2023, editada pelo Estado do Mato Grosso do Sul, e a Lei n\u00ba 8.830\/2008, editada pelo Estado do Mato Grosso.<\/p>\n\n\n\n<p>At\u00e9 a pr\u00f3xima!<\/p>\n\n\n\n<h2 class=\"wp-block-heading has-text-align-center has-luminous-vivid-amber-color has-text-color has-link-color wp-elements-110753a15cccfe0e2093c755bc2d76a6\" id=\"cursos-ficha\"><span id=\"quer-estudar-para-concursos-juridicos-em-2024\">Quer estudar para Concursos Jur\u00eddicos em 2024?<\/span><\/h2>\n\n\n\n<p class=\"has-text-align-left\">O Estrat\u00e9gia Carreira Jur\u00eddica \u00e9 campe\u00e3o de aprova\u00e7\u00f5es nos concursos para Carreiras Jur\u00eddicas com um corpo docente qualificado e materiais completos. Conhe\u00e7a nossos cursos e garanta sua aprova\u00e7\u00e3o em Concurso Jur\u00eddicos:<\/p>\n\n\n\n<p class=\"has-text-align-center has-pale-cyan-blue-background-color has-background\"><a href=\"https:\/\/cj.estrategia.com\/portal\/concursos-abertos-carreiras-juridicas\/\"><strong>Concursos abertos<\/strong><\/a><\/p>\n\n\n\n<p class=\"has-text-align-center has-pale-cyan-blue-background-color has-background\"><a href=\"https:\/\/cj.estrategia.com\/portal\/concursos-2024-carreiras-juridicas\/\"><strong>Concursos 2024<\/strong><\/a><\/p>\n","protected":false},"excerpt":{"rendered":"Neste artigo falaremos sobre o Pantanal Mato-Grossense e a omiss\u00e3o inconstitucional do Congresso Nacional, tema enfrentado recentemente pelo&hellip;\n","protected":false},"author":39,"featured_media":67383,"comment_status":"open","ping_status":"open","sticky":false,"template":"","format":"standard","meta":{"_jetpack_memberships_contains_paid_content":false,"footnotes":""},"categories":[1],"tags":[],"tax_estado":[30,31,32,33,34,35,36,37,38,39,40,41,42,43,44,45,46,47,48,49,50,51,52,53,54,55,56,57],"class_list":{"0":"post-67382","1":"post","2":"type-post","3":"status-publish","4":"format-standard","5":"has-post-thumbnail","7":"category-carreiras-juridicas","8":"tax_estado-ac","9":"tax_estado-al","10":"tax_estado-am","11":"tax_estado-ap","12":"tax_estado-ba","13":"tax_estado-ce","14":"tax_estado-concursos-federais","15":"tax_estado-df","16":"tax_estado-es","17":"tax_estado-go","18":"tax_estado-ma","19":"tax_estado-mg","20":"tax_estado-ms","21":"tax_estado-mt","22":"tax_estado-pa","23":"tax_estado-pb","24":"tax_estado-pe","25":"tax_estado-pi","26":"tax_estado-pr","27":"tax_estado-rj","28":"tax_estado-rn","29":"tax_estado-ro","30":"tax_estado-rr","31":"tax_estado-rs","32":"tax_estado-sc","33":"tax_estado-se","34":"tax_estado-sp","35":"tax_estado-to"},"acf":[],"yoast_head":"<!-- This site is optimized with the Yoast SEO Premium plugin v27.4 (Yoast SEO v27.4) - https:\/\/yoast.com\/product\/yoast-seo-premium-wordpress\/ -->\n<title>Pantanal Mato-Grossense e omiss\u00e3o do Congresso<\/title>\n<meta name=\"description\" content=\"Confira nosso artigo sobre o Pantanal Mato-Grossense e a omiss\u00e3o do Congresso Nacional, tema enfrentado recentemente pelo STF.\" \/>\n<meta name=\"robots\" content=\"index, follow, max-snippet:-1, max-image-preview:large, max-video-preview:-1\" \/>\n<link rel=\"canonical\" href=\"https:\/\/cj.estrategia.com\/portal\/pantanal-mato-grossense-omissao\/\" \/>\n<meta property=\"og:locale\" content=\"pt_BR\" \/>\n<meta property=\"og:type\" content=\"article\" \/>\n<meta property=\"og:title\" content=\"Pantanal Mato-Grossense e omiss\u00e3o do Congresso\" \/>\n<meta property=\"og:description\" content=\"Confira nosso artigo sobre o Pantanal Mato-Grossense e a omiss\u00e3o do Congresso Nacional, tema enfrentado recentemente pelo STF.\" \/>\n<meta property=\"og:url\" content=\"https:\/\/cj.estrategia.com\/portal\/pantanal-mato-grossense-omissao\/\" \/>\n<meta property=\"og:site_name\" content=\"Blog - Carreiras Jur\u00eddicas - Estrat\u00e9gia\" \/>\n<meta property=\"article:publisher\" content=\"https:\/\/www.facebook.com\/estrategiacarreirajuridica\/\" \/>\n<meta property=\"article:published_time\" content=\"2024-07-19T20:00:00+00:00\" \/>\n<meta property=\"og:image\" content=\"https:\/\/cj.estrategia.com\/portal\/wp-content\/uploads\/2024\/06\/29110355\/beautiful-endangered-american-jaguar-nature-habitat-panthera-onca-wild-brasil-brasilian-wildlife-pantanal-green-jungle-big-cats-scaled.jpg\" \/>\n\t<meta property=\"og:image:width\" content=\"2560\" \/>\n\t<meta property=\"og:image:height\" content=\"1706\" \/>\n\t<meta property=\"og:image:type\" content=\"image\/jpeg\" \/>\n<meta name=\"author\" content=\"Frederico Tadeu Borlot Peixoto\" \/>\n<meta name=\"twitter:card\" content=\"summary_large_image\" \/>\n<meta name=\"twitter:creator\" content=\"@EstratJuridica\" \/>\n<meta name=\"twitter:site\" content=\"@EstratJuridica\" \/>\n<meta name=\"twitter:label1\" content=\"Escrito por\" \/>\n\t<meta name=\"twitter:data1\" content=\"Frederico Tadeu Borlot Peixoto\" \/>\n\t<meta name=\"twitter:label2\" content=\"Est. tempo de leitura\" \/>\n\t<meta name=\"twitter:data2\" content=\"10 minutos\" \/>\n<script type=\"application\/ld+json\" class=\"yoast-schema-graph\">{\"@context\":\"https:\\\/\\\/schema.org\",\"@graph\":[{\"@type\":\"NewsArticle\",\"@id\":\"https:\\\/\\\/cj.estrategia.com\\\/portal\\\/pantanal-mato-grossense-omissao\\\/#article\",\"isPartOf\":{\"@id\":\"https:\\\/\\\/cj.estrategia.com\\\/portal\\\/pantanal-mato-grossense-omissao\\\/\"},\"author\":{\"name\":\"Frederico Tadeu Borlot Peixoto\",\"@id\":\"https:\\\/\\\/cj.estrategia.com\\\/portal\\\/#\\\/schema\\\/person\\\/74287401cf4654f4fa04e378de7261ec\"},\"headline\":\"Pantanal Mato-Grossense e omiss\u00e3o do Congresso\",\"datePublished\":\"2024-07-19T20:00:00+00:00\",\"mainEntityOfPage\":{\"@id\":\"https:\\\/\\\/cj.estrategia.com\\\/portal\\\/pantanal-mato-grossense-omissao\\\/\"},\"wordCount\":1966,\"commentCount\":0,\"publisher\":{\"@id\":\"https:\\\/\\\/cj.estrategia.com\\\/portal\\\/#organization\"},\"image\":{\"@id\":\"https:\\\/\\\/cj.estrategia.com\\\/portal\\\/pantanal-mato-grossense-omissao\\\/#primaryimage\"},\"thumbnailUrl\":\"https:\\\/\\\/cj.estrategia.com\\\/portal\\\/wp-content\\\/uploads\\\/2024\\\/06\\\/29110355\\\/beautiful-endangered-american-jaguar-nature-habitat-panthera-onca-wild-brasil-brasilian-wildlife-pantanal-green-jungle-big-cats-scaled.jpg\",\"articleSection\":[\"Carreiras Jur\u00eddicas\"],\"inLanguage\":\"pt-BR\",\"potentialAction\":[{\"@type\":\"CommentAction\",\"name\":\"Comment\",\"target\":[\"https:\\\/\\\/cj.estrategia.com\\\/portal\\\/pantanal-mato-grossense-omissao\\\/#respond\"]}],\"accessibilityFeature\":[\"tableOfContents\"]},{\"@type\":\"WebPage\",\"@id\":\"https:\\\/\\\/cj.estrategia.com\\\/portal\\\/pantanal-mato-grossense-omissao\\\/\",\"url\":\"https:\\\/\\\/cj.estrategia.com\\\/portal\\\/pantanal-mato-grossense-omissao\\\/\",\"name\":\"Pantanal Mato-Grossense e omiss\u00e3o do Congresso\",\"isPartOf\":{\"@id\":\"https:\\\/\\\/cj.estrategia.com\\\/portal\\\/#website\"},\"primaryImageOfPage\":{\"@id\":\"https:\\\/\\\/cj.estrategia.com\\\/portal\\\/pantanal-mato-grossense-omissao\\\/#primaryimage\"},\"image\":{\"@id\":\"https:\\\/\\\/cj.estrategia.com\\\/portal\\\/pantanal-mato-grossense-omissao\\\/#primaryimage\"},\"thumbnailUrl\":\"https:\\\/\\\/cj.estrategia.com\\\/portal\\\/wp-content\\\/uploads\\\/2024\\\/06\\\/29110355\\\/beautiful-endangered-american-jaguar-nature-habitat-panthera-onca-wild-brasil-brasilian-wildlife-pantanal-green-jungle-big-cats-scaled.jpg\",\"datePublished\":\"2024-07-19T20:00:00+00:00\",\"description\":\"Confira nosso artigo sobre o Pantanal Mato-Grossense e a omiss\u00e3o do Congresso Nacional, tema enfrentado recentemente pelo STF.\",\"breadcrumb\":{\"@id\":\"https:\\\/\\\/cj.estrategia.com\\\/portal\\\/pantanal-mato-grossense-omissao\\\/#breadcrumb\"},\"inLanguage\":\"pt-BR\",\"potentialAction\":[{\"@type\":\"ReadAction\",\"target\":[\"https:\\\/\\\/cj.estrategia.com\\\/portal\\\/pantanal-mato-grossense-omissao\\\/\"]}]},{\"@type\":\"ImageObject\",\"inLanguage\":\"pt-BR\",\"@id\":\"https:\\\/\\\/cj.estrategia.com\\\/portal\\\/pantanal-mato-grossense-omissao\\\/#primaryimage\",\"url\":\"https:\\\/\\\/cj.estrategia.com\\\/portal\\\/wp-content\\\/uploads\\\/2024\\\/06\\\/29110355\\\/beautiful-endangered-american-jaguar-nature-habitat-panthera-onca-wild-brasil-brasilian-wildlife-pantanal-green-jungle-big-cats-scaled.jpg\",\"contentUrl\":\"https:\\\/\\\/cj.estrategia.com\\\/portal\\\/wp-content\\\/uploads\\\/2024\\\/06\\\/29110355\\\/beautiful-endangered-american-jaguar-nature-habitat-panthera-onca-wild-brasil-brasilian-wildlife-pantanal-green-jungle-big-cats-scaled.jpg\",\"width\":2560,\"height\":1706,\"caption\":\"Pantanal Mato-Grossense e omiss\u00e3o inconstitucional do Congresso\"},{\"@type\":\"BreadcrumbList\",\"@id\":\"https:\\\/\\\/cj.estrategia.com\\\/portal\\\/pantanal-mato-grossense-omissao\\\/#breadcrumb\",\"itemListElement\":[{\"@type\":\"ListItem\",\"position\":1,\"name\":\"In\u00edcio\",\"item\":\"https:\\\/\\\/cj.estrategia.com\\\/portal\\\/\"},{\"@type\":\"ListItem\",\"position\":2,\"name\":\"Pantanal Mato-Grossense e omiss\u00e3o do Congresso\"}]},{\"@type\":\"WebSite\",\"@id\":\"https:\\\/\\\/cj.estrategia.com\\\/portal\\\/#website\",\"url\":\"https:\\\/\\\/cj.estrategia.com\\\/portal\\\/\",\"name\":\"Blog - Carreiras Jur\u00eddicas - Estrat\u00e9gia\",\"description\":\"\",\"publisher\":{\"@id\":\"https:\\\/\\\/cj.estrategia.com\\\/portal\\\/#organization\"},\"potentialAction\":[{\"@type\":\"SearchAction\",\"target\":{\"@type\":\"EntryPoint\",\"urlTemplate\":\"https:\\\/\\\/cj.estrategia.com\\\/portal\\\/?s={search_term_string}\"},\"query-input\":{\"@type\":\"PropertyValueSpecification\",\"valueRequired\":true,\"valueName\":\"search_term_string\"}}],\"inLanguage\":\"pt-BR\"},{\"@type\":\"Organization\",\"@id\":\"https:\\\/\\\/cj.estrategia.com\\\/portal\\\/#organization\",\"name\":\"Estrat\u00e9gia - Carreiras Jur\u00eddicas\",\"url\":\"https:\\\/\\\/cj.estrategia.com\\\/portal\\\/\",\"logo\":{\"@type\":\"ImageObject\",\"inLanguage\":\"pt-BR\",\"@id\":\"https:\\\/\\\/cj.estrategia.com\\\/portal\\\/#\\\/schema\\\/logo\\\/image\\\/\",\"url\":\"https:\\\/\\\/cj.estrategia.com\\\/portal\\\/wp-content\\\/uploads\\\/2022\\\/03\\\/11151052\\\/cj-logo.png\",\"contentUrl\":\"https:\\\/\\\/cj.estrategia.com\\\/portal\\\/wp-content\\\/uploads\\\/2022\\\/03\\\/11151052\\\/cj-logo.png\",\"width\":150,\"height\":39,\"caption\":\"Estrat\u00e9gia - Carreiras Jur\u00eddicas\"},\"image\":{\"@id\":\"https:\\\/\\\/cj.estrategia.com\\\/portal\\\/#\\\/schema\\\/logo\\\/image\\\/\"},\"sameAs\":[\"https:\\\/\\\/www.facebook.com\\\/estrategiacarreirajuridica\\\/\",\"https:\\\/\\\/x.com\\\/EstratJuridica\",\"https:\\\/\\\/www.instagram.com\\\/estrategiacarreirajuridica\\\/\",\"https:\\\/\\\/www.youtube.com\\\/channel\\\/UClbMGuYbj2Mh1m3w144ETWQ\"]},{\"@type\":\"Person\",\"@id\":\"https:\\\/\\\/cj.estrategia.com\\\/portal\\\/#\\\/schema\\\/person\\\/74287401cf4654f4fa04e378de7261ec\",\"name\":\"Frederico Tadeu Borlot Peixoto\",\"image\":{\"@type\":\"ImageObject\",\"inLanguage\":\"pt-BR\",\"@id\":\"https:\\\/\\\/cj.estrategia.com\\\/portal\\\/wp-content\\\/uploads\\\/2023\\\/06\\\/29094204\\\/GBAY0702-96x96.jpg\",\"url\":\"https:\\\/\\\/cj.estrategia.com\\\/portal\\\/wp-content\\\/uploads\\\/2023\\\/06\\\/29094204\\\/GBAY0702-96x96.jpg\",\"contentUrl\":\"https:\\\/\\\/cj.estrategia.com\\\/portal\\\/wp-content\\\/uploads\\\/2023\\\/06\\\/29094204\\\/GBAY0702-96x96.jpg\",\"caption\":\"Frederico Tadeu Borlot Peixoto\"},\"description\":\"Analista Judici\u00e1rio - \u00c1rea Judici\u00e1ria do TRF da 4\u00aa regi\u00e3o. Bacharel em Direito. P\u00f3s-graduado em Direito Administrativo, Legisla\u00e7\u00e3o Penal Especial, Direito Penal e Direito Processual Penal. Tamb\u00e9m nomeado no TRF da 3\u00aa regi\u00e3o (8\u00ba lugar); SPPREV (3\u00ba lugar); IFES (2\u00ba lugar); e PMES. https:\\\/\\\/www.instagram.com\\\/proffrederico\\\/\",\"sameAs\":[\"https:\\\/\\\/www.instagram.com\\\/proffrederico\\\/\"],\"url\":\"https:\\\/\\\/cj.estrategia.com\\\/portal\\\/author\\\/xfrederico\\\/\"}]}<\/script>\n<!-- \/ Yoast SEO Premium plugin. -->","yoast_head_json":{"title":"Pantanal Mato-Grossense e omiss\u00e3o do Congresso","description":"Confira nosso artigo sobre o Pantanal Mato-Grossense e a omiss\u00e3o do Congresso Nacional, tema enfrentado recentemente pelo STF.","robots":{"index":"index","follow":"follow","max-snippet":"max-snippet:-1","max-image-preview":"max-image-preview:large","max-video-preview":"max-video-preview:-1"},"canonical":"https:\/\/cj.estrategia.com\/portal\/pantanal-mato-grossense-omissao\/","og_locale":"pt_BR","og_type":"article","og_title":"Pantanal Mato-Grossense e omiss\u00e3o do Congresso","og_description":"Confira nosso artigo sobre o Pantanal Mato-Grossense e a omiss\u00e3o do Congresso Nacional, tema enfrentado recentemente pelo STF.","og_url":"https:\/\/cj.estrategia.com\/portal\/pantanal-mato-grossense-omissao\/","og_site_name":"Blog - Carreiras Jur\u00eddicas - Estrat\u00e9gia","article_publisher":"https:\/\/www.facebook.com\/estrategiacarreirajuridica\/","article_published_time":"2024-07-19T20:00:00+00:00","og_image":[{"width":2560,"height":1706,"url":"https:\/\/cj.estrategia.com\/portal\/wp-content\/uploads\/2024\/06\/29110355\/beautiful-endangered-american-jaguar-nature-habitat-panthera-onca-wild-brasil-brasilian-wildlife-pantanal-green-jungle-big-cats-scaled.jpg","type":"image\/jpeg"}],"author":"Frederico Tadeu Borlot Peixoto","twitter_card":"summary_large_image","twitter_creator":"@EstratJuridica","twitter_site":"@EstratJuridica","twitter_misc":{"Escrito por":"Frederico Tadeu Borlot Peixoto","Est. tempo de leitura":"10 minutos"},"schema":{"@context":"https:\/\/schema.org","@graph":[{"@type":"NewsArticle","@id":"https:\/\/cj.estrategia.com\/portal\/pantanal-mato-grossense-omissao\/#article","isPartOf":{"@id":"https:\/\/cj.estrategia.com\/portal\/pantanal-mato-grossense-omissao\/"},"author":{"name":"Frederico Tadeu Borlot Peixoto","@id":"https:\/\/cj.estrategia.com\/portal\/#\/schema\/person\/74287401cf4654f4fa04e378de7261ec"},"headline":"Pantanal Mato-Grossense e omiss\u00e3o do Congresso","datePublished":"2024-07-19T20:00:00+00:00","mainEntityOfPage":{"@id":"https:\/\/cj.estrategia.com\/portal\/pantanal-mato-grossense-omissao\/"},"wordCount":1966,"commentCount":0,"publisher":{"@id":"https:\/\/cj.estrategia.com\/portal\/#organization"},"image":{"@id":"https:\/\/cj.estrategia.com\/portal\/pantanal-mato-grossense-omissao\/#primaryimage"},"thumbnailUrl":"https:\/\/cj.estrategia.com\/portal\/wp-content\/uploads\/2024\/06\/29110355\/beautiful-endangered-american-jaguar-nature-habitat-panthera-onca-wild-brasil-brasilian-wildlife-pantanal-green-jungle-big-cats-scaled.jpg","articleSection":["Carreiras Jur\u00eddicas"],"inLanguage":"pt-BR","potentialAction":[{"@type":"CommentAction","name":"Comment","target":["https:\/\/cj.estrategia.com\/portal\/pantanal-mato-grossense-omissao\/#respond"]}],"accessibilityFeature":["tableOfContents"]},{"@type":"WebPage","@id":"https:\/\/cj.estrategia.com\/portal\/pantanal-mato-grossense-omissao\/","url":"https:\/\/cj.estrategia.com\/portal\/pantanal-mato-grossense-omissao\/","name":"Pantanal Mato-Grossense e omiss\u00e3o do Congresso","isPartOf":{"@id":"https:\/\/cj.estrategia.com\/portal\/#website"},"primaryImageOfPage":{"@id":"https:\/\/cj.estrategia.com\/portal\/pantanal-mato-grossense-omissao\/#primaryimage"},"image":{"@id":"https:\/\/cj.estrategia.com\/portal\/pantanal-mato-grossense-omissao\/#primaryimage"},"thumbnailUrl":"https:\/\/cj.estrategia.com\/portal\/wp-content\/uploads\/2024\/06\/29110355\/beautiful-endangered-american-jaguar-nature-habitat-panthera-onca-wild-brasil-brasilian-wildlife-pantanal-green-jungle-big-cats-scaled.jpg","datePublished":"2024-07-19T20:00:00+00:00","description":"Confira nosso artigo sobre o Pantanal Mato-Grossense e a omiss\u00e3o do Congresso Nacional, tema enfrentado recentemente pelo STF.","breadcrumb":{"@id":"https:\/\/cj.estrategia.com\/portal\/pantanal-mato-grossense-omissao\/#breadcrumb"},"inLanguage":"pt-BR","potentialAction":[{"@type":"ReadAction","target":["https:\/\/cj.estrategia.com\/portal\/pantanal-mato-grossense-omissao\/"]}]},{"@type":"ImageObject","inLanguage":"pt-BR","@id":"https:\/\/cj.estrategia.com\/portal\/pantanal-mato-grossense-omissao\/#primaryimage","url":"https:\/\/cj.estrategia.com\/portal\/wp-content\/uploads\/2024\/06\/29110355\/beautiful-endangered-american-jaguar-nature-habitat-panthera-onca-wild-brasil-brasilian-wildlife-pantanal-green-jungle-big-cats-scaled.jpg","contentUrl":"https:\/\/cj.estrategia.com\/portal\/wp-content\/uploads\/2024\/06\/29110355\/beautiful-endangered-american-jaguar-nature-habitat-panthera-onca-wild-brasil-brasilian-wildlife-pantanal-green-jungle-big-cats-scaled.jpg","width":2560,"height":1706,"caption":"Pantanal Mato-Grossense e omiss\u00e3o inconstitucional do Congresso"},{"@type":"BreadcrumbList","@id":"https:\/\/cj.estrategia.com\/portal\/pantanal-mato-grossense-omissao\/#breadcrumb","itemListElement":[{"@type":"ListItem","position":1,"name":"In\u00edcio","item":"https:\/\/cj.estrategia.com\/portal\/"},{"@type":"ListItem","position":2,"name":"Pantanal Mato-Grossense e omiss\u00e3o do Congresso"}]},{"@type":"WebSite","@id":"https:\/\/cj.estrategia.com\/portal\/#website","url":"https:\/\/cj.estrategia.com\/portal\/","name":"Blog - Carreiras Jur\u00eddicas - Estrat\u00e9gia","description":"","publisher":{"@id":"https:\/\/cj.estrategia.com\/portal\/#organization"},"potentialAction":[{"@type":"SearchAction","target":{"@type":"EntryPoint","urlTemplate":"https:\/\/cj.estrategia.com\/portal\/?s={search_term_string}"},"query-input":{"@type":"PropertyValueSpecification","valueRequired":true,"valueName":"search_term_string"}}],"inLanguage":"pt-BR"},{"@type":"Organization","@id":"https:\/\/cj.estrategia.com\/portal\/#organization","name":"Estrat\u00e9gia - Carreiras Jur\u00eddicas","url":"https:\/\/cj.estrategia.com\/portal\/","logo":{"@type":"ImageObject","inLanguage":"pt-BR","@id":"https:\/\/cj.estrategia.com\/portal\/#\/schema\/logo\/image\/","url":"https:\/\/cj.estrategia.com\/portal\/wp-content\/uploads\/2022\/03\/11151052\/cj-logo.png","contentUrl":"https:\/\/cj.estrategia.com\/portal\/wp-content\/uploads\/2022\/03\/11151052\/cj-logo.png","width":150,"height":39,"caption":"Estrat\u00e9gia - Carreiras Jur\u00eddicas"},"image":{"@id":"https:\/\/cj.estrategia.com\/portal\/#\/schema\/logo\/image\/"},"sameAs":["https:\/\/www.facebook.com\/estrategiacarreirajuridica\/","https:\/\/x.com\/EstratJuridica","https:\/\/www.instagram.com\/estrategiacarreirajuridica\/","https:\/\/www.youtube.com\/channel\/UClbMGuYbj2Mh1m3w144ETWQ"]},{"@type":"Person","@id":"https:\/\/cj.estrategia.com\/portal\/#\/schema\/person\/74287401cf4654f4fa04e378de7261ec","name":"Frederico Tadeu Borlot Peixoto","image":{"@type":"ImageObject","inLanguage":"pt-BR","@id":"https:\/\/cj.estrategia.com\/portal\/wp-content\/uploads\/2023\/06\/29094204\/GBAY0702-96x96.jpg","url":"https:\/\/cj.estrategia.com\/portal\/wp-content\/uploads\/2023\/06\/29094204\/GBAY0702-96x96.jpg","contentUrl":"https:\/\/cj.estrategia.com\/portal\/wp-content\/uploads\/2023\/06\/29094204\/GBAY0702-96x96.jpg","caption":"Frederico Tadeu Borlot Peixoto"},"description":"Analista Judici\u00e1rio - \u00c1rea Judici\u00e1ria do TRF da 4\u00aa regi\u00e3o. Bacharel em Direito. P\u00f3s-graduado em Direito Administrativo, Legisla\u00e7\u00e3o Penal Especial, Direito Penal e Direito Processual Penal. Tamb\u00e9m nomeado no TRF da 3\u00aa regi\u00e3o (8\u00ba lugar); SPPREV (3\u00ba lugar); IFES (2\u00ba lugar); e PMES. https:\/\/www.instagram.com\/proffrederico\/","sameAs":["https:\/\/www.instagram.com\/proffrederico\/"],"url":"https:\/\/cj.estrategia.com\/portal\/author\/xfrederico\/"}]}},"jetpack_featured_media_url":"https:\/\/cj.estrategia.com\/portal\/wp-content\/uploads\/2024\/06\/29110355\/beautiful-endangered-american-jaguar-nature-habitat-panthera-onca-wild-brasil-brasilian-wildlife-pantanal-green-jungle-big-cats-scaled.jpg","jetpack_sharing_enabled":true,"_links":{"self":[{"href":"https:\/\/cj.estrategia.com\/portal\/wp-json\/wp\/v2\/posts\/67382","targetHints":{"allow":["GET"]}}],"collection":[{"href":"https:\/\/cj.estrategia.com\/portal\/wp-json\/wp\/v2\/posts"}],"about":[{"href":"https:\/\/cj.estrategia.com\/portal\/wp-json\/wp\/v2\/types\/post"}],"author":[{"embeddable":true,"href":"https:\/\/cj.estrategia.com\/portal\/wp-json\/wp\/v2\/users\/39"}],"replies":[{"embeddable":true,"href":"https:\/\/cj.estrategia.com\/portal\/wp-json\/wp\/v2\/comments?post=67382"}],"version-history":[{"count":2,"href":"https:\/\/cj.estrategia.com\/portal\/wp-json\/wp\/v2\/posts\/67382\/revisions"}],"predecessor-version":[{"id":67385,"href":"https:\/\/cj.estrategia.com\/portal\/wp-json\/wp\/v2\/posts\/67382\/revisions\/67385"}],"wp:featuredmedia":[{"embeddable":true,"href":"https:\/\/cj.estrategia.com\/portal\/wp-json\/wp\/v2\/media\/67383"}],"wp:attachment":[{"href":"https:\/\/cj.estrategia.com\/portal\/wp-json\/wp\/v2\/media?parent=67382"}],"wp:term":[{"taxonomy":"category","embeddable":true,"href":"https:\/\/cj.estrategia.com\/portal\/wp-json\/wp\/v2\/categories?post=67382"},{"taxonomy":"post_tag","embeddable":true,"href":"https:\/\/cj.estrategia.com\/portal\/wp-json\/wp\/v2\/tags?post=67382"},{"taxonomy":"tax_estado","embeddable":true,"href":"https:\/\/cj.estrategia.com\/portal\/wp-json\/wp\/v2\/tax_estado?post=67382"}],"curies":[{"name":"wp","href":"https:\/\/api.w.org\/{rel}","templated":true}]}}