{"id":67302,"date":"2024-07-22T11:00:00","date_gmt":"2024-07-22T14:00:00","guid":{"rendered":"https:\/\/cj.estrategia.com\/portal\/?p=67302"},"modified":"2024-07-02T22:37:37","modified_gmt":"2024-07-03T01:37:37","slug":"candidato-aprovado-com-doenca-grave","status":"publish","type":"post","link":"https:\/\/cj.estrategia.com\/portal\/candidato-aprovado-com-doenca-grave\/","title":{"rendered":"Candidato aprovado em concurso p\u00fablico com doen\u00e7a grave: STF"},"content":{"rendered":"\n<p>Hoje, vamos conhecer um pouco a respeito de importante decis\u00e3o do STF acerca da situa\u00e7\u00e3o do candidato aprovado em concurso p\u00fablico e que tenha sido acometido por doen\u00e7a grave. Daremos enfoque aos temas mais cobrados na \u00e1rea dos <strong>concursos de carreira jur\u00eddica<\/strong>.<\/p>\n\n\n\n<p>Vamos l\u00e1!<\/p>\n\n\n<div class=\"wp-block-image\">\n<figure class=\"aligncenter size-full is-resized\"><img decoding=\"async\" width=\"848\" height=\"477\" src=\"https:\/\/cj.estrategia.com\/portal\/wp-content\/uploads\/2024\/06\/28155524\/image-54.png\" alt=\"Candidato aprovado\" class=\"wp-image-67310\" style=\"width:601px;height:auto\" srcset=\"https:\/\/cj.estrategia.com\/portal\/wp-content\/uploads\/2024\/06\/28155524\/image-54.png 848w, https:\/\/cj.estrategia.com\/portal\/wp-content\/uploads\/2024\/06\/28155524\/image-54-300x169.png 300w, https:\/\/cj.estrategia.com\/portal\/wp-content\/uploads\/2024\/06\/28155524\/image-54-768x432.png 768w, https:\/\/cj.estrategia.com\/portal\/wp-content\/uploads\/2024\/06\/28155524\/image-54-380x214.png 380w, https:\/\/cj.estrategia.com\/portal\/wp-content\/uploads\/2024\/06\/28155524\/image-54-800x450.png 800w, https:\/\/cj.estrategia.com\/portal\/wp-content\/uploads\/2024\/06\/28155524\/image-54-150x84.png 150w\" sizes=\"(max-width: 848px) 100vw, 848px\" \/><\/figure>\n<\/div>\n\n\n<h2 class=\"wp-block-heading\" id=\"h-candidato-aprovado-com-doenca-grave-tese\"><span id=\"candidato-aprovado-com-doenca-grave-tese\">Candidato aprovado com doen\u00e7a grave: tese<\/span><\/h2>\n\n\n\n<p>Sobre a situa\u00e7\u00e3o do candidato aprovado em concurso p\u00fablico que tenha sido acometido por doen\u00e7a grave, o STF, no RE 886131\/MG, fixou a seguinte tese:<\/p>\n\n\n\n<figure class=\"wp-block-table\"><table><tbody><tr><td>\u00c9 <strong><span style=\"text-decoration: underline;\">inconstitucional<\/span><\/strong> a veda\u00e7\u00e3o \u00e0 posse em cargo p\u00fablico de candidato aprovado que, embora tenha sido acometido por doen\u00e7a grave, <span style=\"text-decoration: underline;\">n\u00e3o apresenta sintoma incapacitante<\/span> <span style=\"text-decoration: underline;\">nem possui restri\u00e7\u00e3o relevante que impe\u00e7a<\/span> o exerc\u00edcio da fun\u00e7\u00e3o pretendida (arts. 1\u00ba, III, 3\u00ba, IV, 5\u00ba,\u00a0<em>caput<\/em>, 37,\u00a0<em>caput<\/em>, I e II, <a href=\"https:\/\/www.planalto.gov.br\/ccivil_03\/constituicao\/constituicao.htm\">CF<\/a>\/88).<\/td><\/tr><\/tbody><\/table><\/figure>\n\n\n\n<h2 class=\"wp-block-heading\" id=\"h-candidato-aprovado-com-doenca-grave-entenda-a-decisao-do-stf\"><span id=\"candidato-aprovado-com-doenca-grave-entenda-a-decisao-do-stf\">Candidato aprovado com doen\u00e7a grave: entenda a decis\u00e3o do STF<\/span><\/h2>\n\n\n\n<p>As restri\u00e7\u00f5es de acesso ao cargo p\u00fablico somente s\u00e3o admitidas quando, <strong>concomitantemente<\/strong>, est\u00e3o presentes dois requisitos:<\/p>\n\n\n\n<ul class=\"wp-block-list\">\n<li>justificativa legal e<\/li>\n\n\n\n<li>as peculiaridades da fun\u00e7\u00e3o demandam uma caracter\u00edstica espec\u00edfica.<\/li>\n<\/ul>\n\n\n\n<p>Al\u00e9m disso, mesmo que a pessoa tenha sido acometida por doen\u00e7a grave, ela n\u00e3o pode ser impedida de tomar posse quando:<\/p>\n\n\n\n<ul class=\"wp-block-list\">\n<li>n\u00e3o apresentar sintoma incapacitante;<\/li>\n\n\n\n<li>n\u00e3o possuir restri\u00e7\u00e3o relevante que impe\u00e7a o exerc\u00edcio da fun\u00e7\u00e3o.<\/li>\n<\/ul>\n\n\n\n<h3 class=\"wp-block-heading\" id=\"h-jurisprudencia\"><span id=\"jurisprudencia\">Jurisprud\u00eancia<\/span><\/h3>\n\n\n\n<p>Nesse sentido, assim decidiu o STF (RE 886131):<\/p>\n\n\n\n<figure class=\"wp-block-table\"><table><tbody><tr><td>No caso concreto, a recorrente obteve aprova\u00e7\u00e3o em\u00a0<em>concurso p\u00fablico<\/em>, mas foi considerada inapta por ter sido acometida de carcinoma mam\u00e1rio tratado menos de cinco anos antes da avalia\u00e7\u00e3o m\u00e9dica admissional. <br>Eventuais restri\u00e7\u00f5es de acesso a cargos p\u00fablicos devem ser excepcionais e baseadas em justifica\u00e7\u00e3o id\u00f4nea, calcada no <strong>princ\u00edpio da legalidade <\/strong>e nas <strong>especificidades da fun\u00e7\u00e3o <\/strong>a ser exercida. A exclus\u00e3o de candidato aprovado que n\u00e3o apresenta qualquer restri\u00e7\u00e3o para o trabalho viola o mandamento do\u00a0<strong>concurso p\u00fablico\u00a0<\/strong>e o <strong>princ\u00edpio da impessoalidade <\/strong>(CF, art. 37, caput), diante da determina\u00e7\u00e3o constitucional de <strong>ampla acessibilidade aos cargos p\u00fablicos <\/strong>e de avalia\u00e7\u00e3o com base em crit\u00e9rios objetivos; e o <strong>princ\u00edpio da efici\u00eancia <\/strong>(CF, art. 37, II), porque reduz o espectro da sele\u00e7\u00e3o e faz a Administra\u00e7\u00e3o perder talentos. <br>Concursos p\u00fablicos\u00a0devem combater desigualdades, corrigir desigualdades e abster-se de praticar desigualdades. O risco futuro e incerto de recidiva, licen\u00e7as de sa\u00fade e aposentadoria n\u00e3o pode impedir a frui\u00e7\u00e3o de direito fundamental, especialmente o direito ao trabalho, que \u00e9 indispens\u00e1vel para propiciar subsist\u00eancia, emancipa\u00e7\u00e3o e reconhecimento social. A veda\u00e7\u00e3o \u00e0 posse \u00e9, por si s\u00f3, violadora da <strong>dignidade humana<\/strong>, pois representa um atestado de incapacidade capaz de minar a autoestima de qualquer um. <br>No caso concreto, a decis\u00e3o administrativa impugnada se fundamentou em norma do Manual de Per\u00edcias M\u00e9dicas espec\u00edfica para as \u00e1reas de Ginecologia e Obstetr\u00edcia, sem que houvesse previs\u00e3o semelhante para doen\u00e7as urol\u00f3gicas ou outras que acometam igualmente homens e mulheres. Ao estabelecer per\u00edodo de car\u00eancia especificamente para carcinomas ginecol\u00f3gicos, o ato administrativo restringe o acesso de mulheres a cargos p\u00fablicos, incorrendo em discrimina\u00e7\u00e3o de g\u00eanero.<\/td><\/tr><\/tbody><\/table><\/figure>\n\n\n\n<h3 class=\"wp-block-heading\" id=\"h-violacao-de-principios\"><span id=\"violacao-de-principios\">Viola\u00e7\u00e3o de princ\u00edpios<\/span><\/h3>\n\n\n\n<p>A exclus\u00e3o do candidato aprovado que n\u00e3o apresente qualquer restri\u00e7\u00e3o para o exerc\u00edcio do cargo <strong>viola os seguintes princ\u00edpios<\/strong>:<\/p>\n\n\n\n<figure class=\"wp-block-table\"><table><tbody><tr><td>Princ\u00edpio da legalidade<\/td><\/tr><tr><td>Princ\u00edpio da impessoalidade<\/td><\/tr><tr><td>Princ\u00edpio do amplo acesso aos cargos p\u00fablicos<\/td><\/tr><tr><td>Princ\u00edpio da efici\u00eancia<\/td><\/tr><tr><td>Princ\u00edpio da dignidade da pessoa humana<\/td><\/tr><\/tbody><\/table><\/figure>\n\n\n\n<h2 class=\"wp-block-heading\" id=\"h-entendimento-do-stj\"><span id=\"entendimento-do-stj\">Entendimento do STJ<\/span><\/h2>\n\n\n\n<p>O STJ segue a mesma linha de entendimento do STF. Nesse sentido, assim decidiu a Corte Superior:<\/p>\n\n\n\n<figure class=\"wp-block-table\"><table><tbody><tr><td>\u00c9 <strong>flagrantemente contr\u00e1rio<\/strong> aos princ\u00edpios que norteiam a atua\u00e7\u00e3o da Administra\u00e7\u00e3o P\u00fablica a exclus\u00e3o de candidato aprovado em\u00a0concurso p\u00fablico\u00a0com base em laudo de perito m\u00e9dico oficial desprovido de fundamenta\u00e7\u00e3o ou motiva\u00e7\u00e3o adequadas, que n\u00e3o evidencia a incompatibilidade de qualquer eventual condi\u00e7\u00e3o de sa\u00fade do candidato com as atribui\u00e7\u00f5es do cargo\u00a0p\u00fablico\u00a0almejado, cerceando-lhe o direito de exercer o controle da decis\u00e3o administrativa.<br>Hip\u00f3tese em que os laudos da per\u00edcia t\u00e9cnica oficial, conquanto declarem a inaptid\u00e3o das impetrantes, <strong>n\u00e3o revelam a causa de incompatibilidade de sa\u00fade com as atribui\u00e7\u00f5es do cargo\u00a0p\u00fablico\u00a0<\/strong>a que foram nomeadas, ap\u00f3s aprova\u00e7\u00e3o em\u00a0concurso p\u00fablico,\u00a0tal como explicitamente reconhece o pr\u00f3prio Estado recorrido nas contrarraz\u00f5es ao Recurso Ordin\u00e1rio aqui julgado (fl. 190).<\/td><\/tr><\/tbody><\/table><\/figure>\n\n\n\n<h2 class=\"wp-block-heading\" id=\"h-conclusao\"><span id=\"conclusao\">Conclus\u00e3o<\/span><\/h2>\n\n\n\n<p>Hoje, vimos um pouco a respeito de importante decis\u00e3o do STF acerca da situa\u00e7\u00e3o do candidato aprovado em concurso p\u00fablico e acometido por doen\u00e7a grave. A decis\u00e3o do STF \u00e9 tamb\u00e9m acompanhada pelo STJ.<\/p>\n\n\n\n<p>Por ora, finalizamos mais um tema empolgante para os que almejam a sonhada carreira jur\u00eddica.<\/p>\n\n\n\n<p>Advertimos que <strong>esse artigo<\/strong>, juntamente com as quest\u00f5es do <a href=\"https:\/\/cj.estrategia.com\/#\" target=\"_blank\" ><u><strong>Sistema de Quest\u00f5es do Estrat\u00e9gia Carreira Jur\u00eddica<\/strong><\/u><\/a>, serve como complemento ao estudo do tema proposto. Deve-se priorizar o material te\u00f3rico, em <strong>PDF<\/strong> ou <strong>videoaula<\/strong>, do curso.<\/p>\n\n\n\n<p>At\u00e9 a pr\u00f3xima!<\/p>\n\n\n\n<p class=\"has-text-align-center\"><strong>Quer saber mais sobre os pr\u00f3ximos concursos?<\/strong><\/p>\n\n\n\n<p class=\"has-text-align-center\"><strong>Confira nossos artigos!<\/strong><\/p>\n\n\n\n<p class=\"has-text-align-center has-pale-cyan-blue-background-color has-background\"><a href=\"https:\/\/cj.estrategia.com\/portal\/concursos-abertos-carreiras-juridicas\/\" target=\"_blank\" ><strong>Concursos abertos<\/strong><\/a><\/p>\n\n\n\n<p class=\"has-text-align-center has-pale-cyan-blue-background-color has-background\"><a href=\"https:\/\/cj.estrategia.com\/portal\/concursos-2024-carreiras-juridicas\/\" target=\"_blank\" ><strong>Concursos 2024<\/strong><\/a><\/p>\n","protected":false},"excerpt":{"rendered":"Hoje, vamos conhecer um pouco a respeito de importante decis\u00e3o do STF acerca da situa\u00e7\u00e3o do candidato aprovado&hellip;\n","protected":false},"author":127,"featured_media":67310,"comment_status":"open","ping_status":"open","sticky":false,"template":"","format":"standard","meta":{"_jetpack_memberships_contains_paid_content":false,"footnotes":""},"categories":[1,27,28,26,24,25],"tags":[],"tax_estado":[30,31,32,33,34,35,36,37,38,39,40,41,42,43,44,45,46,47,48,49,50,51,52,53,54,55,56,57],"class_list":{"0":"post-67302","1":"post","2":"type-post","3":"status-publish","4":"format-standard","5":"has-post-thumbnail","7":"category-carreiras-juridicas","8":"category-defensoria","9":"category-delegado","10":"category-magistratura","11":"category-procuradoria","12":"category-promotoria","13":"tax_estado-ac","14":"tax_estado-al","15":"tax_estado-am","16":"tax_estado-ap","17":"tax_estado-ba","18":"tax_estado-ce","19":"tax_estado-concursos-federais","20":"tax_estado-df","21":"tax_estado-es","22":"tax_estado-go","23":"tax_estado-ma","24":"tax_estado-mg","25":"tax_estado-ms","26":"tax_estado-mt","27":"tax_estado-pa","28":"tax_estado-pb","29":"tax_estado-pe","30":"tax_estado-pi","31":"tax_estado-pr","32":"tax_estado-rj","33":"tax_estado-rn","34":"tax_estado-ro","35":"tax_estado-rr","36":"tax_estado-rs","37":"tax_estado-sc","38":"tax_estado-se","39":"tax_estado-sp","40":"tax_estado-to"},"acf":[],"yoast_head":"<!-- This site is optimized with the Yoast SEO Premium plugin v27.5 (Yoast SEO v27.5) - https:\/\/yoast.com\/product\/yoast-seo-premium-wordpress\/ -->\n<title>Candidato aprovado em concurso p\u00fablico com doen\u00e7a grave: STF<\/title>\n<meta name=\"description\" content=\"Vamos conhecer a decis\u00e3o do STF acerca da situa\u00e7\u00e3o do candidato aprovado em concurso p\u00fablico e que tenha sido acometido por doen\u00e7a grave.\" \/>\n<meta name=\"robots\" content=\"index, follow, max-snippet:-1, max-image-preview:large, max-video-preview:-1\" \/>\n<link rel=\"canonical\" href=\"https:\/\/cj.estrategia.com\/portal\/candidato-aprovado-com-doenca-grave\/\" \/>\n<meta property=\"og:locale\" content=\"pt_BR\" \/>\n<meta property=\"og:type\" content=\"article\" \/>\n<meta property=\"og:title\" content=\"Candidato aprovado em concurso p\u00fablico com doen\u00e7a grave: STF\" \/>\n<meta property=\"og:description\" content=\"Vamos conhecer a decis\u00e3o do STF acerca da situa\u00e7\u00e3o do candidato aprovado em concurso p\u00fablico e que tenha sido acometido por doen\u00e7a grave.\" \/>\n<meta property=\"og:url\" content=\"https:\/\/cj.estrategia.com\/portal\/candidato-aprovado-com-doenca-grave\/\" \/>\n<meta property=\"og:site_name\" content=\"Blog - Carreiras Jur\u00eddicas - Estrat\u00e9gia\" \/>\n<meta property=\"article:publisher\" content=\"https:\/\/www.facebook.com\/estrategiacarreirajuridica\/\" \/>\n<meta property=\"article:published_time\" content=\"2024-07-22T14:00:00+00:00\" \/>\n<meta property=\"og:image\" content=\"https:\/\/cj.estrategia.com\/portal\/wp-content\/uploads\/2024\/06\/28155524\/image-54.png\" \/>\n\t<meta property=\"og:image:width\" content=\"848\" \/>\n\t<meta property=\"og:image:height\" content=\"477\" \/>\n\t<meta property=\"og:image:type\" content=\"image\/png\" \/>\n<meta name=\"author\" content=\"Heloana Vera Albuquerque\" \/>\n<meta name=\"twitter:card\" content=\"summary_large_image\" \/>\n<meta name=\"twitter:creator\" content=\"@EstratJuridica\" \/>\n<meta name=\"twitter:site\" content=\"@EstratJuridica\" \/>\n<meta name=\"twitter:label1\" content=\"Escrito por\" \/>\n\t<meta name=\"twitter:data1\" content=\"Heloana Vera Albuquerque\" \/>\n\t<meta name=\"twitter:label2\" content=\"Est. tempo de leitura\" \/>\n\t<meta name=\"twitter:data2\" content=\"5 minutos\" \/>\n<script type=\"application\/ld+json\" class=\"yoast-schema-graph\">{\"@context\":\"https:\\\/\\\/schema.org\",\"@graph\":[{\"@type\":\"NewsArticle\",\"@id\":\"https:\\\/\\\/cj.estrategia.com\\\/portal\\\/candidato-aprovado-com-doenca-grave\\\/#article\",\"isPartOf\":{\"@id\":\"https:\\\/\\\/cj.estrategia.com\\\/portal\\\/candidato-aprovado-com-doenca-grave\\\/\"},\"author\":{\"name\":\"Heloana Vera Albuquerque\",\"@id\":\"https:\\\/\\\/cj.estrategia.com\\\/portal\\\/#\\\/schema\\\/person\\\/e3116c33097aaffcd61a5fe8d71846c4\"},\"headline\":\"Candidato aprovado em concurso p\u00fablico com doen\u00e7a grave: STF\",\"datePublished\":\"2024-07-22T14:00:00+00:00\",\"mainEntityOfPage\":{\"@id\":\"https:\\\/\\\/cj.estrategia.com\\\/portal\\\/candidato-aprovado-com-doenca-grave\\\/\"},\"wordCount\":904,\"commentCount\":0,\"publisher\":{\"@id\":\"https:\\\/\\\/cj.estrategia.com\\\/portal\\\/#organization\"},\"image\":{\"@id\":\"https:\\\/\\\/cj.estrategia.com\\\/portal\\\/candidato-aprovado-com-doenca-grave\\\/#primaryimage\"},\"thumbnailUrl\":\"https:\\\/\\\/cj.estrategia.com\\\/portal\\\/wp-content\\\/uploads\\\/2024\\\/06\\\/28155524\\\/image-54.png\",\"articleSection\":[\"Carreiras Jur\u00eddicas\",\"Defensoria\",\"Delegado\",\"Magistratura\",\"Procuradoria\",\"Promotoria\"],\"inLanguage\":\"pt-BR\",\"potentialAction\":[{\"@type\":\"CommentAction\",\"name\":\"Comment\",\"target\":[\"https:\\\/\\\/cj.estrategia.com\\\/portal\\\/candidato-aprovado-com-doenca-grave\\\/#respond\"]}]},{\"@type\":\"WebPage\",\"@id\":\"https:\\\/\\\/cj.estrategia.com\\\/portal\\\/candidato-aprovado-com-doenca-grave\\\/\",\"url\":\"https:\\\/\\\/cj.estrategia.com\\\/portal\\\/candidato-aprovado-com-doenca-grave\\\/\",\"name\":\"Candidato aprovado em concurso p\u00fablico com doen\u00e7a grave: STF\",\"isPartOf\":{\"@id\":\"https:\\\/\\\/cj.estrategia.com\\\/portal\\\/#website\"},\"primaryImageOfPage\":{\"@id\":\"https:\\\/\\\/cj.estrategia.com\\\/portal\\\/candidato-aprovado-com-doenca-grave\\\/#primaryimage\"},\"image\":{\"@id\":\"https:\\\/\\\/cj.estrategia.com\\\/portal\\\/candidato-aprovado-com-doenca-grave\\\/#primaryimage\"},\"thumbnailUrl\":\"https:\\\/\\\/cj.estrategia.com\\\/portal\\\/wp-content\\\/uploads\\\/2024\\\/06\\\/28155524\\\/image-54.png\",\"datePublished\":\"2024-07-22T14:00:00+00:00\",\"description\":\"Vamos conhecer a decis\u00e3o do STF acerca da situa\u00e7\u00e3o do candidato aprovado em concurso p\u00fablico e que tenha sido acometido por doen\u00e7a grave.\",\"breadcrumb\":{\"@id\":\"https:\\\/\\\/cj.estrategia.com\\\/portal\\\/candidato-aprovado-com-doenca-grave\\\/#breadcrumb\"},\"inLanguage\":\"pt-BR\",\"potentialAction\":[{\"@type\":\"ReadAction\",\"target\":[\"https:\\\/\\\/cj.estrategia.com\\\/portal\\\/candidato-aprovado-com-doenca-grave\\\/\"]}]},{\"@type\":\"ImageObject\",\"inLanguage\":\"pt-BR\",\"@id\":\"https:\\\/\\\/cj.estrategia.com\\\/portal\\\/candidato-aprovado-com-doenca-grave\\\/#primaryimage\",\"url\":\"https:\\\/\\\/cj.estrategia.com\\\/portal\\\/wp-content\\\/uploads\\\/2024\\\/06\\\/28155524\\\/image-54.png\",\"contentUrl\":\"https:\\\/\\\/cj.estrategia.com\\\/portal\\\/wp-content\\\/uploads\\\/2024\\\/06\\\/28155524\\\/image-54.png\",\"width\":848,\"height\":477},{\"@type\":\"BreadcrumbList\",\"@id\":\"https:\\\/\\\/cj.estrategia.com\\\/portal\\\/candidato-aprovado-com-doenca-grave\\\/#breadcrumb\",\"itemListElement\":[{\"@type\":\"ListItem\",\"position\":1,\"name\":\"In\u00edcio\",\"item\":\"https:\\\/\\\/cj.estrategia.com\\\/portal\\\/\"},{\"@type\":\"ListItem\",\"position\":2,\"name\":\"Candidato aprovado em concurso p\u00fablico com doen\u00e7a grave: STF\"}]},{\"@type\":\"WebSite\",\"@id\":\"https:\\\/\\\/cj.estrategia.com\\\/portal\\\/#website\",\"url\":\"https:\\\/\\\/cj.estrategia.com\\\/portal\\\/\",\"name\":\"Blog - Carreiras Jur\u00eddicas - Estrat\u00e9gia\",\"description\":\"\",\"publisher\":{\"@id\":\"https:\\\/\\\/cj.estrategia.com\\\/portal\\\/#organization\"},\"potentialAction\":[{\"@type\":\"SearchAction\",\"target\":{\"@type\":\"EntryPoint\",\"urlTemplate\":\"https:\\\/\\\/cj.estrategia.com\\\/portal\\\/?s={search_term_string}\"},\"query-input\":{\"@type\":\"PropertyValueSpecification\",\"valueRequired\":true,\"valueName\":\"search_term_string\"}}],\"inLanguage\":\"pt-BR\"},{\"@type\":\"Organization\",\"@id\":\"https:\\\/\\\/cj.estrategia.com\\\/portal\\\/#organization\",\"name\":\"Estrat\u00e9gia - Carreiras Jur\u00eddicas\",\"url\":\"https:\\\/\\\/cj.estrategia.com\\\/portal\\\/\",\"logo\":{\"@type\":\"ImageObject\",\"inLanguage\":\"pt-BR\",\"@id\":\"https:\\\/\\\/cj.estrategia.com\\\/portal\\\/#\\\/schema\\\/logo\\\/image\\\/\",\"url\":\"https:\\\/\\\/cj.estrategia.com\\\/portal\\\/wp-content\\\/uploads\\\/2022\\\/03\\\/11151052\\\/cj-logo.png\",\"contentUrl\":\"https:\\\/\\\/cj.estrategia.com\\\/portal\\\/wp-content\\\/uploads\\\/2022\\\/03\\\/11151052\\\/cj-logo.png\",\"width\":150,\"height\":39,\"caption\":\"Estrat\u00e9gia - Carreiras Jur\u00eddicas\"},\"image\":{\"@id\":\"https:\\\/\\\/cj.estrategia.com\\\/portal\\\/#\\\/schema\\\/logo\\\/image\\\/\"},\"sameAs\":[\"https:\\\/\\\/www.facebook.com\\\/estrategiacarreirajuridica\\\/\",\"https:\\\/\\\/x.com\\\/EstratJuridica\",\"https:\\\/\\\/www.instagram.com\\\/estrategiacarreirajuridica\\\/\",\"https:\\\/\\\/www.youtube.com\\\/channel\\\/UClbMGuYbj2Mh1m3w144ETWQ\"]},{\"@type\":\"Person\",\"@id\":\"https:\\\/\\\/cj.estrategia.com\\\/portal\\\/#\\\/schema\\\/person\\\/e3116c33097aaffcd61a5fe8d71846c4\",\"name\":\"Heloana Vera Albuquerque\",\"image\":{\"@type\":\"ImageObject\",\"inLanguage\":\"pt-BR\",\"@id\":\"https:\\\/\\\/secure.gravatar.com\\\/avatar\\\/24ae914faa49e70cf228cfa75150ff826756fa9dbbadf55254a1c17b67917d8a?s=96&d=mm&r=g\",\"url\":\"https:\\\/\\\/secure.gravatar.com\\\/avatar\\\/24ae914faa49e70cf228cfa75150ff826756fa9dbbadf55254a1c17b67917d8a?s=96&d=mm&r=g\",\"contentUrl\":\"https:\\\/\\\/secure.gravatar.com\\\/avatar\\\/24ae914faa49e70cf228cfa75150ff826756fa9dbbadf55254a1c17b67917d8a?s=96&d=mm&r=g\",\"caption\":\"Heloana Vera Albuquerque\"},\"description\":\"Aprovada para Oficial de Justi\u00e7a Avaliador Federal, Analista Judici\u00e1rio do Tribunal de Justi\u00e7a, Analista do Minist\u00e9rio P\u00fablico, Procurador Municipal e Juiz Leigo do JEC.\",\"award\":[\"L\u00e1urea universit\u00e1ria no Curso de Direito\"],\"url\":\"https:\\\/\\\/cj.estrategia.com\\\/portal\\\/author\\\/heloana-vera-albuquerque\\\/\"}]}<\/script>\n<!-- \/ Yoast SEO Premium plugin. -->","yoast_head_json":{"title":"Candidato aprovado em concurso p\u00fablico com doen\u00e7a grave: STF","description":"Vamos conhecer a decis\u00e3o do STF acerca da situa\u00e7\u00e3o do candidato aprovado em concurso p\u00fablico e que tenha sido acometido por doen\u00e7a grave.","robots":{"index":"index","follow":"follow","max-snippet":"max-snippet:-1","max-image-preview":"max-image-preview:large","max-video-preview":"max-video-preview:-1"},"canonical":"https:\/\/cj.estrategia.com\/portal\/candidato-aprovado-com-doenca-grave\/","og_locale":"pt_BR","og_type":"article","og_title":"Candidato aprovado em concurso p\u00fablico com doen\u00e7a grave: STF","og_description":"Vamos conhecer a decis\u00e3o do STF acerca da situa\u00e7\u00e3o do candidato aprovado em concurso p\u00fablico e que tenha sido acometido por doen\u00e7a grave.","og_url":"https:\/\/cj.estrategia.com\/portal\/candidato-aprovado-com-doenca-grave\/","og_site_name":"Blog - Carreiras Jur\u00eddicas - Estrat\u00e9gia","article_publisher":"https:\/\/www.facebook.com\/estrategiacarreirajuridica\/","article_published_time":"2024-07-22T14:00:00+00:00","og_image":[{"width":848,"height":477,"url":"https:\/\/cj.estrategia.com\/portal\/wp-content\/uploads\/2024\/06\/28155524\/image-54.png","type":"image\/png"}],"author":"Heloana Vera Albuquerque","twitter_card":"summary_large_image","twitter_creator":"@EstratJuridica","twitter_site":"@EstratJuridica","twitter_misc":{"Escrito por":"Heloana Vera Albuquerque","Est. tempo de leitura":"5 minutos"},"schema":{"@context":"https:\/\/schema.org","@graph":[{"@type":"NewsArticle","@id":"https:\/\/cj.estrategia.com\/portal\/candidato-aprovado-com-doenca-grave\/#article","isPartOf":{"@id":"https:\/\/cj.estrategia.com\/portal\/candidato-aprovado-com-doenca-grave\/"},"author":{"name":"Heloana Vera Albuquerque","@id":"https:\/\/cj.estrategia.com\/portal\/#\/schema\/person\/e3116c33097aaffcd61a5fe8d71846c4"},"headline":"Candidato aprovado em concurso p\u00fablico com doen\u00e7a grave: STF","datePublished":"2024-07-22T14:00:00+00:00","mainEntityOfPage":{"@id":"https:\/\/cj.estrategia.com\/portal\/candidato-aprovado-com-doenca-grave\/"},"wordCount":904,"commentCount":0,"publisher":{"@id":"https:\/\/cj.estrategia.com\/portal\/#organization"},"image":{"@id":"https:\/\/cj.estrategia.com\/portal\/candidato-aprovado-com-doenca-grave\/#primaryimage"},"thumbnailUrl":"https:\/\/cj.estrategia.com\/portal\/wp-content\/uploads\/2024\/06\/28155524\/image-54.png","articleSection":["Carreiras Jur\u00eddicas","Defensoria","Delegado","Magistratura","Procuradoria","Promotoria"],"inLanguage":"pt-BR","potentialAction":[{"@type":"CommentAction","name":"Comment","target":["https:\/\/cj.estrategia.com\/portal\/candidato-aprovado-com-doenca-grave\/#respond"]}]},{"@type":"WebPage","@id":"https:\/\/cj.estrategia.com\/portal\/candidato-aprovado-com-doenca-grave\/","url":"https:\/\/cj.estrategia.com\/portal\/candidato-aprovado-com-doenca-grave\/","name":"Candidato aprovado em concurso p\u00fablico com doen\u00e7a grave: STF","isPartOf":{"@id":"https:\/\/cj.estrategia.com\/portal\/#website"},"primaryImageOfPage":{"@id":"https:\/\/cj.estrategia.com\/portal\/candidato-aprovado-com-doenca-grave\/#primaryimage"},"image":{"@id":"https:\/\/cj.estrategia.com\/portal\/candidato-aprovado-com-doenca-grave\/#primaryimage"},"thumbnailUrl":"https:\/\/cj.estrategia.com\/portal\/wp-content\/uploads\/2024\/06\/28155524\/image-54.png","datePublished":"2024-07-22T14:00:00+00:00","description":"Vamos conhecer a decis\u00e3o do STF acerca da situa\u00e7\u00e3o do candidato aprovado em concurso p\u00fablico e que tenha sido acometido por doen\u00e7a grave.","breadcrumb":{"@id":"https:\/\/cj.estrategia.com\/portal\/candidato-aprovado-com-doenca-grave\/#breadcrumb"},"inLanguage":"pt-BR","potentialAction":[{"@type":"ReadAction","target":["https:\/\/cj.estrategia.com\/portal\/candidato-aprovado-com-doenca-grave\/"]}]},{"@type":"ImageObject","inLanguage":"pt-BR","@id":"https:\/\/cj.estrategia.com\/portal\/candidato-aprovado-com-doenca-grave\/#primaryimage","url":"https:\/\/cj.estrategia.com\/portal\/wp-content\/uploads\/2024\/06\/28155524\/image-54.png","contentUrl":"https:\/\/cj.estrategia.com\/portal\/wp-content\/uploads\/2024\/06\/28155524\/image-54.png","width":848,"height":477},{"@type":"BreadcrumbList","@id":"https:\/\/cj.estrategia.com\/portal\/candidato-aprovado-com-doenca-grave\/#breadcrumb","itemListElement":[{"@type":"ListItem","position":1,"name":"In\u00edcio","item":"https:\/\/cj.estrategia.com\/portal\/"},{"@type":"ListItem","position":2,"name":"Candidato aprovado em concurso p\u00fablico com doen\u00e7a grave: STF"}]},{"@type":"WebSite","@id":"https:\/\/cj.estrategia.com\/portal\/#website","url":"https:\/\/cj.estrategia.com\/portal\/","name":"Blog - Carreiras Jur\u00eddicas - Estrat\u00e9gia","description":"","publisher":{"@id":"https:\/\/cj.estrategia.com\/portal\/#organization"},"potentialAction":[{"@type":"SearchAction","target":{"@type":"EntryPoint","urlTemplate":"https:\/\/cj.estrategia.com\/portal\/?s={search_term_string}"},"query-input":{"@type":"PropertyValueSpecification","valueRequired":true,"valueName":"search_term_string"}}],"inLanguage":"pt-BR"},{"@type":"Organization","@id":"https:\/\/cj.estrategia.com\/portal\/#organization","name":"Estrat\u00e9gia - Carreiras Jur\u00eddicas","url":"https:\/\/cj.estrategia.com\/portal\/","logo":{"@type":"ImageObject","inLanguage":"pt-BR","@id":"https:\/\/cj.estrategia.com\/portal\/#\/schema\/logo\/image\/","url":"https:\/\/cj.estrategia.com\/portal\/wp-content\/uploads\/2022\/03\/11151052\/cj-logo.png","contentUrl":"https:\/\/cj.estrategia.com\/portal\/wp-content\/uploads\/2022\/03\/11151052\/cj-logo.png","width":150,"height":39,"caption":"Estrat\u00e9gia - Carreiras Jur\u00eddicas"},"image":{"@id":"https:\/\/cj.estrategia.com\/portal\/#\/schema\/logo\/image\/"},"sameAs":["https:\/\/www.facebook.com\/estrategiacarreirajuridica\/","https:\/\/x.com\/EstratJuridica","https:\/\/www.instagram.com\/estrategiacarreirajuridica\/","https:\/\/www.youtube.com\/channel\/UClbMGuYbj2Mh1m3w144ETWQ"]},{"@type":"Person","@id":"https:\/\/cj.estrategia.com\/portal\/#\/schema\/person\/e3116c33097aaffcd61a5fe8d71846c4","name":"Heloana Vera Albuquerque","image":{"@type":"ImageObject","inLanguage":"pt-BR","@id":"https:\/\/secure.gravatar.com\/avatar\/24ae914faa49e70cf228cfa75150ff826756fa9dbbadf55254a1c17b67917d8a?s=96&d=mm&r=g","url":"https:\/\/secure.gravatar.com\/avatar\/24ae914faa49e70cf228cfa75150ff826756fa9dbbadf55254a1c17b67917d8a?s=96&d=mm&r=g","contentUrl":"https:\/\/secure.gravatar.com\/avatar\/24ae914faa49e70cf228cfa75150ff826756fa9dbbadf55254a1c17b67917d8a?s=96&d=mm&r=g","caption":"Heloana Vera Albuquerque"},"description":"Aprovada para Oficial de Justi\u00e7a Avaliador Federal, Analista Judici\u00e1rio do Tribunal de Justi\u00e7a, Analista do Minist\u00e9rio P\u00fablico, Procurador Municipal e Juiz Leigo do JEC.","award":["L\u00e1urea universit\u00e1ria no Curso de Direito"],"url":"https:\/\/cj.estrategia.com\/portal\/author\/heloana-vera-albuquerque\/"}]}},"jetpack_featured_media_url":"https:\/\/cj.estrategia.com\/portal\/wp-content\/uploads\/2024\/06\/28155524\/image-54.png","jetpack_sharing_enabled":true,"_links":{"self":[{"href":"https:\/\/cj.estrategia.com\/portal\/wp-json\/wp\/v2\/posts\/67302","targetHints":{"allow":["GET"]}}],"collection":[{"href":"https:\/\/cj.estrategia.com\/portal\/wp-json\/wp\/v2\/posts"}],"about":[{"href":"https:\/\/cj.estrategia.com\/portal\/wp-json\/wp\/v2\/types\/post"}],"author":[{"embeddable":true,"href":"https:\/\/cj.estrategia.com\/portal\/wp-json\/wp\/v2\/users\/127"}],"replies":[{"embeddable":true,"href":"https:\/\/cj.estrategia.com\/portal\/wp-json\/wp\/v2\/comments?post=67302"}],"version-history":[{"count":0,"href":"https:\/\/cj.estrategia.com\/portal\/wp-json\/wp\/v2\/posts\/67302\/revisions"}],"wp:featuredmedia":[{"embeddable":true,"href":"https:\/\/cj.estrategia.com\/portal\/wp-json\/wp\/v2\/media\/67310"}],"wp:attachment":[{"href":"https:\/\/cj.estrategia.com\/portal\/wp-json\/wp\/v2\/media?parent=67302"}],"wp:term":[{"taxonomy":"category","embeddable":true,"href":"https:\/\/cj.estrategia.com\/portal\/wp-json\/wp\/v2\/categories?post=67302"},{"taxonomy":"post_tag","embeddable":true,"href":"https:\/\/cj.estrategia.com\/portal\/wp-json\/wp\/v2\/tags?post=67302"},{"taxonomy":"tax_estado","embeddable":true,"href":"https:\/\/cj.estrategia.com\/portal\/wp-json\/wp\/v2\/tax_estado?post=67302"}],"curies":[{"name":"wp","href":"https:\/\/api.w.org\/{rel}","templated":true}]}}