{"id":66862,"date":"2024-07-21T11:00:00","date_gmt":"2024-07-21T14:00:00","guid":{"rendered":"https:\/\/cj.estrategia.com\/portal\/?p=66862"},"modified":"2024-06-27T18:46:56","modified_gmt":"2024-06-27T21:46:56","slug":"responsabilidade-civil-jornalistas","status":"publish","type":"post","link":"https:\/\/cj.estrategia.com\/portal\/responsabilidade-civil-jornalistas\/","title":{"rendered":"Responsabilidade civil de jornalistas e ass\u00e9dio judicial: STF"},"content":{"rendered":"\n<p>Hoje, vamos conhecer um pouco a respeito de importante decis\u00e3o do STF acerca da responsabilidade civil de jornalistas e a rela\u00e7\u00e3o com o ass\u00e9dio judicial. Daremos enfoque aos temas mais cobrados na \u00e1rea dos <strong>concursos de carreira jur\u00eddica<\/strong>.<\/p>\n\n\n\n<p>Vamos l\u00e1!<\/p>\n\n\n\n<figure class=\"wp-block-image size-full is-resized\"><img decoding=\"async\" width=\"725\" height=\"483\" src=\"https:\/\/cj.estrategia.com\/portal\/wp-content\/uploads\/2024\/06\/21171005\/image-43.png\" alt=\"Responsabilidade civil de jornalistas\" class=\"wp-image-66863\" style=\"width:680px;height:auto\" srcset=\"https:\/\/cj.estrategia.com\/portal\/wp-content\/uploads\/2024\/06\/21171005\/image-43.png 725w, https:\/\/cj.estrategia.com\/portal\/wp-content\/uploads\/2024\/06\/21171005\/image-43-300x200.png 300w, https:\/\/cj.estrategia.com\/portal\/wp-content\/uploads\/2024\/06\/21171005\/image-43-380x253.png 380w, https:\/\/cj.estrategia.com\/portal\/wp-content\/uploads\/2024\/06\/21171005\/image-43-150x100.png 150w\" sizes=\"(max-width: 725px) 100vw, 725px\" \/><\/figure>\n\n\n\n<h2 class=\"wp-block-heading\" id=\"h-responsabilidade-civil-de-jornalistas-decisao-do-stf\"><span id=\"responsabilidade-civil-de-jornalistas-decisao-do-stf\">Responsabilidade civil de jornalistas: decis\u00e3o do STF<\/span><\/h2>\n\n\n\n<p>Em sede da ADI 6.792\/DF, o STF fixou as seguintes teses acerca da responsabilidade civil de jornalistas e a rela\u00e7\u00e3o com o ass\u00e9dio judicial:<\/p>\n\n\n\n<figure class=\"wp-block-table\"><table><tbody><tr><td><strong>1.<\/strong> Constitui <strong>ass\u00e9dio judicial<\/strong> comprometedor da <span style=\"text-decoration: underline;\">liberdade de express\u00e3o<\/span> o ajuizamento de <em>in\u00fameras<\/em> a\u00e7\u00f5es a respeito dos mesmos fatos, em comarcas diversas, com o intuito ou o efeito de constranger jornalista ou \u00f3rg\u00e3o de imprensa, dificultar sua defesa ou torn\u00e1-la excessivamente onerosa.<br><strong>2.<\/strong> Caracterizado o ass\u00e9dio judicial, a parte demandada poder\u00e1 requerer a <strong>reuni\u00e3o<\/strong> de todas as a\u00e7\u00f5es no <span style=\"text-decoration: underline;\">foro de seu domic\u00edlio<\/span>.<br><strong>3.<\/strong> A responsabilidade civil de jornalistas ou de \u00f3rg\u00e3os de imprensa somente estar\u00e1 configurada em caso inequ\u00edvoco de <strong>dolo ou de culpa grave<\/strong> (evidente neglig\u00eancia profissional na apura\u00e7\u00e3o dos fatos).<\/td><\/tr><\/tbody><\/table><\/figure>\n\n\n\n<h2 class=\"wp-block-heading\" id=\"h-responsabilidade-civil-de-jornalistas-conceitos-fundamentais\"><span id=\"responsabilidade-civil-de-jornalistas-conceitos-fundamentais\">Responsabilidade civil de jornalistas: conceitos fundamentais<\/span><\/h2>\n\n\n\n<h3 class=\"wp-block-heading\" id=\"h-liberdade-de-expressao\"><span id=\"liberdade-de-expressao\">Liberdade de express\u00e3o<\/span><\/h3>\n\n\n\n<p>Conforme <a href=\"https:\/\/www.tjdft.jus.br\/institucional\/imprensa\/campanhas-e-produtos\/direito-facil\/edicao-semanal\/liberdade-de-imprensa-x-liberdade-de-expressao\" target=\"_blank\" >mat\u00e9ria publicada no TJ-DF<\/a>, &#8220;a liberdade de express\u00e3o est\u00e1 ligada ao direito de manifesta\u00e7\u00e3o do pensamento, possibilidade do indiv\u00edduo emitir suas opini\u00f5es e ideias ou expressar atividades intelectuais, art\u00edsticas, cient\u00edficas e de comunica\u00e7\u00e3o, sem interfer\u00eancia ou eventual retalia\u00e7\u00e3o do governo. O artigo 19 da Declara\u00e7\u00e3o Universal dos Direitos Humanos define esse direito como a liberdade de emitir opini\u00f5es, ter acesso e transmitir informa\u00e7\u00f5es e ideias, por qualquer meio de comunica\u00e7\u00e3o&#8221;.<\/p>\n\n\n\n<p>A liberdade de express\u00e3o \u00e9 igualmente protegida pela Constitui\u00e7\u00e3o Federal como direito fundamental. Nesse sentido:<\/p>\n\n\n\n<figure class=\"wp-block-table\"><table><tbody><tr><td><strong>Art. 5\u00ba, CF <\/strong>&#8211; Todos s\u00e3o iguais perante a lei, sem distin\u00e7\u00e3o de qualquer natureza, garantindo-se aos brasileiros e aos estrangeiros residentes no Pa\u00eds a inviolabilidade do direito \u00e0 vida, \u00e0 liberdade, \u00e0 igualdade, \u00e0 seguran\u00e7a e \u00e0 propriedade, nos termos seguintes:<br>(&#8230;)<br><strong>IV &#8211; <\/strong>\u00e9 livre a manifesta\u00e7\u00e3o do pensamento, sendo vedado o anonimato;<br><strong>V &#8211;<\/strong> \u00e9 assegurado o direito de resposta, proporcional ao agravo, al\u00e9m da indeniza\u00e7\u00e3o por dano material, moral ou \u00e0 imagem;<br><strong>VI <\/strong>&#8211; \u00e9 inviol\u00e1vel a liberdade de consci\u00eancia e de cren\u00e7a, sendo assegurado o livre exerc\u00edcio dos cultos religiosos e garantida, na forma da lei, a prote\u00e7\u00e3o aos locais de culto e a suas liturgias;<br>(&#8230;)<br><strong>IX &#8211;<\/strong> \u00e9 livre a express\u00e3o da atividade intelectual, art\u00edstica, cient\u00edfica e de comunica\u00e7\u00e3o, independentemente de censura ou licen\u00e7a;<br>(&#8230;)<br><strong>XIV &#8211;<\/strong> \u00e9 assegurado a todos o acesso \u00e0 informa\u00e7\u00e3o e resguardado o sigilo da fonte, quando necess\u00e1rio ao exerc\u00edcio profissional;<\/td><\/tr><\/tbody><\/table><\/figure>\n\n\n\n<h3 class=\"wp-block-heading\" id=\"h-assedio-judicial\"><span id=\"assedio-judicial\">Ass\u00e9dio judicial<\/span><\/h3>\n\n\n\n<p>De acordo com <a href=\"https:\/\/www.conjur.com.br\/2022-fev-16\/processo-assedio-atraves-demandas-opressivas-judicializacao-predatoria\/\" target=\"_blank\" >Jos\u00e9 Miguel Garcia Medina<\/a>, &#8220;o fen\u00f4meno pode ocorrer quando uma mesma pessoa <strong>litiga contra outra repetidamente<\/strong> e tamb\u00e9m quando <strong>v\u00e1rias a\u00e7\u00f5es s\u00e3o movidas por demandantes diferentes, de modo orquestrado, contra uma mesma pessoa<\/strong>. O ajuizamento de a\u00e7\u00f5es repetitivas e <span style=\"text-decoration: underline;\">manifestamente infundadas<\/span> pode revelar a exist\u00eancia de falsos lit\u00edgios, em que v\u00e1rios e sucessivos processos judiciais s\u00e3o utilizados com o prop\u00f3sito de assediar algu\u00e9m processual e judicialmente&#8221;.<\/p>\n\n\n\n<h2 class=\"wp-block-heading\" id=\"h-responsabilidade-civil-de-jornalistas-entendendo-a-decisao-do-stf\"><span id=\"responsabilidade-civil-de-jornalistas-entendendo-a-decisao-do-stf\">Responsabilidade civil de jornalistas: entendendo a decis\u00e3o do STF<\/span><\/h2>\n\n\n\n<h3 class=\"wp-block-heading\" id=\"h-tese-1\"><span id=\"tese-1\">Tese 1:<\/span><\/h3>\n\n\n\n<figure class=\"wp-block-table\"><table><tbody><tr><td>Constitui <strong>ass\u00e9dio judicial<\/strong> comprometedor da <span style=\"text-decoration: underline;\">liberdade de express\u00e3o<\/span> o ajuizamento de in\u00fameras a\u00e7\u00f5es a respeito dos mesmos fatos, em comarcas diversas, com o intuito ou o efeito de constranger jornalista ou \u00f3rg\u00e3o de imprensa, dificultar sua defesa ou torn\u00e1-la excessivamente onerosa.<\/td><\/tr><\/tbody><\/table><\/figure>\n\n\n\n<p>O STF entendeu que o ajuizamento de in\u00fameras a\u00e7\u00f5es constitui pr\u00e1tica abusiva e utiliza o Poder Judici\u00e1rio como <span style=\"text-decoration: underline;\">instrumento de persegui\u00e7\u00e3o e intimida\u00e7\u00e3o<\/span>. \u00c9 o chamado ass\u00e9dio judicial e constitui pr\u00e1tica vedada.<\/p>\n\n\n\n<p>A Corte ponderou o conflito dos seguintes direitos fundamentais:<\/p>\n\n\n\n<figure class=\"wp-block-table\"><table><tbody><tr><td><strong>Liberdade de express\u00e3o<\/strong><\/td><td><em>versus<\/em><\/td><td><strong>Vida privada, intimidade, honra etc<\/strong><\/td><\/tr><\/tbody><\/table><\/figure>\n\n\n\n<p>Nesta pondera\u00e7\u00e3o, <strong><span style=\"text-decoration: underline;\">prevaleceu a liberdade de express\u00e3o<\/span><\/strong>.<\/p>\n\n\n\n<h3 class=\"wp-block-heading\" id=\"h-tese-2\"><span id=\"tese-2\">Tese 2:<\/span><\/h3>\n\n\n\n<figure class=\"wp-block-table\"><table><tbody><tr><td>Caracterizado o ass\u00e9dio judicial, a parte demandada poder\u00e1 requerer a reuni\u00e3o de todas as a\u00e7\u00f5es no foro de seu domic\u00edlio.<\/td><\/tr><\/tbody><\/table><\/figure>\n\n\n\n<p>Trata-se de uma medida que visa garantir o <strong>direito constitucional \u00e0 <span style=\"text-decoration: underline;\">defesa<\/span><\/strong>. O STF decidiu que, quando caracterizado o ass\u00e9dio judicial, deve-se fixar a compet\u00eancia pelo <span style=\"text-decoration: underline;\">foro de domic\u00edlio do r\u00e9u<\/span>, que \u00e9 a regra no direito brasileiro. <\/p>\n\n\n\n<p>Nesse sentido:<\/p>\n\n\n\n<figure class=\"wp-block-table\"><table><tbody><tr><td><strong>Art. 46 do CPC &#8211;<\/strong> A a\u00e7\u00e3o fundada em direito pessoal ou em direito real sobre bens m\u00f3veis ser\u00e1 proposta, em regra, no foro de domic\u00edlio do r\u00e9u.<\/td><\/tr><\/tbody><\/table><\/figure>\n\n\n\n<h3 class=\"wp-block-heading\" id=\"h-tese-3\"><span id=\"tese-3\">Tese 3:<\/span><\/h3>\n\n\n\n<figure class=\"wp-block-table\"><table><tbody><tr><td>A responsabilidade civil de jornalistas ou de \u00f3rg\u00e3os de imprensa somente estar\u00e1 configurada em caso <strong><span style=\"text-decoration: underline;\">inequ\u00edvoco de dolo ou de culpa grave<\/span><\/strong> (evidente neglig\u00eancia profissional na apura\u00e7\u00e3o dos fatos).<\/td><\/tr><\/tbody><\/table><\/figure>\n\n\n\n<ul class=\"wp-block-list\">\n<li><strong>Dolo:<\/strong> verifica-se quando existe a inten\u00e7\u00e3o de praticar a conduta. <span style=\"text-decoration: underline;\">Exemplo<\/span>: jornalista publica mat\u00e9ria jornal\u00edstica na qual acusa falsamente uma pessoa pela pr\u00e1tica de um crime, sabendo que a acusa\u00e7\u00e3o n\u00e3o procede;<\/li>\n\n\n\n<li><strong>Culpa grave<\/strong>: verifica-se quando o jornalista n\u00e3o adota as medidas necess\u00e1rias para apurar os fatos. Trata-se de uma conduta que n\u00e3o seria praticada por um profissional minimamente diligente. <span style=\"text-decoration: underline;\">Exemplo<\/span>: publica\u00e7\u00e3o de uma mat\u00e9ria jornal\u00edstica sobre um fato com repercuss\u00e3o nacional com base apenas em <strong><span style=\"text-decoration: underline;\">meros relatos<\/span><\/strong> e sem a busca de outros dados que corroborem a informa\u00e7\u00e3o recebida pelo jornalista.<\/li>\n<\/ul>\n\n\n\n<h2 class=\"wp-block-heading\" id=\"h-conclusao\"><span id=\"conclusao\">Conclus\u00e3o<\/span><\/h2>\n\n\n\n<p>Hoje, vimos um pouco a respeito da responsabilidade civil de jornalistas e a rela\u00e7\u00e3o com o ass\u00e9dio judicial \u00e0 luz de importante decis\u00e3o do STF.<\/p>\n\n\n\n<p>Por ora, finalizamos mais um tema empolgante para os que almejam a sonhada carreira jur\u00eddica.<\/p>\n\n\n\n<p>Advertimos que <strong>esse artigo<\/strong>, juntamente com as quest\u00f5es do <a href=\"https:\/\/cj.estrategia.com\/#\" target=\"_blank\" ><u><strong>Sistema de Quest\u00f5es do Estrat\u00e9gia Carreira Jur\u00eddica<\/strong><\/u><\/a>, serve como complemento ao estudo do tema proposto, devendo-se priorizar o material te\u00f3rico, em <strong>PDF<\/strong> ou <strong>videoaula<\/strong>, do curso.<\/p>\n\n\n\n<p>At\u00e9 a pr\u00f3xima!<\/p>\n\n\n\n<p class=\"has-text-align-center\"><strong>Quer saber mais sobre os pr\u00f3ximos concursos?<\/strong><\/p>\n\n\n\n<p class=\"has-text-align-center\"><strong>Confira nossos artigos!<\/strong><\/p>\n\n\n\n<p class=\"has-text-align-center has-pale-cyan-blue-background-color has-background\"><a href=\"https:\/\/cj.estrategia.com\/portal\/concursos-abertos-carreiras-juridicas\/\" target=\"_blank\" ><strong>Concursos abertos<\/strong><\/a><\/p>\n\n\n\n<p class=\"has-text-align-center has-pale-cyan-blue-background-color has-background\"><a href=\"https:\/\/cj.estrategia.com\/portal\/concursos-2024-carreiras-juridicas\/\" target=\"_blank\" ><strong>Concursos 2024<\/strong><\/a><\/p>\n","protected":false},"excerpt":{"rendered":"Hoje, vamos conhecer um pouco a respeito de importante decis\u00e3o do STF acerca da responsabilidade civil de jornalistas&hellip;\n","protected":false},"author":127,"featured_media":66863,"comment_status":"open","ping_status":"open","sticky":false,"template":"","format":"standard","meta":{"_jetpack_memberships_contains_paid_content":false,"footnotes":""},"categories":[1,29,27,28,26,24,25],"tags":[],"tax_estado":[30,31,32,33,34,35,36,37,38,39,40,41,42,43,44,45,46,47,48,49,50,51,52,53,54,55,56,57],"class_list":{"0":"post-66862","1":"post","2":"type-post","3":"status-publish","4":"format-standard","5":"has-post-thumbnail","7":"category-carreiras-juridicas","8":"category-cartorio","9":"category-defensoria","10":"category-delegado","11":"category-magistratura","12":"category-procuradoria","13":"category-promotoria","14":"tax_estado-ac","15":"tax_estado-al","16":"tax_estado-am","17":"tax_estado-ap","18":"tax_estado-ba","19":"tax_estado-ce","20":"tax_estado-concursos-federais","21":"tax_estado-df","22":"tax_estado-es","23":"tax_estado-go","24":"tax_estado-ma","25":"tax_estado-mg","26":"tax_estado-ms","27":"tax_estado-mt","28":"tax_estado-pa","29":"tax_estado-pb","30":"tax_estado-pe","31":"tax_estado-pi","32":"tax_estado-pr","33":"tax_estado-rj","34":"tax_estado-rn","35":"tax_estado-ro","36":"tax_estado-rr","37":"tax_estado-rs","38":"tax_estado-sc","39":"tax_estado-se","40":"tax_estado-sp","41":"tax_estado-to"},"acf":[],"yoast_head":"<!-- This site is optimized with the Yoast SEO Premium plugin v27.4 (Yoast SEO v27.4) - https:\/\/yoast.com\/product\/yoast-seo-premium-wordpress\/ -->\n<title>Responsabilidade civil de jornalistas e ass\u00e9dio judicial: STF<\/title>\n<meta name=\"description\" content=\"Hoje, vamos conhecer um pouco a respeito de importante decis\u00e3o do STF acerca da responsabilidade civil de jornalistas.\" \/>\n<meta name=\"robots\" content=\"index, follow, max-snippet:-1, max-image-preview:large, max-video-preview:-1\" \/>\n<link rel=\"canonical\" href=\"https:\/\/cj.estrategia.com\/portal\/responsabilidade-civil-jornalistas\/\" \/>\n<meta property=\"og:locale\" content=\"pt_BR\" \/>\n<meta property=\"og:type\" content=\"article\" \/>\n<meta property=\"og:title\" content=\"Responsabilidade civil de jornalistas e ass\u00e9dio judicial: STF\" \/>\n<meta property=\"og:description\" content=\"Hoje, vamos conhecer um pouco a respeito de importante decis\u00e3o do STF acerca da responsabilidade civil de jornalistas.\" \/>\n<meta property=\"og:url\" content=\"https:\/\/cj.estrategia.com\/portal\/responsabilidade-civil-jornalistas\/\" \/>\n<meta property=\"og:site_name\" content=\"Blog - Carreiras Jur\u00eddicas - Estrat\u00e9gia\" \/>\n<meta property=\"article:publisher\" content=\"https:\/\/www.facebook.com\/estrategiacarreirajuridica\/\" \/>\n<meta property=\"article:published_time\" content=\"2024-07-21T14:00:00+00:00\" \/>\n<meta property=\"og:image\" content=\"https:\/\/cj.estrategia.com\/portal\/wp-content\/uploads\/2024\/06\/21171005\/image-43.png\" \/>\n\t<meta property=\"og:image:width\" content=\"725\" \/>\n\t<meta property=\"og:image:height\" content=\"483\" \/>\n\t<meta property=\"og:image:type\" content=\"image\/png\" \/>\n<meta name=\"author\" content=\"Heloana Vera Albuquerque\" \/>\n<meta name=\"twitter:card\" content=\"summary_large_image\" \/>\n<meta name=\"twitter:creator\" content=\"@EstratJuridica\" \/>\n<meta name=\"twitter:site\" content=\"@EstratJuridica\" \/>\n<meta name=\"twitter:label1\" content=\"Escrito por\" \/>\n\t<meta name=\"twitter:data1\" content=\"Heloana Vera Albuquerque\" \/>\n\t<meta name=\"twitter:label2\" content=\"Est. tempo de leitura\" \/>\n\t<meta name=\"twitter:data2\" content=\"6 minutos\" \/>\n<script type=\"application\/ld+json\" class=\"yoast-schema-graph\">{\"@context\":\"https:\\\/\\\/schema.org\",\"@graph\":[{\"@type\":\"NewsArticle\",\"@id\":\"https:\\\/\\\/cj.estrategia.com\\\/portal\\\/responsabilidade-civil-jornalistas\\\/#article\",\"isPartOf\":{\"@id\":\"https:\\\/\\\/cj.estrategia.com\\\/portal\\\/responsabilidade-civil-jornalistas\\\/\"},\"author\":{\"name\":\"Heloana Vera Albuquerque\",\"@id\":\"https:\\\/\\\/cj.estrategia.com\\\/portal\\\/#\\\/schema\\\/person\\\/e3116c33097aaffcd61a5fe8d71846c4\"},\"headline\":\"Responsabilidade civil de jornalistas e ass\u00e9dio judicial: STF\",\"datePublished\":\"2024-07-21T14:00:00+00:00\",\"mainEntityOfPage\":{\"@id\":\"https:\\\/\\\/cj.estrategia.com\\\/portal\\\/responsabilidade-civil-jornalistas\\\/\"},\"wordCount\":1008,\"commentCount\":0,\"publisher\":{\"@id\":\"https:\\\/\\\/cj.estrategia.com\\\/portal\\\/#organization\"},\"image\":{\"@id\":\"https:\\\/\\\/cj.estrategia.com\\\/portal\\\/responsabilidade-civil-jornalistas\\\/#primaryimage\"},\"thumbnailUrl\":\"https:\\\/\\\/cj.estrategia.com\\\/portal\\\/wp-content\\\/uploads\\\/2024\\\/06\\\/21171005\\\/image-43.png\",\"articleSection\":[\"Carreiras Jur\u00eddicas\",\"Cart\u00f3rio\",\"Defensoria\",\"Delegado\",\"Magistratura\",\"Procuradoria\",\"Promotoria\"],\"inLanguage\":\"pt-BR\",\"potentialAction\":[{\"@type\":\"CommentAction\",\"name\":\"Comment\",\"target\":[\"https:\\\/\\\/cj.estrategia.com\\\/portal\\\/responsabilidade-civil-jornalistas\\\/#respond\"]}]},{\"@type\":\"WebPage\",\"@id\":\"https:\\\/\\\/cj.estrategia.com\\\/portal\\\/responsabilidade-civil-jornalistas\\\/\",\"url\":\"https:\\\/\\\/cj.estrategia.com\\\/portal\\\/responsabilidade-civil-jornalistas\\\/\",\"name\":\"Responsabilidade civil de jornalistas e ass\u00e9dio judicial: STF\",\"isPartOf\":{\"@id\":\"https:\\\/\\\/cj.estrategia.com\\\/portal\\\/#website\"},\"primaryImageOfPage\":{\"@id\":\"https:\\\/\\\/cj.estrategia.com\\\/portal\\\/responsabilidade-civil-jornalistas\\\/#primaryimage\"},\"image\":{\"@id\":\"https:\\\/\\\/cj.estrategia.com\\\/portal\\\/responsabilidade-civil-jornalistas\\\/#primaryimage\"},\"thumbnailUrl\":\"https:\\\/\\\/cj.estrategia.com\\\/portal\\\/wp-content\\\/uploads\\\/2024\\\/06\\\/21171005\\\/image-43.png\",\"datePublished\":\"2024-07-21T14:00:00+00:00\",\"description\":\"Hoje, vamos conhecer um pouco a respeito de importante decis\u00e3o do STF acerca da responsabilidade civil de jornalistas.\",\"breadcrumb\":{\"@id\":\"https:\\\/\\\/cj.estrategia.com\\\/portal\\\/responsabilidade-civil-jornalistas\\\/#breadcrumb\"},\"inLanguage\":\"pt-BR\",\"potentialAction\":[{\"@type\":\"ReadAction\",\"target\":[\"https:\\\/\\\/cj.estrategia.com\\\/portal\\\/responsabilidade-civil-jornalistas\\\/\"]}]},{\"@type\":\"ImageObject\",\"inLanguage\":\"pt-BR\",\"@id\":\"https:\\\/\\\/cj.estrategia.com\\\/portal\\\/responsabilidade-civil-jornalistas\\\/#primaryimage\",\"url\":\"https:\\\/\\\/cj.estrategia.com\\\/portal\\\/wp-content\\\/uploads\\\/2024\\\/06\\\/21171005\\\/image-43.png\",\"contentUrl\":\"https:\\\/\\\/cj.estrategia.com\\\/portal\\\/wp-content\\\/uploads\\\/2024\\\/06\\\/21171005\\\/image-43.png\",\"width\":725,\"height\":483},{\"@type\":\"BreadcrumbList\",\"@id\":\"https:\\\/\\\/cj.estrategia.com\\\/portal\\\/responsabilidade-civil-jornalistas\\\/#breadcrumb\",\"itemListElement\":[{\"@type\":\"ListItem\",\"position\":1,\"name\":\"In\u00edcio\",\"item\":\"https:\\\/\\\/cj.estrategia.com\\\/portal\\\/\"},{\"@type\":\"ListItem\",\"position\":2,\"name\":\"Responsabilidade civil de jornalistas e ass\u00e9dio judicial: STF\"}]},{\"@type\":\"WebSite\",\"@id\":\"https:\\\/\\\/cj.estrategia.com\\\/portal\\\/#website\",\"url\":\"https:\\\/\\\/cj.estrategia.com\\\/portal\\\/\",\"name\":\"Blog - Carreiras Jur\u00eddicas - Estrat\u00e9gia\",\"description\":\"\",\"publisher\":{\"@id\":\"https:\\\/\\\/cj.estrategia.com\\\/portal\\\/#organization\"},\"potentialAction\":[{\"@type\":\"SearchAction\",\"target\":{\"@type\":\"EntryPoint\",\"urlTemplate\":\"https:\\\/\\\/cj.estrategia.com\\\/portal\\\/?s={search_term_string}\"},\"query-input\":{\"@type\":\"PropertyValueSpecification\",\"valueRequired\":true,\"valueName\":\"search_term_string\"}}],\"inLanguage\":\"pt-BR\"},{\"@type\":\"Organization\",\"@id\":\"https:\\\/\\\/cj.estrategia.com\\\/portal\\\/#organization\",\"name\":\"Estrat\u00e9gia - Carreiras Jur\u00eddicas\",\"url\":\"https:\\\/\\\/cj.estrategia.com\\\/portal\\\/\",\"logo\":{\"@type\":\"ImageObject\",\"inLanguage\":\"pt-BR\",\"@id\":\"https:\\\/\\\/cj.estrategia.com\\\/portal\\\/#\\\/schema\\\/logo\\\/image\\\/\",\"url\":\"https:\\\/\\\/cj.estrategia.com\\\/portal\\\/wp-content\\\/uploads\\\/2022\\\/03\\\/11151052\\\/cj-logo.png\",\"contentUrl\":\"https:\\\/\\\/cj.estrategia.com\\\/portal\\\/wp-content\\\/uploads\\\/2022\\\/03\\\/11151052\\\/cj-logo.png\",\"width\":150,\"height\":39,\"caption\":\"Estrat\u00e9gia - Carreiras Jur\u00eddicas\"},\"image\":{\"@id\":\"https:\\\/\\\/cj.estrategia.com\\\/portal\\\/#\\\/schema\\\/logo\\\/image\\\/\"},\"sameAs\":[\"https:\\\/\\\/www.facebook.com\\\/estrategiacarreirajuridica\\\/\",\"https:\\\/\\\/x.com\\\/EstratJuridica\",\"https:\\\/\\\/www.instagram.com\\\/estrategiacarreirajuridica\\\/\",\"https:\\\/\\\/www.youtube.com\\\/channel\\\/UClbMGuYbj2Mh1m3w144ETWQ\"]},{\"@type\":\"Person\",\"@id\":\"https:\\\/\\\/cj.estrategia.com\\\/portal\\\/#\\\/schema\\\/person\\\/e3116c33097aaffcd61a5fe8d71846c4\",\"name\":\"Heloana Vera Albuquerque\",\"image\":{\"@type\":\"ImageObject\",\"inLanguage\":\"pt-BR\",\"@id\":\"https:\\\/\\\/secure.gravatar.com\\\/avatar\\\/24ae914faa49e70cf228cfa75150ff826756fa9dbbadf55254a1c17b67917d8a?s=96&d=mm&r=g\",\"url\":\"https:\\\/\\\/secure.gravatar.com\\\/avatar\\\/24ae914faa49e70cf228cfa75150ff826756fa9dbbadf55254a1c17b67917d8a?s=96&d=mm&r=g\",\"contentUrl\":\"https:\\\/\\\/secure.gravatar.com\\\/avatar\\\/24ae914faa49e70cf228cfa75150ff826756fa9dbbadf55254a1c17b67917d8a?s=96&d=mm&r=g\",\"caption\":\"Heloana Vera Albuquerque\"},\"description\":\"Aprovada para Oficial de Justi\u00e7a Avaliador Federal, Analista Judici\u00e1rio do Tribunal de Justi\u00e7a, Analista do Minist\u00e9rio P\u00fablico, Procurador Municipal e Juiz Leigo do JEC.\",\"award\":[\"L\u00e1urea universit\u00e1ria no Curso de Direito\"],\"url\":\"https:\\\/\\\/cj.estrategia.com\\\/portal\\\/author\\\/heloana-vera-albuquerque\\\/\"}]}<\/script>\n<!-- \/ Yoast SEO Premium plugin. -->","yoast_head_json":{"title":"Responsabilidade civil de jornalistas e ass\u00e9dio judicial: STF","description":"Hoje, vamos conhecer um pouco a respeito de importante decis\u00e3o do STF acerca da responsabilidade civil de jornalistas.","robots":{"index":"index","follow":"follow","max-snippet":"max-snippet:-1","max-image-preview":"max-image-preview:large","max-video-preview":"max-video-preview:-1"},"canonical":"https:\/\/cj.estrategia.com\/portal\/responsabilidade-civil-jornalistas\/","og_locale":"pt_BR","og_type":"article","og_title":"Responsabilidade civil de jornalistas e ass\u00e9dio judicial: STF","og_description":"Hoje, vamos conhecer um pouco a respeito de importante decis\u00e3o do STF acerca da responsabilidade civil de jornalistas.","og_url":"https:\/\/cj.estrategia.com\/portal\/responsabilidade-civil-jornalistas\/","og_site_name":"Blog - Carreiras Jur\u00eddicas - Estrat\u00e9gia","article_publisher":"https:\/\/www.facebook.com\/estrategiacarreirajuridica\/","article_published_time":"2024-07-21T14:00:00+00:00","og_image":[{"width":725,"height":483,"url":"https:\/\/cj.estrategia.com\/portal\/wp-content\/uploads\/2024\/06\/21171005\/image-43.png","type":"image\/png"}],"author":"Heloana Vera Albuquerque","twitter_card":"summary_large_image","twitter_creator":"@EstratJuridica","twitter_site":"@EstratJuridica","twitter_misc":{"Escrito por":"Heloana Vera Albuquerque","Est. tempo de leitura":"6 minutos"},"schema":{"@context":"https:\/\/schema.org","@graph":[{"@type":"NewsArticle","@id":"https:\/\/cj.estrategia.com\/portal\/responsabilidade-civil-jornalistas\/#article","isPartOf":{"@id":"https:\/\/cj.estrategia.com\/portal\/responsabilidade-civil-jornalistas\/"},"author":{"name":"Heloana Vera Albuquerque","@id":"https:\/\/cj.estrategia.com\/portal\/#\/schema\/person\/e3116c33097aaffcd61a5fe8d71846c4"},"headline":"Responsabilidade civil de jornalistas e ass\u00e9dio judicial: STF","datePublished":"2024-07-21T14:00:00+00:00","mainEntityOfPage":{"@id":"https:\/\/cj.estrategia.com\/portal\/responsabilidade-civil-jornalistas\/"},"wordCount":1008,"commentCount":0,"publisher":{"@id":"https:\/\/cj.estrategia.com\/portal\/#organization"},"image":{"@id":"https:\/\/cj.estrategia.com\/portal\/responsabilidade-civil-jornalistas\/#primaryimage"},"thumbnailUrl":"https:\/\/cj.estrategia.com\/portal\/wp-content\/uploads\/2024\/06\/21171005\/image-43.png","articleSection":["Carreiras Jur\u00eddicas","Cart\u00f3rio","Defensoria","Delegado","Magistratura","Procuradoria","Promotoria"],"inLanguage":"pt-BR","potentialAction":[{"@type":"CommentAction","name":"Comment","target":["https:\/\/cj.estrategia.com\/portal\/responsabilidade-civil-jornalistas\/#respond"]}]},{"@type":"WebPage","@id":"https:\/\/cj.estrategia.com\/portal\/responsabilidade-civil-jornalistas\/","url":"https:\/\/cj.estrategia.com\/portal\/responsabilidade-civil-jornalistas\/","name":"Responsabilidade civil de jornalistas e ass\u00e9dio judicial: STF","isPartOf":{"@id":"https:\/\/cj.estrategia.com\/portal\/#website"},"primaryImageOfPage":{"@id":"https:\/\/cj.estrategia.com\/portal\/responsabilidade-civil-jornalistas\/#primaryimage"},"image":{"@id":"https:\/\/cj.estrategia.com\/portal\/responsabilidade-civil-jornalistas\/#primaryimage"},"thumbnailUrl":"https:\/\/cj.estrategia.com\/portal\/wp-content\/uploads\/2024\/06\/21171005\/image-43.png","datePublished":"2024-07-21T14:00:00+00:00","description":"Hoje, vamos conhecer um pouco a respeito de importante decis\u00e3o do STF acerca da responsabilidade civil de jornalistas.","breadcrumb":{"@id":"https:\/\/cj.estrategia.com\/portal\/responsabilidade-civil-jornalistas\/#breadcrumb"},"inLanguage":"pt-BR","potentialAction":[{"@type":"ReadAction","target":["https:\/\/cj.estrategia.com\/portal\/responsabilidade-civil-jornalistas\/"]}]},{"@type":"ImageObject","inLanguage":"pt-BR","@id":"https:\/\/cj.estrategia.com\/portal\/responsabilidade-civil-jornalistas\/#primaryimage","url":"https:\/\/cj.estrategia.com\/portal\/wp-content\/uploads\/2024\/06\/21171005\/image-43.png","contentUrl":"https:\/\/cj.estrategia.com\/portal\/wp-content\/uploads\/2024\/06\/21171005\/image-43.png","width":725,"height":483},{"@type":"BreadcrumbList","@id":"https:\/\/cj.estrategia.com\/portal\/responsabilidade-civil-jornalistas\/#breadcrumb","itemListElement":[{"@type":"ListItem","position":1,"name":"In\u00edcio","item":"https:\/\/cj.estrategia.com\/portal\/"},{"@type":"ListItem","position":2,"name":"Responsabilidade civil de jornalistas e ass\u00e9dio judicial: STF"}]},{"@type":"WebSite","@id":"https:\/\/cj.estrategia.com\/portal\/#website","url":"https:\/\/cj.estrategia.com\/portal\/","name":"Blog - Carreiras Jur\u00eddicas - Estrat\u00e9gia","description":"","publisher":{"@id":"https:\/\/cj.estrategia.com\/portal\/#organization"},"potentialAction":[{"@type":"SearchAction","target":{"@type":"EntryPoint","urlTemplate":"https:\/\/cj.estrategia.com\/portal\/?s={search_term_string}"},"query-input":{"@type":"PropertyValueSpecification","valueRequired":true,"valueName":"search_term_string"}}],"inLanguage":"pt-BR"},{"@type":"Organization","@id":"https:\/\/cj.estrategia.com\/portal\/#organization","name":"Estrat\u00e9gia - Carreiras Jur\u00eddicas","url":"https:\/\/cj.estrategia.com\/portal\/","logo":{"@type":"ImageObject","inLanguage":"pt-BR","@id":"https:\/\/cj.estrategia.com\/portal\/#\/schema\/logo\/image\/","url":"https:\/\/cj.estrategia.com\/portal\/wp-content\/uploads\/2022\/03\/11151052\/cj-logo.png","contentUrl":"https:\/\/cj.estrategia.com\/portal\/wp-content\/uploads\/2022\/03\/11151052\/cj-logo.png","width":150,"height":39,"caption":"Estrat\u00e9gia - Carreiras Jur\u00eddicas"},"image":{"@id":"https:\/\/cj.estrategia.com\/portal\/#\/schema\/logo\/image\/"},"sameAs":["https:\/\/www.facebook.com\/estrategiacarreirajuridica\/","https:\/\/x.com\/EstratJuridica","https:\/\/www.instagram.com\/estrategiacarreirajuridica\/","https:\/\/www.youtube.com\/channel\/UClbMGuYbj2Mh1m3w144ETWQ"]},{"@type":"Person","@id":"https:\/\/cj.estrategia.com\/portal\/#\/schema\/person\/e3116c33097aaffcd61a5fe8d71846c4","name":"Heloana Vera Albuquerque","image":{"@type":"ImageObject","inLanguage":"pt-BR","@id":"https:\/\/secure.gravatar.com\/avatar\/24ae914faa49e70cf228cfa75150ff826756fa9dbbadf55254a1c17b67917d8a?s=96&d=mm&r=g","url":"https:\/\/secure.gravatar.com\/avatar\/24ae914faa49e70cf228cfa75150ff826756fa9dbbadf55254a1c17b67917d8a?s=96&d=mm&r=g","contentUrl":"https:\/\/secure.gravatar.com\/avatar\/24ae914faa49e70cf228cfa75150ff826756fa9dbbadf55254a1c17b67917d8a?s=96&d=mm&r=g","caption":"Heloana Vera Albuquerque"},"description":"Aprovada para Oficial de Justi\u00e7a Avaliador Federal, Analista Judici\u00e1rio do Tribunal de Justi\u00e7a, Analista do Minist\u00e9rio P\u00fablico, Procurador Municipal e Juiz Leigo do JEC.","award":["L\u00e1urea universit\u00e1ria no Curso de Direito"],"url":"https:\/\/cj.estrategia.com\/portal\/author\/heloana-vera-albuquerque\/"}]}},"jetpack_featured_media_url":"https:\/\/cj.estrategia.com\/portal\/wp-content\/uploads\/2024\/06\/21171005\/image-43.png","jetpack_sharing_enabled":true,"_links":{"self":[{"href":"https:\/\/cj.estrategia.com\/portal\/wp-json\/wp\/v2\/posts\/66862","targetHints":{"allow":["GET"]}}],"collection":[{"href":"https:\/\/cj.estrategia.com\/portal\/wp-json\/wp\/v2\/posts"}],"about":[{"href":"https:\/\/cj.estrategia.com\/portal\/wp-json\/wp\/v2\/types\/post"}],"author":[{"embeddable":true,"href":"https:\/\/cj.estrategia.com\/portal\/wp-json\/wp\/v2\/users\/127"}],"replies":[{"embeddable":true,"href":"https:\/\/cj.estrategia.com\/portal\/wp-json\/wp\/v2\/comments?post=66862"}],"version-history":[{"count":21,"href":"https:\/\/cj.estrategia.com\/portal\/wp-json\/wp\/v2\/posts\/66862\/revisions"}],"predecessor-version":[{"id":67047,"href":"https:\/\/cj.estrategia.com\/portal\/wp-json\/wp\/v2\/posts\/66862\/revisions\/67047"}],"wp:featuredmedia":[{"embeddable":true,"href":"https:\/\/cj.estrategia.com\/portal\/wp-json\/wp\/v2\/media\/66863"}],"wp:attachment":[{"href":"https:\/\/cj.estrategia.com\/portal\/wp-json\/wp\/v2\/media?parent=66862"}],"wp:term":[{"taxonomy":"category","embeddable":true,"href":"https:\/\/cj.estrategia.com\/portal\/wp-json\/wp\/v2\/categories?post=66862"},{"taxonomy":"post_tag","embeddable":true,"href":"https:\/\/cj.estrategia.com\/portal\/wp-json\/wp\/v2\/tags?post=66862"},{"taxonomy":"tax_estado","embeddable":true,"href":"https:\/\/cj.estrategia.com\/portal\/wp-json\/wp\/v2\/tax_estado?post=66862"}],"curies":[{"name":"wp","href":"https:\/\/api.w.org\/{rel}","templated":true}]}}