{"id":66728,"date":"2024-07-11T14:00:00","date_gmt":"2024-07-11T17:00:00","guid":{"rendered":"https:\/\/cj.estrategia.com\/portal\/?p=66728"},"modified":"2024-06-27T17:56:27","modified_gmt":"2024-06-27T20:56:27","slug":"adicional-penosidade-omissao","status":"publish","type":"post","link":"https:\/\/cj.estrategia.com\/portal\/adicional-penosidade-omissao\/","title":{"rendered":"Adicional de penosidade e omiss\u00e3o inconstitucional do Congresso"},"content":{"rendered":"<div class=\"wp-block-image\">\n<figure class=\"aligncenter size-large\"><img decoding=\"async\" width=\"1024\" height=\"574\" src=\"https:\/\/cj.estrategia.com\/portal\/wp-content\/uploads\/2024\/06\/20110950\/monochrome-scene-depicting-life-workers-construction-industry-site-1024x574.jpg\" alt=\"Adicional de penosidade e omiss\u00e3o inconstitucional do Congresso Nacional\" class=\"wp-image-66729\" srcset=\"https:\/\/cj.estrategia.com\/portal\/wp-content\/uploads\/2024\/06\/20110950\/monochrome-scene-depicting-life-workers-construction-industry-site-1024x574.jpg 1024w, https:\/\/cj.estrategia.com\/portal\/wp-content\/uploads\/2024\/06\/20110950\/monochrome-scene-depicting-life-workers-construction-industry-site-300x168.jpg 300w, https:\/\/cj.estrategia.com\/portal\/wp-content\/uploads\/2024\/06\/20110950\/monochrome-scene-depicting-life-workers-construction-industry-site-768x430.jpg 768w, https:\/\/cj.estrategia.com\/portal\/wp-content\/uploads\/2024\/06\/20110950\/monochrome-scene-depicting-life-workers-construction-industry-site-1536x861.jpg 1536w, https:\/\/cj.estrategia.com\/portal\/wp-content\/uploads\/2024\/06\/20110950\/monochrome-scene-depicting-life-workers-construction-industry-site-2048x1148.jpg 2048w, https:\/\/cj.estrategia.com\/portal\/wp-content\/uploads\/2024\/06\/20110950\/monochrome-scene-depicting-life-workers-construction-industry-site-380x213.jpg 380w, https:\/\/cj.estrategia.com\/portal\/wp-content\/uploads\/2024\/06\/20110950\/monochrome-scene-depicting-life-workers-construction-industry-site-800x448.jpg 800w, https:\/\/cj.estrategia.com\/portal\/wp-content\/uploads\/2024\/06\/20110950\/monochrome-scene-depicting-life-workers-construction-industry-site-1160x650.jpg 1160w, https:\/\/cj.estrategia.com\/portal\/wp-content\/uploads\/2024\/06\/20110950\/monochrome-scene-depicting-life-workers-construction-industry-site-150x84.jpg 150w, https:\/\/cj.estrategia.com\/portal\/wp-content\/uploads\/2024\/06\/20110950\/monochrome-scene-depicting-life-workers-construction-industry-site-scaled.jpg 2560w\" sizes=\"(max-width: 1024px) 100vw, 1024px\" \/><figcaption class=\"wp-element-caption\">Adicional de penosidade e omiss\u00e3o inconstitucional do Congresso Nacional<\/figcaption><\/figure>\n<\/div>\n\n\n<p>Neste artigo falaremos sobre o Adicional de penosidade e omiss\u00e3o inconstitucional do Congresso Nacional, destacando o entendimento do Supremo Tribunal Federal (STF) relativo ao tema.<\/p>\n\n\n\n<p>De in\u00edcio, destacaremos a base constitucional envolvendo os assuntos que permeiam o tema, principalmente transcrevendo os dispositivos constitucionais dos artigos 7\u00ba, inciso XXIII, e 103, \u00a7 2\u00ba, ambos da Constitui\u00e7\u00e3o Federal (CF\/88), os quais comentaremos brevemente.<\/p>\n\n\n\n<p>Na sequ\u00eancia, veremos a controv\u00e9rsia que chegou ao Supremo Tribunal Federal envolvendo o adicional de penosidade e a suposta omiss\u00e3o inconstitucional do Congresso Nacional na regulamenta\u00e7\u00e3o desse direito.<\/p>\n\n\n\n<p>Por fim, abordaremos o que entendeu o STF acerca do assunto, isso \u00e9, qual foi a compreens\u00e3o externada no julgamento da A\u00e7\u00e3o Direta de Inconstitucionalidade por Omiss\u00e3o (ADO) n\u00ba 74\/DF.<\/p>\n\n\n\n<p>Vamos ao que interessa!<\/p>\n\n\n\n<div class=\"wp-block-yoast-seo-table-of-contents yoast-table-of-contents\"><h2 id=\"sumario\"><mark style=\"background-color:rgba(0, 0, 0, 0)\" class=\"has-inline-color has-luminous-vivid-orange-color\">Sum\u00e1rio<\/mark><\/h2><ul><li><a href=\"#h-adicional-de-penosidade-e-omissao-inconstitucional-do-congresso-nacional\" data-level=\"2\">Adicional de penosidade e omiss\u00e3o inconstitucional do Congresso Nacional<\/a><ul><li><a href=\"#h-previsoes-constitucionais-e-legais-relacionadas-ao-tema\" data-level=\"3\">Previs\u00f5es constitucionais e legais relacionadas ao tema<\/a><\/li><li><a href=\"#h-ado-n\u00ba-74-df-adicional-de-penosidade-x-omissao-inconstitucional-do-congresso-nacional\" data-level=\"3\">ADO n\u00ba 74\/DF (adicional de penosidade X omiss\u00e3o inconstitucional do Congresso Nacional)<\/a><ul><li><a href=\"#h-contextualizacao-da-controversia-nbsp\" data-level=\"4\">Contextualiza\u00e7\u00e3o da controv\u00e9rsia\u00a0<\/a><\/li><li><a href=\"#h-tese-fixada-pelo-supremo\" data-level=\"4\">Tese fixada pelo Supremo<\/a><\/li><\/ul><\/li><\/ul><\/li><li><a href=\"#h-conclusao\" data-level=\"2\">Conclus\u00e3o<\/a><\/li><li><a href=\"#cursos-ficha\" data-level=\"2\">Quer estudar para Concursos Jur\u00eddicos em 2024?<\/a><\/li><\/ul><\/div>\n\n\n\n<h2 class=\"wp-block-heading has-luminous-vivid-orange-color has-text-color has-link-color wp-elements-0fc37bf1f669e19b86508cafff432d2c\" id=\"h-adicional-de-penosidade-e-omissao-inconstitucional-do-congresso-nacional\"><span id=\"adicional-de-penosidade-e-omissao-inconstitucional-do-congresso-nacional\">Adicional de penosidade e omiss\u00e3o inconstitucional do Congresso Nacional<\/span><\/h2>\n\n\n\n<h3 class=\"wp-block-heading has-luminous-vivid-orange-color has-text-color has-link-color wp-elements-aaab3cfbc5156d35c057ba4be6748aca\" id=\"h-previsoes-constitucionais-e-legais-relacionadas-ao-tema\"><span id=\"previsoes-constitucionais-e-legais-relacionadas-ao-tema\">Previs\u00f5es constitucionais e legais relacionadas ao tema<\/span><\/h3>\n\n\n\n<p>Como veremos abaixo, o A\u00e7\u00e3o Direta de Inconstitucionalidade por Omiss\u00e3o (ADO) n\u00ba 74\/DF, principal objeto de an\u00e1lise deste artigo, analisou a inexist\u00eancia de regulamenta\u00e7\u00e3o do direito social ao adicional remunerat\u00f3rio em raz\u00e3o do desempenho de atividades penosas (artigo 7\u00ba, inciso XXIII, da Constitui\u00e7\u00e3o Federal).<\/p>\n\n\n\n<p>Nessa esteira, para al\u00e9m de transcrever e comentar esse dispositivo, vamos tamb\u00e9m abordar o \u00a7 2\u00ba do artigo 103, a fim de entender o julgamento da ADO.<\/p>\n\n\n\n<p>Eis os dispositivos necess\u00e1rios para o entendimento do assunto:<\/p>\n\n\n\n<div class=\"wp-block-group is-style-cnvs-block-bg-light\"><div class=\"wp-block-group__inner-container is-layout-constrained wp-block-group-is-layout-constrained\">\n<p>Art. 7\u00ba S\u00e3o direitos dos trabalhadores urbanos e rurais, al\u00e9m de outros que visem \u00e0 melhoria de sua condi\u00e7\u00e3o social:<\/p>\n\n\n\n<p>(&#8230;)<\/p>\n\n\n\n<p>XXIII &#8211; adicional de remunera\u00e7\u00e3o para as atividades <strong>penosas<\/strong>, insalubres ou perigosas, <strong>na forma da le<\/strong>i;<\/p>\n\n\n\n[&#8230;]\n\n\n\n<p>Art. 103. Podem propor a a\u00e7\u00e3o direta de inconstitucionalidade e a a\u00e7\u00e3o declarat\u00f3ria de constitucionalidade:<\/p>\n\n\n\n<p>(&#8230;)<\/p>\n\n\n\n<p>\u00a7 2\u00ba Declarada a inconstitucionalidade por omiss\u00e3o de medida para tornar efetiva norma constitucional, ser\u00e1 dada ci\u00eancia ao Poder competente para a ado\u00e7\u00e3o das provid\u00eancias necess\u00e1rias e, em se tratando de \u00f3rg\u00e3o administrativo, para faz\u00ea-lo em trinta dias.<\/p>\n<\/div><\/div>\n\n\n\n<p>Como se v\u00ea, o inciso XXIII do artigo 7\u00ba da CF prev\u00ea os adicionais de insalubridade, penosidade e periculosidade, os quais ser\u00e3o acrescidos \u00e0 remunera\u00e7\u00e3o dos trabalhadores rurais e urbanos <strong>na forma da lei<\/strong>.<\/p>\n\n\n\n<p>Trata-se, portanto, de <strong>norma constitucional de efic\u00e1cia limitada<\/strong>, isto \u00e9, aquela que necessita de regulamenta\u00e7\u00e3o para produzir efeitos concretos e, portanto, conferir os adicionais aos trabalhadores.<\/p>\n\n\n\n<p>\u00c9 importante destacar que <strong>o direito a esses adicionais N\u00c3O foi estendido ao trabalhador dom\u00e9stico<\/strong>, vide, em senso contr\u00e1rio, o par\u00e1grafo \u00fanico do artigo 7\u00ba da CF.<\/p>\n\n\n\n<p>Todavia, \u00e9 interessante notar que, embora o \u00a7 3\u00ba do artigo 39 da CF n\u00e3o tenha, em princ\u00edpio, estendido esse direito aos servidores p\u00fablicos, o <a href=\"https:\/\/www.planalto.gov.br\/ccivil_03\/leis\/l8112cons.htm#:~:text=IV%C2%A0%2D%C2%A0adicional%20pelo%20exerc%C3%ADcio%20de%20atividades%20insalubres%2C%20perigosas%20ou%20penosas%3B\" target=\"_blank\" >artigo 61, inciso IV, da Lei n. 8.112\/1990<\/a> prev\u00ea o pagamento desses adicionais aos servidores p\u00fablicos civis federais.\u00a0<\/p>\n\n\n\n<p>Em seu artigo 71, ali\u00e1s, o Estatuto do Servidor Federal disp\u00f5e que o \u201cadicional de atividade penosa ser\u00e1 devido aos servidores em exerc\u00edcio em zonas de fronteira ou em localidades cujas condi\u00e7\u00f5es de vida o justifiquem, nos termos, condi\u00e7\u00f5es e limites fixados em regulamento\u201d.<\/p>\n\n\n\n<p>J\u00e1 no que diz respeito ao artigo 103, \u00a7 2\u00ba, da Constitui\u00e7\u00e3o da Rep\u00fablica, nota-se que o legislador constou ali o poder-dever de o Supremo, uma vez declarada a inconstitucionalidade por omiss\u00e3o de medida para tornar efetiva norma constitucional, <strong>dar ci\u00eancia ao Poder competente para a ado\u00e7\u00e3o das provid\u00eancias necess\u00e1rias<\/strong> e, em se tratando de \u00f3rg\u00e3o administrativo, para faz\u00ea-lo em trinta dias.<\/p>\n\n\n\n<p>Percebe-se, ainda, que, para \u00f3rg\u00e3os administrativos, h\u00e1 prazo constitucionalmente fixado em 30 dias.&nbsp;<\/p>\n\n\n\n<p>De outro lado, para o Poder Legislativo, por exemplo, n\u00e3o h\u00e1 estipula\u00e7\u00e3o de prazo pelo Constituinte. No entanto, a doutrina e jurisprud\u00eancia majorit\u00e1rias entendem poss\u00edvel essa fixa\u00e7\u00e3o de prazo razo\u00e1vel, desde que com parcim\u00f4nia e sem impor obriga\u00e7\u00e3o, sob pena de afronta \u00e0 independ\u00eancia dos Poderes (artigo 2\u00ba da CF).<\/p>\n\n\n\n<h3 class=\"wp-block-heading has-luminous-vivid-orange-color has-text-color has-link-color wp-elements-467a32113898bdfb191e4e0c8b25356e\" id=\"h-ado-n\u00ba-74-df-adicional-de-penosidade-x-omissao-inconstitucional-do-congresso-nacional\"><span id=\"ado-no-74-df-adicional-de-penosidade-x-omissao-inconstitucional-do-congresso-nacional\">ADO n\u00ba 74\/DF (adicional de penosidade X omiss\u00e3o inconstitucional do Congresso Nacional)<\/span><\/h3>\n\n\n\n<h4 class=\"wp-block-heading has-luminous-vivid-orange-color has-text-color has-link-color wp-elements-6641676586a11bc835afe673bd65d349\" id=\"h-contextualizacao-da-controversia-nbsp\"><span id=\"contextualizacao-da-controversia\">Contextualiza\u00e7\u00e3o da controv\u00e9rsia&nbsp;<\/span><\/h4>\n\n\n\n<p>Permeando os dispositivos que mencionamos acima, chegou ao Supremo Tribunal Federal a discuss\u00e3o acerca da <strong>inexist\u00eancia de regulamenta\u00e7\u00e3o do direito social ao adicional remunerat\u00f3rio em raz\u00e3o do desempenho de atividades penosas.<\/strong><\/p>\n\n\n\n<p>Mais especificamente, essa discuss\u00e3o se deu com observ\u00e2ncia do que disp\u00f5e o artigo 7\u00ba, inciso XXIII, da Constitui\u00e7\u00e3o Federal.<\/p>\n\n\n\n<p>Assim, sob a \u00f3tica desses dispositivos, <strong>o STF precisou definir se h\u00e1 omiss\u00e3o legislativa,<\/strong> por parte do Congresso Nacional, na regulamenta\u00e7\u00e3o do adicional de penosidade a que se refere o art. 7\u00ba, XXIII, da CF.<\/p>\n\n\n\n<p>O Procurador-Geral da Rep\u00fablica, que foi o respons\u00e1vel pela interposi\u00e7\u00e3o da <a href=\"https:\/\/portal.stf.jus.br\/processos\/detalhe.asp?incidente=6443930\" target=\"_blank\" >A\u00e7\u00e3o Direta de Inconstitucionalidade por Omiss\u00e3o (ADO) n\u00ba 74\/DF<\/a>, afirma que a omiss\u00e3o legislativa ofende, inclusive, \u201co princ\u00edpio da proporcionalidade em sua vertente da prote\u00e7\u00e3o deficiente, que veda a atua\u00e7\u00e3o insuficiente do Estado na salvaguarda de direitos e princ\u00edpios constitucionais\u201d.<\/p>\n\n\n\n<p>Nesses termos, requereu a declara\u00e7\u00e3o da mora legislativa e a fixa\u00e7\u00e3o de um prazo razo\u00e1vel para suprir a omiss\u00e3o inconstitucional.<\/p>\n\n\n\n<p>\u00c9 oportuno mencionar que <strong>foram contra o pedido do PGR formulado na ADO<\/strong> os seguintes \u00d3rg\u00e3os:<\/p>\n\n\n\n<ol class=\"wp-block-list\">\n<li><strong>C\u00e2mara dos Deputados<\/strong>: afirmou serem <strong>impertinentes as alega\u00e7\u00f5es <\/strong>de mora legislativa;<\/li>\n<\/ol>\n\n\n\n<ol class=\"wp-block-list\" start=\"2\">\n<li><strong>Senado Federal<\/strong>: tamb\u00e9m afirmou que <strong>n\u00e3o h\u00e1 mora <\/strong>legislativa;<\/li>\n<\/ol>\n\n\n\n<ol class=\"wp-block-list\" start=\"3\">\n<li><strong>Advogado-Geral da Uni\u00e3o:<\/strong> mencionou que o pedido improcedente, uma vez que, dentre outras raz\u00f5es, a<strong> exist\u00eancia de diversos projetos de lei em tramita\u00e7\u00e3o<\/strong> no Congresso Nacional para disciplinar temas relativos ao adicional de remunera\u00e7\u00e3o para atividades penosas evidenciam a complexidade da mat\u00e9ria e a exist\u00eancia de intensa atividade legislativa sobre o assunto, esvaziando os argumentos apontados pelo requerente.<\/li>\n<\/ol>\n\n\n\n<p>Vamos conferir agora o que o STF decidiu sobre o adicional de penosidade e suposta omiss\u00e3o inconstitucional do Congresso Nacional.<\/p>\n\n\n\n<h4 class=\"wp-block-heading has-luminous-vivid-orange-color has-text-color has-link-color wp-elements-95987bcf2b64c13b6df02e1f0877361d\" id=\"h-tese-fixada-pelo-supremo\"><span id=\"tese-fixada-pelo-supremo\">Tese fixada pelo Supremo<\/span><\/h4>\n\n\n\n<p>Pondo fim \u00e0 discuss\u00e3o acima, o STF julgou procedente o pedido formulado na ADO para:<\/p>\n\n\n\n<div class=\"wp-block-group is-style-cnvs-block-shadow\"><div class=\"wp-block-group__inner-container is-layout-constrained wp-block-group-is-layout-constrained\">\n<p class=\"has-luminous-vivid-orange-color has-text-color has-link-color wp-elements-1dac662b3da1b4fdffe66f56bc7c2b75\">(&#8230;) <strong>reconhecer a mora do Congresso Nacional na regulamenta\u00e7\u00e3o do art. 7\u00ba, XXIII, <\/strong>CF\/88, no ponto em que prev\u00ea o adicional de penosidade aos trabalhadores urbanos e rurais. <strong>Fixo prazo de 18 (dezoito) meses, a contar da publica\u00e7\u00e3o da ata deste julgamento, para ado\u00e7\u00e3o das medidas legislativas constitucionalmente exig\u00edveis para suplantar a omiss\u00e3o.<\/strong> N\u00e3o se trata de imposi\u00e7\u00e3o de prazo para a atua\u00e7\u00e3o legislativa do Congresso Nacional, mas apenas da fixa\u00e7\u00e3o de um par\u00e2metro temporal razo\u00e1vel para que o Congresso Nacional supra a mora legislativa.<\/p>\n<\/div><\/div>\n\n\n\n<p>O Relator do feito no Supremo, Ministro Gilmar Mendes, iniciou seu voto referindo que a pr\u00f3pria natureza da A\u00e7\u00e3o Direta de Inconstitucionalidade por Omiss\u00e3o torna a discuss\u00e3o sens\u00edvel, uma vez que o reconhecimento da mora legislativa acaba ocasionando alguns efeitos pr\u00e1ticos que devem ser observados..<\/p>\n\n\n\n<p>Tamb\u00e9m ponderou, citando sua pr\u00f3pria doutrina, que <strong>sanar a omiss\u00e3o legislativa \u00e9 \u201cfundamental sobretudo para a concretiza\u00e7\u00e3o da Constitui\u00e7\u00e3o <\/strong>como um todo, isto \u00e9, para a realiza\u00e7\u00e3o do pr\u00f3prio Estado de Direito democr\u00e1tico\u201d, sendo que \u201c<strong>o estudo da omiss\u00e3o inconstitucional \u00e9 indissoci\u00e1vel do estudo sobre a for\u00e7a normativa da Constitui\u00e7\u00e3o<\/strong>\u201d.<\/p>\n\n\n\n<p>Adentrando no tema do julgamento, <strong>o Relator destacou que o inciso XXIII do artigo 7\u00ba da CF possui regulamenta\u00e7\u00e3o complexa<\/strong> no sentido de que (i) \u00e9 dif\u00edcil conceituar o que seriam atividades penosas; bem como porque (ii) h\u00e1 uma espera de mais de 35 anos desde a promulga\u00e7\u00e3o da CF, o que acarreta uma \u201cperplexidade que ronda o tema\u201d.<\/p>\n\n\n\n<p>Nessa esteira, mencionou que os outros dois adicionais previstos no inciso XXIII j\u00e1 foram regulamentados (insalubridade e periculosidade), possibilitando sua percep\u00e7\u00e3o.<\/p>\n\n\n\n<p>Destacou, ainda, que <strong>n\u00e3o <\/strong>h\u00e1 que se falar em utiliza\u00e7\u00e3o do <a href=\"https:\/\/www.planalto.gov.br\/ccivil_03\/leis\/l8112cons.htm#:~:text=Art.%C2%A071.%C2%A0%C2%A0O%20adicional%20de%20atividade%20penosa%20ser%C3%A1%20devido%20aos%20servidores%20em%20exerc%C3%ADcio%20em%20zonas%20de%20fronteira%20ou%20em%20localidades%20cujas%20condi%C3%A7%C3%B5es%20de%20vida%20o%20justifiquem%2C%20nos%20termos%2C%20condi%C3%A7%C3%B5es%20e%20limites%20fixados%20em%20regulamento.\">artigo 71 da Lei 8.112\/1990<\/a>, aplic\u00e1vel apenas aos servidores p\u00fablicos federais.&nbsp;<\/p>\n\n\n\n<p>Diante desses fatos, o STF concluiu, por unanimidade, que<strong> j\u00e1 transcorreu tempo suficiente para amadurecimento da quest\u00e3o<\/strong>, n\u00e3o havendo mais possibilidade de remediar a regulamenta\u00e7\u00e3o do tema.<\/p>\n\n\n\n<p>No que diz respeito \u00e0 alega\u00e7\u00e3o da AGU no sentido de que h\u00e1 v\u00e1rios projetos de lei em tr\u00e2mite no Congresso, bem assim em rela\u00e7\u00e3o ao argumento de que o tema \u00e9 complexo, o Supremo entendeu que <strong>essas constata\u00e7\u00f5es N\u00c3O impedem o reconhecimento da omiss\u00e3o inconstitucional, <\/strong>principalmente porque a in\u00e9rcia legislativa, por longo per\u00edodo, <strong>pode colocar em risco a pr\u00f3pria ordem constitucional.<\/strong><\/p>\n\n\n\n<p>Por esses argumentos, o STF, por unanimidade, i) <strong>julgou procedente a a\u00e7\u00e3o para reconhecer a exist\u00eancia de omiss\u00e3o inconstitucional<\/strong> na regulamenta\u00e7\u00e3o do adicional de penosidade aos trabalhadores urbanos e rurais, previsto no art. 7\u00ba, XXIII, da CF\/1988; e (ii) <strong>fixou o prazo de dezoito meses, a contar da data de publica\u00e7\u00e3o da ata deste julgamento<\/strong>, para que o Congresso Nacional adote as medidas legislativas constitucionalmente exig\u00edveis para suplantar a omiss\u00e3o.&nbsp;<\/p>\n\n\n\n<p>No entanto, o Supremo teve o cuidado (at\u00e9 para n\u00e3o haver alega\u00e7\u00e3o de ofensa \u00e0 independ\u00eancia dos Poderes) de mencionar que o julgamento da ADO 74\/DF, ao fixar o prazo de 18 meses, <strong>n\u00e3o estava veiculando obriga\u00e7\u00e3o \u00e0 atua\u00e7\u00e3o legislativa, mas apenas estabelecendo um par\u00e2metro temporal razo\u00e1vel para suprir a mora legislativa.<\/strong><\/p>\n\n\n\n<h2 class=\"wp-block-heading has-luminous-vivid-orange-color has-text-color has-link-color wp-elements-605beff903d3f2f7dd1a0482b268f9a8\" id=\"h-conclusao\"><span id=\"conclusao\">Conclus\u00e3o<\/span><\/h2>\n\n\n\n<p>Portanto, pessoal, essa foi nossa breve an\u00e1lise sobre o Adicional de penosidade e omiss\u00e3o inconstitucional do Congresso Nacional, destacando o entendimento do Supremo Tribunal Federal (STF) relativo ao tema.<\/p>\n\n\n\n<p>Vimos que, para o STF, a falta de lei regulamentadora do adicional de penosidade aos trabalhadores urbanos e rurais (CF\/1988, art. 7\u00ba, XXIII) constitui omiss\u00e3o inconstitucional por parte do Congresso Nacional.<\/p>\n\n\n\n<p>Nesse sentido, a Corte Constitucional estabeleceu o prazo de 18 meses, a contar da data de publica\u00e7\u00e3o da ata do julgamento da ADO 74\/DF, para que o Congresso Nacional adote as medidas legislativas constitucionalmente exig\u00edveis para suplantar a omiss\u00e3o.<\/p>\n\n\n\n<p>\u00c9 importante destacar que o STF deixou claro n\u00e3o se tratar da imposi\u00e7\u00e3o de prazo para a atua\u00e7\u00e3o legislativa, mas apenas da fixa\u00e7\u00e3o de um par\u00e2metro temporal razo\u00e1vel para suprir a mora legislativa.<\/p>\n\n\n\n<p>At\u00e9 a pr\u00f3xima!<\/p>\n\n\n\n<h2 class=\"wp-block-heading has-text-align-center has-luminous-vivid-orange-color has-text-color has-link-color wp-elements-d432a36266879851bb6ec617376f9ff6\" id=\"cursos-ficha\"><span id=\"quer-estudar-para-concursos-juridicos-em-2024\">Quer estudar para Concursos Jur\u00eddicos em 2024?<\/span><\/h2>\n\n\n\n<p class=\"has-text-align-left\">O Estrat\u00e9gia Carreira Jur\u00eddica \u00e9 campe\u00e3o de aprova\u00e7\u00f5es nos concursos para Carreiras Jur\u00eddicas com um corpo docente qualificado e materiais completos. Conhe\u00e7a nossos cursos e garanta sua aprova\u00e7\u00e3o em Concurso Jur\u00eddicos:<\/p>\n\n\n\n<p class=\"has-text-align-center has-pale-cyan-blue-background-color has-background\"><a href=\"https:\/\/cj.estrategia.com\/portal\/concursos-abertos-carreiras-juridicas\/\"><strong>Concursos abertos<\/strong><\/a><\/p>\n\n\n\n<p class=\"has-text-align-center has-pale-cyan-blue-background-color has-background\"><a href=\"https:\/\/cj.estrategia.com\/portal\/concursos-2024-carreiras-juridicas\/\"><strong>Concursos 2024<\/strong><\/a><\/p>\n","protected":false},"excerpt":{"rendered":"Neste artigo falaremos sobre o Adicional de penosidade e omiss\u00e3o inconstitucional do Congresso Nacional, destacando o entendimento do&hellip;\n","protected":false},"author":39,"featured_media":66729,"comment_status":"open","ping_status":"open","sticky":false,"template":"","format":"standard","meta":{"_jetpack_memberships_contains_paid_content":false,"footnotes":""},"categories":[1],"tags":[],"tax_estado":[30,31,32,33,34,35,36,37,38,39,40,41,42,43,44,45,46,47,48,49,50,51,52,53,54,55,56,57],"class_list":{"0":"post-66728","1":"post","2":"type-post","3":"status-publish","4":"format-standard","5":"has-post-thumbnail","7":"category-carreiras-juridicas","8":"tax_estado-ac","9":"tax_estado-al","10":"tax_estado-am","11":"tax_estado-ap","12":"tax_estado-ba","13":"tax_estado-ce","14":"tax_estado-concursos-federais","15":"tax_estado-df","16":"tax_estado-es","17":"tax_estado-go","18":"tax_estado-ma","19":"tax_estado-mg","20":"tax_estado-ms","21":"tax_estado-mt","22":"tax_estado-pa","23":"tax_estado-pb","24":"tax_estado-pe","25":"tax_estado-pi","26":"tax_estado-pr","27":"tax_estado-rj","28":"tax_estado-rn","29":"tax_estado-ro","30":"tax_estado-rr","31":"tax_estado-rs","32":"tax_estado-sc","33":"tax_estado-se","34":"tax_estado-sp","35":"tax_estado-to"},"acf":[],"yoast_head":"<!-- This site is optimized with the Yoast SEO Premium plugin v27.4 (Yoast SEO v27.4) - https:\/\/yoast.com\/product\/yoast-seo-premium-wordpress\/ -->\n<title>Adicional de penosidade e omiss\u00e3o inconstitucional do Congresso<\/title>\n<meta name=\"description\" content=\"Confira nossa an\u00e1lise sobre o Adicional de penosidade e omiss\u00e3o inconstitucional do Congresso Nacional, destacando o entendimento do STF!\" \/>\n<meta name=\"robots\" content=\"index, follow, max-snippet:-1, max-image-preview:large, max-video-preview:-1\" \/>\n<link rel=\"canonical\" href=\"https:\/\/cj.estrategia.com\/portal\/adicional-penosidade-omissao\/\" \/>\n<meta property=\"og:locale\" content=\"pt_BR\" \/>\n<meta property=\"og:type\" content=\"article\" \/>\n<meta property=\"og:title\" content=\"Adicional de penosidade e omiss\u00e3o inconstitucional do Congresso\" \/>\n<meta property=\"og:description\" content=\"Confira nossa an\u00e1lise sobre o Adicional de penosidade e omiss\u00e3o inconstitucional do Congresso Nacional, destacando o entendimento do STF!\" \/>\n<meta property=\"og:url\" content=\"https:\/\/cj.estrategia.com\/portal\/adicional-penosidade-omissao\/\" \/>\n<meta property=\"og:site_name\" content=\"Blog - Carreiras Jur\u00eddicas - Estrat\u00e9gia\" \/>\n<meta property=\"article:publisher\" content=\"https:\/\/www.facebook.com\/estrategiacarreirajuridica\/\" \/>\n<meta property=\"article:published_time\" content=\"2024-07-11T17:00:00+00:00\" \/>\n<meta property=\"og:image\" content=\"https:\/\/cj.estrategia.com\/portal\/wp-content\/uploads\/2024\/06\/20110950\/monochrome-scene-depicting-life-workers-construction-industry-site-scaled.jpg\" \/>\n\t<meta property=\"og:image:width\" content=\"2560\" \/>\n\t<meta property=\"og:image:height\" content=\"1435\" \/>\n\t<meta property=\"og:image:type\" content=\"image\/jpeg\" \/>\n<meta name=\"author\" content=\"Frederico Tadeu Borlot Peixoto\" \/>\n<meta name=\"twitter:card\" content=\"summary_large_image\" \/>\n<meta name=\"twitter:creator\" content=\"@EstratJuridica\" \/>\n<meta name=\"twitter:site\" content=\"@EstratJuridica\" \/>\n<meta name=\"twitter:label1\" content=\"Escrito por\" \/>\n\t<meta name=\"twitter:data1\" content=\"Frederico Tadeu Borlot Peixoto\" \/>\n\t<meta name=\"twitter:label2\" content=\"Est. tempo de leitura\" \/>\n\t<meta name=\"twitter:data2\" content=\"10 minutos\" \/>\n<script type=\"application\/ld+json\" class=\"yoast-schema-graph\">{\"@context\":\"https:\\\/\\\/schema.org\",\"@graph\":[{\"@type\":\"NewsArticle\",\"@id\":\"https:\\\/\\\/cj.estrategia.com\\\/portal\\\/adicional-penosidade-omissao\\\/#article\",\"isPartOf\":{\"@id\":\"https:\\\/\\\/cj.estrategia.com\\\/portal\\\/adicional-penosidade-omissao\\\/\"},\"author\":{\"name\":\"Frederico Tadeu Borlot Peixoto\",\"@id\":\"https:\\\/\\\/cj.estrategia.com\\\/portal\\\/#\\\/schema\\\/person\\\/74287401cf4654f4fa04e378de7261ec\"},\"headline\":\"Adicional de penosidade e omiss\u00e3o inconstitucional do Congresso\",\"datePublished\":\"2024-07-11T17:00:00+00:00\",\"mainEntityOfPage\":{\"@id\":\"https:\\\/\\\/cj.estrategia.com\\\/portal\\\/adicional-penosidade-omissao\\\/\"},\"wordCount\":1801,\"commentCount\":0,\"publisher\":{\"@id\":\"https:\\\/\\\/cj.estrategia.com\\\/portal\\\/#organization\"},\"image\":{\"@id\":\"https:\\\/\\\/cj.estrategia.com\\\/portal\\\/adicional-penosidade-omissao\\\/#primaryimage\"},\"thumbnailUrl\":\"https:\\\/\\\/cj.estrategia.com\\\/portal\\\/wp-content\\\/uploads\\\/2024\\\/06\\\/20110950\\\/monochrome-scene-depicting-life-workers-construction-industry-site-scaled.jpg\",\"articleSection\":[\"Carreiras Jur\u00eddicas\"],\"inLanguage\":\"pt-BR\",\"potentialAction\":[{\"@type\":\"CommentAction\",\"name\":\"Comment\",\"target\":[\"https:\\\/\\\/cj.estrategia.com\\\/portal\\\/adicional-penosidade-omissao\\\/#respond\"]}],\"accessibilityFeature\":[\"tableOfContents\"]},{\"@type\":\"WebPage\",\"@id\":\"https:\\\/\\\/cj.estrategia.com\\\/portal\\\/adicional-penosidade-omissao\\\/\",\"url\":\"https:\\\/\\\/cj.estrategia.com\\\/portal\\\/adicional-penosidade-omissao\\\/\",\"name\":\"Adicional de penosidade e omiss\u00e3o inconstitucional do Congresso\",\"isPartOf\":{\"@id\":\"https:\\\/\\\/cj.estrategia.com\\\/portal\\\/#website\"},\"primaryImageOfPage\":{\"@id\":\"https:\\\/\\\/cj.estrategia.com\\\/portal\\\/adicional-penosidade-omissao\\\/#primaryimage\"},\"image\":{\"@id\":\"https:\\\/\\\/cj.estrategia.com\\\/portal\\\/adicional-penosidade-omissao\\\/#primaryimage\"},\"thumbnailUrl\":\"https:\\\/\\\/cj.estrategia.com\\\/portal\\\/wp-content\\\/uploads\\\/2024\\\/06\\\/20110950\\\/monochrome-scene-depicting-life-workers-construction-industry-site-scaled.jpg\",\"datePublished\":\"2024-07-11T17:00:00+00:00\",\"description\":\"Confira nossa an\u00e1lise sobre o Adicional de penosidade e omiss\u00e3o inconstitucional do Congresso Nacional, destacando o entendimento do STF!\",\"breadcrumb\":{\"@id\":\"https:\\\/\\\/cj.estrategia.com\\\/portal\\\/adicional-penosidade-omissao\\\/#breadcrumb\"},\"inLanguage\":\"pt-BR\",\"potentialAction\":[{\"@type\":\"ReadAction\",\"target\":[\"https:\\\/\\\/cj.estrategia.com\\\/portal\\\/adicional-penosidade-omissao\\\/\"]}]},{\"@type\":\"ImageObject\",\"inLanguage\":\"pt-BR\",\"@id\":\"https:\\\/\\\/cj.estrategia.com\\\/portal\\\/adicional-penosidade-omissao\\\/#primaryimage\",\"url\":\"https:\\\/\\\/cj.estrategia.com\\\/portal\\\/wp-content\\\/uploads\\\/2024\\\/06\\\/20110950\\\/monochrome-scene-depicting-life-workers-construction-industry-site-scaled.jpg\",\"contentUrl\":\"https:\\\/\\\/cj.estrategia.com\\\/portal\\\/wp-content\\\/uploads\\\/2024\\\/06\\\/20110950\\\/monochrome-scene-depicting-life-workers-construction-industry-site-scaled.jpg\",\"width\":2560,\"height\":1435,\"caption\":\"Adicional de penosidade e omiss\u00e3o inconstitucional do Congresso Nacional\"},{\"@type\":\"BreadcrumbList\",\"@id\":\"https:\\\/\\\/cj.estrategia.com\\\/portal\\\/adicional-penosidade-omissao\\\/#breadcrumb\",\"itemListElement\":[{\"@type\":\"ListItem\",\"position\":1,\"name\":\"In\u00edcio\",\"item\":\"https:\\\/\\\/cj.estrategia.com\\\/portal\\\/\"},{\"@type\":\"ListItem\",\"position\":2,\"name\":\"Adicional de penosidade e omiss\u00e3o inconstitucional do Congresso\"}]},{\"@type\":\"WebSite\",\"@id\":\"https:\\\/\\\/cj.estrategia.com\\\/portal\\\/#website\",\"url\":\"https:\\\/\\\/cj.estrategia.com\\\/portal\\\/\",\"name\":\"Blog - Carreiras Jur\u00eddicas - Estrat\u00e9gia\",\"description\":\"\",\"publisher\":{\"@id\":\"https:\\\/\\\/cj.estrategia.com\\\/portal\\\/#organization\"},\"potentialAction\":[{\"@type\":\"SearchAction\",\"target\":{\"@type\":\"EntryPoint\",\"urlTemplate\":\"https:\\\/\\\/cj.estrategia.com\\\/portal\\\/?s={search_term_string}\"},\"query-input\":{\"@type\":\"PropertyValueSpecification\",\"valueRequired\":true,\"valueName\":\"search_term_string\"}}],\"inLanguage\":\"pt-BR\"},{\"@type\":\"Organization\",\"@id\":\"https:\\\/\\\/cj.estrategia.com\\\/portal\\\/#organization\",\"name\":\"Estrat\u00e9gia - Carreiras Jur\u00eddicas\",\"url\":\"https:\\\/\\\/cj.estrategia.com\\\/portal\\\/\",\"logo\":{\"@type\":\"ImageObject\",\"inLanguage\":\"pt-BR\",\"@id\":\"https:\\\/\\\/cj.estrategia.com\\\/portal\\\/#\\\/schema\\\/logo\\\/image\\\/\",\"url\":\"https:\\\/\\\/cj.estrategia.com\\\/portal\\\/wp-content\\\/uploads\\\/2022\\\/03\\\/11151052\\\/cj-logo.png\",\"contentUrl\":\"https:\\\/\\\/cj.estrategia.com\\\/portal\\\/wp-content\\\/uploads\\\/2022\\\/03\\\/11151052\\\/cj-logo.png\",\"width\":150,\"height\":39,\"caption\":\"Estrat\u00e9gia - Carreiras Jur\u00eddicas\"},\"image\":{\"@id\":\"https:\\\/\\\/cj.estrategia.com\\\/portal\\\/#\\\/schema\\\/logo\\\/image\\\/\"},\"sameAs\":[\"https:\\\/\\\/www.facebook.com\\\/estrategiacarreirajuridica\\\/\",\"https:\\\/\\\/x.com\\\/EstratJuridica\",\"https:\\\/\\\/www.instagram.com\\\/estrategiacarreirajuridica\\\/\",\"https:\\\/\\\/www.youtube.com\\\/channel\\\/UClbMGuYbj2Mh1m3w144ETWQ\"]},{\"@type\":\"Person\",\"@id\":\"https:\\\/\\\/cj.estrategia.com\\\/portal\\\/#\\\/schema\\\/person\\\/74287401cf4654f4fa04e378de7261ec\",\"name\":\"Frederico Tadeu Borlot Peixoto\",\"image\":{\"@type\":\"ImageObject\",\"inLanguage\":\"pt-BR\",\"@id\":\"https:\\\/\\\/cj.estrategia.com\\\/portal\\\/wp-content\\\/uploads\\\/2023\\\/06\\\/29094204\\\/GBAY0702-96x96.jpg\",\"url\":\"https:\\\/\\\/cj.estrategia.com\\\/portal\\\/wp-content\\\/uploads\\\/2023\\\/06\\\/29094204\\\/GBAY0702-96x96.jpg\",\"contentUrl\":\"https:\\\/\\\/cj.estrategia.com\\\/portal\\\/wp-content\\\/uploads\\\/2023\\\/06\\\/29094204\\\/GBAY0702-96x96.jpg\",\"caption\":\"Frederico Tadeu Borlot Peixoto\"},\"description\":\"Analista Judici\u00e1rio - \u00c1rea Judici\u00e1ria do TRF da 4\u00aa regi\u00e3o. Bacharel em Direito. P\u00f3s-graduado em Direito Administrativo, Legisla\u00e7\u00e3o Penal Especial, Direito Penal e Direito Processual Penal. Tamb\u00e9m nomeado no TRF da 3\u00aa regi\u00e3o (8\u00ba lugar); SPPREV (3\u00ba lugar); IFES (2\u00ba lugar); e PMES. https:\\\/\\\/www.instagram.com\\\/proffrederico\\\/\",\"sameAs\":[\"https:\\\/\\\/www.instagram.com\\\/proffrederico\\\/\"],\"url\":\"https:\\\/\\\/cj.estrategia.com\\\/portal\\\/author\\\/xfrederico\\\/\"}]}<\/script>\n<!-- \/ Yoast SEO Premium plugin. -->","yoast_head_json":{"title":"Adicional de penosidade e omiss\u00e3o inconstitucional do Congresso","description":"Confira nossa an\u00e1lise sobre o Adicional de penosidade e omiss\u00e3o inconstitucional do Congresso Nacional, destacando o entendimento do STF!","robots":{"index":"index","follow":"follow","max-snippet":"max-snippet:-1","max-image-preview":"max-image-preview:large","max-video-preview":"max-video-preview:-1"},"canonical":"https:\/\/cj.estrategia.com\/portal\/adicional-penosidade-omissao\/","og_locale":"pt_BR","og_type":"article","og_title":"Adicional de penosidade e omiss\u00e3o inconstitucional do Congresso","og_description":"Confira nossa an\u00e1lise sobre o Adicional de penosidade e omiss\u00e3o inconstitucional do Congresso Nacional, destacando o entendimento do STF!","og_url":"https:\/\/cj.estrategia.com\/portal\/adicional-penosidade-omissao\/","og_site_name":"Blog - Carreiras Jur\u00eddicas - Estrat\u00e9gia","article_publisher":"https:\/\/www.facebook.com\/estrategiacarreirajuridica\/","article_published_time":"2024-07-11T17:00:00+00:00","og_image":[{"width":2560,"height":1435,"url":"https:\/\/cj.estrategia.com\/portal\/wp-content\/uploads\/2024\/06\/20110950\/monochrome-scene-depicting-life-workers-construction-industry-site-scaled.jpg","type":"image\/jpeg"}],"author":"Frederico Tadeu Borlot Peixoto","twitter_card":"summary_large_image","twitter_creator":"@EstratJuridica","twitter_site":"@EstratJuridica","twitter_misc":{"Escrito por":"Frederico Tadeu Borlot Peixoto","Est. tempo de leitura":"10 minutos"},"schema":{"@context":"https:\/\/schema.org","@graph":[{"@type":"NewsArticle","@id":"https:\/\/cj.estrategia.com\/portal\/adicional-penosidade-omissao\/#article","isPartOf":{"@id":"https:\/\/cj.estrategia.com\/portal\/adicional-penosidade-omissao\/"},"author":{"name":"Frederico Tadeu Borlot Peixoto","@id":"https:\/\/cj.estrategia.com\/portal\/#\/schema\/person\/74287401cf4654f4fa04e378de7261ec"},"headline":"Adicional de penosidade e omiss\u00e3o inconstitucional do Congresso","datePublished":"2024-07-11T17:00:00+00:00","mainEntityOfPage":{"@id":"https:\/\/cj.estrategia.com\/portal\/adicional-penosidade-omissao\/"},"wordCount":1801,"commentCount":0,"publisher":{"@id":"https:\/\/cj.estrategia.com\/portal\/#organization"},"image":{"@id":"https:\/\/cj.estrategia.com\/portal\/adicional-penosidade-omissao\/#primaryimage"},"thumbnailUrl":"https:\/\/cj.estrategia.com\/portal\/wp-content\/uploads\/2024\/06\/20110950\/monochrome-scene-depicting-life-workers-construction-industry-site-scaled.jpg","articleSection":["Carreiras Jur\u00eddicas"],"inLanguage":"pt-BR","potentialAction":[{"@type":"CommentAction","name":"Comment","target":["https:\/\/cj.estrategia.com\/portal\/adicional-penosidade-omissao\/#respond"]}],"accessibilityFeature":["tableOfContents"]},{"@type":"WebPage","@id":"https:\/\/cj.estrategia.com\/portal\/adicional-penosidade-omissao\/","url":"https:\/\/cj.estrategia.com\/portal\/adicional-penosidade-omissao\/","name":"Adicional de penosidade e omiss\u00e3o inconstitucional do Congresso","isPartOf":{"@id":"https:\/\/cj.estrategia.com\/portal\/#website"},"primaryImageOfPage":{"@id":"https:\/\/cj.estrategia.com\/portal\/adicional-penosidade-omissao\/#primaryimage"},"image":{"@id":"https:\/\/cj.estrategia.com\/portal\/adicional-penosidade-omissao\/#primaryimage"},"thumbnailUrl":"https:\/\/cj.estrategia.com\/portal\/wp-content\/uploads\/2024\/06\/20110950\/monochrome-scene-depicting-life-workers-construction-industry-site-scaled.jpg","datePublished":"2024-07-11T17:00:00+00:00","description":"Confira nossa an\u00e1lise sobre o Adicional de penosidade e omiss\u00e3o inconstitucional do Congresso Nacional, destacando o entendimento do STF!","breadcrumb":{"@id":"https:\/\/cj.estrategia.com\/portal\/adicional-penosidade-omissao\/#breadcrumb"},"inLanguage":"pt-BR","potentialAction":[{"@type":"ReadAction","target":["https:\/\/cj.estrategia.com\/portal\/adicional-penosidade-omissao\/"]}]},{"@type":"ImageObject","inLanguage":"pt-BR","@id":"https:\/\/cj.estrategia.com\/portal\/adicional-penosidade-omissao\/#primaryimage","url":"https:\/\/cj.estrategia.com\/portal\/wp-content\/uploads\/2024\/06\/20110950\/monochrome-scene-depicting-life-workers-construction-industry-site-scaled.jpg","contentUrl":"https:\/\/cj.estrategia.com\/portal\/wp-content\/uploads\/2024\/06\/20110950\/monochrome-scene-depicting-life-workers-construction-industry-site-scaled.jpg","width":2560,"height":1435,"caption":"Adicional de penosidade e omiss\u00e3o inconstitucional do Congresso Nacional"},{"@type":"BreadcrumbList","@id":"https:\/\/cj.estrategia.com\/portal\/adicional-penosidade-omissao\/#breadcrumb","itemListElement":[{"@type":"ListItem","position":1,"name":"In\u00edcio","item":"https:\/\/cj.estrategia.com\/portal\/"},{"@type":"ListItem","position":2,"name":"Adicional de penosidade e omiss\u00e3o inconstitucional do Congresso"}]},{"@type":"WebSite","@id":"https:\/\/cj.estrategia.com\/portal\/#website","url":"https:\/\/cj.estrategia.com\/portal\/","name":"Blog - Carreiras Jur\u00eddicas - Estrat\u00e9gia","description":"","publisher":{"@id":"https:\/\/cj.estrategia.com\/portal\/#organization"},"potentialAction":[{"@type":"SearchAction","target":{"@type":"EntryPoint","urlTemplate":"https:\/\/cj.estrategia.com\/portal\/?s={search_term_string}"},"query-input":{"@type":"PropertyValueSpecification","valueRequired":true,"valueName":"search_term_string"}}],"inLanguage":"pt-BR"},{"@type":"Organization","@id":"https:\/\/cj.estrategia.com\/portal\/#organization","name":"Estrat\u00e9gia - Carreiras Jur\u00eddicas","url":"https:\/\/cj.estrategia.com\/portal\/","logo":{"@type":"ImageObject","inLanguage":"pt-BR","@id":"https:\/\/cj.estrategia.com\/portal\/#\/schema\/logo\/image\/","url":"https:\/\/cj.estrategia.com\/portal\/wp-content\/uploads\/2022\/03\/11151052\/cj-logo.png","contentUrl":"https:\/\/cj.estrategia.com\/portal\/wp-content\/uploads\/2022\/03\/11151052\/cj-logo.png","width":150,"height":39,"caption":"Estrat\u00e9gia - Carreiras Jur\u00eddicas"},"image":{"@id":"https:\/\/cj.estrategia.com\/portal\/#\/schema\/logo\/image\/"},"sameAs":["https:\/\/www.facebook.com\/estrategiacarreirajuridica\/","https:\/\/x.com\/EstratJuridica","https:\/\/www.instagram.com\/estrategiacarreirajuridica\/","https:\/\/www.youtube.com\/channel\/UClbMGuYbj2Mh1m3w144ETWQ"]},{"@type":"Person","@id":"https:\/\/cj.estrategia.com\/portal\/#\/schema\/person\/74287401cf4654f4fa04e378de7261ec","name":"Frederico Tadeu Borlot Peixoto","image":{"@type":"ImageObject","inLanguage":"pt-BR","@id":"https:\/\/cj.estrategia.com\/portal\/wp-content\/uploads\/2023\/06\/29094204\/GBAY0702-96x96.jpg","url":"https:\/\/cj.estrategia.com\/portal\/wp-content\/uploads\/2023\/06\/29094204\/GBAY0702-96x96.jpg","contentUrl":"https:\/\/cj.estrategia.com\/portal\/wp-content\/uploads\/2023\/06\/29094204\/GBAY0702-96x96.jpg","caption":"Frederico Tadeu Borlot Peixoto"},"description":"Analista Judici\u00e1rio - \u00c1rea Judici\u00e1ria do TRF da 4\u00aa regi\u00e3o. Bacharel em Direito. P\u00f3s-graduado em Direito Administrativo, Legisla\u00e7\u00e3o Penal Especial, Direito Penal e Direito Processual Penal. Tamb\u00e9m nomeado no TRF da 3\u00aa regi\u00e3o (8\u00ba lugar); SPPREV (3\u00ba lugar); IFES (2\u00ba lugar); e PMES. https:\/\/www.instagram.com\/proffrederico\/","sameAs":["https:\/\/www.instagram.com\/proffrederico\/"],"url":"https:\/\/cj.estrategia.com\/portal\/author\/xfrederico\/"}]}},"jetpack_featured_media_url":"https:\/\/cj.estrategia.com\/portal\/wp-content\/uploads\/2024\/06\/20110950\/monochrome-scene-depicting-life-workers-construction-industry-site-scaled.jpg","jetpack_sharing_enabled":true,"_links":{"self":[{"href":"https:\/\/cj.estrategia.com\/portal\/wp-json\/wp\/v2\/posts\/66728","targetHints":{"allow":["GET"]}}],"collection":[{"href":"https:\/\/cj.estrategia.com\/portal\/wp-json\/wp\/v2\/posts"}],"about":[{"href":"https:\/\/cj.estrategia.com\/portal\/wp-json\/wp\/v2\/types\/post"}],"author":[{"embeddable":true,"href":"https:\/\/cj.estrategia.com\/portal\/wp-json\/wp\/v2\/users\/39"}],"replies":[{"embeddable":true,"href":"https:\/\/cj.estrategia.com\/portal\/wp-json\/wp\/v2\/comments?post=66728"}],"version-history":[{"count":2,"href":"https:\/\/cj.estrategia.com\/portal\/wp-json\/wp\/v2\/posts\/66728\/revisions"}],"predecessor-version":[{"id":66731,"href":"https:\/\/cj.estrategia.com\/portal\/wp-json\/wp\/v2\/posts\/66728\/revisions\/66731"}],"wp:featuredmedia":[{"embeddable":true,"href":"https:\/\/cj.estrategia.com\/portal\/wp-json\/wp\/v2\/media\/66729"}],"wp:attachment":[{"href":"https:\/\/cj.estrategia.com\/portal\/wp-json\/wp\/v2\/media?parent=66728"}],"wp:term":[{"taxonomy":"category","embeddable":true,"href":"https:\/\/cj.estrategia.com\/portal\/wp-json\/wp\/v2\/categories?post=66728"},{"taxonomy":"post_tag","embeddable":true,"href":"https:\/\/cj.estrategia.com\/portal\/wp-json\/wp\/v2\/tags?post=66728"},{"taxonomy":"tax_estado","embeddable":true,"href":"https:\/\/cj.estrategia.com\/portal\/wp-json\/wp\/v2\/tax_estado?post=66728"}],"curies":[{"name":"wp","href":"https:\/\/api.w.org\/{rel}","templated":true}]}}