{"id":6661,"date":"2023-02-09T20:35:00","date_gmt":"2023-02-09T23:35:00","guid":{"rendered":"https:\/\/cj.estrategia.com\/portal\/?p=6661"},"modified":"2023-02-09T14:48:47","modified_gmt":"2023-02-09T17:48:47","slug":"edital-dpe-ce-defensor","status":"publish","type":"post","link":"https:\/\/cj.estrategia.com\/portal\/edital-dpe-ce-defensor\/","title":{"rendered":"Edital DPE CE Defensor: veja a convoca\u00e7\u00e3o para a prova oral!"},"content":{"rendered":"\n<p>A <a href=\"https:\/\/www.estrategiaconcursos.com.br\/cursosPorConcurso\/dpe-ce-defensoria-publica-do-estado-do-ceara-defensor-publico\/\" target=\"_blank\" >Defensoria P\u00fablica do Estado do Cear\u00e1<\/a> publicou a convoca\u00e7\u00e3o para a <strong>prova oral do Concurso DPE CE Defensor.<\/strong><\/p>\n\n\n\n<p>Esta etapa da sele\u00e7\u00e3o est\u00e1 marcada para acontecer entre os dias <strong> 25\/02 a 01\/03\/202<\/strong>3, na cidade de Fortaleza\/CE.  Confira no link abaixo a lista de convocados.<\/p>\n\n\n\n<p><a href=\"https:\/\/cj.estrategia.com\/portal\/wp-content\/uploads\/2023\/02\/09142044\/Defensor-CE-convocacao-para-a-prova-oral.pdf\" target=\"_blank\" rel=\"noreferrer noopener nofollow\">Convoca\u00e7\u00e3o Prova Oral <\/a> <\/p>\n\n\n\n<p>O concurso oferta 60 vagas imediatas para Defensor P\u00fablico, com exig\u00eancia de bacharelado em Direito e dois anos de pr\u00e1tica jur\u00eddica. <\/p>\n\n\n\n<ul class=\"wp-block-list\">\n<li><strong>Defensoria P\u00fablica CE &#8211; Defensor<\/strong><\/li>\n\n\n\n<li><strong>Status:<\/strong> resultado preliminar da discursiva<\/li>\n\n\n\n<li><strong>Vagas:<\/strong> 60 <\/li>\n\n\n\n<li><strong>Remunera\u00e7\u00e3o inicial:<\/strong> R$ 27.528,09<\/li>\n\n\n\n<li><strong>Edital:<\/strong> <a href=\"https:\/\/dhg1h5j42swfq.cloudfront.net\/2022\/02\/21180001\/diario_6-1-2.pdf\" target=\"_blank\" rel=\"noreferrer noopener nofollow\">DPE CE Defensor 2022<\/a><\/li>\n<\/ul>\n\n\n\n<p>O certame \u00e9 o primeiro da hist\u00f3ria da DPE CE a ter cotas de <strong>20% para candidatos negros,<\/strong> al\u00e9m de <strong>5% de reserva para pessoas com defici\u00eancia (PcD)<\/strong> e outros <strong>5% para ind\u00edgenas e quilombolas<\/strong>.<\/p>\n\n\n\n<p>A Defensoria P\u00fablica Geral do Estado do Cear\u00e1 e a Funda\u00e7\u00e3o Carlos Chagas (FCC) divulgaram que o concurso p\u00fablico para o cargo de Defensor (concurso DPE CE Defensor) registrou 11.928 inscri\u00e7\u00f5es. <\/p>\n\n\n\n<h3 class=\"has-text-align-center wp-block-heading\" id=\"situa\u00e7\u00e3o\"><span id=\"analise-do-edital-dpe-ce-defensor\">An\u00e1lise do Edital DPE CE Defensor<\/span><\/h3>\n\n\n\n<figure class=\"wp-block-embed is-type-video is-provider-youtube wp-block-embed-youtube wp-embed-aspect-16-9 wp-has-aspect-ratio\"><div class=\"wp-block-embed__wrapper\">\n<div class=\"cs-embed cs-embed-responsive\"><iframe title=\"Defensor DPE CE - An\u00e1lise de Edital\" width=\"1200\" height=\"675\" src=\"https:\/\/www.youtube.com\/embed\/-UkKoqgVb8c?feature=oembed\" frameborder=\"0\" allow=\"accelerometer; autoplay; clipboard-write; encrypted-media; gyroscope; picture-in-picture; web-share\" allowfullscreen><\/iframe><\/div>\n<\/div><\/figure>\n\n\n\n<h2 class=\"wp-block-heading\" id=\"situa\u00e7\u00e3o\"><span id=\"edital-dpe-ce-defensor-situacao-atual\">Edital DPE CE Defensor: Situa\u00e7\u00e3o atual <\/span><\/h2>\n\n\n\n<h3 class=\"wp-block-heading\" id=\"principais-datas\">Principais datas<\/h3>\n\n\n\n<p class=\"has-cyan-bluish-gray-background-color has-background\"><strong>Inscri\u00e7\u00f5es<\/strong>: 03 de mar\u00e7o a 05 de abril de 2022<br><strong>Isen\u00e7\u00e3o da taxa<\/strong>: 03 a 10 de mar\u00e7o de 2022<br><strong>\u00daltimo dia para pagamento<\/strong>: 05 de abril de 2022<br><strong>Prova<\/strong>: 05 de junho de 2022<br><strong>Prova Oral:<\/strong> 25\/02 a 01\/03\/2023<\/p>\n\n\n\n<h3 class=\"wp-block-heading\" id=\"cargos\"><span id=\"cargos-ofertados\">Cargos ofertados <\/span><\/h3>\n\n\n\n<figure class=\"wp-block-table is-style-stripes\"><table class=\"has-background has-fixed-layout\" style=\"background-color:#e7f5fe\"><tbody><tr><td class=\"has-text-align-center\" data-align=\"center\">\n  <strong>Classe<\/strong>\n  <\/td><td class=\"has-text-align-center\" data-align=\"center\">   <strong>Vagas<\/strong><\/td><\/tr><tr><td class=\"has-text-align-center\" data-align=\"center\"> Defensor P\u00fablico <\/td><td class=\"has-text-align-center\" data-align=\"center\">   60<\/td><\/tr><\/tbody><\/table><figcaption class=\"wp-element-caption\"><strong>Tabela de cargos ofertados<\/strong><\/figcaption><\/figure>\n\n\n\n<h3 class=\"wp-block-heading\" id=\"remunera\u00e7\u00e3o\"><span id=\"salario\">Sal\u00e1rio<\/span><\/h3>\n\n\n\n<figure class=\"wp-block-table is-style-stripes\"><table><tbody><tr><td class=\"has-text-align-center\" data-align=\"center\">\n  <strong>Classe<\/strong>\n  <\/td><td class=\"has-text-align-center\" data-align=\"center\">\n  <strong>Vencimento<\/strong>\n  <\/td><\/tr><tr><td class=\"has-text-align-center\" data-align=\"center\">  Defensor P\u00fablico Substituto   <\/td><td class=\"has-text-align-center\" data-align=\"center\">   R$ 27.528,09<\/td><\/tr><\/tbody><\/table><figcaption class=\"wp-element-caption\"><strong>Tabela de remunera\u00e7\u00e3o <\/strong><\/figcaption><\/figure>\n\n\n\n<h2 class=\"wp-block-heading\" id=\"carreira\"><span id=\"edital-dpe-ce-defensor-carreira\">Edital DPE CE Defensor: carreira<\/span><\/h2>\n\n\n\n<h3 class=\"wp-block-heading\" id=\"requisitos\">Requisitos<\/h3>\n\n\n\n<p>Possuir diploma de bacharel em Direito, devidamente registrado, fornecido por institui\u00e7\u00e3o de ensino superior reconhecida pelo Minist\u00e9rio da Educa\u00e7\u00e3o e na data da posse, o(a) aprovado(a) deve comprovar dois anos de pr\u00e1tica jur\u00eddica.<\/p>\n\n\n\n<h4 class=\"wp-block-heading\" id=\"pratica-juridica\">Pr\u00e1tica Jur\u00eddica<\/h4>\n\n\n\n<p>A pr\u00e1tica forense compreende:<br>a) o efetivo exerc\u00edcio da advocacia, como advogado(a), regularmente inscrito(a) na Ordem dos Advogados do Brasil (OAB), desde que tenha atuado efetivamente, a cada per\u00edodo de 12 meses cont\u00ednuos, no m\u00ednimo, em 5  processos judiciais, em causas ou quest\u00f5es distintas;<br>b) o efetivo desempenho de cargo, emprego e\/ou fun\u00e7\u00e3o de n\u00edvel superior, eminentemente jur\u00eddico, devidamente certificado pelos \u00f3rg\u00e3os competentes, inclusive de magist\u00e9rio superior, que exija a utiliza\u00e7\u00e3o preponderante de conhecimento jur\u00eddico;<br>c) o cumprimento de est\u00e1gio de direito reconhecido por lei, inclusive de Est\u00e1gio de P\u00f3s Gradua\u00e7\u00e3o em direito ou programa de Resid\u00eancia Jur\u00eddica.<br>d) de fun\u00e7\u00e3o de conciliador em tribunais judiciais, juizados especiais, varas especiais, anexos de juizados especiais ou de varas judiciais, assim como o exerc\u00edcio de media\u00e7\u00e3o ou de arbitragem na composi\u00e7\u00e3o de lit\u00edgios, pelo per\u00edodo m\u00ednimo de 16 horas mensais e durante 1 ano;<\/p>\n\n\n\n<p>Para o fim de comprova\u00e7\u00e3o de pr\u00e1tica forense, dever\u00e1 ser observado ainda:<br>a) no que pertine ao exerc\u00edcio da advocacia: a pr\u00e1tica anual de, no m\u00ednimo, 05 atos privativos de advogado, judiciais e\/ou extrajudiciais, devidamente comprovados atrav\u00e9s de certid\u00e3o por cart\u00f3rios ou secretarias judiciais ou por c\u00f3pia autenticada de atos privativos atestando a participa\u00e7\u00e3o anual m\u00ednima em cinco atos privativos de advogados em causas ou quest\u00f5es distintas. Em nenhuma hip\u00f3tese bastar\u00e1 como exerc\u00edcio a mera inscri\u00e7\u00e3o na Ordem dos Advogados do Brasil;<br>b) no que pertine aos cargos, empregos ou fun\u00e7\u00f5es p\u00fablicas ocupados privativamente por bachar\u00e9is em Direito &#8211; certid\u00e3o do setor competente que comprove essa qualidade;<br>c) no que pertine aos cargos, empregos ou fun\u00e7\u00f5es que utilizam preponderantemente o conhecimento jur\u00eddico, inclusive de magist\u00e9rio superior \u2013 certid\u00e3o circunstanciada, expedida pelo \u00f3rg\u00e3o ou entidade competente, indicando as respectivas atribui\u00e7\u00f5es exercidas e a pr\u00e1tica reiterada de atos que exijam a<br>utiliza\u00e7\u00e3o preponderante de conhecimentos jur\u00eddicos. Relativamente ao magist\u00e9rio superior, a certid\u00e3o dever\u00e1 especificar o curso, a disciplina que leciona e seu conte\u00fado program\u00e1tico.<br>d) no que tange ao est\u00e1gio de direito reconhecido por lei, inclusive de Est\u00e1gio de P\u00f3s Gradua\u00e7\u00e3o em Direito ou programa de Resid\u00eancia Jur\u00eddica &#8211; certid\u00e3o circunstanciada, expedida pelo \u00f3rg\u00e3o ou entidade competente, indicando as respectivas atribui\u00e7\u00f5es exercidas e a pr\u00e1tica reiterada de atos que exijam a<br>utiliza\u00e7\u00e3o preponderante de conhecimentos jur\u00eddicos.<br>e) no que tange \u00e0 fun\u00e7\u00e3o de conciliador em tribunais judiciais, juizados especiais, varas especiais, anexos de juizados especiais ou de varas judiciais, assim. como o exerc\u00edcio de media\u00e7\u00e3o ou de arbitragem na composi\u00e7\u00e3o de lit\u00edgios &#8211; certid\u00e3o circunstanciada, expedida pelo \u00f3rg\u00e3o ou entidade competente, indicando as respectivas atribui\u00e7\u00f5es exercidas e a pr\u00e1tica reiterada de atos que exijam a utiliza\u00e7\u00e3o preponderante de conhecimentos jur\u00eddicos.<\/p>\n\n\n\n<p>Caracterizar\u00e1 pr\u00e1tica profissional, o exerc\u00edcio:<br>a) efetivo de advocacia, inclusive volunt\u00e1ria, mediante a participa\u00e7\u00e3o anual m\u00ednima em 5 (cinco) atos privativos de advogado (art. 1\u00ba da Lei n\u00ba 8.906, de 4 de julho de 1994) em causas ou quest\u00f5es distintas, contado a partir da inscri\u00e7\u00e3o na Ordem dos Advogados do Brasil;<br>b) na Defensoria P\u00fablica, no Minist\u00e9rio P\u00fablico ou na Magistratura, na qualidade de membro;<br>c) de cargos, empregos ou fun\u00e7\u00f5es exclusivas de Bacharel em Direito; de cargos, empregos ou fun\u00e7\u00f5es, inclusive de magist\u00e9rio superior p\u00fablico ou privado, que exijam a utiliza\u00e7\u00e3o de conhecimento jur\u00eddico.<br>d) de demais atividades jur\u00eddicas devidamente comprovadas, ap\u00f3s o bacharelado, cabendo \u00e0 Comiss\u00e3o, em decis\u00e3o fundamentada, analisar a validade dos documentos comprobat\u00f3rios.<\/p>\n\n\n\n<h2 class=\"wp-block-heading\" id=\"etapas\"><span id=\"etapas-do-edital-dpe-ce-defensor\">Etapas do edital DPE CE Defensor <\/span><\/h2>\n\n\n\n<p>Segundo o edital DPE CE Defensor, o concurso P\u00fablico constar\u00e1 das seguintes etapas:<\/p>\n\n\n\n<ul class=\"wp-block-list\">\n<li>Prova Escrita Preliminar Objetiva (eliminat\u00f3ria e classificat\u00f3ria)<\/li>\n\n\n\n<li>Provas Escritas Discursivas (eliminat\u00f3ria e classificat\u00f3ria)<\/li>\n\n\n\n<li>Prova Oral (eliminat\u00f3ria e classificat\u00f3ria)<\/li>\n\n\n\n<li>Avalia\u00e7\u00e3o de T\u00edtulos (classificat\u00f3ria)<\/li>\n<\/ul>\n\n\n\n<h3 class=\"wp-block-heading\" id=\"objetiva\"><span id=\"prova-objetiva\">Prova Objetiva<\/span><\/h3>\n\n\n\n<p>A Prova Objetiva, de car\u00e1ter eliminat\u00f3rio e classificat\u00f3rio e dura\u00e7\u00e3o total de 5 horas, ser\u00e1 composta de 100 do tipo m\u00faltipla escolha, com 05 alternativas cada, sendo uma \u00fanica a correta.<\/p>\n\n\n\n<figure class=\"wp-block-table is-style-stripes\"><table class=\"has-background has-fixed-layout\" style=\"background-color:#e7f5fe\"><tbody><tr><td class=\"has-text-align-center\" data-align=\"center\"><strong>Disciplinas <\/strong><\/td><td class=\"has-text-align-center\" data-align=\"center\"><strong>Quest\u00f5es <\/strong><\/td><\/tr><tr><td class=\"has-text-align-center\" data-align=\"center\">Direito Constitucional<\/td><td class=\"has-text-align-center\" data-align=\"center\">20<\/td><\/tr><tr><td class=\"has-text-align-center\" data-align=\"center\">Direito Civil<\/td><td class=\"has-text-align-center\" data-align=\"center\">13<\/td><\/tr><tr><td class=\"has-text-align-center\" data-align=\"center\">Direito Penal<\/td><td class=\"has-text-align-center\" data-align=\"center\">13<\/td><\/tr><tr><td class=\"has-text-align-center\" data-align=\"center\">Direito Processual Civil<\/td><td class=\"has-text-align-center\" data-align=\"center\">12<\/td><\/tr><tr><td class=\"has-text-align-center\" data-align=\"center\">Direito Processual Penal<\/td><td class=\"has-text-align-center\" data-align=\"center\">12<\/td><\/tr><tr><td class=\"has-text-align-center\" data-align=\"center\">Direito do Trabalho<\/td><td class=\"has-text-align-center\" data-align=\"center\">02<\/td><\/tr><tr><td class=\"has-text-align-center\" data-align=\"center\">Direito Administrativo<\/td><td class=\"has-text-align-center\" data-align=\"center\">07<\/td><\/tr><tr><td class=\"has-text-align-center\" data-align=\"center\">Direito Previdenci\u00e1rio &nbsp;<\/td><td class=\"has-text-align-center\" data-align=\"center\">03<\/td><\/tr><tr><td class=\"has-text-align-center\" data-align=\"center\">Direito Empresarial<\/td><td class=\"has-text-align-center\" data-align=\"center\">02<\/td><\/tr><tr><td class=\"has-text-align-center\" data-align=\"center\">Direito do Consumidor<\/td><td class=\"has-text-align-center\" data-align=\"center\">06<\/td><\/tr><tr><td class=\"has-text-align-center\" data-align=\"center\">Organiza\u00e7\u00e3o da Defensoria P\u00fablica<\/td><td class=\"has-text-align-center\" data-align=\"center\">10<\/td><\/tr><\/tbody><\/table><figcaption class=\"wp-element-caption\"><strong>Tabela de disciplinas e quest\u00f5es<\/strong><\/figcaption><\/figure>\n\n\n\n<p>Ela est\u00e1 prevista para ocorrer no dia 5 de junho de 2022.<\/p>\n\n\n\n<p>Ser\u00e1 considerado habilitado, na Prova Escrita Preliminar Objetiva, o(a) candidato(a) que obtiver o m\u00ednimo de 50 pontos referentes \u00e0 soma de todos os acertos nas quest\u00f5es que comp\u00f5em a prova.<\/p>\n\n\n\n<p>Ser\u00e3o classificados(as) para a Segunda Fase, pela lista de ampla concorr\u00eancia, os(as) 350 candidato(a)s que obtiverem as maiores notas, ap\u00f3s o julgamento dos recursos e os empatados na \u00faltima posi\u00e7\u00e3o, e que tenham obtido o m\u00ednimo necess\u00e1rio indicado acima.<\/p>\n\n\n\n<p>Al\u00e9m dos(as) 350 candidato(as) \u2013 e daqueles(as) com pontua\u00e7\u00e3o id\u00eantica \u00e0 deles, classificados pela ampla concorr\u00eancia, ser\u00e3o formadas as listas de reserva de vagas para:<\/p>\n\n\n\n<p>a. todos os(as) candidatos(as) que lograrem obter 50,00 pontos ou mais na prova escrita preliminar objetiva no tocante \u00e0s vagas reservadas aos(as) candidatos(as) com defici\u00eancia;<\/p>\n\n\n\n<p>b. todos os(as) candidatos(as) que lograrem obter 50,00pontos ou mais na prova escrita preliminar objetiva no tocante \u00e0s vagas reservadas aos(as) candidatos(as) negros(as), ind\u00edgenas ou quilombolas.<\/p>\n\n\n\n<h3 class=\"wp-block-heading\" id=\"discursivas\"><span id=\"provas-discursivas\">Provas Discursivas<\/span><\/h3>\n\n\n\n<p>As Provas Discursivas est\u00e3o previstas para ocorrerem em 30 e 31 de julho de 2022. <\/p>\n\n\n\n<p>As Provas Escritas Discursivas ser\u00e3o aplicadas em dois dias consecutivos e ser\u00e3o compostas de 1 Pe\u00e7a Processual e 3 quest\u00f5es, cada uma delas. Cada pe\u00e7a valer\u00e1 40 pontos, e cada quest\u00e3o, 20 pontos. <\/p>\n\n\n\n<p>A primeira prova exigir\u00e1 conte\u00fados das disciplinas de Direito Constitucional, Direito Civil; Direito Processual Civil e Direito do Consumidor. A segunda prova exigir\u00e1 conte\u00fados das disciplinas de Direito Administrativo, Direito Penal, Direito Processual Penal e Organiza\u00e7\u00e3o da Defensoria P\u00fablica.<\/p>\n\n\n\n<p>Na avalia\u00e7\u00e3o das Provas Escritas Discursivas ser\u00e3o considerados o acerto das respostas dadas, o grau de conhecimento do tema demonstrado pelo(a) candidato(a), a flu\u00eancia e a coer\u00eancia da exposi\u00e7\u00e3o e a corre\u00e7\u00e3o (gramatical e jur\u00eddica) da linguagem.<\/p>\n\n\n\n<p>Cada uma das Provas Escritas Discursivas ser\u00e1 avaliada de 0 a 100 pontos. Ser\u00e3o considerados(as) habilitados(as) nas Provas Escritas Discursivas os(as) candidatos(as) que alcan\u00e7arem, simultaneamente:<br>a) nota igual ou superior 40,00 pontos em cada prova e<br>b) obtiver m\u00e9dia aritm\u00e9tica das notas nas duas provas igual ou superior a 50,00 pontos.<\/p>\n\n\n\n<h3 class=\"wp-block-heading\" id=\"inscricao-definitiva\">Inscri\u00e7\u00e3o definitiva<\/h3>\n\n\n\n<p>Os candidatos aprovados e classificados na Prova Escrita Preliminar Objetiva e nas Provas Escritas Discursivas Espec\u00edficas dever\u00e3o na data, hor\u00e1rio e local a serem indicados pelo Edital de Convoca\u00e7\u00e3o, entregar a documenta\u00e7\u00e3o comprobat\u00f3ria dos requisitos para ingresso na Carreira de Defensor P\u00fablico de<br>Entr\u00e2ncia Inicial da Defensoria P\u00fablica do Estado do Cear\u00e1 relacionadas abaixo. O prazo para o requerimento da inscri\u00e7\u00e3o definitiva ser\u00e1 de 10 dias corridos, a contar da data da publica\u00e7\u00e3o do resultado das Provas Escritas Discursivas Espec\u00edficas, prorrog\u00e1vel a crit\u00e9rio do Defensor P\u00fablico Geral.<\/p>\n\n\n\n<h3 class=\"wp-block-heading\" id=\"tribuna\"><span id=\"prova-oral\">Prova Oral <\/span><\/h3>\n\n\n\n<p>Ser\u00e1 admitido \u00e0 Prova Oral o(a) candidato(a) que tiver sua inscri\u00e7\u00e3o definitiva deferida.<\/p>\n\n\n\n<p>A Prova Oral versar\u00e1 sobre as disciplinas: Direito Constitucional, Direito Civil, Direito Processual Civil, Direito do Consumidor, Direito Administrativo, Direito Penal, Direito Processual Penal e Organiza\u00e7\u00e3o da Defensoria P\u00fablica, cabendo \u00e0 Banca Examinadora agrup\u00e1-los, a seu<br>crit\u00e9rio, para efeito de sorteio de pontos, a ser realizado no dia de prova.<\/p>\n\n\n\n<p>O(A) candidato(a) ser\u00e1 arguido pela(s) Banca(s) Examinadora(s) por um per\u00edodo que n\u00e3o ultrapassar\u00e1 25  minutos por banca, sobre as respectivas mat\u00e9rias, atendo-se os examinadores, em n\u00famero de 2 no m\u00ednimo.<\/p>\n\n\n\n<p>Durante a Prova Oral, ser\u00e3o avaliados os seguintes quesitos: conhecimento do tema proposto; poder de s\u00edntese; emprego da linguagem t\u00e9cnico-jur\u00eddica; uso correto do vern\u00e1culo. Cada examinador da Prova Oral atribuir\u00e1 ao(\u00e0) candidato(a) nota de 0 a 100 pontos.<\/p>\n\n\n\n<p>A nota da Prova Oral corresponder\u00e1 \u00e0 m\u00e9dia aritm\u00e9tica entre as notas atribu\u00eddas por cada examinador. Ser\u00e1 eliminado o(a) candidato(a) que n\u00e3o lograr a m\u00e9dia de 50,00 pontos.<\/p>\n\n\n\n<h3 class=\"wp-block-heading\" id=\"prova-de-titulos\">Prova de T\u00edtulos<\/h3>\n\n\n\n<p>Os(as) candidatos(as) aprovados na Prova Oral dever\u00e3o apresentar os t\u00edtulos e os respectivos documentos comprobat\u00f3rios em per\u00edodo a ser informado em edital espec\u00edfico. Somente ser\u00e3o avaliados os t\u00edtulos entregues dentro do prazo que ser\u00e1 estabelecido em edital espec\u00edfico a ser publicado.<br><br>Ser\u00e3o aceitos t\u00edtulos obtidos pelo(a) candidato(a) at\u00e9 a data final do prazo de recebimento de t\u00edtulos, publicada em edital que estabelecer o per\u00edodo para a entrega daqueles. Os t\u00edtulos apresentados ser\u00e3o pontuados conforme especifica\u00e7\u00f5es contidas abaixo:<\/p>\n\n\n<div class=\"wp-block-image\">\n<figure class=\"aligncenter size-full\"><img decoding=\"async\" src=\"https:\/\/dhg1h5j42swfq.cloudfront.net\/2022\/02\/21190758\/image-397.png\" alt=\"\" class=\"wp-image-974382\"\/><\/figure>\n<\/div>\n\n\n<h2 class=\"has-text-align-center wp-block-heading\" id=\"h-quer-saber-tudo-sobre-concursos-previstos-confira-nossos-artigos\"><span id=\"quer-saber-tudo-sobre-concursos-previstosconfira-nossos-artigos\">Quer saber tudo sobre concursos previstos?<br>Confira nossos artigos!<\/span><\/h2>\n\n\n\n\n\n<h2 class=\"has-text-align-center wp-block-heading\" id=\"cursos\"><span id=\"cursos-dpe-ce-defensor\">Cursos DPE CE Defensor<\/span><\/h2>\n\n\n\n<p class=\"has-text-align-center\"><em>Gostou desta oportunidade e deseja come\u00e7ar se preparar agora mesmo? Ent\u00e3o, confira os nossos cursos e comece a estudar DPE CE Defensor:<\/em><\/p>\n\n\n\n<div class=\"wp-block-cover\" style=\"min-height:155px;aspect-ratio:unset;\"><img decoding=\"async\" width=\"1890\" height=\"351\" class=\"wp-block-cover__image-background wp-image-8669\" alt=\"Assinaturas Jur\u00eddicas\" src=\"https:\/\/cj.estrategia.com\/portal\/wp-content\/uploads\/2022\/06\/20151253\/concurso-carreiras-juridicas-assinatura-juridica.jpg\" style=\"object-position:78% 43%\" data-object-fit=\"cover\" data-object-position=\"78% 43%\" srcset=\"https:\/\/cj.estrategia.com\/portal\/wp-content\/uploads\/2022\/06\/20151253\/concurso-carreiras-juridicas-assinatura-juridica.jpg 1890w, https:\/\/cj.estrategia.com\/portal\/wp-content\/uploads\/2022\/06\/20151253\/concurso-carreiras-juridicas-assinatura-juridica-300x56.jpg 300w, https:\/\/cj.estrategia.com\/portal\/wp-content\/uploads\/2022\/06\/20151253\/concurso-carreiras-juridicas-assinatura-juridica-1024x190.jpg 1024w, https:\/\/cj.estrategia.com\/portal\/wp-content\/uploads\/2022\/06\/20151253\/concurso-carreiras-juridicas-assinatura-juridica-768x143.jpg 768w, https:\/\/cj.estrategia.com\/portal\/wp-content\/uploads\/2022\/06\/20151253\/concurso-carreiras-juridicas-assinatura-juridica-1536x285.jpg 1536w, https:\/\/cj.estrategia.com\/portal\/wp-content\/uploads\/2022\/06\/20151253\/concurso-carreiras-juridicas-assinatura-juridica-380x71.jpg 380w, https:\/\/cj.estrategia.com\/portal\/wp-content\/uploads\/2022\/06\/20151253\/concurso-carreiras-juridicas-assinatura-juridica-800x149.jpg 800w, https:\/\/cj.estrategia.com\/portal\/wp-content\/uploads\/2022\/06\/20151253\/concurso-carreiras-juridicas-assinatura-juridica-1160x215.jpg 1160w\" sizes=\"(max-width: 1890px) 100vw, 1890px\" \/><span aria-hidden=\"true\" class=\"wp-block-cover__background has-background-dim\"><\/span><div class=\"wp-block-cover__inner-container is-layout-flow wp-block-cover-is-layout-flow\">\n<h3 id=\"faca-a-sua-assinatura\" class=\"titulo-assinatura\"><span style=\"color: #ffffff;\">Fa\u00e7a a sua assinatura!<\/span><\/h3>\n<p class=\"subtitulo-assinatura\" style=\"display:block!important; line-height: 0;\"><span style=\"color: #ffffff;\">Escolha a sua \u00e1rea.<\/span><\/p>\n<a target=\"_blank\" href=\"https:\/\/www.estrategiaconcursos.com.br\/assinaturas-ecj\/\" rel=\"noopener\"><button style=\"border-radius: 10px; text-transform: capitalize;\">Acessar<\/button><\/a>\n<\/div><\/div>\n\n\n\n\n\n<div class=\"container\" id=\"boxes\">\n  <div class=\"row\">\n\n    <div class=\"col-sm\">\n      <div class=\"banner-estrategia-concursos-juridicos\" id=\"box-assinatura\">\n        <h3 id=\"curso-para-dpe-ce-defensor\" class=\"titulo-assinatura\">Curso para DPE CE Defensor <\/h3>\n        <p class=\"subtitulo-assinatura\">Cursos focados no edital do concurso<\/p>\n        <div class=\"box-botao\">\n          <a class=\"btn-assinatura-juridica\" target=\"_blank\" href=\"https:\/\/www.estrategiaconcursos.com.br\/cursosPorConcurso\/dpe-ce-defensoria-publica-do-estado-do-ceara-defensor-publico\/\" role=\"button\" rel=\"noopener noreferrer\">Conhe\u00e7a mais<\/a>\n        <\/div>\n      <\/div>\n      <p class=\"texto-auxiliar\"><\/p>\n    <\/div>\n   <p class=\"texto-auxiliar\">Prepare-se com o melhor material e com quem mais aprova em Concursos P\u00fablicos em todo o pa\u00eds. \n<\/p>\n  <\/div>\n<\/div>\n\n\n\n<figure class=\"wp-block-image size-large is-resized\"><img decoding=\"async\" src=\"https:\/\/dhg1h5j42swfq.cloudfront.net\/2021\/04\/14081958\/ficha-tecnica-128-1024x632.png\" alt=\"\" class=\"wp-image-713650\" width=\"251\" height=\"155\"\/><\/figure>\n\n\n\n<h4 class=\"wp-block-heading\" id=\"ficha\"><span id=\"%e2%99%a6informacoes-do-edital-dpe-ce-defensor\"><strong>\u2666Informa\u00e7\u00f5es do edital DPE CE Defensor<\/strong><\/span><\/h4>\n\n\n\n<p>\u25ba<strong>Datas: <\/strong>05\/06\/2022<br>\u25ba<strong>Vagas: <\/strong>60<br>\u25ba<strong>Lota\u00e7\u00e3o:<\/strong> Cear\u00e1<br>\u25ba<strong>Banca: <\/strong>FCC<br>\u25ba<strong>Escolaridade: <\/strong>N\u00edvel Superior em Direito + 2 anos de pr\u00e1tica jur\u00eddica<\/p>\n\n\n\n<p class=\"has-black-color has-text-color\">\u25ba<strong>Edital:<\/strong><mark style=\"background-color:rgba(0, 0, 0, 0)\" class=\"has-inline-color has-black-color\"> <a href=\"https:\/\/dhg1h5j42swfq.cloudfront.net\/2022\/02\/21180001\/diario_6-1-2.pdf\" target=\"_blank\" rel=\"noreferrer noopener sponsored nofollow\">DPE CE Defensor 2022<\/a><\/mark><\/p>\n","protected":false},"excerpt":{"rendered":"A Defensoria P\u00fablica do Estado do Cear\u00e1 publicou a convoca\u00e7\u00e3o para a prova oral do Concurso DPE CE&hellip;\n","protected":false},"author":12,"featured_media":6671,"comment_status":"open","ping_status":"open","sticky":false,"template":"","format":"standard","meta":{"_jetpack_memberships_contains_paid_content":false,"footnotes":""},"categories":[1,27],"tags":[],"tax_estado":[35],"class_list":{"0":"post-6661","1":"post","2":"type-post","3":"status-publish","4":"format-standard","5":"has-post-thumbnail","7":"category-carreiras-juridicas","8":"category-defensoria","9":"tax_estado-ce"},"acf":[],"yoast_head":"<!-- This site is optimized with the Yoast SEO Premium plugin v27.4 (Yoast SEO v27.4) - https:\/\/yoast.com\/product\/yoast-seo-premium-wordpress\/ -->\n<title>Edital DPE CE Defensor: veja a convoca\u00e7\u00e3o para a prova oral!<\/title>\n<meta name=\"description\" content=\"Concurso DPE CE Defensor: resultado da prova discursiva! Edital oferta 60 vagas para Defensor P\u00fablico. Inicial de R$ 27,5 mil!\" \/>\n<meta name=\"robots\" content=\"index, follow, max-snippet:-1, max-image-preview:large, max-video-preview:-1\" \/>\n<link rel=\"canonical\" href=\"https:\/\/cj.estrategia.com\/portal\/edital-dpe-ce-defensor\/\" \/>\n<meta property=\"og:locale\" content=\"pt_BR\" \/>\n<meta property=\"og:type\" content=\"article\" \/>\n<meta property=\"og:title\" content=\"Edital DPE CE Defensor: veja a convoca\u00e7\u00e3o para a prova oral!\" \/>\n<meta property=\"og:description\" content=\"Concurso DPE CE Defensor: resultado da prova discursiva! Edital oferta 60 vagas para Defensor P\u00fablico. Inicial de R$ 27,5 mil!\" \/>\n<meta property=\"og:url\" content=\"https:\/\/cj.estrategia.com\/portal\/edital-dpe-ce-defensor\/\" \/>\n<meta property=\"og:site_name\" content=\"Blog - Carreiras Jur\u00eddicas - Estrat\u00e9gia\" \/>\n<meta property=\"article:publisher\" content=\"https:\/\/www.facebook.com\/estrategiacarreirajuridica\/\" \/>\n<meta property=\"article:published_time\" content=\"2023-02-09T23:35:00+00:00\" \/>\n<meta property=\"og:image\" content=\"https:\/\/cj.estrategia.com\/portal\/wp-content\/uploads\/2022\/05\/30183601\/dpe_ce_defensor.jpg\" \/>\n\t<meta property=\"og:image:width\" content=\"1200\" \/>\n\t<meta property=\"og:image:height\" content=\"628\" \/>\n\t<meta property=\"og:image:type\" content=\"image\/jpeg\" \/>\n<meta name=\"author\" content=\"Coordena\u00e7\u00e3o\" \/>\n<meta name=\"twitter:card\" content=\"summary_large_image\" \/>\n<meta name=\"twitter:creator\" content=\"@EstratJuridica\" \/>\n<meta name=\"twitter:site\" content=\"@EstratJuridica\" \/>\n<meta name=\"twitter:label1\" content=\"Escrito por\" \/>\n\t<meta name=\"twitter:data1\" content=\"Coordena\u00e7\u00e3o\" \/>\n\t<meta name=\"twitter:label2\" content=\"Est. tempo de leitura\" \/>\n\t<meta name=\"twitter:data2\" content=\"10 minutos\" \/>\n<script type=\"application\/ld+json\" class=\"yoast-schema-graph\">{\"@context\":\"https:\\\/\\\/schema.org\",\"@graph\":[{\"@type\":\"NewsArticle\",\"@id\":\"https:\\\/\\\/cj.estrategia.com\\\/portal\\\/edital-dpe-ce-defensor\\\/#article\",\"isPartOf\":{\"@id\":\"https:\\\/\\\/cj.estrategia.com\\\/portal\\\/edital-dpe-ce-defensor\\\/\"},\"author\":{\"name\":\"Coordena\u00e7\u00e3o\",\"@id\":\"https:\\\/\\\/cj.estrategia.com\\\/portal\\\/#\\\/schema\\\/person\\\/4d70317d31449932b99102916b6637f5\"},\"headline\":\"Edital DPE CE Defensor: veja a convoca\u00e7\u00e3o para a prova oral!\",\"datePublished\":\"2023-02-09T23:35:00+00:00\",\"mainEntityOfPage\":{\"@id\":\"https:\\\/\\\/cj.estrategia.com\\\/portal\\\/edital-dpe-ce-defensor\\\/\"},\"wordCount\":1931,\"commentCount\":0,\"publisher\":{\"@id\":\"https:\\\/\\\/cj.estrategia.com\\\/portal\\\/#organization\"},\"image\":{\"@id\":\"https:\\\/\\\/cj.estrategia.com\\\/portal\\\/edital-dpe-ce-defensor\\\/#primaryimage\"},\"thumbnailUrl\":\"https:\\\/\\\/cj.estrategia.com\\\/portal\\\/wp-content\\\/uploads\\\/2022\\\/05\\\/30183601\\\/dpe_ce_defensor.jpg\",\"articleSection\":[\"Carreiras Jur\u00eddicas\",\"Defensoria\"],\"inLanguage\":\"pt-BR\",\"potentialAction\":[{\"@type\":\"CommentAction\",\"name\":\"Comment\",\"target\":[\"https:\\\/\\\/cj.estrategia.com\\\/portal\\\/edital-dpe-ce-defensor\\\/#respond\"]}]},{\"@type\":\"WebPage\",\"@id\":\"https:\\\/\\\/cj.estrategia.com\\\/portal\\\/edital-dpe-ce-defensor\\\/\",\"url\":\"https:\\\/\\\/cj.estrategia.com\\\/portal\\\/edital-dpe-ce-defensor\\\/\",\"name\":\"Edital DPE CE Defensor: veja a convoca\u00e7\u00e3o para a prova oral!\",\"isPartOf\":{\"@id\":\"https:\\\/\\\/cj.estrategia.com\\\/portal\\\/#website\"},\"primaryImageOfPage\":{\"@id\":\"https:\\\/\\\/cj.estrategia.com\\\/portal\\\/edital-dpe-ce-defensor\\\/#primaryimage\"},\"image\":{\"@id\":\"https:\\\/\\\/cj.estrategia.com\\\/portal\\\/edital-dpe-ce-defensor\\\/#primaryimage\"},\"thumbnailUrl\":\"https:\\\/\\\/cj.estrategia.com\\\/portal\\\/wp-content\\\/uploads\\\/2022\\\/05\\\/30183601\\\/dpe_ce_defensor.jpg\",\"datePublished\":\"2023-02-09T23:35:00+00:00\",\"description\":\"Concurso DPE CE Defensor: resultado da prova discursiva! Edital oferta 60 vagas para Defensor P\u00fablico. Inicial de R$ 27,5 mil!\",\"breadcrumb\":{\"@id\":\"https:\\\/\\\/cj.estrategia.com\\\/portal\\\/edital-dpe-ce-defensor\\\/#breadcrumb\"},\"inLanguage\":\"pt-BR\",\"potentialAction\":[{\"@type\":\"ReadAction\",\"target\":[\"https:\\\/\\\/cj.estrategia.com\\\/portal\\\/edital-dpe-ce-defensor\\\/\"]}]},{\"@type\":\"ImageObject\",\"inLanguage\":\"pt-BR\",\"@id\":\"https:\\\/\\\/cj.estrategia.com\\\/portal\\\/edital-dpe-ce-defensor\\\/#primaryimage\",\"url\":\"https:\\\/\\\/cj.estrategia.com\\\/portal\\\/wp-content\\\/uploads\\\/2022\\\/05\\\/30183601\\\/dpe_ce_defensor.jpg\",\"contentUrl\":\"https:\\\/\\\/cj.estrategia.com\\\/portal\\\/wp-content\\\/uploads\\\/2022\\\/05\\\/30183601\\\/dpe_ce_defensor.jpg\",\"width\":1200,\"height\":628,\"caption\":\"edital DPE CE Defensor\"},{\"@type\":\"BreadcrumbList\",\"@id\":\"https:\\\/\\\/cj.estrategia.com\\\/portal\\\/edital-dpe-ce-defensor\\\/#breadcrumb\",\"itemListElement\":[{\"@type\":\"ListItem\",\"position\":1,\"name\":\"In\u00edcio\",\"item\":\"https:\\\/\\\/cj.estrategia.com\\\/portal\\\/\"},{\"@type\":\"ListItem\",\"position\":2,\"name\":\"Edital DPE CE Defensor: veja a convoca\u00e7\u00e3o para a prova oral!\"}]},{\"@type\":\"WebSite\",\"@id\":\"https:\\\/\\\/cj.estrategia.com\\\/portal\\\/#website\",\"url\":\"https:\\\/\\\/cj.estrategia.com\\\/portal\\\/\",\"name\":\"Blog - Carreiras Jur\u00eddicas - Estrat\u00e9gia\",\"description\":\"\",\"publisher\":{\"@id\":\"https:\\\/\\\/cj.estrategia.com\\\/portal\\\/#organization\"},\"potentialAction\":[{\"@type\":\"SearchAction\",\"target\":{\"@type\":\"EntryPoint\",\"urlTemplate\":\"https:\\\/\\\/cj.estrategia.com\\\/portal\\\/?s={search_term_string}\"},\"query-input\":{\"@type\":\"PropertyValueSpecification\",\"valueRequired\":true,\"valueName\":\"search_term_string\"}}],\"inLanguage\":\"pt-BR\"},{\"@type\":\"Organization\",\"@id\":\"https:\\\/\\\/cj.estrategia.com\\\/portal\\\/#organization\",\"name\":\"Estrat\u00e9gia - Carreiras Jur\u00eddicas\",\"url\":\"https:\\\/\\\/cj.estrategia.com\\\/portal\\\/\",\"logo\":{\"@type\":\"ImageObject\",\"inLanguage\":\"pt-BR\",\"@id\":\"https:\\\/\\\/cj.estrategia.com\\\/portal\\\/#\\\/schema\\\/logo\\\/image\\\/\",\"url\":\"https:\\\/\\\/cj.estrategia.com\\\/portal\\\/wp-content\\\/uploads\\\/2022\\\/03\\\/11151052\\\/cj-logo.png\",\"contentUrl\":\"https:\\\/\\\/cj.estrategia.com\\\/portal\\\/wp-content\\\/uploads\\\/2022\\\/03\\\/11151052\\\/cj-logo.png\",\"width\":150,\"height\":39,\"caption\":\"Estrat\u00e9gia - Carreiras Jur\u00eddicas\"},\"image\":{\"@id\":\"https:\\\/\\\/cj.estrategia.com\\\/portal\\\/#\\\/schema\\\/logo\\\/image\\\/\"},\"sameAs\":[\"https:\\\/\\\/www.facebook.com\\\/estrategiacarreirajuridica\\\/\",\"https:\\\/\\\/x.com\\\/EstratJuridica\",\"https:\\\/\\\/www.instagram.com\\\/estrategiacarreirajuridica\\\/\",\"https:\\\/\\\/www.youtube.com\\\/channel\\\/UClbMGuYbj2Mh1m3w144ETWQ\"]},{\"@type\":\"Person\",\"@id\":\"https:\\\/\\\/cj.estrategia.com\\\/portal\\\/#\\\/schema\\\/person\\\/4d70317d31449932b99102916b6637f5\",\"name\":\"Coordena\u00e7\u00e3o\",\"image\":{\"@type\":\"ImageObject\",\"inLanguage\":\"pt-BR\",\"@id\":\"https:\\\/\\\/cj.estrategia.com\\\/portal\\\/wp-content\\\/uploads\\\/2022\\\/05\\\/12164923\\\/estrategia-carreira-juridica-coordenacao-96x96.png\",\"url\":\"https:\\\/\\\/cj.estrategia.com\\\/portal\\\/wp-content\\\/uploads\\\/2022\\\/05\\\/12164923\\\/estrategia-carreira-juridica-coordenacao-96x96.png\",\"contentUrl\":\"https:\\\/\\\/cj.estrategia.com\\\/portal\\\/wp-content\\\/uploads\\\/2022\\\/05\\\/12164923\\\/estrategia-carreira-juridica-coordenacao-96x96.png\",\"caption\":\"Coordena\u00e7\u00e3o\"},\"url\":\"https:\\\/\\\/cj.estrategia.com\\\/portal\\\/author\\\/coordenacao\\\/\"}]}<\/script>\n<!-- \/ Yoast SEO Premium plugin. -->","yoast_head_json":{"title":"Edital DPE CE Defensor: veja a convoca\u00e7\u00e3o para a prova oral!","description":"Concurso DPE CE Defensor: resultado da prova discursiva! Edital oferta 60 vagas para Defensor P\u00fablico. Inicial de R$ 27,5 mil!","robots":{"index":"index","follow":"follow","max-snippet":"max-snippet:-1","max-image-preview":"max-image-preview:large","max-video-preview":"max-video-preview:-1"},"canonical":"https:\/\/cj.estrategia.com\/portal\/edital-dpe-ce-defensor\/","og_locale":"pt_BR","og_type":"article","og_title":"Edital DPE CE Defensor: veja a convoca\u00e7\u00e3o para a prova oral!","og_description":"Concurso DPE CE Defensor: resultado da prova discursiva! Edital oferta 60 vagas para Defensor P\u00fablico. Inicial de R$ 27,5 mil!","og_url":"https:\/\/cj.estrategia.com\/portal\/edital-dpe-ce-defensor\/","og_site_name":"Blog - Carreiras Jur\u00eddicas - Estrat\u00e9gia","article_publisher":"https:\/\/www.facebook.com\/estrategiacarreirajuridica\/","article_published_time":"2023-02-09T23:35:00+00:00","og_image":[{"width":1200,"height":628,"url":"https:\/\/cj.estrategia.com\/portal\/wp-content\/uploads\/2022\/05\/30183601\/dpe_ce_defensor.jpg","type":"image\/jpeg"}],"author":"Coordena\u00e7\u00e3o","twitter_card":"summary_large_image","twitter_creator":"@EstratJuridica","twitter_site":"@EstratJuridica","twitter_misc":{"Escrito por":"Coordena\u00e7\u00e3o","Est. tempo de leitura":"10 minutos"},"schema":{"@context":"https:\/\/schema.org","@graph":[{"@type":"NewsArticle","@id":"https:\/\/cj.estrategia.com\/portal\/edital-dpe-ce-defensor\/#article","isPartOf":{"@id":"https:\/\/cj.estrategia.com\/portal\/edital-dpe-ce-defensor\/"},"author":{"name":"Coordena\u00e7\u00e3o","@id":"https:\/\/cj.estrategia.com\/portal\/#\/schema\/person\/4d70317d31449932b99102916b6637f5"},"headline":"Edital DPE CE Defensor: veja a convoca\u00e7\u00e3o para a prova oral!","datePublished":"2023-02-09T23:35:00+00:00","mainEntityOfPage":{"@id":"https:\/\/cj.estrategia.com\/portal\/edital-dpe-ce-defensor\/"},"wordCount":1931,"commentCount":0,"publisher":{"@id":"https:\/\/cj.estrategia.com\/portal\/#organization"},"image":{"@id":"https:\/\/cj.estrategia.com\/portal\/edital-dpe-ce-defensor\/#primaryimage"},"thumbnailUrl":"https:\/\/cj.estrategia.com\/portal\/wp-content\/uploads\/2022\/05\/30183601\/dpe_ce_defensor.jpg","articleSection":["Carreiras Jur\u00eddicas","Defensoria"],"inLanguage":"pt-BR","potentialAction":[{"@type":"CommentAction","name":"Comment","target":["https:\/\/cj.estrategia.com\/portal\/edital-dpe-ce-defensor\/#respond"]}]},{"@type":"WebPage","@id":"https:\/\/cj.estrategia.com\/portal\/edital-dpe-ce-defensor\/","url":"https:\/\/cj.estrategia.com\/portal\/edital-dpe-ce-defensor\/","name":"Edital DPE CE Defensor: veja a convoca\u00e7\u00e3o para a prova oral!","isPartOf":{"@id":"https:\/\/cj.estrategia.com\/portal\/#website"},"primaryImageOfPage":{"@id":"https:\/\/cj.estrategia.com\/portal\/edital-dpe-ce-defensor\/#primaryimage"},"image":{"@id":"https:\/\/cj.estrategia.com\/portal\/edital-dpe-ce-defensor\/#primaryimage"},"thumbnailUrl":"https:\/\/cj.estrategia.com\/portal\/wp-content\/uploads\/2022\/05\/30183601\/dpe_ce_defensor.jpg","datePublished":"2023-02-09T23:35:00+00:00","description":"Concurso DPE CE Defensor: resultado da prova discursiva! Edital oferta 60 vagas para Defensor P\u00fablico. Inicial de R$ 27,5 mil!","breadcrumb":{"@id":"https:\/\/cj.estrategia.com\/portal\/edital-dpe-ce-defensor\/#breadcrumb"},"inLanguage":"pt-BR","potentialAction":[{"@type":"ReadAction","target":["https:\/\/cj.estrategia.com\/portal\/edital-dpe-ce-defensor\/"]}]},{"@type":"ImageObject","inLanguage":"pt-BR","@id":"https:\/\/cj.estrategia.com\/portal\/edital-dpe-ce-defensor\/#primaryimage","url":"https:\/\/cj.estrategia.com\/portal\/wp-content\/uploads\/2022\/05\/30183601\/dpe_ce_defensor.jpg","contentUrl":"https:\/\/cj.estrategia.com\/portal\/wp-content\/uploads\/2022\/05\/30183601\/dpe_ce_defensor.jpg","width":1200,"height":628,"caption":"edital DPE CE Defensor"},{"@type":"BreadcrumbList","@id":"https:\/\/cj.estrategia.com\/portal\/edital-dpe-ce-defensor\/#breadcrumb","itemListElement":[{"@type":"ListItem","position":1,"name":"In\u00edcio","item":"https:\/\/cj.estrategia.com\/portal\/"},{"@type":"ListItem","position":2,"name":"Edital DPE CE Defensor: veja a convoca\u00e7\u00e3o para a prova oral!"}]},{"@type":"WebSite","@id":"https:\/\/cj.estrategia.com\/portal\/#website","url":"https:\/\/cj.estrategia.com\/portal\/","name":"Blog - Carreiras Jur\u00eddicas - Estrat\u00e9gia","description":"","publisher":{"@id":"https:\/\/cj.estrategia.com\/portal\/#organization"},"potentialAction":[{"@type":"SearchAction","target":{"@type":"EntryPoint","urlTemplate":"https:\/\/cj.estrategia.com\/portal\/?s={search_term_string}"},"query-input":{"@type":"PropertyValueSpecification","valueRequired":true,"valueName":"search_term_string"}}],"inLanguage":"pt-BR"},{"@type":"Organization","@id":"https:\/\/cj.estrategia.com\/portal\/#organization","name":"Estrat\u00e9gia - Carreiras Jur\u00eddicas","url":"https:\/\/cj.estrategia.com\/portal\/","logo":{"@type":"ImageObject","inLanguage":"pt-BR","@id":"https:\/\/cj.estrategia.com\/portal\/#\/schema\/logo\/image\/","url":"https:\/\/cj.estrategia.com\/portal\/wp-content\/uploads\/2022\/03\/11151052\/cj-logo.png","contentUrl":"https:\/\/cj.estrategia.com\/portal\/wp-content\/uploads\/2022\/03\/11151052\/cj-logo.png","width":150,"height":39,"caption":"Estrat\u00e9gia - Carreiras Jur\u00eddicas"},"image":{"@id":"https:\/\/cj.estrategia.com\/portal\/#\/schema\/logo\/image\/"},"sameAs":["https:\/\/www.facebook.com\/estrategiacarreirajuridica\/","https:\/\/x.com\/EstratJuridica","https:\/\/www.instagram.com\/estrategiacarreirajuridica\/","https:\/\/www.youtube.com\/channel\/UClbMGuYbj2Mh1m3w144ETWQ"]},{"@type":"Person","@id":"https:\/\/cj.estrategia.com\/portal\/#\/schema\/person\/4d70317d31449932b99102916b6637f5","name":"Coordena\u00e7\u00e3o","image":{"@type":"ImageObject","inLanguage":"pt-BR","@id":"https:\/\/cj.estrategia.com\/portal\/wp-content\/uploads\/2022\/05\/12164923\/estrategia-carreira-juridica-coordenacao-96x96.png","url":"https:\/\/cj.estrategia.com\/portal\/wp-content\/uploads\/2022\/05\/12164923\/estrategia-carreira-juridica-coordenacao-96x96.png","contentUrl":"https:\/\/cj.estrategia.com\/portal\/wp-content\/uploads\/2022\/05\/12164923\/estrategia-carreira-juridica-coordenacao-96x96.png","caption":"Coordena\u00e7\u00e3o"},"url":"https:\/\/cj.estrategia.com\/portal\/author\/coordenacao\/"}]}},"jetpack_featured_media_url":"https:\/\/cj.estrategia.com\/portal\/wp-content\/uploads\/2022\/05\/30183601\/dpe_ce_defensor.jpg","jetpack_sharing_enabled":true,"_links":{"self":[{"href":"https:\/\/cj.estrategia.com\/portal\/wp-json\/wp\/v2\/posts\/6661","targetHints":{"allow":["GET"]}}],"collection":[{"href":"https:\/\/cj.estrategia.com\/portal\/wp-json\/wp\/v2\/posts"}],"about":[{"href":"https:\/\/cj.estrategia.com\/portal\/wp-json\/wp\/v2\/types\/post"}],"author":[{"embeddable":true,"href":"https:\/\/cj.estrategia.com\/portal\/wp-json\/wp\/v2\/users\/12"}],"replies":[{"embeddable":true,"href":"https:\/\/cj.estrategia.com\/portal\/wp-json\/wp\/v2\/comments?post=6661"}],"version-history":[{"count":21,"href":"https:\/\/cj.estrategia.com\/portal\/wp-json\/wp\/v2\/posts\/6661\/revisions"}],"predecessor-version":[{"id":29363,"href":"https:\/\/cj.estrategia.com\/portal\/wp-json\/wp\/v2\/posts\/6661\/revisions\/29363"}],"wp:featuredmedia":[{"embeddable":true,"href":"https:\/\/cj.estrategia.com\/portal\/wp-json\/wp\/v2\/media\/6671"}],"wp:attachment":[{"href":"https:\/\/cj.estrategia.com\/portal\/wp-json\/wp\/v2\/media?parent=6661"}],"wp:term":[{"taxonomy":"category","embeddable":true,"href":"https:\/\/cj.estrategia.com\/portal\/wp-json\/wp\/v2\/categories?post=6661"},{"taxonomy":"post_tag","embeddable":true,"href":"https:\/\/cj.estrategia.com\/portal\/wp-json\/wp\/v2\/tags?post=6661"},{"taxonomy":"tax_estado","embeddable":true,"href":"https:\/\/cj.estrategia.com\/portal\/wp-json\/wp\/v2\/tax_estado?post=6661"}],"curies":[{"name":"wp","href":"https:\/\/api.w.org\/{rel}","templated":true}]}}