{"id":66165,"date":"2024-07-06T11:00:00","date_gmt":"2024-07-06T14:00:00","guid":{"rendered":"https:\/\/cj.estrategia.com\/portal\/?p=66165"},"modified":"2024-06-27T17:43:37","modified_gmt":"2024-06-27T20:43:37","slug":"competencia-justica-eleitoral-danos","status":"publish","type":"post","link":"https:\/\/cj.estrategia.com\/portal\/competencia-justica-eleitoral-danos\/","title":{"rendered":"A compet\u00eancia da Justi\u00e7a Eleitoral: danos morais e AIME"},"content":{"rendered":"\n<p>Ol\u00e1 turma, como est\u00e3o os estudos? Aproveitando o clima de concurso do TSE, vamos examinar algumas hip\u00f3teses em que se discutiu, na jurisprud\u00eancia brasileira, a compet\u00eancia da Justi\u00e7a Eleitoral, abordando a quest\u00e3o dos danos morais e da a\u00e7\u00e3o de impugna\u00e7\u00e3o a mandato eletivo (AIME).<\/p>\n\n\n\n<p class=\"has-text-align-center\"><img decoding=\"async\" width=\"400\" height=\"194\" class=\"wp-image-64046\" style=\"width: 400px;\" src=\"https:\/\/cj.estrategia.com\/portal\/wp-content\/uploads\/2024\/05\/24054518\/00c75370-fcc5-4071-9c68-43fffbb8ad54.jpeg\" alt=\"Justi\u00e7a Eleitoral\" srcset=\"https:\/\/cj.estrategia.com\/portal\/wp-content\/uploads\/2024\/05\/24054518\/00c75370-fcc5-4071-9c68-43fffbb8ad54.jpeg 620w, https:\/\/cj.estrategia.com\/portal\/wp-content\/uploads\/2024\/05\/24054518\/00c75370-fcc5-4071-9c68-43fffbb8ad54-300x145.jpeg 300w, https:\/\/cj.estrategia.com\/portal\/wp-content\/uploads\/2024\/05\/24054518\/00c75370-fcc5-4071-9c68-43fffbb8ad54-380x184.jpeg 380w, https:\/\/cj.estrategia.com\/portal\/wp-content\/uploads\/2024\/05\/24054518\/00c75370-fcc5-4071-9c68-43fffbb8ad54-150x73.jpeg 150w\" sizes=\"(max-width: 400px) 100vw, 400px\" \/><\/p>\n\n\n\n<h2 class=\"wp-block-heading\" id=\"h-panorama-constitucional-da-discussao\"><span id=\"panorama-constitucional-da-discussao\"><strong>Panorama constitucional da discuss\u00e3o<\/strong><\/span><\/h2>\n\n\n\n<p>O Poder Judici\u00e1rio brasileiro foi desenhado pela Constitucional Federal de 1988 entre os artigos 92 at\u00e9 o seu artigo 126, com algumas disposi\u00e7\u00f5es esparsas em outros trechos do texto constitucional (por exemplo, nos arts. 2\u00ba, 5\u00ba, XXXV, 21, XIII, 33, \u00a7 3\u00ba, 34, 35 e 36, 37, XI e XII, 66 e 68, entre outros).<\/p>\n\n\n\n<p>Quanto aos \u00f3rg\u00e3os do Poder Judici\u00e1rio, foram estabelecidos no art. 92 da Constitucional Federal e regulamentados nos arts. 101 e 102 (Supremo Tribunal Federal), 103-B (Conselho Nacional de Justi\u00e7a), arts. 104 e 105 (Superior Tribunal de Justi\u00e7a), arts. 106 e 107 (Tribunais Regionais Federais), art. 109 (Ju\u00edzes(as) Federais), arts. 111 e 111-A (Tribunal Superior do Trabalho), art. 115 (Tribunais Regionais do Trabalho), art. 116 (Ju\u00edzes(as) do Trabalho), art. 119 (Tribunal Superior Eleitoral), art. 120 (Tribunal Regional Eleitoral), art. 123 (Superior Tribunal Militar) e 124 (Ju\u00edzes(as) Militares Federais), art. 125 (Tribunais de Justi\u00e7a estaduais e Ju\u00edzes(as) estaduais).<\/p>\n\n\n\n<p>No que interesses ao presente texto, cabe distinguir o papel ou, em outras palavras a fun\u00e7\u00e3o da Justi\u00e7a Eleitoral, composta pelo Tribunal Superior Eleitoral, pelo Tribunal Regional Eleitoral e pelos Ju\u00edzes(\u00edzas) estaduais e da Justi\u00e7a Comum, entendida esta como um g\u00eanero que engloba os Tribunais e Ju\u00edzes(\u00edzas) estaduais (Justi\u00e7a Comum estadual), bem como os Ju\u00edzes(\u00edzas) Federais e os Tribunais Regionais Federais (Justi\u00e7a Comum Federal).<\/p>\n\n\n\n<p>Em linguagem t\u00e9cnico-jur\u00eddica, essa fun\u00e7\u00e3o de cada \u00f3rg\u00e3o do Poder Judici\u00e1rio recebe a nomenclatura de compet\u00eancia, sendo fixada tamb\u00e9m constitucionalmente, em termos gerais, da seguinte forma:<\/p>\n\n\n\n<ul class=\"wp-block-list\">\n<li> Justi\u00e7a Eleitoral: Art. 121 da CF\/88. \u201cLei complementar dispor\u00e1 sobre a organiza\u00e7\u00e3o e compet\u00eancia dos tribunais, dos ju\u00edzes de direito e das juntas eleitorais\u201d.<\/li>\n\n\n\n<li>\u00a0Justi\u00e7a Comum Federal: Art. 109 da CF\/88. \u201cAos ju\u00edzes federais compete processar e julgar\u201d [\u2026].<\/li>\n\n\n\n<li>Justi\u00e7a Comum Estadual: compet\u00eancia residual.<\/li>\n<\/ul>\n\n\n\n<p>Sobre a Justi\u00e7a Eleitoral, o Supremo Tribunal Federal definiu que a lei complementar que esmi\u00fa\u00e7a a compet\u00eancia (fun\u00e7\u00e3o) da Justi\u00e7a Eleitoral, atualmente, \u00e9 o C\u00f3digo Eleitoral, \u201crecepcionado como lei material complementar na parte que disciplina a organiza\u00e7\u00e3o e a compet\u00eancia da Justi\u00e7a Eleitoral (art. 121 da Constitui\u00e7\u00e3o de 1988)\u201d (MS 26.604, rel. min. C\u00e1rmen L\u00facia, j. 4-10-2007, P, DJE de 3-10-2008).<\/p>\n\n\n\n<p>Em rela\u00e7\u00e3o \u00e0 Justi\u00e7a Comum Federal, suas compet\u00eancias est\u00e3o delimitadas no pr\u00f3prio texto constitucional, no mencionado art. 109 da Constitucional Federal, segundo o qual, compete aos ju\u00edzes federais:<\/p>\n\n\n\n<ul class=\"wp-block-list\">\n<li>I \u2013 as causas em que a Uni\u00e3o, entidade aut\u00e1rquica ou empresa p\u00fablica federal forem interessadas na condi\u00e7\u00e3o de autoras, r\u00e9s, assistentes ou oponentes, exceto as de fal\u00eancia, as de acidentes de trabalho e as sujeitas \u00e0 Justi\u00e7a Eleitoral e \u00e0 Justi\u00e7a do Trabalho;<\/li>\n\n\n\n<li>II \u2013 as causas entre Estado estrangeiro ou organismo internacional e Munic\u00edpio ou pessoa domiciliada ou residente no Pa\u00eds;<\/li>\n\n\n\n<li>III \u2013 as causas fundadas em tratado ou contrato da Uni\u00e3o com Estado estrangeiro ou organismo internacional;<\/li>\n\n\n\n<li>IV \u2013 os crimes pol\u00edticos e as infra\u00e7\u00f5es penais praticadas em detrimento de bens, servi\u00e7os ou interesse da Uni\u00e3o ou de suas entidades aut\u00e1rquicas ou empresas p\u00fablicas, exclu\u00eddas as contraven\u00e7\u00f5es e ressalvada a compet\u00eancia da Justi\u00e7a Militar e da Justi\u00e7a Eleitoral;<\/li>\n\n\n\n<li>V \u2013 os crimes previstos em tratado ou conven\u00e7\u00e3o internacional, quando, iniciada a execu\u00e7\u00e3o no Pa\u00eds, o resultado tenha ou devesse ter ocorrido no estrangeiro, ou reciprocamente;<\/li>\n\n\n\n<li>V-A as causas relativas a direitos humanos a que se refere o \u00a7 5\u00ba deste artigo;\u00a0<\/li>\n\n\n\n<li>VI \u2013 os crimes contra a organiza\u00e7\u00e3o do trabalho e, nos casos determinados por lei, contra o sistema financeiro e a ordem econ\u00f4mico-financeira;<\/li>\n\n\n\n<li>VII \u2013 os habeas corpus , em mat\u00e9ria criminal de sua compet\u00eancia ou quando o constrangimento provier de autoridade cujos atos n\u00e3o estejam diretamente sujeitos a outra jurisdi\u00e7\u00e3o;<\/li>\n\n\n\n<li>VIII \u2013 os mandados de seguran\u00e7a e os habeas data contra ato de autoridade federal, excetuados os casos de compet\u00eancia dos tribunais federais;<\/li>\n\n\n\n<li>IX \u2013 os crimes cometidos a bordo de navios ou aeronaves, ressalvada a compet\u00eancia da Justi\u00e7a Militar;<\/li>\n\n\n\n<li>X \u2013 os crimes de ingresso ou perman\u00eancia irregular de estrangeiro, a execu\u00e7\u00e3o de carta rogat\u00f3ria, ap\u00f3s o \u201cexequatur\u201d, e de senten\u00e7a estrangeira, ap\u00f3s a homologa\u00e7\u00e3o, as causas referentes \u00e0 nacionalidade, inclusive a respectiva op\u00e7\u00e3o, e \u00e0 naturaliza\u00e7\u00e3o;<\/li>\n\n\n\n<li>XI \u2013 a disputa sobre direitos ind\u00edgenas.<\/li>\n<\/ul>\n\n\n\n<p>Acerca da Justi\u00e7a Comum Estadual, \u00e9 de sua compet\u00eancia toda a mat\u00e9ria jur\u00eddica que n\u00e3o for atribui\u00e7\u00e3o de um \u00f3rg\u00e3o especializado ou superior do Poder Judici\u00e1rio (Justi\u00e7a do Trabalho, Justi\u00e7a Eleitoral, Justi\u00e7a Militar Federal, Supremo Tribunal Federal e Superior Tribunal de Justi\u00e7a), nem da Justi\u00e7a Comum Federal.<\/p>\n\n\n\n<p>Ocorre que h\u00e1 assuntos jur\u00eddicos ou situa\u00e7\u00f5es envolvendo alguma lide que tangenciam as fun\u00e7\u00f5es ou a compet\u00eancia de mais de um \u00f3rg\u00e3o do Poder Judici\u00e1rio, o que gera um conflito de compet\u00eancias entre os mencionados componentes do Judici\u00e1rio.<\/p>\n\n\n\n<p>Tais conflitos, por disposi\u00e7\u00f5es expressas da Constitui\u00e7\u00e3o Federal, devem ser resolvidos tamb\u00e9m por um \u00f3rg\u00e3o do Poder Judici\u00e1rio. No presente texto, analisaremos especificamente o conflito havido entre a compet\u00eancia da Justi\u00e7a Eleitoral e a da Justi\u00e7a Comum, seja Justi\u00e7a Comum Estadual ou Justi\u00e7a Comum Federal, o qual, como regra, deve ser resolvido pelo Superior Tribunal de Justi\u00e7a (STJ), nos termos do art. 105, I, \u201cd\u201d, da Constitucional Federal, exceto se envolver o pr\u00f3prio Tribunal Superior Eleitoral, caso em que caber\u00e1 ao Supremo Tribunal Federal solucionar:<\/p>\n\n\n\n<blockquote class=\"wp-block-quote is-layout-flow wp-block-quote-is-layout-flow\">\n<p>Art. 105. Compete ao Superior Tribunal de Justi\u00e7a:<\/p>\n\n\n\n<p>I \u2013 processar e julgar, originariamente:<\/p>\n\n\n\n<p>d) os conflitos de compet\u00eancia entre quaisquer tribunais, ressalvado o disposto no art. 102, I, \u201co\u201d, bem como entre tribunal e ju\u00edzes a ele n\u00e3o vinculados e entre ju\u00edzes vinculados a tribunais diversos;<\/p>\n\n\n\n<p>Art. 102. Compete ao Supremo Tribunal Federal, precipuamente, a guarda da Constitui\u00e7\u00e3o, cabendo-lhe:<\/p>\n\n\n\n<p>I \u2013 processar e julgar, originariamente:<\/p>\n\n\n\n<p>o) os conflitos de compet\u00eancia entre o Superior Tribunal de Justi\u00e7a e quaisquer tribunais, entre Tribunais Superiores, ou entre estes e qualquer outro tribunal;<\/p>\n<\/blockquote>\n\n\n\n<p>Para os fins do presente texto, vamos analisar especificamente entendimentos do Superior Tribunal de Justi\u00e7a sobre a compet\u00eancia da Justi\u00e7a Eleitoral, relacionada a pretens\u00e3o de danos morais e ao julgamento da AIME.<\/p>\n\n\n\n<h2 class=\"wp-block-heading\" id=\"h-competencia-da-justica-eleitoral-danos-morais-na-propaganda-eleitoral\"><span id=\"competencia-da-justica-eleitoral-danos-morais-na-propaganda-eleitoral\"><strong>Compet\u00eancia da Justi\u00e7a Eleitoral: Danos morais na propaganda eleitoral<\/strong><\/span><\/h2>\n\n\n\n<p>Um interessante caso analisado pelo STJ, em que se discutiu a compet\u00eancia da Justi\u00e7a Eleitoral, envolveu uma a\u00e7\u00e3o cautelar e uma a\u00e7\u00e3o indenizat\u00f3ria por danos morais ajuizada por um candidato \u00e0 Prefeitura de determinado munic\u00edpio contra os supostos respons\u00e1veis, que <strong>n\u00e3o<\/strong> eram candidatos, pela publica\u00e7\u00e3o de panfletos depreciativos de sua imagem, durante o per\u00edodo de propaganda eleitoral.<\/p>\n\n\n\n<p>A Justi\u00e7a Eleitoral considerou-se incompetente porque os r\u00e9us n\u00e3o eram candidatos, partidos ou coliga\u00e7\u00f5es.<\/p>\n\n\n\n<p>O juiz estadual tamb\u00e9m afastou sua compet\u00eancia, uma vez que a causa de pedir da a\u00e7\u00e3o seria a pr\u00e1tica de propaganda eleitoral.<\/p>\n\n\n\n<p>O Superior Tribunal de Justi\u00e7a concordou com o Ju\u00edzo Comum e reconheceu a compet\u00eancia da Justi\u00e7a Eleitoral para processar e julgar a referida a\u00e7\u00e3o, visto que os questionados panfletos possu\u00edam n\u00edtida finalidade eleitoral, sendo que a a\u00e7\u00e3o cautelar objetivava justi\u00e7a afastar os efeitos negativos que os mencionados impressos poderiam ocasionar \u00e0 campanha eleitoral do ent\u00e3o candidato (<a href=\"https:\/\/processo.stj.jus.br\/SCON\/GetInteiroTeorDoAcordao?num_registro=200401413720&dt_publicacao=23\/05\/2005\">CC n. 46.616\/MG, relator Ministro Jos\u00e9 Delgado, Primeira Se\u00e7\u00e3o, julgado em 13\/4\/2005, DJ de 23\/5\/2005, p. 134<\/a>).<\/p>\n\n\n\n<h2 class=\"wp-block-heading\" id=\"h-acao-de-impugnacao-de-mandato-eletivo\"><span id=\"acao-de-impugnacao-de-mandato-eletivo\"><strong>A\u00e7\u00e3o de Impugna\u00e7\u00e3o de Mandato Eletivo<\/strong><\/span><\/h2>\n\n\n\n<p>\u00c9 sabido que o Superior Tribunal de Justi\u00e7a, bem como o Supremo Tribunal Federal, de longa data, possuem entendimento segundo o qual a compet\u00eancia da Justi\u00e7a Eleitoral finda com a diploma\u00e7\u00e3o dos candidatos vencedores nas elei\u00e7\u00f5es.<\/p>\n\n\n\n<p>Como exemplos, podemos citar:<\/p>\n\n\n\n<ul class=\"wp-block-list\">\n<li>\u00a0Justi\u00e7a Eleitoral. Com a diploma\u00e7\u00e3o dos eleitos, cessa a compet\u00eancia da Justi\u00e7a Eleitoral. Os processos relativos aos fatos previstos do Dec.-lei 201\/67 s\u00e3o compet\u00eancia da Justi\u00e7a Comum.(CJ 5823, Relator(a): OSWALDO TRIGUEIRO, Tribunal Pleno, julgado em 27-09-1972, DJ 27-10-1972 PP-07377\u00a0 EMENT VOL-00891-01 PP-00012).<\/li>\n<\/ul>\n\n\n\n<ul class=\"wp-block-list\">\n<li>CONFLITO DE COMPET\u00caNCIA. A\u00c7\u00c3O CONTRA PREFEITO MUNICIPAL. DANOS AO PATRIM\u00d4NIO P\u00daBLICO. COMPET\u00caNCIA DA JUSTI\u00c7A COMUM DO ESTADO E N\u00c3O DA JUSTI\u00c7A ELEITORAL. TRATANDO-SE DE A\u00c7\u00c3O CIVIL P\u00daBLICA, AJUIZADA PELO REPRESENTANTE DO MINIST\u00c9RIO P\u00daBLICO CONTRA O PREFEITO MUNICIPAL NO PLENO EXERC\u00cdCIO DAS SUAS FUN\u00c7\u00d5ES, PARA AS QUAIS FOI REGULARMENTE ELEITO, SOB A ACUSA\u00c7\u00c3O DE ESTAR FAZENDO PROMO\u00c7\u00c3O PESSOAL, UTILIZANDO-SE DOS RECURSOS P\u00daBLICOS, A COMPET\u00caNCIA E DA JUSTI\u00c7A ESTADUAL. UMA VEZ EXAURIDA A COMPET\u00caNCIA DA JUSTI\u00c7A ELEITORAL, COM A DIPLOMA\u00c7\u00c3O DOS ELEITOS, A MAT\u00c9RIA N\u00c3O \u00c9 MAIS DE CAR\u00c1TER ELEITORAL, MAS DE ORDEM ADMINISTRATIVA, SENDO OS ATOS, QUE BUSCAM REPARA\u00c7\u00c3O DE DANOS CAUSADOS AO PATRIM\u00d4NIO P\u00daBLICO, PRATICADOS PELO ADMINISTRADOR E N\u00c3O POR CANDIDATO. (CC n. 3.170\/CE, relator Ministro Garcia Vieira, relator para ac\u00f3rd\u00e3o Ministro H\u00e9lio Mosimann, Primeira Se\u00e7\u00e3o, julgado em 8\/6\/1993, DJ de 27\/9\/1993, p. 1970).<\/li>\n<\/ul>\n\n\n\n<p>Essa orienta\u00e7\u00e3o, contudo, foi de encontro a uma novidade estabelecida pela Constitui\u00e7\u00e3o Federal de 1988, constituidora da chamada \u201ca\u00e7\u00e3o de impugna\u00e7\u00e3o de mandato eletivo\u201d, prevista no art. 14, \u00a7 10, da CF\/88.<\/p>\n\n\n\n<p>Segundo tal norma constitucional, \u201cO mandato eletivo poder\u00e1 ser impugnado ante a Justi\u00e7a Eleitoral no prazo de quinze dias contados da diploma\u00e7\u00e3o, instru\u00edda a a\u00e7\u00e3o com provas de abuso do poder econ\u00f4mico, corrup\u00e7\u00e3o ou fraude\u201d.<\/p>\n\n\n\n<p>Com base na jurisprud\u00eancia at\u00e9 ent\u00e3o predominante no STJ e no STF, alguns ju\u00edzes eleitorais estavam entendendo que a novel forma de oposi\u00e7\u00e3o aos mandat\u00e1rios pol\u00edticos seria de compet\u00eancia da Justi\u00e7a Comum estadual, em que pese a literalidade da norma constitucional, visto que o prazo para o ajuizamento da a\u00e7\u00e3o seria iniciado e findaria ap\u00f3s a diploma\u00e7\u00e3o dos eleitos.<\/p>\n\n\n\n<p>Mesmo com a disposi\u00e7\u00e3o expressa da Constitucional, a mencionada discuss\u00e3o ganhou repercuss\u00e3o e teve ser que resolvida pelo Superior Tribunal de Justi\u00e7a, mediante conflito de compet\u00eancia, no qual a Corte da Cidadania (STJ) fez valer a literalidade da regra constitucional, ao afirmar que \u201cCompete \u00e0 Justi\u00e7a Eleitoral processar e julgar a a\u00e7\u00e3o de impugna\u00e7\u00e3o de mandato eletivo proposta dentro do prazo de quinze dias, previsto pela Constitui\u00e7\u00e3o Federal, no \u00a7 10 do art. 14\u201d (<a href=\"https:\/\/processo.stj.jus.br\/SCON\/GetInteiroTeorDoAcordao?num_registro=200200016119&dt_publicacao=03\/06\/2002\">CC n. 34.316\/CE, relator Ministro Garcia Vieira, Primeira Se\u00e7\u00e3o, julgado em 9\/5\/2002, DJ de 3\/6\/2002, p. 139<\/a>).<\/p>\n\n\n\n<p>Assim encerramos a quarta parte da s\u00e9rie de artigos sobre a compet\u00eancia da Justi\u00e7a Eleitoral na jurisprud\u00eancia dos Tribunais Superiores, abordando o julgamento de danos morais ocorridos na campanha pol\u00edtica e da a\u00e7\u00e3o de impugna\u00e7\u00e3o a mandato eletivo. Esperamos que esse rol exemplificativo de casos seja \u00fatil para estudos e revis\u00f5es. Para maiores detalhes, os ac\u00f3rd\u00e3os dos julgados citados est\u00e3o dispon\u00edveis por meio dos links constantes do texto e caso saibam de mais algum julgado interessante na jurisprud\u00eancia brasileira sobre o tema, podem citar nos coment\u00e1rios.<\/p>\n\n\n\n<p class=\"has-text-align-center\"><strong>Quer estudar para Carreiras Jur\u00eddicas?<\/strong><\/p>\n\n\n\n<p><a href=\"https:\/\/cj.estrategia.com\/portal\/concursos-abertos-carreiras-juridicas\/\" target=\"_blank\" >Concursos abertos<\/a><\/p>\n\n\n\n<p><a href=\"https:\/\/cj.estrategia.com\/portal\/concursos-2023-carreiras-juridicas\/\" target=\"_blank\" >Concursos 2023<\/a><\/p>\n\n\n\n<p><a href=\"https:\/\/cj.estrategia.com\/portal\/concursos-2024-carreiras-juridicas\/\" target=\"_blank\" >Concursos 2024<\/a><\/p>\n","protected":false},"excerpt":{"rendered":"Justi\u00e7a Eleitoral.\n","protected":false},"author":55,"featured_media":64046,"comment_status":"open","ping_status":"open","sticky":false,"template":"","format":"standard","meta":{"_jetpack_memberships_contains_paid_content":false,"footnotes":""},"categories":[1],"tags":[84,83,177,176],"tax_estado":[30,31,32,33,34,35,36,37,38,39,40,41,42,43,44,45,46,47,48,49,50,51,52,53,54,55,56,57],"class_list":{"0":"post-66165","1":"post","2":"type-post","3":"status-publish","4":"format-standard","5":"has-post-thumbnail","7":"category-carreiras-juridicas","8":"tag-carreira-juridica","9":"tag-concursos-juridicos","10":"tag-justica-eleitoral","11":"tag-tse","12":"tax_estado-ac","13":"tax_estado-al","14":"tax_estado-am","15":"tax_estado-ap","16":"tax_estado-ba","17":"tax_estado-ce","18":"tax_estado-concursos-federais","19":"tax_estado-df","20":"tax_estado-es","21":"tax_estado-go","22":"tax_estado-ma","23":"tax_estado-mg","24":"tax_estado-ms","25":"tax_estado-mt","26":"tax_estado-pa","27":"tax_estado-pb","28":"tax_estado-pe","29":"tax_estado-pi","30":"tax_estado-pr","31":"tax_estado-rj","32":"tax_estado-rn","33":"tax_estado-ro","34":"tax_estado-rr","35":"tax_estado-rs","36":"tax_estado-sc","37":"tax_estado-se","38":"tax_estado-sp","39":"tax_estado-to"},"acf":[],"yoast_head":"<!-- This site is optimized with the Yoast SEO Premium plugin v27.5 (Yoast SEO v27.5) - https:\/\/yoast.com\/product\/yoast-seo-premium-wordpress\/ -->\n<title>A compet\u00eancia da Justi\u00e7a Eleitoral: danos morais e AIME<\/title>\n<meta name=\"description\" content=\"An\u00e1lise sobre a compet\u00eancia da Justi\u00e7a Eleitoral, segundo a jurisprud\u00eancia , abordando a quest\u00e3o dos danos morais e da AIME.\" \/>\n<meta name=\"robots\" content=\"index, follow, max-snippet:-1, max-image-preview:large, max-video-preview:-1\" \/>\n<link rel=\"canonical\" href=\"https:\/\/cj.estrategia.com\/portal\/competencia-justica-eleitoral-danos\/\" \/>\n<meta property=\"og:locale\" content=\"pt_BR\" \/>\n<meta property=\"og:type\" content=\"article\" \/>\n<meta property=\"og:title\" content=\"A compet\u00eancia da Justi\u00e7a Eleitoral: danos morais e AIME\" \/>\n<meta property=\"og:description\" content=\"An\u00e1lise sobre a compet\u00eancia da Justi\u00e7a Eleitoral, segundo a jurisprud\u00eancia , abordando a quest\u00e3o dos danos morais e da AIME.\" \/>\n<meta property=\"og:url\" content=\"https:\/\/cj.estrategia.com\/portal\/competencia-justica-eleitoral-danos\/\" \/>\n<meta property=\"og:site_name\" content=\"Blog - Carreiras Jur\u00eddicas - Estrat\u00e9gia\" \/>\n<meta property=\"article:publisher\" content=\"https:\/\/www.facebook.com\/estrategiacarreirajuridica\/\" \/>\n<meta property=\"article:published_time\" content=\"2024-07-06T14:00:00+00:00\" \/>\n<meta property=\"og:image\" content=\"https:\/\/cj.estrategia.com\/portal\/wp-content\/uploads\/2024\/05\/24054518\/00c75370-fcc5-4071-9c68-43fffbb8ad54.jpeg\" \/>\n\t<meta property=\"og:image:width\" content=\"620\" \/>\n\t<meta property=\"og:image:height\" content=\"300\" \/>\n\t<meta property=\"og:image:type\" content=\"image\/jpeg\" \/>\n<meta name=\"author\" content=\"Jose Mendes Lima Aguiar\" \/>\n<meta name=\"twitter:card\" content=\"summary_large_image\" \/>\n<meta name=\"twitter:creator\" content=\"@EstratJuridica\" \/>\n<meta name=\"twitter:site\" content=\"@EstratJuridica\" \/>\n<meta name=\"twitter:label1\" content=\"Escrito por\" \/>\n\t<meta name=\"twitter:data1\" content=\"Jose Mendes Lima Aguiar\" \/>\n\t<meta name=\"twitter:label2\" content=\"Est. tempo de leitura\" \/>\n\t<meta name=\"twitter:data2\" content=\"10 minutos\" \/>\n<script type=\"application\/ld+json\" class=\"yoast-schema-graph\">{\"@context\":\"https:\\\/\\\/schema.org\",\"@graph\":[{\"@type\":\"NewsArticle\",\"@id\":\"https:\\\/\\\/cj.estrategia.com\\\/portal\\\/competencia-justica-eleitoral-danos\\\/#article\",\"isPartOf\":{\"@id\":\"https:\\\/\\\/cj.estrategia.com\\\/portal\\\/competencia-justica-eleitoral-danos\\\/\"},\"author\":{\"name\":\"Jose Mendes Lima Aguiar\",\"@id\":\"https:\\\/\\\/cj.estrategia.com\\\/portal\\\/#\\\/schema\\\/person\\\/771b883c8ee8ccd97e579a50988db032\"},\"headline\":\"A compet\u00eancia da Justi\u00e7a Eleitoral: danos morais e AIME\",\"datePublished\":\"2024-07-06T14:00:00+00:00\",\"mainEntityOfPage\":{\"@id\":\"https:\\\/\\\/cj.estrategia.com\\\/portal\\\/competencia-justica-eleitoral-danos\\\/\"},\"wordCount\":1951,\"commentCount\":0,\"publisher\":{\"@id\":\"https:\\\/\\\/cj.estrategia.com\\\/portal\\\/#organization\"},\"image\":{\"@id\":\"https:\\\/\\\/cj.estrategia.com\\\/portal\\\/competencia-justica-eleitoral-danos\\\/#primaryimage\"},\"thumbnailUrl\":\"https:\\\/\\\/cj.estrategia.com\\\/portal\\\/wp-content\\\/uploads\\\/2024\\\/05\\\/24054518\\\/00c75370-fcc5-4071-9c68-43fffbb8ad54.jpeg\",\"keywords\":[\"carreira jur\u00eddica\",\"concursos jur\u00eddicos\",\"justi\u00e7a eleitoral\",\"tse\"],\"articleSection\":[\"Carreiras Jur\u00eddicas\"],\"inLanguage\":\"pt-BR\",\"potentialAction\":[{\"@type\":\"CommentAction\",\"name\":\"Comment\",\"target\":[\"https:\\\/\\\/cj.estrategia.com\\\/portal\\\/competencia-justica-eleitoral-danos\\\/#respond\"]}]},{\"@type\":\"WebPage\",\"@id\":\"https:\\\/\\\/cj.estrategia.com\\\/portal\\\/competencia-justica-eleitoral-danos\\\/\",\"url\":\"https:\\\/\\\/cj.estrategia.com\\\/portal\\\/competencia-justica-eleitoral-danos\\\/\",\"name\":\"A compet\u00eancia da Justi\u00e7a Eleitoral: danos morais e AIME\",\"isPartOf\":{\"@id\":\"https:\\\/\\\/cj.estrategia.com\\\/portal\\\/#website\"},\"primaryImageOfPage\":{\"@id\":\"https:\\\/\\\/cj.estrategia.com\\\/portal\\\/competencia-justica-eleitoral-danos\\\/#primaryimage\"},\"image\":{\"@id\":\"https:\\\/\\\/cj.estrategia.com\\\/portal\\\/competencia-justica-eleitoral-danos\\\/#primaryimage\"},\"thumbnailUrl\":\"https:\\\/\\\/cj.estrategia.com\\\/portal\\\/wp-content\\\/uploads\\\/2024\\\/05\\\/24054518\\\/00c75370-fcc5-4071-9c68-43fffbb8ad54.jpeg\",\"datePublished\":\"2024-07-06T14:00:00+00:00\",\"description\":\"An\u00e1lise sobre a compet\u00eancia da Justi\u00e7a Eleitoral, segundo a jurisprud\u00eancia , abordando a quest\u00e3o dos danos morais e da AIME.\",\"breadcrumb\":{\"@id\":\"https:\\\/\\\/cj.estrategia.com\\\/portal\\\/competencia-justica-eleitoral-danos\\\/#breadcrumb\"},\"inLanguage\":\"pt-BR\",\"potentialAction\":[{\"@type\":\"ReadAction\",\"target\":[\"https:\\\/\\\/cj.estrategia.com\\\/portal\\\/competencia-justica-eleitoral-danos\\\/\"]}]},{\"@type\":\"ImageObject\",\"inLanguage\":\"pt-BR\",\"@id\":\"https:\\\/\\\/cj.estrategia.com\\\/portal\\\/competencia-justica-eleitoral-danos\\\/#primaryimage\",\"url\":\"https:\\\/\\\/cj.estrategia.com\\\/portal\\\/wp-content\\\/uploads\\\/2024\\\/05\\\/24054518\\\/00c75370-fcc5-4071-9c68-43fffbb8ad54.jpeg\",\"contentUrl\":\"https:\\\/\\\/cj.estrategia.com\\\/portal\\\/wp-content\\\/uploads\\\/2024\\\/05\\\/24054518\\\/00c75370-fcc5-4071-9c68-43fffbb8ad54.jpeg\",\"width\":620,\"height\":300,\"caption\":\"Campanha Eleitoral\"},{\"@type\":\"BreadcrumbList\",\"@id\":\"https:\\\/\\\/cj.estrategia.com\\\/portal\\\/competencia-justica-eleitoral-danos\\\/#breadcrumb\",\"itemListElement\":[{\"@type\":\"ListItem\",\"position\":1,\"name\":\"In\u00edcio\",\"item\":\"https:\\\/\\\/cj.estrategia.com\\\/portal\\\/\"},{\"@type\":\"ListItem\",\"position\":2,\"name\":\"A compet\u00eancia da Justi\u00e7a Eleitoral: danos morais e AIME\"}]},{\"@type\":\"WebSite\",\"@id\":\"https:\\\/\\\/cj.estrategia.com\\\/portal\\\/#website\",\"url\":\"https:\\\/\\\/cj.estrategia.com\\\/portal\\\/\",\"name\":\"Blog - Carreiras Jur\u00eddicas - Estrat\u00e9gia\",\"description\":\"\",\"publisher\":{\"@id\":\"https:\\\/\\\/cj.estrategia.com\\\/portal\\\/#organization\"},\"potentialAction\":[{\"@type\":\"SearchAction\",\"target\":{\"@type\":\"EntryPoint\",\"urlTemplate\":\"https:\\\/\\\/cj.estrategia.com\\\/portal\\\/?s={search_term_string}\"},\"query-input\":{\"@type\":\"PropertyValueSpecification\",\"valueRequired\":true,\"valueName\":\"search_term_string\"}}],\"inLanguage\":\"pt-BR\"},{\"@type\":\"Organization\",\"@id\":\"https:\\\/\\\/cj.estrategia.com\\\/portal\\\/#organization\",\"name\":\"Estrat\u00e9gia - Carreiras Jur\u00eddicas\",\"url\":\"https:\\\/\\\/cj.estrategia.com\\\/portal\\\/\",\"logo\":{\"@type\":\"ImageObject\",\"inLanguage\":\"pt-BR\",\"@id\":\"https:\\\/\\\/cj.estrategia.com\\\/portal\\\/#\\\/schema\\\/logo\\\/image\\\/\",\"url\":\"https:\\\/\\\/cj.estrategia.com\\\/portal\\\/wp-content\\\/uploads\\\/2022\\\/03\\\/11151052\\\/cj-logo.png\",\"contentUrl\":\"https:\\\/\\\/cj.estrategia.com\\\/portal\\\/wp-content\\\/uploads\\\/2022\\\/03\\\/11151052\\\/cj-logo.png\",\"width\":150,\"height\":39,\"caption\":\"Estrat\u00e9gia - Carreiras Jur\u00eddicas\"},\"image\":{\"@id\":\"https:\\\/\\\/cj.estrategia.com\\\/portal\\\/#\\\/schema\\\/logo\\\/image\\\/\"},\"sameAs\":[\"https:\\\/\\\/www.facebook.com\\\/estrategiacarreirajuridica\\\/\",\"https:\\\/\\\/x.com\\\/EstratJuridica\",\"https:\\\/\\\/www.instagram.com\\\/estrategiacarreirajuridica\\\/\",\"https:\\\/\\\/www.youtube.com\\\/channel\\\/UClbMGuYbj2Mh1m3w144ETWQ\"]},{\"@type\":\"Person\",\"@id\":\"https:\\\/\\\/cj.estrategia.com\\\/portal\\\/#\\\/schema\\\/person\\\/771b883c8ee8ccd97e579a50988db032\",\"name\":\"Jose Mendes Lima Aguiar\",\"image\":{\"@type\":\"ImageObject\",\"inLanguage\":\"pt-BR\",\"@id\":\"https:\\\/\\\/secure.gravatar.com\\\/avatar\\\/9de6360b81109e7efcabd12f27cceb9f2aaa24687eff693fcfce9d1ac42b44a4?s=96&d=mm&r=g\",\"url\":\"https:\\\/\\\/secure.gravatar.com\\\/avatar\\\/9de6360b81109e7efcabd12f27cceb9f2aaa24687eff693fcfce9d1ac42b44a4?s=96&d=mm&r=g\",\"contentUrl\":\"https:\\\/\\\/secure.gravatar.com\\\/avatar\\\/9de6360b81109e7efcabd12f27cceb9f2aaa24687eff693fcfce9d1ac42b44a4?s=96&d=mm&r=g\",\"caption\":\"Jose Mendes Lima Aguiar\"},\"url\":\"https:\\\/\\\/cj.estrategia.com\\\/portal\\\/author\\\/jose-mendes\\\/\"}]}<\/script>\n<!-- \/ Yoast SEO Premium plugin. -->","yoast_head_json":{"title":"A compet\u00eancia da Justi\u00e7a Eleitoral: danos morais e AIME","description":"An\u00e1lise sobre a compet\u00eancia da Justi\u00e7a Eleitoral, segundo a jurisprud\u00eancia , abordando a quest\u00e3o dos danos morais e da AIME.","robots":{"index":"index","follow":"follow","max-snippet":"max-snippet:-1","max-image-preview":"max-image-preview:large","max-video-preview":"max-video-preview:-1"},"canonical":"https:\/\/cj.estrategia.com\/portal\/competencia-justica-eleitoral-danos\/","og_locale":"pt_BR","og_type":"article","og_title":"A compet\u00eancia da Justi\u00e7a Eleitoral: danos morais e AIME","og_description":"An\u00e1lise sobre a compet\u00eancia da Justi\u00e7a Eleitoral, segundo a jurisprud\u00eancia , abordando a quest\u00e3o dos danos morais e da AIME.","og_url":"https:\/\/cj.estrategia.com\/portal\/competencia-justica-eleitoral-danos\/","og_site_name":"Blog - Carreiras Jur\u00eddicas - Estrat\u00e9gia","article_publisher":"https:\/\/www.facebook.com\/estrategiacarreirajuridica\/","article_published_time":"2024-07-06T14:00:00+00:00","og_image":[{"width":620,"height":300,"url":"https:\/\/cj.estrategia.com\/portal\/wp-content\/uploads\/2024\/05\/24054518\/00c75370-fcc5-4071-9c68-43fffbb8ad54.jpeg","type":"image\/jpeg"}],"author":"Jose Mendes Lima Aguiar","twitter_card":"summary_large_image","twitter_creator":"@EstratJuridica","twitter_site":"@EstratJuridica","twitter_misc":{"Escrito por":"Jose Mendes Lima Aguiar","Est. tempo de leitura":"10 minutos"},"schema":{"@context":"https:\/\/schema.org","@graph":[{"@type":"NewsArticle","@id":"https:\/\/cj.estrategia.com\/portal\/competencia-justica-eleitoral-danos\/#article","isPartOf":{"@id":"https:\/\/cj.estrategia.com\/portal\/competencia-justica-eleitoral-danos\/"},"author":{"name":"Jose Mendes Lima Aguiar","@id":"https:\/\/cj.estrategia.com\/portal\/#\/schema\/person\/771b883c8ee8ccd97e579a50988db032"},"headline":"A compet\u00eancia da Justi\u00e7a Eleitoral: danos morais e AIME","datePublished":"2024-07-06T14:00:00+00:00","mainEntityOfPage":{"@id":"https:\/\/cj.estrategia.com\/portal\/competencia-justica-eleitoral-danos\/"},"wordCount":1951,"commentCount":0,"publisher":{"@id":"https:\/\/cj.estrategia.com\/portal\/#organization"},"image":{"@id":"https:\/\/cj.estrategia.com\/portal\/competencia-justica-eleitoral-danos\/#primaryimage"},"thumbnailUrl":"https:\/\/cj.estrategia.com\/portal\/wp-content\/uploads\/2024\/05\/24054518\/00c75370-fcc5-4071-9c68-43fffbb8ad54.jpeg","keywords":["carreira jur\u00eddica","concursos jur\u00eddicos","justi\u00e7a eleitoral","tse"],"articleSection":["Carreiras Jur\u00eddicas"],"inLanguage":"pt-BR","potentialAction":[{"@type":"CommentAction","name":"Comment","target":["https:\/\/cj.estrategia.com\/portal\/competencia-justica-eleitoral-danos\/#respond"]}]},{"@type":"WebPage","@id":"https:\/\/cj.estrategia.com\/portal\/competencia-justica-eleitoral-danos\/","url":"https:\/\/cj.estrategia.com\/portal\/competencia-justica-eleitoral-danos\/","name":"A compet\u00eancia da Justi\u00e7a Eleitoral: danos morais e AIME","isPartOf":{"@id":"https:\/\/cj.estrategia.com\/portal\/#website"},"primaryImageOfPage":{"@id":"https:\/\/cj.estrategia.com\/portal\/competencia-justica-eleitoral-danos\/#primaryimage"},"image":{"@id":"https:\/\/cj.estrategia.com\/portal\/competencia-justica-eleitoral-danos\/#primaryimage"},"thumbnailUrl":"https:\/\/cj.estrategia.com\/portal\/wp-content\/uploads\/2024\/05\/24054518\/00c75370-fcc5-4071-9c68-43fffbb8ad54.jpeg","datePublished":"2024-07-06T14:00:00+00:00","description":"An\u00e1lise sobre a compet\u00eancia da Justi\u00e7a Eleitoral, segundo a jurisprud\u00eancia , abordando a quest\u00e3o dos danos morais e da AIME.","breadcrumb":{"@id":"https:\/\/cj.estrategia.com\/portal\/competencia-justica-eleitoral-danos\/#breadcrumb"},"inLanguage":"pt-BR","potentialAction":[{"@type":"ReadAction","target":["https:\/\/cj.estrategia.com\/portal\/competencia-justica-eleitoral-danos\/"]}]},{"@type":"ImageObject","inLanguage":"pt-BR","@id":"https:\/\/cj.estrategia.com\/portal\/competencia-justica-eleitoral-danos\/#primaryimage","url":"https:\/\/cj.estrategia.com\/portal\/wp-content\/uploads\/2024\/05\/24054518\/00c75370-fcc5-4071-9c68-43fffbb8ad54.jpeg","contentUrl":"https:\/\/cj.estrategia.com\/portal\/wp-content\/uploads\/2024\/05\/24054518\/00c75370-fcc5-4071-9c68-43fffbb8ad54.jpeg","width":620,"height":300,"caption":"Campanha Eleitoral"},{"@type":"BreadcrumbList","@id":"https:\/\/cj.estrategia.com\/portal\/competencia-justica-eleitoral-danos\/#breadcrumb","itemListElement":[{"@type":"ListItem","position":1,"name":"In\u00edcio","item":"https:\/\/cj.estrategia.com\/portal\/"},{"@type":"ListItem","position":2,"name":"A compet\u00eancia da Justi\u00e7a Eleitoral: danos morais e AIME"}]},{"@type":"WebSite","@id":"https:\/\/cj.estrategia.com\/portal\/#website","url":"https:\/\/cj.estrategia.com\/portal\/","name":"Blog - Carreiras Jur\u00eddicas - Estrat\u00e9gia","description":"","publisher":{"@id":"https:\/\/cj.estrategia.com\/portal\/#organization"},"potentialAction":[{"@type":"SearchAction","target":{"@type":"EntryPoint","urlTemplate":"https:\/\/cj.estrategia.com\/portal\/?s={search_term_string}"},"query-input":{"@type":"PropertyValueSpecification","valueRequired":true,"valueName":"search_term_string"}}],"inLanguage":"pt-BR"},{"@type":"Organization","@id":"https:\/\/cj.estrategia.com\/portal\/#organization","name":"Estrat\u00e9gia - Carreiras Jur\u00eddicas","url":"https:\/\/cj.estrategia.com\/portal\/","logo":{"@type":"ImageObject","inLanguage":"pt-BR","@id":"https:\/\/cj.estrategia.com\/portal\/#\/schema\/logo\/image\/","url":"https:\/\/cj.estrategia.com\/portal\/wp-content\/uploads\/2022\/03\/11151052\/cj-logo.png","contentUrl":"https:\/\/cj.estrategia.com\/portal\/wp-content\/uploads\/2022\/03\/11151052\/cj-logo.png","width":150,"height":39,"caption":"Estrat\u00e9gia - Carreiras Jur\u00eddicas"},"image":{"@id":"https:\/\/cj.estrategia.com\/portal\/#\/schema\/logo\/image\/"},"sameAs":["https:\/\/www.facebook.com\/estrategiacarreirajuridica\/","https:\/\/x.com\/EstratJuridica","https:\/\/www.instagram.com\/estrategiacarreirajuridica\/","https:\/\/www.youtube.com\/channel\/UClbMGuYbj2Mh1m3w144ETWQ"]},{"@type":"Person","@id":"https:\/\/cj.estrategia.com\/portal\/#\/schema\/person\/771b883c8ee8ccd97e579a50988db032","name":"Jose Mendes Lima Aguiar","image":{"@type":"ImageObject","inLanguage":"pt-BR","@id":"https:\/\/secure.gravatar.com\/avatar\/9de6360b81109e7efcabd12f27cceb9f2aaa24687eff693fcfce9d1ac42b44a4?s=96&d=mm&r=g","url":"https:\/\/secure.gravatar.com\/avatar\/9de6360b81109e7efcabd12f27cceb9f2aaa24687eff693fcfce9d1ac42b44a4?s=96&d=mm&r=g","contentUrl":"https:\/\/secure.gravatar.com\/avatar\/9de6360b81109e7efcabd12f27cceb9f2aaa24687eff693fcfce9d1ac42b44a4?s=96&d=mm&r=g","caption":"Jose Mendes Lima Aguiar"},"url":"https:\/\/cj.estrategia.com\/portal\/author\/jose-mendes\/"}]}},"jetpack_featured_media_url":"https:\/\/cj.estrategia.com\/portal\/wp-content\/uploads\/2024\/05\/24054518\/00c75370-fcc5-4071-9c68-43fffbb8ad54.jpeg","jetpack_sharing_enabled":true,"_links":{"self":[{"href":"https:\/\/cj.estrategia.com\/portal\/wp-json\/wp\/v2\/posts\/66165","targetHints":{"allow":["GET"]}}],"collection":[{"href":"https:\/\/cj.estrategia.com\/portal\/wp-json\/wp\/v2\/posts"}],"about":[{"href":"https:\/\/cj.estrategia.com\/portal\/wp-json\/wp\/v2\/types\/post"}],"author":[{"embeddable":true,"href":"https:\/\/cj.estrategia.com\/portal\/wp-json\/wp\/v2\/users\/55"}],"replies":[{"embeddable":true,"href":"https:\/\/cj.estrategia.com\/portal\/wp-json\/wp\/v2\/comments?post=66165"}],"version-history":[{"count":0,"href":"https:\/\/cj.estrategia.com\/portal\/wp-json\/wp\/v2\/posts\/66165\/revisions"}],"wp:featuredmedia":[{"embeddable":true,"href":"https:\/\/cj.estrategia.com\/portal\/wp-json\/wp\/v2\/media\/64046"}],"wp:attachment":[{"href":"https:\/\/cj.estrategia.com\/portal\/wp-json\/wp\/v2\/media?parent=66165"}],"wp:term":[{"taxonomy":"category","embeddable":true,"href":"https:\/\/cj.estrategia.com\/portal\/wp-json\/wp\/v2\/categories?post=66165"},{"taxonomy":"post_tag","embeddable":true,"href":"https:\/\/cj.estrategia.com\/portal\/wp-json\/wp\/v2\/tags?post=66165"},{"taxonomy":"tax_estado","embeddable":true,"href":"https:\/\/cj.estrategia.com\/portal\/wp-json\/wp\/v2\/tax_estado?post=66165"}],"curies":[{"name":"wp","href":"https:\/\/api.w.org\/{rel}","templated":true}]}}