{"id":6603,"date":"2022-05-30T17:48:22","date_gmt":"2022-05-30T20:48:22","guid":{"rendered":"https:\/\/cj.estrategia.com\/portal\/?p=6603"},"modified":"2022-05-30T17:50:28","modified_gmt":"2022-05-30T20:50:28","slug":"procurador-age-mg-express","status":"publish","type":"post","link":"https:\/\/cj.estrategia.com\/portal\/procurador-age-mg-express\/","title":{"rendered":"Procurador AGE-MG Express: de 30\/05 a 06\/06! Confira!"},"content":{"rendered":"\n<p class=\"wp-embed-aspect-16-9 wp-has-aspect-ratio\">Os professores Bruno Betti, Tha\u00eds Souza, Igor Maciel Rafaella Barbosa Le\u00e3o\u00a0 Michael de Jesus apresentam entre os dias 30 de maio e 6 de junho de 2022, a partir das 19 horas, a s\u00e9rie &#8220;<em>Procurador AGE-MG Express<\/em>&#8220;, especialmente para voc\u00ea que se interessa pelo certame. Acompanhe, ao vivo e gratuitamente, pelo canal do Estrat\u00e9gia Carreira Jur\u00eddica no YouTube.<\/p>\n\n\n\n<p>Na \u00faltima semana, foi publicado, no Di\u00e1rio Oficial do Estado de Minas Gerais, o extrato do contrato que oficializa a <strong>Funda\u00e7\u00e3o Get\u00falio Vargas<\/strong> (<strong>FGV<\/strong>) <strong>como banca organizadora do novo concurso PGE MG Procurador.<\/strong><\/p>\n\n\n\n<p>De acordo com o Conselho Superior da Advocacia Geral do Estado de Minas Gerais, <strong>ser\u00e3o ofertadas 42 vagas diretas.<\/strong> A remunera\u00e7\u00e3o inicial do cargo \u00e9 de<strong> R$ 21.218,73<\/strong>. Para concorrer, o candidato deve possuir Gradua\u00e7\u00e3o em Direito; inscri\u00e7\u00e3o na OAB e 3 anos de atividade jur\u00eddica.<\/p>\n\n\n\n<h3 class=\"wp-embed-aspect-16-9 wp-has-aspect-ratio wp-block-heading\" id=\"h-procurador-age-mg-express-cronograma\"><span id=\"procurador-age-mg-express-cronograma\">Procurador AGE-MG Express &#8211; Cronograma<\/span><\/h3>\n\n\n\n<p class=\"wp-embed-aspect-16-9 wp-has-aspect-ratio has-luminous-vivid-amber-background-color has-background\"><strong>Data: <\/strong>30 de maio de 2022<strong><br>Hor\u00e1rio: <\/strong>21:00<strong><br>Onde: <\/strong><a href=\"https:\/\/www.youtube.com\/channel\/UClbMGuYbj2Mh1m3w144ETWQ\" target=\"_blank\" ><mark style=\"background-color:rgba(0, 0, 0, 0)\" class=\"has-inline-color has-black-color\">Canal do Estrat\u00e9gia Carreira Jur\u00eddica no Youtube<\/mark><\/a><br><strong>Professores:<\/strong> Bruno Betti, Tha\u00eds Souza, Igor Maciel Rafaella Barbosa Le\u00e3o&nbsp;<\/p>\n\n\n\n<figure class=\"wp-block-embed is-type-video is-provider-youtube wp-block-embed-youtube wp-embed-aspect-16-9 wp-has-aspect-ratio\"><div class=\"wp-block-embed__wrapper\">\n<div class=\"cs-embed cs-embed-responsive\"><iframe title=\"Epis\u00f3dio 1 - AGE MG - Express - O plano definitivo para acelerar a aprova\u00e7\u00e3o!\" width=\"1200\" height=\"675\" src=\"https:\/\/www.youtube.com\/embed\/F7smlLRhryc?feature=oembed\" frameborder=\"0\" allow=\"accelerometer; autoplay; clipboard-write; encrypted-media; gyroscope; picture-in-picture\" allowfullscreen><\/iframe><\/div>\n<\/div><\/figure>\n\n\n\n<h3 class=\"wp-embed-aspect-16-9 wp-has-aspect-ratio wp-block-heading\" id=\"h-procurador-age-mg-express-programacao\"><span id=\"procurador-age-mg-express-programacao\">Procurador AGE-MG Express &#8211; Programa\u00e7\u00e3o<\/span><\/h3>\n\n\n\n<figure class=\"wp-block-table is-style-stripes\"><table class=\"has-very-light-gray-to-cyan-bluish-gray-gradient-background has-background has-fixed-layout\"><tbody><tr><td><strong>Data<\/strong><\/td><td><strong>Dia<\/strong><\/td><td><strong>Hor\u00e1rio<\/strong><\/td><td><strong>Epis\u00f3dio<\/strong><\/td><td><strong>Tema<\/strong><\/td><td><strong>Professores<\/strong><\/td><\/tr><tr><td>30\/05\/22<\/td><td><em>Segunda-feira<\/em><\/td><td>19h<\/td><td>Epis\u00f3dio 1<\/td><td><em>AGE-MG | Express &#8211; <a href=\"https:\/\/www.youtube.com\/watch?v=F7smlLRhryc\" target=\"_blank\" >O plano definitivo para acelerar a aprova\u00e7\u00e3o!<\/a><\/em><\/td><td>Bruno Betti, Tha\u00eds Souza, Igor Maciel Rafaella Barbosa Le\u00e3o&nbsp;<\/td><\/tr><tr><td>31\/05\/22<\/td><td><em>Ter\u00e7a-feira<\/em><\/td><td>19h<\/td><td>Epis\u00f3dio 2<\/td><td><em><a href=\"https:\/\/www.youtube.com\/watch?v=n8-GW_Kv9r0\" target=\"_blank\" >Lei de Improbidade Administrativa para Procuradorias | Teoria e Pr\u00e1tica (Parte I)<\/a><\/em><\/td><td>Igor Maciel <\/td><\/tr><tr><td>01\/06\/22<\/td><td><em>Quarta-feira<\/em><\/td><td>19h <\/td><td>Epis\u00f3dio 3<\/td><td><em><a href=\"https:\/\/www.youtube.com\/watch?v=Qnmyh0g3umQ\" target=\"_blank\" >Lei de Improbidade Administrativa para Procuradorias | Teoria e Pr\u00e1tica (Parte II)<\/a><\/em><\/td><td>Igor Maciel <\/td><\/tr><tr><td>02\/06\/22<\/td><td><em>Quinta-feira<\/em><\/td><td>19h<\/td><td>Epis\u00f3dio 4<\/td><td><em>Procurador AGE-MG &#8211; Do zero ao avan\u00e7ado!<\/em><\/td><td>Bruno Betti e Igor Maciel <\/td><\/tr><tr><td>06\/06\/22<\/td><td><em>Segunda-feira<\/em><\/td><td>19h<\/td><td>Epis\u00f3dio 5<\/td><td><em>Temas quentes para AGE-MG: O que o candidato precisa saber?<\/em><\/td><td>Bruno Betti e Igor Maciel <\/td><\/tr><\/tbody><\/table><\/figure>\n\n\n\n<p class=\"has-text-align-center has-luminous-vivid-amber-background-color has-background has-medium-font-size\"><strong>Mais informa\u00e7\u00f5es, acesse: <a href=\"https:\/\/cj.estrategia.com\/portal\/concurso-pge-mg-procurador\" target=\"_blank\" >Concurso PGE MG Procurador<\/a> <\/strong><\/p>\n\n\n\n<h2 class=\"has-text-align-center wp-block-heading\" id=\"cursos\"><span id=\"quer-saber-tudo-sobre-concursos-previstosconfira-nossos-artigos\">Quer saber tudo sobre concursos previstos?<br><strong>Confira nossos artigos!<\/strong><\/span><\/h2>\n\n\n\n<ul class=\"wp-block-list\"><li><a href=\"https:\/\/cj.estrategia.com\/portal\/concursos-abertos-carreiras-juridicas\/\" target=\"_blank\" >Concursos abertos<\/a><\/li><li><a href=\"https:\/\/cj.estrategia.com\/portal\/concursos-2022-carreira-juridicas\/\" target=\"_blank\" >Concursos 2022<\/a><\/li><\/ul>\n\n\n\n<h2 class=\"has-text-align-center wp-block-heading\" id=\"cursos\"><span id=\"cursos-e-assinaturas\">Cursos e assinaturas<\/span><\/h2>\n\n\n\n<div class=\"container\" id=\"boxes\">\n  <div class=\"row\">\n\n    <div class=\"col-sm\">\n      <div class=\"banner-ecj\" id=\"box-assinatura\">\n        <h3 id=\"curso-para-concurso-pge-mg\" class=\"titulo-assinatura\">Curso para Concurso PGE MG <\/h3>\n        <p class=\"subtitulo-assinatura\">Cursos focados no edital do concurso<\/p>\n        <div class=\"box-botao\">\n          <a class=\"btn-assinatura\" target=\"_blank\" href=\"https:\/\/www.estrategiaconcursos.com.br\/cursosPorConcurso\/pge-mg-procurador-do-estado-de-minas-gerais\/\" role=\"button\" rel=\"noopener noreferrer\">Conhe\u00e7a mais<\/a>\n        <\/div>\n      <\/div>\n      <p class=\"texto-auxiliar\"><\/p>\n    <\/div>\n\n  <\/div>\n<\/div>\n\n\n\n<div class=\"container\" id=\"boxes\">\n  <div class=\"row\">\n\n    <div class=\"col-sm\">\n      <div class=\"banner-ecj\" id=\"box-assinatura\">\n        <h3 id=\"assinatura-juridica\" class=\"titulo-assinatura\">Assinatura Jur\u00eddica <\/h3>\n        <p class=\"subtitulo-assinatura\">Conhe\u00e7a os planos<\/p>\n        <div class=\"box-botao\">\n          <a class=\"btn-assinatura\" target=\"_blank\" href=\"https:\/\/www.estrategiaconcursos.com.br\/assinaturas-ecj\/\" role=\"button\" rel=\"noopener noreferrer\">Conhe\u00e7a mais<\/a>\n        <\/div>\n      <\/div>\n      <p class=\"texto-auxiliar\"><\/p>\n    <\/div>\n\n  <\/div>\n<\/div>\n\n\n\n<div class=\"container\" id=\"boxes\">\n  <div class=\"row\">\n\n    <div class=\"col-sm\">\n      <div class=\"banner-ecj\" id=\"box-assinatura\">\n        <h3 id=\"assinatura-de-procuradorias\" class=\"titulo-assinatura\">Assinatura de Procuradorias <\/h3>\n        <p class=\"subtitulo-assinatura\">Conhe\u00e7a os planos<\/p>\n        <div class=\"box-botao\">\n          <a class=\"btn-assinatura\" target=\"_blank\" href=\"https:\/\/www.estrategiaconcursos.com.br\/assinaturas-procuradorias\/\" role=\"button\" rel=\"noopener noreferrer\">Conhe\u00e7a mais<\/a>\n        <\/div>\n      <\/div>\n      <p class=\"texto-auxiliar\">Prepare-se com o melhor material e com quem mais aprova em Concursos P\u00fablicos em todo o pa\u00eds. \n<\/p>\n    <\/div>\n\n  <\/div>\n<\/div>\n","protected":false},"excerpt":{"rendered":"Os professores Bruno Betti, Tha\u00eds Souza, Igor Maciel Rafaella Barbosa Le\u00e3o\u00a0 Michael de Jesus apresentam entre os dias&hellip;\n","protected":false},"author":12,"featured_media":6606,"comment_status":"open","ping_status":"open","sticky":false,"template":"","format":"standard","meta":{"_jetpack_memberships_contains_paid_content":false,"footnotes":""},"categories":[1,24],"tags":[],"tax_estado":[41],"class_list":{"0":"post-6603","1":"post","2":"type-post","3":"status-publish","4":"format-standard","5":"has-post-thumbnail","7":"category-carreiras-juridicas","8":"category-procuradoria","9":"tax_estado-mg"},"acf":[],"yoast_head":"<!-- This site is optimized with the Yoast SEO Premium plugin v27.4 (Yoast SEO v27.4) - https:\/\/yoast.com\/product\/yoast-seo-premium-wordpress\/ -->\n<title>Procurador AGE-MG Express: de 30\/05 a 06\/06! Confira!<\/title>\n<meta name=\"description\" content=\"Nesta segunda ser\u00e1 transmitido o Epis\u00f3dio 1: O plano definitivo para acelerar a aprova\u00e7\u00e3o! da s\u00e9rie Procurador AGE-MG Express. Confira!\" \/>\n<meta name=\"robots\" content=\"index, follow, max-snippet:-1, max-image-preview:large, max-video-preview:-1\" \/>\n<link rel=\"canonical\" href=\"https:\/\/cj.estrategia.com\/portal\/procurador-age-mg-express\/\" \/>\n<meta property=\"og:locale\" content=\"pt_BR\" \/>\n<meta property=\"og:type\" content=\"article\" \/>\n<meta property=\"og:title\" content=\"Procurador AGE-MG Express: de 30\/05 a 06\/06! Confira!\" \/>\n<meta property=\"og:description\" content=\"Nesta segunda ser\u00e1 transmitido o Epis\u00f3dio 1: O plano definitivo para acelerar a aprova\u00e7\u00e3o! da s\u00e9rie Procurador AGE-MG Express. Confira!\" \/>\n<meta property=\"og:url\" content=\"https:\/\/cj.estrategia.com\/portal\/procurador-age-mg-express\/\" \/>\n<meta property=\"og:site_name\" content=\"Blog - Carreiras Jur\u00eddicas - Estrat\u00e9gia\" \/>\n<meta property=\"article:publisher\" content=\"https:\/\/www.facebook.com\/estrategiacarreirajuridica\/\" \/>\n<meta property=\"article:published_time\" content=\"2022-05-30T20:48:22+00:00\" \/>\n<meta property=\"article:modified_time\" content=\"2022-05-30T20:50:28+00:00\" \/>\n<meta property=\"og:image\" content=\"https:\/\/cj.estrategia.com\/portal\/wp-content\/uploads\/2022\/05\/30173305\/1280-720-max-1-1.jpg\" \/>\n\t<meta property=\"og:image:width\" content=\"1280\" \/>\n\t<meta property=\"og:image:height\" content=\"720\" \/>\n\t<meta property=\"og:image:type\" content=\"image\/jpeg\" \/>\n<meta name=\"author\" content=\"Coordena\u00e7\u00e3o\" \/>\n<meta name=\"twitter:card\" content=\"summary_large_image\" \/>\n<meta name=\"twitter:creator\" content=\"@EstratJuridica\" \/>\n<meta name=\"twitter:site\" content=\"@EstratJuridica\" \/>\n<meta name=\"twitter:label1\" content=\"Escrito por\" \/>\n\t<meta name=\"twitter:data1\" content=\"Coordena\u00e7\u00e3o\" \/>\n\t<meta name=\"twitter:label2\" content=\"Est. tempo de leitura\" \/>\n\t<meta name=\"twitter:data2\" content=\"2 minutos\" \/>\n<script type=\"application\/ld+json\" class=\"yoast-schema-graph\">{\"@context\":\"https:\\\/\\\/schema.org\",\"@graph\":[{\"@type\":\"NewsArticle\",\"@id\":\"https:\\\/\\\/cj.estrategia.com\\\/portal\\\/procurador-age-mg-express\\\/#article\",\"isPartOf\":{\"@id\":\"https:\\\/\\\/cj.estrategia.com\\\/portal\\\/procurador-age-mg-express\\\/\"},\"author\":{\"name\":\"Coordena\u00e7\u00e3o\",\"@id\":\"https:\\\/\\\/cj.estrategia.com\\\/portal\\\/#\\\/schema\\\/person\\\/4d70317d31449932b99102916b6637f5\"},\"headline\":\"Procurador AGE-MG Express: de 30\\\/05 a 06\\\/06! Confira!\",\"datePublished\":\"2022-05-30T20:48:22+00:00\",\"dateModified\":\"2022-05-30T20:50:28+00:00\",\"mainEntityOfPage\":{\"@id\":\"https:\\\/\\\/cj.estrategia.com\\\/portal\\\/procurador-age-mg-express\\\/\"},\"wordCount\":380,\"commentCount\":0,\"publisher\":{\"@id\":\"https:\\\/\\\/cj.estrategia.com\\\/portal\\\/#organization\"},\"image\":{\"@id\":\"https:\\\/\\\/cj.estrategia.com\\\/portal\\\/procurador-age-mg-express\\\/#primaryimage\"},\"thumbnailUrl\":\"https:\\\/\\\/cj.estrategia.com\\\/portal\\\/wp-content\\\/uploads\\\/2022\\\/05\\\/30173305\\\/1280-720-max-1-1.jpg\",\"articleSection\":[\"Carreiras Jur\u00eddicas\",\"Procuradoria\"],\"inLanguage\":\"pt-BR\",\"potentialAction\":[{\"@type\":\"CommentAction\",\"name\":\"Comment\",\"target\":[\"https:\\\/\\\/cj.estrategia.com\\\/portal\\\/procurador-age-mg-express\\\/#respond\"]}]},{\"@type\":\"WebPage\",\"@id\":\"https:\\\/\\\/cj.estrategia.com\\\/portal\\\/procurador-age-mg-express\\\/\",\"url\":\"https:\\\/\\\/cj.estrategia.com\\\/portal\\\/procurador-age-mg-express\\\/\",\"name\":\"Procurador AGE-MG Express: de 30\\\/05 a 06\\\/06! Confira!\",\"isPartOf\":{\"@id\":\"https:\\\/\\\/cj.estrategia.com\\\/portal\\\/#website\"},\"primaryImageOfPage\":{\"@id\":\"https:\\\/\\\/cj.estrategia.com\\\/portal\\\/procurador-age-mg-express\\\/#primaryimage\"},\"image\":{\"@id\":\"https:\\\/\\\/cj.estrategia.com\\\/portal\\\/procurador-age-mg-express\\\/#primaryimage\"},\"thumbnailUrl\":\"https:\\\/\\\/cj.estrategia.com\\\/portal\\\/wp-content\\\/uploads\\\/2022\\\/05\\\/30173305\\\/1280-720-max-1-1.jpg\",\"datePublished\":\"2022-05-30T20:48:22+00:00\",\"dateModified\":\"2022-05-30T20:50:28+00:00\",\"description\":\"Nesta segunda ser\u00e1 transmitido o Epis\u00f3dio 1: O plano definitivo para acelerar a aprova\u00e7\u00e3o! da s\u00e9rie Procurador AGE-MG Express. Confira!\",\"breadcrumb\":{\"@id\":\"https:\\\/\\\/cj.estrategia.com\\\/portal\\\/procurador-age-mg-express\\\/#breadcrumb\"},\"inLanguage\":\"pt-BR\",\"potentialAction\":[{\"@type\":\"ReadAction\",\"target\":[\"https:\\\/\\\/cj.estrategia.com\\\/portal\\\/procurador-age-mg-express\\\/\"]}]},{\"@type\":\"ImageObject\",\"inLanguage\":\"pt-BR\",\"@id\":\"https:\\\/\\\/cj.estrategia.com\\\/portal\\\/procurador-age-mg-express\\\/#primaryimage\",\"url\":\"https:\\\/\\\/cj.estrategia.com\\\/portal\\\/wp-content\\\/uploads\\\/2022\\\/05\\\/30173305\\\/1280-720-max-1-1.jpg\",\"contentUrl\":\"https:\\\/\\\/cj.estrategia.com\\\/portal\\\/wp-content\\\/uploads\\\/2022\\\/05\\\/30173305\\\/1280-720-max-1-1.jpg\",\"width\":1280,\"height\":720,\"caption\":\"Procurador AGE-MG: Express\"},{\"@type\":\"BreadcrumbList\",\"@id\":\"https:\\\/\\\/cj.estrategia.com\\\/portal\\\/procurador-age-mg-express\\\/#breadcrumb\",\"itemListElement\":[{\"@type\":\"ListItem\",\"position\":1,\"name\":\"In\u00edcio\",\"item\":\"https:\\\/\\\/cj.estrategia.com\\\/portal\\\/\"},{\"@type\":\"ListItem\",\"position\":2,\"name\":\"Procurador AGE-MG Express: de 30\\\/05 a 06\\\/06! Confira!\"}]},{\"@type\":\"WebSite\",\"@id\":\"https:\\\/\\\/cj.estrategia.com\\\/portal\\\/#website\",\"url\":\"https:\\\/\\\/cj.estrategia.com\\\/portal\\\/\",\"name\":\"Blog - Carreiras Jur\u00eddicas - Estrat\u00e9gia\",\"description\":\"\",\"publisher\":{\"@id\":\"https:\\\/\\\/cj.estrategia.com\\\/portal\\\/#organization\"},\"potentialAction\":[{\"@type\":\"SearchAction\",\"target\":{\"@type\":\"EntryPoint\",\"urlTemplate\":\"https:\\\/\\\/cj.estrategia.com\\\/portal\\\/?s={search_term_string}\"},\"query-input\":{\"@type\":\"PropertyValueSpecification\",\"valueRequired\":true,\"valueName\":\"search_term_string\"}}],\"inLanguage\":\"pt-BR\"},{\"@type\":\"Organization\",\"@id\":\"https:\\\/\\\/cj.estrategia.com\\\/portal\\\/#organization\",\"name\":\"Estrat\u00e9gia - Carreiras Jur\u00eddicas\",\"url\":\"https:\\\/\\\/cj.estrategia.com\\\/portal\\\/\",\"logo\":{\"@type\":\"ImageObject\",\"inLanguage\":\"pt-BR\",\"@id\":\"https:\\\/\\\/cj.estrategia.com\\\/portal\\\/#\\\/schema\\\/logo\\\/image\\\/\",\"url\":\"https:\\\/\\\/cj.estrategia.com\\\/portal\\\/wp-content\\\/uploads\\\/2022\\\/03\\\/11151052\\\/cj-logo.png\",\"contentUrl\":\"https:\\\/\\\/cj.estrategia.com\\\/portal\\\/wp-content\\\/uploads\\\/2022\\\/03\\\/11151052\\\/cj-logo.png\",\"width\":150,\"height\":39,\"caption\":\"Estrat\u00e9gia - Carreiras Jur\u00eddicas\"},\"image\":{\"@id\":\"https:\\\/\\\/cj.estrategia.com\\\/portal\\\/#\\\/schema\\\/logo\\\/image\\\/\"},\"sameAs\":[\"https:\\\/\\\/www.facebook.com\\\/estrategiacarreirajuridica\\\/\",\"https:\\\/\\\/x.com\\\/EstratJuridica\",\"https:\\\/\\\/www.instagram.com\\\/estrategiacarreirajuridica\\\/\",\"https:\\\/\\\/www.youtube.com\\\/channel\\\/UClbMGuYbj2Mh1m3w144ETWQ\"]},{\"@type\":\"Person\",\"@id\":\"https:\\\/\\\/cj.estrategia.com\\\/portal\\\/#\\\/schema\\\/person\\\/4d70317d31449932b99102916b6637f5\",\"name\":\"Coordena\u00e7\u00e3o\",\"image\":{\"@type\":\"ImageObject\",\"inLanguage\":\"pt-BR\",\"@id\":\"https:\\\/\\\/cj.estrategia.com\\\/portal\\\/wp-content\\\/uploads\\\/2022\\\/05\\\/12164923\\\/estrategia-carreira-juridica-coordenacao-96x96.png\",\"url\":\"https:\\\/\\\/cj.estrategia.com\\\/portal\\\/wp-content\\\/uploads\\\/2022\\\/05\\\/12164923\\\/estrategia-carreira-juridica-coordenacao-96x96.png\",\"contentUrl\":\"https:\\\/\\\/cj.estrategia.com\\\/portal\\\/wp-content\\\/uploads\\\/2022\\\/05\\\/12164923\\\/estrategia-carreira-juridica-coordenacao-96x96.png\",\"caption\":\"Coordena\u00e7\u00e3o\"},\"url\":\"https:\\\/\\\/cj.estrategia.com\\\/portal\\\/author\\\/coordenacao\\\/\"}]}<\/script>\n<!-- \/ Yoast SEO Premium plugin. -->","yoast_head_json":{"title":"Procurador AGE-MG Express: de 30\/05 a 06\/06! Confira!","description":"Nesta segunda ser\u00e1 transmitido o Epis\u00f3dio 1: O plano definitivo para acelerar a aprova\u00e7\u00e3o! da s\u00e9rie Procurador AGE-MG Express. Confira!","robots":{"index":"index","follow":"follow","max-snippet":"max-snippet:-1","max-image-preview":"max-image-preview:large","max-video-preview":"max-video-preview:-1"},"canonical":"https:\/\/cj.estrategia.com\/portal\/procurador-age-mg-express\/","og_locale":"pt_BR","og_type":"article","og_title":"Procurador AGE-MG Express: de 30\/05 a 06\/06! Confira!","og_description":"Nesta segunda ser\u00e1 transmitido o Epis\u00f3dio 1: O plano definitivo para acelerar a aprova\u00e7\u00e3o! da s\u00e9rie Procurador AGE-MG Express. Confira!","og_url":"https:\/\/cj.estrategia.com\/portal\/procurador-age-mg-express\/","og_site_name":"Blog - Carreiras Jur\u00eddicas - Estrat\u00e9gia","article_publisher":"https:\/\/www.facebook.com\/estrategiacarreirajuridica\/","article_published_time":"2022-05-30T20:48:22+00:00","article_modified_time":"2022-05-30T20:50:28+00:00","og_image":[{"width":1280,"height":720,"url":"https:\/\/cj.estrategia.com\/portal\/wp-content\/uploads\/2022\/05\/30173305\/1280-720-max-1-1.jpg","type":"image\/jpeg"}],"author":"Coordena\u00e7\u00e3o","twitter_card":"summary_large_image","twitter_creator":"@EstratJuridica","twitter_site":"@EstratJuridica","twitter_misc":{"Escrito por":"Coordena\u00e7\u00e3o","Est. tempo de leitura":"2 minutos"},"schema":{"@context":"https:\/\/schema.org","@graph":[{"@type":"NewsArticle","@id":"https:\/\/cj.estrategia.com\/portal\/procurador-age-mg-express\/#article","isPartOf":{"@id":"https:\/\/cj.estrategia.com\/portal\/procurador-age-mg-express\/"},"author":{"name":"Coordena\u00e7\u00e3o","@id":"https:\/\/cj.estrategia.com\/portal\/#\/schema\/person\/4d70317d31449932b99102916b6637f5"},"headline":"Procurador AGE-MG Express: de 30\/05 a 06\/06! Confira!","datePublished":"2022-05-30T20:48:22+00:00","dateModified":"2022-05-30T20:50:28+00:00","mainEntityOfPage":{"@id":"https:\/\/cj.estrategia.com\/portal\/procurador-age-mg-express\/"},"wordCount":380,"commentCount":0,"publisher":{"@id":"https:\/\/cj.estrategia.com\/portal\/#organization"},"image":{"@id":"https:\/\/cj.estrategia.com\/portal\/procurador-age-mg-express\/#primaryimage"},"thumbnailUrl":"https:\/\/cj.estrategia.com\/portal\/wp-content\/uploads\/2022\/05\/30173305\/1280-720-max-1-1.jpg","articleSection":["Carreiras Jur\u00eddicas","Procuradoria"],"inLanguage":"pt-BR","potentialAction":[{"@type":"CommentAction","name":"Comment","target":["https:\/\/cj.estrategia.com\/portal\/procurador-age-mg-express\/#respond"]}]},{"@type":"WebPage","@id":"https:\/\/cj.estrategia.com\/portal\/procurador-age-mg-express\/","url":"https:\/\/cj.estrategia.com\/portal\/procurador-age-mg-express\/","name":"Procurador AGE-MG Express: de 30\/05 a 06\/06! Confira!","isPartOf":{"@id":"https:\/\/cj.estrategia.com\/portal\/#website"},"primaryImageOfPage":{"@id":"https:\/\/cj.estrategia.com\/portal\/procurador-age-mg-express\/#primaryimage"},"image":{"@id":"https:\/\/cj.estrategia.com\/portal\/procurador-age-mg-express\/#primaryimage"},"thumbnailUrl":"https:\/\/cj.estrategia.com\/portal\/wp-content\/uploads\/2022\/05\/30173305\/1280-720-max-1-1.jpg","datePublished":"2022-05-30T20:48:22+00:00","dateModified":"2022-05-30T20:50:28+00:00","description":"Nesta segunda ser\u00e1 transmitido o Epis\u00f3dio 1: O plano definitivo para acelerar a aprova\u00e7\u00e3o! da s\u00e9rie Procurador AGE-MG Express. Confira!","breadcrumb":{"@id":"https:\/\/cj.estrategia.com\/portal\/procurador-age-mg-express\/#breadcrumb"},"inLanguage":"pt-BR","potentialAction":[{"@type":"ReadAction","target":["https:\/\/cj.estrategia.com\/portal\/procurador-age-mg-express\/"]}]},{"@type":"ImageObject","inLanguage":"pt-BR","@id":"https:\/\/cj.estrategia.com\/portal\/procurador-age-mg-express\/#primaryimage","url":"https:\/\/cj.estrategia.com\/portal\/wp-content\/uploads\/2022\/05\/30173305\/1280-720-max-1-1.jpg","contentUrl":"https:\/\/cj.estrategia.com\/portal\/wp-content\/uploads\/2022\/05\/30173305\/1280-720-max-1-1.jpg","width":1280,"height":720,"caption":"Procurador AGE-MG: Express"},{"@type":"BreadcrumbList","@id":"https:\/\/cj.estrategia.com\/portal\/procurador-age-mg-express\/#breadcrumb","itemListElement":[{"@type":"ListItem","position":1,"name":"In\u00edcio","item":"https:\/\/cj.estrategia.com\/portal\/"},{"@type":"ListItem","position":2,"name":"Procurador AGE-MG Express: de 30\/05 a 06\/06! Confira!"}]},{"@type":"WebSite","@id":"https:\/\/cj.estrategia.com\/portal\/#website","url":"https:\/\/cj.estrategia.com\/portal\/","name":"Blog - Carreiras Jur\u00eddicas - Estrat\u00e9gia","description":"","publisher":{"@id":"https:\/\/cj.estrategia.com\/portal\/#organization"},"potentialAction":[{"@type":"SearchAction","target":{"@type":"EntryPoint","urlTemplate":"https:\/\/cj.estrategia.com\/portal\/?s={search_term_string}"},"query-input":{"@type":"PropertyValueSpecification","valueRequired":true,"valueName":"search_term_string"}}],"inLanguage":"pt-BR"},{"@type":"Organization","@id":"https:\/\/cj.estrategia.com\/portal\/#organization","name":"Estrat\u00e9gia - Carreiras Jur\u00eddicas","url":"https:\/\/cj.estrategia.com\/portal\/","logo":{"@type":"ImageObject","inLanguage":"pt-BR","@id":"https:\/\/cj.estrategia.com\/portal\/#\/schema\/logo\/image\/","url":"https:\/\/cj.estrategia.com\/portal\/wp-content\/uploads\/2022\/03\/11151052\/cj-logo.png","contentUrl":"https:\/\/cj.estrategia.com\/portal\/wp-content\/uploads\/2022\/03\/11151052\/cj-logo.png","width":150,"height":39,"caption":"Estrat\u00e9gia - Carreiras Jur\u00eddicas"},"image":{"@id":"https:\/\/cj.estrategia.com\/portal\/#\/schema\/logo\/image\/"},"sameAs":["https:\/\/www.facebook.com\/estrategiacarreirajuridica\/","https:\/\/x.com\/EstratJuridica","https:\/\/www.instagram.com\/estrategiacarreirajuridica\/","https:\/\/www.youtube.com\/channel\/UClbMGuYbj2Mh1m3w144ETWQ"]},{"@type":"Person","@id":"https:\/\/cj.estrategia.com\/portal\/#\/schema\/person\/4d70317d31449932b99102916b6637f5","name":"Coordena\u00e7\u00e3o","image":{"@type":"ImageObject","inLanguage":"pt-BR","@id":"https:\/\/cj.estrategia.com\/portal\/wp-content\/uploads\/2022\/05\/12164923\/estrategia-carreira-juridica-coordenacao-96x96.png","url":"https:\/\/cj.estrategia.com\/portal\/wp-content\/uploads\/2022\/05\/12164923\/estrategia-carreira-juridica-coordenacao-96x96.png","contentUrl":"https:\/\/cj.estrategia.com\/portal\/wp-content\/uploads\/2022\/05\/12164923\/estrategia-carreira-juridica-coordenacao-96x96.png","caption":"Coordena\u00e7\u00e3o"},"url":"https:\/\/cj.estrategia.com\/portal\/author\/coordenacao\/"}]}},"jetpack_featured_media_url":"https:\/\/cj.estrategia.com\/portal\/wp-content\/uploads\/2022\/05\/30173305\/1280-720-max-1-1.jpg","jetpack_sharing_enabled":true,"_links":{"self":[{"href":"https:\/\/cj.estrategia.com\/portal\/wp-json\/wp\/v2\/posts\/6603","targetHints":{"allow":["GET"]}}],"collection":[{"href":"https:\/\/cj.estrategia.com\/portal\/wp-json\/wp\/v2\/posts"}],"about":[{"href":"https:\/\/cj.estrategia.com\/portal\/wp-json\/wp\/v2\/types\/post"}],"author":[{"embeddable":true,"href":"https:\/\/cj.estrategia.com\/portal\/wp-json\/wp\/v2\/users\/12"}],"replies":[{"embeddable":true,"href":"https:\/\/cj.estrategia.com\/portal\/wp-json\/wp\/v2\/comments?post=6603"}],"version-history":[{"count":9,"href":"https:\/\/cj.estrategia.com\/portal\/wp-json\/wp\/v2\/posts\/6603\/revisions"}],"predecessor-version":[{"id":6621,"href":"https:\/\/cj.estrategia.com\/portal\/wp-json\/wp\/v2\/posts\/6603\/revisions\/6621"}],"wp:featuredmedia":[{"embeddable":true,"href":"https:\/\/cj.estrategia.com\/portal\/wp-json\/wp\/v2\/media\/6606"}],"wp:attachment":[{"href":"https:\/\/cj.estrategia.com\/portal\/wp-json\/wp\/v2\/media?parent=6603"}],"wp:term":[{"taxonomy":"category","embeddable":true,"href":"https:\/\/cj.estrategia.com\/portal\/wp-json\/wp\/v2\/categories?post=6603"},{"taxonomy":"post_tag","embeddable":true,"href":"https:\/\/cj.estrategia.com\/portal\/wp-json\/wp\/v2\/tags?post=6603"},{"taxonomy":"tax_estado","embeddable":true,"href":"https:\/\/cj.estrategia.com\/portal\/wp-json\/wp\/v2\/tax_estado?post=6603"}],"curies":[{"name":"wp","href":"https:\/\/api.w.org\/{rel}","templated":true}]}}