{"id":65982,"date":"2024-06-13T22:24:11","date_gmt":"2024-06-14T01:24:11","guid":{"rendered":"https:\/\/cj.estrategia.com\/portal\/?p=65982"},"modified":"2024-06-13T22:24:16","modified_gmt":"2024-06-14T01:24:16","slug":"projeto-lei-prazo-aborto-estupro","status":"publish","type":"post","link":"https:\/\/cj.estrategia.com\/portal\/projeto-lei-prazo-aborto-estupro\/","title":{"rendered":"Projeto de Lei &#8211; prazo para aborto em caso de estupro?"},"content":{"rendered":"\n<p class=\"has-small-font-size\">* Marcos Vin\u00edcius Manso Lopes Gomes. Defensor P\u00fablico do estado de S\u00e3o Paulo. Professor de Direito Constitucional do Estrat\u00e9gia Carreiras Jur\u00eddicas.<\/p>\n\n\n\n<h2 class=\"wp-block-heading\" id=\"h-entenda-o-caso\"><span id=\"entenda-o-caso\">Entenda o caso<\/span><\/h2>\n\n\n\n<p>Est\u00e1 em discuss\u00e3o no Congresso Nacional<sup data-fn=\"73fe43ae-a6f4-4a0e-8dbb-6668cd3c6b2b\" class=\"fn\"><a href=\"#73fe43ae-a6f4-4a0e-8dbb-6668cd3c6b2b\" id=\"73fe43ae-a6f4-4a0e-8dbb-6668cd3c6b2b-link\">1<\/a><\/sup>\u00a0o Projeto de Lei n\u00ba 1.904\/2024, o qual, dentre outras medidas, disp\u00f5e que, se a gravidez resultar de estupro e houver viabilidade fetal, presumida em gesta\u00e7\u00f5es acima de 22 semanas, na\u0303o se aplicara\u0301 a excludente de punibilidade prevista no art. 128.<\/p>\n\n\n\n<h2 class=\"wp-block-heading\" id=\"h-direito-a-vida\"><span id=\"direito-a-vida\">Direito a Vida <\/span><\/h2>\n\n\n\n<p>A doutrina prop\u00f5e um <strong>duplo sentido do direito a vida<\/strong>, abrangendo n\u00e3o somente o direito de viver (n\u00e3o morrer), bem como o direito de viver dignamente (notadamente garantindo-se o m\u00ednimo existencial).<\/p>\n\n\n\n<p>Importante destacar que <strong>nem mesmo o direito a vida possui car\u00e1ter absoluto<\/strong>. A flexibiliza\u00e7\u00e3o ocorre, por exemplo, em casos de leg\u00edtima defesa, estado de necessidade e em algumas situa\u00e7\u00f5es envolvendo o <strong>aborto<\/strong>, tema que ser\u00e1 analisado no presente artigo.<\/p>\n\n\n\n<p>O tema inerente ao aborto est\u00e1 intimamente relacionado ao direito \u00e0 vida. Vejamos a disciplina existente no C\u00f3digo Penal:<\/p>\n\n\n\n<pre class=\"wp-block-preformatted\">\r<strong>Aborto provocado pela gestante ou com seu consentimento:<\/strong>\nArt. 124 - Provocar aborto em si mesma ou consentir que outrem lhe provoque:\nPena - deten\u00e7\u00e3o, de um a tr\u00eas anos.\n\r\nArt. 128 - N\u00e3o se pune o aborto praticado por m\u00e9dico: \r\n\n<strong>Aborto necess\u00e1rio:<\/strong>\nI - se n\u00e3o h\u00e1 outro meio de salvar a vida da gestante;\n\r\n<strong>Aborto no caso de gravidez resultante de estupro:<\/strong>\n\nII - se a gravidez resulta de estupro e o aborto \u00e9 precedido de consentimento da gestante ou, quando incapaz, de seu representante legal.<\/pre>\n\n\n\n<h2 class=\"wp-block-heading\" id=\"h-prazo-para-o-aborto-em-caso-de-estupro\"><span id=\"prazo-para-o-aborto-em-caso-de-estupro\">Prazo para o aborto em caso de estupro<\/span><\/h2>\n\n\n\n<p>Conforme se verifica, atualmente, n\u00e3o existe prazo para a mulher realizar o aborto em caso de estupro. Assim, a legisla\u00e7\u00e3o penal atual na\u0303o estabelece limites m\u00e1ximos de tempo gestacional para a realizac\u0327a\u0303o da interrup\u00e7\u00e3o da gesta\u00e7\u00e3o. Dessa forma, o aborto poderia ser praticado em qualquer idade gestacional, mesmo quando o nascituro j\u00e1 seja vi\u00e1vel.<\/p>\n\n\n\n<p>O projeto de lei estabelece que, ap\u00f3s a 22\u00aa semana, existiria uma presun\u00e7\u00e3o de viabilidade fetal e, por isso, na\u0303o se aplicara\u0301 a excludente de punibilidade.<\/p>\n\n\n<div class=\"wp-block-image\">\n<figure class=\"aligncenter size-large\"><img decoding=\"async\" width=\"1024\" height=\"1024\" src=\"https:\/\/cj.estrategia.com\/portal\/wp-content\/uploads\/2024\/06\/13220512\/6361145-1024x1024.jpg\" alt=\"projeto de lei\" class=\"wp-image-66003\" srcset=\"https:\/\/cj.estrategia.com\/portal\/wp-content\/uploads\/2024\/06\/13220512\/6361145-1024x1024.jpg 1024w, https:\/\/cj.estrategia.com\/portal\/wp-content\/uploads\/2024\/06\/13220512\/6361145-300x300.jpg 300w, https:\/\/cj.estrategia.com\/portal\/wp-content\/uploads\/2024\/06\/13220512\/6361145-150x150.jpg 150w, https:\/\/cj.estrategia.com\/portal\/wp-content\/uploads\/2024\/06\/13220512\/6361145-768x768.jpg 768w, https:\/\/cj.estrategia.com\/portal\/wp-content\/uploads\/2024\/06\/13220512\/6361145-1536x1536.jpg 1536w, https:\/\/cj.estrategia.com\/portal\/wp-content\/uploads\/2024\/06\/13220512\/6361145-80x80.jpg 80w, https:\/\/cj.estrategia.com\/portal\/wp-content\/uploads\/2024\/06\/13220512\/6361145-380x380.jpg 380w, https:\/\/cj.estrategia.com\/portal\/wp-content\/uploads\/2024\/06\/13220512\/6361145-800x800.jpg 800w, https:\/\/cj.estrategia.com\/portal\/wp-content\/uploads\/2024\/06\/13220512\/6361145-1160x1160.jpg 1160w, https:\/\/cj.estrategia.com\/portal\/wp-content\/uploads\/2024\/06\/13220512\/6361145-24x24.jpg 24w, https:\/\/cj.estrategia.com\/portal\/wp-content\/uploads\/2024\/06\/13220512\/6361145-48x48.jpg 48w, https:\/\/cj.estrategia.com\/portal\/wp-content\/uploads\/2024\/06\/13220512\/6361145-96x96.jpg 96w, https:\/\/cj.estrategia.com\/portal\/wp-content\/uploads\/2024\/06\/13220512\/6361145.jpg 2000w\" sizes=\"(max-width: 1024px) 100vw, 1024px\" \/><\/figure>\n<\/div>\n\n\n<p>Em seguida, destacaremos alguns dos principais argumentos contr\u00e1rios e favor\u00e1veis acerca da imposi\u00e7\u00e3o de prazo para o aborto. Vejamos:<\/p>\n\n\n\n<figure class=\"wp-block-table\"><table><tbody><tr><td><strong>Argumentos Favor\u00e1veis ao Prazo<\/strong><strong><\/strong><\/td><\/tr><tr><td>Trata-se de uma forma de proteger os direitos das mulheres e o direito a vida do feto, por meio da estipula\u00e7\u00e3o de prazo razo\u00e1vel para a realiza\u00e7\u00e3o do aborto.<\/td><\/tr><tr><td>O direito \u00e0 vida possui um peso muito forte na colis\u00e3o com outros direitos, uma vez que os demais direitos fundamentais pressup\u00f5em esse direito, sendo certo que o feto tamb\u00e9m possui direito \u00e0 vida, em especial ap\u00f3s a 22\u00aa semana.<\/td><\/tr><tr><td>A partir da 22\u00aa semana, o feto possui plenas condi\u00e7\u00f5es em viver fora do \u00fatero materno, sendo certo que a Organiza\u00e7\u00e3o Mundial da Sa\u00fade define abortamento como interrup\u00e7\u00e3o da gravidez antes das 22 semanas de gesta\u00e7\u00e3o<sup data-fn=\"908ba107-3655-41f3-bdcb-b400dbca0380\" class=\"fn\"><a href=\"#908ba107-3655-41f3-bdcb-b400dbca0380\" id=\"908ba107-3655-41f3-bdcb-b400dbca0380-link\">2<\/a><\/sup>.<\/td><\/tr><\/tbody><\/table><\/figure>\n\n\n\n<figure class=\"wp-block-table\"><table><tbody><tr><td><strong>Argumentos Contr\u00e1rios ao Prazo<\/strong><strong><\/strong><\/td><\/tr><tr><td>Direitos fundamentais da gestante, tal como a autonomia e o direito ao pr\u00f3prio corpo, existindo uma viola\u00e7\u00e3o a veda\u00e7\u00e3o ao retrocesso social.<\/td><\/tr><tr><td>O projeto ignora a complexa realidade social do pa\u00eds, na qual muitas v\u00edtimas s\u00e3o for\u00e7adas a seguir com a gravidez, seja por conta da idade, seja por medo em denunciar o agressor.<\/td><\/tr><tr><td>A proibi\u00e7\u00e3o do aborto leva as gestantes para um mundo clandestino, colocando em risco a sua vida e sa\u00fade, sendo um retrocesso para a sa\u00fade p\u00fablica do pa\u00eds.<\/td><\/tr><\/tbody><\/table><\/figure>\n\n\n\n<h2 class=\"wp-block-heading\" id=\"h-aborto-equiparado-a-homicidio\"><span id=\"aborto-equiparado-a-homicidio\">Aborto equiparado a homic\u00eddio<\/span><\/h2>\n\n\n\n<p>Com efeito, o caso \u00e9 extremamente pol\u00eamico e vem gerando in\u00fameros debates jur\u00eddicos, pol\u00edticos, ideol\u00f3gicos e religiosos.<\/p>\n\n\n\n<p>Al\u00e9m do referido prazo para aborto em caso de estupro, o projeto de lei ainda equipara o aborto praticado ap\u00f3s 22 semanas ao homic\u00eddio simples. Ademais, o documento tamb\u00e9m prev\u00ea um aumento de pena para o crime.<\/p>\n\n\n\n<p>Nesse sentido, vejamos trechos do projeto:<\/p>\n\n\n\n<pre class=\"wp-block-preformatted\">Art. 2\u00ba O art. 124 do Decreto-lei n\u00ba 2.848, de 7 de dezembro de 1940 - Co\u0301digo Penal, passa a vigorar acrescido dos seguintes par\u00e1grafos:\n\n\"Art. 124 - Provocar aborto em si mesma ou consentir que outrem lho provoque:\n\n[...]\u201d\n\n\u201c\u00a7 1\u00ba Quando houver viabilidade fetal, presumida em gestac\u0327o\u0303es acima de 22 semanas, as penas sera\u0303o aplicadas conforme o delito de homici\u0301dio simples previsto no art. 121 deste Co\u0301digo\u201d.\n\n\u201c\u00a7 2\u00ba O juiz podera\u0301 mitigar a pena, conforme o exigirem as circunsta\u0302ncias individuais de cada caso, ou podera\u0301 ate\u0301 mesmo deixar de aplica\u0301-la, se as conseque\u0302ncias da infrac\u0327a\u0303o atingirem o pro\u0301prio agente de forma ta\u0303o grave que a sanc\u0327a\u0303o penal se torne desnecessa\u0301ria.\u201d\n\nArt. 3\u00ba O art. 125 do Decreto-lei n\u00ba 2.848, de 7 de dezembro de 1940 - Co\u0301digo Penal, passa a vigorar acrescido do seguinte para\u0301grafo u\u0301nico:\n\n\"Art. 125 - Provocar aborto, sem o consentimento da gestante:\n\n[...]\u201d\n\nPara\u0301grafo u\u0301nico. Quando houver viabilidade fetal, presumida gestac\u0327o\u0303es acima de 22 semanas, as penas sera\u0303o aplicadas conforme o delito de homici\u0301dio simples previsto no art. 121 deste Co\u0301digo\u201d.\n\nArt. 5\u00ba O art. 128 do Decreto-lei n\u00ba 2.848, de 7 de dezembro de 1940 - Co\u0301digo Penal, passa a vigorar acrescido do seguinte para\u0301grafo u\u0301nico:\n\n\"Art. 128 - Na\u0303o se pune o aborto praticado por me\u0301dico:\n\n[...]\u201d\n\n\u201cPara\u0301grafo u\u0301nico. Se a gravidez resulta de estupro e houver viabilidade fetal, presumida em gestac\u0327o\u0303es acima de 22 semanas, na\u0303o se aplicara\u0301 a excludente de punibilidade prevista neste artigo. \u201d\n\n<\/pre>\n\n\n\n<hr class=\"wp-block-separator has-alpha-channel-opacity\"\/>\n\n\n<ol class=\"wp-block-footnotes\"><li id=\"73fe43ae-a6f4-4a0e-8dbb-6668cd3c6b2b\">Dispon\u00edvel em <a href=\"https:\/\/www.camara.leg.br\/proposicoesWeb\/prop_mostrarintegra?codteor=2425262&amp;filename=PL%201904\/2024\"><u>https:\/\/www.camara.leg.br\/proposicoesWeb\/prop_mostrarintegra?codteor=2425262&amp;filename=PL%201904\/2024<\/u><\/a>. Acesso em 13 de junho de 2024. <a href=\"#73fe43ae-a6f4-4a0e-8dbb-6668cd3c6b2b-link\" aria-label=\"Ir para a refer\u00eancia 1 na nota de rodap\u00e9\">\u21a9\ufe0e<\/a><\/li><li id=\"908ba107-3655-41f3-bdcb-b400dbca0380\">Nesse sentido, <a href=\"https:\/\/www.me.ufrj.br\/images\/pdfs\/protocolos\/obstetricia\/abortamento.pdf\"><u>https:\/\/www.me.ufrj.br\/images\/pdfs\/protocolos\/obstetricia\/abortamento.pdf<\/u><\/a>. Acesso em 13 de junho de 2024. Ou, ent\u00e3o, <a href=\"https:\/\/www.migalhas.com.br\/quentes\/409250\/camara-aprova-urgencia-para-pl-que-equipara-aborto-a-homicidio\"><u>https:\/\/www.migalhas.com.br\/quentes\/409250\/camara-aprova-urgencia-para-pl-que-equipara-aborto-a-homicidio<\/u><\/a>. Acesso em 13 de junho de 2024. <a href=\"#908ba107-3655-41f3-bdcb-b400dbca0380-link\" aria-label=\"Ir para a refer\u00eancia 2 na nota de rodap\u00e9\">\u21a9\ufe0e<\/a><\/li><\/ol>\n\n\n<hr class=\"wp-block-separator has-alpha-channel-opacity\"\/>\n\n\n\n<h2 class=\"wp-block-heading has-text-align-center\" id=\"h-quer-saber-quais-serao-os-proximos-concursos\"><span id=\"quer-saber-quais-serao-os-proximos-concursos\">Quer saber quais ser\u00e3o os pr\u00f3ximos concursos?<\/span><\/h2>\n\n\n\n<p class=\"has-text-align-center\">Confira nossos&nbsp;<a href=\"https:\/\/cj.estrategia.com\/portal\/\" target=\"_blank\" >artigos para Carreiras Jur\u00eddicas<\/a>!<\/p>\n\n\n\n<p class=\"has-text-align-center has-white-color has-pale-cyan-blue-background-color has-text-color has-background has-link-color wp-elements-f3d5123bb0c8e11604d0c8c7f1ea8be8\"><a href=\"https:\/\/www.estrategiaconcursos.com.br\/blog\/concursos-abertos\/\" target=\"_blank\" >Confira os concursos p\u00fablicos abertos<\/a><\/p>\n\n\n\n<p class=\"has-text-align-center has-white-color has-pale-cyan-blue-background-color has-text-color has-background has-link-color wp-elements-94f2aad2f2b05ea3152ac5320a17d121\"><a href=\"https:\/\/cj.estrategia.com\/portal\/web-stories\/\" target=\"_blank\" >Concursos 2024<\/a><\/p>\n","protected":false},"excerpt":{"rendered":"* Marcos Vin\u00edcius Manso Lopes Gomes. Defensor P\u00fablico do estado de S\u00e3o Paulo. Professor de Direito Constitucional do&hellip;\n","protected":false},"author":54,"featured_media":65991,"comment_status":"open","ping_status":"open","sticky":false,"template":"","format":"standard","meta":{"_jetpack_memberships_contains_paid_content":false,"footnotes":"[{\"content\":\"Dispon\u00edvel em <a href=\\\"https:\/\/www.camara.leg.br\/proposicoesWeb\/prop_mostrarintegra?codteor=2425262&amp;filename=PL%201904\/2024\\\"><u>https:\/\/www.camara.leg.br\/proposicoesWeb\/prop_mostrarintegra?codteor=2425262&amp;filename=PL%201904\/2024<\/u><\/a>. Acesso em 13 de junho de 2024.\",\"id\":\"73fe43ae-a6f4-4a0e-8dbb-6668cd3c6b2b\"},{\"content\":\"Nesse sentido, <a href=\\\"https:\/\/www.me.ufrj.br\/images\/pdfs\/protocolos\/obstetricia\/abortamento.pdf\\\"><u>https:\/\/www.me.ufrj.br\/images\/pdfs\/protocolos\/obstetricia\/abortamento.pdf<\/u><\/a>. Acesso em 13 de junho de 2024. Ou, ent\u00e3o, <a href=\\\"https:\/\/www.migalhas.com.br\/quentes\/409250\/camara-aprova-urgencia-para-pl-que-equipara-aborto-a-homicidio\\\"><u>https:\/\/www.migalhas.com.br\/quentes\/409250\/camara-aprova-urgencia-para-pl-que-equipara-aborto-a-homicidio<\/u><\/a>. Acesso em 13 de junho de 2024.\",\"id\":\"908ba107-3655-41f3-bdcb-b400dbca0380\"}]"},"categories":[1],"tags":[151,170,171,169,172],"tax_estado":[30,31,32,33,34,35,37,38,39,40,41,42,43,44,45,46,47,48,49,50,51,52,53,54,55,56,57],"class_list":{"0":"post-65982","1":"post","2":"type-post","3":"status-publish","4":"format-standard","5":"has-post-thumbnail","7":"category-carreiras-juridicas","8":"tag-aborto","9":"tag-aborto-em-caso-de-estupro","10":"tag-direito-a-vida-2","11":"tag-estupro","12":"tag-projeto-de-lei-1904-2024","13":"tax_estado-ac","14":"tax_estado-al","15":"tax_estado-am","16":"tax_estado-ap","17":"tax_estado-ba","18":"tax_estado-ce","19":"tax_estado-df","20":"tax_estado-es","21":"tax_estado-go","22":"tax_estado-ma","23":"tax_estado-mg","24":"tax_estado-ms","25":"tax_estado-mt","26":"tax_estado-pa","27":"tax_estado-pb","28":"tax_estado-pe","29":"tax_estado-pi","30":"tax_estado-pr","31":"tax_estado-rj","32":"tax_estado-rn","33":"tax_estado-ro","34":"tax_estado-rr","35":"tax_estado-rs","36":"tax_estado-sc","37":"tax_estado-se","38":"tax_estado-sp","39":"tax_estado-to"},"acf":[],"yoast_head":"<!-- This site is optimized with the Yoast SEO Premium plugin v27.4 (Yoast SEO v27.4) - https:\/\/yoast.com\/product\/yoast-seo-premium-wordpress\/ -->\n<title>Projeto de Lei - prazo para aborto em caso de estupro?<\/title>\n<meta name=\"description\" content=\"Est\u00e1 em discuss\u00e3o\u00a0Projeto de Lei que disp\u00f5e sobre a n\u00e3o aplica\u00e7\u00e3o de excludente de punibilidade em casos de gravidez resultante de estupro.\" \/>\n<meta name=\"robots\" content=\"index, follow, max-snippet:-1, max-image-preview:large, max-video-preview:-1\" \/>\n<link rel=\"canonical\" href=\"https:\/\/cj.estrategia.com\/portal\/projeto-lei-prazo-aborto-estupro\/\" \/>\n<meta property=\"og:locale\" content=\"pt_BR\" \/>\n<meta property=\"og:type\" content=\"article\" \/>\n<meta property=\"og:title\" content=\"Projeto de Lei - prazo para aborto em caso de estupro?\" \/>\n<meta property=\"og:description\" content=\"Est\u00e1 em discuss\u00e3o\u00a0Projeto de Lei que disp\u00f5e sobre a n\u00e3o aplica\u00e7\u00e3o de excludente de punibilidade em casos de gravidez resultante de estupro.\" \/>\n<meta property=\"og:url\" content=\"https:\/\/cj.estrategia.com\/portal\/projeto-lei-prazo-aborto-estupro\/\" \/>\n<meta property=\"og:site_name\" content=\"Blog - Carreiras Jur\u00eddicas - Estrat\u00e9gia\" \/>\n<meta property=\"article:publisher\" content=\"https:\/\/www.facebook.com\/estrategiacarreirajuridica\/\" \/>\n<meta property=\"article:published_time\" content=\"2024-06-14T01:24:11+00:00\" \/>\n<meta property=\"article:modified_time\" content=\"2024-06-14T01:24:16+00:00\" \/>\n<meta property=\"og:image\" content=\"https:\/\/cj.estrategia.com\/portal\/wp-content\/uploads\/2024\/06\/13213328\/feto_gravidez_aborto-scaled.jpg\" \/>\n\t<meta property=\"og:image:width\" content=\"2560\" \/>\n\t<meta property=\"og:image:height\" content=\"2560\" \/>\n\t<meta property=\"og:image:type\" content=\"image\/jpeg\" \/>\n<meta name=\"author\" content=\"Marcos Gomes\" \/>\n<meta name=\"twitter:card\" content=\"summary_large_image\" \/>\n<meta name=\"twitter:creator\" content=\"@EstratJuridica\" \/>\n<meta name=\"twitter:site\" content=\"@EstratJuridica\" \/>\n<meta name=\"twitter:label1\" content=\"Escrito por\" \/>\n\t<meta name=\"twitter:data1\" content=\"Marcos Gomes\" \/>\n\t<meta name=\"twitter:label2\" content=\"Est. tempo de leitura\" \/>\n\t<meta name=\"twitter:data2\" content=\"4 minutos\" \/>\n<script type=\"application\/ld+json\" class=\"yoast-schema-graph\">{\"@context\":\"https:\\\/\\\/schema.org\",\"@graph\":[{\"@type\":\"NewsArticle\",\"@id\":\"https:\\\/\\\/cj.estrategia.com\\\/portal\\\/projeto-lei-prazo-aborto-estupro\\\/#article\",\"isPartOf\":{\"@id\":\"https:\\\/\\\/cj.estrategia.com\\\/portal\\\/projeto-lei-prazo-aborto-estupro\\\/\"},\"author\":{\"name\":\"Marcos Gomes\",\"@id\":\"https:\\\/\\\/cj.estrategia.com\\\/portal\\\/#\\\/schema\\\/person\\\/aa7e4ed652b4a209e40869071fda4361\"},\"headline\":\"Projeto de Lei &#8211; prazo para aborto em caso de estupro?\",\"datePublished\":\"2024-06-14T01:24:11+00:00\",\"dateModified\":\"2024-06-14T01:24:16+00:00\",\"mainEntityOfPage\":{\"@id\":\"https:\\\/\\\/cj.estrategia.com\\\/portal\\\/projeto-lei-prazo-aborto-estupro\\\/\"},\"wordCount\":620,\"commentCount\":0,\"publisher\":{\"@id\":\"https:\\\/\\\/cj.estrategia.com\\\/portal\\\/#organization\"},\"image\":{\"@id\":\"https:\\\/\\\/cj.estrategia.com\\\/portal\\\/projeto-lei-prazo-aborto-estupro\\\/#primaryimage\"},\"thumbnailUrl\":\"https:\\\/\\\/cj.estrategia.com\\\/portal\\\/wp-content\\\/uploads\\\/2024\\\/06\\\/13213328\\\/feto_gravidez_aborto-scaled.jpg\",\"keywords\":[\"aborto\",\"aborto em caso de estupro\",\"direito a vida\",\"estupro\",\"projeto de lei 1904\\\/2024\"],\"articleSection\":[\"Carreiras Jur\u00eddicas\"],\"inLanguage\":\"pt-BR\",\"potentialAction\":[{\"@type\":\"CommentAction\",\"name\":\"Comment\",\"target\":[\"https:\\\/\\\/cj.estrategia.com\\\/portal\\\/projeto-lei-prazo-aborto-estupro\\\/#respond\"]}]},{\"@type\":\"WebPage\",\"@id\":\"https:\\\/\\\/cj.estrategia.com\\\/portal\\\/projeto-lei-prazo-aborto-estupro\\\/\",\"url\":\"https:\\\/\\\/cj.estrategia.com\\\/portal\\\/projeto-lei-prazo-aborto-estupro\\\/\",\"name\":\"Projeto de Lei - prazo para aborto em caso de estupro?\",\"isPartOf\":{\"@id\":\"https:\\\/\\\/cj.estrategia.com\\\/portal\\\/#website\"},\"primaryImageOfPage\":{\"@id\":\"https:\\\/\\\/cj.estrategia.com\\\/portal\\\/projeto-lei-prazo-aborto-estupro\\\/#primaryimage\"},\"image\":{\"@id\":\"https:\\\/\\\/cj.estrategia.com\\\/portal\\\/projeto-lei-prazo-aborto-estupro\\\/#primaryimage\"},\"thumbnailUrl\":\"https:\\\/\\\/cj.estrategia.com\\\/portal\\\/wp-content\\\/uploads\\\/2024\\\/06\\\/13213328\\\/feto_gravidez_aborto-scaled.jpg\",\"datePublished\":\"2024-06-14T01:24:11+00:00\",\"dateModified\":\"2024-06-14T01:24:16+00:00\",\"description\":\"Est\u00e1 em discuss\u00e3o\u00a0Projeto de Lei que disp\u00f5e sobre a n\u00e3o aplica\u00e7\u00e3o de excludente de punibilidade em casos de gravidez resultante de estupro.\",\"breadcrumb\":{\"@id\":\"https:\\\/\\\/cj.estrategia.com\\\/portal\\\/projeto-lei-prazo-aborto-estupro\\\/#breadcrumb\"},\"inLanguage\":\"pt-BR\",\"potentialAction\":[{\"@type\":\"ReadAction\",\"target\":[\"https:\\\/\\\/cj.estrategia.com\\\/portal\\\/projeto-lei-prazo-aborto-estupro\\\/\"]}]},{\"@type\":\"ImageObject\",\"inLanguage\":\"pt-BR\",\"@id\":\"https:\\\/\\\/cj.estrategia.com\\\/portal\\\/projeto-lei-prazo-aborto-estupro\\\/#primaryimage\",\"url\":\"https:\\\/\\\/cj.estrategia.com\\\/portal\\\/wp-content\\\/uploads\\\/2024\\\/06\\\/13213328\\\/feto_gravidez_aborto-scaled.jpg\",\"contentUrl\":\"https:\\\/\\\/cj.estrategia.com\\\/portal\\\/wp-content\\\/uploads\\\/2024\\\/06\\\/13213328\\\/feto_gravidez_aborto-scaled.jpg\",\"width\":2560,\"height\":2560},{\"@type\":\"BreadcrumbList\",\"@id\":\"https:\\\/\\\/cj.estrategia.com\\\/portal\\\/projeto-lei-prazo-aborto-estupro\\\/#breadcrumb\",\"itemListElement\":[{\"@type\":\"ListItem\",\"position\":1,\"name\":\"In\u00edcio\",\"item\":\"https:\\\/\\\/cj.estrategia.com\\\/portal\\\/\"},{\"@type\":\"ListItem\",\"position\":2,\"name\":\"Projeto de Lei &#8211; prazo para aborto em caso de estupro?\"}]},{\"@type\":\"WebSite\",\"@id\":\"https:\\\/\\\/cj.estrategia.com\\\/portal\\\/#website\",\"url\":\"https:\\\/\\\/cj.estrategia.com\\\/portal\\\/\",\"name\":\"Blog - Carreiras Jur\u00eddicas - Estrat\u00e9gia\",\"description\":\"\",\"publisher\":{\"@id\":\"https:\\\/\\\/cj.estrategia.com\\\/portal\\\/#organization\"},\"potentialAction\":[{\"@type\":\"SearchAction\",\"target\":{\"@type\":\"EntryPoint\",\"urlTemplate\":\"https:\\\/\\\/cj.estrategia.com\\\/portal\\\/?s={search_term_string}\"},\"query-input\":{\"@type\":\"PropertyValueSpecification\",\"valueRequired\":true,\"valueName\":\"search_term_string\"}}],\"inLanguage\":\"pt-BR\"},{\"@type\":\"Organization\",\"@id\":\"https:\\\/\\\/cj.estrategia.com\\\/portal\\\/#organization\",\"name\":\"Estrat\u00e9gia - Carreiras Jur\u00eddicas\",\"url\":\"https:\\\/\\\/cj.estrategia.com\\\/portal\\\/\",\"logo\":{\"@type\":\"ImageObject\",\"inLanguage\":\"pt-BR\",\"@id\":\"https:\\\/\\\/cj.estrategia.com\\\/portal\\\/#\\\/schema\\\/logo\\\/image\\\/\",\"url\":\"https:\\\/\\\/cj.estrategia.com\\\/portal\\\/wp-content\\\/uploads\\\/2022\\\/03\\\/11151052\\\/cj-logo.png\",\"contentUrl\":\"https:\\\/\\\/cj.estrategia.com\\\/portal\\\/wp-content\\\/uploads\\\/2022\\\/03\\\/11151052\\\/cj-logo.png\",\"width\":150,\"height\":39,\"caption\":\"Estrat\u00e9gia - Carreiras Jur\u00eddicas\"},\"image\":{\"@id\":\"https:\\\/\\\/cj.estrategia.com\\\/portal\\\/#\\\/schema\\\/logo\\\/image\\\/\"},\"sameAs\":[\"https:\\\/\\\/www.facebook.com\\\/estrategiacarreirajuridica\\\/\",\"https:\\\/\\\/x.com\\\/EstratJuridica\",\"https:\\\/\\\/www.instagram.com\\\/estrategiacarreirajuridica\\\/\",\"https:\\\/\\\/www.youtube.com\\\/channel\\\/UClbMGuYbj2Mh1m3w144ETWQ\"]},{\"@type\":\"Person\",\"@id\":\"https:\\\/\\\/cj.estrategia.com\\\/portal\\\/#\\\/schema\\\/person\\\/aa7e4ed652b4a209e40869071fda4361\",\"name\":\"Marcos Gomes\",\"image\":{\"@type\":\"ImageObject\",\"inLanguage\":\"pt-BR\",\"@id\":\"https:\\\/\\\/cj.estrategia.com\\\/portal\\\/wp-content\\\/uploads\\\/2023\\\/06\\\/01191815\\\/IMG_8949-96x96.jpg\",\"url\":\"https:\\\/\\\/cj.estrategia.com\\\/portal\\\/wp-content\\\/uploads\\\/2023\\\/06\\\/01191815\\\/IMG_8949-96x96.jpg\",\"contentUrl\":\"https:\\\/\\\/cj.estrategia.com\\\/portal\\\/wp-content\\\/uploads\\\/2023\\\/06\\\/01191815\\\/IMG_8949-96x96.jpg\",\"caption\":\"Marcos Gomes\"},\"description\":\"Defensor P\u00fablico do Estado de S\u00e3o Paulo. Especialista em Direito P\u00fablico. Professor de Direito Constitucional e Princ\u00edpios Institucionais no Estrat\u00e9gia Carreiras Jur\u00eddicas. Coordenador da Cole\u00e7\u00e3o Defensoria Ponto a Ponto.\",\"url\":\"https:\\\/\\\/cj.estrategia.com\\\/portal\\\/author\\\/marcos-gomes\\\/\"}]}<\/script>\n<!-- \/ Yoast SEO Premium plugin. -->","yoast_head_json":{"title":"Projeto de Lei - prazo para aborto em caso de estupro?","description":"Est\u00e1 em discuss\u00e3o\u00a0Projeto de Lei que disp\u00f5e sobre a n\u00e3o aplica\u00e7\u00e3o de excludente de punibilidade em casos de gravidez resultante de estupro.","robots":{"index":"index","follow":"follow","max-snippet":"max-snippet:-1","max-image-preview":"max-image-preview:large","max-video-preview":"max-video-preview:-1"},"canonical":"https:\/\/cj.estrategia.com\/portal\/projeto-lei-prazo-aborto-estupro\/","og_locale":"pt_BR","og_type":"article","og_title":"Projeto de Lei - prazo para aborto em caso de estupro?","og_description":"Est\u00e1 em discuss\u00e3o\u00a0Projeto de Lei que disp\u00f5e sobre a n\u00e3o aplica\u00e7\u00e3o de excludente de punibilidade em casos de gravidez resultante de estupro.","og_url":"https:\/\/cj.estrategia.com\/portal\/projeto-lei-prazo-aborto-estupro\/","og_site_name":"Blog - Carreiras Jur\u00eddicas - Estrat\u00e9gia","article_publisher":"https:\/\/www.facebook.com\/estrategiacarreirajuridica\/","article_published_time":"2024-06-14T01:24:11+00:00","article_modified_time":"2024-06-14T01:24:16+00:00","og_image":[{"width":2560,"height":2560,"url":"https:\/\/cj.estrategia.com\/portal\/wp-content\/uploads\/2024\/06\/13213328\/feto_gravidez_aborto-scaled.jpg","type":"image\/jpeg"}],"author":"Marcos Gomes","twitter_card":"summary_large_image","twitter_creator":"@EstratJuridica","twitter_site":"@EstratJuridica","twitter_misc":{"Escrito por":"Marcos Gomes","Est. tempo de leitura":"4 minutos"},"schema":{"@context":"https:\/\/schema.org","@graph":[{"@type":"NewsArticle","@id":"https:\/\/cj.estrategia.com\/portal\/projeto-lei-prazo-aborto-estupro\/#article","isPartOf":{"@id":"https:\/\/cj.estrategia.com\/portal\/projeto-lei-prazo-aborto-estupro\/"},"author":{"name":"Marcos Gomes","@id":"https:\/\/cj.estrategia.com\/portal\/#\/schema\/person\/aa7e4ed652b4a209e40869071fda4361"},"headline":"Projeto de Lei &#8211; prazo para aborto em caso de estupro?","datePublished":"2024-06-14T01:24:11+00:00","dateModified":"2024-06-14T01:24:16+00:00","mainEntityOfPage":{"@id":"https:\/\/cj.estrategia.com\/portal\/projeto-lei-prazo-aborto-estupro\/"},"wordCount":620,"commentCount":0,"publisher":{"@id":"https:\/\/cj.estrategia.com\/portal\/#organization"},"image":{"@id":"https:\/\/cj.estrategia.com\/portal\/projeto-lei-prazo-aborto-estupro\/#primaryimage"},"thumbnailUrl":"https:\/\/cj.estrategia.com\/portal\/wp-content\/uploads\/2024\/06\/13213328\/feto_gravidez_aborto-scaled.jpg","keywords":["aborto","aborto em caso de estupro","direito a vida","estupro","projeto de lei 1904\/2024"],"articleSection":["Carreiras Jur\u00eddicas"],"inLanguage":"pt-BR","potentialAction":[{"@type":"CommentAction","name":"Comment","target":["https:\/\/cj.estrategia.com\/portal\/projeto-lei-prazo-aborto-estupro\/#respond"]}]},{"@type":"WebPage","@id":"https:\/\/cj.estrategia.com\/portal\/projeto-lei-prazo-aborto-estupro\/","url":"https:\/\/cj.estrategia.com\/portal\/projeto-lei-prazo-aborto-estupro\/","name":"Projeto de Lei - prazo para aborto em caso de estupro?","isPartOf":{"@id":"https:\/\/cj.estrategia.com\/portal\/#website"},"primaryImageOfPage":{"@id":"https:\/\/cj.estrategia.com\/portal\/projeto-lei-prazo-aborto-estupro\/#primaryimage"},"image":{"@id":"https:\/\/cj.estrategia.com\/portal\/projeto-lei-prazo-aborto-estupro\/#primaryimage"},"thumbnailUrl":"https:\/\/cj.estrategia.com\/portal\/wp-content\/uploads\/2024\/06\/13213328\/feto_gravidez_aborto-scaled.jpg","datePublished":"2024-06-14T01:24:11+00:00","dateModified":"2024-06-14T01:24:16+00:00","description":"Est\u00e1 em discuss\u00e3o\u00a0Projeto de Lei que disp\u00f5e sobre a n\u00e3o aplica\u00e7\u00e3o de excludente de punibilidade em casos de gravidez resultante de estupro.","breadcrumb":{"@id":"https:\/\/cj.estrategia.com\/portal\/projeto-lei-prazo-aborto-estupro\/#breadcrumb"},"inLanguage":"pt-BR","potentialAction":[{"@type":"ReadAction","target":["https:\/\/cj.estrategia.com\/portal\/projeto-lei-prazo-aborto-estupro\/"]}]},{"@type":"ImageObject","inLanguage":"pt-BR","@id":"https:\/\/cj.estrategia.com\/portal\/projeto-lei-prazo-aborto-estupro\/#primaryimage","url":"https:\/\/cj.estrategia.com\/portal\/wp-content\/uploads\/2024\/06\/13213328\/feto_gravidez_aborto-scaled.jpg","contentUrl":"https:\/\/cj.estrategia.com\/portal\/wp-content\/uploads\/2024\/06\/13213328\/feto_gravidez_aborto-scaled.jpg","width":2560,"height":2560},{"@type":"BreadcrumbList","@id":"https:\/\/cj.estrategia.com\/portal\/projeto-lei-prazo-aborto-estupro\/#breadcrumb","itemListElement":[{"@type":"ListItem","position":1,"name":"In\u00edcio","item":"https:\/\/cj.estrategia.com\/portal\/"},{"@type":"ListItem","position":2,"name":"Projeto de Lei &#8211; prazo para aborto em caso de estupro?"}]},{"@type":"WebSite","@id":"https:\/\/cj.estrategia.com\/portal\/#website","url":"https:\/\/cj.estrategia.com\/portal\/","name":"Blog - Carreiras Jur\u00eddicas - Estrat\u00e9gia","description":"","publisher":{"@id":"https:\/\/cj.estrategia.com\/portal\/#organization"},"potentialAction":[{"@type":"SearchAction","target":{"@type":"EntryPoint","urlTemplate":"https:\/\/cj.estrategia.com\/portal\/?s={search_term_string}"},"query-input":{"@type":"PropertyValueSpecification","valueRequired":true,"valueName":"search_term_string"}}],"inLanguage":"pt-BR"},{"@type":"Organization","@id":"https:\/\/cj.estrategia.com\/portal\/#organization","name":"Estrat\u00e9gia - Carreiras Jur\u00eddicas","url":"https:\/\/cj.estrategia.com\/portal\/","logo":{"@type":"ImageObject","inLanguage":"pt-BR","@id":"https:\/\/cj.estrategia.com\/portal\/#\/schema\/logo\/image\/","url":"https:\/\/cj.estrategia.com\/portal\/wp-content\/uploads\/2022\/03\/11151052\/cj-logo.png","contentUrl":"https:\/\/cj.estrategia.com\/portal\/wp-content\/uploads\/2022\/03\/11151052\/cj-logo.png","width":150,"height":39,"caption":"Estrat\u00e9gia - Carreiras Jur\u00eddicas"},"image":{"@id":"https:\/\/cj.estrategia.com\/portal\/#\/schema\/logo\/image\/"},"sameAs":["https:\/\/www.facebook.com\/estrategiacarreirajuridica\/","https:\/\/x.com\/EstratJuridica","https:\/\/www.instagram.com\/estrategiacarreirajuridica\/","https:\/\/www.youtube.com\/channel\/UClbMGuYbj2Mh1m3w144ETWQ"]},{"@type":"Person","@id":"https:\/\/cj.estrategia.com\/portal\/#\/schema\/person\/aa7e4ed652b4a209e40869071fda4361","name":"Marcos Gomes","image":{"@type":"ImageObject","inLanguage":"pt-BR","@id":"https:\/\/cj.estrategia.com\/portal\/wp-content\/uploads\/2023\/06\/01191815\/IMG_8949-96x96.jpg","url":"https:\/\/cj.estrategia.com\/portal\/wp-content\/uploads\/2023\/06\/01191815\/IMG_8949-96x96.jpg","contentUrl":"https:\/\/cj.estrategia.com\/portal\/wp-content\/uploads\/2023\/06\/01191815\/IMG_8949-96x96.jpg","caption":"Marcos Gomes"},"description":"Defensor P\u00fablico do Estado de S\u00e3o Paulo. Especialista em Direito P\u00fablico. Professor de Direito Constitucional e Princ\u00edpios Institucionais no Estrat\u00e9gia Carreiras Jur\u00eddicas. Coordenador da Cole\u00e7\u00e3o Defensoria Ponto a Ponto.","url":"https:\/\/cj.estrategia.com\/portal\/author\/marcos-gomes\/"}]}},"jetpack_featured_media_url":"https:\/\/cj.estrategia.com\/portal\/wp-content\/uploads\/2024\/06\/13213328\/feto_gravidez_aborto-scaled.jpg","jetpack_sharing_enabled":true,"_links":{"self":[{"href":"https:\/\/cj.estrategia.com\/portal\/wp-json\/wp\/v2\/posts\/65982","targetHints":{"allow":["GET"]}}],"collection":[{"href":"https:\/\/cj.estrategia.com\/portal\/wp-json\/wp\/v2\/posts"}],"about":[{"href":"https:\/\/cj.estrategia.com\/portal\/wp-json\/wp\/v2\/types\/post"}],"author":[{"embeddable":true,"href":"https:\/\/cj.estrategia.com\/portal\/wp-json\/wp\/v2\/users\/54"}],"replies":[{"embeddable":true,"href":"https:\/\/cj.estrategia.com\/portal\/wp-json\/wp\/v2\/comments?post=65982"}],"version-history":[{"count":10,"href":"https:\/\/cj.estrategia.com\/portal\/wp-json\/wp\/v2\/posts\/65982\/revisions"}],"predecessor-version":[{"id":66017,"href":"https:\/\/cj.estrategia.com\/portal\/wp-json\/wp\/v2\/posts\/65982\/revisions\/66017"}],"wp:featuredmedia":[{"embeddable":true,"href":"https:\/\/cj.estrategia.com\/portal\/wp-json\/wp\/v2\/media\/65991"}],"wp:attachment":[{"href":"https:\/\/cj.estrategia.com\/portal\/wp-json\/wp\/v2\/media?parent=65982"}],"wp:term":[{"taxonomy":"category","embeddable":true,"href":"https:\/\/cj.estrategia.com\/portal\/wp-json\/wp\/v2\/categories?post=65982"},{"taxonomy":"post_tag","embeddable":true,"href":"https:\/\/cj.estrategia.com\/portal\/wp-json\/wp\/v2\/tags?post=65982"},{"taxonomy":"tax_estado","embeddable":true,"href":"https:\/\/cj.estrategia.com\/portal\/wp-json\/wp\/v2\/tax_estado?post=65982"}],"curies":[{"name":"wp","href":"https:\/\/api.w.org\/{rel}","templated":true}]}}