{"id":65943,"date":"2024-06-13T18:13:43","date_gmt":"2024-06-13T21:13:43","guid":{"rendered":"https:\/\/cj.estrategia.com\/portal\/?p=65943"},"modified":"2024-06-13T18:13:48","modified_gmt":"2024-06-13T21:13:48","slug":"o-envenenamento-dos-caes","status":"publish","type":"post","link":"https:\/\/cj.estrategia.com\/portal\/o-envenenamento-dos-caes\/","title":{"rendered":"O envenenamento dos c\u00e3es no Rio de Janeiro: qual \u00e9 o crime?"},"content":{"rendered":"\n<p>A pol\u00edcia investiga o envenenamento de 40 c\u00e3es, que teriam dado entrada em cl\u00ednicas veterin\u00e1rias com o mesmo quadro de intoxica\u00e7\u00e3o. A reportagem narra que 6 desses c\u00e3es morreram.<\/p>\n\n\n\n<p>*<strong>Guilherme Carneiro de Rezende<\/strong>: <strong>Professor de Processo Penal e de Legisla\u00e7\u00e3o Institucional<\/strong>. <strong>Doutorando e mestre em direito<\/strong>. <strong>Promotor de Justi\u00e7a<\/strong><\/p>\n\n\n<div class=\"wp-block-image\">\n<figure class=\"aligncenter size-full\"><img decoding=\"async\" width=\"652\" height=\"408\" src=\"https:\/\/cj.estrategia.com\/portal\/wp-content\/uploads\/2024\/06\/13174648\/image-18.png\" alt=\"Envenenamento dos c\u00e3es\" class=\"wp-image-65945\" srcset=\"https:\/\/cj.estrategia.com\/portal\/wp-content\/uploads\/2024\/06\/13174648\/image-18.png 652w, https:\/\/cj.estrategia.com\/portal\/wp-content\/uploads\/2024\/06\/13174648\/image-18-300x188.png 300w, https:\/\/cj.estrategia.com\/portal\/wp-content\/uploads\/2024\/06\/13174648\/image-18-380x238.png 380w, https:\/\/cj.estrategia.com\/portal\/wp-content\/uploads\/2024\/06\/13174648\/image-18-150x94.png 150w\" sizes=\"(max-width: 652px) 100vw, 652px\" \/><\/figure>\n<\/div>\n\n\n<ul class=\"wp-block-list\"><\/ul>\n\n\n\n<h2 class=\"wp-block-heading\" id=\"h-1-envenenamento-dos-caes-entenda-o-caso\"><span id=\"1-envenenamento-dos-caes-entenda-o-caso\">1. Envenenamento dos c\u00e3es: entenda o caso<\/span><\/h2>\n\n\n\n<p>A pol\u00edcia investiga o envenenamento de 40 c\u00e3es. A suspeita \u00e9 de que a administra\u00e7\u00e3o de um pr\u00e9dio estaria colocando veneno para matar plantas e ratos, que, acidentalmente, contaminavam os cachorros.<\/p>\n\n\n\n<h3 class=\"wp-block-heading\" id=\"h-1-1-legislacao-aplicavel\"><span id=\"1-1-legislacao-aplicavel\">1.1. Legisla\u00e7\u00e3o aplic\u00e1vel<\/span><\/h3>\n\n\n\n<p>Sobre a legisla\u00e7\u00e3o aplic\u00e1vel ao caso envolvendo o envenenamento dos c\u00e3es, a Lei dos Crimes Ambientais (<a href=\"https:\/\/www.planalto.gov.br\/ccivil_03\/leis\/l9605.htm\">Lei 9.605\/98<\/a>) pune a conduta daquele que pratica ato de abuso, maus-tratos, fere ou mutila animais silvestres, dom\u00e9sticos ou domesticados, nativos ou ex\u00f3ticos, conforme artigo 32.\u00a0<\/p>\n\n\n\n<p>Aten\u00e7\u00e3o, pois o \u00a71\u00ba-A deste mesmo dispositivo (artigo 32), assevera que a pena para essas condutas \u00e9 aumentada, caso se trate de c\u00e3o ou gato.<\/p>\n\n\n\n<p>H\u00e1 uma diferen\u00e7a relevante em termos de pena, se compararmos a conduta prevista no <em>caput<\/em>, e a prevista no \u00a71\u00ba-A. Ela sai de uma deten\u00e7\u00e3o de 3 meses a 1 ano, para reclus\u00e3o de 2 a 5 anos. Isso impacta no rito para processamento da infra\u00e7\u00e3o e na possibilidade de oferecimento de benef\u00edcios despenalizadores.\u00a0<\/p>\n\n\n\n<p>Enquanto\u00a0 figura do tipo b\u00e1sico se processa no juizado especial, pelo procedimento sumar\u00edssimo, a modalidade qualificada segue no ju\u00edzo comum, pelo procedimento comum ordin\u00e1rio.<\/p>\n\n\n\n<p>A primeira delas comporta oferecimento dos benef\u00edcios da transa\u00e7\u00e3o penal e da suspens\u00e3o condicional do processo (Lei 9.099\/95). J\u00e1 a segunda n\u00e3o, admitindo apenas o acordo de n\u00e3o persecu\u00e7\u00e3o penal (artigo 28-A, do CPP).<\/p>\n\n\n\n<p>A conduta tipificada no caput \u00e9 investigada por meio de termo circunstanciado de ocorr\u00eancia. Em caso de pris\u00e3o em flagrante, \u00e9 poss\u00edvel a libera\u00e7\u00e3o imediata do investigado, caso ele se comprometa a comparecer na audi\u00eancia preliminar designada. Por outro lado, o tipo derivado admite pris\u00e3o em flagrante. Aten\u00e7\u00e3o: apenas a autoridade judici\u00e1ria est\u00e1 autorizada a arbitrar fian\u00e7a, por conta da quantidade de pena m\u00e1xima, abstratamente cominada ao crime, conforme artigo 322, do CPP.\u00a0<\/p>\n\n\n\n<p>Veremos, abaixo, o caso concreto que envolveu o envenenamento dos c\u00e3es.<\/p>\n\n\n\n<h3 class=\"wp-block-heading\" id=\"h-2-envenenamento-dos-caes-caso-concreto\"><span id=\"2-envenenamento-dos-caes-caso-concreto\">2. Envenenamento dos c\u00e3es: caso concreto<\/span><\/h3>\n\n\n\n<p>Se se apurar que o veneno estava sendo ministrado aos c\u00e3es de forma dolosa (com consci\u00eancia e vontade dirigida ao fim il\u00edcito), ter\u00edamos a subsun\u00e7\u00e3o ao modelo previsto no \u00a71\u00ba-A, do artigo 32, e, por conta do resultado morte, com a incid\u00eancia da causa de aumento da pena.<\/p>\n\n\n\n<p>Se entendermos que a conduta de envenenamento dos c\u00e3es foi culposa, decorrente da inobserv\u00e2ncia de um dever objetivo de cuidado, por imper\u00edcia, imprud\u00eancia ou neglig\u00eancia, o fato seria at\u00edpico, pois n\u00e3o h\u00e1 previs\u00e3o dessa conduta na modalidade de culpa. \u00c9 bom lembrar que o crime culposo h\u00e1 de ser expressamente previsto em lei, nos termos do artigo 18, II, do CP.<\/p>\n\n\n\n<p>\u00c9 o que parece ter acontecido. O veneno foi ministrado para matar plantas e ratos, por\u00e9m quem o aplicou n\u00e3o teve o cuidado de zelar para que outros animais (e mesmo seres humanos) tivessem com ele algum contato. Isso resultou no fato de que v\u00e1rios c\u00e3es se contaminaram.<\/p>\n\n\n\n<p>Poder\u00edamos pensar que, se o agente dissipa o veneno, sabendo que o lugar \u00e9 frequentado por c\u00e3es e gatos, ele assume o risco de produzir o resultado, o que caracterizaria o dolo eventual (que \u00e9 modalidade de dolo, na forma do artigo 18, I, do CP), devendo ser responsabilizado pelas condutas.\u00a0<\/p>\n\n\n\n<h3 class=\"wp-block-heading\" id=\"h-2-1-relacao-de-causalidade\"><span id=\"2-1-relacao-de-causalidade\">2.1. Rela\u00e7\u00e3o de causalidade<\/span><\/h3>\n\n\n\n<p>Em caso de morte do animal (ou dos animais) \u2013 e a rela\u00e7\u00e3o de causalidade entre a ingest\u00e3o do veneno e o evento morte h\u00e1 de ser demonstrada -, a pena do agente \u00e9 aumentada de um sexto a um ter\u00e7o. Essa exaspera\u00e7\u00e3o ocorre na \u00faltima fase de dosimetria sancionat\u00f3ria, na forma do artigo 68, do CP.<\/p>\n\n\n\n<p>Sobre a rela\u00e7\u00e3o de causalidade \u00e9 necess\u00e1rio que se realize per\u00edcia para atestar a situa\u00e7\u00e3o, pois n\u00e3o demonstrado que a morte adveio da ingest\u00e3o de veneno, afasta-se majorante.<\/p>\n\n\n\n<p>Considerando que foram 40 v\u00edtimas (c\u00e3es envenenados), das quais 6 foram fatais, devem ser consideradas individualmente 40 condutas, correspondendo a 40 crimes aut\u00f4nomos, em concurso formal ou continuidade delitiva, a depender do caso.<\/p>\n\n\n\n<p>Essas figuras implicam exaspera\u00e7\u00e3o da pena, na forma dos artigos 70 (concurso formal) e 71 (continuidade delitiva). Isso reflete na an\u00e1lise sobre a possibilidade de oferecimento do acordo de n\u00e3o persecu\u00e7\u00e3o penal.\u00a0<\/p>\n\n\n\n<p>Ao oferecer den\u00fancia, o Minist\u00e9rio P\u00fablico dever\u00e1 narrar as condutas identificando que foram 40 v\u00edtimas, sob pena de in\u00e9pcia formal, nos termos do artigo 41, do CPP.<\/p>\n\n\n\n<p>Caberia pris\u00e3o em flagrante? A resposta \u00e9 sim, caso em que a fian\u00e7a, como j\u00e1 dito, s\u00f3 poder\u00e1 ser arbitrada pela autoridade judici\u00e1ria.\u00a0<\/p>\n\n\n\n<p class=\"has-text-align-center\"><strong>Quer saber mais sobre os pr\u00f3ximos concursos?<\/strong><\/p>\n\n\n\n<p class=\"has-text-align-center\"><strong>Confira nossos artigos!<\/strong><\/p>\n\n\n\n<p class=\"has-text-align-center has-pale-cyan-blue-background-color has-background\"><a href=\"https:\/\/cj.estrategia.com\/portal\/concursos-abertos-carreiras-juridicas\/\" target=\"_blank\" ><strong>Concursos abertos<\/strong><\/a><\/p>\n\n\n\n<p class=\"has-text-align-center has-pale-cyan-blue-background-color has-background\"><a href=\"https:\/\/cj.estrategia.com\/portal\/concursos-2024-carreiras-juridicas\/\" target=\"_blank\" ><strong>Concursos 2024<\/strong><\/a><\/p>\n\n\n\n<ol class=\"wp-block-list\"><\/ol>\n\n\n\n<p><\/p>\n","protected":false},"excerpt":{"rendered":"A pol\u00edcia investiga o envenenamento de 40 c\u00e3es, que teriam dado entrada em cl\u00ednicas veterin\u00e1rias com o mesmo&hellip;\n","protected":false},"author":63,"featured_media":65945,"comment_status":"open","ping_status":"open","sticky":false,"template":"","format":"standard","meta":{"_jetpack_memberships_contains_paid_content":false,"footnotes":""},"categories":[1,115],"tags":[],"tax_estado":[30,31,32,33,34,35,36,37,38,39,40,41,42,43,44,45,46,47,48,49,50,51,52,53,54,55,56,57],"class_list":{"0":"post-65943","1":"post","2":"type-post","3":"status-publish","4":"format-standard","5":"has-post-thumbnail","7":"category-carreiras-juridicas","8":"category-noticias","9":"tax_estado-ac","10":"tax_estado-al","11":"tax_estado-am","12":"tax_estado-ap","13":"tax_estado-ba","14":"tax_estado-ce","15":"tax_estado-concursos-federais","16":"tax_estado-df","17":"tax_estado-es","18":"tax_estado-go","19":"tax_estado-ma","20":"tax_estado-mg","21":"tax_estado-ms","22":"tax_estado-mt","23":"tax_estado-pa","24":"tax_estado-pb","25":"tax_estado-pe","26":"tax_estado-pi","27":"tax_estado-pr","28":"tax_estado-rj","29":"tax_estado-rn","30":"tax_estado-ro","31":"tax_estado-rr","32":"tax_estado-rs","33":"tax_estado-sc","34":"tax_estado-se","35":"tax_estado-sp","36":"tax_estado-to"},"acf":[],"yoast_head":"<!-- This site is optimized with the Yoast SEO Premium plugin v27.5 (Yoast SEO v27.5) - https:\/\/yoast.com\/product\/yoast-seo-premium-wordpress\/ -->\n<title>O envenenamento dos c\u00e3es no Rio de Janeiro: qual \u00e9 o crime?<\/title>\n<meta name=\"description\" content=\"Hoje analisaremos, sob a \u00f3tica jur\u00eddica, de uma not\u00edcia que chocou o Brasil: o envenenamento de 40 c\u00e3es no Rio de Janeiro.\" \/>\n<meta name=\"robots\" content=\"index, follow, max-snippet:-1, max-image-preview:large, max-video-preview:-1\" \/>\n<link rel=\"canonical\" href=\"https:\/\/cj.estrategia.com\/portal\/o-envenenamento-dos-caes\/\" \/>\n<meta property=\"og:locale\" content=\"pt_BR\" \/>\n<meta property=\"og:type\" content=\"article\" \/>\n<meta property=\"og:title\" content=\"O envenenamento dos c\u00e3es no Rio de Janeiro: qual \u00e9 o crime?\" \/>\n<meta property=\"og:description\" content=\"Hoje analisaremos, sob a \u00f3tica jur\u00eddica, de uma not\u00edcia que chocou o Brasil: o envenenamento de 40 c\u00e3es no Rio de Janeiro.\" \/>\n<meta property=\"og:url\" content=\"https:\/\/cj.estrategia.com\/portal\/o-envenenamento-dos-caes\/\" \/>\n<meta property=\"og:site_name\" content=\"Blog - Carreiras Jur\u00eddicas - Estrat\u00e9gia\" \/>\n<meta property=\"article:publisher\" content=\"https:\/\/www.facebook.com\/estrategiacarreirajuridica\/\" \/>\n<meta property=\"article:published_time\" content=\"2024-06-13T21:13:43+00:00\" \/>\n<meta property=\"article:modified_time\" content=\"2024-06-13T21:13:48+00:00\" \/>\n<meta property=\"og:image\" content=\"https:\/\/cj.estrategia.com\/portal\/wp-content\/uploads\/2024\/06\/13174648\/image-18.png\" \/>\n\t<meta property=\"og:image:width\" content=\"652\" \/>\n\t<meta property=\"og:image:height\" content=\"408\" \/>\n\t<meta property=\"og:image:type\" content=\"image\/png\" \/>\n<meta name=\"author\" content=\"Guilherme Rezende\" \/>\n<meta name=\"twitter:card\" content=\"summary_large_image\" \/>\n<meta name=\"twitter:creator\" content=\"@EstratJuridica\" \/>\n<meta name=\"twitter:site\" content=\"@EstratJuridica\" \/>\n<meta name=\"twitter:label1\" content=\"Escrito por\" \/>\n\t<meta name=\"twitter:data1\" content=\"Guilherme Rezende\" \/>\n\t<meta name=\"twitter:label2\" content=\"Est. tempo de leitura\" \/>\n\t<meta name=\"twitter:data2\" content=\"5 minutos\" \/>\n<script type=\"application\/ld+json\" class=\"yoast-schema-graph\">{\"@context\":\"https:\\\/\\\/schema.org\",\"@graph\":[{\"@type\":\"NewsArticle\",\"@id\":\"https:\\\/\\\/cj.estrategia.com\\\/portal\\\/o-envenenamento-dos-caes\\\/#article\",\"isPartOf\":{\"@id\":\"https:\\\/\\\/cj.estrategia.com\\\/portal\\\/o-envenenamento-dos-caes\\\/\"},\"author\":{\"name\":\"Guilherme Rezende\",\"@id\":\"https:\\\/\\\/cj.estrategia.com\\\/portal\\\/#\\\/schema\\\/person\\\/b8eb01d117c3441103d953565489f91a\"},\"headline\":\"O envenenamento dos c\u00e3es no Rio de Janeiro: qual \u00e9 o crime?\",\"datePublished\":\"2024-06-13T21:13:43+00:00\",\"dateModified\":\"2024-06-13T21:13:48+00:00\",\"mainEntityOfPage\":{\"@id\":\"https:\\\/\\\/cj.estrategia.com\\\/portal\\\/o-envenenamento-dos-caes\\\/\"},\"wordCount\":856,\"commentCount\":0,\"publisher\":{\"@id\":\"https:\\\/\\\/cj.estrategia.com\\\/portal\\\/#organization\"},\"image\":{\"@id\":\"https:\\\/\\\/cj.estrategia.com\\\/portal\\\/o-envenenamento-dos-caes\\\/#primaryimage\"},\"thumbnailUrl\":\"https:\\\/\\\/cj.estrategia.com\\\/portal\\\/wp-content\\\/uploads\\\/2024\\\/06\\\/13174648\\\/image-18.png\",\"articleSection\":[\"Carreiras Jur\u00eddicas\",\"Not\u00edcias\"],\"inLanguage\":\"pt-BR\",\"potentialAction\":[{\"@type\":\"CommentAction\",\"name\":\"Comment\",\"target\":[\"https:\\\/\\\/cj.estrategia.com\\\/portal\\\/o-envenenamento-dos-caes\\\/#respond\"]}]},{\"@type\":\"WebPage\",\"@id\":\"https:\\\/\\\/cj.estrategia.com\\\/portal\\\/o-envenenamento-dos-caes\\\/\",\"url\":\"https:\\\/\\\/cj.estrategia.com\\\/portal\\\/o-envenenamento-dos-caes\\\/\",\"name\":\"O envenenamento dos c\u00e3es no Rio de Janeiro: qual \u00e9 o crime?\",\"isPartOf\":{\"@id\":\"https:\\\/\\\/cj.estrategia.com\\\/portal\\\/#website\"},\"primaryImageOfPage\":{\"@id\":\"https:\\\/\\\/cj.estrategia.com\\\/portal\\\/o-envenenamento-dos-caes\\\/#primaryimage\"},\"image\":{\"@id\":\"https:\\\/\\\/cj.estrategia.com\\\/portal\\\/o-envenenamento-dos-caes\\\/#primaryimage\"},\"thumbnailUrl\":\"https:\\\/\\\/cj.estrategia.com\\\/portal\\\/wp-content\\\/uploads\\\/2024\\\/06\\\/13174648\\\/image-18.png\",\"datePublished\":\"2024-06-13T21:13:43+00:00\",\"dateModified\":\"2024-06-13T21:13:48+00:00\",\"description\":\"Hoje analisaremos, sob a \u00f3tica jur\u00eddica, de uma not\u00edcia que chocou o Brasil: o envenenamento de 40 c\u00e3es no Rio de Janeiro.\",\"breadcrumb\":{\"@id\":\"https:\\\/\\\/cj.estrategia.com\\\/portal\\\/o-envenenamento-dos-caes\\\/#breadcrumb\"},\"inLanguage\":\"pt-BR\",\"potentialAction\":[{\"@type\":\"ReadAction\",\"target\":[\"https:\\\/\\\/cj.estrategia.com\\\/portal\\\/o-envenenamento-dos-caes\\\/\"]}]},{\"@type\":\"ImageObject\",\"inLanguage\":\"pt-BR\",\"@id\":\"https:\\\/\\\/cj.estrategia.com\\\/portal\\\/o-envenenamento-dos-caes\\\/#primaryimage\",\"url\":\"https:\\\/\\\/cj.estrategia.com\\\/portal\\\/wp-content\\\/uploads\\\/2024\\\/06\\\/13174648\\\/image-18.png\",\"contentUrl\":\"https:\\\/\\\/cj.estrategia.com\\\/portal\\\/wp-content\\\/uploads\\\/2024\\\/06\\\/13174648\\\/image-18.png\",\"width\":652,\"height\":408},{\"@type\":\"BreadcrumbList\",\"@id\":\"https:\\\/\\\/cj.estrategia.com\\\/portal\\\/o-envenenamento-dos-caes\\\/#breadcrumb\",\"itemListElement\":[{\"@type\":\"ListItem\",\"position\":1,\"name\":\"In\u00edcio\",\"item\":\"https:\\\/\\\/cj.estrategia.com\\\/portal\\\/\"},{\"@type\":\"ListItem\",\"position\":2,\"name\":\"O envenenamento dos c\u00e3es no Rio de Janeiro: qual \u00e9 o crime?\"}]},{\"@type\":\"WebSite\",\"@id\":\"https:\\\/\\\/cj.estrategia.com\\\/portal\\\/#website\",\"url\":\"https:\\\/\\\/cj.estrategia.com\\\/portal\\\/\",\"name\":\"Blog - Carreiras Jur\u00eddicas - Estrat\u00e9gia\",\"description\":\"\",\"publisher\":{\"@id\":\"https:\\\/\\\/cj.estrategia.com\\\/portal\\\/#organization\"},\"potentialAction\":[{\"@type\":\"SearchAction\",\"target\":{\"@type\":\"EntryPoint\",\"urlTemplate\":\"https:\\\/\\\/cj.estrategia.com\\\/portal\\\/?s={search_term_string}\"},\"query-input\":{\"@type\":\"PropertyValueSpecification\",\"valueRequired\":true,\"valueName\":\"search_term_string\"}}],\"inLanguage\":\"pt-BR\"},{\"@type\":\"Organization\",\"@id\":\"https:\\\/\\\/cj.estrategia.com\\\/portal\\\/#organization\",\"name\":\"Estrat\u00e9gia - Carreiras Jur\u00eddicas\",\"url\":\"https:\\\/\\\/cj.estrategia.com\\\/portal\\\/\",\"logo\":{\"@type\":\"ImageObject\",\"inLanguage\":\"pt-BR\",\"@id\":\"https:\\\/\\\/cj.estrategia.com\\\/portal\\\/#\\\/schema\\\/logo\\\/image\\\/\",\"url\":\"https:\\\/\\\/cj.estrategia.com\\\/portal\\\/wp-content\\\/uploads\\\/2022\\\/03\\\/11151052\\\/cj-logo.png\",\"contentUrl\":\"https:\\\/\\\/cj.estrategia.com\\\/portal\\\/wp-content\\\/uploads\\\/2022\\\/03\\\/11151052\\\/cj-logo.png\",\"width\":150,\"height\":39,\"caption\":\"Estrat\u00e9gia - Carreiras Jur\u00eddicas\"},\"image\":{\"@id\":\"https:\\\/\\\/cj.estrategia.com\\\/portal\\\/#\\\/schema\\\/logo\\\/image\\\/\"},\"sameAs\":[\"https:\\\/\\\/www.facebook.com\\\/estrategiacarreirajuridica\\\/\",\"https:\\\/\\\/x.com\\\/EstratJuridica\",\"https:\\\/\\\/www.instagram.com\\\/estrategiacarreirajuridica\\\/\",\"https:\\\/\\\/www.youtube.com\\\/channel\\\/UClbMGuYbj2Mh1m3w144ETWQ\"]},{\"@type\":\"Person\",\"@id\":\"https:\\\/\\\/cj.estrategia.com\\\/portal\\\/#\\\/schema\\\/person\\\/b8eb01d117c3441103d953565489f91a\",\"name\":\"Guilherme Rezende\",\"image\":{\"@type\":\"ImageObject\",\"inLanguage\":\"pt-BR\",\"@id\":\"https:\\\/\\\/cj.estrategia.com\\\/portal\\\/wp-content\\\/uploads\\\/2024\\\/02\\\/22174655\\\/professor-guilherme-resende-estrategia-concursos-ecj-96x96.jpeg\",\"url\":\"https:\\\/\\\/cj.estrategia.com\\\/portal\\\/wp-content\\\/uploads\\\/2024\\\/02\\\/22174655\\\/professor-guilherme-resende-estrategia-concursos-ecj-96x96.jpeg\",\"contentUrl\":\"https:\\\/\\\/cj.estrategia.com\\\/portal\\\/wp-content\\\/uploads\\\/2024\\\/02\\\/22174655\\\/professor-guilherme-resende-estrategia-concursos-ecj-96x96.jpeg\",\"caption\":\"Guilherme Rezende\"},\"description\":\"Professor Guilherme Rezende \u00e9 promotor de justi\u00e7a no Paran\u00e1, com uma carreira s\u00f3lida e impactante no campo jur\u00eddico. Al\u00e9m de sua atua\u00e7\u00e3o como promotor, ele possui mestrado em Direito e acumula experi\u00eancia como Ex-Procurador da Fazenda Nacional, Ex-Defensor P\u00fablico da Uni\u00e3o e Ex-Oficial de Apoio Judicial no TJMG. Destaca-se tamb\u00e9m por ter sido aprovado nos concursos de analista do TRF-1 e do MPU, consolidando sua compet\u00eancia e dedica\u00e7\u00e3o no universo jur\u00eddico.\",\"url\":\"https:\\\/\\\/cj.estrategia.com\\\/portal\\\/author\\\/guilherme-rezende\\\/\"}]}<\/script>\n<!-- \/ Yoast SEO Premium plugin. -->","yoast_head_json":{"title":"O envenenamento dos c\u00e3es no Rio de Janeiro: qual \u00e9 o crime?","description":"Hoje analisaremos, sob a \u00f3tica jur\u00eddica, de uma not\u00edcia que chocou o Brasil: o envenenamento de 40 c\u00e3es no Rio de Janeiro.","robots":{"index":"index","follow":"follow","max-snippet":"max-snippet:-1","max-image-preview":"max-image-preview:large","max-video-preview":"max-video-preview:-1"},"canonical":"https:\/\/cj.estrategia.com\/portal\/o-envenenamento-dos-caes\/","og_locale":"pt_BR","og_type":"article","og_title":"O envenenamento dos c\u00e3es no Rio de Janeiro: qual \u00e9 o crime?","og_description":"Hoje analisaremos, sob a \u00f3tica jur\u00eddica, de uma not\u00edcia que chocou o Brasil: o envenenamento de 40 c\u00e3es no Rio de Janeiro.","og_url":"https:\/\/cj.estrategia.com\/portal\/o-envenenamento-dos-caes\/","og_site_name":"Blog - Carreiras Jur\u00eddicas - Estrat\u00e9gia","article_publisher":"https:\/\/www.facebook.com\/estrategiacarreirajuridica\/","article_published_time":"2024-06-13T21:13:43+00:00","article_modified_time":"2024-06-13T21:13:48+00:00","og_image":[{"width":652,"height":408,"url":"https:\/\/cj.estrategia.com\/portal\/wp-content\/uploads\/2024\/06\/13174648\/image-18.png","type":"image\/png"}],"author":"Guilherme Rezende","twitter_card":"summary_large_image","twitter_creator":"@EstratJuridica","twitter_site":"@EstratJuridica","twitter_misc":{"Escrito por":"Guilherme Rezende","Est. tempo de leitura":"5 minutos"},"schema":{"@context":"https:\/\/schema.org","@graph":[{"@type":"NewsArticle","@id":"https:\/\/cj.estrategia.com\/portal\/o-envenenamento-dos-caes\/#article","isPartOf":{"@id":"https:\/\/cj.estrategia.com\/portal\/o-envenenamento-dos-caes\/"},"author":{"name":"Guilherme Rezende","@id":"https:\/\/cj.estrategia.com\/portal\/#\/schema\/person\/b8eb01d117c3441103d953565489f91a"},"headline":"O envenenamento dos c\u00e3es no Rio de Janeiro: qual \u00e9 o crime?","datePublished":"2024-06-13T21:13:43+00:00","dateModified":"2024-06-13T21:13:48+00:00","mainEntityOfPage":{"@id":"https:\/\/cj.estrategia.com\/portal\/o-envenenamento-dos-caes\/"},"wordCount":856,"commentCount":0,"publisher":{"@id":"https:\/\/cj.estrategia.com\/portal\/#organization"},"image":{"@id":"https:\/\/cj.estrategia.com\/portal\/o-envenenamento-dos-caes\/#primaryimage"},"thumbnailUrl":"https:\/\/cj.estrategia.com\/portal\/wp-content\/uploads\/2024\/06\/13174648\/image-18.png","articleSection":["Carreiras Jur\u00eddicas","Not\u00edcias"],"inLanguage":"pt-BR","potentialAction":[{"@type":"CommentAction","name":"Comment","target":["https:\/\/cj.estrategia.com\/portal\/o-envenenamento-dos-caes\/#respond"]}]},{"@type":"WebPage","@id":"https:\/\/cj.estrategia.com\/portal\/o-envenenamento-dos-caes\/","url":"https:\/\/cj.estrategia.com\/portal\/o-envenenamento-dos-caes\/","name":"O envenenamento dos c\u00e3es no Rio de Janeiro: qual \u00e9 o crime?","isPartOf":{"@id":"https:\/\/cj.estrategia.com\/portal\/#website"},"primaryImageOfPage":{"@id":"https:\/\/cj.estrategia.com\/portal\/o-envenenamento-dos-caes\/#primaryimage"},"image":{"@id":"https:\/\/cj.estrategia.com\/portal\/o-envenenamento-dos-caes\/#primaryimage"},"thumbnailUrl":"https:\/\/cj.estrategia.com\/portal\/wp-content\/uploads\/2024\/06\/13174648\/image-18.png","datePublished":"2024-06-13T21:13:43+00:00","dateModified":"2024-06-13T21:13:48+00:00","description":"Hoje analisaremos, sob a \u00f3tica jur\u00eddica, de uma not\u00edcia que chocou o Brasil: o envenenamento de 40 c\u00e3es no Rio de Janeiro.","breadcrumb":{"@id":"https:\/\/cj.estrategia.com\/portal\/o-envenenamento-dos-caes\/#breadcrumb"},"inLanguage":"pt-BR","potentialAction":[{"@type":"ReadAction","target":["https:\/\/cj.estrategia.com\/portal\/o-envenenamento-dos-caes\/"]}]},{"@type":"ImageObject","inLanguage":"pt-BR","@id":"https:\/\/cj.estrategia.com\/portal\/o-envenenamento-dos-caes\/#primaryimage","url":"https:\/\/cj.estrategia.com\/portal\/wp-content\/uploads\/2024\/06\/13174648\/image-18.png","contentUrl":"https:\/\/cj.estrategia.com\/portal\/wp-content\/uploads\/2024\/06\/13174648\/image-18.png","width":652,"height":408},{"@type":"BreadcrumbList","@id":"https:\/\/cj.estrategia.com\/portal\/o-envenenamento-dos-caes\/#breadcrumb","itemListElement":[{"@type":"ListItem","position":1,"name":"In\u00edcio","item":"https:\/\/cj.estrategia.com\/portal\/"},{"@type":"ListItem","position":2,"name":"O envenenamento dos c\u00e3es no Rio de Janeiro: qual \u00e9 o crime?"}]},{"@type":"WebSite","@id":"https:\/\/cj.estrategia.com\/portal\/#website","url":"https:\/\/cj.estrategia.com\/portal\/","name":"Blog - Carreiras Jur\u00eddicas - Estrat\u00e9gia","description":"","publisher":{"@id":"https:\/\/cj.estrategia.com\/portal\/#organization"},"potentialAction":[{"@type":"SearchAction","target":{"@type":"EntryPoint","urlTemplate":"https:\/\/cj.estrategia.com\/portal\/?s={search_term_string}"},"query-input":{"@type":"PropertyValueSpecification","valueRequired":true,"valueName":"search_term_string"}}],"inLanguage":"pt-BR"},{"@type":"Organization","@id":"https:\/\/cj.estrategia.com\/portal\/#organization","name":"Estrat\u00e9gia - Carreiras Jur\u00eddicas","url":"https:\/\/cj.estrategia.com\/portal\/","logo":{"@type":"ImageObject","inLanguage":"pt-BR","@id":"https:\/\/cj.estrategia.com\/portal\/#\/schema\/logo\/image\/","url":"https:\/\/cj.estrategia.com\/portal\/wp-content\/uploads\/2022\/03\/11151052\/cj-logo.png","contentUrl":"https:\/\/cj.estrategia.com\/portal\/wp-content\/uploads\/2022\/03\/11151052\/cj-logo.png","width":150,"height":39,"caption":"Estrat\u00e9gia - Carreiras Jur\u00eddicas"},"image":{"@id":"https:\/\/cj.estrategia.com\/portal\/#\/schema\/logo\/image\/"},"sameAs":["https:\/\/www.facebook.com\/estrategiacarreirajuridica\/","https:\/\/x.com\/EstratJuridica","https:\/\/www.instagram.com\/estrategiacarreirajuridica\/","https:\/\/www.youtube.com\/channel\/UClbMGuYbj2Mh1m3w144ETWQ"]},{"@type":"Person","@id":"https:\/\/cj.estrategia.com\/portal\/#\/schema\/person\/b8eb01d117c3441103d953565489f91a","name":"Guilherme Rezende","image":{"@type":"ImageObject","inLanguage":"pt-BR","@id":"https:\/\/cj.estrategia.com\/portal\/wp-content\/uploads\/2024\/02\/22174655\/professor-guilherme-resende-estrategia-concursos-ecj-96x96.jpeg","url":"https:\/\/cj.estrategia.com\/portal\/wp-content\/uploads\/2024\/02\/22174655\/professor-guilherme-resende-estrategia-concursos-ecj-96x96.jpeg","contentUrl":"https:\/\/cj.estrategia.com\/portal\/wp-content\/uploads\/2024\/02\/22174655\/professor-guilherme-resende-estrategia-concursos-ecj-96x96.jpeg","caption":"Guilherme Rezende"},"description":"Professor Guilherme Rezende \u00e9 promotor de justi\u00e7a no Paran\u00e1, com uma carreira s\u00f3lida e impactante no campo jur\u00eddico. Al\u00e9m de sua atua\u00e7\u00e3o como promotor, ele possui mestrado em Direito e acumula experi\u00eancia como Ex-Procurador da Fazenda Nacional, Ex-Defensor P\u00fablico da Uni\u00e3o e Ex-Oficial de Apoio Judicial no TJMG. Destaca-se tamb\u00e9m por ter sido aprovado nos concursos de analista do TRF-1 e do MPU, consolidando sua compet\u00eancia e dedica\u00e7\u00e3o no universo jur\u00eddico.","url":"https:\/\/cj.estrategia.com\/portal\/author\/guilherme-rezende\/"}]}},"jetpack_featured_media_url":"https:\/\/cj.estrategia.com\/portal\/wp-content\/uploads\/2024\/06\/13174648\/image-18.png","jetpack_sharing_enabled":true,"_links":{"self":[{"href":"https:\/\/cj.estrategia.com\/portal\/wp-json\/wp\/v2\/posts\/65943","targetHints":{"allow":["GET"]}}],"collection":[{"href":"https:\/\/cj.estrategia.com\/portal\/wp-json\/wp\/v2\/posts"}],"about":[{"href":"https:\/\/cj.estrategia.com\/portal\/wp-json\/wp\/v2\/types\/post"}],"author":[{"embeddable":true,"href":"https:\/\/cj.estrategia.com\/portal\/wp-json\/wp\/v2\/users\/63"}],"replies":[{"embeddable":true,"href":"https:\/\/cj.estrategia.com\/portal\/wp-json\/wp\/v2\/comments?post=65943"}],"version-history":[{"count":0,"href":"https:\/\/cj.estrategia.com\/portal\/wp-json\/wp\/v2\/posts\/65943\/revisions"}],"wp:featuredmedia":[{"embeddable":true,"href":"https:\/\/cj.estrategia.com\/portal\/wp-json\/wp\/v2\/media\/65945"}],"wp:attachment":[{"href":"https:\/\/cj.estrategia.com\/portal\/wp-json\/wp\/v2\/media?parent=65943"}],"wp:term":[{"taxonomy":"category","embeddable":true,"href":"https:\/\/cj.estrategia.com\/portal\/wp-json\/wp\/v2\/categories?post=65943"},{"taxonomy":"post_tag","embeddable":true,"href":"https:\/\/cj.estrategia.com\/portal\/wp-json\/wp\/v2\/tags?post=65943"},{"taxonomy":"tax_estado","embeddable":true,"href":"https:\/\/cj.estrategia.com\/portal\/wp-json\/wp\/v2\/tax_estado?post=65943"}],"curies":[{"name":"wp","href":"https:\/\/api.w.org\/{rel}","templated":true}]}}