{"id":65517,"date":"2024-06-08T18:11:56","date_gmt":"2024-06-08T21:11:56","guid":{"rendered":"https:\/\/cj.estrategia.com\/portal\/?p=65517"},"modified":"2024-06-08T18:12:00","modified_gmt":"2024-06-08T21:12:00","slug":"direito-fundamental-a-internet","status":"publish","type":"post","link":"https:\/\/cj.estrategia.com\/portal\/direito-fundamental-a-internet\/","title":{"rendered":"Direito Fundamental \u00e0 Internet: a quest\u00e3o dos ind\u00edgenas"},"content":{"rendered":"\n<p>Ol\u00e1, pessoal. Hoje veremos acerca do tema <strong>direito fundamental \u00e0 internet<\/strong> e as implica\u00e7\u00f5es pr\u00e1ticas da efetiva\u00e7\u00e3o desse direito nas <strong>comunidades ind\u00edgenas<\/strong>.<\/p>\n\n\n\n<p>* <strong>Marcos Vin\u00edcius Manso Lopes Gomes<\/strong>. Defensor P\u00fablico do estado de S\u00e3o Paulo. Professor de Direito Constitucional do Estrat\u00e9gia Carreiras Jur\u00eddicas.<\/p>\n\n\n<div class=\"wp-block-image\">\n<figure class=\"aligncenter size-large\"><img decoding=\"async\" width=\"1024\" height=\"682\" src=\"https:\/\/cj.estrategia.com\/portal\/wp-content\/uploads\/2024\/06\/08175153\/indio-1024x682.jpg\" alt=\"Direito Fundamental \u00e0 Internet\" class=\"wp-image-65528\" srcset=\"https:\/\/cj.estrategia.com\/portal\/wp-content\/uploads\/2024\/06\/08175153\/indio-1024x682.jpg 1024w, https:\/\/cj.estrategia.com\/portal\/wp-content\/uploads\/2024\/06\/08175153\/indio-300x200.jpg 300w, https:\/\/cj.estrategia.com\/portal\/wp-content\/uploads\/2024\/06\/08175153\/indio-768x511.jpg 768w, https:\/\/cj.estrategia.com\/portal\/wp-content\/uploads\/2024\/06\/08175153\/indio-1536x1022.jpg 1536w, https:\/\/cj.estrategia.com\/portal\/wp-content\/uploads\/2024\/06\/08175153\/indio-2048x1363.jpg 2048w, https:\/\/cj.estrategia.com\/portal\/wp-content\/uploads\/2024\/06\/08175153\/indio-380x253.jpg 380w, https:\/\/cj.estrategia.com\/portal\/wp-content\/uploads\/2024\/06\/08175153\/indio-800x532.jpg 800w, https:\/\/cj.estrategia.com\/portal\/wp-content\/uploads\/2024\/06\/08175153\/indio-1160x772.jpg 1160w, https:\/\/cj.estrategia.com\/portal\/wp-content\/uploads\/2024\/06\/08175153\/indio-150x100.jpg 150w, https:\/\/cj.estrategia.com\/portal\/wp-content\/uploads\/2024\/06\/08175153\/indio-scaled.jpg 2560w\" sizes=\"(max-width: 1024px) 100vw, 1024px\" \/><\/figure>\n<\/div>\n\n\n<p><\/p>\n\n\n\n<h2 class=\"wp-block-heading\" id=\"h-1-direito-fundamental-a-internet-questionamento-inicial\"><span id=\"1-direito-fundamental-a-internet-questionamento-inicial\"><strong>1. Direito Fundamental \u00e0 Internet: questionamento inicial<\/strong><\/span><\/h2>\n\n\n\n<ol class=\"wp-block-list\"><\/ol>\n\n\n\n<p>Existe algum dispositivo em nosso ordenamento jur\u00eddico que trabalha um direito fundamental \u00e0 internet? A resposta \u00e9 sim. Desde j\u00e1, importante deixar claro que existe normativa que aborda expressamente o direito \u00e0 internet na ordem constitucional brasileira, considerando que esta n\u00e3o se restringe ao texto constitucional de 1988.<\/p>\n\n\n\n<p><strong>Starlink em Tribos Ind\u00edgenas:<\/strong><\/p>\n\n\n\n<p>A parceria do Governo Federal com a empresa Starlink almejava, dentre outras medidas, conectar 19 mil escolas da regi\u00e3o; monitorar o desmatamento no Amazonas; e possibilitar aux\u00edlio emergencial mais r\u00e1pido, o que antes demorava dias.<\/p>\n\n\n\n<p>Tribos ind\u00edgenas receberam a internet da Starlink. Por\u00e9m, h\u00e1 relatos de v\u00edcios dos mais novos \u00e0 rede<a href=\"#_ftn1\" id=\"_ftnref1\">[1]<\/a>; divis\u00e3o de tribos ind\u00edgenas<a href=\"#_ftn2\" id=\"_ftnref2\">[2]<\/a>; preju\u00edzos em tarefas do cotidiano e at\u00e9 mesmo v\u00edcio em pornografias<a href=\"#_ftn3\" id=\"_ftnref3\">[3]<\/a>.<\/p>\n\n\n\n<h2 class=\"wp-block-heading\" id=\"h-2-direito-fundamental-a-internet-bloco-de-constitucionalidade\"><span id=\"2-direito-fundamental-a-internet-bloco-de-constitucionalidade\">2. Direito Fundamental \u00e0 Internet:<strong> <\/strong>Bloco de Constitucionalidade<\/span><\/h2>\n\n\n\n<p><strong>Bloco de Constitucionalidade:<\/strong> De fato, existe um direito fundamental \u00e0 internet previsto em nosso ordenamento. A ideia de bloco de constitucionalidade, no Brasil, conforme a melhor doutrina, abrange os tratados de Direitos Humanos aprovados formalmente, na forma do art. 5\u00ba, \u00a73\u00ba, CF<a id=\"_ftnref1\" href=\"#_ftn1\">[4]<\/a>.<\/p>\n\n\n\n<blockquote class=\"wp-block-quote is-layout-flow wp-block-quote-is-layout-flow\">\n<p>Constitui\u00e7\u00e3o Federal \u2013 Art. 5\u00ba, \u00a73\u00ba: Os tratados e conven\u00e7\u00f5es internacionais sobre direitos humanos que forem aprovados, em cada Casa do Congresso Nacional, em dois turnos, por tr\u00eas quintos dos votos dos respectivos membros, ser\u00e3o <strong><u>equivalentes \u00e0s emendas constitucionais<\/u><\/strong>. (Inclu\u00eddo pela Emenda Constitucional n\u00ba 45, de 2004).<\/p>\n<\/blockquote>\n\n\n\n<p>Assim, a Conven\u00e7\u00e3o Internacional sobre os direitos das pessoas com defici\u00eancia e seu protocolo facultativo, aprovados em Nova Iorque, foram incorporados no nosso ordenamento jur\u00eddico com os requisitos do art. 5\u00ba, \u00a73\u00ba, CF, passando a integrar o denominado bloco de constitucionalidade.<\/p>\n\n\n\n<p>Essa conven\u00e7\u00e3o, aprovada pelo Decreto n. 6949\/09, previu, expressamente, no art. 21, \u2018c\u2019, o acesso \u00e0 internet, como parte do direito fundamental \u00e0 informa\u00e7\u00e3o, meio que deve ser incentivado, conforme o art. 21, \u201cd\u201d da Conven\u00e7\u00e3o.<\/p>\n\n\n\n<blockquote class=\"wp-block-quote is-layout-flow wp-block-quote-is-layout-flow\">\n<p><strong>Decreto n\u00ba 6949\/2009 <\/strong>\u2013 Promulga a Conven\u00e7\u00e3o Internacional sobre os Direitos das Pessoas com Defici\u00eancia e seu Protocolo Facultativo, assinados em Nova York, em 30 de mar\u00e7o de 2007.<br>Artigo 21- Liberdade de express\u00e3o e de opini\u00e3o e acesso \u00e0 informa\u00e7\u00e3o \u2013 Os Estados Partes tomar\u00e3o todas as medidas apropriadas para assegurar que as pessoas com defici\u00eancia possam exercer seu direito \u00e0 liberdade de express\u00e3o e opini\u00e3o, (\u2026)\u00a0 c) Urgir as entidades privadas que oferecem servi\u00e7os ao p\u00fablico em geral, inclusive por meio da Internet, a fornecer informa\u00e7\u00f5es e servi\u00e7os em formatos acess\u00edveis, que possam ser usados por pessoas com defici\u00eancia; d) Incentivar a m\u00eddia, inclusive os provedores de <strong><u>informa\u00e7\u00e3o pela Internet<\/u><\/strong>, a tornar seus servi\u00e7os acess\u00edveis a pessoas com defici\u00eancia.<\/p>\n<\/blockquote>\n\n\n\n<p>Assim, busca-se concretizar o direito \u00e0 informa\u00e7\u00e3o previsto no art. 226, CF. A previs\u00e3o em tal conven\u00e7\u00e3o integra e prev\u00ea expressamente o direito \u00e0 internet, sendo certo que tal tipo de comunica\u00e7\u00e3o deve ser entendido como direito fundamental, conforme o art. 5\u00ba, \u00a72\u00ba, CF\u201d.<\/p>\n\n\n\n<h2 class=\"wp-block-heading\" id=\"h-3-direito-fundamental-a-internet-cuidados-com-o-tema\"><span id=\"3-direito-fundamental-a-internet-cuidados-com-o-tema\">3. Direito Fundamental \u00e0 Internet: Cuidados com o tema<\/span><\/h2>\n\n\n\n<p>De fato, a concretiza\u00e7\u00e3o do direito fundamental \u00e0 internet pode trazer melhorias para a popula\u00e7\u00e3o ind\u00edgena, tal como utiliza\u00e7\u00e3o da telemedicina, educa\u00e7\u00e3o a dist\u00e2ncia, com\u00e9rcio, lazer, fiscaliza\u00e7\u00e3o e prote\u00e7\u00e3o contra viola\u00e7\u00f5es de direitos humanos, programas de forma\u00e7\u00e3o profissional e at\u00e9 mesmo den\u00fancias de tentativas de destrui\u00e7\u00e3o da natureza<a id=\"_ftnref1\" href=\"#_ftn1\">[5]<\/a>. Por\u00e9m, quando se trata de internet para a popula\u00e7\u00e3o ind\u00edgena, importante analisarmos a situa\u00e7\u00e3o \u201ccum grano salis\u201d.<\/p>\n\n\n\n<p>A <strong>Conven\u00e7\u00e3o n\u00b0 169 da OIT sobre Povos Ind\u00edgenas e Tribais<\/strong>, que trouxe um novo paradigma na prote\u00e7\u00e3o da popula\u00e7\u00e3o ind\u00edgena, deixou de lado a ideia integracionista e passou a respeitar a autodetermina\u00e7\u00e3o, a identidade e a participa\u00e7\u00e3o. Na <strong>Declara\u00e7\u00e3o das Na\u00e7\u00f5es Unidas sobre os Direitos dos Povos Ind\u00edgenas<\/strong>, que trata de uma <em>soft-law<\/em> no \u00e2mbito da ONU, temos a ideia do direito \u00e0 identidade, autodetermina\u00e7\u00e3o e prote\u00e7\u00e3o de direitos fundamentais. Sublinhe-se:<\/p>\n\n\n\n<blockquote class=\"wp-block-quote is-layout-flow wp-block-quote-is-layout-flow\">\n<p><strong>Artigo 1<\/strong><br>Os ind\u00edgenas t\u00eam direito, a t\u00edtulo coletivo ou individual, ao pleno desfrute de todos os direitos humanos e liberdades fundamentais reconhecidos pela Carta das Na\u00e7\u00f5es Unidas, a Declara\u00e7\u00e3o Universal dos Direitos Humanos e o direito internacional dos direitos humanos.<br><strong>Artigo 2<\/strong><br>Os povos e pessoas ind\u00edgenas s\u00e3o livres e iguais a todos os demais povos e indiv\u00edduos e t\u00eam o direito de n\u00e3o serem submetidos a nenhuma forma de discrimina\u00e7\u00e3o no exerc\u00edcio de seus direitos, que esteja fundada, em particular, em sua origem ou identidade ind\u00edgena.<br><strong>Artigo 3<\/strong><br>Os povos ind\u00edgenas t\u00eam direito \u00e0 autodetermina\u00e7\u00e3o. Em virtude desse direito determinam livremente sua condi\u00e7\u00e3o pol\u00edtica e buscam livremente seu desenvolvimento econ\u00f4mico, social e cultural.<br><strong>Artigo 4<\/strong><br>Os povos ind\u00edgenas, no exerc\u00edcio do seu direito \u00e0 autodetermina\u00e7\u00e3o, t\u00eam direito \u00e0 autonomia ou ao autogoverno nas quest\u00f5es relacionadas a seus assuntos internos e locais, assim como a disporem dos meios para financiar suas fun\u00e7\u00f5es aut\u00f4nomas.<br><strong>Artigo 5<\/strong><br>Os povos ind\u00edgenas t\u00eam o direito de conservar e refor\u00e7ar suas pr\u00f3prias institui\u00e7\u00f5es pol\u00edticas, jur\u00eddicas, econ\u00f4micas, sociais e culturais, mantendo ao mesmo tempo seu direito de participar plenamente, caso o desejem, da vida pol\u00edtica, econ\u00f4mica, social e cultural do Estado.<\/p>\n<\/blockquote>\n\n\n\n<h3 class=\"wp-block-heading\" id=\"h-3-1-sistema-interamericano\"><span id=\"3-1-sistema-interamericano\">3.1. Sistema Interamericano<\/span><\/h3>\n\n\n\n<p>No \u00e2mbito do Sistema Interamericano<a id=\"_ftnref1\" href=\"#_ftn1\">[6]<\/a>, temos ainda a <strong>Declara\u00e7\u00e3o Americana sobre o Direito dos Povos Ind\u00edgenas de 2016<\/strong>. Essa declara\u00e7\u00e3o possui importante avan\u00e7o, em sintonia com o Constitucionalismo Latino-Americano, reconhecendo o car\u00e1ter pluricultural. Destaca-se:<\/p>\n\n\n\n<blockquote class=\"wp-block-quote is-layout-flow wp-block-quote-is-layout-flow\">\n<p><strong>Artigo I<br>1.<\/strong> A Declara\u00e7\u00e3o Americana sobre os Direitos dos Povos Ind\u00edgenas aplica-se aos povos ind\u00edgenas das Am\u00e9ricas. 2. A autoidentifica\u00e7\u00e3o como povo ind\u00edgena ser\u00e1 um crit\u00e9rio fundamental para determinar a quem se aplica a presente Declara\u00e7\u00e3o. Os Estados respeitar\u00e3o o direito a essa autoidentifica\u00e7\u00e3o como ind\u00edgena, de forma individual ou coletiva, conforme as pr\u00e1ticas e institui\u00e7\u00f5es pr\u00f3prias de cada povo ind\u00edgena.<br><strong>Artigo II<\/strong><br>Os Estados reconhecem e respeitam o car\u00e1ter pluricultural e multil\u00edngue dos povos ind\u00edgenas que fazem parte integrante de suas sociedades.<br><strong>Artigo X<\/strong><br>Os povos ind\u00edgenas t\u00eam o direito de manter, expressar e desenvolver livremente sua identidade cultural em todos os seus aspectos, livre de toda inten\u00e7\u00e3o externa de assimila\u00e7\u00e3o.<\/p>\n<\/blockquote>\n\n\n\n<h3 class=\"wp-block-heading\" id=\"h-3-2-estatuto-do-indio\"><span id=\"3-2-estatuto-do-indio\"><strong>3.2. Estatuto do \u00cdndio <\/strong><\/span><\/h3>\n\n\n\n<p>No Brasil, temos o denominado <strong>Estatuto do \u00cdndio (Lei 6.001\/73)<\/strong>. Nesse ponto, a nomenclatura merece cr\u00edticas, pois a singularidade \u201c\u00cdndio\u201d em sua nomenclatura \u00e9 incompat\u00edvel com a contempor\u00e2nea ideia de coletividade dos povos ind\u00edgenas. Ademais, o referido estatuto demonstra dispositivos racistas e integracionistas, motivo pelo qual consideramos tais dispositivos do Estatuto n\u00e3o recepcionados pela Constitui\u00e7\u00e3o Federal de 1988.<\/p>\n\n\n\n<h3 class=\"wp-block-heading\" id=\"h-3-3-constituicao-federal-de-1988\"><span id=\"3-3-constituicao-federal-de-1988\"><strong>3.3. Constitui\u00e7\u00e3o Federal de 1988<\/strong><\/span><\/h3>\n\n\n\n<p>Por seu turno, a <strong>Constitui\u00e7\u00e3o Federal de 1988<\/strong>, logo em seus primeiros dispositivos, demonstram a ideia de pluralismo (art. 1\u00ba, V), de autodetermina\u00e7\u00e3o dos povos (art. 4\u00ba, III), bem como a o objetivo de que seja promovido o bem de todos, sem preconceitos de origem, ra\u00e7a, sexo, cor, idade e quaisquer outras formas de discrimina\u00e7\u00e3o (art. 3\u00ba, IV).<\/p>\n\n\n\n<h2 class=\"wp-block-heading\" id=\"h-conclusao\"><span id=\"conclusao\">Conclus\u00e3o <\/span><\/h2>\n\n\n\n<p>Conclui-se que, de fato, a popula\u00e7\u00e3o ind\u00edgena deve ter preservada a sua autodetermina\u00e7\u00e3o, cultura e organiza\u00e7\u00e3o social pr\u00f3pria. <\/p>\n\n\n\n<p>Medidas para melhorias e garantia de direitos fundamentais devem ser adotadas, sendo certo que algumas pol\u00edticas devem ser realizadas com a participa\u00e7\u00e3o efetiva dos grupos afetados, estudos pr\u00e9vios, an\u00e1lises t\u00e9cnicas e extremo cuidado, evitando-se concretizar pol\u00edticas p\u00fablicas que afetem negativamente costumes, cren\u00e7as e tradi\u00e7\u00f5es, especialmente em rela\u00e7\u00e3o ao direito fundamental \u00e0 internet.<\/p>\n\n\n\n<h2 class=\"wp-block-heading\" id=\"h-referencias\"><span id=\"referencias\"><strong>REFER\u00caNCIAS:<\/strong><\/span><\/h2>\n\n\n\n[1] Dispon\u00edvel em <a href=\"https:\/\/olhardigital.com.br\/2024\/06\/06\/internet-e-redes-sociais\/indigenas-na-amazonia-recebem-internet-da-starlink\/\">https:\/\/olhardigital.com.br\/2024\/06\/06\/internet-e-redes-sociais\/indigenas-na-amazonia-recebem-internet-da-starlink\/<\/a>. Acesso em 08 de junho de 2024.<\/p>\n\n\n\n[2] Dispon\u00edvel em <a href=\"https:\/\/www1.folha.uol.com.br\/cotidiano\/2024\/06\/starlink-de-elon-musk-leva-internet-a-aldeia-isolada-na-amazonia-e-a-divide-por-dentro.shtml\">https:\/\/www1.folha.uol.com.br\/cotidiano\/2024\/06\/starlink-de-elon-musk-leva-internet-a-aldeia-isolada-na-amazonia-e-a-divide-por-dentro.shtml<\/a>. Acesso em 08 de junho de 2024. <\/p>\n\n\n\n[3] Dispon\u00edvel em <a href=\"https:\/\/emoff.correiobraziliense.com.br\/curiosidades\/indigenas-ganham-internet-se-viciam-em-pornografia-e-deixam-de-cacar\/\">https:\/\/emoff.correiobraziliense.com.br\/curiosidades\/indigenas-ganham-internet-se-viciam-em-pornografia-e-deixam-de-cacar\/<\/a>. Acesso em 08 de junho de 2024.<\/p>\n\n\n\n[4] Vejamos os documentos importantes acerca dos tratados incorporados na forma do art. 5\u00ba, \u00a73\u00ba, CF:<\/p>\n\n\n\n<h4 class=\"wp-block-heading\" id=\"h-a-decreto-legislativo-n\u00ba-186-de-9-7-2008-direito-fundamental-a-internet\"><span id=\"a-decreto-legislativo-no-186-de-9-7-2008-direito-fundamental-a-internet\">a) Decreto Legislativo n\u00ba 186, de 9.7.2008 (direito fundamental \u00e0 internet)<\/span><\/h4>\n\n\n\n<p>Aprova o texto da Conven\u00e7\u00e3o sobre os Direitos das Pessoas com Defici\u00eancia e de seu Protocolo Facultativo, assinados em Nova Iorque, em 30 de mar\u00e7o de 2007;<\/p>\n\n\n\n<h4 class=\"wp-block-heading\" id=\"h-b-decreto-n\u00ba-6-949-de-25-8-2009-direito-fundamental-a-internet\"><span id=\"b-decreto-no-6-949-de-25-8-2009-direito-fundamental-a-internet\">b) Decreto n\u00ba 6.949, de 25.8.2009 (direito fundamental \u00e0 internet)<\/span><\/h4>\n\n\n\n<p>Promulga a Conven\u00e7\u00e3o Internacional sobre os Direitos das Pessoas com Defici\u00eancia e seu Protocolo Facultativo, assinados em Nova York, em 30 de mar\u00e7o de 2007;<\/p>\n\n\n\n<h4 class=\"wp-block-heading\" id=\"h-c-decreto-legislativo-n\u00ba-261-de-25-11-2015-direito-fundamental-a-internet\"><span id=\"c-decreto-legislativo-no-261-de-25-11-2015-direito-fundamental-a-internet\">c)  Decreto Legislativo n\u00ba 261, de 25.11.2015 (direito fundamental \u00e0 internet) <\/span><\/h4>\n\n\n\n<p>Aprova o texto do Tratado de Marraqueche para Facilitar o Acesso a Obras Publicadas \u00e0s Pessoas Cegas, com Defici\u00eancia Visual ou com outras Dificuldades para Ter Acesso ao Texto Impresso, conclu\u00eddo no \u00e2mbito da Organiza\u00e7\u00e3o Mundial da Propriedade Intelectual (OMPI), celebrado em Marraqueche, em 28 de junho de 2013; <\/p>\n\n\n\n<h4 class=\"wp-block-heading\" id=\"h-d-decreto-n\u00ba-9-522-de-8-10-2018-direito-fundamental-a-internet\"><span id=\"d-decreto-no-9-522-de-8-10-2018-direito-fundamental-a-internet\">d) Decreto n\u00ba 9.522, de 8.10.2018 (direito fundamental \u00e0 internet)<\/span><\/h4>\n\n\n\n<p>Promulga o Tratado de Marraqueche para Facilitar o Acesso a Obras Publicadas \u00e0s Pessoas Cegas, com Defici\u00eancia Visual ou com Outras Dificuldades para Ter Acesso ao Texto Impresso, firmado em Marraqueche, em 27 de junho de 2013; <\/p>\n\n\n\n<h4 class=\"wp-block-heading\" id=\"h-e-decreto-legislativo-n\u00ba-1-de-18-2-2021-direito-fundamental-a-internet\"><span id=\"e-decreto-legislativo-no-1-de-18-2-2021-direito-fundamental-a-internet\">e) Decreto Legislativo n\u00ba 1, de 18.2.2021 (direito fundamental \u00e0 internet)<\/span><\/h4>\n\n\n\n<p>Aprova o texto da Conven\u00e7\u00e3o Interamericana contra o Racismo, a Discrimina\u00e7\u00e3o Racial e Formas Correlatas de Intoler\u00e2ncia, adotada na Guatemala, por ocasi\u00e3o da 43\u00aa Sess\u00e3o Ordin\u00e1ria da Assembleia Geral da Organiza\u00e7\u00e3o dos Estados Americanos, em 5 de junho de 2013; Decreto n\u00ba 10.932, de 10.1.2022 \u2013 Promulga a Conven\u00e7\u00e3o Interamericana contra o Racismo, a Discrimina\u00e7\u00e3o Racial e Formas Correlatas de Intoler\u00e2ncia, firmado pela Rep\u00fablica Federativa do Brasil, na Guatemala, em 5 de junho de 2013.<\/p>\n\n\n\n[5] Nesse sentido: <a href=\"https:\/\/www.nic.br\/noticia\/na-midia\/starlink-a-internet-de-elon-musk-leva-euforia-e-medo-para-a-amazonia\/\">https:\/\/www.nic.br\/noticia\/na-midia\/starlink-a-internet-de-elon-musk-leva-euforia-e-medo-para-a-amazonia\/<\/a>. Acesso em 08 de junho de 2024.<\/p>\n\n\n\n[6] Nesse \u00e2mbito, recomendamos aos alunos o estudo dos seguintes casos: Caso da Comunidade Mayagna (Sumo) Awas Tingni Vs. Nicar\u00e1gua e Caso do Povo Ind\u00edgena Xucuru e seus membros x Brasil.<\/p>\n\n\n\n<p class=\"has-text-align-center\"><strong>Quer saber mais sobre os pr\u00f3ximos concursos?<\/strong><\/p>\n\n\n\n<p class=\"has-text-align-center\"><strong>Confira nossos artigos!<\/strong><\/p>\n\n\n\n<p class=\"has-text-align-center has-pale-cyan-blue-background-color has-background\"><a href=\"https:\/\/cj.estrategia.com\/portal\/concursos-abertos-carreiras-juridicas\/\" target=\"_blank\" ><strong>Concursos abertos<\/strong><\/a><\/p>\n\n\n\n<p class=\"has-text-align-center has-pale-cyan-blue-background-color has-background\"><a href=\"https:\/\/cj.estrategia.com\/portal\/concursos-2024-carreiras-juridicas\/\" target=\"_blank\" ><strong>Concursos 2024<\/strong><\/a><\/p>\n","protected":false},"excerpt":{"rendered":"Ol\u00e1, pessoal. Hoje veremos acerca do tema direito fundamental \u00e0 internet e as implica\u00e7\u00f5es pr\u00e1ticas da efetiva\u00e7\u00e3o desse&hellip;\n","protected":false},"author":54,"featured_media":65538,"comment_status":"open","ping_status":"open","sticky":false,"template":"","format":"standard","meta":{"_jetpack_memberships_contains_paid_content":false,"footnotes":""},"categories":[1],"tags":[],"tax_estado":[30,31,32,33,34,35,36,37,38,39,40,41,42,43,44,45,46,47,48,49,50,51,52,53,54,55,56,57],"class_list":{"0":"post-65517","1":"post","2":"type-post","3":"status-publish","4":"format-standard","5":"has-post-thumbnail","7":"category-carreiras-juridicas","8":"tax_estado-ac","9":"tax_estado-al","10":"tax_estado-am","11":"tax_estado-ap","12":"tax_estado-ba","13":"tax_estado-ce","14":"tax_estado-concursos-federais","15":"tax_estado-df","16":"tax_estado-es","17":"tax_estado-go","18":"tax_estado-ma","19":"tax_estado-mg","20":"tax_estado-ms","21":"tax_estado-mt","22":"tax_estado-pa","23":"tax_estado-pb","24":"tax_estado-pe","25":"tax_estado-pi","26":"tax_estado-pr","27":"tax_estado-rj","28":"tax_estado-rn","29":"tax_estado-ro","30":"tax_estado-rr","31":"tax_estado-rs","32":"tax_estado-sc","33":"tax_estado-se","34":"tax_estado-sp","35":"tax_estado-to"},"acf":[],"yoast_head":"<!-- This site is optimized with the Yoast SEO Premium plugin v27.5 (Yoast SEO v27.5) - https:\/\/yoast.com\/product\/yoast-seo-premium-wordpress\/ -->\n<title>Direito Fundamental \u00e0 Internet: a quest\u00e3o dos ind\u00edgenas<\/title>\n<meta name=\"description\" content=\"Hoje, veremos sobre o tema direito fundamental \u00e0 internet e as implica\u00e7\u00f5es pr\u00e1ticas desse direito nas comunidades ind\u00edgenas.\" \/>\n<meta name=\"robots\" content=\"index, follow, max-snippet:-1, max-image-preview:large, max-video-preview:-1\" \/>\n<link rel=\"canonical\" href=\"https:\/\/cj.estrategia.com\/portal\/direito-fundamental-a-internet\/\" \/>\n<meta property=\"og:locale\" content=\"pt_BR\" \/>\n<meta property=\"og:type\" content=\"article\" \/>\n<meta property=\"og:title\" content=\"Direito Fundamental \u00e0 Internet: a quest\u00e3o dos ind\u00edgenas\" \/>\n<meta property=\"og:description\" content=\"Hoje, veremos sobre o tema direito fundamental \u00e0 internet e as implica\u00e7\u00f5es pr\u00e1ticas desse direito nas comunidades ind\u00edgenas.\" \/>\n<meta property=\"og:url\" content=\"https:\/\/cj.estrategia.com\/portal\/direito-fundamental-a-internet\/\" \/>\n<meta property=\"og:site_name\" content=\"Blog - Carreiras Jur\u00eddicas - Estrat\u00e9gia\" \/>\n<meta property=\"article:publisher\" content=\"https:\/\/www.facebook.com\/estrategiacarreirajuridica\/\" \/>\n<meta property=\"article:published_time\" content=\"2024-06-08T21:11:56+00:00\" \/>\n<meta property=\"article:modified_time\" content=\"2024-06-08T21:12:00+00:00\" \/>\n<meta property=\"og:image\" content=\"https:\/\/cj.estrategia.com\/portal\/wp-content\/uploads\/2024\/06\/08180408\/indio-1-scaled.jpg\" \/>\n\t<meta property=\"og:image:width\" content=\"2560\" \/>\n\t<meta property=\"og:image:height\" content=\"1704\" \/>\n\t<meta property=\"og:image:type\" content=\"image\/jpeg\" \/>\n<meta name=\"author\" content=\"Marcos Gomes\" \/>\n<meta name=\"twitter:card\" content=\"summary_large_image\" \/>\n<meta name=\"twitter:creator\" content=\"@EstratJuridica\" \/>\n<meta name=\"twitter:site\" content=\"@EstratJuridica\" \/>\n<meta name=\"twitter:label1\" content=\"Escrito por\" \/>\n\t<meta name=\"twitter:data1\" content=\"Marcos Gomes\" \/>\n\t<meta name=\"twitter:label2\" content=\"Est. tempo de leitura\" \/>\n\t<meta name=\"twitter:data2\" content=\"7 minutos\" \/>\n<script type=\"application\/ld+json\" class=\"yoast-schema-graph\">{\"@context\":\"https:\\\/\\\/schema.org\",\"@graph\":[{\"@type\":\"NewsArticle\",\"@id\":\"https:\\\/\\\/cj.estrategia.com\\\/portal\\\/direito-fundamental-a-internet\\\/#article\",\"isPartOf\":{\"@id\":\"https:\\\/\\\/cj.estrategia.com\\\/portal\\\/direito-fundamental-a-internet\\\/\"},\"author\":{\"name\":\"Marcos Gomes\",\"@id\":\"https:\\\/\\\/cj.estrategia.com\\\/portal\\\/#\\\/schema\\\/person\\\/aa7e4ed652b4a209e40869071fda4361\"},\"headline\":\"Direito Fundamental \u00e0 Internet: a quest\u00e3o dos ind\u00edgenas\",\"datePublished\":\"2024-06-08T21:11:56+00:00\",\"dateModified\":\"2024-06-08T21:12:00+00:00\",\"mainEntityOfPage\":{\"@id\":\"https:\\\/\\\/cj.estrategia.com\\\/portal\\\/direito-fundamental-a-internet\\\/\"},\"wordCount\":1695,\"commentCount\":0,\"publisher\":{\"@id\":\"https:\\\/\\\/cj.estrategia.com\\\/portal\\\/#organization\"},\"image\":{\"@id\":\"https:\\\/\\\/cj.estrategia.com\\\/portal\\\/direito-fundamental-a-internet\\\/#primaryimage\"},\"thumbnailUrl\":\"https:\\\/\\\/cj.estrategia.com\\\/portal\\\/wp-content\\\/uploads\\\/2024\\\/06\\\/08180408\\\/indio-1-scaled.jpg\",\"articleSection\":[\"Carreiras Jur\u00eddicas\"],\"inLanguage\":\"pt-BR\",\"potentialAction\":[{\"@type\":\"CommentAction\",\"name\":\"Comment\",\"target\":[\"https:\\\/\\\/cj.estrategia.com\\\/portal\\\/direito-fundamental-a-internet\\\/#respond\"]}]},{\"@type\":\"WebPage\",\"@id\":\"https:\\\/\\\/cj.estrategia.com\\\/portal\\\/direito-fundamental-a-internet\\\/\",\"url\":\"https:\\\/\\\/cj.estrategia.com\\\/portal\\\/direito-fundamental-a-internet\\\/\",\"name\":\"Direito Fundamental \u00e0 Internet: a quest\u00e3o dos ind\u00edgenas\",\"isPartOf\":{\"@id\":\"https:\\\/\\\/cj.estrategia.com\\\/portal\\\/#website\"},\"primaryImageOfPage\":{\"@id\":\"https:\\\/\\\/cj.estrategia.com\\\/portal\\\/direito-fundamental-a-internet\\\/#primaryimage\"},\"image\":{\"@id\":\"https:\\\/\\\/cj.estrategia.com\\\/portal\\\/direito-fundamental-a-internet\\\/#primaryimage\"},\"thumbnailUrl\":\"https:\\\/\\\/cj.estrategia.com\\\/portal\\\/wp-content\\\/uploads\\\/2024\\\/06\\\/08180408\\\/indio-1-scaled.jpg\",\"datePublished\":\"2024-06-08T21:11:56+00:00\",\"dateModified\":\"2024-06-08T21:12:00+00:00\",\"description\":\"Hoje, veremos sobre o tema direito fundamental \u00e0 internet e as implica\u00e7\u00f5es pr\u00e1ticas desse direito nas comunidades ind\u00edgenas.\",\"breadcrumb\":{\"@id\":\"https:\\\/\\\/cj.estrategia.com\\\/portal\\\/direito-fundamental-a-internet\\\/#breadcrumb\"},\"inLanguage\":\"pt-BR\",\"potentialAction\":[{\"@type\":\"ReadAction\",\"target\":[\"https:\\\/\\\/cj.estrategia.com\\\/portal\\\/direito-fundamental-a-internet\\\/\"]}]},{\"@type\":\"ImageObject\",\"inLanguage\":\"pt-BR\",\"@id\":\"https:\\\/\\\/cj.estrategia.com\\\/portal\\\/direito-fundamental-a-internet\\\/#primaryimage\",\"url\":\"https:\\\/\\\/cj.estrategia.com\\\/portal\\\/wp-content\\\/uploads\\\/2024\\\/06\\\/08180408\\\/indio-1-scaled.jpg\",\"contentUrl\":\"https:\\\/\\\/cj.estrategia.com\\\/portal\\\/wp-content\\\/uploads\\\/2024\\\/06\\\/08180408\\\/indio-1-scaled.jpg\",\"width\":2560,\"height\":1704,\"caption\":\"Palmas (TO) - Ind\u00edgenas brasileiros fazem cursos de inform\u00e1tica na \\\"Oca Digital\\\" durante os Jogos Mundiais dos Povos Ind\u00edgenas.( Marcelo Camargo\\\/Ag\u00eancia Brasil)\"},{\"@type\":\"BreadcrumbList\",\"@id\":\"https:\\\/\\\/cj.estrategia.com\\\/portal\\\/direito-fundamental-a-internet\\\/#breadcrumb\",\"itemListElement\":[{\"@type\":\"ListItem\",\"position\":1,\"name\":\"In\u00edcio\",\"item\":\"https:\\\/\\\/cj.estrategia.com\\\/portal\\\/\"},{\"@type\":\"ListItem\",\"position\":2,\"name\":\"Direito Fundamental \u00e0 Internet: a quest\u00e3o dos ind\u00edgenas\"}]},{\"@type\":\"WebSite\",\"@id\":\"https:\\\/\\\/cj.estrategia.com\\\/portal\\\/#website\",\"url\":\"https:\\\/\\\/cj.estrategia.com\\\/portal\\\/\",\"name\":\"Blog - Carreiras Jur\u00eddicas - Estrat\u00e9gia\",\"description\":\"\",\"publisher\":{\"@id\":\"https:\\\/\\\/cj.estrategia.com\\\/portal\\\/#organization\"},\"potentialAction\":[{\"@type\":\"SearchAction\",\"target\":{\"@type\":\"EntryPoint\",\"urlTemplate\":\"https:\\\/\\\/cj.estrategia.com\\\/portal\\\/?s={search_term_string}\"},\"query-input\":{\"@type\":\"PropertyValueSpecification\",\"valueRequired\":true,\"valueName\":\"search_term_string\"}}],\"inLanguage\":\"pt-BR\"},{\"@type\":\"Organization\",\"@id\":\"https:\\\/\\\/cj.estrategia.com\\\/portal\\\/#organization\",\"name\":\"Estrat\u00e9gia - Carreiras Jur\u00eddicas\",\"url\":\"https:\\\/\\\/cj.estrategia.com\\\/portal\\\/\",\"logo\":{\"@type\":\"ImageObject\",\"inLanguage\":\"pt-BR\",\"@id\":\"https:\\\/\\\/cj.estrategia.com\\\/portal\\\/#\\\/schema\\\/logo\\\/image\\\/\",\"url\":\"https:\\\/\\\/cj.estrategia.com\\\/portal\\\/wp-content\\\/uploads\\\/2022\\\/03\\\/11151052\\\/cj-logo.png\",\"contentUrl\":\"https:\\\/\\\/cj.estrategia.com\\\/portal\\\/wp-content\\\/uploads\\\/2022\\\/03\\\/11151052\\\/cj-logo.png\",\"width\":150,\"height\":39,\"caption\":\"Estrat\u00e9gia - Carreiras Jur\u00eddicas\"},\"image\":{\"@id\":\"https:\\\/\\\/cj.estrategia.com\\\/portal\\\/#\\\/schema\\\/logo\\\/image\\\/\"},\"sameAs\":[\"https:\\\/\\\/www.facebook.com\\\/estrategiacarreirajuridica\\\/\",\"https:\\\/\\\/x.com\\\/EstratJuridica\",\"https:\\\/\\\/www.instagram.com\\\/estrategiacarreirajuridica\\\/\",\"https:\\\/\\\/www.youtube.com\\\/channel\\\/UClbMGuYbj2Mh1m3w144ETWQ\"]},{\"@type\":\"Person\",\"@id\":\"https:\\\/\\\/cj.estrategia.com\\\/portal\\\/#\\\/schema\\\/person\\\/aa7e4ed652b4a209e40869071fda4361\",\"name\":\"Marcos Gomes\",\"image\":{\"@type\":\"ImageObject\",\"inLanguage\":\"pt-BR\",\"@id\":\"https:\\\/\\\/cj.estrategia.com\\\/portal\\\/wp-content\\\/uploads\\\/2023\\\/06\\\/01191815\\\/IMG_8949-96x96.jpg\",\"url\":\"https:\\\/\\\/cj.estrategia.com\\\/portal\\\/wp-content\\\/uploads\\\/2023\\\/06\\\/01191815\\\/IMG_8949-96x96.jpg\",\"contentUrl\":\"https:\\\/\\\/cj.estrategia.com\\\/portal\\\/wp-content\\\/uploads\\\/2023\\\/06\\\/01191815\\\/IMG_8949-96x96.jpg\",\"caption\":\"Marcos Gomes\"},\"description\":\"Defensor P\u00fablico do Estado de S\u00e3o Paulo. Especialista em Direito P\u00fablico. Professor de Direito Constitucional e Princ\u00edpios Institucionais no Estrat\u00e9gia Carreiras Jur\u00eddicas. Coordenador da Cole\u00e7\u00e3o Defensoria Ponto a Ponto.\",\"url\":\"https:\\\/\\\/cj.estrategia.com\\\/portal\\\/author\\\/marcos-gomes\\\/\"}]}<\/script>\n<!-- \/ Yoast SEO Premium plugin. -->","yoast_head_json":{"title":"Direito Fundamental \u00e0 Internet: a quest\u00e3o dos ind\u00edgenas","description":"Hoje, veremos sobre o tema direito fundamental \u00e0 internet e as implica\u00e7\u00f5es pr\u00e1ticas desse direito nas comunidades ind\u00edgenas.","robots":{"index":"index","follow":"follow","max-snippet":"max-snippet:-1","max-image-preview":"max-image-preview:large","max-video-preview":"max-video-preview:-1"},"canonical":"https:\/\/cj.estrategia.com\/portal\/direito-fundamental-a-internet\/","og_locale":"pt_BR","og_type":"article","og_title":"Direito Fundamental \u00e0 Internet: a quest\u00e3o dos ind\u00edgenas","og_description":"Hoje, veremos sobre o tema direito fundamental \u00e0 internet e as implica\u00e7\u00f5es pr\u00e1ticas desse direito nas comunidades ind\u00edgenas.","og_url":"https:\/\/cj.estrategia.com\/portal\/direito-fundamental-a-internet\/","og_site_name":"Blog - Carreiras Jur\u00eddicas - Estrat\u00e9gia","article_publisher":"https:\/\/www.facebook.com\/estrategiacarreirajuridica\/","article_published_time":"2024-06-08T21:11:56+00:00","article_modified_time":"2024-06-08T21:12:00+00:00","og_image":[{"width":2560,"height":1704,"url":"https:\/\/cj.estrategia.com\/portal\/wp-content\/uploads\/2024\/06\/08180408\/indio-1-scaled.jpg","type":"image\/jpeg"}],"author":"Marcos Gomes","twitter_card":"summary_large_image","twitter_creator":"@EstratJuridica","twitter_site":"@EstratJuridica","twitter_misc":{"Escrito por":"Marcos Gomes","Est. tempo de leitura":"7 minutos"},"schema":{"@context":"https:\/\/schema.org","@graph":[{"@type":"NewsArticle","@id":"https:\/\/cj.estrategia.com\/portal\/direito-fundamental-a-internet\/#article","isPartOf":{"@id":"https:\/\/cj.estrategia.com\/portal\/direito-fundamental-a-internet\/"},"author":{"name":"Marcos Gomes","@id":"https:\/\/cj.estrategia.com\/portal\/#\/schema\/person\/aa7e4ed652b4a209e40869071fda4361"},"headline":"Direito Fundamental \u00e0 Internet: a quest\u00e3o dos ind\u00edgenas","datePublished":"2024-06-08T21:11:56+00:00","dateModified":"2024-06-08T21:12:00+00:00","mainEntityOfPage":{"@id":"https:\/\/cj.estrategia.com\/portal\/direito-fundamental-a-internet\/"},"wordCount":1695,"commentCount":0,"publisher":{"@id":"https:\/\/cj.estrategia.com\/portal\/#organization"},"image":{"@id":"https:\/\/cj.estrategia.com\/portal\/direito-fundamental-a-internet\/#primaryimage"},"thumbnailUrl":"https:\/\/cj.estrategia.com\/portal\/wp-content\/uploads\/2024\/06\/08180408\/indio-1-scaled.jpg","articleSection":["Carreiras Jur\u00eddicas"],"inLanguage":"pt-BR","potentialAction":[{"@type":"CommentAction","name":"Comment","target":["https:\/\/cj.estrategia.com\/portal\/direito-fundamental-a-internet\/#respond"]}]},{"@type":"WebPage","@id":"https:\/\/cj.estrategia.com\/portal\/direito-fundamental-a-internet\/","url":"https:\/\/cj.estrategia.com\/portal\/direito-fundamental-a-internet\/","name":"Direito Fundamental \u00e0 Internet: a quest\u00e3o dos ind\u00edgenas","isPartOf":{"@id":"https:\/\/cj.estrategia.com\/portal\/#website"},"primaryImageOfPage":{"@id":"https:\/\/cj.estrategia.com\/portal\/direito-fundamental-a-internet\/#primaryimage"},"image":{"@id":"https:\/\/cj.estrategia.com\/portal\/direito-fundamental-a-internet\/#primaryimage"},"thumbnailUrl":"https:\/\/cj.estrategia.com\/portal\/wp-content\/uploads\/2024\/06\/08180408\/indio-1-scaled.jpg","datePublished":"2024-06-08T21:11:56+00:00","dateModified":"2024-06-08T21:12:00+00:00","description":"Hoje, veremos sobre o tema direito fundamental \u00e0 internet e as implica\u00e7\u00f5es pr\u00e1ticas desse direito nas comunidades ind\u00edgenas.","breadcrumb":{"@id":"https:\/\/cj.estrategia.com\/portal\/direito-fundamental-a-internet\/#breadcrumb"},"inLanguage":"pt-BR","potentialAction":[{"@type":"ReadAction","target":["https:\/\/cj.estrategia.com\/portal\/direito-fundamental-a-internet\/"]}]},{"@type":"ImageObject","inLanguage":"pt-BR","@id":"https:\/\/cj.estrategia.com\/portal\/direito-fundamental-a-internet\/#primaryimage","url":"https:\/\/cj.estrategia.com\/portal\/wp-content\/uploads\/2024\/06\/08180408\/indio-1-scaled.jpg","contentUrl":"https:\/\/cj.estrategia.com\/portal\/wp-content\/uploads\/2024\/06\/08180408\/indio-1-scaled.jpg","width":2560,"height":1704,"caption":"Palmas (TO) - Ind\u00edgenas brasileiros fazem cursos de inform\u00e1tica na \"Oca Digital\" durante os Jogos Mundiais dos Povos Ind\u00edgenas.( Marcelo Camargo\/Ag\u00eancia Brasil)"},{"@type":"BreadcrumbList","@id":"https:\/\/cj.estrategia.com\/portal\/direito-fundamental-a-internet\/#breadcrumb","itemListElement":[{"@type":"ListItem","position":1,"name":"In\u00edcio","item":"https:\/\/cj.estrategia.com\/portal\/"},{"@type":"ListItem","position":2,"name":"Direito Fundamental \u00e0 Internet: a quest\u00e3o dos ind\u00edgenas"}]},{"@type":"WebSite","@id":"https:\/\/cj.estrategia.com\/portal\/#website","url":"https:\/\/cj.estrategia.com\/portal\/","name":"Blog - Carreiras Jur\u00eddicas - Estrat\u00e9gia","description":"","publisher":{"@id":"https:\/\/cj.estrategia.com\/portal\/#organization"},"potentialAction":[{"@type":"SearchAction","target":{"@type":"EntryPoint","urlTemplate":"https:\/\/cj.estrategia.com\/portal\/?s={search_term_string}"},"query-input":{"@type":"PropertyValueSpecification","valueRequired":true,"valueName":"search_term_string"}}],"inLanguage":"pt-BR"},{"@type":"Organization","@id":"https:\/\/cj.estrategia.com\/portal\/#organization","name":"Estrat\u00e9gia - Carreiras Jur\u00eddicas","url":"https:\/\/cj.estrategia.com\/portal\/","logo":{"@type":"ImageObject","inLanguage":"pt-BR","@id":"https:\/\/cj.estrategia.com\/portal\/#\/schema\/logo\/image\/","url":"https:\/\/cj.estrategia.com\/portal\/wp-content\/uploads\/2022\/03\/11151052\/cj-logo.png","contentUrl":"https:\/\/cj.estrategia.com\/portal\/wp-content\/uploads\/2022\/03\/11151052\/cj-logo.png","width":150,"height":39,"caption":"Estrat\u00e9gia - Carreiras Jur\u00eddicas"},"image":{"@id":"https:\/\/cj.estrategia.com\/portal\/#\/schema\/logo\/image\/"},"sameAs":["https:\/\/www.facebook.com\/estrategiacarreirajuridica\/","https:\/\/x.com\/EstratJuridica","https:\/\/www.instagram.com\/estrategiacarreirajuridica\/","https:\/\/www.youtube.com\/channel\/UClbMGuYbj2Mh1m3w144ETWQ"]},{"@type":"Person","@id":"https:\/\/cj.estrategia.com\/portal\/#\/schema\/person\/aa7e4ed652b4a209e40869071fda4361","name":"Marcos Gomes","image":{"@type":"ImageObject","inLanguage":"pt-BR","@id":"https:\/\/cj.estrategia.com\/portal\/wp-content\/uploads\/2023\/06\/01191815\/IMG_8949-96x96.jpg","url":"https:\/\/cj.estrategia.com\/portal\/wp-content\/uploads\/2023\/06\/01191815\/IMG_8949-96x96.jpg","contentUrl":"https:\/\/cj.estrategia.com\/portal\/wp-content\/uploads\/2023\/06\/01191815\/IMG_8949-96x96.jpg","caption":"Marcos Gomes"},"description":"Defensor P\u00fablico do Estado de S\u00e3o Paulo. Especialista em Direito P\u00fablico. Professor de Direito Constitucional e Princ\u00edpios Institucionais no Estrat\u00e9gia Carreiras Jur\u00eddicas. Coordenador da Cole\u00e7\u00e3o Defensoria Ponto a Ponto.","url":"https:\/\/cj.estrategia.com\/portal\/author\/marcos-gomes\/"}]}},"jetpack_featured_media_url":"https:\/\/cj.estrategia.com\/portal\/wp-content\/uploads\/2024\/06\/08180408\/indio-1-scaled.jpg","jetpack_sharing_enabled":true,"_links":{"self":[{"href":"https:\/\/cj.estrategia.com\/portal\/wp-json\/wp\/v2\/posts\/65517","targetHints":{"allow":["GET"]}}],"collection":[{"href":"https:\/\/cj.estrategia.com\/portal\/wp-json\/wp\/v2\/posts"}],"about":[{"href":"https:\/\/cj.estrategia.com\/portal\/wp-json\/wp\/v2\/types\/post"}],"author":[{"embeddable":true,"href":"https:\/\/cj.estrategia.com\/portal\/wp-json\/wp\/v2\/users\/54"}],"replies":[{"embeddable":true,"href":"https:\/\/cj.estrategia.com\/portal\/wp-json\/wp\/v2\/comments?post=65517"}],"version-history":[{"count":0,"href":"https:\/\/cj.estrategia.com\/portal\/wp-json\/wp\/v2\/posts\/65517\/revisions"}],"wp:featuredmedia":[{"embeddable":true,"href":"https:\/\/cj.estrategia.com\/portal\/wp-json\/wp\/v2\/media\/65538"}],"wp:attachment":[{"href":"https:\/\/cj.estrategia.com\/portal\/wp-json\/wp\/v2\/media?parent=65517"}],"wp:term":[{"taxonomy":"category","embeddable":true,"href":"https:\/\/cj.estrategia.com\/portal\/wp-json\/wp\/v2\/categories?post=65517"},{"taxonomy":"post_tag","embeddable":true,"href":"https:\/\/cj.estrategia.com\/portal\/wp-json\/wp\/v2\/tags?post=65517"},{"taxonomy":"tax_estado","embeddable":true,"href":"https:\/\/cj.estrategia.com\/portal\/wp-json\/wp\/v2\/tax_estado?post=65517"}],"curies":[{"name":"wp","href":"https:\/\/api.w.org\/{rel}","templated":true}]}}