{"id":65514,"date":"2024-06-16T08:00:00","date_gmt":"2024-06-16T11:00:00","guid":{"rendered":"https:\/\/cj.estrategia.com\/portal\/?p=65514"},"modified":"2024-06-09T12:13:22","modified_gmt":"2024-06-09T15:13:22","slug":"extincao-execucao-fiscal-baixo-valor","status":"publish","type":"post","link":"https:\/\/cj.estrategia.com\/portal\/extincao-execucao-fiscal-baixo-valor\/","title":{"rendered":"Extin\u00e7\u00e3o de execu\u00e7\u00e3o fiscal de baixo valor"},"content":{"rendered":"<div class=\"wp-block-image\">\n<figure class=\"aligncenter size-large is-resized\"><img decoding=\"async\" width=\"1024\" height=\"731\" src=\"https:\/\/cj.estrategia.com\/portal\/wp-content\/uploads\/2024\/06\/08134317\/11212-1024x731.jpg\" alt=\"Extin\u00e7\u00e3o de execu\u00e7\u00e3o fiscal de baixo valor\" class=\"wp-image-65515\" style=\"width:592px;height:auto\" srcset=\"https:\/\/cj.estrategia.com\/portal\/wp-content\/uploads\/2024\/06\/08134317\/11212-1024x731.jpg 1024w, https:\/\/cj.estrategia.com\/portal\/wp-content\/uploads\/2024\/06\/08134317\/11212-300x214.jpg 300w, https:\/\/cj.estrategia.com\/portal\/wp-content\/uploads\/2024\/06\/08134317\/11212-768x549.jpg 768w, https:\/\/cj.estrategia.com\/portal\/wp-content\/uploads\/2024\/06\/08134317\/11212-1536x1097.jpg 1536w, https:\/\/cj.estrategia.com\/portal\/wp-content\/uploads\/2024\/06\/08134317\/11212-2048x1463.jpg 2048w, https:\/\/cj.estrategia.com\/portal\/wp-content\/uploads\/2024\/06\/08134317\/11212-380x271.jpg 380w, https:\/\/cj.estrategia.com\/portal\/wp-content\/uploads\/2024\/06\/08134317\/11212-800x571.jpg 800w, https:\/\/cj.estrategia.com\/portal\/wp-content\/uploads\/2024\/06\/08134317\/11212-1160x828.jpg 1160w, https:\/\/cj.estrategia.com\/portal\/wp-content\/uploads\/2024\/06\/08134317\/11212-150x107.jpg 150w, https:\/\/cj.estrategia.com\/portal\/wp-content\/uploads\/2024\/06\/08134317\/11212-scaled.jpg 2560w\" sizes=\"(max-width: 1024px) 100vw, 1024px\" \/><figcaption class=\"wp-element-caption\">Extin\u00e7\u00e3o de execu\u00e7\u00e3o fiscal de baixo valor<\/figcaption><\/figure>\n<\/div>\n\n\n<p>Neste artigo falaremos sobre o assunto da Extin\u00e7\u00e3o de execu\u00e7\u00e3o fiscal de baixo valor, destacando o entendimento do Supremo Tribunal Federal (STF) relativo ao tema.<\/p>\n\n\n\n<p>De in\u00edcio, destacaremos a base constitucional e legal envolvendo os assuntos que permeiam o tema, principalmente transcrevendo os dispositivos constitucionais e discorrendo sobre os aspectos da Lei n. 9.492\/1997, com destaque para a inclus\u00e3o do par\u00e1grafo \u00fanico em seu artigo 1\u00ba, altera\u00e7\u00e3o promovida pela Lei n. 12.767\/2012.<\/p>\n\n\n\n<p>Na sequ\u00eancia, veremos a controv\u00e9rsia que chegou ao Supremo Tribunal Federal envolvendo a possibilidade de extin\u00e7\u00e3o de execu\u00e7\u00e3o fiscal de baixo valor, por falta de interesse de agir, haja vista modifica\u00e7\u00e3o legislativa posterior ao julgamento do RE 591.033 (Tema 109).<\/p>\n\n\n\n<p>Por fim, abordaremos o que entendeu o STF acerca do assunto, isso \u00e9, qual foi a tese firmada no Tema de Repercuss\u00e3o Geral n\u00ba 1.184.<\/p>\n\n\n\n<p>Vamos ao que interessa!<\/p>\n\n\n\n<div class=\"wp-block-yoast-seo-table-of-contents yoast-table-of-contents\"><h2 id=\"sumario\"><mark style=\"background-color:rgba(0, 0, 0, 0)\" class=\"has-inline-color has-luminous-vivid-orange-color\">Sum\u00e1rio<\/mark><\/h2><ul><li><a href=\"#h-extincao-de-execucao-fiscal-de-baixo-valor\" data-level=\"2\">Extin\u00e7\u00e3o de execu\u00e7\u00e3o fiscal de baixo valor<\/a><ul><li><a href=\"#h-previsoes-constitucionais-relacionadas-ao-tema\" data-level=\"3\">Previs\u00f5es constitucionais relacionadas ao tema<\/a><\/li><li><a href=\"#h-previsoes-legais-relacionadas-ao-tema\" data-level=\"3\">Previs\u00f5es legais relacionadas ao tema<\/a><\/li><li><a href=\"#h-tema-de-repercussao-geral-n\u00ba-1-184-do-stf-extincao-de-execucao-fiscal-de-baixo-valor\" data-level=\"3\">Tema de Repercuss\u00e3o Geral n\u00ba 1.184 do STF (extin\u00e7\u00e3o de execu\u00e7\u00e3o fiscal de baixo valor)<\/a><ul><li><a href=\"#h-contextualizacao-da-controversia-nbsp\" data-level=\"4\">Contextualiza\u00e7\u00e3o da controv\u00e9rsia\u00a0<\/a><\/li><li><a href=\"#h-tese-fixada-pelo-supremo\" data-level=\"4\">Tese fixada pelo Supremo<\/a><\/li><\/ul><\/li><\/ul><\/li><li><a href=\"#h-conclusao\" data-level=\"2\">Conclus\u00e3o<\/a><\/li><li><a href=\"#cursos-ficha\" data-level=\"2\">Quer estudar para Concursos Jur\u00eddicos em 2024?<\/a><\/li><\/ul><\/div>\n\n\n\n<h2 class=\"wp-block-heading has-luminous-vivid-orange-color has-text-color has-link-color wp-elements-af02c2f3f6823f1eef0f5b43e3079cc0\" id=\"h-extincao-de-execucao-fiscal-de-baixo-valor\"><span id=\"extincao-de-execucao-fiscal-de-baixo-valor\">Extin\u00e7\u00e3o de execu\u00e7\u00e3o fiscal de baixo valor<\/span><\/h2>\n\n\n\n<h3 class=\"wp-block-heading has-luminous-vivid-orange-color has-text-color has-link-color wp-elements-e2cc1eaae9051fa028bb4928d3671021\" id=\"h-previsoes-constitucionais-relacionadas-ao-tema\"><span id=\"previsoes-constitucionais-relacionadas-ao-tema\">Previs\u00f5es constitucionais relacionadas ao tema<\/span><\/h3>\n\n\n\n<p>Como veremos abaixo, o Tema de Repercuss\u00e3o Geral n\u00ba 1.184, principal objeto de an\u00e1lise deste artigo, analisou a constitucionalidade da extin\u00e7\u00e3o de execu\u00e7\u00e3o fiscal de baixo valor com base nos artigos 1\u00ba, inciso II; 2\u00ba, 5\u00ba, inciso XXXV; 18; e 150, inciso I e \u00a7 6\u00ba, todos da Constitui\u00e7\u00e3o Federal.<\/p>\n\n\n\n<p>Nessa esteira, vamos transcrev\u00ea-los a seguir:<\/p>\n\n\n\n<blockquote class=\"wp-block-quote is-layout-flow wp-block-quote-is-layout-flow\">\n<p class=\"has-small-font-size\">Art. 1\u00ba A Rep\u00fablica Federativa do Brasil, formada pela uni\u00e3o indissol\u00favel dos Estados e Munic\u00edpios e do Distrito Federal, constitui-se em Estado Democr\u00e1tico de Direito e tem como fundamentos:<\/p>\n\n\n\n<p class=\"has-small-font-size\">(&#8230;)<\/p>\n\n\n\n<p class=\"has-small-font-size\">II &#8211; a cidadania<\/p>\n\n\n\n<p class=\"has-small-font-size\">(&#8230;)<\/p>\n\n\n\n<p class=\"has-small-font-size\">Art. 2\u00ba S\u00e3o Poderes da Uni\u00e3o, independentes e harm\u00f4nicos entre si, o Legislativo, o Executivo e o Judici\u00e1rio.<\/p>\n\n\n\n<p class=\"has-small-font-size\">(&#8230;)<\/p>\n\n\n\n<p class=\"has-small-font-size\">Art. 5\u00ba Todos s\u00e3o iguais perante a lei, sem distin\u00e7\u00e3o de qualquer natureza, garantindo-se aos brasileiros e aos estrangeiros residentes no Pa\u00eds a inviolabilidade do direito \u00e0 vida, \u00e0 liberdade, \u00e0 igualdade, \u00e0 seguran\u00e7a e \u00e0 propriedade, nos termos seguintes:<\/p>\n\n\n\n<p class=\"has-small-font-size\">(&#8230;)<\/p>\n\n\n\n<p class=\"has-small-font-size\">XXXV &#8211; a lei n\u00e3o excluir\u00e1 da aprecia\u00e7\u00e3o do Poder Judici\u00e1rio les\u00e3o ou amea\u00e7a a direito;<\/p>\n\n\n\n<p class=\"has-small-font-size\">(&#8230;)<\/p>\n\n\n\n<p class=\"has-small-font-size\">Art. 18. A organiza\u00e7\u00e3o pol\u00edtico-administrativa da Rep\u00fablica Federativa do Brasil compreende a Uni\u00e3o, os Estados, o Distrito Federal e os Munic\u00edpios, todos aut\u00f4nomos, nos termos desta Constitui\u00e7\u00e3o.<\/p>\n\n\n\n<p class=\"has-small-font-size\">(&#8230;)<\/p>\n\n\n\n<p class=\"has-small-font-size\">Art. 150. Sem preju\u00edzo de outras garantias asseguradas ao contribuinte, \u00e9 vedado \u00e0 Uni\u00e3o, aos Estados, ao Distrito Federal e aos Munic\u00edpios:<\/p>\n\n\n\n<p class=\"has-small-font-size\">I &#8211; exigir ou aumentar tributo sem lei que o estabele\u00e7a;<\/p>\n\n\n\n<p class=\"has-small-font-size\">(&#8230;)<\/p>\n\n\n\n<p class=\"has-small-font-size\">\u00a7 6\u00ba Qualquer subs\u00eddio ou isen\u00e7\u00e3o, redu\u00e7\u00e3o de base de c\u00e1lculo, concess\u00e3o de cr\u00e9dito presumido, anistia ou remiss\u00e3o, relativos a impostos, taxas ou contribui\u00e7\u00f5es, s\u00f3 poder\u00e1 ser concedido mediante lei espec\u00edfica, federal, estadual ou municipal, que regule exclusivamente as mat\u00e9rias acima enumeradas ou o correspondente tributo ou contribui\u00e7\u00e3o, sem preju\u00edzo do disposto no art. 155, \u00a7 2.\u00ba, XII, g.<\/p>\n\n\n\n<p class=\"has-small-font-size\">(&#8230;)<\/p>\n<\/blockquote>\n\n\n\n<h3 class=\"wp-block-heading has-luminous-vivid-orange-color has-text-color has-link-color wp-elements-4b4d8155030c28443e9790fdaff0282a\" id=\"h-previsoes-legais-relacionadas-ao-tema\"><span id=\"previsoes-legais-relacionadas-ao-tema\">Previs\u00f5es legais relacionadas ao tema<\/span><\/h3>\n\n\n\n<p>Tamb\u00e9m veremos que se levou em considera\u00e7\u00e3o, para julgamento do Tema STF n\u00ba 1.184, a inclus\u00e3o do par\u00e1grafo \u00fanico ao artigo 1\u00ba da Lei n. 9.492\/1997, acr\u00e9scimo esse levado a efeito pela Lei n. 12.767\/2012.<\/p>\n\n\n\n<p>A Lei n. 9.492\/1997, dentre outros aspectos, definiu a compet\u00eancia e regulamentou os servi\u00e7os concernentes ao protesto de t\u00edtulos e outros documentos de d\u00edvida. Seu artigo 1\u00ba est\u00e1 assim redigido:<\/p>\n\n\n\n<div class=\"wp-block-group is-style-cnvs-block-bg-light\"><div class=\"wp-block-group__inner-container is-layout-constrained wp-block-group-is-layout-constrained\">\n<p>Art. 1\u00ba Protesto \u00e9 o ato formal e solene pelo qual se prova a inadimpl\u00eancia e o descumprimento de obriga\u00e7\u00e3o originada em t\u00edtulos e outros documentos de d\u00edvida.<\/p>\n\n\n\n<p>Par\u00e1grafo \u00fanico.&nbsp; <strong>Incluem-se entre os t\u00edtulos sujeitos a protesto as certid\u00f5es de d\u00edvida ativa<\/strong> da Uni\u00e3o, dos Estados, do Distrito Federal, dos <strong>Munic\u00edpios<\/strong> e das respectivas autarquias e funda\u00e7\u00f5es p\u00fablicas. (Inclu\u00eddo pela Lei n\u00ba 12.767, de 2012)<\/p>\n<\/div><\/div>\n\n\n\n<p>Como se v\u00ea, o dispositivo em quest\u00e3o incluiu as certid\u00f5es de d\u00edvida ativa (CDAs) dentre os t\u00edtulos sujeitos a protesto.<\/p>\n\n\n\n<p>Com isso, abriu-se a possibilidade de os entes federados, ap\u00f3s inscreverem os contribuintes em d\u00edvida ativa, apresentarem esse t\u00edtulo em cart\u00f3rio.<\/p>\n\n\n\n<p>Desse modo, uma vez protocolado o t\u00edtulo ou documento de d\u00edvida, o Tabeli\u00e3o de Protesto intimar\u00e1 o devedor que, ap\u00f3s sua ci\u00eancia, ter\u00e1 03 dias \u00fateis para pagamento, vide artigos 12, 14 e 20 da Lei 9.492\/1997.<\/p>\n\n\n\n<p>Caso n\u00e3o seja paga, o Tabeli\u00e3o lavrar\u00e1 e registrar\u00e1 o protesto (o que ensejar\u00e1 restri\u00e7\u00f5es ao devedor), sendo o respectivo instrumento entregue ao apresentante do t\u00edtulo\/documento.<\/p>\n\n\n\n<h3 class=\"wp-block-heading has-luminous-vivid-orange-color has-text-color has-link-color wp-elements-36ee0b9f4ddcdd387e73c892c658723a\" id=\"h-tema-de-repercussao-geral-n\u00ba-1-184-do-stf-extincao-de-execucao-fiscal-de-baixo-valor\"><span id=\"tema-de-repercussao-geral-no-1-184-do-stf-extincao-de-execucao-fiscal-de-baixo-valor\">Tema de Repercuss\u00e3o Geral n\u00ba 1.184 do STF (extin\u00e7\u00e3o de execu\u00e7\u00e3o fiscal de baixo valor)<\/span><\/h3>\n\n\n\n<h4 class=\"wp-block-heading has-luminous-vivid-orange-color has-text-color has-link-color wp-elements-00bd750ad90ecf19a6b92c956c7a56b4\" id=\"h-contextualizacao-da-controversia-nbsp\"><span id=\"contextualizacao-da-controversia\">Contextualiza\u00e7\u00e3o da controv\u00e9rsia&nbsp;<\/span><\/h4>\n\n\n\n<p>Permeando todos os dispositivos que mencionamos acima, chegou ao Supremo Tribunal Federal a discuss\u00e3o acerca da <strong>possibilidade de extin\u00e7\u00e3o de execu\u00e7\u00e3o fiscal de baixo valor, por falta de interesse de agir, haja vista modifica\u00e7\u00e3o legislativa posterior ao julgamento do RE 591.033 (Tema 109),<\/strong> que incluiu as certid\u00f5es de d\u00edvida ativa entre os t\u00edtulos sujeitos a protesto (Lei 12.767\/2012), <strong>e a despropor\u00e7\u00e3o dos custos de prosseguimento da a\u00e7\u00e3o judicial<\/strong> considerando os princ\u00edpios da inafastabilidade da jurisdi\u00e7\u00e3o, da separa\u00e7\u00e3o dos poderes e da autonomia dos entes federados (<em>Leading Case <\/em>Recurso Extraordin\u00e1rio n\u00ba 1.355.208 &#8211; <a href=\"https:\/\/portal.stf.jus.br\/jurisprudenciaRepercussao\/verAndamentoProcesso.asp?incidente=6291425&amp;numeroProcesso=1355208&amp;classeProcesso=RE&amp;numeroTema=1184\" target=\"_blank\" >Tema de Repercuss\u00e3o Geral n\u00ba 1.184<\/a>).<\/p>\n\n\n\n<p>Mais especificamente, essa discuss\u00e3o se deu com observ\u00e2ncia do que disp\u00f5e os artigos 1\u00ba, inciso II; 2\u00ba, 5\u00ba, inciso XXXV; 18; e 150, inciso I e \u00a7 6\u00ba, todos da Constitui\u00e7\u00e3o Federal.<\/p>\n\n\n\n<p>Assim, sob a \u00f3tica desses dispositivos, o STF precisou definir se a altera\u00e7\u00e3o legislativa veiculada pelo <a href=\"https:\/\/www.planalto.gov.br\/ccivil_03\/_ato2011-2014\/2012\/lei\/l12767.htm#:~:text=Art.%2025.%20A,n%C3%A3o%20aceitante.%E2%80%9D%20(NR)\" target=\"_blank\" >artigo 25 da Lei n. 12.767\/2012<\/a>, que incluiu as certid\u00f5es de d\u00edvida ativa entre os t\u00edtulos sujeitos a protesto, teria estabelecido quadro normativo que afastaria o decidido por este Plen\u00e1rio do Supremo no julgamento do <a href=\"https:\/\/redir.stf.jus.br\/paginadorpub\/paginador.jsp?docTP=AC&amp;docID=619654\" target=\"_blank\" >Recurso Extraordin\u00e1rio n. 591.033<\/a> (<a href=\"https:\/\/portal.stf.jus.br\/jurisprudenciaRepercussao\/verAndamentoProcesso.asp?incidente=2631680&amp;numeroProcesso=591033&amp;classeProcesso=RE&amp;numeroTema=109\">Tema 109<\/a>).<\/p>\n\n\n\n<p>O Munic\u00edpio recorrente que interp\u00f4s o RE 1.355.208 havia ajuizado a\u00e7\u00e3o de execu\u00e7\u00e3o fiscal em desfavor de empresa que, de acordo com aquele, devia R$528,41 de tributos inscritos em d\u00edvida ativa.<\/p>\n\n\n\n<p>Desse modo, requereu a cita\u00e7\u00e3o do executado para que este, em 05 dias, efetuasse o pagamento do d\u00e9bito, ou garantisse a execu\u00e7\u00e3o, vide artigos 8\u00ba e 9\u00ba da Lei n. 6.830\/1980, sob pena de penhora.<\/p>\n\n\n\n<p>Em 1\u00aa inst\u00e2ncia, o processo foi extinto sem resolu\u00e7\u00e3o do m\u00e9rito, em raz\u00e3o da aus\u00eancia de interesse processual, conforme artigo 485, inciso VI, do C\u00f3digo de Processo Civil.<\/p>\n\n\n\n<p>J\u00e1 em 2\u00aa inst\u00e2ncia, alegou-se ofensa aos dispositivos constitucionais supracitados, bem como ao que decidiu o Supremo no Tema de Repercuss\u00e3o Geral n\u00ba 109. A senten\u00e7a foi mantida.&nbsp;<\/p>\n\n\n\n<p>O Tribunal, \u00e0 \u00e9poca, fundamentou sua decis\u00e3o, dentre outros pontos, no fato de que que, por ocasi\u00e3o do julgamento do Tema 109 pelo STF, a Fazenda P\u00fablica n\u00e3o dispunha de outros meios legais para for\u00e7ar o pagamento da d\u00edvida al\u00e9m do ajuizamento da execu\u00e7\u00e3o fiscal, o que deixou de ser verdade quando a Lei n. 12.767\/2012 passou a autorizar a Fazenda P\u00fablica a efetuar o protesto das CDAs.<\/p>\n\n\n\n<p>O Munic\u00edpio, no entanto, n\u00e3o se conformou com o entendimento das inst\u00e2ncias origin\u00e1rias e e interp\u00f4s o RE em estudo. Dentre os <strong>principais argumentos da parte<\/strong> recorrente que interp\u00f4s o RE 1.355.208 estavam os seguintes:<\/p>\n\n\n\n<ol class=\"wp-block-list\">\n<li>A Fazenda P\u00fablica tem o poder-dever de cobrar o cr\u00e9dito tribut\u00e1rio, independentemente do seu valor;<\/li>\n<\/ol>\n\n\n\n<ol class=\"wp-block-list\" start=\"2\">\n<li>Embora o valor seja pequeno, h\u00e1 diversas d\u00edvidas nesse montante, raz\u00e3o pela qual as execu\u00e7\u00f5es impedem que os contribuintes persistam na inadimpl\u00eancia e que a falta de iniciativa do Fisco quanto \u00e0 sua cobran\u00e7a induza outros contribuintes \u00e0 mesma infra\u00e7\u00e3o;<\/li>\n<\/ol>\n\n\n\n<ol class=\"wp-block-list\" start=\"3\">\n<li>H\u00e1 tentativa de cobran\u00e7a administrativa, mediante envio de notifica\u00e7\u00e3o, antes do ajuizamento das a\u00e7\u00f5es, bem como encaminhamento, em diversos casos, dos t\u00edtulos a protesto, por\u00e9m sem efetividade;<\/li>\n<\/ol>\n\n\n\n<ol class=\"wp-block-list\" start=\"4\">\n<li>Cada ente federado \u00e9 detentor de autonomia tribut\u00e1ria, tendo, portanto, compet\u00eancia legislativa plena.<\/li>\n<\/ol>\n\n\n\n<p>Vamos conferir agora o que o STF decidiu sobre o tema!<\/p>\n\n\n\n<h4 class=\"wp-block-heading has-luminous-vivid-orange-color has-text-color has-link-color wp-elements-ea4ce81990f3a1b5ad62293a0449fe5f\" id=\"h-tese-fixada-pelo-supremo\"><span id=\"tese-fixada-pelo-supremo\">Tese fixada pelo Supremo<\/span><\/h4>\n\n\n\n<p>Pondo fim \u00e0 discuss\u00e3o acima, o STF firmou Tese vinculante, a seguir colacionada:<\/p>\n\n\n\n<div class=\"wp-block-group is-style-cnvs-block-shadow has-black-color has-light-green-cyan-background-color has-text-color has-background has-link-color cnvs-block-core-group-1717865076127 wp-elements-cddd4c423473dfba62fddce39fd29771\"><div class=\"wp-block-group__inner-container is-layout-constrained wp-block-group-is-layout-constrained\">\n<p>1. \u00c9 leg\u00edtima a extin\u00e7\u00e3o de execu\u00e7\u00e3o fiscal de baixo valor pela aus\u00eancia de interesse de agir tendo em vista o princ\u00edpio constitucional da efici\u00eancia administrativa, respeitada a compet\u00eancia constitucional de cada ente federado.&nbsp;<\/p>\n\n\n\n<p>2. O ajuizamento da execu\u00e7\u00e3o fiscal depender\u00e1 da pr\u00e9via ado\u00e7\u00e3o das seguintes provid\u00eancias: a) tentativa de concilia\u00e7\u00e3o ou ado\u00e7\u00e3o de solu\u00e7\u00e3o administrativa; e b) protesto do t\u00edtulo, salvo por motivo de efici\u00eancia administrativa, comprovando-se a inadequa\u00e7\u00e3o da medida.&nbsp;<\/p>\n\n\n\n<p>3. O tr\u00e2mite de a\u00e7\u00f5es de execu\u00e7\u00e3o fiscal n\u00e3o impede os entes federados de pedirem a suspens\u00e3o do processo para a ado\u00e7\u00e3o das medidas previstas no item 2, devendo, nesse caso, o juiz ser comunicado do prazo para as provid\u00eancias cab\u00edveis.<\/p>\n<\/div><\/div>\n\n\n\n<p>A Relatora do feito no Supremo, Ministra C\u00e1rmen L\u00facia, iniciou seu voto referindo que de fato <strong>h\u00e1 import\u00e2ncia e dever de cobran\u00e7a, pelos Munic\u00edpios, de seus cr\u00e9ditos tribut\u00e1rios<\/strong>. Tamb\u00e9m aduziu que o STF sempre real\u00e7ou o princ\u00edpio da autonomia municipal, haja vista a diversidade no Pa\u00eds, <em>\u201cinclu\u00eddos a\u00ed os valores financeiros, quer dizer, o que \u00e9 valor elevado para um pequeno Munic\u00edpio do sert\u00e3o mineiro n\u00e3o \u00e9 o mesmo que significa para S\u00e3o Paulo\u201d<\/em>.<\/p>\n\n\n\n<p>Al\u00e9m disso, destacou que <strong>o Tema n\u00ba 109 vinha sendo aplicado reiteradamente at\u00e9 os dias atuais, o qual teve sua tese fixada com base em duplo fundamento:<\/strong> <strong>(i)<\/strong> no julgamento recorrido que deu ensejo ao RE respectivo, teria sido ignorada compet\u00eancia tribut\u00e1ria do ente municipal; e <strong>(ii)<\/strong> a garantia do acesso \u00e0 Justi\u00e7a n\u00e3o poderia ser afastada.<\/p>\n\n\n\n<p><strong>Todavia, com o advento da Lei n. 12.167\/2012<\/strong>, a extin\u00e7\u00e3o das execu\u00e7\u00f5es fiscais de baixo valor n\u00e3o mais se restringe \u00e0 legisla\u00e7\u00e3o do ente federado diverso do atingido, porque, pelo par\u00e1grafo \u00fanico, <strong>a possibilidade de protesto est\u00e1 estendida a todos os entes.&nbsp;<\/strong><\/p>\n\n\n\n<p>Portanto, para a Relatora,<strong> compete a cada um deles escolher quais s\u00e3o esses valores e como se est\u00e1 a promover o protesto ou a execu\u00e7\u00e3o fiscal<\/strong>, tendo sido possibilitado <em>\u201coutro meio para a satisfa\u00e7\u00e3o para o que devido \u00e0s entidades p\u00fablicas, suas autarquias e funda\u00e7\u00f5es<\/em>\u201d<em>.<\/em><\/p>\n\n\n\n<p>Ocorre que, de acordo com o STF, \u00e9 necess\u00e1rio compreender que <strong>a escolha prim\u00e1ria e direta da judicializa\u00e7\u00e3o de qualquer cobran\u00e7a e de qualquer valor que sequer se atinge \u00e9 desproporcional e irrazo\u00e1vel<\/strong>, haja vista os <strong>princ\u00edpios da efici\u00eancia e da economicidade<\/strong>, <em>\u201ca que devem rever\u00eancia os entes estatais e os administradores p\u00fablicos\u201d<\/em>.<\/p>\n\n\n\n<p>Assim, a Relatora lembrou que o Ministro Luiz Fux, na manifesta\u00e7\u00e3o para o reconhecimento da repercuss\u00e3o geral, mencionava que <strong>o valor n\u00e3o atingia sequer um sal\u00e1rio m\u00ednimo, mas custaria ao contribuinte brasileiro vinte vezes o que se obteria<\/strong> se o ente estatal tivesse \u00eaxito.<\/p>\n\n\n\n<p>Desse modo, mencionou que, embora essa propor\u00e7\u00e3o possa n\u00e3o ser direta, imediata e permanente, <em>\u201ceste \u00e9 um dos dados, um dos crit\u00e9rios para serem levados em considera\u00e7\u00e3o quando da an\u00e1lise de haver, ou n\u00e3o, possibilidade de o juiz, motivadamente, como toda decis\u00e3o judicial, declarar ausente de interesse de agir e, portanto, extinguir execu\u00e7\u00f5es fiscais com baixo valor, a partir da altera\u00e7\u00e3o legislativa proibida pela Lei n. 12.767\u201d<\/em>.<\/p>\n\n\n\n<p>Portanto, considerou<strong> desarrazoado onerar o Poder Judici\u00e1rio com o prosseguimento de demandas cujos objetivos podem ser obtidos por meios extrajudiciais de cobran\u00e7a<\/strong>.<\/p>\n\n\n\n<p>Nesse contexto, o STF, por maioria, negou provimento ao recurso extraordin\u00e1rio e fixou a Tese acima de 03 itens.<\/p>\n\n\n\n<h2 class=\"wp-block-heading has-luminous-vivid-orange-color has-text-color has-link-color wp-elements-3d59e9bed75ef03c1c68a9bda8f5a894\" id=\"h-conclusao\"><span id=\"conclusao\">Conclus\u00e3o<\/span><\/h2>\n\n\n\n<p>Portanto, pessoal, essa foi nossa breve an\u00e1lise sobre o assunto da Extin\u00e7\u00e3o de execu\u00e7\u00e3o fiscal de baixo valor, destacando o entendimento do Supremo Tribunal Federal (STF) relativo ao tema.<\/p>\n\n\n\n<p>Vimos que, para o STF, \u00e9 leg\u00edtima a extin\u00e7\u00e3o de execu\u00e7\u00e3o fiscal de baixo valor pela aus\u00eancia de interesse de agir tendo em vista o princ\u00edpio constitucional da efici\u00eancia administrativa, respeitada a compet\u00eancia constitucional de cada ente federado.&nbsp;<\/p>\n\n\n\n<p>Al\u00e9m disso, vimos que a Corte Constitucional estabeleceu que o ajuizamento da execu\u00e7\u00e3o fiscal depender\u00e1 da pr\u00e9via ado\u00e7\u00e3o de algumas provid\u00eancias (tentativa de concilia\u00e7\u00e3o + protesto do t\u00edtulo).<\/p>\n\n\n\n<p>At\u00e9 a pr\u00f3xima!<\/p>\n\n\n\n<h2 class=\"wp-block-heading has-text-align-center\" id=\"cursos-ficha\"><span id=\"quer-estudar-para-concursos-juridicos-em-2024\">Quer estudar para Concursos Jur\u00eddicos em 2024?<\/span><\/h2>\n\n\n\n<p class=\"has-text-align-left\">O Estrat\u00e9gia Carreira Jur\u00eddica \u00e9 campe\u00e3o de aprova\u00e7\u00f5es nos concursos para Carreiras Jur\u00eddicas com um corpo docente qualificado e materiais completos. Conhe\u00e7a nossos cursos e garanta sua aprova\u00e7\u00e3o em Concurso Jur\u00eddicos:<\/p>\n\n\n\n<p class=\"has-text-align-center has-pale-cyan-blue-background-color has-background\"><a href=\"https:\/\/cj.estrategia.com\/portal\/concursos-abertos-carreiras-juridicas\/\"><strong>Concursos abertos<\/strong><\/a><\/p>\n\n\n\n<p class=\"has-text-align-center has-pale-cyan-blue-background-color has-background\"><a href=\"https:\/\/cj.estrategia.com\/portal\/concursos-2024-carreiras-juridicas\/\"><strong>Concursos 2024<\/strong><\/a><\/p>\n","protected":false},"excerpt":{"rendered":"Neste artigo falaremos sobre o assunto da Extin\u00e7\u00e3o de execu\u00e7\u00e3o fiscal de baixo valor, destacando o entendimento do&hellip;\n","protected":false},"author":39,"featured_media":65515,"comment_status":"open","ping_status":"open","sticky":false,"template":"","format":"standard","meta":{"_jetpack_memberships_contains_paid_content":false,"footnotes":""},"categories":[1],"tags":[],"tax_estado":[30,31,32,33,34,35,36,37,38,39,40,41,42,43,44,45,46,47,48,49,50,51,52,53,54,55,56,57],"class_list":{"0":"post-65514","1":"post","2":"type-post","3":"status-publish","4":"format-standard","5":"has-post-thumbnail","7":"category-carreiras-juridicas","8":"tax_estado-ac","9":"tax_estado-al","10":"tax_estado-am","11":"tax_estado-ap","12":"tax_estado-ba","13":"tax_estado-ce","14":"tax_estado-concursos-federais","15":"tax_estado-df","16":"tax_estado-es","17":"tax_estado-go","18":"tax_estado-ma","19":"tax_estado-mg","20":"tax_estado-ms","21":"tax_estado-mt","22":"tax_estado-pa","23":"tax_estado-pb","24":"tax_estado-pe","25":"tax_estado-pi","26":"tax_estado-pr","27":"tax_estado-rj","28":"tax_estado-rn","29":"tax_estado-ro","30":"tax_estado-rr","31":"tax_estado-rs","32":"tax_estado-sc","33":"tax_estado-se","34":"tax_estado-sp","35":"tax_estado-to"},"acf":[],"yoast_head":"<!-- This site is optimized with the Yoast SEO Premium plugin v27.4 (Yoast SEO v27.4) - https:\/\/yoast.com\/product\/yoast-seo-premium-wordpress\/ -->\n<title>Extin\u00e7\u00e3o de execu\u00e7\u00e3o fiscal de baixo valor<\/title>\n<meta name=\"description\" content=\"Confira uma breve an\u00e1lise sobre a Extin\u00e7\u00e3o de execu\u00e7\u00e3o fiscal de baixo valor, destacando o entendimento do STF relativo ao tema.\" \/>\n<meta name=\"robots\" content=\"index, follow, max-snippet:-1, max-image-preview:large, max-video-preview:-1\" \/>\n<link rel=\"canonical\" href=\"https:\/\/cj.estrategia.com\/portal\/extincao-execucao-fiscal-baixo-valor\/\" \/>\n<meta property=\"og:locale\" content=\"pt_BR\" \/>\n<meta property=\"og:type\" content=\"article\" \/>\n<meta property=\"og:title\" content=\"Extin\u00e7\u00e3o de execu\u00e7\u00e3o fiscal de baixo valor\" \/>\n<meta property=\"og:description\" content=\"Confira uma breve an\u00e1lise sobre a Extin\u00e7\u00e3o de execu\u00e7\u00e3o fiscal de baixo valor, destacando o entendimento do STF relativo ao tema.\" \/>\n<meta property=\"og:url\" content=\"https:\/\/cj.estrategia.com\/portal\/extincao-execucao-fiscal-baixo-valor\/\" \/>\n<meta property=\"og:site_name\" content=\"Blog - Carreiras Jur\u00eddicas - Estrat\u00e9gia\" \/>\n<meta property=\"article:publisher\" content=\"https:\/\/www.facebook.com\/estrategiacarreirajuridica\/\" \/>\n<meta property=\"article:published_time\" content=\"2024-06-16T11:00:00+00:00\" \/>\n<meta property=\"og:image\" content=\"https:\/\/cj.estrategia.com\/portal\/wp-content\/uploads\/2024\/06\/08134317\/11212-scaled.jpg\" \/>\n\t<meta property=\"og:image:width\" content=\"2560\" \/>\n\t<meta property=\"og:image:height\" content=\"1828\" \/>\n\t<meta property=\"og:image:type\" content=\"image\/jpeg\" \/>\n<meta name=\"author\" content=\"Frederico Tadeu Borlot Peixoto\" \/>\n<meta name=\"twitter:card\" content=\"summary_large_image\" \/>\n<meta name=\"twitter:creator\" content=\"@EstratJuridica\" \/>\n<meta name=\"twitter:site\" content=\"@EstratJuridica\" \/>\n<meta name=\"twitter:label1\" content=\"Escrito por\" \/>\n\t<meta name=\"twitter:data1\" content=\"Frederico Tadeu Borlot Peixoto\" \/>\n\t<meta name=\"twitter:label2\" content=\"Est. tempo de leitura\" \/>\n\t<meta name=\"twitter:data2\" content=\"10 minutos\" \/>\n<script type=\"application\/ld+json\" class=\"yoast-schema-graph\">{\"@context\":\"https:\\\/\\\/schema.org\",\"@graph\":[{\"@type\":\"NewsArticle\",\"@id\":\"https:\\\/\\\/cj.estrategia.com\\\/portal\\\/extincao-execucao-fiscal-baixo-valor\\\/#article\",\"isPartOf\":{\"@id\":\"https:\\\/\\\/cj.estrategia.com\\\/portal\\\/extincao-execucao-fiscal-baixo-valor\\\/\"},\"author\":{\"name\":\"Frederico Tadeu Borlot Peixoto\",\"@id\":\"https:\\\/\\\/cj.estrategia.com\\\/portal\\\/#\\\/schema\\\/person\\\/74287401cf4654f4fa04e378de7261ec\"},\"headline\":\"Extin\u00e7\u00e3o de execu\u00e7\u00e3o fiscal de baixo valor\",\"datePublished\":\"2024-06-16T11:00:00+00:00\",\"mainEntityOfPage\":{\"@id\":\"https:\\\/\\\/cj.estrategia.com\\\/portal\\\/extincao-execucao-fiscal-baixo-valor\\\/\"},\"wordCount\":2176,\"commentCount\":0,\"publisher\":{\"@id\":\"https:\\\/\\\/cj.estrategia.com\\\/portal\\\/#organization\"},\"image\":{\"@id\":\"https:\\\/\\\/cj.estrategia.com\\\/portal\\\/extincao-execucao-fiscal-baixo-valor\\\/#primaryimage\"},\"thumbnailUrl\":\"https:\\\/\\\/cj.estrategia.com\\\/portal\\\/wp-content\\\/uploads\\\/2024\\\/06\\\/08134317\\\/11212-scaled.jpg\",\"articleSection\":[\"Carreiras Jur\u00eddicas\"],\"inLanguage\":\"pt-BR\",\"potentialAction\":[{\"@type\":\"CommentAction\",\"name\":\"Comment\",\"target\":[\"https:\\\/\\\/cj.estrategia.com\\\/portal\\\/extincao-execucao-fiscal-baixo-valor\\\/#respond\"]}],\"accessibilityFeature\":[\"tableOfContents\"]},{\"@type\":\"WebPage\",\"@id\":\"https:\\\/\\\/cj.estrategia.com\\\/portal\\\/extincao-execucao-fiscal-baixo-valor\\\/\",\"url\":\"https:\\\/\\\/cj.estrategia.com\\\/portal\\\/extincao-execucao-fiscal-baixo-valor\\\/\",\"name\":\"Extin\u00e7\u00e3o de execu\u00e7\u00e3o fiscal de baixo valor\",\"isPartOf\":{\"@id\":\"https:\\\/\\\/cj.estrategia.com\\\/portal\\\/#website\"},\"primaryImageOfPage\":{\"@id\":\"https:\\\/\\\/cj.estrategia.com\\\/portal\\\/extincao-execucao-fiscal-baixo-valor\\\/#primaryimage\"},\"image\":{\"@id\":\"https:\\\/\\\/cj.estrategia.com\\\/portal\\\/extincao-execucao-fiscal-baixo-valor\\\/#primaryimage\"},\"thumbnailUrl\":\"https:\\\/\\\/cj.estrategia.com\\\/portal\\\/wp-content\\\/uploads\\\/2024\\\/06\\\/08134317\\\/11212-scaled.jpg\",\"datePublished\":\"2024-06-16T11:00:00+00:00\",\"description\":\"Confira uma breve an\u00e1lise sobre a Extin\u00e7\u00e3o de execu\u00e7\u00e3o fiscal de baixo valor, destacando o entendimento do STF relativo ao tema.\",\"breadcrumb\":{\"@id\":\"https:\\\/\\\/cj.estrategia.com\\\/portal\\\/extincao-execucao-fiscal-baixo-valor\\\/#breadcrumb\"},\"inLanguage\":\"pt-BR\",\"potentialAction\":[{\"@type\":\"ReadAction\",\"target\":[\"https:\\\/\\\/cj.estrategia.com\\\/portal\\\/extincao-execucao-fiscal-baixo-valor\\\/\"]}]},{\"@type\":\"ImageObject\",\"inLanguage\":\"pt-BR\",\"@id\":\"https:\\\/\\\/cj.estrategia.com\\\/portal\\\/extincao-execucao-fiscal-baixo-valor\\\/#primaryimage\",\"url\":\"https:\\\/\\\/cj.estrategia.com\\\/portal\\\/wp-content\\\/uploads\\\/2024\\\/06\\\/08134317\\\/11212-scaled.jpg\",\"contentUrl\":\"https:\\\/\\\/cj.estrategia.com\\\/portal\\\/wp-content\\\/uploads\\\/2024\\\/06\\\/08134317\\\/11212-scaled.jpg\",\"width\":2560,\"height\":1828,\"caption\":\"Extin\u00e7\u00e3o de execu\u00e7\u00e3o fiscal de baixo valor\"},{\"@type\":\"BreadcrumbList\",\"@id\":\"https:\\\/\\\/cj.estrategia.com\\\/portal\\\/extincao-execucao-fiscal-baixo-valor\\\/#breadcrumb\",\"itemListElement\":[{\"@type\":\"ListItem\",\"position\":1,\"name\":\"In\u00edcio\",\"item\":\"https:\\\/\\\/cj.estrategia.com\\\/portal\\\/\"},{\"@type\":\"ListItem\",\"position\":2,\"name\":\"Extin\u00e7\u00e3o de execu\u00e7\u00e3o fiscal de baixo valor\"}]},{\"@type\":\"WebSite\",\"@id\":\"https:\\\/\\\/cj.estrategia.com\\\/portal\\\/#website\",\"url\":\"https:\\\/\\\/cj.estrategia.com\\\/portal\\\/\",\"name\":\"Blog - Carreiras Jur\u00eddicas - Estrat\u00e9gia\",\"description\":\"\",\"publisher\":{\"@id\":\"https:\\\/\\\/cj.estrategia.com\\\/portal\\\/#organization\"},\"potentialAction\":[{\"@type\":\"SearchAction\",\"target\":{\"@type\":\"EntryPoint\",\"urlTemplate\":\"https:\\\/\\\/cj.estrategia.com\\\/portal\\\/?s={search_term_string}\"},\"query-input\":{\"@type\":\"PropertyValueSpecification\",\"valueRequired\":true,\"valueName\":\"search_term_string\"}}],\"inLanguage\":\"pt-BR\"},{\"@type\":\"Organization\",\"@id\":\"https:\\\/\\\/cj.estrategia.com\\\/portal\\\/#organization\",\"name\":\"Estrat\u00e9gia - Carreiras Jur\u00eddicas\",\"url\":\"https:\\\/\\\/cj.estrategia.com\\\/portal\\\/\",\"logo\":{\"@type\":\"ImageObject\",\"inLanguage\":\"pt-BR\",\"@id\":\"https:\\\/\\\/cj.estrategia.com\\\/portal\\\/#\\\/schema\\\/logo\\\/image\\\/\",\"url\":\"https:\\\/\\\/cj.estrategia.com\\\/portal\\\/wp-content\\\/uploads\\\/2022\\\/03\\\/11151052\\\/cj-logo.png\",\"contentUrl\":\"https:\\\/\\\/cj.estrategia.com\\\/portal\\\/wp-content\\\/uploads\\\/2022\\\/03\\\/11151052\\\/cj-logo.png\",\"width\":150,\"height\":39,\"caption\":\"Estrat\u00e9gia - Carreiras Jur\u00eddicas\"},\"image\":{\"@id\":\"https:\\\/\\\/cj.estrategia.com\\\/portal\\\/#\\\/schema\\\/logo\\\/image\\\/\"},\"sameAs\":[\"https:\\\/\\\/www.facebook.com\\\/estrategiacarreirajuridica\\\/\",\"https:\\\/\\\/x.com\\\/EstratJuridica\",\"https:\\\/\\\/www.instagram.com\\\/estrategiacarreirajuridica\\\/\",\"https:\\\/\\\/www.youtube.com\\\/channel\\\/UClbMGuYbj2Mh1m3w144ETWQ\"]},{\"@type\":\"Person\",\"@id\":\"https:\\\/\\\/cj.estrategia.com\\\/portal\\\/#\\\/schema\\\/person\\\/74287401cf4654f4fa04e378de7261ec\",\"name\":\"Frederico Tadeu Borlot Peixoto\",\"image\":{\"@type\":\"ImageObject\",\"inLanguage\":\"pt-BR\",\"@id\":\"https:\\\/\\\/cj.estrategia.com\\\/portal\\\/wp-content\\\/uploads\\\/2023\\\/06\\\/29094204\\\/GBAY0702-96x96.jpg\",\"url\":\"https:\\\/\\\/cj.estrategia.com\\\/portal\\\/wp-content\\\/uploads\\\/2023\\\/06\\\/29094204\\\/GBAY0702-96x96.jpg\",\"contentUrl\":\"https:\\\/\\\/cj.estrategia.com\\\/portal\\\/wp-content\\\/uploads\\\/2023\\\/06\\\/29094204\\\/GBAY0702-96x96.jpg\",\"caption\":\"Frederico Tadeu Borlot Peixoto\"},\"description\":\"Analista Judici\u00e1rio - \u00c1rea Judici\u00e1ria do TRF da 4\u00aa regi\u00e3o. Bacharel em Direito. P\u00f3s-graduado em Direito Administrativo, Legisla\u00e7\u00e3o Penal Especial, Direito Penal e Direito Processual Penal. Tamb\u00e9m nomeado no TRF da 3\u00aa regi\u00e3o (8\u00ba lugar); SPPREV (3\u00ba lugar); IFES (2\u00ba lugar); e PMES. https:\\\/\\\/www.instagram.com\\\/proffrederico\\\/\",\"sameAs\":[\"https:\\\/\\\/www.instagram.com\\\/proffrederico\\\/\"],\"url\":\"https:\\\/\\\/cj.estrategia.com\\\/portal\\\/author\\\/xfrederico\\\/\"}]}<\/script>\n<!-- \/ Yoast SEO Premium plugin. -->","yoast_head_json":{"title":"Extin\u00e7\u00e3o de execu\u00e7\u00e3o fiscal de baixo valor","description":"Confira uma breve an\u00e1lise sobre a Extin\u00e7\u00e3o de execu\u00e7\u00e3o fiscal de baixo valor, destacando o entendimento do STF relativo ao tema.","robots":{"index":"index","follow":"follow","max-snippet":"max-snippet:-1","max-image-preview":"max-image-preview:large","max-video-preview":"max-video-preview:-1"},"canonical":"https:\/\/cj.estrategia.com\/portal\/extincao-execucao-fiscal-baixo-valor\/","og_locale":"pt_BR","og_type":"article","og_title":"Extin\u00e7\u00e3o de execu\u00e7\u00e3o fiscal de baixo valor","og_description":"Confira uma breve an\u00e1lise sobre a Extin\u00e7\u00e3o de execu\u00e7\u00e3o fiscal de baixo valor, destacando o entendimento do STF relativo ao tema.","og_url":"https:\/\/cj.estrategia.com\/portal\/extincao-execucao-fiscal-baixo-valor\/","og_site_name":"Blog - Carreiras Jur\u00eddicas - Estrat\u00e9gia","article_publisher":"https:\/\/www.facebook.com\/estrategiacarreirajuridica\/","article_published_time":"2024-06-16T11:00:00+00:00","og_image":[{"width":2560,"height":1828,"url":"https:\/\/cj.estrategia.com\/portal\/wp-content\/uploads\/2024\/06\/08134317\/11212-scaled.jpg","type":"image\/jpeg"}],"author":"Frederico Tadeu Borlot Peixoto","twitter_card":"summary_large_image","twitter_creator":"@EstratJuridica","twitter_site":"@EstratJuridica","twitter_misc":{"Escrito por":"Frederico Tadeu Borlot Peixoto","Est. tempo de leitura":"10 minutos"},"schema":{"@context":"https:\/\/schema.org","@graph":[{"@type":"NewsArticle","@id":"https:\/\/cj.estrategia.com\/portal\/extincao-execucao-fiscal-baixo-valor\/#article","isPartOf":{"@id":"https:\/\/cj.estrategia.com\/portal\/extincao-execucao-fiscal-baixo-valor\/"},"author":{"name":"Frederico Tadeu Borlot Peixoto","@id":"https:\/\/cj.estrategia.com\/portal\/#\/schema\/person\/74287401cf4654f4fa04e378de7261ec"},"headline":"Extin\u00e7\u00e3o de execu\u00e7\u00e3o fiscal de baixo valor","datePublished":"2024-06-16T11:00:00+00:00","mainEntityOfPage":{"@id":"https:\/\/cj.estrategia.com\/portal\/extincao-execucao-fiscal-baixo-valor\/"},"wordCount":2176,"commentCount":0,"publisher":{"@id":"https:\/\/cj.estrategia.com\/portal\/#organization"},"image":{"@id":"https:\/\/cj.estrategia.com\/portal\/extincao-execucao-fiscal-baixo-valor\/#primaryimage"},"thumbnailUrl":"https:\/\/cj.estrategia.com\/portal\/wp-content\/uploads\/2024\/06\/08134317\/11212-scaled.jpg","articleSection":["Carreiras Jur\u00eddicas"],"inLanguage":"pt-BR","potentialAction":[{"@type":"CommentAction","name":"Comment","target":["https:\/\/cj.estrategia.com\/portal\/extincao-execucao-fiscal-baixo-valor\/#respond"]}],"accessibilityFeature":["tableOfContents"]},{"@type":"WebPage","@id":"https:\/\/cj.estrategia.com\/portal\/extincao-execucao-fiscal-baixo-valor\/","url":"https:\/\/cj.estrategia.com\/portal\/extincao-execucao-fiscal-baixo-valor\/","name":"Extin\u00e7\u00e3o de execu\u00e7\u00e3o fiscal de baixo valor","isPartOf":{"@id":"https:\/\/cj.estrategia.com\/portal\/#website"},"primaryImageOfPage":{"@id":"https:\/\/cj.estrategia.com\/portal\/extincao-execucao-fiscal-baixo-valor\/#primaryimage"},"image":{"@id":"https:\/\/cj.estrategia.com\/portal\/extincao-execucao-fiscal-baixo-valor\/#primaryimage"},"thumbnailUrl":"https:\/\/cj.estrategia.com\/portal\/wp-content\/uploads\/2024\/06\/08134317\/11212-scaled.jpg","datePublished":"2024-06-16T11:00:00+00:00","description":"Confira uma breve an\u00e1lise sobre a Extin\u00e7\u00e3o de execu\u00e7\u00e3o fiscal de baixo valor, destacando o entendimento do STF relativo ao tema.","breadcrumb":{"@id":"https:\/\/cj.estrategia.com\/portal\/extincao-execucao-fiscal-baixo-valor\/#breadcrumb"},"inLanguage":"pt-BR","potentialAction":[{"@type":"ReadAction","target":["https:\/\/cj.estrategia.com\/portal\/extincao-execucao-fiscal-baixo-valor\/"]}]},{"@type":"ImageObject","inLanguage":"pt-BR","@id":"https:\/\/cj.estrategia.com\/portal\/extincao-execucao-fiscal-baixo-valor\/#primaryimage","url":"https:\/\/cj.estrategia.com\/portal\/wp-content\/uploads\/2024\/06\/08134317\/11212-scaled.jpg","contentUrl":"https:\/\/cj.estrategia.com\/portal\/wp-content\/uploads\/2024\/06\/08134317\/11212-scaled.jpg","width":2560,"height":1828,"caption":"Extin\u00e7\u00e3o de execu\u00e7\u00e3o fiscal de baixo valor"},{"@type":"BreadcrumbList","@id":"https:\/\/cj.estrategia.com\/portal\/extincao-execucao-fiscal-baixo-valor\/#breadcrumb","itemListElement":[{"@type":"ListItem","position":1,"name":"In\u00edcio","item":"https:\/\/cj.estrategia.com\/portal\/"},{"@type":"ListItem","position":2,"name":"Extin\u00e7\u00e3o de execu\u00e7\u00e3o fiscal de baixo valor"}]},{"@type":"WebSite","@id":"https:\/\/cj.estrategia.com\/portal\/#website","url":"https:\/\/cj.estrategia.com\/portal\/","name":"Blog - Carreiras Jur\u00eddicas - Estrat\u00e9gia","description":"","publisher":{"@id":"https:\/\/cj.estrategia.com\/portal\/#organization"},"potentialAction":[{"@type":"SearchAction","target":{"@type":"EntryPoint","urlTemplate":"https:\/\/cj.estrategia.com\/portal\/?s={search_term_string}"},"query-input":{"@type":"PropertyValueSpecification","valueRequired":true,"valueName":"search_term_string"}}],"inLanguage":"pt-BR"},{"@type":"Organization","@id":"https:\/\/cj.estrategia.com\/portal\/#organization","name":"Estrat\u00e9gia - Carreiras Jur\u00eddicas","url":"https:\/\/cj.estrategia.com\/portal\/","logo":{"@type":"ImageObject","inLanguage":"pt-BR","@id":"https:\/\/cj.estrategia.com\/portal\/#\/schema\/logo\/image\/","url":"https:\/\/cj.estrategia.com\/portal\/wp-content\/uploads\/2022\/03\/11151052\/cj-logo.png","contentUrl":"https:\/\/cj.estrategia.com\/portal\/wp-content\/uploads\/2022\/03\/11151052\/cj-logo.png","width":150,"height":39,"caption":"Estrat\u00e9gia - Carreiras Jur\u00eddicas"},"image":{"@id":"https:\/\/cj.estrategia.com\/portal\/#\/schema\/logo\/image\/"},"sameAs":["https:\/\/www.facebook.com\/estrategiacarreirajuridica\/","https:\/\/x.com\/EstratJuridica","https:\/\/www.instagram.com\/estrategiacarreirajuridica\/","https:\/\/www.youtube.com\/channel\/UClbMGuYbj2Mh1m3w144ETWQ"]},{"@type":"Person","@id":"https:\/\/cj.estrategia.com\/portal\/#\/schema\/person\/74287401cf4654f4fa04e378de7261ec","name":"Frederico Tadeu Borlot Peixoto","image":{"@type":"ImageObject","inLanguage":"pt-BR","@id":"https:\/\/cj.estrategia.com\/portal\/wp-content\/uploads\/2023\/06\/29094204\/GBAY0702-96x96.jpg","url":"https:\/\/cj.estrategia.com\/portal\/wp-content\/uploads\/2023\/06\/29094204\/GBAY0702-96x96.jpg","contentUrl":"https:\/\/cj.estrategia.com\/portal\/wp-content\/uploads\/2023\/06\/29094204\/GBAY0702-96x96.jpg","caption":"Frederico Tadeu Borlot Peixoto"},"description":"Analista Judici\u00e1rio - \u00c1rea Judici\u00e1ria do TRF da 4\u00aa regi\u00e3o. Bacharel em Direito. P\u00f3s-graduado em Direito Administrativo, Legisla\u00e7\u00e3o Penal Especial, Direito Penal e Direito Processual Penal. Tamb\u00e9m nomeado no TRF da 3\u00aa regi\u00e3o (8\u00ba lugar); SPPREV (3\u00ba lugar); IFES (2\u00ba lugar); e PMES. https:\/\/www.instagram.com\/proffrederico\/","sameAs":["https:\/\/www.instagram.com\/proffrederico\/"],"url":"https:\/\/cj.estrategia.com\/portal\/author\/xfrederico\/"}]}},"jetpack_featured_media_url":"https:\/\/cj.estrategia.com\/portal\/wp-content\/uploads\/2024\/06\/08134317\/11212-scaled.jpg","jetpack_sharing_enabled":true,"_links":{"self":[{"href":"https:\/\/cj.estrategia.com\/portal\/wp-json\/wp\/v2\/posts\/65514","targetHints":{"allow":["GET"]}}],"collection":[{"href":"https:\/\/cj.estrategia.com\/portal\/wp-json\/wp\/v2\/posts"}],"about":[{"href":"https:\/\/cj.estrategia.com\/portal\/wp-json\/wp\/v2\/types\/post"}],"author":[{"embeddable":true,"href":"https:\/\/cj.estrategia.com\/portal\/wp-json\/wp\/v2\/users\/39"}],"replies":[{"embeddable":true,"href":"https:\/\/cj.estrategia.com\/portal\/wp-json\/wp\/v2\/comments?post=65514"}],"version-history":[{"count":1,"href":"https:\/\/cj.estrategia.com\/portal\/wp-json\/wp\/v2\/posts\/65514\/revisions"}],"predecessor-version":[{"id":65516,"href":"https:\/\/cj.estrategia.com\/portal\/wp-json\/wp\/v2\/posts\/65514\/revisions\/65516"}],"wp:featuredmedia":[{"embeddable":true,"href":"https:\/\/cj.estrategia.com\/portal\/wp-json\/wp\/v2\/media\/65515"}],"wp:attachment":[{"href":"https:\/\/cj.estrategia.com\/portal\/wp-json\/wp\/v2\/media?parent=65514"}],"wp:term":[{"taxonomy":"category","embeddable":true,"href":"https:\/\/cj.estrategia.com\/portal\/wp-json\/wp\/v2\/categories?post=65514"},{"taxonomy":"post_tag","embeddable":true,"href":"https:\/\/cj.estrategia.com\/portal\/wp-json\/wp\/v2\/tags?post=65514"},{"taxonomy":"tax_estado","embeddable":true,"href":"https:\/\/cj.estrategia.com\/portal\/wp-json\/wp\/v2\/tax_estado?post=65514"}],"curies":[{"name":"wp","href":"https:\/\/api.w.org\/{rel}","templated":true}]}}