{"id":65456,"date":"2024-06-18T14:00:00","date_gmt":"2024-06-18T17:00:00","guid":{"rendered":"https:\/\/cj.estrategia.com\/portal\/?p=65456"},"modified":"2024-06-09T12:18:41","modified_gmt":"2024-06-09T15:18:41","slug":"crime-violacao-direito-autoral","status":"publish","type":"post","link":"https:\/\/cj.estrategia.com\/portal\/crime-violacao-direito-autoral\/","title":{"rendered":"Crime de viola\u00e7\u00e3o de direito autoral"},"content":{"rendered":"<div class=\"wp-block-image\">\n<figure class=\"aligncenter size-large\"><img decoding=\"async\" width=\"1024\" height=\"683\" src=\"https:\/\/cj.estrategia.com\/portal\/wp-content\/uploads\/2024\/06\/07113005\/still-life-world-intellectual-property-day-1024x683.jpg\" alt=\"Crime de viola\u00e7\u00e3o de direito autoral\" class=\"wp-image-65457\" srcset=\"https:\/\/cj.estrategia.com\/portal\/wp-content\/uploads\/2024\/06\/07113005\/still-life-world-intellectual-property-day-1024x683.jpg 1024w, https:\/\/cj.estrategia.com\/portal\/wp-content\/uploads\/2024\/06\/07113005\/still-life-world-intellectual-property-day-300x200.jpg 300w, https:\/\/cj.estrategia.com\/portal\/wp-content\/uploads\/2024\/06\/07113005\/still-life-world-intellectual-property-day-768x512.jpg 768w, https:\/\/cj.estrategia.com\/portal\/wp-content\/uploads\/2024\/06\/07113005\/still-life-world-intellectual-property-day-1536x1024.jpg 1536w, https:\/\/cj.estrategia.com\/portal\/wp-content\/uploads\/2024\/06\/07113005\/still-life-world-intellectual-property-day-2048x1365.jpg 2048w, https:\/\/cj.estrategia.com\/portal\/wp-content\/uploads\/2024\/06\/07113005\/still-life-world-intellectual-property-day-380x253.jpg 380w, https:\/\/cj.estrategia.com\/portal\/wp-content\/uploads\/2024\/06\/07113005\/still-life-world-intellectual-property-day-800x533.jpg 800w, https:\/\/cj.estrategia.com\/portal\/wp-content\/uploads\/2024\/06\/07113005\/still-life-world-intellectual-property-day-1160x773.jpg 1160w, https:\/\/cj.estrategia.com\/portal\/wp-content\/uploads\/2024\/06\/07113005\/still-life-world-intellectual-property-day-150x100.jpg 150w, https:\/\/cj.estrategia.com\/portal\/wp-content\/uploads\/2024\/06\/07113005\/still-life-world-intellectual-property-day-scaled.jpg 2560w\" sizes=\"(max-width: 1024px) 100vw, 1024px\" \/><figcaption class=\"wp-element-caption\">Crime de viola\u00e7\u00e3o de direito autoral<\/figcaption><\/figure>\n<\/div>\n\n\n<p>Fala, pessoal, tudo certo? Hoje faremos um breve resumo sobre o crime de viola\u00e7\u00e3o de direito autoral, destacando, inclusive, o entendimento doutrin\u00e1rio e jurisprudencial pertinente ao tema.<\/p>\n\n\n\n<p>Desse modo, teceremos algumas considera\u00e7\u00f5es iniciais sobre a previs\u00e3o legal e a conduta tipificada como crime de viola\u00e7\u00e3o de direito autoral. Para isso, analisaremos, primeiramente, o <em>caput<\/em> do artigo 184 do C\u00f3digo Penal.<\/p>\n\n\n\n<p>Na sequ\u00eancia, falaremos tamb\u00e9m das formas qualificadas do crime em estudo, constantes dos \u00a7\u00a7 1\u00ba, 2\u00ba e 3\u00ba do artigo 184 do CP, oportunidade em que apontaremos as diferen\u00e7as entre elas e para o tipo previsto no <em>caput<\/em>.<\/p>\n\n\n\n<p>Tamb\u00e9m trataremos da previs\u00e3o do \u00a7 4\u00ba do dispositivo em comento, o qual traz hip\u00f3tese de exclus\u00e3o da tipicidade.&nbsp;<\/p>\n\n\n\n<p>Por fim, comentaremos o que decidiu o Supremo Tribunal Federal (STF) no Tema de Repercuss\u00e3o Geral n\u00ba 580, bem assim destacaremos as s\u00famulas do Superior Tribunal de Justi\u00e7a (STJ) sobre a tem\u00e1tica.<\/p>\n\n\n\n<p>Vamos ao que interessa!<\/p>\n\n\n\n<div class=\"wp-block-yoast-seo-table-of-contents yoast-table-of-contents\"><h2 id=\"sumario\"><mark style=\"background-color:rgba(0, 0, 0, 0)\" class=\"has-inline-color has-luminous-vivid-orange-color\">Sum\u00e1rio<\/mark><\/h2><ul><li><a href=\"#h-crime-de-violacao-de-direito-autoral\" data-level=\"2\">Crime de viola\u00e7\u00e3o de direito autoral<\/a><ul><li><a href=\"#h-conduta-tipificada-pena-e-acao-penal-nbsp\" data-level=\"3\">Conduta tipificada, pena e a\u00e7\u00e3o penal\u00a0<\/a><ul><li><a href=\"#h-artigo-184-caput-do-cp-nbsp\" data-level=\"4\">Artigo 184, caput, do CP\u00a0<\/a><\/li><li><a href=\"#h-artigo-184-1\u00ba-e-2\u00ba-do-cp\" data-level=\"4\">Artigo 184, \u00a7\u00a7 1\u00ba e 2\u00ba, do CP<\/a><\/li><li><a href=\"#h-artigo-184-3\u00ba-do-cp\" data-level=\"4\">Artigo 184, \u00a7 3\u00ba, do CP<\/a><\/li><li><a href=\"#h-artigo-184-4\u00ba-do-cp\" data-level=\"4\">Artigo 184, \u00a7 4\u00ba, do CP<\/a><\/li><\/ul><\/li><li><a href=\"#h-jurisprudencia-sobre-o-crime-de-violacao-de-direito-autoral\" data-level=\"3\">Jurisprud\u00eancia sobre o crime de viola\u00e7\u00e3o de direito autoral<\/a><ul><li><a href=\"#h-tema-de-repercussao-geral-n\u00ba-580\" data-level=\"4\">Tema de Repercuss\u00e3o Geral n\u00ba 580<\/a><\/li><li><a href=\"#h-sumulas-502-e-574-do-stj\" data-level=\"4\">S\u00famulas 502 e 574 do STJ<\/a><\/li><\/ul><\/li><\/ul><\/li><li><a href=\"#h-conclusao\" data-level=\"2\">Conclus\u00e3o<\/a><\/li><li><a href=\"#cursos-ficha\" data-level=\"2\">Quer estudar para Concursos Jur\u00eddicos em 2024?<\/a><\/li><\/ul><\/div>\n\n\n\n<h2 class=\"wp-block-heading has-luminous-vivid-orange-color has-text-color has-link-color wp-elements-a8a0c3706878ce2bbf07cc5056511eb6\" id=\"h-crime-de-violacao-de-direito-autoral\"><span id=\"crime-de-violacao-de-direito-autoral\">Crime de viola\u00e7\u00e3o de direito autoral<\/span><\/h2>\n\n\n\n<h3 class=\"wp-block-heading has-luminous-vivid-orange-color has-text-color has-link-color wp-elements-4a3df3b2e6b54ff0535cbdbbb8a20a34\" id=\"h-conduta-tipificada-pena-e-acao-penal-nbsp\"><span id=\"conduta-tipificada-pena-e-acao-penal\">Conduta tipificada, pena e a\u00e7\u00e3o penal&nbsp;<\/span><\/h3>\n\n\n\n<h4 class=\"wp-block-heading has-luminous-vivid-orange-color has-text-color has-link-color wp-elements-66358f9abefd846a49c2e3ca92a6cee3\" id=\"h-artigo-184-caput-do-cp-nbsp\"><span id=\"artigo-184-caput-do-cp\">Artigo 184, caput, do CP&nbsp;<\/span><\/h4>\n\n\n\n<p>De in\u00edcio, aponta-se que o crime de viola\u00e7\u00e3o de direito autoral est\u00e1 previsto no <a href=\"https:\/\/www.planalto.gov.br\/ccivil_03\/decreto-lei\/del2848compilado.htm#:~:text=%C2%A0%C2%A0%C2%A0%C2%A0%C2%A0%C2%A0%C2%A0%20Viola%C3%A7%C3%A3o%20de%20direito%20autoral\" target=\"_blank\" >artigo 184 do C\u00f3digo Penal<\/a>.<\/p>\n\n\n\n<p>O dispositivo comina como crime a conduta de violar direitos de autor e os que lhe s\u00e3o conexos. Vejamos:<\/p>\n\n\n\n<div class=\"wp-block-group is-style-cnvs-block-bg-light\"><div class=\"wp-block-group__inner-container is-layout-constrained wp-block-group-is-layout-constrained\">\n<p><strong>Viola\u00e7\u00e3o de direito autoral<\/strong><\/p>\n\n\n\n<p>Art. 184. Violar direitos de autor e os que lhe s\u00e3o conexos:<\/p>\n\n\n\n<p>Pena \u2013 deten\u00e7\u00e3o, de 3 (tr\u00eas) meses a 1 (um) ano, ou multa.&nbsp;&nbsp;<\/p>\n<\/div><\/div>\n\n\n\n<p>Portanto, nota-se que se trata de infra\u00e7\u00e3o penal que pune aquele que atenta sobretudo contra a propriedade intelectual, uma das esp\u00e9cies de propriedade imaterial.<\/p>\n\n\n\n<p>Nesse sentido, Rog\u00e9rio Sanches Cunha conceitua o \u201cdireito de autor\u201d como sendo o <strong>conjunto de prerrogativas exclusivas <\/strong>que a lei reconhece a todo o criador sobre suas obras intelectuais de alguma valia, abrangendo faculdades tanto de <strong>ordem pessoal<\/strong> quanto de <strong>ordem patrimonial<\/strong>.<\/p>\n\n\n\n<p>O autor ainda lembra que a Constitui\u00e7\u00e3o Federal versa sobre o assunto quando, em seu <a href=\"https:\/\/www.planalto.gov.br\/ccivil_03\/constituicao\/constituicaocompilado.htm#:~:text=XXVII%20%2D%20aos%20autores%20pertence%20o%20direito%20exclusivo%20de%20utiliza%C3%A7%C3%A3o%2C%20publica%C3%A7%C3%A3o%20ou%20reprodu%C3%A7%C3%A3o%20de%20suas%20obras%2C%20transmiss%C3%ADvel%20aos%20herdeiros%20pelo%20tempo%20que%20a%20lei%20fixar%3B\" target=\"_blank\" >artigo 5\u00ba, inciso XXVII<\/a>, assegura aos autores o direito exclusivo de utiliza\u00e7\u00e3o, publica\u00e7\u00e3o ou reprodu\u00e7\u00e3o de suas obras, transmiss\u00edvel aos herdeiros pelo tempo que a lei fixar, estando a mat\u00e9ria, atualmente, disciplinada na <a href=\"https:\/\/www.planalto.gov.br\/ccivil_03\/leis\/l9610.htm\" target=\"_blank\" >Lei n. 9.610\/1998<\/a>.<\/p>\n\n\n\n<p>\u00c9 importante destacar que <strong>a a\u00e7\u00e3o penal do crime previsto no <\/strong><strong><em>caput<\/em><\/strong><strong> \u00e9 privada<\/strong>, haja vista que o artigo 186, inciso I, do C\u00f3digo Penal afirma que se <strong>proceder\u00e1 mediante queixa<\/strong>.<\/p>\n\n\n\n<p><strong>No entanto, caso cometido em <\/strong><strong>desfavor de <\/strong>entidades de direito p\u00fablico, autarquia, empresa p\u00fablica, sociedade de economia mista ou funda\u00e7\u00e3o institu\u00edda pelo Poder P\u00fablico, <strong>a a\u00e7\u00e3o penal ser\u00e1 p\u00fablica incondicionada.<\/strong><\/p>\n\n\n\n<p>Al\u00e9m disso, tratando-se de pena de deten\u00e7\u00e3o, de 03 meses a 01 ano, ou multa, \u00e9 importante destacar que se mostra <strong>cab\u00edvel tanto a transa\u00e7\u00e3o penal <\/strong>(crimes at\u00e9 02 anos de pena m\u00e1xima) <strong>quanto a suspens\u00e3o condicional do processo &#8211; <\/strong><strong><em>sursis processual <\/em><\/strong>(crimes com pena m\u00ednima igual ou inferior a 01 ano), vide, respectivamente, artigos 76 e 89 da Lei n. 9.099\/1995.<\/p>\n\n\n\n<p>Em virtude da pena, tamb\u00e9m \u00e9 poss\u00edvel, caso preenchidos os demais requisitos, que o Minist\u00e9rio P\u00fablico oferte acordo de n\u00e3o persecu\u00e7\u00e3o penal (ANPP), vide art. 28-A do CPP.<\/p>\n\n\n\n<p>Ademais, o <strong>regime de cumprimento de pena,<\/strong> sendo esse o caso, apenas poder\u00e1 ser <strong>semiaberto ou aberto<\/strong>, nos termos do artigo 33 do C\u00f3digo Penal, uma vez que a pena \u00e9 de <strong>deten\u00e7\u00e3o<\/strong>.<\/p>\n\n\n\n<h4 class=\"wp-block-heading has-luminous-vivid-orange-color has-text-color has-link-color wp-elements-e7f5733411efecccfb16f58d9d37eaa8\" id=\"h-artigo-184-1\u00ba-e-2\u00ba-do-cp\"><span id=\"artigo-184-%c2%a7%c2%a7-1o-e-2o-do-cp\">Artigo 184, \u00a7\u00a7 1\u00ba e 2\u00ba, do CP<\/span><\/h4>\n\n\n\n<p>Os \u00a7\u00a7 1\u00ba e 2\u00ba do artigo 184 preveem o crime de viola\u00e7\u00e3o de direito autoral <strong>em sua forma qualificada<\/strong>, isso \u00e9, com altera\u00e7\u00e3o das balizas do preceito secund\u00e1rio (pena). Vamos ver o que disp\u00f5em esses dispositivos:<\/p>\n\n\n\n<div class=\"wp-block-group is-style-cnvs-block-bg-light\"><div class=\"wp-block-group__inner-container is-layout-constrained wp-block-group-is-layout-constrained\">\n<p>\u00a7 1\u00ba Se a viola\u00e7\u00e3o consistir em reprodu\u00e7\u00e3o total ou parcial, <strong>com intuito de lucro direto ou indireto<\/strong>, por qualquer meio ou processo, de <strong>obra intelectual, interpreta\u00e7\u00e3o, execu\u00e7\u00e3o ou fonograma,<\/strong> sem autoriza\u00e7\u00e3o expressa do autor, do artista int\u00e9rprete ou executante, do produtor, conforme o caso, ou de quem os represente:&nbsp;&nbsp;&nbsp;&nbsp;&nbsp;&nbsp;&nbsp;&nbsp;&nbsp;<\/p>\n\n\n\n<p><strong>Pena \u2013 reclus\u00e3o, de 2 (dois) a 4 (quatro) anos, e multa.&nbsp;&nbsp;&nbsp;&nbsp;&nbsp;&nbsp;&nbsp;&nbsp;&nbsp;&nbsp;<\/strong><\/p>\n\n\n\n<p>\u00a7 2\u00ba Na mesma pena do \u00a7 1\u00ba incorre quem, <strong>com o intuito de lucro direto ou indireto<\/strong>, distribui, vende, exp\u00f5e \u00e0 venda, aluga, introduz no Pa\u00eds, adquire, oculta, tem em dep\u00f3sito, original ou c\u00f3pia de <strong>obra intelectual ou fonograma<\/strong> reproduzido com viola\u00e7\u00e3o do direito de autor, do direito de artista int\u00e9rprete ou executante ou do direito do produtor de fonograma, ou, ainda, aluga original ou c\u00f3pia de <strong>obra intelectual ou fonograma<\/strong>, sem a expressa autoriza\u00e7\u00e3o dos titulares dos direitos ou de quem os represente.&nbsp;&nbsp;&nbsp;&nbsp;&nbsp;&nbsp;&nbsp;&nbsp;&nbsp;&nbsp;<\/p>\n<\/div><\/div>\n\n\n\n<p>Notem que as figuras qualificadas dos \u00a7\u00a7 1\u00ba e 2\u00ba exigem o dolo espec\u00edfico de obter lucro direto ou indireto.<\/p>\n\n\n\n<p>Rog\u00e9rio Sanches Cunha chama aten\u00e7\u00e3o para o fato de que o \u00a7 2\u00ba protege t\u00e3o somente a obra intelectual e o fonograma, enquanto o \u00a7 1\u00ba contempla a obra intelectual, interpreta\u00e7\u00e3o, execu\u00e7\u00e3o ou fonograma.<\/p>\n\n\n\n<p>O autor ainda destaca que, para incurs\u00e3o no \u00a7 2\u00ba, n\u00e3o pode o agente ter participado, de qualquer modo, da reprodu\u00e7\u00e3o fraudulenta, pois, se o fez, dever\u00e1 ent\u00e3o ser punido nos termos do \u00a7 1\u00ba.<\/p>\n\n\n\n<p>Isso porque, reparem, <strong>as a\u00e7\u00f5es nucleares do \u00a7 2\u00ba remetem \u00e0quele que se aproveita de uma viola\u00e7\u00e3o pr\u00e9via<\/strong>. Por\u00e9m, Cunha destaca que <strong>a exce\u00e7\u00e3o fica por conta da a\u00e7\u00e3o de \u201calugar\u201d<\/strong>, que n\u00e3o exige anterior viola\u00e7\u00e3o do direito autoral, <strong>uma vez que a obra a ser alugada pode ser ainda a original.<\/strong><\/p>\n\n\n\n<p>No que se refere \u00e0 <strong>a\u00e7\u00e3o penal<\/strong> das formas qualificadas, temos que ela \u00e9 <strong>p\u00fablica incondicionada<\/strong>, nos termos do inciso II do artigo 186 do CP.<\/p>\n\n\n\n<p>Al\u00e9m disso, em raz\u00e3o da<strong> pena de reclus\u00e3o de 02 a 04 anos<\/strong> cominada, o regime inicial passa a ter possibilidade de ser fixado no fechado, al\u00e9m de n\u00e3o se cogitar mais a aplica\u00e7\u00e3o da transa\u00e7\u00e3o penal ou do <em>sursis <\/em>processual. Entretanto, permanece cab\u00edvel o ANPP, nos termos da lei.<\/p>\n\n\n\n<h4 class=\"wp-block-heading has-luminous-vivid-orange-color has-text-color has-link-color wp-elements-2403b4242089c057d6eaf0313963ca85\" id=\"h-artigo-184-3\u00ba-do-cp\"><span id=\"artigo-184-%c2%a7-3o-do-cp\">Artigo 184, \u00a7 3\u00ba, do CP<\/span><\/h4>\n\n\n\n<p>Vamos olhar agora para uma <strong>outra forma qualificada <\/strong>do crime de viola\u00e7\u00e3o de direito autoral, constante do \u00a7 3\u00ba do art. 184 do CP:<\/p>\n\n\n\n<div class=\"wp-block-group is-style-cnvs-block-bg-light\"><div class=\"wp-block-group__inner-container is-layout-constrained wp-block-group-is-layout-constrained\">\n<p>\u00a7 3\u00ba Se a viola\u00e7\u00e3o consistir no <strong>oferecimento ao p\u00fablico<\/strong>, mediante cabo, fibra \u00f3tica, sat\u00e9lite, ondas ou qualquer outro sistema que permita ao usu\u00e1rio realizar a sele\u00e7\u00e3o da obra ou produ\u00e7\u00e3o para receb\u00ea-la em um tempo e lugar previamente determinados por quem formula a demanda, <strong>com intuito de lucro, direto ou indireto<\/strong>, sem autoriza\u00e7\u00e3o expressa, conforme o caso, do autor, do artista int\u00e9rprete ou executante, do produtor de fonograma, ou de quem os represente:&nbsp;&nbsp;&nbsp;&nbsp;&nbsp;<\/p>\n\n\n\n<p><strong>Pena \u2013 reclus\u00e3o, de 2 (dois) a 4 (quatro) anos, e multa.<\/strong><\/p>\n<\/div><\/div>\n\n\n\n<p>Vejam que a a\u00e7\u00e3o nuclear agora remete ao verbo <strong>\u201coferecer\u201d<\/strong>. Essa oferta, como se v\u00ea, deve ser <strong>ao p\u00fablico<\/strong> e com o <strong>dolo espec\u00edfico de obter lucro, direto ou indireto<\/strong>.<\/p>\n\n\n\n<p>Rog\u00e9rio Sanches Cunha destaca que, tanto para as formas qualificadas do \u00a7\u00a7 1\u00ba e 2\u00ba quanto para a deste \u00a7 3\u00ba, <strong>a obten\u00e7\u00e3o do lucro n\u00e3o \u00e9 imprescind\u00edvel para a consuma\u00e7\u00e3o<\/strong> do crime, raz\u00e3o pela qual se pode dizer que estamos diante de um <strong>crime formal<\/strong>.<\/p>\n\n\n\n<p>Al\u00e9m disso, tratando-se de pena id\u00eantica \u00e0 dos \u00a7\u00a7 1\u00ba e 2\u00ba, aplica-se o que j\u00e1 falamos acima.<\/p>\n\n\n\n<p>No entanto, \u00e9 de se destacar que <strong>a a\u00e7\u00e3o penal \u00e9 p\u00fablica condicionada \u00e0 representa\u00e7\u00e3o<\/strong>, vide artigo 186, inciso IV, do CP.<\/p>\n\n\n\n<h4 class=\"wp-block-heading has-luminous-vivid-orange-color has-text-color has-link-color wp-elements-d6fa456d81c3a0b40b8479aed45331fc\" id=\"h-artigo-184-4\u00ba-do-cp\"><span id=\"artigo-184-%c2%a7-4o-do-cp\">Artigo 184, \u00a7 4\u00ba, do CP<\/span><\/h4>\n\n\n\n<p>Por fim, temos a previs\u00e3o do \u00a7 4\u00ba do artigo 184 do CP:<\/p>\n\n\n\n<div class=\"wp-block-group is-style-cnvs-block-bg-light\"><div class=\"wp-block-group__inner-container is-layout-constrained wp-block-group-is-layout-constrained\">\n<p>\u00a7 4<sup>o<\/sup> O disposto nos \u00a7\u00a7 1<sup>o<\/sup>, 2<sup>o<\/sup> e 3<sup>o<\/sup> n\u00e3o se aplica quando se tratar de exce\u00e7\u00e3o ou limita\u00e7\u00e3o ao direito de autor ou os que lhe s\u00e3o conexos, em conformidade com o previsto na Lei n\u00ba 9.610, de 19 de fevereiro de 1998, nem a c\u00f3pia de obra intelectual ou fonograma, em um s\u00f3 exemplar, para uso privado do copista, sem intuito de lucro direto ou indireto.<\/p>\n<\/div><\/div>\n\n\n\n<p>Trata-se de hip\u00f3teses de exclus\u00e3o da tipicidade, a qual, segundo Rog\u00e9rio Sanches Cunha, aplica-se tamb\u00e9m ao <em>caput<\/em>, conforme doutrina majorit\u00e1ria.<\/p>\n\n\n\n<p>O autor aponta que <a href=\"https:\/\/www.planalto.gov.br\/ccivil_03\/leis\/l9610.htm#:~:text=Art.%2046.%20N%C3%A3o%20constitui%20ofensa%20aos%20direitos%20autorais%3A\" target=\"_blank\" >a Lei n. 9.610\/1998 prev\u00ea, em seu artigo 46<\/a>, condutas que n\u00e3o constituem ofensa aos direitos do autor, que, embora revestidos de prote\u00e7\u00e3o, mostram-se, assim, limitados.<\/p>\n\n\n\n<h3 class=\"wp-block-heading has-luminous-vivid-orange-color has-text-color has-link-color wp-elements-430f7e96511ec4df60a54b8070bcdb6a\" id=\"h-jurisprudencia-sobre-o-crime-de-violacao-de-direito-autoral\"><span id=\"jurisprudencia-sobre-o-crime-de-violacao-de-direito-autoral\">Jurisprud\u00eancia sobre o crime de viola\u00e7\u00e3o de direito autoral<\/span><\/h3>\n\n\n\n<h4 class=\"wp-block-heading has-luminous-vivid-orange-color has-text-color has-link-color wp-elements-b9dc8e034cb42d7b9d69cab53090a866\" id=\"h-tema-de-repercussao-geral-n\u00ba-580\"><span id=\"tema-de-repercussao-geral-no-580\">Tema de Repercuss\u00e3o Geral n\u00ba 580<\/span><\/h4>\n\n\n\n<p>No <a href=\"https:\/\/portal.stf.jus.br\/jurisprudenciaRepercussao\/verAndamentoProcesso.asp?incidente=4276656&amp;numeroProcesso=702362&amp;classeProcesso=RE&amp;numeroTema=580\" target=\"_blank\" >Tema de Repercuss\u00e3o Geral n\u00ba 580<\/a>, o Supremo Tribunal Federal (STF) discutiu, \u00e0 luz do <a href=\"https:\/\/www.planalto.gov.br\/ccivil_03\/constituicao\/constituicaocompilado.htm#:~:text=V%20%2D%20os%20crimes%20previstos%20em%20tratado%20ou%20conven%C3%A7%C3%A3o%20internacional%2C%20quando%2C%20iniciada%20a%20execu%C3%A7%C3%A3o%20no%20Pa%C3%ADs%2C%20o%20resultado%20tenha%20ou%20devesse%20ter%20ocorrido%20no%20estrangeiro%2C%20ou%20reciprocamente%3B\" target=\"_blank\" >artigo 109, inciso V, da CF<\/a>, a compet\u00eancia para processar e julgar crime de viola\u00e7\u00e3o de direito autoral (\u00a7 2\u00ba do art. 184 do CP).<\/p>\n\n\n\n<p>O STF chegou \u00e0 conclus\u00e3o de que <strong>compete \u00e0 Justi\u00e7a Federal<\/strong> processar e julgar o crime de viola\u00e7\u00e3o de direito autoral<strong> de car\u00e1ter transnacional<\/strong>.<\/p>\n\n\n\n<p>No caso concreto (RE 702.362), o investigado havia adquirido o material apreendido no Paraguai e o havia transportado para o Brasil.<\/p>\n\n\n\n<p>Esse entendimento se deu porque o Supremo entendeu que a interpreta\u00e7\u00e3o do artigo 109, V, da Constitui\u00e7\u00e3o, compreende mandados de criminaliza\u00e7\u00e3o impl\u00edcitos e mandados de prote\u00e7\u00e3o de bens jur\u00eddicos contidos em Tratados e Conven\u00e7\u00f5es Internacionais promulgados no Brasil, deve prevalecer.<\/p>\n\n\n\n<p>Portanto, concluiu-se que compete \u00e0 Justi\u00e7a Federal processar e julgar a a\u00e7\u00e3o delituosa que envolva bem jur\u00eddico objeto de mandados de prote\u00e7\u00e3o em Tratado ou Conven\u00e7\u00e3o internacional e, simultaneamente, seja caracterizada pela transnacionalidade.&nbsp;<\/p>\n\n\n\n<h4 class=\"wp-block-heading has-luminous-vivid-orange-color has-text-color has-link-color wp-elements-32c48a693ae73377bdf954a13d08bcf0\" id=\"h-sumulas-502-e-574-do-stj\"><span id=\"sumulas-502-e-574-do-stj\">S\u00famulas 502 e 574 do STJ<\/span><\/h4>\n\n\n\n<p>Por fim, \u00e9 importante destacar que o Superior Tribunal de Justi\u00e7a (STJ) possui duas s\u00famulas a respeito da tem\u00e1tica, quais sejam:<\/p>\n\n\n\n<div class=\"wp-block-group is-style-cnvs-block-bg-light\"><div class=\"wp-block-group__inner-container is-layout-constrained wp-block-group-is-layout-constrained\">\n<p>S\u00famula n. 502, STJ &#8211; Presentes a materialidade e a autoria, <strong>afigura-se t\u00edpica<\/strong>, em rela\u00e7\u00e3o ao crime previsto no <strong>art. 184, \u00a7 2\u00ba, do CP, a conduta de expor \u00e0 venda CDs e DVDs piratas.<\/strong><\/p>\n\n\n\n<p>S\u00famula n. 574, STJ &#8211; <strong>Para a configura\u00e7\u00e3o do delito<\/strong> de viola\u00e7\u00e3o de direito autoral <strong>e a comprova\u00e7\u00e3o de sua materialidade, \u00e9 suficiente a per\u00edcia realizada por amostragem do produto apreendido<\/strong>, nos aspectos externos do material, e \u00e9 <strong>desnecess\u00e1ria a identifica\u00e7\u00e3o dos titulares dos direitos<\/strong> autorais violados <strong>ou daqueles que os representem.<\/strong><\/p>\n<\/div><\/div>\n\n\n\n<h2 class=\"wp-block-heading has-luminous-vivid-orange-color has-text-color has-link-color wp-elements-3ba041149fff4bdcc928df780bfc63bc\" id=\"h-conclusao\"><span id=\"conclusao\">Conclus\u00e3o<\/span><\/h2>\n\n\n\n<p>Portanto, pessoal, esse foi nosso breve resumo sobre o crime de viola\u00e7\u00e3o de direito autoral, destacando, inclusive, o entendimento doutrin\u00e1rio e jurisprudencial pertinente ao tema.<\/p>\n\n\n\n<p>Vimos que o crime de viola\u00e7\u00e3o de direito autoral est\u00e1 tipificado no artigo 184 do C\u00f3digo Penal, possuindo, ainda, formas qualificadas. A a\u00e7\u00e3o penal do crime muda conforme a tipifica\u00e7\u00e3o da conduta perpetrada pelo agente.<\/p>\n\n\n\n<p>Al\u00e9m disso, a jurisprud\u00eancia do STF \u00e9 no sentido de que compete \u00e0 Justi\u00e7a Federal processar e julgar o crime de viola\u00e7\u00e3o de direito autoral de car\u00e1ter transnacional (Tema de Repercuss\u00e3o Geral n\u00ba 580).<\/p>\n\n\n\n<p>At\u00e9 a pr\u00f3xima!<\/p>\n\n\n\n<h2 class=\"wp-block-heading has-text-align-center\" id=\"cursos-ficha\"><span id=\"quer-estudar-para-concursos-juridicos-em-2024\">Quer estudar para Concursos Jur\u00eddicos em 2024?<\/span><\/h2>\n\n\n\n<p class=\"has-text-align-left\">O Estrat\u00e9gia Carreira Jur\u00eddica \u00e9 campe\u00e3o de aprova\u00e7\u00f5es nos concursos para Carreiras Jur\u00eddicas com um corpo docente qualificado e materiais completos. Conhe\u00e7a nossos cursos e garanta sua aprova\u00e7\u00e3o em Concurso Jur\u00eddicos:<\/p>\n\n\n\n<p class=\"has-text-align-center has-pale-cyan-blue-background-color has-background\"><a href=\"https:\/\/cj.estrategia.com\/portal\/concursos-abertos-carreiras-juridicas\/\"><strong>Concursos abertos<\/strong><\/a><\/p>\n\n\n\n<p class=\"has-text-align-center has-pale-cyan-blue-background-color has-background\"><a href=\"https:\/\/cj.estrategia.com\/portal\/concursos-2024-carreiras-juridicas\/\"><strong>Concursos 2024<\/strong><\/a><\/p>\n","protected":false},"excerpt":{"rendered":"Fala, pessoal, tudo certo? Hoje faremos um breve resumo sobre o crime de viola\u00e7\u00e3o de direito autoral, destacando,&hellip;\n","protected":false},"author":39,"featured_media":65457,"comment_status":"open","ping_status":"open","sticky":false,"template":"","format":"standard","meta":{"_jetpack_memberships_contains_paid_content":false,"footnotes":""},"categories":[1],"tags":[],"tax_estado":[30,31,32,33,34,35,36,37,38,39,40,41,42,43,44,45,46,47,48,49,50,51,52,53,54,55,56,57],"class_list":{"0":"post-65456","1":"post","2":"type-post","3":"status-publish","4":"format-standard","5":"has-post-thumbnail","7":"category-carreiras-juridicas","8":"tax_estado-ac","9":"tax_estado-al","10":"tax_estado-am","11":"tax_estado-ap","12":"tax_estado-ba","13":"tax_estado-ce","14":"tax_estado-concursos-federais","15":"tax_estado-df","16":"tax_estado-es","17":"tax_estado-go","18":"tax_estado-ma","19":"tax_estado-mg","20":"tax_estado-ms","21":"tax_estado-mt","22":"tax_estado-pa","23":"tax_estado-pb","24":"tax_estado-pe","25":"tax_estado-pi","26":"tax_estado-pr","27":"tax_estado-rj","28":"tax_estado-rn","29":"tax_estado-ro","30":"tax_estado-rr","31":"tax_estado-rs","32":"tax_estado-sc","33":"tax_estado-se","34":"tax_estado-sp","35":"tax_estado-to"},"acf":[],"yoast_head":"<!-- This site is optimized with the Yoast SEO Premium plugin v27.4 (Yoast SEO v27.4) - https:\/\/yoast.com\/product\/yoast-seo-premium-wordpress\/ -->\n<title>Crime de viola\u00e7\u00e3o de direito autoral<\/title>\n<meta name=\"description\" content=\"Confira nosso resumo sobre o crime de viola\u00e7\u00e3o de direito autoral, em que destacamos o entendimento doutrin\u00e1rio e jurisprudencial pertinente.\" \/>\n<meta name=\"robots\" content=\"index, follow, max-snippet:-1, max-image-preview:large, max-video-preview:-1\" \/>\n<link rel=\"canonical\" href=\"https:\/\/cj.estrategia.com\/portal\/crime-violacao-direito-autoral\/\" \/>\n<meta property=\"og:locale\" content=\"pt_BR\" \/>\n<meta property=\"og:type\" content=\"article\" \/>\n<meta property=\"og:title\" content=\"Crime de viola\u00e7\u00e3o de direito autoral\" \/>\n<meta property=\"og:description\" content=\"Confira nosso resumo sobre o crime de viola\u00e7\u00e3o de direito autoral, em que destacamos o entendimento doutrin\u00e1rio e jurisprudencial pertinente.\" \/>\n<meta property=\"og:url\" content=\"https:\/\/cj.estrategia.com\/portal\/crime-violacao-direito-autoral\/\" \/>\n<meta property=\"og:site_name\" content=\"Blog - Carreiras Jur\u00eddicas - Estrat\u00e9gia\" \/>\n<meta property=\"article:publisher\" content=\"https:\/\/www.facebook.com\/estrategiacarreirajuridica\/\" \/>\n<meta property=\"article:published_time\" content=\"2024-06-18T17:00:00+00:00\" \/>\n<meta property=\"og:image\" content=\"https:\/\/cj.estrategia.com\/portal\/wp-content\/uploads\/2024\/06\/07113005\/still-life-world-intellectual-property-day-scaled.jpg\" \/>\n\t<meta property=\"og:image:width\" content=\"2560\" \/>\n\t<meta property=\"og:image:height\" content=\"1707\" \/>\n\t<meta property=\"og:image:type\" content=\"image\/jpeg\" \/>\n<meta name=\"author\" content=\"Frederico Tadeu Borlot Peixoto\" \/>\n<meta name=\"twitter:card\" content=\"summary_large_image\" \/>\n<meta name=\"twitter:creator\" content=\"@EstratJuridica\" \/>\n<meta name=\"twitter:site\" content=\"@EstratJuridica\" \/>\n<meta name=\"twitter:label1\" content=\"Escrito por\" \/>\n\t<meta name=\"twitter:data1\" content=\"Frederico Tadeu Borlot Peixoto\" \/>\n\t<meta name=\"twitter:label2\" content=\"Est. tempo de leitura\" \/>\n\t<meta name=\"twitter:data2\" content=\"11 minutos\" \/>\n<script type=\"application\/ld+json\" class=\"yoast-schema-graph\">{\"@context\":\"https:\\\/\\\/schema.org\",\"@graph\":[{\"@type\":\"NewsArticle\",\"@id\":\"https:\\\/\\\/cj.estrategia.com\\\/portal\\\/crime-violacao-direito-autoral\\\/#article\",\"isPartOf\":{\"@id\":\"https:\\\/\\\/cj.estrategia.com\\\/portal\\\/crime-violacao-direito-autoral\\\/\"},\"author\":{\"name\":\"Frederico Tadeu Borlot Peixoto\",\"@id\":\"https:\\\/\\\/cj.estrategia.com\\\/portal\\\/#\\\/schema\\\/person\\\/74287401cf4654f4fa04e378de7261ec\"},\"headline\":\"Crime de viola\u00e7\u00e3o de direito autoral\",\"datePublished\":\"2024-06-18T17:00:00+00:00\",\"mainEntityOfPage\":{\"@id\":\"https:\\\/\\\/cj.estrategia.com\\\/portal\\\/crime-violacao-direito-autoral\\\/\"},\"wordCount\":1928,\"commentCount\":0,\"publisher\":{\"@id\":\"https:\\\/\\\/cj.estrategia.com\\\/portal\\\/#organization\"},\"image\":{\"@id\":\"https:\\\/\\\/cj.estrategia.com\\\/portal\\\/crime-violacao-direito-autoral\\\/#primaryimage\"},\"thumbnailUrl\":\"https:\\\/\\\/cj.estrategia.com\\\/portal\\\/wp-content\\\/uploads\\\/2024\\\/06\\\/07113005\\\/still-life-world-intellectual-property-day-scaled.jpg\",\"articleSection\":[\"Carreiras Jur\u00eddicas\"],\"inLanguage\":\"pt-BR\",\"potentialAction\":[{\"@type\":\"CommentAction\",\"name\":\"Comment\",\"target\":[\"https:\\\/\\\/cj.estrategia.com\\\/portal\\\/crime-violacao-direito-autoral\\\/#respond\"]}],\"accessibilityFeature\":[\"tableOfContents\"]},{\"@type\":\"WebPage\",\"@id\":\"https:\\\/\\\/cj.estrategia.com\\\/portal\\\/crime-violacao-direito-autoral\\\/\",\"url\":\"https:\\\/\\\/cj.estrategia.com\\\/portal\\\/crime-violacao-direito-autoral\\\/\",\"name\":\"Crime de viola\u00e7\u00e3o de direito autoral\",\"isPartOf\":{\"@id\":\"https:\\\/\\\/cj.estrategia.com\\\/portal\\\/#website\"},\"primaryImageOfPage\":{\"@id\":\"https:\\\/\\\/cj.estrategia.com\\\/portal\\\/crime-violacao-direito-autoral\\\/#primaryimage\"},\"image\":{\"@id\":\"https:\\\/\\\/cj.estrategia.com\\\/portal\\\/crime-violacao-direito-autoral\\\/#primaryimage\"},\"thumbnailUrl\":\"https:\\\/\\\/cj.estrategia.com\\\/portal\\\/wp-content\\\/uploads\\\/2024\\\/06\\\/07113005\\\/still-life-world-intellectual-property-day-scaled.jpg\",\"datePublished\":\"2024-06-18T17:00:00+00:00\",\"description\":\"Confira nosso resumo sobre o crime de viola\u00e7\u00e3o de direito autoral, em que destacamos o entendimento doutrin\u00e1rio e jurisprudencial pertinente.\",\"breadcrumb\":{\"@id\":\"https:\\\/\\\/cj.estrategia.com\\\/portal\\\/crime-violacao-direito-autoral\\\/#breadcrumb\"},\"inLanguage\":\"pt-BR\",\"potentialAction\":[{\"@type\":\"ReadAction\",\"target\":[\"https:\\\/\\\/cj.estrategia.com\\\/portal\\\/crime-violacao-direito-autoral\\\/\"]}]},{\"@type\":\"ImageObject\",\"inLanguage\":\"pt-BR\",\"@id\":\"https:\\\/\\\/cj.estrategia.com\\\/portal\\\/crime-violacao-direito-autoral\\\/#primaryimage\",\"url\":\"https:\\\/\\\/cj.estrategia.com\\\/portal\\\/wp-content\\\/uploads\\\/2024\\\/06\\\/07113005\\\/still-life-world-intellectual-property-day-scaled.jpg\",\"contentUrl\":\"https:\\\/\\\/cj.estrategia.com\\\/portal\\\/wp-content\\\/uploads\\\/2024\\\/06\\\/07113005\\\/still-life-world-intellectual-property-day-scaled.jpg\",\"width\":2560,\"height\":1707,\"caption\":\"Crime de viola\u00e7\u00e3o de direito autoral\"},{\"@type\":\"BreadcrumbList\",\"@id\":\"https:\\\/\\\/cj.estrategia.com\\\/portal\\\/crime-violacao-direito-autoral\\\/#breadcrumb\",\"itemListElement\":[{\"@type\":\"ListItem\",\"position\":1,\"name\":\"In\u00edcio\",\"item\":\"https:\\\/\\\/cj.estrategia.com\\\/portal\\\/\"},{\"@type\":\"ListItem\",\"position\":2,\"name\":\"Crime de viola\u00e7\u00e3o de direito autoral\"}]},{\"@type\":\"WebSite\",\"@id\":\"https:\\\/\\\/cj.estrategia.com\\\/portal\\\/#website\",\"url\":\"https:\\\/\\\/cj.estrategia.com\\\/portal\\\/\",\"name\":\"Blog - Carreiras Jur\u00eddicas - Estrat\u00e9gia\",\"description\":\"\",\"publisher\":{\"@id\":\"https:\\\/\\\/cj.estrategia.com\\\/portal\\\/#organization\"},\"potentialAction\":[{\"@type\":\"SearchAction\",\"target\":{\"@type\":\"EntryPoint\",\"urlTemplate\":\"https:\\\/\\\/cj.estrategia.com\\\/portal\\\/?s={search_term_string}\"},\"query-input\":{\"@type\":\"PropertyValueSpecification\",\"valueRequired\":true,\"valueName\":\"search_term_string\"}}],\"inLanguage\":\"pt-BR\"},{\"@type\":\"Organization\",\"@id\":\"https:\\\/\\\/cj.estrategia.com\\\/portal\\\/#organization\",\"name\":\"Estrat\u00e9gia - Carreiras Jur\u00eddicas\",\"url\":\"https:\\\/\\\/cj.estrategia.com\\\/portal\\\/\",\"logo\":{\"@type\":\"ImageObject\",\"inLanguage\":\"pt-BR\",\"@id\":\"https:\\\/\\\/cj.estrategia.com\\\/portal\\\/#\\\/schema\\\/logo\\\/image\\\/\",\"url\":\"https:\\\/\\\/cj.estrategia.com\\\/portal\\\/wp-content\\\/uploads\\\/2022\\\/03\\\/11151052\\\/cj-logo.png\",\"contentUrl\":\"https:\\\/\\\/cj.estrategia.com\\\/portal\\\/wp-content\\\/uploads\\\/2022\\\/03\\\/11151052\\\/cj-logo.png\",\"width\":150,\"height\":39,\"caption\":\"Estrat\u00e9gia - Carreiras Jur\u00eddicas\"},\"image\":{\"@id\":\"https:\\\/\\\/cj.estrategia.com\\\/portal\\\/#\\\/schema\\\/logo\\\/image\\\/\"},\"sameAs\":[\"https:\\\/\\\/www.facebook.com\\\/estrategiacarreirajuridica\\\/\",\"https:\\\/\\\/x.com\\\/EstratJuridica\",\"https:\\\/\\\/www.instagram.com\\\/estrategiacarreirajuridica\\\/\",\"https:\\\/\\\/www.youtube.com\\\/channel\\\/UClbMGuYbj2Mh1m3w144ETWQ\"]},{\"@type\":\"Person\",\"@id\":\"https:\\\/\\\/cj.estrategia.com\\\/portal\\\/#\\\/schema\\\/person\\\/74287401cf4654f4fa04e378de7261ec\",\"name\":\"Frederico Tadeu Borlot Peixoto\",\"image\":{\"@type\":\"ImageObject\",\"inLanguage\":\"pt-BR\",\"@id\":\"https:\\\/\\\/cj.estrategia.com\\\/portal\\\/wp-content\\\/uploads\\\/2023\\\/06\\\/29094204\\\/GBAY0702-96x96.jpg\",\"url\":\"https:\\\/\\\/cj.estrategia.com\\\/portal\\\/wp-content\\\/uploads\\\/2023\\\/06\\\/29094204\\\/GBAY0702-96x96.jpg\",\"contentUrl\":\"https:\\\/\\\/cj.estrategia.com\\\/portal\\\/wp-content\\\/uploads\\\/2023\\\/06\\\/29094204\\\/GBAY0702-96x96.jpg\",\"caption\":\"Frederico Tadeu Borlot Peixoto\"},\"description\":\"Analista Judici\u00e1rio - \u00c1rea Judici\u00e1ria do TRF da 4\u00aa regi\u00e3o. Bacharel em Direito. P\u00f3s-graduado em Direito Administrativo, Legisla\u00e7\u00e3o Penal Especial, Direito Penal e Direito Processual Penal. Tamb\u00e9m nomeado no TRF da 3\u00aa regi\u00e3o (8\u00ba lugar); SPPREV (3\u00ba lugar); IFES (2\u00ba lugar); e PMES. https:\\\/\\\/www.instagram.com\\\/proffrederico\\\/\",\"sameAs\":[\"https:\\\/\\\/www.instagram.com\\\/proffrederico\\\/\"],\"url\":\"https:\\\/\\\/cj.estrategia.com\\\/portal\\\/author\\\/xfrederico\\\/\"}]}<\/script>\n<!-- \/ Yoast SEO Premium plugin. -->","yoast_head_json":{"title":"Crime de viola\u00e7\u00e3o de direito autoral","description":"Confira nosso resumo sobre o crime de viola\u00e7\u00e3o de direito autoral, em que destacamos o entendimento doutrin\u00e1rio e jurisprudencial pertinente.","robots":{"index":"index","follow":"follow","max-snippet":"max-snippet:-1","max-image-preview":"max-image-preview:large","max-video-preview":"max-video-preview:-1"},"canonical":"https:\/\/cj.estrategia.com\/portal\/crime-violacao-direito-autoral\/","og_locale":"pt_BR","og_type":"article","og_title":"Crime de viola\u00e7\u00e3o de direito autoral","og_description":"Confira nosso resumo sobre o crime de viola\u00e7\u00e3o de direito autoral, em que destacamos o entendimento doutrin\u00e1rio e jurisprudencial pertinente.","og_url":"https:\/\/cj.estrategia.com\/portal\/crime-violacao-direito-autoral\/","og_site_name":"Blog - Carreiras Jur\u00eddicas - Estrat\u00e9gia","article_publisher":"https:\/\/www.facebook.com\/estrategiacarreirajuridica\/","article_published_time":"2024-06-18T17:00:00+00:00","og_image":[{"width":2560,"height":1707,"url":"https:\/\/cj.estrategia.com\/portal\/wp-content\/uploads\/2024\/06\/07113005\/still-life-world-intellectual-property-day-scaled.jpg","type":"image\/jpeg"}],"author":"Frederico Tadeu Borlot Peixoto","twitter_card":"summary_large_image","twitter_creator":"@EstratJuridica","twitter_site":"@EstratJuridica","twitter_misc":{"Escrito por":"Frederico Tadeu Borlot Peixoto","Est. tempo de leitura":"11 minutos"},"schema":{"@context":"https:\/\/schema.org","@graph":[{"@type":"NewsArticle","@id":"https:\/\/cj.estrategia.com\/portal\/crime-violacao-direito-autoral\/#article","isPartOf":{"@id":"https:\/\/cj.estrategia.com\/portal\/crime-violacao-direito-autoral\/"},"author":{"name":"Frederico Tadeu Borlot Peixoto","@id":"https:\/\/cj.estrategia.com\/portal\/#\/schema\/person\/74287401cf4654f4fa04e378de7261ec"},"headline":"Crime de viola\u00e7\u00e3o de direito autoral","datePublished":"2024-06-18T17:00:00+00:00","mainEntityOfPage":{"@id":"https:\/\/cj.estrategia.com\/portal\/crime-violacao-direito-autoral\/"},"wordCount":1928,"commentCount":0,"publisher":{"@id":"https:\/\/cj.estrategia.com\/portal\/#organization"},"image":{"@id":"https:\/\/cj.estrategia.com\/portal\/crime-violacao-direito-autoral\/#primaryimage"},"thumbnailUrl":"https:\/\/cj.estrategia.com\/portal\/wp-content\/uploads\/2024\/06\/07113005\/still-life-world-intellectual-property-day-scaled.jpg","articleSection":["Carreiras Jur\u00eddicas"],"inLanguage":"pt-BR","potentialAction":[{"@type":"CommentAction","name":"Comment","target":["https:\/\/cj.estrategia.com\/portal\/crime-violacao-direito-autoral\/#respond"]}],"accessibilityFeature":["tableOfContents"]},{"@type":"WebPage","@id":"https:\/\/cj.estrategia.com\/portal\/crime-violacao-direito-autoral\/","url":"https:\/\/cj.estrategia.com\/portal\/crime-violacao-direito-autoral\/","name":"Crime de viola\u00e7\u00e3o de direito autoral","isPartOf":{"@id":"https:\/\/cj.estrategia.com\/portal\/#website"},"primaryImageOfPage":{"@id":"https:\/\/cj.estrategia.com\/portal\/crime-violacao-direito-autoral\/#primaryimage"},"image":{"@id":"https:\/\/cj.estrategia.com\/portal\/crime-violacao-direito-autoral\/#primaryimage"},"thumbnailUrl":"https:\/\/cj.estrategia.com\/portal\/wp-content\/uploads\/2024\/06\/07113005\/still-life-world-intellectual-property-day-scaled.jpg","datePublished":"2024-06-18T17:00:00+00:00","description":"Confira nosso resumo sobre o crime de viola\u00e7\u00e3o de direito autoral, em que destacamos o entendimento doutrin\u00e1rio e jurisprudencial pertinente.","breadcrumb":{"@id":"https:\/\/cj.estrategia.com\/portal\/crime-violacao-direito-autoral\/#breadcrumb"},"inLanguage":"pt-BR","potentialAction":[{"@type":"ReadAction","target":["https:\/\/cj.estrategia.com\/portal\/crime-violacao-direito-autoral\/"]}]},{"@type":"ImageObject","inLanguage":"pt-BR","@id":"https:\/\/cj.estrategia.com\/portal\/crime-violacao-direito-autoral\/#primaryimage","url":"https:\/\/cj.estrategia.com\/portal\/wp-content\/uploads\/2024\/06\/07113005\/still-life-world-intellectual-property-day-scaled.jpg","contentUrl":"https:\/\/cj.estrategia.com\/portal\/wp-content\/uploads\/2024\/06\/07113005\/still-life-world-intellectual-property-day-scaled.jpg","width":2560,"height":1707,"caption":"Crime de viola\u00e7\u00e3o de direito autoral"},{"@type":"BreadcrumbList","@id":"https:\/\/cj.estrategia.com\/portal\/crime-violacao-direito-autoral\/#breadcrumb","itemListElement":[{"@type":"ListItem","position":1,"name":"In\u00edcio","item":"https:\/\/cj.estrategia.com\/portal\/"},{"@type":"ListItem","position":2,"name":"Crime de viola\u00e7\u00e3o de direito autoral"}]},{"@type":"WebSite","@id":"https:\/\/cj.estrategia.com\/portal\/#website","url":"https:\/\/cj.estrategia.com\/portal\/","name":"Blog - Carreiras Jur\u00eddicas - Estrat\u00e9gia","description":"","publisher":{"@id":"https:\/\/cj.estrategia.com\/portal\/#organization"},"potentialAction":[{"@type":"SearchAction","target":{"@type":"EntryPoint","urlTemplate":"https:\/\/cj.estrategia.com\/portal\/?s={search_term_string}"},"query-input":{"@type":"PropertyValueSpecification","valueRequired":true,"valueName":"search_term_string"}}],"inLanguage":"pt-BR"},{"@type":"Organization","@id":"https:\/\/cj.estrategia.com\/portal\/#organization","name":"Estrat\u00e9gia - Carreiras Jur\u00eddicas","url":"https:\/\/cj.estrategia.com\/portal\/","logo":{"@type":"ImageObject","inLanguage":"pt-BR","@id":"https:\/\/cj.estrategia.com\/portal\/#\/schema\/logo\/image\/","url":"https:\/\/cj.estrategia.com\/portal\/wp-content\/uploads\/2022\/03\/11151052\/cj-logo.png","contentUrl":"https:\/\/cj.estrategia.com\/portal\/wp-content\/uploads\/2022\/03\/11151052\/cj-logo.png","width":150,"height":39,"caption":"Estrat\u00e9gia - Carreiras Jur\u00eddicas"},"image":{"@id":"https:\/\/cj.estrategia.com\/portal\/#\/schema\/logo\/image\/"},"sameAs":["https:\/\/www.facebook.com\/estrategiacarreirajuridica\/","https:\/\/x.com\/EstratJuridica","https:\/\/www.instagram.com\/estrategiacarreirajuridica\/","https:\/\/www.youtube.com\/channel\/UClbMGuYbj2Mh1m3w144ETWQ"]},{"@type":"Person","@id":"https:\/\/cj.estrategia.com\/portal\/#\/schema\/person\/74287401cf4654f4fa04e378de7261ec","name":"Frederico Tadeu Borlot Peixoto","image":{"@type":"ImageObject","inLanguage":"pt-BR","@id":"https:\/\/cj.estrategia.com\/portal\/wp-content\/uploads\/2023\/06\/29094204\/GBAY0702-96x96.jpg","url":"https:\/\/cj.estrategia.com\/portal\/wp-content\/uploads\/2023\/06\/29094204\/GBAY0702-96x96.jpg","contentUrl":"https:\/\/cj.estrategia.com\/portal\/wp-content\/uploads\/2023\/06\/29094204\/GBAY0702-96x96.jpg","caption":"Frederico Tadeu Borlot Peixoto"},"description":"Analista Judici\u00e1rio - \u00c1rea Judici\u00e1ria do TRF da 4\u00aa regi\u00e3o. Bacharel em Direito. P\u00f3s-graduado em Direito Administrativo, Legisla\u00e7\u00e3o Penal Especial, Direito Penal e Direito Processual Penal. Tamb\u00e9m nomeado no TRF da 3\u00aa regi\u00e3o (8\u00ba lugar); SPPREV (3\u00ba lugar); IFES (2\u00ba lugar); e PMES. https:\/\/www.instagram.com\/proffrederico\/","sameAs":["https:\/\/www.instagram.com\/proffrederico\/"],"url":"https:\/\/cj.estrategia.com\/portal\/author\/xfrederico\/"}]}},"jetpack_featured_media_url":"https:\/\/cj.estrategia.com\/portal\/wp-content\/uploads\/2024\/06\/07113005\/still-life-world-intellectual-property-day-scaled.jpg","jetpack_sharing_enabled":true,"_links":{"self":[{"href":"https:\/\/cj.estrategia.com\/portal\/wp-json\/wp\/v2\/posts\/65456","targetHints":{"allow":["GET"]}}],"collection":[{"href":"https:\/\/cj.estrategia.com\/portal\/wp-json\/wp\/v2\/posts"}],"about":[{"href":"https:\/\/cj.estrategia.com\/portal\/wp-json\/wp\/v2\/types\/post"}],"author":[{"embeddable":true,"href":"https:\/\/cj.estrategia.com\/portal\/wp-json\/wp\/v2\/users\/39"}],"replies":[{"embeddable":true,"href":"https:\/\/cj.estrategia.com\/portal\/wp-json\/wp\/v2\/comments?post=65456"}],"version-history":[{"count":3,"href":"https:\/\/cj.estrategia.com\/portal\/wp-json\/wp\/v2\/posts\/65456\/revisions"}],"predecessor-version":[{"id":65461,"href":"https:\/\/cj.estrategia.com\/portal\/wp-json\/wp\/v2\/posts\/65456\/revisions\/65461"}],"wp:featuredmedia":[{"embeddable":true,"href":"https:\/\/cj.estrategia.com\/portal\/wp-json\/wp\/v2\/media\/65457"}],"wp:attachment":[{"href":"https:\/\/cj.estrategia.com\/portal\/wp-json\/wp\/v2\/media?parent=65456"}],"wp:term":[{"taxonomy":"category","embeddable":true,"href":"https:\/\/cj.estrategia.com\/portal\/wp-json\/wp\/v2\/categories?post=65456"},{"taxonomy":"post_tag","embeddable":true,"href":"https:\/\/cj.estrategia.com\/portal\/wp-json\/wp\/v2\/tags?post=65456"},{"taxonomy":"tax_estado","embeddable":true,"href":"https:\/\/cj.estrategia.com\/portal\/wp-json\/wp\/v2\/tax_estado?post=65456"}],"curies":[{"name":"wp","href":"https:\/\/api.w.org\/{rel}","templated":true}]}}