{"id":64962,"date":"2024-06-04T00:34:31","date_gmt":"2024-06-04T03:34:31","guid":{"rendered":"https:\/\/cj.estrategia.com\/portal\/?p=64962"},"modified":"2025-04-28T14:04:13","modified_gmt":"2025-04-28T17:04:13","slug":"aborto-parcial-de-quintuplos-entenda-o-caso","status":"publish","type":"post","link":"https:\/\/cj.estrategia.com\/portal\/aborto-parcial-de-quintuplos-entenda-o-caso\/","title":{"rendered":"Aborto parcial de Qu\u00edntuplos: Entenda o caso"},"content":{"rendered":"\n<p><em>Tribunal de Justi\u00e7a de S\u00e3o Paulo concede ordem para aborto parcial de gravidez de qu\u00edntuplos<\/em>.<\/p>\n\n\n\n<p><\/p>\n\n\n\n<figure class=\"wp-block-image size-full\"><img decoding=\"async\" width=\"1001\" height=\"601\" src=\"https:\/\/cj.estrategia.com\/portal\/wp-content\/uploads\/2024\/06\/04002927\/aborto-quintuplo.png\" alt=\"Aborto parcial\" class=\"wp-image-65006\" srcset=\"https:\/\/cj.estrategia.com\/portal\/wp-content\/uploads\/2024\/06\/04002927\/aborto-quintuplo.png 1001w, https:\/\/cj.estrategia.com\/portal\/wp-content\/uploads\/2024\/06\/04002927\/aborto-quintuplo-300x180.png 300w, https:\/\/cj.estrategia.com\/portal\/wp-content\/uploads\/2024\/06\/04002927\/aborto-quintuplo-768x461.png 768w, https:\/\/cj.estrategia.com\/portal\/wp-content\/uploads\/2024\/06\/04002927\/aborto-quintuplo-380x228.png 380w, https:\/\/cj.estrategia.com\/portal\/wp-content\/uploads\/2024\/06\/04002927\/aborto-quintuplo-560x336.png 560w, https:\/\/cj.estrategia.com\/portal\/wp-content\/uploads\/2024\/06\/04002927\/aborto-quintuplo-800x480.png 800w, https:\/\/cj.estrategia.com\/portal\/wp-content\/uploads\/2024\/06\/04002927\/aborto-quintuplo-150x90.png 150w\" sizes=\"(max-width: 1001px) 100vw, 1001px\" \/><\/figure>\n\n\n\n<p>O Tribunal de Justi\u00e7a do Estado de S\u00e3o Paulo, por unanimidade, concedeu ordem em <em>habeas corpus<\/em> para<mark style=\"background-color:rgba(0, 0, 0, 0)\" class=\"has-inline-color has-vivid-red-color\"> <\/mark><strong><mark style=\"background-color:rgba(0, 0, 0, 0)\" class=\"has-inline-color has-black-color\">interrup\u00e7\u00e3o parcial de gravidez de qu\u00edntuplos<\/mark><\/strong><a id=\"_ftnref1\" href=\"#_ftn1\">[1]<\/a><strong> (redu\u00e7\u00e3o gestacional)<\/strong>. O fundamento para a concess\u00e3o da ordem est\u00e1 relacionado ao risco de morte para a gestante, bem como em raz\u00e3o da alta probabilidade de inviabilidade dos embri\u00f5es.&nbsp;<\/p>\n\n\n\n<h2 class=\"wp-block-heading is-style-default has-text-color has-link-color wp-elements-86f9aab20155907a86838fe09fdfa612\" id=\"h-entenda-o-caso-aborto-parcial-de-quintuplos\" style=\"color:#a36b00;font-style:normal;font-weight:400\"><span id=\"entenda-o-caso-aborto-parcial-de-quintuplos\">Entenda o caso &#8211; Aborto parcial de Qu\u00edntuplos<\/span><\/h2>\n\n\n\n<p>Trata-se de caso em que uma mulher realizou uma&nbsp;fertiliza\u00e7\u00e3o <em>in vitro<\/em> e teve dois embri\u00f5es implantados em seu \u00fatero. Ocorre que tal procedimento culminou na gera\u00e7\u00e3o de cinco fetos, sendo tr\u00eas em um saco gestacional e outros dois em outro &#8211; situa\u00e7\u00e3o absolutamente excepcional.<\/p>\n\n\n\n<p>No caso, apresentou-se parecer m\u00e9dico no sentido de que a gestante n\u00e3o sobreviveria \u00e0 gesta\u00e7\u00e3o dos cinco fetos, somado ao risco de inviabilidade dos embri\u00f5es. Vejamos a ementa da decis\u00e3o:<\/p>\n\n\n\n<pre class=\"wp-block-preformatted cnvs-block-core-preformatted-1717467917841\"><strong>\"Habeas Corpus. Fato at\u00edpico. Pedido de interrup\u00e7\u00e3o de gravidez de qu\u00edntuplos. Direito de autonomia das mulheres. Gestante que corre risco de vida. Necessidade de alvar\u00e1 para a realiza\u00e7\u00e3o do procedimento cir\u00fargico.<\/strong>\n\n1. Paciente submetida a procedimento de fertiliza\u00e7\u00e3o in vitro e teve dois embri\u00f5es implantados em seu \u00fatero, os quais, por processo de subdivis\u00e3o, resultaram em cinco fetos, suportando gravidez de qu\u00edntuplos. Situa\u00e7\u00e3o absolutamente excepcional. Alegado risco de vida \u00e0 gestante e inviabilidade de vida extrauterina de todos os cinco embri\u00f5es.2. Panorama constitucional: precedentes do Supremo Tribunal Federal sobre casos nos quais o abortamento, para al\u00e9m dos casos previstos em lei, \u00e9 poss\u00edvel. Sobrevaloriza\u00e7\u00e3o dos direitos da mulher. Discuss\u00e3o acerca do status jur\u00eddico do embri\u00e3o. Prote\u00e7\u00e3o do direito \u00e0 vida do feto que diminui diante da necessidade de defesa e tutela dos direitos das mulheres, a depender do est\u00e1gio de desenvolvimento biol\u00f3gico do embri\u00e3o.3. Panorama internacional: ressignifica\u00e7\u00e3o da autonomia da mulher e de todos os direitos inerentes a esta situa\u00e7\u00e3o. Holofote para as decis\u00f5es emanadas da Corte Interamericana de Direitos Humanos e, tamb\u00e9m, da Corte Europeia de Direitos Humanos.4. Caso concreto: condi\u00e7\u00e3o de sa\u00fade da paciente que \u00e9 in\u00e9dita. Fertiliza\u00e7\u00e3o de dois embri\u00f5es mediante dois sacos gestacionais independentes que cont\u00eam, no entanto, g\u00eameos e trig\u00eameos, ambos univitelinos. Necessidade de se ponderar acerca das complica\u00e7\u00f5es inerentes \u00e0 gravidez m\u00faltipla. Estudos cient\u00edficos que apontam para a alt\u00edssima probabilidade de parto prematuro (eis que a gravidez n\u00e3o tem chance alguma de chegar a termo) aumentando o risco de morte fetal. Chance de vida extrauterina de todos os embri\u00f5es de baix\u00edssima expectativa. Redu\u00e7\u00e3o da gesta\u00e7\u00e3o que, excepcionalmente, apresenta-se como a solu\u00e7\u00e3o mais adequada ao contexto e a resposta mais vi\u00e1vel para se evitar resultados catastr\u00f3ficos e outros desdobramentos inimaginados, em detrimento da sa\u00fade da gestante e dos pr\u00f3prios fetos. Solu\u00e7\u00e3o adotada que se aproxima daquela proposta quando do julgamento da ADPF 54\/DF.5. Ordem concedida para se prestigiar, sobremodo, a igualdade de g\u00eanero e sobrevalorizar os direitos de todas as mulheres e meninas acerca da decis\u00e3o com respeito a uma gravidez saud\u00e1vel e vi\u00e1vel, com determina\u00e7\u00e3o para que seja expedido alvar\u00e1, permitindo a realiza\u00e7\u00e3o do procedimento cl\u00ednico cir\u00fargico o mais adequado para a situa\u00e7\u00e3o em concreto\u201d.<\/pre>\n\n\n\n<h2 class=\"wp-block-heading is-style-default has-text-color has-link-color wp-elements-d579c3e00114a268b00334b0f978e6e6\" id=\"h-direito-a-vida-aborto-parcial\" style=\"color:#a36b00;font-style:normal;font-weight:400\"><span id=\"direito-a-vida-aborto-parcial\"><mark style=\"background-color:rgba(0, 0, 0, 0);color:#c69307\" class=\"has-inline-color\"><strong>Direito \u00e0 Vida &#8211;  Aborto parcial<\/strong><\/mark><\/span><\/h2>\n\n\n\n<p>A doutrina prop\u00f5e um <strong>duplo sentido&nbsp;do direito \u00e0 vida<\/strong>, abrangendo n\u00e3o somente o direito de viver (n\u00e3o morrer), bem como o direito de viver dignamente (notadamente garantindo-se o m\u00ednimo existencial).<\/p>\n\n\n\n<p>Importante destacar que <strong>nem mesmo o direito \u00e0 vida possui car\u00e1ter absoluto<\/strong>. Apenas de forma exemplificativa, podemos citar a pondera\u00e7\u00e3o do direito \u00e0 vida nos casos de pena de morte em caso de guerra declarada, nos termos do art. 5\u00ba, XLVII, da Constitui\u00e7\u00e3o Federal. Al\u00e9m disso, frise-se a flexibiliza\u00e7\u00e3o em casos de leg\u00edtima defesa, estado de necessidade e em algumas situa\u00e7\u00f5es envolvendo o <strong>aborto<\/strong>, tema que ser\u00e1 analisado no presente artigo.<\/p>\n\n\n\n<p>O tema inerente ao aborto est\u00e1 intimamente relacionado ao direito \u00e0 vida. Vejamos a disciplina existente no C\u00f3digo Penal:<\/p>\n\n\n\n<p class=\"has-text-align-left has-text-color has-link-color has-medium-font-size wp-elements-25472e491e0a6525cd776c5ef64be623\" style=\"color:#a36b00\"><strong>Legisla\u00e7\u00e3o de apoio<\/strong><\/p>\n\n\n\n<div class=\"wp-block-group is-style-cnvs-block-shadow is-horizontal is-content-justification-left is-nowrap is-layout-flex wp-container-core-group-is-layout-e0598304 wp-block-group-is-layout-flex\">\n<p class=\"is-style-default\"><em>Aborto provocado pela gestante ou com seu consentimento: Art. 124 &#8211; Provocar aborto em si mesma ou consentir que outrem lhe provoque: Pena &#8211; deten\u00e7\u00e3o, de um a tr\u00eas anos.<br><br>Art. 128 &#8211; N\u00e3o se pune o aborto praticado por m\u00e9dico:<br><br>Aborto necess\u00e1rio: I &#8211; se n\u00e3o h\u00e1 outro meio de salvar a vida da gestante;<br><br>Aborto no caso de gravidez resultante de estupro: II &#8211; se a gravidez resulta de estupro e o aborto \u00e9 precedido de consentimento da gestante ou, quando incapaz, de seu representante legal<\/em>.<\/p>\n<\/div>\n\n\n\n<h2 class=\"wp-block-heading is-style-default has-text-color has-link-color wp-elements-8b782fdb82d9ca410d75fa34345ff1d7\" id=\"h-argumentos-contrarios-e-favoraveis-ao-aborto\" style=\"color:#a36b00;font-style:normal;font-weight:400\"><span id=\"argumentos-contrarios-e-favoraveis-ao-aborto\"><strong>Argumentos Contr\u00e1rios e Favor\u00e1veis ao aborto<\/strong><\/span><\/h2>\n\n\n\n<p>A seguir, destacaremos alguns dos principais argumentos contr\u00e1rios e favor\u00e1veis acerca da criminaliza\u00e7\u00e3o do aborto. Vejamos:<\/p>\n\n\n\n<div class=\"wp-block-group\"><div class=\"wp-block-group__inner-container is-layout-constrained wp-block-group-is-layout-constrained\">\n<p class=\"has-text-align-center has-background has-medium-font-size\" style=\"background-color:#f2c268\"><strong>Argumentos Contr\u00e1rios ao aborto<\/strong><\/p>\n<\/div><\/div>\n\n\n\n<div class=\"wp-block-group\"><div class=\"wp-block-group__inner-container is-layout-constrained wp-block-group-is-layout-constrained\">\n<ul class=\"wp-block-list\">\n<li>Proibi\u00e7\u00e3o da insufici\u00eancia de prote\u00e7\u00e3o, pois a vida humana come\u00e7aria a partir da concep\u00e7\u00e3o.<\/li>\n\n\n\n<li>O direito \u00e0 vida possui um peso muito forte na colis\u00e3o com outros direitos, uma vez que os demais direitos fundamentais pressup\u00f5em esse direito.<\/li>\n\n\n\n<li>Na realidade, o que se faz necess\u00e1rio s\u00e3o pol\u00edticas p\u00fablicas adequadas para proteger a genitora e o feto.<\/li>\n<\/ul>\n<\/div><\/div>\n\n\n\n<div class=\"wp-block-group aligncenter\"><div class=\"wp-block-group__inner-container is-layout-constrained wp-block-group-is-layout-constrained\">\n<p class=\"has-text-align-center has-background has-medium-font-size\" style=\"background-color:#f2c268\"><strong>Argumentos Favor\u00e1veis ao aborto<\/strong><\/p>\n<\/div><\/div>\n\n\n\n<ul class=\"wp-block-list\">\n<li>Direitos fundamentais da gestante, tal como a autonomia e o direito ao pr\u00f3prio corpo.<\/li>\n\n\n\n<li>Diminui\u00e7\u00e3o da taxa de mortalidade materna. Como consequ\u00eancia, temos o argumento abaixo.<\/li>\n\n\n\n<li>A proibi\u00e7\u00e3o do aborto leva as gestantes para um mundo clandestino, colocando em risco a sua vida e sa\u00fade (o aborto deveria ser analisado como uma quest\u00e3o de sa\u00fade p\u00fablica).<\/li>\n<\/ul>\n\n\n\n<h2 class=\"wp-block-heading has-text-color has-link-color wp-elements-3d1c705d2eade8edc92ba5f3e99a8490\" id=\"h-um-pouco-mais-sobre-o-aborto-parcial\" style=\"color:#a36b00;font-style:normal;font-weight:400\"><span id=\"um-pouco-mais-sobre-o-aborto-parcial\"><mark style=\"background-color:rgba(0, 0, 0, 0);color:#c69307\" class=\"has-inline-color\"><strong>Um pouco mais sobre o aborto parcial<\/strong><\/mark><\/span><\/h2>\n\n\n\n<p>Sobre o tema imprescind\u00edvel destacar que, no <strong>HC n. 124.306 (Primeira Turma)<\/strong>, considerou at\u00edpica a interrup\u00e7\u00e3o volunt\u00e1ria da gravidez efetivada no primeiro trimestre. Trata-se de um caso individual, sem efeito <em>erga omnes<\/em>. Como se trata de a\u00e7\u00e3o individual, buscou-se o efeito <em>erga omnes<\/em> por meio de uma a\u00e7\u00e3o de controle concentrado de constitucionalidade.<\/p>\n\n\n\n<p>Assim, posteriormente, o Partido Socialismo e Liberdade (PSOL) ajuizou a <strong>ADPF n. 442<\/strong>, solicitando que a Corte declare a n\u00e3o recep\u00e7\u00e3o parcial dos artigos 124 e 126 do C\u00f3digo Penal pela Constitui\u00e7\u00e3o Federal, fundamentando, em especial, na afronta aos direitos fundamentais das mulheres &#8211; \u00e0 vida, \u00e0 liberdade, \u00e0 integridade f\u00edsica e psicol\u00f3gica, \u00e0 igualdade de g\u00eanero, \u00e0 autonomia, \u00e0 sa\u00fade e ao planejamento familiar.<\/p>\n\n\n\n<p>Recentemente, a ministra Rosa Weber, antes de sua aposentadoria, em tintas de 129 p\u00e1ginas, <strong>votou pela descriminaliza\u00e7\u00e3o da interrup\u00e7\u00e3o volunt\u00e1ria da gravidez (aborto), nas primeiras 12 semanas de gesta\u00e7\u00e3o<\/strong>. Ap\u00f3s, o processo foi suspenso em virtude de um pedido de destaque do ministro Lu\u00eds Roberto Barroso. Assim, o processo ter\u00e1 prosseguimento em sess\u00e3o presencial do Plen\u00e1rio.<\/p>\n\n\n\n<h2 class=\"wp-block-heading is-style-default has-text-color has-link-color wp-elements-aa6a3b322242d8ac1c315f0865665806\" id=\"h-o-caso-concreto-aborto-parcial\" style=\"color:#a36b00;font-style:normal;font-weight:400\"><span id=\"o-caso-concreto-aborto-parcial\"><mark style=\"background-color:rgba(0, 0, 0, 0);color:#c69307\" class=\"has-inline-color\">O caso concreto &#8211; Aborto parcial<\/mark><\/span><\/h2>\n\n\n\n<p>A situa\u00e7\u00e3o apresentada possui peculiaridades, o que tornou o caso extremamente excepcional. Demonstrou-se, concretamente, o risco para a vida da mulher, bem como a alt\u00edssima probabilidade de ocorrer um parto prematuro, o que aumentaria o risco de morte fetal, com baix\u00edssima chance de vida extrauterina dos fetos.<\/p>\n\n\n\n<p>Assim, para o Tribunal, de maneira excepcional, a denominada <strong>redu\u00e7\u00e3o gestacional<\/strong> seria a solu\u00e7\u00e3o mais adequada ao caso concreto. Conforme o relator, o caso se aproxima do julgamento da ADPF n. 54 (interrup\u00e7\u00e3o da gravidez de feto anenc\u00e9falo), fundamentando-se no direito \u00e0 vida, \u00e0 sa\u00fade e \u00e0 autonomia da mulher, ponderando-se os direitos fundamentais envolvidos, levando-se em considera\u00e7\u00e3o o risco de vida \u00e0 gestante e inviabilidade de vida extrauterina de todos os cinco embri\u00f5es.<\/p>\n\n\n\n<hr class=\"wp-block-separator has-alpha-channel-opacity\"\/>\n\n\n\n<p><em>* Marcos Vin\u00edcius Manso Lopes Gomes. Defensor P\u00fablico do estado de S\u00e3o Paulo. Professor de Direito Constitucional do Estrat\u00e9gia Carreiras Jur\u00eddicas<\/em>.<\/p>\n\n\n\n<p><a id=\"_ftn1\" href=\"#_ftnref1\">[1]<\/a> Dispon\u00edvel em <a href=\"https:\/\/www.migalhas.com.br\/quentes\/408445\/tj-sp-concede-ordem-para-interrupcao-parcial-de-gravidez-de-quintuplos\">https:\/\/www.migalhas.com.br\/quentes\/408445\/tj-sp-concede-ordem-para-interrupcao-parcial-de-gravidez-de-quintuplos<\/a>. Acesso em 03 de junho de 2024.<\/p>\n\n\n\n<h2 class=\"wp-block-heading has-text-align-center\" id=\"cursos-ficha\" style=\"font-style:normal;font-weight:400\"><span id=\"quer-estudar-para-carreiras-juridicas\"><strong>Quer estudar para Carreiras Jur\u00eddicas?<\/strong><\/span><\/h2>\n\n\n\n<p class=\"has-text-align-left\">O Estrat\u00e9gia Carreira Jur\u00eddica \u00e9 campe\u00e3o de aprova\u00e7\u00f5es nos concursos para Carreiras Jur\u00eddicas com um corpo docente qualificado e materiais completos. Conhe\u00e7a nossos cursos e garanta sua aprova\u00e7\u00e3o em Concurso de Delegado:<\/p>\n\n\n\n<p class=\"has-text-align-center has-pale-cyan-blue-background-color has-background\"><a href=\"https:\/\/cj.estrategia.com\/portal\/concursos-abertos-carreiras-juridicas\/\" target=\"_blank\" ><strong>Concursos abertos<\/strong><\/a><\/p>\n\n\n\n<p class=\"has-text-align-center has-pale-cyan-blue-background-color has-background\"><a href=\"https:\/\/cj.estrategia.com\/portal\/concursos-2024-carreiras-juridicas\/\"><strong>Concursos 2024<\/strong><\/a><\/p>\n\n\n\n<p><\/p>\n","protected":false},"excerpt":{"rendered":"Tribunal de Justi\u00e7a de S\u00e3o Paulo concede ordem para aborto parcial de gravidez de qu\u00edntuplos. O Tribunal de&hellip;\n","protected":false},"author":54,"featured_media":0,"comment_status":"open","ping_status":"open","sticky":false,"template":"","format":"standard","meta":{"_jetpack_memberships_contains_paid_content":false,"footnotes":""},"categories":[1],"tags":[151,152,84,155,154,158,157,156,153],"tax_estado":[30,31,32,33,34,35,36,37,38,39,40,41,42,43,44,45,46,47,48,49,50,51,52,53,54,55,56,57],"class_list":{"0":"post-64962","1":"post","2":"type-post","3":"status-publish","4":"format-standard","6":"category-carreiras-juridicas","7":"tag-aborto","8":"tag-aborto-parcial","9":"tag-carreira-juridica","10":"tag-direito-a-vida","11":"tag-direito-penal","12":"tag-embriao","13":"tag-fertilizacao-in-vitro","14":"tag-interrupcao-de-gravidez","15":"tag-reducao-gestacional","16":"tax_estado-ac","17":"tax_estado-al","18":"tax_estado-am","19":"tax_estado-ap","20":"tax_estado-ba","21":"tax_estado-ce","22":"tax_estado-concursos-federais","23":"tax_estado-df","24":"tax_estado-es","25":"tax_estado-go","26":"tax_estado-ma","27":"tax_estado-mg","28":"tax_estado-ms","29":"tax_estado-mt","30":"tax_estado-pa","31":"tax_estado-pb","32":"tax_estado-pe","33":"tax_estado-pi","34":"tax_estado-pr","35":"tax_estado-rj","36":"tax_estado-rn","37":"tax_estado-ro","38":"tax_estado-rr","39":"tax_estado-rs","40":"tax_estado-sc","41":"tax_estado-se","42":"tax_estado-sp","43":"tax_estado-to"},"acf":[],"yoast_head":"<!-- This site is optimized with the Yoast SEO Premium plugin v27.4 (Yoast SEO v27.4) - https:\/\/yoast.com\/product\/yoast-seo-premium-wordpress\/ -->\n<title>Aborto parcial de Qu\u00edntuplos: Entenda o caso<\/title>\n<meta name=\"description\" content=\"Entenda o pol\u00eamico caso de aborto parcial de qu\u00edntuplos: o que motivou a decis\u00e3o, os aspectos m\u00e9dicos e jur\u00eddicos envolvidos e repercuss\u00e3o.\" \/>\n<meta name=\"robots\" content=\"index, follow, max-snippet:-1, max-image-preview:large, max-video-preview:-1\" \/>\n<link rel=\"canonical\" href=\"https:\/\/cj.estrategia.com\/portal\/aborto-parcial-de-quintuplos-entenda-o-caso\/\" \/>\n<meta property=\"og:locale\" content=\"pt_BR\" \/>\n<meta property=\"og:type\" content=\"article\" \/>\n<meta property=\"og:title\" content=\"Aborto parcial de Qu\u00edntuplos: Entenda o caso\" \/>\n<meta property=\"og:description\" content=\"Entenda o pol\u00eamico caso de aborto parcial de qu\u00edntuplos: o que motivou a decis\u00e3o, os aspectos m\u00e9dicos e jur\u00eddicos envolvidos e repercuss\u00e3o.\" \/>\n<meta property=\"og:url\" content=\"https:\/\/cj.estrategia.com\/portal\/aborto-parcial-de-quintuplos-entenda-o-caso\/\" \/>\n<meta property=\"og:site_name\" content=\"Blog - Carreiras Jur\u00eddicas - Estrat\u00e9gia\" \/>\n<meta property=\"article:publisher\" content=\"https:\/\/www.facebook.com\/estrategiacarreirajuridica\/\" \/>\n<meta property=\"article:published_time\" content=\"2024-06-04T03:34:31+00:00\" \/>\n<meta property=\"article:modified_time\" content=\"2025-04-28T17:04:13+00:00\" \/>\n<meta property=\"og:image\" content=\"https:\/\/cj.estrategia.com\/portal\/wp-content\/uploads\/2024\/06\/04002927\/aborto-quintuplo.png\" \/>\n\t<meta property=\"og:image:width\" content=\"1001\" \/>\n\t<meta property=\"og:image:height\" content=\"601\" \/>\n\t<meta property=\"og:image:type\" content=\"image\/png\" \/>\n<meta name=\"author\" content=\"Marcos Gomes\" \/>\n<meta name=\"twitter:card\" content=\"summary_large_image\" \/>\n<meta name=\"twitter:creator\" content=\"@EstratJuridica\" \/>\n<meta name=\"twitter:site\" content=\"@EstratJuridica\" \/>\n<meta name=\"twitter:label1\" content=\"Escrito por\" \/>\n\t<meta name=\"twitter:data1\" content=\"Marcos Gomes\" \/>\n\t<meta name=\"twitter:label2\" content=\"Est. tempo de leitura\" \/>\n\t<meta name=\"twitter:data2\" content=\"6 minutos\" \/>\n<script type=\"application\/ld+json\" class=\"yoast-schema-graph\">{\"@context\":\"https:\\\/\\\/schema.org\",\"@graph\":[{\"@type\":\"NewsArticle\",\"@id\":\"https:\\\/\\\/cj.estrategia.com\\\/portal\\\/aborto-parcial-de-quintuplos-entenda-o-caso\\\/#article\",\"isPartOf\":{\"@id\":\"https:\\\/\\\/cj.estrategia.com\\\/portal\\\/aborto-parcial-de-quintuplos-entenda-o-caso\\\/\"},\"author\":{\"name\":\"Marcos Gomes\",\"@id\":\"https:\\\/\\\/cj.estrategia.com\\\/portal\\\/#\\\/schema\\\/person\\\/aa7e4ed652b4a209e40869071fda4361\"},\"headline\":\"Aborto parcial de Qu\u00edntuplos: Entenda o caso\",\"datePublished\":\"2024-06-04T03:34:31+00:00\",\"dateModified\":\"2025-04-28T17:04:13+00:00\",\"mainEntityOfPage\":{\"@id\":\"https:\\\/\\\/cj.estrategia.com\\\/portal\\\/aborto-parcial-de-quintuplos-entenda-o-caso\\\/\"},\"wordCount\":988,\"commentCount\":0,\"publisher\":{\"@id\":\"https:\\\/\\\/cj.estrategia.com\\\/portal\\\/#organization\"},\"image\":{\"@id\":\"https:\\\/\\\/cj.estrategia.com\\\/portal\\\/aborto-parcial-de-quintuplos-entenda-o-caso\\\/#primaryimage\"},\"thumbnailUrl\":\"https:\\\/\\\/cj.estrategia.com\\\/portal\\\/wp-content\\\/uploads\\\/2024\\\/06\\\/04002927\\\/aborto-quintuplo.png\",\"keywords\":[\"aborto\",\"aborto parcial\",\"carreira jur\u00eddica\",\"direito \u00e0 vida\",\"direito penal\",\"embri\u00e3o\",\"fertiliza\u00e7\u00e3o in vitro\",\"interrup\u00e7\u00e3o de gravidez\",\"redu\u00e7\u00e3o gestacional\"],\"articleSection\":[\"Carreiras Jur\u00eddicas\"],\"inLanguage\":\"pt-BR\",\"potentialAction\":[{\"@type\":\"CommentAction\",\"name\":\"Comment\",\"target\":[\"https:\\\/\\\/cj.estrategia.com\\\/portal\\\/aborto-parcial-de-quintuplos-entenda-o-caso\\\/#respond\"]}]},{\"@type\":\"WebPage\",\"@id\":\"https:\\\/\\\/cj.estrategia.com\\\/portal\\\/aborto-parcial-de-quintuplos-entenda-o-caso\\\/\",\"url\":\"https:\\\/\\\/cj.estrategia.com\\\/portal\\\/aborto-parcial-de-quintuplos-entenda-o-caso\\\/\",\"name\":\"Aborto parcial de Qu\u00edntuplos: Entenda o caso\",\"isPartOf\":{\"@id\":\"https:\\\/\\\/cj.estrategia.com\\\/portal\\\/#website\"},\"primaryImageOfPage\":{\"@id\":\"https:\\\/\\\/cj.estrategia.com\\\/portal\\\/aborto-parcial-de-quintuplos-entenda-o-caso\\\/#primaryimage\"},\"image\":{\"@id\":\"https:\\\/\\\/cj.estrategia.com\\\/portal\\\/aborto-parcial-de-quintuplos-entenda-o-caso\\\/#primaryimage\"},\"thumbnailUrl\":\"https:\\\/\\\/cj.estrategia.com\\\/portal\\\/wp-content\\\/uploads\\\/2024\\\/06\\\/04002927\\\/aborto-quintuplo.png\",\"datePublished\":\"2024-06-04T03:34:31+00:00\",\"dateModified\":\"2025-04-28T17:04:13+00:00\",\"description\":\"Entenda o pol\u00eamico caso de aborto parcial de qu\u00edntuplos: o que motivou a decis\u00e3o, os aspectos m\u00e9dicos e jur\u00eddicos envolvidos e repercuss\u00e3o.\",\"breadcrumb\":{\"@id\":\"https:\\\/\\\/cj.estrategia.com\\\/portal\\\/aborto-parcial-de-quintuplos-entenda-o-caso\\\/#breadcrumb\"},\"inLanguage\":\"pt-BR\",\"potentialAction\":[{\"@type\":\"ReadAction\",\"target\":[\"https:\\\/\\\/cj.estrategia.com\\\/portal\\\/aborto-parcial-de-quintuplos-entenda-o-caso\\\/\"]}]},{\"@type\":\"ImageObject\",\"inLanguage\":\"pt-BR\",\"@id\":\"https:\\\/\\\/cj.estrategia.com\\\/portal\\\/aborto-parcial-de-quintuplos-entenda-o-caso\\\/#primaryimage\",\"url\":\"https:\\\/\\\/cj.estrategia.com\\\/portal\\\/wp-content\\\/uploads\\\/2024\\\/06\\\/04002927\\\/aborto-quintuplo.png\",\"contentUrl\":\"https:\\\/\\\/cj.estrategia.com\\\/portal\\\/wp-content\\\/uploads\\\/2024\\\/06\\\/04002927\\\/aborto-quintuplo.png\",\"width\":1001,\"height\":601},{\"@type\":\"BreadcrumbList\",\"@id\":\"https:\\\/\\\/cj.estrategia.com\\\/portal\\\/aborto-parcial-de-quintuplos-entenda-o-caso\\\/#breadcrumb\",\"itemListElement\":[{\"@type\":\"ListItem\",\"position\":1,\"name\":\"In\u00edcio\",\"item\":\"https:\\\/\\\/cj.estrategia.com\\\/portal\\\/\"},{\"@type\":\"ListItem\",\"position\":2,\"name\":\"Aborto parcial de Qu\u00edntuplos: Entenda o caso\"}]},{\"@type\":\"WebSite\",\"@id\":\"https:\\\/\\\/cj.estrategia.com\\\/portal\\\/#website\",\"url\":\"https:\\\/\\\/cj.estrategia.com\\\/portal\\\/\",\"name\":\"Blog - Carreiras Jur\u00eddicas - Estrat\u00e9gia\",\"description\":\"\",\"publisher\":{\"@id\":\"https:\\\/\\\/cj.estrategia.com\\\/portal\\\/#organization\"},\"potentialAction\":[{\"@type\":\"SearchAction\",\"target\":{\"@type\":\"EntryPoint\",\"urlTemplate\":\"https:\\\/\\\/cj.estrategia.com\\\/portal\\\/?s={search_term_string}\"},\"query-input\":{\"@type\":\"PropertyValueSpecification\",\"valueRequired\":true,\"valueName\":\"search_term_string\"}}],\"inLanguage\":\"pt-BR\"},{\"@type\":\"Organization\",\"@id\":\"https:\\\/\\\/cj.estrategia.com\\\/portal\\\/#organization\",\"name\":\"Estrat\u00e9gia - Carreiras Jur\u00eddicas\",\"url\":\"https:\\\/\\\/cj.estrategia.com\\\/portal\\\/\",\"logo\":{\"@type\":\"ImageObject\",\"inLanguage\":\"pt-BR\",\"@id\":\"https:\\\/\\\/cj.estrategia.com\\\/portal\\\/#\\\/schema\\\/logo\\\/image\\\/\",\"url\":\"https:\\\/\\\/cj.estrategia.com\\\/portal\\\/wp-content\\\/uploads\\\/2022\\\/03\\\/11151052\\\/cj-logo.png\",\"contentUrl\":\"https:\\\/\\\/cj.estrategia.com\\\/portal\\\/wp-content\\\/uploads\\\/2022\\\/03\\\/11151052\\\/cj-logo.png\",\"width\":150,\"height\":39,\"caption\":\"Estrat\u00e9gia - Carreiras Jur\u00eddicas\"},\"image\":{\"@id\":\"https:\\\/\\\/cj.estrategia.com\\\/portal\\\/#\\\/schema\\\/logo\\\/image\\\/\"},\"sameAs\":[\"https:\\\/\\\/www.facebook.com\\\/estrategiacarreirajuridica\\\/\",\"https:\\\/\\\/x.com\\\/EstratJuridica\",\"https:\\\/\\\/www.instagram.com\\\/estrategiacarreirajuridica\\\/\",\"https:\\\/\\\/www.youtube.com\\\/channel\\\/UClbMGuYbj2Mh1m3w144ETWQ\"]},{\"@type\":\"Person\",\"@id\":\"https:\\\/\\\/cj.estrategia.com\\\/portal\\\/#\\\/schema\\\/person\\\/aa7e4ed652b4a209e40869071fda4361\",\"name\":\"Marcos Gomes\",\"image\":{\"@type\":\"ImageObject\",\"inLanguage\":\"pt-BR\",\"@id\":\"https:\\\/\\\/cj.estrategia.com\\\/portal\\\/wp-content\\\/uploads\\\/2023\\\/06\\\/01191815\\\/IMG_8949-96x96.jpg\",\"url\":\"https:\\\/\\\/cj.estrategia.com\\\/portal\\\/wp-content\\\/uploads\\\/2023\\\/06\\\/01191815\\\/IMG_8949-96x96.jpg\",\"contentUrl\":\"https:\\\/\\\/cj.estrategia.com\\\/portal\\\/wp-content\\\/uploads\\\/2023\\\/06\\\/01191815\\\/IMG_8949-96x96.jpg\",\"caption\":\"Marcos Gomes\"},\"description\":\"Defensor P\u00fablico do Estado de S\u00e3o Paulo. Especialista em Direito P\u00fablico. Professor de Direito Constitucional e Princ\u00edpios Institucionais no Estrat\u00e9gia Carreiras Jur\u00eddicas. Coordenador da Cole\u00e7\u00e3o Defensoria Ponto a Ponto.\",\"url\":\"https:\\\/\\\/cj.estrategia.com\\\/portal\\\/author\\\/marcos-gomes\\\/\"}]}<\/script>\n<!-- \/ Yoast SEO Premium plugin. -->","yoast_head_json":{"title":"Aborto parcial de Qu\u00edntuplos: Entenda o caso","description":"Entenda o pol\u00eamico caso de aborto parcial de qu\u00edntuplos: o que motivou a decis\u00e3o, os aspectos m\u00e9dicos e jur\u00eddicos envolvidos e repercuss\u00e3o.","robots":{"index":"index","follow":"follow","max-snippet":"max-snippet:-1","max-image-preview":"max-image-preview:large","max-video-preview":"max-video-preview:-1"},"canonical":"https:\/\/cj.estrategia.com\/portal\/aborto-parcial-de-quintuplos-entenda-o-caso\/","og_locale":"pt_BR","og_type":"article","og_title":"Aborto parcial de Qu\u00edntuplos: Entenda o caso","og_description":"Entenda o pol\u00eamico caso de aborto parcial de qu\u00edntuplos: o que motivou a decis\u00e3o, os aspectos m\u00e9dicos e jur\u00eddicos envolvidos e repercuss\u00e3o.","og_url":"https:\/\/cj.estrategia.com\/portal\/aborto-parcial-de-quintuplos-entenda-o-caso\/","og_site_name":"Blog - Carreiras Jur\u00eddicas - Estrat\u00e9gia","article_publisher":"https:\/\/www.facebook.com\/estrategiacarreirajuridica\/","article_published_time":"2024-06-04T03:34:31+00:00","article_modified_time":"2025-04-28T17:04:13+00:00","og_image":[{"width":1001,"height":601,"url":"https:\/\/cj.estrategia.com\/portal\/wp-content\/uploads\/2024\/06\/04002927\/aborto-quintuplo.png","type":"image\/png"}],"author":"Marcos Gomes","twitter_card":"summary_large_image","twitter_creator":"@EstratJuridica","twitter_site":"@EstratJuridica","twitter_misc":{"Escrito por":"Marcos Gomes","Est. tempo de leitura":"6 minutos"},"schema":{"@context":"https:\/\/schema.org","@graph":[{"@type":"NewsArticle","@id":"https:\/\/cj.estrategia.com\/portal\/aborto-parcial-de-quintuplos-entenda-o-caso\/#article","isPartOf":{"@id":"https:\/\/cj.estrategia.com\/portal\/aborto-parcial-de-quintuplos-entenda-o-caso\/"},"author":{"name":"Marcos Gomes","@id":"https:\/\/cj.estrategia.com\/portal\/#\/schema\/person\/aa7e4ed652b4a209e40869071fda4361"},"headline":"Aborto parcial de Qu\u00edntuplos: Entenda o caso","datePublished":"2024-06-04T03:34:31+00:00","dateModified":"2025-04-28T17:04:13+00:00","mainEntityOfPage":{"@id":"https:\/\/cj.estrategia.com\/portal\/aborto-parcial-de-quintuplos-entenda-o-caso\/"},"wordCount":988,"commentCount":0,"publisher":{"@id":"https:\/\/cj.estrategia.com\/portal\/#organization"},"image":{"@id":"https:\/\/cj.estrategia.com\/portal\/aborto-parcial-de-quintuplos-entenda-o-caso\/#primaryimage"},"thumbnailUrl":"https:\/\/cj.estrategia.com\/portal\/wp-content\/uploads\/2024\/06\/04002927\/aborto-quintuplo.png","keywords":["aborto","aborto parcial","carreira jur\u00eddica","direito \u00e0 vida","direito penal","embri\u00e3o","fertiliza\u00e7\u00e3o in vitro","interrup\u00e7\u00e3o de gravidez","redu\u00e7\u00e3o gestacional"],"articleSection":["Carreiras Jur\u00eddicas"],"inLanguage":"pt-BR","potentialAction":[{"@type":"CommentAction","name":"Comment","target":["https:\/\/cj.estrategia.com\/portal\/aborto-parcial-de-quintuplos-entenda-o-caso\/#respond"]}]},{"@type":"WebPage","@id":"https:\/\/cj.estrategia.com\/portal\/aborto-parcial-de-quintuplos-entenda-o-caso\/","url":"https:\/\/cj.estrategia.com\/portal\/aborto-parcial-de-quintuplos-entenda-o-caso\/","name":"Aborto parcial de Qu\u00edntuplos: Entenda o caso","isPartOf":{"@id":"https:\/\/cj.estrategia.com\/portal\/#website"},"primaryImageOfPage":{"@id":"https:\/\/cj.estrategia.com\/portal\/aborto-parcial-de-quintuplos-entenda-o-caso\/#primaryimage"},"image":{"@id":"https:\/\/cj.estrategia.com\/portal\/aborto-parcial-de-quintuplos-entenda-o-caso\/#primaryimage"},"thumbnailUrl":"https:\/\/cj.estrategia.com\/portal\/wp-content\/uploads\/2024\/06\/04002927\/aborto-quintuplo.png","datePublished":"2024-06-04T03:34:31+00:00","dateModified":"2025-04-28T17:04:13+00:00","description":"Entenda o pol\u00eamico caso de aborto parcial de qu\u00edntuplos: o que motivou a decis\u00e3o, os aspectos m\u00e9dicos e jur\u00eddicos envolvidos e repercuss\u00e3o.","breadcrumb":{"@id":"https:\/\/cj.estrategia.com\/portal\/aborto-parcial-de-quintuplos-entenda-o-caso\/#breadcrumb"},"inLanguage":"pt-BR","potentialAction":[{"@type":"ReadAction","target":["https:\/\/cj.estrategia.com\/portal\/aborto-parcial-de-quintuplos-entenda-o-caso\/"]}]},{"@type":"ImageObject","inLanguage":"pt-BR","@id":"https:\/\/cj.estrategia.com\/portal\/aborto-parcial-de-quintuplos-entenda-o-caso\/#primaryimage","url":"https:\/\/cj.estrategia.com\/portal\/wp-content\/uploads\/2024\/06\/04002927\/aborto-quintuplo.png","contentUrl":"https:\/\/cj.estrategia.com\/portal\/wp-content\/uploads\/2024\/06\/04002927\/aborto-quintuplo.png","width":1001,"height":601},{"@type":"BreadcrumbList","@id":"https:\/\/cj.estrategia.com\/portal\/aborto-parcial-de-quintuplos-entenda-o-caso\/#breadcrumb","itemListElement":[{"@type":"ListItem","position":1,"name":"In\u00edcio","item":"https:\/\/cj.estrategia.com\/portal\/"},{"@type":"ListItem","position":2,"name":"Aborto parcial de Qu\u00edntuplos: Entenda o caso"}]},{"@type":"WebSite","@id":"https:\/\/cj.estrategia.com\/portal\/#website","url":"https:\/\/cj.estrategia.com\/portal\/","name":"Blog - Carreiras Jur\u00eddicas - Estrat\u00e9gia","description":"","publisher":{"@id":"https:\/\/cj.estrategia.com\/portal\/#organization"},"potentialAction":[{"@type":"SearchAction","target":{"@type":"EntryPoint","urlTemplate":"https:\/\/cj.estrategia.com\/portal\/?s={search_term_string}"},"query-input":{"@type":"PropertyValueSpecification","valueRequired":true,"valueName":"search_term_string"}}],"inLanguage":"pt-BR"},{"@type":"Organization","@id":"https:\/\/cj.estrategia.com\/portal\/#organization","name":"Estrat\u00e9gia - Carreiras Jur\u00eddicas","url":"https:\/\/cj.estrategia.com\/portal\/","logo":{"@type":"ImageObject","inLanguage":"pt-BR","@id":"https:\/\/cj.estrategia.com\/portal\/#\/schema\/logo\/image\/","url":"https:\/\/cj.estrategia.com\/portal\/wp-content\/uploads\/2022\/03\/11151052\/cj-logo.png","contentUrl":"https:\/\/cj.estrategia.com\/portal\/wp-content\/uploads\/2022\/03\/11151052\/cj-logo.png","width":150,"height":39,"caption":"Estrat\u00e9gia - Carreiras Jur\u00eddicas"},"image":{"@id":"https:\/\/cj.estrategia.com\/portal\/#\/schema\/logo\/image\/"},"sameAs":["https:\/\/www.facebook.com\/estrategiacarreirajuridica\/","https:\/\/x.com\/EstratJuridica","https:\/\/www.instagram.com\/estrategiacarreirajuridica\/","https:\/\/www.youtube.com\/channel\/UClbMGuYbj2Mh1m3w144ETWQ"]},{"@type":"Person","@id":"https:\/\/cj.estrategia.com\/portal\/#\/schema\/person\/aa7e4ed652b4a209e40869071fda4361","name":"Marcos Gomes","image":{"@type":"ImageObject","inLanguage":"pt-BR","@id":"https:\/\/cj.estrategia.com\/portal\/wp-content\/uploads\/2023\/06\/01191815\/IMG_8949-96x96.jpg","url":"https:\/\/cj.estrategia.com\/portal\/wp-content\/uploads\/2023\/06\/01191815\/IMG_8949-96x96.jpg","contentUrl":"https:\/\/cj.estrategia.com\/portal\/wp-content\/uploads\/2023\/06\/01191815\/IMG_8949-96x96.jpg","caption":"Marcos Gomes"},"description":"Defensor P\u00fablico do Estado de S\u00e3o Paulo. Especialista em Direito P\u00fablico. Professor de Direito Constitucional e Princ\u00edpios Institucionais no Estrat\u00e9gia Carreiras Jur\u00eddicas. Coordenador da Cole\u00e7\u00e3o Defensoria Ponto a Ponto.","url":"https:\/\/cj.estrategia.com\/portal\/author\/marcos-gomes\/"}]}},"jetpack_featured_media_url":"","jetpack_sharing_enabled":true,"_links":{"self":[{"href":"https:\/\/cj.estrategia.com\/portal\/wp-json\/wp\/v2\/posts\/64962","targetHints":{"allow":["GET"]}}],"collection":[{"href":"https:\/\/cj.estrategia.com\/portal\/wp-json\/wp\/v2\/posts"}],"about":[{"href":"https:\/\/cj.estrategia.com\/portal\/wp-json\/wp\/v2\/types\/post"}],"author":[{"embeddable":true,"href":"https:\/\/cj.estrategia.com\/portal\/wp-json\/wp\/v2\/users\/54"}],"replies":[{"embeddable":true,"href":"https:\/\/cj.estrategia.com\/portal\/wp-json\/wp\/v2\/comments?post=64962"}],"version-history":[{"count":32,"href":"https:\/\/cj.estrategia.com\/portal\/wp-json\/wp\/v2\/posts\/64962\/revisions"}],"predecessor-version":[{"id":115562,"href":"https:\/\/cj.estrategia.com\/portal\/wp-json\/wp\/v2\/posts\/64962\/revisions\/115562"}],"wp:attachment":[{"href":"https:\/\/cj.estrategia.com\/portal\/wp-json\/wp\/v2\/media?parent=64962"}],"wp:term":[{"taxonomy":"category","embeddable":true,"href":"https:\/\/cj.estrategia.com\/portal\/wp-json\/wp\/v2\/categories?post=64962"},{"taxonomy":"post_tag","embeddable":true,"href":"https:\/\/cj.estrategia.com\/portal\/wp-json\/wp\/v2\/tags?post=64962"},{"taxonomy":"tax_estado","embeddable":true,"href":"https:\/\/cj.estrategia.com\/portal\/wp-json\/wp\/v2\/tax_estado?post=64962"}],"curies":[{"name":"wp","href":"https:\/\/api.w.org\/{rel}","templated":true}]}}