{"id":64938,"date":"2024-06-03T20:44:29","date_gmt":"2024-06-03T23:44:29","guid":{"rendered":"https:\/\/cj.estrategia.com\/portal\/?p=64938"},"modified":"2024-06-03T20:44:34","modified_gmt":"2024-06-03T23:44:34","slug":"neymar-privatizar-praias","status":"publish","type":"post","link":"https:\/\/cj.estrategia.com\/portal\/neymar-privatizar-praias\/","title":{"rendered":"Neymar quer mesmo privatizar nossas praias?"},"content":{"rendered":"\n<p>Tramita no Congresso Nacional PEC que pode significar, segundo especialistas, a privatiza\u00e7\u00e3o de nossas praias.<\/p>\n\n\n\n<p class=\"has-small-font-size\">* Thiago de Paula Leite \u00e9 procurador do Estado de S\u00e3o Paulo e professor de direito ambiental e agr\u00e1rio do Estrat\u00e9gia.<\/p>\n\n\n\n<p>O Congresso Nacional colocou em pauta a PEC 3\/2022, que prev\u00ea <strong>a transfer\u00eancia dos terrenos da costa brasileira, que pertencem \u00e0 Uni\u00e3o, para estados e munic\u00edpios \u2013 gratuitamente \u2013 ou para entidades privadas mediante pagamento<\/strong>, desde que tenham o im\u00f3vel legalizado ou estejam ocupando terrenos pelo menos cinco anos antes da mudan\u00e7a na constitui\u00e7\u00e3o.<\/p>\n\n\n\n<p>Essa PEC (Proposta de Emenda \u00e0 Constitui\u00e7\u00e3o), que est\u00e1 sendo chamada de \u201c<strong><mark style=\"background-color:rgba(0, 0, 0, 0)\" class=\"has-inline-color has-vivid-red-color\">PEC das Praias<\/mark><\/strong>\u201d, \u00e9 de relatoria do senador Fl\u00e1vio Bolsonaro, e est\u00e1 causando muitas pol\u00eamicas, o que incluiu troca de acusa\u00e7\u00f5es entre o jogador Neymar e a atriz Luana Piovani.<\/p>\n\n\n\n<h2 class=\"wp-block-heading\" id=\"h-mas-o-que-neymar-tem-a-ver-com-toda-essa-historia\"><span id=\"mas-o-que-neymar-tem-a-ver-com-toda-essa-historia\">Mas o que Neymar tem a ver com toda essa hist\u00f3ria?<\/span><\/h2>\n\n\n\n<p>Ele \u00e9 s\u00f3cio de um empreendimento que pretende transformar um trecho de 100 quil\u00f4metros do litoral nordestino, no chamado \u201c<em>Caribe brasileiro<\/em>\u201d. O projeto prev\u00ea a constru\u00e7\u00e3o de 28 im\u00f3veis de alto padr\u00e3o entre os litorais sul de Pernambuco e norte de Alagoas, com faturamento estimado em R$7,5 bilh\u00f5es. E, segundo os cr\u00edticos, o jogador se beneficiaria diretamente dessa PEC.<\/p>\n\n\n\n<p>A atriz Luana Piovani repostou um v\u00eddeo em que a influencer Laila Zaid critica a PEC 3\/2022. Em sua publica\u00e7\u00e3o, Luana criticava, ainda, o atleta por ele supostamente apoiar a emenda: \u201c<em>Meu sonho \u00e9 que meus filhos esque\u00e7am o Neymar, imagina se isso \u00e9 \u00eddolo?<\/em>\u201c, escreveu. A atriz ainda disse que Neymar era \u201c<em>um p\u00e9ssimo exemplo<\/em>\u201d como \u201c<em>pai, homem, cidad\u00e3o e marido<\/em>\u201c, al\u00e9m de critic\u00e1-lo como atleta.<\/p>\n\n\n\n<p>Neymar rebateu: mandou Piovani \u201c<em>voltar para o hosp\u00edcio<\/em>\u201d e a chamou de louca. \u201c<em>N\u00e3o tira meu nome da boca. Quer ser famosa? Seu tempo j\u00e1 foi, era uma \u00f3tima atriz. Mas agora tem que enfiar um sapato na sua boca porque s\u00f3 fala m\u2026<\/em>\u201d<\/p>\n\n\n\n<p>A incorporadora do projeto (Due Incorporadora) negou, em nota, qualquer benef\u00edcio com a medida: \u201c<em>Nossos empreendimentos n\u00e3o sofrer\u00e3o qualquer impacto, seja positivo ou negativo, com a PEC 3\/2022, como levianamente imputado por algumas pessoas em seus canais de m\u00eddia social e replicado em alguns canais de comunica\u00e7\u00e3o<\/em>\u201d.<\/p>\n\n\n\n<p>Assim, visto todo o contexto em que a PEC se insere, vamos \u00e0 <strong><mark style=\"background-color:rgba(0, 0, 0, 0)\" class=\"has-inline-color has-vivid-red-color\">an\u00e1lise jur\u00eddica<\/mark><\/strong> do tema.<\/p>\n\n\n\n<h2 class=\"wp-block-heading\" id=\"h-analise-juridica\"><span id=\"analise-juridica\">An\u00e1lise jur\u00eddica<\/span><\/h2>\n\n\n\n<p>As \u00e1reas de que trata a PEC s\u00e3o chamadas \u201c<em>terrenos de marinha<\/em>\u201d. Correspondem a uma faixa que come\u00e7a 33 metros depois do ponto mais alto que a mar\u00e9 atinge. Ou seja, esses terrenos <strong>n\u00e3o abrangem a praia e o mar em si<\/strong>. Essa parte continuaria p\u00fablica.<\/p>\n\n\n\n<p>Os terrenos de marinha correspondem a uma camada mais atr\u00e1s da praia, onde geralmente se localizam resorts, hot\u00e9is, restaurantes, bares.<\/p>\n\n\n<div class=\"wp-block-image\">\n<figure class=\"aligncenter size-full\"><img decoding=\"async\" width=\"527\" height=\"247\" src=\"https:\/\/cj.estrategia.com\/portal\/wp-content\/uploads\/2024\/06\/03194653\/MGI.png\" alt=\"Neymar\" class=\"wp-image-64940\" srcset=\"https:\/\/cj.estrategia.com\/portal\/wp-content\/uploads\/2024\/06\/03194653\/MGI.png 527w, https:\/\/cj.estrategia.com\/portal\/wp-content\/uploads\/2024\/06\/03194653\/MGI-300x141.png 300w, https:\/\/cj.estrategia.com\/portal\/wp-content\/uploads\/2024\/06\/03194653\/MGI-380x178.png 380w, https:\/\/cj.estrategia.com\/portal\/wp-content\/uploads\/2024\/06\/03194653\/MGI-150x70.png 150w\" sizes=\"(max-width: 527px) 100vw, 527px\" \/><figcaption class=\"wp-element-caption\">Foto: Minist\u00e9rio da Gest\u00e3o e Inova\u00e7\u00e3o (MGI)<\/figcaption><\/figure>\n<\/div>\n\n\n<p>A faixa de terra entendida como \u201cterrenos de marinha\u201d foi delimitada ainda no Brasil Col\u00f4nia, em 1831, e ainda abrange rios e lagos que sofrem influ\u00eancia das mar\u00e9s. \u00c9 uma \u00e1rea relevante, j\u00e1 que representa em torno de 70% de todas as \u00e1reas em nome da Uni\u00e3o.<\/p>\n\n\n\n<blockquote class=\"wp-block-quote is-layout-flow wp-block-quote-is-layout-flow\">\n<div class=\"wp-block-group\"><div class=\"wp-block-group__inner-container is-layout-constrained wp-block-group-is-layout-constrained\">\n<p>Decreto-Lei n\u00ba 3.438\/1941<\/p>\n\n\n\n<p>Art. 1\u00ba S\u00e3o terrenos de marinha, em uma profundidade de 33 metros, medidos para a parte de terra, do ponto em que se passava a linha do preamar m\u00e9dio de 1831:<\/p>\n\n\n\n<p>a) os situados no continente, na costa mar\u00edtima e nas margens dos rios e lagoas, at\u00e9 onde se fa\u00e7a sentir a influ\u00eancia das mar\u00e9s;<\/p>\n\n\n\n<p>b) os que contornam as ilhas situadas em zona onde se fa\u00e7a sentir a influ\u00eancia das mar\u00e9s.<\/p>\n<\/div><\/div>\n<\/blockquote>\n\n\n\n<p><strong>A Uni\u00e3o \u00e9 a propriet\u00e1ria dos terrenos de marinha<\/strong>, como previsto no artigo 20, VII, da CF\/88:<\/p>\n\n\n\n<div class=\"wp-block-group\"><div class=\"wp-block-group__inner-container is-layout-constrained wp-block-group-is-layout-constrained\">\n<blockquote class=\"wp-block-quote is-layout-flow wp-block-quote-is-layout-flow\">\n<p>CF\/88<\/p>\n\n\n\n<p>Art. 20. S\u00e3o bens da Uni\u00e3o:<\/p>\n\n\n\n<p>\u2026<\/p>\n\n\n\n<p>VII \u2013 os terrenos de marinha e seus acrescidos;<\/p>\n\n\n\n<p>\u2026<\/p>\n\n\n\n<p>ADCT<\/p>\n\n\n\n<p>Art. 49\u2026<\/p>\n\n\n\n<p>\u00a73\u00ba: \u201cA enfiteuse continuar\u00e1 sendo aplicada aos terrenos de marinha e seus acrescidos, situados na faixa de seguran\u00e7a, a partir da orla mar\u00edtima.<\/p>\n<\/blockquote>\n<\/div><\/div>\n\n\n\n<p>A enfiteuse \u00e9 um direito real, previsto no C\u00f3digo Civil de 1916, por meio do qual o propriet\u00e1rio atribui perpetuamente a outrem o dom\u00ednio \u00fatil de sua propriedade. N\u00e3o \u00e9 poss\u00edvel a institui\u00e7\u00e3o de novas enfiteuses, mas foi prevista a continua\u00e7\u00e3o das j\u00e1 existentes.<\/p>\n\n\n\n<p>Atualmente a Uni\u00e3o pode conceder a pessoas ou empresas o uso desses terrenos de marinha (cess\u00e3o de uso, por exemplo), inclusive com a aplica\u00e7\u00e3o das enfiteuses j\u00e1 existentes. Por\u00e9m, a propriedade continua sendo p\u00fablica.<\/p>\n\n\n\n<p>\u00c9 aqui que entra a PEC da Praias. Vejamos.<\/p>\n\n\n\n<h2 class=\"wp-block-heading\" id=\"h-pec-das-praias\"><span id=\"pec-das-praias\">PEC das Praias<\/span><\/h2>\n\n\n\n<p><strong>A proposta visa revogar o artigo 20, VII, da CF\/88 e o \u00a73\u00ba, do artigo 49, do ADCT. Ela permite a <mark style=\"background-color:rgba(0, 0, 0, 0)\" class=\"has-inline-color has-vivid-red-color\">venda<\/mark> de terremos de marinha para pessoas ou empresas que j\u00e1 estejam ocupando a \u00e1rea e a transfer\u00eancia <mark style=\"background-color:rgba(0, 0, 0, 0)\" class=\"has-inline-color has-vivid-red-color\">gratuita<\/mark> dessas \u00e1reas para Munic\u00edpios e Estados, no caso de \u00e1reas afetadas ao servi\u00e7o p\u00fablico estadual e municipal, inclusive as destinadas \u00e0 utiliza\u00e7\u00e3o por concession\u00e1rias e permission\u00e1rias de servi\u00e7os p\u00fablicos.<\/strong><\/p>\n\n\n\n<p>Segundo a PEC, as enfiteuses de terrenos de marinha seriam extintas, adquirindo os possuidores (foreiros) o dom\u00ednio pleno da \u00e1rea, ou seja, a posse e a propriedade.<\/p>\n\n\n\n<p><strong>S\u00f3 permaneceriam com a Uni\u00e3o:<\/strong><\/p>\n\n\n\n<p><strong>1) As \u00e1reas afetadas ao servi\u00e7o p\u00fablico federal, inclusive as destinadas \u00e0 utiliza\u00e7\u00e3o por concession\u00e1rias e permission\u00e1rias de servi\u00e7os p\u00fablicos e a unidades ambientais federais; e<\/strong><\/p>\n\n\n\n<p><strong>2) As \u00e1reas n\u00e3o ocupadas.<\/strong><\/p>\n\n\n\n<p>O relator da proposta no Senado, Fl\u00e1vio Bolsonaro, diz que o texto vai permitir a transfer\u00eancia de 8,3 mil casas para moradores do Complexo da Mar\u00e9 e para quilombolas da Restinga de Marambaia \u2013 ilha tamb\u00e9m localizada no estado do Rio.<\/p>\n\n\n\n<h2 class=\"wp-block-heading\" id=\"h-criticas-a-proposta\"><span id=\"criticas-a-proposta\">Cr\u00edticas \u00e0 proposta<\/span><\/h2>\n\n\n\n<p>a) Os cr\u00edticos da proposta, como a diretora de Oceano e Gest\u00e3o Costeira do Minist\u00e9rio do Meio Ambiente (MMA), Ana Paula Prates, explicam que o projeto abre brecha para \u201c<em>privatizar o acesso \u00e0 praia, e n\u00e3o a praia em si<\/em>\u201c, j\u00e1 que a parte frequentada pelos banhistas continuaria com a Uni\u00e3o, mas o acesso poderia ser repassado \u00e0 iniciativa privada.<\/p>\n\n\n\n<p>Portanto, ter\u00edamos a exclus\u00e3o do povo ao bem mais democr\u00e1tico que existe, que \u00e9 a praia, onde todos podem frequentar e se divertir, independentemente de cor, religi\u00e3o, classe social.<\/p>\n\n\n\n<p>b) Segundo ambientalistas, a PEC acaba por fragilizar a prote\u00e7\u00e3o do meio ambiente, j\u00e1 que \u00e9 comum, nesses terrenos de marinha, a presen\u00e7a de restingas, dunas, mangues, entradas de rios, matas ciliares, enfim, \u00e1reas com enorme import\u00e2ncia ambiental, e que s\u00e3o a salvaguarda para a adapta\u00e7\u00e3o da mudan\u00e7a clim\u00e1tica, e que, a partir da proposta, estariam \u00e0 merc\u00ea da iniciativa privada, que n\u00e3o tem a mesma preocupa\u00e7\u00e3o ambiental que o poder p\u00fablico.<\/p>\n\n\n\n<h2 class=\"wp-block-heading\" id=\"h-favoraveis-a-proposta\"><span id=\"favoraveis-a-proposta\">Favor\u00e1veis \u00e0 proposta<\/span><\/h2>\n\n\n\n<p>a) Como disse o relator, Fl\u00e1vio Bolsonaro, o texto beneficiaria algumas comunidades atrav\u00e9s da transfer\u00eancia de propriedades. Portanto, haveria uma importante regulariza\u00e7\u00e3o da \u00e1rea, beneficiando milhares de fam\u00edlias.<\/p>\n\n\n\n<p>b) Ademais, pol\u00edticos favor\u00e1veis argumentam que haver\u00e1 um aumento na arrecada\u00e7\u00e3o de tributos. Estima-se que, com a venda desses terrenos, ingressem nos cofres p\u00fablicos os seguintes valores:<\/p>\n\n\n\n<ul class=\"wp-block-list\">\n<li>pessoa f\u00edsica: R$42 bilh\u00f5es;<\/li>\n\n\n\n<li>pessoa jur\u00eddica: R$67 bilh\u00f5es;<\/li>\n\n\n\n<li>setor hoteleiro: R$1,7 bilh\u00e3o;<\/li>\n\n\n\n<li>ramo imobili\u00e1rio: R$24 bilh\u00f5es.<\/li>\n<\/ul>\n\n\n\n<p>c) Os agentes econ\u00f4micos preveem a cria\u00e7\u00e3o de emprego e a gera\u00e7\u00e3o de renda, o desenvolvimento da costa brasileira com o <em>boom <\/em>de neg\u00f3cios que a proposta possibilita, e o aumento do turismo.<\/p>\n\n\n\n<p>Portanto, a PEC das Praias n\u00e3o significa a privatiza\u00e7\u00e3o direta de nossas praias, mas pode ser um fator dificultador do acesso a elas.<\/p>\n\n\n\n<p>Outrossim, deve-se ter muita aten\u00e7\u00e3o para garantir que eventuais repasses de \u00e1reas para o setor privado n\u00e3o acarrete uma maior degrada\u00e7\u00e3o do meio ambiente. Isso requer uma aten\u00e7\u00e3o redobrada dos \u00f3rg\u00e3os ambientais de todo o pa\u00eds.<\/p>\n\n\n\n<p>Por outro lado, a medida pode sim servir como um catalisador do desenvolvimento socioecon\u00f4mico da regi\u00e3o costeira, beneficiando milhares de fam\u00edlias.<\/p>\n\n\n\n<p>Por fim, n\u00e3o h\u00e1 comprova\u00e7\u00e3o da liga\u00e7\u00e3o direta entre o jogador Neymar e a proposta que visa privatizar parte dos terrenos de marinha. Essa discuss\u00e3o fica no campo da especula\u00e7\u00e3o e das fofocas.<\/p>\n\n\n\n<p>O tema \u00e9 interessant\u00edssimo, podendo ser cobrado em prova de concurso. Portanto, vamos acompanhar seu desfecho com aten\u00e7\u00e3o.<\/p>\n\n\n\n<h2 class=\"wp-block-heading has-text-align-center\" id=\"h-quer-saber-quais-serao-os-proximos-concursos\"><span id=\"quer-saber-quais-serao-os-proximos-concursos\">Quer saber quais ser\u00e3o os pr\u00f3ximos concursos?<\/span><\/h2>\n\n\n\n<p class=\"has-text-align-center\">Confira nossos\u00a0<a href=\"https:\/\/cj.estrategia.com\/portal\/\" target=\"_blank\" >artigos para Carreiras Jur\u00eddicas<\/a>!<\/p>\n\n\n\n<p class=\"has-text-align-center has-white-color has-pale-cyan-blue-background-color has-text-color has-background has-link-color wp-elements-f3d5123bb0c8e11604d0c8c7f1ea8be8\"><a href=\"https:\/\/www.estrategiaconcursos.com.br\/blog\/concursos-abertos\/\" target=\"_blank\" >Confira os concursos p\u00fablicos abertos<\/a><\/p>\n\n\n\n<p class=\"has-text-align-center has-white-color has-pale-cyan-blue-background-color has-text-color has-background has-link-color wp-elements-94f2aad2f2b05ea3152ac5320a17d121\"><a href=\"https:\/\/cj.estrategia.com\/portal\/web-stories\/\" target=\"_blank\" >Concursos 2024<\/a><\/p>\n","protected":false},"excerpt":{"rendered":"Tramita no Congresso Nacional PEC que pode significar, segundo especialistas, a privatiza\u00e7\u00e3o de nossas praias. * Thiago de&hellip;\n","protected":false},"author":81,"featured_media":64957,"comment_status":"open","ping_status":"open","sticky":false,"template":"","format":"standard","meta":{"_jetpack_memberships_contains_paid_content":false,"footnotes":""},"categories":[1],"tags":[147,150,148,149],"tax_estado":[31,34,35,38,40,41,44,45,46,47,48,49,50,53,54,55,56],"class_list":{"0":"post-64938","1":"post","2":"type-post","3":"status-publish","4":"format-standard","5":"has-post-thumbnail","7":"category-carreiras-juridicas","8":"tag-neymar","9":"tag-pec-das-praias","10":"tag-praias","11":"tag-privatizacao","12":"tax_estado-al","13":"tax_estado-ba","14":"tax_estado-ce","15":"tax_estado-es","16":"tax_estado-ma","17":"tax_estado-mg","18":"tax_estado-pa","19":"tax_estado-pb","20":"tax_estado-pe","21":"tax_estado-pi","22":"tax_estado-pr","23":"tax_estado-rj","24":"tax_estado-rn","25":"tax_estado-rs","26":"tax_estado-sc","27":"tax_estado-se","28":"tax_estado-sp"},"acf":[],"yoast_head":"<!-- This site is optimized with the Yoast SEO Premium plugin v27.5 (Yoast SEO v27.5) - https:\/\/yoast.com\/product\/yoast-seo-premium-wordpress\/ -->\n<title>Neymar quer mesmo privatizar nossas praias?<\/title>\n<meta name=\"description\" content=\"Tramita no Congresso Nacional PEC que pode significar, segundo especialistas, a privatiza\u00e7\u00e3o de nossas praias.\" \/>\n<meta name=\"robots\" content=\"index, follow, max-snippet:-1, max-image-preview:large, max-video-preview:-1\" \/>\n<link rel=\"canonical\" href=\"https:\/\/cj.estrategia.com\/portal\/neymar-privatizar-praias\/\" \/>\n<meta property=\"og:locale\" content=\"pt_BR\" \/>\n<meta property=\"og:type\" content=\"article\" \/>\n<meta property=\"og:title\" content=\"Neymar quer mesmo privatizar nossas praias?\" \/>\n<meta property=\"og:description\" content=\"Tramita no Congresso Nacional PEC que pode significar, segundo especialistas, a privatiza\u00e7\u00e3o de nossas praias.\" \/>\n<meta property=\"og:url\" content=\"https:\/\/cj.estrategia.com\/portal\/neymar-privatizar-praias\/\" \/>\n<meta property=\"og:site_name\" content=\"Blog - Carreiras Jur\u00eddicas - Estrat\u00e9gia\" \/>\n<meta property=\"article:publisher\" content=\"https:\/\/www.facebook.com\/estrategiacarreirajuridica\/\" \/>\n<meta property=\"article:published_time\" content=\"2024-06-03T23:44:29+00:00\" \/>\n<meta property=\"article:modified_time\" content=\"2024-06-03T23:44:34+00:00\" \/>\n<meta property=\"og:image\" content=\"https:\/\/cj.estrategia.com\/portal\/wp-content\/uploads\/2024\/06\/03203001\/beautiful-paradise-island-with-beach-sea-scaled.jpg\" \/>\n\t<meta property=\"og:image:width\" content=\"2560\" \/>\n\t<meta property=\"og:image:height\" content=\"1707\" \/>\n\t<meta property=\"og:image:type\" content=\"image\/jpeg\" \/>\n<meta name=\"author\" content=\"Thiago Leite\" \/>\n<meta name=\"twitter:card\" content=\"summary_large_image\" \/>\n<meta name=\"twitter:creator\" content=\"@EstratJuridica\" \/>\n<meta name=\"twitter:site\" content=\"@EstratJuridica\" \/>\n<meta name=\"twitter:label1\" content=\"Escrito por\" \/>\n\t<meta name=\"twitter:data1\" content=\"Thiago Leite\" \/>\n\t<meta name=\"twitter:label2\" content=\"Est. tempo de leitura\" \/>\n\t<meta name=\"twitter:data2\" content=\"8 minutos\" \/>\n<script type=\"application\/ld+json\" class=\"yoast-schema-graph\">{\"@context\":\"https:\\\/\\\/schema.org\",\"@graph\":[{\"@type\":\"NewsArticle\",\"@id\":\"https:\\\/\\\/cj.estrategia.com\\\/portal\\\/neymar-privatizar-praias\\\/#article\",\"isPartOf\":{\"@id\":\"https:\\\/\\\/cj.estrategia.com\\\/portal\\\/neymar-privatizar-praias\\\/\"},\"author\":{\"name\":\"Thiago Leite\",\"@id\":\"https:\\\/\\\/cj.estrategia.com\\\/portal\\\/#\\\/schema\\\/person\\\/7d7d2b1c8386e2eeacc0b09cfbc1d0ff\"},\"headline\":\"Neymar quer mesmo privatizar nossas praias?\",\"datePublished\":\"2024-06-03T23:44:29+00:00\",\"dateModified\":\"2024-06-03T23:44:34+00:00\",\"mainEntityOfPage\":{\"@id\":\"https:\\\/\\\/cj.estrategia.com\\\/portal\\\/neymar-privatizar-praias\\\/\"},\"wordCount\":1442,\"commentCount\":0,\"publisher\":{\"@id\":\"https:\\\/\\\/cj.estrategia.com\\\/portal\\\/#organization\"},\"image\":{\"@id\":\"https:\\\/\\\/cj.estrategia.com\\\/portal\\\/neymar-privatizar-praias\\\/#primaryimage\"},\"thumbnailUrl\":\"https:\\\/\\\/cj.estrategia.com\\\/portal\\\/wp-content\\\/uploads\\\/2024\\\/06\\\/03203001\\\/beautiful-paradise-island-with-beach-sea-scaled.jpg\",\"keywords\":[\"Neymar\",\"PEC das praias\",\"praias\",\"privatiza\u00e7\u00e3o\"],\"articleSection\":[\"Carreiras Jur\u00eddicas\"],\"inLanguage\":\"pt-BR\",\"potentialAction\":[{\"@type\":\"CommentAction\",\"name\":\"Comment\",\"target\":[\"https:\\\/\\\/cj.estrategia.com\\\/portal\\\/neymar-privatizar-praias\\\/#respond\"]}]},{\"@type\":\"WebPage\",\"@id\":\"https:\\\/\\\/cj.estrategia.com\\\/portal\\\/neymar-privatizar-praias\\\/\",\"url\":\"https:\\\/\\\/cj.estrategia.com\\\/portal\\\/neymar-privatizar-praias\\\/\",\"name\":\"Neymar quer mesmo privatizar nossas praias?\",\"isPartOf\":{\"@id\":\"https:\\\/\\\/cj.estrategia.com\\\/portal\\\/#website\"},\"primaryImageOfPage\":{\"@id\":\"https:\\\/\\\/cj.estrategia.com\\\/portal\\\/neymar-privatizar-praias\\\/#primaryimage\"},\"image\":{\"@id\":\"https:\\\/\\\/cj.estrategia.com\\\/portal\\\/neymar-privatizar-praias\\\/#primaryimage\"},\"thumbnailUrl\":\"https:\\\/\\\/cj.estrategia.com\\\/portal\\\/wp-content\\\/uploads\\\/2024\\\/06\\\/03203001\\\/beautiful-paradise-island-with-beach-sea-scaled.jpg\",\"datePublished\":\"2024-06-03T23:44:29+00:00\",\"dateModified\":\"2024-06-03T23:44:34+00:00\",\"description\":\"Tramita no Congresso Nacional PEC que pode significar, segundo especialistas, a privatiza\u00e7\u00e3o de nossas praias.\",\"breadcrumb\":{\"@id\":\"https:\\\/\\\/cj.estrategia.com\\\/portal\\\/neymar-privatizar-praias\\\/#breadcrumb\"},\"inLanguage\":\"pt-BR\",\"potentialAction\":[{\"@type\":\"ReadAction\",\"target\":[\"https:\\\/\\\/cj.estrategia.com\\\/portal\\\/neymar-privatizar-praias\\\/\"]}]},{\"@type\":\"ImageObject\",\"inLanguage\":\"pt-BR\",\"@id\":\"https:\\\/\\\/cj.estrategia.com\\\/portal\\\/neymar-privatizar-praias\\\/#primaryimage\",\"url\":\"https:\\\/\\\/cj.estrategia.com\\\/portal\\\/wp-content\\\/uploads\\\/2024\\\/06\\\/03203001\\\/beautiful-paradise-island-with-beach-sea-scaled.jpg\",\"contentUrl\":\"https:\\\/\\\/cj.estrategia.com\\\/portal\\\/wp-content\\\/uploads\\\/2024\\\/06\\\/03203001\\\/beautiful-paradise-island-with-beach-sea-scaled.jpg\",\"width\":2560,\"height\":1707},{\"@type\":\"BreadcrumbList\",\"@id\":\"https:\\\/\\\/cj.estrategia.com\\\/portal\\\/neymar-privatizar-praias\\\/#breadcrumb\",\"itemListElement\":[{\"@type\":\"ListItem\",\"position\":1,\"name\":\"In\u00edcio\",\"item\":\"https:\\\/\\\/cj.estrategia.com\\\/portal\\\/\"},{\"@type\":\"ListItem\",\"position\":2,\"name\":\"Neymar quer mesmo privatizar nossas praias?\"}]},{\"@type\":\"WebSite\",\"@id\":\"https:\\\/\\\/cj.estrategia.com\\\/portal\\\/#website\",\"url\":\"https:\\\/\\\/cj.estrategia.com\\\/portal\\\/\",\"name\":\"Blog - Carreiras Jur\u00eddicas - Estrat\u00e9gia\",\"description\":\"\",\"publisher\":{\"@id\":\"https:\\\/\\\/cj.estrategia.com\\\/portal\\\/#organization\"},\"potentialAction\":[{\"@type\":\"SearchAction\",\"target\":{\"@type\":\"EntryPoint\",\"urlTemplate\":\"https:\\\/\\\/cj.estrategia.com\\\/portal\\\/?s={search_term_string}\"},\"query-input\":{\"@type\":\"PropertyValueSpecification\",\"valueRequired\":true,\"valueName\":\"search_term_string\"}}],\"inLanguage\":\"pt-BR\"},{\"@type\":\"Organization\",\"@id\":\"https:\\\/\\\/cj.estrategia.com\\\/portal\\\/#organization\",\"name\":\"Estrat\u00e9gia - Carreiras Jur\u00eddicas\",\"url\":\"https:\\\/\\\/cj.estrategia.com\\\/portal\\\/\",\"logo\":{\"@type\":\"ImageObject\",\"inLanguage\":\"pt-BR\",\"@id\":\"https:\\\/\\\/cj.estrategia.com\\\/portal\\\/#\\\/schema\\\/logo\\\/image\\\/\",\"url\":\"https:\\\/\\\/cj.estrategia.com\\\/portal\\\/wp-content\\\/uploads\\\/2022\\\/03\\\/11151052\\\/cj-logo.png\",\"contentUrl\":\"https:\\\/\\\/cj.estrategia.com\\\/portal\\\/wp-content\\\/uploads\\\/2022\\\/03\\\/11151052\\\/cj-logo.png\",\"width\":150,\"height\":39,\"caption\":\"Estrat\u00e9gia - Carreiras Jur\u00eddicas\"},\"image\":{\"@id\":\"https:\\\/\\\/cj.estrategia.com\\\/portal\\\/#\\\/schema\\\/logo\\\/image\\\/\"},\"sameAs\":[\"https:\\\/\\\/www.facebook.com\\\/estrategiacarreirajuridica\\\/\",\"https:\\\/\\\/x.com\\\/EstratJuridica\",\"https:\\\/\\\/www.instagram.com\\\/estrategiacarreirajuridica\\\/\",\"https:\\\/\\\/www.youtube.com\\\/channel\\\/UClbMGuYbj2Mh1m3w144ETWQ\"]},{\"@type\":\"Person\",\"@id\":\"https:\\\/\\\/cj.estrategia.com\\\/portal\\\/#\\\/schema\\\/person\\\/7d7d2b1c8386e2eeacc0b09cfbc1d0ff\",\"name\":\"Thiago Leite\",\"image\":{\"@type\":\"ImageObject\",\"inLanguage\":\"pt-BR\",\"@id\":\"https:\\\/\\\/secure.gravatar.com\\\/avatar\\\/15ff5746ff9e313f1248fe2373ce03309054e96387bb9249055458d0c1aaa297?s=96&d=mm&r=g\",\"url\":\"https:\\\/\\\/secure.gravatar.com\\\/avatar\\\/15ff5746ff9e313f1248fe2373ce03309054e96387bb9249055458d0c1aaa297?s=96&d=mm&r=g\",\"contentUrl\":\"https:\\\/\\\/secure.gravatar.com\\\/avatar\\\/15ff5746ff9e313f1248fe2373ce03309054e96387bb9249055458d0c1aaa297?s=96&d=mm&r=g\",\"caption\":\"Thiago Leite\"},\"description\":\"Thiago de Paula Leite \u00e9 procurador do Estado de S\u00e3o Paulo e professor de direito ambiental e agr\u00e1rio do Estrat\u00e9gia.\",\"url\":\"https:\\\/\\\/cj.estrategia.com\\\/portal\\\/author\\\/thiago-leite\\\/\"}]}<\/script>\n<!-- \/ Yoast SEO Premium plugin. -->","yoast_head_json":{"title":"Neymar quer mesmo privatizar nossas praias?","description":"Tramita no Congresso Nacional PEC que pode significar, segundo especialistas, a privatiza\u00e7\u00e3o de nossas praias.","robots":{"index":"index","follow":"follow","max-snippet":"max-snippet:-1","max-image-preview":"max-image-preview:large","max-video-preview":"max-video-preview:-1"},"canonical":"https:\/\/cj.estrategia.com\/portal\/neymar-privatizar-praias\/","og_locale":"pt_BR","og_type":"article","og_title":"Neymar quer mesmo privatizar nossas praias?","og_description":"Tramita no Congresso Nacional PEC que pode significar, segundo especialistas, a privatiza\u00e7\u00e3o de nossas praias.","og_url":"https:\/\/cj.estrategia.com\/portal\/neymar-privatizar-praias\/","og_site_name":"Blog - Carreiras Jur\u00eddicas - Estrat\u00e9gia","article_publisher":"https:\/\/www.facebook.com\/estrategiacarreirajuridica\/","article_published_time":"2024-06-03T23:44:29+00:00","article_modified_time":"2024-06-03T23:44:34+00:00","og_image":[{"width":2560,"height":1707,"url":"https:\/\/cj.estrategia.com\/portal\/wp-content\/uploads\/2024\/06\/03203001\/beautiful-paradise-island-with-beach-sea-scaled.jpg","type":"image\/jpeg"}],"author":"Thiago Leite","twitter_card":"summary_large_image","twitter_creator":"@EstratJuridica","twitter_site":"@EstratJuridica","twitter_misc":{"Escrito por":"Thiago Leite","Est. tempo de leitura":"8 minutos"},"schema":{"@context":"https:\/\/schema.org","@graph":[{"@type":"NewsArticle","@id":"https:\/\/cj.estrategia.com\/portal\/neymar-privatizar-praias\/#article","isPartOf":{"@id":"https:\/\/cj.estrategia.com\/portal\/neymar-privatizar-praias\/"},"author":{"name":"Thiago Leite","@id":"https:\/\/cj.estrategia.com\/portal\/#\/schema\/person\/7d7d2b1c8386e2eeacc0b09cfbc1d0ff"},"headline":"Neymar quer mesmo privatizar nossas praias?","datePublished":"2024-06-03T23:44:29+00:00","dateModified":"2024-06-03T23:44:34+00:00","mainEntityOfPage":{"@id":"https:\/\/cj.estrategia.com\/portal\/neymar-privatizar-praias\/"},"wordCount":1442,"commentCount":0,"publisher":{"@id":"https:\/\/cj.estrategia.com\/portal\/#organization"},"image":{"@id":"https:\/\/cj.estrategia.com\/portal\/neymar-privatizar-praias\/#primaryimage"},"thumbnailUrl":"https:\/\/cj.estrategia.com\/portal\/wp-content\/uploads\/2024\/06\/03203001\/beautiful-paradise-island-with-beach-sea-scaled.jpg","keywords":["Neymar","PEC das praias","praias","privatiza\u00e7\u00e3o"],"articleSection":["Carreiras Jur\u00eddicas"],"inLanguage":"pt-BR","potentialAction":[{"@type":"CommentAction","name":"Comment","target":["https:\/\/cj.estrategia.com\/portal\/neymar-privatizar-praias\/#respond"]}]},{"@type":"WebPage","@id":"https:\/\/cj.estrategia.com\/portal\/neymar-privatizar-praias\/","url":"https:\/\/cj.estrategia.com\/portal\/neymar-privatizar-praias\/","name":"Neymar quer mesmo privatizar nossas praias?","isPartOf":{"@id":"https:\/\/cj.estrategia.com\/portal\/#website"},"primaryImageOfPage":{"@id":"https:\/\/cj.estrategia.com\/portal\/neymar-privatizar-praias\/#primaryimage"},"image":{"@id":"https:\/\/cj.estrategia.com\/portal\/neymar-privatizar-praias\/#primaryimage"},"thumbnailUrl":"https:\/\/cj.estrategia.com\/portal\/wp-content\/uploads\/2024\/06\/03203001\/beautiful-paradise-island-with-beach-sea-scaled.jpg","datePublished":"2024-06-03T23:44:29+00:00","dateModified":"2024-06-03T23:44:34+00:00","description":"Tramita no Congresso Nacional PEC que pode significar, segundo especialistas, a privatiza\u00e7\u00e3o de nossas praias.","breadcrumb":{"@id":"https:\/\/cj.estrategia.com\/portal\/neymar-privatizar-praias\/#breadcrumb"},"inLanguage":"pt-BR","potentialAction":[{"@type":"ReadAction","target":["https:\/\/cj.estrategia.com\/portal\/neymar-privatizar-praias\/"]}]},{"@type":"ImageObject","inLanguage":"pt-BR","@id":"https:\/\/cj.estrategia.com\/portal\/neymar-privatizar-praias\/#primaryimage","url":"https:\/\/cj.estrategia.com\/portal\/wp-content\/uploads\/2024\/06\/03203001\/beautiful-paradise-island-with-beach-sea-scaled.jpg","contentUrl":"https:\/\/cj.estrategia.com\/portal\/wp-content\/uploads\/2024\/06\/03203001\/beautiful-paradise-island-with-beach-sea-scaled.jpg","width":2560,"height":1707},{"@type":"BreadcrumbList","@id":"https:\/\/cj.estrategia.com\/portal\/neymar-privatizar-praias\/#breadcrumb","itemListElement":[{"@type":"ListItem","position":1,"name":"In\u00edcio","item":"https:\/\/cj.estrategia.com\/portal\/"},{"@type":"ListItem","position":2,"name":"Neymar quer mesmo privatizar nossas praias?"}]},{"@type":"WebSite","@id":"https:\/\/cj.estrategia.com\/portal\/#website","url":"https:\/\/cj.estrategia.com\/portal\/","name":"Blog - Carreiras Jur\u00eddicas - Estrat\u00e9gia","description":"","publisher":{"@id":"https:\/\/cj.estrategia.com\/portal\/#organization"},"potentialAction":[{"@type":"SearchAction","target":{"@type":"EntryPoint","urlTemplate":"https:\/\/cj.estrategia.com\/portal\/?s={search_term_string}"},"query-input":{"@type":"PropertyValueSpecification","valueRequired":true,"valueName":"search_term_string"}}],"inLanguage":"pt-BR"},{"@type":"Organization","@id":"https:\/\/cj.estrategia.com\/portal\/#organization","name":"Estrat\u00e9gia - Carreiras Jur\u00eddicas","url":"https:\/\/cj.estrategia.com\/portal\/","logo":{"@type":"ImageObject","inLanguage":"pt-BR","@id":"https:\/\/cj.estrategia.com\/portal\/#\/schema\/logo\/image\/","url":"https:\/\/cj.estrategia.com\/portal\/wp-content\/uploads\/2022\/03\/11151052\/cj-logo.png","contentUrl":"https:\/\/cj.estrategia.com\/portal\/wp-content\/uploads\/2022\/03\/11151052\/cj-logo.png","width":150,"height":39,"caption":"Estrat\u00e9gia - Carreiras Jur\u00eddicas"},"image":{"@id":"https:\/\/cj.estrategia.com\/portal\/#\/schema\/logo\/image\/"},"sameAs":["https:\/\/www.facebook.com\/estrategiacarreirajuridica\/","https:\/\/x.com\/EstratJuridica","https:\/\/www.instagram.com\/estrategiacarreirajuridica\/","https:\/\/www.youtube.com\/channel\/UClbMGuYbj2Mh1m3w144ETWQ"]},{"@type":"Person","@id":"https:\/\/cj.estrategia.com\/portal\/#\/schema\/person\/7d7d2b1c8386e2eeacc0b09cfbc1d0ff","name":"Thiago Leite","image":{"@type":"ImageObject","inLanguage":"pt-BR","@id":"https:\/\/secure.gravatar.com\/avatar\/15ff5746ff9e313f1248fe2373ce03309054e96387bb9249055458d0c1aaa297?s=96&d=mm&r=g","url":"https:\/\/secure.gravatar.com\/avatar\/15ff5746ff9e313f1248fe2373ce03309054e96387bb9249055458d0c1aaa297?s=96&d=mm&r=g","contentUrl":"https:\/\/secure.gravatar.com\/avatar\/15ff5746ff9e313f1248fe2373ce03309054e96387bb9249055458d0c1aaa297?s=96&d=mm&r=g","caption":"Thiago Leite"},"description":"Thiago de Paula Leite \u00e9 procurador do Estado de S\u00e3o Paulo e professor de direito ambiental e agr\u00e1rio do Estrat\u00e9gia.","url":"https:\/\/cj.estrategia.com\/portal\/author\/thiago-leite\/"}]}},"jetpack_featured_media_url":"https:\/\/cj.estrategia.com\/portal\/wp-content\/uploads\/2024\/06\/03203001\/beautiful-paradise-island-with-beach-sea-scaled.jpg","jetpack_sharing_enabled":true,"_links":{"self":[{"href":"https:\/\/cj.estrategia.com\/portal\/wp-json\/wp\/v2\/posts\/64938","targetHints":{"allow":["GET"]}}],"collection":[{"href":"https:\/\/cj.estrategia.com\/portal\/wp-json\/wp\/v2\/posts"}],"about":[{"href":"https:\/\/cj.estrategia.com\/portal\/wp-json\/wp\/v2\/types\/post"}],"author":[{"embeddable":true,"href":"https:\/\/cj.estrategia.com\/portal\/wp-json\/wp\/v2\/users\/81"}],"replies":[{"embeddable":true,"href":"https:\/\/cj.estrategia.com\/portal\/wp-json\/wp\/v2\/comments?post=64938"}],"version-history":[{"count":0,"href":"https:\/\/cj.estrategia.com\/portal\/wp-json\/wp\/v2\/posts\/64938\/revisions"}],"wp:featuredmedia":[{"embeddable":true,"href":"https:\/\/cj.estrategia.com\/portal\/wp-json\/wp\/v2\/media\/64957"}],"wp:attachment":[{"href":"https:\/\/cj.estrategia.com\/portal\/wp-json\/wp\/v2\/media?parent=64938"}],"wp:term":[{"taxonomy":"category","embeddable":true,"href":"https:\/\/cj.estrategia.com\/portal\/wp-json\/wp\/v2\/categories?post=64938"},{"taxonomy":"post_tag","embeddable":true,"href":"https:\/\/cj.estrategia.com\/portal\/wp-json\/wp\/v2\/tags?post=64938"},{"taxonomy":"tax_estado","embeddable":true,"href":"https:\/\/cj.estrategia.com\/portal\/wp-json\/wp\/v2\/tax_estado?post=64938"}],"curies":[{"name":"wp","href":"https:\/\/api.w.org\/{rel}","templated":true}]}}