{"id":64652,"date":"2024-07-03T14:00:00","date_gmt":"2024-07-03T17:00:00","guid":{"rendered":"https:\/\/cj.estrategia.com\/portal\/?p=64652"},"modified":"2024-06-03T22:13:04","modified_gmt":"2024-06-04T01:13:04","slug":"stf-uso-algemas-menores","status":"publish","type":"post","link":"https:\/\/cj.estrategia.com\/portal\/stf-uso-algemas-menores\/","title":{"rendered":"STF e o uso de algemas em menores\u00a0"},"content":{"rendered":"<div class=\"wp-block-image\">\n<figure class=\"aligncenter size-large is-resized\"><img decoding=\"async\" width=\"1024\" height=\"683\" src=\"https:\/\/cj.estrategia.com\/portal\/wp-content\/uploads\/2024\/05\/30170227\/middle-aged-man-spending-time-jail-1024x683.jpg\" alt=\"STF e o uso de algemas em menores\" class=\"wp-image-64664\" style=\"width:604px;height:auto\" srcset=\"https:\/\/cj.estrategia.com\/portal\/wp-content\/uploads\/2024\/05\/30170227\/middle-aged-man-spending-time-jail-1024x683.jpg 1024w, https:\/\/cj.estrategia.com\/portal\/wp-content\/uploads\/2024\/05\/30170227\/middle-aged-man-spending-time-jail-300x200.jpg 300w, https:\/\/cj.estrategia.com\/portal\/wp-content\/uploads\/2024\/05\/30170227\/middle-aged-man-spending-time-jail-768x512.jpg 768w, https:\/\/cj.estrategia.com\/portal\/wp-content\/uploads\/2024\/05\/30170227\/middle-aged-man-spending-time-jail-1536x1024.jpg 1536w, https:\/\/cj.estrategia.com\/portal\/wp-content\/uploads\/2024\/05\/30170227\/middle-aged-man-spending-time-jail-2048x1365.jpg 2048w, https:\/\/cj.estrategia.com\/portal\/wp-content\/uploads\/2024\/05\/30170227\/middle-aged-man-spending-time-jail-380x253.jpg 380w, https:\/\/cj.estrategia.com\/portal\/wp-content\/uploads\/2024\/05\/30170227\/middle-aged-man-spending-time-jail-800x533.jpg 800w, https:\/\/cj.estrategia.com\/portal\/wp-content\/uploads\/2024\/05\/30170227\/middle-aged-man-spending-time-jail-1160x773.jpg 1160w, https:\/\/cj.estrategia.com\/portal\/wp-content\/uploads\/2024\/05\/30170227\/middle-aged-man-spending-time-jail-150x100.jpg 150w, https:\/\/cj.estrategia.com\/portal\/wp-content\/uploads\/2024\/05\/30170227\/middle-aged-man-spending-time-jail-scaled.jpg 2560w\" sizes=\"(max-width: 1024px) 100vw, 1024px\" \/><figcaption class=\"wp-element-caption\">STF e o uso de algemas em menores<\/figcaption><\/figure>\n<\/div>\n\n\n<p>Fala, pessoal, tudo certo? Hoje faremos um breve resumo sobre o entendimento do Supremo Tribunal Federal (STF) e o uso de algemas em menores de idade.<\/p>\n\n\n\n<p>Desse modo, teceremos algumas considera\u00e7\u00f5es iniciais sobre as disposi\u00e7\u00f5es constitucionais e legais pertinentes ao tema, tais como aquelas envolvendo os direitos dos presos e da prote\u00e7\u00e3o \u00e0 inf\u00e2ncia e \u00e0 adolesc\u00eancia.<\/p>\n\n\n\n<p>Na sequ\u00eancia, falaremos sobre o conte\u00fado da S\u00famula Vinculante n\u00ba 11 do Supremo, bem como sobre a utiliza\u00e7\u00e3o de algemas na audi\u00eancia de cust\u00f3dia.<\/p>\n\n\n\n<p>Por fim, abordaremos a tem\u00e1tica principal deste artigo, qual seja, o que o STF entende acerca do uso de algemas em menores de idade (controv\u00e9rsia, tese firmada e fundamentos do julgado).<\/p>\n\n\n\n<p>Vamos ao que interessa!<\/p>\n\n\n\n<div class=\"wp-block-yoast-seo-table-of-contents yoast-table-of-contents\"><h2 id=\"sumario\"><mark style=\"background-color:rgba(0, 0, 0, 0)\" class=\"has-inline-color has-luminous-vivid-orange-color\">Sum\u00e1rio<\/mark><\/h2><ul><li><a href=\"#h-stf-e-o-uso-de-algemas-em-menores-nbsp\" data-level=\"2\">STF e o uso de algemas em menores\u00a0<\/a><ul><li><a href=\"#h-disposicoes-constitucionais-e-legais-relevantes\" data-level=\"3\">Disposi\u00e7\u00f5es constitucionais e legais relevantes<\/a><ul><li><a href=\"#h-direitos-dos-presos\" data-level=\"4\">Direitos dos presos<\/a><\/li><li><a href=\"#h-protecao-a-infancia-e-a-adolescencia\" data-level=\"4\">Prote\u00e7\u00e3o \u00e0 inf\u00e2ncia e \u00e0 adolesc\u00eancia<\/a><\/li><li><a href=\"#h-estatuto-da-crianca-e-do-adolescente\" data-level=\"4\">Estatuto da crian\u00e7a e do adolescente<\/a><\/li><\/ul><\/li><li><a href=\"#h-o-que-diz-a-sumula-vinculante-n\u00ba-11-sobre-o-uso-de-algemas\" data-level=\"3\">O que diz a S\u00famula Vinculante n\u00ba 11 sobre o uso de algemas?<\/a><ul><li><a href=\"#h-redacao-da-sumula\" data-level=\"4\">Reda\u00e7\u00e3o da S\u00famula<\/a><\/li><li><a href=\"#h-algemas-na-audiencia-de-custodia-entendimento-do-cnj-e-o-stf\" data-level=\"4\">Algemas na audi\u00eancia de cust\u00f3dia: entendimento do CNJ e o STF<\/a><\/li><\/ul><\/li><li><a href=\"#h-o-que-o-supremo-entende-sobre-o-uso-de-algemas-em-menores-de-idade\" data-level=\"3\">O que o Supremo entende sobre o uso de algemas em menores de idade?<\/a><ul><li><a href=\"#h-contextualizacao-da-controversia\" data-level=\"4\">Contextualiza\u00e7\u00e3o da controv\u00e9rsia<\/a><\/li><li><a href=\"#h-tese-firmada\" data-level=\"4\">Tese firmada<\/a><\/li><li><a href=\"#h-destrinchando-o-julgamento\" data-level=\"4\">Destrinchando o julgamento<\/a><\/li><\/ul><\/li><\/ul><\/li><li><a href=\"#h-conclusao\" data-level=\"2\">Conclus\u00e3o<\/a><\/li><li><a href=\"#cursos-ficha\" data-level=\"2\">Quer estudar para Concursos de Delegado 2024?<\/a><\/li><\/ul><\/div>\n\n\n\n<h2 class=\"wp-block-heading has-luminous-vivid-orange-color has-text-color has-link-color wp-elements-721e05f08321085d9f4347a5c5919573\" id=\"h-stf-e-o-uso-de-algemas-em-menores-nbsp\"><span id=\"stf-e-o-uso-de-algemas-em-menores\">STF e o uso de algemas em menores\u00a0<\/span><\/h2>\n\n\n\n<h3 class=\"wp-block-heading has-luminous-vivid-orange-color has-text-color has-link-color wp-elements-1a6c2486ed3a9421686cd53343bf36e4\" id=\"h-disposicoes-constitucionais-e-legais-relevantes\"><span id=\"disposicoes-constitucionais-e-legais-relevantes\">Disposi\u00e7\u00f5es constitucionais e legais relevantes<\/span><\/h3>\n\n\n\n<h4 class=\"wp-block-heading has-luminous-vivid-orange-color has-text-color has-link-color wp-elements-0dbf49982ab4e0440e264f3c5fb4e1f0\" id=\"h-direitos-dos-presos\"><span id=\"direitos-dos-presos\">Direitos dos presos<\/span><\/h4>\n\n\n\n<p>Primeiramente, \u00e9 importante anotar que a Constitui\u00e7\u00e3o Federal assegura aos presos o respeito \u00e0 integridade f\u00edsica e moral.\u00a0<\/p>\n\n\n\n<p>Al\u00e9m disso, em seu inciso LVII, o artigo 5\u00ba da CF preconiza o princ\u00edpio da n\u00e3o-culpabilidade (tamb\u00e9m conhecido por princ\u00edpio da inoc\u00eancia), enquanto que, o inciso LIV, disp\u00f5e que ningu\u00e9m ser\u00e1 privado da liberdade sem o devido processo legal.<\/p>\n\n\n\n<p>Tamb\u00e9m \u00e9 importante destacar que a CF prev\u00ea que, em caso de pris\u00e3o ilegal, o juiz dever\u00e1 imediatamente \u201crelax\u00e1-la\u201d, isso \u00e9, desconstringir a liberdade do preso. J\u00e1 o inciso LXIII disp\u00f5e que o preso deve ser informado de seus direitos.<\/p>\n\n\n\n<p>Vejamos esses dispositivos:<\/p>\n\n\n\n<div class=\"wp-block-group is-style-cnvs-block-bg-light\"><div class=\"wp-block-group__inner-container is-layout-constrained wp-block-group-is-layout-constrained\">\n<p>Art. 5\u00ba. (\u2026)<\/p>\n\n\n\n<p>XLIX \u2013 \u00e9 assegurado aos presos o respeito \u00e0 integridade f\u00edsica e moral;<\/p>\n\n\n\n<p>(\u2026)<\/p>\n\n\n\n<p>LIV \u2013 ningu\u00e9m ser\u00e1 privado da liberdade ou de seus bens sem o devido processo legal;<\/p>\n\n\n\n<p>LVII \u2013 ningu\u00e9m ser\u00e1 considerado culpado at\u00e9 o tr\u00e2nsito em julgado de senten\u00e7a penal condenat\u00f3ria;<\/p>\n\n\n\n<p>LXIII \u2013 o preso ser\u00e1 informado de seus direitos, entre os quais o de permanecer calado, sendo-lhe assegurada a assist\u00eancia da fam\u00edlia e de advogado;<\/p>\n\n\n\n<p>LXV \u2013 a pris\u00e3o ilegal ser\u00e1 imediatamente relaxada pela autoridade judici\u00e1ria;<\/p>\n<\/div><\/div>\n\n\n\n<p>Notem, portanto, que a CF tem uma preocupa\u00e7\u00e3o com assegurar ao preso todos os direitos inerentes \u00e0 pessoa humana, bem assim a qualquer litigante em processo judicial.<\/p>\n\n\n\n<p>Nesse sentido, a n\u00e3o ser a liberdade, a pris\u00e3o n\u00e3o deve suprimir, como regra, os demais direitos do preso. Principalmente quando se est\u00e1 diante de uma das esp\u00e9cies de pris\u00e3o provis\u00f3ria\/cautelar.<\/p>\n\n\n\n<h4 class=\"wp-block-heading has-luminous-vivid-orange-color has-text-color has-link-color wp-elements-4ef795d458779c771ef397da10098efa\" id=\"h-protecao-a-infancia-e-a-adolescencia\"><span id=\"protecao-a-infancia-e-a-adolescencia\">Prote\u00e7\u00e3o \u00e0 inf\u00e2ncia e \u00e0 adolesc\u00eancia<\/span><\/h4>\n\n\n\n<p>A prote\u00e7\u00e3o \u00e0 inf\u00e2ncia e \u00e0 adolesc\u00eancia, para al\u00e9m dos princ\u00edpios fundamentais, encontra guarida no artigo 6\u00ba da Constitui\u00e7\u00e3o, que preconiza serem direitos sociais a prote\u00e7\u00e3o \u00e0 maternidade e \u00e0 inf\u00e2ncia.<\/p>\n\n\n\n<p>Al\u00e9m disso, no \u00e2mbito da assist\u00eancia social, o artigo 203, incisos I e II, afirmam que a assist\u00eancia social ser\u00e1 prestada a quem dela necessitar, independentemente de contribui\u00e7\u00e3o \u00e0 seguridade social, e tem por objetivos a prote\u00e7\u00e3o <strong>\u00e0 fam\u00edlia, \u00e0 maternidade, \u00e0 inf\u00e2ncia, \u00e0 adolesc\u00eancia<\/strong> e \u00e0 velhice; o<strong> amparo \u00e0s crian\u00e7as e adolescentes carentes<\/strong>; dentre outros.<\/p>\n\n\n\n<p>N\u00e3o menos importante \u00e9 a previs\u00e3o que consta do artigo 227 da CF, de acordo com o qual \u00e9 <strong>dever da fam\u00edlia, da sociedade e do Estado assegurar \u00e0 crian\u00e7a, ao adolescente e ao jovem, <\/strong>al\u00e9m de outros, o direito \u00e0 vida, \u00e0 liberdade e \u00e0 conviv\u00eancia familiar e comunit\u00e1ria, al\u00e9m de coloc\u00e1-los a salvo de toda forma de neglig\u00eancia, discrimina\u00e7\u00e3o, explora\u00e7\u00e3o, viol\u00eancia, crueldade e opress\u00e3o.<\/p>\n\n\n\n<p>Por fim, o artigo 228 da CF reza serem penalmente inimput\u00e1veis os menores de dezoito anos, mas os declara <strong>sujeitos \u00e0s normas da legisla\u00e7\u00e3o especial.<\/strong><\/p>\n\n\n\n<h4 class=\"wp-block-heading has-luminous-vivid-orange-color has-text-color has-link-color wp-elements-8d0d13ee50a84a494397248d8d638432\" id=\"h-estatuto-da-crianca-e-do-adolescente\"><span id=\"estatuto-da-crianca-e-do-adolescente\">Estatuto da crian\u00e7a e do adolescente<\/span><\/h4>\n\n\n\n<p>O ECA (Lei n. 8.069\/1990) disp\u00f5e que\u00a0 se considera crian\u00e7a a pessoa at\u00e9 doze anos de idade incompletos, e adolescente aquela entre doze e dezoito anos de idade.<\/p>\n\n\n\n<p>No que se refere ao cometimento de infra\u00e7\u00f5es penais, o artigo 103 afirma que se considera ato infracional a conduta descrita como crime ou contraven\u00e7\u00e3o penal, enquanto o artigo 106 do Estatuto prev\u00ea que <strong>nenhum adolescente ser\u00e1 privado de sua liberdade sen\u00e3o em flagrante de ato infracional ou por ordem escrita e fundamentada da autoridade judici\u00e1ria competente<\/strong>.<\/p>\n\n\n\n<p>Os artigos 171 a 190 do ECA destinam-se a regular a apura\u00e7\u00e3o de ato infracional atribu\u00eddo a adolescente, dispondo, dentre outras regras, sobre a apresenta\u00e7\u00e3o dos adolescentes ao Minist\u00e9rio P\u00fablico, no caso de n\u00e3o libera\u00e7\u00e3o por parte da autoridade policial.\u00a0<\/p>\n\n\n\n<p>Destacamos, assim, os artigos 175 e 176 do Estatuto:<\/p>\n\n\n\n<div class=\"wp-block-group is-style-cnvs-block-bg-light\"><div class=\"wp-block-group__inner-container is-layout-constrained wp-block-group-is-layout-constrained\">\n<p>Art. 175. Em caso de n\u00e3o libera\u00e7\u00e3o, a autoridade policial encaminhar\u00e1, desde logo, o adolescente ao representante do Minist\u00e9rio P\u00fablico, juntamente com c\u00f3pia do auto de apreens\u00e3o ou boletim de ocorr\u00eancia.<\/p>\n\n\n\n<p>\u00a7 1\u00ba Sendo imposs\u00edvel a apresenta\u00e7\u00e3o imediata, a autoridade policial encaminhar\u00e1 o adolescente \u00e0 entidade de atendimento, que far\u00e1 a apresenta\u00e7\u00e3o ao representante do Minist\u00e9rio P\u00fablico no prazo de vinte e quatro horas.<\/p>\n\n\n\n<p>\u00a7 2\u00ba Nas localidades onde n\u00e3o houver entidade de atendimento, a apresenta\u00e7\u00e3o far-se-\u00e1 pela autoridade policial. \u00c0 falta de reparti\u00e7\u00e3o policial especializada, o adolescente aguardar\u00e1 a apresenta\u00e7\u00e3o em depend\u00eancia separada da destinada a maiores, n\u00e3o podendo, em qualquer hip\u00f3tese, exceder o prazo referido no par\u00e1grafo anterior.<\/p>\n\n\n\n<p>Art. 176. Sendo o adolescente liberado, a autoridade policial encaminhar\u00e1 imediatamente ao representante do Minist\u00e9rio P\u00fablico c\u00f3pia do auto de apreens\u00e3o ou boletim de ocorr\u00eancia.<\/p>\n<\/div><\/div>\n\n\n\n<h3 class=\"wp-block-heading has-luminous-vivid-orange-color has-text-color has-link-color wp-elements-04e659dfdfa7010789a00439a62dac25\" id=\"h-o-que-diz-a-sumula-vinculante-n\u00ba-11-sobre-o-uso-de-algemas\"><span id=\"o-que-diz-a-sumula-vinculante-no-11-sobre-o-uso-de-algemas\">O que diz a S\u00famula Vinculante n\u00ba 11 sobre o uso de algemas?<\/span><\/h3>\n\n\n\n<h4 class=\"wp-block-heading has-luminous-vivid-orange-color has-text-color has-link-color wp-elements-62cb2032a22b5be9d8121518c5c708bc\" id=\"h-redacao-da-sumula\"><span id=\"redacao-da-sumula\">Reda\u00e7\u00e3o da S\u00famula<\/span><\/h4>\n\n\n\n<p>A S\u00famula Vinculante n\u00ba 11 do STF foi aprovada com a seguinte reda\u00e7\u00e3o:<\/p>\n\n\n\n<div class=\"wp-block-group is-style-cnvs-block-shadow\"><div class=\"wp-block-group__inner-container is-layout-constrained wp-block-group-is-layout-constrained\">\n<p>S\u00f3 \u00e9 l\u00edcito o uso de algemas em casos de resist\u00eancia e de fundado receio de fuga ou de perigo \u00e0 integridade f\u00edsica pr\u00f3pria ou alheia, por parte do preso ou de terceiros, <strong>justificada a excepcionalidade por escrito, sob pena de responsabilidade disciplinar, <\/strong>civil e penal do agente ou da autoridade e de nulidade da pris\u00e3o ou do ato processual a que se refere, sem preju\u00edzo da responsabilidade civil do Estado.<\/p>\n<\/div><\/div>\n\n\n\n<p>Nota-se que o uso de algemas precisa ser devidamente justificado por escrito, dentre aquelas hip\u00f3teses ali discriminadas, sob pena de a autoridade p\u00fablica responder civil e penalmente por isso.<\/p>\n\n\n\n<h4 class=\"wp-block-heading has-luminous-vivid-orange-color has-text-color has-link-color wp-elements-86e1b6694b5ad5c5f56d7bbad79a8bcc\" id=\"h-algemas-na-audiencia-de-custodia-entendimento-do-cnj-e-o-stf\"><span id=\"algemas-na-audiencia-de-custodia-entendimento-do-cnj-e-o-stf\">Algemas na audi\u00eancia de cust\u00f3dia: entendimento do CNJ e o STF<\/span><\/h4>\n\n\n\n<p>O Supremo Tribunal Federal, no julgamento da Reclama\u00e7\u00e3o 9.468 AgR, em 24\/03\/2011, firmou entendimento de que o <strong>uso de algemas durante audi\u00eancia de instru\u00e7\u00e3o e julgamento <\/strong>pode ser determinado pelo magistrado quando presentes, de maneira concreta, riscos a seguran\u00e7a do acusado ou das pessoas ao ato presentes<\/p>\n\n\n\n<p>Por outro lado, no que se refere \u00e0s audi\u00eancias de cust\u00f3dia, o Conselho Nacional de Justi\u00e7a (CNJ), na <a href=\"https:\/\/atos.cnj.jus.br\/atos\/detalhar\/2234\" target=\"_blank\" >Resolu\u00e7\u00e3o n\u00ba 213\/2015<\/a>, que as instituiu como pol\u00edtica nacional, disp\u00f5e que, na audi\u00eancia de cust\u00f3dia, a autoridade judicial entrevistar\u00e1 a pessoa presa em flagrante, devendo <strong>assegurar que a pessoa presa n\u00e3o esteja algemada, salvo em casos de resist\u00eancia e de fundado receio de fuga ou de perigo \u00e0 integridade f\u00edsica pr\u00f3pria ou alheia, devendo a excepcionalidade ser justificada por escrito<\/strong> (artigo 8\u00ba, inciso II).<\/p>\n\n\n\n<h3 class=\"wp-block-heading has-luminous-vivid-orange-color has-text-color has-link-color wp-elements-54cc78d0b69d14a32b0561a849dfa956\" id=\"h-o-que-o-supremo-entende-sobre-o-uso-de-algemas-em-menores-de-idade\"><span id=\"o-que-o-supremo-entende-sobre-o-uso-de-algemas-em-menores-de-idade\">O que o Supremo entende sobre o uso de algemas em menores de idade?<\/span><\/h3>\n\n\n\n<h4 class=\"wp-block-heading has-luminous-vivid-orange-color has-text-color has-link-color wp-elements-4a47aef10e749d2cb3244344e865ac05\" id=\"h-contextualizacao-da-controversia\"><span id=\"contextualizacao-da-controversia\">Contextualiza\u00e7\u00e3o da controv\u00e9rsia<\/span><\/h4>\n\n\n\n<p>Foi proposta a Reclama\u00e7\u00e3o n\u00ba 61.876\/RJ ao Supremo Tribunal Federal, com base na conduta do ju\u00edzo da Vara \u00danica de Sapucaia\/RJ, que entendeu que o(a) adolescente de iniciais R.C.G.C. deveria permanecer algemado(a) durante sua audi\u00eancia de apresenta\u00e7\u00e3o.<\/p>\n\n\n\n<p>Portanto, ajuizou-se o feito no Supremo visando a que este analisasse a possibilidade de uso de algemas em menores, sobretudo de forma a verificar se essa utiliza\u00e7\u00e3o fere a jurisprud\u00eancia do STF sobre o assunto, notadamente a S\u00famula Vinculante n\u00ba 11.<\/p>\n\n\n\n<h4 class=\"wp-block-heading has-luminous-vivid-orange-color has-text-color has-link-color wp-elements-1fa6bacb120338647b213734cbc6e7c2\" id=\"h-tese-firmada\"><span id=\"tese-firmada\">Tese firmada<\/span><\/h4>\n\n\n\n<p>O STF entendeu que, tratando-se de menor de idade, o uso de algemas dever\u00e1 (i) atender \u00e0s balizas fixadas em sua <strong>S\u00famula Vinculante n\u00ba 11<\/strong> e (ii) dever\u00e1 ser <strong>avaliado pelo Minist\u00e9rio P\u00fablico e submetida ao Conselho Tutelar,<\/strong> que se manifestar\u00e1 a respeito das provid\u00eancias relatadas.<\/p>\n\n\n\n<p>Portanto, a Primeira Turma, por unanimidade,<strong> julgou improcedente a reclama\u00e7\u00e3o, mas, considerando a relev\u00e2ncia da mat\u00e9ria, fixou as condi\u00e7\u00f5es para o uso de algemas por menor<\/strong>, que dever\u00e3o ser observadas al\u00e9m das existentes na S\u00famula Vinculante n\u00ba 11, nos termos da respectiva ata de julgamento.\u00a0<\/p>\n\n\n\n<p>O Colegiado tamb\u00e9m determinou a remessa da conclus\u00e3o do julgamento <strong>(i) ao Conselho Nacional de Justi\u00e7a, para ado\u00e7\u00e3o de provid\u00eancias, inclu\u00eddas normativas infralegais, para fins de execu\u00e7\u00e3o<\/strong>; <strong>(ii)<\/strong> aos Presidentes dos Tribunais de Justi\u00e7a, para fins de encaminhamento a todas as autoridades judiciais que exer\u00e7am a compet\u00eancia relacionada a inf\u00e2ncia e juventude; e <strong>(iii)<\/strong> aos Procuradores-Gerais de Justi\u00e7a, para fins de encaminhamento a todos os Promotores de Justi\u00e7a que exer\u00e7am a compet\u00eancia relacionada a inf\u00e2ncia e juventude.<\/p>\n\n\n\n<p>Veja, ent\u00e3o, que foi conferido ampla divulga\u00e7\u00e3o do entendimento firmado, objetivando, inclusive, que o CNJ aprove normativo para tratar da execu\u00e7\u00e3o do assunto.<\/p>\n\n\n\n<h4 class=\"wp-block-heading has-luminous-vivid-orange-color has-text-color has-link-color wp-elements-45e3b6bb3b811bedd0073f6f52b41b9a\" id=\"h-destrinchando-o-julgamento\"><span id=\"destrinchando-o-julgamento\">Destrinchando o julgamento<\/span><\/h4>\n\n\n\n<p>Embora o processo tramite em segredo de justi\u00e7a, extrai-se do Informativo n\u00ba 1.136 do STF (Rcl 61876\/RS) que o Colegiado iniciou reafirmando a jurisprud\u00eancia no sentido de que <strong>o uso de algemas \u00e9 medida excepcional, devendo ser fundamentada, a fim de que se evite abusos pelas autoridades.<\/strong><\/p>\n\n\n\n<p>Al\u00e9m disso, tendo em vista que se cuida de menor, o Supremo atentou-se para o fato de que o <a href=\"https:\/\/www.planalto.gov.br\/ccivil_03\/leis\/l8069.htm#:~:text=%C2%A0Art.%20175.%20Em%20caso%20de%20n%C3%A3o%20libera%C3%A7%C3%A3o%2C%20a%20autoridade%20policial%20encaminhar%C3%A1%2C%20desde%20logo%2C%20o%20adolescente%20ao%20representante%20do%20Minist%C3%A9rio%20P%C3%BAblico%2C%20juntamente%20com%20c%C3%B3pia%20do%20auto%20de%20apreens%C3%A3o%20ou%20boletim%20de%20ocorr%C3%AAncia.\" target=\"_blank\" >artigo 175 do Estatuto da Crian\u00e7a e do Adolescente<\/a> preconiza que, <strong>em caso de n\u00e3o libera\u00e7\u00e3o, a autoridade policial encaminhar\u00e1, desde logo, o adolescente apreendido ao representante do Minist\u00e9rio P\u00fablico<\/strong>, juntamente com c\u00f3pia do auto de apreens\u00e3o ou boletim de ocorr\u00eancia (ressalvados os casos dos \u00a7\u00a7 1\u00ba e 2\u00ba do mesmo dispositivo).<\/p>\n\n\n\n<p>Desse modo, <strong>o membro do <\/strong><strong><em>Parquet<\/em><\/strong><strong> dever\u00e1 avaliar e opinar (emiss\u00e3o de parecer) sobre a eventual necessidade de utiliza\u00e7\u00e3o de algemas<\/strong> apontada pela autoridade policial que estiver realizando a dilig\u00eancia em quest\u00e3o.<\/p>\n\n\n\n<p>Ap\u00f3s isso,<strong> esse parecer ser\u00e1 remetido ao juiz que, por sua vez, dever\u00e1 se manifestar de forma motivada sobre a mat\u00e9ria<\/strong> no momento da audi\u00eancia de apresenta\u00e7\u00e3o do menor.<\/p>\n\n\n\n<p>Na sequ\u00eancia, <strong>o Conselho Tutelar dever\u00e1 ser instado a se manifestar<\/strong> sobre as provid\u00eancias relatadas pela autoridade policial, para decis\u00e3o final do Minist\u00e9rio P\u00fablico.<\/p>\n\n\n\n<p>Por fim, o STF deixou bem claro que os elementos f\u00e1tico-probat\u00f3rios (raz\u00f5es pelas quais o uso de algemas foi determinado) n\u00e3o podem ser reexaminados naquela inst\u00e2ncia, haja vista que, como o magistrado possui f\u00e9 p\u00fablica, seria necess\u00e1rio, para revisar os fatos, desfazer a presun\u00e7\u00e3o de veracidade dos dados por ele trazidos.<\/p>\n\n\n\n<p>Desse modo, o STF apenas avaliou que a utiliza\u00e7\u00e3o de algemas no(a) menor de idade foi devidamente justificada.<\/p>\n\n\n\n<h2 class=\"wp-block-heading has-luminous-vivid-orange-color has-text-color has-link-color wp-elements-6579d1678b4cf93399a7a9649665ae3f\" id=\"h-conclusao\"><span id=\"conclusao\">Conclus\u00e3o<\/span><\/h2>\n\n\n\n<p>Portanto, pessoal, esse foi nosso breve resumo sobre o entendimento do Supremo Tribunal Federal (STF) e o uso de algemas em menores de idade.<\/p>\n\n\n\n<p>Vimos que, para o STF, em se tratando de menor de idade, al\u00e9m das balizas fixadas na S\u00famula Vinculante n\u00ba 11, a necessidade de utiliza\u00e7\u00e3o de algemas apresentada pela autoridade policial deve ser avaliada pelo Minist\u00e9rio P\u00fablico e submetida ao Conselho Tutelar, que se manifestar\u00e1 a respeito das provid\u00eancias relatadas.<\/p>\n\n\n\n<p>O uso de algemas em adultos j\u00e1 consiste em medida excepcional, portanto, com mais raz\u00e3o, a medida deve ser ainda mais fundamentada em rela\u00e7\u00e3o aos menores.<\/p>\n\n\n\n<p>At\u00e9 a pr\u00f3xima!<\/p>\n\n\n\n<h2 class=\"wp-block-heading has-text-align-center\" id=\"cursos-ficha\"><span id=\"quer-estudar-para-concursos-de-delegado-2024\">Quer estudar para Concursos de Delegado 2024?<\/span><\/h2>\n\n\n\n<p class=\"has-text-align-left\">O Estrat\u00e9gia Carreira Jur\u00eddica \u00e9 campe\u00e3o de aprova\u00e7\u00f5es nos concursos para Carreiras Jur\u00eddicas com um corpo docente qualificado e materiais completos. Conhe\u00e7a nossos cursos e garanta sua aprova\u00e7\u00e3o em Concurso de Delegado:<\/p>\n\n\n\n<p class=\"has-text-align-center has-pale-cyan-blue-background-color has-background\"><a href=\"https:\/\/cj.estrategia.com\/portal\/concursos-abertos-carreiras-juridicas\/\" target=\"_blank\" ><strong>Concursos abertos<\/strong><\/a><\/p>\n\n\n\n<p class=\"has-text-align-center has-pale-cyan-blue-background-color has-background\"><a href=\"https:\/\/cj.estrategia.com\/portal\/concursos-2024-carreiras-juridicas\/\"><strong>Concursos 2024<\/strong><\/a><\/p>\n","protected":false},"excerpt":{"rendered":"Fala, pessoal, tudo certo? Hoje faremos um breve resumo sobre o entendimento do Supremo Tribunal Federal (STF) e&hellip;\n","protected":false},"author":39,"featured_media":64664,"comment_status":"open","ping_status":"open","sticky":false,"template":"","format":"standard","meta":{"_jetpack_memberships_contains_paid_content":false,"footnotes":""},"categories":[1],"tags":[],"tax_estado":[30,31,32,33,34,35,36,37,38,39,40,41,42,43,44,45,46,47,48,49,50,51,52,53,54,55,56,57],"class_list":{"0":"post-64652","1":"post","2":"type-post","3":"status-publish","4":"format-standard","5":"has-post-thumbnail","7":"category-carreiras-juridicas","8":"tax_estado-ac","9":"tax_estado-al","10":"tax_estado-am","11":"tax_estado-ap","12":"tax_estado-ba","13":"tax_estado-ce","14":"tax_estado-concursos-federais","15":"tax_estado-df","16":"tax_estado-es","17":"tax_estado-go","18":"tax_estado-ma","19":"tax_estado-mg","20":"tax_estado-ms","21":"tax_estado-mt","22":"tax_estado-pa","23":"tax_estado-pb","24":"tax_estado-pe","25":"tax_estado-pi","26":"tax_estado-pr","27":"tax_estado-rj","28":"tax_estado-rn","29":"tax_estado-ro","30":"tax_estado-rr","31":"tax_estado-rs","32":"tax_estado-sc","33":"tax_estado-se","34":"tax_estado-sp","35":"tax_estado-to"},"acf":[],"yoast_head":"<!-- This site is optimized with the Yoast SEO Premium plugin v27.5 (Yoast SEO v27.5) - https:\/\/yoast.com\/product\/yoast-seo-premium-wordpress\/ -->\n<title>STF e o uso de algemas em menores\u00a0<\/title>\n<meta name=\"description\" content=\"Confira nosso resumo sobre o entendimento do Supremo Tribunal Federal (STF) e o uso de algemas em menores de idade.\" \/>\n<meta name=\"robots\" content=\"index, follow, max-snippet:-1, max-image-preview:large, max-video-preview:-1\" \/>\n<link rel=\"canonical\" href=\"https:\/\/cj.estrategia.com\/portal\/stf-uso-algemas-menores\/\" \/>\n<meta property=\"og:locale\" content=\"pt_BR\" \/>\n<meta property=\"og:type\" content=\"article\" \/>\n<meta property=\"og:title\" content=\"STF e o uso de algemas em menores\u00a0\" \/>\n<meta property=\"og:description\" content=\"Confira nosso resumo sobre o entendimento do Supremo Tribunal Federal (STF) e o uso de algemas em menores de idade.\" \/>\n<meta property=\"og:url\" content=\"https:\/\/cj.estrategia.com\/portal\/stf-uso-algemas-menores\/\" \/>\n<meta property=\"og:site_name\" content=\"Blog - Carreiras Jur\u00eddicas - Estrat\u00e9gia\" \/>\n<meta property=\"article:publisher\" content=\"https:\/\/www.facebook.com\/estrategiacarreirajuridica\/\" \/>\n<meta property=\"article:published_time\" content=\"2024-07-03T17:00:00+00:00\" \/>\n<meta property=\"og:image\" content=\"https:\/\/cj.estrategia.com\/portal\/wp-content\/uploads\/2024\/05\/30170227\/middle-aged-man-spending-time-jail-scaled.jpg\" \/>\n\t<meta property=\"og:image:width\" content=\"2560\" \/>\n\t<meta property=\"og:image:height\" content=\"1707\" \/>\n\t<meta property=\"og:image:type\" content=\"image\/jpeg\" \/>\n<meta name=\"author\" content=\"Frederico Tadeu Borlot Peixoto\" \/>\n<meta name=\"twitter:card\" content=\"summary_large_image\" \/>\n<meta name=\"twitter:creator\" content=\"@EstratJuridica\" \/>\n<meta name=\"twitter:site\" content=\"@EstratJuridica\" \/>\n<meta name=\"twitter:label1\" content=\"Escrito por\" \/>\n\t<meta name=\"twitter:data1\" content=\"Frederico Tadeu Borlot Peixoto\" \/>\n\t<meta name=\"twitter:label2\" content=\"Est. tempo de leitura\" \/>\n\t<meta name=\"twitter:data2\" content=\"11 minutos\" \/>\n<script type=\"application\/ld+json\" class=\"yoast-schema-graph\">{\"@context\":\"https:\\\/\\\/schema.org\",\"@graph\":[{\"@type\":\"NewsArticle\",\"@id\":\"https:\\\/\\\/cj.estrategia.com\\\/portal\\\/stf-uso-algemas-menores\\\/#article\",\"isPartOf\":{\"@id\":\"https:\\\/\\\/cj.estrategia.com\\\/portal\\\/stf-uso-algemas-menores\\\/\"},\"author\":{\"name\":\"Frederico Tadeu Borlot Peixoto\",\"@id\":\"https:\\\/\\\/cj.estrategia.com\\\/portal\\\/#\\\/schema\\\/person\\\/74287401cf4654f4fa04e378de7261ec\"},\"headline\":\"STF e o uso de algemas em menores\u00a0\",\"datePublished\":\"2024-07-03T17:00:00+00:00\",\"mainEntityOfPage\":{\"@id\":\"https:\\\/\\\/cj.estrategia.com\\\/portal\\\/stf-uso-algemas-menores\\\/\"},\"wordCount\":2105,\"commentCount\":0,\"publisher\":{\"@id\":\"https:\\\/\\\/cj.estrategia.com\\\/portal\\\/#organization\"},\"image\":{\"@id\":\"https:\\\/\\\/cj.estrategia.com\\\/portal\\\/stf-uso-algemas-menores\\\/#primaryimage\"},\"thumbnailUrl\":\"https:\\\/\\\/cj.estrategia.com\\\/portal\\\/wp-content\\\/uploads\\\/2024\\\/05\\\/30170227\\\/middle-aged-man-spending-time-jail-scaled.jpg\",\"articleSection\":[\"Carreiras Jur\u00eddicas\"],\"inLanguage\":\"pt-BR\",\"potentialAction\":[{\"@type\":\"CommentAction\",\"name\":\"Comment\",\"target\":[\"https:\\\/\\\/cj.estrategia.com\\\/portal\\\/stf-uso-algemas-menores\\\/#respond\"]}],\"accessibilityFeature\":[\"tableOfContents\"]},{\"@type\":\"WebPage\",\"@id\":\"https:\\\/\\\/cj.estrategia.com\\\/portal\\\/stf-uso-algemas-menores\\\/\",\"url\":\"https:\\\/\\\/cj.estrategia.com\\\/portal\\\/stf-uso-algemas-menores\\\/\",\"name\":\"STF e o uso de algemas em menores\u00a0\",\"isPartOf\":{\"@id\":\"https:\\\/\\\/cj.estrategia.com\\\/portal\\\/#website\"},\"primaryImageOfPage\":{\"@id\":\"https:\\\/\\\/cj.estrategia.com\\\/portal\\\/stf-uso-algemas-menores\\\/#primaryimage\"},\"image\":{\"@id\":\"https:\\\/\\\/cj.estrategia.com\\\/portal\\\/stf-uso-algemas-menores\\\/#primaryimage\"},\"thumbnailUrl\":\"https:\\\/\\\/cj.estrategia.com\\\/portal\\\/wp-content\\\/uploads\\\/2024\\\/05\\\/30170227\\\/middle-aged-man-spending-time-jail-scaled.jpg\",\"datePublished\":\"2024-07-03T17:00:00+00:00\",\"description\":\"Confira nosso resumo sobre o entendimento do Supremo Tribunal Federal (STF) e o uso de algemas em menores de idade.\",\"breadcrumb\":{\"@id\":\"https:\\\/\\\/cj.estrategia.com\\\/portal\\\/stf-uso-algemas-menores\\\/#breadcrumb\"},\"inLanguage\":\"pt-BR\",\"potentialAction\":[{\"@type\":\"ReadAction\",\"target\":[\"https:\\\/\\\/cj.estrategia.com\\\/portal\\\/stf-uso-algemas-menores\\\/\"]}]},{\"@type\":\"ImageObject\",\"inLanguage\":\"pt-BR\",\"@id\":\"https:\\\/\\\/cj.estrategia.com\\\/portal\\\/stf-uso-algemas-menores\\\/#primaryimage\",\"url\":\"https:\\\/\\\/cj.estrategia.com\\\/portal\\\/wp-content\\\/uploads\\\/2024\\\/05\\\/30170227\\\/middle-aged-man-spending-time-jail-scaled.jpg\",\"contentUrl\":\"https:\\\/\\\/cj.estrategia.com\\\/portal\\\/wp-content\\\/uploads\\\/2024\\\/05\\\/30170227\\\/middle-aged-man-spending-time-jail-scaled.jpg\",\"width\":2560,\"height\":1707},{\"@type\":\"BreadcrumbList\",\"@id\":\"https:\\\/\\\/cj.estrategia.com\\\/portal\\\/stf-uso-algemas-menores\\\/#breadcrumb\",\"itemListElement\":[{\"@type\":\"ListItem\",\"position\":1,\"name\":\"In\u00edcio\",\"item\":\"https:\\\/\\\/cj.estrategia.com\\\/portal\\\/\"},{\"@type\":\"ListItem\",\"position\":2,\"name\":\"STF e o uso de algemas em menores\u00a0\"}]},{\"@type\":\"WebSite\",\"@id\":\"https:\\\/\\\/cj.estrategia.com\\\/portal\\\/#website\",\"url\":\"https:\\\/\\\/cj.estrategia.com\\\/portal\\\/\",\"name\":\"Blog - Carreiras Jur\u00eddicas - Estrat\u00e9gia\",\"description\":\"\",\"publisher\":{\"@id\":\"https:\\\/\\\/cj.estrategia.com\\\/portal\\\/#organization\"},\"potentialAction\":[{\"@type\":\"SearchAction\",\"target\":{\"@type\":\"EntryPoint\",\"urlTemplate\":\"https:\\\/\\\/cj.estrategia.com\\\/portal\\\/?s={search_term_string}\"},\"query-input\":{\"@type\":\"PropertyValueSpecification\",\"valueRequired\":true,\"valueName\":\"search_term_string\"}}],\"inLanguage\":\"pt-BR\"},{\"@type\":\"Organization\",\"@id\":\"https:\\\/\\\/cj.estrategia.com\\\/portal\\\/#organization\",\"name\":\"Estrat\u00e9gia - Carreiras Jur\u00eddicas\",\"url\":\"https:\\\/\\\/cj.estrategia.com\\\/portal\\\/\",\"logo\":{\"@type\":\"ImageObject\",\"inLanguage\":\"pt-BR\",\"@id\":\"https:\\\/\\\/cj.estrategia.com\\\/portal\\\/#\\\/schema\\\/logo\\\/image\\\/\",\"url\":\"https:\\\/\\\/cj.estrategia.com\\\/portal\\\/wp-content\\\/uploads\\\/2022\\\/03\\\/11151052\\\/cj-logo.png\",\"contentUrl\":\"https:\\\/\\\/cj.estrategia.com\\\/portal\\\/wp-content\\\/uploads\\\/2022\\\/03\\\/11151052\\\/cj-logo.png\",\"width\":150,\"height\":39,\"caption\":\"Estrat\u00e9gia - Carreiras Jur\u00eddicas\"},\"image\":{\"@id\":\"https:\\\/\\\/cj.estrategia.com\\\/portal\\\/#\\\/schema\\\/logo\\\/image\\\/\"},\"sameAs\":[\"https:\\\/\\\/www.facebook.com\\\/estrategiacarreirajuridica\\\/\",\"https:\\\/\\\/x.com\\\/EstratJuridica\",\"https:\\\/\\\/www.instagram.com\\\/estrategiacarreirajuridica\\\/\",\"https:\\\/\\\/www.youtube.com\\\/channel\\\/UClbMGuYbj2Mh1m3w144ETWQ\"]},{\"@type\":\"Person\",\"@id\":\"https:\\\/\\\/cj.estrategia.com\\\/portal\\\/#\\\/schema\\\/person\\\/74287401cf4654f4fa04e378de7261ec\",\"name\":\"Frederico Tadeu Borlot Peixoto\",\"image\":{\"@type\":\"ImageObject\",\"inLanguage\":\"pt-BR\",\"@id\":\"https:\\\/\\\/cj.estrategia.com\\\/portal\\\/wp-content\\\/uploads\\\/2023\\\/06\\\/29094204\\\/GBAY0702-96x96.jpg\",\"url\":\"https:\\\/\\\/cj.estrategia.com\\\/portal\\\/wp-content\\\/uploads\\\/2023\\\/06\\\/29094204\\\/GBAY0702-96x96.jpg\",\"contentUrl\":\"https:\\\/\\\/cj.estrategia.com\\\/portal\\\/wp-content\\\/uploads\\\/2023\\\/06\\\/29094204\\\/GBAY0702-96x96.jpg\",\"caption\":\"Frederico Tadeu Borlot Peixoto\"},\"description\":\"Analista Judici\u00e1rio - \u00c1rea Judici\u00e1ria do TRF da 4\u00aa regi\u00e3o. Bacharel em Direito. P\u00f3s-graduado em Direito Administrativo, Legisla\u00e7\u00e3o Penal Especial, Direito Penal e Direito Processual Penal. Tamb\u00e9m nomeado no TRF da 3\u00aa regi\u00e3o (8\u00ba lugar); SPPREV (3\u00ba lugar); IFES (2\u00ba lugar); e PMES. https:\\\/\\\/www.instagram.com\\\/proffrederico\\\/\",\"sameAs\":[\"https:\\\/\\\/www.instagram.com\\\/proffrederico\\\/\"],\"url\":\"https:\\\/\\\/cj.estrategia.com\\\/portal\\\/author\\\/xfrederico\\\/\"}]}<\/script>\n<!-- \/ Yoast SEO Premium plugin. -->","yoast_head_json":{"title":"STF e o uso de algemas em menores\u00a0","description":"Confira nosso resumo sobre o entendimento do Supremo Tribunal Federal (STF) e o uso de algemas em menores de idade.","robots":{"index":"index","follow":"follow","max-snippet":"max-snippet:-1","max-image-preview":"max-image-preview:large","max-video-preview":"max-video-preview:-1"},"canonical":"https:\/\/cj.estrategia.com\/portal\/stf-uso-algemas-menores\/","og_locale":"pt_BR","og_type":"article","og_title":"STF e o uso de algemas em menores\u00a0","og_description":"Confira nosso resumo sobre o entendimento do Supremo Tribunal Federal (STF) e o uso de algemas em menores de idade.","og_url":"https:\/\/cj.estrategia.com\/portal\/stf-uso-algemas-menores\/","og_site_name":"Blog - Carreiras Jur\u00eddicas - Estrat\u00e9gia","article_publisher":"https:\/\/www.facebook.com\/estrategiacarreirajuridica\/","article_published_time":"2024-07-03T17:00:00+00:00","og_image":[{"width":2560,"height":1707,"url":"https:\/\/cj.estrategia.com\/portal\/wp-content\/uploads\/2024\/05\/30170227\/middle-aged-man-spending-time-jail-scaled.jpg","type":"image\/jpeg"}],"author":"Frederico Tadeu Borlot Peixoto","twitter_card":"summary_large_image","twitter_creator":"@EstratJuridica","twitter_site":"@EstratJuridica","twitter_misc":{"Escrito por":"Frederico Tadeu Borlot Peixoto","Est. tempo de leitura":"11 minutos"},"schema":{"@context":"https:\/\/schema.org","@graph":[{"@type":"NewsArticle","@id":"https:\/\/cj.estrategia.com\/portal\/stf-uso-algemas-menores\/#article","isPartOf":{"@id":"https:\/\/cj.estrategia.com\/portal\/stf-uso-algemas-menores\/"},"author":{"name":"Frederico Tadeu Borlot Peixoto","@id":"https:\/\/cj.estrategia.com\/portal\/#\/schema\/person\/74287401cf4654f4fa04e378de7261ec"},"headline":"STF e o uso de algemas em menores\u00a0","datePublished":"2024-07-03T17:00:00+00:00","mainEntityOfPage":{"@id":"https:\/\/cj.estrategia.com\/portal\/stf-uso-algemas-menores\/"},"wordCount":2105,"commentCount":0,"publisher":{"@id":"https:\/\/cj.estrategia.com\/portal\/#organization"},"image":{"@id":"https:\/\/cj.estrategia.com\/portal\/stf-uso-algemas-menores\/#primaryimage"},"thumbnailUrl":"https:\/\/cj.estrategia.com\/portal\/wp-content\/uploads\/2024\/05\/30170227\/middle-aged-man-spending-time-jail-scaled.jpg","articleSection":["Carreiras Jur\u00eddicas"],"inLanguage":"pt-BR","potentialAction":[{"@type":"CommentAction","name":"Comment","target":["https:\/\/cj.estrategia.com\/portal\/stf-uso-algemas-menores\/#respond"]}],"accessibilityFeature":["tableOfContents"]},{"@type":"WebPage","@id":"https:\/\/cj.estrategia.com\/portal\/stf-uso-algemas-menores\/","url":"https:\/\/cj.estrategia.com\/portal\/stf-uso-algemas-menores\/","name":"STF e o uso de algemas em menores\u00a0","isPartOf":{"@id":"https:\/\/cj.estrategia.com\/portal\/#website"},"primaryImageOfPage":{"@id":"https:\/\/cj.estrategia.com\/portal\/stf-uso-algemas-menores\/#primaryimage"},"image":{"@id":"https:\/\/cj.estrategia.com\/portal\/stf-uso-algemas-menores\/#primaryimage"},"thumbnailUrl":"https:\/\/cj.estrategia.com\/portal\/wp-content\/uploads\/2024\/05\/30170227\/middle-aged-man-spending-time-jail-scaled.jpg","datePublished":"2024-07-03T17:00:00+00:00","description":"Confira nosso resumo sobre o entendimento do Supremo Tribunal Federal (STF) e o uso de algemas em menores de idade.","breadcrumb":{"@id":"https:\/\/cj.estrategia.com\/portal\/stf-uso-algemas-menores\/#breadcrumb"},"inLanguage":"pt-BR","potentialAction":[{"@type":"ReadAction","target":["https:\/\/cj.estrategia.com\/portal\/stf-uso-algemas-menores\/"]}]},{"@type":"ImageObject","inLanguage":"pt-BR","@id":"https:\/\/cj.estrategia.com\/portal\/stf-uso-algemas-menores\/#primaryimage","url":"https:\/\/cj.estrategia.com\/portal\/wp-content\/uploads\/2024\/05\/30170227\/middle-aged-man-spending-time-jail-scaled.jpg","contentUrl":"https:\/\/cj.estrategia.com\/portal\/wp-content\/uploads\/2024\/05\/30170227\/middle-aged-man-spending-time-jail-scaled.jpg","width":2560,"height":1707},{"@type":"BreadcrumbList","@id":"https:\/\/cj.estrategia.com\/portal\/stf-uso-algemas-menores\/#breadcrumb","itemListElement":[{"@type":"ListItem","position":1,"name":"In\u00edcio","item":"https:\/\/cj.estrategia.com\/portal\/"},{"@type":"ListItem","position":2,"name":"STF e o uso de algemas em menores\u00a0"}]},{"@type":"WebSite","@id":"https:\/\/cj.estrategia.com\/portal\/#website","url":"https:\/\/cj.estrategia.com\/portal\/","name":"Blog - Carreiras Jur\u00eddicas - Estrat\u00e9gia","description":"","publisher":{"@id":"https:\/\/cj.estrategia.com\/portal\/#organization"},"potentialAction":[{"@type":"SearchAction","target":{"@type":"EntryPoint","urlTemplate":"https:\/\/cj.estrategia.com\/portal\/?s={search_term_string}"},"query-input":{"@type":"PropertyValueSpecification","valueRequired":true,"valueName":"search_term_string"}}],"inLanguage":"pt-BR"},{"@type":"Organization","@id":"https:\/\/cj.estrategia.com\/portal\/#organization","name":"Estrat\u00e9gia - Carreiras Jur\u00eddicas","url":"https:\/\/cj.estrategia.com\/portal\/","logo":{"@type":"ImageObject","inLanguage":"pt-BR","@id":"https:\/\/cj.estrategia.com\/portal\/#\/schema\/logo\/image\/","url":"https:\/\/cj.estrategia.com\/portal\/wp-content\/uploads\/2022\/03\/11151052\/cj-logo.png","contentUrl":"https:\/\/cj.estrategia.com\/portal\/wp-content\/uploads\/2022\/03\/11151052\/cj-logo.png","width":150,"height":39,"caption":"Estrat\u00e9gia - Carreiras Jur\u00eddicas"},"image":{"@id":"https:\/\/cj.estrategia.com\/portal\/#\/schema\/logo\/image\/"},"sameAs":["https:\/\/www.facebook.com\/estrategiacarreirajuridica\/","https:\/\/x.com\/EstratJuridica","https:\/\/www.instagram.com\/estrategiacarreirajuridica\/","https:\/\/www.youtube.com\/channel\/UClbMGuYbj2Mh1m3w144ETWQ"]},{"@type":"Person","@id":"https:\/\/cj.estrategia.com\/portal\/#\/schema\/person\/74287401cf4654f4fa04e378de7261ec","name":"Frederico Tadeu Borlot Peixoto","image":{"@type":"ImageObject","inLanguage":"pt-BR","@id":"https:\/\/cj.estrategia.com\/portal\/wp-content\/uploads\/2023\/06\/29094204\/GBAY0702-96x96.jpg","url":"https:\/\/cj.estrategia.com\/portal\/wp-content\/uploads\/2023\/06\/29094204\/GBAY0702-96x96.jpg","contentUrl":"https:\/\/cj.estrategia.com\/portal\/wp-content\/uploads\/2023\/06\/29094204\/GBAY0702-96x96.jpg","caption":"Frederico Tadeu Borlot Peixoto"},"description":"Analista Judici\u00e1rio - \u00c1rea Judici\u00e1ria do TRF da 4\u00aa regi\u00e3o. Bacharel em Direito. P\u00f3s-graduado em Direito Administrativo, Legisla\u00e7\u00e3o Penal Especial, Direito Penal e Direito Processual Penal. Tamb\u00e9m nomeado no TRF da 3\u00aa regi\u00e3o (8\u00ba lugar); SPPREV (3\u00ba lugar); IFES (2\u00ba lugar); e PMES. https:\/\/www.instagram.com\/proffrederico\/","sameAs":["https:\/\/www.instagram.com\/proffrederico\/"],"url":"https:\/\/cj.estrategia.com\/portal\/author\/xfrederico\/"}]}},"jetpack_featured_media_url":"https:\/\/cj.estrategia.com\/portal\/wp-content\/uploads\/2024\/05\/30170227\/middle-aged-man-spending-time-jail-scaled.jpg","jetpack_sharing_enabled":true,"_links":{"self":[{"href":"https:\/\/cj.estrategia.com\/portal\/wp-json\/wp\/v2\/posts\/64652","targetHints":{"allow":["GET"]}}],"collection":[{"href":"https:\/\/cj.estrategia.com\/portal\/wp-json\/wp\/v2\/posts"}],"about":[{"href":"https:\/\/cj.estrategia.com\/portal\/wp-json\/wp\/v2\/types\/post"}],"author":[{"embeddable":true,"href":"https:\/\/cj.estrategia.com\/portal\/wp-json\/wp\/v2\/users\/39"}],"replies":[{"embeddable":true,"href":"https:\/\/cj.estrategia.com\/portal\/wp-json\/wp\/v2\/comments?post=64652"}],"version-history":[{"count":0,"href":"https:\/\/cj.estrategia.com\/portal\/wp-json\/wp\/v2\/posts\/64652\/revisions"}],"wp:featuredmedia":[{"embeddable":true,"href":"https:\/\/cj.estrategia.com\/portal\/wp-json\/wp\/v2\/media\/64664"}],"wp:attachment":[{"href":"https:\/\/cj.estrategia.com\/portal\/wp-json\/wp\/v2\/media?parent=64652"}],"wp:term":[{"taxonomy":"category","embeddable":true,"href":"https:\/\/cj.estrategia.com\/portal\/wp-json\/wp\/v2\/categories?post=64652"},{"taxonomy":"post_tag","embeddable":true,"href":"https:\/\/cj.estrategia.com\/portal\/wp-json\/wp\/v2\/tags?post=64652"},{"taxonomy":"tax_estado","embeddable":true,"href":"https:\/\/cj.estrategia.com\/portal\/wp-json\/wp\/v2\/tax_estado?post=64652"}],"curies":[{"name":"wp","href":"https:\/\/api.w.org\/{rel}","templated":true}]}}