{"id":64324,"date":"2024-06-27T14:00:00","date_gmt":"2024-06-27T17:00:00","guid":{"rendered":"https:\/\/cj.estrategia.com\/portal\/?p=64324"},"modified":"2024-06-03T22:02:40","modified_gmt":"2024-06-04T01:02:40","slug":"crime-alteracao-produtos-medicinais","status":"publish","type":"post","link":"https:\/\/cj.estrategia.com\/portal\/crime-alteracao-produtos-medicinais\/","title":{"rendered":"Crime de altera\u00e7\u00e3o de produtos medicinais ou terap\u00eauticos"},"content":{"rendered":"<div class=\"wp-block-image\">\n<figure class=\"aligncenter size-large is-resized\"><img decoding=\"async\" width=\"1024\" height=\"683\" src=\"https:\/\/cj.estrategia.com\/portal\/wp-content\/uploads\/2024\/05\/28071010\/top-view-pills-cure-1024x683.jpg\" alt=\"Crime de altera\u00e7\u00e3o de produtos medicinais ou terap\u00eauticos\" class=\"wp-image-64325\" style=\"width:576px;height:auto\" srcset=\"https:\/\/cj.estrategia.com\/portal\/wp-content\/uploads\/2024\/05\/28071010\/top-view-pills-cure-1024x683.jpg 1024w, https:\/\/cj.estrategia.com\/portal\/wp-content\/uploads\/2024\/05\/28071010\/top-view-pills-cure-300x200.jpg 300w, https:\/\/cj.estrategia.com\/portal\/wp-content\/uploads\/2024\/05\/28071010\/top-view-pills-cure-768x512.jpg 768w, https:\/\/cj.estrategia.com\/portal\/wp-content\/uploads\/2024\/05\/28071010\/top-view-pills-cure-1536x1024.jpg 1536w, https:\/\/cj.estrategia.com\/portal\/wp-content\/uploads\/2024\/05\/28071010\/top-view-pills-cure-2048x1365.jpg 2048w, https:\/\/cj.estrategia.com\/portal\/wp-content\/uploads\/2024\/05\/28071010\/top-view-pills-cure-380x253.jpg 380w, https:\/\/cj.estrategia.com\/portal\/wp-content\/uploads\/2024\/05\/28071010\/top-view-pills-cure-800x533.jpg 800w, https:\/\/cj.estrategia.com\/portal\/wp-content\/uploads\/2024\/05\/28071010\/top-view-pills-cure-1160x773.jpg 1160w, https:\/\/cj.estrategia.com\/portal\/wp-content\/uploads\/2024\/05\/28071010\/top-view-pills-cure-150x100.jpg 150w, https:\/\/cj.estrategia.com\/portal\/wp-content\/uploads\/2024\/05\/28071010\/top-view-pills-cure-scaled.jpg 2560w\" sizes=\"(max-width: 1024px) 100vw, 1024px\" \/><figcaption class=\"wp-element-caption\">Crime de altera\u00e7\u00e3o de produtos medicinais ou terap\u00eauticos<\/figcaption><\/figure>\n<\/div>\n\n\n<p>Fala, pessoal, tudo certo? Hoje faremos um breve resumo sobre o crime de falsifica\u00e7\u00e3o, corrup\u00e7\u00e3o, adultera\u00e7\u00e3o ou altera\u00e7\u00e3o de produto destinado a fins terap\u00eauticos ou medicinais, destacando, inclusive, entendimento jurisprudencial pertinente ao tema.<\/p>\n\n\n\n<p>Desse modo, teceremos algumas considera\u00e7\u00f5es iniciais sobre a previs\u00e3o legal e a conduta tipificada como crime de falsifica\u00e7\u00e3o, corrup\u00e7\u00e3o, adultera\u00e7\u00e3o ou altera\u00e7\u00e3o de produto destinado a fins terap\u00eauticos ou medicinais, analisando, ainda, a defini\u00e7\u00e3o doutrin\u00e1ria de cada um desses termos.<\/p>\n\n\n\n<p>Na sequ\u00eancia, falaremos tanto das condutas equiparadas (quando ent\u00e3o destacaremos o julgamento do Tema de Repercuss\u00e3o Geral n\u00ba 1.003 pelo STF) quanto da\u00a0consuma\u00e7\u00e3o, tentativa e a\u00e7\u00e3o penal.<\/p>\n\n\n\n<p>Tamb\u00e9m trataremos da modalidade culposa e da causa de aumento de pena.\u00a0<\/p>\n\n\n\n<p>Por fim, comentaremos a pena cominada (preceito secund\u00e1rio) para as condutas tipificadas pelo artigo 273 do C\u00f3digo Penal, analisando a aplica\u00e7\u00e3o de alguns institutos de direito penal e processual penal.<\/p>\n\n\n\n<p>Vamos ao que interessa!<\/p>\n\n\n\n<div class=\"wp-block-yoast-seo-table-of-contents yoast-table-of-contents\"><h2 id=\"sumario\"><mark style=\"background-color:rgba(0, 0, 0, 0)\" class=\"has-inline-color has-luminous-vivid-orange-color\">Sum\u00e1rio<\/mark><\/h2><ul><li><a href=\"#h-crime-de-falsificacao-corrupcao-adulteracao-ou-alteracao-de-produto-destinado-a-fins-terapeuticos-ou-medicinais\" data-level=\"2\">Crime de falsifica\u00e7\u00e3o, corrup\u00e7\u00e3o, adultera\u00e7\u00e3o ou altera\u00e7\u00e3o de produto destinado a fins terap\u00eauticos ou medicinais<\/a><ul><li><a href=\"#h-previsao-legal-e-conduta-tipificada-nbsp\" data-level=\"3\">Previs\u00e3o legal e conduta tipificada\u00a0<\/a><\/li><li><a href=\"#h-condutas-equiparadas\" data-level=\"3\">Condutas equiparadas<\/a><\/li><li><a href=\"#h-consumacao-tentativa-e-acao-penal-no-crime-em-estudo\" data-level=\"3\">Consuma\u00e7\u00e3o, tentativa e a\u00e7\u00e3o penal no crime em estudo<\/a><\/li><li><a href=\"#h-modalidade-culposa-e-causa-de-aumento-de-pena\" data-level=\"3\">Modalidade culposa e causa de aumento de pena<\/a><\/li><li><a href=\"#h-pena-cominada-para-o-crime-de-falsificacao-corrupcao-adulteracao-ou-alteracao-de-produto-destinado-a-fins-terapeuticos-ou-medicinais\" data-level=\"3\">Pena cominada para o crime de falsifica\u00e7\u00e3o, corrup\u00e7\u00e3o, adultera\u00e7\u00e3o ou altera\u00e7\u00e3o de produto destinado a fins terap\u00eauticos ou medicinais<\/a><ul><li><a href=\"#h-pena-do-caput-1\u00ba-e-1\u00ba-b\" data-level=\"4\">Pena do caput , \u00a7 1\u00ba e \u00a7 1\u00ba-B<\/a><\/li><li><a href=\"#h-pena-do-1\u00ba-b-inciso-i-e-2\u00ba\" data-level=\"4\">Pena do \u00a7 1\u00ba-B, inciso I, e \u00a7 2\u00ba<\/a><\/li><\/ul><\/li><\/ul><\/li><li><a href=\"#h-conclusao\" data-level=\"2\">Conclus\u00e3o<\/a><\/li><li><a href=\"#cursos-ficha\" data-level=\"2\">Quer estudar para Concursos de Delegado 2024?<\/a><\/li><\/ul><\/div>\n\n\n\n<h2 class=\"wp-block-heading has-luminous-vivid-orange-color has-text-color has-link-color wp-elements-88d4b68ac51d55e2134aa4f39e2b792e\" id=\"h-crime-de-falsificacao-corrupcao-adulteracao-ou-alteracao-de-produto-destinado-a-fins-terapeuticos-ou-medicinais\"><span id=\"crime-de-falsificacao-corrupcao-adulteracao-ou-alteracao-de-produto-destinado-a-fins-terapeuticos-ou-medicinais\">Crime de falsifica\u00e7\u00e3o, corrup\u00e7\u00e3o, adultera\u00e7\u00e3o ou altera\u00e7\u00e3o de produto destinado a fins terap\u00eauticos ou medicinais<\/span><\/h2>\n\n\n\n<h3 class=\"wp-block-heading has-luminous-vivid-orange-color has-text-color has-link-color wp-elements-13abc820151ea8883ea0054eef5d811b\" id=\"h-previsao-legal-e-conduta-tipificada-nbsp\"><span id=\"previsao-legal-e-conduta-tipificada\">Previs\u00e3o legal e conduta tipificada\u00a0<\/span><\/h3>\n\n\n\n<p>De in\u00edcio, aponta-se que o crime de falsifica\u00e7\u00e3o, corrup\u00e7\u00e3o, adultera\u00e7\u00e3o ou altera\u00e7\u00e3o de produto destinado a fins terap\u00eauticos ou medicinais est\u00e1 previsto no artigo 273 do C\u00f3digo Penal.<\/p>\n\n\n\n<p>O dispositivo comina como crime aquele que pratica qualquer um dos n\u00facleos do tipo (qualquer dos verbos previstos no dispositivo) a seguir:<\/p>\n\n\n\n<blockquote class=\"wp-block-quote has-small-font-size is-layout-flow wp-block-quote-is-layout-flow\">\n<p>Art. 273 \u2013 Falsificar, corromper, adulterar ou alterar produto destinado a fins terap\u00eauticos ou medicinais:\u00a0<\/p>\n\n\n\n<p>Pena \u2013 reclus\u00e3o, de 10 (dez) a 15 (quinze) anos, e multa.<\/p>\n<\/blockquote>\n\n\n\n<p>Portanto, nota-se que se trata de infra\u00e7\u00e3o penal que pune aquele que atenta sobretudo contra a sa\u00fade p\u00fablica.<\/p>\n\n\n\n<p>Tanto \u00e9 assim que Rog\u00e9rio Sanches Cunha destaca que o <strong>bem jur\u00eddico protegido<\/strong> por esse dispositivo <strong>\u00e9 a incolumidade p\u00fablica<\/strong>.\u00a0<\/p>\n\n\n\n<p>O autor ainda leciona que, com a Lei n. 9.696\/1998, esse crime passou a ser rotulado de <strong>crime hediondo<\/strong> (salvo a modalidade culposa), sofrendo, portanto, todos os consect\u00e1rios previstos na Lei n. 8.072\/1990.<\/p>\n\n\n\n<p>Al\u00e9m disso, valendo-nos das li\u00e7\u00f5es de Cunha, o crime do <em>caput<\/em> pode se caracterizar:<\/p>\n\n\n\n<ol class=\"wp-block-list\">\n<li><strong>Falsificar:<\/strong> conferir apar\u00eancia enganadora;<\/li>\n\n\n\n<li><strong>Corromper:<\/strong> deteriorar, adulterar;<\/li>\n\n\n\n<li><strong>Adulterar:<\/strong> modificar para pior, defraudar;<\/li>\n\n\n\n<li><strong>Alterar: <\/strong>modificar de qualquer forma.<\/li>\n<\/ol>\n\n\n\n<p>J\u00e1 no que diz respeito ao conceito de <em>\u201cproduto destinado a fins terap\u00eauticos ou medicinais\u201d<\/em>, tem-se que o \u00a71\u00aa-A do artigo 273 do CP afirma que se incluem entre esses produtos os <strong>medicamentos, as mat\u00e9rias-primas, os insumos farmac\u00eauticos, os cosm\u00e9ticos, os saneantes e os de uso em diagn\u00f3stico.\u00a0<\/strong><\/p>\n\n\n\n<p>Desse modo, para Rog\u00e9rio Sanches Cunha:<\/p>\n\n\n\n<ul class=\"wp-block-list\">\n<li>Os <strong>medicamentos <\/strong>s\u00e3o as subst\u00e2ncias utilizadas no tratamento de enfermidade;<\/li>\n<\/ul>\n\n\n\n<ul class=\"wp-block-list\">\n<li>As <strong>mat\u00e9rias-primas<\/strong> s\u00e3o as subst\u00e2ncias a partir das quais se fabricam os medicamentos;<\/li>\n<\/ul>\n\n\n\n<ul class=\"wp-block-list\">\n<li>Os <strong>insumos farmac\u00eauticos<\/strong> s\u00e3o os outros componentes da produ\u00e7\u00e3o dos medicamentos;<\/li>\n<\/ul>\n\n\n\n<ul class=\"wp-block-list\">\n<li>Os <strong>cosm\u00e9ticos<\/strong> s\u00e3o os produtos destinados a manter ou melhor a apar\u00eancia. No mesmo sentido, Rog\u00e9rio Greco leciona que s\u00e3o os produtos destinados \u00e0 limpeza, conserva\u00e7\u00e3o e maquiagem da pele;<\/li>\n<\/ul>\n\n\n\n<ul class=\"wp-block-list\">\n<li>Os <strong>saneantes<\/strong> s\u00e3o os produtos purificadores, desinfetantes; e<\/li>\n<\/ul>\n\n\n\n<ul class=\"wp-block-list\">\n<li>Os de <strong>uso em diagn\u00f3stico<\/strong> s\u00e3o aqueles utilizados para a busca da cura e da causa da afec\u00e7\u00e3o.<\/li>\n<\/ul>\n\n\n\n<p>\u00c9 importante destacar que parte da doutrina critica fortemente a inclus\u00e3o dos \u201c<strong>cosm\u00e9ticos<\/strong>\u201d dentre os produtos que podem ser objeto do delito em estudo.<\/p>\n\n\n\n<p>Isso porque, de acordo com essa parcela (representada, por exemplo, por Rog\u00e9rio Greco e Alberto Silva Franco), <strong>haveria ofensa aos princ\u00edpios da ofensividade e da proporcionalidade,<\/strong> sobretudo em raz\u00e3o de a pena comina (reclus\u00e3o, de 10 a 15 anos) ser alta.\u00a0<\/p>\n\n\n\n<p>Rog\u00e9rio Sanches Cunha, adotando solu\u00e7\u00e3o objetiva para a tem\u00e1tica, com a qual concordamos, prop\u00f5e o seguinte racioc\u00ednio: se o cosm\u00e9tico (ou saneante) tiver fim terap\u00eautico ou medicinal, a equipara\u00e7\u00e3o se justifica; se apenas visar o embelezamento (ou purifica\u00e7\u00e3o do ambiente), n\u00e3o.<\/p>\n\n\n\n<h3 class=\"wp-block-heading has-luminous-vivid-orange-color has-text-color has-link-color wp-elements-202b0c227bddf592428edb0a16f33ee7\" id=\"h-condutas-equiparadas\"><span id=\"condutas-equiparadas\">Condutas equiparadas<\/span><\/h3>\n\n\n\n<p>Ao ler o artigo 273 do C\u00f3digo Penal em sua completude, verifica-se que, para al\u00e9m do <em>caput<\/em>, h\u00e1 outras diversas condutas que incorrem na mesma pena. S\u00e3o as chamadas condutas equiparadas. Vamos v\u00ea-las:<\/p>\n\n\n\n<blockquote class=\"wp-block-quote is-layout-flow wp-block-quote-is-layout-flow\">\n<p class=\"has-small-font-size\">\u00a7 1\u00ba \u2013 Nas mesmas penas incorre quem importa, vende, exp\u00f5e \u00e0 venda, tem em dep\u00f3sito para vender ou, de qualquer forma, distribui ou entrega a consumo o produto falsificado, corrompido, adulterado ou alterado.<\/p>\n\n\n\n<p class=\"has-small-font-size\">(\u2026)<\/p>\n\n\n\n<p class=\"has-small-font-size\">\u00a7 1\u00ba-B \u2013 Est\u00e1 sujeito \u00e0s penas deste artigo quem pratica as a\u00e7\u00f5es previstas no \u00a7 1\u00ba em rela\u00e7\u00e3o a produtos em qualquer das seguintes condi\u00e7\u00f5es:\u00a0<\/p>\n\n\n\n<p class=\"has-small-font-size\"><s>I \u2013 sem registro, quando exig\u00edvel, no \u00f3rg\u00e3o de vigil\u00e2ncia sanit\u00e1ria competente;<\/s><strong> [Ver explica\u00e7\u00e3o abaixo]<\/strong><\/p>\n\n\n\n<p class=\"has-small-font-size\">II \u2013 em desacordo com a f\u00f3rmula constante do registro previsto no inciso anterior;\u00a0<\/p>\n\n\n\n<p class=\"has-small-font-size\">III \u2013 sem as caracter\u00edsticas de identidade e qualidade admitidas para a sua comercializa\u00e7\u00e3o;\u00a0<\/p>\n\n\n\n<p class=\"has-small-font-size\">IV \u2013 com redu\u00e7\u00e3o de seu valor terap\u00eautico ou de sua atividade;<\/p>\n\n\n\n<p class=\"has-small-font-size\">V \u2013 de proced\u00eancia ignorada;\u00a0<\/p>\n\n\n\n<p class=\"has-small-font-size\">VI \u2013 adquiridos de estabelecimento sem licen\u00e7a da autoridade sanit\u00e1ria competente.\u00a0<\/p>\n<\/blockquote>\n\n\n\n<p>Portanto, a conduta equiparada constante do \u00a7 1\u00ba nada mais \u00e9 do que a \u201ccontinuidade\u201d do crime do <em>caput<\/em>.\u00a0<\/p>\n\n\n\n<p>Ou seja, para o legislador, n\u00e3o bastava punir quem <em>falsifica, corrompe, adultera <\/em>ou <em>altera<\/em> o produto destinado a fins terap\u00eauticos ou medicinais. <strong>\u00c9 necess\u00e1rio, inclusive, punir quem d\u00e1 seguimento a esses produtos e os leva at\u00e9 os consumidores <\/strong>(sujeitos passivos secund\u00e1rios do delito).<\/p>\n\n\n\n<p>O STF, no julgamento do <a href=\"https:\/\/portal.stf.jus.br\/jurisprudenciaRepercussao\/verAndamentoProcesso.asp?incidente=5006518&numeroProcesso=979962&classeProcesso=RE&numeroTema=1003\" target=\"_blank\" >Tema de Repercuss\u00e3o Geral n\u00ba 1.003<\/a>, firmou Tese no sentido de que <strong>\u00e9 inconstitucional a aplica\u00e7\u00e3o da pena de reclus\u00e3o, de 10 a 15 anos, e multa, \u00e0 hip\u00f3tese prevista no seu \u00a7 1\u00ba-B, inciso I,<\/strong> que versa sobre importar, vender, expor \u00e0 venda, ter em dep\u00f3sito para vender ou, de qualquer forma, distribuir ou entregar produto sem registro no \u00f3rg\u00e3o de vigil\u00e2ncia sanit\u00e1ria.\u00a0<\/p>\n\n\n\n<p>Assim, para estas situa\u00e7\u00f5es espec\u00edficas, fica repristinado o preceito secund\u00e1rio do art. 273, na sua reda\u00e7\u00e3o origin\u00e1ria (reclus\u00e3o, de 1 a 3 anos, e multa).<\/p>\n\n\n\n<p>Isso porque, para o Supremo, <strong>o dispositivo seria desproporcional <\/strong>ao punir o com\u00e9rcio de medicamentos sem registro administrativo do mesmo modo que a falsifica\u00e7\u00e3o desses rem\u00e9dios (CP, art. 273, caput), e mais severamente do que o tr\u00e1fico de drogas (Lei n\u00ba 11.343\/2006, art. 33), o estupro de vulner\u00e1vel (CP, art. 217-A), a extors\u00e3o mediante sequestro (CP, art. 159) e a tortura seguida de morte (Lei n\u00ba 9.455\/1997, art. 1\u00ba, \u00a7 3\u00ba).<\/p>\n\n\n\n<h3 class=\"wp-block-heading has-luminous-vivid-orange-color has-text-color has-link-color wp-elements-295c60f6e6d86ebcb0effc44e8b42533\" id=\"h-consumacao-tentativa-e-acao-penal-no-crime-em-estudo\"><span id=\"consumacao-tentativa-e-acao-penal-no-crime-em-estudo\">Consuma\u00e7\u00e3o, tentativa e a\u00e7\u00e3o penal no crime em estudo<\/span><\/h3>\n\n\n\n<p>Iniciando pelo crime do <strong>artigo 1\u00ba-B, inciso I,<\/strong> o <a href=\"https:\/\/processo.stj.jus.br\/SCON\/GetInteiroTeorDoAcordao?num_registro=201801837100&dt_publicacao=08\/10\/2018\" target=\"_blank\" >STJ entende<\/a> que <strong>\u00e9 suficiente<\/strong>, para sua caracteriza\u00e7\u00e3o, evid\u00eancia de que o medicamento, objeto de difus\u00e3o, <strong>n\u00e3o tem registro na <\/strong>Ag\u00eancia Nacional de Vigil\u00e2ncia Sanit\u00e1ria \u2013 <strong>ANVISA<\/strong>.\u00a0<\/p>\n\n\n\n<p>Igualmente, no que se refere \u00e0 comprova\u00e7\u00e3o da materialidade delitiva, <strong>o <\/strong><a href=\"https:\/\/processo.stj.jus.br\/SCON\/GetInteiroTeorDoAcordao?num_registro=201801415481&dt_publicacao=16\/04\/2019\" target=\"_blank\" ><strong>STJ entende<\/strong><\/a><strong> ser dispens\u00e1vel a confec\u00e7\u00e3o de laudo pericial <\/strong>para os crimes do artigo 273, <strong>\u00a7 1\u00ba-B, incisos III e V<\/strong>.<\/p>\n\n\n\n<p>No mais, para o Tribunal, <strong>os tipos penais<\/strong> de falsifica\u00e7\u00e3o, corrup\u00e7\u00e3o, adultera\u00e7\u00e3o ou altera\u00e7\u00e3o de produto destinado a fins terap\u00eauticos ou medicinais, <strong>cujo bem jur\u00eddico tutelado \u00e9 a sa\u00fade p\u00fablica, s\u00e3o de perigo abstrato<\/strong>, os quais <strong>n\u00e3o exigem a comprova\u00e7\u00e3o de risco efetivo decorrente da utiliza\u00e7\u00e3o indevida<\/strong> do produto falsificado, corrompido, adulterado ou alterado.<\/p>\n\n\n\n<p>Portanto, no <a href=\"https:\/\/processo.stj.jus.br\/SCON\/GetInteiroTeorDoAcordao?num_registro=201600745405&dt_publicacao=25\/09\/2018\" target=\"_blank\" >REsp 1588185\/PE<\/a>, entendeu-se que, para a configura\u00e7\u00e3o do delito do art. 273 do C\u00f3digo Penal, <strong>basta a comprova\u00e7\u00e3o de que a aquisi\u00e7\u00e3o da subst\u00e2ncia ou do produto ocorreu de forma clandestina, tal como na esp\u00e9cie, impossibilitando a averigua\u00e7\u00e3o acerca da seguran\u00e7a e da efic\u00e1cia da subst\u00e2ncia<\/strong> (no caso, da toxina botul\u00ednica do tipo \u201cA\u201d, vendida sob o nome comercial Fine Tox).<\/p>\n\n\n\n<p>J\u00e1 no que tange \u00e0 <strong>tentativa<\/strong>, Sanches Cunha leciona que, embora poss\u00edvel, \u00e9 de dif\u00edcil configura\u00e7\u00e3o, j\u00e1 que a mera manuten\u00e7\u00e3o em dep\u00f3sito configura o crime consumado. Portanto, somente na modalidade de importar \u00e9 que a tentativa se afigura mais prov\u00e1vel.<\/p>\n\n\n\n<p>Por fim, destaca-se que a <strong>a\u00e7\u00e3o penal<\/strong> \u00e9 p\u00fablica incondicionada, \u00e0 vista da aus\u00eancia de especifica\u00e7\u00e3o legal.<\/p>\n\n\n\n<h3 class=\"wp-block-heading has-luminous-vivid-orange-color has-text-color has-link-color wp-elements-65956bb4a48b27e9b92fe410e4f14b66\" id=\"h-modalidade-culposa-e-causa-de-aumento-de-pena\"><span id=\"modalidade-culposa-e-causa-de-aumento-de-pena\">Modalidade culposa e causa de aumento de pena<\/span><\/h3>\n\n\n\n<p>O \u00a7 2\u00ba do artigo 273 prev\u00ea a modalidade culposa do delito em quest\u00e3o, afirma que, para esses casos, a pena \u00e9 a de <strong>deten\u00e7\u00e3o, de 01 a 03 anos e multa<\/strong>.<\/p>\n\n\n\n<p>No entanto, Rog\u00e9rio Sanches Cunha, da mesma forma que aponta para o delito previsto no artigo anterior (artigo 272 do CP), h\u00e1 diverg\u00eancia na doutrina sobre se o comportamento de <strong>falsificar<\/strong> pode ser praticado mediante imprud\u00eancia, neglig\u00eancia ou imper\u00edcia.<\/p>\n\n\n\n<p>J\u00e1 no que diz respeito \u00e0 <strong>causa de aumento de pena<\/strong>, por for\u00e7a do artigo 285 do CP, aplica-se aquela prevista no artigo 258 do mesmo C\u00f3digo:<\/p>\n\n\n\n<blockquote class=\"wp-block-quote is-layout-flow wp-block-quote-is-layout-flow\">\n<p class=\"has-small-font-size\"><strong>Formas qualificadas de crime de perigo comum<\/strong><\/p>\n\n\n\n<p class=\"has-small-font-size\">Art. 258 \u2013 Se do crime doloso de perigo comum resulta<strong> les\u00e3o corporal de natureza grave,<\/strong> a pena privativa de liberdade \u00e9<strong> aumentada de metade<\/strong>; <strong>se resulta morte, \u00e9 aplicada em dobro<\/strong>. No caso de <strong>culpa<\/strong>, se do fato resulta <strong>les\u00e3o corporal<\/strong>, a pena aumenta-se de <strong>metade<\/strong>; se resulta <strong>morte<\/strong>, aplica-se a pena cominada ao <strong>homic\u00eddio culposo, aumentada de um ter\u00e7o<\/strong>.<\/p>\n<\/blockquote>\n\n\n\n<p>Neste momento, \u00e9 oportuno lembrar que a majorante, diferentemente do que ocorre para as circunst\u00e2ncias agravantes (artigo 61 do CP), pode fazer com que a pena aplicada supere o limite m\u00e1ximo cominado para o delito.<\/p>\n\n\n\n<h3 class=\"wp-block-heading has-luminous-vivid-orange-color has-text-color has-link-color wp-elements-6c8cb4b0e90f65b0b18c8952fc923626\" id=\"h-pena-cominada-para-o-crime-de-falsificacao-corrupcao-adulteracao-ou-alteracao-de-produto-destinado-a-fins-terapeuticos-ou-medicinais\"><span id=\"pena-cominada-para-o-crime-de-falsificacao-corrupcao-adulteracao-ou-alteracao-de-produto-destinado-a-fins-terapeuticos-ou-medicinais\">Pena cominada para o crime de falsifica\u00e7\u00e3o, corrup\u00e7\u00e3o, adultera\u00e7\u00e3o ou altera\u00e7\u00e3o de produto destinado a fins terap\u00eauticos ou medicinais<\/span><\/h3>\n\n\n\n<h4 class=\"wp-block-heading has-luminous-vivid-orange-color has-text-color has-link-color wp-elements-32c571d0370b4bb373ca657bf75efbc7\" id=\"h-pena-do-caput-1\u00ba-e-1\u00ba-b\"><span id=\"pena-do-caput-%c2%a7-1o-e-%c2%a7-1o-b\">Pena do <em>caput<\/em>, \u00a7 1\u00ba e \u00a7 1\u00ba-B<\/span><\/h4>\n\n\n\n<p>Analisando a pena cominada para o crime de altera\u00e7\u00e3o de produtos medicinais ou terap\u00eauticos, verifica-se que \u00e9 a de <strong>reclus\u00e3o, de 10 a 15 anos, e multa.<\/strong><\/p>\n\n\n\n<p>Nota-se que, tratando-se de crime apenado com reclus\u00e3o, o <strong>regime inicial<\/strong>, em tese, pode ser <strong>fechado<\/strong>, nos termos do <a href=\"https:\/\/www.planalto.gov.br\/ccivil_03\/decreto-lei\/del2848compilado.htm#:~:text=A%20pena%20de%20reclus%C3%A3o%20deve%20ser%20cumprida%20em%20regime%20fechado%2C%20semi%2Daberto%20ou%20aberto\" target=\"_blank\" >artigo 33 do C\u00f3digo Penal<\/a>.<\/p>\n\n\n\n<p>Al\u00e9m disso, cominando a lei pena m\u00e1xima superior a 02 anos, <strong>n\u00e3o \u00e9 poss\u00edvel <\/strong>a utiliza\u00e7\u00e3o do benef\u00edcio da <strong>transa\u00e7\u00e3o penal<\/strong>, prevista no <a href=\"https:\/\/www.planalto.gov.br\/ccivil_03\/leis\/l9099.htm#:~:text=o%20Minist%C3%A9rio%20P%C3%BAblico%20poder%C3%A1%20propor%20a%20aplica%C3%A7%C3%A3o%20imediata%20de%20pena%20restritiva%20de%20direitos%20ou%20multas%2C%20a%20ser%20especificada%20na%20proposta.\" target=\"_blank\" >artigo 76 da Lei 9.099\/1995<\/a> (Lei dos Juizados Especiais).<\/p>\n\n\n\n<p>Ainda, por possuir pena m\u00ednima superior a 01 ano, tamb\u00e9m <strong>n\u00e3o se pode aplicar<\/strong>, em favor do agente ativo, a <strong>suspens\u00e3o condicional do processo (\u201csursis processual\u201d)<\/strong>, nos termos do <a href=\"https:\/\/www.planalto.gov.br\/ccivil_03\/leis\/l9099.htm#:~:text=Nos%20crimes%20em%20que%20a%20pena%20m%C3%ADnima%20cominada%20for%20igual%20ou%20inferior%20a%20um%20ano\" target=\"_blank\" >artigo 89 da Lei 9.099\/1995<\/a>.\u00a0<\/p>\n\n\n\n<p>Outrossim, o acordo de n\u00e3o persecu\u00e7\u00e3o penal (ANPP) tamb\u00e9m n\u00e3o \u00e9 cab\u00edvel neste caso, haja vista que, para al\u00e9m dos demais requisitos do <a href=\"https:\/\/www.planalto.gov.br\/ccivil_03\/decreto-lei\/del3689.htm#:~:text=o%20Minist%C3%A9rio%20P%C3%BAblico%20poder%C3%A1%20propor%20acordo%20de%20n%C3%A3o%20persecu%C3%A7%C3%A3o%20penal\" target=\"_blank\" >artigo 28-A do C\u00f3digo de Processo Penal<\/a>, o delito n\u00e3o possui pena m\u00ednima inferior a 04 anos.<\/p>\n\n\n\n<h4 class=\"wp-block-heading has-luminous-vivid-orange-color has-text-color has-link-color wp-elements-449c48937a6b9bdb43ed6368892babff\" id=\"h-pena-do-1\u00ba-b-inciso-i-e-2\u00ba\"><span id=\"pena-do-%c2%a7-1o-b-inciso-i-e-%c2%a7-2o\">Pena do \u00a7 1\u00ba-B, inciso I, e \u00a7 2\u00ba<\/span><\/h4>\n\n\n\n<p>Como vimos, para o inciso I do \u00a7 1\u00ba-B do artigo 273 fica repristinado o preceito secund\u00e1rio do art. 273, na sua reda\u00e7\u00e3o origin\u00e1ria (<strong>reclus\u00e3o, de 1 a 3 anos, e multa<\/strong>).<\/p>\n\n\n\n<p>Para a modalidade culposa em geral, a pena \u00e9 de <strong>deten\u00e7\u00e3o, de 1 a 3 anos, e multa<\/strong>.<\/p>\n\n\n\n<p>Nesses casos, na esteira do que falamos acima, h\u00e1 possibilidade de utiliza\u00e7\u00e3o tanto do \u201csursis processual\u201d quanto do ANPP, desde que cumpridos os demais requisitos para uso desses institutos despenalizadores.<\/p>\n\n\n\n<h2 class=\"wp-block-heading has-luminous-vivid-orange-color has-text-color has-link-color wp-elements-b4c837a85862756d467441dbf77c028b\" id=\"h-conclusao\"><span id=\"conclusao\">Conclus\u00e3o<\/span><\/h2>\n\n\n\n<p>Portanto, pessoal, esse foi nosso breve resumo sobre o crime de falsifica\u00e7\u00e3o, corrup\u00e7\u00e3o, adultera\u00e7\u00e3o ou altera\u00e7\u00e3o de produto destinado a fins terap\u00eauticos ou medicinais, destacando, inclusive, entendimento jurisprudencial pertinente ao tema.<\/p>\n\n\n\n<p>Vimos que o crime de altera\u00e7\u00e3o de produtos medicinais ou terap\u00eauticos pode se consumar por diversas condutas previstas no <em>caput<\/em> do artigo 273 e, de forma equiparada, nos \u00a7 1\u00ba e \u00a7 1\u00ba-B do mesmo dispositivo legal.<\/p>\n\n\n\n<p>Al\u00e9m disso, a jurisprud\u00eancia do STF \u00e9 no sentido de que \u00e9 inconstitucional a aplica\u00e7\u00e3o da pena de reclus\u00e3o, de 10 a 15 anos, e multa, \u00e0 hip\u00f3tese prevista no \u00a7 1\u00ba-B, inciso I, devendo ser repristinado o preceito secund\u00e1rio do art. 273, na sua reda\u00e7\u00e3o origin\u00e1ria (reclus\u00e3o, de 1 a 3 anos, e multa).<\/p>\n\n\n\n<p>At\u00e9 a pr\u00f3xima!<\/p>\n\n\n\n<h2 class=\"wp-block-heading has-text-align-center\" id=\"cursos-ficha\"><span id=\"quer-estudar-para-concursos-de-delegado-2024\">Quer estudar para Concursos de Delegado 2024?<\/span><\/h2>\n\n\n\n<p class=\"has-text-align-left\">O Estrat\u00e9gia Carreira Jur\u00eddica \u00e9 campe\u00e3o de aprova\u00e7\u00f5es nos concursos para Carreiras Jur\u00eddicas com um corpo docente qualificado e materiais completos. Conhe\u00e7a nossos cursos e garanta sua aprova\u00e7\u00e3o em Concurso de Delegado:<\/p>\n\n\n\n<p class=\"has-text-align-center has-pale-cyan-blue-background-color has-background\"><a href=\"https:\/\/cj.estrategia.com\/portal\/concursos-abertos-carreiras-juridicas\/\" target=\"_blank\" ><strong>Concursos abertos<\/strong><\/a><\/p>\n\n\n\n<p class=\"has-text-align-center has-pale-cyan-blue-background-color has-background\"><a href=\"https:\/\/cj.estrategia.com\/portal\/concursos-2024-carreiras-juridicas\/\"><strong>Concursos 2024<\/strong><\/a><\/p>\n","protected":false},"excerpt":{"rendered":"Fala, pessoal, tudo certo? Hoje faremos um breve resumo sobre o crime de falsifica\u00e7\u00e3o, corrup\u00e7\u00e3o, adultera\u00e7\u00e3o ou altera\u00e7\u00e3o&hellip;\n","protected":false},"author":39,"featured_media":64325,"comment_status":"open","ping_status":"open","sticky":false,"template":"","format":"standard","meta":{"_jetpack_memberships_contains_paid_content":false,"footnotes":""},"categories":[1],"tags":[],"tax_estado":[30,31,32,33,34,35,36,37,38,39,40,41,42,43,44,45,46,47,48,49,50,51,52,53,54,55,56,57],"class_list":{"0":"post-64324","1":"post","2":"type-post","3":"status-publish","4":"format-standard","5":"has-post-thumbnail","7":"category-carreiras-juridicas","8":"tax_estado-ac","9":"tax_estado-al","10":"tax_estado-am","11":"tax_estado-ap","12":"tax_estado-ba","13":"tax_estado-ce","14":"tax_estado-concursos-federais","15":"tax_estado-df","16":"tax_estado-es","17":"tax_estado-go","18":"tax_estado-ma","19":"tax_estado-mg","20":"tax_estado-ms","21":"tax_estado-mt","22":"tax_estado-pa","23":"tax_estado-pb","24":"tax_estado-pe","25":"tax_estado-pi","26":"tax_estado-pr","27":"tax_estado-rj","28":"tax_estado-rn","29":"tax_estado-ro","30":"tax_estado-rr","31":"tax_estado-rs","32":"tax_estado-sc","33":"tax_estado-se","34":"tax_estado-sp","35":"tax_estado-to"},"acf":[],"yoast_head":"<!-- This site is optimized with the Yoast SEO Premium plugin v27.5 (Yoast SEO v27.5) - https:\/\/yoast.com\/product\/yoast-seo-premium-wordpress\/ -->\n<title>Crime de altera\u00e7\u00e3o de produtos medicinais ou terap\u00eauticos<\/title>\n<meta name=\"description\" content=\"Confira um resumo sobre o crime de falsifica\u00e7\u00e3o, corrup\u00e7\u00e3o, adultera\u00e7\u00e3o ou altera\u00e7\u00e3o de produto destinado a fins terap\u00eauticos ou medicinais.\" \/>\n<meta name=\"robots\" content=\"index, follow, max-snippet:-1, max-image-preview:large, max-video-preview:-1\" \/>\n<link rel=\"canonical\" href=\"https:\/\/cj.estrategia.com\/portal\/crime-alteracao-produtos-medicinais\/\" \/>\n<meta property=\"og:locale\" content=\"pt_BR\" \/>\n<meta property=\"og:type\" content=\"article\" \/>\n<meta property=\"og:title\" content=\"Crime de altera\u00e7\u00e3o de produtos medicinais ou terap\u00eauticos\" \/>\n<meta property=\"og:description\" content=\"Confira um resumo sobre o crime de falsifica\u00e7\u00e3o, corrup\u00e7\u00e3o, adultera\u00e7\u00e3o ou altera\u00e7\u00e3o de produto destinado a fins terap\u00eauticos ou medicinais.\" \/>\n<meta property=\"og:url\" content=\"https:\/\/cj.estrategia.com\/portal\/crime-alteracao-produtos-medicinais\/\" \/>\n<meta property=\"og:site_name\" content=\"Blog - Carreiras Jur\u00eddicas - Estrat\u00e9gia\" \/>\n<meta property=\"article:publisher\" content=\"https:\/\/www.facebook.com\/estrategiacarreirajuridica\/\" \/>\n<meta property=\"article:published_time\" content=\"2024-06-27T17:00:00+00:00\" \/>\n<meta property=\"og:image\" content=\"https:\/\/cj.estrategia.com\/portal\/wp-content\/uploads\/2024\/05\/28071010\/top-view-pills-cure-scaled.jpg\" \/>\n\t<meta property=\"og:image:width\" content=\"2560\" \/>\n\t<meta property=\"og:image:height\" content=\"1707\" \/>\n\t<meta property=\"og:image:type\" content=\"image\/jpeg\" \/>\n<meta name=\"author\" content=\"Frederico Tadeu Borlot Peixoto\" \/>\n<meta name=\"twitter:card\" content=\"summary_large_image\" \/>\n<meta name=\"twitter:creator\" content=\"@EstratJuridica\" \/>\n<meta name=\"twitter:site\" content=\"@EstratJuridica\" \/>\n<meta name=\"twitter:label1\" content=\"Escrito por\" \/>\n\t<meta name=\"twitter:data1\" content=\"Frederico Tadeu Borlot Peixoto\" \/>\n\t<meta name=\"twitter:label2\" content=\"Est. tempo de leitura\" \/>\n\t<meta name=\"twitter:data2\" content=\"10 minutos\" \/>\n<script type=\"application\/ld+json\" class=\"yoast-schema-graph\">{\"@context\":\"https:\\\/\\\/schema.org\",\"@graph\":[{\"@type\":\"NewsArticle\",\"@id\":\"https:\\\/\\\/cj.estrategia.com\\\/portal\\\/crime-alteracao-produtos-medicinais\\\/#article\",\"isPartOf\":{\"@id\":\"https:\\\/\\\/cj.estrategia.com\\\/portal\\\/crime-alteracao-produtos-medicinais\\\/\"},\"author\":{\"name\":\"Frederico Tadeu Borlot Peixoto\",\"@id\":\"https:\\\/\\\/cj.estrategia.com\\\/portal\\\/#\\\/schema\\\/person\\\/74287401cf4654f4fa04e378de7261ec\"},\"headline\":\"Crime de altera\u00e7\u00e3o de produtos medicinais ou terap\u00eauticos\",\"datePublished\":\"2024-06-27T17:00:00+00:00\",\"mainEntityOfPage\":{\"@id\":\"https:\\\/\\\/cj.estrategia.com\\\/portal\\\/crime-alteracao-produtos-medicinais\\\/\"},\"wordCount\":2164,\"commentCount\":0,\"publisher\":{\"@id\":\"https:\\\/\\\/cj.estrategia.com\\\/portal\\\/#organization\"},\"image\":{\"@id\":\"https:\\\/\\\/cj.estrategia.com\\\/portal\\\/crime-alteracao-produtos-medicinais\\\/#primaryimage\"},\"thumbnailUrl\":\"https:\\\/\\\/cj.estrategia.com\\\/portal\\\/wp-content\\\/uploads\\\/2024\\\/05\\\/28071010\\\/top-view-pills-cure-scaled.jpg\",\"articleSection\":[\"Carreiras Jur\u00eddicas\"],\"inLanguage\":\"pt-BR\",\"potentialAction\":[{\"@type\":\"CommentAction\",\"name\":\"Comment\",\"target\":[\"https:\\\/\\\/cj.estrategia.com\\\/portal\\\/crime-alteracao-produtos-medicinais\\\/#respond\"]}],\"accessibilityFeature\":[\"tableOfContents\"]},{\"@type\":\"WebPage\",\"@id\":\"https:\\\/\\\/cj.estrategia.com\\\/portal\\\/crime-alteracao-produtos-medicinais\\\/\",\"url\":\"https:\\\/\\\/cj.estrategia.com\\\/portal\\\/crime-alteracao-produtos-medicinais\\\/\",\"name\":\"Crime de altera\u00e7\u00e3o de produtos medicinais ou terap\u00eauticos\",\"isPartOf\":{\"@id\":\"https:\\\/\\\/cj.estrategia.com\\\/portal\\\/#website\"},\"primaryImageOfPage\":{\"@id\":\"https:\\\/\\\/cj.estrategia.com\\\/portal\\\/crime-alteracao-produtos-medicinais\\\/#primaryimage\"},\"image\":{\"@id\":\"https:\\\/\\\/cj.estrategia.com\\\/portal\\\/crime-alteracao-produtos-medicinais\\\/#primaryimage\"},\"thumbnailUrl\":\"https:\\\/\\\/cj.estrategia.com\\\/portal\\\/wp-content\\\/uploads\\\/2024\\\/05\\\/28071010\\\/top-view-pills-cure-scaled.jpg\",\"datePublished\":\"2024-06-27T17:00:00+00:00\",\"description\":\"Confira um resumo sobre o crime de falsifica\u00e7\u00e3o, corrup\u00e7\u00e3o, adultera\u00e7\u00e3o ou altera\u00e7\u00e3o de produto destinado a fins terap\u00eauticos ou medicinais.\",\"breadcrumb\":{\"@id\":\"https:\\\/\\\/cj.estrategia.com\\\/portal\\\/crime-alteracao-produtos-medicinais\\\/#breadcrumb\"},\"inLanguage\":\"pt-BR\",\"potentialAction\":[{\"@type\":\"ReadAction\",\"target\":[\"https:\\\/\\\/cj.estrategia.com\\\/portal\\\/crime-alteracao-produtos-medicinais\\\/\"]}]},{\"@type\":\"ImageObject\",\"inLanguage\":\"pt-BR\",\"@id\":\"https:\\\/\\\/cj.estrategia.com\\\/portal\\\/crime-alteracao-produtos-medicinais\\\/#primaryimage\",\"url\":\"https:\\\/\\\/cj.estrategia.com\\\/portal\\\/wp-content\\\/uploads\\\/2024\\\/05\\\/28071010\\\/top-view-pills-cure-scaled.jpg\",\"contentUrl\":\"https:\\\/\\\/cj.estrategia.com\\\/portal\\\/wp-content\\\/uploads\\\/2024\\\/05\\\/28071010\\\/top-view-pills-cure-scaled.jpg\",\"width\":2560,\"height\":1707,\"caption\":\"Crime de altera\u00e7\u00e3o de produtos medicinais ou terap\u00eauticos\"},{\"@type\":\"BreadcrumbList\",\"@id\":\"https:\\\/\\\/cj.estrategia.com\\\/portal\\\/crime-alteracao-produtos-medicinais\\\/#breadcrumb\",\"itemListElement\":[{\"@type\":\"ListItem\",\"position\":1,\"name\":\"In\u00edcio\",\"item\":\"https:\\\/\\\/cj.estrategia.com\\\/portal\\\/\"},{\"@type\":\"ListItem\",\"position\":2,\"name\":\"Crime de altera\u00e7\u00e3o de produtos medicinais ou terap\u00eauticos\"}]},{\"@type\":\"WebSite\",\"@id\":\"https:\\\/\\\/cj.estrategia.com\\\/portal\\\/#website\",\"url\":\"https:\\\/\\\/cj.estrategia.com\\\/portal\\\/\",\"name\":\"Blog - Carreiras Jur\u00eddicas - Estrat\u00e9gia\",\"description\":\"\",\"publisher\":{\"@id\":\"https:\\\/\\\/cj.estrategia.com\\\/portal\\\/#organization\"},\"potentialAction\":[{\"@type\":\"SearchAction\",\"target\":{\"@type\":\"EntryPoint\",\"urlTemplate\":\"https:\\\/\\\/cj.estrategia.com\\\/portal\\\/?s={search_term_string}\"},\"query-input\":{\"@type\":\"PropertyValueSpecification\",\"valueRequired\":true,\"valueName\":\"search_term_string\"}}],\"inLanguage\":\"pt-BR\"},{\"@type\":\"Organization\",\"@id\":\"https:\\\/\\\/cj.estrategia.com\\\/portal\\\/#organization\",\"name\":\"Estrat\u00e9gia - Carreiras Jur\u00eddicas\",\"url\":\"https:\\\/\\\/cj.estrategia.com\\\/portal\\\/\",\"logo\":{\"@type\":\"ImageObject\",\"inLanguage\":\"pt-BR\",\"@id\":\"https:\\\/\\\/cj.estrategia.com\\\/portal\\\/#\\\/schema\\\/logo\\\/image\\\/\",\"url\":\"https:\\\/\\\/cj.estrategia.com\\\/portal\\\/wp-content\\\/uploads\\\/2022\\\/03\\\/11151052\\\/cj-logo.png\",\"contentUrl\":\"https:\\\/\\\/cj.estrategia.com\\\/portal\\\/wp-content\\\/uploads\\\/2022\\\/03\\\/11151052\\\/cj-logo.png\",\"width\":150,\"height\":39,\"caption\":\"Estrat\u00e9gia - Carreiras Jur\u00eddicas\"},\"image\":{\"@id\":\"https:\\\/\\\/cj.estrategia.com\\\/portal\\\/#\\\/schema\\\/logo\\\/image\\\/\"},\"sameAs\":[\"https:\\\/\\\/www.facebook.com\\\/estrategiacarreirajuridica\\\/\",\"https:\\\/\\\/x.com\\\/EstratJuridica\",\"https:\\\/\\\/www.instagram.com\\\/estrategiacarreirajuridica\\\/\",\"https:\\\/\\\/www.youtube.com\\\/channel\\\/UClbMGuYbj2Mh1m3w144ETWQ\"]},{\"@type\":\"Person\",\"@id\":\"https:\\\/\\\/cj.estrategia.com\\\/portal\\\/#\\\/schema\\\/person\\\/74287401cf4654f4fa04e378de7261ec\",\"name\":\"Frederico Tadeu Borlot Peixoto\",\"image\":{\"@type\":\"ImageObject\",\"inLanguage\":\"pt-BR\",\"@id\":\"https:\\\/\\\/cj.estrategia.com\\\/portal\\\/wp-content\\\/uploads\\\/2023\\\/06\\\/29094204\\\/GBAY0702-96x96.jpg\",\"url\":\"https:\\\/\\\/cj.estrategia.com\\\/portal\\\/wp-content\\\/uploads\\\/2023\\\/06\\\/29094204\\\/GBAY0702-96x96.jpg\",\"contentUrl\":\"https:\\\/\\\/cj.estrategia.com\\\/portal\\\/wp-content\\\/uploads\\\/2023\\\/06\\\/29094204\\\/GBAY0702-96x96.jpg\",\"caption\":\"Frederico Tadeu Borlot Peixoto\"},\"description\":\"Analista Judici\u00e1rio - \u00c1rea Judici\u00e1ria do TRF da 4\u00aa regi\u00e3o. Bacharel em Direito. P\u00f3s-graduado em Direito Administrativo, Legisla\u00e7\u00e3o Penal Especial, Direito Penal e Direito Processual Penal. Tamb\u00e9m nomeado no TRF da 3\u00aa regi\u00e3o (8\u00ba lugar); SPPREV (3\u00ba lugar); IFES (2\u00ba lugar); e PMES. https:\\\/\\\/www.instagram.com\\\/proffrederico\\\/\",\"sameAs\":[\"https:\\\/\\\/www.instagram.com\\\/proffrederico\\\/\"],\"url\":\"https:\\\/\\\/cj.estrategia.com\\\/portal\\\/author\\\/xfrederico\\\/\"}]}<\/script>\n<!-- \/ Yoast SEO Premium plugin. -->","yoast_head_json":{"title":"Crime de altera\u00e7\u00e3o de produtos medicinais ou terap\u00eauticos","description":"Confira um resumo sobre o crime de falsifica\u00e7\u00e3o, corrup\u00e7\u00e3o, adultera\u00e7\u00e3o ou altera\u00e7\u00e3o de produto destinado a fins terap\u00eauticos ou medicinais.","robots":{"index":"index","follow":"follow","max-snippet":"max-snippet:-1","max-image-preview":"max-image-preview:large","max-video-preview":"max-video-preview:-1"},"canonical":"https:\/\/cj.estrategia.com\/portal\/crime-alteracao-produtos-medicinais\/","og_locale":"pt_BR","og_type":"article","og_title":"Crime de altera\u00e7\u00e3o de produtos medicinais ou terap\u00eauticos","og_description":"Confira um resumo sobre o crime de falsifica\u00e7\u00e3o, corrup\u00e7\u00e3o, adultera\u00e7\u00e3o ou altera\u00e7\u00e3o de produto destinado a fins terap\u00eauticos ou medicinais.","og_url":"https:\/\/cj.estrategia.com\/portal\/crime-alteracao-produtos-medicinais\/","og_site_name":"Blog - Carreiras Jur\u00eddicas - Estrat\u00e9gia","article_publisher":"https:\/\/www.facebook.com\/estrategiacarreirajuridica\/","article_published_time":"2024-06-27T17:00:00+00:00","og_image":[{"width":2560,"height":1707,"url":"https:\/\/cj.estrategia.com\/portal\/wp-content\/uploads\/2024\/05\/28071010\/top-view-pills-cure-scaled.jpg","type":"image\/jpeg"}],"author":"Frederico Tadeu Borlot Peixoto","twitter_card":"summary_large_image","twitter_creator":"@EstratJuridica","twitter_site":"@EstratJuridica","twitter_misc":{"Escrito por":"Frederico Tadeu Borlot Peixoto","Est. tempo de leitura":"10 minutos"},"schema":{"@context":"https:\/\/schema.org","@graph":[{"@type":"NewsArticle","@id":"https:\/\/cj.estrategia.com\/portal\/crime-alteracao-produtos-medicinais\/#article","isPartOf":{"@id":"https:\/\/cj.estrategia.com\/portal\/crime-alteracao-produtos-medicinais\/"},"author":{"name":"Frederico Tadeu Borlot Peixoto","@id":"https:\/\/cj.estrategia.com\/portal\/#\/schema\/person\/74287401cf4654f4fa04e378de7261ec"},"headline":"Crime de altera\u00e7\u00e3o de produtos medicinais ou terap\u00eauticos","datePublished":"2024-06-27T17:00:00+00:00","mainEntityOfPage":{"@id":"https:\/\/cj.estrategia.com\/portal\/crime-alteracao-produtos-medicinais\/"},"wordCount":2164,"commentCount":0,"publisher":{"@id":"https:\/\/cj.estrategia.com\/portal\/#organization"},"image":{"@id":"https:\/\/cj.estrategia.com\/portal\/crime-alteracao-produtos-medicinais\/#primaryimage"},"thumbnailUrl":"https:\/\/cj.estrategia.com\/portal\/wp-content\/uploads\/2024\/05\/28071010\/top-view-pills-cure-scaled.jpg","articleSection":["Carreiras Jur\u00eddicas"],"inLanguage":"pt-BR","potentialAction":[{"@type":"CommentAction","name":"Comment","target":["https:\/\/cj.estrategia.com\/portal\/crime-alteracao-produtos-medicinais\/#respond"]}],"accessibilityFeature":["tableOfContents"]},{"@type":"WebPage","@id":"https:\/\/cj.estrategia.com\/portal\/crime-alteracao-produtos-medicinais\/","url":"https:\/\/cj.estrategia.com\/portal\/crime-alteracao-produtos-medicinais\/","name":"Crime de altera\u00e7\u00e3o de produtos medicinais ou terap\u00eauticos","isPartOf":{"@id":"https:\/\/cj.estrategia.com\/portal\/#website"},"primaryImageOfPage":{"@id":"https:\/\/cj.estrategia.com\/portal\/crime-alteracao-produtos-medicinais\/#primaryimage"},"image":{"@id":"https:\/\/cj.estrategia.com\/portal\/crime-alteracao-produtos-medicinais\/#primaryimage"},"thumbnailUrl":"https:\/\/cj.estrategia.com\/portal\/wp-content\/uploads\/2024\/05\/28071010\/top-view-pills-cure-scaled.jpg","datePublished":"2024-06-27T17:00:00+00:00","description":"Confira um resumo sobre o crime de falsifica\u00e7\u00e3o, corrup\u00e7\u00e3o, adultera\u00e7\u00e3o ou altera\u00e7\u00e3o de produto destinado a fins terap\u00eauticos ou medicinais.","breadcrumb":{"@id":"https:\/\/cj.estrategia.com\/portal\/crime-alteracao-produtos-medicinais\/#breadcrumb"},"inLanguage":"pt-BR","potentialAction":[{"@type":"ReadAction","target":["https:\/\/cj.estrategia.com\/portal\/crime-alteracao-produtos-medicinais\/"]}]},{"@type":"ImageObject","inLanguage":"pt-BR","@id":"https:\/\/cj.estrategia.com\/portal\/crime-alteracao-produtos-medicinais\/#primaryimage","url":"https:\/\/cj.estrategia.com\/portal\/wp-content\/uploads\/2024\/05\/28071010\/top-view-pills-cure-scaled.jpg","contentUrl":"https:\/\/cj.estrategia.com\/portal\/wp-content\/uploads\/2024\/05\/28071010\/top-view-pills-cure-scaled.jpg","width":2560,"height":1707,"caption":"Crime de altera\u00e7\u00e3o de produtos medicinais ou terap\u00eauticos"},{"@type":"BreadcrumbList","@id":"https:\/\/cj.estrategia.com\/portal\/crime-alteracao-produtos-medicinais\/#breadcrumb","itemListElement":[{"@type":"ListItem","position":1,"name":"In\u00edcio","item":"https:\/\/cj.estrategia.com\/portal\/"},{"@type":"ListItem","position":2,"name":"Crime de altera\u00e7\u00e3o de produtos medicinais ou terap\u00eauticos"}]},{"@type":"WebSite","@id":"https:\/\/cj.estrategia.com\/portal\/#website","url":"https:\/\/cj.estrategia.com\/portal\/","name":"Blog - Carreiras Jur\u00eddicas - Estrat\u00e9gia","description":"","publisher":{"@id":"https:\/\/cj.estrategia.com\/portal\/#organization"},"potentialAction":[{"@type":"SearchAction","target":{"@type":"EntryPoint","urlTemplate":"https:\/\/cj.estrategia.com\/portal\/?s={search_term_string}"},"query-input":{"@type":"PropertyValueSpecification","valueRequired":true,"valueName":"search_term_string"}}],"inLanguage":"pt-BR"},{"@type":"Organization","@id":"https:\/\/cj.estrategia.com\/portal\/#organization","name":"Estrat\u00e9gia - Carreiras Jur\u00eddicas","url":"https:\/\/cj.estrategia.com\/portal\/","logo":{"@type":"ImageObject","inLanguage":"pt-BR","@id":"https:\/\/cj.estrategia.com\/portal\/#\/schema\/logo\/image\/","url":"https:\/\/cj.estrategia.com\/portal\/wp-content\/uploads\/2022\/03\/11151052\/cj-logo.png","contentUrl":"https:\/\/cj.estrategia.com\/portal\/wp-content\/uploads\/2022\/03\/11151052\/cj-logo.png","width":150,"height":39,"caption":"Estrat\u00e9gia - Carreiras Jur\u00eddicas"},"image":{"@id":"https:\/\/cj.estrategia.com\/portal\/#\/schema\/logo\/image\/"},"sameAs":["https:\/\/www.facebook.com\/estrategiacarreirajuridica\/","https:\/\/x.com\/EstratJuridica","https:\/\/www.instagram.com\/estrategiacarreirajuridica\/","https:\/\/www.youtube.com\/channel\/UClbMGuYbj2Mh1m3w144ETWQ"]},{"@type":"Person","@id":"https:\/\/cj.estrategia.com\/portal\/#\/schema\/person\/74287401cf4654f4fa04e378de7261ec","name":"Frederico Tadeu Borlot Peixoto","image":{"@type":"ImageObject","inLanguage":"pt-BR","@id":"https:\/\/cj.estrategia.com\/portal\/wp-content\/uploads\/2023\/06\/29094204\/GBAY0702-96x96.jpg","url":"https:\/\/cj.estrategia.com\/portal\/wp-content\/uploads\/2023\/06\/29094204\/GBAY0702-96x96.jpg","contentUrl":"https:\/\/cj.estrategia.com\/portal\/wp-content\/uploads\/2023\/06\/29094204\/GBAY0702-96x96.jpg","caption":"Frederico Tadeu Borlot Peixoto"},"description":"Analista Judici\u00e1rio - \u00c1rea Judici\u00e1ria do TRF da 4\u00aa regi\u00e3o. Bacharel em Direito. P\u00f3s-graduado em Direito Administrativo, Legisla\u00e7\u00e3o Penal Especial, Direito Penal e Direito Processual Penal. Tamb\u00e9m nomeado no TRF da 3\u00aa regi\u00e3o (8\u00ba lugar); SPPREV (3\u00ba lugar); IFES (2\u00ba lugar); e PMES. https:\/\/www.instagram.com\/proffrederico\/","sameAs":["https:\/\/www.instagram.com\/proffrederico\/"],"url":"https:\/\/cj.estrategia.com\/portal\/author\/xfrederico\/"}]}},"jetpack_featured_media_url":"https:\/\/cj.estrategia.com\/portal\/wp-content\/uploads\/2024\/05\/28071010\/top-view-pills-cure-scaled.jpg","jetpack_sharing_enabled":true,"_links":{"self":[{"href":"https:\/\/cj.estrategia.com\/portal\/wp-json\/wp\/v2\/posts\/64324","targetHints":{"allow":["GET"]}}],"collection":[{"href":"https:\/\/cj.estrategia.com\/portal\/wp-json\/wp\/v2\/posts"}],"about":[{"href":"https:\/\/cj.estrategia.com\/portal\/wp-json\/wp\/v2\/types\/post"}],"author":[{"embeddable":true,"href":"https:\/\/cj.estrategia.com\/portal\/wp-json\/wp\/v2\/users\/39"}],"replies":[{"embeddable":true,"href":"https:\/\/cj.estrategia.com\/portal\/wp-json\/wp\/v2\/comments?post=64324"}],"version-history":[{"count":0,"href":"https:\/\/cj.estrategia.com\/portal\/wp-json\/wp\/v2\/posts\/64324\/revisions"}],"wp:featuredmedia":[{"embeddable":true,"href":"https:\/\/cj.estrategia.com\/portal\/wp-json\/wp\/v2\/media\/64325"}],"wp:attachment":[{"href":"https:\/\/cj.estrategia.com\/portal\/wp-json\/wp\/v2\/media?parent=64324"}],"wp:term":[{"taxonomy":"category","embeddable":true,"href":"https:\/\/cj.estrategia.com\/portal\/wp-json\/wp\/v2\/categories?post=64324"},{"taxonomy":"post_tag","embeddable":true,"href":"https:\/\/cj.estrategia.com\/portal\/wp-json\/wp\/v2\/tags?post=64324"},{"taxonomy":"tax_estado","embeddable":true,"href":"https:\/\/cj.estrategia.com\/portal\/wp-json\/wp\/v2\/tax_estado?post=64324"}],"curies":[{"name":"wp","href":"https:\/\/api.w.org\/{rel}","templated":true}]}}