{"id":64,"date":"2026-03-20T19:27:00","date_gmt":"2026-03-20T22:27:00","guid":{"rendered":"https:\/\/cj.estrategia.com\/portal\/?p=64"},"modified":"2026-04-08T14:09:55","modified_gmt":"2026-04-08T17:09:55","slug":"concurso-pge-go-procurador","status":"publish","type":"post","link":"https:\/\/cj.estrategia.com\/portal\/concurso-pge-go-procurador\/","title":{"rendered":"Concurso PGE GO Procurador: aprovados foram empossados"},"content":{"rendered":"<a id=\"cta-icon\" href=\"https:\/\/sndflw.com\/i\/procuradorias-grupo\" target=\"blank\" style=\"background:rgb(41,166,26)\">\n            <img decoding=\"async\" src=\"https:\/\/cj.estrategia.com\/portal\/wp-content\/uploads\/2023\/12\/07160657\/whatsapp_1385.webp\" alt=\"\" alt=\"whatsapp_1385\"><span > Acesse agora o Grupo de Estudos para Concurso de Procuradorias <\/span><\/a>\n\n\n\n<p>Aten\u00e7\u00e3o, n<strong>ove novos Procuradores<\/strong> do Estado <strong>tomar\u00e3o posse em solenidade no dia 3 de fevereiro<\/strong> de 2026. Eles integram o grupo de <strong>39 aprovados no 15\u00ba Concurso da PGE-GO<\/strong>, que contou com <strong>4.842 inscritos<\/strong>. <\/p>\n\n\n\n<p>A chegada dos novos membros refor\u00e7a a atua\u00e7\u00e3o da Procuradoria na defesa do Estado e da sociedade goiana. O certame ofereceu <strong>10 vagas imediatas<\/strong>, al\u00e9m de cadastro de reserva. Para ingresso, exige-se <strong>gradua\u00e7\u00e3o em Direito e inscri\u00e7\u00e3o na OAB\/GO<\/strong> no ato da posse. O sal\u00e1rio inicial \u00e9 de <strong>R$ 39.112,10<\/strong>.<\/p>\n\n\n\n<ul class=\"wp-block-list has-very-light-gray-to-cyan-bluish-gray-gradient-background has-background\">\n<li><strong>Concurso PGE GO Procurador<\/strong><\/li>\n\n\n\n<li><strong>Status:<\/strong>&nbsp;homologado \/ empossados<\/li>\n\n\n\n<li><strong style=\"color: initial;\">Banca:<\/strong> <a href=\"https:\/\/www.concursosfcc.com.br\/concursos\/pgego124\/index.html\" target=\"_blank\" >PGE GO + FCC<\/a><\/li>\n\n\n\n<li><strong>Vagas:&nbsp;<\/strong>10 vagas<\/li>\n\n\n\n<li><strong>Sal\u00e1rio inicial:<\/strong>&nbsp;R$ 41.001,21 [atualizado]<\/li>\n\n\n\n<li><strong>Edital<\/strong>: <a href=\"https:\/\/cj.estrategia.com\/portal\/wp-content\/uploads\/2024\/05\/16085138\/diario_oficial_2024-05-16_completo-edital-publicado.pdf\" target=\"_blank\" >PGE GO Procurador 2024<\/a> \/ <a href=\"https:\/\/cj.estrategia.com\/portal\/wp-content\/uploads\/2024\/04\/22091954\/diarioOficial-2024-04-22T090606.092.pdf\" target=\"_blank\" >Regulamento<\/a> \/ <a href=\"https:\/\/cj.estrategia.com\/portal\/wp-content\/uploads\/2024\/05\/29100706\/diarioOficial-2024-05-29T094030.480-1.pdf\" target=\"_blank\" >1\u00aa retifica\u00e7\u00e3o do certame<\/a><\/li>\n<\/ul>\n\n\n\n<div class=\"container\" id=\"boxes\">\n  <div class=\"row\">\n\n    <div class=\"col-sm\">\n      <div class=\"banner-ecj-procuradorias\" id=\"box-assinatura\">\n        <h2 id=\"cursos-para-concurso-pge-go\" class=\"titulo-assinatura\"><span style=\"color: #ffffff; font-size: 23px; \">Cursos para Concurso PGE GO<\/span><\/h2>\n        <p class=\"subtitulo-assinatura\">Cursos focados no edital!<\/p>\n        <div class=\"box-botao\">\n          <a class=\"btn-assinatura-juridica\" target=\"_blank\" href=\"https:\/\/cj.estrategia.com\/concurso\/pge-go\" role=\"button\" rel=\"noopener noreferrer\">CLIQUE AQUI<\/a>\n        <\/div>\n      <\/div>\n      <p class=\"texto-auxiliar\">Prepare-se com o melhor material e com quem mais aprova em concursos em todo o pa\u00eds. \n<\/p>\n    <\/div>\n\n  <\/div>\n<\/div>\n\n\n\n<div class=\"wp-block-yoast-seo-table-of-contents yoast-table-of-contents\"><ul><li><a href=\"#atual\" data-level=\"2\">Concurso PGE GO: carreira<\/a><ul><li><a href=\"#vaga\" data-level=\"3\">Cargo e remunera\u00e7\u00e3o<\/a><\/li><li><a href=\"#requisitos\" data-level=\"3\">Requisitos e atribui\u00e7\u00f5es<\/a><\/li><\/ul><\/li><li><a href=\"#h-etapas-e-provas-do-ultimo-concurso-pge-go\" data-level=\"2\">Etapas e provas do \u00faltimo concurso PGE GO<\/a><ul><li><a href=\"#h-prova-escrita-objetiva\" data-level=\"3\">Prova escrita objetiva<\/a><\/li><li><a href=\"#h-prova-escrita-discursiva\" data-level=\"3\">Prova escrita discursiva<\/a><\/li><li><a href=\"#h-prova-oral\" data-level=\"3\">Prova oral<\/a><\/li><li><a href=\"#h-avaliacao-de-titulos\" data-level=\"3\">Avalia\u00e7\u00e3o de T\u00edtulos<\/a><\/li><\/ul><\/li><li><a href=\"#h-resultados-do-ultimo-concurso\" data-level=\"2\">Resultados do \u00faltimo concurso<\/a><\/li><li><a href=\"#h-ultimo-concurso-pge-go-procurador-2021\" data-level=\"2\">\u00daltimo concurso PGE GO Procurador (2021)<\/a><ul><li><a href=\"#resultados\" data-level=\"3\">Resultados<\/a><\/li><\/ul><\/li><li><a href=\"#h-entrevista-com-nbsp-antonio-mescolin-1\u00ba-lugar-para-procurador-do-estado\" data-level=\"2\">Entrevista com\u00a0Ant\u00f4nio Mescolin, 1\u00ba lugar para Procurador do Estado!<\/a><ul><li><a href=\"#h-provas-comentadas\" data-level=\"3\">Provas comentadas<\/a><\/li><li><a href=\"#h-material-de-estudo\" data-level=\"3\">Material de Estudo<\/a><\/li><\/ul><\/li><li><a href=\"#cursos\" data-level=\"2\">Quer saber tudo sobre concursos previstos? Confira nossos artigos!<\/a><\/li><li><a href=\"#cursos\" data-level=\"2\">CURSOS E ASSINATURAS<\/a><\/li><\/ul><\/div>\n\n\n\n<h2 class=\"wp-block-heading has-text-align-left\" id=\"atual\"><span id=\"concurso-pge-go-carreira\">Concurso PGE GO: carreira <\/span><\/h2>\n\n\n\n<h3 class=\"wp-block-heading\" id=\"vaga\"><span id=\"cargo-e-remuneracao\">Cargo e remunera\u00e7\u00e3o <\/span><\/h3>\n\n\n\n<figure class=\"wp-block-table is-style-stripes\"><table class=\"has-luminous-vivid-amber-background-color has-background\"><thead><tr><th>Cargo<\/th><th>Inicial<\/th><th><strong>Final<\/strong><\/th><\/tr><\/thead><tbody><tr><td>Procurador do Estado Substituto<\/td><td>R$ 41.001,21<\/td><td>R$ 47.821,80<\/td><\/tr><\/tbody><\/table><\/figure>\n\n\n\n<h3 class=\"wp-block-heading\" id=\"requisitos\"><span id=\"requisitos-e-atribuicoes\">Requisitos e atribui\u00e7\u00f5es<\/span><\/h3>\n\n\n\n<p>Para concorrer ao cargo, o candidato deve comprovar a <strong>conclus\u00e3o de curso superior em Direito <\/strong>e a <strong>inscri\u00e7\u00e3o na Ordem dos Advogados do Brasil, Seccional Goi\u00e1s<\/strong>, no ato da <em>posse<\/em>. <\/p>\n\n\n\n<p class=\"has-very-light-gray-to-cyan-bluish-gray-gradient-background has-background\">A pr\u00e1tica jur\u00eddica <strong>n\u00e3o<\/strong> constitui requisito de ingresso na carreira, sendo pontuada s\u00f3 como t\u00edtulo na sele\u00e7\u00e3o.<\/p>\n\n\n\n<p>Dentre as principais atribui\u00e7\u00f5es do cargo est\u00e1 o desempenho de atividades de n\u00edvel superior, de natureza t\u00e9cnica, privativas de bacharel em Direito, inscritos na Ordem dos Advogados do Brasil, relacionadas com a representa\u00e7\u00e3o judicial e a consultoria jur\u00eddica do Estado de Goi\u00e1s, na forma do art. 132 da Constitui\u00e7\u00e3o Federal.<\/p>\n\n\n\n<h2 class=\"wp-block-heading\" id=\"h-etapas-e-provas-do-ultimo-concurso-pge-go\"><span id=\"etapas-e-provas-do-ultimo-concurso-pge-go\">Etapas e provas do \u00faltimo concurso PGE GO<\/span><\/h2>\n\n\n\n<ul class=\"wp-block-list\">\n<li><strong>Prova escrita objetiva, <\/strong>de car\u00e1ter eliminat\u00f3rio e classificat\u00f3rio.<\/li>\n\n\n\n<li><strong>Prova escrita discursiva,<\/strong> de car\u00e1ter eliminat\u00f3rio e classificat\u00f3rio.<\/li>\n\n\n\n<li><strong>Prova oral,<\/strong> de car\u00e1ter eliminat\u00f3rio e classificat\u00f3rio.<\/li>\n\n\n\n<li><strong>Prova de t\u00edtulos,<\/strong> de car\u00e1ter classificat\u00f3rio.<\/li>\n<\/ul>\n\n\n\n<h3 class=\"wp-block-heading\" id=\"h-prova-escrita-objetiva\"><span id=\"prova-escrita-objetiva\">Prova escrita objetiva<\/span><\/h3>\n\n\n\n<p>A <strong>prova escrita objetiva<\/strong> versou sobre as seguintes disciplinas:<\/p>\n\n\n<div class=\"wp-block-image\">\n<figure class=\"aligncenter size-full\"><img decoding=\"async\" width=\"889\" height=\"474\" src=\"https:\/\/cj.estrategia.com\/portal\/wp-content\/uploads\/2024\/05\/16084533\/image-30.png\" alt=\"Tabela de detalhes da prova objetiva\" class=\"wp-image-63093\" srcset=\"https:\/\/cj.estrategia.com\/portal\/wp-content\/uploads\/2024\/05\/16084533\/image-30.png 889w, https:\/\/cj.estrategia.com\/portal\/wp-content\/uploads\/2024\/05\/16084533\/image-30-300x160.png 300w, https:\/\/cj.estrategia.com\/portal\/wp-content\/uploads\/2024\/05\/16084533\/image-30-768x409.png 768w, https:\/\/cj.estrategia.com\/portal\/wp-content\/uploads\/2024\/05\/16084533\/image-30-380x203.png 380w, https:\/\/cj.estrategia.com\/portal\/wp-content\/uploads\/2024\/05\/16084533\/image-30-800x427.png 800w, https:\/\/cj.estrategia.com\/portal\/wp-content\/uploads\/2024\/05\/16084533\/image-30-150x80.png 150w\" sizes=\"(max-width: 889px) 100vw, 889px\" \/><\/figure>\n<\/div>\n\n\n<h3 class=\"wp-block-heading\" id=\"h-prova-escrita-discursiva\"><span id=\"prova-escrita-discursiva\">Prova escrita discursiva<\/span><\/h3>\n\n\n\n<p>As <strong>provas escritas discursivas <\/strong>versaram sobre os seguintes grupos de mat\u00e9rias:<\/p>\n\n\n\n<p>I &#8211; Grupo 1: Direito Constitucional, Direito Civil e Direito Processual Civil;<br>II &#8211; Grupo 2: Direito Administrativo, Direito Previdenci\u00e1rio e Direito Ambiental; e<br>III &#8211; Grupo 3: Direito Tribut\u00e1rio, Direito Financeiro, Direito do Trabalho e Processual do Trabalho.<\/p>\n\n\n<div class=\"wp-block-image\">\n<figure class=\"aligncenter size-large is-resized\"><img decoding=\"async\" width=\"1024\" height=\"227\" src=\"https:\/\/cj.estrategia.com\/portal\/wp-content\/uploads\/2024\/05\/16084609\/image-31-1024x227.png\" alt=\"Tabela de crit\u00e9rios e pontua\u00e7\u00e3o da prova discursiva\" class=\"wp-image-63095\" style=\"width:726px;height:auto\" srcset=\"https:\/\/cj.estrategia.com\/portal\/wp-content\/uploads\/2024\/05\/16084609\/image-31-1024x227.png 1024w, https:\/\/cj.estrategia.com\/portal\/wp-content\/uploads\/2024\/05\/16084609\/image-31-300x67.png 300w, https:\/\/cj.estrategia.com\/portal\/wp-content\/uploads\/2024\/05\/16084609\/image-31-768x170.png 768w, https:\/\/cj.estrategia.com\/portal\/wp-content\/uploads\/2024\/05\/16084609\/image-31-380x84.png 380w, https:\/\/cj.estrategia.com\/portal\/wp-content\/uploads\/2024\/05\/16084609\/image-31-800x177.png 800w, https:\/\/cj.estrategia.com\/portal\/wp-content\/uploads\/2024\/05\/16084609\/image-31-1160x257.png 1160w, https:\/\/cj.estrategia.com\/portal\/wp-content\/uploads\/2024\/05\/16084609\/image-31-150x33.png 150w, https:\/\/cj.estrategia.com\/portal\/wp-content\/uploads\/2024\/05\/16084609\/image-31.png 1195w\" sizes=\"(max-width: 1024px) 100vw, 1024px\" \/><\/figure>\n<\/div>\n\n\n<h3 class=\"wp-block-heading\" id=\"h-prova-oral\"><span id=\"prova-oral\">Prova oral<\/span><\/h3>\n\n\n\n<p>As <strong>provas orais <\/strong>versaram sobre os seguintes grupos de mat\u00e9rias:<\/p>\n\n\n\n<p>I &#8211; Grupo 1: Direito Constitucional e Direito Processual Civil;<br>II &#8211; Grupo 2: Direito Administrativo; e<br>III &#8211; Grupo 3: Direito Tribut\u00e1rio e Direito Financeiro.<\/p>\n\n\n\n<p>A prova oral foi aplicada com o objetivo de aferir os conhecimentos jur\u00eddicos e a capacidade de comunica\u00e7\u00e3o oral e de argumenta\u00e7\u00e3o do candidato, valorando-se o dom\u00ednio t\u00e9cnico do conte\u00fado, a corre\u00e7\u00e3o gramatical, a adequa\u00e7\u00e3o vocabular e a precis\u00e3o da linguagem jur\u00eddica.<\/p>\n\n\n<div class=\"wp-block-image\">\n<figure class=\"aligncenter size-large\"><img decoding=\"async\" width=\"1024\" height=\"316\" src=\"https:\/\/cj.estrategia.com\/portal\/wp-content\/uploads\/2024\/05\/16084730\/image-32-1024x316.png\" alt=\"Tabela de detalhes da prova oral\" class=\"wp-image-63098\" srcset=\"https:\/\/cj.estrategia.com\/portal\/wp-content\/uploads\/2024\/05\/16084730\/image-32-1024x316.png 1024w, https:\/\/cj.estrategia.com\/portal\/wp-content\/uploads\/2024\/05\/16084730\/image-32-300x93.png 300w, https:\/\/cj.estrategia.com\/portal\/wp-content\/uploads\/2024\/05\/16084730\/image-32-768x237.png 768w, https:\/\/cj.estrategia.com\/portal\/wp-content\/uploads\/2024\/05\/16084730\/image-32-380x117.png 380w, https:\/\/cj.estrategia.com\/portal\/wp-content\/uploads\/2024\/05\/16084730\/image-32-800x247.png 800w, https:\/\/cj.estrategia.com\/portal\/wp-content\/uploads\/2024\/05\/16084730\/image-32-150x46.png 150w, https:\/\/cj.estrategia.com\/portal\/wp-content\/uploads\/2024\/05\/16084730\/image-32.png 1075w\" sizes=\"(max-width: 1024px) 100vw, 1024px\" \/><\/figure>\n<\/div>\n\n\n<h3 class=\"wp-block-heading\" id=\"h-avaliacao-de-titulos\"><span id=\"avaliacao-de-titulos\">Avalia\u00e7\u00e3o de T\u00edtulos<\/span><\/h3>\n\n\n\n<p>A nota m\u00e1xima da prova de t\u00edtulos foi de dez (10,00) pontos, conforme o quadro abaixo:<\/p>\n\n\n\n<figure class=\"wp-block-table is-style-stripes\"><table class=\"has-luminous-vivid-amber-background-color has-background\"><thead><tr><th>T\u00edtulo<\/th><th>Pontos<\/th><\/tr><\/thead><tbody><tr><td>Doutorado em Direito<\/td><td>2,00<\/td><\/tr><tr><td>Doutorado em outra \u00e1rea<\/td><td>1,00<\/td><\/tr><tr><td>Mestrado em Direito<\/td><td>1,50<\/td><\/tr><tr><td>Mestrado em outra \u00e1rea<\/td><td>0,75<\/td><\/tr><tr><td>Especializa\u00e7\u00e3o em Direito (m\u00ednimo 360h)<\/td><td>0,50<\/td><\/tr><tr><td>Advogado p\u00fablico (AGU ou PGEs\/DF) \u2013 1 a 3 anos<\/td><td>2,50<\/td><\/tr><tr><td>Advogado p\u00fablico (AGU ou PGEs\/DF) \u2013 acima de 3 anos<\/td><td>3,00<\/td><\/tr><tr><td>Defensor P\u00fablico, Magistratura ou MP \u2013 1 a 3 anos<\/td><td>1,00<\/td><\/tr><tr><td>Defensor P\u00fablico, Magistratura ou MP \u2013 acima de 3 anos<\/td><td>1,50<\/td><\/tr><tr><td>Advogado p\u00fablico municipal \/ outros \u00f3rg\u00e3os \u2013 1 a 3 anos<\/td><td>0,50<\/td><\/tr><tr><td>Advogado p\u00fablico municipal \/ outros \u00f3rg\u00e3os \u2013 acima de 3 anos<\/td><td>1,00<\/td><\/tr><\/tbody><\/table><\/figure>\n\n\n\n<figure class=\"wp-block-image size-large\"><img decoding=\"async\" width=\"1024\" height=\"344\" src=\"https:\/\/cj.estrategia.com\/portal\/wp-content\/uploads\/2024\/05\/16084956\/image-33-1024x344.png\" alt=\"Tabela de atribui\u00e7\u00e3o de pontos na avalia\u00e7\u00e3o de t\u00edtulos\" class=\"wp-image-63103\" srcset=\"https:\/\/cj.estrategia.com\/portal\/wp-content\/uploads\/2024\/05\/16084956\/image-33-1024x344.png 1024w, https:\/\/cj.estrategia.com\/portal\/wp-content\/uploads\/2024\/05\/16084956\/image-33-300x101.png 300w, https:\/\/cj.estrategia.com\/portal\/wp-content\/uploads\/2024\/05\/16084956\/image-33-768x258.png 768w, https:\/\/cj.estrategia.com\/portal\/wp-content\/uploads\/2024\/05\/16084956\/image-33-380x128.png 380w, https:\/\/cj.estrategia.com\/portal\/wp-content\/uploads\/2024\/05\/16084956\/image-33-800x269.png 800w, https:\/\/cj.estrategia.com\/portal\/wp-content\/uploads\/2024\/05\/16084956\/image-33-1160x390.png 1160w, https:\/\/cj.estrategia.com\/portal\/wp-content\/uploads\/2024\/05\/16084956\/image-33-150x50.png 150w, https:\/\/cj.estrategia.com\/portal\/wp-content\/uploads\/2024\/05\/16084956\/image-33.png 1369w\" sizes=\"(max-width: 1024px) 100vw, 1024px\" \/><\/figure>\n\n\n\n<figure class=\"wp-block-image size-large is-resized\"><img decoding=\"async\" width=\"1024\" height=\"347\" src=\"https:\/\/cj.estrategia.com\/portal\/wp-content\/uploads\/2024\/05\/16085023\/image-34-1024x347.png\" alt=\"Tabela de atribui\u00e7\u00e3o de pontos na avalia\u00e7\u00e3o de t\u00edtulos\" class=\"wp-image-63105\" style=\"width:729px;height:auto\" srcset=\"https:\/\/cj.estrategia.com\/portal\/wp-content\/uploads\/2024\/05\/16085023\/image-34-1024x347.png 1024w, https:\/\/cj.estrategia.com\/portal\/wp-content\/uploads\/2024\/05\/16085023\/image-34-300x102.png 300w, https:\/\/cj.estrategia.com\/portal\/wp-content\/uploads\/2024\/05\/16085023\/image-34-768x260.png 768w, https:\/\/cj.estrategia.com\/portal\/wp-content\/uploads\/2024\/05\/16085023\/image-34-380x129.png 380w, https:\/\/cj.estrategia.com\/portal\/wp-content\/uploads\/2024\/05\/16085023\/image-34-800x271.png 800w, https:\/\/cj.estrategia.com\/portal\/wp-content\/uploads\/2024\/05\/16085023\/image-34-1160x393.png 1160w, https:\/\/cj.estrategia.com\/portal\/wp-content\/uploads\/2024\/05\/16085023\/image-34-150x51.png 150w, https:\/\/cj.estrategia.com\/portal\/wp-content\/uploads\/2024\/05\/16085023\/image-34.png 1465w\" sizes=\"(max-width: 1024px) 100vw, 1024px\" \/><\/figure>\n\n\n\n<h2 class=\"wp-block-heading\" id=\"h-resultados-do-ultimo-concurso\"><span id=\"resultados-do-ultimo-concurso\">Resultados do \u00faltimo concurso <\/span><\/h2>\n\n\n\n<ul class=\"wp-block-list\"><\/ul>\n\n\n\n<ul class=\"wp-block-list\"><\/ul>\n\n\n\n<ul class=\"wp-block-list\"><\/ul>\n\n\n\n<ul class=\"wp-block-list\">\n<li><a href=\"https:\/\/cj.estrategia.com\/portal\/wp-content\/uploads\/2025\/01\/23155301\/Resultados-PGE-GO-defensor.pdf\" target=\"_blank\" >Resultado definitivo da prova oral<\/a>;<\/li>\n\n\n\n<li><a href=\"https:\/\/cj.estrategia.com\/portal\/wp-content\/uploads\/2024\/08\/29091154\/diarioOficial-2024-08-29T085354.649.pdf\" target=\"_blank\" >Resultado definitivo da prova objetiva<\/a>;<\/li>\n\n\n\n<li><a href=\"https:\/\/cj.estrategia.com\/portal\/wp-content\/uploads\/2024\/10\/17084325\/pge-go-2.pdf\">Resultado definitivo da prova discursiva<\/a>;<\/li>\n\n\n\n<li><a href=\"https:\/\/goias.gov.br\/procuradoria\/concurso-pge-go-e-homologado-e-nomeacoes-estao-previstas-para-marco\/\" target=\"_blank\" >Resultado final homologado<\/a>.<\/li>\n<\/ul>\n\n\n\n<ul class=\"wp-block-list\"><\/ul>\n\n\n\n<ul class=\"wp-block-list\"><\/ul>\n\n\n\n<h2 class=\"wp-block-heading\" id=\"h-ultimo-concurso-pge-go-procurador-2021\"><span id=\"ultimo-concurso-pge-go-procurador-2021\">\u00daltimo concurso PGE GO Procurador (2021)<\/span><\/h2>\n\n\n\n<p>Os <strong>candidatos aprovados no concurso PGE GO Procurador<\/strong> foram <strong>convocados<\/strong> para a realiza\u00e7\u00e3o da <strong>per\u00edcia m\u00e9dica e entrega de documentos para a posse.<\/strong> Al\u00e9m disso, foi divulgada a lista de reclassifica\u00e7\u00e3o final. <a href=\"https:\/\/cj.estrategia.com\/portal\/wp-content\/uploads\/2022\/09\/09090925\/pge-go.pdf\" target=\"_blank\" >Confira aqui!<\/a><\/p>\n\n\n\n<p>Foram ofertadas <strong>30 vagas diretas para o cargo de Procurador do Estado Substituto<\/strong>, mais oportunidades para forma\u00e7\u00e3o de cadastro de reserva. A remunera\u00e7\u00e3o inicial para o cargo corresponde ao valor de <strong>R$ 32.037,13<\/strong>.<\/p>\n\n\n\n<h3 class=\"wp-block-heading\" id=\"resultados\">Resultados<\/h3>\n\n\n\n<ul class=\"wp-block-list\">\n<li><a href=\"https:\/\/cj.estrategia.com\/portal\/wp-content\/uploads\/2022\/09\/09090925\/pge-go.pdf\" target=\"_blank\" >Resultado final homologado<\/a>;<\/li>\n\n\n\n<li><strong>Prova de T\u00edtulos<\/strong> &#8211;<a href=\"https:\/\/cj.estrategia.com\/portal\/wp-content\/uploads\/2022\/03\/31084626\/diarioOficial-2.pdf\" target=\"_blank\" > Resultado Definitivo<\/a>;<\/li>\n\n\n\n<li><strong>Prova oral<\/strong> &#8211; <a href=\"https:\/\/cj.estrategia.com\/portal\/wp-content\/uploads\/2022\/03\/16113119\/diarioOficial_3.pdf\" target=\"_blank\" >Resultado definitivo<\/a>;<\/li>\n\n\n\n<li><strong>Prova Discursiva<\/strong> &#8211; <a href=\"https:\/\/dhg1h5j42swfq.cloudfront.net\/2022\/01\/18064935\/edital_12_divulgacao_resultado_definitivo_das_provas_discursivas_convocacao_inscricao_definitiva_ampliacao_data_prova_oral_e_de_titulos_com_anexo-1.pdf\" target=\"_blank\" rel=\"noreferrer noopener nofollow\"><span style=\"text-decoration: underline;\">Resultado definitivo<\/span><\/a>;<strong><span style=\"text-decoration: underline;\"><\/span><\/strong><\/li>\n\n\n\n<li><strong>Prova Objetiva<\/strong> &#8211; <a href=\"https:\/\/dhg1h5j42swfq.cloudfront.net\/2021\/12\/16091851\/edital_10_resultado_definitivo_e_convocao_provas_escritas_discursivas__revisado_e_sem_marcacoes_.pdf\" target=\"_blank\" rel=\"noreferrer noopener nofollow\">Resultado Definitivo<\/a>.<\/li>\n<\/ul>\n\n\n\n<h2 class=\"wp-block-heading\" id=\"h-entrevista-com-nbsp-antonio-mescolin-1\u00ba-lugar-para-procurador-do-estado\"><span id=\"entrevista-com-antonio-mescolin-1o-lugar-para-procurador-do-estado\">Entrevista com&nbsp;Ant\u00f4nio Mescolin, 1\u00ba lugar para Procurador do Estado!<\/span><\/h2>\n\n\n\n<figure class=\"wp-block-embed is-type-video is-provider-youtube wp-block-embed-youtube wp-embed-aspect-16-9 wp-has-aspect-ratio\"><div class=\"wp-block-embed__wrapper\">\n<div class=\"cs-embed cs-embed-responsive\"><iframe title=\"CONCURSO PGE GO: Conhe\u00e7a Ant\u00f4nio Mescolin, aprovado em 1\u00ba lugar para Procurador do Estado!\" width=\"1200\" height=\"675\" src=\"https:\/\/www.youtube.com\/embed\/H1E6AsaRp_4?list=PLIqSUMY9ZmeFQZAMoKALPEVL-rBENcUbs\" frameborder=\"0\" allow=\"accelerometer; autoplay; clipboard-write; encrypted-media; gyroscope; picture-in-picture; web-share\" referrerpolicy=\"strict-origin-when-cross-origin\" allowfullscreen><\/iframe><\/div>\n<\/div><\/figure>\n\n\n\n<h3 class=\"wp-block-heading\" id=\"h-provas-comentadas\"><span id=\"provas-comentadas\">Provas comentadas<\/span><\/h3>\n\n\n\n<ul class=\"wp-block-list\">\n<li><a href=\"https:\/\/cj.estrategia.com\/portal\/wp-content\/uploads\/2025\/09\/26142454\/Prova-comentada-PGE-GO.pdf\">Prova comentada PGE GO \u2013 2024<\/a><\/li>\n<\/ul>\n\n\n\n<h3 class=\"wp-block-heading\" id=\"h-material-de-estudo\"><span id=\"material-de-estudo\">Material de Estudo <\/span><\/h3>\n\n\n\n<ul class=\"wp-block-list\">\n<li><a href=\"https:\/\/www.youtube.com\/playlist?list=PLIqSUMY9ZmeHnDqE-8Kgo9kSiR-yjc3qJ\">Curso oral &#8211; PGE GO<\/a><\/li>\n\n\n\n<li><a href=\"https:\/\/www.youtube.com\/watch?v=1_9cFRXPcr8\">O m\u00e9todo de prepara\u00e7\u00e3o do 1\u00ba colocado da PGE GO<\/a><\/li>\n\n\n\n<li><a href=\"https:\/\/www.youtube.com\/watch?v=kVarCJB5kmo\">Procurador PGE GO &#8211; O melhor roteiro de estudos no p\u00f3s-edital!<\/a><\/li>\n<\/ul>\n\n\n\n<h2 class=\"wp-block-heading has-text-align-center\" id=\"cursos\"><span id=\"quer-saber-tudo-sobre-concursos-previstosconfira-nossos-artigos\">Quer saber tudo sobre concursos previstos?<br><strong>Confira nossos artigos!<\/strong><\/span><\/h2>\n\n\n\n<ul class=\"wp-block-list\">\n<li><a href=\"https:\/\/cj.estrategia.com\/portal\/concursos-abertos-carreiras-juridicas\/\" target=\"_blank\" >Concursos jur\u00eddicos abertos<\/a><\/li>\n<\/ul>\n\n\n\n<ul class=\"wp-block-list\">\n<li><a href=\"https:\/\/cj.estrategia.com\/portal\/concursos-juridicos-2026-prepare-se-para-os-proximos-editais\/\" target=\"_blank\" >Concursos Jur\u00eddicos 2026<\/a><\/li>\n\n\n\n<li><a href=\"https:\/\/cj.estrategia.com\/portal\/concursos-procuradorias\/\">Concursos Procuradorias<\/a><\/li>\n<\/ul>\n\n\n\n<h2 class=\"wp-block-heading has-text-align-center\" id=\"cursos\"><span id=\"cursos-e-assinaturas\">CURSOS E ASSINATURAS<\/span><\/h2>\n\n\n\n<div class=\"wp-block-cover\" style=\"min-height:155px;aspect-ratio:unset;\"><img decoding=\"async\" width=\"1890\" height=\"351\" class=\"wp-block-cover__image-background wp-image-8669\" alt=\"Assinaturas Jur\u00eddicas\" src=\"https:\/\/cj.estrategia.com\/portal\/wp-content\/uploads\/2022\/06\/20151253\/concurso-carreiras-juridicas-assinatura-juridica.jpg\" style=\"object-position:78% 43%\" data-object-fit=\"cover\" data-object-position=\"78% 43%\" srcset=\"https:\/\/cj.estrategia.com\/portal\/wp-content\/uploads\/2022\/06\/20151253\/concurso-carreiras-juridicas-assinatura-juridica.jpg 1890w, https:\/\/cj.estrategia.com\/portal\/wp-content\/uploads\/2022\/06\/20151253\/concurso-carreiras-juridicas-assinatura-juridica-300x56.jpg 300w, https:\/\/cj.estrategia.com\/portal\/wp-content\/uploads\/2022\/06\/20151253\/concurso-carreiras-juridicas-assinatura-juridica-1024x190.jpg 1024w, https:\/\/cj.estrategia.com\/portal\/wp-content\/uploads\/2022\/06\/20151253\/concurso-carreiras-juridicas-assinatura-juridica-768x143.jpg 768w, https:\/\/cj.estrategia.com\/portal\/wp-content\/uploads\/2022\/06\/20151253\/concurso-carreiras-juridicas-assinatura-juridica-1536x285.jpg 1536w, https:\/\/cj.estrategia.com\/portal\/wp-content\/uploads\/2022\/06\/20151253\/concurso-carreiras-juridicas-assinatura-juridica-380x71.jpg 380w, https:\/\/cj.estrategia.com\/portal\/wp-content\/uploads\/2022\/06\/20151253\/concurso-carreiras-juridicas-assinatura-juridica-800x149.jpg 800w, https:\/\/cj.estrategia.com\/portal\/wp-content\/uploads\/2022\/06\/20151253\/concurso-carreiras-juridicas-assinatura-juridica-1160x215.jpg 1160w\" sizes=\"(max-width: 1890px) 100vw, 1890px\" \/><span aria-hidden=\"true\" class=\"wp-block-cover__background has-background-dim\"><\/span><div class=\"wp-block-cover__inner-container is-layout-flow wp-block-cover-is-layout-flow\">\n<h3 id=\"faca-a-sua-assinatura\" class=\"titulo-assinatura\"><span style=\"color: #ffffff;\">Fa\u00e7a a sua assinatura!<\/span><\/h3>\n<p class=\"subtitulo-assinatura\" style=\"display:block!important; line-height: 0;\"><span style=\"color: #ffffff;\">Escolha a sua \u00e1rea.<\/span><\/p>\n<a target=\"_blank\" href=\"https:\/\/www.estrategiaconcursos.com.br\/assinaturas-ecj\/\" rel=\"noopener\"><button style=\"border-radius: 10px; text-transform: capitalize;\">Acessar<\/button><\/a>\n<\/div><\/div>\n\n\n\n<p><em>Prepare-se com o melhor material e com quem mais aprova em Concursos P\u00fablicos em todo o pa\u00eds.<\/em><\/p>\n\n\n\n<figure class=\"wp-block-image size-large is-resized\"><img decoding=\"async\" src=\"https:\/\/dhg1h5j42swfq.cloudfront.net\/2021\/04\/14141837\/ficha-tecnica-133-1024x632.png\" alt=\"concurso pge go procurador ficha t\u00e9cnica\" class=\"wp-image-714035\" style=\"width:256px;height:auto\"\/><\/figure>\n\n\n\n<h4 class=\"wp-block-heading\" id=\"ficha-tecnica\"><span id=\"informacoes-sobre-o-concurso-pge-go-procurador\"><span style=\"font-size: 14pt;\">Informa\u00e7\u00f5es sobre o concurso PGE GO Procurador<\/span><\/span><\/h4>\n\n\n\n<ul class=\"wp-block-list\">\n<li><strong>Data:<\/strong> <s>04\/08\/2024 (Objetiva)<\/s><\/li>\n\n\n\n<li><strong>Vagas<\/strong>: 10<\/li>\n\n\n\n<li><strong>Cargos<\/strong>: Procurador do Estado<\/li>\n\n\n\n<li><strong>Lota\u00e7\u00f5es<\/strong>: Goi\u00e1s <\/li>\n\n\n\n<li><strong>Banca<\/strong>: PGE GO + FCC<\/li>\n\n\n\n<li><strong>Escolaridade<\/strong>: Bacharelado em Direito + Inscri\u00e7\u00e3o na OAB<\/li>\n\n\n\n<li><strong>Edital:<\/strong> <a href=\"https:\/\/cj.estrategia.com\/portal\/wp-content\/uploads\/2024\/05\/16085138\/diario_oficial_2024-05-16_completo-edital-publicado.pdf\" target=\"_blank\" >PGE GO Procurador 2024<\/a><\/li>\n\n\n\n<li><strong>\u00daltimo edital:<\/strong> <a href=\"https:\/\/dhg1h5j42swfq.cloudfront.net\/2021\/08\/12214616\/edital-pge-go-procurador.pdf\" target=\"_blank\" rel=\"noreferrer noopener nofollow\">PGE GO Procurador 2021<\/a><\/li>\n<\/ul>\n\n\n\n<ul class=\"wp-block-list\">\n<li><strong>\u00daltimo edital\/regulamento: <\/strong><a href=\"https:\/\/dhg1h5j42swfq.cloudfront.net\/2021\/04\/23132743\/edital_pge_go_2013.pdf\" target=\"_blank\" rel=\"noreferrer noopener nofollow\">Edital PGE GO 2013<\/a> <\/li>\n<\/ul>\n","protected":false},"excerpt":{"rendered":"Novos procuradores tomam posse e refor\u00e7am a atua\u00e7\u00e3o da PGE-GO ap\u00f3s concurso com alta concorr\u00eancia.\n","protected":false},"author":12,"featured_media":177715,"comment_status":"open","ping_status":"open","sticky":false,"template":"","format":"standard","meta":{"_jetpack_memberships_contains_paid_content":false,"footnotes":""},"categories":[1],"tags":[],"tax_estado":[39],"class_list":{"0":"post-64","1":"post","2":"type-post","3":"status-publish","4":"format-standard","5":"has-post-thumbnail","7":"category-carreiras-juridicas","8":"tax_estado-go"},"acf":[],"yoast_head":"<!-- This site is optimized with the Yoast SEO Premium plugin v27.4 (Yoast SEO v27.4) - https:\/\/yoast.com\/product\/yoast-seo-premium-wordpress\/ -->\n<title>Concurso PGE GO Procurador: aprovados foram empossados<\/title>\n<meta name=\"description\" content=\"Concurso PGE GO Procurador: edital ofertou 10 vagas para o cargo de Procurador do Estado substituto. Resultado homologado!\" \/>\n<meta name=\"robots\" content=\"index, follow, max-snippet:-1, max-image-preview:large, max-video-preview:-1\" \/>\n<link rel=\"canonical\" href=\"https:\/\/cj.estrategia.com\/portal\/concurso-pge-go-procurador\/\" \/>\n<meta property=\"og:locale\" content=\"pt_BR\" \/>\n<meta property=\"og:type\" content=\"article\" \/>\n<meta property=\"og:title\" content=\"Concurso PGE GO Procurador: aprovados foram empossados\" \/>\n<meta property=\"og:description\" content=\"Concurso PGE GO Procurador: edital ofertou 10 vagas para o cargo de Procurador do Estado substituto. Resultado homologado!\" \/>\n<meta property=\"og:url\" content=\"https:\/\/cj.estrategia.com\/portal\/concurso-pge-go-procurador\/\" \/>\n<meta property=\"og:site_name\" content=\"Blog - Carreiras Jur\u00eddicas - Estrat\u00e9gia\" \/>\n<meta property=\"article:publisher\" content=\"https:\/\/www.facebook.com\/estrategiacarreirajuridica\/\" \/>\n<meta property=\"article:published_time\" content=\"2026-03-20T22:27:00+00:00\" \/>\n<meta property=\"article:modified_time\" content=\"2026-04-08T17:09:55+00:00\" \/>\n<meta property=\"og:image\" content=\"https:\/\/cj.estrategia.com\/portal\/wp-content\/uploads\/2026\/01\/04105643\/procurador.jpg\" \/>\n\t<meta property=\"og:image:width\" content=\"2459\" \/>\n\t<meta property=\"og:image:height\" content=\"1383\" \/>\n\t<meta property=\"og:image:type\" content=\"image\/jpeg\" \/>\n<meta name=\"author\" content=\"Coordena\u00e7\u00e3o\" \/>\n<meta name=\"twitter:card\" content=\"summary_large_image\" \/>\n<meta name=\"twitter:creator\" content=\"@EstratJuridica\" \/>\n<meta name=\"twitter:site\" content=\"@EstratJuridica\" \/>\n<meta name=\"twitter:label1\" content=\"Escrito por\" \/>\n\t<meta name=\"twitter:data1\" content=\"Coordena\u00e7\u00e3o\" \/>\n\t<meta name=\"twitter:label2\" content=\"Est. tempo de leitura\" \/>\n\t<meta name=\"twitter:data2\" content=\"7 minutos\" \/>\n<script type=\"application\/ld+json\" class=\"yoast-schema-graph\">{\"@context\":\"https:\\\/\\\/schema.org\",\"@graph\":[{\"@type\":\"NewsArticle\",\"@id\":\"https:\\\/\\\/cj.estrategia.com\\\/portal\\\/concurso-pge-go-procurador\\\/#article\",\"isPartOf\":{\"@id\":\"https:\\\/\\\/cj.estrategia.com\\\/portal\\\/concurso-pge-go-procurador\\\/\"},\"author\":{\"name\":\"Coordena\u00e7\u00e3o\",\"@id\":\"https:\\\/\\\/cj.estrategia.com\\\/portal\\\/#\\\/schema\\\/person\\\/4d70317d31449932b99102916b6637f5\"},\"headline\":\"Concurso PGE GO Procurador: aprovados foram empossados\",\"datePublished\":\"2026-03-20T22:27:00+00:00\",\"dateModified\":\"2026-04-08T17:09:55+00:00\",\"mainEntityOfPage\":{\"@id\":\"https:\\\/\\\/cj.estrategia.com\\\/portal\\\/concurso-pge-go-procurador\\\/\"},\"wordCount\":931,\"commentCount\":0,\"publisher\":{\"@id\":\"https:\\\/\\\/cj.estrategia.com\\\/portal\\\/#organization\"},\"image\":{\"@id\":\"https:\\\/\\\/cj.estrategia.com\\\/portal\\\/concurso-pge-go-procurador\\\/#primaryimage\"},\"thumbnailUrl\":\"https:\\\/\\\/cj.estrategia.com\\\/portal\\\/wp-content\\\/uploads\\\/2026\\\/01\\\/04105643\\\/procurador.jpg\",\"articleSection\":[\"Carreiras Jur\u00eddicas\"],\"inLanguage\":\"pt-BR\",\"potentialAction\":[{\"@type\":\"CommentAction\",\"name\":\"Comment\",\"target\":[\"https:\\\/\\\/cj.estrategia.com\\\/portal\\\/concurso-pge-go-procurador\\\/#respond\"]}],\"accessibilityFeature\":[\"tableOfContents\"]},{\"@type\":\"WebPage\",\"@id\":\"https:\\\/\\\/cj.estrategia.com\\\/portal\\\/concurso-pge-go-procurador\\\/\",\"url\":\"https:\\\/\\\/cj.estrategia.com\\\/portal\\\/concurso-pge-go-procurador\\\/\",\"name\":\"Concurso PGE GO Procurador: aprovados foram empossados\",\"isPartOf\":{\"@id\":\"https:\\\/\\\/cj.estrategia.com\\\/portal\\\/#website\"},\"primaryImageOfPage\":{\"@id\":\"https:\\\/\\\/cj.estrategia.com\\\/portal\\\/concurso-pge-go-procurador\\\/#primaryimage\"},\"image\":{\"@id\":\"https:\\\/\\\/cj.estrategia.com\\\/portal\\\/concurso-pge-go-procurador\\\/#primaryimage\"},\"thumbnailUrl\":\"https:\\\/\\\/cj.estrategia.com\\\/portal\\\/wp-content\\\/uploads\\\/2026\\\/01\\\/04105643\\\/procurador.jpg\",\"datePublished\":\"2026-03-20T22:27:00+00:00\",\"dateModified\":\"2026-04-08T17:09:55+00:00\",\"description\":\"Concurso PGE GO Procurador: edital ofertou 10 vagas para o cargo de Procurador do Estado substituto. Resultado homologado!\",\"breadcrumb\":{\"@id\":\"https:\\\/\\\/cj.estrategia.com\\\/portal\\\/concurso-pge-go-procurador\\\/#breadcrumb\"},\"inLanguage\":\"pt-BR\",\"potentialAction\":[{\"@type\":\"ReadAction\",\"target\":[\"https:\\\/\\\/cj.estrategia.com\\\/portal\\\/concurso-pge-go-procurador\\\/\"]}]},{\"@type\":\"ImageObject\",\"inLanguage\":\"pt-BR\",\"@id\":\"https:\\\/\\\/cj.estrategia.com\\\/portal\\\/concurso-pge-go-procurador\\\/#primaryimage\",\"url\":\"https:\\\/\\\/cj.estrategia.com\\\/portal\\\/wp-content\\\/uploads\\\/2026\\\/01\\\/04105643\\\/procurador.jpg\",\"contentUrl\":\"https:\\\/\\\/cj.estrategia.com\\\/portal\\\/wp-content\\\/uploads\\\/2026\\\/01\\\/04105643\\\/procurador.jpg\",\"width\":2459,\"height\":1383},{\"@type\":\"BreadcrumbList\",\"@id\":\"https:\\\/\\\/cj.estrategia.com\\\/portal\\\/concurso-pge-go-procurador\\\/#breadcrumb\",\"itemListElement\":[{\"@type\":\"ListItem\",\"position\":1,\"name\":\"In\u00edcio\",\"item\":\"https:\\\/\\\/cj.estrategia.com\\\/portal\\\/\"},{\"@type\":\"ListItem\",\"position\":2,\"name\":\"Concurso PGE GO Procurador: aprovados foram empossados\"}]},{\"@type\":\"WebSite\",\"@id\":\"https:\\\/\\\/cj.estrategia.com\\\/portal\\\/#website\",\"url\":\"https:\\\/\\\/cj.estrategia.com\\\/portal\\\/\",\"name\":\"Blog - Carreiras Jur\u00eddicas - Estrat\u00e9gia\",\"description\":\"\",\"publisher\":{\"@id\":\"https:\\\/\\\/cj.estrategia.com\\\/portal\\\/#organization\"},\"potentialAction\":[{\"@type\":\"SearchAction\",\"target\":{\"@type\":\"EntryPoint\",\"urlTemplate\":\"https:\\\/\\\/cj.estrategia.com\\\/portal\\\/?s={search_term_string}\"},\"query-input\":{\"@type\":\"PropertyValueSpecification\",\"valueRequired\":true,\"valueName\":\"search_term_string\"}}],\"inLanguage\":\"pt-BR\"},{\"@type\":\"Organization\",\"@id\":\"https:\\\/\\\/cj.estrategia.com\\\/portal\\\/#organization\",\"name\":\"Estrat\u00e9gia - Carreiras Jur\u00eddicas\",\"url\":\"https:\\\/\\\/cj.estrategia.com\\\/portal\\\/\",\"logo\":{\"@type\":\"ImageObject\",\"inLanguage\":\"pt-BR\",\"@id\":\"https:\\\/\\\/cj.estrategia.com\\\/portal\\\/#\\\/schema\\\/logo\\\/image\\\/\",\"url\":\"https:\\\/\\\/cj.estrategia.com\\\/portal\\\/wp-content\\\/uploads\\\/2022\\\/03\\\/11151052\\\/cj-logo.png\",\"contentUrl\":\"https:\\\/\\\/cj.estrategia.com\\\/portal\\\/wp-content\\\/uploads\\\/2022\\\/03\\\/11151052\\\/cj-logo.png\",\"width\":150,\"height\":39,\"caption\":\"Estrat\u00e9gia - Carreiras Jur\u00eddicas\"},\"image\":{\"@id\":\"https:\\\/\\\/cj.estrategia.com\\\/portal\\\/#\\\/schema\\\/logo\\\/image\\\/\"},\"sameAs\":[\"https:\\\/\\\/www.facebook.com\\\/estrategiacarreirajuridica\\\/\",\"https:\\\/\\\/x.com\\\/EstratJuridica\",\"https:\\\/\\\/www.instagram.com\\\/estrategiacarreirajuridica\\\/\",\"https:\\\/\\\/www.youtube.com\\\/channel\\\/UClbMGuYbj2Mh1m3w144ETWQ\"]},{\"@type\":\"Person\",\"@id\":\"https:\\\/\\\/cj.estrategia.com\\\/portal\\\/#\\\/schema\\\/person\\\/4d70317d31449932b99102916b6637f5\",\"name\":\"Coordena\u00e7\u00e3o\",\"image\":{\"@type\":\"ImageObject\",\"inLanguage\":\"pt-BR\",\"@id\":\"https:\\\/\\\/cj.estrategia.com\\\/portal\\\/wp-content\\\/uploads\\\/2022\\\/05\\\/12164923\\\/estrategia-carreira-juridica-coordenacao-96x96.png\",\"url\":\"https:\\\/\\\/cj.estrategia.com\\\/portal\\\/wp-content\\\/uploads\\\/2022\\\/05\\\/12164923\\\/estrategia-carreira-juridica-coordenacao-96x96.png\",\"contentUrl\":\"https:\\\/\\\/cj.estrategia.com\\\/portal\\\/wp-content\\\/uploads\\\/2022\\\/05\\\/12164923\\\/estrategia-carreira-juridica-coordenacao-96x96.png\",\"caption\":\"Coordena\u00e7\u00e3o\"},\"url\":\"https:\\\/\\\/cj.estrategia.com\\\/portal\\\/author\\\/coordenacao\\\/\"}]}<\/script>\n<!-- \/ Yoast SEO Premium plugin. -->","yoast_head_json":{"title":"Concurso PGE GO Procurador: aprovados foram empossados","description":"Concurso PGE GO Procurador: edital ofertou 10 vagas para o cargo de Procurador do Estado substituto. Resultado homologado!","robots":{"index":"index","follow":"follow","max-snippet":"max-snippet:-1","max-image-preview":"max-image-preview:large","max-video-preview":"max-video-preview:-1"},"canonical":"https:\/\/cj.estrategia.com\/portal\/concurso-pge-go-procurador\/","og_locale":"pt_BR","og_type":"article","og_title":"Concurso PGE GO Procurador: aprovados foram empossados","og_description":"Concurso PGE GO Procurador: edital ofertou 10 vagas para o cargo de Procurador do Estado substituto. Resultado homologado!","og_url":"https:\/\/cj.estrategia.com\/portal\/concurso-pge-go-procurador\/","og_site_name":"Blog - Carreiras Jur\u00eddicas - Estrat\u00e9gia","article_publisher":"https:\/\/www.facebook.com\/estrategiacarreirajuridica\/","article_published_time":"2026-03-20T22:27:00+00:00","article_modified_time":"2026-04-08T17:09:55+00:00","og_image":[{"width":2459,"height":1383,"url":"https:\/\/cj.estrategia.com\/portal\/wp-content\/uploads\/2026\/01\/04105643\/procurador.jpg","type":"image\/jpeg"}],"author":"Coordena\u00e7\u00e3o","twitter_card":"summary_large_image","twitter_creator":"@EstratJuridica","twitter_site":"@EstratJuridica","twitter_misc":{"Escrito por":"Coordena\u00e7\u00e3o","Est. tempo de leitura":"7 minutos"},"schema":{"@context":"https:\/\/schema.org","@graph":[{"@type":"NewsArticle","@id":"https:\/\/cj.estrategia.com\/portal\/concurso-pge-go-procurador\/#article","isPartOf":{"@id":"https:\/\/cj.estrategia.com\/portal\/concurso-pge-go-procurador\/"},"author":{"name":"Coordena\u00e7\u00e3o","@id":"https:\/\/cj.estrategia.com\/portal\/#\/schema\/person\/4d70317d31449932b99102916b6637f5"},"headline":"Concurso PGE GO Procurador: aprovados foram empossados","datePublished":"2026-03-20T22:27:00+00:00","dateModified":"2026-04-08T17:09:55+00:00","mainEntityOfPage":{"@id":"https:\/\/cj.estrategia.com\/portal\/concurso-pge-go-procurador\/"},"wordCount":931,"commentCount":0,"publisher":{"@id":"https:\/\/cj.estrategia.com\/portal\/#organization"},"image":{"@id":"https:\/\/cj.estrategia.com\/portal\/concurso-pge-go-procurador\/#primaryimage"},"thumbnailUrl":"https:\/\/cj.estrategia.com\/portal\/wp-content\/uploads\/2026\/01\/04105643\/procurador.jpg","articleSection":["Carreiras Jur\u00eddicas"],"inLanguage":"pt-BR","potentialAction":[{"@type":"CommentAction","name":"Comment","target":["https:\/\/cj.estrategia.com\/portal\/concurso-pge-go-procurador\/#respond"]}],"accessibilityFeature":["tableOfContents"]},{"@type":"WebPage","@id":"https:\/\/cj.estrategia.com\/portal\/concurso-pge-go-procurador\/","url":"https:\/\/cj.estrategia.com\/portal\/concurso-pge-go-procurador\/","name":"Concurso PGE GO Procurador: aprovados foram empossados","isPartOf":{"@id":"https:\/\/cj.estrategia.com\/portal\/#website"},"primaryImageOfPage":{"@id":"https:\/\/cj.estrategia.com\/portal\/concurso-pge-go-procurador\/#primaryimage"},"image":{"@id":"https:\/\/cj.estrategia.com\/portal\/concurso-pge-go-procurador\/#primaryimage"},"thumbnailUrl":"https:\/\/cj.estrategia.com\/portal\/wp-content\/uploads\/2026\/01\/04105643\/procurador.jpg","datePublished":"2026-03-20T22:27:00+00:00","dateModified":"2026-04-08T17:09:55+00:00","description":"Concurso PGE GO Procurador: edital ofertou 10 vagas para o cargo de Procurador do Estado substituto. Resultado homologado!","breadcrumb":{"@id":"https:\/\/cj.estrategia.com\/portal\/concurso-pge-go-procurador\/#breadcrumb"},"inLanguage":"pt-BR","potentialAction":[{"@type":"ReadAction","target":["https:\/\/cj.estrategia.com\/portal\/concurso-pge-go-procurador\/"]}]},{"@type":"ImageObject","inLanguage":"pt-BR","@id":"https:\/\/cj.estrategia.com\/portal\/concurso-pge-go-procurador\/#primaryimage","url":"https:\/\/cj.estrategia.com\/portal\/wp-content\/uploads\/2026\/01\/04105643\/procurador.jpg","contentUrl":"https:\/\/cj.estrategia.com\/portal\/wp-content\/uploads\/2026\/01\/04105643\/procurador.jpg","width":2459,"height":1383},{"@type":"BreadcrumbList","@id":"https:\/\/cj.estrategia.com\/portal\/concurso-pge-go-procurador\/#breadcrumb","itemListElement":[{"@type":"ListItem","position":1,"name":"In\u00edcio","item":"https:\/\/cj.estrategia.com\/portal\/"},{"@type":"ListItem","position":2,"name":"Concurso PGE GO Procurador: aprovados foram empossados"}]},{"@type":"WebSite","@id":"https:\/\/cj.estrategia.com\/portal\/#website","url":"https:\/\/cj.estrategia.com\/portal\/","name":"Blog - Carreiras Jur\u00eddicas - Estrat\u00e9gia","description":"","publisher":{"@id":"https:\/\/cj.estrategia.com\/portal\/#organization"},"potentialAction":[{"@type":"SearchAction","target":{"@type":"EntryPoint","urlTemplate":"https:\/\/cj.estrategia.com\/portal\/?s={search_term_string}"},"query-input":{"@type":"PropertyValueSpecification","valueRequired":true,"valueName":"search_term_string"}}],"inLanguage":"pt-BR"},{"@type":"Organization","@id":"https:\/\/cj.estrategia.com\/portal\/#organization","name":"Estrat\u00e9gia - Carreiras Jur\u00eddicas","url":"https:\/\/cj.estrategia.com\/portal\/","logo":{"@type":"ImageObject","inLanguage":"pt-BR","@id":"https:\/\/cj.estrategia.com\/portal\/#\/schema\/logo\/image\/","url":"https:\/\/cj.estrategia.com\/portal\/wp-content\/uploads\/2022\/03\/11151052\/cj-logo.png","contentUrl":"https:\/\/cj.estrategia.com\/portal\/wp-content\/uploads\/2022\/03\/11151052\/cj-logo.png","width":150,"height":39,"caption":"Estrat\u00e9gia - Carreiras Jur\u00eddicas"},"image":{"@id":"https:\/\/cj.estrategia.com\/portal\/#\/schema\/logo\/image\/"},"sameAs":["https:\/\/www.facebook.com\/estrategiacarreirajuridica\/","https:\/\/x.com\/EstratJuridica","https:\/\/www.instagram.com\/estrategiacarreirajuridica\/","https:\/\/www.youtube.com\/channel\/UClbMGuYbj2Mh1m3w144ETWQ"]},{"@type":"Person","@id":"https:\/\/cj.estrategia.com\/portal\/#\/schema\/person\/4d70317d31449932b99102916b6637f5","name":"Coordena\u00e7\u00e3o","image":{"@type":"ImageObject","inLanguage":"pt-BR","@id":"https:\/\/cj.estrategia.com\/portal\/wp-content\/uploads\/2022\/05\/12164923\/estrategia-carreira-juridica-coordenacao-96x96.png","url":"https:\/\/cj.estrategia.com\/portal\/wp-content\/uploads\/2022\/05\/12164923\/estrategia-carreira-juridica-coordenacao-96x96.png","contentUrl":"https:\/\/cj.estrategia.com\/portal\/wp-content\/uploads\/2022\/05\/12164923\/estrategia-carreira-juridica-coordenacao-96x96.png","caption":"Coordena\u00e7\u00e3o"},"url":"https:\/\/cj.estrategia.com\/portal\/author\/coordenacao\/"}]}},"jetpack_featured_media_url":"https:\/\/cj.estrategia.com\/portal\/wp-content\/uploads\/2026\/01\/04105643\/procurador.jpg","jetpack_sharing_enabled":true,"_links":{"self":[{"href":"https:\/\/cj.estrategia.com\/portal\/wp-json\/wp\/v2\/posts\/64","targetHints":{"allow":["GET"]}}],"collection":[{"href":"https:\/\/cj.estrategia.com\/portal\/wp-json\/wp\/v2\/posts"}],"about":[{"href":"https:\/\/cj.estrategia.com\/portal\/wp-json\/wp\/v2\/types\/post"}],"author":[{"embeddable":true,"href":"https:\/\/cj.estrategia.com\/portal\/wp-json\/wp\/v2\/users\/12"}],"replies":[{"embeddable":true,"href":"https:\/\/cj.estrategia.com\/portal\/wp-json\/wp\/v2\/comments?post=64"}],"version-history":[{"count":123,"href":"https:\/\/cj.estrategia.com\/portal\/wp-json\/wp\/v2\/posts\/64\/revisions"}],"predecessor-version":[{"id":185770,"href":"https:\/\/cj.estrategia.com\/portal\/wp-json\/wp\/v2\/posts\/64\/revisions\/185770"}],"wp:featuredmedia":[{"embeddable":true,"href":"https:\/\/cj.estrategia.com\/portal\/wp-json\/wp\/v2\/media\/177715"}],"wp:attachment":[{"href":"https:\/\/cj.estrategia.com\/portal\/wp-json\/wp\/v2\/media?parent=64"}],"wp:term":[{"taxonomy":"category","embeddable":true,"href":"https:\/\/cj.estrategia.com\/portal\/wp-json\/wp\/v2\/categories?post=64"},{"taxonomy":"post_tag","embeddable":true,"href":"https:\/\/cj.estrategia.com\/portal\/wp-json\/wp\/v2\/tags?post=64"},{"taxonomy":"tax_estado","embeddable":true,"href":"https:\/\/cj.estrategia.com\/portal\/wp-json\/wp\/v2\/tax_estado?post=64"}],"curies":[{"name":"wp","href":"https:\/\/api.w.org\/{rel}","templated":true}]}}