{"id":63861,"date":"2024-06-19T08:00:00","date_gmt":"2024-06-19T11:00:00","guid":{"rendered":"https:\/\/cj.estrategia.com\/portal\/?p=63861"},"modified":"2024-06-03T21:45:15","modified_gmt":"2024-06-04T00:45:15","slug":"constitucionalidade-jornada-12x36","status":"publish","type":"post","link":"https:\/\/cj.estrategia.com\/portal\/constitucionalidade-jornada-12x36\/","title":{"rendered":"Constitucionalidade da Jornada 12&#215;36\u00a0"},"content":{"rendered":"<div class=\"wp-block-image\">\n<figure class=\"aligncenter size-full is-resized\"><img decoding=\"async\" width=\"1024\" height=\"1024\" src=\"https:\/\/cj.estrategia.com\/portal\/wp-content\/uploads\/2024\/05\/22101702\/Imagem-do-WhatsApp-de-2024-05-22-as-10.16.15_ffddb89f.jpg\" alt=\"Constitucionalidade da Jornada 12x36\u00a0\" class=\"wp-image-63862\" style=\"object-fit:cover;width:650px;height:450px\" srcset=\"https:\/\/cj.estrategia.com\/portal\/wp-content\/uploads\/2024\/05\/22101702\/Imagem-do-WhatsApp-de-2024-05-22-as-10.16.15_ffddb89f.jpg 1024w, https:\/\/cj.estrategia.com\/portal\/wp-content\/uploads\/2024\/05\/22101702\/Imagem-do-WhatsApp-de-2024-05-22-as-10.16.15_ffddb89f-300x300.jpg 300w, https:\/\/cj.estrategia.com\/portal\/wp-content\/uploads\/2024\/05\/22101702\/Imagem-do-WhatsApp-de-2024-05-22-as-10.16.15_ffddb89f-150x150.jpg 150w, https:\/\/cj.estrategia.com\/portal\/wp-content\/uploads\/2024\/05\/22101702\/Imagem-do-WhatsApp-de-2024-05-22-as-10.16.15_ffddb89f-768x768.jpg 768w, https:\/\/cj.estrategia.com\/portal\/wp-content\/uploads\/2024\/05\/22101702\/Imagem-do-WhatsApp-de-2024-05-22-as-10.16.15_ffddb89f-80x80.jpg 80w, https:\/\/cj.estrategia.com\/portal\/wp-content\/uploads\/2024\/05\/22101702\/Imagem-do-WhatsApp-de-2024-05-22-as-10.16.15_ffddb89f-380x380.jpg 380w, https:\/\/cj.estrategia.com\/portal\/wp-content\/uploads\/2024\/05\/22101702\/Imagem-do-WhatsApp-de-2024-05-22-as-10.16.15_ffddb89f-800x800.jpg 800w, https:\/\/cj.estrategia.com\/portal\/wp-content\/uploads\/2024\/05\/22101702\/Imagem-do-WhatsApp-de-2024-05-22-as-10.16.15_ffddb89f-24x24.jpg 24w, https:\/\/cj.estrategia.com\/portal\/wp-content\/uploads\/2024\/05\/22101702\/Imagem-do-WhatsApp-de-2024-05-22-as-10.16.15_ffddb89f-48x48.jpg 48w, https:\/\/cj.estrategia.com\/portal\/wp-content\/uploads\/2024\/05\/22101702\/Imagem-do-WhatsApp-de-2024-05-22-as-10.16.15_ffddb89f-96x96.jpg 96w\" sizes=\"(max-width: 1024px) 100vw, 1024px\" \/><figcaption class=\"wp-element-caption\">Constitucionalidade da Jornada 12&#215;36&nbsp;<\/figcaption><\/figure>\n<\/div>\n\n\n<p>Neste artigo falaremos sobre a Constitucionalidade da Jornada 12&#215;36, destacando o entendimento do Supremo Tribunal Federal (STF) quanto ao tema.<\/p>\n\n\n\n<p>Desse modo, teceremos algumas considera\u00e7\u00f5es iniciais sobre a base normativa da jornada de 12 horas de trabalho por 36 horas ininterruptas de descanso.<\/p>\n\n\n\n<p>Na sequ\u00eancia, falaremos sobre como funciona a jornada 12&#215;36, isso \u00e9, abordaremos tanto o ajuste entre empregado e empregador, os intervalos e as horas extras quanto o pagamento de adicional noturno nesses casos, especificando, para isso, a jurisprud\u00eancia do Tribunal Superior do Trabalho (TST).<\/p>\n\n\n\n<p>Por fim, abordaremos o assunto central deste artigo, qual seja, a defini\u00e7\u00e3o acerca da (in)constitucionalidade da jornada 12&#215;36 na vis\u00e3o do Supremo Tribunal Federal.<\/p>\n\n\n\n<p>Nesse sentido, abordaremos a controv\u00e9rsia do caso concreto da A\u00e7\u00e3o Direta de Inconstitucionalidade n. 5.994\/DF, assim como a Tese fixada pela Corte Suprema.<\/p>\n\n\n\n<p>Vamos ao que interessa!<\/p>\n\n\n\n<div class=\"wp-block-yoast-seo-table-of-contents yoast-table-of-contents\"><h2 id=\"sumario\"><mark style=\"background-color:rgba(0, 0, 0, 0)\" class=\"has-inline-color has-luminous-vivid-orange-color\">Sum\u00e1rio<\/mark><\/h2><ul><li><a href=\"#h-constitucionalidade-da-jornada-12x36\" data-level=\"2\">Constitucionalidade da Jornada 12&#215;36<\/a><ul><li><a href=\"#h-base-normativa\" data-level=\"3\">Base normativa<\/a><\/li><li><a href=\"#h-como-funciona-a-jornada-12x36\" data-level=\"3\">Como funciona a jornada 12&#215;36?<\/a><ul><li><a href=\"#h-ajuste-entre-empregado-e-empregador\" data-level=\"4\">Ajuste entre empregado e empregador<\/a><\/li><li><a href=\"#h-intervalos-e-horas-extras\" data-level=\"4\">Intervalos e horas extras<\/a><\/li><li><a href=\"#h-pagamento-de-adicional-noturno-na-jornada-12x36\" data-level=\"4\">Pagamento de adicional noturno na jornada 12&#215;36<\/a><\/li><\/ul><\/li><li><a href=\"#h-para-o-stf-a-jornada-12x36-e-constitucional\" data-level=\"3\">Para o STF, a jornada 12&#215;36 \u00e9 constitucional!<\/a><ul><li><a href=\"#h-contextualizacao-da-controversia\" data-level=\"4\">Contextualiza\u00e7\u00e3o da controv\u00e9rsia<\/a><\/li><li><a href=\"#h-tese-fixada-pelo-stf\" data-level=\"4\">Tese fixada pelo STF<\/a><\/li><\/ul><\/li><\/ul><\/li><li><a href=\"#h-conclusao\" data-level=\"2\">Conclus\u00e3o<\/a><\/li><li><a href=\"#cursos-ficha\" data-level=\"2\">Quer estudar para Concursos de Delegado 2024?<\/a><\/li><\/ul><\/div>\n\n\n\n<h2 class=\"wp-block-heading has-luminous-vivid-orange-color has-text-color has-link-color wp-elements-f1943e62ba4bbaa1645704733c417467\" id=\"h-constitucionalidade-da-jornada-12x36\"><span id=\"constitucionalidade-da-jornada-1236\">Constitucionalidade da Jornada 12&#215;36<\/span><\/h2>\n\n\n\n<h3 class=\"wp-block-heading has-luminous-vivid-orange-color has-text-color has-link-color wp-elements-77cba7044a283e32994b790edfd1066f\" id=\"h-base-normativa\"><span id=\"base-normativa\">Base normativa<\/span><\/h3>\n\n\n\n<p>Em primeiro lugar, a jornada de trabalho \u00e9 tema tratado na pr\u00f3pria Constitui\u00e7\u00e3o Federal, em seu artigo 7\u00ba, incisos XIII e XIV.<\/p>\n\n\n\n<p>O inciso XIII afirma ser direito dos trabalhadores urbanos e rurais, al\u00e9m de outros que visem \u00e0 melhoria de sua condi\u00e7\u00e3o social, a dura\u00e7\u00e3o do trabalho normal<strong> n\u00e3o superior a oito horas di\u00e1rias e quarenta e quatro semanais<\/strong>, <strong>facultada a compensa\u00e7\u00e3o de hor\u00e1rios e a redu\u00e7\u00e3o da jornada<\/strong>, mediante acordo ou conven\u00e7\u00e3o coletiva de trabalho.<\/p>\n\n\n\n<p>Vejam que o inciso faculta, mediante negocia\u00e7\u00e3o coletiva (ACT ou CCT), a compensa\u00e7\u00e3o e a <strong>redu\u00e7\u00e3o<\/strong> da jornada, e n\u00e3o o aumento.<\/p>\n\n\n\n<p>J\u00e1 o inciso XIV prev\u00ea como direito a jornada de seis horas para o trabalho realizado em turnos ininterruptos de revezamento (\u201cTIR\u201d), salvo negocia\u00e7\u00e3o coletiva.<\/p>\n\n\n\n<p>Por sua vez, a Reforma Trabalhista (Lei n. 13.467\/2017) foi a respons\u00e1vel por inserir na CLT o artigo 59-A, que tratou da <strong>jornada \u201c12&#215;36\u201d (doze por trinta e seis)<\/strong>.<\/p>\n\n\n\n<h3 class=\"wp-block-heading has-luminous-vivid-orange-color has-text-color has-link-color wp-elements-4d46aa0ef7c2ed8c4e3229ab6d7acf9e\" id=\"h-como-funciona-a-jornada-12x36\"><span id=\"como-funciona-a-jornada-1236\">Como funciona a jornada 12&#215;36?<\/span><\/h3>\n\n\n\n<h4 class=\"wp-block-heading has-luminous-vivid-orange-color has-text-color has-link-color wp-elements-f508f59feba059d5a47dfb2ada1571c7\" id=\"h-ajuste-entre-empregado-e-empregador\"><span id=\"ajuste-entre-empregado-e-empregador\">Ajuste entre empregado e empregador<\/span><\/h4>\n\n\n\n<p>De acordo com o artigo 59-A da CLT, <strong>\u00e9 facultado<\/strong> \u00e0s partes estabelecer hor\u00e1rio de trabalho de <strong>doze horas seguidas por trinta e seis horas ininterruptas de descanso<\/strong>, observados ou indenizados os intervalos para repouso e alimenta\u00e7\u00e3o:<\/p>\n\n\n\n<blockquote class=\"wp-block-quote is-layout-flow wp-block-quote-is-layout-flow\">\n<p class=\"has-small-font-size\">Art. 59-A.&nbsp; Em exce\u00e7\u00e3o ao disposto no art. 59 desta Consolida\u00e7\u00e3o, \u00e9 facultado \u00e0s partes, mediante acordo individual escrito, conven\u00e7\u00e3o coletiva ou acordo coletivo de trabalho, estabelecer hor\u00e1rio de trabalho de doze horas seguidas por trinta e seis horas ininterruptas de descanso, observados ou indenizados os intervalos para repouso e alimenta\u00e7\u00e3o.&nbsp;&nbsp;<\/p>\n<\/blockquote>\n\n\n\n<p>Notem que essa jornada, ent\u00e3o, \u00e9 fruto de um consentimento do empregador e do empregado (facultativa). <strong>Esse consentimento pode ocorrer por meio de:<\/strong><\/p>\n\n\n\n<ol class=\"wp-block-list\">\n<li>Acordo individual escrito: nesse caso basta um consenso entre o empregado e o empregador, que deve ocorrer por escrito.<\/li>\n<\/ol>\n\n\n\n<ol class=\"wp-block-list\" start=\"2\">\n<li>Acordo coletivo de trabalho: \u00e9 o acordo entre o sindicato dos trabalhadores e a empresa respectiva.<\/li>\n<\/ol>\n\n\n\n<ol class=\"wp-block-list\" start=\"3\">\n<li>Conven\u00e7\u00e3o coletiva de trabalho: \u00e9 o acordo entre o sindicato patronal (sindicato dos empregadores) e o sindicato laboral (sindicato dos empregados).<\/li>\n<\/ol>\n\n\n\n<h4 class=\"wp-block-heading has-luminous-vivid-orange-color has-text-color has-link-color wp-elements-ed4d71da1eca6b3f7521cdf2132dc04e\" id=\"h-intervalos-e-horas-extras\"><span id=\"intervalos-e-horas-extras\">Intervalos e horas extras<\/span><\/h4>\n\n\n\n<p>Vejam ainda que os intervalos para repouso e alimenta\u00e7\u00e3o podem ser <strong>observados ou indenizados.<\/strong><\/p>\n\n\n\n<p>Isso significa dizer que pode haver, respectivamente, (i) tanto a observ\u00e2ncia das regras do <em>caput<\/em> do artigo 71 da CLT, isso \u00e9, intervalo m\u00ednimo de 01 hora e, salvo acordo escrito ou contrato coletivo em contr\u00e1rio, e m\u00e1ximo de 02 horas; (ii) quanto o pagamento dessa hora como de efetivo trabalho, caso o empregado n\u00e3o descanse\/repouse.<\/p>\n\n\n\n<p>No que se refere ao <strong>pagamento dos intervalos\/repousos n\u00e3o gozados<\/strong>, o par\u00e1grafo \u00fanico do artigo 59-A disp\u00f5e que <strong>dever\u00e1 estar abrangido na remunera\u00e7\u00e3o mensal<\/strong> <strong>pactuada<\/strong>. A remunera\u00e7\u00e3o mensal tamb\u00e9m deve abranger o pagamento pelo descanso em feriados.&nbsp;&nbsp;<\/p>\n\n\n\n<p>O par\u00e1grafo ainda preconiza que ser\u00e3o considerados compensados os feriados e as prorroga\u00e7\u00f5es de trabalho noturno, quando houver, de que tratam o art. 70 e o \u00a7 5\u00ba do art. 73 desta Consolida\u00e7\u00e3o.&nbsp;&nbsp;&nbsp;&nbsp;&nbsp;&nbsp;&nbsp;&nbsp;&nbsp;&nbsp;&nbsp;&nbsp;&nbsp;&nbsp;&nbsp;<\/p>\n\n\n\n<p>Tamb\u00e9m \u00e9 importante destacar que o <em>caput<\/em> do artigo 59-A, ao iniciar dizendo que <em>\u201cEm exce\u00e7\u00e3o ao disposto no art. 59 desta Consolida\u00e7\u00e3o\u201d<\/em>, na verdade est\u00e1 dizendo que, em rela\u00e7\u00e3o \u00e0s horas dessa jornada de 12 horas que ultrapassarem as 08 horas di\u00e1rias, <strong>n\u00e3o haver\u00e1 pagamento de hora extra apenas pelo cumprimento normal da jornada<\/strong>.<\/p>\n\n\n\n<p>Nesse sentido, o Tribunal Superior do Trabalho (TST) entende que somente \u00e9 considerada hora extra a que exceda o limite das 44 horas semanais, o que atrai a aplica\u00e7\u00e3o do divisor 220 para o c\u00e1lculo das horas extras do empregado que trabalha no regime de 12&#215;36.<\/p>\n\n\n\n<p>Isso porque o empregado que cumpre regime de 12&#215;36 trabalha quatro dias em uma semana (48 horas) e tr\u00eas dias na seguinte (36 horas), havendo compensa\u00e7\u00e3o, na forma autorizada em conven\u00e7\u00e3o coletiva.&nbsp;<\/p>\n\n\n\n<p>Portanto, somente \u00e9 considerado extraordin\u00e1rio o trabalho que exceda \u00e0 44\u00aa hora semanal. Por esse racioc\u00ednio, o divisor a ser utilizado para c\u00e1lculo do valor da hora extra corresponde a 220, vide <a href=\"https:\/\/jurisprudencia-backend2.tst.jus.br\/rest\/documentos\/af35e02b9070028f392b25abc7b39e60\" target=\"_blank\" >RR-10676-42.2017.5.03.0021<\/a>, 3\u00aa Turma, Relator Ministro Alberto Luiz Bresciani de Fontan Pereira, DEJT 02\/07\/2021.<\/p>\n\n\n\n<h4 class=\"wp-block-heading has-luminous-vivid-orange-color has-text-color has-link-color wp-elements-9d7c2922763833f5dc7d27e1a8b2cca7\" id=\"h-pagamento-de-adicional-noturno-na-jornada-12x36\"><span id=\"pagamento-de-adicional-noturno-na-jornada-1236\">Pagamento de adicional noturno na jornada 12&#215;36<\/span><\/h4>\n\n\n\n<p>O TST possui jurisprud\u00eancia no sentido de que, tratando-se de escala de 12 horas de trabalho por 36 horas de descanso, <strong>\u00e9 igualmente devida a concess\u00e3o tanto da hora ficta noturna reduzida quanto do adicional noturno<\/strong>, a fim de resguardar a seguran\u00e7a e sa\u00fade do trabalhador exposto a tal jornada.<\/p>\n\n\n\n<p>Isso porque, de acordo com a Corte Trabalhista, a hora noturna reduzida \u00e9 direito garantido por disposi\u00e7\u00e3o legal (artigo 73, \u00a71.\u00ba, da CLT) e constitucional (artigo 7.\u00ba, IX e XXII, da CF\/1988), possuindo como objetivo o de assegurar a higidez f\u00edsica e mental do empregado, em raz\u00e3o do maior desgaste no labor em per\u00edodo noturno.&nbsp;<\/p>\n\n\n\n<p>Assim, como consequ\u00eancia, o labor em per\u00edodo noturno, al\u00e9m da previs\u00e3o de hora ficta de 52min e 30s, possui remunera\u00e7\u00e3o maior do que a do per\u00edodo diurno, de modo a melhor remunerar o labor em condi\u00e7\u00e3o penosa, vide <a href=\"https:\/\/jurisprudencia-backend2.tst.jus.br\/rest\/documentos\/81cccebffa06b411214fd3147ef81c6b\" target=\"_blank\" >RR-1000381-02.2021.5.02.0316<\/a>, 1\u00aa Turma, Relator Ministro Hugo Carlos Scheuermann, DEJT 20\/05\/2024.<\/p>\n\n\n\n<h3 class=\"wp-block-heading has-luminous-vivid-orange-color has-text-color has-link-color wp-elements-faa3ed761fd8c2efc180797096158388\" id=\"h-para-o-stf-a-jornada-12x36-e-constitucional\"><span id=\"para-o-stf-a-jornada-1236-e-constitucional\">Para o STF, a jornada 12&#215;36 \u00e9 constitucional!<\/span><\/h3>\n\n\n\n<h4 class=\"wp-block-heading has-luminous-vivid-orange-color has-text-color has-link-color wp-elements-92ec246c56f0fb4726c0cd6b9e0df32e\" id=\"h-contextualizacao-da-controversia\"><span id=\"contextualizacao-da-controversia\">Contextualiza\u00e7\u00e3o da controv\u00e9rsia<\/span><\/h4>\n\n\n\n<p>Antes do julgamento da ADI 5.994\/DF pelo STF, bem como da pr\u00f3pria Reforma Trabalhista (Lei n. 13.467\/2017) &#8211; que instituiu de forma expressa a jornada 12&#215;36 na CLT -, o Tribunal Superior do Trabalho j\u00e1 havia aprovado a seguinte S\u00famula n. 444:<\/p>\n\n\n\n<blockquote class=\"wp-block-quote is-layout-flow wp-block-quote-is-layout-flow\">\n<p class=\"has-small-font-size\">S\u00famula n\u00ba 444 do TST &#8211; JORNADA DE TRABALHO. NORMA COLETIVA. LEI. ESCALA DE 12 POR 36. VALIDADE. <strong>\u00c9 v\u00e1lida, em car\u00e1ter excepcional, a jornada de doze horas de trabalho por trinta e seis de descanso<\/strong>, prevista em lei ou ajustada exclusivamente mediante acordo coletivo de trabalho ou conven\u00e7\u00e3o coletiva de trabalho, assegurada a remunera\u00e7\u00e3o em dobro dos feriados trabalhados. O empregado n\u00e3o tem direito ao pagamento de adicional referente ao labor prestado na d\u00e9cima primeira e d\u00e9cima segunda horas.<\/p>\n<\/blockquote>\n\n\n\n<p>No entanto, com o advento da Reforma Trabalhista, a Confedera\u00e7\u00e3o Nacional dos Trabalhadores na Sa\u00fade ajuizou a\u00e7\u00e3o direta, com pedido de concess\u00e3o de liminar, <strong>buscando ver declarada a incompatibilidade<\/strong>, com a Constitui\u00e7\u00e3o Federal, <strong>da express\u00e3o \u201cacordo individual escrito\u201d contida no <\/strong><strong><em>caput<\/em><\/strong><strong> do artigo 59-A<\/strong> da Consolida\u00e7\u00e3o das Leis do Trabalho <strong>e do par\u00e1grafo \u00fanico, na reda\u00e7\u00e3o dada pela Lei n\u00ba 13.467\/2017.<\/strong><\/p>\n\n\n\n<p>A Confedera\u00e7\u00e3o alegou que essa jornada deve ser restrita para categorias espec\u00edficas, bem como deve ser condicionada t\u00e3o somente \u00e0 celebra\u00e7\u00e3o de acordo ou conven\u00e7\u00e3o coletiva de trabalho, uma vez que seria imprescind\u00edvel a participa\u00e7\u00e3o de entidade sindical, sob risco de<\/p>\n\n\n\n<p>ter-se a flexibiliza\u00e7\u00e3o de direitos do trabalhador, especialmente relacionados \u00e0 prote\u00e7\u00e3o da sa\u00fade \u2013 artigos 6\u00ba e 196 da Constitui\u00e7\u00e3o Federal<\/p>\n\n\n\n<p>Alegou tamb\u00e9m que, no \u00e2mbito do direito do trabalho, deve-se observar o princ\u00edpio da veda\u00e7\u00e3o ao retrocesso, bem como a veda\u00e7\u00e3o ao sal\u00e1rio complessivo (agrega\u00e7\u00e3o, em parcela \u00fanica, de valores relativos a direitos diversos), argumentando ser necess\u00e1ria a especifica\u00e7\u00e3o, clara e objetiva, em contracheque, das verbas devidas em raz\u00e3o do descanso semanal remunerado, trabalho em feriado e adicional noturno.<\/p>\n\n\n\n<p><em>E o que o STF entendeu? <\/em>Vamos conferir.<\/p>\n\n\n\n<h4 class=\"wp-block-heading has-luminous-vivid-orange-color has-text-color has-link-color wp-elements-a56cc722131a110f56bf022405e94f92\" id=\"h-tese-fixada-pelo-stf\"><span id=\"tese-fixada-pelo-stf\">Tese fixada pelo STF<\/span><\/h4>\n\n\n\n<p>De acordo com o Supremo, <strong>\u00e9 constitucional<\/strong> a norma da \u201cReforma Trabalhista\u201d (Lei 13.467\/2017) que permite, por meio de acordo individual escrito entre o empregador e o trabalhador, a ado\u00e7\u00e3o da jornada de 12 horas de trabalho seguidas por 36 horas ininterruptas de descanso.<\/p>\n\n\n\n<p>Isso porque, para o STF, essa medida privilegia a liberdade de escolha do trabalhador e refor\u00e7a o equil\u00edbrio entre os valores sociais do trabalho e da livre iniciativa.<\/p>\n\n\n\n<p>Tamb\u00e9m foi destacado que o STF j\u00e1 havia se posicionado pela constitucionalidade da estipula\u00e7\u00e3o, por lei, da jornada de trabalho de 12h por 36h para os bombeiros civis, quando do julgamento da <a href=\"https:\/\/redir.stf.jus.br\/paginadorpub\/paginador.jsp?docTP=TP&amp;docID=13308011\">ADI n. 4.842\/DF<\/a>, uma vez que se entendeu que essa jornada <strong>n\u00e3o afronta o art. 7\u00ba, XIII, da Constitui\u00e7\u00e3o da Rep\u00fablica, pois encontra-se respaldada na faculdade, conferida pela norma constitucional, de compensa\u00e7\u00e3o de hor\u00e1rios.<\/strong><\/p>\n\n\n\n<p>O artigo 7\u00ba, inciso XIII, \u00e9 aquele que destacamos no come\u00e7o do artigo, o qual, em sua reda\u00e7\u00e3o final, <strong>permite a compensa\u00e7\u00e3o <\/strong>e a redu\u00e7\u00e3o da jornada, mas n\u00e3o o aumento da jornada.<\/p>\n\n\n\n<p>Desse modo, <strong>as 4 horas di\u00e1rias a mais s\u00e3o compensadas por 36 horas seguidas de descanso.<\/strong><\/p>\n\n\n\n<p>O Relator do ac\u00f3rd\u00e3o, Ministro Gilmar Mendes, ainda destacou que essa \u201cn\u00e3o \u00e9 a \u00fanica forma de compensa\u00e7\u00e3o de jornada poss\u00edvel, mas uma das poss\u00edveis\u201d.<\/p>\n\n\n\n<p>Por fim, \u00e9 interessante destacar que o Relator origin\u00e1rio (Ministro Marco Aur\u00e9lio) havia votado pela inconstitucionalidade tanto do <em>caput<\/em> do artigo 59-A quanto do par\u00e1grafo \u00fanico, e tamb\u00e9m havia sido acompanhado por outros 02 ministros.&nbsp;<\/p>\n\n\n\n<p>No entanto, por maioria, a decis\u00e3o foi pela constitucionalidade dos dispositivos, como j\u00e1 visto.<\/p>\n\n\n\n<h2 class=\"wp-block-heading has-luminous-vivid-orange-color has-text-color has-link-color wp-elements-9f60410c68bfff5ccf182af84c19a646\" id=\"h-conclusao\"><span id=\"conclusao\">Conclus\u00e3o<\/span><\/h2>\n\n\n\n<p>Portanto, pessoal, esse foi nosso breve resumo sobre a Constitucionalidade da Jornada 12&#215;36, destacando o entendimento do STF quanto ao tema.<\/p>\n\n\n\n<p>Vimos que \u00e9 constitucional a norma da \u201cReforma Trabalhista\u201d (Lei 13.467\/2017) que permite, por meio de acordo individual escrito entre o empregador e o trabalhador, a ado\u00e7\u00e3o da jornada de 12 horas de trabalho seguidas por 36 horas ininterruptas de descanso.<\/p>\n\n\n\n<p>At\u00e9 a pr\u00f3xima!<\/p>\n\n\n\n<h2 class=\"wp-block-heading has-text-align-center\" id=\"cursos-ficha\"><span id=\"quer-estudar-para-concursos-de-delegado-2024\">Quer estudar para Concursos de Delegado 2024?<\/span><\/h2>\n\n\n\n<p class=\"has-text-align-left\">O Estrat\u00e9gia Carreira Jur\u00eddica \u00e9 campe\u00e3o de aprova\u00e7\u00f5es nos concursos para Carreiras Jur\u00eddicas com um corpo docente qualificado e materiais completos. Conhe\u00e7a nossos cursos e garanta sua aprova\u00e7\u00e3o em Concurso de Delegado:<\/p>\n\n\n\n<p class=\"has-text-align-center has-pale-cyan-blue-background-color has-background\"><a href=\"https:\/\/cj.estrategia.com\/portal\/concursos-abertos-carreiras-juridicas\/\" target=\"_blank\" ><strong>Concursos abertos<\/strong><\/a><\/p>\n\n\n\n<p class=\"has-text-align-center has-pale-cyan-blue-background-color has-background\"><a href=\"https:\/\/cj.estrategia.com\/portal\/concursos-2024-carreiras-juridicas\/\"><strong>Concursos 2024<\/strong><\/a><\/p>\n","protected":false},"excerpt":{"rendered":"Neste artigo falaremos sobre a Constitucionalidade da Jornada 12&#215;36, destacando o entendimento do Supremo Tribunal Federal (STF) quanto&hellip;\n","protected":false},"author":39,"featured_media":63862,"comment_status":"open","ping_status":"open","sticky":false,"template":"","format":"standard","meta":{"_jetpack_memberships_contains_paid_content":false,"footnotes":""},"categories":[1],"tags":[],"tax_estado":[30,31,32,33,34,35,36,37,38,39,40,41,42,43,44,45,46,47,48,49,50,51,52,53,54,55,56,57],"class_list":{"0":"post-63861","1":"post","2":"type-post","3":"status-publish","4":"format-standard","5":"has-post-thumbnail","7":"category-carreiras-juridicas","8":"tax_estado-ac","9":"tax_estado-al","10":"tax_estado-am","11":"tax_estado-ap","12":"tax_estado-ba","13":"tax_estado-ce","14":"tax_estado-concursos-federais","15":"tax_estado-df","16":"tax_estado-es","17":"tax_estado-go","18":"tax_estado-ma","19":"tax_estado-mg","20":"tax_estado-ms","21":"tax_estado-mt","22":"tax_estado-pa","23":"tax_estado-pb","24":"tax_estado-pe","25":"tax_estado-pi","26":"tax_estado-pr","27":"tax_estado-rj","28":"tax_estado-rn","29":"tax_estado-ro","30":"tax_estado-rr","31":"tax_estado-rs","32":"tax_estado-sc","33":"tax_estado-se","34":"tax_estado-sp","35":"tax_estado-to"},"acf":[],"yoast_head":"<!-- This site is optimized with the Yoast SEO Premium plugin v27.4 (Yoast SEO v27.4) - https:\/\/yoast.com\/product\/yoast-seo-premium-wordpress\/ -->\n<title>Constitucionalidade da Jornada 12x36\u00a0<\/title>\n<meta name=\"description\" content=\"Confira nosso resumo sobre a Constitucionalidade da Jornada 12x36, destacando o entendimento jurisprudencial pertinente ao tema.\" \/>\n<meta name=\"robots\" content=\"index, follow, max-snippet:-1, max-image-preview:large, max-video-preview:-1\" \/>\n<link rel=\"canonical\" href=\"https:\/\/cj.estrategia.com\/portal\/constitucionalidade-jornada-12x36\/\" \/>\n<meta property=\"og:locale\" content=\"pt_BR\" \/>\n<meta property=\"og:type\" content=\"article\" \/>\n<meta property=\"og:title\" content=\"Constitucionalidade da Jornada 12x36\u00a0\" \/>\n<meta property=\"og:description\" content=\"Confira nosso resumo sobre a Constitucionalidade da Jornada 12x36, destacando o entendimento jurisprudencial pertinente ao tema.\" \/>\n<meta property=\"og:url\" content=\"https:\/\/cj.estrategia.com\/portal\/constitucionalidade-jornada-12x36\/\" \/>\n<meta property=\"og:site_name\" content=\"Blog - Carreiras Jur\u00eddicas - Estrat\u00e9gia\" \/>\n<meta property=\"article:publisher\" content=\"https:\/\/www.facebook.com\/estrategiacarreirajuridica\/\" \/>\n<meta property=\"article:published_time\" content=\"2024-06-19T11:00:00+00:00\" \/>\n<meta property=\"og:image\" content=\"https:\/\/cj.estrategia.com\/portal\/wp-content\/uploads\/2024\/05\/22101702\/Imagem-do-WhatsApp-de-2024-05-22-as-10.16.15_ffddb89f.jpg\" \/>\n\t<meta property=\"og:image:width\" content=\"1024\" \/>\n\t<meta property=\"og:image:height\" content=\"1024\" \/>\n\t<meta property=\"og:image:type\" content=\"image\/jpeg\" \/>\n<meta name=\"author\" content=\"Frederico Tadeu Borlot Peixoto\" \/>\n<meta name=\"twitter:card\" content=\"summary_large_image\" \/>\n<meta name=\"twitter:creator\" content=\"@EstratJuridica\" \/>\n<meta name=\"twitter:site\" content=\"@EstratJuridica\" \/>\n<meta name=\"twitter:label1\" content=\"Escrito por\" \/>\n\t<meta name=\"twitter:data1\" content=\"Frederico Tadeu Borlot Peixoto\" \/>\n\t<meta name=\"twitter:label2\" content=\"Est. tempo de leitura\" \/>\n\t<meta name=\"twitter:data2\" content=\"9 minutos\" \/>\n<script type=\"application\/ld+json\" class=\"yoast-schema-graph\">{\"@context\":\"https:\\\/\\\/schema.org\",\"@graph\":[{\"@type\":\"NewsArticle\",\"@id\":\"https:\\\/\\\/cj.estrategia.com\\\/portal\\\/constitucionalidade-jornada-12x36\\\/#article\",\"isPartOf\":{\"@id\":\"https:\\\/\\\/cj.estrategia.com\\\/portal\\\/constitucionalidade-jornada-12x36\\\/\"},\"author\":{\"name\":\"Frederico Tadeu Borlot Peixoto\",\"@id\":\"https:\\\/\\\/cj.estrategia.com\\\/portal\\\/#\\\/schema\\\/person\\\/74287401cf4654f4fa04e378de7261ec\"},\"headline\":\"Constitucionalidade da Jornada 12&#215;36\u00a0\",\"datePublished\":\"2024-06-19T11:00:00+00:00\",\"mainEntityOfPage\":{\"@id\":\"https:\\\/\\\/cj.estrategia.com\\\/portal\\\/constitucionalidade-jornada-12x36\\\/\"},\"wordCount\":1823,\"commentCount\":0,\"publisher\":{\"@id\":\"https:\\\/\\\/cj.estrategia.com\\\/portal\\\/#organization\"},\"image\":{\"@id\":\"https:\\\/\\\/cj.estrategia.com\\\/portal\\\/constitucionalidade-jornada-12x36\\\/#primaryimage\"},\"thumbnailUrl\":\"https:\\\/\\\/cj.estrategia.com\\\/portal\\\/wp-content\\\/uploads\\\/2024\\\/05\\\/22101702\\\/Imagem-do-WhatsApp-de-2024-05-22-as-10.16.15_ffddb89f.jpg\",\"articleSection\":[\"Carreiras Jur\u00eddicas\"],\"inLanguage\":\"pt-BR\",\"potentialAction\":[{\"@type\":\"CommentAction\",\"name\":\"Comment\",\"target\":[\"https:\\\/\\\/cj.estrategia.com\\\/portal\\\/constitucionalidade-jornada-12x36\\\/#respond\"]}],\"accessibilityFeature\":[\"tableOfContents\"]},{\"@type\":\"WebPage\",\"@id\":\"https:\\\/\\\/cj.estrategia.com\\\/portal\\\/constitucionalidade-jornada-12x36\\\/\",\"url\":\"https:\\\/\\\/cj.estrategia.com\\\/portal\\\/constitucionalidade-jornada-12x36\\\/\",\"name\":\"Constitucionalidade da Jornada 12x36\u00a0\",\"isPartOf\":{\"@id\":\"https:\\\/\\\/cj.estrategia.com\\\/portal\\\/#website\"},\"primaryImageOfPage\":{\"@id\":\"https:\\\/\\\/cj.estrategia.com\\\/portal\\\/constitucionalidade-jornada-12x36\\\/#primaryimage\"},\"image\":{\"@id\":\"https:\\\/\\\/cj.estrategia.com\\\/portal\\\/constitucionalidade-jornada-12x36\\\/#primaryimage\"},\"thumbnailUrl\":\"https:\\\/\\\/cj.estrategia.com\\\/portal\\\/wp-content\\\/uploads\\\/2024\\\/05\\\/22101702\\\/Imagem-do-WhatsApp-de-2024-05-22-as-10.16.15_ffddb89f.jpg\",\"datePublished\":\"2024-06-19T11:00:00+00:00\",\"description\":\"Confira nosso resumo sobre a Constitucionalidade da Jornada 12x36, destacando o entendimento jurisprudencial pertinente ao tema.\",\"breadcrumb\":{\"@id\":\"https:\\\/\\\/cj.estrategia.com\\\/portal\\\/constitucionalidade-jornada-12x36\\\/#breadcrumb\"},\"inLanguage\":\"pt-BR\",\"potentialAction\":[{\"@type\":\"ReadAction\",\"target\":[\"https:\\\/\\\/cj.estrategia.com\\\/portal\\\/constitucionalidade-jornada-12x36\\\/\"]}]},{\"@type\":\"ImageObject\",\"inLanguage\":\"pt-BR\",\"@id\":\"https:\\\/\\\/cj.estrategia.com\\\/portal\\\/constitucionalidade-jornada-12x36\\\/#primaryimage\",\"url\":\"https:\\\/\\\/cj.estrategia.com\\\/portal\\\/wp-content\\\/uploads\\\/2024\\\/05\\\/22101702\\\/Imagem-do-WhatsApp-de-2024-05-22-as-10.16.15_ffddb89f.jpg\",\"contentUrl\":\"https:\\\/\\\/cj.estrategia.com\\\/portal\\\/wp-content\\\/uploads\\\/2024\\\/05\\\/22101702\\\/Imagem-do-WhatsApp-de-2024-05-22-as-10.16.15_ffddb89f.jpg\",\"width\":1024,\"height\":1024,\"caption\":\"Constitucionalidade da Jornada 12x36\u00a0\"},{\"@type\":\"BreadcrumbList\",\"@id\":\"https:\\\/\\\/cj.estrategia.com\\\/portal\\\/constitucionalidade-jornada-12x36\\\/#breadcrumb\",\"itemListElement\":[{\"@type\":\"ListItem\",\"position\":1,\"name\":\"In\u00edcio\",\"item\":\"https:\\\/\\\/cj.estrategia.com\\\/portal\\\/\"},{\"@type\":\"ListItem\",\"position\":2,\"name\":\"Constitucionalidade da Jornada 12&#215;36\u00a0\"}]},{\"@type\":\"WebSite\",\"@id\":\"https:\\\/\\\/cj.estrategia.com\\\/portal\\\/#website\",\"url\":\"https:\\\/\\\/cj.estrategia.com\\\/portal\\\/\",\"name\":\"Blog - Carreiras Jur\u00eddicas - Estrat\u00e9gia\",\"description\":\"\",\"publisher\":{\"@id\":\"https:\\\/\\\/cj.estrategia.com\\\/portal\\\/#organization\"},\"potentialAction\":[{\"@type\":\"SearchAction\",\"target\":{\"@type\":\"EntryPoint\",\"urlTemplate\":\"https:\\\/\\\/cj.estrategia.com\\\/portal\\\/?s={search_term_string}\"},\"query-input\":{\"@type\":\"PropertyValueSpecification\",\"valueRequired\":true,\"valueName\":\"search_term_string\"}}],\"inLanguage\":\"pt-BR\"},{\"@type\":\"Organization\",\"@id\":\"https:\\\/\\\/cj.estrategia.com\\\/portal\\\/#organization\",\"name\":\"Estrat\u00e9gia - Carreiras Jur\u00eddicas\",\"url\":\"https:\\\/\\\/cj.estrategia.com\\\/portal\\\/\",\"logo\":{\"@type\":\"ImageObject\",\"inLanguage\":\"pt-BR\",\"@id\":\"https:\\\/\\\/cj.estrategia.com\\\/portal\\\/#\\\/schema\\\/logo\\\/image\\\/\",\"url\":\"https:\\\/\\\/cj.estrategia.com\\\/portal\\\/wp-content\\\/uploads\\\/2022\\\/03\\\/11151052\\\/cj-logo.png\",\"contentUrl\":\"https:\\\/\\\/cj.estrategia.com\\\/portal\\\/wp-content\\\/uploads\\\/2022\\\/03\\\/11151052\\\/cj-logo.png\",\"width\":150,\"height\":39,\"caption\":\"Estrat\u00e9gia - Carreiras Jur\u00eddicas\"},\"image\":{\"@id\":\"https:\\\/\\\/cj.estrategia.com\\\/portal\\\/#\\\/schema\\\/logo\\\/image\\\/\"},\"sameAs\":[\"https:\\\/\\\/www.facebook.com\\\/estrategiacarreirajuridica\\\/\",\"https:\\\/\\\/x.com\\\/EstratJuridica\",\"https:\\\/\\\/www.instagram.com\\\/estrategiacarreirajuridica\\\/\",\"https:\\\/\\\/www.youtube.com\\\/channel\\\/UClbMGuYbj2Mh1m3w144ETWQ\"]},{\"@type\":\"Person\",\"@id\":\"https:\\\/\\\/cj.estrategia.com\\\/portal\\\/#\\\/schema\\\/person\\\/74287401cf4654f4fa04e378de7261ec\",\"name\":\"Frederico Tadeu Borlot Peixoto\",\"image\":{\"@type\":\"ImageObject\",\"inLanguage\":\"pt-BR\",\"@id\":\"https:\\\/\\\/cj.estrategia.com\\\/portal\\\/wp-content\\\/uploads\\\/2023\\\/06\\\/29094204\\\/GBAY0702-96x96.jpg\",\"url\":\"https:\\\/\\\/cj.estrategia.com\\\/portal\\\/wp-content\\\/uploads\\\/2023\\\/06\\\/29094204\\\/GBAY0702-96x96.jpg\",\"contentUrl\":\"https:\\\/\\\/cj.estrategia.com\\\/portal\\\/wp-content\\\/uploads\\\/2023\\\/06\\\/29094204\\\/GBAY0702-96x96.jpg\",\"caption\":\"Frederico Tadeu Borlot Peixoto\"},\"description\":\"Analista Judici\u00e1rio - \u00c1rea Judici\u00e1ria do TRF da 4\u00aa regi\u00e3o. Bacharel em Direito. P\u00f3s-graduado em Direito Administrativo, Legisla\u00e7\u00e3o Penal Especial, Direito Penal e Direito Processual Penal. Tamb\u00e9m nomeado no TRF da 3\u00aa regi\u00e3o (8\u00ba lugar); SPPREV (3\u00ba lugar); IFES (2\u00ba lugar); e PMES. https:\\\/\\\/www.instagram.com\\\/proffrederico\\\/\",\"sameAs\":[\"https:\\\/\\\/www.instagram.com\\\/proffrederico\\\/\"],\"url\":\"https:\\\/\\\/cj.estrategia.com\\\/portal\\\/author\\\/xfrederico\\\/\"}]}<\/script>\n<!-- \/ Yoast SEO Premium plugin. -->","yoast_head_json":{"title":"Constitucionalidade da Jornada 12x36\u00a0","description":"Confira nosso resumo sobre a Constitucionalidade da Jornada 12x36, destacando o entendimento jurisprudencial pertinente ao tema.","robots":{"index":"index","follow":"follow","max-snippet":"max-snippet:-1","max-image-preview":"max-image-preview:large","max-video-preview":"max-video-preview:-1"},"canonical":"https:\/\/cj.estrategia.com\/portal\/constitucionalidade-jornada-12x36\/","og_locale":"pt_BR","og_type":"article","og_title":"Constitucionalidade da Jornada 12x36\u00a0","og_description":"Confira nosso resumo sobre a Constitucionalidade da Jornada 12x36, destacando o entendimento jurisprudencial pertinente ao tema.","og_url":"https:\/\/cj.estrategia.com\/portal\/constitucionalidade-jornada-12x36\/","og_site_name":"Blog - Carreiras Jur\u00eddicas - Estrat\u00e9gia","article_publisher":"https:\/\/www.facebook.com\/estrategiacarreirajuridica\/","article_published_time":"2024-06-19T11:00:00+00:00","og_image":[{"width":1024,"height":1024,"url":"https:\/\/cj.estrategia.com\/portal\/wp-content\/uploads\/2024\/05\/22101702\/Imagem-do-WhatsApp-de-2024-05-22-as-10.16.15_ffddb89f.jpg","type":"image\/jpeg"}],"author":"Frederico Tadeu Borlot Peixoto","twitter_card":"summary_large_image","twitter_creator":"@EstratJuridica","twitter_site":"@EstratJuridica","twitter_misc":{"Escrito por":"Frederico Tadeu Borlot Peixoto","Est. tempo de leitura":"9 minutos"},"schema":{"@context":"https:\/\/schema.org","@graph":[{"@type":"NewsArticle","@id":"https:\/\/cj.estrategia.com\/portal\/constitucionalidade-jornada-12x36\/#article","isPartOf":{"@id":"https:\/\/cj.estrategia.com\/portal\/constitucionalidade-jornada-12x36\/"},"author":{"name":"Frederico Tadeu Borlot Peixoto","@id":"https:\/\/cj.estrategia.com\/portal\/#\/schema\/person\/74287401cf4654f4fa04e378de7261ec"},"headline":"Constitucionalidade da Jornada 12&#215;36\u00a0","datePublished":"2024-06-19T11:00:00+00:00","mainEntityOfPage":{"@id":"https:\/\/cj.estrategia.com\/portal\/constitucionalidade-jornada-12x36\/"},"wordCount":1823,"commentCount":0,"publisher":{"@id":"https:\/\/cj.estrategia.com\/portal\/#organization"},"image":{"@id":"https:\/\/cj.estrategia.com\/portal\/constitucionalidade-jornada-12x36\/#primaryimage"},"thumbnailUrl":"https:\/\/cj.estrategia.com\/portal\/wp-content\/uploads\/2024\/05\/22101702\/Imagem-do-WhatsApp-de-2024-05-22-as-10.16.15_ffddb89f.jpg","articleSection":["Carreiras Jur\u00eddicas"],"inLanguage":"pt-BR","potentialAction":[{"@type":"CommentAction","name":"Comment","target":["https:\/\/cj.estrategia.com\/portal\/constitucionalidade-jornada-12x36\/#respond"]}],"accessibilityFeature":["tableOfContents"]},{"@type":"WebPage","@id":"https:\/\/cj.estrategia.com\/portal\/constitucionalidade-jornada-12x36\/","url":"https:\/\/cj.estrategia.com\/portal\/constitucionalidade-jornada-12x36\/","name":"Constitucionalidade da Jornada 12x36\u00a0","isPartOf":{"@id":"https:\/\/cj.estrategia.com\/portal\/#website"},"primaryImageOfPage":{"@id":"https:\/\/cj.estrategia.com\/portal\/constitucionalidade-jornada-12x36\/#primaryimage"},"image":{"@id":"https:\/\/cj.estrategia.com\/portal\/constitucionalidade-jornada-12x36\/#primaryimage"},"thumbnailUrl":"https:\/\/cj.estrategia.com\/portal\/wp-content\/uploads\/2024\/05\/22101702\/Imagem-do-WhatsApp-de-2024-05-22-as-10.16.15_ffddb89f.jpg","datePublished":"2024-06-19T11:00:00+00:00","description":"Confira nosso resumo sobre a Constitucionalidade da Jornada 12x36, destacando o entendimento jurisprudencial pertinente ao tema.","breadcrumb":{"@id":"https:\/\/cj.estrategia.com\/portal\/constitucionalidade-jornada-12x36\/#breadcrumb"},"inLanguage":"pt-BR","potentialAction":[{"@type":"ReadAction","target":["https:\/\/cj.estrategia.com\/portal\/constitucionalidade-jornada-12x36\/"]}]},{"@type":"ImageObject","inLanguage":"pt-BR","@id":"https:\/\/cj.estrategia.com\/portal\/constitucionalidade-jornada-12x36\/#primaryimage","url":"https:\/\/cj.estrategia.com\/portal\/wp-content\/uploads\/2024\/05\/22101702\/Imagem-do-WhatsApp-de-2024-05-22-as-10.16.15_ffddb89f.jpg","contentUrl":"https:\/\/cj.estrategia.com\/portal\/wp-content\/uploads\/2024\/05\/22101702\/Imagem-do-WhatsApp-de-2024-05-22-as-10.16.15_ffddb89f.jpg","width":1024,"height":1024,"caption":"Constitucionalidade da Jornada 12x36\u00a0"},{"@type":"BreadcrumbList","@id":"https:\/\/cj.estrategia.com\/portal\/constitucionalidade-jornada-12x36\/#breadcrumb","itemListElement":[{"@type":"ListItem","position":1,"name":"In\u00edcio","item":"https:\/\/cj.estrategia.com\/portal\/"},{"@type":"ListItem","position":2,"name":"Constitucionalidade da Jornada 12&#215;36\u00a0"}]},{"@type":"WebSite","@id":"https:\/\/cj.estrategia.com\/portal\/#website","url":"https:\/\/cj.estrategia.com\/portal\/","name":"Blog - Carreiras Jur\u00eddicas - Estrat\u00e9gia","description":"","publisher":{"@id":"https:\/\/cj.estrategia.com\/portal\/#organization"},"potentialAction":[{"@type":"SearchAction","target":{"@type":"EntryPoint","urlTemplate":"https:\/\/cj.estrategia.com\/portal\/?s={search_term_string}"},"query-input":{"@type":"PropertyValueSpecification","valueRequired":true,"valueName":"search_term_string"}}],"inLanguage":"pt-BR"},{"@type":"Organization","@id":"https:\/\/cj.estrategia.com\/portal\/#organization","name":"Estrat\u00e9gia - Carreiras Jur\u00eddicas","url":"https:\/\/cj.estrategia.com\/portal\/","logo":{"@type":"ImageObject","inLanguage":"pt-BR","@id":"https:\/\/cj.estrategia.com\/portal\/#\/schema\/logo\/image\/","url":"https:\/\/cj.estrategia.com\/portal\/wp-content\/uploads\/2022\/03\/11151052\/cj-logo.png","contentUrl":"https:\/\/cj.estrategia.com\/portal\/wp-content\/uploads\/2022\/03\/11151052\/cj-logo.png","width":150,"height":39,"caption":"Estrat\u00e9gia - Carreiras Jur\u00eddicas"},"image":{"@id":"https:\/\/cj.estrategia.com\/portal\/#\/schema\/logo\/image\/"},"sameAs":["https:\/\/www.facebook.com\/estrategiacarreirajuridica\/","https:\/\/x.com\/EstratJuridica","https:\/\/www.instagram.com\/estrategiacarreirajuridica\/","https:\/\/www.youtube.com\/channel\/UClbMGuYbj2Mh1m3w144ETWQ"]},{"@type":"Person","@id":"https:\/\/cj.estrategia.com\/portal\/#\/schema\/person\/74287401cf4654f4fa04e378de7261ec","name":"Frederico Tadeu Borlot Peixoto","image":{"@type":"ImageObject","inLanguage":"pt-BR","@id":"https:\/\/cj.estrategia.com\/portal\/wp-content\/uploads\/2023\/06\/29094204\/GBAY0702-96x96.jpg","url":"https:\/\/cj.estrategia.com\/portal\/wp-content\/uploads\/2023\/06\/29094204\/GBAY0702-96x96.jpg","contentUrl":"https:\/\/cj.estrategia.com\/portal\/wp-content\/uploads\/2023\/06\/29094204\/GBAY0702-96x96.jpg","caption":"Frederico Tadeu Borlot Peixoto"},"description":"Analista Judici\u00e1rio - \u00c1rea Judici\u00e1ria do TRF da 4\u00aa regi\u00e3o. Bacharel em Direito. P\u00f3s-graduado em Direito Administrativo, Legisla\u00e7\u00e3o Penal Especial, Direito Penal e Direito Processual Penal. Tamb\u00e9m nomeado no TRF da 3\u00aa regi\u00e3o (8\u00ba lugar); SPPREV (3\u00ba lugar); IFES (2\u00ba lugar); e PMES. https:\/\/www.instagram.com\/proffrederico\/","sameAs":["https:\/\/www.instagram.com\/proffrederico\/"],"url":"https:\/\/cj.estrategia.com\/portal\/author\/xfrederico\/"}]}},"jetpack_featured_media_url":"https:\/\/cj.estrategia.com\/portal\/wp-content\/uploads\/2024\/05\/22101702\/Imagem-do-WhatsApp-de-2024-05-22-as-10.16.15_ffddb89f.jpg","jetpack_sharing_enabled":true,"_links":{"self":[{"href":"https:\/\/cj.estrategia.com\/portal\/wp-json\/wp\/v2\/posts\/63861","targetHints":{"allow":["GET"]}}],"collection":[{"href":"https:\/\/cj.estrategia.com\/portal\/wp-json\/wp\/v2\/posts"}],"about":[{"href":"https:\/\/cj.estrategia.com\/portal\/wp-json\/wp\/v2\/types\/post"}],"author":[{"embeddable":true,"href":"https:\/\/cj.estrategia.com\/portal\/wp-json\/wp\/v2\/users\/39"}],"replies":[{"embeddable":true,"href":"https:\/\/cj.estrategia.com\/portal\/wp-json\/wp\/v2\/comments?post=63861"}],"version-history":[{"count":3,"href":"https:\/\/cj.estrategia.com\/portal\/wp-json\/wp\/v2\/posts\/63861\/revisions"}],"predecessor-version":[{"id":64802,"href":"https:\/\/cj.estrategia.com\/portal\/wp-json\/wp\/v2\/posts\/63861\/revisions\/64802"}],"wp:featuredmedia":[{"embeddable":true,"href":"https:\/\/cj.estrategia.com\/portal\/wp-json\/wp\/v2\/media\/63862"}],"wp:attachment":[{"href":"https:\/\/cj.estrategia.com\/portal\/wp-json\/wp\/v2\/media?parent=63861"}],"wp:term":[{"taxonomy":"category","embeddable":true,"href":"https:\/\/cj.estrategia.com\/portal\/wp-json\/wp\/v2\/categories?post=63861"},{"taxonomy":"post_tag","embeddable":true,"href":"https:\/\/cj.estrategia.com\/portal\/wp-json\/wp\/v2\/tags?post=63861"},{"taxonomy":"tax_estado","embeddable":true,"href":"https:\/\/cj.estrategia.com\/portal\/wp-json\/wp\/v2\/tax_estado?post=63861"}],"curies":[{"name":"wp","href":"https:\/\/api.w.org\/{rel}","templated":true}]}}