{"id":63246,"date":"2024-06-18T11:00:00","date_gmt":"2024-06-18T14:00:00","guid":{"rendered":"https:\/\/cj.estrategia.com\/portal\/?p=63246"},"modified":"2024-06-03T21:43:43","modified_gmt":"2024-06-04T00:43:43","slug":"restituicao-administrativa-indebito-judicial","status":"publish","type":"post","link":"https:\/\/cj.estrategia.com\/portal\/restituicao-administrativa-indebito-judicial\/","title":{"rendered":"Restitui\u00e7\u00e3o administrativa de ind\u00e9bito judicial"},"content":{"rendered":"<div class=\"wp-block-image\">\n<figure class=\"aligncenter size-large is-resized\"><img decoding=\"async\" width=\"683\" height=\"1024\" src=\"https:\/\/cj.estrategia.com\/portal\/wp-content\/uploads\/2024\/05\/17073316\/still-life-dollar-coins-scale-683x1024.jpg\" alt=\"Restitui\u00e7\u00e3o administrativa de ind\u00e9bito judicial\" class=\"wp-image-63247\" style=\"object-fit:cover;width:600px;height:350px\" srcset=\"https:\/\/cj.estrategia.com\/portal\/wp-content\/uploads\/2024\/05\/17073316\/still-life-dollar-coins-scale-683x1024.jpg 683w, https:\/\/cj.estrategia.com\/portal\/wp-content\/uploads\/2024\/05\/17073316\/still-life-dollar-coins-scale-200x300.jpg 200w, https:\/\/cj.estrategia.com\/portal\/wp-content\/uploads\/2024\/05\/17073316\/still-life-dollar-coins-scale-768x1151.jpg 768w, https:\/\/cj.estrategia.com\/portal\/wp-content\/uploads\/2024\/05\/17073316\/still-life-dollar-coins-scale-1025x1536.jpg 1025w, https:\/\/cj.estrategia.com\/portal\/wp-content\/uploads\/2024\/05\/17073316\/still-life-dollar-coins-scale-1366x2048.jpg 1366w, https:\/\/cj.estrategia.com\/portal\/wp-content\/uploads\/2024\/05\/17073316\/still-life-dollar-coins-scale-380x570.jpg 380w, https:\/\/cj.estrategia.com\/portal\/wp-content\/uploads\/2024\/05\/17073316\/still-life-dollar-coins-scale-800x1199.jpg 800w, https:\/\/cj.estrategia.com\/portal\/wp-content\/uploads\/2024\/05\/17073316\/still-life-dollar-coins-scale-1160x1739.jpg 1160w, https:\/\/cj.estrategia.com\/portal\/wp-content\/uploads\/2024\/05\/17073316\/still-life-dollar-coins-scale-150x225.jpg 150w, https:\/\/cj.estrategia.com\/portal\/wp-content\/uploads\/2024\/05\/17073316\/still-life-dollar-coins-scale-scaled.jpg 1708w\" sizes=\"(max-width: 683px) 100vw, 683px\" \/><figcaption class=\"wp-element-caption\">Restitui\u00e7\u00e3o administrativa de ind\u00e9bito judicial<\/figcaption><\/figure>\n<\/div>\n\n\n<p>Neste artigo falaremos sobre a Restitui\u00e7\u00e3o administrativa de ind\u00e9bito reconhecido na via judicial, destacando o entendimento do Supremo Tribunal Federal (STF) quanto ao tema.<\/p>\n\n\n\n<p>Desse modo, teceremos algumas considera\u00e7\u00f5es iniciais sobre o que \u00e9 repeti\u00e7\u00e3o de ind\u00e9bito. Na sequ\u00eancia, falaremos sobre o regime de precat\u00f3rios na Constitui\u00e7\u00e3o Federal de 1988 (CF\/88), especificando seu conceito e procedimento de forma breve.<\/p>\n\n\n\n<p>Por fim, abordaremos o assunto central deste artigo, qual seja, a (im)possibilidade de restitui\u00e7\u00e3o administrativa do ind\u00e9bito reconhecido na via judicial, independentemente de observ\u00e2ncia ao regime de precat\u00f3rios.\u00a0<\/p>\n\n\n\n<p>Nesse sentido, abordaremos tanto a controv\u00e9rsia do caso concreto do Tema de Repercuss\u00e3o Geral n\u00ba 1.262 quanto a tese jur\u00eddica fixada pelo STF. Ainda, apontaremos o <em>distinguishing<\/em> em rela\u00e7\u00e3o ao Tema STF n\u00ba 831.<\/p>\n\n\n\n<p>Vamos ao que interessa!<\/p>\n\n\n\n<div class=\"wp-block-yoast-seo-table-of-contents yoast-table-of-contents\"><h2 id=\"sumario\"><mark style=\"background-color:rgba(0, 0, 0, 0)\" class=\"has-inline-color has-luminous-vivid-orange-color\">Sum\u00e1rio<\/mark><\/h2><ul><li><a href=\"#h-restituicao-administrativa-de-indebito-judicial\" data-level=\"2\">Restitui\u00e7\u00e3o administrativa de ind\u00e9bito judicial<\/a><ul><li><a href=\"#h-o-que-e-indebito\" data-level=\"3\">O que \u00e9 ind\u00e9bito?<\/a><\/li><li><a href=\"#h-regime-de-precatorios-artigo-100-da-cf\" data-level=\"3\">Regime de precat\u00f3rios (artigo 100 da CF)<\/a><\/li><li><a href=\"#h-tema-de-repercussao-geral-n\u00ba-1-262\" data-level=\"3\">Tema de Repercuss\u00e3o Geral n\u00ba 1.262<\/a><ul><li><a href=\"#h-caso-concreto\" data-level=\"4\">Caso concreto<\/a><\/li><li><a href=\"#h-tese-fixada\" data-level=\"4\">Tese fixada<\/a><\/li><li><a href=\"#h-distinguishing-em-relacao-ao-tema-stf-n\u00ba-831\" data-level=\"4\">Distinguishing em rela\u00e7\u00e3o ao Tema STF n\u00ba 831<\/a><\/li><\/ul><\/li><\/ul><\/li><li><a href=\"#h-conclusao\" data-level=\"2\">Conclus\u00e3o<\/a><\/li><li><a href=\"#cursos-ficha\" data-level=\"2\">Quer estudar para Concursos de Delegado 2024?<\/a><\/li><\/ul><\/div>\n\n\n\n<h2 class=\"wp-block-heading has-luminous-vivid-orange-color has-text-color has-link-color wp-elements-92b2fcc0b2cb6342d857714deea6d70f\" id=\"h-restituicao-administrativa-de-indebito-judicial\"><span id=\"restituicao-administrativa-de-indebito-judicial\">Restitui\u00e7\u00e3o administrativa de ind\u00e9bito judicial<\/span><\/h2>\n\n\n\n<h3 class=\"wp-block-heading has-luminous-vivid-orange-color has-text-color has-link-color wp-elements-5d05949b5b64e695e350710d380f3339\" id=\"h-o-que-e-indebito\"><span id=\"o-que-e-indebito\">O que \u00e9 ind\u00e9bito?<\/span><\/h3>\n\n\n\n<p>Quando falamos em ind\u00e9bito reconhecido na via judicial, estamos tratando da situa\u00e7\u00e3o em que um contribuinte\/administrado aju\u00edza uma a\u00e7\u00e3o (<em>\u201ca\u00e7\u00e3o de repeti\u00e7\u00e3o de ind\u00e9bito\u201d<\/em>) contra a Fazenda P\u00fablica alegando que esta estava lhe cobrando algo que n\u00e3o era devido.<\/p>\n\n\n\n<p>Trata-se de a\u00e7\u00e3o comumente vista na pr\u00e1tica quando se trata de Direito Tribut\u00e1rio (cobran\u00e7a de tributos de uma forma geral), com fundamento no artigo 165, inciso I, do C\u00f3digo Tribut\u00e1rio Nacional \u2013 CTN:<\/p>\n\n\n\n<blockquote class=\"wp-block-quote is-layout-flow wp-block-quote-is-layout-flow\">\n<p class=\"has-small-font-size\">Art. 165. <strong>O sujeito passivo tem direito<\/strong>, independentemente de pr\u00e9vio protesto, <strong>\u00e0 restitui\u00e7\u00e3o total ou parcial do tributo<\/strong>, seja qual for a modalidade do seu pagamento, ressalvado o disposto no \u00a7 4\u00ba do artigo 162, nos seguintes casos:<\/p>\n\n\n\n<p class=\"has-small-font-size\">I \u2013 <strong>cobran\u00e7a ou pagamento espont\u00e2neo de tributo indevido ou maior que o devido <\/strong>em face da legisla\u00e7\u00e3o tribut\u00e1ria aplic\u00e1vel, ou da natureza ou circunst\u00e2ncias materiais do fato gerador efetivamente ocorrido;<\/p>\n<\/blockquote>\n\n\n\n<p>Al\u00e9m disso, de acordo com o artigo 167 do CTN, a restitui\u00e7\u00e3o total ou parcial do tributo d\u00e1 direito \u00e0 restitui\u00e7\u00e3o, na mesma propor\u00e7\u00e3o, <strong>dos juros de mora e das penalidades pecuni\u00e1rias,<\/strong> salvo as referentes a infra\u00e7\u00f5es de car\u00e1ter formal n\u00e3o prejudicadas pela causa da restitui\u00e7\u00e3o.<\/p>\n\n\n\n<p>O ind\u00e9bito tamb\u00e9m possui previs\u00e3o no artigo 42, par\u00e1grafo \u00fanico, do C\u00f3digo de Defesa do Consumidor \u2013 CDC, que prev\u00ea que <strong>o consumidor cobrado em quantia indevida tem direito \u00e0 repeti\u00e7\u00e3o do ind\u00e9bito, por valor igual ao dobro do que pagou em excesso<\/strong>, acrescido de corre\u00e7\u00e3o monet\u00e1ria e juros legais, salvo hip\u00f3tese de engano justific\u00e1vel.<\/p>\n\n\n\n<h3 class=\"wp-block-heading has-luminous-vivid-orange-color has-text-color has-link-color wp-elements-ebd8cd6dfbbd09cc68db9155f5ca58b2\" id=\"h-regime-de-precatorios-artigo-100-da-cf\"><span id=\"regime-de-precatorios-artigo-100-da-cf\">Regime de precat\u00f3rios (artigo 100 da CF)<\/span><\/h3>\n\n\n\n<p>O artigo 100, <em>caput<\/em>, da Constitui\u00e7\u00e3o Federal estipula que os pagamentos devidos pelas Fazendas P\u00fablicas Federal, Estaduais, Distrital e Municipais, em virtude de senten\u00e7a judici\u00e1ria, far-se-\u00e3o exclusivamente na ordem cronol\u00f3gica de apresenta\u00e7\u00e3o dos precat\u00f3rios e \u00e0 conta dos cr\u00e9ditos respectivos, proibida a designa\u00e7\u00e3o de casos ou de pessoas nas dota\u00e7\u00f5es or\u00e7ament\u00e1rias e nos cr\u00e9ditos adicionais abertos para este fim.\u00a0\u00a0<\/p>\n\n\n\n<p>J\u00e1 o \u00a7 3\u00ba do artigo 100 traz uma exce\u00e7\u00e3o, dizendo que o <em>caput<\/em> n\u00e3o se aplica aos pagamentos de obriga\u00e7\u00f5es definidas em leis como de pequeno valor que as Fazendas referidas devam fazer em virtude de senten\u00e7a judicial transitada em julgado.\u00a0<\/p>\n\n\n\n<p><strong>Portanto, tudo aquilo que ser\u00e1 pago, por ter uma decis\u00e3o judicial assim decidido, deve ser feito pelo regime de precat\u00f3rios, ressalvado os casos de RPV.<\/strong><\/p>\n\n\n\n<p>Walber de Moura Agra (2018) define os precat\u00f3rios como sendo <em>\u201cordens de pagamento emitidas pela Justi\u00e7a, provenientes de t\u00edtulos judiciais (n\u00e3o podem ser oriundos de t\u00edtulos extrajudiciais)\u201d<\/em>.<\/p>\n\n\n\n<p>No mesmo sentido, Pedro Lenza (2018) aponta que o precat\u00f3rio judicial \u00e9 o instrumento atrav\u00e9s do qual se cobra um d\u00e9bito do Poder P\u00fablico. No entanto, o autor lembra que, pelo <a href=\"https:\/\/portal.stf.jus.br\/jurisprudenciaRepercussao\/verAndamentoProcesso.asp?incidente=2582896&numeroProcesso=573872&classeProcesso=RE&numeroTema=45\" target=\"_blank\" >Tema de Repercuss\u00e3o Geral n\u00ba 45<\/a>, o STF decidiu que <strong>a execu\u00e7\u00e3o provis\u00f3ria de obriga\u00e7\u00e3o de fazer em face da Fazenda P\u00fablica n\u00e3o atrai o regime constitucional dos precat\u00f3rios<\/strong>.<\/p>\n\n\n\n<p>Al\u00e9m disso, vale ressaltar as seguintes esp\u00e9cies de precat\u00f3rios:<\/p>\n\n\n\n<ol class=\"wp-block-list\">\n<li><strong>Precat\u00f3rios de natureza aliment\u00edcia (preferenciais):<\/strong> s\u00e3o aqueles decorrentes de sal\u00e1rios, vencimentos, proventos, pens\u00f5es e suas complementa\u00e7\u00f5es, benef\u00edcios previdenci\u00e1rios e indeniza\u00e7\u00f5es por morte ou por invalidez, fundadas em responsabilidade civil, em virtude de senten\u00e7a judicial transitada em julgado, e ser\u00e3o pagos com prefer\u00eancia sobre todos os demais d\u00e9bitos, exceto os superpreferenciais<\/li>\n<\/ol>\n\n\n\n<ol class=\"wp-block-list\" start=\"2\">\n<li><strong>Precat\u00f3rios superpreferenciais (aliment\u00edcia + idoso\/doen\u00e7a\/PCD):<\/strong> s\u00e3o aqueles que <strong>possuem natureza aliment\u00edcia<\/strong>, nos termos mencionados acima, <strong>e, al\u00e9m disso, seus titulares, origin\u00e1rios ou por sucess\u00e3o heredit\u00e1ria, tenham 60 (sessenta) anos de idade, ou sejam portadores de doen\u00e7a grave, ou pessoas com defici\u00eancia<\/strong>, assim definidos na forma da lei.<br><br>Esses precat\u00f3rios ser\u00e3o pagos com prefer\u00eancia sobre todos os demais d\u00e9bitos, at\u00e9 o valor equivalente ao triplo fixado em lei para definir as obriga\u00e7\u00f5es de pequeno valor, admitido o fracionamento para essa finalidade, sendo que o restante ser\u00e1 pago na ordem cronol\u00f3gica de apresenta\u00e7\u00e3o do precat\u00f3rio.\u00a0\u00a0<\/li>\n<\/ol>\n\n\n\n<ol class=\"wp-block-list\" start=\"3\">\n<li><strong>Precat\u00f3rios comuns (regra geral)<\/strong>: s\u00e3o todos aqueles que n\u00e3o se enquadrem nas esp\u00e9cies de que falamos acima. Dever\u00e3o observar a ordem cronol\u00f3gica de apresenta\u00e7\u00e3o dos precat\u00f3rios e ser\u00e3o pagos \u00e0 conta dos cr\u00e9ditos respectivos.<\/li>\n<\/ol>\n\n\n\n<h3 class=\"wp-block-heading has-luminous-vivid-orange-color has-text-color has-link-color wp-elements-711629dc4ba8eaa458d91e4f6b2fb536\" id=\"h-tema-de-repercussao-geral-n\u00ba-1-262\"><span id=\"tema-de-repercussao-geral-no-1-262\">Tema de Repercuss\u00e3o Geral n\u00ba 1.262<\/span><\/h3>\n\n\n\n<p>Em torno de tudo isso que tratamos acima, chegou ao Supremo Tribunal Federal o seguinte questionamento: <em>\u00e9 poss\u00edvel restituir administrativamente o ind\u00e9bito que foi reconhecido na via judicial por mandado de seguran\u00e7a?<\/em><\/p>\n\n\n\n<p>Ao receber os autos do Recurso Extraordin\u00e1rio 1.420.691, o STF reconheceu-lhe a repercuss\u00e3o geral para verificar se, \u00e0 luz do artigo 100 da Constitui\u00e7\u00e3o Federal, h\u00e1 possibilidade de se proceder \u00e0 restitui\u00e7\u00e3o administrativa de ind\u00e9bito reconhecido em processo judicial, verificando, ainda, se \u00e9 dispens\u00e1vel ou n\u00e3o a observ\u00e2ncia do regime constitucional de precat\u00f3rios.<\/p>\n\n\n\n<h4 class=\"wp-block-heading has-luminous-vivid-orange-color has-text-color has-link-color wp-elements-ec560e2d88a9afaf57c6c8b9ba325b20\" id=\"h-caso-concreto\"><span id=\"caso-concreto\">Caso concreto<\/span><\/h4>\n\n\n\n<p>Uma pessoa jur\u00eddica impetrou mandado de seguran\u00e7a contra o Delegado da Receita Federal no porto de Santos\/SP, com objetivo de que fosse reconhecido seu direito l\u00edquido e certo de suspens\u00e3o do recolhimento da Taxa SISCOMEX pela forma majorada atrav\u00e9s da Portaria MF 257\/11, bem como de compensa\u00e7\u00e3o ou restitui\u00e7\u00e3o administrativa dos valores indevidamente recolhidos nos 5 (cinco) anos anteriores \u00e0 impetra\u00e7\u00e3o.\u00a0<\/p>\n\n\n\n<p>Ou seja, a PJ impetrou o MS alegando que a Taxa SISCOMEX estava sendo cobrada a maior e queria que tudo o que pagou a mais lhe fosse restitu\u00eddo.<\/p>\n\n\n\n<p>Em primeira inst\u00e2ncia, o Juiz julgou procedente o pedido para:<\/p>\n\n\n\n<ol class=\"wp-block-list\">\n<li>determinar \u00e0 autoridade coatora que se <strong>abstivesse de exigir<\/strong> da impetrante o recolhimento da Taxa do Siscomex pela forma majorada pela Portaria MF 257\/2011;<\/li>\n<\/ol>\n\n\n\n<ol class=\"wp-block-list\" start=\"2\">\n<li>e para <strong>reconhecer o direito da impetrante \u00e0 compensa\u00e7\u00e3o dos valores <\/strong>indevidamente recolhidos a esse t\u00edtulo desde o quinqu\u00eanio anterior \u00e0 data da impetra\u00e7\u00e3o, desde que devidamente comprovados perante a autoridade administrativa.<\/li>\n<\/ol>\n\n\n\n<p>A Uni\u00e3o n\u00e3o recorreu da senten\u00e7a. No entanto, por for\u00e7a do artigo 496 do C\u00f3digo de Processo Civil, os autos foram enviados ao Tribunal Regional Federal da 3\u00aa Regi\u00e3o (TRF3), isso \u00e9, por meio de remessa necess\u00e1ria.<\/p>\n\n\n\n<p>O Relator do recurso, no TRF3, negou provimento ao reexame de of\u00edcio de forma monocr\u00e1tica, decis\u00e3o contra a qual foi manejado o recurso de agravo interno (artigo 1.021 do CPC), para levar a quest\u00e3o \u00e0 an\u00e1lise da Turma.<\/p>\n\n\n\n<p>No agravo, impugnou-se especificamente o t\u00f3pico atinente \u00e0 restitui\u00e7\u00e3o\/compensa\u00e7\u00e3o administrativa, tendo a Turma competente desprovido o recurso sob a alega\u00e7\u00e3o de que a jurisprud\u00eancia daquele Tribunal regional \u00e9 no sentido de que essa modalidade de restitui\u00e7\u00e3o n\u00e3o ofende o artigo 100 da CF, <em>\u201cpor n\u00e3o se tratar de senten\u00e7a de repeti\u00e7\u00e3o\/restitui\u00e7\u00e3o de<\/em><\/p>\n\n\n\n<p><em>ind\u00e9bito, nem de execu\u00e7\u00e3o de t\u00edtulo judicial\u201d<\/em>.<\/p>\n\n\n\n<p>Inconformada, a Uni\u00e3o interp\u00f4s o Recurso Extraordin\u00e1rio 1.420.691, alegando, em resumo, que h\u00e1 sim viola\u00e7\u00e3o ao regime de precat\u00f3rios, devendo ser preservada cronologicamente, pois <em>\u201cn\u00e3o se pode permitir que um cidad\u00e3o que aguarda cronologicamente a realiza\u00e7\u00e3o de seu cr\u00e9dito seja preterido por cidad\u00e3o que pretenda administrativamente receber valores que reputa devidos\u201d<\/em>.<\/p>\n\n\n\n<p>E o que o STF decidiu?<\/p>\n\n\n\n<h4 class=\"wp-block-heading has-luminous-vivid-orange-color has-text-color has-link-color wp-elements-48ecaf77162b05e63b5091db29d35333\" id=\"h-tese-fixada\"><span id=\"tese-fixada\">Tese fixada<\/span><\/h4>\n\n\n\n<p>O STF firmou Tese no sentido de que <strong>N\u00c3O se mostra admiss\u00edvel a restitui\u00e7\u00e3o administrativa do ind\u00e9bito reconhecido na via judicial<\/strong>, sendo <strong>indispens\u00e1vel <\/strong>a observ\u00e2ncia do regime constitucional de <strong>precat\u00f3rios<\/strong>, nos termos do art. 100 da Constitui\u00e7\u00e3o Federal.<\/p>\n\n\n\n<p>A Relatora do caso, Ministra Rosa Weber, enfatizou que o ac\u00f3rd\u00e3o do TRF da 3\u00aa Regi\u00e3o divergiu da firme jurisprud\u00eancia do STF quanto ao tema, que se orienta no sentido de que <strong>os pagamentos devidos pela Fazenda P\u00fablica em decorr\u00eancia de pronunciamentos jurisdicionais devem ser realizados por meio da expedi\u00e7\u00e3o de precat\u00f3rio ou de requisi\u00e7\u00e3o de pequeno valor, conforme o valor da condena\u00e7\u00e3o<\/strong>, nos termos do art. 100 da Constitui\u00e7\u00e3o da Rep\u00fablica.<\/p>\n\n\n\n<p>Assim, caso se proceda ao pagamento na via administrativa, haveria, na verdade, uma burla ao regime de precat\u00f3rios, do qual falamos acima.<\/p>\n\n\n\n<p>Nessa esteira, a Ministra lembrou que, no julgamento do <a href=\"https:\/\/redir.stf.jus.br\/paginadorpub\/paginador.jsp?docTP=TP&docID=764207464\" target=\"_blank\" >ARE 1.387.512-AgR\/RS<\/a> (al\u00e9m de outros v\u00e1rios precedentes), a Primeira Turma do STF, por maioria, j\u00e1 havia se posicionado quanto ao assunto, tendo entendido que a restitui\u00e7\u00e3o do pagamento indevido, decorrente de decis\u00e3o em sede de mandado de seguran\u00e7a, deveria ocorrer mediante a expedi\u00e7\u00e3o de precat\u00f3rio ou de requisi\u00e7\u00e3o de pequeno valor, conforme o caso.<\/p>\n\n\n\n<h4 class=\"wp-block-heading has-luminous-vivid-orange-color has-text-color has-link-color wp-elements-5d1c7547ee71595fc3b25b9049de2228\" id=\"h-distinguishing-em-relacao-ao-tema-stf-n\u00ba-831\"><span id=\"distinguishing-em-relacao-ao-tema-stf-no-831\"><em>Distinguishing <\/em>em rela\u00e7\u00e3o ao Tema STF n\u00ba 831<\/span><\/h4>\n\n\n\n<p>A Relatora ainda fez quest\u00e3o de realizar o devido <em>distinguishing<\/em> do que estava sendo analisado no Tema 1.262 em rela\u00e7\u00e3o \u00e0quilo que se decidiu no <a href=\"https:\/\/portal.stf.jus.br\/jurisprudenciaRepercussao\/verAndamentoProcesso.asp?incidente=4775471&numeroProcesso=889173&classeProcesso=RE&numeroTema=831\" target=\"_blank\" >Tema de Repercuss\u00e3o Geral n\u00ba 831<\/a>.<\/p>\n\n\n\n<p>Isso porque, no Tema n\u00ba 831 (<em>Leading Case RE 889.173\/MS)<\/em>, analisou-se a obrigatoriedade de pagamento, mediante o regime de precat\u00f3rios, dos valores devidos pela Fazenda P\u00fablica <strong>entre a data da impetra\u00e7\u00e3o do mandado de seguran\u00e7a e a efetiva implementa\u00e7\u00e3o da ordem concessiva<\/strong>.<\/p>\n\n\n\n<p>Naquela oportunidade, fixou-se Tese no sentido de que o pagamento desses valores (entre a impetra\u00e7\u00e3o do MS e a implementa\u00e7\u00e3o da ordem concessiva) deve observar o regime de precat\u00f3rios.<\/p>\n\n\n\n<p>Por outro lado, no Tema n\u00ba 1.262, ora em an\u00e1lise, estava <em>\u201c<\/em><strong><em>em discuss\u00e3o a possibilidade de restitui\u00e7\u00e3o administrativa dos valores cobrados a maior nos 05 (cinco) anos que antecederam a impetra\u00e7\u00e3o do mandado de seguran\u00e7a<\/em><\/strong><em>\u201d<\/em>.<\/p>\n\n\n\n<h2 class=\"wp-block-heading has-luminous-vivid-orange-color has-text-color has-link-color wp-elements-71cc9fb87f8143442ce1b0837f7d7885\" id=\"h-conclusao\"><span id=\"conclusao\">Conclus\u00e3o<\/span><\/h2>\n\n\n\n<p>Portanto, pessoal, esse foi nosso breve resumo sobre a Restitui\u00e7\u00e3o administrativa de ind\u00e9bito reconhecido na via judicial, destacando o entendimento do STF quanto ao tema.<\/p>\n\n\n\n<p>Vimos que o STF entende que n\u00e3o se mostra admiss\u00edvel a restitui\u00e7\u00e3o administrativa do ind\u00e9bito reconhecido na via judicial, sendo indispens\u00e1vel a observ\u00e2ncia do regime constitucional de precat\u00f3rios, nos termos do art. 100 da Constitui\u00e7\u00e3o Federal.<\/p>\n\n\n\n<p>At\u00e9 a pr\u00f3xima!<\/p>\n\n\n\n<h2 class=\"wp-block-heading has-text-align-center\" id=\"cursos-ficha\"><span id=\"quer-estudar-para-concursos-de-delegado-2024\">Quer estudar para Concursos de Delegado 2024?<\/span><\/h2>\n\n\n\n<p class=\"has-text-align-left\">O Estrat\u00e9gia Carreira Jur\u00eddica \u00e9 campe\u00e3o de aprova\u00e7\u00f5es nos concursos para Carreiras Jur\u00eddicas com um corpo docente qualificado e materiais completos. Conhe\u00e7a nossos cursos e garanta sua aprova\u00e7\u00e3o em Concurso de Delegado:<\/p>\n\n\n\n<p class=\"has-text-align-center has-pale-cyan-blue-background-color has-background\"><a href=\"https:\/\/cj.estrategia.com\/portal\/concursos-abertos-carreiras-juridicas\/\" target=\"_blank\" ><strong>Concursos abertos<\/strong><\/a><\/p>\n\n\n\n<p class=\"has-text-align-center has-pale-cyan-blue-background-color has-background\"><a href=\"https:\/\/cj.estrategia.com\/portal\/concursos-2024-carreiras-juridicas\/\"><strong>Concursos 2024<\/strong><\/a><\/p>\n","protected":false},"excerpt":{"rendered":"Neste artigo falaremos sobre a Restitui\u00e7\u00e3o administrativa de ind\u00e9bito reconhecido na via judicial, destacando o entendimento do Supremo&hellip;\n","protected":false},"author":39,"featured_media":63247,"comment_status":"open","ping_status":"open","sticky":false,"template":"","format":"standard","meta":{"_jetpack_memberships_contains_paid_content":false,"footnotes":""},"categories":[1],"tags":[],"tax_estado":[30,31,32,33,34,35,36,37,38,39,40,41,42,43,44,45,46,47,48,49,50,51,52,53,54,55,56,57],"class_list":{"0":"post-63246","1":"post","2":"type-post","3":"status-publish","4":"format-standard","5":"has-post-thumbnail","7":"category-carreiras-juridicas","8":"tax_estado-ac","9":"tax_estado-al","10":"tax_estado-am","11":"tax_estado-ap","12":"tax_estado-ba","13":"tax_estado-ce","14":"tax_estado-concursos-federais","15":"tax_estado-df","16":"tax_estado-es","17":"tax_estado-go","18":"tax_estado-ma","19":"tax_estado-mg","20":"tax_estado-ms","21":"tax_estado-mt","22":"tax_estado-pa","23":"tax_estado-pb","24":"tax_estado-pe","25":"tax_estado-pi","26":"tax_estado-pr","27":"tax_estado-rj","28":"tax_estado-rn","29":"tax_estado-ro","30":"tax_estado-rr","31":"tax_estado-rs","32":"tax_estado-sc","33":"tax_estado-se","34":"tax_estado-sp","35":"tax_estado-to"},"acf":[],"yoast_head":"<!-- This site is optimized with the Yoast SEO Premium plugin v27.5 (Yoast SEO v27.5) - https:\/\/yoast.com\/product\/yoast-seo-premium-wordpress\/ -->\n<title>Restitui\u00e7\u00e3o administrativa de ind\u00e9bito judicial<\/title>\n<meta name=\"description\" content=\"Confira nosso resumo sobre a Restitui\u00e7\u00e3o administrativa de ind\u00e9bito reconhecido na via judicial (Tema de Repercuss\u00e3o Geral n\u00ba 1.262).\" \/>\n<meta name=\"robots\" content=\"index, follow, max-snippet:-1, max-image-preview:large, max-video-preview:-1\" \/>\n<link rel=\"canonical\" href=\"https:\/\/cj.estrategia.com\/portal\/restituicao-administrativa-indebito-judicial\/\" \/>\n<meta property=\"og:locale\" content=\"pt_BR\" \/>\n<meta property=\"og:type\" content=\"article\" \/>\n<meta property=\"og:title\" content=\"Restitui\u00e7\u00e3o administrativa de ind\u00e9bito judicial\" \/>\n<meta property=\"og:description\" content=\"Confira nosso resumo sobre a Restitui\u00e7\u00e3o administrativa de ind\u00e9bito reconhecido na via judicial (Tema de Repercuss\u00e3o Geral n\u00ba 1.262).\" \/>\n<meta property=\"og:url\" content=\"https:\/\/cj.estrategia.com\/portal\/restituicao-administrativa-indebito-judicial\/\" \/>\n<meta property=\"og:site_name\" content=\"Blog - Carreiras Jur\u00eddicas - Estrat\u00e9gia\" \/>\n<meta property=\"article:publisher\" content=\"https:\/\/www.facebook.com\/estrategiacarreirajuridica\/\" \/>\n<meta property=\"article:published_time\" content=\"2024-06-18T14:00:00+00:00\" \/>\n<meta property=\"og:image\" content=\"https:\/\/cj.estrategia.com\/portal\/wp-content\/uploads\/2024\/05\/17073316\/still-life-dollar-coins-scale-scaled.jpg\" \/>\n\t<meta property=\"og:image:width\" content=\"1708\" \/>\n\t<meta property=\"og:image:height\" content=\"2560\" \/>\n\t<meta property=\"og:image:type\" content=\"image\/jpeg\" \/>\n<meta name=\"author\" content=\"Frederico Tadeu Borlot Peixoto\" \/>\n<meta name=\"twitter:card\" content=\"summary_large_image\" \/>\n<meta name=\"twitter:creator\" content=\"@EstratJuridica\" \/>\n<meta name=\"twitter:site\" content=\"@EstratJuridica\" \/>\n<meta name=\"twitter:label1\" content=\"Escrito por\" \/>\n\t<meta name=\"twitter:data1\" content=\"Frederico Tadeu Borlot Peixoto\" \/>\n\t<meta name=\"twitter:label2\" content=\"Est. tempo de leitura\" \/>\n\t<meta name=\"twitter:data2\" content=\"10 minutos\" \/>\n<script type=\"application\/ld+json\" class=\"yoast-schema-graph\">{\"@context\":\"https:\\\/\\\/schema.org\",\"@graph\":[{\"@type\":\"NewsArticle\",\"@id\":\"https:\\\/\\\/cj.estrategia.com\\\/portal\\\/restituicao-administrativa-indebito-judicial\\\/#article\",\"isPartOf\":{\"@id\":\"https:\\\/\\\/cj.estrategia.com\\\/portal\\\/restituicao-administrativa-indebito-judicial\\\/\"},\"author\":{\"name\":\"Frederico Tadeu Borlot Peixoto\",\"@id\":\"https:\\\/\\\/cj.estrategia.com\\\/portal\\\/#\\\/schema\\\/person\\\/74287401cf4654f4fa04e378de7261ec\"},\"headline\":\"Restitui\u00e7\u00e3o administrativa de ind\u00e9bito judicial\",\"datePublished\":\"2024-06-18T14:00:00+00:00\",\"mainEntityOfPage\":{\"@id\":\"https:\\\/\\\/cj.estrategia.com\\\/portal\\\/restituicao-administrativa-indebito-judicial\\\/\"},\"wordCount\":1955,\"commentCount\":0,\"publisher\":{\"@id\":\"https:\\\/\\\/cj.estrategia.com\\\/portal\\\/#organization\"},\"image\":{\"@id\":\"https:\\\/\\\/cj.estrategia.com\\\/portal\\\/restituicao-administrativa-indebito-judicial\\\/#primaryimage\"},\"thumbnailUrl\":\"https:\\\/\\\/cj.estrategia.com\\\/portal\\\/wp-content\\\/uploads\\\/2024\\\/05\\\/17073316\\\/still-life-dollar-coins-scale-scaled.jpg\",\"articleSection\":[\"Carreiras Jur\u00eddicas\"],\"inLanguage\":\"pt-BR\",\"potentialAction\":[{\"@type\":\"CommentAction\",\"name\":\"Comment\",\"target\":[\"https:\\\/\\\/cj.estrategia.com\\\/portal\\\/restituicao-administrativa-indebito-judicial\\\/#respond\"]}],\"accessibilityFeature\":[\"tableOfContents\"]},{\"@type\":\"WebPage\",\"@id\":\"https:\\\/\\\/cj.estrategia.com\\\/portal\\\/restituicao-administrativa-indebito-judicial\\\/\",\"url\":\"https:\\\/\\\/cj.estrategia.com\\\/portal\\\/restituicao-administrativa-indebito-judicial\\\/\",\"name\":\"Restitui\u00e7\u00e3o administrativa de ind\u00e9bito judicial\",\"isPartOf\":{\"@id\":\"https:\\\/\\\/cj.estrategia.com\\\/portal\\\/#website\"},\"primaryImageOfPage\":{\"@id\":\"https:\\\/\\\/cj.estrategia.com\\\/portal\\\/restituicao-administrativa-indebito-judicial\\\/#primaryimage\"},\"image\":{\"@id\":\"https:\\\/\\\/cj.estrategia.com\\\/portal\\\/restituicao-administrativa-indebito-judicial\\\/#primaryimage\"},\"thumbnailUrl\":\"https:\\\/\\\/cj.estrategia.com\\\/portal\\\/wp-content\\\/uploads\\\/2024\\\/05\\\/17073316\\\/still-life-dollar-coins-scale-scaled.jpg\",\"datePublished\":\"2024-06-18T14:00:00+00:00\",\"description\":\"Confira nosso resumo sobre a Restitui\u00e7\u00e3o administrativa de ind\u00e9bito reconhecido na via judicial (Tema de Repercuss\u00e3o Geral n\u00ba 1.262).\",\"breadcrumb\":{\"@id\":\"https:\\\/\\\/cj.estrategia.com\\\/portal\\\/restituicao-administrativa-indebito-judicial\\\/#breadcrumb\"},\"inLanguage\":\"pt-BR\",\"potentialAction\":[{\"@type\":\"ReadAction\",\"target\":[\"https:\\\/\\\/cj.estrategia.com\\\/portal\\\/restituicao-administrativa-indebito-judicial\\\/\"]}]},{\"@type\":\"ImageObject\",\"inLanguage\":\"pt-BR\",\"@id\":\"https:\\\/\\\/cj.estrategia.com\\\/portal\\\/restituicao-administrativa-indebito-judicial\\\/#primaryimage\",\"url\":\"https:\\\/\\\/cj.estrategia.com\\\/portal\\\/wp-content\\\/uploads\\\/2024\\\/05\\\/17073316\\\/still-life-dollar-coins-scale-scaled.jpg\",\"contentUrl\":\"https:\\\/\\\/cj.estrategia.com\\\/portal\\\/wp-content\\\/uploads\\\/2024\\\/05\\\/17073316\\\/still-life-dollar-coins-scale-scaled.jpg\",\"width\":1708,\"height\":2560,\"caption\":\"Restitui\u00e7\u00e3o administrativa de ind\u00e9bito judicial\"},{\"@type\":\"BreadcrumbList\",\"@id\":\"https:\\\/\\\/cj.estrategia.com\\\/portal\\\/restituicao-administrativa-indebito-judicial\\\/#breadcrumb\",\"itemListElement\":[{\"@type\":\"ListItem\",\"position\":1,\"name\":\"In\u00edcio\",\"item\":\"https:\\\/\\\/cj.estrategia.com\\\/portal\\\/\"},{\"@type\":\"ListItem\",\"position\":2,\"name\":\"Restitui\u00e7\u00e3o administrativa de ind\u00e9bito judicial\"}]},{\"@type\":\"WebSite\",\"@id\":\"https:\\\/\\\/cj.estrategia.com\\\/portal\\\/#website\",\"url\":\"https:\\\/\\\/cj.estrategia.com\\\/portal\\\/\",\"name\":\"Blog - Carreiras Jur\u00eddicas - Estrat\u00e9gia\",\"description\":\"\",\"publisher\":{\"@id\":\"https:\\\/\\\/cj.estrategia.com\\\/portal\\\/#organization\"},\"potentialAction\":[{\"@type\":\"SearchAction\",\"target\":{\"@type\":\"EntryPoint\",\"urlTemplate\":\"https:\\\/\\\/cj.estrategia.com\\\/portal\\\/?s={search_term_string}\"},\"query-input\":{\"@type\":\"PropertyValueSpecification\",\"valueRequired\":true,\"valueName\":\"search_term_string\"}}],\"inLanguage\":\"pt-BR\"},{\"@type\":\"Organization\",\"@id\":\"https:\\\/\\\/cj.estrategia.com\\\/portal\\\/#organization\",\"name\":\"Estrat\u00e9gia - Carreiras Jur\u00eddicas\",\"url\":\"https:\\\/\\\/cj.estrategia.com\\\/portal\\\/\",\"logo\":{\"@type\":\"ImageObject\",\"inLanguage\":\"pt-BR\",\"@id\":\"https:\\\/\\\/cj.estrategia.com\\\/portal\\\/#\\\/schema\\\/logo\\\/image\\\/\",\"url\":\"https:\\\/\\\/cj.estrategia.com\\\/portal\\\/wp-content\\\/uploads\\\/2022\\\/03\\\/11151052\\\/cj-logo.png\",\"contentUrl\":\"https:\\\/\\\/cj.estrategia.com\\\/portal\\\/wp-content\\\/uploads\\\/2022\\\/03\\\/11151052\\\/cj-logo.png\",\"width\":150,\"height\":39,\"caption\":\"Estrat\u00e9gia - Carreiras Jur\u00eddicas\"},\"image\":{\"@id\":\"https:\\\/\\\/cj.estrategia.com\\\/portal\\\/#\\\/schema\\\/logo\\\/image\\\/\"},\"sameAs\":[\"https:\\\/\\\/www.facebook.com\\\/estrategiacarreirajuridica\\\/\",\"https:\\\/\\\/x.com\\\/EstratJuridica\",\"https:\\\/\\\/www.instagram.com\\\/estrategiacarreirajuridica\\\/\",\"https:\\\/\\\/www.youtube.com\\\/channel\\\/UClbMGuYbj2Mh1m3w144ETWQ\"]},{\"@type\":\"Person\",\"@id\":\"https:\\\/\\\/cj.estrategia.com\\\/portal\\\/#\\\/schema\\\/person\\\/74287401cf4654f4fa04e378de7261ec\",\"name\":\"Frederico Tadeu Borlot Peixoto\",\"image\":{\"@type\":\"ImageObject\",\"inLanguage\":\"pt-BR\",\"@id\":\"https:\\\/\\\/cj.estrategia.com\\\/portal\\\/wp-content\\\/uploads\\\/2023\\\/06\\\/29094204\\\/GBAY0702-96x96.jpg\",\"url\":\"https:\\\/\\\/cj.estrategia.com\\\/portal\\\/wp-content\\\/uploads\\\/2023\\\/06\\\/29094204\\\/GBAY0702-96x96.jpg\",\"contentUrl\":\"https:\\\/\\\/cj.estrategia.com\\\/portal\\\/wp-content\\\/uploads\\\/2023\\\/06\\\/29094204\\\/GBAY0702-96x96.jpg\",\"caption\":\"Frederico Tadeu Borlot Peixoto\"},\"description\":\"Analista Judici\u00e1rio - \u00c1rea Judici\u00e1ria do TRF da 4\u00aa regi\u00e3o. Bacharel em Direito. P\u00f3s-graduado em Direito Administrativo, Legisla\u00e7\u00e3o Penal Especial, Direito Penal e Direito Processual Penal. Tamb\u00e9m nomeado no TRF da 3\u00aa regi\u00e3o (8\u00ba lugar); SPPREV (3\u00ba lugar); IFES (2\u00ba lugar); e PMES. https:\\\/\\\/www.instagram.com\\\/proffrederico\\\/\",\"sameAs\":[\"https:\\\/\\\/www.instagram.com\\\/proffrederico\\\/\"],\"url\":\"https:\\\/\\\/cj.estrategia.com\\\/portal\\\/author\\\/xfrederico\\\/\"}]}<\/script>\n<!-- \/ Yoast SEO Premium plugin. -->","yoast_head_json":{"title":"Restitui\u00e7\u00e3o administrativa de ind\u00e9bito judicial","description":"Confira nosso resumo sobre a Restitui\u00e7\u00e3o administrativa de ind\u00e9bito reconhecido na via judicial (Tema de Repercuss\u00e3o Geral n\u00ba 1.262).","robots":{"index":"index","follow":"follow","max-snippet":"max-snippet:-1","max-image-preview":"max-image-preview:large","max-video-preview":"max-video-preview:-1"},"canonical":"https:\/\/cj.estrategia.com\/portal\/restituicao-administrativa-indebito-judicial\/","og_locale":"pt_BR","og_type":"article","og_title":"Restitui\u00e7\u00e3o administrativa de ind\u00e9bito judicial","og_description":"Confira nosso resumo sobre a Restitui\u00e7\u00e3o administrativa de ind\u00e9bito reconhecido na via judicial (Tema de Repercuss\u00e3o Geral n\u00ba 1.262).","og_url":"https:\/\/cj.estrategia.com\/portal\/restituicao-administrativa-indebito-judicial\/","og_site_name":"Blog - Carreiras Jur\u00eddicas - Estrat\u00e9gia","article_publisher":"https:\/\/www.facebook.com\/estrategiacarreirajuridica\/","article_published_time":"2024-06-18T14:00:00+00:00","og_image":[{"width":1708,"height":2560,"url":"https:\/\/cj.estrategia.com\/portal\/wp-content\/uploads\/2024\/05\/17073316\/still-life-dollar-coins-scale-scaled.jpg","type":"image\/jpeg"}],"author":"Frederico Tadeu Borlot Peixoto","twitter_card":"summary_large_image","twitter_creator":"@EstratJuridica","twitter_site":"@EstratJuridica","twitter_misc":{"Escrito por":"Frederico Tadeu Borlot Peixoto","Est. tempo de leitura":"10 minutos"},"schema":{"@context":"https:\/\/schema.org","@graph":[{"@type":"NewsArticle","@id":"https:\/\/cj.estrategia.com\/portal\/restituicao-administrativa-indebito-judicial\/#article","isPartOf":{"@id":"https:\/\/cj.estrategia.com\/portal\/restituicao-administrativa-indebito-judicial\/"},"author":{"name":"Frederico Tadeu Borlot Peixoto","@id":"https:\/\/cj.estrategia.com\/portal\/#\/schema\/person\/74287401cf4654f4fa04e378de7261ec"},"headline":"Restitui\u00e7\u00e3o administrativa de ind\u00e9bito judicial","datePublished":"2024-06-18T14:00:00+00:00","mainEntityOfPage":{"@id":"https:\/\/cj.estrategia.com\/portal\/restituicao-administrativa-indebito-judicial\/"},"wordCount":1955,"commentCount":0,"publisher":{"@id":"https:\/\/cj.estrategia.com\/portal\/#organization"},"image":{"@id":"https:\/\/cj.estrategia.com\/portal\/restituicao-administrativa-indebito-judicial\/#primaryimage"},"thumbnailUrl":"https:\/\/cj.estrategia.com\/portal\/wp-content\/uploads\/2024\/05\/17073316\/still-life-dollar-coins-scale-scaled.jpg","articleSection":["Carreiras Jur\u00eddicas"],"inLanguage":"pt-BR","potentialAction":[{"@type":"CommentAction","name":"Comment","target":["https:\/\/cj.estrategia.com\/portal\/restituicao-administrativa-indebito-judicial\/#respond"]}],"accessibilityFeature":["tableOfContents"]},{"@type":"WebPage","@id":"https:\/\/cj.estrategia.com\/portal\/restituicao-administrativa-indebito-judicial\/","url":"https:\/\/cj.estrategia.com\/portal\/restituicao-administrativa-indebito-judicial\/","name":"Restitui\u00e7\u00e3o administrativa de ind\u00e9bito judicial","isPartOf":{"@id":"https:\/\/cj.estrategia.com\/portal\/#website"},"primaryImageOfPage":{"@id":"https:\/\/cj.estrategia.com\/portal\/restituicao-administrativa-indebito-judicial\/#primaryimage"},"image":{"@id":"https:\/\/cj.estrategia.com\/portal\/restituicao-administrativa-indebito-judicial\/#primaryimage"},"thumbnailUrl":"https:\/\/cj.estrategia.com\/portal\/wp-content\/uploads\/2024\/05\/17073316\/still-life-dollar-coins-scale-scaled.jpg","datePublished":"2024-06-18T14:00:00+00:00","description":"Confira nosso resumo sobre a Restitui\u00e7\u00e3o administrativa de ind\u00e9bito reconhecido na via judicial (Tema de Repercuss\u00e3o Geral n\u00ba 1.262).","breadcrumb":{"@id":"https:\/\/cj.estrategia.com\/portal\/restituicao-administrativa-indebito-judicial\/#breadcrumb"},"inLanguage":"pt-BR","potentialAction":[{"@type":"ReadAction","target":["https:\/\/cj.estrategia.com\/portal\/restituicao-administrativa-indebito-judicial\/"]}]},{"@type":"ImageObject","inLanguage":"pt-BR","@id":"https:\/\/cj.estrategia.com\/portal\/restituicao-administrativa-indebito-judicial\/#primaryimage","url":"https:\/\/cj.estrategia.com\/portal\/wp-content\/uploads\/2024\/05\/17073316\/still-life-dollar-coins-scale-scaled.jpg","contentUrl":"https:\/\/cj.estrategia.com\/portal\/wp-content\/uploads\/2024\/05\/17073316\/still-life-dollar-coins-scale-scaled.jpg","width":1708,"height":2560,"caption":"Restitui\u00e7\u00e3o administrativa de ind\u00e9bito judicial"},{"@type":"BreadcrumbList","@id":"https:\/\/cj.estrategia.com\/portal\/restituicao-administrativa-indebito-judicial\/#breadcrumb","itemListElement":[{"@type":"ListItem","position":1,"name":"In\u00edcio","item":"https:\/\/cj.estrategia.com\/portal\/"},{"@type":"ListItem","position":2,"name":"Restitui\u00e7\u00e3o administrativa de ind\u00e9bito judicial"}]},{"@type":"WebSite","@id":"https:\/\/cj.estrategia.com\/portal\/#website","url":"https:\/\/cj.estrategia.com\/portal\/","name":"Blog - Carreiras Jur\u00eddicas - Estrat\u00e9gia","description":"","publisher":{"@id":"https:\/\/cj.estrategia.com\/portal\/#organization"},"potentialAction":[{"@type":"SearchAction","target":{"@type":"EntryPoint","urlTemplate":"https:\/\/cj.estrategia.com\/portal\/?s={search_term_string}"},"query-input":{"@type":"PropertyValueSpecification","valueRequired":true,"valueName":"search_term_string"}}],"inLanguage":"pt-BR"},{"@type":"Organization","@id":"https:\/\/cj.estrategia.com\/portal\/#organization","name":"Estrat\u00e9gia - Carreiras Jur\u00eddicas","url":"https:\/\/cj.estrategia.com\/portal\/","logo":{"@type":"ImageObject","inLanguage":"pt-BR","@id":"https:\/\/cj.estrategia.com\/portal\/#\/schema\/logo\/image\/","url":"https:\/\/cj.estrategia.com\/portal\/wp-content\/uploads\/2022\/03\/11151052\/cj-logo.png","contentUrl":"https:\/\/cj.estrategia.com\/portal\/wp-content\/uploads\/2022\/03\/11151052\/cj-logo.png","width":150,"height":39,"caption":"Estrat\u00e9gia - Carreiras Jur\u00eddicas"},"image":{"@id":"https:\/\/cj.estrategia.com\/portal\/#\/schema\/logo\/image\/"},"sameAs":["https:\/\/www.facebook.com\/estrategiacarreirajuridica\/","https:\/\/x.com\/EstratJuridica","https:\/\/www.instagram.com\/estrategiacarreirajuridica\/","https:\/\/www.youtube.com\/channel\/UClbMGuYbj2Mh1m3w144ETWQ"]},{"@type":"Person","@id":"https:\/\/cj.estrategia.com\/portal\/#\/schema\/person\/74287401cf4654f4fa04e378de7261ec","name":"Frederico Tadeu Borlot Peixoto","image":{"@type":"ImageObject","inLanguage":"pt-BR","@id":"https:\/\/cj.estrategia.com\/portal\/wp-content\/uploads\/2023\/06\/29094204\/GBAY0702-96x96.jpg","url":"https:\/\/cj.estrategia.com\/portal\/wp-content\/uploads\/2023\/06\/29094204\/GBAY0702-96x96.jpg","contentUrl":"https:\/\/cj.estrategia.com\/portal\/wp-content\/uploads\/2023\/06\/29094204\/GBAY0702-96x96.jpg","caption":"Frederico Tadeu Borlot Peixoto"},"description":"Analista Judici\u00e1rio - \u00c1rea Judici\u00e1ria do TRF da 4\u00aa regi\u00e3o. Bacharel em Direito. P\u00f3s-graduado em Direito Administrativo, Legisla\u00e7\u00e3o Penal Especial, Direito Penal e Direito Processual Penal. Tamb\u00e9m nomeado no TRF da 3\u00aa regi\u00e3o (8\u00ba lugar); SPPREV (3\u00ba lugar); IFES (2\u00ba lugar); e PMES. https:\/\/www.instagram.com\/proffrederico\/","sameAs":["https:\/\/www.instagram.com\/proffrederico\/"],"url":"https:\/\/cj.estrategia.com\/portal\/author\/xfrederico\/"}]}},"jetpack_featured_media_url":"https:\/\/cj.estrategia.com\/portal\/wp-content\/uploads\/2024\/05\/17073316\/still-life-dollar-coins-scale-scaled.jpg","jetpack_sharing_enabled":true,"_links":{"self":[{"href":"https:\/\/cj.estrategia.com\/portal\/wp-json\/wp\/v2\/posts\/63246","targetHints":{"allow":["GET"]}}],"collection":[{"href":"https:\/\/cj.estrategia.com\/portal\/wp-json\/wp\/v2\/posts"}],"about":[{"href":"https:\/\/cj.estrategia.com\/portal\/wp-json\/wp\/v2\/types\/post"}],"author":[{"embeddable":true,"href":"https:\/\/cj.estrategia.com\/portal\/wp-json\/wp\/v2\/users\/39"}],"replies":[{"embeddable":true,"href":"https:\/\/cj.estrategia.com\/portal\/wp-json\/wp\/v2\/comments?post=63246"}],"version-history":[{"count":0,"href":"https:\/\/cj.estrategia.com\/portal\/wp-json\/wp\/v2\/posts\/63246\/revisions"}],"wp:featuredmedia":[{"embeddable":true,"href":"https:\/\/cj.estrategia.com\/portal\/wp-json\/wp\/v2\/media\/63247"}],"wp:attachment":[{"href":"https:\/\/cj.estrategia.com\/portal\/wp-json\/wp\/v2\/media?parent=63246"}],"wp:term":[{"taxonomy":"category","embeddable":true,"href":"https:\/\/cj.estrategia.com\/portal\/wp-json\/wp\/v2\/categories?post=63246"},{"taxonomy":"post_tag","embeddable":true,"href":"https:\/\/cj.estrategia.com\/portal\/wp-json\/wp\/v2\/tags?post=63246"},{"taxonomy":"tax_estado","embeddable":true,"href":"https:\/\/cj.estrategia.com\/portal\/wp-json\/wp\/v2\/tax_estado?post=63246"}],"curies":[{"name":"wp","href":"https:\/\/api.w.org\/{rel}","templated":true}]}}