{"id":63162,"date":"2024-05-16T13:46:51","date_gmt":"2024-05-16T16:46:51","guid":{"rendered":"https:\/\/cj.estrategia.com\/portal\/?p=63162"},"modified":"2024-05-16T13:46:55","modified_gmt":"2024-05-16T16:46:55","slug":"prova-comentada-direito-processual-do-trabalho-pgm-sorocaba-sp","status":"publish","type":"post","link":"https:\/\/cj.estrategia.com\/portal\/prova-comentada-direito-processual-do-trabalho-pgm-sorocaba-sp\/","title":{"rendered":"Prova comentada Direito Processual do Trabalho PGM Sorocaba SP"},"content":{"rendered":"<a id=\"cta-icon\" href=\"https:\/\/sndflw.com\/i\/procuradorias-grupo\" target=\"blank\" style=\"background:rgb(41,166,26)\">\n            <img decoding=\"async\" src=\"https:\/\/cj.estrategia.com\/portal\/wp-content\/uploads\/2023\/12\/07160657\/whatsapp_1385.webp\" alt=\"\" alt=\"whatsapp_1385\"><span > Acesse agora o Grupo de Estudos para Concurso de Procuradorias <\/span><\/a>\n\n\n\n<p>Ol\u00e1, pessoal, tudo certo?!<\/p>\n\n\n\n<p>Em 12\/05\/2024, foi aplicada a prova objetiva do concurso p\u00fablico para a <strong>Procuradoria Geral do Munic\u00edpio de Sorocaba<\/strong>. Assim que divulgados o caderno de provas e o gabarito preliminar oficial, nosso time de professores analisou cada uma das quest\u00f5es que agora ser\u00e3o apresentadas em nossa <strong>PROVA COMENTADA<\/strong>.<\/p>\n\n\n\n<p>Este material visa a auxili\u00e1-los na aferi\u00e7\u00e3o das notas, elabora\u00e7\u00e3o de eventuais recursos, verifica\u00e7\u00e3o das chances de avan\u00e7o para fase discursiva, bem como na revis\u00e3o do conte\u00fado cobrado no certame.<\/p>\n\n\n\n<p>De modo complementar, elaboramos tamb\u00e9m o <strong>RANKING da PGM-Sorocaba <\/strong>em que nossos alunos e seguidores poder\u00e3o inserir suas respostas \u00e0 prova, e, ao final, aferir sua nota, de acordo com o gabarito elaborado por nossos professores. Atrav\u00e9s do ranking, tamb\u00e9m poderemos estimar a nota de corte da 1\u00ba fase. Essa ferramenta \u00e9 gratuita e, para participar, basta clicar no link abaixo: <\/p>\n\n\n\n<ul class=\"wp-block-list\">\n<li> <strong><a href=\"https:\/\/cj.estrategia.com\/cadernos-e-simulados\/simulados\/02e7651a-ce55-4ba6-a99a-9d945217a2d8\">Ranking da PGM-Sorocaba<\/a><\/strong><\/li>\n<\/ul>\n\n\n\n<p>Al\u00e9m disso, montamos um caderno para nossos seguidores, alunos ou n\u00e3o, verem os coment\u00e1rios e comentar as quest\u00f5es da prova: confira <a href=\"https:\/\/cj.estrategia.com\/cadernos-e-simulados\/cadernos\/98375da6-4205-4716-bfaf-dcf0e44bad41\">AQUI!<\/a> <\/p>\n\n\n\n<p>Por fim, comentaremos a prova, as quest\u00f5es mais pol\u00eamicas, as possibilidades de recurso, bem como a estimativa da nota de corte no <strong>TERM\u00d4METRO P\u00d3S-PROVA<\/strong>, no nosso canal do Youtube. Inscreva-se e ative as notifica\u00e7\u00f5es! <a href=\"https:\/\/www.youtube.com\/@EstrategiaCarreiraJuridica\"><strong>Estrat\u00e9gia Carreira Jur\u00eddica &#8211; YouTube<\/strong><\/a><\/p>\n\n\n\n<p class=\"has-text-align-center has-very-light-gray-to-cyan-bluish-gray-gradient-background has-background\"><a href=\"https:\/\/cj.estrategia.com\/portal\/provas-comentadas-pgm-sorocaba\/\">Confira AQUI as provas comentadas de todas as disciplinas<\/a><\/p>\n\n\n\n<h2 class=\"wp-block-heading\" id=\"h-prova-comentada-direito-processual-do-trabalho-pgm-sorocaba-sp\"><span id=\"prova-comentada-direito-processual-do-trabalho-pgm-sorocaba-sp\">Prova comentada Direito Processual do Trabalho PGM Sorocaba SP<\/span><\/h2>\n\n\n\n<p><strong>QUEST\u00c3O 78. Sobre as exce\u00e7\u00f5es de suspei\u00e7\u00e3o e incompet\u00eancia na justi\u00e7a laboral, conforme previs\u00e3o na CLT, assinale a alternativa correta.<\/strong><\/p>\n\n\n\n<p><strong>a) Das decis\u00f5es, ainda que terminativas do feito, n\u00e3o caber\u00e3o recursos.<\/strong><\/p>\n\n\n\n<p><strong>b) Podem ser opostas, mas n\u00e3o suspender\u00e3o o feito.<\/strong><\/p>\n\n\n\n<p><strong>c) Dever\u00e3o ser alegadas como mat\u00e9ria de defesa.<\/strong><\/p>\n\n\n\n<p><strong>d) \u00c9 vedada a produ\u00e7\u00e3o de prova oral nessa fase.<\/strong><\/p>\n\n\n\n<p><strong>e) Suspender\u00e3o o processo e n\u00e3o ser\u00e1 realizada a audi\u00eancia de instru\u00e7\u00e3o at\u00e9 que se decida a exce\u00e7\u00e3o.<\/strong><\/p>\n\n\n\n<p><strong>Coment\u00e1rios<\/strong><\/p>\n\n\n\n<p>A alternativa correta \u00e9 a <strong>letra E.<\/strong> A quest\u00e3o trata do tema exce\u00e7\u00e3o de suspei\u00e7\u00e3o e incompet\u00eancia na justi\u00e7a do trabalho.<\/p>\n\n\n\n<p>A alternativa A est\u00e1 incorreta. De acordo com art. 799, \u00a7 2\u00ba, da CLT: \u201c\u00a7 2\u00ba Das decis\u00f5es sobre exce\u00e7\u00f5es de suspei\u00e7\u00e3o e incompet\u00eancia, salvo, quanto a estas, se terminativas do feito, n\u00e3o caber\u00e1 recurso, podendo, no entanto, as partes aleg\u00e1-las novamente no recurso que couber da decis\u00e3o final.\u201d<\/p>\n\n\n\n<p>A alternativa B est\u00e1 incorreta. H\u00e1, sim, suspens\u00e3o do feito. De acordo com art. 799, caput, da CLT: \u201cArt. 799. Nas causas de jurisdi\u00e7\u00e3o da Justi\u00e7a do Trabalho, somente podem ser opostas, com suspens\u00e3o do feito, as exce\u00e7\u00f5es de suspei\u00e7\u00e3o ou incompet\u00eancia.\u201d<\/p>\n\n\n\n<p>A alternativa C est\u00e1 incorreta. Apenas as demais exce\u00e7\u00f5es, que n\u00e3o as de suspei\u00e7\u00e3o e incompet\u00eancia, ser\u00e3o alegadas como mat\u00e9ria de defesa. De acordo com art. 799, \u00a7 1\u00ba, da CLT: \u201c\u00a7 1\u00ba As demais exce\u00e7\u00f5es ser\u00e3o alegadas como mat\u00e9ria de defesa.\u201d<\/p>\n\n\n\n<p>A alternativa D est\u00e1 incorreta. \u00c9, sim, permitida a prova oral. De acordo com art. 800, \u00a7 3\u00ba, da CLT: \u201c\u00a7 3\u00ba Se entender necess\u00e1ria a produ\u00e7\u00e3o de prova oral, o ju\u00edzo designar\u00e1 audi\u00eancia, garantindo o direito de o excipiente e de suas testemunhas serem ouvidos, por carta precat\u00f3ria, no ju\u00edzo que este houver indicado como competente\u201d<\/p>\n\n\n\n<p>A alternativa E est\u00e1 correta. De acordo com art. 800, \u00a7 1\u00ba, da CLT, \u00e9 exatamente este o tr\u00e2mite adequado. Vejamos: \u201cArt. 800.&nbsp; Apresentada exce\u00e7\u00e3o de incompet\u00eancia territorial no prazo de cinco dias a contar da notifica\u00e7\u00e3o, antes da audi\u00eancia e em pe\u00e7a que sinalize a exist\u00eancia desta exce\u00e7\u00e3o, seguir-se-\u00e1 o procedimento estabelecido neste artigo. \u00a7 1\u00ba Protocolada a peti\u00e7\u00e3o, ser\u00e1 suspenso o processo e n\u00e3o se realizar\u00e1 a audi\u00eancia a que se refere o art. 843 desta Consolida\u00e7\u00e3o at\u00e9 que se decida a exce\u00e7\u00e3o.\u201d<\/p>\n\n\n\n<p><strong>QUEST\u00c3O 79. Assinale a alternativa correta sobre responsabilidades na esfera processual trabalhista, conforme entendimento sumulado do TST.<\/strong><\/p>\n\n\n\n<p><strong>a) A responsabilidade subsidi\u00e1ria do tomador de servi\u00e7os abrange todas as verbas decorrentes da condena\u00e7\u00e3o referentes ao per\u00edodo da presta\u00e7\u00e3o laboral.<\/strong><\/p>\n\n\n\n<p><strong>b) Os entes integrantes da Administra\u00e7\u00e3o P\u00fablica direta e indireta respondem solidariamente, caso evidenciada a sua conduta culposa no cumprimento das obriga\u00e7\u00f5es legais, especialmente na fiscaliza\u00e7\u00e3o do cumprimento das obriga\u00e7\u00f5es contratuais e legais da prestadora de servi\u00e7o como empregadora.<\/strong><\/p>\n\n\n\n<p><strong>c) N\u00e3o forma v\u00ednculo de emprego com o tomador a contrata\u00e7\u00e3o de servi\u00e7os de vigil\u00e2ncia e limpeza, ainda que haja a pessoalidade e a subordina\u00e7\u00e3o direta.<\/strong><\/p>\n\n\n\n<p><strong>d) A contrata\u00e7\u00e3o de trabalhadores por empresa interposta \u00e9 ilegal, formando-se o v\u00ednculo diretamente com o tomador dos servi\u00e7os quando se tratar de trabalho tempor\u00e1rio.<\/strong><\/p>\n\n\n\n<p><strong>e) O inadimplemento das obriga\u00e7\u00f5es trabalhistas, por parte do empregador, implica a responsabilidade subsidi\u00e1ria do tomador dos servi\u00e7os, independentemente se tenha participado da rela\u00e7\u00e3o processual elou conste no t\u00edtulo executivo.<\/strong><\/p>\n\n\n\n<p><strong>Coment\u00e1rios<\/strong><\/p>\n\n\n\n<p>A alternativa correta \u00e9 a <strong>letra A.<\/strong> A quest\u00e3o trata do tema responsabilidades na esfera processual trabalhista, a partir do entendimento do TST.<\/p>\n\n\n\n<p>A alternativa A est\u00e1 correta. De acordo com a S\u00famula 331, item VI, do TST: \u201cS\u00famula 331 do TST: CONTRATO DE PRESTA\u00c7\u00c3O DE SERVI\u00c7OS. LEGALIDADE. (&#8230;) VI \u2013 A responsabilidade subsidi\u00e1ria do tomador de servi\u00e7os abrange todas as verbas decorrentes da condena\u00e7\u00e3o referentes ao per\u00edodo da presta\u00e7\u00e3o laboral.\u201d<\/p>\n\n\n\n<p>A alternativa B est\u00e1 incorreta. Os entes da Administra\u00e7\u00e3o respondem subsidiariamente. De acordo com a S\u00famula 331, item V, do TST: \u201cS\u00famula 331 do TST: CONTRATO DE PRESTA\u00c7\u00c3O DE SERVI\u00c7OS. LEGALIDADE. (&#8230;) V &#8211; Os entes integrantes da Administra\u00e7\u00e3o P\u00fablica direta e indireta respondem subsidiariamente, nas mesmas condi\u00e7\u00f5es do item IV, caso evidenciada a sua conduta culposa no cumprimento das obriga\u00e7\u00f5es da Lei n.\u00ba 8.666, de 21.06.1993, especialmente na fiscaliza\u00e7\u00e3o do cumprimento das obriga\u00e7\u00f5es contratuais e legais da prestadora de servi\u00e7o como empregadora. A aludida responsabilidade n\u00e3o decorre de mero inadimplemento das obriga\u00e7\u00f5es trabalhistas assumidas pela empresa regularmente contratada.\u201d<\/p>\n\n\n\n<p>A alternativa C est\u00e1 incorreta. De acordo com a S\u00famula 331, item III, do TST: \u201cS\u00famula 331 do TST: CONTRATO DE PRESTA\u00c7\u00c3O DE SERVI\u00c7OS. LEGALIDADE. (&#8230;) III &#8211; N\u00e3o forma v\u00ednculo de emprego com o tomador a contrata\u00e7\u00e3o de servi\u00e7os de vigil\u00e2ncia (Lei n\u00ba 7.102, de 20.06.1983) e de conserva\u00e7\u00e3o e limpeza, bem como a de servi\u00e7os especializados ligados \u00e0 atividade-meio do tomador, desde que inexistente a pessoalidade e a subordina\u00e7\u00e3o direta.\u201d<\/p>\n\n\n\n<p>A alternativa D est\u00e1 incorreta. De acordo com a S\u00famula 331, item II, do TST: \u201cS\u00famula 331 do TST: CONTRATO DE PRESTA\u00c7\u00c3O DE SERVI\u00c7OS. LEGALIDADE. (&#8230;) II &#8211; A contrata\u00e7\u00e3o irregular de trabalhador, mediante empresa interposta, n\u00e3o gera v\u00ednculo de emprego com os \u00f3rg\u00e3os da Administra\u00e7\u00e3o P\u00fablica direta, indireta ou fundacional (art. 37, II, da CF\/1988).\u201d<\/p>\n\n\n\n<p>A alternativa E est\u00e1 incorreta. De acordo com a S\u00famula 331, item IV, do TST: \u201cS\u00famula 331 do TST: CONTRATO DE PRESTA\u00c7\u00c3O DE SERVI\u00c7OS. LEGALIDADE. (&#8230;) IV &#8211; O inadimplemento das obriga\u00e7\u00f5es trabalhistas, por parte do empregador, implica a responsabilidade subsidi\u00e1ria do tomador dos servi\u00e7os quanto \u00e0quelas obriga\u00e7\u00f5es, desde que haja participado da rela\u00e7\u00e3o processual e conste tamb\u00e9m do t\u00edtulo executivo judicial.\u201d<\/p>\n\n\n\n<p><strong>QUEST\u00c3O 80. Sobre a atua\u00e7\u00e3o da Fazenda P\u00fablica na Justi\u00e7a do Trabalho, conforme entendimento sumulado, estar\u00e1 sujeita ao duplo grau de jurisdi\u00e7\u00e3o, obrigatoriamente, a decis\u00e3o<\/strong><\/p>\n\n\n\n<p><strong>a) fundada em s\u00famula ou orienta\u00e7\u00e3o jurisprudencial do Tribunal Superior do Trabalho.<\/strong><\/p>\n\n\n\n<p><strong>b) fundada em entendimento firmado em incidente de resolu\u00e7\u00e3o de demandas repetitivas ou de assun\u00e7\u00e3o de compet\u00eancia.<\/strong><\/p>\n\n\n\n<p><strong>c) proferida pelo Tribunal Regional do Trabalho, em a\u00e7\u00e3o rescis\u00f3ria, quando desfavor\u00e1vel ao ente p\u00fablico, ressalvadas as exce\u00e7\u00f5es.<\/strong><\/p>\n\n\n\n<p><strong>d) fundada em ac\u00f3rd\u00e3o proferido pelo Supremo Tribunal Federal ou pelo Tribunal Superior do Trabalho em julgamento de recursos repetitivos.<\/strong><\/p>\n\n\n\n<p><strong>e) fundada em entendimento coincidente com orienta\u00e7\u00e3o vinculante firmada no \u00e2mbito administrativo do pr\u00f3prio ente p\u00fablico, consolidada em manifesta\u00e7\u00e3o, parecer ou s\u00famula administrativa.<\/strong><\/p>\n\n\n\n<p><strong>Coment\u00e1rios<\/strong><\/p>\n\n\n\n<p>A alternativa correta \u00e9 a <strong>letra<\/strong><strong> C<\/strong>. A quest\u00e3o trata do tema Fazenda P\u00fablica na Justi\u00e7a do Trabalho<\/p>\n\n\n\n<p>A alternativa A est\u00e1 incorreta. Neste caso, n\u00e3o h\u00e1 sujei\u00e7\u00e3o ao duplo grau de jurisdi\u00e7\u00e3o. De acordo com S\u00famula 303, item II, al\u00ednea \u201ca\u201d, do TST: \u201cS\u00famula 303 do TST. FAZENDA P\u00daBLICA. REEXAME NECESS\u00c1RIO: (&#8230;) II \u2013 Tamb\u00e9m n\u00e3o se sujeita ao duplo grau de jurisdi\u00e7\u00e3o a decis\u00e3o fundada em: a) s\u00famula ou orienta\u00e7\u00e3o jurisprudencial do Tribunal Superior do Trabalho;\u201d<\/p>\n\n\n\n<p>A alternativa B est\u00e1 incorreta. Neste caso, n\u00e3o h\u00e1 sujei\u00e7\u00e3o ao duplo grau de jurisdi\u00e7\u00e3o. De acordo com S\u00famula 303, item II, al\u00ednea \u201cc\u201d, do TST: \u201cS\u00famula 303 do TST. FAZENDA P\u00daBLICA. REEXAME NECESS\u00c1RIO: (&#8230;) II \u2013 Tamb\u00e9m n\u00e3o se sujeita ao duplo grau de jurisdi\u00e7\u00e3o a decis\u00e3o fundada em: c) entendimento firmado em incidente de resolu\u00e7\u00e3o de demandas repetitivas ou de assun\u00e7\u00e3o de compet\u00eancia;\u201d<\/p>\n\n\n\n<p>A alternativa C est\u00e1 correta. Neste caso, h\u00e1, sim, sujei\u00e7\u00e3o ao duplo grau de jurisdi\u00e7\u00e3o. De acordo com S\u00famula 303, item III, do TST: \u201cIII &#8211; Em a\u00e7\u00e3o rescis\u00f3ria, a decis\u00e3o proferida pelo Tribunal Regional do Trabalho est\u00e1 sujeita ao duplo grau de jurisdi\u00e7\u00e3o obrigat\u00f3rio quando desfavor\u00e1vel ao ente p\u00fablico, exceto nas hip\u00f3teses dos incisos anteriores.\u201d<\/p>\n\n\n\n<p>A alternativa D est\u00e1 incorreta. Neste caso, n\u00e3o h\u00e1 sujei\u00e7\u00e3o ao duplo grau de jurisdi\u00e7\u00e3o. De acordo com S\u00famula 303, item II, al\u00ednea \u201cb\u201d, do TST: \u201cS\u00famula 303 do TST. FAZENDA P\u00daBLICA. REEXAME NECESS\u00c1RIO: (&#8230;) II \u2013 Tamb\u00e9m n\u00e3o se sujeita ao duplo grau de jurisdi\u00e7\u00e3o a decis\u00e3o fundada em: b) ac\u00f3rd\u00e3o proferido pelo Supremo Tribunal Federal ou pelo Tribunal Superior do Trabalho em julgamento de recursos repetitivos;\u201d<\/p>\n\n\n\n<p>A alternativa E est\u00e1 incorreta. Neste caso, n\u00e3o h\u00e1 sujei\u00e7\u00e3o ao duplo grau de jurisdi\u00e7\u00e3o. De acordo com S\u00famula 303, item II, al\u00ednea \u201cd\u201d, do TST: \u201cS\u00famula 303 do TST. FAZENDA P\u00daBLICA. REEXAME NECESS\u00c1RIO: (&#8230;) II \u2013 Tamb\u00e9m n\u00e3o se sujeita ao duplo grau de jurisdi\u00e7\u00e3o a decis\u00e3o fundada em: d) entendimento coincidente com orienta\u00e7\u00e3o vinculante firmada no \u00e2mbito administrativo do pr\u00f3prio ente p\u00fablico, consolidada em manifesta\u00e7\u00e3o, parecer ou s\u00famula administrativa.\u201d<\/p>\n\n\n\n<p class=\"has-text-align-center has-very-light-gray-to-cyan-bluish-gray-gradient-background has-background\"><a href=\"https:\/\/cj.estrategia.com\/portal\/concurso-pgm-sorocaba-sp\/\">Saiba mais: Concurso PGM Sorocaba SP<\/a><\/p>\n\n\n\n<h2 class=\"wp-block-heading has-text-align-center\" id=\"cursos\"><span id=\"quer-saber-tudo-sobre-concursos-previstosconfira-nossos-artigos\">Quer saber tudo sobre concursos previstos?<br><strong>Confira nossos artigos!<\/strong><\/span><\/h2>\n\n\n\n\n\n<h2 class=\"wp-block-heading has-text-align-center\" id=\"CURSO\"><span id=\"cursos-para-o-concurso-pgm-sorocaba\">Cursos para o Concurso PGM Sorocaba<\/span><\/h2>\n\n\n\n<div class=\"wp-block-cover\" style=\"min-height:155px;aspect-ratio:unset;\"><img decoding=\"async\" width=\"1890\" height=\"351\" class=\"wp-block-cover__image-background wp-image-8669\" alt=\"Assinaturas Jur\u00eddicas\" src=\"https:\/\/cj.estrategia.com\/portal\/wp-content\/uploads\/2022\/06\/20151253\/concurso-carreiras-juridicas-assinatura-juridica.jpg\" style=\"object-position:78% 43%\" data-object-fit=\"cover\" data-object-position=\"78% 43%\" srcset=\"https:\/\/cj.estrategia.com\/portal\/wp-content\/uploads\/2022\/06\/20151253\/concurso-carreiras-juridicas-assinatura-juridica.jpg 1890w, https:\/\/cj.estrategia.com\/portal\/wp-content\/uploads\/2022\/06\/20151253\/concurso-carreiras-juridicas-assinatura-juridica-300x56.jpg 300w, https:\/\/cj.estrategia.com\/portal\/wp-content\/uploads\/2022\/06\/20151253\/concurso-carreiras-juridicas-assinatura-juridica-1024x190.jpg 1024w, https:\/\/cj.estrategia.com\/portal\/wp-content\/uploads\/2022\/06\/20151253\/concurso-carreiras-juridicas-assinatura-juridica-768x143.jpg 768w, https:\/\/cj.estrategia.com\/portal\/wp-content\/uploads\/2022\/06\/20151253\/concurso-carreiras-juridicas-assinatura-juridica-1536x285.jpg 1536w, https:\/\/cj.estrategia.com\/portal\/wp-content\/uploads\/2022\/06\/20151253\/concurso-carreiras-juridicas-assinatura-juridica-380x71.jpg 380w, https:\/\/cj.estrategia.com\/portal\/wp-content\/uploads\/2022\/06\/20151253\/concurso-carreiras-juridicas-assinatura-juridica-800x149.jpg 800w, https:\/\/cj.estrategia.com\/portal\/wp-content\/uploads\/2022\/06\/20151253\/concurso-carreiras-juridicas-assinatura-juridica-1160x215.jpg 1160w\" sizes=\"(max-width: 1890px) 100vw, 1890px\" \/><span aria-hidden=\"true\" class=\"wp-block-cover__background has-background-dim\"><\/span><div class=\"wp-block-cover__inner-container is-layout-flow wp-block-cover-is-layout-flow\">\n<h3 id=\"faca-a-sua-assinatura\" class=\"titulo-assinatura\"><span style=\"color: #ffffff;\">Fa\u00e7a a sua assinatura!<\/span><\/h3>\n<p class=\"subtitulo-assinatura\" style=\"display:block!important; line-height: 0;\"><span style=\"color: #ffffff;\">Escolha a sua \u00e1rea.<\/span><\/p>\n<a target=\"_blank\" href=\"https:\/\/www.estrategiaconcursos.com.br\/assinaturas-ecj\/\" rel=\"noopener\"><button style=\"border-radius: 10px; text-transform: capitalize;\">Acessar<\/button><\/a>\n<\/div><\/div>\n\n\n\n\n\n<p><em>Prepare-se com o melhor material e com quem mais aprova em Concursos P\u00fablicos em todo o pa\u00eds.<\/em><\/p>\n","protected":false},"excerpt":{"rendered":"Ol\u00e1, pessoal, tudo certo?! Em 12\/05\/2024, foi aplicada a prova objetiva do concurso p\u00fablico para a Procuradoria Geral&hellip;\n","protected":false},"author":12,"featured_media":20782,"comment_status":"open","ping_status":"open","sticky":false,"template":"","format":"standard","meta":{"_jetpack_memberships_contains_paid_content":false,"footnotes":""},"categories":[1,24],"tags":[],"tax_estado":[56],"class_list":{"0":"post-63162","1":"post","2":"type-post","3":"status-publish","4":"format-standard","5":"has-post-thumbnail","7":"category-carreiras-juridicas","8":"category-procuradoria","9":"tax_estado-sp"},"acf":[],"yoast_head":"<!-- This site is optimized with the Yoast SEO Premium plugin v27.4 (Yoast SEO v27.4) - https:\/\/yoast.com\/product\/yoast-seo-premium-wordpress\/ -->\n<title>Prova comentada Direito Processual do Trabalho PGM Sorocaba SP<\/title>\n<meta name=\"description\" content=\"Prova Comentada Direito Processual do Trabalho PGM Sorocaba SP: confira aqui os coment\u00e1rios dos professores e tire suas d\u00favidas!\" \/>\n<meta name=\"robots\" content=\"index, follow, max-snippet:-1, max-image-preview:large, max-video-preview:-1\" \/>\n<link rel=\"canonical\" href=\"https:\/\/cj.estrategia.com\/portal\/prova-comentada-direito-processual-do-trabalho-pgm-sorocaba-sp\/\" \/>\n<meta property=\"og:locale\" content=\"pt_BR\" \/>\n<meta property=\"og:type\" content=\"article\" \/>\n<meta property=\"og:title\" content=\"Prova comentada Direito Processual do Trabalho PGM Sorocaba SP\" \/>\n<meta property=\"og:description\" content=\"Prova Comentada Direito Processual do Trabalho PGM Sorocaba SP: confira aqui os coment\u00e1rios dos professores e tire suas d\u00favidas!\" \/>\n<meta property=\"og:url\" content=\"https:\/\/cj.estrategia.com\/portal\/prova-comentada-direito-processual-do-trabalho-pgm-sorocaba-sp\/\" \/>\n<meta property=\"og:site_name\" content=\"Blog - Carreiras Jur\u00eddicas - Estrat\u00e9gia\" \/>\n<meta property=\"article:publisher\" content=\"https:\/\/www.facebook.com\/estrategiacarreirajuridica\/\" \/>\n<meta property=\"article:published_time\" content=\"2024-05-16T16:46:51+00:00\" \/>\n<meta property=\"article:modified_time\" content=\"2024-05-16T16:46:55+00:00\" \/>\n<meta property=\"og:image\" content=\"https:\/\/cj.estrategia.com\/portal\/wp-content\/uploads\/2022\/09\/04102635\/Concursos-Procuradorias.jpg\" \/>\n\t<meta property=\"og:image:width\" content=\"768\" \/>\n\t<meta property=\"og:image:height\" content=\"432\" \/>\n\t<meta property=\"og:image:type\" content=\"image\/jpeg\" \/>\n<meta name=\"author\" content=\"Coordena\u00e7\u00e3o\" \/>\n<meta name=\"twitter:card\" content=\"summary_large_image\" \/>\n<meta name=\"twitter:creator\" content=\"@EstratJuridica\" \/>\n<meta name=\"twitter:site\" content=\"@EstratJuridica\" \/>\n<meta name=\"twitter:label1\" content=\"Escrito por\" \/>\n\t<meta name=\"twitter:data1\" content=\"Coordena\u00e7\u00e3o\" \/>\n\t<meta name=\"twitter:label2\" content=\"Est. tempo de leitura\" \/>\n\t<meta name=\"twitter:data2\" content=\"10 minutos\" \/>\n<script type=\"application\/ld+json\" class=\"yoast-schema-graph\">{\"@context\":\"https:\\\/\\\/schema.org\",\"@graph\":[{\"@type\":\"NewsArticle\",\"@id\":\"https:\\\/\\\/cj.estrategia.com\\\/portal\\\/prova-comentada-direito-processual-do-trabalho-pgm-sorocaba-sp\\\/#article\",\"isPartOf\":{\"@id\":\"https:\\\/\\\/cj.estrategia.com\\\/portal\\\/prova-comentada-direito-processual-do-trabalho-pgm-sorocaba-sp\\\/\"},\"author\":{\"name\":\"Coordena\u00e7\u00e3o\",\"@id\":\"https:\\\/\\\/cj.estrategia.com\\\/portal\\\/#\\\/schema\\\/person\\\/4d70317d31449932b99102916b6637f5\"},\"headline\":\"Prova comentada Direito Processual do Trabalho PGM Sorocaba SP\",\"datePublished\":\"2024-05-16T16:46:51+00:00\",\"dateModified\":\"2024-05-16T16:46:55+00:00\",\"mainEntityOfPage\":{\"@id\":\"https:\\\/\\\/cj.estrategia.com\\\/portal\\\/prova-comentada-direito-processual-do-trabalho-pgm-sorocaba-sp\\\/\"},\"wordCount\":1822,\"commentCount\":0,\"publisher\":{\"@id\":\"https:\\\/\\\/cj.estrategia.com\\\/portal\\\/#organization\"},\"image\":{\"@id\":\"https:\\\/\\\/cj.estrategia.com\\\/portal\\\/prova-comentada-direito-processual-do-trabalho-pgm-sorocaba-sp\\\/#primaryimage\"},\"thumbnailUrl\":\"https:\\\/\\\/cj.estrategia.com\\\/portal\\\/wp-content\\\/uploads\\\/2022\\\/09\\\/04102635\\\/Concursos-Procuradorias.jpg\",\"articleSection\":[\"Carreiras Jur\u00eddicas\",\"Procuradoria\"],\"inLanguage\":\"pt-BR\",\"potentialAction\":[{\"@type\":\"CommentAction\",\"name\":\"Comment\",\"target\":[\"https:\\\/\\\/cj.estrategia.com\\\/portal\\\/prova-comentada-direito-processual-do-trabalho-pgm-sorocaba-sp\\\/#respond\"]}]},{\"@type\":\"WebPage\",\"@id\":\"https:\\\/\\\/cj.estrategia.com\\\/portal\\\/prova-comentada-direito-processual-do-trabalho-pgm-sorocaba-sp\\\/\",\"url\":\"https:\\\/\\\/cj.estrategia.com\\\/portal\\\/prova-comentada-direito-processual-do-trabalho-pgm-sorocaba-sp\\\/\",\"name\":\"Prova comentada Direito Processual do Trabalho PGM Sorocaba SP\",\"isPartOf\":{\"@id\":\"https:\\\/\\\/cj.estrategia.com\\\/portal\\\/#website\"},\"primaryImageOfPage\":{\"@id\":\"https:\\\/\\\/cj.estrategia.com\\\/portal\\\/prova-comentada-direito-processual-do-trabalho-pgm-sorocaba-sp\\\/#primaryimage\"},\"image\":{\"@id\":\"https:\\\/\\\/cj.estrategia.com\\\/portal\\\/prova-comentada-direito-processual-do-trabalho-pgm-sorocaba-sp\\\/#primaryimage\"},\"thumbnailUrl\":\"https:\\\/\\\/cj.estrategia.com\\\/portal\\\/wp-content\\\/uploads\\\/2022\\\/09\\\/04102635\\\/Concursos-Procuradorias.jpg\",\"datePublished\":\"2024-05-16T16:46:51+00:00\",\"dateModified\":\"2024-05-16T16:46:55+00:00\",\"description\":\"Prova Comentada Direito Processual do Trabalho PGM Sorocaba SP: confira aqui os coment\u00e1rios dos professores e tire suas d\u00favidas!\",\"breadcrumb\":{\"@id\":\"https:\\\/\\\/cj.estrategia.com\\\/portal\\\/prova-comentada-direito-processual-do-trabalho-pgm-sorocaba-sp\\\/#breadcrumb\"},\"inLanguage\":\"pt-BR\",\"potentialAction\":[{\"@type\":\"ReadAction\",\"target\":[\"https:\\\/\\\/cj.estrategia.com\\\/portal\\\/prova-comentada-direito-processual-do-trabalho-pgm-sorocaba-sp\\\/\"]}]},{\"@type\":\"ImageObject\",\"inLanguage\":\"pt-BR\",\"@id\":\"https:\\\/\\\/cj.estrategia.com\\\/portal\\\/prova-comentada-direito-processual-do-trabalho-pgm-sorocaba-sp\\\/#primaryimage\",\"url\":\"https:\\\/\\\/cj.estrategia.com\\\/portal\\\/wp-content\\\/uploads\\\/2022\\\/09\\\/04102635\\\/Concursos-Procuradorias.jpg\",\"contentUrl\":\"https:\\\/\\\/cj.estrategia.com\\\/portal\\\/wp-content\\\/uploads\\\/2022\\\/09\\\/04102635\\\/Concursos-Procuradorias.jpg\",\"width\":768,\"height\":432,\"caption\":\"Concurso de procuradorias\"},{\"@type\":\"BreadcrumbList\",\"@id\":\"https:\\\/\\\/cj.estrategia.com\\\/portal\\\/prova-comentada-direito-processual-do-trabalho-pgm-sorocaba-sp\\\/#breadcrumb\",\"itemListElement\":[{\"@type\":\"ListItem\",\"position\":1,\"name\":\"In\u00edcio\",\"item\":\"https:\\\/\\\/cj.estrategia.com\\\/portal\\\/\"},{\"@type\":\"ListItem\",\"position\":2,\"name\":\"Prova comentada Direito Processual do Trabalho PGM Sorocaba SP\"}]},{\"@type\":\"WebSite\",\"@id\":\"https:\\\/\\\/cj.estrategia.com\\\/portal\\\/#website\",\"url\":\"https:\\\/\\\/cj.estrategia.com\\\/portal\\\/\",\"name\":\"Blog - Carreiras Jur\u00eddicas - Estrat\u00e9gia\",\"description\":\"\",\"publisher\":{\"@id\":\"https:\\\/\\\/cj.estrategia.com\\\/portal\\\/#organization\"},\"potentialAction\":[{\"@type\":\"SearchAction\",\"target\":{\"@type\":\"EntryPoint\",\"urlTemplate\":\"https:\\\/\\\/cj.estrategia.com\\\/portal\\\/?s={search_term_string}\"},\"query-input\":{\"@type\":\"PropertyValueSpecification\",\"valueRequired\":true,\"valueName\":\"search_term_string\"}}],\"inLanguage\":\"pt-BR\"},{\"@type\":\"Organization\",\"@id\":\"https:\\\/\\\/cj.estrategia.com\\\/portal\\\/#organization\",\"name\":\"Estrat\u00e9gia - Carreiras Jur\u00eddicas\",\"url\":\"https:\\\/\\\/cj.estrategia.com\\\/portal\\\/\",\"logo\":{\"@type\":\"ImageObject\",\"inLanguage\":\"pt-BR\",\"@id\":\"https:\\\/\\\/cj.estrategia.com\\\/portal\\\/#\\\/schema\\\/logo\\\/image\\\/\",\"url\":\"https:\\\/\\\/cj.estrategia.com\\\/portal\\\/wp-content\\\/uploads\\\/2022\\\/03\\\/11151052\\\/cj-logo.png\",\"contentUrl\":\"https:\\\/\\\/cj.estrategia.com\\\/portal\\\/wp-content\\\/uploads\\\/2022\\\/03\\\/11151052\\\/cj-logo.png\",\"width\":150,\"height\":39,\"caption\":\"Estrat\u00e9gia - Carreiras Jur\u00eddicas\"},\"image\":{\"@id\":\"https:\\\/\\\/cj.estrategia.com\\\/portal\\\/#\\\/schema\\\/logo\\\/image\\\/\"},\"sameAs\":[\"https:\\\/\\\/www.facebook.com\\\/estrategiacarreirajuridica\\\/\",\"https:\\\/\\\/x.com\\\/EstratJuridica\",\"https:\\\/\\\/www.instagram.com\\\/estrategiacarreirajuridica\\\/\",\"https:\\\/\\\/www.youtube.com\\\/channel\\\/UClbMGuYbj2Mh1m3w144ETWQ\"]},{\"@type\":\"Person\",\"@id\":\"https:\\\/\\\/cj.estrategia.com\\\/portal\\\/#\\\/schema\\\/person\\\/4d70317d31449932b99102916b6637f5\",\"name\":\"Coordena\u00e7\u00e3o\",\"image\":{\"@type\":\"ImageObject\",\"inLanguage\":\"pt-BR\",\"@id\":\"https:\\\/\\\/cj.estrategia.com\\\/portal\\\/wp-content\\\/uploads\\\/2022\\\/05\\\/12164923\\\/estrategia-carreira-juridica-coordenacao-96x96.png\",\"url\":\"https:\\\/\\\/cj.estrategia.com\\\/portal\\\/wp-content\\\/uploads\\\/2022\\\/05\\\/12164923\\\/estrategia-carreira-juridica-coordenacao-96x96.png\",\"contentUrl\":\"https:\\\/\\\/cj.estrategia.com\\\/portal\\\/wp-content\\\/uploads\\\/2022\\\/05\\\/12164923\\\/estrategia-carreira-juridica-coordenacao-96x96.png\",\"caption\":\"Coordena\u00e7\u00e3o\"},\"url\":\"https:\\\/\\\/cj.estrategia.com\\\/portal\\\/author\\\/coordenacao\\\/\"}]}<\/script>\n<!-- \/ Yoast SEO Premium plugin. -->","yoast_head_json":{"title":"Prova comentada Direito Processual do Trabalho PGM Sorocaba SP","description":"Prova Comentada Direito Processual do Trabalho PGM Sorocaba SP: confira aqui os coment\u00e1rios dos professores e tire suas d\u00favidas!","robots":{"index":"index","follow":"follow","max-snippet":"max-snippet:-1","max-image-preview":"max-image-preview:large","max-video-preview":"max-video-preview:-1"},"canonical":"https:\/\/cj.estrategia.com\/portal\/prova-comentada-direito-processual-do-trabalho-pgm-sorocaba-sp\/","og_locale":"pt_BR","og_type":"article","og_title":"Prova comentada Direito Processual do Trabalho PGM Sorocaba SP","og_description":"Prova Comentada Direito Processual do Trabalho PGM Sorocaba SP: confira aqui os coment\u00e1rios dos professores e tire suas d\u00favidas!","og_url":"https:\/\/cj.estrategia.com\/portal\/prova-comentada-direito-processual-do-trabalho-pgm-sorocaba-sp\/","og_site_name":"Blog - Carreiras Jur\u00eddicas - Estrat\u00e9gia","article_publisher":"https:\/\/www.facebook.com\/estrategiacarreirajuridica\/","article_published_time":"2024-05-16T16:46:51+00:00","article_modified_time":"2024-05-16T16:46:55+00:00","og_image":[{"width":768,"height":432,"url":"https:\/\/cj.estrategia.com\/portal\/wp-content\/uploads\/2022\/09\/04102635\/Concursos-Procuradorias.jpg","type":"image\/jpeg"}],"author":"Coordena\u00e7\u00e3o","twitter_card":"summary_large_image","twitter_creator":"@EstratJuridica","twitter_site":"@EstratJuridica","twitter_misc":{"Escrito por":"Coordena\u00e7\u00e3o","Est. tempo de leitura":"10 minutos"},"schema":{"@context":"https:\/\/schema.org","@graph":[{"@type":"NewsArticle","@id":"https:\/\/cj.estrategia.com\/portal\/prova-comentada-direito-processual-do-trabalho-pgm-sorocaba-sp\/#article","isPartOf":{"@id":"https:\/\/cj.estrategia.com\/portal\/prova-comentada-direito-processual-do-trabalho-pgm-sorocaba-sp\/"},"author":{"name":"Coordena\u00e7\u00e3o","@id":"https:\/\/cj.estrategia.com\/portal\/#\/schema\/person\/4d70317d31449932b99102916b6637f5"},"headline":"Prova comentada Direito Processual do Trabalho PGM Sorocaba SP","datePublished":"2024-05-16T16:46:51+00:00","dateModified":"2024-05-16T16:46:55+00:00","mainEntityOfPage":{"@id":"https:\/\/cj.estrategia.com\/portal\/prova-comentada-direito-processual-do-trabalho-pgm-sorocaba-sp\/"},"wordCount":1822,"commentCount":0,"publisher":{"@id":"https:\/\/cj.estrategia.com\/portal\/#organization"},"image":{"@id":"https:\/\/cj.estrategia.com\/portal\/prova-comentada-direito-processual-do-trabalho-pgm-sorocaba-sp\/#primaryimage"},"thumbnailUrl":"https:\/\/cj.estrategia.com\/portal\/wp-content\/uploads\/2022\/09\/04102635\/Concursos-Procuradorias.jpg","articleSection":["Carreiras Jur\u00eddicas","Procuradoria"],"inLanguage":"pt-BR","potentialAction":[{"@type":"CommentAction","name":"Comment","target":["https:\/\/cj.estrategia.com\/portal\/prova-comentada-direito-processual-do-trabalho-pgm-sorocaba-sp\/#respond"]}]},{"@type":"WebPage","@id":"https:\/\/cj.estrategia.com\/portal\/prova-comentada-direito-processual-do-trabalho-pgm-sorocaba-sp\/","url":"https:\/\/cj.estrategia.com\/portal\/prova-comentada-direito-processual-do-trabalho-pgm-sorocaba-sp\/","name":"Prova comentada Direito Processual do Trabalho PGM Sorocaba SP","isPartOf":{"@id":"https:\/\/cj.estrategia.com\/portal\/#website"},"primaryImageOfPage":{"@id":"https:\/\/cj.estrategia.com\/portal\/prova-comentada-direito-processual-do-trabalho-pgm-sorocaba-sp\/#primaryimage"},"image":{"@id":"https:\/\/cj.estrategia.com\/portal\/prova-comentada-direito-processual-do-trabalho-pgm-sorocaba-sp\/#primaryimage"},"thumbnailUrl":"https:\/\/cj.estrategia.com\/portal\/wp-content\/uploads\/2022\/09\/04102635\/Concursos-Procuradorias.jpg","datePublished":"2024-05-16T16:46:51+00:00","dateModified":"2024-05-16T16:46:55+00:00","description":"Prova Comentada Direito Processual do Trabalho PGM Sorocaba SP: confira aqui os coment\u00e1rios dos professores e tire suas d\u00favidas!","breadcrumb":{"@id":"https:\/\/cj.estrategia.com\/portal\/prova-comentada-direito-processual-do-trabalho-pgm-sorocaba-sp\/#breadcrumb"},"inLanguage":"pt-BR","potentialAction":[{"@type":"ReadAction","target":["https:\/\/cj.estrategia.com\/portal\/prova-comentada-direito-processual-do-trabalho-pgm-sorocaba-sp\/"]}]},{"@type":"ImageObject","inLanguage":"pt-BR","@id":"https:\/\/cj.estrategia.com\/portal\/prova-comentada-direito-processual-do-trabalho-pgm-sorocaba-sp\/#primaryimage","url":"https:\/\/cj.estrategia.com\/portal\/wp-content\/uploads\/2022\/09\/04102635\/Concursos-Procuradorias.jpg","contentUrl":"https:\/\/cj.estrategia.com\/portal\/wp-content\/uploads\/2022\/09\/04102635\/Concursos-Procuradorias.jpg","width":768,"height":432,"caption":"Concurso de procuradorias"},{"@type":"BreadcrumbList","@id":"https:\/\/cj.estrategia.com\/portal\/prova-comentada-direito-processual-do-trabalho-pgm-sorocaba-sp\/#breadcrumb","itemListElement":[{"@type":"ListItem","position":1,"name":"In\u00edcio","item":"https:\/\/cj.estrategia.com\/portal\/"},{"@type":"ListItem","position":2,"name":"Prova comentada Direito Processual do Trabalho PGM Sorocaba SP"}]},{"@type":"WebSite","@id":"https:\/\/cj.estrategia.com\/portal\/#website","url":"https:\/\/cj.estrategia.com\/portal\/","name":"Blog - Carreiras Jur\u00eddicas - Estrat\u00e9gia","description":"","publisher":{"@id":"https:\/\/cj.estrategia.com\/portal\/#organization"},"potentialAction":[{"@type":"SearchAction","target":{"@type":"EntryPoint","urlTemplate":"https:\/\/cj.estrategia.com\/portal\/?s={search_term_string}"},"query-input":{"@type":"PropertyValueSpecification","valueRequired":true,"valueName":"search_term_string"}}],"inLanguage":"pt-BR"},{"@type":"Organization","@id":"https:\/\/cj.estrategia.com\/portal\/#organization","name":"Estrat\u00e9gia - Carreiras Jur\u00eddicas","url":"https:\/\/cj.estrategia.com\/portal\/","logo":{"@type":"ImageObject","inLanguage":"pt-BR","@id":"https:\/\/cj.estrategia.com\/portal\/#\/schema\/logo\/image\/","url":"https:\/\/cj.estrategia.com\/portal\/wp-content\/uploads\/2022\/03\/11151052\/cj-logo.png","contentUrl":"https:\/\/cj.estrategia.com\/portal\/wp-content\/uploads\/2022\/03\/11151052\/cj-logo.png","width":150,"height":39,"caption":"Estrat\u00e9gia - Carreiras Jur\u00eddicas"},"image":{"@id":"https:\/\/cj.estrategia.com\/portal\/#\/schema\/logo\/image\/"},"sameAs":["https:\/\/www.facebook.com\/estrategiacarreirajuridica\/","https:\/\/x.com\/EstratJuridica","https:\/\/www.instagram.com\/estrategiacarreirajuridica\/","https:\/\/www.youtube.com\/channel\/UClbMGuYbj2Mh1m3w144ETWQ"]},{"@type":"Person","@id":"https:\/\/cj.estrategia.com\/portal\/#\/schema\/person\/4d70317d31449932b99102916b6637f5","name":"Coordena\u00e7\u00e3o","image":{"@type":"ImageObject","inLanguage":"pt-BR","@id":"https:\/\/cj.estrategia.com\/portal\/wp-content\/uploads\/2022\/05\/12164923\/estrategia-carreira-juridica-coordenacao-96x96.png","url":"https:\/\/cj.estrategia.com\/portal\/wp-content\/uploads\/2022\/05\/12164923\/estrategia-carreira-juridica-coordenacao-96x96.png","contentUrl":"https:\/\/cj.estrategia.com\/portal\/wp-content\/uploads\/2022\/05\/12164923\/estrategia-carreira-juridica-coordenacao-96x96.png","caption":"Coordena\u00e7\u00e3o"},"url":"https:\/\/cj.estrategia.com\/portal\/author\/coordenacao\/"}]}},"jetpack_featured_media_url":"https:\/\/cj.estrategia.com\/portal\/wp-content\/uploads\/2022\/09\/04102635\/Concursos-Procuradorias.jpg","jetpack_sharing_enabled":true,"_links":{"self":[{"href":"https:\/\/cj.estrategia.com\/portal\/wp-json\/wp\/v2\/posts\/63162","targetHints":{"allow":["GET"]}}],"collection":[{"href":"https:\/\/cj.estrategia.com\/portal\/wp-json\/wp\/v2\/posts"}],"about":[{"href":"https:\/\/cj.estrategia.com\/portal\/wp-json\/wp\/v2\/types\/post"}],"author":[{"embeddable":true,"href":"https:\/\/cj.estrategia.com\/portal\/wp-json\/wp\/v2\/users\/12"}],"replies":[{"embeddable":true,"href":"https:\/\/cj.estrategia.com\/portal\/wp-json\/wp\/v2\/comments?post=63162"}],"version-history":[{"count":2,"href":"https:\/\/cj.estrategia.com\/portal\/wp-json\/wp\/v2\/posts\/63162\/revisions"}],"predecessor-version":[{"id":63167,"href":"https:\/\/cj.estrategia.com\/portal\/wp-json\/wp\/v2\/posts\/63162\/revisions\/63167"}],"wp:featuredmedia":[{"embeddable":true,"href":"https:\/\/cj.estrategia.com\/portal\/wp-json\/wp\/v2\/media\/20782"}],"wp:attachment":[{"href":"https:\/\/cj.estrategia.com\/portal\/wp-json\/wp\/v2\/media?parent=63162"}],"wp:term":[{"taxonomy":"category","embeddable":true,"href":"https:\/\/cj.estrategia.com\/portal\/wp-json\/wp\/v2\/categories?post=63162"},{"taxonomy":"post_tag","embeddable":true,"href":"https:\/\/cj.estrategia.com\/portal\/wp-json\/wp\/v2\/tags?post=63162"},{"taxonomy":"tax_estado","embeddable":true,"href":"https:\/\/cj.estrategia.com\/portal\/wp-json\/wp\/v2\/tax_estado?post=63162"}],"curies":[{"name":"wp","href":"https:\/\/api.w.org\/{rel}","templated":true}]}}