{"id":62993,"date":"2024-05-21T14:00:00","date_gmt":"2024-05-21T17:00:00","guid":{"rendered":"https:\/\/cj.estrategia.com\/portal\/?p=62993"},"modified":"2024-05-15T18:14:46","modified_gmt":"2024-05-15T21:14:46","slug":"perda-posto-graduacao-militar","status":"publish","type":"post","link":"https:\/\/cj.estrategia.com\/portal\/perda-posto-graduacao-militar\/","title":{"rendered":"Perda de Posto ou Gradua\u00e7\u00e3o Militar"},"content":{"rendered":"<div class=\"wp-block-image\">\n<figure class=\"aligncenter size-large\"><img decoding=\"async\" width=\"1024\" height=\"683\" src=\"https:\/\/cj.estrategia.com\/portal\/wp-content\/uploads\/2024\/05\/15102129\/young-soldier-affected-by-ptsd-effect-1024x683.jpg\" alt=\"Perda de Posto ou Gradua\u00e7\u00e3o Militar\" class=\"wp-image-62998\" srcset=\"https:\/\/cj.estrategia.com\/portal\/wp-content\/uploads\/2024\/05\/15102129\/young-soldier-affected-by-ptsd-effect-1024x683.jpg 1024w, https:\/\/cj.estrategia.com\/portal\/wp-content\/uploads\/2024\/05\/15102129\/young-soldier-affected-by-ptsd-effect-300x200.jpg 300w, https:\/\/cj.estrategia.com\/portal\/wp-content\/uploads\/2024\/05\/15102129\/young-soldier-affected-by-ptsd-effect-768x512.jpg 768w, https:\/\/cj.estrategia.com\/portal\/wp-content\/uploads\/2024\/05\/15102129\/young-soldier-affected-by-ptsd-effect-1536x1024.jpg 1536w, https:\/\/cj.estrategia.com\/portal\/wp-content\/uploads\/2024\/05\/15102129\/young-soldier-affected-by-ptsd-effect-2048x1366.jpg 2048w, https:\/\/cj.estrategia.com\/portal\/wp-content\/uploads\/2024\/05\/15102129\/young-soldier-affected-by-ptsd-effect-380x253.jpg 380w, https:\/\/cj.estrategia.com\/portal\/wp-content\/uploads\/2024\/05\/15102129\/young-soldier-affected-by-ptsd-effect-800x534.jpg 800w, https:\/\/cj.estrategia.com\/portal\/wp-content\/uploads\/2024\/05\/15102129\/young-soldier-affected-by-ptsd-effect-1160x774.jpg 1160w, https:\/\/cj.estrategia.com\/portal\/wp-content\/uploads\/2024\/05\/15102129\/young-soldier-affected-by-ptsd-effect-150x100.jpg 150w, https:\/\/cj.estrategia.com\/portal\/wp-content\/uploads\/2024\/05\/15102129\/young-soldier-affected-by-ptsd-effect-scaled.jpg 2560w\" sizes=\"(max-width: 1024px) 100vw, 1024px\" \/><figcaption class=\"wp-element-caption\">Perda de Posto ou Gradua\u00e7\u00e3o Militar<\/figcaption><\/figure>\n<\/div>\n\n\n<p>Neste artigo falaremos sobre a Perda de Posto ou Gradua\u00e7\u00e3o Militar, destacando, ainda, o entendimento jurisprudencial pertinente ao tema.<\/p>\n\n\n\n<p>Desse modo, teceremos algumas considera\u00e7\u00f5es iniciais sobre conceitos necess\u00e1rios para o entendimento do tema, tais quais o de hierarquia, gradua\u00e7\u00e3o e posto militares, valendo-nos, principalmente, da Lei 6.880\/1980 (Estatuto dos Militares).&nbsp;<\/p>\n\n\n\n<p>Na sequ\u00eancia, destacaremos a previs\u00e3o constitucional da perda de posto ou gradua\u00e7\u00e3o (apontando entendimentos jurisprudenciais sobre o tema) e, em seguida, a previs\u00e3o legal no mesmo sentido (referindo o que se compatibiliza ou n\u00e3o com a Constitui\u00e7\u00e3o Federal).<\/p>\n\n\n\n<p>Por fim, abordaremos os Temas de Repercuss\u00e3o Geral n\u00ba 565 e 1.200 do STF, que trataram, respectivamente, da possibilidade de exclus\u00e3o de militar da corpora\u00e7\u00e3o mediante processo administrativo e do alcance da compet\u00eancia da Justi\u00e7a Militar para decretar a perda do posto, patente ou gradua\u00e7\u00e3o de militar.<\/p>\n\n\n\n<p>Vamos ao que interessa!<\/p>\n\n\n\n<div class=\"wp-block-yoast-seo-table-of-contents yoast-table-of-contents\"><h2 id=\"sumario\"><mark style=\"background-color:rgba(0, 0, 0, 0)\" class=\"has-inline-color has-luminous-vivid-orange-color\">Sum\u00e1rio<\/mark><\/h2><ul><li><a href=\"#h-perda-de-posto-ou-graduacao-militar\" data-level=\"2\">Perda de Posto ou Gradua\u00e7\u00e3o Militar<\/a><ul><li><a href=\"#h-conceitos-necessarios\" data-level=\"3\">Conceitos necess\u00e1rios<\/a><\/li><li><a href=\"#h-previsao-constitucional-da-perda-de-posto-graduacao\" data-level=\"3\">Previs\u00e3o constitucional da perda de posto\/gradua\u00e7\u00e3o<\/a><\/li><li><a href=\"#h-previsao-legal-da-perda-de-posto-graduacao\" data-level=\"3\">Previs\u00e3o legal da perda de posto\/gradua\u00e7\u00e3o<\/a><\/li><li><a href=\"#h-tema-de-repercussao-geral-n\u00ba-565\" data-level=\"3\">Tema de Repercuss\u00e3o Geral n\u00ba 565<\/a><\/li><li><a href=\"#h-tema-de-repercussao-geral-n\u00ba-1-200\" data-level=\"3\">Tema de Repercuss\u00e3o Geral n\u00ba 1.200<\/a><\/li><\/ul><\/li><li><a href=\"#h-conclusao\" data-level=\"2\">Conclus\u00e3o<\/a><ul><li><a href=\"#assinatura-de-concursos\" data-level=\"3\">Assinatura de Concursos<\/a><\/li><\/ul><\/li><li><a href=\"#concursos-e-vagas-previstas-para-2023\" data-level=\"2\">Concursos e vagas previstas para 2024:<\/a><\/li><\/ul><\/div>\n\n\n\n<h2 class=\"wp-block-heading has-luminous-vivid-orange-color has-text-color has-link-color wp-elements-b5a470110d49e25a33d273f5ad6f9652\" id=\"h-perda-de-posto-ou-graduacao-militar\"><span id=\"perda-de-posto-ou-graduacao-militar\">Perda de Posto ou Gradua\u00e7\u00e3o Militar<\/span><\/h2>\n\n\n\n<h3 class=\"wp-block-heading has-luminous-vivid-orange-color has-text-color has-link-color wp-elements-ac88d4dcd7553955a48656ce352ff8dd\" id=\"h-conceitos-necessarios\"><span id=\"conceitos-necessarios\">Conceitos necess\u00e1rios<\/span><\/h3>\n\n\n\n<p>Inicialmente, \u00e9 importante que destaquemos as diferen\u00e7as conceituais entre posto, patente e gradua\u00e7\u00e3o militar. Nesse sentido, vamos nos valer da Lei 6.880\/1980 (Estatuto dos Militares) para dela extrair esses conceitos.<\/p>\n\n\n\n<p>Como se sabe, a hierarquia e a disciplina s\u00e3o a base institucional das For\u00e7as Armadas, e o Estatuto em quest\u00e3o estabelece que a autoridade e a responsabilidade crescem com o grau hier\u00e1rquico. O Estatuto tamb\u00e9m <strong>define a hierarquia militar, que consiste na ordena\u00e7\u00e3o da autoridade (por postos ou gradua\u00e7\u00f5es), em n\u00edveis diferentes<\/strong>, dentro da estrutura das For\u00e7as Armadas.&nbsp;<\/p>\n\n\n\n<p><strong>Posto \u00e9 o grau hier\u00e1rquico do oficial<\/strong>, conferido por ato do Presidente da Rep\u00fablica ou do Ministro de For\u00e7a Singular e <strong>confirmado em Carta Patente, <\/strong>de acordo com o \u00a7 1\u00ba do artigo 16 do Estatuto castrense.<\/p>\n\n\n\n<p>As autoridades militares que possuem posto, ent\u00e3o, s\u00e3o os tenentes, capit\u00e3es, majores, coron\u00e9is, generais, bem assim os respectivos ocupantes dos postos e gradua\u00e7\u00f5es correspondentes na Marinha e na Aeron\u00e1utica, conforme o <a href=\"https:\/\/www.planalto.gov.br\/ccivil_03\/leis\/l6880.htm#:~:text=ANEXO%20I,NAS%20FOR%C3%87AS%20ARMADAS\" target=\"_blank\" >quadro do Anexo I<\/a> (C\u00edrculos e Escala Hier\u00e1rquica nas For\u00e7as Armadas) da Lei 6.880\/80.<\/p>\n\n\n\n<p>Por sua vez, a <strong>gradua\u00e7\u00e3o \u00e9 o grau hier\u00e1rquico da pra\u00e7a<\/strong>, conferido pela autoridade militar competente. Trata-se de grau que se relaciona com os cargos de soldado, cabo, taifeiro, sargento e subtenente.<\/p>\n\n\n\n<p>\u00c9 importante destacar ainda que, dentro de um mesmo posto ou gradua\u00e7\u00e3o, a organiza\u00e7\u00e3o ocorre por meio da antiguidade nesse posto ou gradua\u00e7\u00e3o.&nbsp;<\/p>\n\n\n\n<p>A antiguidade em cada posto ou gradua\u00e7\u00e3o \u00e9 contada a partir da data da assinatura do ato da respectiva promo\u00e7\u00e3o, nomea\u00e7\u00e3o, declara\u00e7\u00e3o ou incorpora\u00e7\u00e3o, salvo quando outra data for expressamente fixada.<\/p>\n\n\n\n<p>Finalizando essa parte do nosso estudo, \u00e9 importante destacar duas previs\u00f5es do Estatuto:<\/p>\n\n\n\n<ul class=\"wp-block-list\">\n<li>Em igualdade de posto ou de gradua\u00e7\u00e3o, <strong>os militares da ativa t\u00eam preced\u00eancia <\/strong>sobre os da inatividade;<\/li>\n<\/ul>\n\n\n\n<ul class=\"wp-block-list\">\n<li>Em igualdade de posto ou de gradua\u00e7\u00e3o, a preced\u00eancia entre os militares de carreira na ativa e os da reserva remunerada ou n\u00e3o, que estejam convocados, \u00e9 definida pelo <strong>tempo de efetivo servi\u00e7o<\/strong> no posto ou gradua\u00e7\u00e3o.<\/li>\n<\/ul>\n\n\n\n<h3 class=\"wp-block-heading has-luminous-vivid-orange-color has-text-color has-link-color wp-elements-eeacabdcb189001a6dcc686ba52fb002\" id=\"h-previsao-constitucional-da-perda-de-posto-graduacao\"><span id=\"previsao-constitucional-da-perda-de-posto-graduacao\">Previs\u00e3o constitucional da perda de posto\/gradua\u00e7\u00e3o<\/span><\/h3>\n\n\n\n<p>Tratando-se de For\u00e7as Armadas, as quais possuem rela\u00e7\u00e3o direta com a Defesa nacional, o constituinte achou por bem al\u00e7ar \u00e0 Constitui\u00e7\u00e3o a previs\u00e3o sobre a perda de posto ou de gradua\u00e7\u00e3o.<\/p>\n\n\n\n<p>O artigo 142, \u00a7 3\u00ba, inciso I, da Constitui\u00e7\u00e3o Federal afirma que, <strong>as patentes<\/strong>, com prerrogativas, direitos e deveres a elas inerentes, <strong>s\u00e3o conferidas pelo Presidente da Rep\u00fablica e asseguradas em plenitude aos oficiais <\/strong>da ativa, da reserva ou reformados, <strong>sendo-lhes privativos os t\u00edtulos e postos militares<\/strong> e, juntamente com os demais membros, o uso dos uniformes das For\u00e7as Armadas.<\/p>\n\n\n\n<p>Al\u00e9m disso, no inciso VI do mesmo dispositivo, veicula que <strong>o oficial das For\u00e7as Armadas s\u00f3 perder\u00e1 o posto e a patente se for julgado indigno do oficialato ou com ele incompat\u00edvel<\/strong>, por decis\u00e3o de tribunal militar de car\u00e1ter permanente, em tempo de paz, ou de tribunal especial, em tempo de guerra.<\/p>\n\n\n\n<p>Sobre esse inciso, o <a href=\"https:\/\/redir.stf.jus.br\/paginadorpub\/paginador.jsp?docTP=AC&amp;docID=229019\" target=\"_blank\" >STF entende que<\/a> <strong>os oficiais das pol\u00edcias militares tamb\u00e9m<\/strong> s\u00f3 perdem o posto e a patente se forem julgados indignos do oficialato ou com ele incompat\u00edveis por decis\u00e3o do tribunal competente em tempo de paz.\u00a0<\/p>\n\n\n\n<p>Al\u00e9m disso, para o STF, esse processo n\u00e3o tem natureza de procedimento &#8220;parajurisdicional&#8221;, mas sim <strong>natureza de processo judicial,<\/strong> caracterizando, assim, causa que pode dar margem \u00e0 interposi\u00e7\u00e3o de recurso extraordin\u00e1rio.<\/p>\n\n\n\n<p>O inciso VII, em complemento ao VI, afirma que <strong>ser\u00e1 submetido ao julgamento <\/strong>anterior o <strong>oficial condenado na justi\u00e7a comum ou militar a pena privativa de liberdade superior a dois anos<\/strong>, por senten\u00e7a <strong>transitada em julgado<\/strong>.<\/p>\n\n\n\n<p>O Supremo tamb\u00e9m j\u00e1 se pronunciou sobre esse dispositivo, entendendo que a Emenda Constitucional n\u00ba 18\/1998 (que o incluiu na CF), <strong>ao cuidar exclusivamente da perda do posto e da patente do oficial <\/strong>(CF, art. 142, VII), <strong>n\u00e3o revogou o art. 125, \u00a7 4\u00ba<\/strong>, do texto constitucional origin\u00e1rio,<strong> regra especial nela atinente \u00e0 situa\u00e7\u00e3o das pra\u00e7as.<\/strong><\/p>\n\n\n\n<p>Falando nele, vamos ver o que disp\u00f5e o artigo 125, \u00a7 4\u00ba, da CF:<\/p>\n\n\n\n<blockquote class=\"wp-block-quote is-layout-flow wp-block-quote-is-layout-flow\">\n<p class=\"has-small-font-size\">\u00a7 4\u00ba Compete \u00e0 Justi\u00e7a Militar estadual processar e julgar os militares dos Estados, nos crimes militares definidos em lei e as a\u00e7\u00f5es judiciais contra atos disciplinares militares, ressalvada a compet\u00eancia do j\u00fari quando a v\u00edtima for civil, <strong>cabendo ao tribunal competente decidir sobre a perda do posto e da patente dos oficiais e da gradua\u00e7\u00e3o das pra\u00e7as.<\/strong><\/p>\n<\/blockquote>\n\n\n\n<h3 class=\"wp-block-heading has-luminous-vivid-orange-color has-text-color has-link-color wp-elements-dcabde5211590b3bd51bdf6d645b7367\" id=\"h-previsao-legal-da-perda-de-posto-graduacao\"><span id=\"previsao-legal-da-perda-de-posto-graduacao\">Previs\u00e3o legal da perda de posto\/gradua\u00e7\u00e3o<\/span><\/h3>\n\n\n\n<p>Em \u00e2mbito infraconstitucional, a perda do posto e da patente pelos oficiais est\u00e1 regulada entre os artigos 118 a 120 do Estatuto dos militares, sendo considerada, nos termos do artigo 94, inciso IV, do mesmo Diploma legal, como uma das causas de exclus\u00e3o do servi\u00e7o ativo das For\u00e7as Armadas.<\/p>\n\n\n\n<p>No entanto, \u00e9 essencial dizer que, naquilo que for incompat\u00edvel com a Constitui\u00e7\u00e3o Federal de 1988, a Legisla\u00e7\u00e3o Estatut\u00e1ria castrense deve ser desconsiderada. Por exemplo, o artigo 118, <em>caput<\/em>, inicia dizendo que o&nbsp; oficial perder\u00e1 o posto e a patente se for declarado indigno do oficialato, ou com ele incompat\u00edvel, o que est\u00e1 de acordo com a CF\/88, como vimos. No entanto, finaliza atribuindo compet\u00eancia de modo diverso do que disp\u00f5e a Carta Constitucional (tachamos a parte a ser desconsiderada):<\/p>\n\n\n\n<blockquote class=\"wp-block-quote is-layout-flow wp-block-quote-is-layout-flow\">\n<p class=\"has-small-font-size\">Art. 118. O oficial perder\u00e1 o posto e a patente se for declarado indigno do oficialato, ou com ele incompat\u00edvel, <s>por decis\u00e3o do Superior Tribunal Militar, em tempo de paz, ou de Tribunal Especial, em tempo de guerra<\/s>, em decorr\u00eancia de julgamento a que for submetido.<\/p>\n\n\n\n<p class=\"has-small-font-size\">Par\u00e1grafo \u00fanico. O oficial declarado indigno do oficialato, ou com ele incompat\u00edvel, e condenado \u00e0 perda de posto e patente s\u00f3 poder\u00e1 readquirir a situa\u00e7\u00e3o militar anterior por outra senten\u00e7a <s>dos tribunais referidos neste artigo<\/s> e nas condi\u00e7\u00f5es nela estabelecidas.<\/p>\n<\/blockquote>\n\n\n\n<p>O par\u00e1grafo \u00fanico do artigo 118, na parte em que remete aos Tribunais referidos no <em>caput<\/em>, tamb\u00e9m deve ser tido como incompat\u00edvel com o regramento constitucional.<\/p>\n\n\n\n<p>Por sua vez, o artigo 127 da Lei 6.880\/80 disp\u00f5e que a exclus\u00e3o da pra\u00e7a a bem da disciplina <strong>acarreta a perda de seu grau hier\u00e1rquico<\/strong> e n\u00e3o a isenta das indeniza\u00e7\u00f5es dos preju\u00edzos causados \u00e0 Fazenda Nacional ou a terceiros, nem das pens\u00f5es decorrentes de senten\u00e7a judicial.<\/p>\n\n\n\n<h3 class=\"wp-block-heading has-luminous-vivid-orange-color has-text-color has-link-color wp-elements-2dd52b125c38575cfdcc26be3b53f8cb\" id=\"h-tema-de-repercussao-geral-n\u00ba-565\"><span id=\"tema-de-repercussao-geral-no-565\">Tema de Repercuss\u00e3o Geral n\u00ba 565<\/span><\/h3>\n\n\n\n<p>O Supremo Tribunal Federal, no julgamento do <a href=\"https:\/\/portal.stf.jus.br\/jurisprudenciaRepercussao\/verAndamentoProcesso.asp?incidente=4251017&amp;numeroProcesso=691306&amp;classeProcesso=RE&amp;numeroTema=565\" target=\"_blank\" >Tema de Repercuss\u00e3o Geral n\u00ba 565<\/a> (<em>Leading Case <\/em>ARE 691.306), foi chamado a se posicionar acerca da possibilidade de exclus\u00e3o de policial militar da corpora\u00e7\u00e3o mediante processo administrativo.<\/p>\n\n\n\n<p>Desse modo, discutiu-se, \u00e0 luz do inciso I do \u00a7 1\u00ba do art. 41, do \u00a7 4\u00ba do art. 125 e do inciso VI do \u00a7 3\u00ba do art. 142, todos da Constitui\u00e7\u00e3o Federal, sobre a possibilidade, ou n\u00e3o, de exclus\u00e3o, mediante processo administrativo, de policial militar que pratica faltas disciplinares, independentemente do curso de a\u00e7\u00e3o penal instaurada em raz\u00e3o da mesma conduta.<\/p>\n\n\n\n<p>A Tese fixada pelo STF foi no sentido de que <strong>\u00c9 POSS\u00cdVEL a exclus\u00e3o, em processo administrativo<\/strong>, de policial militar que comete faltas disciplinares,<strong> independentemente do curso de a\u00e7\u00e3o penal instaurada em raz\u00e3o da mesma conduta<\/strong>.<\/p>\n\n\n\n<p>Na verdade, o Supremo nada mais fez do que reafirmar aquilo que j\u00e1 havia insculpido em sua S\u00famula n. 673, de acordo com a qual:<\/p>\n\n\n\n<blockquote class=\"wp-block-quote is-layout-flow wp-block-quote-is-layout-flow\">\n<p class=\"has-small-font-size\">S\u00famula 673, STF &#8211; O art. 125, \u00a7 4\u00ba, da Constitui\u00e7\u00e3o n\u00e3o impede a perda da gradua\u00e7\u00e3o de militar mediante procedimento administrativo.<\/p>\n<\/blockquote>\n\n\n\n<p>Isso porque o STF entende que <strong>a compet\u00eancia conferida \u00e0 Justi\u00e7a Militar pelo art. 125, \u00a7 4\u00ba, da Constitui\u00e7\u00e3o \u00e9 relativa \u00e0 perda de gradua\u00e7\u00e3o como pena acess\u00f3ria criminal<\/strong>, e n\u00e3o \u00e0 san\u00e7\u00e3o disciplinar, que pode decorrer de adequado processo administrativo (S\u00famula 673).&nbsp;<\/p>\n\n\n\n<p>O Pret\u00f3rio Excelso firmou, ainda, o entendimento de que <strong>n\u00e3o h\u00e1 \u00f3bice \u00e0 aplica\u00e7\u00e3o de san\u00e7\u00e3o disciplinar administrativa antes do tr\u00e2nsito em julgado da a\u00e7\u00e3o penal,<\/strong> pois s\u00e3o relativamente <strong>independentes as inst\u00e2ncias<\/strong> jurisdicional e administrativa.<\/p>\n\n\n\n<h3 class=\"wp-block-heading has-luminous-vivid-orange-color has-text-color has-link-color wp-elements-c92a3c5f9f51533fa855f245e3319be7\" id=\"h-tema-de-repercussao-geral-n\u00ba-1-200\"><span id=\"tema-de-repercussao-geral-no-1-200\">Tema de Repercuss\u00e3o Geral n\u00ba 1.200<\/span><\/h3>\n\n\n\n<p>J\u00e1 no <a href=\"https:\/\/portal.stf.jus.br\/jurisprudenciaRepercussao\/verAndamentoProcesso.asp?incidente=6149965&amp;numeroProcesso=1320744&amp;classeProcesso=ARE&amp;numeroTema=1200\" target=\"_blank\" >Tema de Repercuss\u00e3o Geral n\u00ba 1.200<\/a> (<em>Leading Case <\/em>ARE 1.320.744), o STF, \u00e0 luz do artigo 125, \u00a7 4\u00ba, da Constitui\u00e7\u00e3o Federal (na reda\u00e7\u00e3o dada pela Emenda Constitucional 45\/2004), o <strong>alcance da compet\u00eancia da Justi\u00e7a Militar para decretar a perda do posto, patente ou gradua\u00e7\u00e3o de militar<\/strong> que teve contra si uma senten\u00e7a condenat\u00f3ria, <strong>independentemente da natureza do delito<\/strong> por ele cometido (seja ele militar ou comum).<\/p>\n\n\n\n<p>A Tese fixada pelo STF foi no sentido de que a perda da gradua\u00e7\u00e3o da pra\u00e7a <strong>pode ser declarada como efeito secund\u00e1rio da senten\u00e7a condenat\u00f3ria<\/strong> pela pr\u00e1tica de crime militar ou comum, nos termos do art. 102 do C\u00f3digo Penal Militar e do art. 92, I, &#8216;b&#8217;, do C\u00f3digo Penal, respectivamente.<\/p>\n\n\n\n<p>Al\u00e9m disso, o Supremo fixou a <strong>compet\u00eancia do Tribunal de Justi\u00e7a Militar, onde houver, ou do Tribunal de Justi\u00e7a<\/strong> para decidir, <strong>em processo aut\u00f4nomo decorrente de representa\u00e7\u00e3o do Minist\u00e9rio P\u00fablico<\/strong>, sobre a perda do posto e da patente dos oficiais e da gradua\u00e7\u00e3o das pra\u00e7as que teve contra si uma senten\u00e7a condenat\u00f3ria, independentemente da natureza do crime por ele cometido. Vejamos:<\/p>\n\n\n\n<blockquote class=\"wp-block-quote is-layout-flow wp-block-quote-is-layout-flow\">\n<p class=\"has-small-font-size\">Tese:<\/p>\n\n\n\n<p class=\"has-small-font-size\">1) A perda da gradua\u00e7\u00e3o da pra\u00e7a pode ser declarada como efeito secund\u00e1rio da senten\u00e7a condenat\u00f3ria pela pr\u00e1tica de crime militar ou comum, nos termos do art. 102 do C\u00f3digo Penal Militar e do art. 92, I, &#8216;b&#8217;, do C\u00f3digo Penal, respectivamente.&nbsp;<\/p>\n\n\n\n<p class=\"has-small-font-size\">2) Nos termos do artigo 125, \u00a7 4\u00ba, da Constitui\u00e7\u00e3o Federal, o Tribunal de Justi\u00e7a Militar, onde houver, ou o Tribunal de Justi\u00e7a s\u00e3o competentes para decidir, em processo aut\u00f4nomo decorrente de representa\u00e7\u00e3o do Minist\u00e9rio P\u00fablico, sobre a perda do posto e da patente dos oficiais e da gradua\u00e7\u00e3o das pra\u00e7as que teve contra si uma senten\u00e7a condenat\u00f3ria, independentemente da natureza do crime por ele cometido.<\/p>\n<\/blockquote>\n\n\n\n<p>No entanto, \u00e9 necess\u00e1rio salientar que <strong>essa compet\u00eancia existe apenas quando j\u00e1 n\u00e3o houve, no pr\u00f3prio processo criminal em que tamb\u00e9m foi proferida a senten\u00e7a condenat\u00f3ria, a decreta\u00e7\u00e3o da medida<\/strong> (perda do cargo p\u00fablica da pra\u00e7a e do oficial).<\/p>\n\n\n\n<p>Isso porque, de acordo com a jurisprud\u00eancia do Supremo, <strong>a Justi\u00e7a Comum pode decretar a perda do cargo do policial militar<\/strong> [pra\u00e7a ou oficial] com base no art. 92, I, \u201cb\u201d, do C\u00f3digo Penal, <strong>nos pr\u00f3prios autos em que houve sua condena\u00e7\u00e3o, sem que haja viola\u00e7\u00e3o \u00e0 compet\u00eancia da Justi\u00e7a Militar,<\/strong> notadamente ao exposto no art. 125, \u00a7 4\u00ba, da CF\/88.<\/p>\n\n\n\n<h2 class=\"wp-block-heading has-luminous-vivid-orange-color has-text-color has-link-color wp-elements-fc569825a3a538b4b9445b21b25092b7\" id=\"h-conclusao\"><span id=\"conclusao\">Conclus\u00e3o<\/span><\/h2>\n\n\n\n<p>Portanto, pessoal, esse foi nosso breve resumo sobre a Perda de Posto ou Gradua\u00e7\u00e3o Militar, destacando o entendimento jurisprudencial pertinente ao tema.<\/p>\n\n\n\n<p>Vimos que tanto (i) \u00e9 poss\u00edvel a exclus\u00e3o, em processo administrativo, de militar que comete faltas disciplinares, independentemente do curso de a\u00e7\u00e3o penal instaurada em raz\u00e3o da mesma conduta; quanto (ii) a Justi\u00e7a Militar tem compet\u00eancia para decretar a perda do posto, patente ou gradua\u00e7\u00e3o de militar que teve contra si uma senten\u00e7a condenat\u00f3ria, independentemente da natureza do delito por ele cometido.<\/p>\n\n\n\n<p>At\u00e9 a pr\u00f3xima!<\/p>\n\n\n\n<p class=\"has-text-align-center\" id=\"h-quer-saber-tudo-sobre-concursos-previstos\"><strong>Quer saber quais ser\u00e3o os pr\u00f3ximos concursos?<\/strong><\/p>\n\n\n\n<p class=\"has-text-align-center\">Confira nossos <a href=\"https:\/\/cj.estrategia.com\/portal\/\" target=\"_blank\" >artigos para Carreiras Jur\u00eddicas<\/a>!<\/p>\n\n\n\n<p class=\"has-text-align-center has-white-color has-pale-cyan-blue-background-color has-text-color has-background\"><a href=\"https:\/\/www.estrategiaconcursos.com.br\/blog\/concursos-abertos\/\" target=\"_blank\" >Confira os concursos p\u00fablicos abertos<\/a><\/p>\n\n\n\n<p class=\"has-text-align-center has-white-color has-pale-cyan-blue-background-color has-text-color has-background\"><a href=\"https:\/\/www.estrategiaconcursos.com.br\/blog\/concursos-2024\/\" target=\"_blank\" >Concursos 2024<\/a><\/p>\n\n\n\n<h3 class=\"wp-block-heading\" id=\"assinatura-de-concursos\">Assinatura de Concursos<\/h3>\n\n\n\n<p>Assinatura de 1 ano ou 2 anos <a href=\"https:\/\/www.estrategiaconcursos.com.br\/assinaturas\/\" target=\"_blank\" >ASSINE AGORA<\/a><\/p>\n\n\n\n<p>Agora, confira as vagas e oportunidades dos&nbsp;<strong>concursos 2024<\/strong>&nbsp;navegando atrav\u00e9s do \u00edndice abaixo:<\/p>\n\n\n\n<h2 class=\"wp-block-heading\" id=\"concursos-e-vagas-previstas-para-2023\"><span id=\"concursos-e-vagas-previstas-para-2024\">Concursos e vagas previstas para 2024:<\/span><\/h2>\n\n\n\n<ul class=\"wp-block-list\">\n<li><a href=\"https:\/\/www.estrategiaconcursos.com.br\/blog\/concursos-2023\/#policial\" target=\"_blank\" >Concursos Policiais<\/a><\/li>\n\n\n\n<li><a href=\"https:\/\/www.estrategiaconcursos.com.br\/blog\/concursos-2023\/#fiscal\" target=\"_blank\" >Concursos Fiscais<\/a><\/li>\n\n\n\n<li><a href=\"https:\/\/www.estrategiaconcursos.com.br\/blog\/concursos-2023\/#controle\" target=\"_blank\" >Concursos Controle<\/a><\/li>\n\n\n\n<li><a href=\"https:\/\/www.estrategiaconcursos.com.br\/blog\/concursos-2023\/#tribunais\" target=\"_blank\" >Concursos Tribunais<\/a><\/li>\n\n\n\n<li><a href=\"https:\/\/www.estrategiaconcursos.com.br\/blog\/concursos-2023\/#ministerios-publicos\" target=\"_blank\" >Concursos em Minist\u00e9rios P\u00fablicos<\/a><\/li>\n\n\n\n<li><a href=\"https:\/\/www.estrategiaconcursos.com.br\/blog\/concursos-2023\/#defensorias-publicas\" target=\"_blank\" >Concursos em Defensorias<\/a><\/li>\n\n\n\n<li><a href=\"https:\/\/www.estrategiaconcursos.com.br\/blog\/concursos-2023\/#legislativa\" target=\"_blank\" >Concursos Legislativos<\/a><\/li>\n\n\n\n<li><a href=\"https:\/\/www.estrategiaconcursos.com.br\/blog\/concursos-2023\/#saude\" target=\"_blank\" >Concursos da \u00e1rea da Sa\u00fade<\/a><\/li>\n\n\n\n<li><a href=\"https:\/\/www.estrategiaconcursos.com.br\/blog\/concursos-2023\/#bancaria\" target=\"_blank\" >Concursos da \u00e1rea banc\u00e1ria<\/a><\/li>\n\n\n\n<li><a href=\"https:\/\/www.estrategiaconcursos.com.br\/blog\/concursos-2023\/#educacao\" target=\"_blank\" >Concursos da \u00e1rea da Educa\u00e7\u00e3o<\/a><\/li>\n\n\n\n<li><a href=\"https:\/\/www.estrategiaconcursos.com.br\/blog\/concursos-2023\/#prefeituras\" target=\"_blank\" >Concursos para Prefeituras<\/a><\/li>\n\n\n\n<li><a href=\"https:\/\/www.estrategiaconcursos.com.br\/blog\/concursos-2023\/#outros\" target=\"_blank\" >Concursos outras oportunidades<\/a><\/li>\n<\/ul>\n\n\n\n<p class=\"has-text-align-center has-luminous-vivid-amber-background-color has-background\" style=\"font-size:22px\"><strong>Veja tamb\u00e9m: <a href=\"https:\/\/www.estrategiaconcursos.com.br\/blog\/concursos-abertos\/\" target=\"_blank\" >Concursos Abertos<\/a><\/strong><\/p>\n\n\n\n<p class=\"has-text-align-left\" style=\"font-size:25px\"><em><strong>Quer saber tudo sobre os concursos previstos? Confira nossos artigos completos:<\/strong><\/em><\/p>\n\n\n\n<ul class=\"wp-block-list\">\n<li><a href=\"https:\/\/www.estrategiaconcursos.com.br\/blog\/concursos-2024\/\" target=\"_blank\" >Concursos 2024<\/a><\/li>\n<\/ul>\n","protected":false},"excerpt":{"rendered":"Neste artigo falaremos sobre a Perda de Posto ou Gradua\u00e7\u00e3o Militar, destacando, ainda, o entendimento jurisprudencial pertinente ao&hellip;\n","protected":false},"author":39,"featured_media":62998,"comment_status":"open","ping_status":"open","sticky":false,"template":"","format":"standard","meta":{"_jetpack_memberships_contains_paid_content":false,"footnotes":""},"categories":[1],"tags":[],"tax_estado":[30,31,32,33,34,35,36,37,38,39,40,41,42,43,44,45,46,47,48,49,50,51,52,53,54,55,56,57],"class_list":{"0":"post-62993","1":"post","2":"type-post","3":"status-publish","4":"format-standard","5":"has-post-thumbnail","7":"category-carreiras-juridicas","8":"tax_estado-ac","9":"tax_estado-al","10":"tax_estado-am","11":"tax_estado-ap","12":"tax_estado-ba","13":"tax_estado-ce","14":"tax_estado-concursos-federais","15":"tax_estado-df","16":"tax_estado-es","17":"tax_estado-go","18":"tax_estado-ma","19":"tax_estado-mg","20":"tax_estado-ms","21":"tax_estado-mt","22":"tax_estado-pa","23":"tax_estado-pb","24":"tax_estado-pe","25":"tax_estado-pi","26":"tax_estado-pr","27":"tax_estado-rj","28":"tax_estado-rn","29":"tax_estado-ro","30":"tax_estado-rr","31":"tax_estado-rs","32":"tax_estado-sc","33":"tax_estado-se","34":"tax_estado-sp","35":"tax_estado-to"},"acf":[],"yoast_head":"<!-- This site is optimized with the Yoast SEO Premium plugin v27.4 (Yoast SEO v27.4) - https:\/\/yoast.com\/product\/yoast-seo-premium-wordpress\/ -->\n<title>Perda de Posto ou Gradua\u00e7\u00e3o Militar<\/title>\n<meta name=\"description\" content=\"Confira nosso resumo sobre a Perda de Posto ou Gradua\u00e7\u00e3o Militar, destacando o entendimento jurisprudencial pertinente ao tema.\" \/>\n<meta name=\"robots\" content=\"index, follow, max-snippet:-1, max-image-preview:large, max-video-preview:-1\" \/>\n<link rel=\"canonical\" href=\"https:\/\/cj.estrategia.com\/portal\/perda-posto-graduacao-militar\/\" \/>\n<meta property=\"og:locale\" content=\"pt_BR\" \/>\n<meta property=\"og:type\" content=\"article\" \/>\n<meta property=\"og:title\" content=\"Perda de Posto ou Gradua\u00e7\u00e3o Militar\" \/>\n<meta property=\"og:description\" content=\"Confira nosso resumo sobre a Perda de Posto ou Gradua\u00e7\u00e3o Militar, destacando o entendimento jurisprudencial pertinente ao tema.\" \/>\n<meta property=\"og:url\" content=\"https:\/\/cj.estrategia.com\/portal\/perda-posto-graduacao-militar\/\" \/>\n<meta property=\"og:site_name\" content=\"Blog - Carreiras Jur\u00eddicas - Estrat\u00e9gia\" \/>\n<meta property=\"article:publisher\" content=\"https:\/\/www.facebook.com\/estrategiacarreirajuridica\/\" \/>\n<meta property=\"article:published_time\" content=\"2024-05-21T17:00:00+00:00\" \/>\n<meta property=\"og:image\" content=\"https:\/\/cj.estrategia.com\/portal\/wp-content\/uploads\/2024\/05\/15102129\/young-soldier-affected-by-ptsd-effect-scaled.jpg\" \/>\n\t<meta property=\"og:image:width\" content=\"2560\" \/>\n\t<meta property=\"og:image:height\" content=\"1707\" \/>\n\t<meta property=\"og:image:type\" content=\"image\/jpeg\" \/>\n<meta name=\"author\" content=\"Frederico Tadeu Borlot Peixoto\" \/>\n<meta name=\"twitter:card\" content=\"summary_large_image\" \/>\n<meta name=\"twitter:creator\" content=\"@EstratJuridica\" \/>\n<meta name=\"twitter:site\" content=\"@EstratJuridica\" \/>\n<meta name=\"twitter:label1\" content=\"Escrito por\" \/>\n\t<meta name=\"twitter:data1\" content=\"Frederico Tadeu Borlot Peixoto\" \/>\n\t<meta name=\"twitter:label2\" content=\"Est. tempo de leitura\" \/>\n\t<meta name=\"twitter:data2\" content=\"10 minutos\" \/>\n<script type=\"application\/ld+json\" class=\"yoast-schema-graph\">{\"@context\":\"https:\\\/\\\/schema.org\",\"@graph\":[{\"@type\":\"NewsArticle\",\"@id\":\"https:\\\/\\\/cj.estrategia.com\\\/portal\\\/perda-posto-graduacao-militar\\\/#article\",\"isPartOf\":{\"@id\":\"https:\\\/\\\/cj.estrategia.com\\\/portal\\\/perda-posto-graduacao-militar\\\/\"},\"author\":{\"name\":\"Frederico Tadeu Borlot Peixoto\",\"@id\":\"https:\\\/\\\/cj.estrategia.com\\\/portal\\\/#\\\/schema\\\/person\\\/74287401cf4654f4fa04e378de7261ec\"},\"headline\":\"Perda de Posto ou Gradua\u00e7\u00e3o Militar\",\"datePublished\":\"2024-05-21T17:00:00+00:00\",\"mainEntityOfPage\":{\"@id\":\"https:\\\/\\\/cj.estrategia.com\\\/portal\\\/perda-posto-graduacao-militar\\\/\"},\"wordCount\":2236,\"commentCount\":0,\"publisher\":{\"@id\":\"https:\\\/\\\/cj.estrategia.com\\\/portal\\\/#organization\"},\"image\":{\"@id\":\"https:\\\/\\\/cj.estrategia.com\\\/portal\\\/perda-posto-graduacao-militar\\\/#primaryimage\"},\"thumbnailUrl\":\"https:\\\/\\\/cj.estrategia.com\\\/portal\\\/wp-content\\\/uploads\\\/2024\\\/05\\\/15102129\\\/young-soldier-affected-by-ptsd-effect-scaled.jpg\",\"articleSection\":[\"Carreiras Jur\u00eddicas\"],\"inLanguage\":\"pt-BR\",\"potentialAction\":[{\"@type\":\"CommentAction\",\"name\":\"Comment\",\"target\":[\"https:\\\/\\\/cj.estrategia.com\\\/portal\\\/perda-posto-graduacao-militar\\\/#respond\"]}],\"accessibilityFeature\":[\"tableOfContents\"]},{\"@type\":\"WebPage\",\"@id\":\"https:\\\/\\\/cj.estrategia.com\\\/portal\\\/perda-posto-graduacao-militar\\\/\",\"url\":\"https:\\\/\\\/cj.estrategia.com\\\/portal\\\/perda-posto-graduacao-militar\\\/\",\"name\":\"Perda de Posto ou Gradua\u00e7\u00e3o Militar\",\"isPartOf\":{\"@id\":\"https:\\\/\\\/cj.estrategia.com\\\/portal\\\/#website\"},\"primaryImageOfPage\":{\"@id\":\"https:\\\/\\\/cj.estrategia.com\\\/portal\\\/perda-posto-graduacao-militar\\\/#primaryimage\"},\"image\":{\"@id\":\"https:\\\/\\\/cj.estrategia.com\\\/portal\\\/perda-posto-graduacao-militar\\\/#primaryimage\"},\"thumbnailUrl\":\"https:\\\/\\\/cj.estrategia.com\\\/portal\\\/wp-content\\\/uploads\\\/2024\\\/05\\\/15102129\\\/young-soldier-affected-by-ptsd-effect-scaled.jpg\",\"datePublished\":\"2024-05-21T17:00:00+00:00\",\"description\":\"Confira nosso resumo sobre a Perda de Posto ou Gradua\u00e7\u00e3o Militar, destacando o entendimento jurisprudencial pertinente ao tema.\",\"breadcrumb\":{\"@id\":\"https:\\\/\\\/cj.estrategia.com\\\/portal\\\/perda-posto-graduacao-militar\\\/#breadcrumb\"},\"inLanguage\":\"pt-BR\",\"potentialAction\":[{\"@type\":\"ReadAction\",\"target\":[\"https:\\\/\\\/cj.estrategia.com\\\/portal\\\/perda-posto-graduacao-militar\\\/\"]}]},{\"@type\":\"ImageObject\",\"inLanguage\":\"pt-BR\",\"@id\":\"https:\\\/\\\/cj.estrategia.com\\\/portal\\\/perda-posto-graduacao-militar\\\/#primaryimage\",\"url\":\"https:\\\/\\\/cj.estrategia.com\\\/portal\\\/wp-content\\\/uploads\\\/2024\\\/05\\\/15102129\\\/young-soldier-affected-by-ptsd-effect-scaled.jpg\",\"contentUrl\":\"https:\\\/\\\/cj.estrategia.com\\\/portal\\\/wp-content\\\/uploads\\\/2024\\\/05\\\/15102129\\\/young-soldier-affected-by-ptsd-effect-scaled.jpg\",\"width\":2560,\"height\":1707,\"caption\":\"Perda de Posto ou Gradua\u00e7\u00e3o Militar\"},{\"@type\":\"BreadcrumbList\",\"@id\":\"https:\\\/\\\/cj.estrategia.com\\\/portal\\\/perda-posto-graduacao-militar\\\/#breadcrumb\",\"itemListElement\":[{\"@type\":\"ListItem\",\"position\":1,\"name\":\"In\u00edcio\",\"item\":\"https:\\\/\\\/cj.estrategia.com\\\/portal\\\/\"},{\"@type\":\"ListItem\",\"position\":2,\"name\":\"Perda de Posto ou Gradua\u00e7\u00e3o Militar\"}]},{\"@type\":\"WebSite\",\"@id\":\"https:\\\/\\\/cj.estrategia.com\\\/portal\\\/#website\",\"url\":\"https:\\\/\\\/cj.estrategia.com\\\/portal\\\/\",\"name\":\"Blog - Carreiras Jur\u00eddicas - Estrat\u00e9gia\",\"description\":\"\",\"publisher\":{\"@id\":\"https:\\\/\\\/cj.estrategia.com\\\/portal\\\/#organization\"},\"potentialAction\":[{\"@type\":\"SearchAction\",\"target\":{\"@type\":\"EntryPoint\",\"urlTemplate\":\"https:\\\/\\\/cj.estrategia.com\\\/portal\\\/?s={search_term_string}\"},\"query-input\":{\"@type\":\"PropertyValueSpecification\",\"valueRequired\":true,\"valueName\":\"search_term_string\"}}],\"inLanguage\":\"pt-BR\"},{\"@type\":\"Organization\",\"@id\":\"https:\\\/\\\/cj.estrategia.com\\\/portal\\\/#organization\",\"name\":\"Estrat\u00e9gia - Carreiras Jur\u00eddicas\",\"url\":\"https:\\\/\\\/cj.estrategia.com\\\/portal\\\/\",\"logo\":{\"@type\":\"ImageObject\",\"inLanguage\":\"pt-BR\",\"@id\":\"https:\\\/\\\/cj.estrategia.com\\\/portal\\\/#\\\/schema\\\/logo\\\/image\\\/\",\"url\":\"https:\\\/\\\/cj.estrategia.com\\\/portal\\\/wp-content\\\/uploads\\\/2022\\\/03\\\/11151052\\\/cj-logo.png\",\"contentUrl\":\"https:\\\/\\\/cj.estrategia.com\\\/portal\\\/wp-content\\\/uploads\\\/2022\\\/03\\\/11151052\\\/cj-logo.png\",\"width\":150,\"height\":39,\"caption\":\"Estrat\u00e9gia - Carreiras Jur\u00eddicas\"},\"image\":{\"@id\":\"https:\\\/\\\/cj.estrategia.com\\\/portal\\\/#\\\/schema\\\/logo\\\/image\\\/\"},\"sameAs\":[\"https:\\\/\\\/www.facebook.com\\\/estrategiacarreirajuridica\\\/\",\"https:\\\/\\\/x.com\\\/EstratJuridica\",\"https:\\\/\\\/www.instagram.com\\\/estrategiacarreirajuridica\\\/\",\"https:\\\/\\\/www.youtube.com\\\/channel\\\/UClbMGuYbj2Mh1m3w144ETWQ\"]},{\"@type\":\"Person\",\"@id\":\"https:\\\/\\\/cj.estrategia.com\\\/portal\\\/#\\\/schema\\\/person\\\/74287401cf4654f4fa04e378de7261ec\",\"name\":\"Frederico Tadeu Borlot Peixoto\",\"image\":{\"@type\":\"ImageObject\",\"inLanguage\":\"pt-BR\",\"@id\":\"https:\\\/\\\/cj.estrategia.com\\\/portal\\\/wp-content\\\/uploads\\\/2023\\\/06\\\/29094204\\\/GBAY0702-96x96.jpg\",\"url\":\"https:\\\/\\\/cj.estrategia.com\\\/portal\\\/wp-content\\\/uploads\\\/2023\\\/06\\\/29094204\\\/GBAY0702-96x96.jpg\",\"contentUrl\":\"https:\\\/\\\/cj.estrategia.com\\\/portal\\\/wp-content\\\/uploads\\\/2023\\\/06\\\/29094204\\\/GBAY0702-96x96.jpg\",\"caption\":\"Frederico Tadeu Borlot Peixoto\"},\"description\":\"Analista Judici\u00e1rio - \u00c1rea Judici\u00e1ria do TRF da 4\u00aa regi\u00e3o. Bacharel em Direito. P\u00f3s-graduado em Direito Administrativo, Legisla\u00e7\u00e3o Penal Especial, Direito Penal e Direito Processual Penal. Tamb\u00e9m nomeado no TRF da 3\u00aa regi\u00e3o (8\u00ba lugar); SPPREV (3\u00ba lugar); IFES (2\u00ba lugar); e PMES. https:\\\/\\\/www.instagram.com\\\/proffrederico\\\/\",\"sameAs\":[\"https:\\\/\\\/www.instagram.com\\\/proffrederico\\\/\"],\"url\":\"https:\\\/\\\/cj.estrategia.com\\\/portal\\\/author\\\/xfrederico\\\/\"}]}<\/script>\n<!-- \/ Yoast SEO Premium plugin. -->","yoast_head_json":{"title":"Perda de Posto ou Gradua\u00e7\u00e3o Militar","description":"Confira nosso resumo sobre a Perda de Posto ou Gradua\u00e7\u00e3o Militar, destacando o entendimento jurisprudencial pertinente ao tema.","robots":{"index":"index","follow":"follow","max-snippet":"max-snippet:-1","max-image-preview":"max-image-preview:large","max-video-preview":"max-video-preview:-1"},"canonical":"https:\/\/cj.estrategia.com\/portal\/perda-posto-graduacao-militar\/","og_locale":"pt_BR","og_type":"article","og_title":"Perda de Posto ou Gradua\u00e7\u00e3o Militar","og_description":"Confira nosso resumo sobre a Perda de Posto ou Gradua\u00e7\u00e3o Militar, destacando o entendimento jurisprudencial pertinente ao tema.","og_url":"https:\/\/cj.estrategia.com\/portal\/perda-posto-graduacao-militar\/","og_site_name":"Blog - Carreiras Jur\u00eddicas - Estrat\u00e9gia","article_publisher":"https:\/\/www.facebook.com\/estrategiacarreirajuridica\/","article_published_time":"2024-05-21T17:00:00+00:00","og_image":[{"width":2560,"height":1707,"url":"https:\/\/cj.estrategia.com\/portal\/wp-content\/uploads\/2024\/05\/15102129\/young-soldier-affected-by-ptsd-effect-scaled.jpg","type":"image\/jpeg"}],"author":"Frederico Tadeu Borlot Peixoto","twitter_card":"summary_large_image","twitter_creator":"@EstratJuridica","twitter_site":"@EstratJuridica","twitter_misc":{"Escrito por":"Frederico Tadeu Borlot Peixoto","Est. tempo de leitura":"10 minutos"},"schema":{"@context":"https:\/\/schema.org","@graph":[{"@type":"NewsArticle","@id":"https:\/\/cj.estrategia.com\/portal\/perda-posto-graduacao-militar\/#article","isPartOf":{"@id":"https:\/\/cj.estrategia.com\/portal\/perda-posto-graduacao-militar\/"},"author":{"name":"Frederico Tadeu Borlot Peixoto","@id":"https:\/\/cj.estrategia.com\/portal\/#\/schema\/person\/74287401cf4654f4fa04e378de7261ec"},"headline":"Perda de Posto ou Gradua\u00e7\u00e3o Militar","datePublished":"2024-05-21T17:00:00+00:00","mainEntityOfPage":{"@id":"https:\/\/cj.estrategia.com\/portal\/perda-posto-graduacao-militar\/"},"wordCount":2236,"commentCount":0,"publisher":{"@id":"https:\/\/cj.estrategia.com\/portal\/#organization"},"image":{"@id":"https:\/\/cj.estrategia.com\/portal\/perda-posto-graduacao-militar\/#primaryimage"},"thumbnailUrl":"https:\/\/cj.estrategia.com\/portal\/wp-content\/uploads\/2024\/05\/15102129\/young-soldier-affected-by-ptsd-effect-scaled.jpg","articleSection":["Carreiras Jur\u00eddicas"],"inLanguage":"pt-BR","potentialAction":[{"@type":"CommentAction","name":"Comment","target":["https:\/\/cj.estrategia.com\/portal\/perda-posto-graduacao-militar\/#respond"]}],"accessibilityFeature":["tableOfContents"]},{"@type":"WebPage","@id":"https:\/\/cj.estrategia.com\/portal\/perda-posto-graduacao-militar\/","url":"https:\/\/cj.estrategia.com\/portal\/perda-posto-graduacao-militar\/","name":"Perda de Posto ou Gradua\u00e7\u00e3o Militar","isPartOf":{"@id":"https:\/\/cj.estrategia.com\/portal\/#website"},"primaryImageOfPage":{"@id":"https:\/\/cj.estrategia.com\/portal\/perda-posto-graduacao-militar\/#primaryimage"},"image":{"@id":"https:\/\/cj.estrategia.com\/portal\/perda-posto-graduacao-militar\/#primaryimage"},"thumbnailUrl":"https:\/\/cj.estrategia.com\/portal\/wp-content\/uploads\/2024\/05\/15102129\/young-soldier-affected-by-ptsd-effect-scaled.jpg","datePublished":"2024-05-21T17:00:00+00:00","description":"Confira nosso resumo sobre a Perda de Posto ou Gradua\u00e7\u00e3o Militar, destacando o entendimento jurisprudencial pertinente ao tema.","breadcrumb":{"@id":"https:\/\/cj.estrategia.com\/portal\/perda-posto-graduacao-militar\/#breadcrumb"},"inLanguage":"pt-BR","potentialAction":[{"@type":"ReadAction","target":["https:\/\/cj.estrategia.com\/portal\/perda-posto-graduacao-militar\/"]}]},{"@type":"ImageObject","inLanguage":"pt-BR","@id":"https:\/\/cj.estrategia.com\/portal\/perda-posto-graduacao-militar\/#primaryimage","url":"https:\/\/cj.estrategia.com\/portal\/wp-content\/uploads\/2024\/05\/15102129\/young-soldier-affected-by-ptsd-effect-scaled.jpg","contentUrl":"https:\/\/cj.estrategia.com\/portal\/wp-content\/uploads\/2024\/05\/15102129\/young-soldier-affected-by-ptsd-effect-scaled.jpg","width":2560,"height":1707,"caption":"Perda de Posto ou Gradua\u00e7\u00e3o Militar"},{"@type":"BreadcrumbList","@id":"https:\/\/cj.estrategia.com\/portal\/perda-posto-graduacao-militar\/#breadcrumb","itemListElement":[{"@type":"ListItem","position":1,"name":"In\u00edcio","item":"https:\/\/cj.estrategia.com\/portal\/"},{"@type":"ListItem","position":2,"name":"Perda de Posto ou Gradua\u00e7\u00e3o Militar"}]},{"@type":"WebSite","@id":"https:\/\/cj.estrategia.com\/portal\/#website","url":"https:\/\/cj.estrategia.com\/portal\/","name":"Blog - Carreiras Jur\u00eddicas - Estrat\u00e9gia","description":"","publisher":{"@id":"https:\/\/cj.estrategia.com\/portal\/#organization"},"potentialAction":[{"@type":"SearchAction","target":{"@type":"EntryPoint","urlTemplate":"https:\/\/cj.estrategia.com\/portal\/?s={search_term_string}"},"query-input":{"@type":"PropertyValueSpecification","valueRequired":true,"valueName":"search_term_string"}}],"inLanguage":"pt-BR"},{"@type":"Organization","@id":"https:\/\/cj.estrategia.com\/portal\/#organization","name":"Estrat\u00e9gia - Carreiras Jur\u00eddicas","url":"https:\/\/cj.estrategia.com\/portal\/","logo":{"@type":"ImageObject","inLanguage":"pt-BR","@id":"https:\/\/cj.estrategia.com\/portal\/#\/schema\/logo\/image\/","url":"https:\/\/cj.estrategia.com\/portal\/wp-content\/uploads\/2022\/03\/11151052\/cj-logo.png","contentUrl":"https:\/\/cj.estrategia.com\/portal\/wp-content\/uploads\/2022\/03\/11151052\/cj-logo.png","width":150,"height":39,"caption":"Estrat\u00e9gia - Carreiras Jur\u00eddicas"},"image":{"@id":"https:\/\/cj.estrategia.com\/portal\/#\/schema\/logo\/image\/"},"sameAs":["https:\/\/www.facebook.com\/estrategiacarreirajuridica\/","https:\/\/x.com\/EstratJuridica","https:\/\/www.instagram.com\/estrategiacarreirajuridica\/","https:\/\/www.youtube.com\/channel\/UClbMGuYbj2Mh1m3w144ETWQ"]},{"@type":"Person","@id":"https:\/\/cj.estrategia.com\/portal\/#\/schema\/person\/74287401cf4654f4fa04e378de7261ec","name":"Frederico Tadeu Borlot Peixoto","image":{"@type":"ImageObject","inLanguage":"pt-BR","@id":"https:\/\/cj.estrategia.com\/portal\/wp-content\/uploads\/2023\/06\/29094204\/GBAY0702-96x96.jpg","url":"https:\/\/cj.estrategia.com\/portal\/wp-content\/uploads\/2023\/06\/29094204\/GBAY0702-96x96.jpg","contentUrl":"https:\/\/cj.estrategia.com\/portal\/wp-content\/uploads\/2023\/06\/29094204\/GBAY0702-96x96.jpg","caption":"Frederico Tadeu Borlot Peixoto"},"description":"Analista Judici\u00e1rio - \u00c1rea Judici\u00e1ria do TRF da 4\u00aa regi\u00e3o. Bacharel em Direito. P\u00f3s-graduado em Direito Administrativo, Legisla\u00e7\u00e3o Penal Especial, Direito Penal e Direito Processual Penal. Tamb\u00e9m nomeado no TRF da 3\u00aa regi\u00e3o (8\u00ba lugar); SPPREV (3\u00ba lugar); IFES (2\u00ba lugar); e PMES. https:\/\/www.instagram.com\/proffrederico\/","sameAs":["https:\/\/www.instagram.com\/proffrederico\/"],"url":"https:\/\/cj.estrategia.com\/portal\/author\/xfrederico\/"}]}},"jetpack_featured_media_url":"https:\/\/cj.estrategia.com\/portal\/wp-content\/uploads\/2024\/05\/15102129\/young-soldier-affected-by-ptsd-effect-scaled.jpg","jetpack_sharing_enabled":true,"_links":{"self":[{"href":"https:\/\/cj.estrategia.com\/portal\/wp-json\/wp\/v2\/posts\/62993","targetHints":{"allow":["GET"]}}],"collection":[{"href":"https:\/\/cj.estrategia.com\/portal\/wp-json\/wp\/v2\/posts"}],"about":[{"href":"https:\/\/cj.estrategia.com\/portal\/wp-json\/wp\/v2\/types\/post"}],"author":[{"embeddable":true,"href":"https:\/\/cj.estrategia.com\/portal\/wp-json\/wp\/v2\/users\/39"}],"replies":[{"embeddable":true,"href":"https:\/\/cj.estrategia.com\/portal\/wp-json\/wp\/v2\/comments?post=62993"}],"version-history":[{"count":2,"href":"https:\/\/cj.estrategia.com\/portal\/wp-json\/wp\/v2\/posts\/62993\/revisions"}],"predecessor-version":[{"id":63001,"href":"https:\/\/cj.estrategia.com\/portal\/wp-json\/wp\/v2\/posts\/62993\/revisions\/63001"}],"wp:featuredmedia":[{"embeddable":true,"href":"https:\/\/cj.estrategia.com\/portal\/wp-json\/wp\/v2\/media\/62998"}],"wp:attachment":[{"href":"https:\/\/cj.estrategia.com\/portal\/wp-json\/wp\/v2\/media?parent=62993"}],"wp:term":[{"taxonomy":"category","embeddable":true,"href":"https:\/\/cj.estrategia.com\/portal\/wp-json\/wp\/v2\/categories?post=62993"},{"taxonomy":"post_tag","embeddable":true,"href":"https:\/\/cj.estrategia.com\/portal\/wp-json\/wp\/v2\/tags?post=62993"},{"taxonomy":"tax_estado","embeddable":true,"href":"https:\/\/cj.estrategia.com\/portal\/wp-json\/wp\/v2\/tax_estado?post=62993"}],"curies":[{"name":"wp","href":"https:\/\/api.w.org\/{rel}","templated":true}]}}