{"id":62528,"date":"2025-01-01T11:00:00","date_gmt":"2025-01-01T14:00:00","guid":{"rendered":"https:\/\/cj.estrategia.com\/portal\/?p=62528"},"modified":"2025-01-07T06:22:38","modified_gmt":"2025-01-07T09:22:38","slug":"concurso-pgm-santarem-pa","status":"publish","type":"post","link":"https:\/\/cj.estrategia.com\/portal\/concurso-pgm-santarem-pa\/","title":{"rendered":"Concurso PGM Santar\u00e9m PA: homologado!"},"content":{"rendered":"<a id=\"cta-icon\" href=\"https:\/\/sndflw.com\/i\/procuradorias-grupo\" target=\"blank\" style=\"background:rgb(41,166,26)\">\n            <img decoding=\"async\" src=\"https:\/\/cj.estrategia.com\/portal\/wp-content\/uploads\/2023\/12\/07160657\/whatsapp_1385.webp\" alt=\"\" alt=\"whatsapp_1385\"><span > Acesse agora o Grupo de Estudos para Concurso de Procuradorias <\/span><\/a>\n\n\n\n<p>Foi <strong>homologado o resultado final<\/strong> do <strong>concurso PGM Santar\u00e9m PA<\/strong>. Confira abaixo: <\/p>\n\n\n\n<ul class=\"wp-block-list\">\n<li><a href=\"https:\/\/anexos.cdn.selecao.net.br\/uploads\/763\/concursos\/96\/anexos\/f0c8252d-1cae-47f6-8a61-72ef6f94be16.pdf\" target=\"_blank\" >Edital de Homologa\u00e7\u00e3o <\/a><\/li>\n<\/ul>\n\n\n\n<p>Foram ofertadas <strong>6 vagas<\/strong> + 3 CR para o cargo de<strong> Procurador Municipal<\/strong>, com remunera\u00e7\u00e3o inicial de <strong>R$ 1.412,00<\/strong> + <strong>R$ 5.450,00<\/strong> de Gratifica\u00e7\u00e3o.<\/p>\n\n\n\n<p>Nesta sele\u00e7\u00e3o os candidatos tiveram que apresentar diploma de conclus\u00e3o de curso de gradua\u00e7\u00e3o de n\u00edvel superior em Direito, devidamente registrado fornecido por IES reconhecida pelo MEC; Registro na Ordem dos Advogados do Brasil (OAB) e comprova\u00e7\u00e3o de pelo menos 3 (tr\u00eas) anos de atividades jur\u00eddicas.<\/p>\n\n\n\n<ul class=\"has-very-light-gray-to-cyan-bluish-gray-gradient-background has-background wp-block-list\">\n<li><strong>PGM Santar\u00e9m PA<\/strong><\/li>\n\n\n\n<li><strong>Situa\u00e7\u00e3o:<\/strong>\u00a0homologado<\/li>\n\n\n\n<li><strong>Banca:<\/strong>\u00a0IVIN<\/li>\n\n\n\n<li><strong>Vagas:<\/strong>\u00a06 + 3 CR<\/li>\n\n\n\n<li><strong>Sal\u00e1rio inicial:<\/strong>\u00a0R$ 1.412,00 + R$ 5.450,00 de Gratifica\u00e7\u00e3o<\/li>\n\n\n\n<li><a href=\"https:\/\/anexos.cdn.selecao.net.br\/uploads\/763\/concursos\/96\/anexos\/uttBsHEIpMcULceRsXLPcuHX6SceiwIQUFtZoj5s.pdf\">Edital PGM Santar\u00e9m PA<\/a><\/li>\n<\/ul>\n\n\n\n<div class=\"container\" id=\"boxes\">\n  <div class=\"row\">\n\n    <div class=\"col-sm\">\n      <div class=\"banner-estrategia-concursos-juridicos\" id=\"box-assinatura\">\n        <h2 id=\"curso-para-magistratura-sc\" class=\"titulo-assinatura\"><span style=\"color: #ffffff; font-size: 23px; \">Curso para Magistratura SC <\/span><\/h2>\n        <p class=\"subtitulo-assinatura\">Cursos focados no edital do concurso<\/p>\n        <div class=\"box-botao\">\n          <a class=\"btn-assinatura-juridica\" target=\"_blank\" href=\"https:\/\/cj.estrategia.com\/?utm_source=blog&utm_medium=botao&utm_campaign=ecj_convers\/\" role=\"button\" rel=\"noopener noreferrer\">Conhe\u00e7a mais<\/a>\n        <\/div>\n      <\/div>\n      <p class=\"texto-auxiliar\">Prepare-se com o melhor material e com quem mais aprova em concursos de Procuradorias em todo o pa\u00eds. \n<\/p>\n    <\/div>\n\n  <\/div>\n<\/div>\n\n\n\n<ul class=\"wp-block-list\">\n<li><a href=\"#atual\">Situa\u00e7\u00e3o atual<\/a><\/li>\n\n\n\n<li><a href=\"#carreira\">Carreira<\/a>\n<ul class=\"wp-block-list\">\n<li><a href=\"#cargos\">Cargos e Vagas<\/a><\/li>\n\n\n\n<li><a href=\"#requisitos\">Requisitos<\/a><\/li>\n<\/ul>\n<\/li>\n\n\n\n<li><a href=\"#carreira\">Etapas<\/a><\/li>\n\n\n\n<li><a href=\"#CURSO\">Cursos e Assinaturas<\/a><\/li>\n\n\n\n<li><a href=\"#FICHA\">Ficha T\u00e9cnica<\/a><\/li>\n<\/ul>\n\n\n\n<h2 class=\"wp-block-heading\" id=\"atual\"><span id=\"concurso-pgm-santarem-pa-situacao-atual\">Concurso PGM Santar\u00e9m PA: situa\u00e7\u00e3o atual<\/span><\/h2>\n\n\n\n<p class=\"has-medium-font-size\"><strong>Principais datas<\/strong><\/p>\n\n\n\n<p class=\"has-very-light-gray-to-cyan-bluish-gray-gradient-background has-background\"><strong>Inscri\u00e7\u00f5es<\/strong>: <s>de 17\/06\/2024 a 18\/07\/2024<\/s> \/ <s>at\u00e9 05\/08\/2024<\/s><br><strong>Aplica\u00e7\u00e3o das Provas Objetivas e Discursivas: <\/strong><s>15\/09\/2024<\/s><\/p>\n\n\n\n<h2 class=\"wp-block-heading\" id=\"carreira\"><span id=\"concurso-pgm-santarem-pa-carreira\">Concurso PGM Santar\u00e9m PA: carreira<\/span><\/h2>\n\n\n\n<h3 class=\"wp-block-heading\" id=\"cargos\"><span id=\"cargos-vagas-e-remuneracao\">Cargos, Vagas e Remunera\u00e7\u00e3o<\/span><\/h3>\n\n\n\n<figure class=\"wp-block-table is-style-stripes\"><table><tbody><tr><td class=\"has-text-align-center\" data-align=\"center\">CARGOS<\/td><td class=\"has-text-align-center\" data-align=\"center\">VAGAS<\/td><td>Remunera\u00e7\u00e3o  <\/td><\/tr><tr><td class=\"has-text-align-center\" data-align=\"center\">Procurador <\/td><td class=\"has-text-align-center\" data-align=\"center\">6 + 3 CR<\/td><td>\u00a0R$ 1.412,00 + R$ 5.450,00 de Gratifica\u00e7\u00e3o<\/td><\/tr><\/tbody><\/table><\/figure>\n\n\n\n<h3 class=\"wp-block-heading\" id=\"requisitos\">Requisitos<\/h3>\n\n\n\n<p>Diploma, devidamente registrado, de conclus\u00e3o de curso de gradua\u00e7\u00e3o de n\u00edvel superior em Direito, fornecido por institui\u00e7\u00e3o de ensino oficial reconhecida pelo Minist\u00e9rio da Educa\u00e7\u00e3o, registro na Ordem dos Advogados do Brasil (OAB) e comprova\u00e7\u00e3o de pelo menos 3 (tr\u00eas) anos de atividades jur\u00eddicas.<\/p>\n\n\n\n<h2 class=\"wp-block-heading\" id=\"carreira\"><span id=\"concurso-pgm-santarem-pa-etapas\">Concurso PGM Santar\u00e9m PA: etapas<\/span><\/h2>\n\n\n\n<p>Os candidatos ser\u00e3o avaliados por meio das etapas a seguir:<\/p>\n\n\n\n<ul class=\"wp-block-list\">\n<li><strong>Prova Objetiva<\/strong> (de car\u00e1ter eliminat\u00f3rio e classificat\u00f3rio);<\/li>\n\n\n\n<li><strong>Prova Discursiva<\/strong> (de car\u00e1ter eliminat\u00f3rio e classificat\u00f3rio);<\/li>\n\n\n\n<li><strong>Prova de T\u00edtulos<\/strong>  (de car\u00e1ter classificat\u00f3rio).<\/li>\n<\/ul>\n\n\n\n<h3 class=\"wp-block-heading\" id=\"h-prova-objetiva\"><span id=\"prova-objetiva\">Prova Objetiva<\/span><\/h3>\n\n\n\n<p>A prova objetiva para todos os cargos valeu 100 (cem) pontos no total, cada uma contendo 5 (cinco) op\u00e7\u00f5es de resposta, das quais apenas 1 (uma) era correta e foi composta conforme a tabela abaixo:<\/p>\n\n\n\n<figure class=\"wp-block-image size-full\"><img decoding=\"async\" width=\"694\" height=\"137\" src=\"https:\/\/cj.estrategia.com\/portal\/wp-content\/uploads\/2024\/06\/10160742\/image-1-7.png\" alt=\"\" class=\"wp-image-65585\" srcset=\"https:\/\/cj.estrategia.com\/portal\/wp-content\/uploads\/2024\/06\/10160742\/image-1-7.png 694w, https:\/\/cj.estrategia.com\/portal\/wp-content\/uploads\/2024\/06\/10160742\/image-1-7-300x59.png 300w, https:\/\/cj.estrategia.com\/portal\/wp-content\/uploads\/2024\/06\/10160742\/image-1-7-380x75.png 380w, https:\/\/cj.estrategia.com\/portal\/wp-content\/uploads\/2024\/06\/10160742\/image-1-7-150x30.png 150w\" sizes=\"(max-width: 694px) 100vw, 694px\" \/><\/figure>\n\n\n\n<p>A prova objetiva teve dura\u00e7\u00e3o de 4 (quatro) horas. <\/p>\n\n\n\n<p>Foi considerado habilitado o candidato que, cumulativamente, atendeu as seguintes exig\u00eancias:<\/p>\n\n\n\n<p> a) Obtivesse o m\u00ednimo de 60% (sessenta por cento) de pontos na prova objetiva, ou seja, alcan\u00e7asse, no m\u00ednimo, 60 (sessenta) pontos e;<\/p>\n\n\n\n<p> b) N\u00e3o obtivesse 0 (zero) em nenhum conte\u00fado (disciplina) da prova objetiva; <\/p>\n\n\n\n<p>c) Tivesse classificado at\u00e9 a posi\u00e7\u00e3o correspondente, dentro do n\u00famero de vagas Ampla Concorr\u00eancia, PCD e Cotas ou dentro do Cadastro de Reserva constantes do edital (conforme Quadro de Vagas do item 2 Cap\u00edtulo II), considerado ELIMINADOS os demais.<\/p>\n\n\n\n<h3 class=\"wp-block-heading\" id=\"h-prova-discursiva\"><span id=\"prova-discursiva\">Prova Discursiva<\/span><\/h3>\n\n\n\n<p>A Prova Discursiva teve 2 (duas) horas de dura\u00e7\u00e3o, valeu 100 (cem) pontos e consistiu de:<\/p>\n\n\n\n<p>a) 2 (duas) quest\u00f5es anal\u00edtico-discursivas, valendo 25 (vinte e cinco) pontos cada, sob a forma de situa\u00e7\u00f5es-problema, observando, sempre que poss\u00edvel, a interdisciplinaridade que tem como objetivo verificar o conhecimento do conte\u00fado espec\u00edfico do cargo, conforme anexo IV deste edital;<\/p>\n\n\n\n<p>b) Reda\u00e7\u00e3o de pe\u00e7a profissional valendo 50 (cinquenta) pontos, acerca de tema da \u00e1rea jur\u00eddica e do seu correspondente direito processual, conforme anexo IV deste edital, dentre os Temas: Direito Constitucional; Direito Administrativo; Direito Civil ou Direito Tribut\u00e1rio.<\/p>\n\n\n\n<h3 class=\"wp-block-heading\" id=\"h-prova-de-titulos\"><span id=\"prova-de-titulos\">Prova de T\u00edtulos<\/span><\/h3>\n\n\n\n<p>A an\u00e1lise dos t\u00edtulos foi limitada ao n\u00famero m\u00e1ximo de 10 (dez) pontos e teve car\u00e1ter apenas classificat\u00f3rio.<\/p>\n\n\n\n<p>Somente aceitos os t\u00edtulos abaixo relacionados, expedidos at\u00e9 a data de envio, observados os limites de pontos da tabela abaixo:<\/p>\n\n\n<div class=\"wp-block-image\">\n<figure class=\"aligncenter size-full\"><img decoding=\"async\" width=\"669\" height=\"351\" src=\"https:\/\/cj.estrategia.com\/portal\/wp-content\/uploads\/2024\/06\/10161734\/image-7.png\" alt=\"\" class=\"wp-image-65586\" srcset=\"https:\/\/cj.estrategia.com\/portal\/wp-content\/uploads\/2024\/06\/10161734\/image-7.png 669w, https:\/\/cj.estrategia.com\/portal\/wp-content\/uploads\/2024\/06\/10161734\/image-7-300x157.png 300w, https:\/\/cj.estrategia.com\/portal\/wp-content\/uploads\/2024\/06\/10161734\/image-7-380x199.png 380w, https:\/\/cj.estrategia.com\/portal\/wp-content\/uploads\/2024\/06\/10161734\/image-7-150x79.png 150w\" sizes=\"(max-width: 669px) 100vw, 669px\" \/><\/figure>\n<\/div>\n\n\n<h2 class=\"wp-block-heading\" id=\"h-voce-conhece-o-municipio-de-santarem-pa\"><span id=\"voce-conhece-o-municipio-de-santarem-pa\">Voc\u00ea conhece o munic\u00edpio de Santar\u00e9m PA?<\/span><\/h2>\n\n\n\n<p>Localizado no cora\u00e7\u00e3o da Amaz\u00f4nia, o munic\u00edpio de Santar\u00e9m, no estado do Par\u00e1, possui uma hist\u00f3ria rica e diversificada que remonta a s\u00e9culos atr\u00e1s. Fundado em 1661 pelos portugueses, Santar\u00e9m foi inicialmente estabelecido como uma base para a explora\u00e7\u00e3o e coloniza\u00e7\u00e3o da regi\u00e3o amaz\u00f4nica. Durante o per\u00edodo colonial, a cidade prosperou como um importante centro de com\u00e9rcio, especialmente devido \u00e0 sua localiza\u00e7\u00e3o estrat\u00e9gica \u00e0s margens do rio Tapaj\u00f3s, um dos principais afluentes do Rio Amazonas.<\/p>\n\n\n\n<p>No s\u00e9culo XIX, Santar\u00e9m desempenhou um papel fundamental na economia regional como um dos principais pontos de exporta\u00e7\u00e3o de borracha, um recurso natural abundante na Amaz\u00f4nia. Essa era de ouro da borracha trouxe grande riqueza e desenvolvimento para a cidade, com a constru\u00e7\u00e3o de imponentes casar\u00f5es e palacetes que ainda hoje embelezam o seu centro hist\u00f3rico. No entanto, a prosperidade da borracha foi ef\u00eamera, e Santar\u00e9m enfrentou per\u00edodos de decl\u00ednio econ\u00f4mico antes de se reinventar como um importante centro agr\u00edcola e de pesca na Amaz\u00f4nia.<\/p>\n\n\n\n<p>Hoje, Santar\u00e9m \u00e9 uma cidade vibrante e multicultural, que atrai visitantes de todo o mundo com sua rica heran\u00e7a hist\u00f3rica, sua exuberante natureza amaz\u00f4nica e sua cultura \u00fanica. Com uma popula\u00e7\u00e3o diversificada e uma economia em constante evolu\u00e7\u00e3o, Santar\u00e9m continua a desempenhar um papel crucial na regi\u00e3o amaz\u00f4nica, tanto como centro urbano quanto como ponto de partida para explorar as vastas e fascinantes paisagens naturais que a cercam.<\/p>\n\n\n\n<h2 class=\"wp-block-heading has-text-align-center\" id=\"cursos\"><span id=\"quer-saber-tudo-sobre-concursos-previstosconfira-nossos-artigos\">Quer saber tudo sobre concursos previstos?<br><strong>Confira nossos artigos!<\/strong><\/span><\/h2>\n\n\n\n\n\n<h2 class=\"wp-block-heading has-text-align-center\" id=\"cursos\"><span id=\"quer-estudar-para-o-concurso-pgm-santarem-pa\">Quer estudar para o Concurso PGM Santar\u00e9m PA?<\/span><\/h2>\n\n\n\n<div class=\"wp-block-cover\" style=\"min-height:155px;aspect-ratio:unset;\"><img decoding=\"async\" width=\"1890\" height=\"351\" class=\"wp-block-cover__image-background wp-image-8669\" alt=\"Assinaturas Jur\u00eddicas\" src=\"https:\/\/cj.estrategia.com\/portal\/wp-content\/uploads\/2022\/06\/20151253\/concurso-carreiras-juridicas-assinatura-juridica.jpg\" style=\"object-position:78% 43%\" data-object-fit=\"cover\" data-object-position=\"78% 43%\" srcset=\"https:\/\/cj.estrategia.com\/portal\/wp-content\/uploads\/2022\/06\/20151253\/concurso-carreiras-juridicas-assinatura-juridica.jpg 1890w, https:\/\/cj.estrategia.com\/portal\/wp-content\/uploads\/2022\/06\/20151253\/concurso-carreiras-juridicas-assinatura-juridica-300x56.jpg 300w, https:\/\/cj.estrategia.com\/portal\/wp-content\/uploads\/2022\/06\/20151253\/concurso-carreiras-juridicas-assinatura-juridica-1024x190.jpg 1024w, https:\/\/cj.estrategia.com\/portal\/wp-content\/uploads\/2022\/06\/20151253\/concurso-carreiras-juridicas-assinatura-juridica-768x143.jpg 768w, https:\/\/cj.estrategia.com\/portal\/wp-content\/uploads\/2022\/06\/20151253\/concurso-carreiras-juridicas-assinatura-juridica-1536x285.jpg 1536w, https:\/\/cj.estrategia.com\/portal\/wp-content\/uploads\/2022\/06\/20151253\/concurso-carreiras-juridicas-assinatura-juridica-380x71.jpg 380w, https:\/\/cj.estrategia.com\/portal\/wp-content\/uploads\/2022\/06\/20151253\/concurso-carreiras-juridicas-assinatura-juridica-800x149.jpg 800w, https:\/\/cj.estrategia.com\/portal\/wp-content\/uploads\/2022\/06\/20151253\/concurso-carreiras-juridicas-assinatura-juridica-1160x215.jpg 1160w\" sizes=\"(max-width: 1890px) 100vw, 1890px\" \/><span aria-hidden=\"true\" class=\"wp-block-cover__background has-background-dim\"><\/span><div class=\"wp-block-cover__inner-container is-layout-flow wp-block-cover-is-layout-flow\">\n<h3 id=\"faca-a-sua-assinatura\" class=\"titulo-assinatura\"><span style=\"color: #ffffff;\">Fa\u00e7a a sua assinatura!<\/span><\/h3>\n<p class=\"subtitulo-assinatura\" style=\"display:block!important; line-height: 0;\"><span style=\"color: #ffffff;\">Escolha a sua \u00e1rea.<\/span><\/p>\n<a target=\"_blank\" href=\"https:\/\/www.estrategiaconcursos.com.br\/assinaturas-ecj\/\" rel=\"noopener\"><button style=\"border-radius: 10px; text-transform: capitalize;\">Acessar<\/button><\/a>\n<\/div><\/div>\n\n\n\n<figure class=\"wp-block-image is-resized\" id=\"block-3b8bacaa-0670-4296-b2f0-212db5343bcc\"><img decoding=\"async\" src=\"https:\/\/dhg1h5j42swfq.cloudfront.net\/2021\/04\/21143859\/ficha-tecnica-161-1024x632.png\" alt=\"concurso tjm mg ficha t\u00e9cnica\" style=\"width:196px;height:auto\"\/><\/figure>\n\n\n\n<p id=\"ficha\"><strong>Informa\u00e7\u00f5es do <\/strong>Concurso PGM Santar\u00e9m PA<br>\u25baData da prova: 15\/09\/2024<br>\u25baVagas: 6 + 3 CR<br>\u25baLota\u00e7\u00f5es: Santar\u00e9m PA<br>\u25baBanca: IVIN<br>\u25baEscolaridade: Ensino Superior Completo em Direito + OAB + 3 anos de atividades jur\u00eddicas<\/p>\n","protected":false},"excerpt":{"rendered":"Foi homologado o resultado final do concurso PGM Santar\u00e9m PA. Confira abaixo: Foram ofertadas 6 vagas + 3&hellip;\n","protected":false},"author":12,"featured_media":30994,"comment_status":"open","ping_status":"open","sticky":false,"template":"","format":"standard","meta":{"_jetpack_memberships_contains_paid_content":false,"footnotes":""},"categories":[1],"tags":[],"tax_estado":[44],"class_list":{"0":"post-62528","1":"post","2":"type-post","3":"status-publish","4":"format-standard","5":"has-post-thumbnail","7":"category-carreiras-juridicas","8":"tax_estado-pa"},"acf":[],"yoast_head":"<!-- This site is optimized with the Yoast SEO Premium plugin v27.5 (Yoast SEO v27.5) - https:\/\/yoast.com\/product\/yoast-seo-premium-wordpress\/ -->\n<title>Concurso PGM Santar\u00e9m PA: homologado!<\/title>\n<meta name=\"description\" content=\"Confira o resultado final do concurso PGM Santar\u00e9m PA: 6 vagas + 3 CR para Procurador Municipal com remunera\u00e7\u00e3o inicial de R$1.412,00 + R$5.450,00 de Gratifica\u00e7\u00e3o.\" \/>\n<meta name=\"robots\" content=\"index, follow, max-snippet:-1, max-image-preview:large, max-video-preview:-1\" \/>\n<link rel=\"canonical\" href=\"https:\/\/cj.estrategia.com\/portal\/concurso-pgm-santarem-pa\/\" \/>\n<meta property=\"og:locale\" content=\"pt_BR\" \/>\n<meta property=\"og:type\" content=\"article\" \/>\n<meta property=\"og:title\" content=\"Concurso PGM Santar\u00e9m PA: homologado!\" \/>\n<meta property=\"og:description\" content=\"Confira o resultado final do concurso PGM Santar\u00e9m PA: 6 vagas + 3 CR para Procurador Municipal com remunera\u00e7\u00e3o inicial de R$1.412,00 + R$5.450,00 de Gratifica\u00e7\u00e3o.\" \/>\n<meta property=\"og:url\" content=\"https:\/\/cj.estrategia.com\/portal\/concurso-pgm-santarem-pa\/\" \/>\n<meta property=\"og:site_name\" content=\"Blog - Carreiras Jur\u00eddicas - Estrat\u00e9gia\" \/>\n<meta property=\"article:publisher\" content=\"https:\/\/www.facebook.com\/estrategiacarreirajuridica\/\" \/>\n<meta property=\"article:published_time\" content=\"2025-01-01T14:00:00+00:00\" \/>\n<meta property=\"article:modified_time\" content=\"2025-01-07T09:22:38+00:00\" \/>\n<meta property=\"og:image\" content=\"https:\/\/cj.estrategia.com\/portal\/wp-content\/uploads\/2023\/03\/08100121\/concursos-pgm-procuradoria-geral.jpg\" \/>\n\t<meta property=\"og:image:width\" content=\"960\" \/>\n\t<meta property=\"og:image:height\" content=\"540\" \/>\n\t<meta property=\"og:image:type\" content=\"image\/jpeg\" \/>\n<meta name=\"author\" content=\"Coordena\u00e7\u00e3o\" \/>\n<meta name=\"twitter:card\" content=\"summary_large_image\" \/>\n<meta name=\"twitter:creator\" content=\"@EstratJuridica\" \/>\n<meta name=\"twitter:site\" content=\"@EstratJuridica\" \/>\n<meta name=\"twitter:label1\" content=\"Escrito por\" \/>\n\t<meta name=\"twitter:data1\" content=\"Coordena\u00e7\u00e3o\" \/>\n\t<meta name=\"twitter:label2\" content=\"Est. tempo de leitura\" \/>\n\t<meta name=\"twitter:data2\" content=\"6 minutos\" \/>\n<script type=\"application\/ld+json\" class=\"yoast-schema-graph\">{\"@context\":\"https:\\\/\\\/schema.org\",\"@graph\":[{\"@type\":\"NewsArticle\",\"@id\":\"https:\\\/\\\/cj.estrategia.com\\\/portal\\\/concurso-pgm-santarem-pa\\\/#article\",\"isPartOf\":{\"@id\":\"https:\\\/\\\/cj.estrategia.com\\\/portal\\\/concurso-pgm-santarem-pa\\\/\"},\"author\":{\"name\":\"Coordena\u00e7\u00e3o\",\"@id\":\"https:\\\/\\\/cj.estrategia.com\\\/portal\\\/#\\\/schema\\\/person\\\/4d70317d31449932b99102916b6637f5\"},\"headline\":\"Concurso PGM Santar\u00e9m PA: homologado!\",\"datePublished\":\"2025-01-01T14:00:00+00:00\",\"dateModified\":\"2025-01-07T09:22:38+00:00\",\"mainEntityOfPage\":{\"@id\":\"https:\\\/\\\/cj.estrategia.com\\\/portal\\\/concurso-pgm-santarem-pa\\\/\"},\"wordCount\":925,\"commentCount\":0,\"publisher\":{\"@id\":\"https:\\\/\\\/cj.estrategia.com\\\/portal\\\/#organization\"},\"image\":{\"@id\":\"https:\\\/\\\/cj.estrategia.com\\\/portal\\\/concurso-pgm-santarem-pa\\\/#primaryimage\"},\"thumbnailUrl\":\"https:\\\/\\\/cj.estrategia.com\\\/portal\\\/wp-content\\\/uploads\\\/2023\\\/03\\\/08100121\\\/concursos-pgm-procuradoria-geral.jpg\",\"articleSection\":[\"Carreiras Jur\u00eddicas\"],\"inLanguage\":\"pt-BR\",\"potentialAction\":[{\"@type\":\"CommentAction\",\"name\":\"Comment\",\"target\":[\"https:\\\/\\\/cj.estrategia.com\\\/portal\\\/concurso-pgm-santarem-pa\\\/#respond\"]}]},{\"@type\":\"WebPage\",\"@id\":\"https:\\\/\\\/cj.estrategia.com\\\/portal\\\/concurso-pgm-santarem-pa\\\/\",\"url\":\"https:\\\/\\\/cj.estrategia.com\\\/portal\\\/concurso-pgm-santarem-pa\\\/\",\"name\":\"Concurso PGM Santar\u00e9m PA: homologado!\",\"isPartOf\":{\"@id\":\"https:\\\/\\\/cj.estrategia.com\\\/portal\\\/#website\"},\"primaryImageOfPage\":{\"@id\":\"https:\\\/\\\/cj.estrategia.com\\\/portal\\\/concurso-pgm-santarem-pa\\\/#primaryimage\"},\"image\":{\"@id\":\"https:\\\/\\\/cj.estrategia.com\\\/portal\\\/concurso-pgm-santarem-pa\\\/#primaryimage\"},\"thumbnailUrl\":\"https:\\\/\\\/cj.estrategia.com\\\/portal\\\/wp-content\\\/uploads\\\/2023\\\/03\\\/08100121\\\/concursos-pgm-procuradoria-geral.jpg\",\"datePublished\":\"2025-01-01T14:00:00+00:00\",\"dateModified\":\"2025-01-07T09:22:38+00:00\",\"description\":\"Confira o resultado final do concurso PGM Santar\u00e9m PA: 6 vagas + 3 CR para Procurador Municipal com remunera\u00e7\u00e3o inicial de R$1.412,00 + R$5.450,00 de Gratifica\u00e7\u00e3o.\",\"breadcrumb\":{\"@id\":\"https:\\\/\\\/cj.estrategia.com\\\/portal\\\/concurso-pgm-santarem-pa\\\/#breadcrumb\"},\"inLanguage\":\"pt-BR\",\"potentialAction\":[{\"@type\":\"ReadAction\",\"target\":[\"https:\\\/\\\/cj.estrategia.com\\\/portal\\\/concurso-pgm-santarem-pa\\\/\"]}]},{\"@type\":\"ImageObject\",\"inLanguage\":\"pt-BR\",\"@id\":\"https:\\\/\\\/cj.estrategia.com\\\/portal\\\/concurso-pgm-santarem-pa\\\/#primaryimage\",\"url\":\"https:\\\/\\\/cj.estrategia.com\\\/portal\\\/wp-content\\\/uploads\\\/2023\\\/03\\\/08100121\\\/concursos-pgm-procuradoria-geral.jpg\",\"contentUrl\":\"https:\\\/\\\/cj.estrategia.com\\\/portal\\\/wp-content\\\/uploads\\\/2023\\\/03\\\/08100121\\\/concursos-pgm-procuradoria-geral.jpg\",\"width\":960,\"height\":540,\"caption\":\"concursos da procuradoria geral\"},{\"@type\":\"BreadcrumbList\",\"@id\":\"https:\\\/\\\/cj.estrategia.com\\\/portal\\\/concurso-pgm-santarem-pa\\\/#breadcrumb\",\"itemListElement\":[{\"@type\":\"ListItem\",\"position\":1,\"name\":\"In\u00edcio\",\"item\":\"https:\\\/\\\/cj.estrategia.com\\\/portal\\\/\"},{\"@type\":\"ListItem\",\"position\":2,\"name\":\"Concurso PGM Santar\u00e9m PA: homologado!\"}]},{\"@type\":\"WebSite\",\"@id\":\"https:\\\/\\\/cj.estrategia.com\\\/portal\\\/#website\",\"url\":\"https:\\\/\\\/cj.estrategia.com\\\/portal\\\/\",\"name\":\"Blog - Carreiras Jur\u00eddicas - Estrat\u00e9gia\",\"description\":\"\",\"publisher\":{\"@id\":\"https:\\\/\\\/cj.estrategia.com\\\/portal\\\/#organization\"},\"potentialAction\":[{\"@type\":\"SearchAction\",\"target\":{\"@type\":\"EntryPoint\",\"urlTemplate\":\"https:\\\/\\\/cj.estrategia.com\\\/portal\\\/?s={search_term_string}\"},\"query-input\":{\"@type\":\"PropertyValueSpecification\",\"valueRequired\":true,\"valueName\":\"search_term_string\"}}],\"inLanguage\":\"pt-BR\"},{\"@type\":\"Organization\",\"@id\":\"https:\\\/\\\/cj.estrategia.com\\\/portal\\\/#organization\",\"name\":\"Estrat\u00e9gia - Carreiras Jur\u00eddicas\",\"url\":\"https:\\\/\\\/cj.estrategia.com\\\/portal\\\/\",\"logo\":{\"@type\":\"ImageObject\",\"inLanguage\":\"pt-BR\",\"@id\":\"https:\\\/\\\/cj.estrategia.com\\\/portal\\\/#\\\/schema\\\/logo\\\/image\\\/\",\"url\":\"https:\\\/\\\/cj.estrategia.com\\\/portal\\\/wp-content\\\/uploads\\\/2022\\\/03\\\/11151052\\\/cj-logo.png\",\"contentUrl\":\"https:\\\/\\\/cj.estrategia.com\\\/portal\\\/wp-content\\\/uploads\\\/2022\\\/03\\\/11151052\\\/cj-logo.png\",\"width\":150,\"height\":39,\"caption\":\"Estrat\u00e9gia - Carreiras Jur\u00eddicas\"},\"image\":{\"@id\":\"https:\\\/\\\/cj.estrategia.com\\\/portal\\\/#\\\/schema\\\/logo\\\/image\\\/\"},\"sameAs\":[\"https:\\\/\\\/www.facebook.com\\\/estrategiacarreirajuridica\\\/\",\"https:\\\/\\\/x.com\\\/EstratJuridica\",\"https:\\\/\\\/www.instagram.com\\\/estrategiacarreirajuridica\\\/\",\"https:\\\/\\\/www.youtube.com\\\/channel\\\/UClbMGuYbj2Mh1m3w144ETWQ\"]},{\"@type\":\"Person\",\"@id\":\"https:\\\/\\\/cj.estrategia.com\\\/portal\\\/#\\\/schema\\\/person\\\/4d70317d31449932b99102916b6637f5\",\"name\":\"Coordena\u00e7\u00e3o\",\"image\":{\"@type\":\"ImageObject\",\"inLanguage\":\"pt-BR\",\"@id\":\"https:\\\/\\\/cj.estrategia.com\\\/portal\\\/wp-content\\\/uploads\\\/2022\\\/05\\\/12164923\\\/estrategia-carreira-juridica-coordenacao-96x96.png\",\"url\":\"https:\\\/\\\/cj.estrategia.com\\\/portal\\\/wp-content\\\/uploads\\\/2022\\\/05\\\/12164923\\\/estrategia-carreira-juridica-coordenacao-96x96.png\",\"contentUrl\":\"https:\\\/\\\/cj.estrategia.com\\\/portal\\\/wp-content\\\/uploads\\\/2022\\\/05\\\/12164923\\\/estrategia-carreira-juridica-coordenacao-96x96.png\",\"caption\":\"Coordena\u00e7\u00e3o\"},\"url\":\"https:\\\/\\\/cj.estrategia.com\\\/portal\\\/author\\\/coordenacao\\\/\"}]}<\/script>\n<!-- \/ Yoast SEO Premium plugin. -->","yoast_head_json":{"title":"Concurso PGM Santar\u00e9m PA: homologado!","description":"Confira o resultado final do concurso PGM Santar\u00e9m PA: 6 vagas + 3 CR para Procurador Municipal com remunera\u00e7\u00e3o inicial de R$1.412,00 + R$5.450,00 de Gratifica\u00e7\u00e3o.","robots":{"index":"index","follow":"follow","max-snippet":"max-snippet:-1","max-image-preview":"max-image-preview:large","max-video-preview":"max-video-preview:-1"},"canonical":"https:\/\/cj.estrategia.com\/portal\/concurso-pgm-santarem-pa\/","og_locale":"pt_BR","og_type":"article","og_title":"Concurso PGM Santar\u00e9m PA: homologado!","og_description":"Confira o resultado final do concurso PGM Santar\u00e9m PA: 6 vagas + 3 CR para Procurador Municipal com remunera\u00e7\u00e3o inicial de R$1.412,00 + R$5.450,00 de Gratifica\u00e7\u00e3o.","og_url":"https:\/\/cj.estrategia.com\/portal\/concurso-pgm-santarem-pa\/","og_site_name":"Blog - Carreiras Jur\u00eddicas - Estrat\u00e9gia","article_publisher":"https:\/\/www.facebook.com\/estrategiacarreirajuridica\/","article_published_time":"2025-01-01T14:00:00+00:00","article_modified_time":"2025-01-07T09:22:38+00:00","og_image":[{"width":960,"height":540,"url":"https:\/\/cj.estrategia.com\/portal\/wp-content\/uploads\/2023\/03\/08100121\/concursos-pgm-procuradoria-geral.jpg","type":"image\/jpeg"}],"author":"Coordena\u00e7\u00e3o","twitter_card":"summary_large_image","twitter_creator":"@EstratJuridica","twitter_site":"@EstratJuridica","twitter_misc":{"Escrito por":"Coordena\u00e7\u00e3o","Est. tempo de leitura":"6 minutos"},"schema":{"@context":"https:\/\/schema.org","@graph":[{"@type":"NewsArticle","@id":"https:\/\/cj.estrategia.com\/portal\/concurso-pgm-santarem-pa\/#article","isPartOf":{"@id":"https:\/\/cj.estrategia.com\/portal\/concurso-pgm-santarem-pa\/"},"author":{"name":"Coordena\u00e7\u00e3o","@id":"https:\/\/cj.estrategia.com\/portal\/#\/schema\/person\/4d70317d31449932b99102916b6637f5"},"headline":"Concurso PGM Santar\u00e9m PA: homologado!","datePublished":"2025-01-01T14:00:00+00:00","dateModified":"2025-01-07T09:22:38+00:00","mainEntityOfPage":{"@id":"https:\/\/cj.estrategia.com\/portal\/concurso-pgm-santarem-pa\/"},"wordCount":925,"commentCount":0,"publisher":{"@id":"https:\/\/cj.estrategia.com\/portal\/#organization"},"image":{"@id":"https:\/\/cj.estrategia.com\/portal\/concurso-pgm-santarem-pa\/#primaryimage"},"thumbnailUrl":"https:\/\/cj.estrategia.com\/portal\/wp-content\/uploads\/2023\/03\/08100121\/concursos-pgm-procuradoria-geral.jpg","articleSection":["Carreiras Jur\u00eddicas"],"inLanguage":"pt-BR","potentialAction":[{"@type":"CommentAction","name":"Comment","target":["https:\/\/cj.estrategia.com\/portal\/concurso-pgm-santarem-pa\/#respond"]}]},{"@type":"WebPage","@id":"https:\/\/cj.estrategia.com\/portal\/concurso-pgm-santarem-pa\/","url":"https:\/\/cj.estrategia.com\/portal\/concurso-pgm-santarem-pa\/","name":"Concurso PGM Santar\u00e9m PA: homologado!","isPartOf":{"@id":"https:\/\/cj.estrategia.com\/portal\/#website"},"primaryImageOfPage":{"@id":"https:\/\/cj.estrategia.com\/portal\/concurso-pgm-santarem-pa\/#primaryimage"},"image":{"@id":"https:\/\/cj.estrategia.com\/portal\/concurso-pgm-santarem-pa\/#primaryimage"},"thumbnailUrl":"https:\/\/cj.estrategia.com\/portal\/wp-content\/uploads\/2023\/03\/08100121\/concursos-pgm-procuradoria-geral.jpg","datePublished":"2025-01-01T14:00:00+00:00","dateModified":"2025-01-07T09:22:38+00:00","description":"Confira o resultado final do concurso PGM Santar\u00e9m PA: 6 vagas + 3 CR para Procurador Municipal com remunera\u00e7\u00e3o inicial de R$1.412,00 + R$5.450,00 de Gratifica\u00e7\u00e3o.","breadcrumb":{"@id":"https:\/\/cj.estrategia.com\/portal\/concurso-pgm-santarem-pa\/#breadcrumb"},"inLanguage":"pt-BR","potentialAction":[{"@type":"ReadAction","target":["https:\/\/cj.estrategia.com\/portal\/concurso-pgm-santarem-pa\/"]}]},{"@type":"ImageObject","inLanguage":"pt-BR","@id":"https:\/\/cj.estrategia.com\/portal\/concurso-pgm-santarem-pa\/#primaryimage","url":"https:\/\/cj.estrategia.com\/portal\/wp-content\/uploads\/2023\/03\/08100121\/concursos-pgm-procuradoria-geral.jpg","contentUrl":"https:\/\/cj.estrategia.com\/portal\/wp-content\/uploads\/2023\/03\/08100121\/concursos-pgm-procuradoria-geral.jpg","width":960,"height":540,"caption":"concursos da procuradoria geral"},{"@type":"BreadcrumbList","@id":"https:\/\/cj.estrategia.com\/portal\/concurso-pgm-santarem-pa\/#breadcrumb","itemListElement":[{"@type":"ListItem","position":1,"name":"In\u00edcio","item":"https:\/\/cj.estrategia.com\/portal\/"},{"@type":"ListItem","position":2,"name":"Concurso PGM Santar\u00e9m PA: homologado!"}]},{"@type":"WebSite","@id":"https:\/\/cj.estrategia.com\/portal\/#website","url":"https:\/\/cj.estrategia.com\/portal\/","name":"Blog - Carreiras Jur\u00eddicas - Estrat\u00e9gia","description":"","publisher":{"@id":"https:\/\/cj.estrategia.com\/portal\/#organization"},"potentialAction":[{"@type":"SearchAction","target":{"@type":"EntryPoint","urlTemplate":"https:\/\/cj.estrategia.com\/portal\/?s={search_term_string}"},"query-input":{"@type":"PropertyValueSpecification","valueRequired":true,"valueName":"search_term_string"}}],"inLanguage":"pt-BR"},{"@type":"Organization","@id":"https:\/\/cj.estrategia.com\/portal\/#organization","name":"Estrat\u00e9gia - Carreiras Jur\u00eddicas","url":"https:\/\/cj.estrategia.com\/portal\/","logo":{"@type":"ImageObject","inLanguage":"pt-BR","@id":"https:\/\/cj.estrategia.com\/portal\/#\/schema\/logo\/image\/","url":"https:\/\/cj.estrategia.com\/portal\/wp-content\/uploads\/2022\/03\/11151052\/cj-logo.png","contentUrl":"https:\/\/cj.estrategia.com\/portal\/wp-content\/uploads\/2022\/03\/11151052\/cj-logo.png","width":150,"height":39,"caption":"Estrat\u00e9gia - Carreiras Jur\u00eddicas"},"image":{"@id":"https:\/\/cj.estrategia.com\/portal\/#\/schema\/logo\/image\/"},"sameAs":["https:\/\/www.facebook.com\/estrategiacarreirajuridica\/","https:\/\/x.com\/EstratJuridica","https:\/\/www.instagram.com\/estrategiacarreirajuridica\/","https:\/\/www.youtube.com\/channel\/UClbMGuYbj2Mh1m3w144ETWQ"]},{"@type":"Person","@id":"https:\/\/cj.estrategia.com\/portal\/#\/schema\/person\/4d70317d31449932b99102916b6637f5","name":"Coordena\u00e7\u00e3o","image":{"@type":"ImageObject","inLanguage":"pt-BR","@id":"https:\/\/cj.estrategia.com\/portal\/wp-content\/uploads\/2022\/05\/12164923\/estrategia-carreira-juridica-coordenacao-96x96.png","url":"https:\/\/cj.estrategia.com\/portal\/wp-content\/uploads\/2022\/05\/12164923\/estrategia-carreira-juridica-coordenacao-96x96.png","contentUrl":"https:\/\/cj.estrategia.com\/portal\/wp-content\/uploads\/2022\/05\/12164923\/estrategia-carreira-juridica-coordenacao-96x96.png","caption":"Coordena\u00e7\u00e3o"},"url":"https:\/\/cj.estrategia.com\/portal\/author\/coordenacao\/"}]}},"jetpack_featured_media_url":"https:\/\/cj.estrategia.com\/portal\/wp-content\/uploads\/2023\/03\/08100121\/concursos-pgm-procuradoria-geral.jpg","jetpack_sharing_enabled":true,"_links":{"self":[{"href":"https:\/\/cj.estrategia.com\/portal\/wp-json\/wp\/v2\/posts\/62528","targetHints":{"allow":["GET"]}}],"collection":[{"href":"https:\/\/cj.estrategia.com\/portal\/wp-json\/wp\/v2\/posts"}],"about":[{"href":"https:\/\/cj.estrategia.com\/portal\/wp-json\/wp\/v2\/types\/post"}],"author":[{"embeddable":true,"href":"https:\/\/cj.estrategia.com\/portal\/wp-json\/wp\/v2\/users\/12"}],"replies":[{"embeddable":true,"href":"https:\/\/cj.estrategia.com\/portal\/wp-json\/wp\/v2\/comments?post=62528"}],"version-history":[{"count":0,"href":"https:\/\/cj.estrategia.com\/portal\/wp-json\/wp\/v2\/posts\/62528\/revisions"}],"wp:featuredmedia":[{"embeddable":true,"href":"https:\/\/cj.estrategia.com\/portal\/wp-json\/wp\/v2\/media\/30994"}],"wp:attachment":[{"href":"https:\/\/cj.estrategia.com\/portal\/wp-json\/wp\/v2\/media?parent=62528"}],"wp:term":[{"taxonomy":"category","embeddable":true,"href":"https:\/\/cj.estrategia.com\/portal\/wp-json\/wp\/v2\/categories?post=62528"},{"taxonomy":"post_tag","embeddable":true,"href":"https:\/\/cj.estrategia.com\/portal\/wp-json\/wp\/v2\/tags?post=62528"},{"taxonomy":"tax_estado","embeddable":true,"href":"https:\/\/cj.estrategia.com\/portal\/wp-json\/wp\/v2\/tax_estado?post=62528"}],"curies":[{"name":"wp","href":"https:\/\/api.w.org\/{rel}","templated":true}]}}