{"id":62512,"date":"2024-05-30T11:00:00","date_gmt":"2024-05-30T14:00:00","guid":{"rendered":"https:\/\/cj.estrategia.com\/portal\/?p=62512"},"modified":"2024-05-13T21:19:21","modified_gmt":"2024-05-14T00:19:21","slug":"penhora-divida-nao-alimentar","status":"publish","type":"post","link":"https:\/\/cj.estrategia.com\/portal\/penhora-divida-nao-alimentar\/","title":{"rendered":"Penhora em d\u00edvida n\u00e3o alimentar"},"content":{"rendered":"<div class=\"wp-block-image\">\n<figure class=\"aligncenter size-large\"><img decoding=\"async\" width=\"1024\" height=\"576\" src=\"https:\/\/cj.estrategia.com\/portal\/wp-content\/uploads\/2024\/05\/08152620\/front-view-arrangement-economy-elements-1024x576.jpg\" alt=\"Penhora em d\u00edvida n\u00e3o alimentar\" class=\"wp-image-62513\" srcset=\"https:\/\/cj.estrategia.com\/portal\/wp-content\/uploads\/2024\/05\/08152620\/front-view-arrangement-economy-elements-1024x576.jpg 1024w, https:\/\/cj.estrategia.com\/portal\/wp-content\/uploads\/2024\/05\/08152620\/front-view-arrangement-economy-elements-300x169.jpg 300w, https:\/\/cj.estrategia.com\/portal\/wp-content\/uploads\/2024\/05\/08152620\/front-view-arrangement-economy-elements-768x432.jpg 768w, https:\/\/cj.estrategia.com\/portal\/wp-content\/uploads\/2024\/05\/08152620\/front-view-arrangement-economy-elements-1536x864.jpg 1536w, https:\/\/cj.estrategia.com\/portal\/wp-content\/uploads\/2024\/05\/08152620\/front-view-arrangement-economy-elements-2048x1152.jpg 2048w, https:\/\/cj.estrategia.com\/portal\/wp-content\/uploads\/2024\/05\/08152620\/front-view-arrangement-economy-elements-960x540.jpg 960w, https:\/\/cj.estrategia.com\/portal\/wp-content\/uploads\/2024\/05\/08152620\/front-view-arrangement-economy-elements-380x214.jpg 380w, https:\/\/cj.estrategia.com\/portal\/wp-content\/uploads\/2024\/05\/08152620\/front-view-arrangement-economy-elements-800x450.jpg 800w, https:\/\/cj.estrategia.com\/portal\/wp-content\/uploads\/2024\/05\/08152620\/front-view-arrangement-economy-elements-1160x652.jpg 1160w, https:\/\/cj.estrategia.com\/portal\/wp-content\/uploads\/2024\/05\/08152620\/front-view-arrangement-economy-elements-150x84.jpg 150w, https:\/\/cj.estrategia.com\/portal\/wp-content\/uploads\/2024\/05\/08152620\/front-view-arrangement-economy-elements-scaled.jpg 2560w\" sizes=\"(max-width: 1024px) 100vw, 1024px\" \/><figcaption class=\"wp-element-caption\">Penhora em d\u00edvida n\u00e3o alimentar<\/figcaption><\/figure>\n<\/div>\n\n\n<p>Fala, pessoal, tudo certo? Hoje faremos uma breve an\u00e1lise sobre a penhora em d\u00edvida n\u00e3o alimentar, destacando, ainda, o entendimento do Superior Tribunal de Justi\u00e7a (STJ) sobre o tema.<\/p>\n\n\n\n<p>Desse modo, teceremos algumas considera\u00e7\u00f5es iniciais sobre a previs\u00e3o constitucional e legal da penhora e das d\u00edvidas de car\u00e1ter alimentar.<\/p>\n\n\n\n<p>Na sequ\u00eancia, falaremos sobre os pressupostos b\u00e1sicos para que se proceda \u00e0 penhora, bem como quais s\u00e3o os bens e os valores impenhor\u00e1veis e inalien\u00e1veis, de acordo com o C\u00f3digo de Processo Civil de 2015.<\/p>\n\n\n\n<p>Por fim, abordaremos a quest\u00e3o central deste artigo, qual seja, a possibilidade de penhora tanto em d\u00edvida de car\u00e1ter alimentar quanto naquelas que n\u00e3o possuem natureza alimentar.<\/p>\n\n\n\n<p>Vamos ao que interessa!<\/p>\n\n\n\n<div class=\"wp-block-yoast-seo-table-of-contents yoast-table-of-contents\"><h2 id=\"sumario\"><mark style=\"background-color:rgba(0, 0, 0, 0)\" class=\"has-inline-color has-luminous-vivid-orange-color\">Sum\u00e1rio<\/mark><\/h2><ul><li><a href=\"#h-penhora-em-divida-nao-alimentar\" data-level=\"2\">Penhora em d\u00edvida n\u00e3o alimentar<\/a><ul><li><a href=\"#h-previsao-constitucional-e-legal-do-instituto\" data-level=\"3\">Previs\u00e3o constitucional e legal do instituto<\/a><\/li><li><a href=\"#h-pressupostos-para-a-penhora\" data-level=\"3\">Pressupostos para a penhora<\/a><\/li><li><a href=\"#h-bens-e-valores-impenhoraveis\" data-level=\"3\">Bens e valores impenhor\u00e1veis<\/a><\/li><li><a href=\"#h-bens-e-valores-inalienaveis\" data-level=\"3\">Bens e valores inalien\u00e1veis<\/a><\/li><li><a href=\"#h-penhora-em-divida-alimentar-e-nao-alimentar\" data-level=\"3\">Penhora em d\u00edvida alimentar e n\u00e3o alimentar<\/a><ul><li><a href=\"#h-penhora-em-divida-alimentar\" data-level=\"4\">Penhora em d\u00edvida alimentar<\/a><\/li><li><a href=\"#h-penhora-em-divida-nao-alimentar-0\" data-level=\"4\">Penhora em d\u00edvida n\u00e3o alimentar<\/a><\/li><\/ul><\/li><\/ul><\/li><li><a href=\"#h-conclusao\" data-level=\"2\">Conclus\u00e3o<\/a><ul><li><a href=\"#assinatura-de-concursos\" data-level=\"3\">Assinatura de Concursos<\/a><\/li><\/ul><\/li><li><a href=\"#concursos-e-vagas-previstas-para-2023\" data-level=\"2\">Concursos e vagas previstas para 2024:<\/a><\/li><\/ul><\/div>\n\n\n\n<h2 class=\"wp-block-heading has-luminous-vivid-orange-color has-text-color has-link-color wp-elements-21d1fa9ab89365533725da455b41f44f\" id=\"h-penhora-em-divida-nao-alimentar\"><span id=\"penhora-em-divida-nao-alimentar\">Penhora em d\u00edvida n\u00e3o alimentar<\/span><\/h2>\n\n\n\n<h3 class=\"wp-block-heading has-luminous-vivid-orange-color has-text-color has-link-color wp-elements-57aeadb52047a74a97938f73ac79cb76\" id=\"h-previsao-constitucional-e-legal-do-instituto\"><span id=\"previsao-constitucional-e-legal-do-instituto\">Previs\u00e3o constitucional e legal do instituto<\/span><\/h3>\n\n\n\n<p>De in\u00edcio, aponta-se que a Constitui\u00e7\u00e3o Federal (CF\/88) prev\u00ea, de modo passageiro, tanto a penhora quanto os cr\u00e9ditos de natureza alimentar. Contudo, n\u00e3o os relaciona diretamente.<\/p>\n\n\n\n<p>Por exemplo, o inciso XXVI do artigo 5\u00ba da CF preconiza que a pequena propriedade rural, assim definida em lei, desde que trabalhada pela fam\u00edlia, <strong>n\u00e3o ser\u00e1 objeto de penhora para pagamento de d\u00e9bitos decorrentes de sua atividade produtiva<\/strong>, dispondo a lei sobre os meios de financiar o seu desenvolvimento.<\/p>\n\n\n\n<p>De outro lado, prev\u00ea a alimenta\u00e7\u00e3o como direito social (art. 6\u00ba), bem como, no \u00a7 1\u00ba do artigo 100 (quando trata dos precat\u00f3rios), a CF define os <strong>d\u00e9bitos de natureza aliment\u00edcia<\/strong> como sendo aqueles decorrentes de sal\u00e1rios, vencimentos, proventos, pens\u00f5es e suas complementa\u00e7\u00f5es, benef\u00edcios previdenci\u00e1rios e indeniza\u00e7\u00f5es por morte ou por invalidez, fundadas em responsabilidade civil, em virtude de senten\u00e7a judicial transitada em julgado.<\/p>\n\n\n\n<p>J\u00e1 em \u00e2mbito infraconstitucional, o Diploma legal que iremos abordar aqui \u00e9 o C\u00f3digo de Processo Civil, embora haja men\u00e7\u00e3o \u00e0 penhora em outras leis esparsas.<\/p>\n\n\n\n<p>Dessa forma, iremos focar nossa an\u00e1lise nos artigos 831 e seguintes do CPC.<\/p>\n\n\n\n<h3 class=\"wp-block-heading has-luminous-vivid-orange-color has-text-color has-link-color wp-elements-b7459eb0e28e5d49a63ad7e888a66e8c\" id=\"h-pressupostos-para-a-penhora\"><span id=\"pressupostos-para-a-penhora\">Pressupostos para a penhora<\/span><\/h3>\n\n\n\n<p>Antes de determinar a penhora de bens e valores, \u00e9 necess\u00e1rio oportunizar que o devedor pague sua d\u00edvida.<\/p>\n\n\n\n<p>Desse modo, tratando-se de execu\u00e7\u00e3o de quantia certa, o executado ser\u00e1 citado para pagar a d\u00edvida no prazo de 03 (tr\u00eas) dias, contado da cita\u00e7\u00e3o.<\/p>\n\n\n\n<p>Al\u00e9m disso, o CPC prev\u00ea que, no mesmo mandado de cita\u00e7\u00e3o constar\u00e3o a ordem de penhora e a avalia\u00e7\u00e3o a serem cumpridas pelo oficial de justi\u00e7a t\u00e3o logo verificado o n\u00e3o pagamento no prazo assinalado, de tudo lavrando-se auto, com intima\u00e7\u00e3o do executado.<\/p>\n\n\n\n<p>Sendo assim, <strong>a penhora dever\u00e1 recair sobre tantos bens quantos bastem<\/strong> para o pagamento do principal atualizado, dos juros, das custas e dos honor\u00e1rios advocat\u00edcios, <strong>a serem indicados pelo exequente<\/strong>.<\/p>\n\n\n\n<p>No entanto, <strong>o CPC possibilita que o pr\u00f3prio executado indique os bens, <\/strong>desde que demonstre que a constri\u00e7\u00e3o proposta lhe ser\u00e1 menos onerosa e n\u00e3o trar\u00e1 preju\u00edzo ao exequente.\u00a0<\/p>\n\n\n\n<p>Se assim proceder, caber\u00e1 ao juiz decidir sobre a aceitabilidade da penhora dos bens indicados pelo executado.<\/p>\n\n\n\n<p>Todavia, se o oficial de justi\u00e7a n\u00e3o encontrar o executado, o CPC autoriza o <strong>arresto <\/strong>de seus bens na quantidade que baste para garantir a execu\u00e7\u00e3o.<\/p>\n\n\n\n<p>Humberto Theodoro J\u00fanior explica que se trata de uma <strong>medida cautelar espec\u00edfica<\/strong> para esses casos em que o oficial de justi\u00e7a n\u00e3o encontra o executado.<\/p>\n\n\n\n<p>No entanto, o CPC tamb\u00e9m afirma que n\u00e3o est\u00e3o sujeitos \u00e0 execu\u00e7\u00e3o os bens que a lei considera <strong>impenhor\u00e1veis ou inalien\u00e1veis.<\/strong> Falaremos sobre isso agora.<\/p>\n\n\n\n<h3 class=\"wp-block-heading has-luminous-vivid-orange-color has-text-color has-link-color wp-elements-a0fb924121f06ab162d26ed773ba888a\" id=\"h-bens-e-valores-impenhoraveis\"><span id=\"bens-e-valores-impenhoraveis\">Bens e valores impenhor\u00e1veis<\/span><\/h3>\n\n\n\n<p>Os bens impenhor\u00e1veis s\u00e3o aqueles que o C\u00f3digo optou por impedir, ou ao menos limitar em certa quantidade, sua afeta\u00e7\u00e3o para adimplemento das obriga\u00e7\u00f5es do devedor.<\/p>\n\n\n\n<p>Nesse sentido, Humberto Theodoro J\u00fanior leciona que o artigo 833 do CPC <strong>enumera v\u00e1rios casos de bens patrimoniais dispon\u00edveis que s\u00e3o impenhor\u00e1veis<\/strong>, como os vestu\u00e1rios e pertences de uso pessoal, os vencimentos e sal\u00e1rios, os livros, m\u00e1quinas, utens\u00edlios e ferramentas necess\u00e1rios ao exerc\u00edcio da profiss\u00e3o, as pens\u00f5es e montepios, o seguro de vida etc.\u00a0<\/p>\n\n\n\n<p>O autor explica que essa limita\u00e7\u00e3o \u00e0 penhorabilidade encontra explica\u00e7\u00e3o em <strong>raz\u00f5es diversas, de origem \u00e9tico-social, humanit\u00e1ria, pol\u00edtica ou t\u00e9cnico-econ\u00f4mica<\/strong>.<\/p>\n\n\n\n<p>Vamos ver a reda\u00e7\u00e3o do artigo 833 do CPC:<\/p>\n\n\n\n<blockquote class=\"wp-block-quote is-layout-flow wp-block-quote-is-layout-flow\">\n<p class=\"has-small-font-size\">Art. 833. S\u00e3o impenhor\u00e1veis:<\/p>\n\n\n\n<p class=\"has-small-font-size\">I \u2013 os bens inalien\u00e1veis e os declarados, por ato volunt\u00e1rio, n\u00e3o sujeitos \u00e0 execu\u00e7\u00e3o;<\/p>\n\n\n\n<p class=\"has-small-font-size\">II \u2013 os m\u00f3veis, os pertences e as utilidades dom\u00e9sticas que guarnecem a resid\u00eancia do executado, salvo os de elevado valor ou os que ultrapassem as necessidades comuns correspondentes a um m\u00e9dio padr\u00e3o de vida;<\/p>\n\n\n\n<p class=\"has-small-font-size\">III \u2013 os vestu\u00e1rios, bem como os pertences de uso pessoal do executado, salvo se de elevado valor;<\/p>\n\n\n\n<p class=\"has-small-font-size\"><strong>IV \u2013 os vencimentos, os subs\u00eddios, os soldos, os sal\u00e1rios, as remunera\u00e7\u00f5es, os proventos de aposentadoria, as pens\u00f5es, os pec\u00falios e os montepios, bem como as quantias recebidas por liberalidade de terceiro e destinadas ao sustento do devedor e de sua fam\u00edlia, os ganhos de trabalhador aut\u00f4nomo e os honor\u00e1rios de profissional liberal, ressalvado o \u00a7 2\u00ba ;<\/strong><\/p>\n\n\n\n<p class=\"has-small-font-size\">V \u2013 os livros, as m\u00e1quinas, as ferramentas, os utens\u00edlios, os instrumentos ou outros bens m\u00f3veis necess\u00e1rios ou \u00fateis ao exerc\u00edcio da profiss\u00e3o do executado;<\/p>\n\n\n\n<p class=\"has-small-font-size\">VI \u2013 o seguro de vida;<\/p>\n\n\n\n<p class=\"has-small-font-size\">VII \u2013 os materiais necess\u00e1rios para obras em andamento, salvo se essas forem penhoradas;<\/p>\n\n\n\n<p class=\"has-small-font-size\">VIII \u2013 a pequena propriedade rural, assim definida em lei, desde que trabalhada pela fam\u00edlia;<\/p>\n\n\n\n<p class=\"has-small-font-size\">IX \u2013 os recursos p\u00fablicos recebidos por institui\u00e7\u00f5es privadas para aplica\u00e7\u00e3o compuls\u00f3ria em educa\u00e7\u00e3o, sa\u00fade ou assist\u00eancia social;<\/p>\n\n\n\n<p class=\"has-small-font-size\">X \u2013 a quantia depositada em caderneta de poupan\u00e7a, at\u00e9 o limite de 40 (quarenta) sal\u00e1rios-m\u00ednimos;<\/p>\n\n\n\n<p class=\"has-small-font-size\">XI \u2013 os recursos p\u00fablicos do fundo partid\u00e1rio recebidos por partido pol\u00edtico, nos termos da lei;<\/p>\n\n\n\n<p class=\"has-small-font-size\">XII \u2013 os cr\u00e9ditos oriundos de aliena\u00e7\u00e3o de unidades imobili\u00e1rias, sob regime de incorpora\u00e7\u00e3o imobili\u00e1ria, vinculados \u00e0 execu\u00e7\u00e3o da obra.<\/p>\n\n\n\n<p class=\"has-small-font-size\">\u00a7 1\u00ba A impenhorabilidade n\u00e3o \u00e9 opon\u00edvel \u00e0 execu\u00e7\u00e3o de d\u00edvida relativa ao pr\u00f3prio bem, inclusive \u00e0quela contra\u00edda para sua aquisi\u00e7\u00e3o.<\/p>\n\n\n\n<p class=\"has-small-font-size\"><strong>\u00a7 2\u00ba O disposto nos incisos IV e X do caput n\u00e3o se aplica \u00e0 hip\u00f3tese de penhora para pagamento de presta\u00e7\u00e3o aliment\u00edcia, independentemente de sua origem, bem como \u00e0s import\u00e2ncias excedentes a 50 (cinquenta) sal\u00e1rios-m\u00ednimos mensais, devendo a constri\u00e7\u00e3o observar o disposto no <\/strong><a href=\"https:\/\/www.planalto.gov.br\/ccivil_03\/_ato2015-2018\/2015\/lei\/l13105.htm#art528%C2%A78\" target=\"_blank\" ><strong>art. 528, \u00a7 8\u00ba <\/strong><\/a><strong>, e no <\/strong><a href=\"https:\/\/www.planalto.gov.br\/ccivil_03\/_ato2015-2018\/2015\/lei\/l13105.htm#art529%C2%A73\" target=\"_blank\" ><strong>art. 529, \u00a7 3\u00ba <\/strong><\/a><strong>.<\/strong><\/p>\n\n\n\n<p class=\"has-small-font-size\">\u00a7 3\u00ba Incluem-se na impenhorabilidade prevista no inciso V do caput os equipamentos, os implementos e as m\u00e1quinas agr\u00edcolas pertencentes a pessoa f\u00edsica ou a empresa individual produtora rural, exceto quando tais bens tenham sido objeto de financiamento e estejam vinculados em garantia a neg\u00f3cio jur\u00eddico ou quando respondam por d\u00edvida de natureza alimentar, trabalhista ou previdenci\u00e1ria.<\/p>\n<\/blockquote>\n\n\n\n<h3 class=\"wp-block-heading has-luminous-vivid-orange-color has-text-color has-link-color wp-elements-18a784084fa27ee03185b815ebb63214\" id=\"h-bens-e-valores-inalienaveis\"><span id=\"bens-e-valores-inalienaveis\">Bens e valores inalien\u00e1veis<\/span><\/h3>\n\n\n\n<p>Sobre esses bens, Humberto Theodoro J\u00fanior explica que prev\u00ea a lei outros casos em que <strong>a impenhorabilidade se manifesta apenas em car\u00e1ter relativo<\/strong>.<\/p>\n\n\n\n<p>Assim, o autor explica que esses bens, por raz\u00f5es especiais, s\u00e3o preservados pelo CPC, que s\u00f3 autoriza sua excuss\u00e3o \u00e0 falta de outros valores econ\u00f4micos dispon\u00edveis no patrim\u00f4nio do executado.<\/p>\n\n\n\n<p>Com efeito, de acordo com o artigo 834 do CPC, podem ser penhorados, \u00e0 falta de outros bens,<strong> os frutos e os rendimentos dos bens inalien\u00e1veis.<\/strong><\/p>\n\n\n\n<h3 class=\"wp-block-heading has-luminous-vivid-orange-color has-text-color has-link-color wp-elements-29e92e9a133d6e550f6bae9ba6aa76ea\" id=\"h-penhora-em-divida-alimentar-e-nao-alimentar\"><span id=\"penhora-em-divida-alimentar-e-nao-alimentar\">Penhora em d\u00edvida alimentar e n\u00e3o alimentar<\/span><\/h3>\n\n\n\n<p>A discuss\u00e3o central deste artigo gira em torno do artigo 833, inciso IV e \u00a7 2\u00ba, do CPC, os quais j\u00e1 transcrevemos acima.<\/p>\n\n\n\n<p>Trataremos, ent\u00e3o, da penhora fundada em d\u00edvida alimentar e n\u00e3o alimentar.<\/p>\n\n\n\n<h4 class=\"wp-block-heading has-luminous-vivid-orange-color has-text-color has-link-color wp-elements-26b1be4caecee345771cb707812707fd\" id=\"h-penhora-em-divida-alimentar\"><span id=\"penhora-em-divida-alimentar\">Penhora em d\u00edvida alimentar<\/span><\/h4>\n\n\n\n<p>De in\u00edcio, \u00e9 importante falarmos sobre a <strong>penhora em d\u00edvida alimentar<\/strong>.\u00a0<\/p>\n\n\n\n<p>Nesses casos, a jurisprud\u00eancia do Superior Tribunal de Justi\u00e7a \u00e9 firme no sentido de que a <strong>impenhorabilidade de remunera\u00e7\u00f5es<\/strong>, disposta no inciso IV acima citado, <strong>comporta exce\u00e7\u00e3o quando se tratar de execu\u00e7\u00e3o de d\u00edvida de natureza alimentar OU ent\u00e3o quando a renda mensal for superior a 50 sal\u00e1rios-m\u00ednimos.<\/strong><\/p>\n\n\n\n<p>Portanto, aquele que percebe mais de 50 sal\u00e1rios-m\u00ednimos ou aquele que possua d\u00edvida de natureza alimentar, ainda que receba quantia inferior, n\u00e3o poder\u00e1 alegar a impenhorabilidade de remunera\u00e7\u00f5es.<\/p>\n\n\n\n<p>O STJ, no entanto, alerta para o fato de que, <strong>em qualquer circunst\u00e2ncia, dever\u00e1 ser preservado percentual capaz de dar guarida \u00e0 dignidade do devedor e de sua fam\u00edlia<\/strong>.<\/p>\n\n\n\n<figure class=\"wp-block-table\"><table><tbody><tr><td>Exemplo: imagine o caso em que o devedor percebe uma renda mensal de R$ 3.000,00 e possui uma d\u00edvida de natureza alimentar no valor R$ 2.500,00 reais \u2013 por exemplo, estava devendo pens\u00e3o aliment\u00edcia.<br><br>Nesse caso, embora o devedor n\u00e3o possa alegar a impenhorabilidade de sua remunera\u00e7\u00e3o, uma vez que est\u00e1 diante de uma d\u00edvida de car\u00e1ter aliment\u00edcio, a penhora n\u00e3o poder\u00e1 deixar para o devedor apenas R$ 500,00 reais, sob pena de n\u00e3o conseguir sustentar a si pr\u00f3prio, tampouco sua fam\u00edlia, naquele m\u00eas.<\/td><\/tr><\/tbody><\/table><\/figure>\n\n\n\n<h4 class=\"wp-block-heading has-luminous-vivid-orange-color has-text-color has-link-color wp-elements-1d32207c3b3aaeb7588d5798d0d5ca96\" id=\"h-penhora-em-divida-nao-alimentar-0\"><span id=\"penhora-em-divida-nao-alimentar-2\">Penhora em d\u00edvida n\u00e3o alimentar<\/span><\/h4>\n\n\n\n<p>J\u00e1 no que diz respeito \u00e0 penhora em d\u00edvida n\u00e3o alimentar, o tema era controverso at\u00e9 recentemente. No entanto, o STJ parece ter pacificado a quest\u00e3o.<\/p>\n\n\n\n<p>Sendo assim, a jurisprud\u00eancia do STJ se firmou no sentido de que, <strong>em situa\u00e7\u00f5es excepcionais, admite-se a relativiza\u00e7\u00e3o da regra de impenhorabilidade das verbas salariais<\/strong> prevista no art. 833, IV, do CPC\/2015, <strong>a fim de alcan\u00e7ar parte da remunera\u00e7\u00e3o do devedor para a satisfa\u00e7\u00e3o do cr\u00e9dito n\u00e3o alimentar<\/strong>.<\/p>\n\n\n\n<p>Vamos entender.\u00a0<\/p>\n\n\n\n<p>At\u00e9 o CPC\/1973, vigia a reda\u00e7\u00e3o do <a href=\"https:\/\/www.planalto.gov.br\/ccivil_03\/leis\/L5869impressao.htm#:~:text=Art.%20649.%20S%C3%A3o%20absolutamente%20impenhor%C3%A1veis%3A\" target=\"_blank\" >artigo 649<\/a>, que afirmava que essas verbas, dentre outras, eram <strong>ABSOLUTAMENTE impenhor\u00e1veis<\/strong>.<\/p>\n\n\n\n<p>No entanto, a <a href=\"https:\/\/scon.stj.jus.br\/SCON\/GetInteiroTeorDoAcordao?num_registro=202001121948&dt_publicacao=24\/05\/2023\" target=\"_blank\" >Corte Cidad\u00e3 entendeu<\/a> que <strong>o CPC de 2015, ao suprimir a palavra \u201cabsolutamente\u201d, passou a tratar a impenhorabilidade como relativa<\/strong>.<\/p>\n\n\n\n<p>Sendo assim, entende o STJ que o C\u00f3digo atual permite que a regra da impenhorabilidade seja afastada <em>\u201c\u00e0 luz de um julgamento principiol\u00f3gico, em que o julgador, ponderando os princ\u00edpios da menor onerosidade para o devedor e da efetividade da execu\u00e7\u00e3o para o credor\u201d<\/em>.<\/p>\n\n\n\n<p>Em qualquer caso, como j\u00e1 dito, deve-se preservar o suficiente para garantir a subsist\u00eancia digna do devedor e de sua fam\u00edlia.<\/p>\n\n\n\n<p>\u2192 Mas por que o STJ decidiu nesse sentido? N\u00e3o seria uma interpreta\u00e7\u00e3o <em>contra legem<\/em>?<\/p>\n\n\n\n<p>O Relator, Ministro Jo\u00e3o Ot\u00e1vio de Noronha, citando a doutrina de Fredie Didier e Leonardo Carneiro da Cunha, externou que <strong>a fixa\u00e7\u00e3o desse limite de 50 sal\u00e1rios m\u00ednimos merece cr\u00edticas, na medida em que se mostra muito destoante da realidade brasileira, tornando o dispositivo praticamente in\u00f3cuo<\/strong>.<\/p>\n\n\n\n<p>Al\u00e9m disso, de acordo com o julgado, o limite de 50 sal\u00e1rios-m\u00ednimo n\u00e3o traduz o verdadeiro escopo da impenhorabilidade, <strong>que \u00e9 a manuten\u00e7\u00e3o de uma reserva digna para o sustento do devedor e de sua fam\u00edlia.\u00a0<\/strong><\/p>\n\n\n\n<p>Desse modo, <strong>a depender da realidade de cada caso concreto (o que, ali\u00e1s, influenciar\u00e1 at\u00e9 mesmo no percentual da penhora a ser fixado)<\/strong>, mostra-se poss\u00edvel a\u00a0 relativiza\u00e7\u00e3o do \u00a7 2\u00ba do art. 833 do CPC\/2015, de modo a se autorizar a penhora de verba salarial inferior a 50 sal\u00e1rios m\u00ednimos.<\/p>\n\n\n\n<p>No entanto, o STJ n\u00e3o deixou de destacar que <strong>essa relativiza\u00e7\u00e3o reveste-se de car\u00e1ter excepcional<\/strong> <em>\u201ce dela somente se deve lan\u00e7ar m\u00e3o quando restarem inviabilizados outros meios execut\u00f3rios que garantam a efetividade da execu\u00e7\u00e3o\u201d<\/em>.<\/p>\n\n\n\n<h2 class=\"wp-block-heading has-luminous-vivid-orange-color has-text-color has-link-color wp-elements-c0e0d75ab4035135d911229a2d82ee18\" id=\"h-conclusao\"><span id=\"conclusao\">Conclus\u00e3o<\/span><\/h2>\n\n\n\n<p>Portanto, pessoal, essa foi nossa breve an\u00e1lise sobre a penhora em d\u00edvida n\u00e3o alimentar, destacando, ainda, o entendimento do Superior Tribunal de Justi\u00e7a (STJ) sobre o tema.<\/p>\n\n\n\n<p>Vimos a previs\u00e3o constitucional e legal da penhora e das d\u00edvidas de car\u00e1ter alimentar, bem como os pressupostos b\u00e1sicos para a medida constritiva, al\u00e9m de quais s\u00e3o as verbas impenhor\u00e1veis e inalien\u00e1veis.<\/p>\n\n\n\n<p>Al\u00e9m disso, vimos que a regra da impenhorabilidade do artigo 833, inciso IV, comporta exce\u00e7\u00e3o (i) quando se tratar de execu\u00e7\u00e3o de d\u00edvida de natureza alimentar; (ii) quando a renda mensal for superior a 50 sal\u00e1rios-m\u00ednimos; e (iii) mesmo nos casos em que n\u00e3o seja alimentar e n\u00e3o seja superior ao valor citado, as circunst\u00e2ncias do caso concreto autorizem, de forma excepcional, a aplica\u00e7\u00e3o da medida.<\/p>\n\n\n\n<p>No entanto, em qualquer caso deve ser assegurada a manuten\u00e7\u00e3o de uma reserva digna para o sustento do devedor e de sua fam\u00edlia.\u00a0<\/p>\n\n\n\n<p>At\u00e9 a pr\u00f3xima!<\/p>\n\n\n\n<p class=\"has-text-align-center\" id=\"h-quer-saber-tudo-sobre-concursos-previstos\"><strong>Quer saber quais ser\u00e3o os pr\u00f3ximos concursos?<\/strong><\/p>\n\n\n\n<p class=\"has-text-align-center\">Confira nossos <a href=\"https:\/\/cj.estrategia.com\/portal\/\" target=\"_blank\" >artigos para Carreiras Jur\u00eddicas<\/a>!<\/p>\n\n\n\n<p class=\"has-text-align-center has-white-color has-pale-cyan-blue-background-color has-text-color has-background\"><a href=\"https:\/\/www.estrategiaconcursos.com.br\/blog\/concursos-abertos\/\" target=\"_blank\" >Confira os concursos p\u00fablicos abertos<\/a><\/p>\n\n\n\n<p class=\"has-text-align-center has-white-color has-pale-cyan-blue-background-color has-text-color has-background\"><a href=\"https:\/\/www.estrategiaconcursos.com.br\/blog\/concursos-2024\/\" target=\"_blank\" >Concursos 2024<\/a><\/p>\n\n\n\n<h3 class=\"wp-block-heading\" id=\"assinatura-de-concursos\">Assinatura de Concursos<\/h3>\n\n\n\n<p>Assinatura de 1 ano ou 2 anos <a href=\"https:\/\/www.estrategiaconcursos.com.br\/assinaturas\/\" target=\"_blank\" >ASSINE AGORA<\/a><\/p>\n\n\n\n<p>Agora, confira as vagas e oportunidades dos\u00a0<strong>concursos 2024<\/strong>\u00a0navegando atrav\u00e9s do \u00edndice abaixo:<\/p>\n\n\n\n<h2 class=\"wp-block-heading\" id=\"concursos-e-vagas-previstas-para-2023\"><span id=\"concursos-e-vagas-previstas-para-2024\">Concursos e vagas previstas para 2024:<\/span><\/h2>\n\n\n\n<p>Al\u00e9m deste resumo sobre a Penhora em d\u00edvida n\u00e3o alimentar, confira-se:<\/p>\n\n\n\n<ul class=\"wp-block-list\">\n<li><a href=\"https:\/\/www.estrategiaconcursos.com.br\/blog\/concursos-2023\/#policial\" target=\"_blank\" >Concursos Policiais<\/a><\/li>\n\n\n\n<li><a href=\"https:\/\/www.estrategiaconcursos.com.br\/blog\/concursos-2023\/#fiscal\" target=\"_blank\" >Concursos Fiscais<\/a><\/li>\n\n\n\n<li><a href=\"https:\/\/www.estrategiaconcursos.com.br\/blog\/concursos-2023\/#controle\" target=\"_blank\" >Concursos Controle<\/a><\/li>\n\n\n\n<li><a href=\"https:\/\/www.estrategiaconcursos.com.br\/blog\/concursos-2023\/#tribunais\" target=\"_blank\" >Concursos Tribunais<\/a><\/li>\n\n\n\n<li><a href=\"https:\/\/www.estrategiaconcursos.com.br\/blog\/concursos-2023\/#ministerios-publicos\" target=\"_blank\" >Concursos em Minist\u00e9rios P\u00fablicos<\/a><\/li>\n\n\n\n<li><a href=\"https:\/\/www.estrategiaconcursos.com.br\/blog\/concursos-2023\/#defensorias-publicas\" target=\"_blank\" >Concursos em Defensorias<\/a><\/li>\n\n\n\n<li><a href=\"https:\/\/www.estrategiaconcursos.com.br\/blog\/concursos-2023\/#legislativa\" target=\"_blank\" >Concursos Legislativos<\/a><\/li>\n\n\n\n<li><a href=\"https:\/\/www.estrategiaconcursos.com.br\/blog\/concursos-2023\/#saude\" target=\"_blank\" >Concursos da \u00e1rea da Sa\u00fade<\/a><\/li>\n\n\n\n<li><a href=\"https:\/\/www.estrategiaconcursos.com.br\/blog\/concursos-2023\/#bancaria\" target=\"_blank\" >Concursos da \u00e1rea banc\u00e1ria<\/a><\/li>\n\n\n\n<li><a href=\"https:\/\/www.estrategiaconcursos.com.br\/blog\/concursos-2023\/#educacao\" target=\"_blank\" >Concursos da \u00e1rea da Educa\u00e7\u00e3o<\/a><\/li>\n\n\n\n<li><a href=\"https:\/\/www.estrategiaconcursos.com.br\/blog\/concursos-2023\/#prefeituras\" target=\"_blank\" >Concursos para Prefeituras<\/a><\/li>\n\n\n\n<li><a href=\"https:\/\/www.estrategiaconcursos.com.br\/blog\/concursos-2023\/#outros\" target=\"_blank\" >Concursos outras oportunidades<\/a><\/li>\n<\/ul>\n\n\n\n<p class=\"has-text-align-center has-luminous-vivid-amber-background-color has-background\" style=\"font-size:22px\"><strong>Veja tamb\u00e9m: <a href=\"https:\/\/www.estrategiaconcursos.com.br\/blog\/concursos-abertos\/\" target=\"_blank\" >Concursos Abertos<\/a><\/strong><\/p>\n\n\n\n<p class=\"has-text-align-left\" style=\"font-size:25px\"><em><strong>Quer saber tudo sobre os concursos previstos? Confira nossos artigos completos:<\/strong><\/em><\/p>\n\n\n\n<p>Al\u00e9m deste resumo sobre a Penhora em d\u00edvida n\u00e3o alimentar, confira-se:<\/p>\n\n\n\n<ul class=\"wp-block-list\">\n<li><a href=\"https:\/\/www.estrategiaconcursos.com.br\/blog\/concursos-2024\/\" target=\"_blank\" >Concursos 2024<\/a><\/li>\n<\/ul>\n","protected":false},"excerpt":{"rendered":"Fala, pessoal, tudo certo? Hoje faremos uma breve an\u00e1lise sobre a penhora em d\u00edvida n\u00e3o alimentar, destacando, ainda,&hellip;\n","protected":false},"author":39,"featured_media":62513,"comment_status":"open","ping_status":"open","sticky":false,"template":"","format":"standard","meta":{"_jetpack_memberships_contains_paid_content":false,"footnotes":""},"categories":[1],"tags":[],"tax_estado":[30,31,32,33,34,35,36,37,38,39,40,41,42,43,44,45,46,47,48,49,50,51,52,53,54,55,56,57],"class_list":{"0":"post-62512","1":"post","2":"type-post","3":"status-publish","4":"format-standard","5":"has-post-thumbnail","7":"category-carreiras-juridicas","8":"tax_estado-ac","9":"tax_estado-al","10":"tax_estado-am","11":"tax_estado-ap","12":"tax_estado-ba","13":"tax_estado-ce","14":"tax_estado-concursos-federais","15":"tax_estado-df","16":"tax_estado-es","17":"tax_estado-go","18":"tax_estado-ma","19":"tax_estado-mg","20":"tax_estado-ms","21":"tax_estado-mt","22":"tax_estado-pa","23":"tax_estado-pb","24":"tax_estado-pe","25":"tax_estado-pi","26":"tax_estado-pr","27":"tax_estado-rj","28":"tax_estado-rn","29":"tax_estado-ro","30":"tax_estado-rr","31":"tax_estado-rs","32":"tax_estado-sc","33":"tax_estado-se","34":"tax_estado-sp","35":"tax_estado-to"},"acf":[],"yoast_head":"<!-- This site is optimized with the Yoast SEO Premium plugin v27.5 (Yoast SEO v27.5) - https:\/\/yoast.com\/product\/yoast-seo-premium-wordpress\/ -->\n<title>Penhora em d\u00edvida n\u00e3o alimentar<\/title>\n<meta name=\"description\" content=\"Confira nosso resumo sobre a Penhora em d\u00edvida n\u00e3o alimentar, destacando, ainda, o entendimento do STJ sobre o tema.\" \/>\n<meta name=\"robots\" content=\"index, follow, max-snippet:-1, max-image-preview:large, max-video-preview:-1\" \/>\n<link rel=\"canonical\" href=\"https:\/\/cj.estrategia.com\/portal\/penhora-divida-nao-alimentar\/\" \/>\n<meta property=\"og:locale\" content=\"pt_BR\" \/>\n<meta property=\"og:type\" content=\"article\" \/>\n<meta property=\"og:title\" content=\"Penhora em d\u00edvida n\u00e3o alimentar\" \/>\n<meta property=\"og:description\" content=\"Confira nosso resumo sobre a Penhora em d\u00edvida n\u00e3o alimentar, destacando, ainda, o entendimento do STJ sobre o tema.\" \/>\n<meta property=\"og:url\" content=\"https:\/\/cj.estrategia.com\/portal\/penhora-divida-nao-alimentar\/\" \/>\n<meta property=\"og:site_name\" content=\"Blog - Carreiras Jur\u00eddicas - Estrat\u00e9gia\" \/>\n<meta property=\"article:publisher\" content=\"https:\/\/www.facebook.com\/estrategiacarreirajuridica\/\" \/>\n<meta property=\"article:published_time\" content=\"2024-05-30T14:00:00+00:00\" \/>\n<meta property=\"og:image\" content=\"https:\/\/cj.estrategia.com\/portal\/wp-content\/uploads\/2024\/05\/08152620\/front-view-arrangement-economy-elements-scaled.jpg\" \/>\n\t<meta property=\"og:image:width\" content=\"2560\" \/>\n\t<meta property=\"og:image:height\" content=\"1440\" \/>\n\t<meta property=\"og:image:type\" content=\"image\/jpeg\" \/>\n<meta name=\"author\" content=\"Frederico Tadeu Borlot Peixoto\" \/>\n<meta name=\"twitter:card\" content=\"summary_large_image\" \/>\n<meta name=\"twitter:creator\" content=\"@EstratJuridica\" \/>\n<meta name=\"twitter:site\" content=\"@EstratJuridica\" \/>\n<meta name=\"twitter:label1\" content=\"Escrito por\" \/>\n\t<meta name=\"twitter:data1\" content=\"Frederico Tadeu Borlot Peixoto\" \/>\n\t<meta name=\"twitter:label2\" content=\"Est. tempo de leitura\" \/>\n\t<meta name=\"twitter:data2\" content=\"10 minutos\" \/>\n<script type=\"application\/ld+json\" class=\"yoast-schema-graph\">{\"@context\":\"https:\\\/\\\/schema.org\",\"@graph\":[{\"@type\":\"NewsArticle\",\"@id\":\"https:\\\/\\\/cj.estrategia.com\\\/portal\\\/penhora-divida-nao-alimentar\\\/#article\",\"isPartOf\":{\"@id\":\"https:\\\/\\\/cj.estrategia.com\\\/portal\\\/penhora-divida-nao-alimentar\\\/\"},\"author\":{\"name\":\"Frederico Tadeu Borlot Peixoto\",\"@id\":\"https:\\\/\\\/cj.estrategia.com\\\/portal\\\/#\\\/schema\\\/person\\\/74287401cf4654f4fa04e378de7261ec\"},\"headline\":\"Penhora em d\u00edvida n\u00e3o alimentar\",\"datePublished\":\"2024-05-30T14:00:00+00:00\",\"mainEntityOfPage\":{\"@id\":\"https:\\\/\\\/cj.estrategia.com\\\/portal\\\/penhora-divida-nao-alimentar\\\/\"},\"wordCount\":2349,\"commentCount\":0,\"publisher\":{\"@id\":\"https:\\\/\\\/cj.estrategia.com\\\/portal\\\/#organization\"},\"image\":{\"@id\":\"https:\\\/\\\/cj.estrategia.com\\\/portal\\\/penhora-divida-nao-alimentar\\\/#primaryimage\"},\"thumbnailUrl\":\"https:\\\/\\\/cj.estrategia.com\\\/portal\\\/wp-content\\\/uploads\\\/2024\\\/05\\\/08152620\\\/front-view-arrangement-economy-elements-scaled.jpg\",\"articleSection\":[\"Carreiras Jur\u00eddicas\"],\"inLanguage\":\"pt-BR\",\"potentialAction\":[{\"@type\":\"CommentAction\",\"name\":\"Comment\",\"target\":[\"https:\\\/\\\/cj.estrategia.com\\\/portal\\\/penhora-divida-nao-alimentar\\\/#respond\"]}],\"accessibilityFeature\":[\"tableOfContents\"]},{\"@type\":\"WebPage\",\"@id\":\"https:\\\/\\\/cj.estrategia.com\\\/portal\\\/penhora-divida-nao-alimentar\\\/\",\"url\":\"https:\\\/\\\/cj.estrategia.com\\\/portal\\\/penhora-divida-nao-alimentar\\\/\",\"name\":\"Penhora em d\u00edvida n\u00e3o alimentar\",\"isPartOf\":{\"@id\":\"https:\\\/\\\/cj.estrategia.com\\\/portal\\\/#website\"},\"primaryImageOfPage\":{\"@id\":\"https:\\\/\\\/cj.estrategia.com\\\/portal\\\/penhora-divida-nao-alimentar\\\/#primaryimage\"},\"image\":{\"@id\":\"https:\\\/\\\/cj.estrategia.com\\\/portal\\\/penhora-divida-nao-alimentar\\\/#primaryimage\"},\"thumbnailUrl\":\"https:\\\/\\\/cj.estrategia.com\\\/portal\\\/wp-content\\\/uploads\\\/2024\\\/05\\\/08152620\\\/front-view-arrangement-economy-elements-scaled.jpg\",\"datePublished\":\"2024-05-30T14:00:00+00:00\",\"description\":\"Confira nosso resumo sobre a Penhora em d\u00edvida n\u00e3o alimentar, destacando, ainda, o entendimento do STJ sobre o tema.\",\"breadcrumb\":{\"@id\":\"https:\\\/\\\/cj.estrategia.com\\\/portal\\\/penhora-divida-nao-alimentar\\\/#breadcrumb\"},\"inLanguage\":\"pt-BR\",\"potentialAction\":[{\"@type\":\"ReadAction\",\"target\":[\"https:\\\/\\\/cj.estrategia.com\\\/portal\\\/penhora-divida-nao-alimentar\\\/\"]}]},{\"@type\":\"ImageObject\",\"inLanguage\":\"pt-BR\",\"@id\":\"https:\\\/\\\/cj.estrategia.com\\\/portal\\\/penhora-divida-nao-alimentar\\\/#primaryimage\",\"url\":\"https:\\\/\\\/cj.estrategia.com\\\/portal\\\/wp-content\\\/uploads\\\/2024\\\/05\\\/08152620\\\/front-view-arrangement-economy-elements-scaled.jpg\",\"contentUrl\":\"https:\\\/\\\/cj.estrategia.com\\\/portal\\\/wp-content\\\/uploads\\\/2024\\\/05\\\/08152620\\\/front-view-arrangement-economy-elements-scaled.jpg\",\"width\":2560,\"height\":1440,\"caption\":\"Penhora em d\u00edvida n\u00e3o alimentar\"},{\"@type\":\"BreadcrumbList\",\"@id\":\"https:\\\/\\\/cj.estrategia.com\\\/portal\\\/penhora-divida-nao-alimentar\\\/#breadcrumb\",\"itemListElement\":[{\"@type\":\"ListItem\",\"position\":1,\"name\":\"In\u00edcio\",\"item\":\"https:\\\/\\\/cj.estrategia.com\\\/portal\\\/\"},{\"@type\":\"ListItem\",\"position\":2,\"name\":\"Penhora em d\u00edvida n\u00e3o alimentar\"}]},{\"@type\":\"WebSite\",\"@id\":\"https:\\\/\\\/cj.estrategia.com\\\/portal\\\/#website\",\"url\":\"https:\\\/\\\/cj.estrategia.com\\\/portal\\\/\",\"name\":\"Blog - Carreiras Jur\u00eddicas - Estrat\u00e9gia\",\"description\":\"\",\"publisher\":{\"@id\":\"https:\\\/\\\/cj.estrategia.com\\\/portal\\\/#organization\"},\"potentialAction\":[{\"@type\":\"SearchAction\",\"target\":{\"@type\":\"EntryPoint\",\"urlTemplate\":\"https:\\\/\\\/cj.estrategia.com\\\/portal\\\/?s={search_term_string}\"},\"query-input\":{\"@type\":\"PropertyValueSpecification\",\"valueRequired\":true,\"valueName\":\"search_term_string\"}}],\"inLanguage\":\"pt-BR\"},{\"@type\":\"Organization\",\"@id\":\"https:\\\/\\\/cj.estrategia.com\\\/portal\\\/#organization\",\"name\":\"Estrat\u00e9gia - Carreiras Jur\u00eddicas\",\"url\":\"https:\\\/\\\/cj.estrategia.com\\\/portal\\\/\",\"logo\":{\"@type\":\"ImageObject\",\"inLanguage\":\"pt-BR\",\"@id\":\"https:\\\/\\\/cj.estrategia.com\\\/portal\\\/#\\\/schema\\\/logo\\\/image\\\/\",\"url\":\"https:\\\/\\\/cj.estrategia.com\\\/portal\\\/wp-content\\\/uploads\\\/2022\\\/03\\\/11151052\\\/cj-logo.png\",\"contentUrl\":\"https:\\\/\\\/cj.estrategia.com\\\/portal\\\/wp-content\\\/uploads\\\/2022\\\/03\\\/11151052\\\/cj-logo.png\",\"width\":150,\"height\":39,\"caption\":\"Estrat\u00e9gia - Carreiras Jur\u00eddicas\"},\"image\":{\"@id\":\"https:\\\/\\\/cj.estrategia.com\\\/portal\\\/#\\\/schema\\\/logo\\\/image\\\/\"},\"sameAs\":[\"https:\\\/\\\/www.facebook.com\\\/estrategiacarreirajuridica\\\/\",\"https:\\\/\\\/x.com\\\/EstratJuridica\",\"https:\\\/\\\/www.instagram.com\\\/estrategiacarreirajuridica\\\/\",\"https:\\\/\\\/www.youtube.com\\\/channel\\\/UClbMGuYbj2Mh1m3w144ETWQ\"]},{\"@type\":\"Person\",\"@id\":\"https:\\\/\\\/cj.estrategia.com\\\/portal\\\/#\\\/schema\\\/person\\\/74287401cf4654f4fa04e378de7261ec\",\"name\":\"Frederico Tadeu Borlot Peixoto\",\"image\":{\"@type\":\"ImageObject\",\"inLanguage\":\"pt-BR\",\"@id\":\"https:\\\/\\\/cj.estrategia.com\\\/portal\\\/wp-content\\\/uploads\\\/2023\\\/06\\\/29094204\\\/GBAY0702-96x96.jpg\",\"url\":\"https:\\\/\\\/cj.estrategia.com\\\/portal\\\/wp-content\\\/uploads\\\/2023\\\/06\\\/29094204\\\/GBAY0702-96x96.jpg\",\"contentUrl\":\"https:\\\/\\\/cj.estrategia.com\\\/portal\\\/wp-content\\\/uploads\\\/2023\\\/06\\\/29094204\\\/GBAY0702-96x96.jpg\",\"caption\":\"Frederico Tadeu Borlot Peixoto\"},\"description\":\"Analista Judici\u00e1rio - \u00c1rea Judici\u00e1ria do TRF da 4\u00aa regi\u00e3o. Bacharel em Direito. P\u00f3s-graduado em Direito Administrativo, Legisla\u00e7\u00e3o Penal Especial, Direito Penal e Direito Processual Penal. Tamb\u00e9m nomeado no TRF da 3\u00aa regi\u00e3o (8\u00ba lugar); SPPREV (3\u00ba lugar); IFES (2\u00ba lugar); e PMES. https:\\\/\\\/www.instagram.com\\\/proffrederico\\\/\",\"sameAs\":[\"https:\\\/\\\/www.instagram.com\\\/proffrederico\\\/\"],\"url\":\"https:\\\/\\\/cj.estrategia.com\\\/portal\\\/author\\\/xfrederico\\\/\"}]}<\/script>\n<!-- \/ Yoast SEO Premium plugin. -->","yoast_head_json":{"title":"Penhora em d\u00edvida n\u00e3o alimentar","description":"Confira nosso resumo sobre a Penhora em d\u00edvida n\u00e3o alimentar, destacando, ainda, o entendimento do STJ sobre o tema.","robots":{"index":"index","follow":"follow","max-snippet":"max-snippet:-1","max-image-preview":"max-image-preview:large","max-video-preview":"max-video-preview:-1"},"canonical":"https:\/\/cj.estrategia.com\/portal\/penhora-divida-nao-alimentar\/","og_locale":"pt_BR","og_type":"article","og_title":"Penhora em d\u00edvida n\u00e3o alimentar","og_description":"Confira nosso resumo sobre a Penhora em d\u00edvida n\u00e3o alimentar, destacando, ainda, o entendimento do STJ sobre o tema.","og_url":"https:\/\/cj.estrategia.com\/portal\/penhora-divida-nao-alimentar\/","og_site_name":"Blog - Carreiras Jur\u00eddicas - Estrat\u00e9gia","article_publisher":"https:\/\/www.facebook.com\/estrategiacarreirajuridica\/","article_published_time":"2024-05-30T14:00:00+00:00","og_image":[{"width":2560,"height":1440,"url":"https:\/\/cj.estrategia.com\/portal\/wp-content\/uploads\/2024\/05\/08152620\/front-view-arrangement-economy-elements-scaled.jpg","type":"image\/jpeg"}],"author":"Frederico Tadeu Borlot Peixoto","twitter_card":"summary_large_image","twitter_creator":"@EstratJuridica","twitter_site":"@EstratJuridica","twitter_misc":{"Escrito por":"Frederico Tadeu Borlot Peixoto","Est. tempo de leitura":"10 minutos"},"schema":{"@context":"https:\/\/schema.org","@graph":[{"@type":"NewsArticle","@id":"https:\/\/cj.estrategia.com\/portal\/penhora-divida-nao-alimentar\/#article","isPartOf":{"@id":"https:\/\/cj.estrategia.com\/portal\/penhora-divida-nao-alimentar\/"},"author":{"name":"Frederico Tadeu Borlot Peixoto","@id":"https:\/\/cj.estrategia.com\/portal\/#\/schema\/person\/74287401cf4654f4fa04e378de7261ec"},"headline":"Penhora em d\u00edvida n\u00e3o alimentar","datePublished":"2024-05-30T14:00:00+00:00","mainEntityOfPage":{"@id":"https:\/\/cj.estrategia.com\/portal\/penhora-divida-nao-alimentar\/"},"wordCount":2349,"commentCount":0,"publisher":{"@id":"https:\/\/cj.estrategia.com\/portal\/#organization"},"image":{"@id":"https:\/\/cj.estrategia.com\/portal\/penhora-divida-nao-alimentar\/#primaryimage"},"thumbnailUrl":"https:\/\/cj.estrategia.com\/portal\/wp-content\/uploads\/2024\/05\/08152620\/front-view-arrangement-economy-elements-scaled.jpg","articleSection":["Carreiras Jur\u00eddicas"],"inLanguage":"pt-BR","potentialAction":[{"@type":"CommentAction","name":"Comment","target":["https:\/\/cj.estrategia.com\/portal\/penhora-divida-nao-alimentar\/#respond"]}],"accessibilityFeature":["tableOfContents"]},{"@type":"WebPage","@id":"https:\/\/cj.estrategia.com\/portal\/penhora-divida-nao-alimentar\/","url":"https:\/\/cj.estrategia.com\/portal\/penhora-divida-nao-alimentar\/","name":"Penhora em d\u00edvida n\u00e3o alimentar","isPartOf":{"@id":"https:\/\/cj.estrategia.com\/portal\/#website"},"primaryImageOfPage":{"@id":"https:\/\/cj.estrategia.com\/portal\/penhora-divida-nao-alimentar\/#primaryimage"},"image":{"@id":"https:\/\/cj.estrategia.com\/portal\/penhora-divida-nao-alimentar\/#primaryimage"},"thumbnailUrl":"https:\/\/cj.estrategia.com\/portal\/wp-content\/uploads\/2024\/05\/08152620\/front-view-arrangement-economy-elements-scaled.jpg","datePublished":"2024-05-30T14:00:00+00:00","description":"Confira nosso resumo sobre a Penhora em d\u00edvida n\u00e3o alimentar, destacando, ainda, o entendimento do STJ sobre o tema.","breadcrumb":{"@id":"https:\/\/cj.estrategia.com\/portal\/penhora-divida-nao-alimentar\/#breadcrumb"},"inLanguage":"pt-BR","potentialAction":[{"@type":"ReadAction","target":["https:\/\/cj.estrategia.com\/portal\/penhora-divida-nao-alimentar\/"]}]},{"@type":"ImageObject","inLanguage":"pt-BR","@id":"https:\/\/cj.estrategia.com\/portal\/penhora-divida-nao-alimentar\/#primaryimage","url":"https:\/\/cj.estrategia.com\/portal\/wp-content\/uploads\/2024\/05\/08152620\/front-view-arrangement-economy-elements-scaled.jpg","contentUrl":"https:\/\/cj.estrategia.com\/portal\/wp-content\/uploads\/2024\/05\/08152620\/front-view-arrangement-economy-elements-scaled.jpg","width":2560,"height":1440,"caption":"Penhora em d\u00edvida n\u00e3o alimentar"},{"@type":"BreadcrumbList","@id":"https:\/\/cj.estrategia.com\/portal\/penhora-divida-nao-alimentar\/#breadcrumb","itemListElement":[{"@type":"ListItem","position":1,"name":"In\u00edcio","item":"https:\/\/cj.estrategia.com\/portal\/"},{"@type":"ListItem","position":2,"name":"Penhora em d\u00edvida n\u00e3o alimentar"}]},{"@type":"WebSite","@id":"https:\/\/cj.estrategia.com\/portal\/#website","url":"https:\/\/cj.estrategia.com\/portal\/","name":"Blog - Carreiras Jur\u00eddicas - Estrat\u00e9gia","description":"","publisher":{"@id":"https:\/\/cj.estrategia.com\/portal\/#organization"},"potentialAction":[{"@type":"SearchAction","target":{"@type":"EntryPoint","urlTemplate":"https:\/\/cj.estrategia.com\/portal\/?s={search_term_string}"},"query-input":{"@type":"PropertyValueSpecification","valueRequired":true,"valueName":"search_term_string"}}],"inLanguage":"pt-BR"},{"@type":"Organization","@id":"https:\/\/cj.estrategia.com\/portal\/#organization","name":"Estrat\u00e9gia - Carreiras Jur\u00eddicas","url":"https:\/\/cj.estrategia.com\/portal\/","logo":{"@type":"ImageObject","inLanguage":"pt-BR","@id":"https:\/\/cj.estrategia.com\/portal\/#\/schema\/logo\/image\/","url":"https:\/\/cj.estrategia.com\/portal\/wp-content\/uploads\/2022\/03\/11151052\/cj-logo.png","contentUrl":"https:\/\/cj.estrategia.com\/portal\/wp-content\/uploads\/2022\/03\/11151052\/cj-logo.png","width":150,"height":39,"caption":"Estrat\u00e9gia - Carreiras Jur\u00eddicas"},"image":{"@id":"https:\/\/cj.estrategia.com\/portal\/#\/schema\/logo\/image\/"},"sameAs":["https:\/\/www.facebook.com\/estrategiacarreirajuridica\/","https:\/\/x.com\/EstratJuridica","https:\/\/www.instagram.com\/estrategiacarreirajuridica\/","https:\/\/www.youtube.com\/channel\/UClbMGuYbj2Mh1m3w144ETWQ"]},{"@type":"Person","@id":"https:\/\/cj.estrategia.com\/portal\/#\/schema\/person\/74287401cf4654f4fa04e378de7261ec","name":"Frederico Tadeu Borlot Peixoto","image":{"@type":"ImageObject","inLanguage":"pt-BR","@id":"https:\/\/cj.estrategia.com\/portal\/wp-content\/uploads\/2023\/06\/29094204\/GBAY0702-96x96.jpg","url":"https:\/\/cj.estrategia.com\/portal\/wp-content\/uploads\/2023\/06\/29094204\/GBAY0702-96x96.jpg","contentUrl":"https:\/\/cj.estrategia.com\/portal\/wp-content\/uploads\/2023\/06\/29094204\/GBAY0702-96x96.jpg","caption":"Frederico Tadeu Borlot Peixoto"},"description":"Analista Judici\u00e1rio - \u00c1rea Judici\u00e1ria do TRF da 4\u00aa regi\u00e3o. Bacharel em Direito. P\u00f3s-graduado em Direito Administrativo, Legisla\u00e7\u00e3o Penal Especial, Direito Penal e Direito Processual Penal. Tamb\u00e9m nomeado no TRF da 3\u00aa regi\u00e3o (8\u00ba lugar); SPPREV (3\u00ba lugar); IFES (2\u00ba lugar); e PMES. https:\/\/www.instagram.com\/proffrederico\/","sameAs":["https:\/\/www.instagram.com\/proffrederico\/"],"url":"https:\/\/cj.estrategia.com\/portal\/author\/xfrederico\/"}]}},"jetpack_featured_media_url":"https:\/\/cj.estrategia.com\/portal\/wp-content\/uploads\/2024\/05\/08152620\/front-view-arrangement-economy-elements-scaled.jpg","jetpack_sharing_enabled":true,"_links":{"self":[{"href":"https:\/\/cj.estrategia.com\/portal\/wp-json\/wp\/v2\/posts\/62512","targetHints":{"allow":["GET"]}}],"collection":[{"href":"https:\/\/cj.estrategia.com\/portal\/wp-json\/wp\/v2\/posts"}],"about":[{"href":"https:\/\/cj.estrategia.com\/portal\/wp-json\/wp\/v2\/types\/post"}],"author":[{"embeddable":true,"href":"https:\/\/cj.estrategia.com\/portal\/wp-json\/wp\/v2\/users\/39"}],"replies":[{"embeddable":true,"href":"https:\/\/cj.estrategia.com\/portal\/wp-json\/wp\/v2\/comments?post=62512"}],"version-history":[{"count":0,"href":"https:\/\/cj.estrategia.com\/portal\/wp-json\/wp\/v2\/posts\/62512\/revisions"}],"wp:featuredmedia":[{"embeddable":true,"href":"https:\/\/cj.estrategia.com\/portal\/wp-json\/wp\/v2\/media\/62513"}],"wp:attachment":[{"href":"https:\/\/cj.estrategia.com\/portal\/wp-json\/wp\/v2\/media?parent=62512"}],"wp:term":[{"taxonomy":"category","embeddable":true,"href":"https:\/\/cj.estrategia.com\/portal\/wp-json\/wp\/v2\/categories?post=62512"},{"taxonomy":"post_tag","embeddable":true,"href":"https:\/\/cj.estrategia.com\/portal\/wp-json\/wp\/v2\/tags?post=62512"},{"taxonomy":"tax_estado","embeddable":true,"href":"https:\/\/cj.estrategia.com\/portal\/wp-json\/wp\/v2\/tax_estado?post=62512"}],"curies":[{"name":"wp","href":"https:\/\/api.w.org\/{rel}","templated":true}]}}