{"id":62426,"date":"2024-05-21T14:00:00","date_gmt":"2024-05-21T17:00:00","guid":{"rendered":"https:\/\/cj.estrategia.com\/portal\/?p=62426"},"modified":"2024-05-13T22:08:32","modified_gmt":"2024-05-14T01:08:32","slug":"resumo-sumula-665-stj","status":"publish","type":"post","link":"https:\/\/cj.estrategia.com\/portal\/resumo-sumula-665-stj\/","title":{"rendered":"Resumo sobre a S\u00famula 665 do STJ"},"content":{"rendered":"<div class=\"wp-block-image\">\n<figure class=\"aligncenter size-large is-resized\"><img decoding=\"async\" width=\"1024\" height=\"683\" src=\"https:\/\/cj.estrategia.com\/portal\/wp-content\/uploads\/2024\/05\/08075834\/businessman-signing-important-contract-papers-1024x683.jpg\" alt=\"Resumo sobre a S\u00famula 665 do STJ\" class=\"wp-image-62431\" style=\"width:574px;height:auto\" srcset=\"https:\/\/cj.estrategia.com\/portal\/wp-content\/uploads\/2024\/05\/08075834\/businessman-signing-important-contract-papers-1024x683.jpg 1024w, https:\/\/cj.estrategia.com\/portal\/wp-content\/uploads\/2024\/05\/08075834\/businessman-signing-important-contract-papers-300x200.jpg 300w, https:\/\/cj.estrategia.com\/portal\/wp-content\/uploads\/2024\/05\/08075834\/businessman-signing-important-contract-papers-768x512.jpg 768w, https:\/\/cj.estrategia.com\/portal\/wp-content\/uploads\/2024\/05\/08075834\/businessman-signing-important-contract-papers-1536x1024.jpg 1536w, https:\/\/cj.estrategia.com\/portal\/wp-content\/uploads\/2024\/05\/08075834\/businessman-signing-important-contract-papers-2048x1365.jpg 2048w, https:\/\/cj.estrategia.com\/portal\/wp-content\/uploads\/2024\/05\/08075834\/businessman-signing-important-contract-papers-380x253.jpg 380w, https:\/\/cj.estrategia.com\/portal\/wp-content\/uploads\/2024\/05\/08075834\/businessman-signing-important-contract-papers-800x533.jpg 800w, https:\/\/cj.estrategia.com\/portal\/wp-content\/uploads\/2024\/05\/08075834\/businessman-signing-important-contract-papers-1160x773.jpg 1160w, https:\/\/cj.estrategia.com\/portal\/wp-content\/uploads\/2024\/05\/08075834\/businessman-signing-important-contract-papers-150x100.jpg 150w, https:\/\/cj.estrategia.com\/portal\/wp-content\/uploads\/2024\/05\/08075834\/businessman-signing-important-contract-papers-scaled.jpg 2560w\" sizes=\"(max-width: 1024px) 100vw, 1024px\" \/><figcaption class=\"wp-element-caption\">Resumo sobre a S\u00famula 665 do STJ<\/figcaption><\/figure>\n<\/div>\n\n\n<p>Fala, pessoal, tudo certo? Hoje faremos um breve resumo sobre a S\u00famula 665 do STJ &#8211; Superior Tribunal de Justi\u00e7a.<\/p>\n\n\n\n<p>Desse modo, teceremos algumas considera\u00e7\u00f5es iniciais sobre o controle interno, externo e independ\u00eancia dos Poderes, citando institutos como os princ\u00edpios da tutela, autotutela e o da independ\u00eancia dos poderes, bem como as S\u00famulas 346 e 473 do Supremo Tribunal Federal (STF).<\/p>\n\n\n\n<p>Al\u00e9m disso, falaremos da sindicabilidade dos atos administrativos (m\u00e9rito administrativo), bem como trataremos da possibilidade de an\u00e1lise, pelo Poder Judici\u00e1rio, da validade do ato administrativo com base na Teoria dos Motivos Determinantes.<\/p>\n\n\n\n<p>Por fim, ingressando no tema central deste artigo, abordaremos a S\u00famula 665 do STJ, falando tanto da tese por ela veiculada quanto de seus fundamentos jur\u00eddicos.<\/p>\n\n\n\n<p>Vamos ao que interessa!<\/p>\n\n\n\n<div class=\"wp-block-yoast-seo-table-of-contents yoast-table-of-contents\"><h2 id=\"sumario\"><mark style=\"background-color:rgba(0, 0, 0, 0)\" class=\"has-inline-color has-luminous-vivid-orange-color\">Sum\u00e1rio<\/mark><\/h2><ul><li><a href=\"#h-sumula-665-do-stj\" data-level=\"2\">S\u00famula 665 do STJ<\/a><ul><li><a href=\"#h-controle-interno-externo-e-independencia-dos-poderes\" data-level=\"3\">Controle interno, externo e independ\u00eancia dos Poderes<\/a><\/li><li><a href=\"#h-sindicabilidade-dos-atos-administrativos\" data-level=\"3\">Sindicabilidade dos atos administrativos<\/a><\/li><li><a href=\"#h-teoria-dos-motivos-determinantes\" data-level=\"3\">Teoria dos Motivos Determinantes<\/a><\/li><li><a href=\"#h-sumula-665-do-stj-0\" data-level=\"3\">S\u00famula 665 do STJ<\/a><\/li><\/ul><\/li><li><a href=\"#h-conclusao\" data-level=\"2\">Conclus\u00e3o<\/a><ul><li><a href=\"#assinatura-de-concursos\" data-level=\"3\">Assinatura de Concursos<\/a><\/li><\/ul><\/li><li><a href=\"#concursos-e-vagas-previstas-para-2023\" data-level=\"2\">Concursos e vagas previstas para 2024:<\/a><\/li><\/ul><\/div>\n\n\n\n<h2 class=\"wp-block-heading has-luminous-vivid-orange-color has-text-color has-link-color wp-elements-b4da68a38f02db8957c7562db3f52121\" id=\"h-sumula-665-do-stj\"><span id=\"sumula-665-do-stj\">S\u00famula 665 do STJ<\/span><\/h2>\n\n\n\n<h3 class=\"wp-block-heading has-luminous-vivid-orange-color has-text-color has-link-color wp-elements-f9de7e5b43e9f38a97dbd413088926f7\" id=\"h-controle-interno-externo-e-independencia-dos-poderes\"><span id=\"controle-interno-externo-e-independencia-dos-poderes\">Controle interno, externo e independ\u00eancia dos Poderes<\/span><\/h3>\n\n\n\n<p>Como sabemos, os atos administrativos, de um modo geral, est\u00e3o sujeitos tanto ao controle da pr\u00f3pria Administra\u00e7\u00e3o P\u00fablica que emanou o ato quanto ao controle judicial e, por vezes, at\u00e9 legislativo.<\/p>\n\n\n\n<p>Quando o controle desse ato se d\u00e1 no \u00e2mbito da mesma Administra\u00e7\u00e3o, temos a\u00ed presen\u00e7a da chamada <strong>autotutela<\/strong>.<\/p>\n\n\n\n<p>Assim, nos termos das S\u00famulas 346 e 473 do Supremo Tribunal Federal (STF), a pr\u00f3pria Administra\u00e7\u00e3o poder\u00e1 anular os atos administrativos que apresentem ilegalidade ou revogar aqueles que julgar inoportunos ou inconvenientes:<\/p>\n\n\n\n<blockquote class=\"wp-block-quote is-layout-flow wp-block-quote-is-layout-flow\">\n<p class=\"has-small-font-size\">S\u00famula 346, STF &#8211; A administra\u00e7\u00e3o p\u00fablica pode declarar a nulidade dos seus pr\u00f3prios atos.<\/p>\n\n\n\n<p class=\"has-small-font-size\">S\u00famula 473, STF &#8211; A administra\u00e7\u00e3o pode anular seus pr\u00f3prios atos, quando eivados de v\u00edcios que os tornam ilegais, porque deles n\u00e3o se originam direitos; ou revog\u00e1-los, por motivo de conveni\u00eancia ou oportunidade, respeitados os direitos adquiridos, e ressalvada, em todos os casos, a aprecia\u00e7\u00e3o judicial.<\/p>\n<\/blockquote>\n\n\n\n<p>\u00c9 importante mencionar que, quando a Administra\u00e7\u00e3o Direta exerce esse controle sobre a Administra\u00e7\u00e3o Indireta, temos a chamada <strong>tutela<\/strong> (ou controle final\u00edstico ou supervis\u00e3o ministerial), nos termos do <a href=\"https:\/\/www.planalto.gov.br\/ccivil_03\/decreto-lei\/del0200.htm#view:~:text=Art%20.%2019.%20Todo%20e%20qualquer%20%C3%B3rg%C3%A3o%20da%20Administra%C3%A7%C3%A3o%20Federal%2C%20direta%20ou%20indireta%2C%20est%C3%A1%20sujeito%20%C3%A0%20supervis%C3%A3o%20do%20Ministro%20de%20Estado%20competente%2C%20excetuados%20unicamente%20os%20%C3%B3rg%C3%A3os%20mencionados%20no%20art.%2032%2C%20que%20est%C3%A3o%20submetidos%20%C3%A0%20supervis%C3%A3o%20direta%20do%20Presidente%20da%20Rep%C3%BAblica.\" target=\"_blank\" >artigo 19 do Decreto-Lei 200\/1967<\/a>.<\/p>\n\n\n\n<p>As duas formas de controle de que falamos acima s\u00e3o formas de <strong>controle interno<\/strong>, nos termos do <a href=\"https:\/\/www.planalto.gov.br\/ccivil_03\/constituicao\/constituicao.htm#:~:text=%C2%A0Art.%2074.%20Os%20Poderes%20Legislativo%2C%20Executivo%20e%20Judici%C3%A1rio%20manter%C3%A3o%2C%20de%20forma%20integrada%2C%20sistema%20de%20controle%20interno%20com%20a%20finalidade%20de%3A\" target=\"_blank\" >artigo 74 da Constitui\u00e7\u00e3o Federal<\/a>.<\/p>\n\n\n\n<p>Por outro lado, quando se fala em controle judicial, ou at\u00e9 mesmo em controle legislativo, est\u00e1-se diante de formas de <strong>controle externo<\/strong> (aquele que \u00e9 exercido por um Poder sobre outro).<\/p>\n\n\n\n<p>No entanto, o controle externo deve observar o que preconiza o artigo 2\u00ba da Constitui\u00e7\u00e3o Federal (<strong>princ\u00edpio da independ\u00eancia dos poderes<\/strong>), de acordo com o qual os Poderes Legislativo, Executivo e Judici\u00e1rio s\u00e3o independentes e harm\u00f4nicos entre si.<\/p>\n\n\n\n<p>Assim, embora exista o chamado <strong>\u201csistema de freios e contrapesos\u201d<\/strong> (<em>checks and balances<\/em>), h\u00e1 algumas limita\u00e7\u00f5es nesse controle, como veremos logo em seguida.<\/p>\n\n\n\n<h3 class=\"wp-block-heading has-luminous-vivid-orange-color has-text-color has-link-color wp-elements-f647e4f53898a46bcace5d2654950e79\" id=\"h-sindicabilidade-dos-atos-administrativos\"><span id=\"sindicabilidade-dos-atos-administrativos\">Sindicabilidade dos atos administrativos<\/span><\/h3>\n\n\n\n<p>Como vimos acima, quando se fala em ato administrativo, temos tanto a an\u00e1lise de sua legalidade quanto de sua conveni\u00eancia\/oportunidade.<\/p>\n\n\n\n<p>Assim, se um ato ilegal, a medida correta \u00e9 sua anula\u00e7\u00e3o. De outro giro, se temos um ato inoportuno ou inconveniente, a solu\u00e7\u00e3o \u00e9 sua revoga\u00e7\u00e3o.<\/p>\n\n\n\n<p>Acontece que <strong>a an\u00e1lise da conveni\u00eancia e da oportunidade do ato (ou seja, o m\u00e9rito administrativo) \u00e9 de compet\u00eancia apenas da Administra\u00e7\u00e3o P\u00fablica<\/strong>.<\/p>\n\n\n\n<p>Isso significa dizer que <strong>N\u00c3O \u00e9 permitido que o Poder Judici\u00e1rio ingresse na an\u00e1lise do m\u00e9rito administrativo<\/strong> de um ato que, por exemplo, revogou um edital licitat\u00f3rio, nos termos do <a href=\"https:\/\/www.planalto.gov.br\/ccivil_03\/_ato2019-2022\/2021\/lei\/l14133.htm#:~:text=II%20%2D%20revogar%20a%20licita%C3%A7%C3%A3o%20por%20motivo%20de%20conveni%C3%AAncia%20e%20oportunidade%3B\" target=\"_blank\" >artigo 71, inciso II<\/a>, da Lei 14.133\/2021, para dizer que na verdade n\u00e3o era conveniente aquela revoga\u00e7\u00e3o.<\/p>\n\n\n\n<p>A t\u00edtulo de exemplo, no <a href=\"https:\/\/redir.stf.jus.br\/paginadorpub\/paginador.jsp?docTP=AC&amp;docID=583843\" target=\"_blank\" >RE 480.107-AgR\/PR<\/a>, a 2\u00aa Turma do STF entendeu que a concess\u00e3o do benef\u00edcio de isen\u00e7\u00e3o fiscal \u00e9 ato discricion\u00e1rio, fundado em ju\u00edzo de conveni\u00eancia e oportunidade do Poder Executivo, cujo controle \u00e9 vedado ao Poder Judici\u00e1rio.<\/p>\n\n\n\n<p>No \u00e2mbito do Superior Tribunal de Justi\u00e7a n\u00e3o \u00e9 diferente. Por exemplo, em mandado de seguran\u00e7a contra suposto ato ilegal atribu\u00eddo ao Secret\u00e1rio de Defesa Social, que havia determinado a exclus\u00e3o do impetrante, a bem da disciplina, da Corpora\u00e7\u00e3o Militar do Estado, o <a href=\"https:\/\/scon.stj.jus.br\/SCON\/GetInteiroTeorDoAcordao?num_registro=202300612971&amp;dt_publicacao=07\/03\/2024\" target=\"_blank\" >STJ entendeu<\/a> que adentrar nas raz\u00f5es da autoridade impetrada importaria em adentrar o m\u00e9rito administrativo, o que \u00e9 vedado no controle jurisdicional das decis\u00f5es proferidas em processo administrativo.<\/p>\n\n\n\n<p>O mesmo ocorre diante de casos em que o candidato a vaga em concurso p\u00fablico se insurge quanto \u00e0 aplica\u00e7\u00e3o do exame psicot\u00e9cnico sem que, contudo, demonstre ilegalidade\/desrespeito \u00e0s normas legais ou edital\u00edcias, baseando suas alega\u00e7\u00f5es t\u00e3o somente em irresigna\u00e7\u00e3o quanto \u00e0 avalia\u00e7\u00e3o da banca\/comiss\u00e3o examinadora, vide <a href=\"https:\/\/scon.stj.jus.br\/SCON\/GetInteiroTeorDoAcordao?num_registro=202303814888&amp;dt_publicacao=07\/03\/2024\" target=\"_blank\" >AgInt no RMS 72451\/MS<\/a>.<\/p>\n\n\n\n<p>Por outro lado, o STF entende que <strong>o controle de legalidade dos atos administrativos pelo Poder Judici\u00e1rio n\u00e3o ofende o princ\u00edpio da separa\u00e7\u00e3o dos poderes<\/strong> (RE-AgR 607.910, rel. Min. Rosa Weber, Primeira Turma, DJe 25.9.2012).<\/p>\n\n\n\n<p>Portanto, a conclus\u00e3o a que podemos chegar \u00e9 a de que os atos administrativos s\u00e3o sim sindic\u00e1veis (pass\u00edveis de controle), desde que isso ocorra mediante a an\u00e1lise dos pressupostos de legalidade do ato, e n\u00e3o aquilo que diz respeito \u00e0 conveni\u00eancia ou oportunidade (m\u00e9rito administrativo).<\/p>\n\n\n\n<h3 class=\"wp-block-heading has-luminous-vivid-orange-color has-text-color has-link-color wp-elements-c00c67a6fbd1fbe375237c9af9951721\" id=\"h-teoria-dos-motivos-determinantes\"><span id=\"teoria-dos-motivos-determinantes\">Teoria dos Motivos Determinantes<\/span><\/h3>\n\n\n\n<p>Embora tenhamos falado acima que o Poder Judici\u00e1rio n\u00e3o pode se imiscuir na an\u00e1lise do m\u00e9rito administrativo, temos uma \u201cexce\u00e7\u00e3o\u201d quando se analisa o ato administrativo pela \u00f3tica da Teoria dos Motivos Determinantes.<\/p>\n\n\n\n<p>Essa Teoria, de acordo com Maria Sylvia Zanella Di Pietro, preconiza que <strong>a validade do ato se vincula aos motivos indicados como seu fundamento, de tal modo que, se inexistentes ou falsos, implicam a sua nulidade<\/strong>.<\/p>\n\n\n\n<p>Sendo assim, a autora explica que, quando a Administra\u00e7\u00e3o motiva o ato, mesmo que a lei n\u00e3o exija a motiva\u00e7\u00e3o, ele s\u00f3 ser\u00e1 v\u00e1lido se os motivos forem verdadeiros.&nbsp;<\/p>\n\n\n\n<p>Di Pietro toma como exemplo a exonera\u00e7\u00e3o <em>ad nutum, <\/em>para a qual a lei n\u00e3o define o motivo. Assim, a autora explica que, caso a Administra\u00e7\u00e3o proceda a essa exonera\u00e7\u00e3o alegando que o fez por falta de verba, mas depois nomeie outro funcion\u00e1rio para a mesma vaga, o ato ser\u00e1 nulo por v\u00edcio quanto ao motivo.&nbsp;<\/p>\n\n\n\n<p>Portanto, note que, em um primeiro momento, o ato administrativo at\u00e9 pode ser discricion\u00e1rio, isso \u00e9, tomado com fulcro na conveni\u00eancia e oportunidade (m\u00e9rito administrativo).<\/p>\n\n\n\n<p>No entanto, se n\u00e3o s\u00e3o verdadeiras as raz\u00f5es pela qual ele foi editado, tem-se a\u00ed um v\u00edcio em um dos elementos do ato administrativo (motivo).<\/p>\n\n\n\n<p><strong>Sendo assim, havendo um v\u00edcio quanto ao motivo do ato, o Poder Judici\u00e1rio pode sim proceder \u00e0 an\u00e1lise de legalidade sob esse aspecto, com base na Teoria dos Motivos Determinantes, o que n\u00e3o configura incurs\u00e3o no m\u00e9rito administrativo.<\/strong><\/p>\n\n\n\n<p>Nesse sentido, o STJ entende que, de acordo com a Teoria dos Motivos Determinantes, &#8220;a Administra\u00e7\u00e3o, ao adotar determinados motivos para a pr\u00e1tica de ato administrativo, ainda que de natureza discricion\u00e1ria, fica a eles vinculada&#8221; (RMS 20.565\/MG, Quinta Turma, Rel. Min. Arnaldo Esteves Lima, julgado em 15\/3\/2007, DJ 21\/5\/2007).<\/p>\n\n\n\n<p>Por fim, corroborando tudo o que falamos aqui, note que o artigo 71, \u00a7 2\u00ba, da Lei 14.133\/2021 afirma que o <strong>motivo determinante<\/strong> para a revoga\u00e7\u00e3o do processo licitat\u00f3rio dever\u00e1 ser resultante de fato superveniente devidamente comprovado.<\/p>\n\n\n\n<p>Sendo assim, caso a autoridade revogue (conveni\u00eancia e oportunidade) a licita\u00e7\u00e3o afirmando que \u00e9 com base em um fato superveniente mas depois se constante que esse fato n\u00e3o existiu, tem-se a\u00ed um v\u00edcio de motivo, que poder\u00e1 ser analisado, inclusive, pelo Poder Judici\u00e1rio.<\/p>\n\n\n\n<h3 class=\"wp-block-heading has-luminous-vivid-orange-color has-text-color has-link-color wp-elements-256a6aa610322796de699f9d7199d00b\" id=\"h-sumula-665-do-stj-0\"><span id=\"sumula-665-do-stj-2\">S\u00famula 665 do STJ<\/span><\/h3>\n\n\n\n<p>Sem maiores digress\u00f5es, vejamos a reda\u00e7\u00e3o da S\u00famula 665 do Superior Tribunal de Justi\u00e7a, aprovada pela Primeira Se\u00e7\u00e3o em 13\/12\/2023, DJe de 14\/12\/2023:<\/p>\n\n\n\n<blockquote class=\"wp-block-quote is-layout-flow wp-block-quote-is-layout-flow\">\n<p><strong>O controle jurisdicional do processo administrativo disciplinar restringe-se ao exame da regularidade do procedimento e da legalidade do ato<\/strong>, \u00e0 luz dos princ\u00edpios do contradit\u00f3rio, da ampla defesa e do devido processo legal, <strong>n\u00e3o sendo poss\u00edvel incurs\u00e3o no m\u00e9rito administrativo, ressalvadas as hip\u00f3teses de <\/strong>flagrante ilegalidade, teratologia ou manifesta desproporcionalidade da san\u00e7\u00e3o aplicada.<\/p>\n<\/blockquote>\n\n\n\n<p>O processo administrativo, em sentido amplo, consiste, de acordo com Di Pietro, no conjunto de atos coordenados para a solu\u00e7\u00e3o de uma controv\u00e9rsia no \u00e2mbito administrativo.<\/p>\n\n\n\n<p>Desse modo, os atos praticados no decorrer do processo administrativo, por l\u00f3gica, s\u00e3o tidos como atos administrativos.<\/p>\n\n\n\n<p>Portanto, em conson\u00e2ncia com aquilo que falamos acima, tanto os atos administrativos quanto o processo administrativo, em si, apenas podem ser analisados, pelo Poder Judici\u00e1rio, sob a \u00f3tica da legalidade de seus atos, bem como da regularidade do procedimento.<\/p>\n\n\n\n<p>Al\u00e9m disso, v\u00ea-se que, de acordo com a S\u00famula, a regularidade do procedimento e da legalidade do ato <strong>ser\u00e3o aferidas de acordo com os princ\u00edpios do contradit\u00f3rio, da ampla defesa e do devido processo legal<\/strong>.<\/p>\n\n\n\n<p>Ou seja, se n\u00e3o houve preju\u00edzo a algum desses postulados constitucionais e legais, n\u00e3o haver\u00e1 que se falar em v\u00edcio no PAD. Nesse sentido, vejamos as S\u00famulas 591 e 592 do pr\u00f3prio STJ:<\/p>\n\n\n\n<blockquote class=\"wp-block-quote is-layout-flow wp-block-quote-is-layout-flow\">\n<p class=\"has-small-font-size\">S\u00famula 591, STJ &#8211;&nbsp; \u00c9 permitida a &#8220;prova emprestada&#8221; no processo administrativo disciplinar, desde que devidamente autorizada pelo ju\u00edzo competente e respeitados o contradit\u00f3rio e a ampla defesa.<\/p>\n\n\n\n<p class=\"has-small-font-size\">S\u00famula 592, STJ &#8211; O excesso de prazo para a conclus\u00e3o do processo administrativo disciplinar s\u00f3 causa nulidade se houver demonstra\u00e7\u00e3o de preju\u00edzo \u00e0 defesa.<\/p>\n<\/blockquote>\n\n\n\n<p>O STJ tamb\u00e9m possui entendimento no sentido de que <strong>n\u00e3o acarreta nulidade do PAD<\/strong>, por cerceamento de defesa, o indeferimento de produ\u00e7\u00e3o de provas e dilig\u00eancias, quando estas forem desnecess\u00e1rias ou protelat\u00f3rias, havendo motiva\u00e7\u00e3o id\u00f4nea nesse sentido, nos termos do art. 156 da Lei n. 8.112\/1990 (<a href=\"https:\/\/processo.stj.jus.br\/SCON\/GetInteiroTeorDoAcordao?num_registro=202002588065&amp;dt_publicacao=15\/12\/2022\" target=\"_blank\" >AgInt no MS n. 26.918\/DF<\/a>, relatora Ministra Regina Helena Costa, Primeira Se\u00e7\u00e3o, julgado em 13\/12\/2022, DJe de 15\/12\/2022.).<\/p>\n\n\n\n<p>Nesse mesmo sentido, Di Pietro discorre sobre o fato de que, em regra, o \u201cprinc\u00edpio da obedi\u00eancia \u00e0 forma e aos procedimentos\u201d tem aplica\u00e7\u00e3o muito mais r\u00edgida no processo judicial do que no administrativo, raz\u00e3o pela qual, neste \u00faltimo, costuma-se falar em princ\u00edpio do informalismo.<\/p>\n\n\n\n<p>Portanto, se n\u00e3o estivermos diante dos v\u00edcios que falamos acima, <strong>n\u00e3o ser\u00e1 poss\u00edvel incurs\u00e3o no m\u00e9rito administrativo<\/strong>.<\/p>\n\n\n\n<p>Todavia, a pr\u00f3pria s\u00famula 665 do STJ ressalva, em sua parte final, as hip\u00f3teses de<strong> flagrante ilegalidade, teratologia ou manifesta desproporcionalidade da san\u00e7\u00e3o aplicada<\/strong>.<\/p>\n\n\n\n<h2 class=\"wp-block-heading has-luminous-vivid-orange-color has-text-color has-link-color wp-elements-64c329fe2ee4a3d0655a517f25cfc279\" id=\"h-conclusao\"><span id=\"conclusao\">Conclus\u00e3o<\/span><\/h2>\n\n\n\n<p>Portanto, pessoal, essa foi nosso breve resumo sobre a S\u00famula 665 do STJ &#8211; Superior Tribunal de Justi\u00e7a.resumo sobre a S\u00famula 665 do STJ &#8211; Superior Tribunal de Justi\u00e7a.<\/p>\n\n\n\n<p>Podemos ver que o controle jurisdicional do processo administrativo disciplinar restringe-se ao exame da regularidade do procedimento e da legalidade do ato, \u00e0 luz dos princ\u00edpios do contradit\u00f3rio, da ampla defesa e do devido processo legal.<\/p>\n\n\n\n<p>Nesse sentido, n\u00e3o \u00e9 poss\u00edvel ao Poder Judici\u00e1rio imiscuir-se no m\u00e9rito administrativo, ressalvadas as hip\u00f3teses de flagrante ilegalidade, teratologia ou manifesta desproporcionalidade da san\u00e7\u00e3o aplicada.<\/p>\n\n\n\n<p>At\u00e9 a pr\u00f3xima!<\/p>\n\n\n\n<p class=\"has-text-align-center\" id=\"h-quer-saber-tudo-sobre-concursos-previstos\"><strong>Quer saber quais ser\u00e3o os pr\u00f3ximos concursos?<\/strong><\/p>\n\n\n\n<p class=\"has-text-align-center\">Confira nossos <a href=\"https:\/\/cj.estrategia.com\/portal\/\" target=\"_blank\" >artigos para Carreiras Jur\u00eddicas<\/a>!<\/p>\n\n\n\n<p class=\"has-text-align-center has-white-color has-pale-cyan-blue-background-color has-text-color has-background\"><a href=\"https:\/\/www.estrategiaconcursos.com.br\/blog\/concursos-abertos\/\" target=\"_blank\" >Confira os concursos p\u00fablicos abertos<\/a><\/p>\n\n\n\n<p class=\"has-text-align-center has-white-color has-pale-cyan-blue-background-color has-text-color has-background\"><a href=\"https:\/\/www.estrategiaconcursos.com.br\/blog\/concursos-2024\/\" target=\"_blank\" >Concursos 2024<\/a><\/p>\n\n\n\n<h3 class=\"wp-block-heading\" id=\"assinatura-de-concursos\">Assinatura de Concursos<\/h3>\n\n\n\n<p>Assinatura de 1 ano ou 2 anos <a href=\"https:\/\/www.estrategiaconcursos.com.br\/assinaturas\/\" target=\"_blank\" >ASSINE AGORA<\/a><\/p>\n\n\n\n<p>Agora, confira as vagas e oportunidades dos&nbsp;<strong>concursos 2024<\/strong>&nbsp;navegando atrav\u00e9s do \u00edndice abaixo:<\/p>\n\n\n\n<h2 class=\"wp-block-heading\" id=\"concursos-e-vagas-previstas-para-2023\"><span id=\"concursos-e-vagas-previstas-para-2024\">Concursos e vagas previstas para 2024:<\/span><\/h2>\n\n\n\n<p>Al\u00e9m deste resumo sobre a S\u00famula 665 do STJ, confira-se:<\/p>\n\n\n\n<ul class=\"wp-block-list\">\n<li><a href=\"https:\/\/www.estrategiaconcursos.com.br\/blog\/concursos-2023\/#policial\" target=\"_blank\" >Concursos Policiais<\/a><\/li>\n\n\n\n<li><a href=\"https:\/\/www.estrategiaconcursos.com.br\/blog\/concursos-2023\/#fiscal\" target=\"_blank\" >Concursos Fiscais<\/a><\/li>\n\n\n\n<li><a href=\"https:\/\/www.estrategiaconcursos.com.br\/blog\/concursos-2023\/#controle\" target=\"_blank\" >Concursos Controle<\/a><\/li>\n\n\n\n<li><a href=\"https:\/\/www.estrategiaconcursos.com.br\/blog\/concursos-2023\/#tribunais\" target=\"_blank\" >Concursos Tribunais<\/a><\/li>\n\n\n\n<li><a href=\"https:\/\/www.estrategiaconcursos.com.br\/blog\/concursos-2023\/#ministerios-publicos\" target=\"_blank\" >Concursos em Minist\u00e9rios P\u00fablicos<\/a><\/li>\n\n\n\n<li><a href=\"https:\/\/www.estrategiaconcursos.com.br\/blog\/concursos-2023\/#defensorias-publicas\" target=\"_blank\" >Concursos em Defensorias<\/a><\/li>\n\n\n\n<li><a href=\"https:\/\/www.estrategiaconcursos.com.br\/blog\/concursos-2023\/#legislativa\" target=\"_blank\" >Concursos Legislativos<\/a><\/li>\n\n\n\n<li><a href=\"https:\/\/www.estrategiaconcursos.com.br\/blog\/concursos-2023\/#saude\" target=\"_blank\" >Concursos da \u00e1rea da Sa\u00fade<\/a><\/li>\n\n\n\n<li><a href=\"https:\/\/www.estrategiaconcursos.com.br\/blog\/concursos-2023\/#bancaria\" target=\"_blank\" >Concursos da \u00e1rea banc\u00e1ria<\/a><\/li>\n\n\n\n<li><a href=\"https:\/\/www.estrategiaconcursos.com.br\/blog\/concursos-2023\/#educacao\" target=\"_blank\" >Concursos da \u00e1rea da Educa\u00e7\u00e3o<\/a><\/li>\n\n\n\n<li><a href=\"https:\/\/www.estrategiaconcursos.com.br\/blog\/concursos-2023\/#prefeituras\" target=\"_blank\" >Concursos para Prefeituras<\/a><\/li>\n\n\n\n<li><a href=\"https:\/\/www.estrategiaconcursos.com.br\/blog\/concursos-2023\/#outros\" target=\"_blank\" >Concursos outras oportunidades<\/a><\/li>\n<\/ul>\n\n\n\n<p class=\"has-text-align-center has-luminous-vivid-amber-background-color has-background\" style=\"font-size:22px\"><strong>Veja tamb\u00e9m: <a href=\"https:\/\/www.estrategiaconcursos.com.br\/blog\/concursos-abertos\/\" target=\"_blank\" >Concursos Abertos<\/a><\/strong><\/p>\n\n\n\n<p class=\"has-text-align-left\" style=\"font-size:25px\"><em><strong>Quer saber tudo sobre os concursos previstos? Confira nossos artigos completos:<\/strong><\/em><\/p>\n\n\n\n<p>Al\u00e9m deste resumo sobre a S\u00famula 665 do STJ, confira-se:<\/p>\n\n\n\n<ul class=\"wp-block-list\">\n<li><a href=\"https:\/\/www.estrategiaconcursos.com.br\/blog\/concursos-2024\/\" target=\"_blank\" >Concursos 2024<\/a><\/li>\n<\/ul>\n","protected":false},"excerpt":{"rendered":"Fala, pessoal, tudo certo? Hoje faremos um breve resumo sobre a S\u00famula 665 do STJ &#8211; Superior Tribunal&hellip;\n","protected":false},"author":39,"featured_media":62431,"comment_status":"open","ping_status":"open","sticky":false,"template":"","format":"standard","meta":{"_jetpack_memberships_contains_paid_content":false,"footnotes":""},"categories":[1],"tags":[],"tax_estado":[30,31,32,33,34,35,36,37,38,39,40,41,42,43,44,45,46,47,48,49,50,51,52,53,54,55,56,57],"class_list":{"0":"post-62426","1":"post","2":"type-post","3":"status-publish","4":"format-standard","5":"has-post-thumbnail","7":"category-carreiras-juridicas","8":"tax_estado-ac","9":"tax_estado-al","10":"tax_estado-am","11":"tax_estado-ap","12":"tax_estado-ba","13":"tax_estado-ce","14":"tax_estado-concursos-federais","15":"tax_estado-df","16":"tax_estado-es","17":"tax_estado-go","18":"tax_estado-ma","19":"tax_estado-mg","20":"tax_estado-ms","21":"tax_estado-mt","22":"tax_estado-pa","23":"tax_estado-pb","24":"tax_estado-pe","25":"tax_estado-pi","26":"tax_estado-pr","27":"tax_estado-rj","28":"tax_estado-rn","29":"tax_estado-ro","30":"tax_estado-rr","31":"tax_estado-rs","32":"tax_estado-sc","33":"tax_estado-se","34":"tax_estado-sp","35":"tax_estado-to"},"acf":[],"yoast_head":"<!-- This site is optimized with the Yoast SEO Premium plugin v27.4 (Yoast SEO v27.4) - https:\/\/yoast.com\/product\/yoast-seo-premium-wordpress\/ -->\n<title>Resumo sobre a S\u00famula 665 do STJ<\/title>\n<meta name=\"description\" content=\"Confira nosso resumo sobre a S\u00famula 665 do STJ, que trata da an\u00e1lise judicial do m\u00e9rito administrativo em PAD!\" \/>\n<meta name=\"robots\" content=\"index, follow, max-snippet:-1, max-image-preview:large, max-video-preview:-1\" \/>\n<link rel=\"canonical\" href=\"https:\/\/cj.estrategia.com\/portal\/resumo-sumula-665-stj\/\" \/>\n<meta property=\"og:locale\" content=\"pt_BR\" \/>\n<meta property=\"og:type\" content=\"article\" \/>\n<meta property=\"og:title\" content=\"Resumo sobre a S\u00famula 665 do STJ\" \/>\n<meta property=\"og:description\" content=\"Confira nosso resumo sobre a S\u00famula 665 do STJ, que trata da an\u00e1lise judicial do m\u00e9rito administrativo em PAD!\" \/>\n<meta property=\"og:url\" content=\"https:\/\/cj.estrategia.com\/portal\/resumo-sumula-665-stj\/\" \/>\n<meta property=\"og:site_name\" content=\"Blog - Carreiras Jur\u00eddicas - Estrat\u00e9gia\" \/>\n<meta property=\"article:publisher\" content=\"https:\/\/www.facebook.com\/estrategiacarreirajuridica\/\" \/>\n<meta property=\"article:published_time\" content=\"2024-05-21T17:00:00+00:00\" \/>\n<meta property=\"og:image\" content=\"https:\/\/cj.estrategia.com\/portal\/wp-content\/uploads\/2024\/05\/08075834\/businessman-signing-important-contract-papers-scaled.jpg\" \/>\n\t<meta property=\"og:image:width\" content=\"2560\" \/>\n\t<meta property=\"og:image:height\" content=\"1707\" \/>\n\t<meta property=\"og:image:type\" content=\"image\/jpeg\" \/>\n<meta name=\"author\" content=\"Frederico Tadeu Borlot Peixoto\" \/>\n<meta name=\"twitter:card\" content=\"summary_large_image\" \/>\n<meta name=\"twitter:creator\" content=\"@EstratJuridica\" \/>\n<meta name=\"twitter:site\" content=\"@EstratJuridica\" \/>\n<meta name=\"twitter:label1\" content=\"Escrito por\" \/>\n\t<meta name=\"twitter:data1\" content=\"Frederico Tadeu Borlot Peixoto\" \/>\n\t<meta name=\"twitter:label2\" content=\"Est. tempo de leitura\" \/>\n\t<meta name=\"twitter:data2\" content=\"10 minutos\" \/>\n<script type=\"application\/ld+json\" class=\"yoast-schema-graph\">{\"@context\":\"https:\\\/\\\/schema.org\",\"@graph\":[{\"@type\":\"NewsArticle\",\"@id\":\"https:\\\/\\\/cj.estrategia.com\\\/portal\\\/resumo-sumula-665-stj\\\/#article\",\"isPartOf\":{\"@id\":\"https:\\\/\\\/cj.estrategia.com\\\/portal\\\/resumo-sumula-665-stj\\\/\"},\"author\":{\"name\":\"Frederico Tadeu Borlot Peixoto\",\"@id\":\"https:\\\/\\\/cj.estrategia.com\\\/portal\\\/#\\\/schema\\\/person\\\/74287401cf4654f4fa04e378de7261ec\"},\"headline\":\"Resumo sobre a S\u00famula 665 do STJ\",\"datePublished\":\"2024-05-21T17:00:00+00:00\",\"mainEntityOfPage\":{\"@id\":\"https:\\\/\\\/cj.estrategia.com\\\/portal\\\/resumo-sumula-665-stj\\\/\"},\"wordCount\":2042,\"commentCount\":0,\"publisher\":{\"@id\":\"https:\\\/\\\/cj.estrategia.com\\\/portal\\\/#organization\"},\"image\":{\"@id\":\"https:\\\/\\\/cj.estrategia.com\\\/portal\\\/resumo-sumula-665-stj\\\/#primaryimage\"},\"thumbnailUrl\":\"https:\\\/\\\/cj.estrategia.com\\\/portal\\\/wp-content\\\/uploads\\\/2024\\\/05\\\/08075834\\\/businessman-signing-important-contract-papers-scaled.jpg\",\"articleSection\":[\"Carreiras Jur\u00eddicas\"],\"inLanguage\":\"pt-BR\",\"potentialAction\":[{\"@type\":\"CommentAction\",\"name\":\"Comment\",\"target\":[\"https:\\\/\\\/cj.estrategia.com\\\/portal\\\/resumo-sumula-665-stj\\\/#respond\"]}],\"accessibilityFeature\":[\"tableOfContents\"]},{\"@type\":\"WebPage\",\"@id\":\"https:\\\/\\\/cj.estrategia.com\\\/portal\\\/resumo-sumula-665-stj\\\/\",\"url\":\"https:\\\/\\\/cj.estrategia.com\\\/portal\\\/resumo-sumula-665-stj\\\/\",\"name\":\"Resumo sobre a S\u00famula 665 do STJ\",\"isPartOf\":{\"@id\":\"https:\\\/\\\/cj.estrategia.com\\\/portal\\\/#website\"},\"primaryImageOfPage\":{\"@id\":\"https:\\\/\\\/cj.estrategia.com\\\/portal\\\/resumo-sumula-665-stj\\\/#primaryimage\"},\"image\":{\"@id\":\"https:\\\/\\\/cj.estrategia.com\\\/portal\\\/resumo-sumula-665-stj\\\/#primaryimage\"},\"thumbnailUrl\":\"https:\\\/\\\/cj.estrategia.com\\\/portal\\\/wp-content\\\/uploads\\\/2024\\\/05\\\/08075834\\\/businessman-signing-important-contract-papers-scaled.jpg\",\"datePublished\":\"2024-05-21T17:00:00+00:00\",\"description\":\"Confira nosso resumo sobre a S\u00famula 665 do STJ, que trata da an\u00e1lise judicial do m\u00e9rito administrativo em PAD!\",\"breadcrumb\":{\"@id\":\"https:\\\/\\\/cj.estrategia.com\\\/portal\\\/resumo-sumula-665-stj\\\/#breadcrumb\"},\"inLanguage\":\"pt-BR\",\"potentialAction\":[{\"@type\":\"ReadAction\",\"target\":[\"https:\\\/\\\/cj.estrategia.com\\\/portal\\\/resumo-sumula-665-stj\\\/\"]}]},{\"@type\":\"ImageObject\",\"inLanguage\":\"pt-BR\",\"@id\":\"https:\\\/\\\/cj.estrategia.com\\\/portal\\\/resumo-sumula-665-stj\\\/#primaryimage\",\"url\":\"https:\\\/\\\/cj.estrategia.com\\\/portal\\\/wp-content\\\/uploads\\\/2024\\\/05\\\/08075834\\\/businessman-signing-important-contract-papers-scaled.jpg\",\"contentUrl\":\"https:\\\/\\\/cj.estrategia.com\\\/portal\\\/wp-content\\\/uploads\\\/2024\\\/05\\\/08075834\\\/businessman-signing-important-contract-papers-scaled.jpg\",\"width\":2560,\"height\":1707,\"caption\":\"Resumo sobre a S\u00famula 665 do STJ\"},{\"@type\":\"BreadcrumbList\",\"@id\":\"https:\\\/\\\/cj.estrategia.com\\\/portal\\\/resumo-sumula-665-stj\\\/#breadcrumb\",\"itemListElement\":[{\"@type\":\"ListItem\",\"position\":1,\"name\":\"In\u00edcio\",\"item\":\"https:\\\/\\\/cj.estrategia.com\\\/portal\\\/\"},{\"@type\":\"ListItem\",\"position\":2,\"name\":\"Resumo sobre a S\u00famula 665 do STJ\"}]},{\"@type\":\"WebSite\",\"@id\":\"https:\\\/\\\/cj.estrategia.com\\\/portal\\\/#website\",\"url\":\"https:\\\/\\\/cj.estrategia.com\\\/portal\\\/\",\"name\":\"Blog - Carreiras Jur\u00eddicas - Estrat\u00e9gia\",\"description\":\"\",\"publisher\":{\"@id\":\"https:\\\/\\\/cj.estrategia.com\\\/portal\\\/#organization\"},\"potentialAction\":[{\"@type\":\"SearchAction\",\"target\":{\"@type\":\"EntryPoint\",\"urlTemplate\":\"https:\\\/\\\/cj.estrategia.com\\\/portal\\\/?s={search_term_string}\"},\"query-input\":{\"@type\":\"PropertyValueSpecification\",\"valueRequired\":true,\"valueName\":\"search_term_string\"}}],\"inLanguage\":\"pt-BR\"},{\"@type\":\"Organization\",\"@id\":\"https:\\\/\\\/cj.estrategia.com\\\/portal\\\/#organization\",\"name\":\"Estrat\u00e9gia - Carreiras Jur\u00eddicas\",\"url\":\"https:\\\/\\\/cj.estrategia.com\\\/portal\\\/\",\"logo\":{\"@type\":\"ImageObject\",\"inLanguage\":\"pt-BR\",\"@id\":\"https:\\\/\\\/cj.estrategia.com\\\/portal\\\/#\\\/schema\\\/logo\\\/image\\\/\",\"url\":\"https:\\\/\\\/cj.estrategia.com\\\/portal\\\/wp-content\\\/uploads\\\/2022\\\/03\\\/11151052\\\/cj-logo.png\",\"contentUrl\":\"https:\\\/\\\/cj.estrategia.com\\\/portal\\\/wp-content\\\/uploads\\\/2022\\\/03\\\/11151052\\\/cj-logo.png\",\"width\":150,\"height\":39,\"caption\":\"Estrat\u00e9gia - Carreiras Jur\u00eddicas\"},\"image\":{\"@id\":\"https:\\\/\\\/cj.estrategia.com\\\/portal\\\/#\\\/schema\\\/logo\\\/image\\\/\"},\"sameAs\":[\"https:\\\/\\\/www.facebook.com\\\/estrategiacarreirajuridica\\\/\",\"https:\\\/\\\/x.com\\\/EstratJuridica\",\"https:\\\/\\\/www.instagram.com\\\/estrategiacarreirajuridica\\\/\",\"https:\\\/\\\/www.youtube.com\\\/channel\\\/UClbMGuYbj2Mh1m3w144ETWQ\"]},{\"@type\":\"Person\",\"@id\":\"https:\\\/\\\/cj.estrategia.com\\\/portal\\\/#\\\/schema\\\/person\\\/74287401cf4654f4fa04e378de7261ec\",\"name\":\"Frederico Tadeu Borlot Peixoto\",\"image\":{\"@type\":\"ImageObject\",\"inLanguage\":\"pt-BR\",\"@id\":\"https:\\\/\\\/cj.estrategia.com\\\/portal\\\/wp-content\\\/uploads\\\/2023\\\/06\\\/29094204\\\/GBAY0702-96x96.jpg\",\"url\":\"https:\\\/\\\/cj.estrategia.com\\\/portal\\\/wp-content\\\/uploads\\\/2023\\\/06\\\/29094204\\\/GBAY0702-96x96.jpg\",\"contentUrl\":\"https:\\\/\\\/cj.estrategia.com\\\/portal\\\/wp-content\\\/uploads\\\/2023\\\/06\\\/29094204\\\/GBAY0702-96x96.jpg\",\"caption\":\"Frederico Tadeu Borlot Peixoto\"},\"description\":\"Analista Judici\u00e1rio - \u00c1rea Judici\u00e1ria do TRF da 4\u00aa regi\u00e3o. Bacharel em Direito. P\u00f3s-graduado em Direito Administrativo, Legisla\u00e7\u00e3o Penal Especial, Direito Penal e Direito Processual Penal. Tamb\u00e9m nomeado no TRF da 3\u00aa regi\u00e3o (8\u00ba lugar); SPPREV (3\u00ba lugar); IFES (2\u00ba lugar); e PMES. https:\\\/\\\/www.instagram.com\\\/proffrederico\\\/\",\"sameAs\":[\"https:\\\/\\\/www.instagram.com\\\/proffrederico\\\/\"],\"url\":\"https:\\\/\\\/cj.estrategia.com\\\/portal\\\/author\\\/xfrederico\\\/\"}]}<\/script>\n<!-- \/ Yoast SEO Premium plugin. -->","yoast_head_json":{"title":"Resumo sobre a S\u00famula 665 do STJ","description":"Confira nosso resumo sobre a S\u00famula 665 do STJ, que trata da an\u00e1lise judicial do m\u00e9rito administrativo em PAD!","robots":{"index":"index","follow":"follow","max-snippet":"max-snippet:-1","max-image-preview":"max-image-preview:large","max-video-preview":"max-video-preview:-1"},"canonical":"https:\/\/cj.estrategia.com\/portal\/resumo-sumula-665-stj\/","og_locale":"pt_BR","og_type":"article","og_title":"Resumo sobre a S\u00famula 665 do STJ","og_description":"Confira nosso resumo sobre a S\u00famula 665 do STJ, que trata da an\u00e1lise judicial do m\u00e9rito administrativo em PAD!","og_url":"https:\/\/cj.estrategia.com\/portal\/resumo-sumula-665-stj\/","og_site_name":"Blog - Carreiras Jur\u00eddicas - Estrat\u00e9gia","article_publisher":"https:\/\/www.facebook.com\/estrategiacarreirajuridica\/","article_published_time":"2024-05-21T17:00:00+00:00","og_image":[{"width":2560,"height":1707,"url":"https:\/\/cj.estrategia.com\/portal\/wp-content\/uploads\/2024\/05\/08075834\/businessman-signing-important-contract-papers-scaled.jpg","type":"image\/jpeg"}],"author":"Frederico Tadeu Borlot Peixoto","twitter_card":"summary_large_image","twitter_creator":"@EstratJuridica","twitter_site":"@EstratJuridica","twitter_misc":{"Escrito por":"Frederico Tadeu Borlot Peixoto","Est. tempo de leitura":"10 minutos"},"schema":{"@context":"https:\/\/schema.org","@graph":[{"@type":"NewsArticle","@id":"https:\/\/cj.estrategia.com\/portal\/resumo-sumula-665-stj\/#article","isPartOf":{"@id":"https:\/\/cj.estrategia.com\/portal\/resumo-sumula-665-stj\/"},"author":{"name":"Frederico Tadeu Borlot Peixoto","@id":"https:\/\/cj.estrategia.com\/portal\/#\/schema\/person\/74287401cf4654f4fa04e378de7261ec"},"headline":"Resumo sobre a S\u00famula 665 do STJ","datePublished":"2024-05-21T17:00:00+00:00","mainEntityOfPage":{"@id":"https:\/\/cj.estrategia.com\/portal\/resumo-sumula-665-stj\/"},"wordCount":2042,"commentCount":0,"publisher":{"@id":"https:\/\/cj.estrategia.com\/portal\/#organization"},"image":{"@id":"https:\/\/cj.estrategia.com\/portal\/resumo-sumula-665-stj\/#primaryimage"},"thumbnailUrl":"https:\/\/cj.estrategia.com\/portal\/wp-content\/uploads\/2024\/05\/08075834\/businessman-signing-important-contract-papers-scaled.jpg","articleSection":["Carreiras Jur\u00eddicas"],"inLanguage":"pt-BR","potentialAction":[{"@type":"CommentAction","name":"Comment","target":["https:\/\/cj.estrategia.com\/portal\/resumo-sumula-665-stj\/#respond"]}],"accessibilityFeature":["tableOfContents"]},{"@type":"WebPage","@id":"https:\/\/cj.estrategia.com\/portal\/resumo-sumula-665-stj\/","url":"https:\/\/cj.estrategia.com\/portal\/resumo-sumula-665-stj\/","name":"Resumo sobre a S\u00famula 665 do STJ","isPartOf":{"@id":"https:\/\/cj.estrategia.com\/portal\/#website"},"primaryImageOfPage":{"@id":"https:\/\/cj.estrategia.com\/portal\/resumo-sumula-665-stj\/#primaryimage"},"image":{"@id":"https:\/\/cj.estrategia.com\/portal\/resumo-sumula-665-stj\/#primaryimage"},"thumbnailUrl":"https:\/\/cj.estrategia.com\/portal\/wp-content\/uploads\/2024\/05\/08075834\/businessman-signing-important-contract-papers-scaled.jpg","datePublished":"2024-05-21T17:00:00+00:00","description":"Confira nosso resumo sobre a S\u00famula 665 do STJ, que trata da an\u00e1lise judicial do m\u00e9rito administrativo em PAD!","breadcrumb":{"@id":"https:\/\/cj.estrategia.com\/portal\/resumo-sumula-665-stj\/#breadcrumb"},"inLanguage":"pt-BR","potentialAction":[{"@type":"ReadAction","target":["https:\/\/cj.estrategia.com\/portal\/resumo-sumula-665-stj\/"]}]},{"@type":"ImageObject","inLanguage":"pt-BR","@id":"https:\/\/cj.estrategia.com\/portal\/resumo-sumula-665-stj\/#primaryimage","url":"https:\/\/cj.estrategia.com\/portal\/wp-content\/uploads\/2024\/05\/08075834\/businessman-signing-important-contract-papers-scaled.jpg","contentUrl":"https:\/\/cj.estrategia.com\/portal\/wp-content\/uploads\/2024\/05\/08075834\/businessman-signing-important-contract-papers-scaled.jpg","width":2560,"height":1707,"caption":"Resumo sobre a S\u00famula 665 do STJ"},{"@type":"BreadcrumbList","@id":"https:\/\/cj.estrategia.com\/portal\/resumo-sumula-665-stj\/#breadcrumb","itemListElement":[{"@type":"ListItem","position":1,"name":"In\u00edcio","item":"https:\/\/cj.estrategia.com\/portal\/"},{"@type":"ListItem","position":2,"name":"Resumo sobre a S\u00famula 665 do STJ"}]},{"@type":"WebSite","@id":"https:\/\/cj.estrategia.com\/portal\/#website","url":"https:\/\/cj.estrategia.com\/portal\/","name":"Blog - Carreiras Jur\u00eddicas - Estrat\u00e9gia","description":"","publisher":{"@id":"https:\/\/cj.estrategia.com\/portal\/#organization"},"potentialAction":[{"@type":"SearchAction","target":{"@type":"EntryPoint","urlTemplate":"https:\/\/cj.estrategia.com\/portal\/?s={search_term_string}"},"query-input":{"@type":"PropertyValueSpecification","valueRequired":true,"valueName":"search_term_string"}}],"inLanguage":"pt-BR"},{"@type":"Organization","@id":"https:\/\/cj.estrategia.com\/portal\/#organization","name":"Estrat\u00e9gia - Carreiras Jur\u00eddicas","url":"https:\/\/cj.estrategia.com\/portal\/","logo":{"@type":"ImageObject","inLanguage":"pt-BR","@id":"https:\/\/cj.estrategia.com\/portal\/#\/schema\/logo\/image\/","url":"https:\/\/cj.estrategia.com\/portal\/wp-content\/uploads\/2022\/03\/11151052\/cj-logo.png","contentUrl":"https:\/\/cj.estrategia.com\/portal\/wp-content\/uploads\/2022\/03\/11151052\/cj-logo.png","width":150,"height":39,"caption":"Estrat\u00e9gia - Carreiras Jur\u00eddicas"},"image":{"@id":"https:\/\/cj.estrategia.com\/portal\/#\/schema\/logo\/image\/"},"sameAs":["https:\/\/www.facebook.com\/estrategiacarreirajuridica\/","https:\/\/x.com\/EstratJuridica","https:\/\/www.instagram.com\/estrategiacarreirajuridica\/","https:\/\/www.youtube.com\/channel\/UClbMGuYbj2Mh1m3w144ETWQ"]},{"@type":"Person","@id":"https:\/\/cj.estrategia.com\/portal\/#\/schema\/person\/74287401cf4654f4fa04e378de7261ec","name":"Frederico Tadeu Borlot Peixoto","image":{"@type":"ImageObject","inLanguage":"pt-BR","@id":"https:\/\/cj.estrategia.com\/portal\/wp-content\/uploads\/2023\/06\/29094204\/GBAY0702-96x96.jpg","url":"https:\/\/cj.estrategia.com\/portal\/wp-content\/uploads\/2023\/06\/29094204\/GBAY0702-96x96.jpg","contentUrl":"https:\/\/cj.estrategia.com\/portal\/wp-content\/uploads\/2023\/06\/29094204\/GBAY0702-96x96.jpg","caption":"Frederico Tadeu Borlot Peixoto"},"description":"Analista Judici\u00e1rio - \u00c1rea Judici\u00e1ria do TRF da 4\u00aa regi\u00e3o. Bacharel em Direito. P\u00f3s-graduado em Direito Administrativo, Legisla\u00e7\u00e3o Penal Especial, Direito Penal e Direito Processual Penal. Tamb\u00e9m nomeado no TRF da 3\u00aa regi\u00e3o (8\u00ba lugar); SPPREV (3\u00ba lugar); IFES (2\u00ba lugar); e PMES. https:\/\/www.instagram.com\/proffrederico\/","sameAs":["https:\/\/www.instagram.com\/proffrederico\/"],"url":"https:\/\/cj.estrategia.com\/portal\/author\/xfrederico\/"}]}},"jetpack_featured_media_url":"https:\/\/cj.estrategia.com\/portal\/wp-content\/uploads\/2024\/05\/08075834\/businessman-signing-important-contract-papers-scaled.jpg","jetpack_sharing_enabled":true,"_links":{"self":[{"href":"https:\/\/cj.estrategia.com\/portal\/wp-json\/wp\/v2\/posts\/62426","targetHints":{"allow":["GET"]}}],"collection":[{"href":"https:\/\/cj.estrategia.com\/portal\/wp-json\/wp\/v2\/posts"}],"about":[{"href":"https:\/\/cj.estrategia.com\/portal\/wp-json\/wp\/v2\/types\/post"}],"author":[{"embeddable":true,"href":"https:\/\/cj.estrategia.com\/portal\/wp-json\/wp\/v2\/users\/39"}],"replies":[{"embeddable":true,"href":"https:\/\/cj.estrategia.com\/portal\/wp-json\/wp\/v2\/comments?post=62426"}],"version-history":[{"count":2,"href":"https:\/\/cj.estrategia.com\/portal\/wp-json\/wp\/v2\/posts\/62426\/revisions"}],"predecessor-version":[{"id":62432,"href":"https:\/\/cj.estrategia.com\/portal\/wp-json\/wp\/v2\/posts\/62426\/revisions\/62432"}],"wp:featuredmedia":[{"embeddable":true,"href":"https:\/\/cj.estrategia.com\/portal\/wp-json\/wp\/v2\/media\/62431"}],"wp:attachment":[{"href":"https:\/\/cj.estrategia.com\/portal\/wp-json\/wp\/v2\/media?parent=62426"}],"wp:term":[{"taxonomy":"category","embeddable":true,"href":"https:\/\/cj.estrategia.com\/portal\/wp-json\/wp\/v2\/categories?post=62426"},{"taxonomy":"post_tag","embeddable":true,"href":"https:\/\/cj.estrategia.com\/portal\/wp-json\/wp\/v2\/tags?post=62426"},{"taxonomy":"tax_estado","embeddable":true,"href":"https:\/\/cj.estrategia.com\/portal\/wp-json\/wp\/v2\/tax_estado?post=62426"}],"curies":[{"name":"wp","href":"https:\/\/api.w.org\/{rel}","templated":true}]}}