{"id":62215,"date":"2024-05-27T11:00:00","date_gmt":"2024-05-27T14:00:00","guid":{"rendered":"https:\/\/cj.estrategia.com\/portal\/?p=62215"},"modified":"2024-05-13T21:13:23","modified_gmt":"2024-05-14T00:13:23","slug":"sistema-eleitoral-proporcional","status":"publish","type":"post","link":"https:\/\/cj.estrategia.com\/portal\/sistema-eleitoral-proporcional\/","title":{"rendered":"Sistema eleitoral proporcional"},"content":{"rendered":"<div class=\"wp-block-image\">\n<figure class=\"aligncenter size-large is-resized\"><img decoding=\"async\" width=\"1024\" height=\"1024\" src=\"https:\/\/cj.estrategia.com\/portal\/wp-content\/uploads\/2024\/05\/03064544\/4116831-1024x1024.jpg\" alt=\"Sistema eleitoral proporcional\" class=\"wp-image-62216\" style=\"object-fit:cover;width:624px;height:400px\" srcset=\"https:\/\/cj.estrategia.com\/portal\/wp-content\/uploads\/2024\/05\/03064544\/4116831-1024x1024.jpg 1024w, https:\/\/cj.estrategia.com\/portal\/wp-content\/uploads\/2024\/05\/03064544\/4116831-300x300.jpg 300w, https:\/\/cj.estrategia.com\/portal\/wp-content\/uploads\/2024\/05\/03064544\/4116831-150x150.jpg 150w, https:\/\/cj.estrategia.com\/portal\/wp-content\/uploads\/2024\/05\/03064544\/4116831-768x768.jpg 768w, https:\/\/cj.estrategia.com\/portal\/wp-content\/uploads\/2024\/05\/03064544\/4116831-1536x1536.jpg 1536w, https:\/\/cj.estrategia.com\/portal\/wp-content\/uploads\/2024\/05\/03064544\/4116831-80x80.jpg 80w, https:\/\/cj.estrategia.com\/portal\/wp-content\/uploads\/2024\/05\/03064544\/4116831-380x380.jpg 380w, https:\/\/cj.estrategia.com\/portal\/wp-content\/uploads\/2024\/05\/03064544\/4116831-800x800.jpg 800w, https:\/\/cj.estrategia.com\/portal\/wp-content\/uploads\/2024\/05\/03064544\/4116831-1160x1160.jpg 1160w, https:\/\/cj.estrategia.com\/portal\/wp-content\/uploads\/2024\/05\/03064544\/4116831-24x24.jpg 24w, https:\/\/cj.estrategia.com\/portal\/wp-content\/uploads\/2024\/05\/03064544\/4116831-48x48.jpg 48w, https:\/\/cj.estrategia.com\/portal\/wp-content\/uploads\/2024\/05\/03064544\/4116831-96x96.jpg 96w, https:\/\/cj.estrategia.com\/portal\/wp-content\/uploads\/2024\/05\/03064544\/4116831.jpg 2000w\" sizes=\"(max-width: 1024px) 100vw, 1024px\" \/><figcaption class=\"wp-element-caption\">Sistema eleitoral proporcional<\/figcaption><\/figure>\n<\/div>\n\n\n<p>Fala, pessoal, tudo certo? Hoje faremos um breve resumo sobre o Sistema eleitoral proporcional, expondo, inclusive, recente entendimento do Supremo Tribunal Federal (STF) sobre as \u201csobras eleitorais\u201d.<\/p>\n\n\n\n<p>Desse modo, teceremos algumas considera\u00e7\u00f5es iniciais sobre a previs\u00e3o constitucional e legal do Sistema Eleitoral Proporcional, apontando quais cargos est\u00e3o a eles sujeitos e quais est\u00e3o sujeitos ao princ\u00edpio majorit\u00e1rio.<\/p>\n\n\n\n<p>Na sequ\u00eancia, falaremos sobre o funcionamento em si do sistema proporcional, apontando como ocorre o c\u00e1lculo do quociente eleitoral (QE) e do quociente partid\u00e1rio (QP).<\/p>\n\n\n\n<p>Por fim, destacamos recente jurisprud\u00eancia do STF no que diz respeito \u00e0s \u201csobras eleitorais\u201d constantes do artigo 109 e 111 do C\u00f3digo Eleitoral.<\/p>\n\n\n\n<p>Assim, vamos ao que interessa!<\/p>\n\n\n\n<div class=\"wp-block-yoast-seo-table-of-contents yoast-table-of-contents\"><h2 id=\"sumario\"><mark style=\"background-color:rgba(0, 0, 0, 0)\" class=\"has-inline-color has-luminous-vivid-orange-color\">Sum\u00e1rio<\/mark><\/h2><ul><li><a href=\"#h-sistema-eleitoral-proporcional\" data-level=\"2\">Sistema eleitoral proporcional<\/a><ul><li><a href=\"#h-previsao-constitucional-legal-nbsp\" data-level=\"3\">Previs\u00e3o constitucional\/legal\u00a0<\/a><\/li><li><a href=\"#h-funcionamento-do-sistema-eleitoral-proporcional\" data-level=\"3\">Funcionamento do sistema eleitoral proporcional<\/a><ul><li><a href=\"#h-quociente-eleitoral-qe\" data-level=\"4\">Quociente eleitoral (QE)<\/a><\/li><li><a href=\"#h-quociente-partidario-qp\" data-level=\"4\">Quociente partid\u00e1rio (QP)<\/a><\/li><li><a href=\"#h-sobras-eleitorais\" data-level=\"4\">\u201cSobras Eleitorais\u201d<\/a><\/li><\/ul><\/li><\/ul><\/li><li><a href=\"#h-conclusao\" data-level=\"2\">Conclus\u00e3o<\/a><ul><li><a href=\"#assinatura-de-concursos\" data-level=\"3\">Assinatura de Concursos<\/a><\/li><\/ul><\/li><li><a href=\"#concursos-e-vagas-previstas-para-2023\" data-level=\"2\">Concursos e vagas previstas para 2024:<\/a><\/li><\/ul><\/div>\n\n\n\n<h2 class=\"wp-block-heading has-luminous-vivid-orange-color has-text-color has-link-color wp-elements-4cbf36221503cbbe68f7e82e4e938a2d\" id=\"h-sistema-eleitoral-proporcional\"><span id=\"sistema-eleitoral-proporcional\">Sistema eleitoral proporcional<\/span><\/h2>\n\n\n\n<h3 class=\"wp-block-heading has-luminous-vivid-orange-color has-text-color has-link-color wp-elements-0cef2f0fa5ccf05a0e44127a2e6dc559\" id=\"h-previsao-constitucional-legal-nbsp\"><span id=\"previsao-constitucional-legal\">Previs\u00e3o constitucional\/legal\u00a0<\/span><\/h3>\n\n\n\n<p>Primeiramente, \u00e9 importante destacar que os sistemas eleitorais encontram, sobretudo, previs\u00e3o na pr\u00f3pria Constitui\u00e7\u00e3o Federal, tendo em vista a relev\u00e2ncia da mat\u00e9ria.<\/p>\n\n\n\n<p>Nesse sentido, o artigo 45 da CF\/88 disp\u00f5e que a C\u00e2mara dos Deputados comp\u00f5e-se de representantes do povo, <strong>eleitos, pelo sistema proporcional, <\/strong>em cada Estado, em cada Territ\u00f3rio e no Distrito Federal.<\/p>\n\n\n\n<p>O mesmo ocorre em rela\u00e7\u00e3o aos Deputados Estaduais, vide artigo 27, <em>caput<\/em> e \u00a7 1\u00ba; Deputados Distritais, vide artigo 32, \u00a7 2\u00ba; e Vereadores, conforme artigo 29, <em>caput<\/em> e inciso I, todos da CF.<\/p>\n\n\n\n<p>Por sua vez, o artigo 46 da CF preconiza que o Senado Federal comp\u00f5e-se de representantes dos Estados e do Distrito Federal,<strong> eleitos segundo o princ\u00edpio majorit\u00e1rio.<\/strong><\/p>\n\n\n\n<p>O mesmo ocorre em rela\u00e7\u00e3o aos Prefeitos, Governadores, Presidente da Rep\u00fablica e respectivos vices, conforme artigos 28, <em>caput<\/em>; 29, incisos I e II; 77, <em>caput<\/em> e \u00a7\u00a7 2\u00ba e 3\u00ba, todos da CF\/88.<\/p>\n\n\n\n<p>J\u00e1 em \u00e2mbito infraconstitucional, a principal legisla\u00e7\u00e3o que trata dos sistemas eleitorais \u00e9 o C\u00f3digo Eleitoral (CE) \u2013 Lei 4.737\/1965 -, o fazendo em seus <a href=\"https:\/\/www.planalto.gov.br\/ccivil_03\/leis\/l4737compilado.htm#:~:text=DO%20SISTEMA%20ELEITORAL\" target=\"_blank\" >artigos 82 e seguintes<\/a>.<\/p>\n\n\n\n<p>Com efeito, em seus artigos 83 e 84 acaba por resumir toda a disciplina constitucional sobre o assunto:<\/p>\n\n\n\n<blockquote class=\"wp-block-quote is-layout-flow wp-block-quote-is-layout-flow\">\n<p class=\"has-small-font-size\">Art. 83. Na elei\u00e7\u00e3o direta para o Senado Federal, para Prefeito e Vice-Prefeito, adotar-se-\u00e1 o princ\u00edpio majorit\u00e1rio.\u00a0\u00a0\u00a0\u00a0\u00a0\u00a0\u00a0\u00a0\u00a0\u00a0\u00a0\u00a0\u00a0\u00a0\u00a0<\/p>\n\n\n\n<p class=\"has-small-font-size\">Art. 84. A elei\u00e7\u00e3o para a C\u00e2mara dos Deputados, Assembl\u00e9ias Legislativas e C\u00e2maras Municipais, obedecer\u00e1 ao princ\u00edpio da representa\u00e7\u00e3o proporcional na forma desta lei.<\/p>\n<\/blockquote>\n\n\n\n<p>Por fim, destaca-se que alguns conceitos importantes para o entendimento do tema em estudo podem ser encontrados em outras leis eleitorais, a exemplo da Lei das Elei\u00e7\u00f5es (Lei 9.504\/1997).<\/p>\n\n\n\n<h3 class=\"wp-block-heading has-luminous-vivid-orange-color has-text-color has-link-color wp-elements-6d83eaa94a8e4a417c4f55135fe2efe2\" id=\"h-funcionamento-do-sistema-eleitoral-proporcional\"><span id=\"funcionamento-do-sistema-eleitoral-proporcional\">Funcionamento do sistema eleitoral proporcional<\/span><\/h3>\n\n\n\n<p>Sobre o assunto, Jaime Barreiros Neto e Rafael Barretto ensinam que o sistema eleitoral adotado nas elei\u00e7\u00f5es para deputados e vereadores no Brasil \u00e9 o <strong>sistema eleitoral proporcional de lista aberta<\/strong>, cabendo aos eleitores t\u00e3o somente a <strong>defini\u00e7\u00e3o dos nomes <\/strong>dos candidatos que ocupar\u00e3o as <strong>vagas conquistadas pelos partidos.\u00a0<\/strong><\/p>\n\n\n\n<p>Notem, portanto, que uma primeira informa\u00e7\u00e3o importante \u00e9 a de que, no sistema eleitoral proporcional, <strong>A VAGA \u00c9 DO PARTIDO, e n\u00e3o do candidato.<\/strong><\/p>\n\n\n\n<p>Vamos entender isso melhor.<\/p>\n\n\n\n<h4 class=\"wp-block-heading has-luminous-vivid-orange-color has-text-color has-link-color wp-elements-34e3abb30f356e988c78bf9921816adf\" id=\"h-quociente-eleitoral-qe\"><span id=\"quociente-eleitoral-qe\">Quociente eleitoral (QE)<\/span><\/h4>\n\n\n\n<p>O sistema proporcional de elei\u00e7\u00e3o utiliza-se, de acordo com o art. 106 do C\u00f3digo Eleitoral, do chamado \u201cquociente eleitoral\u201d.<\/p>\n\n\n\n<p>Esse quociente \u00e9 obtido pela <strong>divis\u00e3o entre o n\u00famero total de votos v\u00e1lidos<\/strong> pelo n\u00famero de <strong>vagas dispon\u00edveis para aquele cargo<\/strong> naquele Estado\/Munic\u00edpio.\u00a0\u00a0<\/p>\n\n\n\n<p>De acordo com o artigo 5\u00ba da Lei das Elei\u00e7\u00f5es, para as elei\u00e7\u00f5es proporcionais contam-se como <strong>votos v\u00e1lidos <\/strong>apenas aqueles dados a candidatos regularmente inscritos e \u00e0s legendas partid\u00e1rias. Portanto, n\u00e3o s\u00e3o computados os votos nulos ou em branco.<\/p>\n\n\n\n<figure class=\"wp-block-table\"><table><tbody><tr><td>Ent\u00e3o, imagine que, para o Estado do Esp\u00edrito Santo, o n\u00famero de vagas para Deputados Federais seja de 10 e que, em determinada elei\u00e7\u00e3o, o n\u00famero de votos v\u00e1lidos ficou em 2 milh\u00f5es.<br><br>Nesse caso, o quociente eleitoral ser\u00e1 o resultado da divis\u00e3o entre 2.000.000 por 10, que resultar\u00e1 em 200.000 (duzentos mil).<\/td><\/tr><\/tbody><\/table><\/figure>\n\n\n\n<p>Al\u00e9m disso, \u00e9 importante destacar que, <strong>caso o n\u00famero n\u00e3o seja inteiro, ser\u00e1 desprezada a fra\u00e7\u00e3o \u201cigual ou inferior a meio\u201d<\/strong>. Caso essa fra\u00e7\u00e3o seja superior a \u201c0,5\u201d, considera-se o n\u00famero inteiro seguinte.<\/p>\n\n\n\n<p>Por exemplo, suponha que o quociente eleitoral tivesse resultado em 197.568,24. Nesse caso desprezar\u00edamos a fra\u00e7\u00e3o \u201c0,24\u201d, pois inferior a 0,5, caso em que ter\u00edamos o QE em 197.568.\u00a0<\/p>\n\n\n\n<p>Por outro lado, caso o resultado fosse 197.568,78, da\u00ed ent\u00e3o nosso QE seria 197.569.<\/p>\n\n\n\n<p><em>\u2192 Ok, mas o que fazer com esse n\u00famero encontrado? <\/em>\u00c9 o que vamos ver agora.<\/p>\n\n\n\n<h4 class=\"wp-block-heading has-luminous-vivid-orange-color has-text-color has-link-color wp-elements-3b1afa8d02e1690e6fe74fb953c259cd\" id=\"h-quociente-partidario-qp\"><span id=\"quociente-partidario-qp\">Quociente partid\u00e1rio (QP)<\/span><\/h4>\n\n\n\n<p>Uma vez que se obt\u00e9m o quociente eleitoral, iremos identificar o chamado \u201cquociente partid\u00e1rio\u201d.<\/p>\n\n\n\n<p><strong>\u00c9 importante que se saiba que o QP, diferentemente do QE, ser\u00e1 analisado individualmente para cada partido.<\/strong><\/p>\n\n\n\n<p>Isso porque ele decorre da utiliza\u00e7\u00e3o do n\u00famero de votos v\u00e1lidos para cada legenda partid\u00e1ria, como veremos agora.<\/p>\n\n\n\n<p>De acordo com o artigo 107 do C\u00f3digo Eleitoral, com reda\u00e7\u00e3o atual dada pela Lei 14.211\/2021, encontra-se o QP <strong>dividindo-se o n\u00famero de votos v\u00e1lidos dados sob a mesma legenda, desprezada a fra\u00e7\u00e3o, pelo quociente eleitoral.<\/strong><\/p>\n\n\n\n<p>Portanto, o QP \u00e9 o resultado da divis\u00e3o do total de votos obtidos por cada partido pelo quociente eleitoral, desprezando-se a fra\u00e7\u00e3o.\u00a0\u00a0<\/p>\n\n\n\n<p>Dessa forma, <strong>o n\u00famero inteiro a que se chegar\u00e1 ser\u00e1 tamb\u00e9m, em tese,<\/strong> o n\u00famero de candidatos que aquele partido eleger\u00e1 naquela elei\u00e7\u00e3o.\u00a0<\/p>\n\n\n\n<p><em>\u2192 Mas por que \u201cem tese\u201d?<\/em><\/p>\n\n\n\n<p>Isso porque o artigo 108 do C\u00f3digo Eleitoral disp\u00f5e que s\u00f3 ser\u00e3o realmente de imediato eleitos os candidatos <strong>caso individualmente tenham obtido votos em n\u00famero igual ou superior a 10% do quociente eleitoral,<\/strong> tantos quantos o respectivo quociente partid\u00e1rio indicar, na ordem da vota\u00e7\u00e3o nominal que cada um tenha recebido.<\/p>\n\n\n\n<figure class=\"wp-block-table\"><table><tbody><tr><td>Continuando nosso exemplo acima, em que t\u00ednhamos 200 mil de QE, suponha que o Partido \u201cA\u201d tenha obtido 620 mil votos v\u00e1lidos e que esse partido tenha lan\u00e7ado 8 candidatos para disputar os 10 cargos de Deputado Federal.<br><br>Imagine, ainda, que os candidatos n\u00ba 01, 02 e 03 do partido tenham obtido 230, 215 e 200 mil votos, respectivamente.<br><br>Como dissemos acima, para achar o QP, temos que dividir o n\u00famero de votos v\u00e1lidos pelo QE.<br><br>Desse modo, vamos dividir os 620 mil votos v\u00e1lidos pelo QE (620.000 \/ 200.000), o que resultar\u00e1 em <strong>3,1<\/strong>. Ou seja, desprezando-se a fra\u00e7\u00e3o, isso significa dizer que esse partido, em tese, poderia eleger 3 candidatos.\u00a0<br><br>No entanto, nos termos do artigo 108 do CE, apenas ser\u00e3o eleitos de imediato aqueles que obtiverem o QE+10%, isso \u00e9, n\u00famero de votos igual ou superior a 220 mil votos.<br><br>Portanto, o partido A poderia, de imediato, eleger apenas o candidato n\u00ba 01, que recebeu 230 mil votos.<\/td><\/tr><\/tbody><\/table><\/figure>\n\n\n\n<h4 class=\"wp-block-heading has-luminous-vivid-orange-color has-text-color has-link-color wp-elements-cf5c63cde44b30554e79d82271569e65\" id=\"h-sobras-eleitorais\"><span id=\"sobras-eleitorais\">\u201cSobras Eleitorais\u201d<\/span><\/h4>\n\n\n\n<p>Embora tenhamos explicado como ocorre para cada partido garantir vagas para elei\u00e7\u00e3o, pode acontecer de nem sempre o partido ter algum candidato que preencha o quociente partid\u00e1rio + 10%; ou ent\u00e3o nem sempre o partido conseguir ao menos 1 no quociente partid\u00e1rio.\u00a0<\/p>\n\n\n\n<p>Ainda, pode ocorrer de haver v\u00e1rios partidos e candidatos nessa situa\u00e7\u00e3o, n\u00e3o havendo preenchimento imediato das vagas nos termos do artigo 108 do CE.<\/p>\n\n\n\n<p>O que acontece nesses casos? Bom, \u00e9 aqui que entram as chamadas \u201csobras eleitorais\u201d.<\/p>\n\n\n\n<p><strong>Os lugares n\u00e3o preenchidos<\/strong> em raz\u00e3o da exig\u00eancia de vota\u00e7\u00e3o nominal m\u00ednima a que se refere o artigo 108 <strong>ser\u00e3o distribu\u00eddos de acordo com as regras do art. 109 e seguintes do CE:<\/strong><\/p>\n\n\n\n<blockquote class=\"wp-block-quote is-layout-flow wp-block-quote-is-layout-flow\">\n<p class=\"has-small-font-size\">Art. 109.\u00a0 Os lugares n\u00e3o preenchidos com a aplica\u00e7\u00e3o dos quocientes partid\u00e1rios e em raz\u00e3o da exig\u00eancia de vota\u00e7\u00e3o nominal m\u00ednima a que se refere o art. 108 ser\u00e3o distribu\u00eddos de acordo com as seguintes regras:\u00a0 \u00a0 \u00a0 \u00a0 \u00a0 \u00a0 (Reda\u00e7\u00e3o dada pela Lei n\u00ba 13.165, de 2015)<\/p>\n\n\n\n<p class=\"has-small-font-size\">I \u2013 dividir-se-\u00e1 o n\u00famero de votos v\u00e1lidos atribu\u00eddos a cada partido pelo n\u00famero de lugares por ele obtido mais 1 (um), cabendo ao partido que apresentar a maior m\u00e9dia um dos lugares a preencher, desde que tenha candidato que atenda \u00e0 exig\u00eancia de vota\u00e7\u00e3o nominal m\u00ednima;\u00a0 \u00a0 (Reda\u00e7\u00e3o dada pela Lei n\u00ba 14.211, de 2021)<\/p>\n\n\n\n<p class=\"has-small-font-size\">II \u2013 repetir-se-\u00e1 a opera\u00e7\u00e3o para cada um dos lugares a preencher;\u00a0 \u00a0 \u00a0 \u00a0 \u00a0 \u00a0 (Reda\u00e7\u00e3o dada pela Lei n\u00ba 13.165, de 2015)<\/p>\n\n\n\n<p class=\"has-small-font-size\">III \u2013 quando n\u00e3o houver mais partidos com candidatos que atendam \u00e0s duas exig\u00eancias do inciso I deste caput, as cadeiras ser\u00e3o distribu\u00eddas aos partidos que apresentarem as maiores m\u00e9dias.\u00a0 \u00a0 (Reda\u00e7\u00e3o dada pela Lei n\u00ba 14.211, de 2021)<\/p>\n\n\n\n<p class=\"has-small-font-size\">\u00a7 1\u00ba O preenchimento dos lugares com que cada partido for contemplado far-se-\u00e1 segundo a ordem de vota\u00e7\u00e3o recebida por seus candidatos.\u00a0 \u00a0 (Reda\u00e7\u00e3o dada pela Lei n\u00ba 14.211, de 2021)<\/p>\n\n\n\n<p class=\"has-small-font-size\">\u00a7 2\u00ba Poder\u00e3o concorrer \u00e0 distribui\u00e7\u00e3o dos lugares todos os partidos que participaram do pleito, desde que tenham obtido pelo menos 80% (oitenta por cento) do quociente eleitoral, e os candidatos que tenham obtido votos em n\u00famero igual ou superior a 20% (vinte por cento) desse quociente.\u00a0 \u00a0 (Reda\u00e7\u00e3o dada pela Lei n\u00ba 14.211, de 2021)\u00a0\u00a0\u00a0<\/p>\n\n\n\n<p class=\"has-small-font-size\">Art. 110. Em caso de empate, haver-se-\u00e1 por eleito o candidato mais idoso.<\/p>\n\n\n\n<p class=\"has-small-font-size\">Art. 111. Se nenhum partido alcan\u00e7ar o quociente eleitoral, considerar-se-\u00e3o eleitos, at\u00e9 serem preenchidos todos os lugares, os candidatos mais votados.\u00a0 \u00a0 (Reda\u00e7\u00e3o dada pela Lei n\u00ba 14.211, de 2021)\u00a0\u00a0\u00a0<\/p>\n<\/blockquote>\n\n\n\n<p>Acontece que o Supremo Tribunal Federal (STF), no julgamento das ADIs <a href=\"https:\/\/portal.stf.jus.br\/processos\/detalhe.asp?incidente=6458957\" target=\"_blank\" >7.228\/DF<\/a>, <a href=\"https:\/\/portal.stf.jus.br\/processos\/detalhe.asp?incidente=6513675\" target=\"_blank\" >7.263\/DF<\/a> e <a href=\"https:\/\/portal.stf.jus.br\/processos\/detalhe.asp?incidente=6539691\" target=\"_blank\" >7.325\/DF<\/a>, analisou a (in)constitucionalidade de alguns desses dispositivos relacionados com as sobras eleitorais, principalmente do \u00a7 2\u00ba do artigo 109 e do artigo 111 do CE.<\/p>\n\n\n\n<p>Sendo assim, explicaremos abaixo as regras j\u00e1 de acordo com esse julgamento do STF.<\/p>\n\n\n\n<p>Desse modo, no que se refere \u00e0s sobras eleitorais,<strong> todos os partidos que participaram do pleito poder\u00e3o concorrer<\/strong> \u00e0 sua distribui\u00e7\u00e3o, <strong>independentemente da porcentagem do quociente eleitoral que alcan\u00e7aram.<\/strong><\/p>\n\n\n\n<p>Embora n\u00e3o seja isso o que fale o <strong>\u00a7 2\u00ba do artigo 109<\/strong>, o STF entendeu que esse dispositivo deve ser assim interpretado, de modo a <strong>viabilizar a ocupa\u00e7\u00e3o dos lugares por candidatos de partidos pequenos com expressiva vota\u00e7\u00e3o<\/strong>, independentemente de terem obtido n\u00famero de votos equivalente \u00e0 determinada porcentagem pr\u00e9-definida do quociente eleitoral.<\/p>\n\n\n\n<p>Al\u00e9m disso, o Supremo entendeu ser <strong>inconstitucional<\/strong>, por ofender o car\u00e1ter proporcional das elei\u00e7\u00f5es parlamentares, <strong>a regra do C\u00f3digo Eleitoral constante do artigo 111<\/strong>, que previa que, caso nenhum partido alcan\u00e7asse o quociente eleitoral, as vagas deveriam ser preenchidas pelos candidatos mais votados.<\/p>\n\n\n\n<p>Isso porque, para o STF, essa regra <em>\u201cconfigura um modo dissimulado e flagrantemente inconstitucional de implantar um sistema majorit\u00e1rio, semelhante ao conhecido \u2018distrit\u00e3o\u2019, amplamente rejeitado nos debates parlamentares nos quais se buscava implement\u00e1-lo\u201d<\/em>.<\/p>\n\n\n\n<p>Assim sendo, adota-se as seguintes regras para as vagas restantes:\u00a0\u00a0<\/p>\n\n\n\n<ol class=\"wp-block-list\">\n<li>Divide-se o n\u00famero de votos v\u00e1lidos atribu\u00eddos a cada partido pelo n\u00famero de lugares definido para o partido pelo c\u00e1lculo do quociente partid\u00e1rio do art. 107 mais um, cabendo ao partido que apresentar a maior m\u00e9dia um dos lugares a preencher, desde que tenha candidato que atenda \u00e0 exig\u00eancia de vota\u00e7\u00e3o nominal m\u00ednima;\u00a0<\/li>\n<\/ol>\n\n\n\n<ol class=\"wp-block-list\" start=\"2\">\n<li>Repete-se a opera\u00e7\u00e3o para cada um dos lugares a preencher;\u00a0\u00a0<\/li>\n<\/ol>\n\n\n\n<ol class=\"wp-block-list\" start=\"3\">\n<li>Essa distribui\u00e7\u00e3o, num primeiro momento, ocorrer\u00e1 entre os partidos que participaram do pleito e que obtiveram pelo menos 80% do QE e apenas a seus candidatos respectivos que tenham obtido votos em n\u00famero igual ou superior a 20% do QE.<\/li>\n\n\n\n<li>N\u00e3o havendo mais partidos na condi\u00e7\u00e3o do item 3 acima, ou seja, que atendam \u00e0 cl\u00e1usula de barreira 80\/20, as cadeiras restantes ser\u00e3o distribu\u00eddas por m\u00e9dia (nos termos dos itens 1 e 2), com a participa\u00e7\u00e3o de todos os partidos, sem exig\u00eancia da cl\u00e1usula de desempenho.<\/li>\n<\/ol>\n\n\n\n<h2 class=\"wp-block-heading has-luminous-vivid-orange-color has-text-color has-link-color wp-elements-0645e9f9153258c0ddc56b7eb8a5c3a7\" id=\"h-conclusao\"><span id=\"conclusao\">Conclus\u00e3o<\/span><\/h2>\n\n\n\n<p>Portanto, pessoal, esse foi nosso breve resumo sobre o Sistema Eleitoral Proporcional.<\/p>\n\n\n\n<p>Vimos a previs\u00e3o constitucional e legal do instituto, bem como seu funcionamento, com destaque para o entendimento do STF sobre as chamadas \u201csobras eleitorais\u201d.<\/p>\n\n\n\n<p>At\u00e9 a pr\u00f3xima!<\/p>\n\n\n\n<p class=\"has-text-align-center\" id=\"h-quer-saber-tudo-sobre-concursos-previstos\"><strong>Quer saber quais ser\u00e3o os pr\u00f3ximos concursos?<\/strong><\/p>\n\n\n\n<p class=\"has-text-align-center\">Confira nossos <a href=\"https:\/\/cj.estrategia.com\/portal\/\" target=\"_blank\" >artigos para Carreiras Jur\u00eddicas<\/a>!<\/p>\n\n\n\n<p class=\"has-text-align-center has-white-color has-pale-cyan-blue-background-color has-text-color has-background\"><a href=\"https:\/\/www.estrategiaconcursos.com.br\/blog\/concursos-abertos\/\" target=\"_blank\" >Confira os concursos p\u00fablicos abertos<\/a><\/p>\n\n\n\n<p class=\"has-text-align-center has-white-color has-pale-cyan-blue-background-color has-text-color has-background\"><a href=\"https:\/\/www.estrategiaconcursos.com.br\/blog\/concursos-2024\/\" target=\"_blank\" >Concursos 2024<\/a><\/p>\n\n\n\n<h3 class=\"wp-block-heading\" id=\"assinatura-de-concursos\">Assinatura de Concursos<\/h3>\n\n\n\n<p>Assinatura de 1 ano ou 2 anos <a href=\"https:\/\/www.estrategiaconcursos.com.br\/assinaturas\/\" target=\"_blank\" >ASSINE AGORA<\/a><\/p>\n\n\n\n<p>Agora, confira as vagas e oportunidades dos\u00a0<strong>concursos 2024<\/strong>\u00a0navegando atrav\u00e9s do \u00edndice abaixo:<\/p>\n\n\n\n<h2 class=\"wp-block-heading\" id=\"concursos-e-vagas-previstas-para-2023\"><span id=\"concursos-e-vagas-previstas-para-2024\">Concursos e vagas previstas para 2024:<\/span><\/h2>\n\n\n\n<p>Al\u00e9m deste resumo sobre o Sistema eleitoral proporcional, confira:<\/p>\n\n\n\n<ul class=\"wp-block-list\">\n<li><a href=\"https:\/\/www.estrategiaconcursos.com.br\/blog\/concursos-2023\/#policial\" target=\"_blank\" >Concursos Policiais<\/a><\/li>\n\n\n\n<li><a href=\"https:\/\/www.estrategiaconcursos.com.br\/blog\/concursos-2023\/#fiscal\" target=\"_blank\" >Concursos Fiscais<\/a><\/li>\n\n\n\n<li><a href=\"https:\/\/www.estrategiaconcursos.com.br\/blog\/concursos-2023\/#controle\" target=\"_blank\" >Concursos Controle<\/a><\/li>\n\n\n\n<li><a href=\"https:\/\/www.estrategiaconcursos.com.br\/blog\/concursos-2023\/#tribunais\" target=\"_blank\" >Concursos Tribunais<\/a><\/li>\n\n\n\n<li><a href=\"https:\/\/www.estrategiaconcursos.com.br\/blog\/concursos-2023\/#ministerios-publicos\" target=\"_blank\" >Concursos em Minist\u00e9rios P\u00fablicos<\/a><\/li>\n\n\n\n<li><a href=\"https:\/\/www.estrategiaconcursos.com.br\/blog\/concursos-2023\/#defensorias-publicas\" target=\"_blank\" >Concursos em Defensorias<\/a><\/li>\n\n\n\n<li><a href=\"https:\/\/www.estrategiaconcursos.com.br\/blog\/concursos-2023\/#legislativa\" target=\"_blank\" >Concursos Legislativos<\/a><\/li>\n\n\n\n<li><a href=\"https:\/\/www.estrategiaconcursos.com.br\/blog\/concursos-2023\/#saude\" target=\"_blank\" >Concursos da \u00e1rea da Sa\u00fade<\/a><\/li>\n\n\n\n<li><a href=\"https:\/\/www.estrategiaconcursos.com.br\/blog\/concursos-2023\/#bancaria\" target=\"_blank\" >Concursos da \u00e1rea banc\u00e1ria<\/a><\/li>\n\n\n\n<li><a href=\"https:\/\/www.estrategiaconcursos.com.br\/blog\/concursos-2023\/#educacao\" target=\"_blank\" >Concursos da \u00e1rea da Educa\u00e7\u00e3o<\/a><\/li>\n\n\n\n<li><a href=\"https:\/\/www.estrategiaconcursos.com.br\/blog\/concursos-2023\/#prefeituras\" target=\"_blank\" >Concursos para Prefeituras<\/a><\/li>\n\n\n\n<li><a href=\"https:\/\/www.estrategiaconcursos.com.br\/blog\/concursos-2023\/#outros\" target=\"_blank\" >Concursos outras oportunidades<\/a><\/li>\n<\/ul>\n\n\n\n<p class=\"has-text-align-center has-luminous-vivid-amber-background-color has-background\" style=\"font-size:22px\"><strong>Veja tamb\u00e9m: <a href=\"https:\/\/www.estrategiaconcursos.com.br\/blog\/concursos-abertos\/\" target=\"_blank\" >Concursos Abertos<\/a><\/strong><\/p>\n\n\n\n<p class=\"has-text-align-left\" style=\"font-size:25px\"><em><strong>Quer saber tudo sobre os concursos previstos? Confira nossos artigos completos:<\/strong><\/em><\/p>\n\n\n\n<p>Al\u00e9m deste resumo sobre o Sistema eleitoral proporcional, confira:<\/p>\n\n\n\n<ul class=\"wp-block-list\">\n<li><a href=\"https:\/\/www.estrategiaconcursos.com.br\/blog\/concursos-2024\/\" target=\"_blank\" >Concursos 2024<\/a><\/li>\n<\/ul>\n","protected":false},"excerpt":{"rendered":"Fala, pessoal, tudo certo? Hoje faremos um breve resumo sobre o Sistema eleitoral proporcional, expondo, inclusive, recente entendimento&hellip;\n","protected":false},"author":39,"featured_media":62216,"comment_status":"open","ping_status":"open","sticky":false,"template":"","format":"standard","meta":{"_jetpack_memberships_contains_paid_content":false,"footnotes":""},"categories":[1],"tags":[],"tax_estado":[30,31,32,33,34,35,36,37,38,39,40,41,42,43,44,45,46,47,48,49,50,51,52,53,54,55,56,57],"class_list":{"0":"post-62215","1":"post","2":"type-post","3":"status-publish","4":"format-standard","5":"has-post-thumbnail","7":"category-carreiras-juridicas","8":"tax_estado-ac","9":"tax_estado-al","10":"tax_estado-am","11":"tax_estado-ap","12":"tax_estado-ba","13":"tax_estado-ce","14":"tax_estado-concursos-federais","15":"tax_estado-df","16":"tax_estado-es","17":"tax_estado-go","18":"tax_estado-ma","19":"tax_estado-mg","20":"tax_estado-ms","21":"tax_estado-mt","22":"tax_estado-pa","23":"tax_estado-pb","24":"tax_estado-pe","25":"tax_estado-pi","26":"tax_estado-pr","27":"tax_estado-rj","28":"tax_estado-rn","29":"tax_estado-ro","30":"tax_estado-rr","31":"tax_estado-rs","32":"tax_estado-sc","33":"tax_estado-se","34":"tax_estado-sp","35":"tax_estado-to"},"acf":[],"yoast_head":"<!-- This site is optimized with the Yoast SEO Premium plugin v27.5 (Yoast SEO v27.5) - https:\/\/yoast.com\/product\/yoast-seo-premium-wordpress\/ -->\n<title>Sistema eleitoral proporcional<\/title>\n<meta name=\"description\" content=\"Confira um resumo sobre o Sistema eleitoral proporcional, expondo, inclusive, recente entendimento do STF sobre as \u201csobras eleitorais\u201d.\" \/>\n<meta name=\"robots\" content=\"index, follow, max-snippet:-1, max-image-preview:large, max-video-preview:-1\" \/>\n<link rel=\"canonical\" href=\"https:\/\/cj.estrategia.com\/portal\/sistema-eleitoral-proporcional\/\" \/>\n<meta property=\"og:locale\" content=\"pt_BR\" \/>\n<meta property=\"og:type\" content=\"article\" \/>\n<meta property=\"og:title\" content=\"Sistema eleitoral proporcional\" \/>\n<meta property=\"og:description\" content=\"Confira um resumo sobre o Sistema eleitoral proporcional, expondo, inclusive, recente entendimento do STF sobre as \u201csobras eleitorais\u201d.\" \/>\n<meta property=\"og:url\" content=\"https:\/\/cj.estrategia.com\/portal\/sistema-eleitoral-proporcional\/\" \/>\n<meta property=\"og:site_name\" content=\"Blog - Carreiras Jur\u00eddicas - Estrat\u00e9gia\" \/>\n<meta property=\"article:publisher\" content=\"https:\/\/www.facebook.com\/estrategiacarreirajuridica\/\" \/>\n<meta property=\"article:published_time\" content=\"2024-05-27T14:00:00+00:00\" \/>\n<meta property=\"og:image\" content=\"https:\/\/cj.estrategia.com\/portal\/wp-content\/uploads\/2024\/05\/03064544\/4116831.jpg\" \/>\n\t<meta property=\"og:image:width\" content=\"2000\" \/>\n\t<meta property=\"og:image:height\" content=\"2000\" \/>\n\t<meta property=\"og:image:type\" content=\"image\/jpeg\" \/>\n<meta name=\"author\" content=\"Frederico Tadeu Borlot Peixoto\" \/>\n<meta name=\"twitter:card\" content=\"summary_large_image\" \/>\n<meta name=\"twitter:creator\" content=\"@EstratJuridica\" \/>\n<meta name=\"twitter:site\" content=\"@EstratJuridica\" \/>\n<meta name=\"twitter:label1\" content=\"Escrito por\" \/>\n\t<meta name=\"twitter:data1\" content=\"Frederico Tadeu Borlot Peixoto\" \/>\n\t<meta name=\"twitter:label2\" content=\"Est. tempo de leitura\" \/>\n\t<meta name=\"twitter:data2\" content=\"10 minutos\" \/>\n<script type=\"application\/ld+json\" class=\"yoast-schema-graph\">{\"@context\":\"https:\\\/\\\/schema.org\",\"@graph\":[{\"@type\":\"NewsArticle\",\"@id\":\"https:\\\/\\\/cj.estrategia.com\\\/portal\\\/sistema-eleitoral-proporcional\\\/#article\",\"isPartOf\":{\"@id\":\"https:\\\/\\\/cj.estrategia.com\\\/portal\\\/sistema-eleitoral-proporcional\\\/\"},\"author\":{\"name\":\"Frederico Tadeu Borlot Peixoto\",\"@id\":\"https:\\\/\\\/cj.estrategia.com\\\/portal\\\/#\\\/schema\\\/person\\\/74287401cf4654f4fa04e378de7261ec\"},\"headline\":\"Sistema eleitoral proporcional\",\"datePublished\":\"2024-05-27T14:00:00+00:00\",\"mainEntityOfPage\":{\"@id\":\"https:\\\/\\\/cj.estrategia.com\\\/portal\\\/sistema-eleitoral-proporcional\\\/\"},\"wordCount\":2159,\"commentCount\":0,\"publisher\":{\"@id\":\"https:\\\/\\\/cj.estrategia.com\\\/portal\\\/#organization\"},\"image\":{\"@id\":\"https:\\\/\\\/cj.estrategia.com\\\/portal\\\/sistema-eleitoral-proporcional\\\/#primaryimage\"},\"thumbnailUrl\":\"https:\\\/\\\/cj.estrategia.com\\\/portal\\\/wp-content\\\/uploads\\\/2024\\\/05\\\/03064544\\\/4116831.jpg\",\"articleSection\":[\"Carreiras Jur\u00eddicas\"],\"inLanguage\":\"pt-BR\",\"potentialAction\":[{\"@type\":\"CommentAction\",\"name\":\"Comment\",\"target\":[\"https:\\\/\\\/cj.estrategia.com\\\/portal\\\/sistema-eleitoral-proporcional\\\/#respond\"]}],\"accessibilityFeature\":[\"tableOfContents\"]},{\"@type\":\"WebPage\",\"@id\":\"https:\\\/\\\/cj.estrategia.com\\\/portal\\\/sistema-eleitoral-proporcional\\\/\",\"url\":\"https:\\\/\\\/cj.estrategia.com\\\/portal\\\/sistema-eleitoral-proporcional\\\/\",\"name\":\"Sistema eleitoral proporcional\",\"isPartOf\":{\"@id\":\"https:\\\/\\\/cj.estrategia.com\\\/portal\\\/#website\"},\"primaryImageOfPage\":{\"@id\":\"https:\\\/\\\/cj.estrategia.com\\\/portal\\\/sistema-eleitoral-proporcional\\\/#primaryimage\"},\"image\":{\"@id\":\"https:\\\/\\\/cj.estrategia.com\\\/portal\\\/sistema-eleitoral-proporcional\\\/#primaryimage\"},\"thumbnailUrl\":\"https:\\\/\\\/cj.estrategia.com\\\/portal\\\/wp-content\\\/uploads\\\/2024\\\/05\\\/03064544\\\/4116831.jpg\",\"datePublished\":\"2024-05-27T14:00:00+00:00\",\"description\":\"Confira um resumo sobre o Sistema eleitoral proporcional, expondo, inclusive, recente entendimento do STF sobre as \u201csobras eleitorais\u201d.\",\"breadcrumb\":{\"@id\":\"https:\\\/\\\/cj.estrategia.com\\\/portal\\\/sistema-eleitoral-proporcional\\\/#breadcrumb\"},\"inLanguage\":\"pt-BR\",\"potentialAction\":[{\"@type\":\"ReadAction\",\"target\":[\"https:\\\/\\\/cj.estrategia.com\\\/portal\\\/sistema-eleitoral-proporcional\\\/\"]}]},{\"@type\":\"ImageObject\",\"inLanguage\":\"pt-BR\",\"@id\":\"https:\\\/\\\/cj.estrategia.com\\\/portal\\\/sistema-eleitoral-proporcional\\\/#primaryimage\",\"url\":\"https:\\\/\\\/cj.estrategia.com\\\/portal\\\/wp-content\\\/uploads\\\/2024\\\/05\\\/03064544\\\/4116831.jpg\",\"contentUrl\":\"https:\\\/\\\/cj.estrategia.com\\\/portal\\\/wp-content\\\/uploads\\\/2024\\\/05\\\/03064544\\\/4116831.jpg\",\"width\":2000,\"height\":2000,\"caption\":\"Sistema eleitoral proporcional\"},{\"@type\":\"BreadcrumbList\",\"@id\":\"https:\\\/\\\/cj.estrategia.com\\\/portal\\\/sistema-eleitoral-proporcional\\\/#breadcrumb\",\"itemListElement\":[{\"@type\":\"ListItem\",\"position\":1,\"name\":\"In\u00edcio\",\"item\":\"https:\\\/\\\/cj.estrategia.com\\\/portal\\\/\"},{\"@type\":\"ListItem\",\"position\":2,\"name\":\"Sistema eleitoral proporcional\"}]},{\"@type\":\"WebSite\",\"@id\":\"https:\\\/\\\/cj.estrategia.com\\\/portal\\\/#website\",\"url\":\"https:\\\/\\\/cj.estrategia.com\\\/portal\\\/\",\"name\":\"Blog - Carreiras Jur\u00eddicas - Estrat\u00e9gia\",\"description\":\"\",\"publisher\":{\"@id\":\"https:\\\/\\\/cj.estrategia.com\\\/portal\\\/#organization\"},\"potentialAction\":[{\"@type\":\"SearchAction\",\"target\":{\"@type\":\"EntryPoint\",\"urlTemplate\":\"https:\\\/\\\/cj.estrategia.com\\\/portal\\\/?s={search_term_string}\"},\"query-input\":{\"@type\":\"PropertyValueSpecification\",\"valueRequired\":true,\"valueName\":\"search_term_string\"}}],\"inLanguage\":\"pt-BR\"},{\"@type\":\"Organization\",\"@id\":\"https:\\\/\\\/cj.estrategia.com\\\/portal\\\/#organization\",\"name\":\"Estrat\u00e9gia - Carreiras Jur\u00eddicas\",\"url\":\"https:\\\/\\\/cj.estrategia.com\\\/portal\\\/\",\"logo\":{\"@type\":\"ImageObject\",\"inLanguage\":\"pt-BR\",\"@id\":\"https:\\\/\\\/cj.estrategia.com\\\/portal\\\/#\\\/schema\\\/logo\\\/image\\\/\",\"url\":\"https:\\\/\\\/cj.estrategia.com\\\/portal\\\/wp-content\\\/uploads\\\/2022\\\/03\\\/11151052\\\/cj-logo.png\",\"contentUrl\":\"https:\\\/\\\/cj.estrategia.com\\\/portal\\\/wp-content\\\/uploads\\\/2022\\\/03\\\/11151052\\\/cj-logo.png\",\"width\":150,\"height\":39,\"caption\":\"Estrat\u00e9gia - Carreiras Jur\u00eddicas\"},\"image\":{\"@id\":\"https:\\\/\\\/cj.estrategia.com\\\/portal\\\/#\\\/schema\\\/logo\\\/image\\\/\"},\"sameAs\":[\"https:\\\/\\\/www.facebook.com\\\/estrategiacarreirajuridica\\\/\",\"https:\\\/\\\/x.com\\\/EstratJuridica\",\"https:\\\/\\\/www.instagram.com\\\/estrategiacarreirajuridica\\\/\",\"https:\\\/\\\/www.youtube.com\\\/channel\\\/UClbMGuYbj2Mh1m3w144ETWQ\"]},{\"@type\":\"Person\",\"@id\":\"https:\\\/\\\/cj.estrategia.com\\\/portal\\\/#\\\/schema\\\/person\\\/74287401cf4654f4fa04e378de7261ec\",\"name\":\"Frederico Tadeu Borlot Peixoto\",\"image\":{\"@type\":\"ImageObject\",\"inLanguage\":\"pt-BR\",\"@id\":\"https:\\\/\\\/cj.estrategia.com\\\/portal\\\/wp-content\\\/uploads\\\/2023\\\/06\\\/29094204\\\/GBAY0702-96x96.jpg\",\"url\":\"https:\\\/\\\/cj.estrategia.com\\\/portal\\\/wp-content\\\/uploads\\\/2023\\\/06\\\/29094204\\\/GBAY0702-96x96.jpg\",\"contentUrl\":\"https:\\\/\\\/cj.estrategia.com\\\/portal\\\/wp-content\\\/uploads\\\/2023\\\/06\\\/29094204\\\/GBAY0702-96x96.jpg\",\"caption\":\"Frederico Tadeu Borlot Peixoto\"},\"description\":\"Analista Judici\u00e1rio - \u00c1rea Judici\u00e1ria do TRF da 4\u00aa regi\u00e3o. Bacharel em Direito. P\u00f3s-graduado em Direito Administrativo, Legisla\u00e7\u00e3o Penal Especial, Direito Penal e Direito Processual Penal. Tamb\u00e9m nomeado no TRF da 3\u00aa regi\u00e3o (8\u00ba lugar); SPPREV (3\u00ba lugar); IFES (2\u00ba lugar); e PMES. https:\\\/\\\/www.instagram.com\\\/proffrederico\\\/\",\"sameAs\":[\"https:\\\/\\\/www.instagram.com\\\/proffrederico\\\/\"],\"url\":\"https:\\\/\\\/cj.estrategia.com\\\/portal\\\/author\\\/xfrederico\\\/\"}]}<\/script>\n<!-- \/ Yoast SEO Premium plugin. -->","yoast_head_json":{"title":"Sistema eleitoral proporcional","description":"Confira um resumo sobre o Sistema eleitoral proporcional, expondo, inclusive, recente entendimento do STF sobre as \u201csobras eleitorais\u201d.","robots":{"index":"index","follow":"follow","max-snippet":"max-snippet:-1","max-image-preview":"max-image-preview:large","max-video-preview":"max-video-preview:-1"},"canonical":"https:\/\/cj.estrategia.com\/portal\/sistema-eleitoral-proporcional\/","og_locale":"pt_BR","og_type":"article","og_title":"Sistema eleitoral proporcional","og_description":"Confira um resumo sobre o Sistema eleitoral proporcional, expondo, inclusive, recente entendimento do STF sobre as \u201csobras eleitorais\u201d.","og_url":"https:\/\/cj.estrategia.com\/portal\/sistema-eleitoral-proporcional\/","og_site_name":"Blog - Carreiras Jur\u00eddicas - Estrat\u00e9gia","article_publisher":"https:\/\/www.facebook.com\/estrategiacarreirajuridica\/","article_published_time":"2024-05-27T14:00:00+00:00","og_image":[{"width":2000,"height":2000,"url":"https:\/\/cj.estrategia.com\/portal\/wp-content\/uploads\/2024\/05\/03064544\/4116831.jpg","type":"image\/jpeg"}],"author":"Frederico Tadeu Borlot Peixoto","twitter_card":"summary_large_image","twitter_creator":"@EstratJuridica","twitter_site":"@EstratJuridica","twitter_misc":{"Escrito por":"Frederico Tadeu Borlot Peixoto","Est. tempo de leitura":"10 minutos"},"schema":{"@context":"https:\/\/schema.org","@graph":[{"@type":"NewsArticle","@id":"https:\/\/cj.estrategia.com\/portal\/sistema-eleitoral-proporcional\/#article","isPartOf":{"@id":"https:\/\/cj.estrategia.com\/portal\/sistema-eleitoral-proporcional\/"},"author":{"name":"Frederico Tadeu Borlot Peixoto","@id":"https:\/\/cj.estrategia.com\/portal\/#\/schema\/person\/74287401cf4654f4fa04e378de7261ec"},"headline":"Sistema eleitoral proporcional","datePublished":"2024-05-27T14:00:00+00:00","mainEntityOfPage":{"@id":"https:\/\/cj.estrategia.com\/portal\/sistema-eleitoral-proporcional\/"},"wordCount":2159,"commentCount":0,"publisher":{"@id":"https:\/\/cj.estrategia.com\/portal\/#organization"},"image":{"@id":"https:\/\/cj.estrategia.com\/portal\/sistema-eleitoral-proporcional\/#primaryimage"},"thumbnailUrl":"https:\/\/cj.estrategia.com\/portal\/wp-content\/uploads\/2024\/05\/03064544\/4116831.jpg","articleSection":["Carreiras Jur\u00eddicas"],"inLanguage":"pt-BR","potentialAction":[{"@type":"CommentAction","name":"Comment","target":["https:\/\/cj.estrategia.com\/portal\/sistema-eleitoral-proporcional\/#respond"]}],"accessibilityFeature":["tableOfContents"]},{"@type":"WebPage","@id":"https:\/\/cj.estrategia.com\/portal\/sistema-eleitoral-proporcional\/","url":"https:\/\/cj.estrategia.com\/portal\/sistema-eleitoral-proporcional\/","name":"Sistema eleitoral proporcional","isPartOf":{"@id":"https:\/\/cj.estrategia.com\/portal\/#website"},"primaryImageOfPage":{"@id":"https:\/\/cj.estrategia.com\/portal\/sistema-eleitoral-proporcional\/#primaryimage"},"image":{"@id":"https:\/\/cj.estrategia.com\/portal\/sistema-eleitoral-proporcional\/#primaryimage"},"thumbnailUrl":"https:\/\/cj.estrategia.com\/portal\/wp-content\/uploads\/2024\/05\/03064544\/4116831.jpg","datePublished":"2024-05-27T14:00:00+00:00","description":"Confira um resumo sobre o Sistema eleitoral proporcional, expondo, inclusive, recente entendimento do STF sobre as \u201csobras eleitorais\u201d.","breadcrumb":{"@id":"https:\/\/cj.estrategia.com\/portal\/sistema-eleitoral-proporcional\/#breadcrumb"},"inLanguage":"pt-BR","potentialAction":[{"@type":"ReadAction","target":["https:\/\/cj.estrategia.com\/portal\/sistema-eleitoral-proporcional\/"]}]},{"@type":"ImageObject","inLanguage":"pt-BR","@id":"https:\/\/cj.estrategia.com\/portal\/sistema-eleitoral-proporcional\/#primaryimage","url":"https:\/\/cj.estrategia.com\/portal\/wp-content\/uploads\/2024\/05\/03064544\/4116831.jpg","contentUrl":"https:\/\/cj.estrategia.com\/portal\/wp-content\/uploads\/2024\/05\/03064544\/4116831.jpg","width":2000,"height":2000,"caption":"Sistema eleitoral proporcional"},{"@type":"BreadcrumbList","@id":"https:\/\/cj.estrategia.com\/portal\/sistema-eleitoral-proporcional\/#breadcrumb","itemListElement":[{"@type":"ListItem","position":1,"name":"In\u00edcio","item":"https:\/\/cj.estrategia.com\/portal\/"},{"@type":"ListItem","position":2,"name":"Sistema eleitoral proporcional"}]},{"@type":"WebSite","@id":"https:\/\/cj.estrategia.com\/portal\/#website","url":"https:\/\/cj.estrategia.com\/portal\/","name":"Blog - Carreiras Jur\u00eddicas - Estrat\u00e9gia","description":"","publisher":{"@id":"https:\/\/cj.estrategia.com\/portal\/#organization"},"potentialAction":[{"@type":"SearchAction","target":{"@type":"EntryPoint","urlTemplate":"https:\/\/cj.estrategia.com\/portal\/?s={search_term_string}"},"query-input":{"@type":"PropertyValueSpecification","valueRequired":true,"valueName":"search_term_string"}}],"inLanguage":"pt-BR"},{"@type":"Organization","@id":"https:\/\/cj.estrategia.com\/portal\/#organization","name":"Estrat\u00e9gia - Carreiras Jur\u00eddicas","url":"https:\/\/cj.estrategia.com\/portal\/","logo":{"@type":"ImageObject","inLanguage":"pt-BR","@id":"https:\/\/cj.estrategia.com\/portal\/#\/schema\/logo\/image\/","url":"https:\/\/cj.estrategia.com\/portal\/wp-content\/uploads\/2022\/03\/11151052\/cj-logo.png","contentUrl":"https:\/\/cj.estrategia.com\/portal\/wp-content\/uploads\/2022\/03\/11151052\/cj-logo.png","width":150,"height":39,"caption":"Estrat\u00e9gia - Carreiras Jur\u00eddicas"},"image":{"@id":"https:\/\/cj.estrategia.com\/portal\/#\/schema\/logo\/image\/"},"sameAs":["https:\/\/www.facebook.com\/estrategiacarreirajuridica\/","https:\/\/x.com\/EstratJuridica","https:\/\/www.instagram.com\/estrategiacarreirajuridica\/","https:\/\/www.youtube.com\/channel\/UClbMGuYbj2Mh1m3w144ETWQ"]},{"@type":"Person","@id":"https:\/\/cj.estrategia.com\/portal\/#\/schema\/person\/74287401cf4654f4fa04e378de7261ec","name":"Frederico Tadeu Borlot Peixoto","image":{"@type":"ImageObject","inLanguage":"pt-BR","@id":"https:\/\/cj.estrategia.com\/portal\/wp-content\/uploads\/2023\/06\/29094204\/GBAY0702-96x96.jpg","url":"https:\/\/cj.estrategia.com\/portal\/wp-content\/uploads\/2023\/06\/29094204\/GBAY0702-96x96.jpg","contentUrl":"https:\/\/cj.estrategia.com\/portal\/wp-content\/uploads\/2023\/06\/29094204\/GBAY0702-96x96.jpg","caption":"Frederico Tadeu Borlot Peixoto"},"description":"Analista Judici\u00e1rio - \u00c1rea Judici\u00e1ria do TRF da 4\u00aa regi\u00e3o. Bacharel em Direito. P\u00f3s-graduado em Direito Administrativo, Legisla\u00e7\u00e3o Penal Especial, Direito Penal e Direito Processual Penal. Tamb\u00e9m nomeado no TRF da 3\u00aa regi\u00e3o (8\u00ba lugar); SPPREV (3\u00ba lugar); IFES (2\u00ba lugar); e PMES. https:\/\/www.instagram.com\/proffrederico\/","sameAs":["https:\/\/www.instagram.com\/proffrederico\/"],"url":"https:\/\/cj.estrategia.com\/portal\/author\/xfrederico\/"}]}},"jetpack_featured_media_url":"https:\/\/cj.estrategia.com\/portal\/wp-content\/uploads\/2024\/05\/03064544\/4116831.jpg","jetpack_sharing_enabled":true,"_links":{"self":[{"href":"https:\/\/cj.estrategia.com\/portal\/wp-json\/wp\/v2\/posts\/62215","targetHints":{"allow":["GET"]}}],"collection":[{"href":"https:\/\/cj.estrategia.com\/portal\/wp-json\/wp\/v2\/posts"}],"about":[{"href":"https:\/\/cj.estrategia.com\/portal\/wp-json\/wp\/v2\/types\/post"}],"author":[{"embeddable":true,"href":"https:\/\/cj.estrategia.com\/portal\/wp-json\/wp\/v2\/users\/39"}],"replies":[{"embeddable":true,"href":"https:\/\/cj.estrategia.com\/portal\/wp-json\/wp\/v2\/comments?post=62215"}],"version-history":[{"count":0,"href":"https:\/\/cj.estrategia.com\/portal\/wp-json\/wp\/v2\/posts\/62215\/revisions"}],"wp:featuredmedia":[{"embeddable":true,"href":"https:\/\/cj.estrategia.com\/portal\/wp-json\/wp\/v2\/media\/62216"}],"wp:attachment":[{"href":"https:\/\/cj.estrategia.com\/portal\/wp-json\/wp\/v2\/media?parent=62215"}],"wp:term":[{"taxonomy":"category","embeddable":true,"href":"https:\/\/cj.estrategia.com\/portal\/wp-json\/wp\/v2\/categories?post=62215"},{"taxonomy":"post_tag","embeddable":true,"href":"https:\/\/cj.estrategia.com\/portal\/wp-json\/wp\/v2\/tags?post=62215"},{"taxonomy":"tax_estado","embeddable":true,"href":"https:\/\/cj.estrategia.com\/portal\/wp-json\/wp\/v2\/tax_estado?post=62215"}],"curies":[{"name":"wp","href":"https:\/\/api.w.org\/{rel}","templated":true}]}}