{"id":61475,"date":"2024-05-24T14:00:00","date_gmt":"2024-05-24T17:00:00","guid":{"rendered":"https:\/\/cj.estrategia.com\/portal\/?p=61475"},"modified":"2024-05-13T21:07:54","modified_gmt":"2024-05-14T00:07:54","slug":"minimo-existencial","status":"publish","type":"post","link":"https:\/\/cj.estrategia.com\/portal\/minimo-existencial\/","title":{"rendered":"Direitos sociais: m\u00ednimo existencial"},"content":{"rendered":"\n<p>Hoje, vamos conhecer um pouco a respeito da <strong>teoria do<\/strong> <strong>m\u00ednimo existencial<\/strong> dentro da estrutura dos <strong>direitos sociais<\/strong>, dando enfoque aos temas mais cobrados na \u00e1rea dos concursos de carreira jur\u00eddica.<\/p>\n\n\n\n<p>Vamos l\u00e1!<\/p>\n\n\n<div class=\"wp-block-image\">\n<figure class=\"aligncenter size-full is-resized\"><img decoding=\"async\" width=\"599\" height=\"413\" src=\"https:\/\/cj.estrategia.com\/portal\/wp-content\/uploads\/2024\/04\/24121123\/image-37.png\" alt=\"M\u00ednimo existencial\" class=\"wp-image-61480\" style=\"width:715px;height:auto\" srcset=\"https:\/\/cj.estrategia.com\/portal\/wp-content\/uploads\/2024\/04\/24121123\/image-37.png 599w, https:\/\/cj.estrategia.com\/portal\/wp-content\/uploads\/2024\/04\/24121123\/image-37-300x207.png 300w, https:\/\/cj.estrategia.com\/portal\/wp-content\/uploads\/2024\/04\/24121123\/image-37-380x262.png 380w, https:\/\/cj.estrategia.com\/portal\/wp-content\/uploads\/2024\/04\/24121123\/image-37-150x103.png 150w\" sizes=\"(max-width: 599px) 100vw, 599px\" \/><figcaption class=\"wp-element-caption\">M\u00ednimo existencial<\/figcaption><\/figure>\n<\/div>\n\n\n<h2 class=\"wp-block-heading\" id=\"h-1-minimo-existencial-definicao-e-principios\"><span id=\"1-minimo-existencial-definicao-e-principios\">1. M\u00ednimo existencial: defini\u00e7\u00e3o e princ\u00edpios<\/span><\/h2>\n\n\n\n<p><strong><u>M\u00ednimo existencial<\/u><\/strong> \u00e9 o conjunto de bens e utilidades indispens\u00e1veis para uma <strong>vida humana DIGNA<\/strong>. N\u00e3o \u00e9 o desejado para todas as pessoas, mas sim o m\u00ednimo necess\u00e1rio para se viver dignamente.<\/p>\n\n\n\n<p>A import\u00e2ncia do m\u00ednimo existencial \u00e9 conferir <strong><span style=\"text-decoration: underline\">efetividade<\/span><\/strong> aos <strong>direitos sociais m\u00ednimos<\/strong>. <\/p>\n\n\n\n<p>A teoria do m\u00ednimo existencial costuma ser extra\u00edda de tr\u00eas princ\u00edpios: <\/p>\n\n\n\n<ol class=\"wp-block-list\">\n<li>Principio da <strong>dignidade da pessoa humana <\/strong>(art. 1\u00ba, III, da CRFB); <\/li>\n\n\n\n<li>Princ\u00edpio da <strong>liberdade material <\/strong>(art. 5\u00ba, <em>caput, <\/em>da CRFB); <\/li>\n\n\n\n<li>Princ\u00edpio do <strong>Estado Democr\u00e1tico e Social de Direito <\/strong>(art. 1\u00ba, <em>caput<\/em>, da CRFB).<\/li>\n<\/ol>\n\n\n\n<p>Vejamos o que disp\u00f5e a <strong><a href=\"https:\/\/www.planalto.gov.br\/ccivil_03\/constituicao\/constituicao.htm\" target=\"_blank\" >Constitui\u00e7\u00e3o da Rep\u00fablica<\/a><\/strong>:<\/p>\n\n\n\n<figure class=\"wp-block-table\"><table><tbody><tr><td><strong>CRFB<\/strong><br><strong>Art. 1\u00ba &#8211; <\/strong>A Rep\u00fablica Federativa do Brasil, formada pela uni\u00e3o indissol\u00favel dos Estados e Munic\u00edpios e do Distrito Federal, constitui-se em <strong>Estado Democr\u00e1tico de Direito <\/strong>e tem como fundamentos:<br><strong>III &#8211;<\/strong> a <strong>dignidade da pessoa humana<\/strong>;<br><br><strong>Art. 5\u00ba &#8211;<\/strong> Todos s\u00e3o iguais perante a lei, sem distin\u00e7\u00e3o de qualquer natureza, garantindo-se aos brasileiros e aos estrangeiros residentes no Pa\u00eds a inviolabilidade do direito \u00e0 vida, \u00e0 <strong>liberdade<\/strong>, \u00e0 igualdade, \u00e0 seguran\u00e7a e \u00e0 propriedade, nos termos seguintes: (&#8230;)<\/td><\/tr><\/tbody><\/table><\/figure>\n\n\n\n<h2 class=\"wp-block-heading\" id=\"h-2-minimo-existencial-conteudo\"><span id=\"2-minimo-existencial-conteudo\">2. M\u00ednimo existencial: conte\u00fado<\/span><\/h2>\n\n\n\n<p>Quais s\u00e3o os direitos sociais que comp\u00f5em o m\u00ednimo existencial? H\u00e1 <strong>diverg\u00eancia<\/strong> na doutrina. Para <span style=\"text-decoration: underline\">Ana Paula de Barcellos<\/span>, h\u00e1 quatro direitos sociais que comp\u00f5em o m\u00ednimo existencial: <\/p>\n\n\n\n<p><strong>1) <u>Direito \u00e0 educa\u00e7\u00e3o<\/u>: <\/strong>seria a educa\u00e7\u00e3o prevista no art. 208, I, da CF, ou seja, \u00e9 a <span style=\"text-decoration: underline\">educa\u00e7\u00e3o b\u00e1sica dos 4 aos 17 anos de idade<\/span>. Ressaltamos, nesse ponto, que n\u00e3o significa que a pessoa tem que estar inserida na escola com esta idade; pelo contr\u00e1rio, pode ter qualquer idade. Assim, esse direito subjetivo se destina a <strong>todas <\/strong>as pessoas, independentemente da idade, desde que n\u00e3o tenham forma\u00e7\u00e3o b\u00e1sica;<\/p>\n\n\n\n<p><strong>2) <u>Direito \u00e0 sa\u00fade<\/u>:<\/strong> o Estado consegue custear alguns casos, em tese, mas o problema \u00e9 a universaliza\u00e7\u00e3o deste direito;<\/p>\n\n\n\n<p><strong>3)<\/strong> <strong><span style=\"text-decoration: underline\">Direito <\/span><u>de assist\u00eancia aos desamparados<\/u>: <\/strong>aqui se incluem <strong>alimenta\u00e7\u00e3o<\/strong><em>, <\/em><strong>vestu\u00e1rio<\/strong><em>, <\/em><strong>moradia <\/strong>e <strong>sal\u00e1rio social <\/strong>(previsto na Lei Org\u00e2nica de Assist\u00eancia Social &#8211; LOAS: refere-se a um benef\u00edcio assistencial);<\/p>\n\n\n\n<p><strong>4) <u>Direito de acesso \u00e0 justi\u00e7a<\/u>: <\/strong>\u00e9 um <strong>direito instrumental <\/strong>indispens\u00e1vel para que os tr\u00eas direitos materiais sociais anteriores sejam efetivados.<\/p>\n\n\n\n<h2 class=\"wp-block-heading\" id=\"h-3-escolhas-tragicas\"><span id=\"3-escolhas-tragicas\">3. Escolhas tr\u00e1gicas<\/span><\/h2>\n\n\n\n<p>Em sua maioria, os direitos sociais s\u00e3o <strong><u>direitos prestacionais<\/u><\/strong>. Exigem <strong>presta\u00e7\u00f5es materiais <\/strong>(ex.: merenda escolar) ou <strong>jur\u00eddicas <\/strong>(ex.: seguran\u00e7a p\u00fablica). Estas presta\u00e7\u00f5es t\u00eam um custo especialmente oneroso, o qual pode entrar em conflito com as <span style=\"text-decoration: underline\">limita\u00e7\u00f5es or\u00e7ament\u00e1rias do Estado<\/span>.<\/p>\n\n\n\n<p>Neste contexto, os Poderes Executivo e Legislativo ir\u00e3o fazer as chamadas \u201c<strong>escolhas tr\u00e1gicas<\/strong>\u201d (express\u00e3o utilizada por Guido Calabresi e Philip Bobbit), vale dizer, cada decis\u00e3o alocativa de recursos \u00e9 tamb\u00e9m uma decis\u00e3o desalocativa. <\/p>\n\n\n\n<p>Dessa forma, para priorizar um direito social, algumas vezes \u00e9 necess\u00e1rio retirar recursos destinados a outro direito, de forma que um direito ser\u00e1 priorizado em detrimento de outro. <\/p>\n\n\n\n<p>Por exemplo, escolher entre <span style=\"text-decoration: underline\">sa\u00fade<\/span> e <span style=\"text-decoration: underline\">educa\u00e7\u00e3o<\/span> \u00e9 uma escolha tr\u00e1gica; a rodovia que n\u00e3o \u00e9 priorizada pode matar tanto quanto a falta de leitos em hospitais, sendo tamb\u00e9m uma escolha tr\u00e1gica. <\/p>\n\n\n\n<p>Como se v\u00ea, normalmente haver\u00e1 um interesse leg\u00edtimo que n\u00e3o ser\u00e1 atendido.  <\/p>\n\n\n\n<h2 class=\"wp-block-heading\" id=\"h-4-minimo-existencial-x-reserva-do-possivel\"><span id=\"4-minimo-existencial-x-reserva-do-possivel\">4. M\u00ednimo existencial <em>x <\/em>Reserva do poss\u00edvel<\/span><\/h2>\n\n\n\n<p>Qual a rela\u00e7\u00e3o entre o m\u00ednimo existencial e a reserva do poss\u00edvel? Ser\u00e1 que o Estado poderia alegar a reserva do poss\u00edvel para se furtar de cumprir o m\u00ednimo existencial? <\/p>\n\n\n\n<p>Em primeiro lugar, se esses direitos fazem parte do m\u00ednimo existencial, quando o Estado elabora o or\u00e7amento, tais direitos n\u00e3o podem ficar em segundo plano, mas devem ser <strong>priorit\u00e1rios<\/strong>.<\/p>\n\n\n\n<p>Ademais, mesmo priorizando tais direitos sociais na elabora\u00e7\u00e3o do or\u00e7amento, se o Estado n\u00e3o conseguir atend\u00ea-los, ele poderia se valer da reserva do poss\u00edvel? O <strong>STF<\/strong> entendeu pela <strong><span style=\"text-decoration: underline\">impossibilidade de invoca\u00e7\u00e3o da reserva do poss\u00edvel<\/span> <\/strong>sempre que puder resultar no <strong>comprometimento do n\u00facleo base que comp\u00f5e o m\u00ednimo existencial<\/strong>. <\/p>\n\n\n\n<p>Nesse sentido:<\/p>\n\n\n\n<figure class=\"wp-block-table\"><table><tbody><tr><td>A quest\u00e3o da <strong>reserva do poss\u00edvel<\/strong>: reconhecimento de sua <strong><u>inaplicabilidade<\/u><\/strong> sempre que a invoca\u00e7\u00e3o dessa cl\u00e1usula puder <strong>comprometer o n\u00facleo b\u00e1sico que qualifica o m\u00ednimo existencial<\/strong>. (STF, ARE 745745 AgR, DJe em 19\/12\/2014)<\/td><\/tr><\/tbody><\/table><\/figure>\n\n\n\n<p>Visto isso, encerramos as no\u00e7\u00f5es iniciais acerca da <strong>teoria do m\u00ednimo existencial<\/strong>.<\/p>\n\n\n\n<h2 class=\"wp-block-heading\" id=\"h-conclusao\"><span id=\"conclusao\">Conclus\u00e3o<\/span><\/h2>\n\n\n\n<p>Hoje, vimos um pouco a respeito da <strong>teoria do <strong>m\u00ednimo existencial<\/strong><\/strong>, em especial acerca de seus conceitos e caracter\u00edsticas essenciais. <\/p>\n\n\n\n<p>Por ora, finalizamos mais um tema empolgante para os que almejam a sonhada carreira jur\u00eddica.<\/p>\n\n\n\n<p>Advertimos que <strong>esse artigo<\/strong>, juntamente com as quest\u00f5es do <a href=\"https:\/\/cj.estrategia.com\/#\" target=\"_blank\" ><u><strong>Sistema de Quest\u00f5es do Estrat\u00e9gia Carreira Jur\u00eddica<\/strong><\/u><\/a>, serve como complemento ao estudo do tema proposto. Deve-se priorizar, todavia, o material te\u00f3rico do curso em <strong>PDF<\/strong> ou <strong>videoaula<\/strong>.<\/p>\n\n\n\n<p>At\u00e9 a pr\u00f3xima!<\/p>\n\n\n\n<p class=\"has-text-align-center\"><strong>Quer saber mais sobre os pr\u00f3ximos concursos?<\/strong><\/p>\n\n\n\n<p class=\"has-text-align-center\"><strong>Confira nossos artigos!<\/strong><\/p>\n\n\n\n<p class=\"has-text-align-center has-pale-cyan-blue-background-color has-background\"><a href=\"https:\/\/cj.estrategia.com\/portal\/concursos-abertos-carreiras-juridicas\/\" target=\"_blank\" >Concursos abertos<\/a><\/p>\n\n\n\n<p class=\"has-text-align-center has-pale-cyan-blue-background-color has-background\"><a href=\"https:\/\/cj.estrategia.com\/portal\/concursos-2024-carreiras-juridicas\/\" target=\"_blank\" >Concursos 2024<\/a><\/p>\n","protected":false},"excerpt":{"rendered":"M\u00ednimo existencial\n","protected":false},"author":127,"featured_media":61480,"comment_status":"open","ping_status":"open","sticky":false,"template":"","format":"standard","meta":{"_jetpack_memberships_contains_paid_content":false,"footnotes":""},"categories":[1,27,28,26,25],"tags":[],"tax_estado":[30,31,32,33,34,35,36,37,38,39,40,41,42,43,44,45,46,47,48,49,50,51,52,53,54,55,56,57],"class_list":{"0":"post-61475","1":"post","2":"type-post","3":"status-publish","4":"format-standard","5":"has-post-thumbnail","7":"category-carreiras-juridicas","8":"category-defensoria","9":"category-delegado","10":"category-magistratura","11":"category-promotoria","12":"tax_estado-ac","13":"tax_estado-al","14":"tax_estado-am","15":"tax_estado-ap","16":"tax_estado-ba","17":"tax_estado-ce","18":"tax_estado-concursos-federais","19":"tax_estado-df","20":"tax_estado-es","21":"tax_estado-go","22":"tax_estado-ma","23":"tax_estado-mg","24":"tax_estado-ms","25":"tax_estado-mt","26":"tax_estado-pa","27":"tax_estado-pb","28":"tax_estado-pe","29":"tax_estado-pi","30":"tax_estado-pr","31":"tax_estado-rj","32":"tax_estado-rn","33":"tax_estado-ro","34":"tax_estado-rr","35":"tax_estado-rs","36":"tax_estado-sc","37":"tax_estado-se","38":"tax_estado-sp","39":"tax_estado-to"},"acf":[],"yoast_head":"<!-- This site is optimized with the Yoast SEO Premium plugin v27.4 (Yoast SEO v27.4) - https:\/\/yoast.com\/product\/yoast-seo-premium-wordpress\/ -->\n<title>Direitos sociais: m\u00ednimo existencial<\/title>\n<meta name=\"description\" content=\"Hoje, vamos conhecer um pouco a respeito da teoria do m\u00ednimo existencial dentro da estrutura dos direitos sociais.\" \/>\n<meta name=\"robots\" content=\"index, follow, max-snippet:-1, max-image-preview:large, max-video-preview:-1\" \/>\n<link rel=\"canonical\" href=\"https:\/\/cj.estrategia.com\/portal\/minimo-existencial\/\" \/>\n<meta property=\"og:locale\" content=\"pt_BR\" \/>\n<meta property=\"og:type\" content=\"article\" \/>\n<meta property=\"og:title\" content=\"Direitos sociais: m\u00ednimo existencial\" \/>\n<meta property=\"og:description\" content=\"Hoje, vamos conhecer um pouco a respeito da teoria do m\u00ednimo existencial dentro da estrutura dos direitos sociais.\" \/>\n<meta property=\"og:url\" content=\"https:\/\/cj.estrategia.com\/portal\/minimo-existencial\/\" \/>\n<meta property=\"og:site_name\" content=\"Blog - Carreiras Jur\u00eddicas - Estrat\u00e9gia\" \/>\n<meta property=\"article:publisher\" content=\"https:\/\/www.facebook.com\/estrategiacarreirajuridica\/\" \/>\n<meta property=\"article:published_time\" content=\"2024-05-24T17:00:00+00:00\" \/>\n<meta property=\"og:image\" content=\"https:\/\/cj.estrategia.com\/portal\/wp-content\/uploads\/2024\/04\/24121123\/image-37.png\" \/>\n\t<meta property=\"og:image:width\" content=\"599\" \/>\n\t<meta property=\"og:image:height\" content=\"413\" \/>\n\t<meta property=\"og:image:type\" content=\"image\/png\" \/>\n<meta name=\"author\" content=\"Heloana Vera Albuquerque\" \/>\n<meta name=\"twitter:card\" content=\"summary_large_image\" \/>\n<meta name=\"twitter:creator\" content=\"@EstratJuridica\" \/>\n<meta name=\"twitter:site\" content=\"@EstratJuridica\" \/>\n<meta name=\"twitter:label1\" content=\"Escrito por\" \/>\n\t<meta name=\"twitter:data1\" content=\"Heloana Vera Albuquerque\" \/>\n\t<meta name=\"twitter:label2\" content=\"Est. tempo de leitura\" \/>\n\t<meta name=\"twitter:data2\" content=\"5 minutos\" \/>\n<script type=\"application\/ld+json\" class=\"yoast-schema-graph\">{\"@context\":\"https:\\\/\\\/schema.org\",\"@graph\":[{\"@type\":\"NewsArticle\",\"@id\":\"https:\\\/\\\/cj.estrategia.com\\\/portal\\\/minimo-existencial\\\/#article\",\"isPartOf\":{\"@id\":\"https:\\\/\\\/cj.estrategia.com\\\/portal\\\/minimo-existencial\\\/\"},\"author\":{\"name\":\"Heloana Vera Albuquerque\",\"@id\":\"https:\\\/\\\/cj.estrategia.com\\\/portal\\\/#\\\/schema\\\/person\\\/e3116c33097aaffcd61a5fe8d71846c4\"},\"headline\":\"Direitos sociais: m\u00ednimo existencial\",\"datePublished\":\"2024-05-24T17:00:00+00:00\",\"mainEntityOfPage\":{\"@id\":\"https:\\\/\\\/cj.estrategia.com\\\/portal\\\/minimo-existencial\\\/\"},\"wordCount\":883,\"commentCount\":0,\"publisher\":{\"@id\":\"https:\\\/\\\/cj.estrategia.com\\\/portal\\\/#organization\"},\"image\":{\"@id\":\"https:\\\/\\\/cj.estrategia.com\\\/portal\\\/minimo-existencial\\\/#primaryimage\"},\"thumbnailUrl\":\"https:\\\/\\\/cj.estrategia.com\\\/portal\\\/wp-content\\\/uploads\\\/2024\\\/04\\\/24121123\\\/image-37.png\",\"articleSection\":[\"Carreiras Jur\u00eddicas\",\"Defensoria\",\"Delegado\",\"Magistratura\",\"Promotoria\"],\"inLanguage\":\"pt-BR\",\"potentialAction\":[{\"@type\":\"CommentAction\",\"name\":\"Comment\",\"target\":[\"https:\\\/\\\/cj.estrategia.com\\\/portal\\\/minimo-existencial\\\/#respond\"]}]},{\"@type\":\"WebPage\",\"@id\":\"https:\\\/\\\/cj.estrategia.com\\\/portal\\\/minimo-existencial\\\/\",\"url\":\"https:\\\/\\\/cj.estrategia.com\\\/portal\\\/minimo-existencial\\\/\",\"name\":\"Direitos sociais: m\u00ednimo existencial\",\"isPartOf\":{\"@id\":\"https:\\\/\\\/cj.estrategia.com\\\/portal\\\/#website\"},\"primaryImageOfPage\":{\"@id\":\"https:\\\/\\\/cj.estrategia.com\\\/portal\\\/minimo-existencial\\\/#primaryimage\"},\"image\":{\"@id\":\"https:\\\/\\\/cj.estrategia.com\\\/portal\\\/minimo-existencial\\\/#primaryimage\"},\"thumbnailUrl\":\"https:\\\/\\\/cj.estrategia.com\\\/portal\\\/wp-content\\\/uploads\\\/2024\\\/04\\\/24121123\\\/image-37.png\",\"datePublished\":\"2024-05-24T17:00:00+00:00\",\"description\":\"Hoje, vamos conhecer um pouco a respeito da teoria do m\u00ednimo existencial dentro da estrutura dos direitos sociais.\",\"breadcrumb\":{\"@id\":\"https:\\\/\\\/cj.estrategia.com\\\/portal\\\/minimo-existencial\\\/#breadcrumb\"},\"inLanguage\":\"pt-BR\",\"potentialAction\":[{\"@type\":\"ReadAction\",\"target\":[\"https:\\\/\\\/cj.estrategia.com\\\/portal\\\/minimo-existencial\\\/\"]}]},{\"@type\":\"ImageObject\",\"inLanguage\":\"pt-BR\",\"@id\":\"https:\\\/\\\/cj.estrategia.com\\\/portal\\\/minimo-existencial\\\/#primaryimage\",\"url\":\"https:\\\/\\\/cj.estrategia.com\\\/portal\\\/wp-content\\\/uploads\\\/2024\\\/04\\\/24121123\\\/image-37.png\",\"contentUrl\":\"https:\\\/\\\/cj.estrategia.com\\\/portal\\\/wp-content\\\/uploads\\\/2024\\\/04\\\/24121123\\\/image-37.png\",\"width\":599,\"height\":413},{\"@type\":\"BreadcrumbList\",\"@id\":\"https:\\\/\\\/cj.estrategia.com\\\/portal\\\/minimo-existencial\\\/#breadcrumb\",\"itemListElement\":[{\"@type\":\"ListItem\",\"position\":1,\"name\":\"In\u00edcio\",\"item\":\"https:\\\/\\\/cj.estrategia.com\\\/portal\\\/\"},{\"@type\":\"ListItem\",\"position\":2,\"name\":\"Direitos sociais: m\u00ednimo existencial\"}]},{\"@type\":\"WebSite\",\"@id\":\"https:\\\/\\\/cj.estrategia.com\\\/portal\\\/#website\",\"url\":\"https:\\\/\\\/cj.estrategia.com\\\/portal\\\/\",\"name\":\"Blog - Carreiras Jur\u00eddicas - Estrat\u00e9gia\",\"description\":\"\",\"publisher\":{\"@id\":\"https:\\\/\\\/cj.estrategia.com\\\/portal\\\/#organization\"},\"potentialAction\":[{\"@type\":\"SearchAction\",\"target\":{\"@type\":\"EntryPoint\",\"urlTemplate\":\"https:\\\/\\\/cj.estrategia.com\\\/portal\\\/?s={search_term_string}\"},\"query-input\":{\"@type\":\"PropertyValueSpecification\",\"valueRequired\":true,\"valueName\":\"search_term_string\"}}],\"inLanguage\":\"pt-BR\"},{\"@type\":\"Organization\",\"@id\":\"https:\\\/\\\/cj.estrategia.com\\\/portal\\\/#organization\",\"name\":\"Estrat\u00e9gia - Carreiras Jur\u00eddicas\",\"url\":\"https:\\\/\\\/cj.estrategia.com\\\/portal\\\/\",\"logo\":{\"@type\":\"ImageObject\",\"inLanguage\":\"pt-BR\",\"@id\":\"https:\\\/\\\/cj.estrategia.com\\\/portal\\\/#\\\/schema\\\/logo\\\/image\\\/\",\"url\":\"https:\\\/\\\/cj.estrategia.com\\\/portal\\\/wp-content\\\/uploads\\\/2022\\\/03\\\/11151052\\\/cj-logo.png\",\"contentUrl\":\"https:\\\/\\\/cj.estrategia.com\\\/portal\\\/wp-content\\\/uploads\\\/2022\\\/03\\\/11151052\\\/cj-logo.png\",\"width\":150,\"height\":39,\"caption\":\"Estrat\u00e9gia - Carreiras Jur\u00eddicas\"},\"image\":{\"@id\":\"https:\\\/\\\/cj.estrategia.com\\\/portal\\\/#\\\/schema\\\/logo\\\/image\\\/\"},\"sameAs\":[\"https:\\\/\\\/www.facebook.com\\\/estrategiacarreirajuridica\\\/\",\"https:\\\/\\\/x.com\\\/EstratJuridica\",\"https:\\\/\\\/www.instagram.com\\\/estrategiacarreirajuridica\\\/\",\"https:\\\/\\\/www.youtube.com\\\/channel\\\/UClbMGuYbj2Mh1m3w144ETWQ\"]},{\"@type\":\"Person\",\"@id\":\"https:\\\/\\\/cj.estrategia.com\\\/portal\\\/#\\\/schema\\\/person\\\/e3116c33097aaffcd61a5fe8d71846c4\",\"name\":\"Heloana Vera Albuquerque\",\"image\":{\"@type\":\"ImageObject\",\"inLanguage\":\"pt-BR\",\"@id\":\"https:\\\/\\\/secure.gravatar.com\\\/avatar\\\/24ae914faa49e70cf228cfa75150ff826756fa9dbbadf55254a1c17b67917d8a?s=96&d=mm&r=g\",\"url\":\"https:\\\/\\\/secure.gravatar.com\\\/avatar\\\/24ae914faa49e70cf228cfa75150ff826756fa9dbbadf55254a1c17b67917d8a?s=96&d=mm&r=g\",\"contentUrl\":\"https:\\\/\\\/secure.gravatar.com\\\/avatar\\\/24ae914faa49e70cf228cfa75150ff826756fa9dbbadf55254a1c17b67917d8a?s=96&d=mm&r=g\",\"caption\":\"Heloana Vera Albuquerque\"},\"description\":\"Aprovada para Oficial de Justi\u00e7a Avaliador Federal, Analista Judici\u00e1rio do Tribunal de Justi\u00e7a, Analista do Minist\u00e9rio P\u00fablico, Procurador Municipal e Juiz Leigo do JEC.\",\"award\":[\"L\u00e1urea universit\u00e1ria no Curso de Direito\"],\"url\":\"https:\\\/\\\/cj.estrategia.com\\\/portal\\\/author\\\/heloana-vera-albuquerque\\\/\"}]}<\/script>\n<!-- \/ Yoast SEO Premium plugin. -->","yoast_head_json":{"title":"Direitos sociais: m\u00ednimo existencial","description":"Hoje, vamos conhecer um pouco a respeito da teoria do m\u00ednimo existencial dentro da estrutura dos direitos sociais.","robots":{"index":"index","follow":"follow","max-snippet":"max-snippet:-1","max-image-preview":"max-image-preview:large","max-video-preview":"max-video-preview:-1"},"canonical":"https:\/\/cj.estrategia.com\/portal\/minimo-existencial\/","og_locale":"pt_BR","og_type":"article","og_title":"Direitos sociais: m\u00ednimo existencial","og_description":"Hoje, vamos conhecer um pouco a respeito da teoria do m\u00ednimo existencial dentro da estrutura dos direitos sociais.","og_url":"https:\/\/cj.estrategia.com\/portal\/minimo-existencial\/","og_site_name":"Blog - Carreiras Jur\u00eddicas - Estrat\u00e9gia","article_publisher":"https:\/\/www.facebook.com\/estrategiacarreirajuridica\/","article_published_time":"2024-05-24T17:00:00+00:00","og_image":[{"width":599,"height":413,"url":"https:\/\/cj.estrategia.com\/portal\/wp-content\/uploads\/2024\/04\/24121123\/image-37.png","type":"image\/png"}],"author":"Heloana Vera Albuquerque","twitter_card":"summary_large_image","twitter_creator":"@EstratJuridica","twitter_site":"@EstratJuridica","twitter_misc":{"Escrito por":"Heloana Vera Albuquerque","Est. tempo de leitura":"5 minutos"},"schema":{"@context":"https:\/\/schema.org","@graph":[{"@type":"NewsArticle","@id":"https:\/\/cj.estrategia.com\/portal\/minimo-existencial\/#article","isPartOf":{"@id":"https:\/\/cj.estrategia.com\/portal\/minimo-existencial\/"},"author":{"name":"Heloana Vera Albuquerque","@id":"https:\/\/cj.estrategia.com\/portal\/#\/schema\/person\/e3116c33097aaffcd61a5fe8d71846c4"},"headline":"Direitos sociais: m\u00ednimo existencial","datePublished":"2024-05-24T17:00:00+00:00","mainEntityOfPage":{"@id":"https:\/\/cj.estrategia.com\/portal\/minimo-existencial\/"},"wordCount":883,"commentCount":0,"publisher":{"@id":"https:\/\/cj.estrategia.com\/portal\/#organization"},"image":{"@id":"https:\/\/cj.estrategia.com\/portal\/minimo-existencial\/#primaryimage"},"thumbnailUrl":"https:\/\/cj.estrategia.com\/portal\/wp-content\/uploads\/2024\/04\/24121123\/image-37.png","articleSection":["Carreiras Jur\u00eddicas","Defensoria","Delegado","Magistratura","Promotoria"],"inLanguage":"pt-BR","potentialAction":[{"@type":"CommentAction","name":"Comment","target":["https:\/\/cj.estrategia.com\/portal\/minimo-existencial\/#respond"]}]},{"@type":"WebPage","@id":"https:\/\/cj.estrategia.com\/portal\/minimo-existencial\/","url":"https:\/\/cj.estrategia.com\/portal\/minimo-existencial\/","name":"Direitos sociais: m\u00ednimo existencial","isPartOf":{"@id":"https:\/\/cj.estrategia.com\/portal\/#website"},"primaryImageOfPage":{"@id":"https:\/\/cj.estrategia.com\/portal\/minimo-existencial\/#primaryimage"},"image":{"@id":"https:\/\/cj.estrategia.com\/portal\/minimo-existencial\/#primaryimage"},"thumbnailUrl":"https:\/\/cj.estrategia.com\/portal\/wp-content\/uploads\/2024\/04\/24121123\/image-37.png","datePublished":"2024-05-24T17:00:00+00:00","description":"Hoje, vamos conhecer um pouco a respeito da teoria do m\u00ednimo existencial dentro da estrutura dos direitos sociais.","breadcrumb":{"@id":"https:\/\/cj.estrategia.com\/portal\/minimo-existencial\/#breadcrumb"},"inLanguage":"pt-BR","potentialAction":[{"@type":"ReadAction","target":["https:\/\/cj.estrategia.com\/portal\/minimo-existencial\/"]}]},{"@type":"ImageObject","inLanguage":"pt-BR","@id":"https:\/\/cj.estrategia.com\/portal\/minimo-existencial\/#primaryimage","url":"https:\/\/cj.estrategia.com\/portal\/wp-content\/uploads\/2024\/04\/24121123\/image-37.png","contentUrl":"https:\/\/cj.estrategia.com\/portal\/wp-content\/uploads\/2024\/04\/24121123\/image-37.png","width":599,"height":413},{"@type":"BreadcrumbList","@id":"https:\/\/cj.estrategia.com\/portal\/minimo-existencial\/#breadcrumb","itemListElement":[{"@type":"ListItem","position":1,"name":"In\u00edcio","item":"https:\/\/cj.estrategia.com\/portal\/"},{"@type":"ListItem","position":2,"name":"Direitos sociais: m\u00ednimo existencial"}]},{"@type":"WebSite","@id":"https:\/\/cj.estrategia.com\/portal\/#website","url":"https:\/\/cj.estrategia.com\/portal\/","name":"Blog - Carreiras Jur\u00eddicas - Estrat\u00e9gia","description":"","publisher":{"@id":"https:\/\/cj.estrategia.com\/portal\/#organization"},"potentialAction":[{"@type":"SearchAction","target":{"@type":"EntryPoint","urlTemplate":"https:\/\/cj.estrategia.com\/portal\/?s={search_term_string}"},"query-input":{"@type":"PropertyValueSpecification","valueRequired":true,"valueName":"search_term_string"}}],"inLanguage":"pt-BR"},{"@type":"Organization","@id":"https:\/\/cj.estrategia.com\/portal\/#organization","name":"Estrat\u00e9gia - Carreiras Jur\u00eddicas","url":"https:\/\/cj.estrategia.com\/portal\/","logo":{"@type":"ImageObject","inLanguage":"pt-BR","@id":"https:\/\/cj.estrategia.com\/portal\/#\/schema\/logo\/image\/","url":"https:\/\/cj.estrategia.com\/portal\/wp-content\/uploads\/2022\/03\/11151052\/cj-logo.png","contentUrl":"https:\/\/cj.estrategia.com\/portal\/wp-content\/uploads\/2022\/03\/11151052\/cj-logo.png","width":150,"height":39,"caption":"Estrat\u00e9gia - Carreiras Jur\u00eddicas"},"image":{"@id":"https:\/\/cj.estrategia.com\/portal\/#\/schema\/logo\/image\/"},"sameAs":["https:\/\/www.facebook.com\/estrategiacarreirajuridica\/","https:\/\/x.com\/EstratJuridica","https:\/\/www.instagram.com\/estrategiacarreirajuridica\/","https:\/\/www.youtube.com\/channel\/UClbMGuYbj2Mh1m3w144ETWQ"]},{"@type":"Person","@id":"https:\/\/cj.estrategia.com\/portal\/#\/schema\/person\/e3116c33097aaffcd61a5fe8d71846c4","name":"Heloana Vera Albuquerque","image":{"@type":"ImageObject","inLanguage":"pt-BR","@id":"https:\/\/secure.gravatar.com\/avatar\/24ae914faa49e70cf228cfa75150ff826756fa9dbbadf55254a1c17b67917d8a?s=96&d=mm&r=g","url":"https:\/\/secure.gravatar.com\/avatar\/24ae914faa49e70cf228cfa75150ff826756fa9dbbadf55254a1c17b67917d8a?s=96&d=mm&r=g","contentUrl":"https:\/\/secure.gravatar.com\/avatar\/24ae914faa49e70cf228cfa75150ff826756fa9dbbadf55254a1c17b67917d8a?s=96&d=mm&r=g","caption":"Heloana Vera Albuquerque"},"description":"Aprovada para Oficial de Justi\u00e7a Avaliador Federal, Analista Judici\u00e1rio do Tribunal de Justi\u00e7a, Analista do Minist\u00e9rio P\u00fablico, Procurador Municipal e Juiz Leigo do JEC.","award":["L\u00e1urea universit\u00e1ria no Curso de Direito"],"url":"https:\/\/cj.estrategia.com\/portal\/author\/heloana-vera-albuquerque\/"}]}},"jetpack_featured_media_url":"https:\/\/cj.estrategia.com\/portal\/wp-content\/uploads\/2024\/04\/24121123\/image-37.png","jetpack_sharing_enabled":true,"_links":{"self":[{"href":"https:\/\/cj.estrategia.com\/portal\/wp-json\/wp\/v2\/posts\/61475","targetHints":{"allow":["GET"]}}],"collection":[{"href":"https:\/\/cj.estrategia.com\/portal\/wp-json\/wp\/v2\/posts"}],"about":[{"href":"https:\/\/cj.estrategia.com\/portal\/wp-json\/wp\/v2\/types\/post"}],"author":[{"embeddable":true,"href":"https:\/\/cj.estrategia.com\/portal\/wp-json\/wp\/v2\/users\/127"}],"replies":[{"embeddable":true,"href":"https:\/\/cj.estrategia.com\/portal\/wp-json\/wp\/v2\/comments?post=61475"}],"version-history":[{"count":11,"href":"https:\/\/cj.estrategia.com\/portal\/wp-json\/wp\/v2\/posts\/61475\/revisions"}],"predecessor-version":[{"id":62143,"href":"https:\/\/cj.estrategia.com\/portal\/wp-json\/wp\/v2\/posts\/61475\/revisions\/62143"}],"wp:featuredmedia":[{"embeddable":true,"href":"https:\/\/cj.estrategia.com\/portal\/wp-json\/wp\/v2\/media\/61480"}],"wp:attachment":[{"href":"https:\/\/cj.estrategia.com\/portal\/wp-json\/wp\/v2\/media?parent=61475"}],"wp:term":[{"taxonomy":"category","embeddable":true,"href":"https:\/\/cj.estrategia.com\/portal\/wp-json\/wp\/v2\/categories?post=61475"},{"taxonomy":"post_tag","embeddable":true,"href":"https:\/\/cj.estrategia.com\/portal\/wp-json\/wp\/v2\/tags?post=61475"},{"taxonomy":"tax_estado","embeddable":true,"href":"https:\/\/cj.estrategia.com\/portal\/wp-json\/wp\/v2\/tax_estado?post=61475"}],"curies":[{"name":"wp","href":"https:\/\/api.w.org\/{rel}","templated":true}]}}