{"id":61223,"date":"2024-05-18T14:00:00","date_gmt":"2024-05-18T17:00:00","guid":{"rendered":"https:\/\/cj.estrategia.com\/portal\/?p=61223"},"modified":"2024-05-13T20:56:31","modified_gmt":"2024-05-13T23:56:31","slug":"proibicao-excesso-insuficiencia","status":"publish","type":"post","link":"https:\/\/cj.estrategia.com\/portal\/proibicao-excesso-insuficiencia\/","title":{"rendered":"Proporcionalidade x proibi\u00e7\u00e3o de excesso e de insufici\u00eancia"},"content":{"rendered":"\n<p>Hoje, vamos conhecer um pouco a respeito da rela\u00e7\u00e3o entre a metanorma da proporcionalidade e as regras de proibi\u00e7\u00e3o de excesso e de proibi\u00e7\u00e3o de insufici\u00eancia, dando enfoque aos temas mais cobrados na \u00e1rea dos concursos de carreira jur\u00eddica.<\/p>\n\n\n\n<p>Vamos l\u00e1!<\/p>\n\n\n<div class=\"wp-block-image\">\n<figure class=\"aligncenter size-full is-resized\"><img decoding=\"async\" width=\"960\" height=\"480\" src=\"https:\/\/cj.estrategia.com\/portal\/wp-content\/uploads\/2024\/04\/19161632\/image-30.png\" alt=\"Proibi\u00e7\u00e3o de excesso e de insufici\u00eancia\" class=\"wp-image-61224\" style=\"width:680px;height:auto\" srcset=\"https:\/\/cj.estrategia.com\/portal\/wp-content\/uploads\/2024\/04\/19161632\/image-30.png 960w, https:\/\/cj.estrategia.com\/portal\/wp-content\/uploads\/2024\/04\/19161632\/image-30-300x150.png 300w, https:\/\/cj.estrategia.com\/portal\/wp-content\/uploads\/2024\/04\/19161632\/image-30-768x384.png 768w, https:\/\/cj.estrategia.com\/portal\/wp-content\/uploads\/2024\/04\/19161632\/image-30-380x190.png 380w, https:\/\/cj.estrategia.com\/portal\/wp-content\/uploads\/2024\/04\/19161632\/image-30-800x400.png 800w, https:\/\/cj.estrategia.com\/portal\/wp-content\/uploads\/2024\/04\/19161632\/image-30-150x75.png 150w\" sizes=\"(max-width: 960px) 100vw, 960px\" \/><figcaption class=\"wp-element-caption\">Proibi\u00e7\u00e3o de excesso e de insufici\u00eancia<\/figcaption><\/figure>\n<\/div>\n\n\n<h2 class=\"wp-block-heading\" id=\"h-1-proibicao-de-excesso-e-de-insuficiencia-metanorma-da-proporcionalidade\"><span id=\"1-proibicao-de-excesso-e-de-insuficiencia-metanorma-da-proporcionalidade\">1. Proibi\u00e7\u00e3o de excesso e de insufici\u00eancia: metanorma da proporcionalidade<\/span><\/h2>\n\n\n\n<p>Antes de analisarmos a rela\u00e7\u00e3o entre a metanorma da proporcionalidade e as regras de proibi\u00e7\u00e3o de excesso e de proibi\u00e7\u00e3o de insufici\u00eancia, vamos destrinchar brevemente acerca da proporcionalidade.<\/p>\n\n\n\n<p>Proporcionalidade \u00e9 uma <strong>metanorma<\/strong> ou um <strong>postulado normativo<\/strong> que cont\u00e9m tr\u00eas regras. <span style=\"text-decoration: underline\">Robert Alexy<\/span> denomina a proporcionalidade de m\u00e1xima. J\u00e1 <span style=\"text-decoration: underline\">Humberto \u00c1vila<\/span> denomina de postulado normativo.<\/p>\n\n\n\n<p>A proporcionalidade s\u00f3 entra em cena quando houver uma <strong><u>medida estatal<\/u><\/strong> (lei, MP, etc). N\u00e3o se utiliza para ponderar princ\u00edpios, pois no caso de colis\u00e3o destes \u00e9 utilizada a t\u00e9cnica da pondera\u00e7\u00e3o ou sopesamento.<\/p>\n\n\n\n<h3 class=\"wp-block-heading\" id=\"h-1-1-proporcionalidade-x-razoabilidade\"><span id=\"1-1-proporcionalidade-x-razoabilidade\">1.1. Proporcionalidade <em>x<\/em> Razoabilidade<\/span><\/h3>\n\n\n\n<p>Ainda no campo da proporcionalidade e sem adentrarmos na seara da proibi\u00e7\u00e3o de excesso e de insufici\u00eancia, ressaltamos que \u00e9 importante diferenciarmos a proporcionalidade da razoabilidade.<\/p>\n\n\n\n<p>De um lado, parte da doutrina n\u00e3o distingue os dois conceitos, tratando-os como sin\u00f4nimos. <\/p>\n\n\n\n<p>Para outra banda, no entanto, a <strong>razoabilidade <\/strong>impede condutas arbitr\u00e1rias ou desarrazoadas por parte dos poderes p\u00fablicos, enquanto a proporcionalidade &#8211; conforme se ver\u00e1 abaixo &#8211; se divide em: adequa\u00e7\u00e3o, necessidade e proporcionalidade em sentido estrito.<\/p>\n\n\n\n<h3 class=\"wp-block-heading\" id=\"h-1-2-previsao-normativa\"><span id=\"1-2-previsao-normativa\">1.2. Previs\u00e3o normativa<\/span><\/h3>\n\n\n\n<p>Prosseguindo no estudo da proporcionalidade e sem procedermos \u00e0 incurs\u00e3o na seara da proibi\u00e7\u00e3o de excesso e de insufici\u00eancia, destacamos que a proporcionalidade <strong>n\u00e3o est\u00e1 prevista expressamente na <a href=\"https:\/\/www.planalto.gov.br\/ccivil_03\/constituicao\/constituicao.htm\" target=\"_blank\" >Constitui\u00e7\u00e3o da Rep\u00fablica<\/a><\/strong>, embora seja encontrada em v\u00e1rios dispositivos constitucionais. Trata-se, portanto, de um <strong>princ\u00edpio impl\u00edcito<\/strong>, segundo o entendimento prevalente.<\/p>\n\n\n\n<p>Para alguns doutrinadores, a proporcionalidade seria deduzida do princ\u00edpio do <strong><u>devido processo legal substantivo<\/u><\/strong> (art. 5\u00ba, LIV e LV, da CRFB). \u00c9 o entendimento do <strong>STF<\/strong>. Para outros, pode ser extra\u00edda do <strong><u>princ\u00edpio do Estado de Direito<\/u><\/strong> (art. 1\u00ba, <em>caput<\/em>, da CRFB).<\/p>\n\n\n\n<figure class=\"wp-block-table\"><table><tbody><tr><td><strong>Art. 5\u00ba da CRFB<br>LIV &#8211; <\/strong>ningu\u00e9m ser\u00e1 privado da liberdade ou de seus bens sem o <strong>devido processo legal<\/strong>;<br><strong>LV &#8211; <\/strong>aos litigantes, em processo judicial ou administrativo, e aos acusados em geral s\u00e3o assegurados o <strong>contradit\u00f3rio<\/strong> e <strong>ampla defesa<\/strong>, com os meios e recursos a ela inerentes;<br><br><strong>Art. 1\u00ba da CRFB &#8211;<\/strong> A Rep\u00fablica Federativa do Brasil, formada pela uni\u00e3o indissol\u00favel dos Estados e Munic\u00edpios e do Distrito Federal, constitui-se em <strong>Estado Democr\u00e1tico de Direito <\/strong>e tem como fundamentos:<\/td><\/tr><\/tbody><\/table><\/figure>\n\n\n\n<h3 class=\"wp-block-heading\" id=\"h-1-3-regras\"><span id=\"1-3-regras\">1.3. Regras<\/span><\/h3>\n\n\n\n<p>Encerrando a an\u00e1lise da proporcionalidade e sem nos imiscuirmos no campo da proibi\u00e7\u00e3o de excesso e de insufici\u00eancia, salientamos que a metanorma da proporcionalidade pode se dividir em <strong><span style=\"text-decoration: underline\">tr\u00eas regras<\/span><\/strong>: adequa\u00e7\u00e3o, necessidade e proporcionalidade em sentido estrito. Vejamos:<\/p>\n\n\n\n<ul class=\"wp-block-list\">\n<li><strong>ADEQUA\u00c7\u00c3O: <\/strong>envolve uma rela\u00e7\u00e3o entre <span style=\"text-decoration: underline\">meio e fim<\/span>. Para que um ato seja proporcional, o <strong>meio utilizado <\/strong>pelo Poder P\u00fablico <strong>deve ser apto para atingir os objetivos almejados<\/strong>. N\u00e3o se exige que o meio seja efetivamente capaz, mas basta fomentar os objetivos almejados. Por outro lado, n\u00e3o sendo o meio id\u00f4neo, ele ser\u00e1 inadequado e, portanto, desproporcional.<\/li>\n\n\n\n<li><strong>NECESSIDADE: <\/strong>para que um ato seja proporcional, ap\u00f3s a verifica\u00e7\u00e3o da adequa\u00e7\u00e3o do meio, deve-se observar a sua necessidade. Havendo dois ou mais meios similares, deve-se optar pelo <strong>meio menos oneroso poss\u00edvel<\/strong>. N\u00e3o h\u00e1 a necessidade de os meios serem eficazes na mesma medida, bastando que sejam similares. A medida excessivamente gravosa n\u00e3o \u00e9 necess\u00e1ria e, portanto, \u00e9 desproporcional.<\/li>\n\n\n\n<li><strong>PROPORCIONALIDADE EM SENTIDO ESTRITO: <\/strong>ap\u00f3s verificada a adequa\u00e7\u00e3o e a necessidade, deve-se observar esta etapa. Revela a aplica\u00e7\u00e3o da t\u00e9cnica da <strong>pondera\u00e7\u00e3o<\/strong> entre os danos causados e os resultados a serem atingidos. Se a medida trouxer maiores benef\u00edcios do que custos, ser\u00e1 proporcional; caso contr\u00e1rio, ser\u00e1 desproporcional.<\/li>\n<\/ul>\n\n\n\n<p><strong>Obs.:<\/strong> a metanorma da proporcionalidade \u00e9 apenas um <span style=\"text-decoration: underline\">instrumento metodol\u00f3gico<\/span> que n\u00e3o tem a pretens\u00e3o de conduzir a um \u00fanico resultado, mas tem objetivo de permitir o racioc\u00ednio justificado da op\u00e7\u00e3o escolhida, a ponto de permitir o controle.<\/p>\n\n\n\n<h2 class=\"wp-block-heading\" id=\"h-2-proibicao-de-excesso-e-proibicao-de-insuficiencia\"><span id=\"2-proibicao-de-excesso-e-proibicao-de-insuficiencia\">2. Proibi\u00e7\u00e3o de excesso e proibi\u00e7\u00e3o de insufici\u00eancia<\/span><\/h2>\n\n\n\n<p>As regras de proibi\u00e7\u00e3o de excesso e proibi\u00e7\u00e3o de insufici\u00eancia se relacionam <strong>diretamente <\/strong>com a metanorma da proporcionalidade.<\/p>\n\n\n\n<p>Parte da doutrina faz distin\u00e7\u00e3o entre os conceitos de proibi\u00e7\u00e3o de excesso e de proibi\u00e7\u00e3o de insufici\u00eancia,<strong> <\/strong>relacionado-os ao <span style=\"text-decoration: underline\">princ\u00edpio da proporcionalidade<\/span>. Vejamos:<\/p>\n\n\n\n<ul class=\"wp-block-list\">\n<li><strong><span style=\"text-decoration: underline\">pro<\/span><\/strong><u><span style=\"text-decoration: underline\"><b>ibi\u00e7\u00e3o de excesso<\/b><\/span><\/u><strong>:<\/strong> tem por finalidade evitar cargas coativas excessivas na esfera jur\u00eddica dos particulares, ou seja, evitar medidas excessivas que possam violar direitos individuais. Cargas excessivas coativas est\u00e3o diretamente ligadas \u00e0 <span style=\"text-decoration: underline\"><em>regra da necessidade <\/em><\/span>(2\u00aa regra da proporcionalidade). <\/li>\n\n\n\n<li><strong><u>proibi\u00e7\u00e3o de insufici\u00eancia<\/u><\/strong>: imp\u00f5e aos poderes p\u00fablicos que sejam tomadas medidas adequadas e suficientes para tutelar os direitos fundamentais, de modo que se o meio n\u00e3o for apto para atingir o fim almejado, ser\u00e1 insuficiente. Veja que aqui h\u00e1 uma rela\u00e7\u00e3o com a <span style=\"text-decoration: underline\">regra da adequa\u00e7\u00e3o<\/span> (1\u00aa regra da proporcionalidade). Trata-se do chamado <strong>princ\u00edpio da proibi\u00e7\u00e3o de prote\u00e7\u00e3o insuficiente ou deficiente<\/strong> e configura a outra faceta da metanorma da proporcionalidade.<\/li>\n<\/ul>\n\n\n\n<p>Como se v\u00ea, a proibi\u00e7\u00e3o de excesso e a proibi\u00e7\u00e3o de insufici\u00eancia est\u00e3o intimamente ligadas \u00e0 proporcionalidade: s\u00e3o polos opostos. Assim, caso um ato seja excessivo, diz-se que ele n\u00e3o \u00e9 proporcional; da mesma maneira, se o ato for insuficiente, tamb\u00e9m ser\u00e1 desproporcional. <\/p>\n\n\n\n<h2 class=\"wp-block-heading\" id=\"h-conclusao\"><span id=\"conclusao\">Conclus\u00e3o<\/span><\/h2>\n\n\n\n<p>Hoje, vimos um pouco a respeito da rela\u00e7\u00e3o entre a metanorma da <strong>proporcionalidade <\/strong>e as regras de <strong>proibi\u00e7\u00e3o de excesso e proibi\u00e7\u00e3o de insufici\u00eancia<\/strong>. <\/p>\n\n\n\n<p>Por ora, finalizamos mais um tema empolgante para os que almejam a sonhada carreira jur\u00eddica.<\/p>\n\n\n\n<p>Advertimos que <strong>esse artigo<\/strong>, juntamente com as quest\u00f5es do <a href=\"https:\/\/cj.estrategia.com\/#\" target=\"_blank\" ><u><strong>Sistema de Quest\u00f5es do Estrat\u00e9gia Carreira Jur\u00eddica<\/strong><\/u><\/a>, serve como complemento ao estudo do tema proposto. Deve-se priorizar, todavia, o material te\u00f3rico do curso em <strong>PDF<\/strong> ou <strong>videoaula<\/strong>.<\/p>\n\n\n\n<p>At\u00e9 a pr\u00f3xima!<\/p>\n\n\n\n<p class=\"has-text-align-center\"><strong>Quer saber mais sobre os pr\u00f3ximos concursos?<\/strong><\/p>\n\n\n\n<p class=\"has-text-align-center\"><strong>Confira nossos artigos!<\/strong><\/p>\n\n\n\n<p class=\"has-text-align-center has-pale-cyan-blue-background-color has-background\"><a href=\"https:\/\/cj.estrategia.com\/portal\/concursos-abertos-carreiras-juridicas\/\" target=\"_blank\" >Concursos abertos<\/a><\/p>\n\n\n\n<p class=\"has-text-align-center has-pale-cyan-blue-background-color has-background\"><a href=\"https:\/\/cj.estrategia.com\/portal\/concursos-2024-carreiras-juridicas\/\" target=\"_blank\" >Concursos 2024<\/a><\/p>\n","protected":false},"excerpt":{"rendered":"Hoje, vamos conhecer um pouco a respeito da rela\u00e7\u00e3o entre a metanorma da proporcionalidade e as regras de&hellip;\n","protected":false},"author":127,"featured_media":61224,"comment_status":"open","ping_status":"open","sticky":false,"template":"","format":"standard","meta":{"_jetpack_memberships_contains_paid_content":false,"footnotes":""},"categories":[1,27,28,26,24,25],"tags":[],"tax_estado":[30,31,32,33,34,35,36,37,38,39,40,41,42,43,44,45,46,47,48,49,50,51,52,53,54,55,56,57],"class_list":{"0":"post-61223","1":"post","2":"type-post","3":"status-publish","4":"format-standard","5":"has-post-thumbnail","7":"category-carreiras-juridicas","8":"category-defensoria","9":"category-delegado","10":"category-magistratura","11":"category-procuradoria","12":"category-promotoria","13":"tax_estado-ac","14":"tax_estado-al","15":"tax_estado-am","16":"tax_estado-ap","17":"tax_estado-ba","18":"tax_estado-ce","19":"tax_estado-concursos-federais","20":"tax_estado-df","21":"tax_estado-es","22":"tax_estado-go","23":"tax_estado-ma","24":"tax_estado-mg","25":"tax_estado-ms","26":"tax_estado-mt","27":"tax_estado-pa","28":"tax_estado-pb","29":"tax_estado-pe","30":"tax_estado-pi","31":"tax_estado-pr","32":"tax_estado-rj","33":"tax_estado-rn","34":"tax_estado-ro","35":"tax_estado-rr","36":"tax_estado-rs","37":"tax_estado-sc","38":"tax_estado-se","39":"tax_estado-sp","40":"tax_estado-to"},"acf":[],"yoast_head":"<!-- This site is optimized with the Yoast SEO Premium plugin v27.4 (Yoast SEO v27.4) - https:\/\/yoast.com\/product\/yoast-seo-premium-wordpress\/ -->\n<title>Proibi\u00e7\u00e3o de excesso e de insufici\u00eancia: proporcionalidade<\/title>\n<meta name=\"description\" content=\"Hoje, falaremos acerca da rela\u00e7\u00e3o entre a metanorma da proporcionalidade e as regras de proibi\u00e7\u00e3o de excesso e proibi\u00e7\u00e3o de insufici\u00eancia.\" \/>\n<meta name=\"robots\" content=\"index, follow, max-snippet:-1, max-image-preview:large, max-video-preview:-1\" \/>\n<link rel=\"canonical\" href=\"https:\/\/cj.estrategia.com\/portal\/proibicao-excesso-insuficiencia\/\" \/>\n<meta property=\"og:locale\" content=\"pt_BR\" \/>\n<meta property=\"og:type\" content=\"article\" \/>\n<meta property=\"og:title\" content=\"Proporcionalidade x proibi\u00e7\u00e3o de excesso e de insufici\u00eancia\" \/>\n<meta property=\"og:description\" content=\"Hoje, falaremos acerca da rela\u00e7\u00e3o entre a metanorma da proporcionalidade e as regras de proibi\u00e7\u00e3o de excesso e proibi\u00e7\u00e3o de insufici\u00eancia.\" \/>\n<meta property=\"og:url\" content=\"https:\/\/cj.estrategia.com\/portal\/proibicao-excesso-insuficiencia\/\" \/>\n<meta property=\"og:site_name\" content=\"Blog - Carreiras Jur\u00eddicas - Estrat\u00e9gia\" \/>\n<meta property=\"article:publisher\" content=\"https:\/\/www.facebook.com\/estrategiacarreirajuridica\/\" \/>\n<meta property=\"article:published_time\" content=\"2024-05-18T17:00:00+00:00\" \/>\n<meta property=\"og:image\" content=\"https:\/\/cj.estrategia.com\/portal\/wp-content\/uploads\/2024\/04\/19161632\/image-30.png\" \/>\n\t<meta property=\"og:image:width\" content=\"960\" \/>\n\t<meta property=\"og:image:height\" content=\"480\" \/>\n\t<meta property=\"og:image:type\" content=\"image\/png\" \/>\n<meta name=\"author\" content=\"Heloana Vera Albuquerque\" \/>\n<meta name=\"twitter:card\" content=\"summary_large_image\" \/>\n<meta name=\"twitter:creator\" content=\"@EstratJuridica\" \/>\n<meta name=\"twitter:site\" content=\"@EstratJuridica\" \/>\n<meta name=\"twitter:label1\" content=\"Escrito por\" \/>\n\t<meta name=\"twitter:data1\" content=\"Heloana Vera Albuquerque\" \/>\n\t<meta name=\"twitter:label2\" content=\"Est. tempo de leitura\" \/>\n\t<meta name=\"twitter:data2\" content=\"6 minutos\" \/>\n<script type=\"application\/ld+json\" class=\"yoast-schema-graph\">{\"@context\":\"https:\\\/\\\/schema.org\",\"@graph\":[{\"@type\":\"NewsArticle\",\"@id\":\"https:\\\/\\\/cj.estrategia.com\\\/portal\\\/proibicao-excesso-insuficiencia\\\/#article\",\"isPartOf\":{\"@id\":\"https:\\\/\\\/cj.estrategia.com\\\/portal\\\/proibicao-excesso-insuficiencia\\\/\"},\"author\":{\"name\":\"Heloana Vera Albuquerque\",\"@id\":\"https:\\\/\\\/cj.estrategia.com\\\/portal\\\/#\\\/schema\\\/person\\\/e3116c33097aaffcd61a5fe8d71846c4\"},\"headline\":\"Proporcionalidade x proibi\u00e7\u00e3o de excesso e de insufici\u00eancia\",\"datePublished\":\"2024-05-18T17:00:00+00:00\",\"mainEntityOfPage\":{\"@id\":\"https:\\\/\\\/cj.estrategia.com\\\/portal\\\/proibicao-excesso-insuficiencia\\\/\"},\"wordCount\":1044,\"commentCount\":0,\"publisher\":{\"@id\":\"https:\\\/\\\/cj.estrategia.com\\\/portal\\\/#organization\"},\"image\":{\"@id\":\"https:\\\/\\\/cj.estrategia.com\\\/portal\\\/proibicao-excesso-insuficiencia\\\/#primaryimage\"},\"thumbnailUrl\":\"https:\\\/\\\/cj.estrategia.com\\\/portal\\\/wp-content\\\/uploads\\\/2024\\\/04\\\/19161632\\\/image-30.png\",\"articleSection\":[\"Carreiras Jur\u00eddicas\",\"Defensoria\",\"Delegado\",\"Magistratura\",\"Procuradoria\",\"Promotoria\"],\"inLanguage\":\"pt-BR\",\"potentialAction\":[{\"@type\":\"CommentAction\",\"name\":\"Comment\",\"target\":[\"https:\\\/\\\/cj.estrategia.com\\\/portal\\\/proibicao-excesso-insuficiencia\\\/#respond\"]}]},{\"@type\":\"WebPage\",\"@id\":\"https:\\\/\\\/cj.estrategia.com\\\/portal\\\/proibicao-excesso-insuficiencia\\\/\",\"url\":\"https:\\\/\\\/cj.estrategia.com\\\/portal\\\/proibicao-excesso-insuficiencia\\\/\",\"name\":\"Proibi\u00e7\u00e3o de excesso e de insufici\u00eancia: proporcionalidade\",\"isPartOf\":{\"@id\":\"https:\\\/\\\/cj.estrategia.com\\\/portal\\\/#website\"},\"primaryImageOfPage\":{\"@id\":\"https:\\\/\\\/cj.estrategia.com\\\/portal\\\/proibicao-excesso-insuficiencia\\\/#primaryimage\"},\"image\":{\"@id\":\"https:\\\/\\\/cj.estrategia.com\\\/portal\\\/proibicao-excesso-insuficiencia\\\/#primaryimage\"},\"thumbnailUrl\":\"https:\\\/\\\/cj.estrategia.com\\\/portal\\\/wp-content\\\/uploads\\\/2024\\\/04\\\/19161632\\\/image-30.png\",\"datePublished\":\"2024-05-18T17:00:00+00:00\",\"description\":\"Hoje, falaremos acerca da rela\u00e7\u00e3o entre a metanorma da proporcionalidade e as regras de proibi\u00e7\u00e3o de excesso e proibi\u00e7\u00e3o de insufici\u00eancia.\",\"breadcrumb\":{\"@id\":\"https:\\\/\\\/cj.estrategia.com\\\/portal\\\/proibicao-excesso-insuficiencia\\\/#breadcrumb\"},\"inLanguage\":\"pt-BR\",\"potentialAction\":[{\"@type\":\"ReadAction\",\"target\":[\"https:\\\/\\\/cj.estrategia.com\\\/portal\\\/proibicao-excesso-insuficiencia\\\/\"]}]},{\"@type\":\"ImageObject\",\"inLanguage\":\"pt-BR\",\"@id\":\"https:\\\/\\\/cj.estrategia.com\\\/portal\\\/proibicao-excesso-insuficiencia\\\/#primaryimage\",\"url\":\"https:\\\/\\\/cj.estrategia.com\\\/portal\\\/wp-content\\\/uploads\\\/2024\\\/04\\\/19161632\\\/image-30.png\",\"contentUrl\":\"https:\\\/\\\/cj.estrategia.com\\\/portal\\\/wp-content\\\/uploads\\\/2024\\\/04\\\/19161632\\\/image-30.png\",\"width\":960,\"height\":480},{\"@type\":\"BreadcrumbList\",\"@id\":\"https:\\\/\\\/cj.estrategia.com\\\/portal\\\/proibicao-excesso-insuficiencia\\\/#breadcrumb\",\"itemListElement\":[{\"@type\":\"ListItem\",\"position\":1,\"name\":\"In\u00edcio\",\"item\":\"https:\\\/\\\/cj.estrategia.com\\\/portal\\\/\"},{\"@type\":\"ListItem\",\"position\":2,\"name\":\"Proporcionalidade x proibi\u00e7\u00e3o de excesso e de insufici\u00eancia\"}]},{\"@type\":\"WebSite\",\"@id\":\"https:\\\/\\\/cj.estrategia.com\\\/portal\\\/#website\",\"url\":\"https:\\\/\\\/cj.estrategia.com\\\/portal\\\/\",\"name\":\"Blog - Carreiras Jur\u00eddicas - Estrat\u00e9gia\",\"description\":\"\",\"publisher\":{\"@id\":\"https:\\\/\\\/cj.estrategia.com\\\/portal\\\/#organization\"},\"potentialAction\":[{\"@type\":\"SearchAction\",\"target\":{\"@type\":\"EntryPoint\",\"urlTemplate\":\"https:\\\/\\\/cj.estrategia.com\\\/portal\\\/?s={search_term_string}\"},\"query-input\":{\"@type\":\"PropertyValueSpecification\",\"valueRequired\":true,\"valueName\":\"search_term_string\"}}],\"inLanguage\":\"pt-BR\"},{\"@type\":\"Organization\",\"@id\":\"https:\\\/\\\/cj.estrategia.com\\\/portal\\\/#organization\",\"name\":\"Estrat\u00e9gia - Carreiras Jur\u00eddicas\",\"url\":\"https:\\\/\\\/cj.estrategia.com\\\/portal\\\/\",\"logo\":{\"@type\":\"ImageObject\",\"inLanguage\":\"pt-BR\",\"@id\":\"https:\\\/\\\/cj.estrategia.com\\\/portal\\\/#\\\/schema\\\/logo\\\/image\\\/\",\"url\":\"https:\\\/\\\/cj.estrategia.com\\\/portal\\\/wp-content\\\/uploads\\\/2022\\\/03\\\/11151052\\\/cj-logo.png\",\"contentUrl\":\"https:\\\/\\\/cj.estrategia.com\\\/portal\\\/wp-content\\\/uploads\\\/2022\\\/03\\\/11151052\\\/cj-logo.png\",\"width\":150,\"height\":39,\"caption\":\"Estrat\u00e9gia - Carreiras Jur\u00eddicas\"},\"image\":{\"@id\":\"https:\\\/\\\/cj.estrategia.com\\\/portal\\\/#\\\/schema\\\/logo\\\/image\\\/\"},\"sameAs\":[\"https:\\\/\\\/www.facebook.com\\\/estrategiacarreirajuridica\\\/\",\"https:\\\/\\\/x.com\\\/EstratJuridica\",\"https:\\\/\\\/www.instagram.com\\\/estrategiacarreirajuridica\\\/\",\"https:\\\/\\\/www.youtube.com\\\/channel\\\/UClbMGuYbj2Mh1m3w144ETWQ\"]},{\"@type\":\"Person\",\"@id\":\"https:\\\/\\\/cj.estrategia.com\\\/portal\\\/#\\\/schema\\\/person\\\/e3116c33097aaffcd61a5fe8d71846c4\",\"name\":\"Heloana Vera Albuquerque\",\"image\":{\"@type\":\"ImageObject\",\"inLanguage\":\"pt-BR\",\"@id\":\"https:\\\/\\\/secure.gravatar.com\\\/avatar\\\/24ae914faa49e70cf228cfa75150ff826756fa9dbbadf55254a1c17b67917d8a?s=96&d=mm&r=g\",\"url\":\"https:\\\/\\\/secure.gravatar.com\\\/avatar\\\/24ae914faa49e70cf228cfa75150ff826756fa9dbbadf55254a1c17b67917d8a?s=96&d=mm&r=g\",\"contentUrl\":\"https:\\\/\\\/secure.gravatar.com\\\/avatar\\\/24ae914faa49e70cf228cfa75150ff826756fa9dbbadf55254a1c17b67917d8a?s=96&d=mm&r=g\",\"caption\":\"Heloana Vera Albuquerque\"},\"description\":\"Aprovada para Oficial de Justi\u00e7a Avaliador Federal, Analista Judici\u00e1rio do Tribunal de Justi\u00e7a, Analista do Minist\u00e9rio P\u00fablico, Procurador Municipal e Juiz Leigo do JEC.\",\"award\":[\"L\u00e1urea universit\u00e1ria no Curso de Direito\"],\"url\":\"https:\\\/\\\/cj.estrategia.com\\\/portal\\\/author\\\/heloana-vera-albuquerque\\\/\"}]}<\/script>\n<!-- \/ Yoast SEO Premium plugin. -->","yoast_head_json":{"title":"Proibi\u00e7\u00e3o de excesso e de insufici\u00eancia: proporcionalidade","description":"Hoje, falaremos acerca da rela\u00e7\u00e3o entre a metanorma da proporcionalidade e as regras de proibi\u00e7\u00e3o de excesso e proibi\u00e7\u00e3o de insufici\u00eancia.","robots":{"index":"index","follow":"follow","max-snippet":"max-snippet:-1","max-image-preview":"max-image-preview:large","max-video-preview":"max-video-preview:-1"},"canonical":"https:\/\/cj.estrategia.com\/portal\/proibicao-excesso-insuficiencia\/","og_locale":"pt_BR","og_type":"article","og_title":"Proporcionalidade x proibi\u00e7\u00e3o de excesso e de insufici\u00eancia","og_description":"Hoje, falaremos acerca da rela\u00e7\u00e3o entre a metanorma da proporcionalidade e as regras de proibi\u00e7\u00e3o de excesso e proibi\u00e7\u00e3o de insufici\u00eancia.","og_url":"https:\/\/cj.estrategia.com\/portal\/proibicao-excesso-insuficiencia\/","og_site_name":"Blog - Carreiras Jur\u00eddicas - Estrat\u00e9gia","article_publisher":"https:\/\/www.facebook.com\/estrategiacarreirajuridica\/","article_published_time":"2024-05-18T17:00:00+00:00","og_image":[{"width":960,"height":480,"url":"https:\/\/cj.estrategia.com\/portal\/wp-content\/uploads\/2024\/04\/19161632\/image-30.png","type":"image\/png"}],"author":"Heloana Vera Albuquerque","twitter_card":"summary_large_image","twitter_creator":"@EstratJuridica","twitter_site":"@EstratJuridica","twitter_misc":{"Escrito por":"Heloana Vera Albuquerque","Est. tempo de leitura":"6 minutos"},"schema":{"@context":"https:\/\/schema.org","@graph":[{"@type":"NewsArticle","@id":"https:\/\/cj.estrategia.com\/portal\/proibicao-excesso-insuficiencia\/#article","isPartOf":{"@id":"https:\/\/cj.estrategia.com\/portal\/proibicao-excesso-insuficiencia\/"},"author":{"name":"Heloana Vera Albuquerque","@id":"https:\/\/cj.estrategia.com\/portal\/#\/schema\/person\/e3116c33097aaffcd61a5fe8d71846c4"},"headline":"Proporcionalidade x proibi\u00e7\u00e3o de excesso e de insufici\u00eancia","datePublished":"2024-05-18T17:00:00+00:00","mainEntityOfPage":{"@id":"https:\/\/cj.estrategia.com\/portal\/proibicao-excesso-insuficiencia\/"},"wordCount":1044,"commentCount":0,"publisher":{"@id":"https:\/\/cj.estrategia.com\/portal\/#organization"},"image":{"@id":"https:\/\/cj.estrategia.com\/portal\/proibicao-excesso-insuficiencia\/#primaryimage"},"thumbnailUrl":"https:\/\/cj.estrategia.com\/portal\/wp-content\/uploads\/2024\/04\/19161632\/image-30.png","articleSection":["Carreiras Jur\u00eddicas","Defensoria","Delegado","Magistratura","Procuradoria","Promotoria"],"inLanguage":"pt-BR","potentialAction":[{"@type":"CommentAction","name":"Comment","target":["https:\/\/cj.estrategia.com\/portal\/proibicao-excesso-insuficiencia\/#respond"]}]},{"@type":"WebPage","@id":"https:\/\/cj.estrategia.com\/portal\/proibicao-excesso-insuficiencia\/","url":"https:\/\/cj.estrategia.com\/portal\/proibicao-excesso-insuficiencia\/","name":"Proibi\u00e7\u00e3o de excesso e de insufici\u00eancia: proporcionalidade","isPartOf":{"@id":"https:\/\/cj.estrategia.com\/portal\/#website"},"primaryImageOfPage":{"@id":"https:\/\/cj.estrategia.com\/portal\/proibicao-excesso-insuficiencia\/#primaryimage"},"image":{"@id":"https:\/\/cj.estrategia.com\/portal\/proibicao-excesso-insuficiencia\/#primaryimage"},"thumbnailUrl":"https:\/\/cj.estrategia.com\/portal\/wp-content\/uploads\/2024\/04\/19161632\/image-30.png","datePublished":"2024-05-18T17:00:00+00:00","description":"Hoje, falaremos acerca da rela\u00e7\u00e3o entre a metanorma da proporcionalidade e as regras de proibi\u00e7\u00e3o de excesso e proibi\u00e7\u00e3o de insufici\u00eancia.","breadcrumb":{"@id":"https:\/\/cj.estrategia.com\/portal\/proibicao-excesso-insuficiencia\/#breadcrumb"},"inLanguage":"pt-BR","potentialAction":[{"@type":"ReadAction","target":["https:\/\/cj.estrategia.com\/portal\/proibicao-excesso-insuficiencia\/"]}]},{"@type":"ImageObject","inLanguage":"pt-BR","@id":"https:\/\/cj.estrategia.com\/portal\/proibicao-excesso-insuficiencia\/#primaryimage","url":"https:\/\/cj.estrategia.com\/portal\/wp-content\/uploads\/2024\/04\/19161632\/image-30.png","contentUrl":"https:\/\/cj.estrategia.com\/portal\/wp-content\/uploads\/2024\/04\/19161632\/image-30.png","width":960,"height":480},{"@type":"BreadcrumbList","@id":"https:\/\/cj.estrategia.com\/portal\/proibicao-excesso-insuficiencia\/#breadcrumb","itemListElement":[{"@type":"ListItem","position":1,"name":"In\u00edcio","item":"https:\/\/cj.estrategia.com\/portal\/"},{"@type":"ListItem","position":2,"name":"Proporcionalidade x proibi\u00e7\u00e3o de excesso e de insufici\u00eancia"}]},{"@type":"WebSite","@id":"https:\/\/cj.estrategia.com\/portal\/#website","url":"https:\/\/cj.estrategia.com\/portal\/","name":"Blog - Carreiras Jur\u00eddicas - Estrat\u00e9gia","description":"","publisher":{"@id":"https:\/\/cj.estrategia.com\/portal\/#organization"},"potentialAction":[{"@type":"SearchAction","target":{"@type":"EntryPoint","urlTemplate":"https:\/\/cj.estrategia.com\/portal\/?s={search_term_string}"},"query-input":{"@type":"PropertyValueSpecification","valueRequired":true,"valueName":"search_term_string"}}],"inLanguage":"pt-BR"},{"@type":"Organization","@id":"https:\/\/cj.estrategia.com\/portal\/#organization","name":"Estrat\u00e9gia - Carreiras Jur\u00eddicas","url":"https:\/\/cj.estrategia.com\/portal\/","logo":{"@type":"ImageObject","inLanguage":"pt-BR","@id":"https:\/\/cj.estrategia.com\/portal\/#\/schema\/logo\/image\/","url":"https:\/\/cj.estrategia.com\/portal\/wp-content\/uploads\/2022\/03\/11151052\/cj-logo.png","contentUrl":"https:\/\/cj.estrategia.com\/portal\/wp-content\/uploads\/2022\/03\/11151052\/cj-logo.png","width":150,"height":39,"caption":"Estrat\u00e9gia - Carreiras Jur\u00eddicas"},"image":{"@id":"https:\/\/cj.estrategia.com\/portal\/#\/schema\/logo\/image\/"},"sameAs":["https:\/\/www.facebook.com\/estrategiacarreirajuridica\/","https:\/\/x.com\/EstratJuridica","https:\/\/www.instagram.com\/estrategiacarreirajuridica\/","https:\/\/www.youtube.com\/channel\/UClbMGuYbj2Mh1m3w144ETWQ"]},{"@type":"Person","@id":"https:\/\/cj.estrategia.com\/portal\/#\/schema\/person\/e3116c33097aaffcd61a5fe8d71846c4","name":"Heloana Vera Albuquerque","image":{"@type":"ImageObject","inLanguage":"pt-BR","@id":"https:\/\/secure.gravatar.com\/avatar\/24ae914faa49e70cf228cfa75150ff826756fa9dbbadf55254a1c17b67917d8a?s=96&d=mm&r=g","url":"https:\/\/secure.gravatar.com\/avatar\/24ae914faa49e70cf228cfa75150ff826756fa9dbbadf55254a1c17b67917d8a?s=96&d=mm&r=g","contentUrl":"https:\/\/secure.gravatar.com\/avatar\/24ae914faa49e70cf228cfa75150ff826756fa9dbbadf55254a1c17b67917d8a?s=96&d=mm&r=g","caption":"Heloana Vera Albuquerque"},"description":"Aprovada para Oficial de Justi\u00e7a Avaliador Federal, Analista Judici\u00e1rio do Tribunal de Justi\u00e7a, Analista do Minist\u00e9rio P\u00fablico, Procurador Municipal e Juiz Leigo do JEC.","award":["L\u00e1urea universit\u00e1ria no Curso de Direito"],"url":"https:\/\/cj.estrategia.com\/portal\/author\/heloana-vera-albuquerque\/"}]}},"jetpack_featured_media_url":"https:\/\/cj.estrategia.com\/portal\/wp-content\/uploads\/2024\/04\/19161632\/image-30.png","jetpack_sharing_enabled":true,"_links":{"self":[{"href":"https:\/\/cj.estrategia.com\/portal\/wp-json\/wp\/v2\/posts\/61223","targetHints":{"allow":["GET"]}}],"collection":[{"href":"https:\/\/cj.estrategia.com\/portal\/wp-json\/wp\/v2\/posts"}],"about":[{"href":"https:\/\/cj.estrategia.com\/portal\/wp-json\/wp\/v2\/types\/post"}],"author":[{"embeddable":true,"href":"https:\/\/cj.estrategia.com\/portal\/wp-json\/wp\/v2\/users\/127"}],"replies":[{"embeddable":true,"href":"https:\/\/cj.estrategia.com\/portal\/wp-json\/wp\/v2\/comments?post=61223"}],"version-history":[{"count":11,"href":"https:\/\/cj.estrategia.com\/portal\/wp-json\/wp\/v2\/posts\/61223\/revisions"}],"predecessor-version":[{"id":61842,"href":"https:\/\/cj.estrategia.com\/portal\/wp-json\/wp\/v2\/posts\/61223\/revisions\/61842"}],"wp:featuredmedia":[{"embeddable":true,"href":"https:\/\/cj.estrategia.com\/portal\/wp-json\/wp\/v2\/media\/61224"}],"wp:attachment":[{"href":"https:\/\/cj.estrategia.com\/portal\/wp-json\/wp\/v2\/media?parent=61223"}],"wp:term":[{"taxonomy":"category","embeddable":true,"href":"https:\/\/cj.estrategia.com\/portal\/wp-json\/wp\/v2\/categories?post=61223"},{"taxonomy":"post_tag","embeddable":true,"href":"https:\/\/cj.estrategia.com\/portal\/wp-json\/wp\/v2\/tags?post=61223"},{"taxonomy":"tax_estado","embeddable":true,"href":"https:\/\/cj.estrategia.com\/portal\/wp-json\/wp\/v2\/tax_estado?post=61223"}],"curies":[{"name":"wp","href":"https:\/\/api.w.org\/{rel}","templated":true}]}}