{"id":60976,"date":"2024-05-15T08:00:00","date_gmt":"2024-05-15T11:00:00","guid":{"rendered":"https:\/\/cj.estrategia.com\/portal\/?p=60976"},"modified":"2024-05-13T20:32:24","modified_gmt":"2024-05-13T23:32:24","slug":"conflito-competencia","status":"publish","type":"post","link":"https:\/\/cj.estrategia.com\/portal\/conflito-competencia\/","title":{"rendered":"Conflito de Compet\u00eancia"},"content":{"rendered":"<div class=\"wp-block-image\">\n<figure class=\"aligncenter size-large is-resized\"><img decoding=\"async\" width=\"1024\" height=\"683\" src=\"https:\/\/cj.estrategia.com\/portal\/wp-content\/uploads\/2024\/04\/17100401\/business-people-giving-pulse-1024x683.jpg\" alt=\"Resumo sobre Conflito de Compet\u00eancia\" class=\"wp-image-60977\" style=\"width:530px;height:auto\" srcset=\"https:\/\/cj.estrategia.com\/portal\/wp-content\/uploads\/2024\/04\/17100401\/business-people-giving-pulse-1024x683.jpg 1024w, https:\/\/cj.estrategia.com\/portal\/wp-content\/uploads\/2024\/04\/17100401\/business-people-giving-pulse-300x200.jpg 300w, https:\/\/cj.estrategia.com\/portal\/wp-content\/uploads\/2024\/04\/17100401\/business-people-giving-pulse-768x512.jpg 768w, https:\/\/cj.estrategia.com\/portal\/wp-content\/uploads\/2024\/04\/17100401\/business-people-giving-pulse-1536x1024.jpg 1536w, https:\/\/cj.estrategia.com\/portal\/wp-content\/uploads\/2024\/04\/17100401\/business-people-giving-pulse-2048x1365.jpg 2048w, https:\/\/cj.estrategia.com\/portal\/wp-content\/uploads\/2024\/04\/17100401\/business-people-giving-pulse-380x253.jpg 380w, https:\/\/cj.estrategia.com\/portal\/wp-content\/uploads\/2024\/04\/17100401\/business-people-giving-pulse-800x533.jpg 800w, https:\/\/cj.estrategia.com\/portal\/wp-content\/uploads\/2024\/04\/17100401\/business-people-giving-pulse-1160x773.jpg 1160w, https:\/\/cj.estrategia.com\/portal\/wp-content\/uploads\/2024\/04\/17100401\/business-people-giving-pulse-150x100.jpg 150w, https:\/\/cj.estrategia.com\/portal\/wp-content\/uploads\/2024\/04\/17100401\/business-people-giving-pulse-scaled.jpg 2560w\" sizes=\"(max-width: 1024px) 100vw, 1024px\" \/><figcaption class=\"wp-element-caption\">Resumo sobre Conflito de Compet\u00eancia<\/figcaption><\/figure>\n<\/div>\n\n\n<p>Fala, pessoal, tudo certo? Hoje faremos um breve resumo sobre Conflito de Compet\u00eancia, expondo, inclusive, o entendimento do STF (Supremo Tribunal Federal) e do STJ (Superior Tribunal de Justi\u00e7a) quanto ao tema.<\/p>\n\n\n\n<p>Desse modo, teceremos algumas considera\u00e7\u00f5es iniciais sobre o conceito de conflito de compet\u00eancia, bem como sua previs\u00e3o legal e esp\u00e9cies<\/p>\n\n\n\n<p>Na sequ\u00eancia, falaremos sobre quem s\u00e3o os legitimados a suscitar o conflito de compet\u00eancia, entrando, ap\u00f3s, no processo e julgamento do conflito.<\/p>\n\n\n\n<p>Por fim, abordaremos como a jurisprud\u00eancia do STF e do STJ enfrentam a tem\u00e1tica.<\/p>\n\n\n\n<p>Vamos ao que interessa!<\/p>\n\n\n\n<div class=\"wp-block-yoast-seo-table-of-contents yoast-table-of-contents\"><h2 id=\"sumario\"><mark style=\"background-color:rgba(0, 0, 0, 0)\" class=\"has-inline-color has-luminous-vivid-orange-color\">Sum\u00e1rio<\/mark><\/h2><ul><li><a href=\"#h-conflito-de-competencia\" data-level=\"2\">Conflito de Compet\u00eancia<\/a><ul><li><a href=\"#h-conceito-nbsp\" data-level=\"3\">Conceito\u00a0<\/a><\/li><li><a href=\"#h-previsao-legal-e-especies-de-conflito-de-competencia\" data-level=\"3\">Previs\u00e3o legal e esp\u00e9cies de conflito de compet\u00eancia<\/a><\/li><li><a href=\"#h-processo-e-julgamento-do-conflito-de-competencia\" data-level=\"3\">Processo e julgamento do conflito de compet\u00eancia<\/a><ul><li><a href=\"#h-competencia-para-resolver-o-conflito-de-competencia\" data-level=\"4\">Compet\u00eancia para resolver o conflito de compet\u00eancia<\/a><\/li><li><a href=\"#h-processamento-e-decisao-do-conflito-nbsp\" data-level=\"4\">Processamento e decis\u00e3o do conflito\u00a0<\/a><\/li><\/ul><\/li><li><a href=\"#h-jurisprudencia-sobre-o-tema\" data-level=\"3\">Jurisprud\u00eancia sobre o tema<\/a><\/li><\/ul><\/li><li><a href=\"#h-conclusao\" data-level=\"2\">Conclus\u00e3o<\/a><ul><li><a href=\"#assinatura-de-concursos\" data-level=\"3\">Assinatura de Concursos<\/a><\/li><\/ul><\/li><li><a href=\"#concursos-e-vagas-previstas-para-2023\" data-level=\"2\">Concursos e vagas previstas para 2024:<\/a><\/li><\/ul><\/div>\n\n\n\n<h2 class=\"wp-block-heading has-luminous-vivid-orange-color has-text-color has-link-color wp-elements-13af1828feef354115f27082878752e0\" id=\"h-conflito-de-competencia\"><span id=\"conflito-de-competencia\">Conflito de Compet\u00eancia<\/span><\/h2>\n\n\n\n<h3 class=\"wp-block-heading has-luminous-vivid-orange-color has-text-color has-link-color wp-elements-ef59904a0b773f6b6829a6f0635b8274\" id=\"h-conceito-nbsp\"><span id=\"conceito\">Conceito\u00a0<\/span><\/h3>\n\n\n\n<p>De in\u00edcio, \u00e9 importante deixar claro que <strong>a compet\u00eancia \u00e9 a medida da jurisdi\u00e7\u00e3o<\/strong>, que, por sua vez, \u00e9 o poder-dever de o juiz dizer o direito no caso concreto.<\/p>\n\n\n\n<p>Como ensina a doutrina, a jurisdi\u00e7\u00e3o \u00e9 una, n\u00e3o se divide, haja vista que n\u00e3o podem coexistir dois ou mais poderes judici\u00e1rios no Brasil. Isso \u00e9, a fun\u00e7\u00e3o Estatal, que atribu\u00edmos de forma t\u00edpica ao Poder Judici\u00e1rio de julgar as lides perante a si suscitadas, \u00e9 plena.<\/p>\n\n\n\n<p>No entanto, para fins de organiza\u00e7\u00e3o judici\u00e1ria, a cada magistrado \u00e9 atribu\u00edda uma parcela da jurisdi\u00e7\u00e3o (ex.: juiz c\u00edvel, criminal, trabalhista, etc.), que \u00e9 justamente o que chamamos de compet\u00eancia.<\/p>\n\n\n\n<p>Portanto, justamente quando h\u00e1 um embate, entre os membros do Poder Judici\u00e1rio, sobre a quem foi atribu\u00edda a compet\u00eancia para julgar determinada causa ou assunto \u00e9 que se tem o que chamamos de <strong>conflito de compet\u00eancia<\/strong>.<\/p>\n\n\n\n<h3 class=\"wp-block-heading has-luminous-vivid-orange-color has-text-color has-link-color wp-elements-9babf04e800e1d2d8a86a24fe5512fb9\" id=\"h-previsao-legal-e-especies-de-conflito-de-competencia\"><span id=\"previsao-legal-e-especies-de-conflito-de-competencia\">Previs\u00e3o legal e esp\u00e9cies de conflito de compet\u00eancia<\/span><\/h3>\n\n\n\n<p>O conflito de compet\u00eancia est\u00e1 previsto no artigo 66 do C\u00f3digo de Processo Civil:<\/p>\n\n\n\n<blockquote class=\"wp-block-quote is-layout-flow wp-block-quote-is-layout-flow\">\n<p class=\"has-small-font-size\">Art. 66. H\u00e1 conflito de compet\u00eancia quando:<\/p>\n\n\n\n<p class=\"has-small-font-size\">I \u2013 2 (dois) ou mais ju\u00edzes se declaram competentes;<\/p>\n\n\n\n<p class=\"has-small-font-size\">II \u2013 2 (dois) ou mais ju\u00edzes se consideram incompetentes, atribuindo um ao outro a compet\u00eancia;<\/p>\n\n\n\n<p class=\"has-small-font-size\">III \u2013 entre 2 (dois) ou mais ju\u00edzes surge controv\u00e9rsia acerca da reuni\u00e3o ou separa\u00e7\u00e3o de processos.<\/p>\n\n\n\n<p class=\"has-small-font-size\">Par\u00e1grafo \u00fanico. O juiz que n\u00e3o acolher a compet\u00eancia declinada dever\u00e1 suscitar o conflito, salvo se a atribuir a outro ju\u00edzo.<\/p>\n<\/blockquote>\n\n\n\n<p>O <strong>conflito positivo <\/strong>de compet\u00eancia ocorre quando dois ou mais ju\u00edzes se declaram competentes para o julgamento daquela causa.<\/p>\n\n\n\n<p>No entanto, \u00e9 importante esclarecer desde j\u00e1, que o fato de haver compet\u00eancia recursal (previs\u00e3o para julgamento de recurso) de \u00f3rg\u00e3o judici\u00e1rio com hierarquia superior n\u00e3o significa dizer que se est\u00e1 diante de conflito de compet\u00eancia.\u00a0<\/p>\n\n\n\n<p>Isso porque,<strong> para se configurar o conflito<\/strong>, \u00e9 necess\u00e1rio que haja a <strong>atua\u00e7\u00e3o simult\u00e2nea <\/strong>de mais de um \u00f3rg\u00e3o judici\u00e1rio. \u00c9 exatamente essa a li\u00e7\u00e3o que Humberto Theodoro J\u00fanior faz:<\/p>\n\n\n\n<p><strong>A cada causa corresponde a compet\u00eancia de um juiz ou tribunal.<\/strong> V\u00e1rios \u00f3rg\u00e3os judici\u00e1rios, no entanto, podem ser convocados a atuar sucessivamente, em graus hier\u00e1rquicos diversos num mesmo processo, em raz\u00e3o do recurso interposto pela parte ou mesmo <em>ex officio<\/em>, nos casos de duplo grau de jurisdi\u00e7\u00e3o necess\u00e1rio (NCPC, art. 496). <strong>Mas \u00e9 inadmiss\u00edvel que, simultaneamente, mais de um \u00f3rg\u00e3o judici\u00e1rio seja igualmente competente para processar e julgar a mesma causa.\u00a0<\/strong><\/p>\n\n\n\n<p>Por sua vez, o <strong>conflito negativo <\/strong>de compet\u00eancia ocorre quando dois ou mais ju\u00edzes se consideram incompetentes, atribuindo um ao outro a compet\u00eancia para o julgamento da causa.<\/p>\n\n\n\n<p>Al\u00e9m disso, a al\u00ednea \u201cc\u201d afirma que haver\u00e1 conflito de compet\u00eancia quando entre dois ou mais ju\u00edzes surgir controv\u00e9rsia acerca da reuni\u00e3o ou separa\u00e7\u00e3o de processos.<\/p>\n\n\n\n<p>Embora a doutrina critique a previs\u00e3o da al\u00ednea \u201cc\u201d, dizendo que, na verdade, ela est\u00e1 contida nas outras duas al\u00edneas, \u00e9 importante que levemos para as provas sua exist\u00eancia.<\/p>\n\n\n\n<h3 id=\"quem-podera-suscitar-o-conflito-de-competencia\" class=\"wp-block-heading has-luminous-vivid-orange-color has-text-color has-link-color wp-elements-819f3408b2b37b4123937ddaee51ee7a\">Quem poder\u00e1 suscitar o conflito de compet\u00eancia?<\/h3>\n\n\n\n<p>Agora, falaremos sobre a legitimidade para suscitar o conflito de compet\u00eancia.<\/p>\n\n\n\n<p>Como vimos, o par\u00e1grafo \u00fanico do artigo 66 do CPC afirma que o juiz que n\u00e3o acolher a compet\u00eancia declinada dever\u00e1 suscitar o conflito, salvo se a atribuir a um terceiro ju\u00edzo.<\/p>\n\n\n\n<p>No entanto, de forma mais espec\u00edfica, os artigos 951 e seguintes do CPC disp\u00f5em que o conflito de compet\u00eancia <strong>pode ser suscitado:<\/strong><\/p>\n\n\n\n<p><strong>1) Por qualquer das partes: <\/strong>aquele que \u00e9 parte no processo (polo passivo ou ativo) poder\u00e1 suscitar ao tribunal competente o conflito de compet\u00eancia <strong>por meio de peti\u00e7\u00e3o<\/strong>, instru\u00edda com os documentos necess\u00e1rios \u00e0 prova do conflito.<\/p>\n\n\n\n<p>No entanto, <strong>a parte que, no processo, arguiu incompet\u00eancia relativa n\u00e3o poder\u00e1 suscitar o conflito<\/strong>.<br><br>Exemplo: imagine o caso em que o r\u00e9u, em preliminar de contesta\u00e7\u00e3o (artigo 337, inciso II, CPC), argumente que h\u00e1 incompet\u00eancia relativa, devendo o feito ser deslocado para outra Vara\/Comarca.<br><br>Como a incompet\u00eancia relativa, nesse caso, foi uma das mat\u00e9rias de defesa alegadas pelo r\u00e9u, n\u00e3o poder\u00e1 suscitar um conflito para resolver a quest\u00e3o.<br><br>Por outro lado, a parte que n\u00e3o suscitou o conflito de compet\u00eancia n\u00e3o fica impedida de suscitar a incompet\u00eancia.<strong><br><br>2) Pelo Minist\u00e9rio P\u00fablico: <\/strong>o MP pode suscitar o conflito de compet\u00eancia quando for parte no processo, caso em que se aplicar\u00e1 a ele o que j\u00e1 falamos acima.<\/p>\n\n\n\n<p>No entanto, quando atuar no processo na qualidade de fiscal da lei (<em>custos legis<\/em>), nos casos do artigo 178 do CPC, o MP ser\u00e1 ouvido antes de decidido o conflito.<\/p>\n\n\n\n<p><strong>3) Pelo juiz:<\/strong> nesse caso, o juiz suscitar\u00e1 o conflito por meio de of\u00edcio, a ser instru\u00eddo com os documentos necess\u00e1rios \u00e0 prova do conflito.<\/p>\n\n\n\n<h3 class=\"wp-block-heading has-luminous-vivid-orange-color has-text-color has-link-color wp-elements-8b96d77084b644cd8e5259ec4454c00f\" id=\"h-processo-e-julgamento-do-conflito-de-competencia\"><span id=\"processo-e-julgamento-do-conflito-de-competencia\">Processo e julgamento do conflito de compet\u00eancia<\/span><\/h3>\n\n\n\n<h4 class=\"wp-block-heading has-luminous-vivid-orange-color has-text-color has-link-color wp-elements-7b7f74ec6ce143ce6e67f6c06b0f0a34\" id=\"h-competencia-para-resolver-o-conflito-de-competencia\"><span id=\"competencia-para-resolver-o-conflito-de-competencia\">Compet\u00eancia para resolver o conflito de compet\u00eancia<\/span><\/h4>\n\n\n\n<p>Antes de mais nada, \u00e9 importante destacar qual \u00e9 o Tribunal competente para resolver o conflito de compet\u00eancia.<\/p>\n\n\n\n<p>De acordo com a Constitui\u00e7\u00e3o Federal e com o CPC, a compet\u00eancia ser\u00e1 do Tribunal hierarquicamente superior aos ju\u00edzes conflitantes, salvo se a diverg\u00eancia ocorrente entre tribunais, ou entre tribunais e ju\u00edzes a ele n\u00e3o vinculados e entre ju\u00edzes vinculados a tribunais diversos, caso em que competir\u00e1 o julgamento ao Superior Tribunal de Justi\u00e7a.<\/p>\n\n\n\n<p>A CF ainda preconiza que a compet\u00eancia ser\u00e1 do STF quando houver conflito entre o STJ e quaisquer tribunais, entre Tribunais Superiores, ou entre estes e qualquer outro tribunal.<\/p>\n\n\n\n<p>Al\u00e9m disso, o STF, no julgamento do <a href=\"https:\/\/portal.stf.jus.br\/jurisprudenciaRepercussao\/tema.asp?num=128\" target=\"_blank\" >Tema de Repercuss\u00e3o Geral n\u00ba 128<\/a>, firmou Tese no sentido de que cabe ao respectivo Tribunal Regional Federal dirimir conflitos de compet\u00eancia entre Juizado Especial e Ju\u00edzo Federal de primeira inst\u00e2ncia que perten\u00e7am a uma mesma Se\u00e7\u00e3o Judici\u00e1ria.<\/p>\n\n\n\n<p>Ademais, tratando-se de conflito de atribui\u00e7\u00f5es entre autoridade judici\u00e1ria e autoridade administrativa, o regimento interno do tribunal regular\u00e1 o processo e o julgamento.<\/p>\n\n\n\n<p>Por fim, quando se cuidar de conflito que envolva \u00f3rg\u00e3os fracion\u00e1rios dos tribunais, desembargadores e ju\u00edzes em exerc\u00edcio no tribunal, observar-se-\u00e1 o que dispuser o regimento interno do tribunal.<\/p>\n\n\n\n<p><em>Vamos esquematizar isso?<\/em><\/p>\n\n\n\n<figure class=\"wp-block-table\"><table><tbody><tr><td class=\"has-text-align-center\" data-align=\"center\"><strong>Conflito<\/strong><\/td><td class=\"has-text-align-center\" data-align=\"center\"><strong>Compet\u00eancia<\/strong><\/td><\/tr><tr><td class=\"has-text-align-center\" data-align=\"center\">Conflito entre ju\u00edzes vinculados a um mesmo Tribunal<\/td><td class=\"has-text-align-center\" data-align=\"center\">O julgamento ocorrer\u00e1 no Tribunal a que vinculados<\/td><\/tr><tr><td class=\"has-text-align-center\" data-align=\"center\">Conflito entre juiz federal e juizado especial federal<\/td><td class=\"has-text-align-center\" data-align=\"center\">O pr\u00f3prio TRF a que estiverem vinculados<\/td><\/tr><tr><td class=\"has-text-align-center\" data-align=\"center\">Conflito entre ju\u00edzes vinculados a tribunais distintos<\/td><td class=\"has-text-align-center\" data-align=\"center\">STJ<\/td><\/tr><tr><td class=\"has-text-align-center\" data-align=\"center\">Conflito entre tribunal e juiz a ele n\u00e3o vinculado<\/td><td class=\"has-text-align-center\" data-align=\"center\">STJ<\/td><\/tr><tr><td class=\"has-text-align-center\" data-align=\"center\">Conflito entre tribunais<\/td><td class=\"has-text-align-center\" data-align=\"center\">STJ<\/td><\/tr><tr><td class=\"has-text-align-center\" data-align=\"center\">Conflito entre o STJ e qualquer tribunal\u00a0<br><\/td><td class=\"has-text-align-center\" data-align=\"center\">STF<\/td><\/tr><tr><td class=\"has-text-align-center\" data-align=\"center\">Conflito entre Tribunais Superiores e qualquer tribunal<\/td><td class=\"has-text-align-center\" data-align=\"center\">STF<\/td><\/tr><tr><td class=\"has-text-align-center\" data-align=\"center\">Conflito entre Tribunais Superiores<\/td><td class=\"has-text-align-center\" data-align=\"center\">STF<\/td><\/tr><tr><td class=\"has-text-align-center\" data-align=\"center\">Conflito de atribui\u00e7\u00f5es entre autoridade judici\u00e1ria e autoridade administrativa do mesmo Tribunal<\/td><td class=\"has-text-align-center\" data-align=\"center\">Regimento Interno do Tribunal respectivo<\/td><\/tr><tr><td class=\"has-text-align-center\" data-align=\"center\">Conflito entre \u00f3rg\u00e3os fracion\u00e1rios<\/td><td class=\"has-text-align-center\" data-align=\"center\">Regimento Interno do Tribunal respectivo<\/td><\/tr><\/tbody><\/table><\/figure>\n\n\n\n<h4 class=\"wp-block-heading has-luminous-vivid-orange-color has-text-color has-link-color wp-elements-327a3e505cef8f9da5cf9768a7a578c0\" id=\"h-processamento-e-decisao-do-conflito-nbsp\"><span id=\"processamento-e-decisao-do-conflito\">Processamento e decis\u00e3o do conflito\u00a0<\/span><\/h4>\n\n\n\n<p>Como sempre ser\u00e1 resolvido no \u00e2mbito de um tribunal, o conflito de compet\u00eancia ser\u00e1 distribu\u00eddo a um relator (desembargador ou ministro, a depender do caso).<\/p>\n\n\n\n<p>O relator do conflito tem algumas op\u00e7\u00f5es ao receber o feito (que podem ser cumulativas ou n\u00e3o):<\/p>\n\n\n\n<ol class=\"wp-block-list\">\n<li><strong>Requisitar informa\u00e7\u00f5es aos ju\u00edzes:<\/strong> nesse caso ser\u00e3o ouvidos, no prazo determinado pelo relator, os ju\u00edzes envolvidos no conflito. Caso algum deles seja quem tenha suscitado, ser\u00e1 ouvido apenas o outro juiz;<\/li>\n<\/ol>\n\n\n\n<ol class=\"wp-block-list\" start=\"2\">\n<li><strong>Determinar o sobrestamento do processo no caso de conflito POSITIVO: <\/strong>para evitar que haja decis\u00f5es conflitantes, por exemplo. Nesse caso poder\u00e1 designar um dos ju\u00edzes para resolver, em car\u00e1ter provis\u00f3rio, as medidas urgentes.<br><br>Notem que o CPC n\u00e3o fala sobre a suspens\u00e3o\/sobrestamento do processo no caso de conflito NEGATIVO, haja vista que, nesse caso, o processo ficar\u00e1 normalmente paralisado em virtude de nenhum daqueles ju\u00edzes se entender competente para nele atuar.<\/li>\n<\/ol>\n\n\n\n<ol class=\"wp-block-list\" start=\"3\">\n<li><strong>Designar um dos ju\u00edzes para resolver em car\u00e1ter provis\u00f3rio as medidas urgentes:<\/strong> tanto no caso de conflito positivo (em que tamb\u00e9m poder\u00e1 ocorrer o sobrestamento) quanto no caso de conflito negativo, o Relator pode designar um dos ju\u00edzes para resolver, em car\u00e1ter provis\u00f3rio, as medidas urgentes.<br><br>Trata-se de previs\u00e3o que visa a evitar eventual risco ou perecimento de direito das partes, bem como assegurar o resultado \u00fatil do processo.<\/li>\n<\/ol>\n\n\n\n<ol class=\"wp-block-list\" start=\"4\">\n<li><strong>Julgar de plano o conflito: <\/strong>o julgamento, desde logo, do conflito ocorrer\u00e1 quando o Relator puder decidir com base (i) em s\u00famula do STF, STJ ou do pr\u00f3prio tribunal; ou (ii) em tese firmada em julgamento de casos repetitivos (IRDR e recursos especial e extraordin\u00e1rio repetitivos, vide artigo 928 do CPC) ou em incidente de assun\u00e7\u00e3o de compet\u00eancia.<\/li>\n<\/ol>\n\n\n\n<p>Uma vez que o prazo designado pelo relator tenha decorrido,<strong> o MP ser\u00e1 ouvido no prazo de 05 dias, ainda que as informa\u00e7\u00f5es n\u00e3o tenham sido prestadas<\/strong>, e, em seguida, o conflito ir\u00e1 a julgamento.<\/p>\n\n\n\n<p>O CPC prev\u00ea que, ao decidir o conflito, <strong>o tribunal declarar\u00e1 qual o ju\u00edzo competente, <\/strong>pronunciando-se tamb\u00e9m sobre a <strong>validade dos atos do ju\u00edzo incompetente<\/strong>.<\/p>\n\n\n\n<p>Por fim, os autos do processo em que se manifestou o conflito ser\u00e3o remetidos ao juiz declarado competente.<\/p>\n\n\n\n<h3 class=\"wp-block-heading has-luminous-vivid-orange-color has-text-color has-link-color wp-elements-15c3705a8058d8d0c22ccab16f6dbcc6\" id=\"h-jurisprudencia-sobre-o-tema\"><span id=\"jurisprudencia-sobre-o-tema\">Jurisprud\u00eancia sobre o tema<\/span><\/h3>\n\n\n\n<p>Como dito anteriormente, o STF, no julgamento do <a href=\"https:\/\/portal.stf.jus.br\/jurisprudenciaRepercussao\/tema.asp?num=128\" target=\"_blank\" >Tema de Repercuss\u00e3o Geral n\u00ba 128<\/a>, firmou Tese no sentido de que cabe ao respectivo TRF dirimir conflitos de compet\u00eancia entre Juizado Especial e Ju\u00edzo Federal de primeira inst\u00e2ncia que perten\u00e7am a uma mesma Se\u00e7\u00e3o Judici\u00e1ria.<\/p>\n\n\n\n<p>Al\u00e9m disso, o STJ possui entendimento consolidado no sentido de que <strong>o conflito de compet\u00eancia n\u00e3o pode ser utilizado como suced\u00e2neo recursal.<\/strong><\/p>\n\n\n\n<p>Isso significa que n\u00e3o poder\u00e1 ser utilizado nos casos em que, na verdade, deveria se valer a parte do meio recursal cab\u00edvel.<\/p>\n\n\n\n<p>Por exemplo, o <a href=\"https:\/\/processo.stj.jus.br\/SCON\/GetInteiroTeorDoAcordao?num_registro=202101618401&dt_publicacao=18\/04\/2023\" target=\"_blank\" >STJ entende<\/a> que <strong>o fato de a senten\u00e7a extinguir o feito sem resolu\u00e7\u00e3o de m\u00e9rito afasta a exist\u00eancia de conflito de compet\u00eancia entre os ju\u00edzos<\/strong>, de modo que a irresigna\u00e7\u00e3o da parte, fundamentada na necessidade de envio dos autos ao ju\u00edzo competente, n\u00e3o encontra no conflito de compet\u00eancia o rem\u00e9dio jurisdicional adequado, tendo em vista que o incidente n\u00e3o pode ser utilizado como suced\u00e2neo recursal.<\/p>\n\n\n\n<p>Outrossim, a <a href=\"https:\/\/scon.stj.jus.br\/SCON\/GetInteiroTeorDoAcordao?num_registro=202202382403&dt_publicacao=20\/10\/2023\" target=\"_blank\" >Corte Cidad\u00e3 entende<\/a> que <strong>a caracteriza\u00e7\u00e3o de conflito de compet\u00eancia depende da <span style=\"text-decoration: underline;\">manifesta\u00e7\u00e3o expressa<\/span> de dois ou mais ju\u00edzos que se considerem competentes ou incompetentes<\/strong> para processar e julgar o mesmo feito, <strong>n\u00e3o se prestando o incidente a ser utilizado como suced\u00e2neo recursal.<\/strong><\/p>\n\n\n\n<p>Por fim, como aponta Humberto Theodoro Junior, decis\u00f5es importantes sobrev\u00eam do julgamento dos conflitos de compet\u00eancia, como no \u00e2mbito do <a href=\"https:\/\/processo.stj.jus.br\/SCON\/GetInteiroTeorDoAcordao?num_registro=200802630140&dt_publicacao=09\/06\/2009\" target=\"_blank\" >CC 101.341\/SP<\/a>, no qual o STJ decidiu que, em face do advento da Emenda Constitucional 45, de 31.12.2004, a compet\u00eancia para conhecer das a\u00e7\u00f5es oriundas da rela\u00e7\u00e3o de trabalho, abrangidos entes de Direito P\u00fablico externo e da Administra\u00e7\u00e3o P\u00fablica Direta e Indireta da Uni\u00e3o, dos Estados, do Distrito Federal e dos Munic\u00edpios, passou a ser da Justi\u00e7a do Trabalho.<\/p>\n\n\n\n<h2 class=\"wp-block-heading has-luminous-vivid-orange-color has-text-color has-link-color wp-elements-73e6ee8e394209c514bff0a567029b78\" id=\"h-conclusao\"><span id=\"conclusao\">Conclus\u00e3o<\/span><\/h2>\n\n\n\n<p>Portanto, pessoal, esse foi nosso breve resumo sobre Conflito de Compet\u00eancia, expondo, inclusive, o entendimento do STF e do STJ quanto ao tema.<\/p>\n\n\n\n<p>At\u00e9 a pr\u00f3xima!<\/p>\n\n\n\n<p class=\"has-text-align-center\" id=\"h-quer-saber-tudo-sobre-concursos-previstos\"><strong>Quer saber quais ser\u00e3o os pr\u00f3ximos concursos?<\/strong><\/p>\n\n\n\n<p class=\"has-text-align-center\">Confira nossos <a href=\"https:\/\/cj.estrategia.com\/portal\/\" target=\"_blank\" >artigos para Carreiras Jur\u00eddicas<\/a>!<\/p>\n\n\n\n<p class=\"has-text-align-center has-white-color has-pale-cyan-blue-background-color has-text-color has-background\"><a href=\"https:\/\/www.estrategiaconcursos.com.br\/blog\/concursos-abertos\/\" target=\"_blank\" >Confira os concursos p\u00fablicos abertos<\/a><\/p>\n\n\n\n<p class=\"has-text-align-center has-white-color has-pale-cyan-blue-background-color has-text-color has-background\"><a href=\"https:\/\/www.estrategiaconcursos.com.br\/blog\/concursos-2024\/\" target=\"_blank\" >Concursos 2024<\/a><\/p>\n\n\n\n<h3 class=\"wp-block-heading\" id=\"assinatura-de-concursos\">Assinatura de Concursos<\/h3>\n\n\n\n<p>Assinatura de 1 ano ou 2 anos <a href=\"https:\/\/www.estrategiaconcursos.com.br\/assinaturas\/\" target=\"_blank\" >ASSINE AGORA<\/a><\/p>\n\n\n\n<p>Agora, confira as vagas e oportunidades dos\u00a0<strong>concursos 2024<\/strong>\u00a0navegando atrav\u00e9s do \u00edndice abaixo:<\/p>\n\n\n\n<h2 class=\"wp-block-heading\" id=\"concursos-e-vagas-previstas-para-2023\"><span id=\"concursos-e-vagas-previstas-para-2024\">Concursos e vagas previstas para 2024:<\/span><\/h2>\n\n\n\n<p>Al\u00e9m deste resumo sobre Conflito de Compet\u00eancia, confira:<\/p>\n\n\n\n<ul class=\"wp-block-list\">\n<li><a href=\"https:\/\/www.estrategiaconcursos.com.br\/blog\/concursos-2023\/#policial\" target=\"_blank\" >Concursos Policiais<\/a><\/li>\n\n\n\n<li><a href=\"https:\/\/www.estrategiaconcursos.com.br\/blog\/concursos-2023\/#fiscal\" target=\"_blank\" >Concursos Fiscais<\/a><\/li>\n\n\n\n<li><a href=\"https:\/\/www.estrategiaconcursos.com.br\/blog\/concursos-2023\/#controle\" target=\"_blank\" >Concursos Controle<\/a><\/li>\n\n\n\n<li><a href=\"https:\/\/www.estrategiaconcursos.com.br\/blog\/concursos-2023\/#tribunais\" target=\"_blank\" >Concursos Tribunais<\/a><\/li>\n\n\n\n<li><a href=\"https:\/\/www.estrategiaconcursos.com.br\/blog\/concursos-2023\/#ministerios-publicos\" target=\"_blank\" >Concursos em Minist\u00e9rios P\u00fablicos<\/a><\/li>\n\n\n\n<li><a href=\"https:\/\/www.estrategiaconcursos.com.br\/blog\/concursos-2023\/#defensorias-publicas\" target=\"_blank\" >Concursos em Defensorias<\/a><\/li>\n\n\n\n<li><a href=\"https:\/\/www.estrategiaconcursos.com.br\/blog\/concursos-2023\/#legislativa\" target=\"_blank\" >Concursos Legislativos<\/a><\/li>\n\n\n\n<li><a href=\"https:\/\/www.estrategiaconcursos.com.br\/blog\/concursos-2023\/#saude\" target=\"_blank\" >Concursos da \u00e1rea da Sa\u00fade<\/a><\/li>\n\n\n\n<li><a href=\"https:\/\/www.estrategiaconcursos.com.br\/blog\/concursos-2023\/#bancaria\" target=\"_blank\" >Concursos da \u00e1rea banc\u00e1ria<\/a><\/li>\n\n\n\n<li><a href=\"https:\/\/www.estrategiaconcursos.com.br\/blog\/concursos-2023\/#educacao\" target=\"_blank\" >Concursos da \u00e1rea da Educa\u00e7\u00e3o<\/a><\/li>\n\n\n\n<li><a href=\"https:\/\/www.estrategiaconcursos.com.br\/blog\/concursos-2023\/#prefeituras\" target=\"_blank\" >Concursos para Prefeituras<\/a><\/li>\n\n\n\n<li><a href=\"https:\/\/www.estrategiaconcursos.com.br\/blog\/concursos-2023\/#outros\" target=\"_blank\" >Concursos outras oportunidades<\/a><\/li>\n<\/ul>\n\n\n\n<p class=\"has-text-align-center has-luminous-vivid-amber-background-color has-background\" style=\"font-size:22px\"><strong>Veja tamb\u00e9m: <a href=\"https:\/\/www.estrategiaconcursos.com.br\/blog\/concursos-abertos\/\" target=\"_blank\" >Concursos Abertos<\/a><\/strong><\/p>\n\n\n\n<p class=\"has-text-align-left\" style=\"font-size:25px\"><em><strong>Quer saber tudo sobre os concursos previstos? Confira nossos artigos completos:<\/strong><\/em><\/p>\n\n\n\n<p>Al\u00e9m deste resumo sobre Conflito de Compet\u00eancia, confira:<\/p>\n\n\n\n<ul class=\"wp-block-list\">\n<li><a href=\"https:\/\/www.estrategiaconcursos.com.br\/blog\/concursos-2024\/\" target=\"_blank\" >Concursos 2024<\/a><\/li>\n<\/ul>\n","protected":false},"excerpt":{"rendered":"Fala, pessoal, tudo certo? Hoje faremos um breve resumo sobre Conflito de Compet\u00eancia, expondo, inclusive, o entendimento do&hellip;\n","protected":false},"author":39,"featured_media":60977,"comment_status":"open","ping_status":"open","sticky":false,"template":"","format":"standard","meta":{"_jetpack_memberships_contains_paid_content":false,"footnotes":""},"categories":[1],"tags":[],"tax_estado":[30,31,32,33,34,35,36,37,38,39,40,41,42,43,44,45,46,47,48,49,50,51,52,53,54,55,56,57],"class_list":{"0":"post-60976","1":"post","2":"type-post","3":"status-publish","4":"format-standard","5":"has-post-thumbnail","7":"category-carreiras-juridicas","8":"tax_estado-ac","9":"tax_estado-al","10":"tax_estado-am","11":"tax_estado-ap","12":"tax_estado-ba","13":"tax_estado-ce","14":"tax_estado-concursos-federais","15":"tax_estado-df","16":"tax_estado-es","17":"tax_estado-go","18":"tax_estado-ma","19":"tax_estado-mg","20":"tax_estado-ms","21":"tax_estado-mt","22":"tax_estado-pa","23":"tax_estado-pb","24":"tax_estado-pe","25":"tax_estado-pi","26":"tax_estado-pr","27":"tax_estado-rj","28":"tax_estado-rn","29":"tax_estado-ro","30":"tax_estado-rr","31":"tax_estado-rs","32":"tax_estado-sc","33":"tax_estado-se","34":"tax_estado-sp","35":"tax_estado-to"},"acf":[],"yoast_head":"<!-- This site is optimized with the Yoast SEO Premium plugin v27.5 (Yoast SEO v27.5) - https:\/\/yoast.com\/product\/yoast-seo-premium-wordpress\/ -->\n<title>Conflito de Compet\u00eancia<\/title>\n<meta name=\"description\" content=\"Confira nosso breve resumo sobre Conflito de Compet\u00eancia, expondo, inclusive, tanto o entendimento do STF quanto do STJ sobre o tema.\" \/>\n<meta name=\"robots\" content=\"index, follow, max-snippet:-1, max-image-preview:large, max-video-preview:-1\" \/>\n<link rel=\"canonical\" href=\"https:\/\/cj.estrategia.com\/portal\/conflito-competencia\/\" \/>\n<meta property=\"og:locale\" content=\"pt_BR\" \/>\n<meta property=\"og:type\" content=\"article\" \/>\n<meta property=\"og:title\" content=\"Conflito de Compet\u00eancia\" \/>\n<meta property=\"og:description\" content=\"Confira nosso breve resumo sobre Conflito de Compet\u00eancia, expondo, inclusive, tanto o entendimento do STF quanto do STJ sobre o tema.\" \/>\n<meta property=\"og:url\" content=\"https:\/\/cj.estrategia.com\/portal\/conflito-competencia\/\" \/>\n<meta property=\"og:site_name\" content=\"Blog - Carreiras Jur\u00eddicas - Estrat\u00e9gia\" \/>\n<meta property=\"article:publisher\" content=\"https:\/\/www.facebook.com\/estrategiacarreirajuridica\/\" \/>\n<meta property=\"article:published_time\" content=\"2024-05-15T11:00:00+00:00\" \/>\n<meta property=\"og:image\" content=\"https:\/\/cj.estrategia.com\/portal\/wp-content\/uploads\/2024\/04\/17100401\/business-people-giving-pulse-scaled.jpg\" \/>\n\t<meta property=\"og:image:width\" content=\"2560\" \/>\n\t<meta property=\"og:image:height\" content=\"1706\" \/>\n\t<meta property=\"og:image:type\" content=\"image\/jpeg\" \/>\n<meta name=\"author\" content=\"Frederico Tadeu Borlot Peixoto\" \/>\n<meta name=\"twitter:card\" content=\"summary_large_image\" \/>\n<meta name=\"twitter:creator\" content=\"@EstratJuridica\" \/>\n<meta name=\"twitter:site\" content=\"@EstratJuridica\" \/>\n<meta name=\"twitter:label1\" content=\"Escrito por\" \/>\n\t<meta name=\"twitter:data1\" content=\"Frederico Tadeu Borlot Peixoto\" \/>\n\t<meta name=\"twitter:label2\" content=\"Est. tempo de leitura\" \/>\n\t<meta name=\"twitter:data2\" content=\"11 minutos\" \/>\n<script type=\"application\/ld+json\" class=\"yoast-schema-graph\">{\"@context\":\"https:\\\/\\\/schema.org\",\"@graph\":[{\"@type\":\"NewsArticle\",\"@id\":\"https:\\\/\\\/cj.estrategia.com\\\/portal\\\/conflito-competencia\\\/#article\",\"isPartOf\":{\"@id\":\"https:\\\/\\\/cj.estrategia.com\\\/portal\\\/conflito-competencia\\\/\"},\"author\":{\"name\":\"Frederico Tadeu Borlot Peixoto\",\"@id\":\"https:\\\/\\\/cj.estrategia.com\\\/portal\\\/#\\\/schema\\\/person\\\/74287401cf4654f4fa04e378de7261ec\"},\"headline\":\"Conflito de Compet\u00eancia\",\"datePublished\":\"2024-05-15T11:00:00+00:00\",\"mainEntityOfPage\":{\"@id\":\"https:\\\/\\\/cj.estrategia.com\\\/portal\\\/conflito-competencia\\\/\"},\"wordCount\":2244,\"commentCount\":0,\"publisher\":{\"@id\":\"https:\\\/\\\/cj.estrategia.com\\\/portal\\\/#organization\"},\"image\":{\"@id\":\"https:\\\/\\\/cj.estrategia.com\\\/portal\\\/conflito-competencia\\\/#primaryimage\"},\"thumbnailUrl\":\"https:\\\/\\\/cj.estrategia.com\\\/portal\\\/wp-content\\\/uploads\\\/2024\\\/04\\\/17100401\\\/business-people-giving-pulse-scaled.jpg\",\"articleSection\":[\"Carreiras Jur\u00eddicas\"],\"inLanguage\":\"pt-BR\",\"potentialAction\":[{\"@type\":\"CommentAction\",\"name\":\"Comment\",\"target\":[\"https:\\\/\\\/cj.estrategia.com\\\/portal\\\/conflito-competencia\\\/#respond\"]}],\"accessibilityFeature\":[\"tableOfContents\"]},{\"@type\":\"WebPage\",\"@id\":\"https:\\\/\\\/cj.estrategia.com\\\/portal\\\/conflito-competencia\\\/\",\"url\":\"https:\\\/\\\/cj.estrategia.com\\\/portal\\\/conflito-competencia\\\/\",\"name\":\"Conflito de Compet\u00eancia\",\"isPartOf\":{\"@id\":\"https:\\\/\\\/cj.estrategia.com\\\/portal\\\/#website\"},\"primaryImageOfPage\":{\"@id\":\"https:\\\/\\\/cj.estrategia.com\\\/portal\\\/conflito-competencia\\\/#primaryimage\"},\"image\":{\"@id\":\"https:\\\/\\\/cj.estrategia.com\\\/portal\\\/conflito-competencia\\\/#primaryimage\"},\"thumbnailUrl\":\"https:\\\/\\\/cj.estrategia.com\\\/portal\\\/wp-content\\\/uploads\\\/2024\\\/04\\\/17100401\\\/business-people-giving-pulse-scaled.jpg\",\"datePublished\":\"2024-05-15T11:00:00+00:00\",\"description\":\"Confira nosso breve resumo sobre Conflito de Compet\u00eancia, expondo, inclusive, tanto o entendimento do STF quanto do STJ sobre o tema.\",\"breadcrumb\":{\"@id\":\"https:\\\/\\\/cj.estrategia.com\\\/portal\\\/conflito-competencia\\\/#breadcrumb\"},\"inLanguage\":\"pt-BR\",\"potentialAction\":[{\"@type\":\"ReadAction\",\"target\":[\"https:\\\/\\\/cj.estrategia.com\\\/portal\\\/conflito-competencia\\\/\"]}]},{\"@type\":\"ImageObject\",\"inLanguage\":\"pt-BR\",\"@id\":\"https:\\\/\\\/cj.estrategia.com\\\/portal\\\/conflito-competencia\\\/#primaryimage\",\"url\":\"https:\\\/\\\/cj.estrategia.com\\\/portal\\\/wp-content\\\/uploads\\\/2024\\\/04\\\/17100401\\\/business-people-giving-pulse-scaled.jpg\",\"contentUrl\":\"https:\\\/\\\/cj.estrategia.com\\\/portal\\\/wp-content\\\/uploads\\\/2024\\\/04\\\/17100401\\\/business-people-giving-pulse-scaled.jpg\",\"width\":2560,\"height\":1706,\"caption\":\"Resumo sobre Conflito de Compet\u00eancia\"},{\"@type\":\"BreadcrumbList\",\"@id\":\"https:\\\/\\\/cj.estrategia.com\\\/portal\\\/conflito-competencia\\\/#breadcrumb\",\"itemListElement\":[{\"@type\":\"ListItem\",\"position\":1,\"name\":\"In\u00edcio\",\"item\":\"https:\\\/\\\/cj.estrategia.com\\\/portal\\\/\"},{\"@type\":\"ListItem\",\"position\":2,\"name\":\"Conflito de Compet\u00eancia\"}]},{\"@type\":\"WebSite\",\"@id\":\"https:\\\/\\\/cj.estrategia.com\\\/portal\\\/#website\",\"url\":\"https:\\\/\\\/cj.estrategia.com\\\/portal\\\/\",\"name\":\"Blog - Carreiras Jur\u00eddicas - Estrat\u00e9gia\",\"description\":\"\",\"publisher\":{\"@id\":\"https:\\\/\\\/cj.estrategia.com\\\/portal\\\/#organization\"},\"potentialAction\":[{\"@type\":\"SearchAction\",\"target\":{\"@type\":\"EntryPoint\",\"urlTemplate\":\"https:\\\/\\\/cj.estrategia.com\\\/portal\\\/?s={search_term_string}\"},\"query-input\":{\"@type\":\"PropertyValueSpecification\",\"valueRequired\":true,\"valueName\":\"search_term_string\"}}],\"inLanguage\":\"pt-BR\"},{\"@type\":\"Organization\",\"@id\":\"https:\\\/\\\/cj.estrategia.com\\\/portal\\\/#organization\",\"name\":\"Estrat\u00e9gia - Carreiras Jur\u00eddicas\",\"url\":\"https:\\\/\\\/cj.estrategia.com\\\/portal\\\/\",\"logo\":{\"@type\":\"ImageObject\",\"inLanguage\":\"pt-BR\",\"@id\":\"https:\\\/\\\/cj.estrategia.com\\\/portal\\\/#\\\/schema\\\/logo\\\/image\\\/\",\"url\":\"https:\\\/\\\/cj.estrategia.com\\\/portal\\\/wp-content\\\/uploads\\\/2022\\\/03\\\/11151052\\\/cj-logo.png\",\"contentUrl\":\"https:\\\/\\\/cj.estrategia.com\\\/portal\\\/wp-content\\\/uploads\\\/2022\\\/03\\\/11151052\\\/cj-logo.png\",\"width\":150,\"height\":39,\"caption\":\"Estrat\u00e9gia - Carreiras Jur\u00eddicas\"},\"image\":{\"@id\":\"https:\\\/\\\/cj.estrategia.com\\\/portal\\\/#\\\/schema\\\/logo\\\/image\\\/\"},\"sameAs\":[\"https:\\\/\\\/www.facebook.com\\\/estrategiacarreirajuridica\\\/\",\"https:\\\/\\\/x.com\\\/EstratJuridica\",\"https:\\\/\\\/www.instagram.com\\\/estrategiacarreirajuridica\\\/\",\"https:\\\/\\\/www.youtube.com\\\/channel\\\/UClbMGuYbj2Mh1m3w144ETWQ\"]},{\"@type\":\"Person\",\"@id\":\"https:\\\/\\\/cj.estrategia.com\\\/portal\\\/#\\\/schema\\\/person\\\/74287401cf4654f4fa04e378de7261ec\",\"name\":\"Frederico Tadeu Borlot Peixoto\",\"image\":{\"@type\":\"ImageObject\",\"inLanguage\":\"pt-BR\",\"@id\":\"https:\\\/\\\/cj.estrategia.com\\\/portal\\\/wp-content\\\/uploads\\\/2023\\\/06\\\/29094204\\\/GBAY0702-96x96.jpg\",\"url\":\"https:\\\/\\\/cj.estrategia.com\\\/portal\\\/wp-content\\\/uploads\\\/2023\\\/06\\\/29094204\\\/GBAY0702-96x96.jpg\",\"contentUrl\":\"https:\\\/\\\/cj.estrategia.com\\\/portal\\\/wp-content\\\/uploads\\\/2023\\\/06\\\/29094204\\\/GBAY0702-96x96.jpg\",\"caption\":\"Frederico Tadeu Borlot Peixoto\"},\"description\":\"Analista Judici\u00e1rio - \u00c1rea Judici\u00e1ria do TRF da 4\u00aa regi\u00e3o. Bacharel em Direito. P\u00f3s-graduado em Direito Administrativo, Legisla\u00e7\u00e3o Penal Especial, Direito Penal e Direito Processual Penal. Tamb\u00e9m nomeado no TRF da 3\u00aa regi\u00e3o (8\u00ba lugar); SPPREV (3\u00ba lugar); IFES (2\u00ba lugar); e PMES. https:\\\/\\\/www.instagram.com\\\/proffrederico\\\/\",\"sameAs\":[\"https:\\\/\\\/www.instagram.com\\\/proffrederico\\\/\"],\"url\":\"https:\\\/\\\/cj.estrategia.com\\\/portal\\\/author\\\/xfrederico\\\/\"}]}<\/script>\n<!-- \/ Yoast SEO Premium plugin. -->","yoast_head_json":{"title":"Conflito de Compet\u00eancia","description":"Confira nosso breve resumo sobre Conflito de Compet\u00eancia, expondo, inclusive, tanto o entendimento do STF quanto do STJ sobre o tema.","robots":{"index":"index","follow":"follow","max-snippet":"max-snippet:-1","max-image-preview":"max-image-preview:large","max-video-preview":"max-video-preview:-1"},"canonical":"https:\/\/cj.estrategia.com\/portal\/conflito-competencia\/","og_locale":"pt_BR","og_type":"article","og_title":"Conflito de Compet\u00eancia","og_description":"Confira nosso breve resumo sobre Conflito de Compet\u00eancia, expondo, inclusive, tanto o entendimento do STF quanto do STJ sobre o tema.","og_url":"https:\/\/cj.estrategia.com\/portal\/conflito-competencia\/","og_site_name":"Blog - Carreiras Jur\u00eddicas - Estrat\u00e9gia","article_publisher":"https:\/\/www.facebook.com\/estrategiacarreirajuridica\/","article_published_time":"2024-05-15T11:00:00+00:00","og_image":[{"width":2560,"height":1706,"url":"https:\/\/cj.estrategia.com\/portal\/wp-content\/uploads\/2024\/04\/17100401\/business-people-giving-pulse-scaled.jpg","type":"image\/jpeg"}],"author":"Frederico Tadeu Borlot Peixoto","twitter_card":"summary_large_image","twitter_creator":"@EstratJuridica","twitter_site":"@EstratJuridica","twitter_misc":{"Escrito por":"Frederico Tadeu Borlot Peixoto","Est. tempo de leitura":"11 minutos"},"schema":{"@context":"https:\/\/schema.org","@graph":[{"@type":"NewsArticle","@id":"https:\/\/cj.estrategia.com\/portal\/conflito-competencia\/#article","isPartOf":{"@id":"https:\/\/cj.estrategia.com\/portal\/conflito-competencia\/"},"author":{"name":"Frederico Tadeu Borlot Peixoto","@id":"https:\/\/cj.estrategia.com\/portal\/#\/schema\/person\/74287401cf4654f4fa04e378de7261ec"},"headline":"Conflito de Compet\u00eancia","datePublished":"2024-05-15T11:00:00+00:00","mainEntityOfPage":{"@id":"https:\/\/cj.estrategia.com\/portal\/conflito-competencia\/"},"wordCount":2244,"commentCount":0,"publisher":{"@id":"https:\/\/cj.estrategia.com\/portal\/#organization"},"image":{"@id":"https:\/\/cj.estrategia.com\/portal\/conflito-competencia\/#primaryimage"},"thumbnailUrl":"https:\/\/cj.estrategia.com\/portal\/wp-content\/uploads\/2024\/04\/17100401\/business-people-giving-pulse-scaled.jpg","articleSection":["Carreiras Jur\u00eddicas"],"inLanguage":"pt-BR","potentialAction":[{"@type":"CommentAction","name":"Comment","target":["https:\/\/cj.estrategia.com\/portal\/conflito-competencia\/#respond"]}],"accessibilityFeature":["tableOfContents"]},{"@type":"WebPage","@id":"https:\/\/cj.estrategia.com\/portal\/conflito-competencia\/","url":"https:\/\/cj.estrategia.com\/portal\/conflito-competencia\/","name":"Conflito de Compet\u00eancia","isPartOf":{"@id":"https:\/\/cj.estrategia.com\/portal\/#website"},"primaryImageOfPage":{"@id":"https:\/\/cj.estrategia.com\/portal\/conflito-competencia\/#primaryimage"},"image":{"@id":"https:\/\/cj.estrategia.com\/portal\/conflito-competencia\/#primaryimage"},"thumbnailUrl":"https:\/\/cj.estrategia.com\/portal\/wp-content\/uploads\/2024\/04\/17100401\/business-people-giving-pulse-scaled.jpg","datePublished":"2024-05-15T11:00:00+00:00","description":"Confira nosso breve resumo sobre Conflito de Compet\u00eancia, expondo, inclusive, tanto o entendimento do STF quanto do STJ sobre o tema.","breadcrumb":{"@id":"https:\/\/cj.estrategia.com\/portal\/conflito-competencia\/#breadcrumb"},"inLanguage":"pt-BR","potentialAction":[{"@type":"ReadAction","target":["https:\/\/cj.estrategia.com\/portal\/conflito-competencia\/"]}]},{"@type":"ImageObject","inLanguage":"pt-BR","@id":"https:\/\/cj.estrategia.com\/portal\/conflito-competencia\/#primaryimage","url":"https:\/\/cj.estrategia.com\/portal\/wp-content\/uploads\/2024\/04\/17100401\/business-people-giving-pulse-scaled.jpg","contentUrl":"https:\/\/cj.estrategia.com\/portal\/wp-content\/uploads\/2024\/04\/17100401\/business-people-giving-pulse-scaled.jpg","width":2560,"height":1706,"caption":"Resumo sobre Conflito de Compet\u00eancia"},{"@type":"BreadcrumbList","@id":"https:\/\/cj.estrategia.com\/portal\/conflito-competencia\/#breadcrumb","itemListElement":[{"@type":"ListItem","position":1,"name":"In\u00edcio","item":"https:\/\/cj.estrategia.com\/portal\/"},{"@type":"ListItem","position":2,"name":"Conflito de Compet\u00eancia"}]},{"@type":"WebSite","@id":"https:\/\/cj.estrategia.com\/portal\/#website","url":"https:\/\/cj.estrategia.com\/portal\/","name":"Blog - Carreiras Jur\u00eddicas - Estrat\u00e9gia","description":"","publisher":{"@id":"https:\/\/cj.estrategia.com\/portal\/#organization"},"potentialAction":[{"@type":"SearchAction","target":{"@type":"EntryPoint","urlTemplate":"https:\/\/cj.estrategia.com\/portal\/?s={search_term_string}"},"query-input":{"@type":"PropertyValueSpecification","valueRequired":true,"valueName":"search_term_string"}}],"inLanguage":"pt-BR"},{"@type":"Organization","@id":"https:\/\/cj.estrategia.com\/portal\/#organization","name":"Estrat\u00e9gia - Carreiras Jur\u00eddicas","url":"https:\/\/cj.estrategia.com\/portal\/","logo":{"@type":"ImageObject","inLanguage":"pt-BR","@id":"https:\/\/cj.estrategia.com\/portal\/#\/schema\/logo\/image\/","url":"https:\/\/cj.estrategia.com\/portal\/wp-content\/uploads\/2022\/03\/11151052\/cj-logo.png","contentUrl":"https:\/\/cj.estrategia.com\/portal\/wp-content\/uploads\/2022\/03\/11151052\/cj-logo.png","width":150,"height":39,"caption":"Estrat\u00e9gia - Carreiras Jur\u00eddicas"},"image":{"@id":"https:\/\/cj.estrategia.com\/portal\/#\/schema\/logo\/image\/"},"sameAs":["https:\/\/www.facebook.com\/estrategiacarreirajuridica\/","https:\/\/x.com\/EstratJuridica","https:\/\/www.instagram.com\/estrategiacarreirajuridica\/","https:\/\/www.youtube.com\/channel\/UClbMGuYbj2Mh1m3w144ETWQ"]},{"@type":"Person","@id":"https:\/\/cj.estrategia.com\/portal\/#\/schema\/person\/74287401cf4654f4fa04e378de7261ec","name":"Frederico Tadeu Borlot Peixoto","image":{"@type":"ImageObject","inLanguage":"pt-BR","@id":"https:\/\/cj.estrategia.com\/portal\/wp-content\/uploads\/2023\/06\/29094204\/GBAY0702-96x96.jpg","url":"https:\/\/cj.estrategia.com\/portal\/wp-content\/uploads\/2023\/06\/29094204\/GBAY0702-96x96.jpg","contentUrl":"https:\/\/cj.estrategia.com\/portal\/wp-content\/uploads\/2023\/06\/29094204\/GBAY0702-96x96.jpg","caption":"Frederico Tadeu Borlot Peixoto"},"description":"Analista Judici\u00e1rio - \u00c1rea Judici\u00e1ria do TRF da 4\u00aa regi\u00e3o. Bacharel em Direito. P\u00f3s-graduado em Direito Administrativo, Legisla\u00e7\u00e3o Penal Especial, Direito Penal e Direito Processual Penal. Tamb\u00e9m nomeado no TRF da 3\u00aa regi\u00e3o (8\u00ba lugar); SPPREV (3\u00ba lugar); IFES (2\u00ba lugar); e PMES. https:\/\/www.instagram.com\/proffrederico\/","sameAs":["https:\/\/www.instagram.com\/proffrederico\/"],"url":"https:\/\/cj.estrategia.com\/portal\/author\/xfrederico\/"}]}},"jetpack_featured_media_url":"https:\/\/cj.estrategia.com\/portal\/wp-content\/uploads\/2024\/04\/17100401\/business-people-giving-pulse-scaled.jpg","jetpack_sharing_enabled":true,"_links":{"self":[{"href":"https:\/\/cj.estrategia.com\/portal\/wp-json\/wp\/v2\/posts\/60976","targetHints":{"allow":["GET"]}}],"collection":[{"href":"https:\/\/cj.estrategia.com\/portal\/wp-json\/wp\/v2\/posts"}],"about":[{"href":"https:\/\/cj.estrategia.com\/portal\/wp-json\/wp\/v2\/types\/post"}],"author":[{"embeddable":true,"href":"https:\/\/cj.estrategia.com\/portal\/wp-json\/wp\/v2\/users\/39"}],"replies":[{"embeddable":true,"href":"https:\/\/cj.estrategia.com\/portal\/wp-json\/wp\/v2\/comments?post=60976"}],"version-history":[{"count":0,"href":"https:\/\/cj.estrategia.com\/portal\/wp-json\/wp\/v2\/posts\/60976\/revisions"}],"wp:featuredmedia":[{"embeddable":true,"href":"https:\/\/cj.estrategia.com\/portal\/wp-json\/wp\/v2\/media\/60977"}],"wp:attachment":[{"href":"https:\/\/cj.estrategia.com\/portal\/wp-json\/wp\/v2\/media?parent=60976"}],"wp:term":[{"taxonomy":"category","embeddable":true,"href":"https:\/\/cj.estrategia.com\/portal\/wp-json\/wp\/v2\/categories?post=60976"},{"taxonomy":"post_tag","embeddable":true,"href":"https:\/\/cj.estrategia.com\/portal\/wp-json\/wp\/v2\/tags?post=60976"},{"taxonomy":"tax_estado","embeddable":true,"href":"https:\/\/cj.estrategia.com\/portal\/wp-json\/wp\/v2\/tax_estado?post=60976"}],"curies":[{"name":"wp","href":"https:\/\/api.w.org\/{rel}","templated":true}]}}