{"id":60845,"date":"2024-05-02T11:00:00","date_gmt":"2024-05-02T14:00:00","guid":{"rendered":"https:\/\/cj.estrategia.com\/portal\/?p=60845"},"modified":"2024-04-15T18:12:15","modified_gmt":"2024-04-15T21:12:15","slug":"resumo-decadencia-previdenciaria","status":"publish","type":"post","link":"https:\/\/cj.estrategia.com\/portal\/resumo-decadencia-previdenciaria\/","title":{"rendered":"Resumo sobre a Decad\u00eancia Previdenci\u00e1ria"},"content":{"rendered":"<div class=\"wp-block-image\">\n<figure class=\"aligncenter size-large is-resized\"><img decoding=\"async\" width=\"1024\" height=\"536\" src=\"https:\/\/cj.estrategia.com\/portal\/wp-content\/uploads\/2024\/04\/15114511\/intellectual-banknote-student-sand-computer-graphic-1024x536.jpg\" alt=\"Resumo sobre a Decad\u00eancia Previdenci\u00e1ria\" class=\"wp-image-60846\" style=\"width:540px;height:auto\" srcset=\"https:\/\/cj.estrategia.com\/portal\/wp-content\/uploads\/2024\/04\/15114511\/intellectual-banknote-student-sand-computer-graphic-1024x536.jpg 1024w, https:\/\/cj.estrategia.com\/portal\/wp-content\/uploads\/2024\/04\/15114511\/intellectual-banknote-student-sand-computer-graphic-300x157.jpg 300w, https:\/\/cj.estrategia.com\/portal\/wp-content\/uploads\/2024\/04\/15114511\/intellectual-banknote-student-sand-computer-graphic-768x402.jpg 768w, https:\/\/cj.estrategia.com\/portal\/wp-content\/uploads\/2024\/04\/15114511\/intellectual-banknote-student-sand-computer-graphic-1536x804.jpg 1536w, https:\/\/cj.estrategia.com\/portal\/wp-content\/uploads\/2024\/04\/15114511\/intellectual-banknote-student-sand-computer-graphic-2048x1072.jpg 2048w, https:\/\/cj.estrategia.com\/portal\/wp-content\/uploads\/2024\/04\/15114511\/intellectual-banknote-student-sand-computer-graphic-380x199.jpg 380w, https:\/\/cj.estrategia.com\/portal\/wp-content\/uploads\/2024\/04\/15114511\/intellectual-banknote-student-sand-computer-graphic-800x419.jpg 800w, https:\/\/cj.estrategia.com\/portal\/wp-content\/uploads\/2024\/04\/15114511\/intellectual-banknote-student-sand-computer-graphic-1160x607.jpg 1160w, https:\/\/cj.estrategia.com\/portal\/wp-content\/uploads\/2024\/04\/15114511\/intellectual-banknote-student-sand-computer-graphic-150x79.jpg 150w, https:\/\/cj.estrategia.com\/portal\/wp-content\/uploads\/2024\/04\/15114511\/intellectual-banknote-student-sand-computer-graphic-scaled.jpg 2560w\" sizes=\"(max-width: 1024px) 100vw, 1024px\" \/><figcaption class=\"wp-element-caption\">Resumo sobre a Decad\u00eancia Previdenci\u00e1ria<\/figcaption><\/figure>\n<\/div>\n\n\n<p>Fala, pessoal, tudo certo? Hoje faremos um breve Resumo sobre a Decad\u00eancia Previdenci\u00e1ria, expondo, inclusive, o entendimento do STF (Supremo Tribunal Federal) e do STJ (Superior Tribunal de Justi\u00e7a) quanto ao tema.<\/p>\n\n\n\n<p>Desse modo, teceremos algumas considera\u00e7\u00f5es iniciais sobre a base normativa e o conceito de decad\u00eancia previdenci\u00e1ria.<\/p>\n\n\n\n<p>Na sequ\u00eancia, falaremos sobre a diferen\u00e7a entre decad\u00eancia e prescri\u00e7\u00e3o, bem como sobre o que diz a Lei 8.213\/1991 sobre a decad\u00eancia.<\/p>\n\n\n\n<p>Por fim, abordaremos a contagem da decad\u00eancia e os entendimentos jurisprudenciais mais relevantes do STF e do STJ sobre a tem\u00e1tica.<\/p>\n\n\n\n<p>Vamos ao que interessa!<\/p>\n\n\n\n<div class=\"wp-block-yoast-seo-table-of-contents yoast-table-of-contents\"><h2 id=\"sumario\"><mark style=\"background-color:rgba(0, 0, 0, 0)\" class=\"has-inline-color has-luminous-vivid-orange-color\">Sum\u00e1rio<\/mark><\/h2><ul><li><a href=\"#h-decadencia-previdenciaria\" data-level=\"2\">Decad\u00eancia Previdenci\u00e1ria<\/a><ul><li><a href=\"#h-base-normativa-e-conceito\" data-level=\"3\">Base normativa e conceito<\/a><\/li><li><a href=\"#h-diferenca-entre-decadencia-e-prescricao-conceito-e-caracteristicas\" data-level=\"3\">Diferen\u00e7a entre decad\u00eancia e prescri\u00e7\u00e3o (conceito e caracter\u00edsticas)<\/a><\/li><li><a href=\"#h-o-que-diz-a-lei-8-213-1991-sobre-a-decadencia\" data-level=\"3\">O que diz a Lei 8.213\/1991 sobre a decad\u00eancia?<\/a><ul><li><a href=\"#h-alteracao-legislativa-do-caput-do-artigo-103-da-lei-8-213-1991\" data-level=\"4\">Altera\u00e7\u00e3o legislativa do caput do artigo 103 da Lei 8.213\/1991<\/a><\/li><li><a href=\"#h-julgamento-da-adi-6-096-df-pelo-stf-quanto-a-alteracao-legislativa-acima\" data-level=\"4\">Julgamento da ADI 6.096\/DF pelo STF quanto \u00e0 altera\u00e7\u00e3o legislativa acima<\/a><\/li><li><a href=\"#h-como-fica-entao-a-decadencia-previdenciaria\" data-level=\"4\">Como fica ent\u00e3o a decad\u00eancia previdenci\u00e1ria?<\/a><\/li><\/ul><\/li><li><a href=\"#h-jurisprudencia-do-stj-sobre-a-decadencia-previdenciaria\" data-level=\"3\">Jurisprud\u00eancia do STJ sobre a decad\u00eancia previdenci\u00e1ria<\/a><\/li><\/ul><\/li><li><a href=\"#h-conclusao\" data-level=\"2\">Conclus\u00e3o<\/a><ul><li><a href=\"#assinatura-de-concursos\" data-level=\"3\">Assinatura de Concursos<\/a><\/li><\/ul><\/li><li><a href=\"#concursos-e-vagas-previstas-para-2023\" data-level=\"2\">Concursos e vagas previstas para 2024:<\/a><\/li><\/ul><\/div>\n\n\n\n<h2 class=\"wp-block-heading has-luminous-vivid-orange-color has-text-color has-link-color wp-elements-c40c80ef9e09642338ed97403443134f\" id=\"h-decadencia-previdenciaria\"><span id=\"decadencia-previdenciaria\">Decad\u00eancia Previdenci\u00e1ria<\/span><\/h2>\n\n\n\n<h3 class=\"wp-block-heading has-luminous-vivid-orange-color has-text-color has-link-color wp-elements-4c3a0903dfa3ed04e2ea4a0f8f440361\" id=\"h-base-normativa-e-conceito\"><span id=\"base-normativa-e-conceito\">Base normativa e conceito<\/span><\/h3>\n\n\n\n<p>Embora seja um tema de suma import\u00e2ncia no Direito, a Constitui\u00e7\u00e3o Federal pouco trata da decad\u00eancia, n\u00e3o sendo diferente, nesse ponto, em rela\u00e7\u00e3o ao Direito Previdenci\u00e1rio.<\/p>\n\n\n\n<p>Dessa forma, a miss\u00e3o de regular o tema, atualmente, incumbe \u00e0 Lei de Benef\u00edcios da Previd\u00eancia Social (Lei 8.213\/1991), que disp\u00f5e sobre o assunto em seus artigos 103 e 103-A.<\/p>\n\n\n\n<p>Enquanto o artigo 103 disp\u00f5e sobre a decad\u00eancia \u201ccontra\u201d os segurados, o artigo 103-A refere-se \u00e0 decad\u00eancia administrativa, isto \u00e9, \u201ccontra\u201d a Administra\u00e7\u00e3o Previdenci\u00e1ria.<\/p>\n\n\n\n<p>No entanto, de um modo geral a decad\u00eancia possui o mesmo <strong>conceito, que se refere \u00e0 perda do direito material em si, caso n\u00e3o este n\u00e3o seja exercido dentro do prazo previsto na lei para tanto.<\/strong><\/p>\n\n\n\n<p>Assim, o segurado da previd\u00eancia social, caso n\u00e3o o fa\u00e7a no prazo previsto, acaba perdendo o <strong>pr\u00f3prio direito em si<\/strong>, o qual decair\u00e1\/caducar\u00e1 (a decad\u00eancia tamb\u00e9m pode ser referida como sendo \u201ccaducidade\u201d).<\/p>\n\n\n\n<h3 class=\"wp-block-heading has-luminous-vivid-orange-color has-text-color has-link-color wp-elements-18083a8cbe09ef6baa1075106c20afe0\" id=\"h-diferenca-entre-decadencia-e-prescricao-conceito-e-caracteristicas\"><span id=\"diferenca-entre-decadencia-e-prescricao-conceito-e-caracteristicas\">Diferen\u00e7a entre decad\u00eancia e prescri\u00e7\u00e3o (conceito e caracter\u00edsticas)<\/span><\/h3>\n\n\n\n<p>A <strong>primeira diferen\u00e7a <\/strong>da decad\u00eancia para a prescri\u00e7\u00e3o \u00e9 justamente \u201co que se perde\u201d.<\/p>\n\n\n\n<p>Como vimos, na <strong>decad\u00eancia <\/strong>o que se \u00e9 perdido \u00e9 o pr\u00f3prio direito material. Por sua vez, a <strong>prescri\u00e7\u00e3o <\/strong>\u00e9 a perda do direito de a\u00e7\u00e3o para \u201ccobrar\/exercer\u201d aquele direito.<\/p>\n\n\n\n<p>Dessa forma, na decad\u00eancia, se o segurado n\u00e3o toma nenhuma atitude dentro do prazo cab\u00edvel, o direito extingue-se pelo decurso do prazo.\u00a0<\/p>\n\n\n\n<p>J\u00e1 na prescri\u00e7\u00e3o, se o segurado n\u00e3o toma nenhuma atitude dentro do prazo, o que acontece \u00e9 que, embora ele mantenha o direito, perder\u00e1 o direito de ingressar na via administrativa e\/ou judicial para o fazer valer.<\/p>\n\n\n\n<p>\u2192 <em>Mas qual \u00e9 a diferen\u00e7a pr\u00e1tica? Ele n\u00e3o fica impedido da mesma forma de ter seu direito satisfeito?<\/em><\/p>\n\n\n\n<p>Sim, \u00e9 bem verdade que a consequ\u00eancia pr\u00e1tica acaba sendo bem semelhante. Mas a diferen\u00e7a entre o prazo decadencial e prescricional tamb\u00e9m deve ser olhada pelos <strong>crit\u00e9rios de suspens\u00e3o e interrup\u00e7\u00e3o (2\u00aa diferen\u00e7a).<\/strong><\/p>\n\n\n\n<p>Isso porque a decad\u00eancia, por representar o pr\u00f3prio direito, <strong>n\u00e3o se interrompe e nem se suspende<\/strong>, enquanto a prescri\u00e7\u00e3o, que representa o direito de a\u00e7\u00e3o, <strong>possui causas interruptivas e suspensivas.<\/strong><\/p>\n\n\n\n<p>Portanto, at\u00e9 aqui vimos que:<\/p>\n\n\n\n<figure class=\"wp-block-table\"><table><tbody><tr><td class=\"has-text-align-center\" data-align=\"center\">Decad\u00eancia contra o segurado<\/td><td class=\"has-text-align-center\" data-align=\"center\">Artigo 103, caput, da Lei 8.213\/1991<\/td><td class=\"has-text-align-center\" data-align=\"center\" rowspan=\"2\">N\u00e3o se interrompe nem se suspende<\/td><\/tr><tr><td class=\"has-text-align-center\" data-align=\"center\">Decad\u00eancia contra a Previd\u00eancia Social<\/td><td class=\"has-text-align-center\" data-align=\"center\">Artigo 103-A da Lei 8.213\/1991<\/td><\/tr><tr><td class=\"has-text-align-center\" data-align=\"center\">Prescri\u00e7\u00e3o<\/td><td class=\"has-text-align-center\" data-align=\"center\">Artigo 103, par\u00e1grafo \u00fanico, da Lei 8.213\/1991<\/td><td class=\"has-text-align-center\" data-align=\"center\">Possui causas interruptivas e suspensivas<\/td><\/tr><\/tbody><\/table><\/figure>\n\n\n\n<h3 class=\"wp-block-heading has-luminous-vivid-orange-color has-text-color has-link-color wp-elements-1ec1e46247429acc79dc9a6d791079f8\" id=\"h-o-que-diz-a-lei-8-213-1991-sobre-a-decadencia\"><span id=\"o-que-diz-a-lei-8-213-1991-sobre-a-decadencia\">O que diz a Lei 8.213\/1991 sobre a decad\u00eancia?<\/span><\/h3>\n\n\n\n<h4 class=\"wp-block-heading has-luminous-vivid-orange-color has-text-color has-link-color wp-elements-65c0f91609dc1cb3a22f98bd2fad95f1\" id=\"h-alteracao-legislativa-do-caput-do-artigo-103-da-lei-8-213-1991\"><span id=\"alteracao-legislativa-do-caput-do-artigo-103-da-lei-8-213-1991\">Altera\u00e7\u00e3o legislativa do <em>caput<\/em> do artigo 103 da Lei 8.213\/1991<\/span><\/h4>\n\n\n\n<p>A decad\u00eancia contra o segurado est\u00e1 prevista no artigo 103, <em>caput<\/em>, da Lei 8.213\/1991, que, em sua reda\u00e7\u00e3o dada pela Lei 13.846\/2019, disp\u00f5e:<\/p>\n\n\n\n<blockquote class=\"wp-block-quote is-layout-flow wp-block-quote-is-layout-flow\">\n<p class=\"has-small-font-size\">Art. 103.\u00a0 O prazo de decad\u00eancia do direito ou da a\u00e7\u00e3o do segurado ou benefici\u00e1rio para a revis\u00e3o do ato de concess\u00e3o, indeferimento, cancelamento ou cessa\u00e7\u00e3o de benef\u00edcio e do ato de deferimento, indeferimento ou n\u00e3o concess\u00e3o de revis\u00e3o de benef\u00edcio \u00e9 de 10 (dez) anos, contado:\u00a0 \u00a0 \u00a0 \u00a0 \u00a0 \u00a0 \u00a0 \u00a0 \u00a0 \u00a0 (Reda\u00e7\u00e3o dada pela Lei n\u00ba 13.846, de 2019)\u00a0\u00a0\u00a0<\/p>\n\n\n\n<p class=\"has-small-font-size\">I \u2013 do dia primeiro do m\u00eas subsequente ao do recebimento da primeira presta\u00e7\u00e3o ou da data em que a presta\u00e7\u00e3o deveria ter sido paga com o valor revisto; ou \u00a0 \u00a0 \u00a0 \u00a0 \u00a0 \u00a0 \u00a0 \u00a0 \u00a0 (Inclu\u00eddo pela Lei n\u00ba 13.846, de 2019)\u00a0\u00a0\u00a0<\/p>\n\n\n\n<p class=\"has-small-font-size\">II \u2013 do dia em que o segurado tomar conhecimento da decis\u00e3o de indeferimento, cancelamento ou cessa\u00e7\u00e3o do seu pedido de benef\u00edcio ou da decis\u00e3o de deferimento ou indeferimento de revis\u00e3o de benef\u00edcio, no \u00e2mbito administrativo. \u00a0 \u00a0 \u00a0 \u00a0 \u00a0 \u00a0 \u00a0 \u00a0 (Inclu\u00eddo pela Lei n\u00ba 13.846, de 2019)\u00a0<\/p>\n<\/blockquote>\n\n\n\n<p><strong>Anteriormente, vigorava a seguinte reda\u00e7\u00e3o do <\/strong><strong><em>caput<\/em><\/strong><strong> do artigo 103, dado pela Lei 10.839\/2004:<\/strong><\/p>\n\n\n\n<blockquote class=\"wp-block-quote is-layout-flow wp-block-quote-is-layout-flow\">\n<p class=\"has-small-font-size\">Art. 103.\u00a0 \u00c9 de dez anos o prazo de decad\u00eancia de todo e qualquer direito ou a\u00e7\u00e3o do segurado ou benefici\u00e1rio para a <strong>REVIS\u00c3O do ato de concess\u00e3o de benef\u00edcio<\/strong>, a contar do dia primeiro do m\u00eas seguinte ao do recebimento da primeira presta\u00e7\u00e3o ou, quando for o caso, do dia em que tomar conhecimento da decis\u00e3o indeferit\u00f3ria definitiva no \u00e2mbito administrativo. \u00a0 \u00a0 \u00a0 \u00a0 \u00a0 \u00a0 \u00a0 (Reda\u00e7\u00e3o dada pela Lei n\u00ba 10.839, de 2004)<\/p>\n<\/blockquote>\n\n\n\n<p>Como se v\u00ea, na reda\u00e7\u00e3o dada pela Lei 13.846\/2019, para al\u00e9m da revis\u00e3o do ato de concess\u00e3o do benef\u00edcio, que j\u00e1 estava prevista no <em>caput<\/em> do artigo 103 com a reda\u00e7\u00e3o dada pela Lei 10.839\/2004, <strong>houve extens\u00e3o da aplica\u00e7\u00e3o da decad\u00eancia para os atos administrativos de indeferimento, cancelamento e cessa\u00e7\u00e3o de benef\u00edcio previdenci\u00e1rio.<\/strong><\/p>\n\n\n\n<h4 class=\"wp-block-heading has-luminous-vivid-orange-color has-text-color has-link-color wp-elements-be165cee964557080e209b7781978a89\" id=\"h-julgamento-da-adi-6-096-df-pelo-stf-quanto-a-alteracao-legislativa-acima\"><span id=\"julgamento-da-adi-6-096-df-pelo-stf-quanto-a-alteracao-legislativa-acima\">Julgamento da ADI 6.096\/DF pelo STF quanto \u00e0 altera\u00e7\u00e3o legislativa acima<\/span><\/h4>\n\n\n\n<p>Ocorre que o <strong>Supremo Tribunal Federal,<\/strong> no julgamento da <a href=\"https:\/\/redir.stf.jus.br\/paginadorpub\/paginador.jsp?docTP=TP&docID=754482392\" target=\"_blank\" >A\u00e7\u00e3o Direta de Inconstitucionalidade n\u00ba 6.096\/DF<\/a>, entendeu pela <strong>inconstitucionalidade do art. 24 da Lei 13.846\/2019 no que deu nova reda\u00e7\u00e3o ao art. 103 da Lei 8.213\/1991.<\/strong><\/p>\n\n\n\n<p>Isso porque, para o STF, <strong>o n\u00facleo essencial do direito fundamental \u00e0 previd\u00eancia social \u00e9 imprescrit\u00edvel, irrenunci\u00e1vel e indispon\u00edvel<\/strong>, motivo pelo qual n\u00e3o deve ser afetada, pelos efeitos do tempo e da in\u00e9rcia de seu titular, a pretens\u00e3o relativa ao direito ao recebimento de benef\u00edcio previdenci\u00e1rio.\u00a0<\/p>\n\n\n\n<p>Trata-se, de fato, de direito fundamental previsto no artigo 6\u00ba da Constitui\u00e7\u00e3o Federal, que afirma que a previd\u00eancia social \u00e9 um dos direitos sociais.<\/p>\n\n\n\n<p>Para o Supremo, <strong>uma coisa \u00e9 se admitir a decad\u00eancia da revis\u00e3o do benef\u00edcio concedido<\/strong>, como anteriormente o pr\u00f3prio STF entendeu ser constitucional quando do julgamento do <a href=\"https:\/\/redir.stf.jus.br\/paginadorpub\/paginador.jsp?docTP=TP&docID=6760827\" target=\"_blank\" >Recurso Extraordin\u00e1rio 626.489\/SE<\/a>, <em>leading case<\/em> do <a href=\"https:\/\/portal.stf.jus.br\/jurisprudenciaRepercussao\/verAndamentoProcesso.asp?incidente=3910753&numeroProcesso=626489&classeProcesso=RE&numeroTema=313\" target=\"_blank\" >Tema de Repercuss\u00e3o Geral n\u00ba 313<\/a>.<\/p>\n\n\n\n<p><strong>Outra coisa, por\u00e9m, \u00e9 se admitir a decad\u00eancia da pr\u00f3pria concess\u00e3o do benef\u00edcio<\/strong>.\u00a0<\/p>\n\n\n\n<p>A prop\u00f3sito, no Tema de RG n\u00ba 313, o STF aprovou a seguinte tese:<\/p>\n\n\n\n<blockquote class=\"wp-block-quote has-small-font-size is-layout-flow wp-block-quote-is-layout-flow\">\n<p>Tese:<\/p>\n\n\n\n<p><strong>I \u2013 Inexiste prazo decadencial para a concess\u00e3o inicial do benef\u00edcio previdenci\u00e1rio;\u00a0<\/strong><\/p>\n\n\n\n<p>II \u2013 Aplica-se o prazo decadencial de dez anos para a revis\u00e3o de benef\u00edcios concedidos, inclusive os anteriores ao advento da Medida Provis\u00f3ria 1.523\/1997, hip\u00f3tese em que a contagem do prazo deve iniciar-se em 1\u00ba de agosto de 1997.<\/p>\n<\/blockquote>\n\n\n\n<p>Para o STF, <strong>pode haver decad\u00eancia da revis\u00e3o do ato concess\u00f3rio porque atinge t\u00e3o somente a pretens\u00e3o de rediscutir a gradua\u00e7\u00e3o pecuni\u00e1ria do benef\u00edcio<\/strong>, isto \u00e9, a forma de c\u00e1lculo ou o valor final da presta\u00e7\u00e3o, j\u00e1 que, concedida a pretens\u00e3o que visa ao recebimento do benef\u00edcio, <strong>encontra-se preservado o pr\u00f3prio fundo do direito.\u00a0<\/strong><\/p>\n\n\n\n<h4 class=\"wp-block-heading has-luminous-vivid-orange-color has-text-color has-link-color wp-elements-eb753a64058c96cf550024f82f4de7d4\" id=\"h-como-fica-entao-a-decadencia-previdenciaria\"><span id=\"como-fica-entao-a-decadencia-previdenciaria\">Como fica ent\u00e3o a decad\u00eancia previdenci\u00e1ria?<\/span><\/h4>\n\n\n\n<p>De tudo o que foi dito, fiquemos com a reda\u00e7\u00e3o dada pela Lei 10.839\/2004, que \u00e9 a mesma dada pela Lei 9.528\/1997, considerada constitucional pelo STF no Tema 313:<\/p>\n\n\n\n<blockquote class=\"wp-block-quote is-layout-flow wp-block-quote-is-layout-flow\">\n<p class=\"has-small-font-size\">Art. 103.\u00a0 \u00c9 de dez anos o prazo de decad\u00eancia de todo e qualquer direito ou a\u00e7\u00e3o do segurado ou benefici\u00e1rio <strong>para a REVIS\u00c3O do ato de concess\u00e3o de benef\u00edcio<\/strong>, a contar do dia primeiro do m\u00eas seguinte ao do recebimento da primeira presta\u00e7\u00e3o ou, quando for o caso, do dia em que tomar conhecimento da decis\u00e3o indeferit\u00f3ria definitiva no \u00e2mbito administrativo. \u00a0 \u00a0 \u00a0 \u00a0 \u00a0 \u00a0 \u00a0 <strong>(Reda\u00e7\u00e3o dada pela Lei n\u00ba 10.839, de 2004)<\/strong><\/p>\n<\/blockquote>\n\n\n\n<p>Portanto, para tudo o que envolve <strong>REVIS\u00c3O do benef\u00edcio concedido<\/strong>, seja porque foi deferido a menor, seja porque poderia ser concedido benef\u00edcio mais vantajoso, etc, <strong>adotaremos que a decad\u00eancia \u00e9 de 10 anos<\/strong>. Portanto, temos um prazo decadencial decenal.<\/p>\n\n\n\n<p><strong>Esses 10 anos contam-se de forma diferente:<\/strong><\/p>\n\n\n\n<ol class=\"wp-block-list\">\n<li>Podem ser contados a partir do dia <strong>1\u00ba do m\u00eas seguinte ao do recebimento da primeira presta\u00e7\u00e3o<\/strong>; ou\u00a0\u00a0\u00a0\u00a0\u00a0<\/li>\n<\/ol>\n\n\n\n<ol class=\"wp-block-list\" start=\"2\">\n<li>Contados a partir do dia em que o segurado tomar conhecimento <strong>da decis\u00e3o indeferit\u00f3ria definitiva no \u00e2mbito administrativo<\/strong>.\u00a0<\/li>\n<\/ol>\n\n\n\n<p>O primeiro caso geralmente envolve a concess\u00e3o de benef\u00edcio a menor, ou em desacordo com alguma pretens\u00e3o do segurado. Assim, quando recebe o benef\u00edcio e verifica que est\u00e1 em desacordo com a legisla\u00e7\u00e3o, inicia-se o prazo decadencial.<\/p>\n\n\n\n<p>Note, entretanto, que a decad\u00eancia inicia-se a partir do primeiro dia do m\u00eas seguinte. Ent\u00e3o, mesmo que o segurado receba a presta\u00e7\u00e3o a menor, por exemplo, no dia 10 do m\u00eas de abril, o prazo decadencial de 10 anos inicia-se apenas em 01 de maio.<\/p>\n\n\n\n<p>J\u00e1 o segundo caso trata dos casos em que o pedido de revis\u00e3o \u00e9 indeferido de forma definitiva no \u00e2mbito administrativo (isso \u00e9, n\u00e3o cabe mais recurso administrativo).<\/p>\n\n\n\n<p>Dessa forma, o segurado ter\u00e1 10 anos a partir de sua ci\u00eancia da decis\u00e3o administrativa definitiva indeferit\u00f3ria para ingressar em ju\u00edzo reclamando seu direito.<\/p>\n\n\n\n<figure class=\"wp-block-table\"><table><tbody><tr><td><strong>Exemplo n\u00ba 01:<\/strong> imagine que Maria, aposentada por tempo de contribui\u00e7\u00e3o pelo Regime Geral da Previd\u00eancia Social desde 01\/05\/2010, data em que tamb\u00e9m recebeu a primeira presta\u00e7\u00e3o de seu benef\u00edcio, requeira a revis\u00e3o de seu benef\u00edcio em 12\/07\/2016.<br><br>Nesse caso, vemos que o prazo decadencial de 10 anos foi respeitado, n\u00e3o havendo impedimento para que Maria ingresse com o pedido nesse sentido.<br><br>Ter\u00edamos situa\u00e7\u00e3o diversa, no entanto, caso Maria requeresse a revis\u00e3o do benef\u00edcio a partir de 02\/05\/2010, haja vista que decorreu mais de 10 anos a partir da data do recebimento da primeira presta\u00e7\u00e3o.<\/td><\/tr><\/tbody><\/table><\/figure>\n\n\n\n<figure class=\"wp-block-table\"><table><tbody><tr><td><strong>Exemplo n\u00ba 02:<\/strong> Agora pense que Jos\u00e9, segurado da Previd\u00eancia Social que nunca se aposentou, tenha requerido, em 12\/12\/2005, aposentadoria perante o INSS.\u00a0<br><br>No entanto, a Autarquia Previdenci\u00e1ria negou seu pedido, justificando que n\u00e3o tinha preenchido os requisitos legais necess\u00e1rios para tanto.<br><br>Jos\u00e9, ent\u00e3o, continuou trabalhando e voltou a requerer a mesma aposentadoria em 09\/11\/2018. Ocorre que o INSS afirmou que Jos\u00e9 n\u00e3o mais poderia receber o benef\u00edcio, haja vista o decurso do prazo decadencial de 10 anos desde o primeiro pedido em 12\/12\/2005.<br><br><em>Quem possui raz\u00e3o?<\/em><br><br>Como vimos, nos termos do Tema de Repercuss\u00e3o Geral n\u00ba 313, bem como da ADI 6.096\/DF, Jos\u00e9 pode sim requerer novamente o benef\u00edcio, uma vez que, para o STF, <strong>n\u00e3o h\u00e1 prazo decadencial para a concess\u00e3o INICIAL do benef\u00edcio previdenci\u00e1rio<\/strong>.<\/td><\/tr><\/tbody><\/table><\/figure>\n\n\n\n<h3 class=\"wp-block-heading has-luminous-vivid-orange-color has-text-color has-link-color wp-elements-4f0d116e9c3d766974643ddab1b90dfe\" id=\"h-jurisprudencia-do-stj-sobre-a-decadencia-previdenciaria\"><span id=\"jurisprudencia-do-stj-sobre-a-decadencia-previdenciaria\">Jurisprud\u00eancia do STJ sobre a decad\u00eancia previdenci\u00e1ria<\/span><\/h3>\n\n\n\n<p>Finalizando nosso resumo sobre a Decad\u00eancia Previdenci\u00e1ria, para al\u00e9m dos entendimentos do STF que j\u00e1 referimos acima, tamb\u00e9m \u00e9 importante destacar 02 julgados do STJ sobre o assunto.<\/p>\n\n\n\n<p>Com efeito, no <a href=\"https:\/\/processo.stj.jus.br\/repetitivos\/temas_repetitivos\/pesquisa.jsp?novaConsulta=true&tipo_pesquisa=T&cod_tema_inicial=1117&cod_tema_final=1117\" target=\"_blank\" >Tema Repetitivo n\u00ba 1.117<\/a>, o STJ definiu que <strong>o marco inicial da flu\u00eancia do prazo decadencial,<\/strong> previsto no caput do art. 103 da Lei n. 8.213\/1991, <strong>quando houver pedido de revis\u00e3o da renda mensal inicial (RMI) para incluir verbas remunerat\u00f3rias recebidas em a\u00e7\u00e3o trabalhista<\/strong> nos sal\u00e1rios de contribui\u00e7\u00e3o que integraram o per\u00edodo b\u00e1sico de c\u00e1lculo (PBC) do benef\u00edcio, <strong>deve ser o tr\u00e2nsito em julgado da senten\u00e7a na respectiva reclamat\u00f3ria.<\/strong><\/p>\n\n\n\n<p>S\u00e3o aqueles casos em que o segurado ingressa com uma a\u00e7\u00e3o na Justi\u00e7a do Trabalho e esta Justi\u00e7a reconhece a inclus\u00e3o de verbas remunerat\u00f3rias nos sal\u00e1rios de contribui\u00e7\u00e3o do segurado.\u00a0<\/p>\n\n\n\n<p>Nesse caso, essa senten\u00e7a \u00e9 favor\u00e1vel, inclusive, para fins previdenci\u00e1rios, haja vista que as aposentadorias levam em considera\u00e7\u00e3o o sal\u00e1rio de contribui\u00e7\u00e3o para terem seu valor apurado, vide artigo 29 da Lei 8.213\/91.<\/p>\n\n\n\n<p>Dessa forma, o decadencial come\u00e7a <strong>a partir do tr\u00e2nsito em julgado da senten\u00e7a trabalhista.<\/strong><\/p>\n\n\n\n<p>J\u00e1 no <a href=\"https:\/\/processo.stj.jus.br\/repetitivos\/temas_repetitivos\/pesquisa.jsp?novaConsulta=true&tipo_pesquisa=T&cod_tema_inicial=975&cod_tema_final=975\" target=\"_blank\" >Tema Repetitivo n\u00ba 975<\/a>, o STJ firmou Tese no seguinte sentido:<\/p>\n\n\n\n<blockquote class=\"wp-block-quote is-layout-flow wp-block-quote-is-layout-flow\">\n<p class=\"has-small-font-size\">\u201cAplica-se o prazo decadencial de dez anos estabelecido no art. 103, caput, da Lei 8.213\/1991 \u00e0s hip\u00f3teses em que a quest\u00e3o controvertida n\u00e3o foi apreciada no ato administrativo de an\u00e1lise de concess\u00e3o de benef\u00edcio previdenci\u00e1rio\u201d.<\/p>\n<\/blockquote>\n\n\n\n<p>Portanto, a Corte Cidad\u00e3, entende que, mesmo sobre aquelas quest\u00f5es n\u00e3o discutidas na via administrativa, incide o prazo decadencial.\u00a0<\/p>\n\n\n\n<p>Isso porque o STJ consignou que, diferentemente da prescri\u00e7\u00e3o, que tem por base o princ\u00edpio da <em>actio nata<\/em>, isso \u00e9, que se inicia quando violado o direito (artigo 189 do C\u00f3digo Civil), a decad\u00eancia incide sobre os direitos exercidos independentemente da manifesta\u00e7\u00e3o de vontade do sujeito passivo do direito, os quais s\u00e3o conhecidos na doutrina como potestativos.<\/p>\n\n\n\n<h2 class=\"wp-block-heading has-luminous-vivid-orange-color has-text-color has-link-color wp-elements-22437dd4dc34b84a40eac9a3739d5f31\" id=\"h-conclusao\"><span id=\"conclusao\">Conclus\u00e3o<\/span><\/h2>\n\n\n\n<p>Portanto, pessoal, esse foi nosso breve Resumo sobre a Decad\u00eancia Previdenci\u00e1ria, expondo, inclusive, o entendimento do STF (Supremo Tribunal Federal) e do STJ (Superior Tribunal de Justi\u00e7a) quanto ao tema.<\/p>\n\n\n\n<p>At\u00e9 a pr\u00f3xima!<\/p>\n\n\n\n<p class=\"has-text-align-center\" id=\"h-quer-saber-tudo-sobre-concursos-previstos\"><strong>Quer saber quais ser\u00e3o os pr\u00f3ximos concursos?<\/strong><\/p>\n\n\n\n<p class=\"has-text-align-center\">Confira nossos <a href=\"https:\/\/cj.estrategia.com\/portal\/\" target=\"_blank\" >artigos para Carreiras Jur\u00eddicas<\/a>!<\/p>\n\n\n\n<p class=\"has-text-align-center has-white-color has-pale-cyan-blue-background-color has-text-color has-background\"><a href=\"https:\/\/www.estrategiaconcursos.com.br\/blog\/concursos-abertos\/\" target=\"_blank\" >Confira os concursos p\u00fablicos abertos<\/a><\/p>\n\n\n\n<p class=\"has-text-align-center has-white-color has-pale-cyan-blue-background-color has-text-color has-background\"><a href=\"https:\/\/www.estrategiaconcursos.com.br\/blog\/concursos-2024\/\" target=\"_blank\" >Concursos 2024<\/a><\/p>\n\n\n\n<h3 class=\"wp-block-heading\" id=\"assinatura-de-concursos\">Assinatura de Concursos<\/h3>\n\n\n\n<p>Assinatura de 1 ano ou 2 anos <a href=\"https:\/\/www.estrategiaconcursos.com.br\/assinaturas\/\" target=\"_blank\" >ASSINE AGORA<\/a><\/p>\n\n\n\n<p>Agora, confira as vagas e oportunidades dos\u00a0<strong>concursos 2024<\/strong>\u00a0navegando atrav\u00e9s do \u00edndice abaixo:<\/p>\n\n\n\n<h2 class=\"wp-block-heading\" id=\"concursos-e-vagas-previstas-para-2023\"><span id=\"concursos-e-vagas-previstas-para-2024\">Concursos e vagas previstas para 2024:<\/span><\/h2>\n\n\n\n<p>Al\u00e9m deste Resumo sobre a Decad\u00eancia Previdenci\u00e1ria, confira:<\/p>\n\n\n\n<ul class=\"wp-block-list\">\n<li><a href=\"https:\/\/www.estrategiaconcursos.com.br\/blog\/concursos-2023\/#policial\" target=\"_blank\" >Concursos Policiais<\/a><\/li>\n\n\n\n<li><a href=\"https:\/\/www.estrategiaconcursos.com.br\/blog\/concursos-2023\/#fiscal\" target=\"_blank\" >Concursos Fiscais<\/a><\/li>\n\n\n\n<li><a href=\"https:\/\/www.estrategiaconcursos.com.br\/blog\/concursos-2023\/#controle\" target=\"_blank\" >Concursos Controle<\/a><\/li>\n\n\n\n<li><a href=\"https:\/\/www.estrategiaconcursos.com.br\/blog\/concursos-2023\/#tribunais\" target=\"_blank\" >Concursos Tribunais<\/a><\/li>\n\n\n\n<li><a href=\"https:\/\/www.estrategiaconcursos.com.br\/blog\/concursos-2023\/#ministerios-publicos\" target=\"_blank\" >Concursos em Minist\u00e9rios P\u00fablicos<\/a><\/li>\n\n\n\n<li><a href=\"https:\/\/www.estrategiaconcursos.com.br\/blog\/concursos-2023\/#defensorias-publicas\" target=\"_blank\" >Concursos em Defensorias<\/a><\/li>\n\n\n\n<li><a href=\"https:\/\/www.estrategiaconcursos.com.br\/blog\/concursos-2023\/#legislativa\" target=\"_blank\" >Concursos Legislativos<\/a><\/li>\n\n\n\n<li><a href=\"https:\/\/www.estrategiaconcursos.com.br\/blog\/concursos-2023\/#saude\" target=\"_blank\" >Concursos da \u00e1rea da Sa\u00fade<\/a><\/li>\n\n\n\n<li><a href=\"https:\/\/www.estrategiaconcursos.com.br\/blog\/concursos-2023\/#bancaria\" target=\"_blank\" >Concursos da \u00e1rea banc\u00e1ria<\/a><\/li>\n\n\n\n<li><a href=\"https:\/\/www.estrategiaconcursos.com.br\/blog\/concursos-2023\/#educacao\" target=\"_blank\" >Concursos da \u00e1rea da Educa\u00e7\u00e3o<\/a><\/li>\n\n\n\n<li><a href=\"https:\/\/www.estrategiaconcursos.com.br\/blog\/concursos-2023\/#prefeituras\" target=\"_blank\" >Concursos para Prefeituras<\/a><\/li>\n\n\n\n<li><a href=\"https:\/\/www.estrategiaconcursos.com.br\/blog\/concursos-2023\/#outros\" target=\"_blank\" >Concursos outras oportunidades<\/a><\/li>\n<\/ul>\n\n\n\n<p class=\"has-text-align-center has-luminous-vivid-amber-background-color has-background\" style=\"font-size:22px\"><strong>Veja tamb\u00e9m: <a href=\"https:\/\/www.estrategiaconcursos.com.br\/blog\/concursos-abertos\/\" target=\"_blank\" >Concursos Abertos<\/a><\/strong><\/p>\n\n\n\n<p class=\"has-text-align-left\" style=\"font-size:25px\"><em><strong>Quer saber tudo sobre os concursos previstos? Confira nossos artigos completos:<\/strong><\/em><\/p>\n\n\n\n<p>Al\u00e9m deste Resumo sobre a Decad\u00eancia Previdenci\u00e1ria, confira:<\/p>\n\n\n\n<ul class=\"wp-block-list\">\n<li><a href=\"https:\/\/www.estrategiaconcursos.com.br\/blog\/concursos-2024\/\" target=\"_blank\" >Concursos 2024<\/a><\/li>\n<\/ul>\n","protected":false},"excerpt":{"rendered":"Fala, pessoal, tudo certo? Hoje faremos um breve Resumo sobre a Decad\u00eancia Previdenci\u00e1ria, expondo, inclusive, o entendimento do&hellip;\n","protected":false},"author":39,"featured_media":60846,"comment_status":"open","ping_status":"open","sticky":false,"template":"","format":"standard","meta":{"_jetpack_memberships_contains_paid_content":false,"footnotes":""},"categories":[1],"tags":[],"tax_estado":[30,31,32,33,34,35,36,37,38,39,40,41,42,43,44,45,46,47,48,49,50,51,52,53,54,55,56,57],"class_list":{"0":"post-60845","1":"post","2":"type-post","3":"status-publish","4":"format-standard","5":"has-post-thumbnail","7":"category-carreiras-juridicas","8":"tax_estado-ac","9":"tax_estado-al","10":"tax_estado-am","11":"tax_estado-ap","12":"tax_estado-ba","13":"tax_estado-ce","14":"tax_estado-concursos-federais","15":"tax_estado-df","16":"tax_estado-es","17":"tax_estado-go","18":"tax_estado-ma","19":"tax_estado-mg","20":"tax_estado-ms","21":"tax_estado-mt","22":"tax_estado-pa","23":"tax_estado-pb","24":"tax_estado-pe","25":"tax_estado-pi","26":"tax_estado-pr","27":"tax_estado-rj","28":"tax_estado-rn","29":"tax_estado-ro","30":"tax_estado-rr","31":"tax_estado-rs","32":"tax_estado-sc","33":"tax_estado-se","34":"tax_estado-sp","35":"tax_estado-to"},"acf":[],"yoast_head":"<!-- This site is optimized with the Yoast SEO Premium plugin v27.5 (Yoast SEO v27.5) - https:\/\/yoast.com\/product\/yoast-seo-premium-wordpress\/ -->\n<title>Resumo sobre a Decad\u00eancia Previdenci\u00e1ria<\/title>\n<meta name=\"description\" content=\"Confira nosso breve resumo sobre a Decad\u00eancia Previdenci\u00e1ria, expondo, inclusive, tanto o entendimentodo STF quanto do STJ sobre o tema.\" \/>\n<meta name=\"robots\" content=\"index, follow, max-snippet:-1, max-image-preview:large, max-video-preview:-1\" \/>\n<link rel=\"canonical\" href=\"https:\/\/cj.estrategia.com\/portal\/resumo-decadencia-previdenciaria\/\" \/>\n<meta property=\"og:locale\" content=\"pt_BR\" \/>\n<meta property=\"og:type\" content=\"article\" \/>\n<meta property=\"og:title\" content=\"Resumo sobre a Decad\u00eancia Previdenci\u00e1ria\" \/>\n<meta property=\"og:description\" content=\"Confira nosso breve resumo sobre a Decad\u00eancia Previdenci\u00e1ria, expondo, inclusive, tanto o entendimentodo STF quanto do STJ sobre o tema.\" \/>\n<meta property=\"og:url\" content=\"https:\/\/cj.estrategia.com\/portal\/resumo-decadencia-previdenciaria\/\" \/>\n<meta property=\"og:site_name\" content=\"Blog - Carreiras Jur\u00eddicas - Estrat\u00e9gia\" \/>\n<meta property=\"article:publisher\" content=\"https:\/\/www.facebook.com\/estrategiacarreirajuridica\/\" \/>\n<meta property=\"article:published_time\" content=\"2024-05-02T14:00:00+00:00\" \/>\n<meta property=\"og:image\" content=\"https:\/\/cj.estrategia.com\/portal\/wp-content\/uploads\/2024\/04\/15114511\/intellectual-banknote-student-sand-computer-graphic-scaled.jpg\" \/>\n\t<meta property=\"og:image:width\" content=\"2560\" \/>\n\t<meta property=\"og:image:height\" content=\"1340\" \/>\n\t<meta property=\"og:image:type\" content=\"image\/jpeg\" \/>\n<meta name=\"author\" content=\"Frederico Tadeu Borlot Peixoto\" \/>\n<meta name=\"twitter:card\" content=\"summary_large_image\" \/>\n<meta name=\"twitter:creator\" content=\"@EstratJuridica\" \/>\n<meta name=\"twitter:site\" content=\"@EstratJuridica\" \/>\n<meta name=\"twitter:label1\" content=\"Escrito por\" \/>\n\t<meta name=\"twitter:data1\" content=\"Frederico Tadeu Borlot Peixoto\" \/>\n\t<meta name=\"twitter:label2\" content=\"Est. tempo de leitura\" \/>\n\t<meta name=\"twitter:data2\" content=\"11 minutos\" \/>\n<script type=\"application\/ld+json\" class=\"yoast-schema-graph\">{\"@context\":\"https:\\\/\\\/schema.org\",\"@graph\":[{\"@type\":\"NewsArticle\",\"@id\":\"https:\\\/\\\/cj.estrategia.com\\\/portal\\\/resumo-decadencia-previdenciaria\\\/#article\",\"isPartOf\":{\"@id\":\"https:\\\/\\\/cj.estrategia.com\\\/portal\\\/resumo-decadencia-previdenciaria\\\/\"},\"author\":{\"name\":\"Frederico Tadeu Borlot Peixoto\",\"@id\":\"https:\\\/\\\/cj.estrategia.com\\\/portal\\\/#\\\/schema\\\/person\\\/74287401cf4654f4fa04e378de7261ec\"},\"headline\":\"Resumo sobre a Decad\u00eancia Previdenci\u00e1ria\",\"datePublished\":\"2024-05-02T14:00:00+00:00\",\"mainEntityOfPage\":{\"@id\":\"https:\\\/\\\/cj.estrategia.com\\\/portal\\\/resumo-decadencia-previdenciaria\\\/\"},\"wordCount\":2460,\"commentCount\":0,\"publisher\":{\"@id\":\"https:\\\/\\\/cj.estrategia.com\\\/portal\\\/#organization\"},\"image\":{\"@id\":\"https:\\\/\\\/cj.estrategia.com\\\/portal\\\/resumo-decadencia-previdenciaria\\\/#primaryimage\"},\"thumbnailUrl\":\"https:\\\/\\\/cj.estrategia.com\\\/portal\\\/wp-content\\\/uploads\\\/2024\\\/04\\\/15114511\\\/intellectual-banknote-student-sand-computer-graphic-scaled.jpg\",\"articleSection\":[\"Carreiras Jur\u00eddicas\"],\"inLanguage\":\"pt-BR\",\"potentialAction\":[{\"@type\":\"CommentAction\",\"name\":\"Comment\",\"target\":[\"https:\\\/\\\/cj.estrategia.com\\\/portal\\\/resumo-decadencia-previdenciaria\\\/#respond\"]}],\"accessibilityFeature\":[\"tableOfContents\"]},{\"@type\":\"WebPage\",\"@id\":\"https:\\\/\\\/cj.estrategia.com\\\/portal\\\/resumo-decadencia-previdenciaria\\\/\",\"url\":\"https:\\\/\\\/cj.estrategia.com\\\/portal\\\/resumo-decadencia-previdenciaria\\\/\",\"name\":\"Resumo sobre a Decad\u00eancia Previdenci\u00e1ria\",\"isPartOf\":{\"@id\":\"https:\\\/\\\/cj.estrategia.com\\\/portal\\\/#website\"},\"primaryImageOfPage\":{\"@id\":\"https:\\\/\\\/cj.estrategia.com\\\/portal\\\/resumo-decadencia-previdenciaria\\\/#primaryimage\"},\"image\":{\"@id\":\"https:\\\/\\\/cj.estrategia.com\\\/portal\\\/resumo-decadencia-previdenciaria\\\/#primaryimage\"},\"thumbnailUrl\":\"https:\\\/\\\/cj.estrategia.com\\\/portal\\\/wp-content\\\/uploads\\\/2024\\\/04\\\/15114511\\\/intellectual-banknote-student-sand-computer-graphic-scaled.jpg\",\"datePublished\":\"2024-05-02T14:00:00+00:00\",\"description\":\"Confira nosso breve resumo sobre a Decad\u00eancia Previdenci\u00e1ria, expondo, inclusive, tanto o entendimentodo STF quanto do STJ sobre o tema.\",\"breadcrumb\":{\"@id\":\"https:\\\/\\\/cj.estrategia.com\\\/portal\\\/resumo-decadencia-previdenciaria\\\/#breadcrumb\"},\"inLanguage\":\"pt-BR\",\"potentialAction\":[{\"@type\":\"ReadAction\",\"target\":[\"https:\\\/\\\/cj.estrategia.com\\\/portal\\\/resumo-decadencia-previdenciaria\\\/\"]}]},{\"@type\":\"ImageObject\",\"inLanguage\":\"pt-BR\",\"@id\":\"https:\\\/\\\/cj.estrategia.com\\\/portal\\\/resumo-decadencia-previdenciaria\\\/#primaryimage\",\"url\":\"https:\\\/\\\/cj.estrategia.com\\\/portal\\\/wp-content\\\/uploads\\\/2024\\\/04\\\/15114511\\\/intellectual-banknote-student-sand-computer-graphic-scaled.jpg\",\"contentUrl\":\"https:\\\/\\\/cj.estrategia.com\\\/portal\\\/wp-content\\\/uploads\\\/2024\\\/04\\\/15114511\\\/intellectual-banknote-student-sand-computer-graphic-scaled.jpg\",\"width\":2560,\"height\":1340,\"caption\":\"Resumo sobre a Decad\u00eancia Previdenci\u00e1ria\"},{\"@type\":\"BreadcrumbList\",\"@id\":\"https:\\\/\\\/cj.estrategia.com\\\/portal\\\/resumo-decadencia-previdenciaria\\\/#breadcrumb\",\"itemListElement\":[{\"@type\":\"ListItem\",\"position\":1,\"name\":\"In\u00edcio\",\"item\":\"https:\\\/\\\/cj.estrategia.com\\\/portal\\\/\"},{\"@type\":\"ListItem\",\"position\":2,\"name\":\"Resumo sobre a Decad\u00eancia Previdenci\u00e1ria\"}]},{\"@type\":\"WebSite\",\"@id\":\"https:\\\/\\\/cj.estrategia.com\\\/portal\\\/#website\",\"url\":\"https:\\\/\\\/cj.estrategia.com\\\/portal\\\/\",\"name\":\"Blog - Carreiras Jur\u00eddicas - Estrat\u00e9gia\",\"description\":\"\",\"publisher\":{\"@id\":\"https:\\\/\\\/cj.estrategia.com\\\/portal\\\/#organization\"},\"potentialAction\":[{\"@type\":\"SearchAction\",\"target\":{\"@type\":\"EntryPoint\",\"urlTemplate\":\"https:\\\/\\\/cj.estrategia.com\\\/portal\\\/?s={search_term_string}\"},\"query-input\":{\"@type\":\"PropertyValueSpecification\",\"valueRequired\":true,\"valueName\":\"search_term_string\"}}],\"inLanguage\":\"pt-BR\"},{\"@type\":\"Organization\",\"@id\":\"https:\\\/\\\/cj.estrategia.com\\\/portal\\\/#organization\",\"name\":\"Estrat\u00e9gia - Carreiras Jur\u00eddicas\",\"url\":\"https:\\\/\\\/cj.estrategia.com\\\/portal\\\/\",\"logo\":{\"@type\":\"ImageObject\",\"inLanguage\":\"pt-BR\",\"@id\":\"https:\\\/\\\/cj.estrategia.com\\\/portal\\\/#\\\/schema\\\/logo\\\/image\\\/\",\"url\":\"https:\\\/\\\/cj.estrategia.com\\\/portal\\\/wp-content\\\/uploads\\\/2022\\\/03\\\/11151052\\\/cj-logo.png\",\"contentUrl\":\"https:\\\/\\\/cj.estrategia.com\\\/portal\\\/wp-content\\\/uploads\\\/2022\\\/03\\\/11151052\\\/cj-logo.png\",\"width\":150,\"height\":39,\"caption\":\"Estrat\u00e9gia - Carreiras Jur\u00eddicas\"},\"image\":{\"@id\":\"https:\\\/\\\/cj.estrategia.com\\\/portal\\\/#\\\/schema\\\/logo\\\/image\\\/\"},\"sameAs\":[\"https:\\\/\\\/www.facebook.com\\\/estrategiacarreirajuridica\\\/\",\"https:\\\/\\\/x.com\\\/EstratJuridica\",\"https:\\\/\\\/www.instagram.com\\\/estrategiacarreirajuridica\\\/\",\"https:\\\/\\\/www.youtube.com\\\/channel\\\/UClbMGuYbj2Mh1m3w144ETWQ\"]},{\"@type\":\"Person\",\"@id\":\"https:\\\/\\\/cj.estrategia.com\\\/portal\\\/#\\\/schema\\\/person\\\/74287401cf4654f4fa04e378de7261ec\",\"name\":\"Frederico Tadeu Borlot Peixoto\",\"image\":{\"@type\":\"ImageObject\",\"inLanguage\":\"pt-BR\",\"@id\":\"https:\\\/\\\/cj.estrategia.com\\\/portal\\\/wp-content\\\/uploads\\\/2023\\\/06\\\/29094204\\\/GBAY0702-96x96.jpg\",\"url\":\"https:\\\/\\\/cj.estrategia.com\\\/portal\\\/wp-content\\\/uploads\\\/2023\\\/06\\\/29094204\\\/GBAY0702-96x96.jpg\",\"contentUrl\":\"https:\\\/\\\/cj.estrategia.com\\\/portal\\\/wp-content\\\/uploads\\\/2023\\\/06\\\/29094204\\\/GBAY0702-96x96.jpg\",\"caption\":\"Frederico Tadeu Borlot Peixoto\"},\"description\":\"Analista Judici\u00e1rio - \u00c1rea Judici\u00e1ria do TRF da 4\u00aa regi\u00e3o. Bacharel em Direito. P\u00f3s-graduado em Direito Administrativo, Legisla\u00e7\u00e3o Penal Especial, Direito Penal e Direito Processual Penal. Tamb\u00e9m nomeado no TRF da 3\u00aa regi\u00e3o (8\u00ba lugar); SPPREV (3\u00ba lugar); IFES (2\u00ba lugar); e PMES. https:\\\/\\\/www.instagram.com\\\/proffrederico\\\/\",\"sameAs\":[\"https:\\\/\\\/www.instagram.com\\\/proffrederico\\\/\"],\"url\":\"https:\\\/\\\/cj.estrategia.com\\\/portal\\\/author\\\/xfrederico\\\/\"}]}<\/script>\n<!-- \/ Yoast SEO Premium plugin. -->","yoast_head_json":{"title":"Resumo sobre a Decad\u00eancia Previdenci\u00e1ria","description":"Confira nosso breve resumo sobre a Decad\u00eancia Previdenci\u00e1ria, expondo, inclusive, tanto o entendimentodo STF quanto do STJ sobre o tema.","robots":{"index":"index","follow":"follow","max-snippet":"max-snippet:-1","max-image-preview":"max-image-preview:large","max-video-preview":"max-video-preview:-1"},"canonical":"https:\/\/cj.estrategia.com\/portal\/resumo-decadencia-previdenciaria\/","og_locale":"pt_BR","og_type":"article","og_title":"Resumo sobre a Decad\u00eancia Previdenci\u00e1ria","og_description":"Confira nosso breve resumo sobre a Decad\u00eancia Previdenci\u00e1ria, expondo, inclusive, tanto o entendimentodo STF quanto do STJ sobre o tema.","og_url":"https:\/\/cj.estrategia.com\/portal\/resumo-decadencia-previdenciaria\/","og_site_name":"Blog - Carreiras Jur\u00eddicas - Estrat\u00e9gia","article_publisher":"https:\/\/www.facebook.com\/estrategiacarreirajuridica\/","article_published_time":"2024-05-02T14:00:00+00:00","og_image":[{"width":2560,"height":1340,"url":"https:\/\/cj.estrategia.com\/portal\/wp-content\/uploads\/2024\/04\/15114511\/intellectual-banknote-student-sand-computer-graphic-scaled.jpg","type":"image\/jpeg"}],"author":"Frederico Tadeu Borlot Peixoto","twitter_card":"summary_large_image","twitter_creator":"@EstratJuridica","twitter_site":"@EstratJuridica","twitter_misc":{"Escrito por":"Frederico Tadeu Borlot Peixoto","Est. tempo de leitura":"11 minutos"},"schema":{"@context":"https:\/\/schema.org","@graph":[{"@type":"NewsArticle","@id":"https:\/\/cj.estrategia.com\/portal\/resumo-decadencia-previdenciaria\/#article","isPartOf":{"@id":"https:\/\/cj.estrategia.com\/portal\/resumo-decadencia-previdenciaria\/"},"author":{"name":"Frederico Tadeu Borlot Peixoto","@id":"https:\/\/cj.estrategia.com\/portal\/#\/schema\/person\/74287401cf4654f4fa04e378de7261ec"},"headline":"Resumo sobre a Decad\u00eancia Previdenci\u00e1ria","datePublished":"2024-05-02T14:00:00+00:00","mainEntityOfPage":{"@id":"https:\/\/cj.estrategia.com\/portal\/resumo-decadencia-previdenciaria\/"},"wordCount":2460,"commentCount":0,"publisher":{"@id":"https:\/\/cj.estrategia.com\/portal\/#organization"},"image":{"@id":"https:\/\/cj.estrategia.com\/portal\/resumo-decadencia-previdenciaria\/#primaryimage"},"thumbnailUrl":"https:\/\/cj.estrategia.com\/portal\/wp-content\/uploads\/2024\/04\/15114511\/intellectual-banknote-student-sand-computer-graphic-scaled.jpg","articleSection":["Carreiras Jur\u00eddicas"],"inLanguage":"pt-BR","potentialAction":[{"@type":"CommentAction","name":"Comment","target":["https:\/\/cj.estrategia.com\/portal\/resumo-decadencia-previdenciaria\/#respond"]}],"accessibilityFeature":["tableOfContents"]},{"@type":"WebPage","@id":"https:\/\/cj.estrategia.com\/portal\/resumo-decadencia-previdenciaria\/","url":"https:\/\/cj.estrategia.com\/portal\/resumo-decadencia-previdenciaria\/","name":"Resumo sobre a Decad\u00eancia Previdenci\u00e1ria","isPartOf":{"@id":"https:\/\/cj.estrategia.com\/portal\/#website"},"primaryImageOfPage":{"@id":"https:\/\/cj.estrategia.com\/portal\/resumo-decadencia-previdenciaria\/#primaryimage"},"image":{"@id":"https:\/\/cj.estrategia.com\/portal\/resumo-decadencia-previdenciaria\/#primaryimage"},"thumbnailUrl":"https:\/\/cj.estrategia.com\/portal\/wp-content\/uploads\/2024\/04\/15114511\/intellectual-banknote-student-sand-computer-graphic-scaled.jpg","datePublished":"2024-05-02T14:00:00+00:00","description":"Confira nosso breve resumo sobre a Decad\u00eancia Previdenci\u00e1ria, expondo, inclusive, tanto o entendimentodo STF quanto do STJ sobre o tema.","breadcrumb":{"@id":"https:\/\/cj.estrategia.com\/portal\/resumo-decadencia-previdenciaria\/#breadcrumb"},"inLanguage":"pt-BR","potentialAction":[{"@type":"ReadAction","target":["https:\/\/cj.estrategia.com\/portal\/resumo-decadencia-previdenciaria\/"]}]},{"@type":"ImageObject","inLanguage":"pt-BR","@id":"https:\/\/cj.estrategia.com\/portal\/resumo-decadencia-previdenciaria\/#primaryimage","url":"https:\/\/cj.estrategia.com\/portal\/wp-content\/uploads\/2024\/04\/15114511\/intellectual-banknote-student-sand-computer-graphic-scaled.jpg","contentUrl":"https:\/\/cj.estrategia.com\/portal\/wp-content\/uploads\/2024\/04\/15114511\/intellectual-banknote-student-sand-computer-graphic-scaled.jpg","width":2560,"height":1340,"caption":"Resumo sobre a Decad\u00eancia Previdenci\u00e1ria"},{"@type":"BreadcrumbList","@id":"https:\/\/cj.estrategia.com\/portal\/resumo-decadencia-previdenciaria\/#breadcrumb","itemListElement":[{"@type":"ListItem","position":1,"name":"In\u00edcio","item":"https:\/\/cj.estrategia.com\/portal\/"},{"@type":"ListItem","position":2,"name":"Resumo sobre a Decad\u00eancia Previdenci\u00e1ria"}]},{"@type":"WebSite","@id":"https:\/\/cj.estrategia.com\/portal\/#website","url":"https:\/\/cj.estrategia.com\/portal\/","name":"Blog - Carreiras Jur\u00eddicas - Estrat\u00e9gia","description":"","publisher":{"@id":"https:\/\/cj.estrategia.com\/portal\/#organization"},"potentialAction":[{"@type":"SearchAction","target":{"@type":"EntryPoint","urlTemplate":"https:\/\/cj.estrategia.com\/portal\/?s={search_term_string}"},"query-input":{"@type":"PropertyValueSpecification","valueRequired":true,"valueName":"search_term_string"}}],"inLanguage":"pt-BR"},{"@type":"Organization","@id":"https:\/\/cj.estrategia.com\/portal\/#organization","name":"Estrat\u00e9gia - Carreiras Jur\u00eddicas","url":"https:\/\/cj.estrategia.com\/portal\/","logo":{"@type":"ImageObject","inLanguage":"pt-BR","@id":"https:\/\/cj.estrategia.com\/portal\/#\/schema\/logo\/image\/","url":"https:\/\/cj.estrategia.com\/portal\/wp-content\/uploads\/2022\/03\/11151052\/cj-logo.png","contentUrl":"https:\/\/cj.estrategia.com\/portal\/wp-content\/uploads\/2022\/03\/11151052\/cj-logo.png","width":150,"height":39,"caption":"Estrat\u00e9gia - Carreiras Jur\u00eddicas"},"image":{"@id":"https:\/\/cj.estrategia.com\/portal\/#\/schema\/logo\/image\/"},"sameAs":["https:\/\/www.facebook.com\/estrategiacarreirajuridica\/","https:\/\/x.com\/EstratJuridica","https:\/\/www.instagram.com\/estrategiacarreirajuridica\/","https:\/\/www.youtube.com\/channel\/UClbMGuYbj2Mh1m3w144ETWQ"]},{"@type":"Person","@id":"https:\/\/cj.estrategia.com\/portal\/#\/schema\/person\/74287401cf4654f4fa04e378de7261ec","name":"Frederico Tadeu Borlot Peixoto","image":{"@type":"ImageObject","inLanguage":"pt-BR","@id":"https:\/\/cj.estrategia.com\/portal\/wp-content\/uploads\/2023\/06\/29094204\/GBAY0702-96x96.jpg","url":"https:\/\/cj.estrategia.com\/portal\/wp-content\/uploads\/2023\/06\/29094204\/GBAY0702-96x96.jpg","contentUrl":"https:\/\/cj.estrategia.com\/portal\/wp-content\/uploads\/2023\/06\/29094204\/GBAY0702-96x96.jpg","caption":"Frederico Tadeu Borlot Peixoto"},"description":"Analista Judici\u00e1rio - \u00c1rea Judici\u00e1ria do TRF da 4\u00aa regi\u00e3o. Bacharel em Direito. P\u00f3s-graduado em Direito Administrativo, Legisla\u00e7\u00e3o Penal Especial, Direito Penal e Direito Processual Penal. Tamb\u00e9m nomeado no TRF da 3\u00aa regi\u00e3o (8\u00ba lugar); SPPREV (3\u00ba lugar); IFES (2\u00ba lugar); e PMES. https:\/\/www.instagram.com\/proffrederico\/","sameAs":["https:\/\/www.instagram.com\/proffrederico\/"],"url":"https:\/\/cj.estrategia.com\/portal\/author\/xfrederico\/"}]}},"jetpack_featured_media_url":"https:\/\/cj.estrategia.com\/portal\/wp-content\/uploads\/2024\/04\/15114511\/intellectual-banknote-student-sand-computer-graphic-scaled.jpg","jetpack_sharing_enabled":true,"_links":{"self":[{"href":"https:\/\/cj.estrategia.com\/portal\/wp-json\/wp\/v2\/posts\/60845","targetHints":{"allow":["GET"]}}],"collection":[{"href":"https:\/\/cj.estrategia.com\/portal\/wp-json\/wp\/v2\/posts"}],"about":[{"href":"https:\/\/cj.estrategia.com\/portal\/wp-json\/wp\/v2\/types\/post"}],"author":[{"embeddable":true,"href":"https:\/\/cj.estrategia.com\/portal\/wp-json\/wp\/v2\/users\/39"}],"replies":[{"embeddable":true,"href":"https:\/\/cj.estrategia.com\/portal\/wp-json\/wp\/v2\/comments?post=60845"}],"version-history":[{"count":0,"href":"https:\/\/cj.estrategia.com\/portal\/wp-json\/wp\/v2\/posts\/60845\/revisions"}],"wp:featuredmedia":[{"embeddable":true,"href":"https:\/\/cj.estrategia.com\/portal\/wp-json\/wp\/v2\/media\/60846"}],"wp:attachment":[{"href":"https:\/\/cj.estrategia.com\/portal\/wp-json\/wp\/v2\/media?parent=60845"}],"wp:term":[{"taxonomy":"category","embeddable":true,"href":"https:\/\/cj.estrategia.com\/portal\/wp-json\/wp\/v2\/categories?post=60845"},{"taxonomy":"post_tag","embeddable":true,"href":"https:\/\/cj.estrategia.com\/portal\/wp-json\/wp\/v2\/tags?post=60845"},{"taxonomy":"tax_estado","embeddable":true,"href":"https:\/\/cj.estrategia.com\/portal\/wp-json\/wp\/v2\/tax_estado?post=60845"}],"curies":[{"name":"wp","href":"https:\/\/api.w.org\/{rel}","templated":true}]}}