{"id":60560,"date":"2024-04-23T14:00:00","date_gmt":"2024-04-23T17:00:00","guid":{"rendered":"https:\/\/cj.estrategia.com\/portal\/?p=60560"},"modified":"2024-04-15T18:26:07","modified_gmt":"2024-04-15T21:26:07","slug":"reafirmacao-der","status":"publish","type":"post","link":"https:\/\/cj.estrategia.com\/portal\/reafirmacao-der\/","title":{"rendered":"Reafirma\u00e7\u00e3o da DER: entenda o que significa!"},"content":{"rendered":"<div class=\"wp-block-image\">\n<figure class=\"aligncenter size-large is-resized\"><img decoding=\"async\" width=\"1024\" height=\"683\" src=\"https:\/\/cj.estrategia.com\/portal\/wp-content\/uploads\/2024\/04\/13084837\/top-view-beautiful-home-still-life-family-1024x683.jpg\" alt=\"Reafirma\u00e7\u00e3o da DER: entenda o que significa!\" class=\"wp-image-60561\" style=\"width:544px;height:auto\" srcset=\"https:\/\/cj.estrategia.com\/portal\/wp-content\/uploads\/2024\/04\/13084837\/top-view-beautiful-home-still-life-family-1024x683.jpg 1024w, https:\/\/cj.estrategia.com\/portal\/wp-content\/uploads\/2024\/04\/13084837\/top-view-beautiful-home-still-life-family-300x200.jpg 300w, https:\/\/cj.estrategia.com\/portal\/wp-content\/uploads\/2024\/04\/13084837\/top-view-beautiful-home-still-life-family-768x512.jpg 768w, https:\/\/cj.estrategia.com\/portal\/wp-content\/uploads\/2024\/04\/13084837\/top-view-beautiful-home-still-life-family-1536x1024.jpg 1536w, https:\/\/cj.estrategia.com\/portal\/wp-content\/uploads\/2024\/04\/13084837\/top-view-beautiful-home-still-life-family-2048x1365.jpg 2048w, https:\/\/cj.estrategia.com\/portal\/wp-content\/uploads\/2024\/04\/13084837\/top-view-beautiful-home-still-life-family-380x253.jpg 380w, https:\/\/cj.estrategia.com\/portal\/wp-content\/uploads\/2024\/04\/13084837\/top-view-beautiful-home-still-life-family-800x533.jpg 800w, https:\/\/cj.estrategia.com\/portal\/wp-content\/uploads\/2024\/04\/13084837\/top-view-beautiful-home-still-life-family-1160x773.jpg 1160w, https:\/\/cj.estrategia.com\/portal\/wp-content\/uploads\/2024\/04\/13084837\/top-view-beautiful-home-still-life-family-150x100.jpg 150w, https:\/\/cj.estrategia.com\/portal\/wp-content\/uploads\/2024\/04\/13084837\/top-view-beautiful-home-still-life-family-scaled.jpg 2560w\" sizes=\"(max-width: 1024px) 100vw, 1024px\" \/><figcaption class=\"wp-element-caption\">Reafirma\u00e7\u00e3o da DER: entenda o que significa!<\/figcaption><\/figure>\n<\/div>\n\n\n<p>Fala, pessoal, tudo certo? Hoje faremos um breve resumo sobre o assunto da Reafirma\u00e7\u00e3o da DER, expondo, inclusive, o entendimento do STJ (Superior Tribunal de Justi\u00e7a) quanto ao tema.<\/p>\n\n\n\n<p>Desse modo, teceremos algumas considera\u00e7\u00f5es iniciais sobre o conceito da Reafirma\u00e7\u00e3o da DER (Data de Entrada do Requerimento), apontando, inclusive, um exemplo pr\u00e1tico sobre o assunto.<\/p>\n\n\n\n<p>Na sequ\u00eancia, apontaremos a base legal e normativa necess\u00e1ria para seu entendimento (legisla\u00e7\u00e3o processual e instru\u00e7\u00f5es normativas do Instituto Nacional do Seguro Social \u2013 INSS).<\/p>\n\n\n\n<p>Ap\u00f3s, falaremos sobre o entendimento do STJ sobre a Reafirma\u00e7\u00e3o da DER, tratando tanto da Tese firmada no Tema Repetitivo n\u00ba 995 quanto das nuances que surgiram ap\u00f3s o julgamento, principalmente em sede de embargos de declara\u00e7\u00e3o.<\/p>\n\n\n\n<p>Vamos ao que interessa!<\/p>\n\n\n\n<div class=\"wp-block-yoast-seo-table-of-contents yoast-table-of-contents\"><h2 id=\"sumario\"><mark style=\"background-color:rgba(0, 0, 0, 0)\" class=\"has-inline-color has-luminous-vivid-orange-color\">Sum\u00e1rio<\/mark><\/h2><ul><li><a href=\"#h-reafirmacao-da-der\" data-level=\"2\">Reafirma\u00e7\u00e3o da DER<\/a><ul><li><a href=\"#h-conceito-nbsp\" data-level=\"3\">Conceito\u00a0<\/a><\/li><li><a href=\"#h-base-normativa-da-reafirmacao-da-der-nbsp\" data-level=\"3\">Base normativa da Reafirma\u00e7\u00e3o da DER\u00a0<\/a><ul><li><a href=\"#h-fato-superveniente-no-processo-judicial\" data-level=\"4\">Fato superveniente no processo judicial<\/a><\/li><li><a href=\"#h-fato-superveniente-no-processo-administrativo\" data-level=\"4\">Fato superveniente no processo administrativo<\/a><\/li><\/ul><\/li><li><a href=\"#h-entendimento-do-stj-sobre-a-reafirmacao-da-der\" data-level=\"3\">Entendimento do STJ sobre a Reafirma\u00e7\u00e3o da DER<\/a><ul><li><a href=\"#h-tese-firmada-no-tema-repetitivo-n\u00ba-995-nbsp\" data-level=\"4\">Tese firmada no Tema Repetitivo n\u00ba 995\u00a0<\/a><\/li><li><a href=\"#h-explicando-as-nuances-do-tema-repetitivo-n\u00ba-995-nbsp\" data-level=\"4\">Explicando as nuances do Tema Repetitivo n\u00ba 995\u00a0<\/a><\/li><\/ul><\/li><\/ul><\/li><li><a href=\"#h-conclusao\" data-level=\"2\">Conclus\u00e3o<\/a><ul><li><a href=\"#assinatura-de-concursos\" data-level=\"3\">Assinatura de Concursos<\/a><\/li><\/ul><\/li><li><a href=\"#concursos-e-vagas-previstas-para-2023\" data-level=\"2\">Concursos e vagas previstas para 2024:<\/a><\/li><\/ul><\/div>\n\n\n\n<h2 class=\"wp-block-heading has-luminous-vivid-orange-color has-text-color has-link-color wp-elements-62e9aae401c897fcb4d1468b131fd251\" id=\"h-reafirmacao-da-der\"><span id=\"reafirmacao-da-der\">Reafirma\u00e7\u00e3o da DER<\/span><\/h2>\n\n\n\n<h3 class=\"wp-block-heading has-luminous-vivid-orange-color has-text-color has-link-color wp-elements-988d3c3dc1033f72ab2fee0c735416c6\" id=\"h-conceito-nbsp\"><span id=\"conceito\">Conceito\u00a0<\/span><\/h3>\n\n\n\n<p>De acordo com o Superior Tribunal de Justi\u00e7a, <strong>a reafirma\u00e7\u00e3o da DER ocorre quando se reconhece o benef\u00edcio previdenci\u00e1rio com base em fato superveniente ao requerimento, <\/strong>fixando-se a data de in\u00edcio do benef\u00edcio para o momento do adimplemento dos requisitos legais.<\/p>\n\n\n\n<p><em>Vamos entender melhor o que \u00e9 isso?<\/em><\/p>\n\n\n\n<p>Primeiramente, \u00e9 importante que saibamos que a Data de Entrada do Requerimento (DER) consiste no dia em que o segurado da Previd\u00eancia Social entra com o pedido perante o INSS para que receba seu benef\u00edcio.<\/p>\n\n\n\n<p>Sendo assim, se, por exemplo, eu acho que preencho os requisitos para receber uma aposentadoria por tempo de contribui\u00e7\u00e3o, re\u00fano ent\u00e3o meus documentos para comprovar que trabalhei em diversas empresas por determinado tempo, dentro do qual tamb\u00e9m contribui para a Previd\u00eancia, e fa\u00e7o o pedido. <strong>O dia em que eu fiz esse pedido consiste na minha DER (Data de Entrada do Requerimento).<\/strong><\/p>\n\n\n\n<p>Por\u00e9m, \u00e9 comum que alguns segurados fa\u00e7am seu requerimento perante o INSS e continuem trabalhando normalmente.\u00a0<\/p>\n\n\n\n<p>Assim, por mais que depois se constate que, na DER, n\u00e3o estavam presentes os requisitos para a concess\u00e3o do benef\u00edcio,<strong> h\u00e1 a possibilidade de se \u201creafirmar a DER\u201d para momento posterior, isto \u00e9, para quando os preencheu os requisitos.<\/strong><\/p>\n\n\n\n<p>Vamos ver um <strong>exemplo<\/strong>:<\/p>\n\n\n\n<figure class=\"wp-block-table\"><table><tbody><tr><td>Imagine que Maria, segurada da Previd\u00eancia Social, ingresse com pedido de aposentadoria por tempo de contribui\u00e7\u00e3o perante o INSS em 01\/05\/2010.\u00a0<br><br>Portanto, a DER de Maria \u00e9 em 01\/05\/2010.<br><br>Ocorre que o INSS constatou que Maria, na verdade, contribuiu 29 anos para a Previd\u00eancia Social, faltando, pela regra ent\u00e3o vigente, 01 ano de contribui\u00e7\u00e3o para se aposentar.<br><br>No entanto, imagine ainda que essa an\u00e1lise administrativa que foi feita pelo INSS demorou 01 ano e 06 meses para ser feita e, enquanto esperava, Maria continuou trabalhando normalmente.<br><br>Sendo assim, por mais que, na DER (01\/05\/2010), Maria n\u00e3o preenchesse os requisitos necess\u00e1rios para se aposentar, \u00e9 bem verdade que, um ano e meio depois ela j\u00e1 preenchia.<br><br>Desse modo, o INSS poder\u00e1 reafirmar sua DER para, por exemplo, 01\/05\/2011, quando completou exatos 30 anos. Ou, se for mais vantajoso para a segurada, para momento posterior ainda, como 01\/11\/2011, por exemplo.<br><br><strong>Dessa forma, a Reafirma\u00e7\u00e3o de DER consiste justamente nisso: modificar\/alargar a DER para o per\u00edodo posterior em que o segurado preenche os requisitos.<\/strong><\/td><\/tr><\/tbody><\/table><\/figure>\n\n\n\n<p>Colocando em termos simples, pessoal, \u00e9 como se o segurado da Previd\u00eancia fizesse um novo requerimento na exata data em que preencheu os requisitos, mas sem precisar fazer isso na pr\u00e1tica.<\/p>\n\n\n\n<h3 class=\"wp-block-heading has-luminous-vivid-orange-color has-text-color has-link-color wp-elements-fd0756dc07e2defd37a538aeed86f523\" id=\"h-base-normativa-da-reafirmacao-da-der-nbsp\"><span id=\"base-normativa-da-reafirmacao-da-der\">Base normativa da Reafirma\u00e7\u00e3o da DER\u00a0<\/span><\/h3>\n\n\n\n<h4 class=\"wp-block-heading has-luminous-vivid-orange-color has-text-color has-link-color wp-elements-1a53c52f16f4c62c395dc913cf24815c\" id=\"h-fato-superveniente-no-processo-judicial\"><span id=\"fato-superveniente-no-processo-judicial\">Fato superveniente no processo judicial<\/span><\/h4>\n\n\n\n<p>O principal fundamento legal para a reafirma\u00e7\u00e3o da DER est\u00e1 no <a href=\"https:\/\/www.planalto.gov.br\/ccivil_03\/_ato2015-2018\/2015\/lei\/l13105.htm#:~:text=Art.%20493.%20Se%2C%20depois%20da%20propositura%20da%20a%C3%A7%C3%A3o%2C%20algum%20fato%20constitutivo%2C%20modificativo%20ou%20extintivo%20do%20direito%20influir%20no%20julgamento%20do%20m%C3%A9rito%2C%20caber%C3%A1%20ao%20juiz%20tom%C3%A1%2Dlo%20em%20considera%C3%A7%C3%A3o%2C%20de%20of%C3%ADcio%20ou%20a%20requerimento%20da%20parte%2C%20no%20momento%20de%20proferir%20a%20decis%C3%A3o.\" target=\"_blank\" >artigo 493 do C\u00f3digo de Processo Civil<\/a>, que corresponde ao <a href=\"https:\/\/www.planalto.gov.br\/ccivil_03\/leis\/L5869impressao.htm#:~:text=Art.%20462.%20Se%2C%20depois%20da%20propositura%20da%20a%C3%A7%C3%A3o%2C%20algum%20fato%20constitutivo%2C%20modificativo%20ou%20extintivo%20do%20direito%20influir%20no%20julgamento%20da%20lide%2C%20caber%C3%A1%20ao%20juiz%20tom%C3%A1%2Dlo%20em%20considera%C3%A7%C3%A3o%2C%20de%20of%C3%ADcio%20ou%20a%20requerimento%20da%20parte%2C%20no%20momento%20de%20proferir%20a%20senten%C3%A7a\" target=\"_blank\" >artigo 462 do CPC\/1973<\/a>.<\/p>\n\n\n\n<p>De acordo com esse dispositivo, se, <strong>depois da propositura da a\u00e7\u00e3o<\/strong>, algum fato constitutivo, modificativo ou extintivo do direito <strong>influir no julgamento do m\u00e9rito, caber\u00e1 ao juiz tom\u00e1-lo em considera\u00e7\u00e3o<\/strong>, de of\u00edcio ou a requerimento da parte, <strong>no momento de proferir a decis\u00e3o.<\/strong><\/p>\n\n\n\n<p>Para tanto, \u00e9 claro, \u00e9 necess\u00e1rio que tenha havido contradit\u00f3rio e ampla defesa, ou seja, as partes devem ter tido a chance de se manifestar sobre o assunto antes de o juiz prolatar a decis\u00e3o.<\/p>\n\n\n\n<p>Al\u00e9m disso, \u00e9 importante destacar que esses fatos novos ocorridos ap\u00f3s a propositura da a\u00e7\u00e3o denominam-se <strong>fatos supervenientes<\/strong>. Vamos conceitu\u00e1-los:<\/p>\n\n\n\n<ul class=\"wp-block-list\">\n<li>Fato <strong>constitutivo <\/strong>do direito: trata-se de fato superveniente que faz com que o direito do autor nas\u00e7a, se constitua.<br><br><strong>\u00c9 o caso da Reafirma\u00e7\u00e3o da DER<\/strong>, haja vista que, quando do momento inicial da a\u00e7\u00e3o, n\u00e3o preenchia os requisitos mas, como continuou trabalhando, preencheu e fez com que se originasse o direito ao benef\u00edcio.<\/li>\n<\/ul>\n\n\n\n<ul class=\"wp-block-list\">\n<li>Fato <strong>modificativo <\/strong>do direito: em termos simples, \u00e9 o fato superveniente que altera o direito do autor, para melhor ou para pior.<\/li>\n<\/ul>\n\n\n\n<ul class=\"wp-block-list\">\n<li>Fato <strong>extintivo <\/strong>do direito: \u00e9 aquele que faz com que o direito do autor desapare\u00e7a, extinguindo-se.<\/li>\n<\/ul>\n\n\n\n<p>No mesmo sentido do artigo 493, temos o artigo 933, tamb\u00e9m do CPC, que disp\u00f5e que, se o relator constatar a ocorr\u00eancia de <strong>fato superveniente \u00e0 decis\u00e3o recorrida ou a exist\u00eancia de quest\u00e3o apreci\u00e1vel de of\u00edcio<\/strong> ainda n\u00e3o examinada que devam ser considerados no julgamento do recurso, intimar\u00e1 as partes para que se manifestem no prazo de 5 (cinco) dias.<\/p>\n\n\n\n<p>Portanto, notem que <strong>a constata\u00e7\u00e3o do fato superveniente pode ocorrer at\u00e9 mesmo depois da senten\u00e7a (1\u00aa inst\u00e2ncia)<\/strong>.<\/p>\n\n\n\n<h4 class=\"wp-block-heading has-luminous-vivid-orange-color has-text-color has-link-color wp-elements-d303add02604edfcd4d6a268e8cca9a7\" id=\"h-fato-superveniente-no-processo-administrativo\"><span id=\"fato-superveniente-no-processo-administrativo\">Fato superveniente no processo administrativo<\/span><\/h4>\n\n\n\n<p>Ademais, tamb\u00e9m \u00e9 importante destacar que h\u00e1 previs\u00e3o da Reafirma\u00e7\u00e3o da DER at\u00e9 mesmo no \u00e2mbito administrativo.<\/p>\n\n\n\n<p>A Instru\u00e7\u00e3o Normativa n\u00ba 77\/2015 do INSS previa em seu <a href=\"https:\/\/www.in.gov.br\/materia\/-\/asset_publisher\/Kujrw0TZC2Mb\/content\/id\/32120879\/do1-2015-01-22-instrucao-normativa-n-77-de-21-de-janeiro-de-2015-32120750#:~:text=dever%C3%A1%20o%20servidor%20informar%20ao%20interessado%20sobre%20a%20possibilidadede%20reafirma%C3%A7%C3%A3o%20da%20DER%2C%20exigindo%2Dse%20para%20sua%20efetiva%C3%A7%C3%A3o%20a%20expressaconcord%C3%A2ncia%20por%20escrito.\" target=\"_blank\" >artigo 690<\/a> que o pr\u00f3prio INSS deveria, de of\u00edcio, informar sobre a possibilidade de reafirma\u00e7\u00e3o da DER, caso verificada, durante a an\u00e1lise do requerimento, que na DER o segurado n\u00e3o satisfazia os requisitos para o reconhecimento do direito.<\/p>\n\n\n\n<p>Do mesmo modo, a IN n\u00ba 128\/2022, que revogou a IN n\u00ba 77\/2015, disp\u00f5e em seu <a href=\"https:\/\/www.in.gov.br\/en\/web\/dou\/-\/instrucao-normativa-pres\/inss-n-128-de-28-de-marco-de-2022-389275446#:~:text=caso%20em%20que%20o%20requerimento%20poder%C3%A1%20ser%20reafirmado%20para%20a%20data%20em%20que%20satisfizer%20os%20requisitos%2C\" target=\"_blank\" >artigo 577<\/a> que, por ocasi\u00e3o da decis\u00e3o, em se tratando de requerimento de benef\u00edcio, dever\u00e1 o INSS verificar a possibilidade de Reafirma\u00e7\u00e3o da DER para a data em que satisfizer os requisitos.<\/p>\n\n\n\n<h3 class=\"wp-block-heading has-luminous-vivid-orange-color has-text-color has-link-color wp-elements-ff1b074e2785ae498c0e7bf554858423\" id=\"h-entendimento-do-stj-sobre-a-reafirmacao-da-der\"><span id=\"entendimento-do-stj-sobre-a-reafirmacao-da-der\">Entendimento do STJ sobre a Reafirma\u00e7\u00e3o da DER<\/span><\/h3>\n\n\n\n<h4 class=\"wp-block-heading has-luminous-vivid-orange-color has-text-color has-link-color wp-elements-bbfc07439e51aa55be09a8dd1d5f9241\" id=\"h-tese-firmada-no-tema-repetitivo-n\u00ba-995-nbsp\"><span id=\"tese-firmada-no-tema-repetitivo-no-995\">Tese firmada no Tema Repetitivo n\u00ba 995\u00a0<\/span><\/h4>\n\n\n\n<p>Como j\u00e1 devem ter percebido, tanto o INSS (via administrativa) quanto os Tribunais (via judicial) admitem a possibilidade de Reafirma\u00e7\u00e3o da DER.<\/p>\n\n\n\n<p>No entanto, at\u00e9 pouco tempo o entendimento sobre esse assunto, principalmente na esfera judicial, n\u00e3o era t\u00e3o pac\u00edfico como ora aparenta.<\/p>\n\n\n\n<p>Tanto \u00e9 assim que o STJ precisou afetar a tem\u00e1tica sob o regime dos recursos repetitivos.<\/p>\n\n\n\n<p>Assim, em 22\/08\/2018, o STJ afetou tr\u00eas Recursos Especiais como representativos da controv\u00e9rsia do <a href=\"https:\/\/processo.stj.jus.br\/repetitivos\/temas_repetitivos\/pesquisa.jsp?novaConsulta=true&tipo_pesquisa=T&cod_tema_inicial=995&cod_tema_final=995\" target=\"_blank\" >Tema Repetitivo n\u00ba 995<\/a>, no bojo do qual se discutia a possibilidade de se considerar o tempo de contribui\u00e7\u00e3o posterior ao ajuizamento da a\u00e7\u00e3o, reafirmando-se a data de entrada do requerimento (DER):<\/p>\n\n\n\n<blockquote class=\"wp-block-quote is-layout-flow wp-block-quote-is-layout-flow\">\n<p class=\"has-small-font-size\"><strong>Quest\u00e3o submetida a julgamento<\/strong><\/p>\n\n\n\n<p class=\"has-small-font-size\">Possibilidade de se considerar o tempo de contribui\u00e7\u00e3o posterior ao ajuizamento da a\u00e7\u00e3o, reafirmando-se a data de entrada do requerimento-DER- para o momento de implementa\u00e7\u00e3o dos requisitos necess\u00e1rios \u00e0 concess\u00e3o de benef\u00edcio previdenci\u00e1rio: (i) aplica\u00e7\u00e3o do artigo 493 do CPC\/2015 (artigo 462 do CPC\/1973); (ii) delimita\u00e7\u00e3o do momento processual oportuno para se requerer a reafirma\u00e7\u00e3o da DER, bem assim para apresentar provas ou requerer a sua produ\u00e7\u00e3o.<\/p>\n<\/blockquote>\n\n\n\n<p>A Tese firmada pelo STJ foi a seguinte:<\/p>\n\n\n\n<blockquote class=\"wp-block-quote is-layout-flow wp-block-quote-is-layout-flow\">\n<p class=\"has-small-font-size\"><strong>Tese Firmada<\/strong><\/p>\n\n\n\n<p class=\"has-small-font-size\">\u00c9 poss\u00edvel a reafirma\u00e7\u00e3o da DER (Data de Entrada do Requerimento) para o momento em que implementados os requisitos para a concess\u00e3o do benef\u00edcio, mesmo que isso se d\u00ea no interst\u00edcio entre o ajuizamento da a\u00e7\u00e3o e a entrega da presta\u00e7\u00e3o jurisdicional nas inst\u00e2ncias ordin\u00e1rias, nos termos dos arts. 493 e 933 do CPC\/2015, observada a causa de pedir.<\/p>\n<\/blockquote>\n\n\n\n<h4 class=\"wp-block-heading has-luminous-vivid-orange-color has-text-color has-link-color wp-elements-3b536b1a47e42d874f9afd48962a137a\" id=\"h-explicando-as-nuances-do-tema-repetitivo-n\u00ba-995-nbsp\"><span id=\"explicando-as-nuances-do-tema-repetitivo-no-995\">Explicando as nuances do Tema Repetitivo n\u00ba 995\u00a0<\/span><\/h4>\n\n\n\n<p>Embora a Tese firmada pare\u00e7a clara, \u00e9 necess\u00e1rio apontar algumas outras informa\u00e7\u00f5es preciosas dadas pelo STJ no julgamento do Tema, bem como quando do julgamento dos embargos de declara\u00e7\u00e3o opostos em sequ\u00eancia.<\/p>\n\n\n\n<p>Assim, sobre o assunto, o STJ entendeu que <strong>o artigo 493 do CPC estabelece um dever do julgador<\/strong> de considerar o fato superveniente que interfira na rela\u00e7\u00e3o jur\u00eddica e que contenha um liame com a causa de pedir.<\/p>\n\n\n\n<p>O STJ afirmou que sequer \u00e9 necess\u00e1rio que haja pedido expresso na peti\u00e7\u00e3o inicial em rela\u00e7\u00e3o \u00e0 reafirma\u00e7\u00e3o da DER.<\/p>\n\n\n\n<p>No entanto, esse fato superveniente a ser considerado pelo julgador <strong>deve guardar pertin\u00eancia com a causa de pedir e pedido constantes na peti\u00e7\u00e3o inicial<\/strong>, n\u00e3o servindo de fundamento para alterar os limites da demanda fixados ap\u00f3s a estabiliza\u00e7\u00e3o da rela\u00e7\u00e3o jur\u00eddico-processual.\u00a0<\/p>\n\n\n\n<p>Al\u00e9m disso, para o STJ, <strong>a reafirma\u00e7\u00e3o da DER pode ocorrer a qualquer tempo nas inst\u00e2ncias ordin\u00e1rias <\/strong>(1\u00ba e 2\u00ba graus de jurisdi\u00e7\u00e3o) <strong>e, mesmo que o direito sobrevenha ap\u00f3s o ajuizamento da a\u00e7\u00e3o<\/strong>, sem que tivesse havido requerimento administrativo,<strong> isso n\u00e3o implica em aus\u00eancia de interesse de agir por falta de pr\u00e9vio requerimento administrativo.<\/strong><\/p>\n\n\n\n<p>Isso porque a Corte Cidad\u00e3 considera que, no \u00e2mbito do processo civil previdenci\u00e1rio, o fen\u00f4meno em estudo se mostra em harmonia com o princ\u00edpio da economia processual e com o princ\u00edpio da instrumentalidade das formas, visando \u00e0 efetividade do processo que \u00e9 a realiza\u00e7\u00e3o do direito material em tempo razo\u00e1vel.\u00a0<\/p>\n\n\n\n<p>Portanto, <strong>o STJ entendeu que n\u00e3o se deve postergar a an\u00e1lise do fato superveniente para novo processo<\/strong>, porque a Autarquia previdenci\u00e1ria j\u00e1 tem conhecimento do fato, por ser a guardi\u00e3 dos dados cadastrados de seus segurados, referentes aos registros de trabalho, recolhimentos de contribui\u00e7\u00f5es previdenci\u00e1rias, ocorr\u00eancias de acidentes de trabalho, registros de empresas que desempenham atividades laborais de risco ou amea\u00e7adoras \u00e0 sa\u00fade e \u00e0 higiene no trabalho.<\/p>\n\n\n\n<p>Por fim, algumas outras conclus\u00f5es objetivas do STJ sobre a reafirma\u00e7\u00e3o da DER:<\/p>\n\n\n\n<ol class=\"wp-block-list\">\n<li>Caso reconhecido o benef\u00edcio apenas em raz\u00e3o da reafirma\u00e7\u00e3o da DER, seu termo inicial corresponder\u00e1 ao momento em que reconhecido o direito, <strong>n\u00e3o havendo direito \u00e0s parcelas em atraso;<\/strong><strong><br><\/strong><\/li>\n\n\n\n<li>Caso o benef\u00edcio seja concedido apenas em fun\u00e7\u00e3o da reafirma\u00e7\u00e3o da DER, como n\u00e3o h\u00e1 atrasados, <strong>apenas haver\u00e1 mora do INSS caso n\u00e3o implemente o benef\u00edcio no prazo de at\u00e9 45 dias<\/strong>;<\/li>\n<\/ol>\n\n\n\n<ol class=\"wp-block-list\" start=\"3\">\n<li><strong>No \u00e2mbito dos tribunais, a reafirma\u00e7\u00e3o da DER deve ocorrer preferencialmente no julgamento do recurso de apela\u00e7\u00e3o<\/strong> e excepcionalmente no \u00e2mbito dos embargos de declara\u00e7\u00e3o;<\/li>\n<\/ol>\n\n\n\n<ol class=\"wp-block-list\" start=\"4\">\n<li><strong>O INSS apenas ser\u00e1 condenado a pagar honor\u00e1rios de sucumb\u00eancia caso se oponha ao pedido de reconhecimento de fato novo (Reafirma\u00e7\u00e3o da DER)<\/strong>. Nesse caso, os honor\u00e1rios de advogado ter\u00e3o como base de c\u00e1lculo o valor da condena\u00e7\u00e3o, a ser apurada na fase de liquida\u00e7\u00e3o, computando-se o benef\u00edcio previdenci\u00e1rio a partir da data fixada na decis\u00e3o que entregou a presta\u00e7\u00e3o jurisdicional;<\/li>\n<\/ol>\n\n\n\n<ol class=\"wp-block-list\" start=\"5\">\n<li>H\u00e1 casos em que, embora analisada apenas no curso do processo judicial, se verifica que a \u201creafirma\u00e7\u00e3o da DER\u201d pode ocorrer em momento anterior ao ajuizamento da a\u00e7\u00e3o, mas ap\u00f3s o fim do processo administrativo. Nesses casos, o STJ entende que <strong>n\u00e3o ocorrer\u00e1 a reafirma\u00e7\u00e3o da DER<\/strong> e, portanto, n\u00e3o se aplicam as disposi\u00e7\u00f5es do Tema Repetitivo n\u00ba 995.<\/li>\n<\/ol>\n\n\n\n<h2 class=\"wp-block-heading has-luminous-vivid-orange-color has-text-color has-link-color wp-elements-31a057049e036e90b2f73a7fd4b171d2\" id=\"h-conclusao\"><span id=\"conclusao\">Conclus\u00e3o<\/span><\/h2>\n\n\n\n<p>Portanto, pessoal, esse foi nosso breve resumo sobre o assunto da Reafirma\u00e7\u00e3o da DER, expondo, inclusive, o entendimento do STJ (Superior Tribunal de Justi\u00e7a) quanto ao tema.<\/p>\n\n\n\n<p>Vimos que, de acordo com o STJ, \u00e9 poss\u00edvel a reafirma\u00e7\u00e3o da DER (Data de Entrada do Requerimento) para o momento em que implementados os requisitos para a concess\u00e3o do benef\u00edcio, mesmo que isso se d\u00ea no interst\u00edcio entre o ajuizamento da a\u00e7\u00e3o e a entrega da presta\u00e7\u00e3o jurisdicional nas inst\u00e2ncias ordin\u00e1rias, nos termos dos arts. 493 e 933 do CPC\/2015, observada a causa de pedir.<\/p>\n\n\n\n<p>At\u00e9 a pr\u00f3xima!<\/p>\n\n\n\n<p class=\"has-text-align-center\" id=\"h-quer-saber-tudo-sobre-concursos-previstos\"><strong>Quer saber quais ser\u00e3o os pr\u00f3ximos concursos?<\/strong><\/p>\n\n\n\n<p class=\"has-text-align-center\">Confira nossos <a href=\"https:\/\/cj.estrategia.com\/portal\/\" target=\"_blank\" >artigos para Carreiras Jur\u00eddicas<\/a>!<\/p>\n\n\n\n<p class=\"has-text-align-center has-white-color has-pale-cyan-blue-background-color has-text-color has-background\"><a href=\"https:\/\/www.estrategiaconcursos.com.br\/blog\/concursos-abertos\/\" target=\"_blank\" >Confira os concursos p\u00fablicos abertos<\/a><\/p>\n\n\n\n<p class=\"has-text-align-center has-white-color has-pale-cyan-blue-background-color has-text-color has-background\"><a href=\"https:\/\/www.estrategiaconcursos.com.br\/blog\/concursos-2024\/\" target=\"_blank\" >Concursos 2024<\/a><\/p>\n\n\n\n<h3 class=\"wp-block-heading\" id=\"assinatura-de-concursos\">Assinatura de Concursos<\/h3>\n\n\n\n<p>Assinatura de 1 ano ou 2 anos <a href=\"https:\/\/www.estrategiaconcursos.com.br\/assinaturas\/\" target=\"_blank\" >ASSINE AGORA<\/a><\/p>\n\n\n\n<p>Agora, confira as vagas e oportunidades dos\u00a0<strong>concursos 2024<\/strong>\u00a0navegando atrav\u00e9s do \u00edndice abaixo:<\/p>\n\n\n\n<h2 class=\"wp-block-heading\" id=\"concursos-e-vagas-previstas-para-2023\"><span id=\"concursos-e-vagas-previstas-para-2024\">Concursos e vagas previstas para 2024:<\/span><\/h2>\n\n\n\n<p>Al\u00e9m deste resumo sobre a Reafirma\u00e7\u00e3o da DER, confira:<\/p>\n\n\n\n<ul class=\"wp-block-list\">\n<li><a href=\"https:\/\/www.estrategiaconcursos.com.br\/blog\/concursos-2023\/#policial\" target=\"_blank\" >Concursos Policiais<\/a><\/li>\n\n\n\n<li><a href=\"https:\/\/www.estrategiaconcursos.com.br\/blog\/concursos-2023\/#fiscal\" target=\"_blank\" >Concursos Fiscais<\/a><\/li>\n\n\n\n<li><a href=\"https:\/\/www.estrategiaconcursos.com.br\/blog\/concursos-2023\/#controle\" target=\"_blank\" >Concursos Controle<\/a><\/li>\n\n\n\n<li><a href=\"https:\/\/www.estrategiaconcursos.com.br\/blog\/concursos-2023\/#tribunais\" target=\"_blank\" >Concursos Tribunais<\/a><\/li>\n\n\n\n<li><a href=\"https:\/\/www.estrategiaconcursos.com.br\/blog\/concursos-2023\/#ministerios-publicos\" target=\"_blank\" >Concursos em Minist\u00e9rios P\u00fablicos<\/a><\/li>\n\n\n\n<li><a href=\"https:\/\/www.estrategiaconcursos.com.br\/blog\/concursos-2023\/#defensorias-publicas\" target=\"_blank\" >Concursos em Defensorias<\/a><\/li>\n\n\n\n<li><a href=\"https:\/\/www.estrategiaconcursos.com.br\/blog\/concursos-2023\/#legislativa\" target=\"_blank\" >Concursos Legislativos<\/a><\/li>\n\n\n\n<li><a href=\"https:\/\/www.estrategiaconcursos.com.br\/blog\/concursos-2023\/#saude\" target=\"_blank\" >Concursos da \u00e1rea da Sa\u00fade<\/a><\/li>\n\n\n\n<li><a href=\"https:\/\/www.estrategiaconcursos.com.br\/blog\/concursos-2023\/#bancaria\" target=\"_blank\" >Concursos da \u00e1rea banc\u00e1ria<\/a><\/li>\n\n\n\n<li><a href=\"https:\/\/www.estrategiaconcursos.com.br\/blog\/concursos-2023\/#educacao\" target=\"_blank\" >Concursos da \u00e1rea da Educa\u00e7\u00e3o<\/a><\/li>\n\n\n\n<li><a href=\"https:\/\/www.estrategiaconcursos.com.br\/blog\/concursos-2023\/#prefeituras\" target=\"_blank\" >Concursos para Prefeituras<\/a><\/li>\n\n\n\n<li><a href=\"https:\/\/www.estrategiaconcursos.com.br\/blog\/concursos-2023\/#outros\" target=\"_blank\" >Concursos outras oportunidades<\/a><\/li>\n<\/ul>\n\n\n\n<p class=\"has-text-align-center has-luminous-vivid-amber-background-color has-background\" style=\"font-size:22px\"><strong>Veja tamb\u00e9m: <a href=\"https:\/\/www.estrategiaconcursos.com.br\/blog\/concursos-abertos\/\" target=\"_blank\" >Concursos Abertos<\/a><\/strong><\/p>\n\n\n\n<p class=\"has-text-align-left\" style=\"font-size:25px\"><em><strong>Quer saber tudo sobre os concursos previstos? Confira nossos artigos completos:<\/strong><\/em><\/p>\n\n\n\n<p>Al\u00e9m deste resumo sobre a Reafirma\u00e7\u00e3o da DER, confira:<\/p>\n\n\n\n<ul class=\"wp-block-list\">\n<li><a href=\"https:\/\/www.estrategiaconcursos.com.br\/blog\/concursos-2024\/\" target=\"_blank\" >Concursos 2024<\/a><\/li>\n<\/ul>\n","protected":false},"excerpt":{"rendered":"Fala, pessoal, tudo certo? Hoje faremos um breve resumo sobre o assunto da Reafirma\u00e7\u00e3o da DER, expondo, inclusive,&hellip;\n","protected":false},"author":39,"featured_media":60561,"comment_status":"open","ping_status":"open","sticky":false,"template":"","format":"standard","meta":{"_jetpack_memberships_contains_paid_content":false,"footnotes":""},"categories":[1],"tags":[],"tax_estado":[30,31,32,33,34,35,36,37,38,39,40,41,42,43,44,45,46,47,48,49,50,51,52,53,54,55,56,57],"class_list":{"0":"post-60560","1":"post","2":"type-post","3":"status-publish","4":"format-standard","5":"has-post-thumbnail","7":"category-carreiras-juridicas","8":"tax_estado-ac","9":"tax_estado-al","10":"tax_estado-am","11":"tax_estado-ap","12":"tax_estado-ba","13":"tax_estado-ce","14":"tax_estado-concursos-federais","15":"tax_estado-df","16":"tax_estado-es","17":"tax_estado-go","18":"tax_estado-ma","19":"tax_estado-mg","20":"tax_estado-ms","21":"tax_estado-mt","22":"tax_estado-pa","23":"tax_estado-pb","24":"tax_estado-pe","25":"tax_estado-pi","26":"tax_estado-pr","27":"tax_estado-rj","28":"tax_estado-rn","29":"tax_estado-ro","30":"tax_estado-rr","31":"tax_estado-rs","32":"tax_estado-sc","33":"tax_estado-se","34":"tax_estado-sp","35":"tax_estado-to"},"acf":[],"yoast_head":"<!-- This site is optimized with the Yoast SEO Premium plugin v27.5 (Yoast SEO v27.5) - https:\/\/yoast.com\/product\/yoast-seo-premium-wordpress\/ -->\n<title>Reafirma\u00e7\u00e3o da DER: entenda o que significa!<\/title>\n<meta name=\"description\" content=\"Confira nosso breve resumo sobre a Reafirma\u00e7\u00e3o da DER, expondo o entendimento do STJ quanto a este tema de Direito Previdenci\u00e1rio.\" \/>\n<meta name=\"robots\" content=\"index, follow, max-snippet:-1, max-image-preview:large, max-video-preview:-1\" \/>\n<link rel=\"canonical\" href=\"https:\/\/cj.estrategia.com\/portal\/reafirmacao-der\/\" \/>\n<meta property=\"og:locale\" content=\"pt_BR\" \/>\n<meta property=\"og:type\" content=\"article\" \/>\n<meta property=\"og:title\" content=\"Reafirma\u00e7\u00e3o da DER: entenda o que significa!\" \/>\n<meta property=\"og:description\" content=\"Confira nosso breve resumo sobre a Reafirma\u00e7\u00e3o da DER, expondo o entendimento do STJ quanto a este tema de Direito Previdenci\u00e1rio.\" \/>\n<meta property=\"og:url\" content=\"https:\/\/cj.estrategia.com\/portal\/reafirmacao-der\/\" \/>\n<meta property=\"og:site_name\" content=\"Blog - Carreiras Jur\u00eddicas - Estrat\u00e9gia\" \/>\n<meta property=\"article:publisher\" content=\"https:\/\/www.facebook.com\/estrategiacarreirajuridica\/\" \/>\n<meta property=\"article:published_time\" content=\"2024-04-23T17:00:00+00:00\" \/>\n<meta property=\"og:image\" content=\"https:\/\/cj.estrategia.com\/portal\/wp-content\/uploads\/2024\/04\/13084837\/top-view-beautiful-home-still-life-family-scaled.jpg\" \/>\n\t<meta property=\"og:image:width\" content=\"2560\" \/>\n\t<meta property=\"og:image:height\" content=\"1707\" \/>\n\t<meta property=\"og:image:type\" content=\"image\/jpeg\" \/>\n<meta name=\"author\" content=\"Frederico Tadeu Borlot Peixoto\" \/>\n<meta name=\"twitter:card\" content=\"summary_large_image\" \/>\n<meta name=\"twitter:creator\" content=\"@EstratJuridica\" \/>\n<meta name=\"twitter:site\" content=\"@EstratJuridica\" \/>\n<meta name=\"twitter:label1\" content=\"Escrito por\" \/>\n\t<meta name=\"twitter:data1\" content=\"Frederico Tadeu Borlot Peixoto\" \/>\n\t<meta name=\"twitter:label2\" content=\"Est. tempo de leitura\" \/>\n\t<meta name=\"twitter:data2\" content=\"11 minutos\" \/>\n<script type=\"application\/ld+json\" class=\"yoast-schema-graph\">{\"@context\":\"https:\\\/\\\/schema.org\",\"@graph\":[{\"@type\":\"NewsArticle\",\"@id\":\"https:\\\/\\\/cj.estrategia.com\\\/portal\\\/reafirmacao-der\\\/#article\",\"isPartOf\":{\"@id\":\"https:\\\/\\\/cj.estrategia.com\\\/portal\\\/reafirmacao-der\\\/\"},\"author\":{\"name\":\"Frederico Tadeu Borlot Peixoto\",\"@id\":\"https:\\\/\\\/cj.estrategia.com\\\/portal\\\/#\\\/schema\\\/person\\\/74287401cf4654f4fa04e378de7261ec\"},\"headline\":\"Reafirma\u00e7\u00e3o da DER: entenda o que significa!\",\"datePublished\":\"2024-04-23T17:00:00+00:00\",\"mainEntityOfPage\":{\"@id\":\"https:\\\/\\\/cj.estrategia.com\\\/portal\\\/reafirmacao-der\\\/\"},\"wordCount\":2205,\"commentCount\":0,\"publisher\":{\"@id\":\"https:\\\/\\\/cj.estrategia.com\\\/portal\\\/#organization\"},\"image\":{\"@id\":\"https:\\\/\\\/cj.estrategia.com\\\/portal\\\/reafirmacao-der\\\/#primaryimage\"},\"thumbnailUrl\":\"https:\\\/\\\/cj.estrategia.com\\\/portal\\\/wp-content\\\/uploads\\\/2024\\\/04\\\/13084837\\\/top-view-beautiful-home-still-life-family-scaled.jpg\",\"articleSection\":[\"Carreiras Jur\u00eddicas\"],\"inLanguage\":\"pt-BR\",\"potentialAction\":[{\"@type\":\"CommentAction\",\"name\":\"Comment\",\"target\":[\"https:\\\/\\\/cj.estrategia.com\\\/portal\\\/reafirmacao-der\\\/#respond\"]}],\"accessibilityFeature\":[\"tableOfContents\"]},{\"@type\":\"WebPage\",\"@id\":\"https:\\\/\\\/cj.estrategia.com\\\/portal\\\/reafirmacao-der\\\/\",\"url\":\"https:\\\/\\\/cj.estrategia.com\\\/portal\\\/reafirmacao-der\\\/\",\"name\":\"Reafirma\u00e7\u00e3o da DER: entenda o que significa!\",\"isPartOf\":{\"@id\":\"https:\\\/\\\/cj.estrategia.com\\\/portal\\\/#website\"},\"primaryImageOfPage\":{\"@id\":\"https:\\\/\\\/cj.estrategia.com\\\/portal\\\/reafirmacao-der\\\/#primaryimage\"},\"image\":{\"@id\":\"https:\\\/\\\/cj.estrategia.com\\\/portal\\\/reafirmacao-der\\\/#primaryimage\"},\"thumbnailUrl\":\"https:\\\/\\\/cj.estrategia.com\\\/portal\\\/wp-content\\\/uploads\\\/2024\\\/04\\\/13084837\\\/top-view-beautiful-home-still-life-family-scaled.jpg\",\"datePublished\":\"2024-04-23T17:00:00+00:00\",\"description\":\"Confira nosso breve resumo sobre a Reafirma\u00e7\u00e3o da DER, expondo o entendimento do STJ quanto a este tema de Direito Previdenci\u00e1rio.\",\"breadcrumb\":{\"@id\":\"https:\\\/\\\/cj.estrategia.com\\\/portal\\\/reafirmacao-der\\\/#breadcrumb\"},\"inLanguage\":\"pt-BR\",\"potentialAction\":[{\"@type\":\"ReadAction\",\"target\":[\"https:\\\/\\\/cj.estrategia.com\\\/portal\\\/reafirmacao-der\\\/\"]}]},{\"@type\":\"ImageObject\",\"inLanguage\":\"pt-BR\",\"@id\":\"https:\\\/\\\/cj.estrategia.com\\\/portal\\\/reafirmacao-der\\\/#primaryimage\",\"url\":\"https:\\\/\\\/cj.estrategia.com\\\/portal\\\/wp-content\\\/uploads\\\/2024\\\/04\\\/13084837\\\/top-view-beautiful-home-still-life-family-scaled.jpg\",\"contentUrl\":\"https:\\\/\\\/cj.estrategia.com\\\/portal\\\/wp-content\\\/uploads\\\/2024\\\/04\\\/13084837\\\/top-view-beautiful-home-still-life-family-scaled.jpg\",\"width\":2560,\"height\":1707,\"caption\":\"Reafirma\u00e7\u00e3o da DER: entenda o que significa!\"},{\"@type\":\"BreadcrumbList\",\"@id\":\"https:\\\/\\\/cj.estrategia.com\\\/portal\\\/reafirmacao-der\\\/#breadcrumb\",\"itemListElement\":[{\"@type\":\"ListItem\",\"position\":1,\"name\":\"In\u00edcio\",\"item\":\"https:\\\/\\\/cj.estrategia.com\\\/portal\\\/\"},{\"@type\":\"ListItem\",\"position\":2,\"name\":\"Reafirma\u00e7\u00e3o da DER: entenda o que significa!\"}]},{\"@type\":\"WebSite\",\"@id\":\"https:\\\/\\\/cj.estrategia.com\\\/portal\\\/#website\",\"url\":\"https:\\\/\\\/cj.estrategia.com\\\/portal\\\/\",\"name\":\"Blog - Carreiras Jur\u00eddicas - Estrat\u00e9gia\",\"description\":\"\",\"publisher\":{\"@id\":\"https:\\\/\\\/cj.estrategia.com\\\/portal\\\/#organization\"},\"potentialAction\":[{\"@type\":\"SearchAction\",\"target\":{\"@type\":\"EntryPoint\",\"urlTemplate\":\"https:\\\/\\\/cj.estrategia.com\\\/portal\\\/?s={search_term_string}\"},\"query-input\":{\"@type\":\"PropertyValueSpecification\",\"valueRequired\":true,\"valueName\":\"search_term_string\"}}],\"inLanguage\":\"pt-BR\"},{\"@type\":\"Organization\",\"@id\":\"https:\\\/\\\/cj.estrategia.com\\\/portal\\\/#organization\",\"name\":\"Estrat\u00e9gia - Carreiras Jur\u00eddicas\",\"url\":\"https:\\\/\\\/cj.estrategia.com\\\/portal\\\/\",\"logo\":{\"@type\":\"ImageObject\",\"inLanguage\":\"pt-BR\",\"@id\":\"https:\\\/\\\/cj.estrategia.com\\\/portal\\\/#\\\/schema\\\/logo\\\/image\\\/\",\"url\":\"https:\\\/\\\/cj.estrategia.com\\\/portal\\\/wp-content\\\/uploads\\\/2022\\\/03\\\/11151052\\\/cj-logo.png\",\"contentUrl\":\"https:\\\/\\\/cj.estrategia.com\\\/portal\\\/wp-content\\\/uploads\\\/2022\\\/03\\\/11151052\\\/cj-logo.png\",\"width\":150,\"height\":39,\"caption\":\"Estrat\u00e9gia - Carreiras Jur\u00eddicas\"},\"image\":{\"@id\":\"https:\\\/\\\/cj.estrategia.com\\\/portal\\\/#\\\/schema\\\/logo\\\/image\\\/\"},\"sameAs\":[\"https:\\\/\\\/www.facebook.com\\\/estrategiacarreirajuridica\\\/\",\"https:\\\/\\\/x.com\\\/EstratJuridica\",\"https:\\\/\\\/www.instagram.com\\\/estrategiacarreirajuridica\\\/\",\"https:\\\/\\\/www.youtube.com\\\/channel\\\/UClbMGuYbj2Mh1m3w144ETWQ\"]},{\"@type\":\"Person\",\"@id\":\"https:\\\/\\\/cj.estrategia.com\\\/portal\\\/#\\\/schema\\\/person\\\/74287401cf4654f4fa04e378de7261ec\",\"name\":\"Frederico Tadeu Borlot Peixoto\",\"image\":{\"@type\":\"ImageObject\",\"inLanguage\":\"pt-BR\",\"@id\":\"https:\\\/\\\/cj.estrategia.com\\\/portal\\\/wp-content\\\/uploads\\\/2023\\\/06\\\/29094204\\\/GBAY0702-96x96.jpg\",\"url\":\"https:\\\/\\\/cj.estrategia.com\\\/portal\\\/wp-content\\\/uploads\\\/2023\\\/06\\\/29094204\\\/GBAY0702-96x96.jpg\",\"contentUrl\":\"https:\\\/\\\/cj.estrategia.com\\\/portal\\\/wp-content\\\/uploads\\\/2023\\\/06\\\/29094204\\\/GBAY0702-96x96.jpg\",\"caption\":\"Frederico Tadeu Borlot Peixoto\"},\"description\":\"Analista Judici\u00e1rio - \u00c1rea Judici\u00e1ria do TRF da 4\u00aa regi\u00e3o. Bacharel em Direito. P\u00f3s-graduado em Direito Administrativo, Legisla\u00e7\u00e3o Penal Especial, Direito Penal e Direito Processual Penal. Tamb\u00e9m nomeado no TRF da 3\u00aa regi\u00e3o (8\u00ba lugar); SPPREV (3\u00ba lugar); IFES (2\u00ba lugar); e PMES. https:\\\/\\\/www.instagram.com\\\/proffrederico\\\/\",\"sameAs\":[\"https:\\\/\\\/www.instagram.com\\\/proffrederico\\\/\"],\"url\":\"https:\\\/\\\/cj.estrategia.com\\\/portal\\\/author\\\/xfrederico\\\/\"}]}<\/script>\n<!-- \/ Yoast SEO Premium plugin. -->","yoast_head_json":{"title":"Reafirma\u00e7\u00e3o da DER: entenda o que significa!","description":"Confira nosso breve resumo sobre a Reafirma\u00e7\u00e3o da DER, expondo o entendimento do STJ quanto a este tema de Direito Previdenci\u00e1rio.","robots":{"index":"index","follow":"follow","max-snippet":"max-snippet:-1","max-image-preview":"max-image-preview:large","max-video-preview":"max-video-preview:-1"},"canonical":"https:\/\/cj.estrategia.com\/portal\/reafirmacao-der\/","og_locale":"pt_BR","og_type":"article","og_title":"Reafirma\u00e7\u00e3o da DER: entenda o que significa!","og_description":"Confira nosso breve resumo sobre a Reafirma\u00e7\u00e3o da DER, expondo o entendimento do STJ quanto a este tema de Direito Previdenci\u00e1rio.","og_url":"https:\/\/cj.estrategia.com\/portal\/reafirmacao-der\/","og_site_name":"Blog - Carreiras Jur\u00eddicas - Estrat\u00e9gia","article_publisher":"https:\/\/www.facebook.com\/estrategiacarreirajuridica\/","article_published_time":"2024-04-23T17:00:00+00:00","og_image":[{"width":2560,"height":1707,"url":"https:\/\/cj.estrategia.com\/portal\/wp-content\/uploads\/2024\/04\/13084837\/top-view-beautiful-home-still-life-family-scaled.jpg","type":"image\/jpeg"}],"author":"Frederico Tadeu Borlot Peixoto","twitter_card":"summary_large_image","twitter_creator":"@EstratJuridica","twitter_site":"@EstratJuridica","twitter_misc":{"Escrito por":"Frederico Tadeu Borlot Peixoto","Est. tempo de leitura":"11 minutos"},"schema":{"@context":"https:\/\/schema.org","@graph":[{"@type":"NewsArticle","@id":"https:\/\/cj.estrategia.com\/portal\/reafirmacao-der\/#article","isPartOf":{"@id":"https:\/\/cj.estrategia.com\/portal\/reafirmacao-der\/"},"author":{"name":"Frederico Tadeu Borlot Peixoto","@id":"https:\/\/cj.estrategia.com\/portal\/#\/schema\/person\/74287401cf4654f4fa04e378de7261ec"},"headline":"Reafirma\u00e7\u00e3o da DER: entenda o que significa!","datePublished":"2024-04-23T17:00:00+00:00","mainEntityOfPage":{"@id":"https:\/\/cj.estrategia.com\/portal\/reafirmacao-der\/"},"wordCount":2205,"commentCount":0,"publisher":{"@id":"https:\/\/cj.estrategia.com\/portal\/#organization"},"image":{"@id":"https:\/\/cj.estrategia.com\/portal\/reafirmacao-der\/#primaryimage"},"thumbnailUrl":"https:\/\/cj.estrategia.com\/portal\/wp-content\/uploads\/2024\/04\/13084837\/top-view-beautiful-home-still-life-family-scaled.jpg","articleSection":["Carreiras Jur\u00eddicas"],"inLanguage":"pt-BR","potentialAction":[{"@type":"CommentAction","name":"Comment","target":["https:\/\/cj.estrategia.com\/portal\/reafirmacao-der\/#respond"]}],"accessibilityFeature":["tableOfContents"]},{"@type":"WebPage","@id":"https:\/\/cj.estrategia.com\/portal\/reafirmacao-der\/","url":"https:\/\/cj.estrategia.com\/portal\/reafirmacao-der\/","name":"Reafirma\u00e7\u00e3o da DER: entenda o que significa!","isPartOf":{"@id":"https:\/\/cj.estrategia.com\/portal\/#website"},"primaryImageOfPage":{"@id":"https:\/\/cj.estrategia.com\/portal\/reafirmacao-der\/#primaryimage"},"image":{"@id":"https:\/\/cj.estrategia.com\/portal\/reafirmacao-der\/#primaryimage"},"thumbnailUrl":"https:\/\/cj.estrategia.com\/portal\/wp-content\/uploads\/2024\/04\/13084837\/top-view-beautiful-home-still-life-family-scaled.jpg","datePublished":"2024-04-23T17:00:00+00:00","description":"Confira nosso breve resumo sobre a Reafirma\u00e7\u00e3o da DER, expondo o entendimento do STJ quanto a este tema de Direito Previdenci\u00e1rio.","breadcrumb":{"@id":"https:\/\/cj.estrategia.com\/portal\/reafirmacao-der\/#breadcrumb"},"inLanguage":"pt-BR","potentialAction":[{"@type":"ReadAction","target":["https:\/\/cj.estrategia.com\/portal\/reafirmacao-der\/"]}]},{"@type":"ImageObject","inLanguage":"pt-BR","@id":"https:\/\/cj.estrategia.com\/portal\/reafirmacao-der\/#primaryimage","url":"https:\/\/cj.estrategia.com\/portal\/wp-content\/uploads\/2024\/04\/13084837\/top-view-beautiful-home-still-life-family-scaled.jpg","contentUrl":"https:\/\/cj.estrategia.com\/portal\/wp-content\/uploads\/2024\/04\/13084837\/top-view-beautiful-home-still-life-family-scaled.jpg","width":2560,"height":1707,"caption":"Reafirma\u00e7\u00e3o da DER: entenda o que significa!"},{"@type":"BreadcrumbList","@id":"https:\/\/cj.estrategia.com\/portal\/reafirmacao-der\/#breadcrumb","itemListElement":[{"@type":"ListItem","position":1,"name":"In\u00edcio","item":"https:\/\/cj.estrategia.com\/portal\/"},{"@type":"ListItem","position":2,"name":"Reafirma\u00e7\u00e3o da DER: entenda o que significa!"}]},{"@type":"WebSite","@id":"https:\/\/cj.estrategia.com\/portal\/#website","url":"https:\/\/cj.estrategia.com\/portal\/","name":"Blog - Carreiras Jur\u00eddicas - Estrat\u00e9gia","description":"","publisher":{"@id":"https:\/\/cj.estrategia.com\/portal\/#organization"},"potentialAction":[{"@type":"SearchAction","target":{"@type":"EntryPoint","urlTemplate":"https:\/\/cj.estrategia.com\/portal\/?s={search_term_string}"},"query-input":{"@type":"PropertyValueSpecification","valueRequired":true,"valueName":"search_term_string"}}],"inLanguage":"pt-BR"},{"@type":"Organization","@id":"https:\/\/cj.estrategia.com\/portal\/#organization","name":"Estrat\u00e9gia - Carreiras Jur\u00eddicas","url":"https:\/\/cj.estrategia.com\/portal\/","logo":{"@type":"ImageObject","inLanguage":"pt-BR","@id":"https:\/\/cj.estrategia.com\/portal\/#\/schema\/logo\/image\/","url":"https:\/\/cj.estrategia.com\/portal\/wp-content\/uploads\/2022\/03\/11151052\/cj-logo.png","contentUrl":"https:\/\/cj.estrategia.com\/portal\/wp-content\/uploads\/2022\/03\/11151052\/cj-logo.png","width":150,"height":39,"caption":"Estrat\u00e9gia - Carreiras Jur\u00eddicas"},"image":{"@id":"https:\/\/cj.estrategia.com\/portal\/#\/schema\/logo\/image\/"},"sameAs":["https:\/\/www.facebook.com\/estrategiacarreirajuridica\/","https:\/\/x.com\/EstratJuridica","https:\/\/www.instagram.com\/estrategiacarreirajuridica\/","https:\/\/www.youtube.com\/channel\/UClbMGuYbj2Mh1m3w144ETWQ"]},{"@type":"Person","@id":"https:\/\/cj.estrategia.com\/portal\/#\/schema\/person\/74287401cf4654f4fa04e378de7261ec","name":"Frederico Tadeu Borlot Peixoto","image":{"@type":"ImageObject","inLanguage":"pt-BR","@id":"https:\/\/cj.estrategia.com\/portal\/wp-content\/uploads\/2023\/06\/29094204\/GBAY0702-96x96.jpg","url":"https:\/\/cj.estrategia.com\/portal\/wp-content\/uploads\/2023\/06\/29094204\/GBAY0702-96x96.jpg","contentUrl":"https:\/\/cj.estrategia.com\/portal\/wp-content\/uploads\/2023\/06\/29094204\/GBAY0702-96x96.jpg","caption":"Frederico Tadeu Borlot Peixoto"},"description":"Analista Judici\u00e1rio - \u00c1rea Judici\u00e1ria do TRF da 4\u00aa regi\u00e3o. Bacharel em Direito. P\u00f3s-graduado em Direito Administrativo, Legisla\u00e7\u00e3o Penal Especial, Direito Penal e Direito Processual Penal. Tamb\u00e9m nomeado no TRF da 3\u00aa regi\u00e3o (8\u00ba lugar); SPPREV (3\u00ba lugar); IFES (2\u00ba lugar); e PMES. https:\/\/www.instagram.com\/proffrederico\/","sameAs":["https:\/\/www.instagram.com\/proffrederico\/"],"url":"https:\/\/cj.estrategia.com\/portal\/author\/xfrederico\/"}]}},"jetpack_featured_media_url":"https:\/\/cj.estrategia.com\/portal\/wp-content\/uploads\/2024\/04\/13084837\/top-view-beautiful-home-still-life-family-scaled.jpg","jetpack_sharing_enabled":true,"_links":{"self":[{"href":"https:\/\/cj.estrategia.com\/portal\/wp-json\/wp\/v2\/posts\/60560","targetHints":{"allow":["GET"]}}],"collection":[{"href":"https:\/\/cj.estrategia.com\/portal\/wp-json\/wp\/v2\/posts"}],"about":[{"href":"https:\/\/cj.estrategia.com\/portal\/wp-json\/wp\/v2\/types\/post"}],"author":[{"embeddable":true,"href":"https:\/\/cj.estrategia.com\/portal\/wp-json\/wp\/v2\/users\/39"}],"replies":[{"embeddable":true,"href":"https:\/\/cj.estrategia.com\/portal\/wp-json\/wp\/v2\/comments?post=60560"}],"version-history":[{"count":0,"href":"https:\/\/cj.estrategia.com\/portal\/wp-json\/wp\/v2\/posts\/60560\/revisions"}],"wp:featuredmedia":[{"embeddable":true,"href":"https:\/\/cj.estrategia.com\/portal\/wp-json\/wp\/v2\/media\/60561"}],"wp:attachment":[{"href":"https:\/\/cj.estrategia.com\/portal\/wp-json\/wp\/v2\/media?parent=60560"}],"wp:term":[{"taxonomy":"category","embeddable":true,"href":"https:\/\/cj.estrategia.com\/portal\/wp-json\/wp\/v2\/categories?post=60560"},{"taxonomy":"post_tag","embeddable":true,"href":"https:\/\/cj.estrategia.com\/portal\/wp-json\/wp\/v2\/tags?post=60560"},{"taxonomy":"tax_estado","embeddable":true,"href":"https:\/\/cj.estrategia.com\/portal\/wp-json\/wp\/v2\/tax_estado?post=60560"}],"curies":[{"name":"wp","href":"https:\/\/api.w.org\/{rel}","templated":true}]}}