{"id":60502,"date":"2024-04-12T14:36:29","date_gmt":"2024-04-12T17:36:29","guid":{"rendered":"https:\/\/cj.estrategia.com\/portal\/?p=60502"},"modified":"2024-04-12T14:36:35","modified_gmt":"2024-04-12T17:36:35","slug":"prova-comentada-direito-material-coletivo-nota-tecnica-n-o-8-16-promotor-mp-ro","status":"publish","type":"post","link":"https:\/\/cj.estrategia.com\/portal\/prova-comentada-direito-material-coletivo-nota-tecnica-n-o-8-16-promotor-mp-ro\/","title":{"rendered":"Prova Comentada Direito Material Coletivo (Nota t\u00e9cnica n.\u00ba 8\/16) Promotor MP RO"},"content":{"rendered":"\n<p>Ol\u00e1, pessoal, tudo certo?!<\/p>\n\n\n\n<p>Em 07\/04\/2024, foi aplicada a prova objetiva do concurso p\u00fablico para o <strong>Minist\u00e9rio P\u00fablico de Rond\u00f4nia<\/strong>. Assim que divulgados o caderno de provas e o gabarito preliminar oficial, nosso time de professores analisou cada uma das quest\u00f5es que agora ser\u00e3o apresentadas em nossa <strong>PROVA COMENTADA<\/strong>.<\/p>\n\n\n\n<p>Este material visa a auxili\u00e1-los na aferi\u00e7\u00e3o das notas, elabora\u00e7\u00e3o de eventuais recursos, verifica\u00e7\u00e3o das chances de avan\u00e7o para fase discursiva, bem como na revis\u00e3o do conte\u00fado cobrado no certame.<\/p>\n\n\n\n<p>De modo complementar, elaboramos tamb\u00e9m o <a href=\"https:\/\/perfil.estrategia.com\/login?s=1&amp;target=https%3A%2F%2Fcj.estrategia.com%2Fauth%2F%3Fpath%3D%252Fcadernos-e-simulados%252Fsimulados%252F8eff88a4-4552-43f4-b97b-9afe68405d18%252F%26login%3D1\"><strong>RANKING do MP-RO<\/strong>,<\/a> em que nossos alunos e seguidores poder\u00e3o inserir suas respostas \u00e0 prova, e, ao final, aferir sua nota, de acordo com o gabarito elaborado por nossos professores. Atrav\u00e9s do ranking, tamb\u00e9m poderemos estimar a nota de corte da 1\u00ba fase. Essa ferramenta \u00e9 gratuita e, para participar, basta clicar no link abaixo:<\/p>\n\n\n\n<p>Al\u00e9m disso, montamos um caderno para nossos seguidores, alunos ou n\u00e3o, verem os coment\u00e1rios e comentar as quest\u00f5es da prova: confira <a href=\"https:\/\/cj.estrategia.com\/cadernos-e-simulados\/cadernos\/e27ae0ef-65c0-4b1d-94c4-4c9b62f04e76\">AQUI!<\/a><\/p>\n\n\n\n<p>Por fim, comentaremos a prova, as quest\u00f5es mais pol\u00eamicas, as possibilidades de recurso, bem como a estimativa da nota de corte no <strong>TERM\u00d4METRO P\u00d3S-PROVA<\/strong>, no nosso canal do Youtube. Inscreva-se e ative as notifica\u00e7\u00f5es! <a href=\"https:\/\/www.youtube.com\/@EstrategiaCarreiraJuridica\"><strong>Estrat\u00e9gia Carreira Jur\u00eddica &#8211; YouTube<\/strong><\/a><\/p>\n\n\n\n<p class=\"has-text-align-center has-pale-ocean-gradient-background has-background\"><strong>Confira <a href=\"https:\/\/cj.estrategia.com\/portal\/prova-comentada-mp-ro-promotor\/\">AQUI<\/a> as provas comentadas de todas as disciplinas <\/strong><\/p>\n\n\n\n<h3 class=\"wp-block-heading has-vivid-red-color has-text-color has-link-color wp-elements-bfe374f5fb83f5687e034d9b18dc6989\" id=\"h-prova-comentada-direito-material-coletivo-nota-tecnica-n-\u00ba-8-16\"><span id=\"prova-comentada-direito-material-coletivo-nota-tecnica-n-o-8-16\">Prova comentada Direito Material Coletivo (Nota t\u00e9cnica n.\u00ba 8\/16)<\/span><\/h3>\n\n\n\n<p><strong>QUEST\u00c3O 80. Hipoteticamente, Joana Antunes \u00e9 uma mulher transexual, que n\u00e3o fez cirurgia para altera\u00e7\u00e3o de sexo biol\u00f3gico e que, na universidade p\u00fablica estadual em que est\u00e1 matriculada, pretende assim ser tratada, e n\u00e3o pelo seu nome registral, que atualmente \u00e9 Jo\u00e3o Antunes. De acordo com a Nota T\u00e9cnica 08\/2016 do CNMP, assinale a alternativa correta.<\/strong><\/p>\n\n\n\n<p><strong>a) Se Joana fosse adolescente, n\u00e3o teria reconhecido o seu direito a ser tratada pelo nome social, pois tal determina\u00e7\u00e3o se aplica apenas para maiores de idade.<\/strong><\/p>\n\n\n\n<p><strong>b) Deve-se garantir o direito ao reconhecimento e \u00e0 ado\u00e7\u00e3o de nome social em benef\u00edcio de Joana, mediante solicita\u00e7\u00e3o dela perante a universidade.<\/strong><\/p>\n\n\n\n<p><strong>c) Joana s\u00f3 poderia ter seu nome alterado nos registros da universidade se j\u00e1 tivesse feito a cirurgia para altera\u00e7\u00e3o de sexo biol\u00f3gico.<\/strong><\/p>\n\n\n\n<p><strong>d) Somente se o registro de nascimento de Joana estivesse alterado, a universidade estaria obrigada a trat\u00e1-la pelo nome pretendido.<\/strong><\/p>\n\n\n\n<p><strong>e) Para que Joana assim seja tratada pela universidade, dever\u00e1 apresentar uma ordem judicial que garanta seu direito.<\/strong><\/p>\n\n\n\n<p><strong>Coment\u00e1rios<\/strong><\/p>\n\n\n\n<p>A alternativa correta \u00e9 a <strong>letra B<\/strong>. A quest\u00e3o tratou sobre a atua\u00e7\u00e3o do Minist\u00e9rio P\u00fablico na prote\u00e7\u00e3o do direito fundamental \u00e0 n\u00e3o discrimina\u00e7\u00e3o e n\u00e3o submiss\u00e3o a tratamentos desumanos e degradantes de pessoas travestis e transexuais, especialmente quanto ao direito ao uso do nome social, nos termos da Nota T\u00e9cnica do CNMP n.\u00ba 8\/2016. Como argumentos trazidos no instrumento mencionado, cabe de destacar: \u201cO processo judicial de altera\u00e7\u00e3o do nome civil \u00e9 longo e demorado. Usualmente, muito antes da altera\u00e7\u00e3o do nome civil j\u00e1 h\u00e1 a consolida\u00e7\u00e3o de uma apresenta\u00e7\u00e3o social em g\u00eanero diverso do constante do registro civil, com o uso de nome social adequado \u00e0 orienta\u00e7\u00e3o de g\u00eanero. A ordem jur\u00eddica, constitucional, legal e infralegal, ampara o direito ao reconhecimento do nome social da popula\u00e7\u00e3o LGBTI, raz\u00e3o pela qual a sua obstaculiza\u00e7\u00e3o afronta os valores e princ\u00edpios constitucionais da veda\u00e7\u00e3o \u00e0 discrimina\u00e7\u00e3o odiosa, da igualdade, da liberdade de consci\u00eancia, da privacidade, da proscri\u00e7\u00e3o de todas as formas de discrimina\u00e7\u00e3o, da proibi\u00e7\u00e3o de tratamentos desumanos ou degradantes, assim como ofende a dignidade da pessoa humana (art. 1\u00ba, inciso III, art. 3\u00ba, inciso IV, art. 5\u00ba, caput, e incisos III, VI, VIII, X e XLI, todos da CF\/88)\u201d. (Nota T\u00e9cnica do CNMP n.\u00ba 8\/2016, p. 9)<\/p>\n\n\n\n<p>A alternativa A est\u00e1 incorreta, pois a Nota T\u00e9cnica \u00e9 clara quanto \u00e0 possibilidade do reconhecimento \u00e0 adolescentes do direito ao uso e reconhecimento do nome social: \u201cO direito ao reconhecimento da identidade de g\u00eanero tamb\u00e9m alcan\u00e7a adolescentes, no seu tratamento escolar. A atua\u00e7\u00e3o nesses casos deve considerar o efetivo amadurecimento desse autorreconhecimento pelo adolescente, em sua transi\u00e7\u00e3o para uma apresenta\u00e7\u00e3o social distinta de seu sexo biol\u00f3gico, o acompanhamento a ser realizado pela fam\u00edlia do adolescente para que seja aceita sua identidade de g\u00eanero e a necess\u00e1ria media\u00e7\u00e3o com a comunidade escolar\u201d. (Nota T\u00e9cnica do CNMP n.\u00ba 8\/2016, p. 14)<\/p>\n\n\n\n<p>A alternativa C est\u00e1 incorreta, pois o reconhecimento e uso do nome social independe de procedimento cir\u00fargico: \u201c[&#8230;] o contexto atual em que est\u00e3o inseridos os direitos da popula\u00e7\u00e3o LGBT vem possibilitando o reconhecimento do direito ao nome social no tratamento pelos \u00f3rg\u00e3os p\u00fablicos, ainda mais diante do atual cen\u00e1rio jurisprudencial, que vem admitindo a possibilidade de altera\u00e7\u00e3o do prenome de transexuais e\/ou travestis (denominados \u201ctrans\u201d) perante o registro civil, independentemente de pr\u00e9via cirurgia de mudan\u00e7a de sexo, tendo em vista o direito fundamental ao autorreconhecimento. O fato de n\u00e3o haver lei regulamentando o uso do nome social n\u00e3o impede a efic\u00e1cia imediata dos direitos fundamentais imbrincados\u201d. (Nota T\u00e9cnica do CNMP n.\u00ba 8\/2016, p. 14)<\/p>\n\n\n\n<p>A alternativa D est\u00e1 incorreta, pois conforme coment\u00e1rio \u00e0 alternativa B, \u00e9 dispens\u00e1vel qualquer altera\u00e7\u00e3o no registro civil para o reconhecimento do direito ao uso do nome social.<\/p>\n\n\n\n<p>A alternativa E est\u00e1 incorreta, pois o pleito de Joana independe de decis\u00e3o judicial, podendo ser obtido administrativamente.<\/p>\n\n\n\n<p class=\"has-text-align-center is-style-cnvs-paragraph-callout has-luminous-vivid-amber-to-luminous-vivid-orange-gradient-background has-background\"><a href=\"https:\/\/cj.estrategia.com\/portal\/concurso-mp-ro-promotor\/\">Saiba mais: Concurso MP RO Promotor<\/a><\/p>\n\n\n\n<h2 class=\"wp-block-heading has-text-align-center\" id=\"cursos\"><span id=\"quer-saber-tudo-sobre-concursos-previstosconfira-nossos-artigos\">Quer saber tudo sobre concursos previstos?<br><strong>Confira nossos artigos!<\/strong><\/span><\/h2>\n\n\n\n\n\n<h2 class=\"wp-block-heading has-text-align-center\" id=\"cursos-mp-sp\"><span id=\"prepare-se-para-o-concurso-mp-ro-promotor\">Prepare-se para o concurso MP RO Promotor<\/span><\/h2>\n\n\n\n\n\n<div class=\"wp-block-cover\" style=\"min-height:155px;aspect-ratio:unset;\"><img decoding=\"async\" width=\"1890\" height=\"351\" class=\"wp-block-cover__image-background wp-image-8669\" alt=\"Assinaturas Jur\u00eddicas\" src=\"https:\/\/cj.estrategia.com\/portal\/wp-content\/uploads\/2022\/06\/20151253\/concurso-carreiras-juridicas-assinatura-juridica.jpg\" style=\"object-position:78% 43%\" data-object-fit=\"cover\" data-object-position=\"78% 43%\" srcset=\"https:\/\/cj.estrategia.com\/portal\/wp-content\/uploads\/2022\/06\/20151253\/concurso-carreiras-juridicas-assinatura-juridica.jpg 1890w, https:\/\/cj.estrategia.com\/portal\/wp-content\/uploads\/2022\/06\/20151253\/concurso-carreiras-juridicas-assinatura-juridica-300x56.jpg 300w, https:\/\/cj.estrategia.com\/portal\/wp-content\/uploads\/2022\/06\/20151253\/concurso-carreiras-juridicas-assinatura-juridica-1024x190.jpg 1024w, https:\/\/cj.estrategia.com\/portal\/wp-content\/uploads\/2022\/06\/20151253\/concurso-carreiras-juridicas-assinatura-juridica-768x143.jpg 768w, https:\/\/cj.estrategia.com\/portal\/wp-content\/uploads\/2022\/06\/20151253\/concurso-carreiras-juridicas-assinatura-juridica-1536x285.jpg 1536w, https:\/\/cj.estrategia.com\/portal\/wp-content\/uploads\/2022\/06\/20151253\/concurso-carreiras-juridicas-assinatura-juridica-380x71.jpg 380w, https:\/\/cj.estrategia.com\/portal\/wp-content\/uploads\/2022\/06\/20151253\/concurso-carreiras-juridicas-assinatura-juridica-800x149.jpg 800w, https:\/\/cj.estrategia.com\/portal\/wp-content\/uploads\/2022\/06\/20151253\/concurso-carreiras-juridicas-assinatura-juridica-1160x215.jpg 1160w\" sizes=\"(max-width: 1890px) 100vw, 1890px\" \/><span aria-hidden=\"true\" class=\"wp-block-cover__background has-background-dim\"><\/span><div class=\"wp-block-cover__inner-container is-layout-flow wp-block-cover-is-layout-flow\">\n<h3 id=\"faca-a-sua-assinatura\" class=\"titulo-assinatura\"><span style=\"color: #ffffff;\">Fa\u00e7a a sua assinatura!<\/span><\/h3>\n<p class=\"subtitulo-assinatura\" style=\"display:block!important; line-height: 0;\"><span style=\"color: #ffffff;\">Escolha a sua \u00e1rea.<\/span><\/p>\n<a target=\"_blank\" href=\"https:\/\/www.estrategiaconcursos.com.br\/assinaturas-ecj\/\" rel=\"noopener\"><button style=\"border-radius: 10px; text-transform: capitalize;\">Acessar<\/button><\/a>\n<\/div><\/div>\n","protected":false},"excerpt":{"rendered":"Ol\u00e1, pessoal, tudo certo?! Em 07\/04\/2024, foi aplicada a prova objetiva do concurso p\u00fablico para o Minist\u00e9rio P\u00fablico&hellip;\n","protected":false},"author":12,"featured_media":37818,"comment_status":"open","ping_status":"open","sticky":false,"template":"","format":"standard","meta":{"_jetpack_memberships_contains_paid_content":false,"footnotes":""},"categories":[25],"tags":[],"tax_estado":[],"class_list":{"0":"post-60502","1":"post","2":"type-post","3":"status-publish","4":"format-standard","5":"has-post-thumbnail","7":"category-promotoria"},"acf":[],"yoast_head":"<!-- This site is optimized with the Yoast SEO Premium plugin v27.4 (Yoast SEO v27.4) - https:\/\/yoast.com\/product\/yoast-seo-premium-wordpress\/ -->\n<title>Prova Comentada Direito Material Coletivo (Nota t\u00e9cnica n.\u00ba 8\/16) Promotor MP RO<\/title>\n<meta name=\"description\" content=\"Prova Comentada Direito Material Coletivo (Nota t\u00e9cnica n.\u00ba 8\/16) Promotor MP RO: confira AQUI os coment\u00e1rios dos professores e tire suas d\u00favidas!\" \/>\n<meta name=\"robots\" content=\"index, follow, max-snippet:-1, max-image-preview:large, max-video-preview:-1\" \/>\n<link rel=\"canonical\" href=\"https:\/\/cj.estrategia.com\/portal\/prova-comentada-direito-material-coletivo-nota-tecnica-n-o-8-16-promotor-mp-ro\/\" \/>\n<meta property=\"og:locale\" content=\"pt_BR\" \/>\n<meta property=\"og:type\" content=\"article\" \/>\n<meta property=\"og:title\" content=\"Prova Comentada Direito Material Coletivo (Nota t\u00e9cnica n.\u00ba 8\/16) Promotor MP RO\" \/>\n<meta property=\"og:description\" content=\"Prova Comentada Direito Material Coletivo (Nota t\u00e9cnica n.\u00ba 8\/16) Promotor MP RO: confira AQUI os coment\u00e1rios dos professores e tire suas d\u00favidas!\" \/>\n<meta property=\"og:url\" content=\"https:\/\/cj.estrategia.com\/portal\/prova-comentada-direito-material-coletivo-nota-tecnica-n-o-8-16-promotor-mp-ro\/\" \/>\n<meta property=\"og:site_name\" content=\"Blog - Carreiras Jur\u00eddicas - Estrat\u00e9gia\" \/>\n<meta property=\"article:publisher\" content=\"https:\/\/www.facebook.com\/estrategiacarreirajuridica\/\" \/>\n<meta property=\"article:published_time\" content=\"2024-04-12T17:36:29+00:00\" \/>\n<meta property=\"article:modified_time\" content=\"2024-04-12T17:36:35+00:00\" \/>\n<meta property=\"og:image\" content=\"https:\/\/cj.estrategia.com\/portal\/wp-content\/uploads\/2023\/06\/01151637\/MP-RO-Promotor.jpg\" \/>\n\t<meta property=\"og:image:width\" content=\"960\" \/>\n\t<meta property=\"og:image:height\" content=\"540\" \/>\n\t<meta property=\"og:image:type\" content=\"image\/jpeg\" \/>\n<meta name=\"author\" content=\"Coordena\u00e7\u00e3o\" \/>\n<meta name=\"twitter:card\" content=\"summary_large_image\" \/>\n<meta name=\"twitter:creator\" content=\"@EstratJuridica\" \/>\n<meta name=\"twitter:site\" content=\"@EstratJuridica\" \/>\n<meta name=\"twitter:label1\" content=\"Escrito por\" \/>\n\t<meta name=\"twitter:data1\" content=\"Coordena\u00e7\u00e3o\" \/>\n\t<meta name=\"twitter:label2\" content=\"Est. tempo de leitura\" \/>\n\t<meta name=\"twitter:data2\" content=\"6 minutos\" \/>\n<script type=\"application\/ld+json\" class=\"yoast-schema-graph\">{\"@context\":\"https:\\\/\\\/schema.org\",\"@graph\":[{\"@type\":\"NewsArticle\",\"@id\":\"https:\\\/\\\/cj.estrategia.com\\\/portal\\\/prova-comentada-direito-material-coletivo-nota-tecnica-n-o-8-16-promotor-mp-ro\\\/#article\",\"isPartOf\":{\"@id\":\"https:\\\/\\\/cj.estrategia.com\\\/portal\\\/prova-comentada-direito-material-coletivo-nota-tecnica-n-o-8-16-promotor-mp-ro\\\/\"},\"author\":{\"name\":\"Coordena\u00e7\u00e3o\",\"@id\":\"https:\\\/\\\/cj.estrategia.com\\\/portal\\\/#\\\/schema\\\/person\\\/4d70317d31449932b99102916b6637f5\"},\"headline\":\"Prova Comentada Direito Material Coletivo (Nota t\u00e9cnica n.\u00ba 8\\\/16) Promotor MP RO\",\"datePublished\":\"2024-04-12T17:36:29+00:00\",\"dateModified\":\"2024-04-12T17:36:35+00:00\",\"mainEntityOfPage\":{\"@id\":\"https:\\\/\\\/cj.estrategia.com\\\/portal\\\/prova-comentada-direito-material-coletivo-nota-tecnica-n-o-8-16-promotor-mp-ro\\\/\"},\"wordCount\":964,\"commentCount\":0,\"publisher\":{\"@id\":\"https:\\\/\\\/cj.estrategia.com\\\/portal\\\/#organization\"},\"image\":{\"@id\":\"https:\\\/\\\/cj.estrategia.com\\\/portal\\\/prova-comentada-direito-material-coletivo-nota-tecnica-n-o-8-16-promotor-mp-ro\\\/#primaryimage\"},\"thumbnailUrl\":\"https:\\\/\\\/cj.estrategia.com\\\/portal\\\/wp-content\\\/uploads\\\/2023\\\/06\\\/01151637\\\/MP-RO-Promotor.jpg\",\"articleSection\":[\"Promotoria\"],\"inLanguage\":\"pt-BR\",\"potentialAction\":[{\"@type\":\"CommentAction\",\"name\":\"Comment\",\"target\":[\"https:\\\/\\\/cj.estrategia.com\\\/portal\\\/prova-comentada-direito-material-coletivo-nota-tecnica-n-o-8-16-promotor-mp-ro\\\/#respond\"]}]},{\"@type\":\"WebPage\",\"@id\":\"https:\\\/\\\/cj.estrategia.com\\\/portal\\\/prova-comentada-direito-material-coletivo-nota-tecnica-n-o-8-16-promotor-mp-ro\\\/\",\"url\":\"https:\\\/\\\/cj.estrategia.com\\\/portal\\\/prova-comentada-direito-material-coletivo-nota-tecnica-n-o-8-16-promotor-mp-ro\\\/\",\"name\":\"Prova Comentada Direito Material Coletivo (Nota t\u00e9cnica n.\u00ba 8\\\/16) Promotor MP RO\",\"isPartOf\":{\"@id\":\"https:\\\/\\\/cj.estrategia.com\\\/portal\\\/#website\"},\"primaryImageOfPage\":{\"@id\":\"https:\\\/\\\/cj.estrategia.com\\\/portal\\\/prova-comentada-direito-material-coletivo-nota-tecnica-n-o-8-16-promotor-mp-ro\\\/#primaryimage\"},\"image\":{\"@id\":\"https:\\\/\\\/cj.estrategia.com\\\/portal\\\/prova-comentada-direito-material-coletivo-nota-tecnica-n-o-8-16-promotor-mp-ro\\\/#primaryimage\"},\"thumbnailUrl\":\"https:\\\/\\\/cj.estrategia.com\\\/portal\\\/wp-content\\\/uploads\\\/2023\\\/06\\\/01151637\\\/MP-RO-Promotor.jpg\",\"datePublished\":\"2024-04-12T17:36:29+00:00\",\"dateModified\":\"2024-04-12T17:36:35+00:00\",\"description\":\"Prova Comentada Direito Material Coletivo (Nota t\u00e9cnica n.\u00ba 8\\\/16) Promotor MP RO: confira AQUI os coment\u00e1rios dos professores e tire suas d\u00favidas!\",\"breadcrumb\":{\"@id\":\"https:\\\/\\\/cj.estrategia.com\\\/portal\\\/prova-comentada-direito-material-coletivo-nota-tecnica-n-o-8-16-promotor-mp-ro\\\/#breadcrumb\"},\"inLanguage\":\"pt-BR\",\"potentialAction\":[{\"@type\":\"ReadAction\",\"target\":[\"https:\\\/\\\/cj.estrategia.com\\\/portal\\\/prova-comentada-direito-material-coletivo-nota-tecnica-n-o-8-16-promotor-mp-ro\\\/\"]}]},{\"@type\":\"ImageObject\",\"inLanguage\":\"pt-BR\",\"@id\":\"https:\\\/\\\/cj.estrategia.com\\\/portal\\\/prova-comentada-direito-material-coletivo-nota-tecnica-n-o-8-16-promotor-mp-ro\\\/#primaryimage\",\"url\":\"https:\\\/\\\/cj.estrategia.com\\\/portal\\\/wp-content\\\/uploads\\\/2023\\\/06\\\/01151637\\\/MP-RO-Promotor.jpg\",\"contentUrl\":\"https:\\\/\\\/cj.estrategia.com\\\/portal\\\/wp-content\\\/uploads\\\/2023\\\/06\\\/01151637\\\/MP-RO-Promotor.jpg\",\"width\":960,\"height\":540},{\"@type\":\"BreadcrumbList\",\"@id\":\"https:\\\/\\\/cj.estrategia.com\\\/portal\\\/prova-comentada-direito-material-coletivo-nota-tecnica-n-o-8-16-promotor-mp-ro\\\/#breadcrumb\",\"itemListElement\":[{\"@type\":\"ListItem\",\"position\":1,\"name\":\"In\u00edcio\",\"item\":\"https:\\\/\\\/cj.estrategia.com\\\/portal\\\/\"},{\"@type\":\"ListItem\",\"position\":2,\"name\":\"Prova Comentada Direito Material Coletivo (Nota t\u00e9cnica n.\u00ba 8\\\/16) Promotor MP RO\"}]},{\"@type\":\"WebSite\",\"@id\":\"https:\\\/\\\/cj.estrategia.com\\\/portal\\\/#website\",\"url\":\"https:\\\/\\\/cj.estrategia.com\\\/portal\\\/\",\"name\":\"Blog - Carreiras Jur\u00eddicas - Estrat\u00e9gia\",\"description\":\"\",\"publisher\":{\"@id\":\"https:\\\/\\\/cj.estrategia.com\\\/portal\\\/#organization\"},\"potentialAction\":[{\"@type\":\"SearchAction\",\"target\":{\"@type\":\"EntryPoint\",\"urlTemplate\":\"https:\\\/\\\/cj.estrategia.com\\\/portal\\\/?s={search_term_string}\"},\"query-input\":{\"@type\":\"PropertyValueSpecification\",\"valueRequired\":true,\"valueName\":\"search_term_string\"}}],\"inLanguage\":\"pt-BR\"},{\"@type\":\"Organization\",\"@id\":\"https:\\\/\\\/cj.estrategia.com\\\/portal\\\/#organization\",\"name\":\"Estrat\u00e9gia - Carreiras Jur\u00eddicas\",\"url\":\"https:\\\/\\\/cj.estrategia.com\\\/portal\\\/\",\"logo\":{\"@type\":\"ImageObject\",\"inLanguage\":\"pt-BR\",\"@id\":\"https:\\\/\\\/cj.estrategia.com\\\/portal\\\/#\\\/schema\\\/logo\\\/image\\\/\",\"url\":\"https:\\\/\\\/cj.estrategia.com\\\/portal\\\/wp-content\\\/uploads\\\/2022\\\/03\\\/11151052\\\/cj-logo.png\",\"contentUrl\":\"https:\\\/\\\/cj.estrategia.com\\\/portal\\\/wp-content\\\/uploads\\\/2022\\\/03\\\/11151052\\\/cj-logo.png\",\"width\":150,\"height\":39,\"caption\":\"Estrat\u00e9gia - Carreiras Jur\u00eddicas\"},\"image\":{\"@id\":\"https:\\\/\\\/cj.estrategia.com\\\/portal\\\/#\\\/schema\\\/logo\\\/image\\\/\"},\"sameAs\":[\"https:\\\/\\\/www.facebook.com\\\/estrategiacarreirajuridica\\\/\",\"https:\\\/\\\/x.com\\\/EstratJuridica\",\"https:\\\/\\\/www.instagram.com\\\/estrategiacarreirajuridica\\\/\",\"https:\\\/\\\/www.youtube.com\\\/channel\\\/UClbMGuYbj2Mh1m3w144ETWQ\"]},{\"@type\":\"Person\",\"@id\":\"https:\\\/\\\/cj.estrategia.com\\\/portal\\\/#\\\/schema\\\/person\\\/4d70317d31449932b99102916b6637f5\",\"name\":\"Coordena\u00e7\u00e3o\",\"image\":{\"@type\":\"ImageObject\",\"inLanguage\":\"pt-BR\",\"@id\":\"https:\\\/\\\/cj.estrategia.com\\\/portal\\\/wp-content\\\/uploads\\\/2022\\\/05\\\/12164923\\\/estrategia-carreira-juridica-coordenacao-96x96.png\",\"url\":\"https:\\\/\\\/cj.estrategia.com\\\/portal\\\/wp-content\\\/uploads\\\/2022\\\/05\\\/12164923\\\/estrategia-carreira-juridica-coordenacao-96x96.png\",\"contentUrl\":\"https:\\\/\\\/cj.estrategia.com\\\/portal\\\/wp-content\\\/uploads\\\/2022\\\/05\\\/12164923\\\/estrategia-carreira-juridica-coordenacao-96x96.png\",\"caption\":\"Coordena\u00e7\u00e3o\"},\"url\":\"https:\\\/\\\/cj.estrategia.com\\\/portal\\\/author\\\/coordenacao\\\/\"}]}<\/script>\n<!-- \/ Yoast SEO Premium plugin. -->","yoast_head_json":{"title":"Prova Comentada Direito Material Coletivo (Nota t\u00e9cnica n.\u00ba 8\/16) Promotor MP RO","description":"Prova Comentada Direito Material Coletivo (Nota t\u00e9cnica n.\u00ba 8\/16) Promotor MP RO: confira AQUI os coment\u00e1rios dos professores e tire suas d\u00favidas!","robots":{"index":"index","follow":"follow","max-snippet":"max-snippet:-1","max-image-preview":"max-image-preview:large","max-video-preview":"max-video-preview:-1"},"canonical":"https:\/\/cj.estrategia.com\/portal\/prova-comentada-direito-material-coletivo-nota-tecnica-n-o-8-16-promotor-mp-ro\/","og_locale":"pt_BR","og_type":"article","og_title":"Prova Comentada Direito Material Coletivo (Nota t\u00e9cnica n.\u00ba 8\/16) Promotor MP RO","og_description":"Prova Comentada Direito Material Coletivo (Nota t\u00e9cnica n.\u00ba 8\/16) Promotor MP RO: confira AQUI os coment\u00e1rios dos professores e tire suas d\u00favidas!","og_url":"https:\/\/cj.estrategia.com\/portal\/prova-comentada-direito-material-coletivo-nota-tecnica-n-o-8-16-promotor-mp-ro\/","og_site_name":"Blog - Carreiras Jur\u00eddicas - Estrat\u00e9gia","article_publisher":"https:\/\/www.facebook.com\/estrategiacarreirajuridica\/","article_published_time":"2024-04-12T17:36:29+00:00","article_modified_time":"2024-04-12T17:36:35+00:00","og_image":[{"width":960,"height":540,"url":"https:\/\/cj.estrategia.com\/portal\/wp-content\/uploads\/2023\/06\/01151637\/MP-RO-Promotor.jpg","type":"image\/jpeg"}],"author":"Coordena\u00e7\u00e3o","twitter_card":"summary_large_image","twitter_creator":"@EstratJuridica","twitter_site":"@EstratJuridica","twitter_misc":{"Escrito por":"Coordena\u00e7\u00e3o","Est. tempo de leitura":"6 minutos"},"schema":{"@context":"https:\/\/schema.org","@graph":[{"@type":"NewsArticle","@id":"https:\/\/cj.estrategia.com\/portal\/prova-comentada-direito-material-coletivo-nota-tecnica-n-o-8-16-promotor-mp-ro\/#article","isPartOf":{"@id":"https:\/\/cj.estrategia.com\/portal\/prova-comentada-direito-material-coletivo-nota-tecnica-n-o-8-16-promotor-mp-ro\/"},"author":{"name":"Coordena\u00e7\u00e3o","@id":"https:\/\/cj.estrategia.com\/portal\/#\/schema\/person\/4d70317d31449932b99102916b6637f5"},"headline":"Prova Comentada Direito Material Coletivo (Nota t\u00e9cnica n.\u00ba 8\/16) Promotor MP RO","datePublished":"2024-04-12T17:36:29+00:00","dateModified":"2024-04-12T17:36:35+00:00","mainEntityOfPage":{"@id":"https:\/\/cj.estrategia.com\/portal\/prova-comentada-direito-material-coletivo-nota-tecnica-n-o-8-16-promotor-mp-ro\/"},"wordCount":964,"commentCount":0,"publisher":{"@id":"https:\/\/cj.estrategia.com\/portal\/#organization"},"image":{"@id":"https:\/\/cj.estrategia.com\/portal\/prova-comentada-direito-material-coletivo-nota-tecnica-n-o-8-16-promotor-mp-ro\/#primaryimage"},"thumbnailUrl":"https:\/\/cj.estrategia.com\/portal\/wp-content\/uploads\/2023\/06\/01151637\/MP-RO-Promotor.jpg","articleSection":["Promotoria"],"inLanguage":"pt-BR","potentialAction":[{"@type":"CommentAction","name":"Comment","target":["https:\/\/cj.estrategia.com\/portal\/prova-comentada-direito-material-coletivo-nota-tecnica-n-o-8-16-promotor-mp-ro\/#respond"]}]},{"@type":"WebPage","@id":"https:\/\/cj.estrategia.com\/portal\/prova-comentada-direito-material-coletivo-nota-tecnica-n-o-8-16-promotor-mp-ro\/","url":"https:\/\/cj.estrategia.com\/portal\/prova-comentada-direito-material-coletivo-nota-tecnica-n-o-8-16-promotor-mp-ro\/","name":"Prova Comentada Direito Material Coletivo (Nota t\u00e9cnica n.\u00ba 8\/16) Promotor MP RO","isPartOf":{"@id":"https:\/\/cj.estrategia.com\/portal\/#website"},"primaryImageOfPage":{"@id":"https:\/\/cj.estrategia.com\/portal\/prova-comentada-direito-material-coletivo-nota-tecnica-n-o-8-16-promotor-mp-ro\/#primaryimage"},"image":{"@id":"https:\/\/cj.estrategia.com\/portal\/prova-comentada-direito-material-coletivo-nota-tecnica-n-o-8-16-promotor-mp-ro\/#primaryimage"},"thumbnailUrl":"https:\/\/cj.estrategia.com\/portal\/wp-content\/uploads\/2023\/06\/01151637\/MP-RO-Promotor.jpg","datePublished":"2024-04-12T17:36:29+00:00","dateModified":"2024-04-12T17:36:35+00:00","description":"Prova Comentada Direito Material Coletivo (Nota t\u00e9cnica n.\u00ba 8\/16) Promotor MP RO: confira AQUI os coment\u00e1rios dos professores e tire suas d\u00favidas!","breadcrumb":{"@id":"https:\/\/cj.estrategia.com\/portal\/prova-comentada-direito-material-coletivo-nota-tecnica-n-o-8-16-promotor-mp-ro\/#breadcrumb"},"inLanguage":"pt-BR","potentialAction":[{"@type":"ReadAction","target":["https:\/\/cj.estrategia.com\/portal\/prova-comentada-direito-material-coletivo-nota-tecnica-n-o-8-16-promotor-mp-ro\/"]}]},{"@type":"ImageObject","inLanguage":"pt-BR","@id":"https:\/\/cj.estrategia.com\/portal\/prova-comentada-direito-material-coletivo-nota-tecnica-n-o-8-16-promotor-mp-ro\/#primaryimage","url":"https:\/\/cj.estrategia.com\/portal\/wp-content\/uploads\/2023\/06\/01151637\/MP-RO-Promotor.jpg","contentUrl":"https:\/\/cj.estrategia.com\/portal\/wp-content\/uploads\/2023\/06\/01151637\/MP-RO-Promotor.jpg","width":960,"height":540},{"@type":"BreadcrumbList","@id":"https:\/\/cj.estrategia.com\/portal\/prova-comentada-direito-material-coletivo-nota-tecnica-n-o-8-16-promotor-mp-ro\/#breadcrumb","itemListElement":[{"@type":"ListItem","position":1,"name":"In\u00edcio","item":"https:\/\/cj.estrategia.com\/portal\/"},{"@type":"ListItem","position":2,"name":"Prova Comentada Direito Material Coletivo (Nota t\u00e9cnica n.\u00ba 8\/16) Promotor MP RO"}]},{"@type":"WebSite","@id":"https:\/\/cj.estrategia.com\/portal\/#website","url":"https:\/\/cj.estrategia.com\/portal\/","name":"Blog - Carreiras Jur\u00eddicas - Estrat\u00e9gia","description":"","publisher":{"@id":"https:\/\/cj.estrategia.com\/portal\/#organization"},"potentialAction":[{"@type":"SearchAction","target":{"@type":"EntryPoint","urlTemplate":"https:\/\/cj.estrategia.com\/portal\/?s={search_term_string}"},"query-input":{"@type":"PropertyValueSpecification","valueRequired":true,"valueName":"search_term_string"}}],"inLanguage":"pt-BR"},{"@type":"Organization","@id":"https:\/\/cj.estrategia.com\/portal\/#organization","name":"Estrat\u00e9gia - Carreiras Jur\u00eddicas","url":"https:\/\/cj.estrategia.com\/portal\/","logo":{"@type":"ImageObject","inLanguage":"pt-BR","@id":"https:\/\/cj.estrategia.com\/portal\/#\/schema\/logo\/image\/","url":"https:\/\/cj.estrategia.com\/portal\/wp-content\/uploads\/2022\/03\/11151052\/cj-logo.png","contentUrl":"https:\/\/cj.estrategia.com\/portal\/wp-content\/uploads\/2022\/03\/11151052\/cj-logo.png","width":150,"height":39,"caption":"Estrat\u00e9gia - Carreiras Jur\u00eddicas"},"image":{"@id":"https:\/\/cj.estrategia.com\/portal\/#\/schema\/logo\/image\/"},"sameAs":["https:\/\/www.facebook.com\/estrategiacarreirajuridica\/","https:\/\/x.com\/EstratJuridica","https:\/\/www.instagram.com\/estrategiacarreirajuridica\/","https:\/\/www.youtube.com\/channel\/UClbMGuYbj2Mh1m3w144ETWQ"]},{"@type":"Person","@id":"https:\/\/cj.estrategia.com\/portal\/#\/schema\/person\/4d70317d31449932b99102916b6637f5","name":"Coordena\u00e7\u00e3o","image":{"@type":"ImageObject","inLanguage":"pt-BR","@id":"https:\/\/cj.estrategia.com\/portal\/wp-content\/uploads\/2022\/05\/12164923\/estrategia-carreira-juridica-coordenacao-96x96.png","url":"https:\/\/cj.estrategia.com\/portal\/wp-content\/uploads\/2022\/05\/12164923\/estrategia-carreira-juridica-coordenacao-96x96.png","contentUrl":"https:\/\/cj.estrategia.com\/portal\/wp-content\/uploads\/2022\/05\/12164923\/estrategia-carreira-juridica-coordenacao-96x96.png","caption":"Coordena\u00e7\u00e3o"},"url":"https:\/\/cj.estrategia.com\/portal\/author\/coordenacao\/"}]}},"jetpack_featured_media_url":"https:\/\/cj.estrategia.com\/portal\/wp-content\/uploads\/2023\/06\/01151637\/MP-RO-Promotor.jpg","jetpack_sharing_enabled":true,"_links":{"self":[{"href":"https:\/\/cj.estrategia.com\/portal\/wp-json\/wp\/v2\/posts\/60502","targetHints":{"allow":["GET"]}}],"collection":[{"href":"https:\/\/cj.estrategia.com\/portal\/wp-json\/wp\/v2\/posts"}],"about":[{"href":"https:\/\/cj.estrategia.com\/portal\/wp-json\/wp\/v2\/types\/post"}],"author":[{"embeddable":true,"href":"https:\/\/cj.estrategia.com\/portal\/wp-json\/wp\/v2\/users\/12"}],"replies":[{"embeddable":true,"href":"https:\/\/cj.estrategia.com\/portal\/wp-json\/wp\/v2\/comments?post=60502"}],"version-history":[{"count":1,"href":"https:\/\/cj.estrategia.com\/portal\/wp-json\/wp\/v2\/posts\/60502\/revisions"}],"predecessor-version":[{"id":60514,"href":"https:\/\/cj.estrategia.com\/portal\/wp-json\/wp\/v2\/posts\/60502\/revisions\/60514"}],"wp:featuredmedia":[{"embeddable":true,"href":"https:\/\/cj.estrategia.com\/portal\/wp-json\/wp\/v2\/media\/37818"}],"wp:attachment":[{"href":"https:\/\/cj.estrategia.com\/portal\/wp-json\/wp\/v2\/media?parent=60502"}],"wp:term":[{"taxonomy":"category","embeddable":true,"href":"https:\/\/cj.estrategia.com\/portal\/wp-json\/wp\/v2\/categories?post=60502"},{"taxonomy":"post_tag","embeddable":true,"href":"https:\/\/cj.estrategia.com\/portal\/wp-json\/wp\/v2\/tags?post=60502"},{"taxonomy":"tax_estado","embeddable":true,"href":"https:\/\/cj.estrategia.com\/portal\/wp-json\/wp\/v2\/tax_estado?post=60502"}],"curies":[{"name":"wp","href":"https:\/\/api.w.org\/{rel}","templated":true}]}}