{"id":60487,"date":"2024-05-01T14:00:00","date_gmt":"2024-05-01T17:00:00","guid":{"rendered":"https:\/\/cj.estrategia.com\/portal\/?p=60487"},"modified":"2024-04-15T18:10:35","modified_gmt":"2024-04-15T21:10:35","slug":"concurso-publico-ingresso-carreira","status":"publish","type":"post","link":"https:\/\/cj.estrategia.com\/portal\/concurso-publico-ingresso-carreira\/","title":{"rendered":"O concurso p\u00fablico na jurisprud\u00eancia: o ingresso na carreira e outros temas"},"content":{"rendered":"\n<p>Ol\u00e1 turma, como est\u00e3o os estudos? Aproveitando o clima de CNU, vamos continuar a relembrar alguns casos examinados pela jurisprud\u00eancia do STJ e do STF envolvendo a tem\u00e1tica dos concursos p\u00fablicos, com foco no ingresso na carreira, al\u00e9m de outros temas.<\/p>\n\n\n\n<p><img decoding=\"async\" width=\"400\" height=\"267\" class=\"wp-image-23221\" style=\"width: 400px;\" src=\"https:\/\/cj.estrategia.com\/portal\/wp-content\/uploads\/2022\/11\/10103954\/concursos-federais-oportunidades-carreira-juridica.jpg\" alt=\"Os concursos p\u00fablicos na jurisprud\u00eancia do Tribunais.\" srcset=\"https:\/\/cj.estrategia.com\/portal\/wp-content\/uploads\/2022\/11\/10103954\/concursos-federais-oportunidades-carreira-juridica.jpg 800w, https:\/\/cj.estrategia.com\/portal\/wp-content\/uploads\/2022\/11\/10103954\/concursos-federais-oportunidades-carreira-juridica-300x200.jpg 300w, https:\/\/cj.estrategia.com\/portal\/wp-content\/uploads\/2022\/11\/10103954\/concursos-federais-oportunidades-carreira-juridica-768x513.jpg 768w, https:\/\/cj.estrategia.com\/portal\/wp-content\/uploads\/2022\/11\/10103954\/concursos-federais-oportunidades-carreira-juridica-380x254.jpg 380w, https:\/\/cj.estrategia.com\/portal\/wp-content\/uploads\/2022\/11\/10103954\/concursos-federais-oportunidades-carreira-juridica-150x100.jpg 150w\" sizes=\"(max-width: 400px) 100vw, 400px\" \/><\/p>\n\n\n\n<h2 class=\"wp-block-heading\" id=\"h-panorama-legal-dos-concursos-publicos\"><span id=\"panorama-legal-dos-concursos-publicos\"><strong>Panorama legal dos concursos p\u00fablicos<\/strong><\/span><\/h2>\n\n\n\n<p>Conforme explicado desde a parte 1 desta s\u00e9rie de artigos, o concurso p\u00fablico, como ferramenta de sele\u00e7\u00e3o de candidatos a ocupantes de cargos efetivos da Administra\u00e7\u00e3o P\u00fablica, est\u00e1 previsto especificamente (e at\u00e9 com algum grau de detalhamento) na pr\u00f3pria Carta Constitucional de 1988 (CF\/88), ganhando status de verdadeiro \u201cprinc\u00edpio\u201d, conforme o art. 37, I, II, III e IV, da CF\/88. Confira-se:<\/p>\n\n\n\n<ul class=\"wp-block-list\">\n<li>Art. 37. A administra\u00e7\u00e3o p\u00fablica direta e indireta de qualquer dos Poderes da Uni\u00e3o, dos Estados, do Distrito Federal e dos Munic\u00edpios obedecer\u00e1 aos princ\u00edpios de legalidade, impessoalidade, moralidade, publicidade e efici\u00eancia e, tamb\u00e9m, ao seguinte:<\/li>\n\n\n\n<li>I &#8211; os cargos, empregos e fun\u00e7\u00f5es p\u00fablicas s\u00e3o acess\u00edveis aos brasileiros que preencham os requisitos estabelecidos em lei, assim como aos estrangeiros, na forma da lei;&nbsp;&nbsp;<\/li>\n\n\n\n<li>II &#8211; a investidura em cargo ou emprego p\u00fablico depende de aprova\u00e7\u00e3o pr\u00e9via em concurso p\u00fablico de provas ou de provas e t\u00edtulos, de acordo com a natureza e a complexidade do cargo ou emprego, na forma prevista em lei, ressalvadas as nomea\u00e7\u00f5es para cargo em comiss\u00e3o declarado em lei de livre nomea\u00e7\u00e3o e exonera\u00e7\u00e3o;<\/li>\n\n\n\n<li>III &#8211; o prazo de validade do concurso p\u00fablico ser\u00e1 de at\u00e9 dois anos, prorrog\u00e1vel uma vez, por igual per\u00edodo;<\/li>\n\n\n\n<li>IV &#8211; durante o prazo improrrog\u00e1vel previsto no edital de convoca\u00e7\u00e3o, aquele aprovado em concurso p\u00fablico de provas ou de provas e t\u00edtulos ser\u00e1 convocado com prioridade sobre novos concursados para assumir cargo ou emprego, na carreira;<\/li>\n<\/ul>\n\n\n\n<p>O concurso p\u00fablico \u00e9 um meio de efetiva\u00e7\u00e3o dos princ\u00edpios da igualdade e da impessoalidade no \u00e2mbito da Administra\u00e7\u00e3o P\u00fablica, pois sua regulamenta\u00e7\u00e3o exige crit\u00e9rios objetivos de aprova\u00e7\u00e3o\/reprova\u00e7\u00e3o e classifica\u00e7\u00e3o, o que tende a evitar apadrinhamentos pol\u00edticos ou nepotismos.<\/p>\n\n\n\n<p>Segundo decidido pelo STF, em repercuss\u00e3o geral, \u201ca for\u00e7a normativa do princ\u00edpio do concurso p\u00fablico vincula diretamente a Administra\u00e7\u00e3o. \u00c9 preciso reconhecer que a efetividade da exig\u00eancia constitucional do concurso p\u00fablico, como uma incomensur\u00e1vel conquista da cidadania no Brasil, permanece condicionada \u00e0 observ\u00e2ncia, pelo Poder P\u00fablico, de normas de organiza\u00e7\u00e3o e procedimento e, principalmente, de garantias fundamentais que possibilitem o seu pleno exerc\u00edcio pelos cidad\u00e3os.\u201d<\/p>\n\n\n\n<p>O princ\u00edpio constitucional do concurso p\u00fablico \u00e9 fortalecido quando o Poder P\u00fablico assegura e observa as garantias fundamentais que viabilizam a efetividade desse princ\u00edpio, tais como as garantias de publicidade, isonomia, transpar\u00eancia, impessoalidade, entre outras, que garantem a plena efetividade do princ\u00edpio do concurso p\u00fablico (<a href=\"https:\/\/redir.stf.jus.br\/paginadorpub\/paginador.jsp?docTP=AC&amp;docID=628215\">RE 598099, Relator(a): GILMAR MENDES, Tribunal Pleno, julgado em 10-08-2011, REPERCUSS\u00c3O GERAL &#8211; M\u00c9RITO DJe-189 DIVULG 30-09-2011 PUBLIC 03-10-2011 EMENT VOL-02599-03 PP-00314 RTJ VOL-00222-01 PP-00521<\/a>).<\/p>\n\n\n\n<p>Relembremos mais alguns entendimentos importantes do STJ e do STF sobre esse instituto, iniciando-se pelo exame do concurso p\u00fablico e o ingresso na carreira p\u00fablica.<\/p>\n\n\n\n<h2 class=\"wp-block-heading\" id=\"h-o-concurso-publico-e-o-ingresso-na-carreira\"><span id=\"o-concurso-publico-e-o-ingresso-na-carreira\"><strong>O concurso p\u00fablico e o ingresso na carreira<\/strong><\/span><\/h2>\n\n\n\n<p>Com a aprova\u00e7\u00e3o em um concurso p\u00fablico, o candidato ingressar\u00e1 na carreira p\u00fablica em determina classe e padr\u00e3o considerados o in\u00edcio da carreira na qual o cargo ocupado est\u00e1 inserido.<\/p>\n\n\n\n<p>Conforme a jurisprud\u00eancia majorit\u00e1ria do Superior Tribunal de Justi\u00e7a, a legisla\u00e7\u00e3o que define e regulamenta essa classe e padr\u00e3o iniciais \u00e9 aquela vigente <strong>na data da nomea\u00e7\u00e3o<\/strong> do servidor (<a href=\"https:\/\/processo.stj.jus.br\/SCON\/GetInteiroTeorDoAcordao?num_registro=200600744238&amp;dt_publicacao=27\/02\/2014\">AgRg no REsp n. 837.463\/DF, relator Ministro Rogerio Schietti Cruz, Sexta Turma, julgado em 6\/2\/2014, DJe de 27\/2\/2014<\/a>).<\/p>\n\n\n\n<h2 class=\"wp-block-heading\" id=\"h-o-afastamento-para-o-curso-de-formacao\"><span id=\"o-afastamento-para-o-curso-de-formacao\"><strong>O afastamento para o curso de forma\u00e7\u00e3o<\/strong><\/span><\/h2>\n\n\n\n<p>Nos termos da orienta\u00e7\u00e3o do Superior Tribunal de Justi\u00e7a, o candidato em um concurso p\u00fablico, que j\u00e1 ocupa um cargo de militar, conseguindo aprova\u00e7\u00e3o em um novo certame, tem direito ao afastamento tempor\u00e1rio do servi\u00e7o ativo de militar na qualidade de agregado, a fim de realizar o curso de forma\u00e7\u00e3o do novo cargo a ser ocupado futuramente, com direito \u00e0 op\u00e7\u00e3o pela respectiva remunera\u00e7\u00e3o a ser percebida (<a href=\"https:\/\/processo.stj.jus.br\/SCON\/GetInteiroTeorDoAcordao?num_registro=201303149430&amp;dt_publicacao=17\/08\/2018\">AgInt no REsp n. 1.404.735\/RN, relator Ministro Francisco Falc\u00e3o, Segunda Turma, julgado em 14\/8\/2018, DJe de 17\/8\/2018<\/a>).<\/p>\n\n\n\n<h2 class=\"wp-block-heading\" id=\"h-as-formas-ilegais-de-provimento-de-cargos-publicos\"><span id=\"as-formas-ilegais-de-provimento-de-cargos-publicos\"><strong>As formas ilegais de provimento de cargos p\u00fablicos<\/strong><\/span><\/h2>\n\n\n\n<p>Conforme elucidado desde o primeiro artigo desta s\u00e9rie, o concurso p\u00fablico \u00e9 o m\u00e9todo apropriado de preenchimento dos cargos na Administra\u00e7\u00e3o P\u00fablica brasileira.<\/p>\n\n\n\n<p>Nesse contexto, o STJ tem jurisprud\u00eancia consolidada no sentido de ser vedado o provimento de cargos de carreiras diversas mediante transposi\u00e7\u00e3o, ascens\u00e3o funcional, acesso ou progress\u00e3o (<a href=\"https:\/\/processo.stj.jus.br\/SCON\/GetInteiroTeorDoAcordao?num_registro=201602229386&amp;dt_publicacao=06\/03\/2018\">AgInt no REsp 1621940\/AM, Rel. Ministro FRANCISCO FALC\u00c3O, SEGUNDA TURMA, julgado em 01\/03\/2018, DJe 06\/03\/2018<\/a>).<\/p>\n\n\n\n<p>Tangenciando esse assunto, temos ainda a orienta\u00e7\u00e3o do STJ segundo a qual \u201cA contrata\u00e7\u00e3o de servidores sem concurso p\u00fablico, quando realizada com base em lei municipal autorizadora, descaracteriza o ato de improbidade administrativa\u201d, em raz\u00e3o da aus\u00eancia de dolo do gestor p\u00fablico (<a href=\"https:\/\/processo.stj.jus.br\/SCON\/GetInteiroTeorDoAcordao?num_registro=201700354499&amp;dt_publicacao=02\/02\/2018\">AgInt no REsp 1655151\/MT, Rel. Ministro S\u00c9RGIO KUKINA, PRIMEIRA TURMA, julgado em 07\/12\/2017, DJe 02\/02\/2018<\/a>).<\/p>\n\n\n\n<p>No mesmo sentido, o STF tem jurisprud\u00eancia sumulada: \u201c\u00c9 inconstitucional toda modalidade de provimento que propicie ao servidor investir-se, sem pr\u00e9via aprova\u00e7\u00e3o em concurso p\u00fablico destinado ao seu provimento, em cargo que n\u00e3o integra a carreira na qual anteriormente investido&#8221; (S\u00famula\/STF 685).<\/p>\n\n\n\n<p>Al\u00e9m disso, decidiu tamb\u00e9m a Suprema Corte que ofende o art. 37, II, CF, toda modalidade de ascens\u00e3o de cargo de uma carreira ao de outra, a exemplo do &#8220;aproveitamento&#8221; (<a href=\"https:\/\/redir.stf.jus.br\/paginadorpub\/paginador.jsp?docTP=AC&amp;docID=409730\">ADI 289, Relator(a): SEP\u00daLVEDA PERTENCE, Tribunal Pleno, julgado em 09-02-2007, DJ 16-03-2007 PP-00019 EMENT VOL-02268-01 PP-00001 LEXSTF v. 29, n. 340, 2007, p. 17-28<\/a>).<\/p>\n\n\n\n<h2 class=\"wp-block-heading\" id=\"h-o-concurso-publico-e-as-contratacoes-temporarias\"><span id=\"o-concurso-publico-e-as-contratacoes-temporarias\"><strong>O concurso p\u00fablico e as contrata\u00e7\u00f5es tempor\u00e1rias<\/strong><\/span><\/h2>\n\n\n\n<p>Conforme a Constitui\u00e7\u00e3o Federal de 1988, \u00e9 poss\u00edvel a elabora\u00e7\u00e3o de lei espec\u00edfica do ente federativo estabelecendo os casos de contrata\u00e7\u00e3o de servidores p\u00fablicos tempor\u00e1rio, que atuar\u00e3o por tempo determinado para atender a necessidade tempor\u00e1ria de excepcional interesse p\u00fablico (art. 37, IX, da CF\/88).<\/p>\n\n\n\n<p>Segundo o entendimento do Superior Tribunal de Justi\u00e7a, essas \u201ccontrata\u00e7\u00f5es tempor\u00e1rias celebradas pela administra\u00e7\u00e3o p\u00fablica, na vig\u00eancia da Constitui\u00e7\u00e3o Federal de 1988, ostentam car\u00e1ter prec\u00e1rio e submetem-se \u00e0 regra do art. 37, inciso IX, n\u00e3o sendo pass\u00edveis de transmuta\u00e7\u00e3o de sua natureza eventual pelo decurso do tempo\u201d (AgInt no RMS 49924\/PA, Rel. Ministro BENEDITO GON\u00c7ALVES, PRIMEIRA TURMA, julgado em 03\/10\/2017, DJe 13\/10\/2017).<\/p>\n\n\n\n<h2 class=\"wp-block-heading\" id=\"h-o-concurso-publico-e-a-estabilidade-prevista-no-art-19-do-adct\"><span id=\"o-concurso-publico-e-a-estabilidade-prevista-no-art-19-do-adct\"><strong>O concurso p\u00fablico e a estabilidade prevista no art. 19 do ADCT<\/strong><\/span><\/h2>\n\n\n\n<p>Nos termos do art. 19 do Ato das Disposi\u00e7\u00f5es Constitucionais Transit\u00f3rias (ADCT), \u201cOs servidores p\u00fablicos civis da Uni\u00e3o, dos Estados, do Distrito Federal e dos Munic\u00edpios, da administra\u00e7\u00e3o direta, aut\u00e1rquica e das funda\u00e7\u00f5es p\u00fablicas, em exerc\u00edcio na data da promulga\u00e7\u00e3o da Constitui\u00e7\u00e3o, h\u00e1 pelo menos cinco anos continuados, e que n\u00e3o tenham sido admitidos na forma regulada no art. 37, da Constitui\u00e7\u00e3o, s\u00e3o considerados est\u00e1veis no servi\u00e7o p\u00fablico\u201d.<\/p>\n\n\n\n<p>Conforme reconhecido pelo Superior Tribunal de Justi\u00e7a, a estabilidade excepcional prevista no mencionado dispositivo constitucional n\u00e3o pode ser estendida em favor de servidores contratados sem concurso p\u00fablico ap\u00f3s a promulga\u00e7\u00e3o da Constitui\u00e7\u00e3o Federal de 1998 (AgInt no RMS 44213\/PA, Rel. Ministro NAPOLE\u00c3O NUNES MAIA FILHO, PRIMEIRA TURMA, julgado em 20\/02\/2018, DJe 05\/03\/2018).<\/p>\n\n\n\n<p>Essa tamb\u00e9m \u00e9 a orienta\u00e7\u00e3o do STF: o Tribunal tem afirmado a sujei\u00e7\u00e3o dos Estados-membros \u00e0s disposi\u00e7\u00f5es da Constitui\u00e7\u00e3o Federal relativas aos servidores p\u00fablicos, n\u00e3o lhes sendo dado, em particular, restringir ou ampliar os limites da estabilidade excepcional conferida no artigo 19 do ato federal das disposi\u00e7\u00f5es transit\u00f3rias, sendo que essa estabilidade n\u00e3o significa efetividade no cargo, \u201cpara a qual \u00e9 imprescind\u00edvel o concurso p\u00fablico\u201d<a href=\"#_ftn1\" id=\"_ftnref1\">[1]<\/a>.<\/p>\n\n\n\n<h2 class=\"wp-block-heading\" id=\"h-o-concurso-publico-e-os-delegatarios-de-cartorios\"><span id=\"o-concurso-publico-e-os-delegatarios-de-cartorios\"><strong>O concurso p\u00fablico e os delegat\u00e1rios de cart\u00f3rios<\/strong><\/span><\/h2>\n\n\n\n<p>Antes da Constitui\u00e7\u00e3o Federal de 1988, como regra, os Cart\u00f3rios Extrajudiciais eram ocupados pelos mais variados crit\u00e9rios, segundo a legisla\u00e7\u00e3o pr\u00f3pria de cada ente federativo.<\/p>\n\n\n\n<p>Com a promulga\u00e7\u00e3o da atual Constitui\u00e7\u00e3o, ocorrida a vac\u00e2ncia na titularidade da serventia extrajudicial, \u201co provimento de novo titular deve ser realizado por meio de concurso p\u00fablico, nos termos do art. 236, \u00a7 3\u00ba, da CF\/1988\u201d (<a href=\"https:\/\/processo.stj.jus.br\/SCON\/GetInteiroTeorDoAcordao?num_registro=200600100578&amp;dt_publicacao=14\/05\/2018\">RMS 21245\/MS, Rel. Ministro OG FERNANDES, SEGUNDA TURMA, julgado em 08\/05\/2018, DJe 14\/05\/2018<\/a>).<\/p>\n\n\n\n<h2 class=\"wp-block-heading\" id=\"h-a-vedacao-de-execucao-provisoria-de-sentenca-contra-a-fazenda-publica-art-2\u00ba-b-da-lei-n-9-494-1997\"><span id=\"a-vedacao-de-execucao-provisoria-de-sentenca-contra-a-fazenda-publica-art-2o-b-da-lei-n-9-494-1997\"><strong>A veda\u00e7\u00e3o de execu\u00e7\u00e3o provis\u00f3ria de senten\u00e7a contra a Fazenda P\u00fablica (art. 2\u00ba-B da Lei n. 9.494\/1997)<\/strong><\/span><\/h2>\n\n\n\n<p>Conforme reconhecido pelo STJ, nas hip\u00f3teses em que o Poder Judici\u00e1rio reconhece ter havido preteri\u00e7\u00e3o em desfavor de candidato aprovado em concurso p\u00fablico, a veda\u00e7\u00e3o de execu\u00e7\u00e3o provis\u00f3ria de senten\u00e7a contra a Fazenda P\u00fablica inserida no art. 2\u00ba-B da Lei n. 9.494\/1997 n\u00e3o incide a obstar a imediata nomea\u00e7\u00e3o e posse desse candidato, sendo cab\u00edvel o cumprimento provis\u00f3rio da senten\u00e7a que assim determina, pois n\u00e3o h\u00e1 pagamentos pret\u00e9ritos, mas apenas retribui\u00e7\u00e3o pelo efetivo servi\u00e7o a ser prestado (<a href=\"https:\/\/processo.stj.jus.br\/SCON\/GetInteiroTeorDoAcordao?num_registro=201702409934&amp;dt_publicacao=01\/02\/2018\">REsp n. 1.705.490\/AM, relator Ministro Herman Benjamin, Segunda Turma, julgado em 5\/12\/2017, DJe de 1\/2\/2018<\/a>).<\/p>\n\n\n\n<h2 class=\"wp-block-heading\" id=\"h-o-concurso-publico-e-a-ordem-dos-advogados-do-brasil-oab\"><span id=\"o-concurso-publico-e-a-ordem-dos-advogados-do-brasil-oab\"><strong>O concurso p\u00fablico e a Ordem dos Advogados do Brasil (OAB)<\/strong><\/span><\/h2>\n\n\n\n<p>Segundo a jurisprud\u00eancia do Supremo Tribunal Federal, a OAB n\u00e3o precisa realizar concurso p\u00fablico para a admiss\u00e3o de servidores\/empregados nos seus quadros funcionais, visto que a Ordem dos Advogados do Brasil n\u00e3o \u00e9 uma entidade da Administra\u00e7\u00e3o Indireta da Uni\u00e3o.<\/p>\n\n\n\n<p>\u201cA Ordem \u00e9 um servi\u00e7o p\u00fablico independente, categoria \u00edmpar no elenco das personalidades jur\u00eddicas existentes no direito brasileiro. A OAB n\u00e3o est\u00e1 inclu\u00edda na categoria na qual se inserem essas que se tem referido como \u2018autarquias especiais\u2019 para pretender-se afirmar equivocada independ\u00eancia das hoje chamadas \u2018ag\u00eancias\u2019\u201d (<a href=\"https:\/\/redir.stf.jus.br\/paginadorpub\/paginador.jsp?docTP=AC&amp;docID=363283\">ADI 3026, Relator(a): EROS GRAU, Tribunal Pleno, julgado em 08-06-2006, DJ 29-09-2006 PP-00031 EMENT VOL-02249-03 PP-00478 RTJ VOL-00201-01 PP-00093<\/a>).<\/p>\n\n\n\n<h2 class=\"wp-block-heading\" id=\"h-o-concurso-publico-e-exigencias-ilegais-de-qualificacao\"><span id=\"o-concurso-publico-e-exigencias-ilegais-de-qualificacao\"><strong>O concurso p\u00fablico e exig\u00eancias ilegais de qualifica\u00e7\u00e3o<\/strong><\/span><\/h2>\n\n\n\n<p>Apesar de o edital ser a lei interna do concurso p\u00fablico, ele deve se submeter \u00e0s regras legais e constitucionais, n\u00e3o podendo fazer exig\u00eancias despropositadas como crit\u00e9rios para a aprova\u00e7\u00e3o de candidatos.<\/p>\n\n\n\n<p>Nesse contexto, o Superior Tribunal de Justi\u00e7a entende, por exemplo, que \u201c\u00e9 ileg\u00edtima a previs\u00e3o de edital de concurso p\u00fablico que exige o pr\u00e9vio <strong>registro na Delegacia Regional do Trabalho<\/strong> como condi\u00e7\u00e3o para que os graduados em Letras ou em Secretariado Bil\u00edngue exer\u00e7am a atividade de Secret\u00e1rio-Executivo\u201d (<a href=\"https:\/\/processo.stj.jus.br\/SCON\/GetInteiroTeorDoAcordao?num_registro=201400474968&amp;dt_publicacao=18\/04\/2018\">AR 5340\/DF, Rel. Ministro OG FERNANDES, PRIMEIRA SE\u00c7\u00c3O, julgado em 11\/04\/2018, DJe 18\/04\/2018<\/a>).<\/p>\n\n\n\n<p>Nesse contexto, encerramos a oitava parte da s\u00e9rie de artigos sobre o concurso p\u00fablico na jurisprud\u00eancia dos Tribunais Superiores, com foco no ingresso na carreira, al\u00e9m de outros temas. Esperamos que mais esse rol exemplificativo de casos seja \u00fatil para estudos e revis\u00f5es. Para mais detalhes, os ac\u00f3rd\u00e3os dos julgados citados est\u00e3o dispon\u00edveis por meio dos links constantes do texto e caso saibam de mais algum julgado interessante na jurisprud\u00eancia do STJ e do STF sobre o tema, por favor, citem nos coment\u00e1rios.<\/p>\n\n\n\n<hr class=\"wp-block-separator has-alpha-channel-opacity\"\/>\n\n\n\n<p><a id=\"_ftn1\" href=\"#_ftnref1\">[1]<\/a> ADI 289, Relator(a): SEP\u00daLVEDA PERTENCE, Tribunal Pleno, julgado em 09-02-2007, DJ 16-03-2007 PP-00019 EMENT VOL-02268-01 PP-00001 LEXSTF v. 29, n. 340, 2007, p. 17-28.<\/p>\n\n\n\n<p class=\"has-text-align-center\"><strong>Quer estudar para Carreiras Jur\u00eddicas?<\/strong><\/p>\n\n\n\n<p><a href=\"https:\/\/cj.estrategia.com\/portal\/concursos-abertos-carreiras-juridicas\/\" target=\"_blank\" >Concursos abertos<\/a><\/p>\n\n\n\n<p><a href=\"https:\/\/cj.estrategia.com\/portal\/concursos-2023-carreiras-juridicas\/\" target=\"_blank\" >Concursos 2023<\/a><\/p>\n\n\n\n<p><a href=\"https:\/\/cj.estrategia.com\/portal\/concursos-2024-carreiras-juridicas\/\" target=\"_blank\" >Concursos 2024<\/a><\/p>\n","protected":false},"excerpt":{"rendered":"O concurso p\u00fablico na jurisprud\u00eancia: o ingresso na carreira e outros temas.\n","protected":false},"author":55,"featured_media":23221,"comment_status":"open","ping_status":"open","sticky":false,"template":"","format":"standard","meta":{"_jetpack_memberships_contains_paid_content":false,"footnotes":""},"categories":[1],"tags":[84,83],"tax_estado":[30,31,32,33,34,35,36,37,38,39,40,41,42,43,44,45,46,47,48,49,50,51,52,53,54,55,56,57],"class_list":{"0":"post-60487","1":"post","2":"type-post","3":"status-publish","4":"format-standard","5":"has-post-thumbnail","7":"category-carreiras-juridicas","8":"tag-carreira-juridica","9":"tag-concursos-juridicos","10":"tax_estado-ac","11":"tax_estado-al","12":"tax_estado-am","13":"tax_estado-ap","14":"tax_estado-ba","15":"tax_estado-ce","16":"tax_estado-concursos-federais","17":"tax_estado-df","18":"tax_estado-es","19":"tax_estado-go","20":"tax_estado-ma","21":"tax_estado-mg","22":"tax_estado-ms","23":"tax_estado-mt","24":"tax_estado-pa","25":"tax_estado-pb","26":"tax_estado-pe","27":"tax_estado-pi","28":"tax_estado-pr","29":"tax_estado-rj","30":"tax_estado-rn","31":"tax_estado-ro","32":"tax_estado-rr","33":"tax_estado-rs","34":"tax_estado-sc","35":"tax_estado-se","36":"tax_estado-sp","37":"tax_estado-to"},"acf":[],"yoast_head":"<!-- This site is optimized with the Yoast SEO Premium plugin v27.4 (Yoast SEO v27.4) - https:\/\/yoast.com\/product\/yoast-seo-premium-wordpress\/ -->\n<title>O concurso p\u00fablico: o ingresso na carreira e outros temas<\/title>\n<meta name=\"description\" content=\"Os concursos p\u00fablicos na jurisprud\u00eancia dos Tribunais Superiores: o ingresso na carreira e outros temas relacionados.\" \/>\n<meta name=\"robots\" content=\"index, follow, max-snippet:-1, max-image-preview:large, max-video-preview:-1\" \/>\n<link rel=\"canonical\" href=\"https:\/\/cj.estrategia.com\/portal\/concurso-publico-ingresso-carreira\/\" \/>\n<meta property=\"og:locale\" content=\"pt_BR\" \/>\n<meta property=\"og:type\" content=\"article\" \/>\n<meta property=\"og:title\" content=\"O concurso p\u00fablico na jurisprud\u00eancia: o ingresso na carreira e outros temas\" \/>\n<meta property=\"og:description\" content=\"Os concursos p\u00fablicos na jurisprud\u00eancia dos Tribunais Superiores: o ingresso na carreira e outros temas relacionados.\" \/>\n<meta property=\"og:url\" content=\"https:\/\/cj.estrategia.com\/portal\/concurso-publico-ingresso-carreira\/\" \/>\n<meta property=\"og:site_name\" content=\"Blog - Carreiras Jur\u00eddicas - Estrat\u00e9gia\" \/>\n<meta property=\"article:publisher\" content=\"https:\/\/www.facebook.com\/estrategiacarreirajuridica\/\" \/>\n<meta property=\"article:published_time\" content=\"2024-05-01T17:00:00+00:00\" \/>\n<meta property=\"og:image\" content=\"https:\/\/cj.estrategia.com\/portal\/wp-content\/uploads\/2022\/11\/10103954\/concursos-federais-oportunidades-carreira-juridica.jpg\" \/>\n\t<meta property=\"og:image:width\" content=\"800\" \/>\n\t<meta property=\"og:image:height\" content=\"534\" \/>\n\t<meta property=\"og:image:type\" content=\"image\/jpeg\" \/>\n<meta name=\"author\" content=\"Jose Mendes Lima Aguiar\" \/>\n<meta name=\"twitter:card\" content=\"summary_large_image\" \/>\n<meta name=\"twitter:creator\" content=\"@EstratJuridica\" \/>\n<meta name=\"twitter:site\" content=\"@EstratJuridica\" \/>\n<meta name=\"twitter:label1\" content=\"Escrito por\" \/>\n\t<meta name=\"twitter:data1\" content=\"Jose Mendes Lima Aguiar\" \/>\n\t<meta name=\"twitter:label2\" content=\"Est. tempo de leitura\" \/>\n\t<meta name=\"twitter:data2\" content=\"10 minutos\" \/>\n<script type=\"application\/ld+json\" class=\"yoast-schema-graph\">{\"@context\":\"https:\\\/\\\/schema.org\",\"@graph\":[{\"@type\":\"NewsArticle\",\"@id\":\"https:\\\/\\\/cj.estrategia.com\\\/portal\\\/concurso-publico-ingresso-carreira\\\/#article\",\"isPartOf\":{\"@id\":\"https:\\\/\\\/cj.estrategia.com\\\/portal\\\/concurso-publico-ingresso-carreira\\\/\"},\"author\":{\"name\":\"Jose Mendes Lima Aguiar\",\"@id\":\"https:\\\/\\\/cj.estrategia.com\\\/portal\\\/#\\\/schema\\\/person\\\/771b883c8ee8ccd97e579a50988db032\"},\"headline\":\"O concurso p\u00fablico na jurisprud\u00eancia: o ingresso na carreira e outros temas\",\"datePublished\":\"2024-05-01T17:00:00+00:00\",\"mainEntityOfPage\":{\"@id\":\"https:\\\/\\\/cj.estrategia.com\\\/portal\\\/concurso-publico-ingresso-carreira\\\/\"},\"wordCount\":1960,\"commentCount\":0,\"publisher\":{\"@id\":\"https:\\\/\\\/cj.estrategia.com\\\/portal\\\/#organization\"},\"image\":{\"@id\":\"https:\\\/\\\/cj.estrategia.com\\\/portal\\\/concurso-publico-ingresso-carreira\\\/#primaryimage\"},\"thumbnailUrl\":\"https:\\\/\\\/cj.estrategia.com\\\/portal\\\/wp-content\\\/uploads\\\/2022\\\/11\\\/10103954\\\/concursos-federais-oportunidades-carreira-juridica.jpg\",\"keywords\":[\"carreira jur\u00eddica\",\"concursos jur\u00eddicos\"],\"articleSection\":[\"Carreiras Jur\u00eddicas\"],\"inLanguage\":\"pt-BR\",\"potentialAction\":[{\"@type\":\"CommentAction\",\"name\":\"Comment\",\"target\":[\"https:\\\/\\\/cj.estrategia.com\\\/portal\\\/concurso-publico-ingresso-carreira\\\/#respond\"]}]},{\"@type\":\"WebPage\",\"@id\":\"https:\\\/\\\/cj.estrategia.com\\\/portal\\\/concurso-publico-ingresso-carreira\\\/\",\"url\":\"https:\\\/\\\/cj.estrategia.com\\\/portal\\\/concurso-publico-ingresso-carreira\\\/\",\"name\":\"O concurso p\u00fablico: o ingresso na carreira e outros temas\",\"isPartOf\":{\"@id\":\"https:\\\/\\\/cj.estrategia.com\\\/portal\\\/#website\"},\"primaryImageOfPage\":{\"@id\":\"https:\\\/\\\/cj.estrategia.com\\\/portal\\\/concurso-publico-ingresso-carreira\\\/#primaryimage\"},\"image\":{\"@id\":\"https:\\\/\\\/cj.estrategia.com\\\/portal\\\/concurso-publico-ingresso-carreira\\\/#primaryimage\"},\"thumbnailUrl\":\"https:\\\/\\\/cj.estrategia.com\\\/portal\\\/wp-content\\\/uploads\\\/2022\\\/11\\\/10103954\\\/concursos-federais-oportunidades-carreira-juridica.jpg\",\"datePublished\":\"2024-05-01T17:00:00+00:00\",\"description\":\"Os concursos p\u00fablicos na jurisprud\u00eancia dos Tribunais Superiores: o ingresso na carreira e outros temas relacionados.\",\"breadcrumb\":{\"@id\":\"https:\\\/\\\/cj.estrategia.com\\\/portal\\\/concurso-publico-ingresso-carreira\\\/#breadcrumb\"},\"inLanguage\":\"pt-BR\",\"potentialAction\":[{\"@type\":\"ReadAction\",\"target\":[\"https:\\\/\\\/cj.estrategia.com\\\/portal\\\/concurso-publico-ingresso-carreira\\\/\"]}]},{\"@type\":\"ImageObject\",\"inLanguage\":\"pt-BR\",\"@id\":\"https:\\\/\\\/cj.estrategia.com\\\/portal\\\/concurso-publico-ingresso-carreira\\\/#primaryimage\",\"url\":\"https:\\\/\\\/cj.estrategia.com\\\/portal\\\/wp-content\\\/uploads\\\/2022\\\/11\\\/10103954\\\/concursos-federais-oportunidades-carreira-juridica.jpg\",\"contentUrl\":\"https:\\\/\\\/cj.estrategia.com\\\/portal\\\/wp-content\\\/uploads\\\/2022\\\/11\\\/10103954\\\/concursos-federais-oportunidades-carreira-juridica.jpg\",\"width\":800,\"height\":534,\"caption\":\"Realizando provas de concurso p\u00fablico\"},{\"@type\":\"BreadcrumbList\",\"@id\":\"https:\\\/\\\/cj.estrategia.com\\\/portal\\\/concurso-publico-ingresso-carreira\\\/#breadcrumb\",\"itemListElement\":[{\"@type\":\"ListItem\",\"position\":1,\"name\":\"In\u00edcio\",\"item\":\"https:\\\/\\\/cj.estrategia.com\\\/portal\\\/\"},{\"@type\":\"ListItem\",\"position\":2,\"name\":\"O concurso p\u00fablico na jurisprud\u00eancia: o ingresso na carreira e outros temas\"}]},{\"@type\":\"WebSite\",\"@id\":\"https:\\\/\\\/cj.estrategia.com\\\/portal\\\/#website\",\"url\":\"https:\\\/\\\/cj.estrategia.com\\\/portal\\\/\",\"name\":\"Blog - Carreiras Jur\u00eddicas - Estrat\u00e9gia\",\"description\":\"\",\"publisher\":{\"@id\":\"https:\\\/\\\/cj.estrategia.com\\\/portal\\\/#organization\"},\"potentialAction\":[{\"@type\":\"SearchAction\",\"target\":{\"@type\":\"EntryPoint\",\"urlTemplate\":\"https:\\\/\\\/cj.estrategia.com\\\/portal\\\/?s={search_term_string}\"},\"query-input\":{\"@type\":\"PropertyValueSpecification\",\"valueRequired\":true,\"valueName\":\"search_term_string\"}}],\"inLanguage\":\"pt-BR\"},{\"@type\":\"Organization\",\"@id\":\"https:\\\/\\\/cj.estrategia.com\\\/portal\\\/#organization\",\"name\":\"Estrat\u00e9gia - Carreiras Jur\u00eddicas\",\"url\":\"https:\\\/\\\/cj.estrategia.com\\\/portal\\\/\",\"logo\":{\"@type\":\"ImageObject\",\"inLanguage\":\"pt-BR\",\"@id\":\"https:\\\/\\\/cj.estrategia.com\\\/portal\\\/#\\\/schema\\\/logo\\\/image\\\/\",\"url\":\"https:\\\/\\\/cj.estrategia.com\\\/portal\\\/wp-content\\\/uploads\\\/2022\\\/03\\\/11151052\\\/cj-logo.png\",\"contentUrl\":\"https:\\\/\\\/cj.estrategia.com\\\/portal\\\/wp-content\\\/uploads\\\/2022\\\/03\\\/11151052\\\/cj-logo.png\",\"width\":150,\"height\":39,\"caption\":\"Estrat\u00e9gia - Carreiras Jur\u00eddicas\"},\"image\":{\"@id\":\"https:\\\/\\\/cj.estrategia.com\\\/portal\\\/#\\\/schema\\\/logo\\\/image\\\/\"},\"sameAs\":[\"https:\\\/\\\/www.facebook.com\\\/estrategiacarreirajuridica\\\/\",\"https:\\\/\\\/x.com\\\/EstratJuridica\",\"https:\\\/\\\/www.instagram.com\\\/estrategiacarreirajuridica\\\/\",\"https:\\\/\\\/www.youtube.com\\\/channel\\\/UClbMGuYbj2Mh1m3w144ETWQ\"]},{\"@type\":\"Person\",\"@id\":\"https:\\\/\\\/cj.estrategia.com\\\/portal\\\/#\\\/schema\\\/person\\\/771b883c8ee8ccd97e579a50988db032\",\"name\":\"Jose Mendes Lima Aguiar\",\"image\":{\"@type\":\"ImageObject\",\"inLanguage\":\"pt-BR\",\"@id\":\"https:\\\/\\\/secure.gravatar.com\\\/avatar\\\/9de6360b81109e7efcabd12f27cceb9f2aaa24687eff693fcfce9d1ac42b44a4?s=96&d=mm&r=g\",\"url\":\"https:\\\/\\\/secure.gravatar.com\\\/avatar\\\/9de6360b81109e7efcabd12f27cceb9f2aaa24687eff693fcfce9d1ac42b44a4?s=96&d=mm&r=g\",\"contentUrl\":\"https:\\\/\\\/secure.gravatar.com\\\/avatar\\\/9de6360b81109e7efcabd12f27cceb9f2aaa24687eff693fcfce9d1ac42b44a4?s=96&d=mm&r=g\",\"caption\":\"Jose Mendes Lima Aguiar\"},\"url\":\"https:\\\/\\\/cj.estrategia.com\\\/portal\\\/author\\\/jose-mendes\\\/\"}]}<\/script>\n<!-- \/ Yoast SEO Premium plugin. -->","yoast_head_json":{"title":"O concurso p\u00fablico: o ingresso na carreira e outros temas","description":"Os concursos p\u00fablicos na jurisprud\u00eancia dos Tribunais Superiores: o ingresso na carreira e outros temas relacionados.","robots":{"index":"index","follow":"follow","max-snippet":"max-snippet:-1","max-image-preview":"max-image-preview:large","max-video-preview":"max-video-preview:-1"},"canonical":"https:\/\/cj.estrategia.com\/portal\/concurso-publico-ingresso-carreira\/","og_locale":"pt_BR","og_type":"article","og_title":"O concurso p\u00fablico na jurisprud\u00eancia: o ingresso na carreira e outros temas","og_description":"Os concursos p\u00fablicos na jurisprud\u00eancia dos Tribunais Superiores: o ingresso na carreira e outros temas relacionados.","og_url":"https:\/\/cj.estrategia.com\/portal\/concurso-publico-ingresso-carreira\/","og_site_name":"Blog - Carreiras Jur\u00eddicas - Estrat\u00e9gia","article_publisher":"https:\/\/www.facebook.com\/estrategiacarreirajuridica\/","article_published_time":"2024-05-01T17:00:00+00:00","og_image":[{"width":800,"height":534,"url":"https:\/\/cj.estrategia.com\/portal\/wp-content\/uploads\/2022\/11\/10103954\/concursos-federais-oportunidades-carreira-juridica.jpg","type":"image\/jpeg"}],"author":"Jose Mendes Lima Aguiar","twitter_card":"summary_large_image","twitter_creator":"@EstratJuridica","twitter_site":"@EstratJuridica","twitter_misc":{"Escrito por":"Jose Mendes Lima Aguiar","Est. tempo de leitura":"10 minutos"},"schema":{"@context":"https:\/\/schema.org","@graph":[{"@type":"NewsArticle","@id":"https:\/\/cj.estrategia.com\/portal\/concurso-publico-ingresso-carreira\/#article","isPartOf":{"@id":"https:\/\/cj.estrategia.com\/portal\/concurso-publico-ingresso-carreira\/"},"author":{"name":"Jose Mendes Lima Aguiar","@id":"https:\/\/cj.estrategia.com\/portal\/#\/schema\/person\/771b883c8ee8ccd97e579a50988db032"},"headline":"O concurso p\u00fablico na jurisprud\u00eancia: o ingresso na carreira e outros temas","datePublished":"2024-05-01T17:00:00+00:00","mainEntityOfPage":{"@id":"https:\/\/cj.estrategia.com\/portal\/concurso-publico-ingresso-carreira\/"},"wordCount":1960,"commentCount":0,"publisher":{"@id":"https:\/\/cj.estrategia.com\/portal\/#organization"},"image":{"@id":"https:\/\/cj.estrategia.com\/portal\/concurso-publico-ingresso-carreira\/#primaryimage"},"thumbnailUrl":"https:\/\/cj.estrategia.com\/portal\/wp-content\/uploads\/2022\/11\/10103954\/concursos-federais-oportunidades-carreira-juridica.jpg","keywords":["carreira jur\u00eddica","concursos jur\u00eddicos"],"articleSection":["Carreiras Jur\u00eddicas"],"inLanguage":"pt-BR","potentialAction":[{"@type":"CommentAction","name":"Comment","target":["https:\/\/cj.estrategia.com\/portal\/concurso-publico-ingresso-carreira\/#respond"]}]},{"@type":"WebPage","@id":"https:\/\/cj.estrategia.com\/portal\/concurso-publico-ingresso-carreira\/","url":"https:\/\/cj.estrategia.com\/portal\/concurso-publico-ingresso-carreira\/","name":"O concurso p\u00fablico: o ingresso na carreira e outros temas","isPartOf":{"@id":"https:\/\/cj.estrategia.com\/portal\/#website"},"primaryImageOfPage":{"@id":"https:\/\/cj.estrategia.com\/portal\/concurso-publico-ingresso-carreira\/#primaryimage"},"image":{"@id":"https:\/\/cj.estrategia.com\/portal\/concurso-publico-ingresso-carreira\/#primaryimage"},"thumbnailUrl":"https:\/\/cj.estrategia.com\/portal\/wp-content\/uploads\/2022\/11\/10103954\/concursos-federais-oportunidades-carreira-juridica.jpg","datePublished":"2024-05-01T17:00:00+00:00","description":"Os concursos p\u00fablicos na jurisprud\u00eancia dos Tribunais Superiores: o ingresso na carreira e outros temas relacionados.","breadcrumb":{"@id":"https:\/\/cj.estrategia.com\/portal\/concurso-publico-ingresso-carreira\/#breadcrumb"},"inLanguage":"pt-BR","potentialAction":[{"@type":"ReadAction","target":["https:\/\/cj.estrategia.com\/portal\/concurso-publico-ingresso-carreira\/"]}]},{"@type":"ImageObject","inLanguage":"pt-BR","@id":"https:\/\/cj.estrategia.com\/portal\/concurso-publico-ingresso-carreira\/#primaryimage","url":"https:\/\/cj.estrategia.com\/portal\/wp-content\/uploads\/2022\/11\/10103954\/concursos-federais-oportunidades-carreira-juridica.jpg","contentUrl":"https:\/\/cj.estrategia.com\/portal\/wp-content\/uploads\/2022\/11\/10103954\/concursos-federais-oportunidades-carreira-juridica.jpg","width":800,"height":534,"caption":"Realizando provas de concurso p\u00fablico"},{"@type":"BreadcrumbList","@id":"https:\/\/cj.estrategia.com\/portal\/concurso-publico-ingresso-carreira\/#breadcrumb","itemListElement":[{"@type":"ListItem","position":1,"name":"In\u00edcio","item":"https:\/\/cj.estrategia.com\/portal\/"},{"@type":"ListItem","position":2,"name":"O concurso p\u00fablico na jurisprud\u00eancia: o ingresso na carreira e outros temas"}]},{"@type":"WebSite","@id":"https:\/\/cj.estrategia.com\/portal\/#website","url":"https:\/\/cj.estrategia.com\/portal\/","name":"Blog - Carreiras Jur\u00eddicas - Estrat\u00e9gia","description":"","publisher":{"@id":"https:\/\/cj.estrategia.com\/portal\/#organization"},"potentialAction":[{"@type":"SearchAction","target":{"@type":"EntryPoint","urlTemplate":"https:\/\/cj.estrategia.com\/portal\/?s={search_term_string}"},"query-input":{"@type":"PropertyValueSpecification","valueRequired":true,"valueName":"search_term_string"}}],"inLanguage":"pt-BR"},{"@type":"Organization","@id":"https:\/\/cj.estrategia.com\/portal\/#organization","name":"Estrat\u00e9gia - Carreiras Jur\u00eddicas","url":"https:\/\/cj.estrategia.com\/portal\/","logo":{"@type":"ImageObject","inLanguage":"pt-BR","@id":"https:\/\/cj.estrategia.com\/portal\/#\/schema\/logo\/image\/","url":"https:\/\/cj.estrategia.com\/portal\/wp-content\/uploads\/2022\/03\/11151052\/cj-logo.png","contentUrl":"https:\/\/cj.estrategia.com\/portal\/wp-content\/uploads\/2022\/03\/11151052\/cj-logo.png","width":150,"height":39,"caption":"Estrat\u00e9gia - Carreiras Jur\u00eddicas"},"image":{"@id":"https:\/\/cj.estrategia.com\/portal\/#\/schema\/logo\/image\/"},"sameAs":["https:\/\/www.facebook.com\/estrategiacarreirajuridica\/","https:\/\/x.com\/EstratJuridica","https:\/\/www.instagram.com\/estrategiacarreirajuridica\/","https:\/\/www.youtube.com\/channel\/UClbMGuYbj2Mh1m3w144ETWQ"]},{"@type":"Person","@id":"https:\/\/cj.estrategia.com\/portal\/#\/schema\/person\/771b883c8ee8ccd97e579a50988db032","name":"Jose Mendes Lima Aguiar","image":{"@type":"ImageObject","inLanguage":"pt-BR","@id":"https:\/\/secure.gravatar.com\/avatar\/9de6360b81109e7efcabd12f27cceb9f2aaa24687eff693fcfce9d1ac42b44a4?s=96&d=mm&r=g","url":"https:\/\/secure.gravatar.com\/avatar\/9de6360b81109e7efcabd12f27cceb9f2aaa24687eff693fcfce9d1ac42b44a4?s=96&d=mm&r=g","contentUrl":"https:\/\/secure.gravatar.com\/avatar\/9de6360b81109e7efcabd12f27cceb9f2aaa24687eff693fcfce9d1ac42b44a4?s=96&d=mm&r=g","caption":"Jose Mendes Lima Aguiar"},"url":"https:\/\/cj.estrategia.com\/portal\/author\/jose-mendes\/"}]}},"jetpack_featured_media_url":"https:\/\/cj.estrategia.com\/portal\/wp-content\/uploads\/2022\/11\/10103954\/concursos-federais-oportunidades-carreira-juridica.jpg","jetpack_sharing_enabled":true,"_links":{"self":[{"href":"https:\/\/cj.estrategia.com\/portal\/wp-json\/wp\/v2\/posts\/60487","targetHints":{"allow":["GET"]}}],"collection":[{"href":"https:\/\/cj.estrategia.com\/portal\/wp-json\/wp\/v2\/posts"}],"about":[{"href":"https:\/\/cj.estrategia.com\/portal\/wp-json\/wp\/v2\/types\/post"}],"author":[{"embeddable":true,"href":"https:\/\/cj.estrategia.com\/portal\/wp-json\/wp\/v2\/users\/55"}],"replies":[{"embeddable":true,"href":"https:\/\/cj.estrategia.com\/portal\/wp-json\/wp\/v2\/comments?post=60487"}],"version-history":[{"count":1,"href":"https:\/\/cj.estrategia.com\/portal\/wp-json\/wp\/v2\/posts\/60487\/revisions"}],"predecessor-version":[{"id":60488,"href":"https:\/\/cj.estrategia.com\/portal\/wp-json\/wp\/v2\/posts\/60487\/revisions\/60488"}],"wp:featuredmedia":[{"embeddable":true,"href":"https:\/\/cj.estrategia.com\/portal\/wp-json\/wp\/v2\/media\/23221"}],"wp:attachment":[{"href":"https:\/\/cj.estrategia.com\/portal\/wp-json\/wp\/v2\/media?parent=60487"}],"wp:term":[{"taxonomy":"category","embeddable":true,"href":"https:\/\/cj.estrategia.com\/portal\/wp-json\/wp\/v2\/categories?post=60487"},{"taxonomy":"post_tag","embeddable":true,"href":"https:\/\/cj.estrategia.com\/portal\/wp-json\/wp\/v2\/tags?post=60487"},{"taxonomy":"tax_estado","embeddable":true,"href":"https:\/\/cj.estrategia.com\/portal\/wp-json\/wp\/v2\/tax_estado?post=60487"}],"curies":[{"name":"wp","href":"https:\/\/api.w.org\/{rel}","templated":true}]}}