{"id":60483,"date":"2024-04-30T14:00:00","date_gmt":"2024-04-30T17:00:00","guid":{"rendered":"https:\/\/cj.estrategia.com\/portal\/?p=60483"},"modified":"2024-04-15T17:55:43","modified_gmt":"2024-04-15T20:55:43","slug":"concurso-publico-poder-judiciario","status":"publish","type":"post","link":"https:\/\/cj.estrategia.com\/portal\/concurso-publico-poder-judiciario\/","title":{"rendered":"O concurso p\u00fablico na jurisprud\u00eancia: a interven\u00e7\u00e3o do Poder Judici\u00e1rio e outros temas"},"content":{"rendered":"\n<p>Ol\u00e1 turma, como est\u00e3o os estudos? Aproveitando o clima de CNU, vamos continuar a relembrar alguns casos examinados pela jurisprud\u00eancia do STJ e do STF envolvendo a tem\u00e1tica dos concursos p\u00fablicos, com foco no exame das consequ\u00eancias da interven\u00e7\u00e3o do Poder Judici\u00e1rio.<\/p>\n\n\n\n<p><img decoding=\"async\" width=\"400\" height=\"267\" class=\"wp-image-23221\" style=\"width: 400px;\" src=\"https:\/\/cj.estrategia.com\/portal\/wp-content\/uploads\/2022\/11\/10103954\/concursos-federais-oportunidades-carreira-juridica.jpg\" alt=\"Os concursos p\u00fablicos na jurisprud\u00eancia do Tribunais.\" srcset=\"https:\/\/cj.estrategia.com\/portal\/wp-content\/uploads\/2022\/11\/10103954\/concursos-federais-oportunidades-carreira-juridica.jpg 800w, https:\/\/cj.estrategia.com\/portal\/wp-content\/uploads\/2022\/11\/10103954\/concursos-federais-oportunidades-carreira-juridica-300x200.jpg 300w, https:\/\/cj.estrategia.com\/portal\/wp-content\/uploads\/2022\/11\/10103954\/concursos-federais-oportunidades-carreira-juridica-768x513.jpg 768w, https:\/\/cj.estrategia.com\/portal\/wp-content\/uploads\/2022\/11\/10103954\/concursos-federais-oportunidades-carreira-juridica-380x254.jpg 380w, https:\/\/cj.estrategia.com\/portal\/wp-content\/uploads\/2022\/11\/10103954\/concursos-federais-oportunidades-carreira-juridica-150x100.jpg 150w\" sizes=\"(max-width: 400px) 100vw, 400px\" \/><\/p>\n\n\n\n<h2 class=\"wp-block-heading\" id=\"h-panorama-legal-dos-concursos-publicos\"><span id=\"panorama-legal-dos-concursos-publicos\"><strong>Panorama legal dos concursos p\u00fablicos<\/strong><\/span><\/h2>\n\n\n\n<p>Conforme explicitado desde a parte 1 dessa s\u00e9rie de artigos, o concurso p\u00fablico, como ferramenta de sele\u00e7\u00e3o de candidatos a ocupantes de cargos efetivos da Administra\u00e7\u00e3o P\u00fablica, est\u00e1 previsto especificamente (e at\u00e9 com algum grau de detalhamento) na pr\u00f3pria Carta Constitucional de 1988 (CF\/88), ganhando status de verdadeiro \u201cprinc\u00edpio\u201d, conforme o art. 37, I, II, III e IV, da CF\/88. Confira-se:<\/p>\n\n\n\n<ul class=\"wp-block-list\">\n<li>Art. 37. A administra\u00e7\u00e3o p\u00fablica direta e indireta de qualquer dos Poderes da Uni\u00e3o, dos Estados, do Distrito Federal e dos Munic\u00edpios obedecer\u00e1 aos princ\u00edpios de legalidade, impessoalidade, moralidade, publicidade e efici\u00eancia e, tamb\u00e9m, ao seguinte:<\/li>\n\n\n\n<li>I &#8211; os cargos, empregos e fun\u00e7\u00f5es p\u00fablicas s\u00e3o acess\u00edveis aos brasileiros que preencham os requisitos estabelecidos em lei, assim como aos estrangeiros, na forma da lei;&nbsp;&nbsp;<\/li>\n\n\n\n<li>II &#8211; a investidura em cargo ou emprego p\u00fablico depende de aprova\u00e7\u00e3o pr\u00e9via em concurso p\u00fablico de provas ou de provas e t\u00edtulos, de acordo com a natureza e a complexidade do cargo ou emprego, na forma prevista em lei, ressalvadas as nomea\u00e7\u00f5es para cargo em comiss\u00e3o declarado em lei de livre nomea\u00e7\u00e3o e exonera\u00e7\u00e3o;<\/li>\n\n\n\n<li>III &#8211; o prazo de validade do concurso p\u00fablico ser\u00e1 de at\u00e9 dois anos, prorrog\u00e1vel uma vez, por igual per\u00edodo;<\/li>\n\n\n\n<li>IV &#8211; durante o prazo improrrog\u00e1vel previsto no edital de convoca\u00e7\u00e3o, aquele aprovado em concurso p\u00fablico de provas ou de provas e t\u00edtulos ser\u00e1 convocado com prioridade sobre novos concursados para assumir cargo ou emprego, na carreira;<\/li>\n<\/ul>\n\n\n\n<p>O concurso p\u00fablico \u00e9 um meio de efetiva\u00e7\u00e3o dos princ\u00edpios da igualdade e da impessoalidade no \u00e2mbito da Administra\u00e7\u00e3o P\u00fablica, pois sua regulamenta\u00e7\u00e3o exige crit\u00e9rios objetivos de aprova\u00e7\u00e3o\/reprova\u00e7\u00e3o e classifica\u00e7\u00e3o, o que tende a evitar apadrinhamentos pol\u00edticos ou nepotismos.<\/p>\n\n\n\n<p>Segundo decidido pelo STF, em repercuss\u00e3o geral, \u201ca for\u00e7a normativa do princ\u00edpio do concurso p\u00fablico vincula diretamente a Administra\u00e7\u00e3o. \u00c9 preciso reconhecer que a efetividade da exig\u00eancia constitucional do concurso p\u00fablico, como uma incomensur\u00e1vel conquista da cidadania no Brasil, permanece condicionada \u00e0 observ\u00e2ncia, pelo Poder P\u00fablico, de normas de organiza\u00e7\u00e3o e procedimento e, principalmente, de garantias fundamentais que possibilitem o seu pleno exerc\u00edcio pelos cidad\u00e3os.\u201d<\/p>\n\n\n\n<p>O princ\u00edpio constitucional do concurso p\u00fablico \u00e9 fortalecido quando o Poder P\u00fablico assegura e observa as garantias fundamentais que viabilizam a efetividade desse princ\u00edpio, tais como as garantias de publicidade, isonomia, transpar\u00eancia, impessoalidade, entre outras, que garantem a plena efetividade do princ\u00edpio do concurso p\u00fablico (<a href=\"https:\/\/redir.stf.jus.br\/paginadorpub\/paginador.jsp?docTP=AC&amp;docID=628215\">RE 598099, Relator(a): GILMAR MENDES, Tribunal Pleno, julgado em 10-08-2011, REPERCUSS\u00c3O GERAL &#8211; M\u00c9RITO DJe-189 DIVULG 30-09-2011 PUBLIC 03-10-2011 EMENT VOL-02599-03 PP-00314 RTJ VOL-00222-01 PP-00521<\/a>).<\/p>\n\n\n\n<p>Relembremos mais alguns entendimentos importantes do STJ e do STF sobre esse instituto, analisando as consequ\u00eancias da interven\u00e7\u00e3o do Poder Judici\u00e1rio na realiza\u00e7\u00e3o do concurso p\u00fablico, al\u00e9m de outros temas correlacionados.<\/p>\n\n\n\n<h2 class=\"wp-block-heading\" id=\"h-o-concurso-publico-e-a-intervencao-do-poder-judiciario\"><span id=\"o-concurso-publico-e-a-intervencao-do-poder-judiciario\"><strong>O concurso p\u00fablico e a interven\u00e7\u00e3o do Poder Judici\u00e1rio<\/strong><\/span><\/h2>\n\n\n\n<p>Conforme mencionado acima, \u00e9 comum que candidatos eliminados em determinada fase do concurso busquem no Poder Judici\u00e1rio a mudan\u00e7a dessa reprova\u00e7\u00e3o. Assim, \u00e9 importante examinar as consequ\u00eancias da interven\u00e7\u00e3o do Poder Judici\u00e1rio no concurso p\u00fablico.<\/p>\n\n\n\n<p>Entretanto, segundo o STF e o STJ, o Poder Judici\u00e1rio n\u00e3o pode substituir a banca examinadora para reexaminar o conte\u00fado das quest\u00f5es e os crit\u00e9rios de corre\u00e7\u00e3o utilizados pela banca e que ensejaram a reprova\u00e7\u00e3o (<a href=\"https:\/\/processo.stj.jus.br\/SCON\/GetInteiroTeorDoAcordao?num_registro=202300887547&amp;dt_publicacao=07\/12\/2023\">AgInt no RMS n. 70.959\/RS, relatora Ministra Regina Helena Costa, Primeira Turma, julgado em 4\/12\/2023, DJe de 7\/12\/2023<\/a>).<\/p>\n\n\n\n<p>De fato, o Poder Judici\u00e1rio pode apenas realizar um controle da legalidade do concurso e do cumprimento do princ\u00edpio da vincula\u00e7\u00e3o ao edital, mas n\u00e3o examinar, como regra, as quest\u00f5es e crit\u00e9rios de corre\u00e7\u00e3o para atribuir nota diferente ao candidato eliminado.<\/p>\n\n\n\n<p>Essa \u00e9 a orienta\u00e7\u00e3o do STF, em repercuss\u00e3o geral (Tema 485): \u201cN\u00e3o compete ao Poder Judici\u00e1rio, no controle de legalidade, substituir banca examinadora para avaliar respostas dadas pelos candidatos e notas a elas atribu\u00eddas. Excepcionalmente, \u00e9 permitido ao Judici\u00e1rio ju\u00edzo de compatibilidade do conte\u00fado das quest\u00f5es do concurso com o previsto no edital do certame\u201d<a href=\"#_ftn1\" id=\"_ftnref1\">[1]<\/a>.&nbsp;<\/p>\n\n\n\n<h2 class=\"wp-block-heading\" id=\"h-o-fato-consumado\"><span id=\"o-fato-consumado\"><strong>O fato consumado<\/strong><\/span><\/h2>\n\n\n\n<p>Outro entendimento importante do STJ e do STF, acerca dos concursos p\u00fablicos, envolve o afastamento, atual, da tese do fato consumado.<\/p>\n\n\n\n<p>Com efeito, era comum que candidatos eliminados em determinada fase do concurso tentem reverter essa elimina\u00e7\u00e3o judicialmente. Nesse contexto, podem obter medida judici\u00e1ria provis\u00f3ria garantindo sua nomea\u00e7\u00e3o at\u00e9 o desfecho do processo.<\/p>\n\n\n\n<p>Durante longo per\u00edodo, as Cortes Superiores entenderam que a vig\u00eancia dessa medida decis\u00e3o judicial por muito tempo tornaria fato consumado a ocupa\u00e7\u00e3o do cargo p\u00fablico pelo ent\u00e3o candidato que ajuizou a demanda, ainda que, ao fim, sua a\u00e7\u00e3o judicial seja julgada improcedente.<\/p>\n\n\n\n<p>Assim, uma posse garantida por decis\u00e3o judicial liminar, inicialmente prec\u00e1ria, se transformaria em permanente, pelo decurso do tempo.<\/p>\n\n\n\n<p>Entretanto, a partir de uma mudan\u00e7a jurisprudencial do Supremo Tribunal Federal, os Tribunais Superiores come\u00e7aram a entender que n\u00e3o \u00e9 compat\u00edvel com a Constitui\u00e7\u00e3o e com o princ\u00edpio do concurso p\u00fablico a manuten\u00e7\u00e3o em cargo p\u00fablico de candidato n\u00e3o aprovado e cuja a\u00e7\u00e3o foi julgada improcedente, pelo simples fato do decurso do tempo (Tema 476. <a href=\"https:\/\/redir.stf.jus.br\/paginadorpub\/paginador.jsp?docTP=TP&amp;docID=7088200\">RE 608482, Relator(a): TEORI ZAVASCKI, Tribunal Pleno, julgado em 07-08-2014, AC\u00d3RD\u00c3O ELETR\u00d4NICO REPERCUSS\u00c3O GERAL &#8211; M\u00c9RITO DJe-213 DIVULG 29-10-2014 PUBLIC 30-10-2014<\/a>).<\/p>\n\n\n\n<p>Em tais situa\u00e7\u00f5es, de impugna\u00e7\u00e3o judicial de concursos p\u00fablicos, devem os magistrados apenas determinar a reserva de vaga para o candidato litigante.<\/p>\n\n\n\n<p>Com efeito, \u201cO candidato sub judice n\u00e3o possui direito subjetivo \u00e0 nomea\u00e7\u00e3o e \u00e0 posse, mas \u00e0 reserva da respectiva vaga at\u00e9 que ocorra o tr\u00e2nsito em julgado da decis\u00e3o que o beneficiou\u201d (<a href=\"https:\/\/processo.stj.jus.br\/SCON\/GetInteiroTeorDoAcordao?num_registro=201001816540&amp;dt_publicacao=25\/03\/2013\">AgRg no REsp 1214953\/MS, Rel. Ministro BENEDITO GON\u00c7ALVES, PRIMEIRA TURMA, julgado em 19\/03\/2013, DJe 25\/03\/2013<\/a>).<\/p>\n\n\n\n<p>Nesse ponto, cabe destacar que o Superior Tribunal de Justi\u00e7a, em determinados julgados, ainda busca uma flexibiliza\u00e7\u00e3o \u00e0 inaplicabilidade da teoria do fato consumado, sob a justificativa, entre outras, de que seria mais prejudicial para a Administra\u00e7\u00e3o P\u00fablica a retirada do candidato cuja a\u00e7\u00e3o foi indeferida. Confira-se:<\/p>\n\n\n\n<blockquote class=\"wp-block-quote is-layout-flow wp-block-quote-is-layout-flow\">\n<ul class=\"wp-block-list\">\n<li>&#8220;[&#8230;] O STF, em julgamento realizado sob a sistem\u00e1tica da repercuss\u00e3o geral, estabeleceu o entendimento de que &#8216;n\u00e3o \u00e9 compat\u00edvel com o regime constitucional de acesso aos cargos p\u00fablicos a manuten\u00e7\u00e3o no cargo, sob fundamento de fato consumado, de candidato n\u00e3o aprovado que nele tomou posse em decorr\u00eancia de execu\u00e7\u00e3o provis\u00f3ria de medida liminar ou outro provimento judicial de natureza prec\u00e1ria, supervenientemente revogado ou modificado&#8217; (RE 608.482, Relator Min. Teori Zavascki, Tribunal Pleno, DJe 30\/10\/2014).<\/li>\n\n\n\n<li>Segundo a jurisprud\u00eancia desta Corte, &#8216;existem situa\u00e7\u00f5es excepcionais, como a dos autos, nas quais a solu\u00e7\u00e3o padronizada ocasionaria mais danos sociais do que a manuten\u00e7\u00e3o da situa\u00e7\u00e3o consolidada, impondo-se o distinguishing, e possibilitando a contagem do tempo de servi\u00e7o prestado por for\u00e7a de decis\u00e3o liminar para efeito de estabilidade, em necess\u00e1ria flexibiliza\u00e7\u00e3o da regra&#8217; (REsp. 1.673.591\/RS, Rel. Min. REGINA HELENA COSTA, DJe 20.8.2018); [&#8230;]&#8221; (<a href=\"https:\/\/processo.stj.jus.br\/SCON\/GetInteiroTeorDoAcordao?num_registro=201100831084&amp;dt_publicacao=28\/10\/2020\">AgInt no REsp n. 1.256.762\/RJ, relator Ministro S\u00e9rgio Kukina, Primeira Turma, julgado em 13\/10\/2020, DJe de 28\/10\/2020<\/a>).<\/li>\n<\/ul>\n<\/blockquote>\n\n\n\n<h2 class=\"wp-block-heading\" id=\"h-a-exigencia-de-limite-de-idade\"><span id=\"a-exigencia-de-limite-de-idade\"><strong>A exig\u00eancia de limite de idade<\/strong><\/span><\/h2>\n\n\n\n<p>A jurisprud\u00eancia das Cortes Superiores entende que a exig\u00eancia de limite de idade para inscri\u00e7\u00e3o e participa\u00e7\u00e3o em concurso p\u00fablico \u00e9 leg\u00edtima quando justificada pela natureza das atribui\u00e7\u00f5es do cargo a ser ocupado atrav\u00e9s desse concurso (<a href=\"https:\/\/redir.stf.jus.br\/paginadorpub\/paginador.jsp?docTP=TP&amp;docID=3791863\">STF. Tema 646. ARE 678112 RG, Relator(a): LUIZ FUX, Tribunal Pleno, julgado em 25-04-2013, AC\u00d3RD\u00c3O ELETR\u00d4NICO REPERCUSS\u00c3O GERAL &#8211; M\u00c9RITO DJe-093 DIVULG 16-05-2013 PUBLIC 17-05-2013<\/a>).<\/p>\n\n\n\n<p>Ainda nesse aspecto, decidiu o Supremo que esse limite et\u00e1rio deve ter sido previsto em lei anteriormente ao concurso p\u00fablico e deve ter sido fixado tamb\u00e9m no edital do concurso p\u00fablico, devendo ser comprovada a idade no momento da inscri\u00e7\u00e3o do certame, \u201ctendo em vista a impossibilidade de se antever a data em que ser\u00e1 realizada a fase fixada como par\u00e2metro para aferi\u00e7\u00e3o do requisito da idade\u201d (<a href=\"https:\/\/redir.stf.jus.br\/paginadorpub\/paginador.jsp?docTP=TP&amp;docID=753054871\">ARE 1210221 AgR, Relator(a): ROBERTO BARROSO, Primeira Turma, julgado em 08-06-2020, PROCESSO ELETR\u00d4NICO DJe-156 DIVULG 22-06-2020 PUBLIC 23-06-2020<\/a>).<\/p>\n\n\n\n<p>Segundo o STJ, \u201cA aferi\u00e7\u00e3o do cumprimento do requisito de idade m\u00ednima \u00e9 feito no momento da posse no cargo p\u00fablico, enquanto a comprova\u00e7\u00e3o do limite m\u00e1ximo \u00e9 feita no momento da inscri\u00e7\u00e3o\u201d (<a href=\"https:\/\/processo.stj.jus.br\/SCON\/GetInteiroTeorDoAcordao?num_registro=202202548140&amp;dt_publicacao=29\/06\/2023\">AgInt no AREsp 2190082\/AP, Rel. Ministro PAULO S\u00c9RGIO DOMINGUES, PRIMEIRA TURMA, julgado em 26\/06\/2023, DJe 29\/06\/2023<\/a>).<\/p>\n\n\n\n<h2 class=\"wp-block-heading\" id=\"h-o-concurso-publico-e-as-mudancas-em-seu-edital\"><span id=\"o-concurso-publico-e-as-mudancas-em-seu-edital\"><strong>O concurso p\u00fablico e as mudan\u00e7as em seu edital<\/strong><\/span><\/h2>\n\n\n\n<p>O Supremo Tribunal Federal tem entendido tamb\u00e9m que \u00e9 poss\u00edvel a altera\u00e7\u00e3o do edital do concurso p\u00fablico, antes de sua conclus\u00e3o, com a homologa\u00e7\u00e3o do resultado, quando for necess\u00e1rio adaptar o certame \u00e0 nova legisla\u00e7\u00e3o que regulamenta a carreira (<a href=\"https:\/\/redir.stf.jus.br\/paginadorpub\/paginador.jsp?docTP=TP&amp;docID=13501560\">RE 1025819 AgR, Relator(a): ROBERTO BARROSO, Primeira Turma, julgado em 21-08-2017, PROCESSO ELETR\u00d4NICO DJe-197 DIVULG 31-08-2017 PUBLIC 01-09-2017<\/a>).<\/p>\n\n\n\n<h2 class=\"wp-block-heading\" id=\"h-o-concurso-publico-na-jurisprudencia-dos-tribunais-superiores-a-divulgacao-dos-criterios-de-correcao\"><span id=\"o-concurso-publico-na-jurisprudencia-dos-tribunais-superiores-a-divulgacao-dos-criterios-de-correcao\"><strong>O concurso p\u00fablico na jurisprud\u00eancia dos tribunais superiores: a divulga\u00e7\u00e3o dos crit\u00e9rios de corre\u00e7\u00e3o<\/strong><\/span><\/h2>\n\n\n\n<p>Segundo a jurisprud\u00eancia do Superior Tribunal de Justi\u00e7a, a \u201cdivulga\u00e7\u00e3o, ainda que a posteriori, dos crit\u00e9rios de corre\u00e7\u00e3o das provas dissertativas ou orais n\u00e3o viola, por si s\u00f3, o princ\u00edpio da igualdade, desde que os mesmos par\u00e2metros sejam aplicados uniforme e indistintamente a todos os candidatos\u201d (<a href=\"https:\/\/processo.stj.jus.br\/SCON\/GetInteiroTeorDoAcordao?num_registro=201602368839&amp;dt_publicacao=22\/08\/2017\">AgInt no RMS 51969\/MS, Rel. Ministro S\u00c9RGIO KUKINA, PRIMEIRA TURMA, julgado em 08\/08\/2017, DJe 22\/08\/2017<\/a>).<\/p>\n\n\n\n<p>Nesse contexto, encerramos a s\u00e9tima parte da s\u00e9rie de artigos sobre o concurso p\u00fablico e o Poder Judici\u00e1rio, no qual foram analisadas as consequ\u00eancias da interven\u00e7\u00e3o judici\u00e1ria na realiza\u00e7\u00e3o dos concursos e ainda outros temas correlacionados. Esperamos que mais esse rol exemplificativo de casos seja \u00fatil para estudos e revis\u00f5es. Para mais detalhes, os ac\u00f3rd\u00e3os dos julgados citados est\u00e3o dispon\u00edveis por meio dos links constantes do texto e caso saibam de mais algum julgado interessante na jurisprud\u00eancia do STJ e do STF sobre o tema, por favor, citem nos coment\u00e1rios.<\/p>\n\n\n\n<hr class=\"wp-block-separator has-alpha-channel-opacity\"\/>\n\n\n\n<p><a id=\"_ftn1\" href=\"#_ftnref1\">[1]<\/a> RE 632853, Relator(a): GILMAR MENDES, Tribunal Pleno, julgado em 23-04-2015, AC\u00d3RD\u00c3O ELETR\u00d4NICO REPERCUSS\u00c3O GERAL &#8211; M\u00c9RITO DJe-125 DIVULG 26-06-2015 PUBLIC 29-06-2015 RTJ VOL-00235-01 PP-00249.<\/p>\n\n\n\n<p class=\"has-text-align-center\"><strong>Quer estudar para Carreiras Jur\u00eddicas?<\/strong><\/p>\n\n\n\n<p><a href=\"https:\/\/cj.estrategia.com\/portal\/concursos-abertos-carreiras-juridicas\/\" target=\"_blank\" >Concursos abertos<\/a><\/p>\n\n\n\n<p><a href=\"https:\/\/cj.estrategia.com\/portal\/concursos-2023-carreiras-juridicas\/\" target=\"_blank\" >Concursos 2023<\/a><\/p>\n\n\n\n<p><a href=\"https:\/\/cj.estrategia.com\/portal\/concursos-2024-carreiras-juridicas\/\" target=\"_blank\" >Concursos 2024<\/a><\/p>\n","protected":false},"excerpt":{"rendered":"O concurso p\u00fablico na jurisprud\u00eancia:   a interven\u00e7\u00e3o do Poder Judici\u00e1rio e outros temas.\n","protected":false},"author":55,"featured_media":23221,"comment_status":"open","ping_status":"open","sticky":false,"template":"","format":"standard","meta":{"_jetpack_memberships_contains_paid_content":false,"footnotes":""},"categories":[1],"tags":[84,83],"tax_estado":[30,31,32,33,34,35,36,37,38,39,40,41,42,43,44,45,46,47,48,49,50,51,52,53,54,55,56,57],"class_list":{"0":"post-60483","1":"post","2":"type-post","3":"status-publish","4":"format-standard","5":"has-post-thumbnail","7":"category-carreiras-juridicas","8":"tag-carreira-juridica","9":"tag-concursos-juridicos","10":"tax_estado-ac","11":"tax_estado-al","12":"tax_estado-am","13":"tax_estado-ap","14":"tax_estado-ba","15":"tax_estado-ce","16":"tax_estado-concursos-federais","17":"tax_estado-df","18":"tax_estado-es","19":"tax_estado-go","20":"tax_estado-ma","21":"tax_estado-mg","22":"tax_estado-ms","23":"tax_estado-mt","24":"tax_estado-pa","25":"tax_estado-pb","26":"tax_estado-pe","27":"tax_estado-pi","28":"tax_estado-pr","29":"tax_estado-rj","30":"tax_estado-rn","31":"tax_estado-ro","32":"tax_estado-rr","33":"tax_estado-rs","34":"tax_estado-sc","35":"tax_estado-se","36":"tax_estado-sp","37":"tax_estado-to"},"acf":[],"yoast_head":"<!-- This site is optimized with the Yoast SEO Premium plugin v27.4 (Yoast SEO v27.4) - https:\/\/yoast.com\/product\/yoast-seo-premium-wordpress\/ -->\n<title>O concurso p\u00fablico: a interven\u00e7\u00e3o do Judici\u00e1rio e outros temas<\/title>\n<meta name=\"description\" content=\"O concurso P\u00fablico na jurisprud\u00eancia dos Tribunais Superiores: a interven\u00e7\u00e3o do Poder Judici\u00e1rio e outros temas.\" \/>\n<meta name=\"robots\" content=\"index, follow, max-snippet:-1, max-image-preview:large, max-video-preview:-1\" \/>\n<link rel=\"canonical\" href=\"https:\/\/cj.estrategia.com\/portal\/concurso-publico-poder-judiciario\/\" \/>\n<meta property=\"og:locale\" content=\"pt_BR\" \/>\n<meta property=\"og:type\" content=\"article\" \/>\n<meta property=\"og:title\" content=\"O concurso p\u00fablico na jurisprud\u00eancia: a interven\u00e7\u00e3o do Poder Judici\u00e1rio e outros temas\" \/>\n<meta property=\"og:description\" content=\"O concurso P\u00fablico na jurisprud\u00eancia dos Tribunais Superiores: a interven\u00e7\u00e3o do Poder Judici\u00e1rio e outros temas.\" \/>\n<meta property=\"og:url\" content=\"https:\/\/cj.estrategia.com\/portal\/concurso-publico-poder-judiciario\/\" \/>\n<meta property=\"og:site_name\" content=\"Blog - Carreiras Jur\u00eddicas - Estrat\u00e9gia\" \/>\n<meta property=\"article:publisher\" content=\"https:\/\/www.facebook.com\/estrategiacarreirajuridica\/\" \/>\n<meta property=\"article:published_time\" content=\"2024-04-30T17:00:00+00:00\" \/>\n<meta property=\"og:image\" content=\"https:\/\/cj.estrategia.com\/portal\/wp-content\/uploads\/2022\/11\/10103954\/concursos-federais-oportunidades-carreira-juridica.jpg\" \/>\n\t<meta property=\"og:image:width\" content=\"800\" \/>\n\t<meta property=\"og:image:height\" content=\"534\" \/>\n\t<meta property=\"og:image:type\" content=\"image\/jpeg\" \/>\n<meta name=\"author\" content=\"Jose Mendes Lima Aguiar\" \/>\n<meta name=\"twitter:card\" content=\"summary_large_image\" \/>\n<meta name=\"twitter:creator\" content=\"@EstratJuridica\" \/>\n<meta name=\"twitter:site\" content=\"@EstratJuridica\" \/>\n<meta name=\"twitter:label1\" content=\"Escrito por\" \/>\n\t<meta name=\"twitter:data1\" content=\"Jose Mendes Lima Aguiar\" \/>\n\t<meta name=\"twitter:label2\" content=\"Est. tempo de leitura\" \/>\n\t<meta name=\"twitter:data2\" content=\"9 minutos\" \/>\n<script type=\"application\/ld+json\" class=\"yoast-schema-graph\">{\"@context\":\"https:\\\/\\\/schema.org\",\"@graph\":[{\"@type\":\"NewsArticle\",\"@id\":\"https:\\\/\\\/cj.estrategia.com\\\/portal\\\/concurso-publico-poder-judiciario\\\/#article\",\"isPartOf\":{\"@id\":\"https:\\\/\\\/cj.estrategia.com\\\/portal\\\/concurso-publico-poder-judiciario\\\/\"},\"author\":{\"name\":\"Jose Mendes Lima Aguiar\",\"@id\":\"https:\\\/\\\/cj.estrategia.com\\\/portal\\\/#\\\/schema\\\/person\\\/771b883c8ee8ccd97e579a50988db032\"},\"headline\":\"O concurso p\u00fablico na jurisprud\u00eancia: a interven\u00e7\u00e3o do Poder Judici\u00e1rio e outros temas\",\"datePublished\":\"2024-04-30T17:00:00+00:00\",\"mainEntityOfPage\":{\"@id\":\"https:\\\/\\\/cj.estrategia.com\\\/portal\\\/concurso-publico-poder-judiciario\\\/\"},\"wordCount\":1866,\"commentCount\":0,\"publisher\":{\"@id\":\"https:\\\/\\\/cj.estrategia.com\\\/portal\\\/#organization\"},\"image\":{\"@id\":\"https:\\\/\\\/cj.estrategia.com\\\/portal\\\/concurso-publico-poder-judiciario\\\/#primaryimage\"},\"thumbnailUrl\":\"https:\\\/\\\/cj.estrategia.com\\\/portal\\\/wp-content\\\/uploads\\\/2022\\\/11\\\/10103954\\\/concursos-federais-oportunidades-carreira-juridica.jpg\",\"keywords\":[\"carreira jur\u00eddica\",\"concursos jur\u00eddicos\"],\"articleSection\":[\"Carreiras Jur\u00eddicas\"],\"inLanguage\":\"pt-BR\",\"potentialAction\":[{\"@type\":\"CommentAction\",\"name\":\"Comment\",\"target\":[\"https:\\\/\\\/cj.estrategia.com\\\/portal\\\/concurso-publico-poder-judiciario\\\/#respond\"]}]},{\"@type\":\"WebPage\",\"@id\":\"https:\\\/\\\/cj.estrategia.com\\\/portal\\\/concurso-publico-poder-judiciario\\\/\",\"url\":\"https:\\\/\\\/cj.estrategia.com\\\/portal\\\/concurso-publico-poder-judiciario\\\/\",\"name\":\"O concurso p\u00fablico: a interven\u00e7\u00e3o do Judici\u00e1rio e outros temas\",\"isPartOf\":{\"@id\":\"https:\\\/\\\/cj.estrategia.com\\\/portal\\\/#website\"},\"primaryImageOfPage\":{\"@id\":\"https:\\\/\\\/cj.estrategia.com\\\/portal\\\/concurso-publico-poder-judiciario\\\/#primaryimage\"},\"image\":{\"@id\":\"https:\\\/\\\/cj.estrategia.com\\\/portal\\\/concurso-publico-poder-judiciario\\\/#primaryimage\"},\"thumbnailUrl\":\"https:\\\/\\\/cj.estrategia.com\\\/portal\\\/wp-content\\\/uploads\\\/2022\\\/11\\\/10103954\\\/concursos-federais-oportunidades-carreira-juridica.jpg\",\"datePublished\":\"2024-04-30T17:00:00+00:00\",\"description\":\"O concurso P\u00fablico na jurisprud\u00eancia dos Tribunais Superiores: a interven\u00e7\u00e3o do Poder Judici\u00e1rio e outros temas.\",\"breadcrumb\":{\"@id\":\"https:\\\/\\\/cj.estrategia.com\\\/portal\\\/concurso-publico-poder-judiciario\\\/#breadcrumb\"},\"inLanguage\":\"pt-BR\",\"potentialAction\":[{\"@type\":\"ReadAction\",\"target\":[\"https:\\\/\\\/cj.estrategia.com\\\/portal\\\/concurso-publico-poder-judiciario\\\/\"]}]},{\"@type\":\"ImageObject\",\"inLanguage\":\"pt-BR\",\"@id\":\"https:\\\/\\\/cj.estrategia.com\\\/portal\\\/concurso-publico-poder-judiciario\\\/#primaryimage\",\"url\":\"https:\\\/\\\/cj.estrategia.com\\\/portal\\\/wp-content\\\/uploads\\\/2022\\\/11\\\/10103954\\\/concursos-federais-oportunidades-carreira-juridica.jpg\",\"contentUrl\":\"https:\\\/\\\/cj.estrategia.com\\\/portal\\\/wp-content\\\/uploads\\\/2022\\\/11\\\/10103954\\\/concursos-federais-oportunidades-carreira-juridica.jpg\",\"width\":800,\"height\":534,\"caption\":\"Realizando provas de concurso p\u00fablico\"},{\"@type\":\"BreadcrumbList\",\"@id\":\"https:\\\/\\\/cj.estrategia.com\\\/portal\\\/concurso-publico-poder-judiciario\\\/#breadcrumb\",\"itemListElement\":[{\"@type\":\"ListItem\",\"position\":1,\"name\":\"In\u00edcio\",\"item\":\"https:\\\/\\\/cj.estrategia.com\\\/portal\\\/\"},{\"@type\":\"ListItem\",\"position\":2,\"name\":\"O concurso p\u00fablico na jurisprud\u00eancia: a interven\u00e7\u00e3o do Poder Judici\u00e1rio e outros temas\"}]},{\"@type\":\"WebSite\",\"@id\":\"https:\\\/\\\/cj.estrategia.com\\\/portal\\\/#website\",\"url\":\"https:\\\/\\\/cj.estrategia.com\\\/portal\\\/\",\"name\":\"Blog - Carreiras Jur\u00eddicas - Estrat\u00e9gia\",\"description\":\"\",\"publisher\":{\"@id\":\"https:\\\/\\\/cj.estrategia.com\\\/portal\\\/#organization\"},\"potentialAction\":[{\"@type\":\"SearchAction\",\"target\":{\"@type\":\"EntryPoint\",\"urlTemplate\":\"https:\\\/\\\/cj.estrategia.com\\\/portal\\\/?s={search_term_string}\"},\"query-input\":{\"@type\":\"PropertyValueSpecification\",\"valueRequired\":true,\"valueName\":\"search_term_string\"}}],\"inLanguage\":\"pt-BR\"},{\"@type\":\"Organization\",\"@id\":\"https:\\\/\\\/cj.estrategia.com\\\/portal\\\/#organization\",\"name\":\"Estrat\u00e9gia - Carreiras Jur\u00eddicas\",\"url\":\"https:\\\/\\\/cj.estrategia.com\\\/portal\\\/\",\"logo\":{\"@type\":\"ImageObject\",\"inLanguage\":\"pt-BR\",\"@id\":\"https:\\\/\\\/cj.estrategia.com\\\/portal\\\/#\\\/schema\\\/logo\\\/image\\\/\",\"url\":\"https:\\\/\\\/cj.estrategia.com\\\/portal\\\/wp-content\\\/uploads\\\/2022\\\/03\\\/11151052\\\/cj-logo.png\",\"contentUrl\":\"https:\\\/\\\/cj.estrategia.com\\\/portal\\\/wp-content\\\/uploads\\\/2022\\\/03\\\/11151052\\\/cj-logo.png\",\"width\":150,\"height\":39,\"caption\":\"Estrat\u00e9gia - Carreiras Jur\u00eddicas\"},\"image\":{\"@id\":\"https:\\\/\\\/cj.estrategia.com\\\/portal\\\/#\\\/schema\\\/logo\\\/image\\\/\"},\"sameAs\":[\"https:\\\/\\\/www.facebook.com\\\/estrategiacarreirajuridica\\\/\",\"https:\\\/\\\/x.com\\\/EstratJuridica\",\"https:\\\/\\\/www.instagram.com\\\/estrategiacarreirajuridica\\\/\",\"https:\\\/\\\/www.youtube.com\\\/channel\\\/UClbMGuYbj2Mh1m3w144ETWQ\"]},{\"@type\":\"Person\",\"@id\":\"https:\\\/\\\/cj.estrategia.com\\\/portal\\\/#\\\/schema\\\/person\\\/771b883c8ee8ccd97e579a50988db032\",\"name\":\"Jose Mendes Lima Aguiar\",\"image\":{\"@type\":\"ImageObject\",\"inLanguage\":\"pt-BR\",\"@id\":\"https:\\\/\\\/secure.gravatar.com\\\/avatar\\\/9de6360b81109e7efcabd12f27cceb9f2aaa24687eff693fcfce9d1ac42b44a4?s=96&d=mm&r=g\",\"url\":\"https:\\\/\\\/secure.gravatar.com\\\/avatar\\\/9de6360b81109e7efcabd12f27cceb9f2aaa24687eff693fcfce9d1ac42b44a4?s=96&d=mm&r=g\",\"contentUrl\":\"https:\\\/\\\/secure.gravatar.com\\\/avatar\\\/9de6360b81109e7efcabd12f27cceb9f2aaa24687eff693fcfce9d1ac42b44a4?s=96&d=mm&r=g\",\"caption\":\"Jose Mendes Lima Aguiar\"},\"url\":\"https:\\\/\\\/cj.estrategia.com\\\/portal\\\/author\\\/jose-mendes\\\/\"}]}<\/script>\n<!-- \/ Yoast SEO Premium plugin. -->","yoast_head_json":{"title":"O concurso p\u00fablico: a interven\u00e7\u00e3o do Judici\u00e1rio e outros temas","description":"O concurso P\u00fablico na jurisprud\u00eancia dos Tribunais Superiores: a interven\u00e7\u00e3o do Poder Judici\u00e1rio e outros temas.","robots":{"index":"index","follow":"follow","max-snippet":"max-snippet:-1","max-image-preview":"max-image-preview:large","max-video-preview":"max-video-preview:-1"},"canonical":"https:\/\/cj.estrategia.com\/portal\/concurso-publico-poder-judiciario\/","og_locale":"pt_BR","og_type":"article","og_title":"O concurso p\u00fablico na jurisprud\u00eancia: a interven\u00e7\u00e3o do Poder Judici\u00e1rio e outros temas","og_description":"O concurso P\u00fablico na jurisprud\u00eancia dos Tribunais Superiores: a interven\u00e7\u00e3o do Poder Judici\u00e1rio e outros temas.","og_url":"https:\/\/cj.estrategia.com\/portal\/concurso-publico-poder-judiciario\/","og_site_name":"Blog - Carreiras Jur\u00eddicas - Estrat\u00e9gia","article_publisher":"https:\/\/www.facebook.com\/estrategiacarreirajuridica\/","article_published_time":"2024-04-30T17:00:00+00:00","og_image":[{"width":800,"height":534,"url":"https:\/\/cj.estrategia.com\/portal\/wp-content\/uploads\/2022\/11\/10103954\/concursos-federais-oportunidades-carreira-juridica.jpg","type":"image\/jpeg"}],"author":"Jose Mendes Lima Aguiar","twitter_card":"summary_large_image","twitter_creator":"@EstratJuridica","twitter_site":"@EstratJuridica","twitter_misc":{"Escrito por":"Jose Mendes Lima Aguiar","Est. tempo de leitura":"9 minutos"},"schema":{"@context":"https:\/\/schema.org","@graph":[{"@type":"NewsArticle","@id":"https:\/\/cj.estrategia.com\/portal\/concurso-publico-poder-judiciario\/#article","isPartOf":{"@id":"https:\/\/cj.estrategia.com\/portal\/concurso-publico-poder-judiciario\/"},"author":{"name":"Jose Mendes Lima Aguiar","@id":"https:\/\/cj.estrategia.com\/portal\/#\/schema\/person\/771b883c8ee8ccd97e579a50988db032"},"headline":"O concurso p\u00fablico na jurisprud\u00eancia: a interven\u00e7\u00e3o do Poder Judici\u00e1rio e outros temas","datePublished":"2024-04-30T17:00:00+00:00","mainEntityOfPage":{"@id":"https:\/\/cj.estrategia.com\/portal\/concurso-publico-poder-judiciario\/"},"wordCount":1866,"commentCount":0,"publisher":{"@id":"https:\/\/cj.estrategia.com\/portal\/#organization"},"image":{"@id":"https:\/\/cj.estrategia.com\/portal\/concurso-publico-poder-judiciario\/#primaryimage"},"thumbnailUrl":"https:\/\/cj.estrategia.com\/portal\/wp-content\/uploads\/2022\/11\/10103954\/concursos-federais-oportunidades-carreira-juridica.jpg","keywords":["carreira jur\u00eddica","concursos jur\u00eddicos"],"articleSection":["Carreiras Jur\u00eddicas"],"inLanguage":"pt-BR","potentialAction":[{"@type":"CommentAction","name":"Comment","target":["https:\/\/cj.estrategia.com\/portal\/concurso-publico-poder-judiciario\/#respond"]}]},{"@type":"WebPage","@id":"https:\/\/cj.estrategia.com\/portal\/concurso-publico-poder-judiciario\/","url":"https:\/\/cj.estrategia.com\/portal\/concurso-publico-poder-judiciario\/","name":"O concurso p\u00fablico: a interven\u00e7\u00e3o do Judici\u00e1rio e outros temas","isPartOf":{"@id":"https:\/\/cj.estrategia.com\/portal\/#website"},"primaryImageOfPage":{"@id":"https:\/\/cj.estrategia.com\/portal\/concurso-publico-poder-judiciario\/#primaryimage"},"image":{"@id":"https:\/\/cj.estrategia.com\/portal\/concurso-publico-poder-judiciario\/#primaryimage"},"thumbnailUrl":"https:\/\/cj.estrategia.com\/portal\/wp-content\/uploads\/2022\/11\/10103954\/concursos-federais-oportunidades-carreira-juridica.jpg","datePublished":"2024-04-30T17:00:00+00:00","description":"O concurso P\u00fablico na jurisprud\u00eancia dos Tribunais Superiores: a interven\u00e7\u00e3o do Poder Judici\u00e1rio e outros temas.","breadcrumb":{"@id":"https:\/\/cj.estrategia.com\/portal\/concurso-publico-poder-judiciario\/#breadcrumb"},"inLanguage":"pt-BR","potentialAction":[{"@type":"ReadAction","target":["https:\/\/cj.estrategia.com\/portal\/concurso-publico-poder-judiciario\/"]}]},{"@type":"ImageObject","inLanguage":"pt-BR","@id":"https:\/\/cj.estrategia.com\/portal\/concurso-publico-poder-judiciario\/#primaryimage","url":"https:\/\/cj.estrategia.com\/portal\/wp-content\/uploads\/2022\/11\/10103954\/concursos-federais-oportunidades-carreira-juridica.jpg","contentUrl":"https:\/\/cj.estrategia.com\/portal\/wp-content\/uploads\/2022\/11\/10103954\/concursos-federais-oportunidades-carreira-juridica.jpg","width":800,"height":534,"caption":"Realizando provas de concurso p\u00fablico"},{"@type":"BreadcrumbList","@id":"https:\/\/cj.estrategia.com\/portal\/concurso-publico-poder-judiciario\/#breadcrumb","itemListElement":[{"@type":"ListItem","position":1,"name":"In\u00edcio","item":"https:\/\/cj.estrategia.com\/portal\/"},{"@type":"ListItem","position":2,"name":"O concurso p\u00fablico na jurisprud\u00eancia: a interven\u00e7\u00e3o do Poder Judici\u00e1rio e outros temas"}]},{"@type":"WebSite","@id":"https:\/\/cj.estrategia.com\/portal\/#website","url":"https:\/\/cj.estrategia.com\/portal\/","name":"Blog - Carreiras Jur\u00eddicas - Estrat\u00e9gia","description":"","publisher":{"@id":"https:\/\/cj.estrategia.com\/portal\/#organization"},"potentialAction":[{"@type":"SearchAction","target":{"@type":"EntryPoint","urlTemplate":"https:\/\/cj.estrategia.com\/portal\/?s={search_term_string}"},"query-input":{"@type":"PropertyValueSpecification","valueRequired":true,"valueName":"search_term_string"}}],"inLanguage":"pt-BR"},{"@type":"Organization","@id":"https:\/\/cj.estrategia.com\/portal\/#organization","name":"Estrat\u00e9gia - Carreiras Jur\u00eddicas","url":"https:\/\/cj.estrategia.com\/portal\/","logo":{"@type":"ImageObject","inLanguage":"pt-BR","@id":"https:\/\/cj.estrategia.com\/portal\/#\/schema\/logo\/image\/","url":"https:\/\/cj.estrategia.com\/portal\/wp-content\/uploads\/2022\/03\/11151052\/cj-logo.png","contentUrl":"https:\/\/cj.estrategia.com\/portal\/wp-content\/uploads\/2022\/03\/11151052\/cj-logo.png","width":150,"height":39,"caption":"Estrat\u00e9gia - Carreiras Jur\u00eddicas"},"image":{"@id":"https:\/\/cj.estrategia.com\/portal\/#\/schema\/logo\/image\/"},"sameAs":["https:\/\/www.facebook.com\/estrategiacarreirajuridica\/","https:\/\/x.com\/EstratJuridica","https:\/\/www.instagram.com\/estrategiacarreirajuridica\/","https:\/\/www.youtube.com\/channel\/UClbMGuYbj2Mh1m3w144ETWQ"]},{"@type":"Person","@id":"https:\/\/cj.estrategia.com\/portal\/#\/schema\/person\/771b883c8ee8ccd97e579a50988db032","name":"Jose Mendes Lima Aguiar","image":{"@type":"ImageObject","inLanguage":"pt-BR","@id":"https:\/\/secure.gravatar.com\/avatar\/9de6360b81109e7efcabd12f27cceb9f2aaa24687eff693fcfce9d1ac42b44a4?s=96&d=mm&r=g","url":"https:\/\/secure.gravatar.com\/avatar\/9de6360b81109e7efcabd12f27cceb9f2aaa24687eff693fcfce9d1ac42b44a4?s=96&d=mm&r=g","contentUrl":"https:\/\/secure.gravatar.com\/avatar\/9de6360b81109e7efcabd12f27cceb9f2aaa24687eff693fcfce9d1ac42b44a4?s=96&d=mm&r=g","caption":"Jose Mendes Lima Aguiar"},"url":"https:\/\/cj.estrategia.com\/portal\/author\/jose-mendes\/"}]}},"jetpack_featured_media_url":"https:\/\/cj.estrategia.com\/portal\/wp-content\/uploads\/2022\/11\/10103954\/concursos-federais-oportunidades-carreira-juridica.jpg","jetpack_sharing_enabled":true,"_links":{"self":[{"href":"https:\/\/cj.estrategia.com\/portal\/wp-json\/wp\/v2\/posts\/60483","targetHints":{"allow":["GET"]}}],"collection":[{"href":"https:\/\/cj.estrategia.com\/portal\/wp-json\/wp\/v2\/posts"}],"about":[{"href":"https:\/\/cj.estrategia.com\/portal\/wp-json\/wp\/v2\/types\/post"}],"author":[{"embeddable":true,"href":"https:\/\/cj.estrategia.com\/portal\/wp-json\/wp\/v2\/users\/55"}],"replies":[{"embeddable":true,"href":"https:\/\/cj.estrategia.com\/portal\/wp-json\/wp\/v2\/comments?post=60483"}],"version-history":[{"count":3,"href":"https:\/\/cj.estrategia.com\/portal\/wp-json\/wp\/v2\/posts\/60483\/revisions"}],"predecessor-version":[{"id":60486,"href":"https:\/\/cj.estrategia.com\/portal\/wp-json\/wp\/v2\/posts\/60483\/revisions\/60486"}],"wp:featuredmedia":[{"embeddable":true,"href":"https:\/\/cj.estrategia.com\/portal\/wp-json\/wp\/v2\/media\/23221"}],"wp:attachment":[{"href":"https:\/\/cj.estrategia.com\/portal\/wp-json\/wp\/v2\/media?parent=60483"}],"wp:term":[{"taxonomy":"category","embeddable":true,"href":"https:\/\/cj.estrategia.com\/portal\/wp-json\/wp\/v2\/categories?post=60483"},{"taxonomy":"post_tag","embeddable":true,"href":"https:\/\/cj.estrategia.com\/portal\/wp-json\/wp\/v2\/tags?post=60483"},{"taxonomy":"tax_estado","embeddable":true,"href":"https:\/\/cj.estrategia.com\/portal\/wp-json\/wp\/v2\/tax_estado?post=60483"}],"curies":[{"name":"wp","href":"https:\/\/api.w.org\/{rel}","templated":true}]}}