{"id":60367,"date":"2024-04-11T16:33:52","date_gmt":"2024-04-11T19:33:52","guid":{"rendered":"https:\/\/cj.estrategia.com\/portal\/?p=60367"},"modified":"2024-04-11T16:34:02","modified_gmt":"2024-04-11T19:34:02","slug":"prova-comentada-criminologia-mp-ro-promotor","status":"publish","type":"post","link":"https:\/\/cj.estrategia.com\/portal\/prova-comentada-criminologia-mp-ro-promotor\/","title":{"rendered":"Prova comentada Criminologia MP RO Promotor"},"content":{"rendered":"\n<p>Ol\u00e1, pessoal, tudo certo?!<\/p>\n\n\n\n<p>Em 07\/04\/2024, foi aplicada a prova objetiva do concurso p\u00fablico para o Minist\u00e9rio P\u00fablico de Rond\u00f4nia.<\/p>\n\n\n\n<p>Assim que divulgados o caderno de provas e o gabarito preliminar oficial, nosso time de professores analisou cada uma das quest\u00f5es que agora ser\u00e3o apresentadas em nossa <strong>PROVA COMENTADA.<\/strong><\/p>\n\n\n\n<p>Este material visa a auxili\u00e1-los na aferi\u00e7\u00e3o das notas, elabora\u00e7\u00e3o de eventuais recursos, verifica\u00e7\u00e3o das chances de avan\u00e7o para fase discursiva, bem como na revis\u00e3o do conte\u00fado cobrado no certame.<\/p>\n\n\n\n<p>De modo complementar, elaboramos tamb\u00e9m o <strong>RANKING do MP-RO<\/strong>, em que nossos alunos e seguidores poder\u00e3o inserir suas respostas \u00e0 prova, e, ao final, aferir sua nota, de acordo com o gabarito elaborado por nossos professores. Atrav\u00e9s do ranking, tamb\u00e9m poderemos estimar a nota de corte da 1\u00ba fase. Essa ferramenta \u00e9 gratuita e, para participar, basta clicar no link abaixo: <\/p>\n\n\n\n<ul class=\"wp-block-list\">\n<li><strong><a href=\"https:\/\/cj.estrategia.com\/cadernos-e-simulados\/simulados\/8eff88a4-4552-43f4-b97b-9afe68405d18\">Ranking MP RO<\/a><\/strong><\/li>\n<\/ul>\n\n\n\n<p>Al\u00e9m disso, montamos um caderno para nossos seguidores, alunos ou n\u00e3o, verem os coment\u00e1rios e comentar as quest\u00f5es da prova: confira <a href=\"https:\/\/cj.estrategia.com\/cadernos-e-simulados\/cadernos\/e27ae0ef-65c0-4b1d-94c4-4c9b62f04e76\">AQUI!<\/a><\/p>\n\n\n\n<p>Por fim, comentaremos a prova, as quest\u00f5es mais pol\u00eamicas, as possibilidades de recurso, bem como a estimativa da nota de corte no <strong>TERM\u00d4METRO P\u00d3S-PROVA<\/strong>, no nosso canal do Youtube. Inscreva-se e ative as notifica\u00e7\u00f5es! <a href=\"https:\/\/www.youtube.com\/@EstrategiaCarreiraJuridica\">Estrat\u00e9gia Carreira Jur\u00eddica \u2013 YOUTUBE<\/a><\/p>\n\n\n\n<p class=\"has-text-align-center is-style-cnvs-paragraph-callout has-very-light-gray-to-cyan-bluish-gray-gradient-background has-background\"><a href=\"https:\/\/cj.estrategia.com\/portal\/prova-comentada-mp-ro-promotor\/\">Confira AQUI as provas comentadas de todas as disciplinas<\/a><\/p>\n\n\n\n<h2 class=\"wp-block-heading\" id=\"h-prova-comentada-criminologia-mp-ro-promotor\"><span id=\"prova-comentada-criminologia-mp-ro-promotor\">Prova comentada Criminologia MP RO Promotor<\/span><\/h2>\n\n\n\n<p><strong>QUEST\u00c3O 14. Sobre as Ci\u00eancias Criminais, \u00e9 correto afirmar que a) o Direito Penal \u00e9 uma ci\u00eancia zet\u00e9tica, indutiva, emp\u00edrica e interdisciplinar.<\/strong><\/p>\n\n\n\n<p><strong>b) a Medicina Legal e a Criminologia confundem-se, por serem respons\u00e1veis pela aplica\u00e7\u00e3o de conhecimentos cient\u00edficos na elucida\u00e7\u00e3o de crimes.<\/strong><\/p>\n\n\n\n<p><strong>c) a Criminologia emprega conhecimentos da Medicina para o esclarecimento de fatos de interesse da justi\u00e7a.<\/strong><\/p>\n\n\n\n<p><strong>d) a Pol\u00edtica Criminal dedica-se a elucidar os crimes, procurando vest\u00edgios, provas, realizando per\u00edcias.<\/strong><\/p>\n\n\n\n<p><strong>e) a Criminologia tem por uma de suas fun\u00e7\u00f5es a compreens\u00e3o da etiologia do crime.<\/strong><\/p>\n\n\n\n<p><strong>Coment\u00e1rios<\/strong><\/p>\n\n\n\n<p><strong>A alternativa correta \u00e9 a letra E. A quest\u00e3o trata dos conceitos das ci\u00eancias criminais.<\/strong><\/p>\n\n\n\n<p><strong>A alternativa A est\u00e1 incorreta. Direito Penal. O Direito Penal \u00e9 parte do Direito que se ocupa das normas de comportamento que imp\u00f5em san\u00e7\u00f5es (penas) a determinadas condutas consideradas crimes. Ele \u00e9 normativo e dogm\u00e1tico, n\u00e3o emp\u00edrico. Ou seja, o Direito Penal estabelece o que \u00e9 crime e as penas aplic\u00e1veis, seguindo uma l\u00f3gica mais dedutiva (do geral para o espec\u00edfico) baseada em leis e princ\u00edpios, ao contr\u00e1rio do descrito na alternativa.<\/strong><\/p>\n\n\n\n<p><strong>A alternativa B est\u00e1 incorreta. Medicina Legal e Criminologia. Embora ambas contribuam para a elucida\u00e7\u00e3o de crimes, elas t\u00eam focos diferentes. A Medicina Legal utiliza conhecimentos m\u00e9dicos para fins jur\u00eddicos, como determinar a causa de uma morte, enquanto a Criminologia estuda o crime de uma perspectiva mais ampla, incluindo suas causas, consequ\u00eancias e formas de preven\u00e7\u00e3o. Elas n\u00e3o se confundem, mas podem se complementar.<\/strong><\/p>\n\n\n\n<p><strong>A alternativa C est\u00e1 incorreta. Criminologia e Medicina: A Criminologia, de fato, pode empregar conhecimentos de diversas \u00e1reas, incluindo a Medicina, mas seu escopo n\u00e3o se limita ao esclarecimento de fatos de interesse da justi\u00e7a. Seu objetivo \u00e9 mais amplo, buscando compreender e analisar o fen\u00f4meno criminal em sua totalidade.<\/strong><\/p>\n\n\n\n<p><strong>A alternativa D est\u00e1 incorreta. Pol\u00edtica Criminal. A Pol\u00edtica Criminal diz respeito ao conjunto de diretrizes que orientam o combate ao crime, incluindo a preven\u00e7\u00e3o do crime e a defini\u00e7\u00e3o de penas. Seu foco n\u00e3o \u00e9 a elucida\u00e7\u00e3o de crimes espec\u00edficos atrav\u00e9s da busca por vest\u00edgios ou provas, mas sim o estabelecimento de estrat\u00e9gias e pol\u00edticas p\u00fablicas para a gest\u00e3o da criminalidade e do sistema penal como um todo.<\/strong><\/p>\n\n\n\n<p><strong>A alternativa E est\u00e1 correta. Etiologia do crime. A Criminologia \u00e9 uma ci\u00eancia que estuda o crime, o criminoso, a v\u00edtima e o controle social. Uma de suas principais fun\u00e7\u00f5es \u00e9 entender a etiologia (causas) do crime, buscando compreender os fatores biol\u00f3gicos, psicol\u00f3gicos, sociais e econ\u00f4micos que contribuem para a ocorr\u00eancia do crime. Dessa forma, ela se prop\u00f5e a analisar n\u00e3o apenas o ato criminoso em si mas tamb\u00e9m os diversos fatores que levam \u00e0 sua realiza\u00e7\u00e3o.<\/strong><\/p>\n\n\n\n<p><strong>QUEST\u00c3O 15. Sabe-se que h\u00e1, atualmente, quatro grandes modelos te\u00f3ricos da Criminologia. A esse respeito, assinale a alternativa correta. a) Duas das caracter\u00edsticas do Modelo do Enfoque Din\u00e2mico s\u00e3o: o determinismo radical e a preocupa\u00e7\u00e3o com a dogm\u00e1tica legal.<\/strong><\/p>\n\n\n\n<p><strong>b) No Modelo Positivista, o crime \u00e9 fruto de uma decis\u00e3o livre e consciente do delinquente, impulsionada pela oportunidade e pelo resultado.<\/strong><\/p>\n\n\n\n<p><strong>c) O Modelo Positivista tamb\u00e9m \u00e9 conhecido como Criminologia do Desenvolvimento.<\/strong><\/p>\n\n\n\n<p><strong>d) S\u00e3o dois exemplos do Modelo da Rea\u00e7\u00e3o Social a Teoria do Etiquetamento e a Criminologia Cr\u00edtica.<\/strong><\/p>\n\n\n\n<p><strong>e) No Modelo Cl\u00e1ssico e Neocl\u00e1ssico da Op\u00e7\u00e3o Racional, o crime \u00e9 fruto da Etiologia Criminal, cujos fatores biol\u00f3gicos, psicol\u00f3gicos e sociol\u00f3gicos s\u00e3o predominantes.<\/strong><\/p>\n\n\n\n<p><strong>Coment\u00e1rios<\/strong><\/p>\n\n\n\n<p><strong>A alternativa correta \u00e9 a letra D. A quest\u00e3o trata do tema modelos te\u00f3ricos da Criminologia.<\/strong><\/p>\n\n\n\n<p><strong>A alternativa A est\u00e1 incorreta. Modelo do Enfoque Din\u00e2mico: N\u00e3o \u00e9 caracterizado pelo determinismo radical nem pela preocupa\u00e7\u00e3o com a dogm\u00e1tica legal. Esses aspectos n\u00e3o definem o enfoque din\u00e2mico, que mais adequadamente se relacionaria a uma vis\u00e3o que considera as mudan\u00e7as e processos sociais em sua abordagem sobre o crime.<\/strong><\/p>\n\n\n\n<p><strong>A alternativa B est\u00e1 incorreta. Modelo Positivista: Contr\u00e1rio ao afirmado, o Modelo Positivista n\u00e3o v\u00ea o crime como resultado de uma decis\u00e3o livre e consciente do delinquente. Pelo contr\u00e1rio, ele enfatiza fatores biol\u00f3gicos, psicol\u00f3gicos e sociais como determinantes do comportamento criminoso, afastando-se da ideia de livre arb\u00edtrio.<\/strong><\/p>\n\n\n\n<p><strong>A alternativa C est\u00e1 incorreta. Modelo Positivista e Criminologia do Desenvolvimento: O Modelo Positivista \u00e9 distinto e n\u00e3o \u00e9 conhecido como Criminologia do Desenvolvimento. A Criminologia do Desenvolvimento envolve o estudo de como os fatores de risco e prote\u00e7\u00e3o afetam o desenvolvimento individual ao longo do tempo e n\u00e3o \u00e9 sin\u00f4nimo do Positivismo.<\/strong><\/p>\n\n\n\n<p><strong>A alternativa D est\u00e1 correta. O Modelo da Rea\u00e7\u00e3o Social, tamb\u00e9m conhecido como interacionismo simb\u00f3lico, foca na forma como as rea\u00e7\u00f5es sociais contribuem para a defini\u00e7\u00e3o de comportamentos como criminosos e na maneira como essas defini\u00e7\u00f5es afetam os indiv\u00edduos. Dentro deste modelo, tanto a Teoria do Etiquetamento (Labeling Theory) quanto a Criminologia Cr\u00edtica s\u00e3o relevantes. Teoria do Etiquetamento: Prop\u00f5e que a criminalidade \u00e9 uma consequ\u00eancia da rea\u00e7\u00e3o da sociedade ao indiv\u00edduo, ou seja, indiv\u00edduos s\u00e3o \u201cetiquetados\u201d como criminosos, levando a uma profecia autorrealiz\u00e1vel. Criminologia Cr\u00edtica: Busca entender as rela\u00e7\u00f5es de poder dentro da sociedade e como elas influenciam o conceito de crime, destacando a ideia de que o que \u00e9 considerado crime \u00e9 frequentemente determinado pelas estruturas de poder vigentes.<\/strong><\/p>\n\n\n\n<p><strong>A alternativa E est\u00e1 incorreta. Modelo Cl\u00e1ssico e Neocl\u00e1ssico da Op\u00e7\u00e3o Racional: Este modelo, de fato, considera o crime como resultado de uma escolha racional do indiv\u00edduo, avaliando custos e benef\u00edcios. No entanto, \u00e9 incorreto associar este modelo \u00e0 Etiologia Criminal com predomin\u00e2ncia de fatores biol\u00f3gicos, psicol\u00f3gicos e sociol\u00f3gicos. Pelo contr\u00e1rio, o Modelo Cl\u00e1ssico e Neocl\u00e1ssico enfatiza a capacidade do indiv\u00edduo de escolher cometer um crime com base em racionalidade, ao inv\u00e9s de ser impulsionado por tais fatores. Trata-se do livre arb\u00edtrio.<\/strong><\/p>\n\n\n\n<p><strong>QUEST\u00c3O 16. Dentro do tema Vitimiza\u00e7\u00e3o, denomina-se<\/strong><\/p>\n\n\n\n<p><strong>a) revitimiza\u00e7\u00e3o, quando a v\u00edtima, por ser familiar de outra v\u00edtima, acaba sofrendo, junto a esta, as consequ\u00eancias do crime.<\/strong><\/p>\n\n\n\n<p><strong>b) sobrevitimiza\u00e7\u00e3o, quando a v\u00edtima sobrevive ao crime contra ela praticado.<\/strong><\/p>\n\n\n\n<p><strong>c) heterovitimiza\u00e7\u00e3o, quando ocorre a autorrecrimina\u00e7\u00e3o da v\u00edtima, pela ocorr\u00eancia do delito.<\/strong><\/p>\n\n\n\n<p><strong>d) vitimiza\u00e7\u00e3o indireta, quando a v\u00edtima sofre a falta de amparo de sua fam\u00edlia e de seu c\u00edrculo de amigos.<\/strong><\/p>\n\n\n\n<p><strong>e) vitimiza\u00e7\u00e3o prim\u00e1ria, quando a v\u00edtima sofre a falta de amparo das inst\u00e2ncias formais de controle social.<\/strong><\/p>\n\n\n\n<p><strong>Coment\u00e1rios<\/strong><\/p>\n\n\n\n<p>A alternativa correta \u00e9 a <strong>letra C<\/strong>. A quest\u00e3o trata do tema vitimiza\u00e7\u00e3o.<\/p>\n\n\n\n<p>A alternativa A est\u00e1 incorreta. &#8220;Revitimiza\u00e7\u00e3o&#8221; refere-se ao dano adicional sofrido por v\u00edtimas devido \u00e0 maneira como as institui\u00e7\u00f5es formais de controle social, como delegacias e o Minist\u00e9rio P\u00fablico, lidam com seus casos. Este conceito engloba as adversidades e o sofrimento amplificados pela interven\u00e7\u00e3o do sistema legal, destacando como procedimentos e tratamentos inadequados por parte dessas entidades podem intensificar o trauma da v\u00edtima.<\/p>\n\n\n\n<p>A alternativa B est\u00e1 incorreta. \u201cSobrevitimiza\u00e7\u00e3o\u201d \u00e9 sin\u00f4nimo de &#8220;Revitimiza\u00e7\u00e3o&#8221;. Referem-se ao fen\u00f4meno de uma v\u00edtima sofrer m\u00faltiplas inst\u00e2ncias de vitimiza\u00e7\u00e3o, seja por crimes distintos ou pela intera\u00e7\u00e3o prejudicial com o sistema de justi\u00e7a. Ambos destacam a vulnerabilidade cont\u00ednua da v\u00edtima, abordando como experi\u00eancias repetidas exacerbam o trauma e dificultam a recupera\u00e7\u00e3o.<\/p>\n\n\n\n<p>A alternativa C est\u00e1 correta. A \u201cHeterovitimiza\u00e7\u00e3o\u201d descreve o processo pelo qual a v\u00edtima se culpa pelo crime sofrido, questionando suas pr\u00f3prias a\u00e7\u00f5es que, aos seus olhos, poderiam t\u00ea-la tornado suscet\u00edvel ao delito. Isso inclui situa\u00e7\u00f5es como n\u00e3o trancar o carro ou assinar um cheque em branco, levando-a a assumir uma parcela de responsabilidade pelo ocorrido.<\/p>\n\n\n\n<p>A alternativa D est\u00e1 incorreta. A \u201cVitimiza\u00e7\u00e3o Indireta\u201d acontece quando indiv\u00edduos ligados por la\u00e7os afetivos ou de parentesco at\u00e9 o terceiro grau \u00e0 v\u00edtima direta \u2014 incluindo aqueles que convivem com ela, est\u00e3o sob seus cuidados ou dela dependem financeiramente \u2014 s\u00e3o afetados emocional ou materialmente em situa\u00e7\u00f5es de morte, desaparecimento decorrente de crime, ato infracional ou cat\u00e1strofe.<\/p>\n\n\n\n<p>A alternativa E est\u00e1 incorreta. \u201cVitimiza\u00e7\u00e3o Prim\u00e1ria\u201d refere-se ao dano ou trauma direto sofrido por indiv\u00edduos como resultado direto de um crime ou ato violento. \u201cVitimiza\u00e7\u00e3o Secund\u00e1ria\u201d ocorre quando a resposta do sistema de justi\u00e7a, sociedade ou m\u00eddia ao crime aumenta o sofrimento da v\u00edtima, por meio de estigmatiza\u00e7\u00e3o, descren\u00e7a ou tratamento insens\u00edvel.<\/p>\n\n\n\n<p class=\"has-text-align-center is-style-cnvs-paragraph-callout has-very-light-gray-to-cyan-bluish-gray-gradient-background has-background\"><a href=\"https:\/\/cj.estrategia.com\/portal\/concurso-mp-ro-promotor\/\">Saiba mais: Concurso MP RO Promotor<\/a><\/p>\n\n\n\n<h2 class=\"wp-block-heading has-text-align-center\" id=\"cursos\"><span id=\"quer-saber-tudo-sobre-concursos-previstosconfira-nossos-artigos\">Quer saber tudo sobre concursos previstos?<br><strong>Confira nossos artigos!<\/strong><\/span><\/h2>\n\n\n\n\n\n<h2 class=\"wp-block-heading has-text-align-center\" id=\"cursos-mp-sp\"><span id=\"prepare-se-para-o-concurso-mp-ro-promotor\">Prepare-se para o concurso MP RO Promotor<\/span><\/h2>\n\n\n\n\n\n<div class=\"wp-block-cover\" style=\"min-height:155px;aspect-ratio:unset;\"><img decoding=\"async\" width=\"1890\" height=\"351\" class=\"wp-block-cover__image-background wp-image-8669\" alt=\"Assinaturas Jur\u00eddicas\" src=\"https:\/\/cj.estrategia.com\/portal\/wp-content\/uploads\/2022\/06\/20151253\/concurso-carreiras-juridicas-assinatura-juridica.jpg\" style=\"object-position:78% 43%\" data-object-fit=\"cover\" data-object-position=\"78% 43%\" srcset=\"https:\/\/cj.estrategia.com\/portal\/wp-content\/uploads\/2022\/06\/20151253\/concurso-carreiras-juridicas-assinatura-juridica.jpg 1890w, https:\/\/cj.estrategia.com\/portal\/wp-content\/uploads\/2022\/06\/20151253\/concurso-carreiras-juridicas-assinatura-juridica-300x56.jpg 300w, https:\/\/cj.estrategia.com\/portal\/wp-content\/uploads\/2022\/06\/20151253\/concurso-carreiras-juridicas-assinatura-juridica-1024x190.jpg 1024w, https:\/\/cj.estrategia.com\/portal\/wp-content\/uploads\/2022\/06\/20151253\/concurso-carreiras-juridicas-assinatura-juridica-768x143.jpg 768w, https:\/\/cj.estrategia.com\/portal\/wp-content\/uploads\/2022\/06\/20151253\/concurso-carreiras-juridicas-assinatura-juridica-1536x285.jpg 1536w, https:\/\/cj.estrategia.com\/portal\/wp-content\/uploads\/2022\/06\/20151253\/concurso-carreiras-juridicas-assinatura-juridica-380x71.jpg 380w, https:\/\/cj.estrategia.com\/portal\/wp-content\/uploads\/2022\/06\/20151253\/concurso-carreiras-juridicas-assinatura-juridica-800x149.jpg 800w, https:\/\/cj.estrategia.com\/portal\/wp-content\/uploads\/2022\/06\/20151253\/concurso-carreiras-juridicas-assinatura-juridica-1160x215.jpg 1160w\" sizes=\"(max-width: 1890px) 100vw, 1890px\" \/><span aria-hidden=\"true\" class=\"wp-block-cover__background has-background-dim\"><\/span><div class=\"wp-block-cover__inner-container is-layout-flow wp-block-cover-is-layout-flow\">\n<h3 id=\"faca-a-sua-assinatura\" class=\"titulo-assinatura\"><span style=\"color: #ffffff;\">Fa\u00e7a a sua assinatura!<\/span><\/h3>\n<p class=\"subtitulo-assinatura\" style=\"display:block!important; line-height: 0;\"><span style=\"color: #ffffff;\">Escolha a sua \u00e1rea.<\/span><\/p>\n<a target=\"_blank\" href=\"https:\/\/www.estrategiaconcursos.com.br\/assinaturas-ecj\/\" rel=\"noopener\"><button style=\"border-radius: 10px; text-transform: capitalize;\">Acessar<\/button><\/a>\n<\/div><\/div>\n","protected":false},"excerpt":{"rendered":"Ol\u00e1, pessoal, tudo certo?! Em 07\/04\/2024, foi aplicada a prova objetiva do concurso p\u00fablico para o Minist\u00e9rio P\u00fablico&hellip;\n","protected":false},"author":12,"featured_media":37818,"comment_status":"open","ping_status":"open","sticky":false,"template":"","format":"standard","meta":{"_jetpack_memberships_contains_paid_content":false,"footnotes":""},"categories":[1,25],"tags":[],"tax_estado":[51],"class_list":{"0":"post-60367","1":"post","2":"type-post","3":"status-publish","4":"format-standard","5":"has-post-thumbnail","7":"category-carreiras-juridicas","8":"category-promotoria","9":"tax_estado-ro"},"acf":[],"yoast_head":"<!-- This site is optimized with the Yoast SEO Premium plugin v27.4 (Yoast SEO v27.4) - https:\/\/yoast.com\/product\/yoast-seo-premium-wordpress\/ -->\n<title>Prova comentada Criminologia MP RO Promotor<\/title>\n<meta name=\"description\" content=\"Prova comentada Criminologia MP RO Promotor: confira AQUI os coment\u00e1rios dos nossos professores e tire suas d\u00favidas!\" \/>\n<meta name=\"robots\" content=\"index, follow, max-snippet:-1, max-image-preview:large, max-video-preview:-1\" \/>\n<link rel=\"canonical\" href=\"https:\/\/cj.estrategia.com\/portal\/prova-comentada-criminologia-mp-ro-promotor\/\" \/>\n<meta property=\"og:locale\" content=\"pt_BR\" \/>\n<meta property=\"og:type\" content=\"article\" \/>\n<meta property=\"og:title\" content=\"Prova comentada Criminologia MP RO Promotor\" \/>\n<meta property=\"og:description\" content=\"Prova comentada Criminologia MP RO Promotor: confira AQUI os coment\u00e1rios dos nossos professores e tire suas d\u00favidas!\" \/>\n<meta property=\"og:url\" content=\"https:\/\/cj.estrategia.com\/portal\/prova-comentada-criminologia-mp-ro-promotor\/\" \/>\n<meta property=\"og:site_name\" content=\"Blog - Carreiras Jur\u00eddicas - Estrat\u00e9gia\" \/>\n<meta property=\"article:publisher\" content=\"https:\/\/www.facebook.com\/estrategiacarreirajuridica\/\" \/>\n<meta property=\"article:published_time\" content=\"2024-04-11T19:33:52+00:00\" \/>\n<meta property=\"article:modified_time\" content=\"2024-04-11T19:34:02+00:00\" \/>\n<meta property=\"og:image\" content=\"https:\/\/cj.estrategia.com\/portal\/wp-content\/uploads\/2023\/06\/01151637\/MP-RO-Promotor.jpg\" \/>\n\t<meta property=\"og:image:width\" content=\"960\" \/>\n\t<meta property=\"og:image:height\" content=\"540\" \/>\n\t<meta property=\"og:image:type\" content=\"image\/jpeg\" \/>\n<meta name=\"author\" content=\"Coordena\u00e7\u00e3o\" \/>\n<meta name=\"twitter:card\" content=\"summary_large_image\" \/>\n<meta name=\"twitter:creator\" content=\"@EstratJuridica\" \/>\n<meta name=\"twitter:site\" content=\"@EstratJuridica\" \/>\n<meta name=\"twitter:label1\" content=\"Escrito por\" \/>\n\t<meta name=\"twitter:data1\" content=\"Coordena\u00e7\u00e3o\" \/>\n\t<meta name=\"twitter:label2\" content=\"Est. tempo de leitura\" \/>\n\t<meta name=\"twitter:data2\" content=\"10 minutos\" \/>\n<script type=\"application\/ld+json\" class=\"yoast-schema-graph\">{\"@context\":\"https:\\\/\\\/schema.org\",\"@graph\":[{\"@type\":\"NewsArticle\",\"@id\":\"https:\\\/\\\/cj.estrategia.com\\\/portal\\\/prova-comentada-criminologia-mp-ro-promotor\\\/#article\",\"isPartOf\":{\"@id\":\"https:\\\/\\\/cj.estrategia.com\\\/portal\\\/prova-comentada-criminologia-mp-ro-promotor\\\/\"},\"author\":{\"name\":\"Coordena\u00e7\u00e3o\",\"@id\":\"https:\\\/\\\/cj.estrategia.com\\\/portal\\\/#\\\/schema\\\/person\\\/4d70317d31449932b99102916b6637f5\"},\"headline\":\"Prova comentada Criminologia MP RO Promotor\",\"datePublished\":\"2024-04-11T19:33:52+00:00\",\"dateModified\":\"2024-04-11T19:34:02+00:00\",\"mainEntityOfPage\":{\"@id\":\"https:\\\/\\\/cj.estrategia.com\\\/portal\\\/prova-comentada-criminologia-mp-ro-promotor\\\/\"},\"wordCount\":1744,\"commentCount\":0,\"publisher\":{\"@id\":\"https:\\\/\\\/cj.estrategia.com\\\/portal\\\/#organization\"},\"image\":{\"@id\":\"https:\\\/\\\/cj.estrategia.com\\\/portal\\\/prova-comentada-criminologia-mp-ro-promotor\\\/#primaryimage\"},\"thumbnailUrl\":\"https:\\\/\\\/cj.estrategia.com\\\/portal\\\/wp-content\\\/uploads\\\/2023\\\/06\\\/01151637\\\/MP-RO-Promotor.jpg\",\"articleSection\":[\"Carreiras Jur\u00eddicas\",\"Promotoria\"],\"inLanguage\":\"pt-BR\",\"potentialAction\":[{\"@type\":\"CommentAction\",\"name\":\"Comment\",\"target\":[\"https:\\\/\\\/cj.estrategia.com\\\/portal\\\/prova-comentada-criminologia-mp-ro-promotor\\\/#respond\"]}]},{\"@type\":\"WebPage\",\"@id\":\"https:\\\/\\\/cj.estrategia.com\\\/portal\\\/prova-comentada-criminologia-mp-ro-promotor\\\/\",\"url\":\"https:\\\/\\\/cj.estrategia.com\\\/portal\\\/prova-comentada-criminologia-mp-ro-promotor\\\/\",\"name\":\"Prova comentada Criminologia MP RO Promotor\",\"isPartOf\":{\"@id\":\"https:\\\/\\\/cj.estrategia.com\\\/portal\\\/#website\"},\"primaryImageOfPage\":{\"@id\":\"https:\\\/\\\/cj.estrategia.com\\\/portal\\\/prova-comentada-criminologia-mp-ro-promotor\\\/#primaryimage\"},\"image\":{\"@id\":\"https:\\\/\\\/cj.estrategia.com\\\/portal\\\/prova-comentada-criminologia-mp-ro-promotor\\\/#primaryimage\"},\"thumbnailUrl\":\"https:\\\/\\\/cj.estrategia.com\\\/portal\\\/wp-content\\\/uploads\\\/2023\\\/06\\\/01151637\\\/MP-RO-Promotor.jpg\",\"datePublished\":\"2024-04-11T19:33:52+00:00\",\"dateModified\":\"2024-04-11T19:34:02+00:00\",\"description\":\"Prova comentada Criminologia MP RO Promotor: confira AQUI os coment\u00e1rios dos nossos professores e tire suas d\u00favidas!\",\"breadcrumb\":{\"@id\":\"https:\\\/\\\/cj.estrategia.com\\\/portal\\\/prova-comentada-criminologia-mp-ro-promotor\\\/#breadcrumb\"},\"inLanguage\":\"pt-BR\",\"potentialAction\":[{\"@type\":\"ReadAction\",\"target\":[\"https:\\\/\\\/cj.estrategia.com\\\/portal\\\/prova-comentada-criminologia-mp-ro-promotor\\\/\"]}]},{\"@type\":\"ImageObject\",\"inLanguage\":\"pt-BR\",\"@id\":\"https:\\\/\\\/cj.estrategia.com\\\/portal\\\/prova-comentada-criminologia-mp-ro-promotor\\\/#primaryimage\",\"url\":\"https:\\\/\\\/cj.estrategia.com\\\/portal\\\/wp-content\\\/uploads\\\/2023\\\/06\\\/01151637\\\/MP-RO-Promotor.jpg\",\"contentUrl\":\"https:\\\/\\\/cj.estrategia.com\\\/portal\\\/wp-content\\\/uploads\\\/2023\\\/06\\\/01151637\\\/MP-RO-Promotor.jpg\",\"width\":960,\"height\":540},{\"@type\":\"BreadcrumbList\",\"@id\":\"https:\\\/\\\/cj.estrategia.com\\\/portal\\\/prova-comentada-criminologia-mp-ro-promotor\\\/#breadcrumb\",\"itemListElement\":[{\"@type\":\"ListItem\",\"position\":1,\"name\":\"In\u00edcio\",\"item\":\"https:\\\/\\\/cj.estrategia.com\\\/portal\\\/\"},{\"@type\":\"ListItem\",\"position\":2,\"name\":\"Prova comentada Criminologia MP RO Promotor\"}]},{\"@type\":\"WebSite\",\"@id\":\"https:\\\/\\\/cj.estrategia.com\\\/portal\\\/#website\",\"url\":\"https:\\\/\\\/cj.estrategia.com\\\/portal\\\/\",\"name\":\"Blog - Carreiras Jur\u00eddicas - Estrat\u00e9gia\",\"description\":\"\",\"publisher\":{\"@id\":\"https:\\\/\\\/cj.estrategia.com\\\/portal\\\/#organization\"},\"potentialAction\":[{\"@type\":\"SearchAction\",\"target\":{\"@type\":\"EntryPoint\",\"urlTemplate\":\"https:\\\/\\\/cj.estrategia.com\\\/portal\\\/?s={search_term_string}\"},\"query-input\":{\"@type\":\"PropertyValueSpecification\",\"valueRequired\":true,\"valueName\":\"search_term_string\"}}],\"inLanguage\":\"pt-BR\"},{\"@type\":\"Organization\",\"@id\":\"https:\\\/\\\/cj.estrategia.com\\\/portal\\\/#organization\",\"name\":\"Estrat\u00e9gia - Carreiras Jur\u00eddicas\",\"url\":\"https:\\\/\\\/cj.estrategia.com\\\/portal\\\/\",\"logo\":{\"@type\":\"ImageObject\",\"inLanguage\":\"pt-BR\",\"@id\":\"https:\\\/\\\/cj.estrategia.com\\\/portal\\\/#\\\/schema\\\/logo\\\/image\\\/\",\"url\":\"https:\\\/\\\/cj.estrategia.com\\\/portal\\\/wp-content\\\/uploads\\\/2022\\\/03\\\/11151052\\\/cj-logo.png\",\"contentUrl\":\"https:\\\/\\\/cj.estrategia.com\\\/portal\\\/wp-content\\\/uploads\\\/2022\\\/03\\\/11151052\\\/cj-logo.png\",\"width\":150,\"height\":39,\"caption\":\"Estrat\u00e9gia - Carreiras Jur\u00eddicas\"},\"image\":{\"@id\":\"https:\\\/\\\/cj.estrategia.com\\\/portal\\\/#\\\/schema\\\/logo\\\/image\\\/\"},\"sameAs\":[\"https:\\\/\\\/www.facebook.com\\\/estrategiacarreirajuridica\\\/\",\"https:\\\/\\\/x.com\\\/EstratJuridica\",\"https:\\\/\\\/www.instagram.com\\\/estrategiacarreirajuridica\\\/\",\"https:\\\/\\\/www.youtube.com\\\/channel\\\/UClbMGuYbj2Mh1m3w144ETWQ\"]},{\"@type\":\"Person\",\"@id\":\"https:\\\/\\\/cj.estrategia.com\\\/portal\\\/#\\\/schema\\\/person\\\/4d70317d31449932b99102916b6637f5\",\"name\":\"Coordena\u00e7\u00e3o\",\"image\":{\"@type\":\"ImageObject\",\"inLanguage\":\"pt-BR\",\"@id\":\"https:\\\/\\\/cj.estrategia.com\\\/portal\\\/wp-content\\\/uploads\\\/2022\\\/05\\\/12164923\\\/estrategia-carreira-juridica-coordenacao-96x96.png\",\"url\":\"https:\\\/\\\/cj.estrategia.com\\\/portal\\\/wp-content\\\/uploads\\\/2022\\\/05\\\/12164923\\\/estrategia-carreira-juridica-coordenacao-96x96.png\",\"contentUrl\":\"https:\\\/\\\/cj.estrategia.com\\\/portal\\\/wp-content\\\/uploads\\\/2022\\\/05\\\/12164923\\\/estrategia-carreira-juridica-coordenacao-96x96.png\",\"caption\":\"Coordena\u00e7\u00e3o\"},\"url\":\"https:\\\/\\\/cj.estrategia.com\\\/portal\\\/author\\\/coordenacao\\\/\"}]}<\/script>\n<!-- \/ Yoast SEO Premium plugin. -->","yoast_head_json":{"title":"Prova comentada Criminologia MP RO Promotor","description":"Prova comentada Criminologia MP RO Promotor: confira AQUI os coment\u00e1rios dos nossos professores e tire suas d\u00favidas!","robots":{"index":"index","follow":"follow","max-snippet":"max-snippet:-1","max-image-preview":"max-image-preview:large","max-video-preview":"max-video-preview:-1"},"canonical":"https:\/\/cj.estrategia.com\/portal\/prova-comentada-criminologia-mp-ro-promotor\/","og_locale":"pt_BR","og_type":"article","og_title":"Prova comentada Criminologia MP RO Promotor","og_description":"Prova comentada Criminologia MP RO Promotor: confira AQUI os coment\u00e1rios dos nossos professores e tire suas d\u00favidas!","og_url":"https:\/\/cj.estrategia.com\/portal\/prova-comentada-criminologia-mp-ro-promotor\/","og_site_name":"Blog - Carreiras Jur\u00eddicas - Estrat\u00e9gia","article_publisher":"https:\/\/www.facebook.com\/estrategiacarreirajuridica\/","article_published_time":"2024-04-11T19:33:52+00:00","article_modified_time":"2024-04-11T19:34:02+00:00","og_image":[{"width":960,"height":540,"url":"https:\/\/cj.estrategia.com\/portal\/wp-content\/uploads\/2023\/06\/01151637\/MP-RO-Promotor.jpg","type":"image\/jpeg"}],"author":"Coordena\u00e7\u00e3o","twitter_card":"summary_large_image","twitter_creator":"@EstratJuridica","twitter_site":"@EstratJuridica","twitter_misc":{"Escrito por":"Coordena\u00e7\u00e3o","Est. tempo de leitura":"10 minutos"},"schema":{"@context":"https:\/\/schema.org","@graph":[{"@type":"NewsArticle","@id":"https:\/\/cj.estrategia.com\/portal\/prova-comentada-criminologia-mp-ro-promotor\/#article","isPartOf":{"@id":"https:\/\/cj.estrategia.com\/portal\/prova-comentada-criminologia-mp-ro-promotor\/"},"author":{"name":"Coordena\u00e7\u00e3o","@id":"https:\/\/cj.estrategia.com\/portal\/#\/schema\/person\/4d70317d31449932b99102916b6637f5"},"headline":"Prova comentada Criminologia MP RO Promotor","datePublished":"2024-04-11T19:33:52+00:00","dateModified":"2024-04-11T19:34:02+00:00","mainEntityOfPage":{"@id":"https:\/\/cj.estrategia.com\/portal\/prova-comentada-criminologia-mp-ro-promotor\/"},"wordCount":1744,"commentCount":0,"publisher":{"@id":"https:\/\/cj.estrategia.com\/portal\/#organization"},"image":{"@id":"https:\/\/cj.estrategia.com\/portal\/prova-comentada-criminologia-mp-ro-promotor\/#primaryimage"},"thumbnailUrl":"https:\/\/cj.estrategia.com\/portal\/wp-content\/uploads\/2023\/06\/01151637\/MP-RO-Promotor.jpg","articleSection":["Carreiras Jur\u00eddicas","Promotoria"],"inLanguage":"pt-BR","potentialAction":[{"@type":"CommentAction","name":"Comment","target":["https:\/\/cj.estrategia.com\/portal\/prova-comentada-criminologia-mp-ro-promotor\/#respond"]}]},{"@type":"WebPage","@id":"https:\/\/cj.estrategia.com\/portal\/prova-comentada-criminologia-mp-ro-promotor\/","url":"https:\/\/cj.estrategia.com\/portal\/prova-comentada-criminologia-mp-ro-promotor\/","name":"Prova comentada Criminologia MP RO Promotor","isPartOf":{"@id":"https:\/\/cj.estrategia.com\/portal\/#website"},"primaryImageOfPage":{"@id":"https:\/\/cj.estrategia.com\/portal\/prova-comentada-criminologia-mp-ro-promotor\/#primaryimage"},"image":{"@id":"https:\/\/cj.estrategia.com\/portal\/prova-comentada-criminologia-mp-ro-promotor\/#primaryimage"},"thumbnailUrl":"https:\/\/cj.estrategia.com\/portal\/wp-content\/uploads\/2023\/06\/01151637\/MP-RO-Promotor.jpg","datePublished":"2024-04-11T19:33:52+00:00","dateModified":"2024-04-11T19:34:02+00:00","description":"Prova comentada Criminologia MP RO Promotor: confira AQUI os coment\u00e1rios dos nossos professores e tire suas d\u00favidas!","breadcrumb":{"@id":"https:\/\/cj.estrategia.com\/portal\/prova-comentada-criminologia-mp-ro-promotor\/#breadcrumb"},"inLanguage":"pt-BR","potentialAction":[{"@type":"ReadAction","target":["https:\/\/cj.estrategia.com\/portal\/prova-comentada-criminologia-mp-ro-promotor\/"]}]},{"@type":"ImageObject","inLanguage":"pt-BR","@id":"https:\/\/cj.estrategia.com\/portal\/prova-comentada-criminologia-mp-ro-promotor\/#primaryimage","url":"https:\/\/cj.estrategia.com\/portal\/wp-content\/uploads\/2023\/06\/01151637\/MP-RO-Promotor.jpg","contentUrl":"https:\/\/cj.estrategia.com\/portal\/wp-content\/uploads\/2023\/06\/01151637\/MP-RO-Promotor.jpg","width":960,"height":540},{"@type":"BreadcrumbList","@id":"https:\/\/cj.estrategia.com\/portal\/prova-comentada-criminologia-mp-ro-promotor\/#breadcrumb","itemListElement":[{"@type":"ListItem","position":1,"name":"In\u00edcio","item":"https:\/\/cj.estrategia.com\/portal\/"},{"@type":"ListItem","position":2,"name":"Prova comentada Criminologia MP RO Promotor"}]},{"@type":"WebSite","@id":"https:\/\/cj.estrategia.com\/portal\/#website","url":"https:\/\/cj.estrategia.com\/portal\/","name":"Blog - Carreiras Jur\u00eddicas - Estrat\u00e9gia","description":"","publisher":{"@id":"https:\/\/cj.estrategia.com\/portal\/#organization"},"potentialAction":[{"@type":"SearchAction","target":{"@type":"EntryPoint","urlTemplate":"https:\/\/cj.estrategia.com\/portal\/?s={search_term_string}"},"query-input":{"@type":"PropertyValueSpecification","valueRequired":true,"valueName":"search_term_string"}}],"inLanguage":"pt-BR"},{"@type":"Organization","@id":"https:\/\/cj.estrategia.com\/portal\/#organization","name":"Estrat\u00e9gia - Carreiras Jur\u00eddicas","url":"https:\/\/cj.estrategia.com\/portal\/","logo":{"@type":"ImageObject","inLanguage":"pt-BR","@id":"https:\/\/cj.estrategia.com\/portal\/#\/schema\/logo\/image\/","url":"https:\/\/cj.estrategia.com\/portal\/wp-content\/uploads\/2022\/03\/11151052\/cj-logo.png","contentUrl":"https:\/\/cj.estrategia.com\/portal\/wp-content\/uploads\/2022\/03\/11151052\/cj-logo.png","width":150,"height":39,"caption":"Estrat\u00e9gia - Carreiras Jur\u00eddicas"},"image":{"@id":"https:\/\/cj.estrategia.com\/portal\/#\/schema\/logo\/image\/"},"sameAs":["https:\/\/www.facebook.com\/estrategiacarreirajuridica\/","https:\/\/x.com\/EstratJuridica","https:\/\/www.instagram.com\/estrategiacarreirajuridica\/","https:\/\/www.youtube.com\/channel\/UClbMGuYbj2Mh1m3w144ETWQ"]},{"@type":"Person","@id":"https:\/\/cj.estrategia.com\/portal\/#\/schema\/person\/4d70317d31449932b99102916b6637f5","name":"Coordena\u00e7\u00e3o","image":{"@type":"ImageObject","inLanguage":"pt-BR","@id":"https:\/\/cj.estrategia.com\/portal\/wp-content\/uploads\/2022\/05\/12164923\/estrategia-carreira-juridica-coordenacao-96x96.png","url":"https:\/\/cj.estrategia.com\/portal\/wp-content\/uploads\/2022\/05\/12164923\/estrategia-carreira-juridica-coordenacao-96x96.png","contentUrl":"https:\/\/cj.estrategia.com\/portal\/wp-content\/uploads\/2022\/05\/12164923\/estrategia-carreira-juridica-coordenacao-96x96.png","caption":"Coordena\u00e7\u00e3o"},"url":"https:\/\/cj.estrategia.com\/portal\/author\/coordenacao\/"}]}},"jetpack_featured_media_url":"https:\/\/cj.estrategia.com\/portal\/wp-content\/uploads\/2023\/06\/01151637\/MP-RO-Promotor.jpg","jetpack_sharing_enabled":true,"_links":{"self":[{"href":"https:\/\/cj.estrategia.com\/portal\/wp-json\/wp\/v2\/posts\/60367","targetHints":{"allow":["GET"]}}],"collection":[{"href":"https:\/\/cj.estrategia.com\/portal\/wp-json\/wp\/v2\/posts"}],"about":[{"href":"https:\/\/cj.estrategia.com\/portal\/wp-json\/wp\/v2\/types\/post"}],"author":[{"embeddable":true,"href":"https:\/\/cj.estrategia.com\/portal\/wp-json\/wp\/v2\/users\/12"}],"replies":[{"embeddable":true,"href":"https:\/\/cj.estrategia.com\/portal\/wp-json\/wp\/v2\/comments?post=60367"}],"version-history":[{"count":1,"href":"https:\/\/cj.estrategia.com\/portal\/wp-json\/wp\/v2\/posts\/60367\/revisions"}],"predecessor-version":[{"id":60369,"href":"https:\/\/cj.estrategia.com\/portal\/wp-json\/wp\/v2\/posts\/60367\/revisions\/60369"}],"wp:featuredmedia":[{"embeddable":true,"href":"https:\/\/cj.estrategia.com\/portal\/wp-json\/wp\/v2\/media\/37818"}],"wp:attachment":[{"href":"https:\/\/cj.estrategia.com\/portal\/wp-json\/wp\/v2\/media?parent=60367"}],"wp:term":[{"taxonomy":"category","embeddable":true,"href":"https:\/\/cj.estrategia.com\/portal\/wp-json\/wp\/v2\/categories?post=60367"},{"taxonomy":"post_tag","embeddable":true,"href":"https:\/\/cj.estrategia.com\/portal\/wp-json\/wp\/v2\/tags?post=60367"},{"taxonomy":"tax_estado","embeddable":true,"href":"https:\/\/cj.estrategia.com\/portal\/wp-json\/wp\/v2\/tax_estado?post=60367"}],"curies":[{"name":"wp","href":"https:\/\/api.w.org\/{rel}","templated":true}]}}