{"id":60318,"date":"2024-04-13T14:00:00","date_gmt":"2024-04-13T17:00:00","guid":{"rendered":"https:\/\/cj.estrategia.com\/portal\/?p=60318"},"modified":"2024-04-11T16:55:29","modified_gmt":"2024-04-11T19:55:29","slug":"desconsideracao-personalidade-juridica-preclusao","status":"publish","type":"post","link":"https:\/\/cj.estrategia.com\/portal\/desconsideracao-personalidade-juridica-preclusao\/","title":{"rendered":"Desconsidera\u00e7\u00e3o da Personalidade Jur\u00eddica e Preclus\u00e3o"},"content":{"rendered":"<div class=\"wp-block-image\">\n<figure class=\"aligncenter size-large is-resized\"><img decoding=\"async\" width=\"1024\" height=\"683\" src=\"https:\/\/cj.estrategia.com\/portal\/wp-content\/uploads\/2024\/04\/11112107\/blurred-soft-people-meeting-table-business-people-talking-modern-office-generative-ai-1024x683.jpg\" alt=\"Desconsidera\u00e7\u00e3o da Personalidade Jur\u00eddica e Preclus\u00e3o\" class=\"wp-image-60325\" style=\"width:514px;height:auto\" srcset=\"https:\/\/cj.estrategia.com\/portal\/wp-content\/uploads\/2024\/04\/11112107\/blurred-soft-people-meeting-table-business-people-talking-modern-office-generative-ai-1024x683.jpg 1024w, https:\/\/cj.estrategia.com\/portal\/wp-content\/uploads\/2024\/04\/11112107\/blurred-soft-people-meeting-table-business-people-talking-modern-office-generative-ai-300x200.jpg 300w, https:\/\/cj.estrategia.com\/portal\/wp-content\/uploads\/2024\/04\/11112107\/blurred-soft-people-meeting-table-business-people-talking-modern-office-generative-ai-768x512.jpg 768w, https:\/\/cj.estrategia.com\/portal\/wp-content\/uploads\/2024\/04\/11112107\/blurred-soft-people-meeting-table-business-people-talking-modern-office-generative-ai-1536x1024.jpg 1536w, https:\/\/cj.estrategia.com\/portal\/wp-content\/uploads\/2024\/04\/11112107\/blurred-soft-people-meeting-table-business-people-talking-modern-office-generative-ai-2048x1365.jpg 2048w, https:\/\/cj.estrategia.com\/portal\/wp-content\/uploads\/2024\/04\/11112107\/blurred-soft-people-meeting-table-business-people-talking-modern-office-generative-ai-380x253.jpg 380w, https:\/\/cj.estrategia.com\/portal\/wp-content\/uploads\/2024\/04\/11112107\/blurred-soft-people-meeting-table-business-people-talking-modern-office-generative-ai-800x533.jpg 800w, https:\/\/cj.estrategia.com\/portal\/wp-content\/uploads\/2024\/04\/11112107\/blurred-soft-people-meeting-table-business-people-talking-modern-office-generative-ai-1160x773.jpg 1160w, https:\/\/cj.estrategia.com\/portal\/wp-content\/uploads\/2024\/04\/11112107\/blurred-soft-people-meeting-table-business-people-talking-modern-office-generative-ai-150x100.jpg 150w, https:\/\/cj.estrategia.com\/portal\/wp-content\/uploads\/2024\/04\/11112107\/blurred-soft-people-meeting-table-business-people-talking-modern-office-generative-ai-scaled.jpg 2560w\" sizes=\"(max-width: 1024px) 100vw, 1024px\" \/><figcaption class=\"wp-element-caption\">Desconsidera\u00e7\u00e3o da Personalidade Jur\u00eddica e Preclus\u00e3o<\/figcaption><\/figure>\n<\/div>\n\n\n<p>Fala, pessoal, tudo certo? Hoje faremos um breve resumo sobre o assunto da Desconsidera\u00e7\u00e3o da Personalidade Jur\u00eddica e Preclus\u00e3o, expondo, principalmente, o entendimento do STJ (Superior Tribunal de Justi\u00e7a) quanto ao tema.<\/p>\n\n\n\n<p>Desse modo, faremos algumas considera\u00e7\u00f5es iniciais sobre o assunto, apontando a base constitucional e legal necess\u00e1ria para seu entendimento.<\/p>\n\n\n\n<p>Na sequ\u00eancia, abordaremos tanto o conceito quanto as hip\u00f3teses de desconsidera\u00e7\u00e3o da personalidade jur\u00eddica. Ainda, apontaremos o que preconizam as Teorias maior e menor da Desconsidera\u00e7\u00e3o.<\/p>\n\n\n\n<p>Por fim, entraremos no tema espec\u00edfico deste artigo, abordando o conceito e as esp\u00e9cies de preclus\u00e3o, bem assim apontando como a Desconsidera\u00e7\u00e3o da Personalidade Jur\u00eddica e a Preclus\u00e3o se relacionam.<\/p>\n\n\n\n<p>Vamos ao que interessa!<\/p>\n\n\n\n<div class=\"wp-block-yoast-seo-table-of-contents yoast-table-of-contents\"><h2 id=\"sumario\"><mark style=\"background-color:rgba(0, 0, 0, 0)\" class=\"has-inline-color has-luminous-vivid-orange-color\">Sum\u00e1rio<\/mark><\/h2><ul><li><a href=\"#h-desconsideracao-da-personalidade-juridica-e-preclusao\" data-level=\"2\">Desconsidera\u00e7\u00e3o da Personalidade Jur\u00eddica e Preclus\u00e3o<\/a><ul><li><a href=\"#h-base-constitucional-e-legal\" data-level=\"3\">Base constitucional e legal<\/a><\/li><li><a href=\"#h-conceito-de-desconsideracao-da-personalidade-juridica\" data-level=\"3\">Conceito de Desconsidera\u00e7\u00e3o da Personalidade Jur\u00eddica<\/a><\/li><li><a href=\"#h-hipoteses-de-desconsideracao-da-pj\" data-level=\"3\">Hip\u00f3teses de Desconsidera\u00e7\u00e3o da PJ<\/a><\/li><li><a href=\"#h-teorias-maior-e-menor-da-desconsideracao-da-pj\" data-level=\"3\">Teorias maior e menor da Desconsidera\u00e7\u00e3o da PJ<\/a><\/li><li><a href=\"#h-conceito-e-especies-de-preclusao\" data-level=\"3\">Conceito e esp\u00e9cies de Preclus\u00e3o<\/a><\/li><li><a href=\"#h-desconsideracao-da-personalidade-juridica-x-preclusao\" data-level=\"3\">Desconsidera\u00e7\u00e3o da Personalidade Jur\u00eddica X Preclus\u00e3o<\/a><\/li><\/ul><\/li><li><a href=\"#h-conclusao\" data-level=\"2\">Conclus\u00e3o<\/a><ul><li><a href=\"#assinatura-de-concursos\" data-level=\"3\">Assinatura de Concursos<\/a><\/li><\/ul><\/li><li><a href=\"#concursos-e-vagas-previstas-para-2023\" data-level=\"2\">Concursos e vagas previstas para 2024:<\/a><\/li><\/ul><\/div>\n\n\n\n<h2 class=\"wp-block-heading has-luminous-vivid-orange-color has-text-color has-link-color wp-elements-63f9f3204751a692b39cb7ce845601d2\" id=\"h-desconsideracao-da-personalidade-juridica-e-preclusao\"><span id=\"desconsideracao-da-personalidade-juridica-e-preclusao\">Desconsidera\u00e7\u00e3o da Personalidade Jur\u00eddica e Preclus\u00e3o<\/span><\/h2>\n\n\n\n<h3 class=\"wp-block-heading has-luminous-vivid-orange-color has-text-color has-link-color wp-elements-08371812646b6af7c507fbbe663ae3f7\" id=\"h-base-constitucional-e-legal\"><span id=\"base-constitucional-e-legal\">Base constitucional e legal<\/span><\/h3>\n\n\n\n<p>Embora n\u00e3o possamos falar em uma \u201cbase constitucional\u201d propriamente dita para a <strong>desconsidera\u00e7\u00e3o da personalidade jur\u00eddica<\/strong>, o artigo 173 da CF, que trata da explora\u00e7\u00e3o direta da atividade econ\u00f4mica pelo Estado, em seu \u00a7 5\u00ba, prev\u00ea um comando geral para a responsabiliza\u00e7\u00e3o individual dos dirigentes da pessoa jur\u00eddica, bem como desta:<\/p>\n\n\n\n<blockquote class=\"wp-block-quote is-layout-flow wp-block-quote-is-layout-flow\">\n<p class=\"has-small-font-size\">\u00a7 5\u00ba A lei, sem preju\u00edzo da responsabilidade individual dos dirigentes da pessoa jur\u00eddica, estabelecer\u00e1 a responsabilidade desta, sujeitando-a \u00e0s puni\u00e7\u00f5es compat\u00edveis com sua natureza, nos atos praticados contra a ordem econ\u00f4mica e financeira e contra a economia popular.<\/p>\n<\/blockquote>\n\n\n\n<p>Nota-se que o dispositivo refere-se, principalmente, aos atos contra a ordem econ\u00f4mica e financeira e contra a economia popular (vide Leis <a href=\"https:\/\/www.planalto.gov.br\/ccivil_03\/leis\/l1521.htm#:~:text=crimes%20contra%20a%20economia%20popular.\" target=\"_blank\" >1.521\/1951<\/a>, <a href=\"https:\/\/www.planalto.gov.br\/ccivil_03\/leis\/l7492.htm#:~:text=Define%20os-,crimes%20contra%20o%20sistema%20financeiro%20nacional,-%2C%20e%20d%C3%A1%20outras\" target=\"_blank\" >7.492\/1986<\/a> e <a href=\"https:\/\/www.planalto.gov.br\/ccivil_03\/leis\/l8137.htm\" target=\"_blank\" >8.137\/1990<\/a>).\u00a0<\/p>\n\n\n\n<p>No entanto, \u00e9 poss\u00edvel extrair a compreens\u00e3o de que a CF autoriza, sim, a responsabiliza\u00e7\u00e3o individual dos s\u00f3cios da pessoa jur\u00eddica.<\/p>\n\n\n\n<p>J\u00e1 no que diz respeito \u00e0 <strong>preclus\u00e3o<\/strong>, tamb\u00e9m n\u00e3o temos uma men\u00e7\u00e3o a ela propriamente.&nbsp;<\/p>\n\n\n\n<p>Por\u00e9m, trata-se de conceito inserido na compreens\u00e3o de seguran\u00e7a jur\u00eddica (<em>caput<\/em> do artigo 5\u00ba da CF), bem assim de coisa julgada (parte final do inciso XXXVI do artigo 5\u00ba da CF).<\/p>\n\n\n\n<p>Saindo da Constitui\u00e7\u00e3o da Rep\u00fablica, iremos encontrar men\u00e7\u00e3o a esses institutos tanto na legisla\u00e7\u00e3o civil quanto na processual civil.<\/p>\n\n\n\n<p>O C\u00f3digo Civil (CC) trata da desconsidera\u00e7\u00e3o da personalidade jur\u00eddica em seu <a href=\"https:\/\/www.planalto.gov.br\/ccivil_03\/leis\/2002\/l10406compilada.htm#:~:text=desconsider%C3%A1%2Dla%20para%20que%20os%20efeitos%20de%20certas%20e%20determinadas%20rela%C3%A7%C3%B5es%20de%20obriga%C3%A7%C3%B5es%20sejam%20estendidos%20aos%20bens%20particulares%20de%20administradores%20ou%20de%20s%C3%B3cios%20da%20pessoa%20jur%C3%ADdica%20beneficiados%20direta%20ou%20indiretamente%20pelo%20abuso\" target=\"_blank\" >artigo 50<\/a>, enquanto o C\u00f3digo de Processo Civil (CPC) cuida da quest\u00e3o entre seus <a href=\"https:\/\/www.planalto.gov.br\/ccivil_03\/_ato2015-2018\/2015\/lei\/l13105.htm#:~:text=DO%20INCIDENTE%20DE%20DESCONSIDERA%C3%87%C3%83O%20DA%20PERSONALIDADE%20JUR%C3%8DDICA\" target=\"_blank\" >artigos 133 a 137<\/a>.<\/p>\n\n\n\n<p>No que tange \u00e0 preclus\u00e3o, como se trata de um instituto, sobretudo, de direito processual, \u00e9 poss\u00edvel encontrar diversas passagens do CPC disciplinando o assunto, com destaque para a coisa julgada, que, como veremos, consiste na chamada \u201cpreclus\u00e3o m\u00e1xima\u201d.<\/p>\n\n\n\n<h3 class=\"wp-block-heading has-luminous-vivid-orange-color has-text-color has-link-color wp-elements-aec95f93f2162b4f396b79dc4137d44d\" id=\"h-conceito-de-desconsideracao-da-personalidade-juridica\"><span id=\"conceito-de-desconsideracao-da-personalidade-juridica\">Conceito de Desconsidera\u00e7\u00e3o da Personalidade Jur\u00eddica<\/span><\/h3>\n\n\n\n<p>Como sabemos, a personalidade jur\u00eddica de uma empresa possui diversas finalidades, sendo que, uma delas, \u00e9 de separar o patrim\u00f4nio daquele empreendimento do patrim\u00f4nio individual de cada s\u00f3cio\/cotista\/administrador.<\/p>\n\n\n\n<p>Sendo assim, a personalidade jur\u00eddica, via de regra, serve como uma barreira entre o que acontece na pessoa jur\u00eddica e a responsabilidade da pessoa f\u00edsica que atua naquela PJ.<\/p>\n\n\n\n<p>Nesse sentido, o artigo 49-A, inclu\u00eddo no CC pela Lei 13.874\/2019, disp\u00f5e que a pessoa jur\u00eddica <strong>n\u00e3o se confunde<\/strong> com os seus s\u00f3cios, associados, instituidores ou administradores.&nbsp;<\/p>\n\n\n\n<p>Em seu par\u00e1grafo \u00fanico, o dispositivo afirma que <strong>a autonomia patrimonial das pessoas jur\u00eddicas \u00e9 um instrumento l\u00edcito de aloca\u00e7\u00e3o e segrega\u00e7\u00e3o de riscos<\/strong>, estabelecido pela lei com a finalidade de estimular empreendimentos, para a gera\u00e7\u00e3o de empregos, tributo, renda e inova\u00e7\u00e3o em benef\u00edcio de todos.<\/p>\n\n\n\n<p>No entanto, em raz\u00e3o de algumas hip\u00f3teses, as quais veremos no pr\u00f3ximo t\u00f3pico, a personalidade jur\u00eddica pode ser desconsiderada para atingir o patrim\u00f4nio dos s\u00f3cios\/cotistas\/administradores.<\/p>\n\n\n\n<p>A Desconsidera\u00e7\u00e3o da Personalidade Jur\u00eddica adveio do direito norte-americano (<em>\u201cdisregard doctrine<\/em>\u201d).<\/p>\n\n\n\n<p>Humberto Theodoro J\u00fanior explica que o C\u00f3digo Civil de 2002 normatizou conduta que j\u00e1 vinha sendo adotada pela jurisprud\u00eancia, de desconsiderar a personalidade jur\u00eddica, <strong>a fim de imputar aos s\u00f3cios ou administradores a responsabilidade pelo ato il\u00edcito praticado pela empresa<\/strong>.&nbsp;<\/p>\n\n\n\n<p>Dessa forma, o autor explica que <strong>os bens particulares dos s\u00f3cios que concorreram para a pr\u00e1tica do ato respondem pela repara\u00e7\u00e3o dos danos provocados pela sociedade.<\/strong><\/p>\n\n\n\n<p>Por fim, \u00e9 interessante destacar que, <strong>para o STF, a desconsidera\u00e7\u00e3o da personalidade jur\u00eddica N\u00c3O possui valor de direito fundamental<\/strong>:<\/p>\n\n\n\n<blockquote class=\"wp-block-quote is-layout-flow wp-block-quote-is-layout-flow\">\n<p class=\"has-small-font-size\">MANDADO DE SEGURAN\u00c7A. TRIBUNAL DE CONTAS DA UNI\u00c3O. TOMADA DE CONTAS ESPECIAL. DESCONSIDERA\u00c7\u00c3O DA PERSONALIDADE JUR\u00cdDICA. POSSIBILIDADE. REQUISITOS LEGAIS OBSERVADOS. AUS\u00caNCIA DE DIREITO L\u00cdQUIDO E CERTO. DENEGA\u00c7\u00c3O DA SEGURAN\u00c7A. 1. Ao TCU \u00e9 assegurado plexo de poderes e mecanismos cautelares voltados \u00e0 garantia da efic\u00e1cia de eventuais provimentos definitivos que imponham san\u00e7\u00f5es a agentes p\u00fablicos ou particulares respons\u00e1veis por irregularidades no trato de recursos p\u00fablicos. <strong>2. O levantamento do v\u00e9u da pessoa jur\u00eddica, embora grave do ponto de vista da seguran\u00e7a jur\u00eddica e da liberdade econ\u00f4mica, n\u00e3o se afei\u00e7oa \u00e0quele estrito rol de direitos fundamentais cuja restri\u00e7\u00e3o apenas pode ser operacionalizada pelo Poder Judici\u00e1rio. \u00c9 equivocado equiparar, para fins de prote\u00e7\u00e3o judicial, o conte\u00fado de comunica\u00e7\u00f5es telef\u00f4nicas de cidad\u00e3os \u00e0 desconsidera\u00e7\u00e3o, em situa\u00e7\u00f5es pontuais e fundamentadas, da pessoa jur\u00eddica. N\u00e3o h\u00e1, nessa hip\u00f3tese, supress\u00e3o ou malferimento de qualquer direito fundamental, seja do s\u00f3cio pessoa f\u00edsica, seja da empresa pessoa jur\u00eddica.<\/strong> 3. \u00c9 legal e constitucionalmente fundada a desconsidera\u00e7\u00e3o da pessoa jur\u00eddica pelo TCU, de modo a alcan\u00e7ar o patrim\u00f4nio de pessoas f\u00edsicas ou jur\u00eddicas envolvidas na pr\u00e1tica de atos lesivos ao er\u00e1rio p\u00fablico, observados o contradit\u00f3rio e a ampla defesa. 4. Seguran\u00e7a denegada. (MS 35920, Relator(a): Marco Aur\u00e9lio, Relator p\/ Ac\u00f3rd\u00e3o: Gilmar Mendes, Tribunal Pleno, julgado em 18-03-2023)<\/p>\n<\/blockquote>\n\n\n\n<h3 class=\"wp-block-heading has-luminous-vivid-orange-color has-text-color has-link-color wp-elements-048221e2d4f3f6da2d754842c7400dba\" id=\"h-hipoteses-de-desconsideracao-da-pj\"><span id=\"hipoteses-de-desconsideracao-da-pj\">Hip\u00f3teses de Desconsidera\u00e7\u00e3o da PJ<\/span><\/h3>\n\n\n\n<p>De acordo com o <em>caput<\/em> do artigo 50 do C\u00f3digo Civil, <strong>em caso de abuso da personalidade jur\u00eddica, o juiz, de of\u00edcio ou a pedido da parte ou do MP, poder\u00e1 desconsiderar a personalidade jur\u00eddica<\/strong> para que os efeitos de certas e determinadas rela\u00e7\u00f5es de obriga\u00e7\u00f5es sejam estendidos aos bens particulares de administradores ou de s\u00f3cios da pessoa jur\u00eddica beneficiados direta ou indiretamente pelo abuso.<\/p>\n\n\n\n<p><em>E como se configura o abuso acima citado? <\/em>Em duas hip\u00f3teses:<\/p>\n\n\n\n<ol class=\"wp-block-list\">\n<li><strong>Desvio de finalidade:<\/strong> \u00e9 a utiliza\u00e7\u00e3o da pessoa jur\u00eddica com o prop\u00f3sito de lesar credores e para a pr\u00e1tica de atos il\u00edcitos de qualquer natureza.<br><br>Por exemplo, imaginemos o caso em que uma pessoa jur\u00eddica \u00e9 constitu\u00edda t\u00e3o somente para auxiliar na oculta\u00e7\u00e3o\/transforma\u00e7\u00e3o de bens de origem il\u00edcita, ou seja, para realizar a famosa \u201cLavagem de Dinheiro\u201d que consta da Lei 9.613\/1998.<br><br>Trata-se de clara utiliza\u00e7\u00e3o da PJ para pr\u00e1tica de il\u00edcito, o que \u00e9 vedado.<br><br>No entanto, o CC disp\u00f5e que n\u00e3o constitui desvio de finalidade a <strong>mera expans\u00e3o ou a altera\u00e7\u00e3o<\/strong> da finalidade original da atividade econ\u00f4mica espec\u00edfica da pessoa jur\u00eddica.<br><\/li>\n\n\n\n<li><strong>Confus\u00e3o patrimonial: <\/strong>\u00e9 a <strong>aus\u00eancia de separa\u00e7\u00e3o de fato<\/strong> entre os patrim\u00f4nios da PJ e dos s\u00f3cios\/administradores.<br><br>Veja que n\u00e3o basta que no papel (separa\u00e7\u00e3o de direito) esteja tudo certo. A averigua\u00e7\u00e3o da confus\u00e3o patrimonial ocorre na pr\u00e1tica, em que se analisa o descumprimento ou n\u00e3o da autonomia patrimonial.<br><br>O CC afirma que essa confus\u00e3o patrimonial caracteriza-se de 03 formas distintas:<br><br>(i) cumprimento repetitivo pela sociedade de obriga\u00e7\u00f5es do s\u00f3cio ou do administrador ou vice-versa;\u00a0<br><br>(ii) transfer\u00eancia de ativos ou de passivos sem efetivas contrapresta\u00e7\u00f5es, exceto os de valor proporcionalmente insignificante; <br><br>(iii) por outros atos de descumprimento da autonomia patrimonial.<\/li>\n<\/ol>\n\n\n\n<h3 class=\"wp-block-heading has-luminous-vivid-orange-color has-text-color has-link-color wp-elements-b535c319cfbef165c08ca8c71adbf06a\" id=\"h-teorias-maior-e-menor-da-desconsideracao-da-pj\"><span id=\"teorias-maior-e-menor-da-desconsideracao-da-pj\">Teorias maior e menor da Desconsidera\u00e7\u00e3o da PJ<\/span><\/h3>\n\n\n\n<p>Al\u00e9m do que j\u00e1 foi dito, \u00e9 interessante apontar que a doutrina e jurisprud\u00eancia aceitam as chamadas Teoria Maior e Teoria Menor da Desconsidera\u00e7\u00e3o da Personalidade Jur\u00eddica.<\/p>\n\n\n\n<p>A <strong>Teoria Maior <\/strong>da Desconsidera\u00e7\u00e3o \u00e9 a que foi adotada como <strong>regra no ordenamento jur\u00eddico brasileiro<\/strong>, especialmente para o Direito Civil.<\/p>\n\n\n\n<p>Por essa vertente, exige-se, para que ocorra a desconsidera\u00e7\u00e3o, que haja ou desvio de finalidade ou confus\u00e3o patrimonial, como falamos acima.<\/p>\n\n\n\n<p>J\u00e1 pela <strong>Teoria Menor <\/strong>da Desconsidera\u00e7\u00e3o, para afastar a personalidade jur\u00eddica basta que essa seja um obst\u00e1culo ao ressarcimento do cr\u00e9dito do credor.&nbsp;<\/p>\n\n\n\n<p>A Teoria Menor foi adotada pelo C\u00f3digo de Defesa do Consumidor, que, em seu <a href=\"https:\/\/www.planalto.gov.br\/ccivil_03\/leis\/l8078compilado.htm#:~:text=%C2%A0%C2%A0%C2%A0%C2%A0%C2%A0%C2%A0%C2%A0%20%C2%A7%205%C2%B0%20Tamb%C3%A9m%20poder%C3%A1%20ser%20desconsiderada%20a%20pessoa%20jur%C3%ADdica%20sempre%20que%20sua%20personalidade%20for%2C%20de%20alguma%20forma%2C%20obst%C3%A1culo%20ao%20ressarcimento%20de%20preju%C3%ADzos%20causados%20aos%20consumidores.\" target=\"_blank\" >\u00a7 5\u00ba do artigo 28<\/a>, afirma que \u201cpoder\u00e1 ser desconsiderada a pessoa jur\u00eddica sempre que sua personalidade for, de alguma forma, obst\u00e1culo ao ressarcimento de preju\u00edzos causados aos consumidores\u201d.<\/p>\n\n\n\n<p>Tamb\u00e9m foi adotada no \u00e2mbito do Direito Ambiental, haja vista que a Lei 9.605\/1998 disp\u00f5e, em seu <a href=\"https:\/\/www.planalto.gov.br\/ccivil_03\/leis\/l9605.htm#:~:text=Art.%204%C2%BA%20Poder%C3%A1%20ser%20desconsiderada%20a%20pessoa%20jur%C3%ADdica%20sempre%20que%20sua%20personalidade%20for%20obst%C3%A1culo%20ao%20ressarcimento%20de%20preju%C3%ADzos%20causados%20%C3%A0%20qualidade%20do%20meio%20ambiente.\" target=\"_blank\" >artigo 4\u00ba<\/a>, que \u201cpoder\u00e1 ser desconsiderada a pessoa jur\u00eddica sempre que sua personalidade for obst\u00e1culo ao ressarcimento de preju\u00edzos causados \u00e0 qualidade do meio ambiente\u201d.<\/p>\n\n\n\n<h3 class=\"wp-block-heading has-luminous-vivid-orange-color has-text-color has-link-color wp-elements-00e0cde6511660a2385ad9c8190c9f21\" id=\"h-conceito-e-especies-de-preclusao\"><span id=\"conceito-e-especies-de-preclusao\">Conceito e esp\u00e9cies de Preclus\u00e3o<\/span><\/h3>\n\n\n\n<p>De forma resumida, a <strong>preclus\u00e3o pode ser definida como a perda da chance de praticar um ato processual<\/strong>.<\/p>\n\n\n\n<p>Humberto Theodoro J\u00fanior a define como sendo a perda da faculdade de praticar um ato processual, quer porque j\u00e1 foi exercitada a faculdade processual, no momento adequado, quer porque a parte deixou escoar a fase processual pr\u00f3pria, sem fazer uso de seu direito.<\/p>\n\n\n\n<p>A preclus\u00e3o possui 03 esp\u00e9cies:<\/p>\n\n\n\n<ol class=\"wp-block-list\">\n<li><strong>Preclus\u00e3o temporal:<\/strong> \u00e9 a perda do <strong>prazo<\/strong> para a pr\u00e1tica de determinado ato. \u00c9 a esp\u00e9cie de preclus\u00e3o mais conhecida pois decorre da an\u00e1lise da tempestividade para pr\u00e1tica do ato processual;<\/li>\n<\/ol>\n\n\n\n<ol class=\"wp-block-list\" start=\"2\">\n<li><strong>Preclus\u00e3o l\u00f3gica:&nbsp; <\/strong>ocorre quando a parte argumenta ou age num sentido e, ap\u00f3s, argumenta ou age no sentido contr\u00e1rio. Sendo assim, tem-se como operada a preclus\u00e3o l\u00f3gica.<\/li>\n<\/ol>\n\n\n\n<ol class=\"wp-block-list\" start=\"3\">\n<li><strong>Preclus\u00e3o consumativa: <\/strong>ocorre quando \u00e9 dada \u00e0 parte a oportunidade de se manifestar sobre determinado assunto e ela o faz.&nbsp;<\/li>\n<\/ol>\n\n\n\n<p>Ap\u00f3s isso, caso n\u00e3o tenha se manifestado sobre tudo o que queria, ou de forma incompleta, ou mesmo de forma incorreta, n\u00e3o poder\u00e1 mais o fazer, haja vista a perda da oportunidade para se manifestar.<\/p>\n\n\n\n<p>Al\u00e9m disso, \u00e9 de se destacar que <strong>a coisa julgada \u00e9 tamb\u00e9m conhecida como \u201cpreclus\u00e3o m\u00e1xima\u201d<\/strong>, haja vista que, ap\u00f3s o tr\u00e2nsito em julgado, nos termos do <a href=\"https:\/\/www.planalto.gov.br\/ccivil_03\/_ato2015-2018\/2015\/lei\/l13105.htm#:~:text=Art.%20508.%20Transitada%20em%20julgado%20a%20decis%C3%A3o%20de%20m%C3%A9rito%2C%20considerar%2Dse%2D%C3%A3o%20deduzidas%20e%20repelidas%20todas%20as%20alega%C3%A7%C3%B5es%20e%20as%20defesas%20que%20a%20parte%20poderia%20opor%20tanto%20ao%20acolhimento%20quanto%20%C3%A0%20rejei%C3%A7%C3%A3o%20do%20pedido.\" target=\"_blank\" >artigo 508 do CPC<\/a>, considerar-se-\u00e3o deduzidas e repelidas todas as alega\u00e7\u00f5es e as defesas que a parte poderia opor tanto ao acolhimento quanto \u00e0 rejei\u00e7\u00e3o do pedido.<\/p>\n\n\n\n<h3 class=\"wp-block-heading has-luminous-vivid-orange-color has-text-color has-link-color wp-elements-45f19c5aaaab2eb95f6104f6b9b82b15\" id=\"h-desconsideracao-da-personalidade-juridica-x-preclusao\"><span id=\"desconsideracao-da-personalidade-juridica-x-preclusao\">Desconsidera\u00e7\u00e3o da Personalidade Jur\u00eddica X Preclus\u00e3o<\/span><\/h3>\n\n\n\n<p>Agora, analisando o que a Terceira Turma do STJ decidiu no bojo do <a href=\"https:\/\/scon.stj.jus.br\/SCON\/GetInteiroTeorDoAcordao?num_registro=202303574566&amp;dt_publicacao=21\/03\/2024\" target=\"_blank\" >REsp 2.123.732-MT<\/a>, vamos ver como a Desconsidera\u00e7\u00e3o da Personalidade Jur\u00eddica e a Preclus\u00e3o se relacionam.<\/p>\n\n\n\n<p>No Recurso Especial que referimos, o STJ firmou o entendimento de que <strong>o tr\u00e2nsito em julgado da decis\u00e3o que aprecia pedido de desconsidera\u00e7\u00e3o da personalidade jur\u00eddica torna a quest\u00e3o preclusa<\/strong> para as partes da rela\u00e7\u00e3o processual, inviabilizando a dedu\u00e7\u00e3o de novo requerimento com base na mesma causa de pedir.<\/p>\n\n\n\n<p>\u00c9 muito importante que notemos que a decis\u00e3o a que o STJ se referiu n\u00e3o era uma senten\u00e7a, mas sim uma decis\u00e3o interlocut\u00f3ria.&nbsp;<\/p>\n\n\n\n<p>Sobre o assunto, vejamos o entendimento do STJ:<\/p>\n\n\n\n<blockquote class=\"wp-block-quote is-layout-flow wp-block-quote-is-layout-flow\">\n<p class=\"has-small-font-size\">(&#8230;)&nbsp;<\/p>\n\n\n\n<p class=\"has-small-font-size\">2. O ato que determina a desconsidera\u00e7\u00e3o da personalidade jur\u00eddica em car\u00e1ter incidental no curso de processo de execu\u00e7\u00e3o<strong> n\u00e3o faz coisa julgada, por possuir natureza de decis\u00e3o interlocut\u00f3ria. Decis\u00f5es interlocut\u00f3rias sujeitam-se \u00e0 preclus\u00e3o<\/strong>, o que impede a rediscuss\u00e3o da mat\u00e9ria no mesmo processo, pelas mesmas partes (art. 473 do CPC\/1973). Precedentes.&nbsp;<\/p>\n\n\n\n<p class=\"has-small-font-size\">3. O tr\u00e2nsito em julgado da decis\u00e3o que desconsidera a personalidade jur\u00eddica torna a mat\u00e9ria preclusa apenas com rela\u00e7\u00e3o \u00e0s partes que integravam aquela rela\u00e7\u00e3o processual, n\u00e3o sendo poss\u00edvel estender os mesmos efeitos aos s\u00f3cios, que apenas posteriormente foram citados para responderem pelo d\u00e9bito.<\/p>\n\n\n\n<p class=\"has-small-font-size\">(&#8230;)<\/p>\n\n\n\n<p class=\"has-small-font-size\">(REsp n. 1.685.353\/SP, relator Ministro Ricardo Villas B\u00f4as Cueva, Terceira Turma, julgado em 9\/3\/2021, DJe de 12\/3\/2021.)<\/p>\n<\/blockquote>\n\n\n\n<p>Portanto, para a Corte Cidad\u00e3, as mesmas partes, no curso do mesmo processo, n\u00e3o podem mais discutir a quest\u00e3o, haja vista a preclus\u00e3o consumativa (deveria ter alegado tudo o que podia quando se insurgiu pela primeira vez).<\/p>\n\n\n\n<p>No entanto, para o STJ essa decis\u00e3o n\u00e3o faz coisa julgada material. Tanto \u00e9 assim que, por exemplo, no \u00e2mbito do <a href=\"https:\/\/scon.stj.jus.br\/SCON\/GetInteiroTeorDoAcordao?num_registro=201701291127&amp;dt_publicacao=12\/03\/2021\" target=\"_blank\" >REsp n. 1.685.353\/SP<\/a>, j\u00e1 se entendeu que a mat\u00e9ria poderia ser novamente analisada em embargos \u00e0 execu\u00e7\u00e3o, haja vista sua natureza de a\u00e7\u00e3o aut\u00f4noma \u00e0 execu\u00e7\u00e3o.<\/p>\n\n\n\n<p>Sendo assim, no bojo do REsp 2.123.732-MT, que estamos analisando, ainda que tenha sido autuado em apartado, o pedido de desconsidera\u00e7\u00e3o da personalidade jur\u00eddica da devedora foi deduzido no curso da mesma a\u00e7\u00e3o executiva e com fundamento em id\u00eantica causa de pedir, raz\u00e3o pela qual foi reconhecida a preclus\u00e3o consumativa.<\/p>\n\n\n\n<h2 class=\"wp-block-heading has-luminous-vivid-orange-color has-text-color has-link-color wp-elements-a0b4ea51da65e0afb3d3006b358b3e93\" id=\"h-conclusao\"><span id=\"conclusao\">Conclus\u00e3o<\/span><\/h2>\n\n\n\n<p>Portanto, pessoal, esse foi nosso breve resumo sobre o assunto da Desconsidera\u00e7\u00e3o da Personalidade Jur\u00eddica e Preclus\u00e3o, expondo, principalmente, o entendimento do STJ (Superior Tribunal de Justi\u00e7a) quanto ao tema.<\/p>\n\n\n\n<p>At\u00e9 a pr\u00f3xima!<\/p>\n\n\n\n<p class=\"has-text-align-center\" id=\"h-quer-saber-tudo-sobre-concursos-previstos\"><strong>Quer saber quais ser\u00e3o os pr\u00f3ximos concursos?<\/strong><\/p>\n\n\n\n<p class=\"has-text-align-center\">Confira nossos <a href=\"https:\/\/cj.estrategia.com\/portal\/\" target=\"_blank\" >artigos para Carreiras Jur\u00eddicas<\/a>!<\/p>\n\n\n\n<p class=\"has-text-align-center has-white-color has-pale-cyan-blue-background-color has-text-color has-background\"><a href=\"https:\/\/www.estrategiaconcursos.com.br\/blog\/concursos-abertos\/\" target=\"_blank\" >Confira os concursos p\u00fablicos abertos<\/a><\/p>\n\n\n\n<p class=\"has-text-align-center has-white-color has-pale-cyan-blue-background-color has-text-color has-background\"><a href=\"https:\/\/www.estrategiaconcursos.com.br\/blog\/concursos-2024\/\" target=\"_blank\" >Concursos 2024<\/a><\/p>\n\n\n\n<h3 class=\"wp-block-heading\" id=\"assinatura-de-concursos\">Assinatura de Concursos<\/h3>\n\n\n\n<p>Assinatura de 1 ano ou 2 anos <a href=\"https:\/\/www.estrategiaconcursos.com.br\/assinaturas\/\" target=\"_blank\" >ASSINE AGORA<\/a><\/p>\n\n\n\n<p>Agora, confira as vagas e oportunidades dos&nbsp;<strong>concursos 2024<\/strong>&nbsp;navegando atrav\u00e9s do \u00edndice abaixo:<\/p>\n\n\n\n<h2 class=\"wp-block-heading\" id=\"concursos-e-vagas-previstas-para-2023\"><span id=\"concursos-e-vagas-previstas-para-2024\">Concursos e vagas previstas para 2024:<\/span><\/h2>\n\n\n\n<p>Al\u00e9m deste resumo sobre a Desconsidera\u00e7\u00e3o da Personalidade Jur\u00eddica e Preclus\u00e3o, confira:<\/p>\n\n\n\n<ul class=\"wp-block-list\">\n<li><a href=\"https:\/\/www.estrategiaconcursos.com.br\/blog\/concursos-2023\/#policial\" target=\"_blank\" >Concursos Policiais<\/a><\/li>\n\n\n\n<li><a href=\"https:\/\/www.estrategiaconcursos.com.br\/blog\/concursos-2023\/#fiscal\" target=\"_blank\" >Concursos Fiscais<\/a><\/li>\n\n\n\n<li><a href=\"https:\/\/www.estrategiaconcursos.com.br\/blog\/concursos-2023\/#controle\" target=\"_blank\" >Concursos Controle<\/a><\/li>\n\n\n\n<li><a href=\"https:\/\/www.estrategiaconcursos.com.br\/blog\/concursos-2023\/#tribunais\" target=\"_blank\" >Concursos Tribunais<\/a><\/li>\n\n\n\n<li><a href=\"https:\/\/www.estrategiaconcursos.com.br\/blog\/concursos-2023\/#ministerios-publicos\" target=\"_blank\" >Concursos em Minist\u00e9rios P\u00fablicos<\/a><\/li>\n\n\n\n<li><a href=\"https:\/\/www.estrategiaconcursos.com.br\/blog\/concursos-2023\/#defensorias-publicas\" target=\"_blank\" >Concursos em Defensorias<\/a><\/li>\n\n\n\n<li><a href=\"https:\/\/www.estrategiaconcursos.com.br\/blog\/concursos-2023\/#legislativa\" target=\"_blank\" >Concursos Legislativos<\/a><\/li>\n\n\n\n<li><a href=\"https:\/\/www.estrategiaconcursos.com.br\/blog\/concursos-2023\/#saude\" target=\"_blank\" >Concursos da \u00e1rea da Sa\u00fade<\/a><\/li>\n\n\n\n<li><a href=\"https:\/\/www.estrategiaconcursos.com.br\/blog\/concursos-2023\/#bancaria\" target=\"_blank\" >Concursos da \u00e1rea banc\u00e1ria<\/a><\/li>\n\n\n\n<li><a href=\"https:\/\/www.estrategiaconcursos.com.br\/blog\/concursos-2023\/#educacao\" target=\"_blank\" >Concursos da \u00e1rea da Educa\u00e7\u00e3o<\/a><\/li>\n\n\n\n<li><a href=\"https:\/\/www.estrategiaconcursos.com.br\/blog\/concursos-2023\/#prefeituras\" target=\"_blank\" >Concursos para Prefeituras<\/a><\/li>\n\n\n\n<li><a href=\"https:\/\/www.estrategiaconcursos.com.br\/blog\/concursos-2023\/#outros\" target=\"_blank\" >Concursos outras oportunidades<\/a><\/li>\n<\/ul>\n\n\n\n<p class=\"has-text-align-center has-luminous-vivid-amber-background-color has-background\" style=\"font-size:22px\"><strong>Veja tamb\u00e9m: <a href=\"https:\/\/www.estrategiaconcursos.com.br\/blog\/concursos-abertos\/\" target=\"_blank\" >Concursos Abertos<\/a><\/strong><\/p>\n\n\n\n<p class=\"has-text-align-left\" style=\"font-size:25px\"><em><strong>Quer saber tudo sobre os concursos previstos? Confira nossos artigos completos:<\/strong><\/em><\/p>\n\n\n\n<p>Al\u00e9m deste resumo sobre a Desconsidera\u00e7\u00e3o da Personalidade Jur\u00eddica e Preclus\u00e3o, confira:<\/p>\n\n\n\n<ul class=\"wp-block-list\">\n<li><a href=\"https:\/\/www.estrategiaconcursos.com.br\/blog\/concursos-2024\/\" target=\"_blank\" >Concursos 2024<\/a><\/li>\n<\/ul>\n","protected":false},"excerpt":{"rendered":"Fala, pessoal, tudo certo? Hoje faremos um breve resumo sobre o assunto da Desconsidera\u00e7\u00e3o da Personalidade Jur\u00eddica e&hellip;\n","protected":false},"author":39,"featured_media":60325,"comment_status":"open","ping_status":"open","sticky":false,"template":"","format":"standard","meta":{"_jetpack_memberships_contains_paid_content":false,"footnotes":""},"categories":[1],"tags":[],"tax_estado":[30,31,32,33,34,35,36,37,38,39,40,41,42,43,44,45,46,47,48,49,50,51,52,53,54,55,56,57],"class_list":{"0":"post-60318","1":"post","2":"type-post","3":"status-publish","4":"format-standard","5":"has-post-thumbnail","7":"category-carreiras-juridicas","8":"tax_estado-ac","9":"tax_estado-al","10":"tax_estado-am","11":"tax_estado-ap","12":"tax_estado-ba","13":"tax_estado-ce","14":"tax_estado-concursos-federais","15":"tax_estado-df","16":"tax_estado-es","17":"tax_estado-go","18":"tax_estado-ma","19":"tax_estado-mg","20":"tax_estado-ms","21":"tax_estado-mt","22":"tax_estado-pa","23":"tax_estado-pb","24":"tax_estado-pe","25":"tax_estado-pi","26":"tax_estado-pr","27":"tax_estado-rj","28":"tax_estado-rn","29":"tax_estado-ro","30":"tax_estado-rr","31":"tax_estado-rs","32":"tax_estado-sc","33":"tax_estado-se","34":"tax_estado-sp","35":"tax_estado-to"},"acf":[],"yoast_head":"<!-- This site is optimized with the Yoast SEO Premium plugin v27.4 (Yoast SEO v27.4) - https:\/\/yoast.com\/product\/yoast-seo-premium-wordpress\/ -->\n<title>Desconsidera\u00e7\u00e3o da Personalidade Jur\u00eddica e Preclus\u00e3o<\/title>\n<meta name=\"description\" content=\"Confira nosso breve resumo sobre a Desconsidera\u00e7\u00e3o da Personalidade Jur\u00eddica e Preclus\u00e3o, expondo o entendimento do STJ quanto ao tema.\" \/>\n<meta name=\"robots\" content=\"index, follow, max-snippet:-1, max-image-preview:large, max-video-preview:-1\" \/>\n<link rel=\"canonical\" href=\"https:\/\/cj.estrategia.com\/portal\/desconsideracao-personalidade-juridica-preclusao\/\" \/>\n<meta property=\"og:locale\" content=\"pt_BR\" \/>\n<meta property=\"og:type\" content=\"article\" \/>\n<meta property=\"og:title\" content=\"Desconsidera\u00e7\u00e3o da Personalidade Jur\u00eddica e Preclus\u00e3o\" \/>\n<meta property=\"og:description\" content=\"Confira nosso breve resumo sobre a Desconsidera\u00e7\u00e3o da Personalidade Jur\u00eddica e Preclus\u00e3o, expondo o entendimento do STJ quanto ao tema.\" \/>\n<meta property=\"og:url\" content=\"https:\/\/cj.estrategia.com\/portal\/desconsideracao-personalidade-juridica-preclusao\/\" \/>\n<meta property=\"og:site_name\" content=\"Blog - Carreiras Jur\u00eddicas - Estrat\u00e9gia\" \/>\n<meta property=\"article:publisher\" content=\"https:\/\/www.facebook.com\/estrategiacarreirajuridica\/\" \/>\n<meta property=\"article:published_time\" content=\"2024-04-13T17:00:00+00:00\" \/>\n<meta property=\"og:image\" content=\"https:\/\/cj.estrategia.com\/portal\/wp-content\/uploads\/2024\/04\/11112107\/blurred-soft-people-meeting-table-business-people-talking-modern-office-generative-ai-scaled.jpg\" \/>\n\t<meta property=\"og:image:width\" content=\"2560\" \/>\n\t<meta property=\"og:image:height\" content=\"1707\" \/>\n\t<meta property=\"og:image:type\" content=\"image\/jpeg\" \/>\n<meta name=\"author\" content=\"Frederico Tadeu Borlot Peixoto\" \/>\n<meta name=\"twitter:card\" content=\"summary_large_image\" \/>\n<meta name=\"twitter:creator\" content=\"@EstratJuridica\" \/>\n<meta name=\"twitter:site\" content=\"@EstratJuridica\" \/>\n<meta name=\"twitter:label1\" content=\"Escrito por\" \/>\n\t<meta name=\"twitter:data1\" content=\"Frederico Tadeu Borlot Peixoto\" \/>\n\t<meta name=\"twitter:label2\" content=\"Est. tempo de leitura\" \/>\n\t<meta name=\"twitter:data2\" content=\"10 minutos\" \/>\n<script type=\"application\/ld+json\" class=\"yoast-schema-graph\">{\"@context\":\"https:\\\/\\\/schema.org\",\"@graph\":[{\"@type\":\"NewsArticle\",\"@id\":\"https:\\\/\\\/cj.estrategia.com\\\/portal\\\/desconsideracao-personalidade-juridica-preclusao\\\/#article\",\"isPartOf\":{\"@id\":\"https:\\\/\\\/cj.estrategia.com\\\/portal\\\/desconsideracao-personalidade-juridica-preclusao\\\/\"},\"author\":{\"name\":\"Frederico Tadeu Borlot Peixoto\",\"@id\":\"https:\\\/\\\/cj.estrategia.com\\\/portal\\\/#\\\/schema\\\/person\\\/74287401cf4654f4fa04e378de7261ec\"},\"headline\":\"Desconsidera\u00e7\u00e3o da Personalidade Jur\u00eddica e Preclus\u00e3o\",\"datePublished\":\"2024-04-13T17:00:00+00:00\",\"mainEntityOfPage\":{\"@id\":\"https:\\\/\\\/cj.estrategia.com\\\/portal\\\/desconsideracao-personalidade-juridica-preclusao\\\/\"},\"wordCount\":2455,\"commentCount\":0,\"publisher\":{\"@id\":\"https:\\\/\\\/cj.estrategia.com\\\/portal\\\/#organization\"},\"image\":{\"@id\":\"https:\\\/\\\/cj.estrategia.com\\\/portal\\\/desconsideracao-personalidade-juridica-preclusao\\\/#primaryimage\"},\"thumbnailUrl\":\"https:\\\/\\\/cj.estrategia.com\\\/portal\\\/wp-content\\\/uploads\\\/2024\\\/04\\\/11112107\\\/blurred-soft-people-meeting-table-business-people-talking-modern-office-generative-ai-scaled.jpg\",\"articleSection\":[\"Carreiras Jur\u00eddicas\"],\"inLanguage\":\"pt-BR\",\"potentialAction\":[{\"@type\":\"CommentAction\",\"name\":\"Comment\",\"target\":[\"https:\\\/\\\/cj.estrategia.com\\\/portal\\\/desconsideracao-personalidade-juridica-preclusao\\\/#respond\"]}],\"accessibilityFeature\":[\"tableOfContents\"]},{\"@type\":\"WebPage\",\"@id\":\"https:\\\/\\\/cj.estrategia.com\\\/portal\\\/desconsideracao-personalidade-juridica-preclusao\\\/\",\"url\":\"https:\\\/\\\/cj.estrategia.com\\\/portal\\\/desconsideracao-personalidade-juridica-preclusao\\\/\",\"name\":\"Desconsidera\u00e7\u00e3o da Personalidade Jur\u00eddica e Preclus\u00e3o\",\"isPartOf\":{\"@id\":\"https:\\\/\\\/cj.estrategia.com\\\/portal\\\/#website\"},\"primaryImageOfPage\":{\"@id\":\"https:\\\/\\\/cj.estrategia.com\\\/portal\\\/desconsideracao-personalidade-juridica-preclusao\\\/#primaryimage\"},\"image\":{\"@id\":\"https:\\\/\\\/cj.estrategia.com\\\/portal\\\/desconsideracao-personalidade-juridica-preclusao\\\/#primaryimage\"},\"thumbnailUrl\":\"https:\\\/\\\/cj.estrategia.com\\\/portal\\\/wp-content\\\/uploads\\\/2024\\\/04\\\/11112107\\\/blurred-soft-people-meeting-table-business-people-talking-modern-office-generative-ai-scaled.jpg\",\"datePublished\":\"2024-04-13T17:00:00+00:00\",\"description\":\"Confira nosso breve resumo sobre a Desconsidera\u00e7\u00e3o da Personalidade Jur\u00eddica e Preclus\u00e3o, expondo o entendimento do STJ quanto ao tema.\",\"breadcrumb\":{\"@id\":\"https:\\\/\\\/cj.estrategia.com\\\/portal\\\/desconsideracao-personalidade-juridica-preclusao\\\/#breadcrumb\"},\"inLanguage\":\"pt-BR\",\"potentialAction\":[{\"@type\":\"ReadAction\",\"target\":[\"https:\\\/\\\/cj.estrategia.com\\\/portal\\\/desconsideracao-personalidade-juridica-preclusao\\\/\"]}]},{\"@type\":\"ImageObject\",\"inLanguage\":\"pt-BR\",\"@id\":\"https:\\\/\\\/cj.estrategia.com\\\/portal\\\/desconsideracao-personalidade-juridica-preclusao\\\/#primaryimage\",\"url\":\"https:\\\/\\\/cj.estrategia.com\\\/portal\\\/wp-content\\\/uploads\\\/2024\\\/04\\\/11112107\\\/blurred-soft-people-meeting-table-business-people-talking-modern-office-generative-ai-scaled.jpg\",\"contentUrl\":\"https:\\\/\\\/cj.estrategia.com\\\/portal\\\/wp-content\\\/uploads\\\/2024\\\/04\\\/11112107\\\/blurred-soft-people-meeting-table-business-people-talking-modern-office-generative-ai-scaled.jpg\",\"width\":2560,\"height\":1707,\"caption\":\"Desconsidera\u00e7\u00e3o da Personalidade Jur\u00eddica e Preclus\u00e3o\"},{\"@type\":\"BreadcrumbList\",\"@id\":\"https:\\\/\\\/cj.estrategia.com\\\/portal\\\/desconsideracao-personalidade-juridica-preclusao\\\/#breadcrumb\",\"itemListElement\":[{\"@type\":\"ListItem\",\"position\":1,\"name\":\"In\u00edcio\",\"item\":\"https:\\\/\\\/cj.estrategia.com\\\/portal\\\/\"},{\"@type\":\"ListItem\",\"position\":2,\"name\":\"Desconsidera\u00e7\u00e3o da Personalidade Jur\u00eddica e Preclus\u00e3o\"}]},{\"@type\":\"WebSite\",\"@id\":\"https:\\\/\\\/cj.estrategia.com\\\/portal\\\/#website\",\"url\":\"https:\\\/\\\/cj.estrategia.com\\\/portal\\\/\",\"name\":\"Blog - Carreiras Jur\u00eddicas - Estrat\u00e9gia\",\"description\":\"\",\"publisher\":{\"@id\":\"https:\\\/\\\/cj.estrategia.com\\\/portal\\\/#organization\"},\"potentialAction\":[{\"@type\":\"SearchAction\",\"target\":{\"@type\":\"EntryPoint\",\"urlTemplate\":\"https:\\\/\\\/cj.estrategia.com\\\/portal\\\/?s={search_term_string}\"},\"query-input\":{\"@type\":\"PropertyValueSpecification\",\"valueRequired\":true,\"valueName\":\"search_term_string\"}}],\"inLanguage\":\"pt-BR\"},{\"@type\":\"Organization\",\"@id\":\"https:\\\/\\\/cj.estrategia.com\\\/portal\\\/#organization\",\"name\":\"Estrat\u00e9gia - Carreiras Jur\u00eddicas\",\"url\":\"https:\\\/\\\/cj.estrategia.com\\\/portal\\\/\",\"logo\":{\"@type\":\"ImageObject\",\"inLanguage\":\"pt-BR\",\"@id\":\"https:\\\/\\\/cj.estrategia.com\\\/portal\\\/#\\\/schema\\\/logo\\\/image\\\/\",\"url\":\"https:\\\/\\\/cj.estrategia.com\\\/portal\\\/wp-content\\\/uploads\\\/2022\\\/03\\\/11151052\\\/cj-logo.png\",\"contentUrl\":\"https:\\\/\\\/cj.estrategia.com\\\/portal\\\/wp-content\\\/uploads\\\/2022\\\/03\\\/11151052\\\/cj-logo.png\",\"width\":150,\"height\":39,\"caption\":\"Estrat\u00e9gia - Carreiras Jur\u00eddicas\"},\"image\":{\"@id\":\"https:\\\/\\\/cj.estrategia.com\\\/portal\\\/#\\\/schema\\\/logo\\\/image\\\/\"},\"sameAs\":[\"https:\\\/\\\/www.facebook.com\\\/estrategiacarreirajuridica\\\/\",\"https:\\\/\\\/x.com\\\/EstratJuridica\",\"https:\\\/\\\/www.instagram.com\\\/estrategiacarreirajuridica\\\/\",\"https:\\\/\\\/www.youtube.com\\\/channel\\\/UClbMGuYbj2Mh1m3w144ETWQ\"]},{\"@type\":\"Person\",\"@id\":\"https:\\\/\\\/cj.estrategia.com\\\/portal\\\/#\\\/schema\\\/person\\\/74287401cf4654f4fa04e378de7261ec\",\"name\":\"Frederico Tadeu Borlot Peixoto\",\"image\":{\"@type\":\"ImageObject\",\"inLanguage\":\"pt-BR\",\"@id\":\"https:\\\/\\\/cj.estrategia.com\\\/portal\\\/wp-content\\\/uploads\\\/2023\\\/06\\\/29094204\\\/GBAY0702-96x96.jpg\",\"url\":\"https:\\\/\\\/cj.estrategia.com\\\/portal\\\/wp-content\\\/uploads\\\/2023\\\/06\\\/29094204\\\/GBAY0702-96x96.jpg\",\"contentUrl\":\"https:\\\/\\\/cj.estrategia.com\\\/portal\\\/wp-content\\\/uploads\\\/2023\\\/06\\\/29094204\\\/GBAY0702-96x96.jpg\",\"caption\":\"Frederico Tadeu Borlot Peixoto\"},\"description\":\"Analista Judici\u00e1rio - \u00c1rea Judici\u00e1ria do TRF da 4\u00aa regi\u00e3o. Bacharel em Direito. P\u00f3s-graduado em Direito Administrativo, Legisla\u00e7\u00e3o Penal Especial, Direito Penal e Direito Processual Penal. Tamb\u00e9m nomeado no TRF da 3\u00aa regi\u00e3o (8\u00ba lugar); SPPREV (3\u00ba lugar); IFES (2\u00ba lugar); e PMES. https:\\\/\\\/www.instagram.com\\\/proffrederico\\\/\",\"sameAs\":[\"https:\\\/\\\/www.instagram.com\\\/proffrederico\\\/\"],\"url\":\"https:\\\/\\\/cj.estrategia.com\\\/portal\\\/author\\\/xfrederico\\\/\"}]}<\/script>\n<!-- \/ Yoast SEO Premium plugin. -->","yoast_head_json":{"title":"Desconsidera\u00e7\u00e3o da Personalidade Jur\u00eddica e Preclus\u00e3o","description":"Confira nosso breve resumo sobre a Desconsidera\u00e7\u00e3o da Personalidade Jur\u00eddica e Preclus\u00e3o, expondo o entendimento do STJ quanto ao tema.","robots":{"index":"index","follow":"follow","max-snippet":"max-snippet:-1","max-image-preview":"max-image-preview:large","max-video-preview":"max-video-preview:-1"},"canonical":"https:\/\/cj.estrategia.com\/portal\/desconsideracao-personalidade-juridica-preclusao\/","og_locale":"pt_BR","og_type":"article","og_title":"Desconsidera\u00e7\u00e3o da Personalidade Jur\u00eddica e Preclus\u00e3o","og_description":"Confira nosso breve resumo sobre a Desconsidera\u00e7\u00e3o da Personalidade Jur\u00eddica e Preclus\u00e3o, expondo o entendimento do STJ quanto ao tema.","og_url":"https:\/\/cj.estrategia.com\/portal\/desconsideracao-personalidade-juridica-preclusao\/","og_site_name":"Blog - Carreiras Jur\u00eddicas - Estrat\u00e9gia","article_publisher":"https:\/\/www.facebook.com\/estrategiacarreirajuridica\/","article_published_time":"2024-04-13T17:00:00+00:00","og_image":[{"width":2560,"height":1707,"url":"https:\/\/cj.estrategia.com\/portal\/wp-content\/uploads\/2024\/04\/11112107\/blurred-soft-people-meeting-table-business-people-talking-modern-office-generative-ai-scaled.jpg","type":"image\/jpeg"}],"author":"Frederico Tadeu Borlot Peixoto","twitter_card":"summary_large_image","twitter_creator":"@EstratJuridica","twitter_site":"@EstratJuridica","twitter_misc":{"Escrito por":"Frederico Tadeu Borlot Peixoto","Est. tempo de leitura":"10 minutos"},"schema":{"@context":"https:\/\/schema.org","@graph":[{"@type":"NewsArticle","@id":"https:\/\/cj.estrategia.com\/portal\/desconsideracao-personalidade-juridica-preclusao\/#article","isPartOf":{"@id":"https:\/\/cj.estrategia.com\/portal\/desconsideracao-personalidade-juridica-preclusao\/"},"author":{"name":"Frederico Tadeu Borlot Peixoto","@id":"https:\/\/cj.estrategia.com\/portal\/#\/schema\/person\/74287401cf4654f4fa04e378de7261ec"},"headline":"Desconsidera\u00e7\u00e3o da Personalidade Jur\u00eddica e Preclus\u00e3o","datePublished":"2024-04-13T17:00:00+00:00","mainEntityOfPage":{"@id":"https:\/\/cj.estrategia.com\/portal\/desconsideracao-personalidade-juridica-preclusao\/"},"wordCount":2455,"commentCount":0,"publisher":{"@id":"https:\/\/cj.estrategia.com\/portal\/#organization"},"image":{"@id":"https:\/\/cj.estrategia.com\/portal\/desconsideracao-personalidade-juridica-preclusao\/#primaryimage"},"thumbnailUrl":"https:\/\/cj.estrategia.com\/portal\/wp-content\/uploads\/2024\/04\/11112107\/blurred-soft-people-meeting-table-business-people-talking-modern-office-generative-ai-scaled.jpg","articleSection":["Carreiras Jur\u00eddicas"],"inLanguage":"pt-BR","potentialAction":[{"@type":"CommentAction","name":"Comment","target":["https:\/\/cj.estrategia.com\/portal\/desconsideracao-personalidade-juridica-preclusao\/#respond"]}],"accessibilityFeature":["tableOfContents"]},{"@type":"WebPage","@id":"https:\/\/cj.estrategia.com\/portal\/desconsideracao-personalidade-juridica-preclusao\/","url":"https:\/\/cj.estrategia.com\/portal\/desconsideracao-personalidade-juridica-preclusao\/","name":"Desconsidera\u00e7\u00e3o da Personalidade Jur\u00eddica e Preclus\u00e3o","isPartOf":{"@id":"https:\/\/cj.estrategia.com\/portal\/#website"},"primaryImageOfPage":{"@id":"https:\/\/cj.estrategia.com\/portal\/desconsideracao-personalidade-juridica-preclusao\/#primaryimage"},"image":{"@id":"https:\/\/cj.estrategia.com\/portal\/desconsideracao-personalidade-juridica-preclusao\/#primaryimage"},"thumbnailUrl":"https:\/\/cj.estrategia.com\/portal\/wp-content\/uploads\/2024\/04\/11112107\/blurred-soft-people-meeting-table-business-people-talking-modern-office-generative-ai-scaled.jpg","datePublished":"2024-04-13T17:00:00+00:00","description":"Confira nosso breve resumo sobre a Desconsidera\u00e7\u00e3o da Personalidade Jur\u00eddica e Preclus\u00e3o, expondo o entendimento do STJ quanto ao tema.","breadcrumb":{"@id":"https:\/\/cj.estrategia.com\/portal\/desconsideracao-personalidade-juridica-preclusao\/#breadcrumb"},"inLanguage":"pt-BR","potentialAction":[{"@type":"ReadAction","target":["https:\/\/cj.estrategia.com\/portal\/desconsideracao-personalidade-juridica-preclusao\/"]}]},{"@type":"ImageObject","inLanguage":"pt-BR","@id":"https:\/\/cj.estrategia.com\/portal\/desconsideracao-personalidade-juridica-preclusao\/#primaryimage","url":"https:\/\/cj.estrategia.com\/portal\/wp-content\/uploads\/2024\/04\/11112107\/blurred-soft-people-meeting-table-business-people-talking-modern-office-generative-ai-scaled.jpg","contentUrl":"https:\/\/cj.estrategia.com\/portal\/wp-content\/uploads\/2024\/04\/11112107\/blurred-soft-people-meeting-table-business-people-talking-modern-office-generative-ai-scaled.jpg","width":2560,"height":1707,"caption":"Desconsidera\u00e7\u00e3o da Personalidade Jur\u00eddica e Preclus\u00e3o"},{"@type":"BreadcrumbList","@id":"https:\/\/cj.estrategia.com\/portal\/desconsideracao-personalidade-juridica-preclusao\/#breadcrumb","itemListElement":[{"@type":"ListItem","position":1,"name":"In\u00edcio","item":"https:\/\/cj.estrategia.com\/portal\/"},{"@type":"ListItem","position":2,"name":"Desconsidera\u00e7\u00e3o da Personalidade Jur\u00eddica e Preclus\u00e3o"}]},{"@type":"WebSite","@id":"https:\/\/cj.estrategia.com\/portal\/#website","url":"https:\/\/cj.estrategia.com\/portal\/","name":"Blog - Carreiras Jur\u00eddicas - Estrat\u00e9gia","description":"","publisher":{"@id":"https:\/\/cj.estrategia.com\/portal\/#organization"},"potentialAction":[{"@type":"SearchAction","target":{"@type":"EntryPoint","urlTemplate":"https:\/\/cj.estrategia.com\/portal\/?s={search_term_string}"},"query-input":{"@type":"PropertyValueSpecification","valueRequired":true,"valueName":"search_term_string"}}],"inLanguage":"pt-BR"},{"@type":"Organization","@id":"https:\/\/cj.estrategia.com\/portal\/#organization","name":"Estrat\u00e9gia - Carreiras Jur\u00eddicas","url":"https:\/\/cj.estrategia.com\/portal\/","logo":{"@type":"ImageObject","inLanguage":"pt-BR","@id":"https:\/\/cj.estrategia.com\/portal\/#\/schema\/logo\/image\/","url":"https:\/\/cj.estrategia.com\/portal\/wp-content\/uploads\/2022\/03\/11151052\/cj-logo.png","contentUrl":"https:\/\/cj.estrategia.com\/portal\/wp-content\/uploads\/2022\/03\/11151052\/cj-logo.png","width":150,"height":39,"caption":"Estrat\u00e9gia - Carreiras Jur\u00eddicas"},"image":{"@id":"https:\/\/cj.estrategia.com\/portal\/#\/schema\/logo\/image\/"},"sameAs":["https:\/\/www.facebook.com\/estrategiacarreirajuridica\/","https:\/\/x.com\/EstratJuridica","https:\/\/www.instagram.com\/estrategiacarreirajuridica\/","https:\/\/www.youtube.com\/channel\/UClbMGuYbj2Mh1m3w144ETWQ"]},{"@type":"Person","@id":"https:\/\/cj.estrategia.com\/portal\/#\/schema\/person\/74287401cf4654f4fa04e378de7261ec","name":"Frederico Tadeu Borlot Peixoto","image":{"@type":"ImageObject","inLanguage":"pt-BR","@id":"https:\/\/cj.estrategia.com\/portal\/wp-content\/uploads\/2023\/06\/29094204\/GBAY0702-96x96.jpg","url":"https:\/\/cj.estrategia.com\/portal\/wp-content\/uploads\/2023\/06\/29094204\/GBAY0702-96x96.jpg","contentUrl":"https:\/\/cj.estrategia.com\/portal\/wp-content\/uploads\/2023\/06\/29094204\/GBAY0702-96x96.jpg","caption":"Frederico Tadeu Borlot Peixoto"},"description":"Analista Judici\u00e1rio - \u00c1rea Judici\u00e1ria do TRF da 4\u00aa regi\u00e3o. Bacharel em Direito. P\u00f3s-graduado em Direito Administrativo, Legisla\u00e7\u00e3o Penal Especial, Direito Penal e Direito Processual Penal. Tamb\u00e9m nomeado no TRF da 3\u00aa regi\u00e3o (8\u00ba lugar); SPPREV (3\u00ba lugar); IFES (2\u00ba lugar); e PMES. https:\/\/www.instagram.com\/proffrederico\/","sameAs":["https:\/\/www.instagram.com\/proffrederico\/"],"url":"https:\/\/cj.estrategia.com\/portal\/author\/xfrederico\/"}]}},"jetpack_featured_media_url":"https:\/\/cj.estrategia.com\/portal\/wp-content\/uploads\/2024\/04\/11112107\/blurred-soft-people-meeting-table-business-people-talking-modern-office-generative-ai-scaled.jpg","jetpack_sharing_enabled":true,"_links":{"self":[{"href":"https:\/\/cj.estrategia.com\/portal\/wp-json\/wp\/v2\/posts\/60318","targetHints":{"allow":["GET"]}}],"collection":[{"href":"https:\/\/cj.estrategia.com\/portal\/wp-json\/wp\/v2\/posts"}],"about":[{"href":"https:\/\/cj.estrategia.com\/portal\/wp-json\/wp\/v2\/types\/post"}],"author":[{"embeddable":true,"href":"https:\/\/cj.estrategia.com\/portal\/wp-json\/wp\/v2\/users\/39"}],"replies":[{"embeddable":true,"href":"https:\/\/cj.estrategia.com\/portal\/wp-json\/wp\/v2\/comments?post=60318"}],"version-history":[{"count":2,"href":"https:\/\/cj.estrategia.com\/portal\/wp-json\/wp\/v2\/posts\/60318\/revisions"}],"predecessor-version":[{"id":60326,"href":"https:\/\/cj.estrategia.com\/portal\/wp-json\/wp\/v2\/posts\/60318\/revisions\/60326"}],"wp:featuredmedia":[{"embeddable":true,"href":"https:\/\/cj.estrategia.com\/portal\/wp-json\/wp\/v2\/media\/60325"}],"wp:attachment":[{"href":"https:\/\/cj.estrategia.com\/portal\/wp-json\/wp\/v2\/media?parent=60318"}],"wp:term":[{"taxonomy":"category","embeddable":true,"href":"https:\/\/cj.estrategia.com\/portal\/wp-json\/wp\/v2\/categories?post=60318"},{"taxonomy":"post_tag","embeddable":true,"href":"https:\/\/cj.estrategia.com\/portal\/wp-json\/wp\/v2\/tags?post=60318"},{"taxonomy":"tax_estado","embeddable":true,"href":"https:\/\/cj.estrategia.com\/portal\/wp-json\/wp\/v2\/tax_estado?post=60318"}],"curies":[{"name":"wp","href":"https:\/\/api.w.org\/{rel}","templated":true}]}}