{"id":60271,"date":"2024-04-20T08:00:00","date_gmt":"2024-04-20T11:00:00","guid":{"rendered":"https:\/\/cj.estrategia.com\/portal\/?p=60271"},"modified":"2024-04-11T16:05:33","modified_gmt":"2024-04-11T19:05:33","slug":"politica-nacional-direitos-humanos","status":"publish","type":"post","link":"https:\/\/cj.estrategia.com\/portal\/politica-nacional-direitos-humanos\/","title":{"rendered":"Pol\u00edtica Nacional de Direitos Humanos"},"content":{"rendered":"\n<p>Confira neste artigo um resumo sobre a Pol\u00edtica Nacional de Direitos Humanos.<\/p>\n\n\n<div class=\"wp-block-image\">\n<figure class=\"aligncenter size-full\"><img decoding=\"async\" width=\"740\" height=\"493\" src=\"https:\/\/cj.estrategia.com\/portal\/wp-content\/uploads\/2024\/04\/10183305\/Politica-Nacional-de-Direitos-Humanos.jpg\" alt=\"Pol\u00edtica Nacional de Direitos Humanos\" class=\"wp-image-60273\" srcset=\"https:\/\/cj.estrategia.com\/portal\/wp-content\/uploads\/2024\/04\/10183305\/Politica-Nacional-de-Direitos-Humanos.jpg 740w, https:\/\/cj.estrategia.com\/portal\/wp-content\/uploads\/2024\/04\/10183305\/Politica-Nacional-de-Direitos-Humanos-300x200.jpg 300w, https:\/\/cj.estrategia.com\/portal\/wp-content\/uploads\/2024\/04\/10183305\/Politica-Nacional-de-Direitos-Humanos-380x253.jpg 380w, https:\/\/cj.estrategia.com\/portal\/wp-content\/uploads\/2024\/04\/10183305\/Politica-Nacional-de-Direitos-Humanos-150x100.jpg 150w\" sizes=\"(max-width: 740px) 100vw, 740px\" \/><figcaption class=\"wp-element-caption\">Pol\u00edtica Nacional de Direitos Humanos<\/figcaption><\/figure>\n<\/div>\n\n\n<p>Ol\u00e1, amigos.<\/p>\n\n\n\n<p>Tudo bom? Espero que sim.<\/p>\n\n\n\n<p>No artigo de hoje, abordaremos uma vis\u00e3o geral sobre Pol\u00edtica Nacional de Direitos Humanos, um dos t\u00f3picos explorados em Direitos Humanos durante provas de concursos p\u00fablicos. Dado que esse tema \u00e9 relevante e abrangente, \u00e9 fundamental entender seus principais pontos para uma melhor organiza\u00e7\u00e3o dos estudos e compreens\u00e3o completa da mat\u00e9ria.<\/p>\n\n\n\n<p>Primeiramente, vejamos os t\u00f3picos que ser\u00e3o abordados:<\/p>\n\n\n\n<ul class=\"wp-block-list\">\n<li>Pol\u00edtica Nacional de Direitos Humanos;<\/li>\n\n\n\n<li>Programas Nacionais de Direitos Humanos \u2013 PNDHs;<\/li>\n\n\n\n<li>Objetivos do PNDHs;<\/li>\n\n\n\n<li>Compet\u00eancia Normativa do PNDH 3;<\/li>\n\n\n\n<li>Estrutura;<\/li>\n\n\n\n<li>Eixos Orientadores;<\/li>\n\n\n\n<li>Diretrizes;<\/li>\n\n\n\n<li>Objetivos Estrat\u00e9gicos;<\/li>\n\n\n\n<li>A\u00e7\u00f5es Program\u00e1ticas;<\/li>\n\n\n\n<li>Comiss\u00e3o Nacional da Verdade \u2013 CNV;<\/li>\n\n\n\n<li>Objetivos.<\/li>\n<\/ul>\n\n\n\n<p>Animados?<\/p>\n\n\n\n<p>Vamos l\u00e1.<\/p>\n\n\n\n<h2 class=\"wp-block-heading\" id=\"h-politica-nacional-de-direitos-humanos\"><span id=\"politica-nacional-de-direitos-humanos\">Pol\u00edtica Nacional de Direitos Humanos<\/span><\/h2>\n\n\n\n<p>A Pol\u00edtica Nacional de Direitos Humanos \u00e9 <strong>definida como uma pol\u00edtica oficial do governo<\/strong>, alinhada \u00e0s organiza\u00e7\u00f5es internacionais, que visa garantir os direitos b\u00e1sicos das pessoas.<\/p>\n\n\n\n<p>O Estado tem o <strong>dever de proteger e promover os direitos humanos<\/strong>, tanto por meio da prote\u00e7\u00e3o legal quanto da implementa\u00e7\u00e3o de pol\u00edticas p\u00fablicas. No caso da prote\u00e7\u00e3o, o Estado deve <strong>garantir tratamento especial para grupos em situa\u00e7\u00e3o de vulnerabilidade<\/strong>, como idosos, crian\u00e7as e pessoas em situa\u00e7\u00e3o de risco.<\/p>\n\n\n\n<p>N\u00e3o esque\u00e7a!!! A Pol\u00edtica Nacional de Direitos Humanos \u00e9 um <strong>conjunto de diretrizes e princ\u00edpios<\/strong> <strong>que norteiam a atua\u00e7\u00e3o do Estado na \u00e1rea.<\/strong><\/p>\n\n\n\n<h2 class=\"wp-block-heading\" id=\"h-programas-nacionais-de-direitos-humanos-pndhs\"><span id=\"programas-nacionais-de-direitos-humanos-pndhs\">Programas Nacionais de Direitos Humanos &#8211; PNDHs<\/span><\/h2>\n\n\n\n<p>Os Programas Nacionais de Direitos Humanos (PNDHs) surgiram como resposta \u00e0 <strong>Declara\u00e7\u00e3o de Viena e ao Programa de A\u00e7\u00e3o, <\/strong>adotados durante a <strong>II Confer\u00eancia Mundial sobre Direitos Humanos em 1993<\/strong>. Essa confer\u00eancia instou os pa\u00edses a <strong>implementarem programas<\/strong> destinados a promover os direitos humanos em seus territ\u00f3rios.<\/p>\n\n\n\n<p>Principais caracter\u00edsticas dos PNDHs:<\/p>\n\n\n\n<ul class=\"wp-block-list\">\n<li>S\u00e3o <strong>iniciativas do Governo Federal<\/strong>.<\/li>\n\n\n\n<li>Criados por meio de <strong>decreto presidencial.<\/strong><\/li>\n\n\n\n<li>Estabelecem <strong>diretrizes e medidas<\/strong> a serem seguidas pelos \u00f3rg\u00e3os governamentais respons\u00e1veis pelos direitos humanos.<\/li>\n<\/ul>\n\n\n\n<p><strong>Se liga!<\/strong> Os Programas Nacionais de Direitos Humanos s\u00e3o <strong>a\u00e7\u00f5es concretas implementadas pelo governo para promover os direitos humanos.<\/strong><\/p>\n\n\n\n<h2 class=\"wp-block-heading\" id=\"h-objetivos-do-pndhs-politica-nacional-de-direitos-humanos\"><span id=\"objetivos-do-pndhs-politica-nacional-de-direitos-humanos\">Objetivos do PNDHs &#8211; Pol\u00edtica Nacional de Direitos Humanos<\/span><\/h2>\n\n\n\n<p>Os Programas Nacionais de Direitos Humanos &#8211; PNDHs no Brasil evolu\u00edram ao longo do tempo:<\/p>\n\n\n\n<ul class=\"wp-block-list\">\n<li>O <strong>PNDH 1<\/strong> priorizou <strong>direitos civis e pol\u00edticos<\/strong>, mas enfrentou <strong>desafios de implementa\u00e7\u00e3o<\/strong> devido \u00e0 falta de mecanismos claros e financiamento adequado.<\/li>\n\n\n\n<li>O <strong>PNDH 2<\/strong> avan\u00e7ou ao incluir <strong>direitos sociais, econ\u00f4micos e culturais<\/strong>, al\u00e9m de implementar mecanismos de acompanhamento. No entanto, sua efic\u00e1cia <strong>foi limitada pela curta dura\u00e7\u00e3o do governo<\/strong>.<\/li>\n\n\n\n<li>O <strong>PNDH 3<\/strong> adotou uma <strong>abordagem transversal<\/strong>, integrando diferentes \u00f3rg\u00e3os e poderes. Buscou-se a <strong>universaliza\u00e7\u00e3o dos direitos em um contexto de desigualdades, com foco no combate \u00e0 pobreza, discrimina\u00e7\u00e3o e desenvolvimento de pol\u00edticas ambientais.<\/strong><\/li>\n<\/ul>\n\n\n\n<h2 class=\"wp-block-heading\" id=\"h-competencia-normativa-do-pndh-3-politica-nacional-de-direitos-humanos\"><span id=\"competencia-normativa-do-pndh-3-politica-nacional-de-direitos-humanos\">Compet\u00eancia Normativa do PNDH-3 &#8211; Pol\u00edtica Nacional de Direitos Humanos<\/span><\/h2>\n\n\n\n<p>O Presidente da Rep\u00fablica brasileira det\u00e9m a <strong>prerrogativa de emitir decretos aut\u00f4nomos<\/strong>. Diferentemente dos decretos que t\u00eam o prop\u00f3sito de regulamentar leis j\u00e1 existentes, esses decretos <strong>t\u00eam car\u00e1ter de normas prim\u00e1rias no ordenamento jur\u00eddico do pa\u00eds.<\/strong><\/p>\n\n\n\n<p>A institui\u00e7\u00e3o do PNDH 3 ocorreu por meio de um <strong>decreto aut\u00f4nomo<\/strong>, refletindo o poder concedido ao Presidente para a organiza\u00e7\u00e3o da administra\u00e7\u00e3o federal.<\/p>\n\n\n\n<h2 class=\"wp-block-heading\" id=\"h-estrutura\"><span id=\"estrutura\">Estrutura<\/span><\/h2>\n\n\n\n<p>O PNDH 3 se organiza em <strong>seis eixos orientadores<\/strong> que estabelecem as <strong>prioridades para as pol\u00edticas p\u00fablicas de direitos humanos no Brasil.<\/strong><\/p>\n\n\n\n<p>Esses eixos representam <strong>conjuntos fundamentais de temas de direitos humanos<\/strong> considerados <strong>essenciais<\/strong> para a atua\u00e7\u00e3o governamental nessa \u00e1rea. Abrangendo uma vasta gama de quest\u00f5es relacionadas \u00e0 promo\u00e7\u00e3o e prote\u00e7\u00e3o dos direitos humanos no pa\u00eds.<\/p>\n\n\n\n<p>Cada eixo orientador do PNDH 3 \u00e9 composto por <strong>tr\u00eas elementos essenciais<\/strong>:<\/p>\n\n\n\n<ul class=\"wp-block-list\">\n<li><strong>Diretrizes:<\/strong> Estes s\u00e3o os <strong>princ\u00edpios orientadores<\/strong> que delineiam a vis\u00e3o geral do eixo e direcionam sua implementa\u00e7\u00e3o.<\/li>\n\n\n\n<li><strong>Objetivos estrat\u00e9gicos:<\/strong> S\u00e3o as <strong>metas a serem alcan\u00e7adas<\/strong> para garantir a efetiva\u00e7\u00e3o dos direitos humanos dentro da esfera do eixo em quest\u00e3o.<\/li>\n\n\n\n<li><strong>A\u00e7\u00f5es program\u00e1ticas:<\/strong> Consistem em <strong>medidas concretas<\/strong> a serem adotadas para atingir os objetivos estrat\u00e9gicos estabelecidos, garantindo a realiza\u00e7\u00e3o dos direitos humanos propostos em cada eixo.<\/li>\n<\/ul>\n\n\n\n<h2 class=\"wp-block-heading\" id=\"h-eixos-orientadores-politica-nacional-de-direitos-humanos\"><span id=\"eixos-orientadores-politica-nacional-de-direitos-humanos\">Eixos Orientadores &#8211; Pol\u00edtica Nacional de Direitos Humanos<\/span><\/h2>\n\n\n\n<p>Os <strong>seis eixos orientadores<\/strong> do PNDH 3 s\u00e3o:<\/p>\n\n\n\n<ul class=\"wp-block-list\">\n<li><strong>Intera\u00e7\u00e3o democr\u00e1tica entre Estado e sociedade civil:<\/strong> visa fortalecer a participa\u00e7\u00e3o da sociedade civil na formula\u00e7\u00e3o e implementa\u00e7\u00e3o de pol\u00edticas p\u00fablicas de direitos humanos.<\/li>\n\n\n\n<li><strong>Desenvolvimento e Direitos Humanos:<\/strong> busca garantir que o desenvolvimento econ\u00f4mico e social seja realizado de forma justa e sustent\u00e1vel, com respeito aos direitos humanos.<\/li>\n\n\n\n<li><strong>Universalizar direitos em um contexto de desigualdades:<\/strong> combate \u00e0s desigualdades sociais e garante o acesso universal aos direitos humanos para todos os brasileiros.<\/li>\n\n\n\n<li><strong>Seguran\u00e7a P\u00fablica, Acesso \u00e0 Justi\u00e7a e Combate \u00e0 Viol\u00eancia:<\/strong> promove a seguran\u00e7a p\u00fablica e o acesso \u00e0 justi\u00e7a para todos, com foco na preven\u00e7\u00e3o e combate \u00e0 viol\u00eancia.<\/li>\n\n\n\n<li><strong>Educa\u00e7\u00e3o e Cultura em Direitos Humanos:<\/strong> prop\u00f5e a constru\u00e7\u00e3o de uma cultura de respeito aos direitos humanos atrav\u00e9s da educa\u00e7\u00e3o formal e informal.<\/li>\n\n\n\n<li><strong>Direito \u00e0 Mem\u00f3ria e \u00e0 Verdade:<\/strong> reconhece o direito \u00e0 mem\u00f3ria e \u00e0 verdade das v\u00edtimas de viola\u00e7\u00f5es de direitos humanos e promove a repara\u00e7\u00e3o dos danos causados.<\/li>\n<\/ul>\n\n\n\n<h2 class=\"wp-block-heading\" id=\"h-diretrizes-politica-nacional-de-direitos-humanos\"><span id=\"diretrizes-politica-nacional-de-direitos-humanos\">Diretrizes &#8211; Pol\u00edtica Nacional de Direitos Humanos<\/span><\/h2>\n\n\n\n<p>Os seis eixos do PNDH 3 delineiam as <strong>diretrizes fundamentais<\/strong> para as pol\u00edticas p\u00fablicas de direitos humanos no Brasil.<\/p>\n\n\n\n<p>No <strong>primeiro eixo<\/strong>, destaca-se o <strong>fortalecimento da democracia participativa<\/strong>, a <strong>integra\u00e7\u00e3o dos direitos humanos nas pol\u00edticas p\u00fablicas e a amplia\u00e7\u00e3o dos sistemas de informa\u00e7\u00e3o em direitos humanos<\/strong>.<\/p>\n\n\n\n<p>O <strong>segundo eixo<\/strong> visa <strong>implementar <\/strong>um modelo de desenvolvimento sustent\u00e1vel inclusivo, <strong>valorizando a pessoa humana<\/strong> e <strong>protegendo<\/strong> os direitos ambientais.<\/p>\n\n\n\n<p>J\u00e1 o <strong>terceiro eixo<\/strong> busca <strong>garantir <\/strong>os direitos humanos de <strong>forma universal<\/strong>, promovendo o desenvolvimento integral de crian\u00e7as e adolescentes e combatendo as desigualdades estruturais.<\/p>\n\n\n\n<p>O <strong>quarto eixo<\/strong> concentra-se na <strong>democratiza\u00e7\u00e3o e moderniza\u00e7\u00e3o<\/strong> do sistema de seguran\u00e7a p\u00fablica, na preven\u00e7\u00e3o da viol\u00eancia e na garantia dos direitos das v\u00edtimas de crimes.<\/p>\n\n\n\n<p>No <strong>eixo da Educa\u00e7\u00e3o e Cultura em Direitos Humanos<\/strong>, prioriza-se a implementa\u00e7\u00e3o das <strong>diretrizes da pol\u00edtica nacional de educa\u00e7\u00e3o em direitos humanos<\/strong>, fortalecendo princ\u00edpios democr\u00e1ticos e promovendo a educa\u00e7\u00e3o em direitos humanos.<\/p>\n\n\n\n<p>Por fim, o <strong>eixo do Direito \u00e0 Mem\u00f3ria e \u00e0 Verdade<\/strong> reconhece a mem\u00f3ria e a verdade como direitos humanos, promovendo sua preserva\u00e7\u00e3o e modernizando a legisla\u00e7\u00e3o relacionada, com o objetivo de fortalecer a democracia brasileira.<\/p>\n\n\n\n<h2 class=\"wp-block-heading\" id=\"h-objetivos-estrategicos-politica-nacional-de-direitos-humanos\"><span id=\"objetivos-estrategicos-politica-nacional-de-direitos-humanos\">Objetivos Estrat\u00e9gicos &#8211; Pol\u00edtica Nacional de Direitos Humanos<\/span><\/h2>\n\n\n\n<p>Os objetivos estrat\u00e9gicos do PNDH 3 s\u00e3o metas espec\u00edficas que t\u00eam como finalidade <strong>concretizar as diretrizes<\/strong> estabelecidas em cada um dos eixos orientadores do programa. Eles desempenham o papel de <strong>orientar<\/strong> a a\u00e7\u00e3o da Administra\u00e7\u00e3o P\u00fablica Federal na implementa\u00e7\u00e3o das pol\u00edticas p\u00fablicas de direitos humanos.<\/p>\n\n\n\n<p>A rela\u00e7\u00e3o entre as <strong>diretrizes e os objetivos estrat\u00e9gicos<\/strong> \u00e9 fundamental para o <strong>\u00eaxito do PNDH 3<\/strong>. Para cada diretriz estabelecida no programa, s\u00e3o <strong>definidos um ou mais objetivos estrat\u00e9gicos<\/strong> que delineiam os passos a serem seguidos para alcan\u00e7ar os resultados desejados. Dessa forma, cabe \u00e0 <strong>Administra\u00e7\u00e3o P\u00fablica Federal<\/strong> empenhar-se na consecu\u00e7\u00e3o desses objetivos, utilizando os <strong>instrumentos e recursos dispon\u00edveis<\/strong> para promover efetivamente os direitos humanos no pa\u00eds.<\/p>\n\n\n\n<h2 class=\"wp-block-heading\" id=\"h-acoes-programaticas-politica-nacional-de-direitos-humanos\"><span id=\"acoes-programaticas-politica-nacional-de-direitos-humanos\">A\u00e7\u00f5es Program\u00e1ticas &#8211; Pol\u00edtica Nacional de Direitos Humanos<\/span><\/h2>\n\n\n\n<p>As a\u00e7\u00f5es program\u00e1ticas do PNDH 3 s\u00e3o <strong>medidas concretas que visam alcan\u00e7ar os objetivos estrat\u00e9gicos<\/strong> de cada <strong>diretriz<\/strong> do programa. S\u00e3o os <strong>instrumentos espec\u00edficos<\/strong> que a Administra\u00e7\u00e3o P\u00fablica Federal utilizar\u00e1 para implementar as pol\u00edticas p\u00fablicas de direitos humanos.<\/p>\n\n\n\n<p>Caracter\u00edsticas das A\u00e7\u00f5es Program\u00e1ticas:<\/p>\n\n\n\n<ul class=\"wp-block-list\">\n<li><strong>Especificidade:<\/strong> devem ser claramente <strong>definidas e detalhadas<\/strong>, para que sua implementa\u00e7\u00e3o possa ser monitorada e avaliada.<\/li>\n\n\n\n<li><strong>Viabilidade:<\/strong> devem ser <strong>vi\u00e1veis de serem implementadas<\/strong>, considerando os recursos dispon\u00edveis e as condi\u00e7\u00f5es socioecon\u00f4micas do pa\u00eds.<\/li>\n\n\n\n<li><strong>Efic\u00e1cia:<\/strong> devem ser <strong>eficazes<\/strong> na promo\u00e7\u00e3o dos direitos humanos, ou seja, devem gerar <strong>resultados concretos e positivos.<\/strong><\/li>\n<\/ul>\n\n\n\n<p>Para <strong>cada objetivo estrat\u00e9gico<\/strong> do PNDH 3, s\u00e3o <strong>definidas uma ou mais a\u00e7\u00f5es program\u00e1ticas<\/strong>. A Administra\u00e7\u00e3o P\u00fablica Federal deve se esfor\u00e7ar para implementar essas a\u00e7\u00f5es de forma <strong>eficiente e eficaz<\/strong>, para que os objetivos estrat\u00e9gicos sejam alcan\u00e7ados.<\/p>\n\n\n\n<h2 class=\"wp-block-heading\" id=\"h-comissao-nacional-da-verdade-cnv\"><span id=\"comissao-nacional-da-verdade-cnv\">Comiss\u00e3o Nacional da Verdade \u2013 CNV<\/span><\/h2>\n\n\n\n<p>A Comiss\u00e3o da Verdade, institu\u00edda pela Lei n\u00ba 12.528\/2011, tem como miss\u00e3o <strong>investigar<\/strong> as <strong>viola\u00e7\u00f5es de direitos humanos<\/strong> ocorridas durante o per\u00edodo da Ditadura Militar no Brasil.<\/p>\n\n\n\n<p>Em sua <strong>composi\u00e7\u00e3o<\/strong>, a Comiss\u00e3o \u00e9 formada por <strong>sete membros brasileiros, nomeados pelo Presidente da Rep\u00fablica<\/strong>. Para ocupar essas posi\u00e7\u00f5es, \u00e9 necess\u00e1rio que os membros possuam reconhecida <strong>idoneidade e conduta \u00e9tica, al\u00e9m de uma clara identifica\u00e7\u00e3o com a defesa da democracia e da institucionalidade constitucional<\/strong>, bem como um compromisso inquestion\u00e1vel com os direitos humanos.<\/p>\n\n\n\n<p>No entanto, h\u00e1 <strong>impedimentos<\/strong> para participar da Comiss\u00e3o da Verdade. <strong>Agentes p\u00fablicos<\/strong> que tenham ocupado cargos de comando ou dire\u00e7\u00e3o <strong>durante o per\u00edodo da Ditadura Militar<\/strong> est\u00e3o exclu\u00eddos, assim como aqueles que tenham sido <strong>condenados por crimes contra a humanidade ou por tortura<\/strong>. Al\u00e9m disso, pessoas que <strong>tenham colaborado com os<\/strong> <strong>\u00f3rg\u00e3os de repress\u00e3o do regime militar tamb\u00e9m s\u00e3o impedidas de integrar a Comiss\u00e3o<\/strong>. Esses crit\u00e9rios visam assegurar a imparcialidade e a integridade das investiga\u00e7\u00f5es realizadas pela Comiss\u00e3o da Verdade.<\/p>\n\n\n\n<h2 class=\"wp-block-heading\" id=\"h-objetivos-politica-nacional-de-direitos-humanos\"><span id=\"objetivos-politica-nacional-de-direitos-humanos\">Objetivos &#8211; Pol\u00edtica Nacional de Direitos Humanos<\/span><\/h2>\n\n\n\n<p>A CNV tinha objetivos multifacetados, que inclu\u00edam:<\/p>\n\n\n\n<ul class=\"wp-block-list\">\n<li><strong>Revelar a verdade hist\u00f3rica:<\/strong> Investigar e elucidar os fatos e circunst\u00e2ncias que envolveram torturas, mortes, desaparecimentos for\u00e7ados e outras viola\u00e7\u00f5es.<\/li>\n\n\n\n<li><strong>Promover justi\u00e7a e repara\u00e7\u00e3o<\/strong>: Identificar os respons\u00e1veis pelas viola\u00e7\u00f5es e assegurar que as v\u00edtimas e seus familiares recebam o reconhecimento e a repara\u00e7\u00e3o devidos pelos danos sofridos.<\/li>\n\n\n\n<li><strong>Preservar a mem\u00f3ria coletiva:<\/strong> Resgatar e preservar a hist\u00f3ria das v\u00edtimas, combatendo o esquecimento e a nega\u00e7\u00e3o dos crimes da ditadura.<\/li>\n\n\n\n<li><strong>Prevenir a recorr\u00eancia:<\/strong> Formular medidas e pol\u00edticas p\u00fablicas para evitar futuras viola\u00e7\u00f5es de direitos humanos e promover uma cultura de paz e respeito aos direitos humanos.<\/li>\n<\/ul>\n\n\n\n<p>Para a consecu\u00e7\u00e3o dos seus objetivos, a Comiss\u00e3o fica autorizada a:<\/p>\n\n\n\n<ul class=\"wp-block-list\">\n<li><strong>Coleta de informa\u00e7\u00f5es e evid\u00eancias:<\/strong> Receber depoimentos, documentos e dados de forma volunt\u00e1ria e sigilosa, incluindo a solicita\u00e7\u00e3o de informa\u00e7\u00f5es de \u00f3rg\u00e3os p\u00fablicos, mesmo que classificadas como sigilosas.<\/li>\n\n\n\n<li><strong>Investiga\u00e7\u00e3o meticulosa:<\/strong> Convocar pessoas para entrevistas, realizar per\u00edcias e dilig\u00eancias para obter provas e informa\u00e7\u00f5es adicionais.<\/li>\n\n\n\n<li><strong>Engajamento com a sociedade:<\/strong> Realizar audi\u00eancias p\u00fablicas para discutir os acontecimentos com a sociedade civil.<\/li>\n\n\n\n<li><strong>Prote\u00e7\u00e3o dos colaboradores:<\/strong> Garantir a seguran\u00e7a de todos que colaboram com a Comiss\u00e3o.<\/li>\n\n\n\n<li><strong>Coopera\u00e7\u00e3o e parcerias:<\/strong> Estabelecer parcerias com entidades nacionais e internacionais e solicitar assist\u00eancia de \u00f3rg\u00e3os p\u00fablicos para cumprir suas fun\u00e7\u00f5es.<\/li>\n<\/ul>\n\n\n\n<h3 class=\"wp-block-heading\" id=\"h-referencias-bibliograficas-politica-nacional-de-direitos-humanos\"><span id=\"referencias-bibliograficas-politica-nacional-de-direitos-humanos\">Refer\u00eancias Bibliogr\u00e1ficas &#8211; Pol\u00edtica Nacional de Direitos Humanos<\/span><\/h3>\n\n\n\n<p>Direitos Humanos para Concursos &#8211; Curso Regular &#8211; 2023<\/p>\n\n\n\n<p><a href=\"https:\/\/www.planalto.gov.br\/ccivil_03\/Constituicao\/ConstituicaoCompilado.htm\">Constituicao-Compilado (planalto.gov.br)<\/a><\/p>\n\n\n\n<h2 class=\"wp-block-heading has-text-align-center\" id=\"cursos\"><span id=\"quer-saber-tudo-sobre-concursos-previstos-confira-nossos-artigos\">Quer saber tudo sobre concursos previstos? <br>Confira nossos artigos!<\/span><\/h2>\n\n\n\n<ul class=\"wp-block-list\">\n<li><a href=\"https:\/\/cj.estrategia.com\/portal\/concursos-abertos-carreiras-juridicas\/\" target=\"_blank\" >Concursos jur\u00eddicos abertos<\/a> <\/li>\n\n\n\n<li><a href=\"https:\/\/cj.estrategia.com\/portal\/concursos-2024-carreiras-juridicas\/\" target=\"_blank\" >Concursos jur\u00eddicos 2024<\/a><\/li>\n<\/ul>\n\n\n\n<h2 class=\"wp-block-heading has-text-align-center\" id=\"CURSO\"><span id=\"cursos-e-assinaturas\">CURSOS E ASSINATURAS<\/span><\/h2>\n\n\n\n<div class=\"wp-block-cover\" style=\"min-height:115px;aspect-ratio:unset;\"><span aria-hidden=\"true\" class=\"wp-block-cover__background has-background-dim\"><\/span><img decoding=\"async\" width=\"1890\" height=\"351\" class=\"wp-block-cover__image-background wp-image-10624\" alt=\"A Judicializa\u00e7\u00e3o do Direito \u00e0 Sa\u00fade\" src=\"https:\/\/cj.estrategia.com\/portal\/wp-content\/uploads\/2022\/07\/04182604\/concurso-carreiras-juridicas-assinatura-juridica.jpg\" data-object-fit=\"cover\" srcset=\"https:\/\/cj.estrategia.com\/portal\/wp-content\/uploads\/2022\/07\/04182604\/concurso-carreiras-juridicas-assinatura-juridica.jpg 1890w, https:\/\/cj.estrategia.com\/portal\/wp-content\/uploads\/2022\/07\/04182604\/concurso-carreiras-juridicas-assinatura-juridica-300x56.jpg 300w, https:\/\/cj.estrategia.com\/portal\/wp-content\/uploads\/2022\/07\/04182604\/concurso-carreiras-juridicas-assinatura-juridica-1024x190.jpg 1024w, https:\/\/cj.estrategia.com\/portal\/wp-content\/uploads\/2022\/07\/04182604\/concurso-carreiras-juridicas-assinatura-juridica-768x143.jpg 768w, https:\/\/cj.estrategia.com\/portal\/wp-content\/uploads\/2022\/07\/04182604\/concurso-carreiras-juridicas-assinatura-juridica-1536x285.jpg 1536w, https:\/\/cj.estrategia.com\/portal\/wp-content\/uploads\/2022\/07\/04182604\/concurso-carreiras-juridicas-assinatura-juridica-380x71.jpg 380w, https:\/\/cj.estrategia.com\/portal\/wp-content\/uploads\/2022\/07\/04182604\/concurso-carreiras-juridicas-assinatura-juridica-800x149.jpg 800w, https:\/\/cj.estrategia.com\/portal\/wp-content\/uploads\/2022\/07\/04182604\/concurso-carreiras-juridicas-assinatura-juridica-1160x215.jpg 1160w\" sizes=\"(max-width: 1890px) 100vw, 1890px\" \/><div class=\"wp-block-cover__inner-container is-layout-flow wp-block-cover-is-layout-flow\">\n<h3 id=\"assinatura-juridica\" class=\"titulo-assinatura\"><span style=\"color: #ffffff;\">Assinatura Jur\u00eddica<\/span><\/h3>\n<p class=\"subtitulo-assinatura\" style=\"display:block!important; line-height: 0;\"><span style=\"color: #ffffff;\">Conhe\u00e7a os planos<\/span><\/p>\n<a target=\"_blank\" href=\"https:\/\/cj.estrategia.com\/curso\/assinatura-juridica-1-ano\/\" rel=\"noopener\"><button style=\"border-radius: 10px; text-transform: capitalize;\">Acessar<\/button><\/a>\n<\/div><\/div>\n\n\n\n<ul class=\"wp-block-list\">\n<li><\/li>\n<\/ul>\n","protected":false},"excerpt":{"rendered":"Confira neste artigo um resumo sobre a Pol\u00edtica Nacional de Direitos Humanos. Ol\u00e1, amigos. Tudo bom? Espero que&hellip;\n","protected":false},"author":44,"featured_media":60273,"comment_status":"open","ping_status":"open","sticky":false,"template":"","format":"standard","meta":{"_jetpack_memberships_contains_paid_content":false,"footnotes":""},"categories":[1,27,28,26,25],"tags":[],"tax_estado":[30,31,32,33,34,35,36,37,38,39,40,41,42,43,44,45,46,47,48,49,50,51,52,53,54,55,56,57],"class_list":{"0":"post-60271","1":"post","2":"type-post","3":"status-publish","4":"format-standard","5":"has-post-thumbnail","7":"category-carreiras-juridicas","8":"category-defensoria","9":"category-delegado","10":"category-magistratura","11":"category-promotoria","12":"tax_estado-ac","13":"tax_estado-al","14":"tax_estado-am","15":"tax_estado-ap","16":"tax_estado-ba","17":"tax_estado-ce","18":"tax_estado-concursos-federais","19":"tax_estado-df","20":"tax_estado-es","21":"tax_estado-go","22":"tax_estado-ma","23":"tax_estado-mg","24":"tax_estado-ms","25":"tax_estado-mt","26":"tax_estado-pa","27":"tax_estado-pb","28":"tax_estado-pe","29":"tax_estado-pi","30":"tax_estado-pr","31":"tax_estado-rj","32":"tax_estado-rn","33":"tax_estado-ro","34":"tax_estado-rr","35":"tax_estado-rs","36":"tax_estado-sc","37":"tax_estado-se","38":"tax_estado-sp","39":"tax_estado-to"},"acf":[],"yoast_head":"<!-- This site is optimized with the Yoast SEO Premium plugin v27.4 (Yoast SEO v27.4) - https:\/\/yoast.com\/product\/yoast-seo-premium-wordpress\/ -->\n<title>Pol\u00edtica Nacional de Direitos Humanos<\/title>\n<meta name=\"description\" content=\"Confira neste artigo um resumo sobre o tema Pol\u00edtica Nacional de Direitos Humanos, com foco em concursos jur\u00eddicos.\" \/>\n<meta name=\"robots\" content=\"index, follow, max-snippet:-1, max-image-preview:large, max-video-preview:-1\" \/>\n<link rel=\"canonical\" href=\"https:\/\/cj.estrategia.com\/portal\/politica-nacional-direitos-humanos\/\" \/>\n<meta property=\"og:locale\" content=\"pt_BR\" \/>\n<meta property=\"og:type\" content=\"article\" \/>\n<meta property=\"og:title\" content=\"Pol\u00edtica Nacional de Direitos Humanos\" \/>\n<meta property=\"og:description\" content=\"Confira neste artigo um resumo sobre o tema Pol\u00edtica Nacional de Direitos Humanos, com foco em concursos jur\u00eddicos.\" \/>\n<meta property=\"og:url\" content=\"https:\/\/cj.estrategia.com\/portal\/politica-nacional-direitos-humanos\/\" \/>\n<meta property=\"og:site_name\" content=\"Blog - Carreiras Jur\u00eddicas - Estrat\u00e9gia\" \/>\n<meta property=\"article:publisher\" content=\"https:\/\/www.facebook.com\/estrategiacarreirajuridica\/\" \/>\n<meta property=\"article:author\" content=\"https:\/\/www.facebook.com\/amarcelaneves\" \/>\n<meta property=\"article:published_time\" content=\"2024-04-20T11:00:00+00:00\" \/>\n<meta property=\"og:image\" content=\"https:\/\/cj.estrategia.com\/portal\/wp-content\/uploads\/2024\/04\/10183305\/Politica-Nacional-de-Direitos-Humanos.jpg\" \/>\n\t<meta property=\"og:image:width\" content=\"740\" \/>\n\t<meta property=\"og:image:height\" content=\"493\" \/>\n\t<meta property=\"og:image:type\" content=\"image\/jpeg\" \/>\n<meta name=\"author\" content=\"Marcela Neves Suonski Daronch\" \/>\n<meta name=\"twitter:card\" content=\"summary_large_image\" \/>\n<meta name=\"twitter:creator\" content=\"@EstratJuridica\" \/>\n<meta name=\"twitter:site\" content=\"@EstratJuridica\" \/>\n<meta name=\"twitter:label1\" content=\"Escrito por\" \/>\n\t<meta name=\"twitter:data1\" content=\"Marcela Neves Suonski Daronch\" \/>\n\t<meta name=\"twitter:label2\" content=\"Est. tempo de leitura\" \/>\n\t<meta name=\"twitter:data2\" content=\"10 minutos\" \/>\n<script type=\"application\/ld+json\" class=\"yoast-schema-graph\">{\"@context\":\"https:\\\/\\\/schema.org\",\"@graph\":[{\"@type\":\"NewsArticle\",\"@id\":\"https:\\\/\\\/cj.estrategia.com\\\/portal\\\/politica-nacional-direitos-humanos\\\/#article\",\"isPartOf\":{\"@id\":\"https:\\\/\\\/cj.estrategia.com\\\/portal\\\/politica-nacional-direitos-humanos\\\/\"},\"author\":{\"name\":\"Marcela Neves Suonski Daronch\",\"@id\":\"https:\\\/\\\/cj.estrategia.com\\\/portal\\\/#\\\/schema\\\/person\\\/f52a354da476804d0d46daae7af1b848\"},\"headline\":\"Pol\u00edtica Nacional de Direitos Humanos\",\"datePublished\":\"2024-04-20T11:00:00+00:00\",\"mainEntityOfPage\":{\"@id\":\"https:\\\/\\\/cj.estrategia.com\\\/portal\\\/politica-nacional-direitos-humanos\\\/\"},\"wordCount\":1929,\"commentCount\":0,\"publisher\":{\"@id\":\"https:\\\/\\\/cj.estrategia.com\\\/portal\\\/#organization\"},\"image\":{\"@id\":\"https:\\\/\\\/cj.estrategia.com\\\/portal\\\/politica-nacional-direitos-humanos\\\/#primaryimage\"},\"thumbnailUrl\":\"https:\\\/\\\/cj.estrategia.com\\\/portal\\\/wp-content\\\/uploads\\\/2024\\\/04\\\/10183305\\\/Politica-Nacional-de-Direitos-Humanos.jpg\",\"articleSection\":[\"Carreiras Jur\u00eddicas\",\"Defensoria\",\"Delegado\",\"Magistratura\",\"Promotoria\"],\"inLanguage\":\"pt-BR\",\"potentialAction\":[{\"@type\":\"CommentAction\",\"name\":\"Comment\",\"target\":[\"https:\\\/\\\/cj.estrategia.com\\\/portal\\\/politica-nacional-direitos-humanos\\\/#respond\"]}]},{\"@type\":\"WebPage\",\"@id\":\"https:\\\/\\\/cj.estrategia.com\\\/portal\\\/politica-nacional-direitos-humanos\\\/\",\"url\":\"https:\\\/\\\/cj.estrategia.com\\\/portal\\\/politica-nacional-direitos-humanos\\\/\",\"name\":\"Pol\u00edtica Nacional de Direitos Humanos\",\"isPartOf\":{\"@id\":\"https:\\\/\\\/cj.estrategia.com\\\/portal\\\/#website\"},\"primaryImageOfPage\":{\"@id\":\"https:\\\/\\\/cj.estrategia.com\\\/portal\\\/politica-nacional-direitos-humanos\\\/#primaryimage\"},\"image\":{\"@id\":\"https:\\\/\\\/cj.estrategia.com\\\/portal\\\/politica-nacional-direitos-humanos\\\/#primaryimage\"},\"thumbnailUrl\":\"https:\\\/\\\/cj.estrategia.com\\\/portal\\\/wp-content\\\/uploads\\\/2024\\\/04\\\/10183305\\\/Politica-Nacional-de-Direitos-Humanos.jpg\",\"datePublished\":\"2024-04-20T11:00:00+00:00\",\"description\":\"Confira neste artigo um resumo sobre o tema Pol\u00edtica Nacional de Direitos Humanos, com foco em concursos jur\u00eddicos.\",\"breadcrumb\":{\"@id\":\"https:\\\/\\\/cj.estrategia.com\\\/portal\\\/politica-nacional-direitos-humanos\\\/#breadcrumb\"},\"inLanguage\":\"pt-BR\",\"potentialAction\":[{\"@type\":\"ReadAction\",\"target\":[\"https:\\\/\\\/cj.estrategia.com\\\/portal\\\/politica-nacional-direitos-humanos\\\/\"]}]},{\"@type\":\"ImageObject\",\"inLanguage\":\"pt-BR\",\"@id\":\"https:\\\/\\\/cj.estrategia.com\\\/portal\\\/politica-nacional-direitos-humanos\\\/#primaryimage\",\"url\":\"https:\\\/\\\/cj.estrategia.com\\\/portal\\\/wp-content\\\/uploads\\\/2024\\\/04\\\/10183305\\\/Politica-Nacional-de-Direitos-Humanos.jpg\",\"contentUrl\":\"https:\\\/\\\/cj.estrategia.com\\\/portal\\\/wp-content\\\/uploads\\\/2024\\\/04\\\/10183305\\\/Politica-Nacional-de-Direitos-Humanos.jpg\",\"width\":740,\"height\":493},{\"@type\":\"BreadcrumbList\",\"@id\":\"https:\\\/\\\/cj.estrategia.com\\\/portal\\\/politica-nacional-direitos-humanos\\\/#breadcrumb\",\"itemListElement\":[{\"@type\":\"ListItem\",\"position\":1,\"name\":\"In\u00edcio\",\"item\":\"https:\\\/\\\/cj.estrategia.com\\\/portal\\\/\"},{\"@type\":\"ListItem\",\"position\":2,\"name\":\"Pol\u00edtica Nacional de Direitos Humanos\"}]},{\"@type\":\"WebSite\",\"@id\":\"https:\\\/\\\/cj.estrategia.com\\\/portal\\\/#website\",\"url\":\"https:\\\/\\\/cj.estrategia.com\\\/portal\\\/\",\"name\":\"Blog - Carreiras Jur\u00eddicas - Estrat\u00e9gia\",\"description\":\"\",\"publisher\":{\"@id\":\"https:\\\/\\\/cj.estrategia.com\\\/portal\\\/#organization\"},\"potentialAction\":[{\"@type\":\"SearchAction\",\"target\":{\"@type\":\"EntryPoint\",\"urlTemplate\":\"https:\\\/\\\/cj.estrategia.com\\\/portal\\\/?s={search_term_string}\"},\"query-input\":{\"@type\":\"PropertyValueSpecification\",\"valueRequired\":true,\"valueName\":\"search_term_string\"}}],\"inLanguage\":\"pt-BR\"},{\"@type\":\"Organization\",\"@id\":\"https:\\\/\\\/cj.estrategia.com\\\/portal\\\/#organization\",\"name\":\"Estrat\u00e9gia - Carreiras Jur\u00eddicas\",\"url\":\"https:\\\/\\\/cj.estrategia.com\\\/portal\\\/\",\"logo\":{\"@type\":\"ImageObject\",\"inLanguage\":\"pt-BR\",\"@id\":\"https:\\\/\\\/cj.estrategia.com\\\/portal\\\/#\\\/schema\\\/logo\\\/image\\\/\",\"url\":\"https:\\\/\\\/cj.estrategia.com\\\/portal\\\/wp-content\\\/uploads\\\/2022\\\/03\\\/11151052\\\/cj-logo.png\",\"contentUrl\":\"https:\\\/\\\/cj.estrategia.com\\\/portal\\\/wp-content\\\/uploads\\\/2022\\\/03\\\/11151052\\\/cj-logo.png\",\"width\":150,\"height\":39,\"caption\":\"Estrat\u00e9gia - Carreiras Jur\u00eddicas\"},\"image\":{\"@id\":\"https:\\\/\\\/cj.estrategia.com\\\/portal\\\/#\\\/schema\\\/logo\\\/image\\\/\"},\"sameAs\":[\"https:\\\/\\\/www.facebook.com\\\/estrategiacarreirajuridica\\\/\",\"https:\\\/\\\/x.com\\\/EstratJuridica\",\"https:\\\/\\\/www.instagram.com\\\/estrategiacarreirajuridica\\\/\",\"https:\\\/\\\/www.youtube.com\\\/channel\\\/UClbMGuYbj2Mh1m3w144ETWQ\"]},{\"@type\":\"Person\",\"@id\":\"https:\\\/\\\/cj.estrategia.com\\\/portal\\\/#\\\/schema\\\/person\\\/f52a354da476804d0d46daae7af1b848\",\"name\":\"Marcela Neves Suonski Daronch\",\"image\":{\"@type\":\"ImageObject\",\"inLanguage\":\"pt-BR\",\"@id\":\"https:\\\/\\\/cj.estrategia.com\\\/portal\\\/wp-content\\\/uploads\\\/2023\\\/06\\\/14185716\\\/Marcela-2-96x96.jpg\",\"url\":\"https:\\\/\\\/cj.estrategia.com\\\/portal\\\/wp-content\\\/uploads\\\/2023\\\/06\\\/14185716\\\/Marcela-2-96x96.jpg\",\"contentUrl\":\"https:\\\/\\\/cj.estrategia.com\\\/portal\\\/wp-content\\\/uploads\\\/2023\\\/06\\\/14185716\\\/Marcela-2-96x96.jpg\",\"caption\":\"Marcela Neves Suonski Daronch\"},\"description\":\"Graduada em Direito. P\u00f3s-graduada em Investiga\u00e7\u00e3o Criminal e Legisla\u00e7\u00e3o Penal. P\u00f3s-graduada em Criminal\u00edstica, Cybercrimes e o Papel da Pol\u00edcia Judici\u00e1ria. P\u00f3s-graduanda em Direito P\u00fablico. P\u00f3s-Graduanda em Intelig\u00eancia Emocional e Psicologia Positiva. Aprovada no XXIX Exame da Ordem dos Advogados do Brasil (OAB). Aprovada e convocada para o Curso de Forma\u00e7\u00e3o Profissional do DEAP SC em 20\u00ba lugar (2019). Aprovada para o cargo de Escriv\u00e3o da PC MG (2021). Aprovada na fase objetiva do concurso de Delegado da PC SP (2023). Integra a equipe de Coaches do Estrat\u00e9gia Concursos desde 2020. Escritora de artigos para o blog do Estrat\u00e9gia concursos e Professora dos Bizus Estrat\u00e9gicos.\",\"sameAs\":[\"https:\\\/\\\/www.facebook.com\\\/amarcelaneves\",\"https:\\\/\\\/www.instagram.com\\\/amarcelaneves\",\"https:\\\/\\\/www.youtube.com\\\/@amarcelaneves\"],\"birthDate\":\"1996-08-05\",\"gender\":\"feminino\",\"knowsLanguage\":[\"Ingl\u00eas\"],\"url\":\"https:\\\/\\\/cj.estrategia.com\\\/portal\\\/author\\\/marcela-nevessuonski\\\/\"}]}<\/script>\n<!-- \/ Yoast SEO Premium plugin. -->","yoast_head_json":{"title":"Pol\u00edtica Nacional de Direitos Humanos","description":"Confira neste artigo um resumo sobre o tema Pol\u00edtica Nacional de Direitos Humanos, com foco em concursos jur\u00eddicos.","robots":{"index":"index","follow":"follow","max-snippet":"max-snippet:-1","max-image-preview":"max-image-preview:large","max-video-preview":"max-video-preview:-1"},"canonical":"https:\/\/cj.estrategia.com\/portal\/politica-nacional-direitos-humanos\/","og_locale":"pt_BR","og_type":"article","og_title":"Pol\u00edtica Nacional de Direitos Humanos","og_description":"Confira neste artigo um resumo sobre o tema Pol\u00edtica Nacional de Direitos Humanos, com foco em concursos jur\u00eddicos.","og_url":"https:\/\/cj.estrategia.com\/portal\/politica-nacional-direitos-humanos\/","og_site_name":"Blog - Carreiras Jur\u00eddicas - Estrat\u00e9gia","article_publisher":"https:\/\/www.facebook.com\/estrategiacarreirajuridica\/","article_author":"https:\/\/www.facebook.com\/amarcelaneves","article_published_time":"2024-04-20T11:00:00+00:00","og_image":[{"width":740,"height":493,"url":"https:\/\/cj.estrategia.com\/portal\/wp-content\/uploads\/2024\/04\/10183305\/Politica-Nacional-de-Direitos-Humanos.jpg","type":"image\/jpeg"}],"author":"Marcela Neves Suonski Daronch","twitter_card":"summary_large_image","twitter_creator":"@EstratJuridica","twitter_site":"@EstratJuridica","twitter_misc":{"Escrito por":"Marcela Neves Suonski Daronch","Est. tempo de leitura":"10 minutos"},"schema":{"@context":"https:\/\/schema.org","@graph":[{"@type":"NewsArticle","@id":"https:\/\/cj.estrategia.com\/portal\/politica-nacional-direitos-humanos\/#article","isPartOf":{"@id":"https:\/\/cj.estrategia.com\/portal\/politica-nacional-direitos-humanos\/"},"author":{"name":"Marcela Neves Suonski Daronch","@id":"https:\/\/cj.estrategia.com\/portal\/#\/schema\/person\/f52a354da476804d0d46daae7af1b848"},"headline":"Pol\u00edtica Nacional de Direitos Humanos","datePublished":"2024-04-20T11:00:00+00:00","mainEntityOfPage":{"@id":"https:\/\/cj.estrategia.com\/portal\/politica-nacional-direitos-humanos\/"},"wordCount":1929,"commentCount":0,"publisher":{"@id":"https:\/\/cj.estrategia.com\/portal\/#organization"},"image":{"@id":"https:\/\/cj.estrategia.com\/portal\/politica-nacional-direitos-humanos\/#primaryimage"},"thumbnailUrl":"https:\/\/cj.estrategia.com\/portal\/wp-content\/uploads\/2024\/04\/10183305\/Politica-Nacional-de-Direitos-Humanos.jpg","articleSection":["Carreiras Jur\u00eddicas","Defensoria","Delegado","Magistratura","Promotoria"],"inLanguage":"pt-BR","potentialAction":[{"@type":"CommentAction","name":"Comment","target":["https:\/\/cj.estrategia.com\/portal\/politica-nacional-direitos-humanos\/#respond"]}]},{"@type":"WebPage","@id":"https:\/\/cj.estrategia.com\/portal\/politica-nacional-direitos-humanos\/","url":"https:\/\/cj.estrategia.com\/portal\/politica-nacional-direitos-humanos\/","name":"Pol\u00edtica Nacional de Direitos Humanos","isPartOf":{"@id":"https:\/\/cj.estrategia.com\/portal\/#website"},"primaryImageOfPage":{"@id":"https:\/\/cj.estrategia.com\/portal\/politica-nacional-direitos-humanos\/#primaryimage"},"image":{"@id":"https:\/\/cj.estrategia.com\/portal\/politica-nacional-direitos-humanos\/#primaryimage"},"thumbnailUrl":"https:\/\/cj.estrategia.com\/portal\/wp-content\/uploads\/2024\/04\/10183305\/Politica-Nacional-de-Direitos-Humanos.jpg","datePublished":"2024-04-20T11:00:00+00:00","description":"Confira neste artigo um resumo sobre o tema Pol\u00edtica Nacional de Direitos Humanos, com foco em concursos jur\u00eddicos.","breadcrumb":{"@id":"https:\/\/cj.estrategia.com\/portal\/politica-nacional-direitos-humanos\/#breadcrumb"},"inLanguage":"pt-BR","potentialAction":[{"@type":"ReadAction","target":["https:\/\/cj.estrategia.com\/portal\/politica-nacional-direitos-humanos\/"]}]},{"@type":"ImageObject","inLanguage":"pt-BR","@id":"https:\/\/cj.estrategia.com\/portal\/politica-nacional-direitos-humanos\/#primaryimage","url":"https:\/\/cj.estrategia.com\/portal\/wp-content\/uploads\/2024\/04\/10183305\/Politica-Nacional-de-Direitos-Humanos.jpg","contentUrl":"https:\/\/cj.estrategia.com\/portal\/wp-content\/uploads\/2024\/04\/10183305\/Politica-Nacional-de-Direitos-Humanos.jpg","width":740,"height":493},{"@type":"BreadcrumbList","@id":"https:\/\/cj.estrategia.com\/portal\/politica-nacional-direitos-humanos\/#breadcrumb","itemListElement":[{"@type":"ListItem","position":1,"name":"In\u00edcio","item":"https:\/\/cj.estrategia.com\/portal\/"},{"@type":"ListItem","position":2,"name":"Pol\u00edtica Nacional de Direitos Humanos"}]},{"@type":"WebSite","@id":"https:\/\/cj.estrategia.com\/portal\/#website","url":"https:\/\/cj.estrategia.com\/portal\/","name":"Blog - Carreiras Jur\u00eddicas - Estrat\u00e9gia","description":"","publisher":{"@id":"https:\/\/cj.estrategia.com\/portal\/#organization"},"potentialAction":[{"@type":"SearchAction","target":{"@type":"EntryPoint","urlTemplate":"https:\/\/cj.estrategia.com\/portal\/?s={search_term_string}"},"query-input":{"@type":"PropertyValueSpecification","valueRequired":true,"valueName":"search_term_string"}}],"inLanguage":"pt-BR"},{"@type":"Organization","@id":"https:\/\/cj.estrategia.com\/portal\/#organization","name":"Estrat\u00e9gia - Carreiras Jur\u00eddicas","url":"https:\/\/cj.estrategia.com\/portal\/","logo":{"@type":"ImageObject","inLanguage":"pt-BR","@id":"https:\/\/cj.estrategia.com\/portal\/#\/schema\/logo\/image\/","url":"https:\/\/cj.estrategia.com\/portal\/wp-content\/uploads\/2022\/03\/11151052\/cj-logo.png","contentUrl":"https:\/\/cj.estrategia.com\/portal\/wp-content\/uploads\/2022\/03\/11151052\/cj-logo.png","width":150,"height":39,"caption":"Estrat\u00e9gia - Carreiras Jur\u00eddicas"},"image":{"@id":"https:\/\/cj.estrategia.com\/portal\/#\/schema\/logo\/image\/"},"sameAs":["https:\/\/www.facebook.com\/estrategiacarreirajuridica\/","https:\/\/x.com\/EstratJuridica","https:\/\/www.instagram.com\/estrategiacarreirajuridica\/","https:\/\/www.youtube.com\/channel\/UClbMGuYbj2Mh1m3w144ETWQ"]},{"@type":"Person","@id":"https:\/\/cj.estrategia.com\/portal\/#\/schema\/person\/f52a354da476804d0d46daae7af1b848","name":"Marcela Neves Suonski Daronch","image":{"@type":"ImageObject","inLanguage":"pt-BR","@id":"https:\/\/cj.estrategia.com\/portal\/wp-content\/uploads\/2023\/06\/14185716\/Marcela-2-96x96.jpg","url":"https:\/\/cj.estrategia.com\/portal\/wp-content\/uploads\/2023\/06\/14185716\/Marcela-2-96x96.jpg","contentUrl":"https:\/\/cj.estrategia.com\/portal\/wp-content\/uploads\/2023\/06\/14185716\/Marcela-2-96x96.jpg","caption":"Marcela Neves Suonski Daronch"},"description":"Graduada em Direito. P\u00f3s-graduada em Investiga\u00e7\u00e3o Criminal e Legisla\u00e7\u00e3o Penal. P\u00f3s-graduada em Criminal\u00edstica, Cybercrimes e o Papel da Pol\u00edcia Judici\u00e1ria. P\u00f3s-graduanda em Direito P\u00fablico. P\u00f3s-Graduanda em Intelig\u00eancia Emocional e Psicologia Positiva. Aprovada no XXIX Exame da Ordem dos Advogados do Brasil (OAB). Aprovada e convocada para o Curso de Forma\u00e7\u00e3o Profissional do DEAP SC em 20\u00ba lugar (2019). Aprovada para o cargo de Escriv\u00e3o da PC MG (2021). Aprovada na fase objetiva do concurso de Delegado da PC SP (2023). Integra a equipe de Coaches do Estrat\u00e9gia Concursos desde 2020. Escritora de artigos para o blog do Estrat\u00e9gia concursos e Professora dos Bizus Estrat\u00e9gicos.","sameAs":["https:\/\/www.facebook.com\/amarcelaneves","https:\/\/www.instagram.com\/amarcelaneves","https:\/\/www.youtube.com\/@amarcelaneves"],"birthDate":"1996-08-05","gender":"feminino","knowsLanguage":["Ingl\u00eas"],"url":"https:\/\/cj.estrategia.com\/portal\/author\/marcela-nevessuonski\/"}]}},"jetpack_featured_media_url":"https:\/\/cj.estrategia.com\/portal\/wp-content\/uploads\/2024\/04\/10183305\/Politica-Nacional-de-Direitos-Humanos.jpg","jetpack_sharing_enabled":true,"_links":{"self":[{"href":"https:\/\/cj.estrategia.com\/portal\/wp-json\/wp\/v2\/posts\/60271","targetHints":{"allow":["GET"]}}],"collection":[{"href":"https:\/\/cj.estrategia.com\/portal\/wp-json\/wp\/v2\/posts"}],"about":[{"href":"https:\/\/cj.estrategia.com\/portal\/wp-json\/wp\/v2\/types\/post"}],"author":[{"embeddable":true,"href":"https:\/\/cj.estrategia.com\/portal\/wp-json\/wp\/v2\/users\/44"}],"replies":[{"embeddable":true,"href":"https:\/\/cj.estrategia.com\/portal\/wp-json\/wp\/v2\/comments?post=60271"}],"version-history":[{"count":5,"href":"https:\/\/cj.estrategia.com\/portal\/wp-json\/wp\/v2\/posts\/60271\/revisions"}],"predecessor-version":[{"id":60363,"href":"https:\/\/cj.estrategia.com\/portal\/wp-json\/wp\/v2\/posts\/60271\/revisions\/60363"}],"wp:featuredmedia":[{"embeddable":true,"href":"https:\/\/cj.estrategia.com\/portal\/wp-json\/wp\/v2\/media\/60273"}],"wp:attachment":[{"href":"https:\/\/cj.estrategia.com\/portal\/wp-json\/wp\/v2\/media?parent=60271"}],"wp:term":[{"taxonomy":"category","embeddable":true,"href":"https:\/\/cj.estrategia.com\/portal\/wp-json\/wp\/v2\/categories?post=60271"},{"taxonomy":"post_tag","embeddable":true,"href":"https:\/\/cj.estrategia.com\/portal\/wp-json\/wp\/v2\/tags?post=60271"},{"taxonomy":"tax_estado","embeddable":true,"href":"https:\/\/cj.estrategia.com\/portal\/wp-json\/wp\/v2\/tax_estado?post=60271"}],"curies":[{"name":"wp","href":"https:\/\/api.w.org\/{rel}","templated":true}]}}