{"id":59432,"date":"2024-03-30T11:10:28","date_gmt":"2024-03-30T14:10:28","guid":{"rendered":"https:\/\/cj.estrategia.com\/portal\/?p=59432"},"modified":"2024-03-30T11:15:25","modified_gmt":"2024-03-30T14:15:25","slug":"stf-julgara-se-advogados-publicos-precisam-de-oab","status":"publish","type":"post","link":"https:\/\/cj.estrategia.com\/portal\/stf-julgara-se-advogados-publicos-precisam-de-oab\/","title":{"rendered":"Advogado p\u00fablico precisa de OAB? STF julgar\u00e1 o caso!"},"content":{"rendered":"\n<p>O <strong>Supremo Tribunal Federal (STF)<\/strong> vai discutir se os advogados que trabalham para o governo precisam se inscrever na Ordem dos Advogados do Brasil (OAB) em uma sess\u00e3o presencial.<\/p>\n\n\n\n<p>At\u00e9 agora, apenas o Ministro Edson Fachin deu sua opini\u00e3o. Ele disse que n\u00e3o \u00e9 justo obrigar esses advogados a se inscreverem na OAB, mas sugeriu que eles poderiam fazer isso se quisessem.<\/p>\n\n\n\n<p>Esse caso come\u00e7ou quando a OAB de Rond\u00f4nia contestou uma decis\u00e3o que permitia advogados do governo a trabalharem para a Uni\u00e3o sem estarem registrados na OAB.<\/p>\n\n\n\n<p>Fachin explicou que esses advogados s\u00e3o selecionados pelo governo atrav\u00e9s de concurso e seguem regras pr\u00f3prias, n\u00e3o precisando das mesmas regras dos advogados privados. Ele tamb\u00e9m disse que a lei que organiza a Advocacia-Geral da Uni\u00e3o (AGU) n\u00e3o exige que esses advogados se inscrevam na OAB.<\/p>\n\n\n\n<p>O Ministro Edson Fachin sugeriu que esses advogados poderiam se registrar na OAB se quisessem, mas n\u00e3o seria obrigat\u00f3rio. Ele prop\u00f4s uma ideia para que eles pudessem se inscrever se quisessem, individualmente, ou atrav\u00e9s de um acordo entre o governo e a OAB.<\/p>\n\n\n\n<p>Confira abaixo a tese do Ministro:<\/p>\n\n\n\n<p class=\"has-pale-ocean-gradient-background has-background\"><em>&#8220;(i) \u00c9 inconstitucional a exig\u00eancia de inscri\u00e7\u00e3o do Advogado P\u00fablico nos quadros da Ordem dos Advogados do Brasil, para o exerc\u00edcio das atividades inerentes ao cargo p\u00fablico.<\/em><\/p>\n\n\n\n<p class=\"has-pale-ocean-gradient-background has-background\"><em>(ii) A inscri\u00e7\u00e3o de advogados p\u00fablicos nos quadros da Ordem dos Advogados do Brasil poder\u00e1 ocorrer de forma volunt\u00e1ria, individualizadamente, ou mediante ato administrativo a ser firmado entre o \u00f3rg\u00e3o de representa\u00e7\u00e3o estatal e a Ordem dos Advogados do Brasil.&#8221;<\/em><\/p>\n\n\n\n<h2 class=\"wp-block-heading has-text-align-center\" id=\"cursos-ficha\"><span id=\"quer-estudar-para-concursos-de-direito\">Quer estudar para Concursos de Direito?<\/span><\/h2>\n\n\n\n<p>O Estrat\u00e9gia Carreira Jur\u00eddica \u00e9 campe\u00e3o de aprova\u00e7\u00f5es nos concursos para Carreiras Jur\u00eddicas com um corpo docente qualificado e materiais completos. Conhe\u00e7a nossos cursos e garanta sua aprova\u00e7\u00e3o:<\/p>\n\n\n\n<div class=\"wp-block-cover\" style=\"min-height:155px;aspect-ratio:unset;\"><img decoding=\"async\" width=\"1890\" height=\"351\" class=\"wp-block-cover__image-background wp-image-8669\" alt=\"Assinaturas Jur\u00eddicas\" src=\"https:\/\/cj.estrategia.com\/portal\/wp-content\/uploads\/2022\/06\/20151253\/concurso-carreiras-juridicas-assinatura-juridica.jpg\" style=\"object-position:78% 43%\" data-object-fit=\"cover\" data-object-position=\"78% 43%\" srcset=\"https:\/\/cj.estrategia.com\/portal\/wp-content\/uploads\/2022\/06\/20151253\/concurso-carreiras-juridicas-assinatura-juridica.jpg 1890w, https:\/\/cj.estrategia.com\/portal\/wp-content\/uploads\/2022\/06\/20151253\/concurso-carreiras-juridicas-assinatura-juridica-300x56.jpg 300w, https:\/\/cj.estrategia.com\/portal\/wp-content\/uploads\/2022\/06\/20151253\/concurso-carreiras-juridicas-assinatura-juridica-1024x190.jpg 1024w, https:\/\/cj.estrategia.com\/portal\/wp-content\/uploads\/2022\/06\/20151253\/concurso-carreiras-juridicas-assinatura-juridica-768x143.jpg 768w, https:\/\/cj.estrategia.com\/portal\/wp-content\/uploads\/2022\/06\/20151253\/concurso-carreiras-juridicas-assinatura-juridica-1536x285.jpg 1536w, https:\/\/cj.estrategia.com\/portal\/wp-content\/uploads\/2022\/06\/20151253\/concurso-carreiras-juridicas-assinatura-juridica-380x71.jpg 380w, https:\/\/cj.estrategia.com\/portal\/wp-content\/uploads\/2022\/06\/20151253\/concurso-carreiras-juridicas-assinatura-juridica-800x149.jpg 800w, https:\/\/cj.estrategia.com\/portal\/wp-content\/uploads\/2022\/06\/20151253\/concurso-carreiras-juridicas-assinatura-juridica-1160x215.jpg 1160w\" sizes=\"(max-width: 1890px) 100vw, 1890px\" \/><span aria-hidden=\"true\" class=\"wp-block-cover__background has-background-dim\"><\/span><div class=\"wp-block-cover__inner-container is-layout-flow wp-block-cover-is-layout-flow\">\n<h3 id=\"faca-a-sua-assinatura\" class=\"titulo-assinatura\"><span style=\"color: #ffffff;\">Fa\u00e7a a sua assinatura!<\/span><\/h3>\n<p class=\"subtitulo-assinatura\" style=\"display:block!important; line-height: 0;\"><span style=\"color: #ffffff;\">Escolha a sua \u00e1rea.<\/span><\/p>\n<a target=\"_blank\" href=\"https:\/\/www.estrategiaconcursos.com.br\/assinaturas-ecj\/\" rel=\"noopener\"><button style=\"border-radius: 10px; text-transform: capitalize;\">Acessar<\/button><\/a>\n<\/div><\/div>\n\n\n\n<p><\/p>\n","protected":false},"excerpt":{"rendered":"O Supremo Tribunal Federal (STF) vai discutir se os advogados que trabalham para o governo precisam se inscrever&hellip;\n","protected":false},"author":135,"featured_media":27616,"comment_status":"open","ping_status":"open","sticky":false,"template":"","format":"standard","meta":{"_jetpack_memberships_contains_paid_content":false,"footnotes":""},"categories":[1],"tags":[],"tax_estado":[],"class_list":{"0":"post-59432","1":"post","2":"type-post","3":"status-publish","4":"format-standard","5":"has-post-thumbnail","7":"category-carreiras-juridicas"},"acf":[],"yoast_head":"<!-- This site is optimized with the Yoast SEO Premium plugin v27.4 (Yoast SEO v27.4) - https:\/\/yoast.com\/product\/yoast-seo-premium-wordpress\/ -->\n<title>Advogado p\u00fablico precisa de OAB? STF julgar\u00e1 o caso!<\/title>\n<meta name=\"description\" content=\"Advogado p\u00fablico precisa de OAB? Confira aqui alguns detalhes deste questionamento que ser\u00e1 julgado em breve pelo STF!\" \/>\n<meta name=\"robots\" content=\"index, follow, max-snippet:-1, max-image-preview:large, max-video-preview:-1\" \/>\n<link rel=\"canonical\" href=\"https:\/\/cj.estrategia.com\/portal\/stf-julgara-se-advogados-publicos-precisam-de-oab\/\" \/>\n<meta property=\"og:locale\" content=\"pt_BR\" \/>\n<meta property=\"og:type\" content=\"article\" \/>\n<meta property=\"og:title\" content=\"Advogado p\u00fablico precisa de OAB? STF julgar\u00e1 o caso!\" \/>\n<meta property=\"og:description\" content=\"Advogado p\u00fablico precisa de OAB? Confira aqui alguns detalhes deste questionamento que ser\u00e1 julgado em breve pelo STF!\" \/>\n<meta property=\"og:url\" content=\"https:\/\/cj.estrategia.com\/portal\/stf-julgara-se-advogados-publicos-precisam-de-oab\/\" \/>\n<meta property=\"og:site_name\" content=\"Blog - Carreiras Jur\u00eddicas - Estrat\u00e9gia\" \/>\n<meta property=\"article:publisher\" content=\"https:\/\/www.facebook.com\/estrategiacarreirajuridica\/\" \/>\n<meta property=\"article:published_time\" content=\"2024-03-30T14:10:28+00:00\" \/>\n<meta property=\"article:modified_time\" content=\"2024-03-30T14:15:25+00:00\" \/>\n<meta property=\"og:image\" content=\"https:\/\/cj.estrategia.com\/portal\/wp-content\/uploads\/2023\/01\/20124014\/concurso-procurador-usp-advogados-conversando-sobre-a-oportunidade.jpg\" \/>\n\t<meta property=\"og:image:width\" content=\"759\" \/>\n\t<meta property=\"og:image:height\" content=\"497\" \/>\n\t<meta property=\"og:image:type\" content=\"image\/jpeg\" \/>\n<meta name=\"author\" content=\"Tauana Silva\" \/>\n<meta name=\"twitter:card\" content=\"summary_large_image\" \/>\n<meta name=\"twitter:creator\" content=\"@EstratJuridica\" \/>\n<meta name=\"twitter:site\" content=\"@EstratJuridica\" \/>\n<meta name=\"twitter:label1\" content=\"Escrito por\" \/>\n\t<meta name=\"twitter:data1\" content=\"Tauana Silva\" \/>\n\t<meta name=\"twitter:label2\" content=\"Est. tempo de leitura\" \/>\n\t<meta name=\"twitter:data2\" content=\"3 minutos\" \/>\n<script type=\"application\/ld+json\" class=\"yoast-schema-graph\">{\"@context\":\"https:\\\/\\\/schema.org\",\"@graph\":[{\"@type\":\"NewsArticle\",\"@id\":\"https:\\\/\\\/cj.estrategia.com\\\/portal\\\/stf-julgara-se-advogados-publicos-precisam-de-oab\\\/#article\",\"isPartOf\":{\"@id\":\"https:\\\/\\\/cj.estrategia.com\\\/portal\\\/stf-julgara-se-advogados-publicos-precisam-de-oab\\\/\"},\"author\":{\"name\":\"Tauana Silva\",\"@id\":\"https:\\\/\\\/cj.estrategia.com\\\/portal\\\/#\\\/schema\\\/person\\\/cb116423095e5a9f157a839dc8a808eb\"},\"headline\":\"Advogado p\u00fablico precisa de OAB? STF julgar\u00e1 o caso!\",\"datePublished\":\"2024-03-30T14:10:28+00:00\",\"dateModified\":\"2024-03-30T14:15:25+00:00\",\"mainEntityOfPage\":{\"@id\":\"https:\\\/\\\/cj.estrategia.com\\\/portal\\\/stf-julgara-se-advogados-publicos-precisam-de-oab\\\/\"},\"wordCount\":326,\"commentCount\":0,\"publisher\":{\"@id\":\"https:\\\/\\\/cj.estrategia.com\\\/portal\\\/#organization\"},\"image\":{\"@id\":\"https:\\\/\\\/cj.estrategia.com\\\/portal\\\/stf-julgara-se-advogados-publicos-precisam-de-oab\\\/#primaryimage\"},\"thumbnailUrl\":\"https:\\\/\\\/cj.estrategia.com\\\/portal\\\/wp-content\\\/uploads\\\/2023\\\/01\\\/20124014\\\/concurso-procurador-usp-advogados-conversando-sobre-a-oportunidade.jpg\",\"articleSection\":[\"Carreiras Jur\u00eddicas\"],\"inLanguage\":\"pt-BR\",\"potentialAction\":[{\"@type\":\"CommentAction\",\"name\":\"Comment\",\"target\":[\"https:\\\/\\\/cj.estrategia.com\\\/portal\\\/stf-julgara-se-advogados-publicos-precisam-de-oab\\\/#respond\"]}]},{\"@type\":\"WebPage\",\"@id\":\"https:\\\/\\\/cj.estrategia.com\\\/portal\\\/stf-julgara-se-advogados-publicos-precisam-de-oab\\\/\",\"url\":\"https:\\\/\\\/cj.estrategia.com\\\/portal\\\/stf-julgara-se-advogados-publicos-precisam-de-oab\\\/\",\"name\":\"Advogado p\u00fablico precisa de OAB? STF julgar\u00e1 o caso!\",\"isPartOf\":{\"@id\":\"https:\\\/\\\/cj.estrategia.com\\\/portal\\\/#website\"},\"primaryImageOfPage\":{\"@id\":\"https:\\\/\\\/cj.estrategia.com\\\/portal\\\/stf-julgara-se-advogados-publicos-precisam-de-oab\\\/#primaryimage\"},\"image\":{\"@id\":\"https:\\\/\\\/cj.estrategia.com\\\/portal\\\/stf-julgara-se-advogados-publicos-precisam-de-oab\\\/#primaryimage\"},\"thumbnailUrl\":\"https:\\\/\\\/cj.estrategia.com\\\/portal\\\/wp-content\\\/uploads\\\/2023\\\/01\\\/20124014\\\/concurso-procurador-usp-advogados-conversando-sobre-a-oportunidade.jpg\",\"datePublished\":\"2024-03-30T14:10:28+00:00\",\"dateModified\":\"2024-03-30T14:15:25+00:00\",\"description\":\"Advogado p\u00fablico precisa de OAB? Confira aqui alguns detalhes deste questionamento que ser\u00e1 julgado em breve pelo STF!\",\"breadcrumb\":{\"@id\":\"https:\\\/\\\/cj.estrategia.com\\\/portal\\\/stf-julgara-se-advogados-publicos-precisam-de-oab\\\/#breadcrumb\"},\"inLanguage\":\"pt-BR\",\"potentialAction\":[{\"@type\":\"ReadAction\",\"target\":[\"https:\\\/\\\/cj.estrategia.com\\\/portal\\\/stf-julgara-se-advogados-publicos-precisam-de-oab\\\/\"]}]},{\"@type\":\"ImageObject\",\"inLanguage\":\"pt-BR\",\"@id\":\"https:\\\/\\\/cj.estrategia.com\\\/portal\\\/stf-julgara-se-advogados-publicos-precisam-de-oab\\\/#primaryimage\",\"url\":\"https:\\\/\\\/cj.estrategia.com\\\/portal\\\/wp-content\\\/uploads\\\/2023\\\/01\\\/20124014\\\/concurso-procurador-usp-advogados-conversando-sobre-a-oportunidade.jpg\",\"contentUrl\":\"https:\\\/\\\/cj.estrategia.com\\\/portal\\\/wp-content\\\/uploads\\\/2023\\\/01\\\/20124014\\\/concurso-procurador-usp-advogados-conversando-sobre-a-oportunidade.jpg\",\"width\":759,\"height\":497},{\"@type\":\"BreadcrumbList\",\"@id\":\"https:\\\/\\\/cj.estrategia.com\\\/portal\\\/stf-julgara-se-advogados-publicos-precisam-de-oab\\\/#breadcrumb\",\"itemListElement\":[{\"@type\":\"ListItem\",\"position\":1,\"name\":\"In\u00edcio\",\"item\":\"https:\\\/\\\/cj.estrategia.com\\\/portal\\\/\"},{\"@type\":\"ListItem\",\"position\":2,\"name\":\"Advogado p\u00fablico precisa de OAB? STF julgar\u00e1 o caso!\"}]},{\"@type\":\"WebSite\",\"@id\":\"https:\\\/\\\/cj.estrategia.com\\\/portal\\\/#website\",\"url\":\"https:\\\/\\\/cj.estrategia.com\\\/portal\\\/\",\"name\":\"Blog - Carreiras Jur\u00eddicas - Estrat\u00e9gia\",\"description\":\"\",\"publisher\":{\"@id\":\"https:\\\/\\\/cj.estrategia.com\\\/portal\\\/#organization\"},\"potentialAction\":[{\"@type\":\"SearchAction\",\"target\":{\"@type\":\"EntryPoint\",\"urlTemplate\":\"https:\\\/\\\/cj.estrategia.com\\\/portal\\\/?s={search_term_string}\"},\"query-input\":{\"@type\":\"PropertyValueSpecification\",\"valueRequired\":true,\"valueName\":\"search_term_string\"}}],\"inLanguage\":\"pt-BR\"},{\"@type\":\"Organization\",\"@id\":\"https:\\\/\\\/cj.estrategia.com\\\/portal\\\/#organization\",\"name\":\"Estrat\u00e9gia - Carreiras Jur\u00eddicas\",\"url\":\"https:\\\/\\\/cj.estrategia.com\\\/portal\\\/\",\"logo\":{\"@type\":\"ImageObject\",\"inLanguage\":\"pt-BR\",\"@id\":\"https:\\\/\\\/cj.estrategia.com\\\/portal\\\/#\\\/schema\\\/logo\\\/image\\\/\",\"url\":\"https:\\\/\\\/cj.estrategia.com\\\/portal\\\/wp-content\\\/uploads\\\/2022\\\/03\\\/11151052\\\/cj-logo.png\",\"contentUrl\":\"https:\\\/\\\/cj.estrategia.com\\\/portal\\\/wp-content\\\/uploads\\\/2022\\\/03\\\/11151052\\\/cj-logo.png\",\"width\":150,\"height\":39,\"caption\":\"Estrat\u00e9gia - Carreiras Jur\u00eddicas\"},\"image\":{\"@id\":\"https:\\\/\\\/cj.estrategia.com\\\/portal\\\/#\\\/schema\\\/logo\\\/image\\\/\"},\"sameAs\":[\"https:\\\/\\\/www.facebook.com\\\/estrategiacarreirajuridica\\\/\",\"https:\\\/\\\/x.com\\\/EstratJuridica\",\"https:\\\/\\\/www.instagram.com\\\/estrategiacarreirajuridica\\\/\",\"https:\\\/\\\/www.youtube.com\\\/channel\\\/UClbMGuYbj2Mh1m3w144ETWQ\"]},{\"@type\":\"Person\",\"@id\":\"https:\\\/\\\/cj.estrategia.com\\\/portal\\\/#\\\/schema\\\/person\\\/cb116423095e5a9f157a839dc8a808eb\",\"name\":\"Tauana Silva\",\"image\":{\"@type\":\"ImageObject\",\"inLanguage\":\"pt-BR\",\"@id\":\"https:\\\/\\\/cj.estrategia.com\\\/portal\\\/wp-content\\\/uploads\\\/2024\\\/04\\\/05223156\\\/WhatsApp-Image-2024-12-05-at-22.30.41-96x96.jpeg\",\"url\":\"https:\\\/\\\/cj.estrategia.com\\\/portal\\\/wp-content\\\/uploads\\\/2024\\\/04\\\/05223156\\\/WhatsApp-Image-2024-12-05-at-22.30.41-96x96.jpeg\",\"contentUrl\":\"https:\\\/\\\/cj.estrategia.com\\\/portal\\\/wp-content\\\/uploads\\\/2024\\\/04\\\/05223156\\\/WhatsApp-Image-2024-12-05-at-22.30.41-96x96.jpeg\",\"caption\":\"Tauana Silva\"},\"description\":\"Jornalista com expertise em gest\u00e3o e marketing, acumulando mais de uma d\u00e9cada de experi\u00eancia, com foco especializado nos \u00faltimos cinco anos no setor de concursos p\u00fablicos. Habilidades s\u00f3lidas como social media, em reda\u00e7\u00e3o jornal\u00edstica, pr\u00e1ticas de SEO e copywriting.\",\"url\":\"https:\\\/\\\/cj.estrategia.com\\\/portal\\\/author\\\/tauanasilva\\\/\"}]}<\/script>\n<!-- \/ Yoast SEO Premium plugin. -->","yoast_head_json":{"title":"Advogado p\u00fablico precisa de OAB? STF julgar\u00e1 o caso!","description":"Advogado p\u00fablico precisa de OAB? Confira aqui alguns detalhes deste questionamento que ser\u00e1 julgado em breve pelo STF!","robots":{"index":"index","follow":"follow","max-snippet":"max-snippet:-1","max-image-preview":"max-image-preview:large","max-video-preview":"max-video-preview:-1"},"canonical":"https:\/\/cj.estrategia.com\/portal\/stf-julgara-se-advogados-publicos-precisam-de-oab\/","og_locale":"pt_BR","og_type":"article","og_title":"Advogado p\u00fablico precisa de OAB? STF julgar\u00e1 o caso!","og_description":"Advogado p\u00fablico precisa de OAB? Confira aqui alguns detalhes deste questionamento que ser\u00e1 julgado em breve pelo STF!","og_url":"https:\/\/cj.estrategia.com\/portal\/stf-julgara-se-advogados-publicos-precisam-de-oab\/","og_site_name":"Blog - Carreiras Jur\u00eddicas - Estrat\u00e9gia","article_publisher":"https:\/\/www.facebook.com\/estrategiacarreirajuridica\/","article_published_time":"2024-03-30T14:10:28+00:00","article_modified_time":"2024-03-30T14:15:25+00:00","og_image":[{"width":759,"height":497,"url":"https:\/\/cj.estrategia.com\/portal\/wp-content\/uploads\/2023\/01\/20124014\/concurso-procurador-usp-advogados-conversando-sobre-a-oportunidade.jpg","type":"image\/jpeg"}],"author":"Tauana Silva","twitter_card":"summary_large_image","twitter_creator":"@EstratJuridica","twitter_site":"@EstratJuridica","twitter_misc":{"Escrito por":"Tauana Silva","Est. tempo de leitura":"3 minutos"},"schema":{"@context":"https:\/\/schema.org","@graph":[{"@type":"NewsArticle","@id":"https:\/\/cj.estrategia.com\/portal\/stf-julgara-se-advogados-publicos-precisam-de-oab\/#article","isPartOf":{"@id":"https:\/\/cj.estrategia.com\/portal\/stf-julgara-se-advogados-publicos-precisam-de-oab\/"},"author":{"name":"Tauana Silva","@id":"https:\/\/cj.estrategia.com\/portal\/#\/schema\/person\/cb116423095e5a9f157a839dc8a808eb"},"headline":"Advogado p\u00fablico precisa de OAB? STF julgar\u00e1 o caso!","datePublished":"2024-03-30T14:10:28+00:00","dateModified":"2024-03-30T14:15:25+00:00","mainEntityOfPage":{"@id":"https:\/\/cj.estrategia.com\/portal\/stf-julgara-se-advogados-publicos-precisam-de-oab\/"},"wordCount":326,"commentCount":0,"publisher":{"@id":"https:\/\/cj.estrategia.com\/portal\/#organization"},"image":{"@id":"https:\/\/cj.estrategia.com\/portal\/stf-julgara-se-advogados-publicos-precisam-de-oab\/#primaryimage"},"thumbnailUrl":"https:\/\/cj.estrategia.com\/portal\/wp-content\/uploads\/2023\/01\/20124014\/concurso-procurador-usp-advogados-conversando-sobre-a-oportunidade.jpg","articleSection":["Carreiras Jur\u00eddicas"],"inLanguage":"pt-BR","potentialAction":[{"@type":"CommentAction","name":"Comment","target":["https:\/\/cj.estrategia.com\/portal\/stf-julgara-se-advogados-publicos-precisam-de-oab\/#respond"]}]},{"@type":"WebPage","@id":"https:\/\/cj.estrategia.com\/portal\/stf-julgara-se-advogados-publicos-precisam-de-oab\/","url":"https:\/\/cj.estrategia.com\/portal\/stf-julgara-se-advogados-publicos-precisam-de-oab\/","name":"Advogado p\u00fablico precisa de OAB? STF julgar\u00e1 o caso!","isPartOf":{"@id":"https:\/\/cj.estrategia.com\/portal\/#website"},"primaryImageOfPage":{"@id":"https:\/\/cj.estrategia.com\/portal\/stf-julgara-se-advogados-publicos-precisam-de-oab\/#primaryimage"},"image":{"@id":"https:\/\/cj.estrategia.com\/portal\/stf-julgara-se-advogados-publicos-precisam-de-oab\/#primaryimage"},"thumbnailUrl":"https:\/\/cj.estrategia.com\/portal\/wp-content\/uploads\/2023\/01\/20124014\/concurso-procurador-usp-advogados-conversando-sobre-a-oportunidade.jpg","datePublished":"2024-03-30T14:10:28+00:00","dateModified":"2024-03-30T14:15:25+00:00","description":"Advogado p\u00fablico precisa de OAB? Confira aqui alguns detalhes deste questionamento que ser\u00e1 julgado em breve pelo STF!","breadcrumb":{"@id":"https:\/\/cj.estrategia.com\/portal\/stf-julgara-se-advogados-publicos-precisam-de-oab\/#breadcrumb"},"inLanguage":"pt-BR","potentialAction":[{"@type":"ReadAction","target":["https:\/\/cj.estrategia.com\/portal\/stf-julgara-se-advogados-publicos-precisam-de-oab\/"]}]},{"@type":"ImageObject","inLanguage":"pt-BR","@id":"https:\/\/cj.estrategia.com\/portal\/stf-julgara-se-advogados-publicos-precisam-de-oab\/#primaryimage","url":"https:\/\/cj.estrategia.com\/portal\/wp-content\/uploads\/2023\/01\/20124014\/concurso-procurador-usp-advogados-conversando-sobre-a-oportunidade.jpg","contentUrl":"https:\/\/cj.estrategia.com\/portal\/wp-content\/uploads\/2023\/01\/20124014\/concurso-procurador-usp-advogados-conversando-sobre-a-oportunidade.jpg","width":759,"height":497},{"@type":"BreadcrumbList","@id":"https:\/\/cj.estrategia.com\/portal\/stf-julgara-se-advogados-publicos-precisam-de-oab\/#breadcrumb","itemListElement":[{"@type":"ListItem","position":1,"name":"In\u00edcio","item":"https:\/\/cj.estrategia.com\/portal\/"},{"@type":"ListItem","position":2,"name":"Advogado p\u00fablico precisa de OAB? STF julgar\u00e1 o caso!"}]},{"@type":"WebSite","@id":"https:\/\/cj.estrategia.com\/portal\/#website","url":"https:\/\/cj.estrategia.com\/portal\/","name":"Blog - Carreiras Jur\u00eddicas - Estrat\u00e9gia","description":"","publisher":{"@id":"https:\/\/cj.estrategia.com\/portal\/#organization"},"potentialAction":[{"@type":"SearchAction","target":{"@type":"EntryPoint","urlTemplate":"https:\/\/cj.estrategia.com\/portal\/?s={search_term_string}"},"query-input":{"@type":"PropertyValueSpecification","valueRequired":true,"valueName":"search_term_string"}}],"inLanguage":"pt-BR"},{"@type":"Organization","@id":"https:\/\/cj.estrategia.com\/portal\/#organization","name":"Estrat\u00e9gia - Carreiras Jur\u00eddicas","url":"https:\/\/cj.estrategia.com\/portal\/","logo":{"@type":"ImageObject","inLanguage":"pt-BR","@id":"https:\/\/cj.estrategia.com\/portal\/#\/schema\/logo\/image\/","url":"https:\/\/cj.estrategia.com\/portal\/wp-content\/uploads\/2022\/03\/11151052\/cj-logo.png","contentUrl":"https:\/\/cj.estrategia.com\/portal\/wp-content\/uploads\/2022\/03\/11151052\/cj-logo.png","width":150,"height":39,"caption":"Estrat\u00e9gia - Carreiras Jur\u00eddicas"},"image":{"@id":"https:\/\/cj.estrategia.com\/portal\/#\/schema\/logo\/image\/"},"sameAs":["https:\/\/www.facebook.com\/estrategiacarreirajuridica\/","https:\/\/x.com\/EstratJuridica","https:\/\/www.instagram.com\/estrategiacarreirajuridica\/","https:\/\/www.youtube.com\/channel\/UClbMGuYbj2Mh1m3w144ETWQ"]},{"@type":"Person","@id":"https:\/\/cj.estrategia.com\/portal\/#\/schema\/person\/cb116423095e5a9f157a839dc8a808eb","name":"Tauana Silva","image":{"@type":"ImageObject","inLanguage":"pt-BR","@id":"https:\/\/cj.estrategia.com\/portal\/wp-content\/uploads\/2024\/04\/05223156\/WhatsApp-Image-2024-12-05-at-22.30.41-96x96.jpeg","url":"https:\/\/cj.estrategia.com\/portal\/wp-content\/uploads\/2024\/04\/05223156\/WhatsApp-Image-2024-12-05-at-22.30.41-96x96.jpeg","contentUrl":"https:\/\/cj.estrategia.com\/portal\/wp-content\/uploads\/2024\/04\/05223156\/WhatsApp-Image-2024-12-05-at-22.30.41-96x96.jpeg","caption":"Tauana Silva"},"description":"Jornalista com expertise em gest\u00e3o e marketing, acumulando mais de uma d\u00e9cada de experi\u00eancia, com foco especializado nos \u00faltimos cinco anos no setor de concursos p\u00fablicos. Habilidades s\u00f3lidas como social media, em reda\u00e7\u00e3o jornal\u00edstica, pr\u00e1ticas de SEO e copywriting.","url":"https:\/\/cj.estrategia.com\/portal\/author\/tauanasilva\/"}]}},"jetpack_featured_media_url":"https:\/\/cj.estrategia.com\/portal\/wp-content\/uploads\/2023\/01\/20124014\/concurso-procurador-usp-advogados-conversando-sobre-a-oportunidade.jpg","jetpack_sharing_enabled":true,"_links":{"self":[{"href":"https:\/\/cj.estrategia.com\/portal\/wp-json\/wp\/v2\/posts\/59432","targetHints":{"allow":["GET"]}}],"collection":[{"href":"https:\/\/cj.estrategia.com\/portal\/wp-json\/wp\/v2\/posts"}],"about":[{"href":"https:\/\/cj.estrategia.com\/portal\/wp-json\/wp\/v2\/types\/post"}],"author":[{"embeddable":true,"href":"https:\/\/cj.estrategia.com\/portal\/wp-json\/wp\/v2\/users\/135"}],"replies":[{"embeddable":true,"href":"https:\/\/cj.estrategia.com\/portal\/wp-json\/wp\/v2\/comments?post=59432"}],"version-history":[{"count":6,"href":"https:\/\/cj.estrategia.com\/portal\/wp-json\/wp\/v2\/posts\/59432\/revisions"}],"predecessor-version":[{"id":59440,"href":"https:\/\/cj.estrategia.com\/portal\/wp-json\/wp\/v2\/posts\/59432\/revisions\/59440"}],"wp:featuredmedia":[{"embeddable":true,"href":"https:\/\/cj.estrategia.com\/portal\/wp-json\/wp\/v2\/media\/27616"}],"wp:attachment":[{"href":"https:\/\/cj.estrategia.com\/portal\/wp-json\/wp\/v2\/media?parent=59432"}],"wp:term":[{"taxonomy":"category","embeddable":true,"href":"https:\/\/cj.estrategia.com\/portal\/wp-json\/wp\/v2\/categories?post=59432"},{"taxonomy":"post_tag","embeddable":true,"href":"https:\/\/cj.estrategia.com\/portal\/wp-json\/wp\/v2\/tags?post=59432"},{"taxonomy":"tax_estado","embeddable":true,"href":"https:\/\/cj.estrategia.com\/portal\/wp-json\/wp\/v2\/tax_estado?post=59432"}],"curies":[{"name":"wp","href":"https:\/\/api.w.org\/{rel}","templated":true}]}}