{"id":59315,"date":"2024-04-06T14:00:00","date_gmt":"2024-04-06T17:00:00","guid":{"rendered":"https:\/\/cj.estrategia.com\/portal\/?p=59315"},"modified":"2024-04-01T17:08:33","modified_gmt":"2024-04-01T20:08:33","slug":"caracteristicas-direitos-humanos-v2","status":"publish","type":"post","link":"https:\/\/cj.estrategia.com\/portal\/caracteristicas-direitos-humanos-v2\/","title":{"rendered":"Caracter\u00edsticas dos Direitos Humanos"},"content":{"rendered":"\n<p>Confira neste artigo um resumo sobre as Caracter\u00edsticas dos Direitos Humanos.<\/p>\n\n\n<div class=\"wp-block-image\">\n<figure class=\"aligncenter size-full is-resized\"><img decoding=\"async\" width=\"740\" height=\"564\" src=\"https:\/\/cj.estrategia.com\/portal\/wp-content\/uploads\/2024\/03\/28135054\/Caracteristicas-dos-Direitos-Humanos.png\" alt=\"Caracter\u00edsticas dos Direitos Humanos\" class=\"wp-image-59319\" style=\"width:572px;height:auto\" srcset=\"https:\/\/cj.estrategia.com\/portal\/wp-content\/uploads\/2024\/03\/28135054\/Caracteristicas-dos-Direitos-Humanos.png 740w, https:\/\/cj.estrategia.com\/portal\/wp-content\/uploads\/2024\/03\/28135054\/Caracteristicas-dos-Direitos-Humanos-300x229.png 300w, https:\/\/cj.estrategia.com\/portal\/wp-content\/uploads\/2024\/03\/28135054\/Caracteristicas-dos-Direitos-Humanos-380x290.png 380w, https:\/\/cj.estrategia.com\/portal\/wp-content\/uploads\/2024\/03\/28135054\/Caracteristicas-dos-Direitos-Humanos-150x114.png 150w\" sizes=\"(max-width: 740px) 100vw, 740px\" \/><figcaption class=\"wp-element-caption\">Caracter\u00edsticas dos Direitos Humanos<\/figcaption><\/figure>\n<\/div>\n\n\n<p>Ol\u00e1, amigos.<\/p>\n\n\n\n<p>Tudo bom? Espero que sim.<\/p>\n\n\n\n<p>No artigo de hoje, abordaremos uma vis\u00e3o geral sobre Caracter\u00edsticas dos Direitos Humanos, um dos t\u00f3picos explorados em Direitos Humanos durante provas de concursos p\u00fablicos. Dado que esse tema \u00e9 relevante e abrangente, \u00e9 fundamental entender seus principais pontos para uma melhor organiza\u00e7\u00e3o dos estudos e compreens\u00e3o completa da mat\u00e9ria.<\/p>\n\n\n\n<p>Primeiramente, vejamos os t\u00f3picos que ser\u00e3o abordados:<\/p>\n\n\n\n<ul class=\"wp-block-list\">\n<li>Caracter\u00edsticas dos Direitos Humanos;<\/li>\n\n\n\n<li>Superioridade Normativa (e norma <em>jus cogens<\/em>);<\/li>\n\n\n\n<li>Historicidade;<\/li>\n\n\n\n<li>Universalidade;<\/li>\n\n\n\n<li>Relatividade;<\/li>\n\n\n\n<li>Irrenunciabilidade;<\/li>\n\n\n\n<li>Inalienabilidade;<\/li>\n\n\n\n<li>Imprescritibilidade;<\/li>\n\n\n\n<li>Interdepend\u00eancia (ou complementaridade);<\/li>\n\n\n\n<li>Car\u00e1ter erga omnes;<\/li>\n\n\n\n<li>Exigibilidade;<\/li>\n\n\n\n<li>Abertura;<\/li>\n\n\n\n<li>Aplicabilidade imediata (efetividade);<\/li>\n\n\n\n<li>Dimens\u00e3o objetiva;<\/li>\n\n\n\n<li>Proibi\u00e7\u00e3o do retrocesso (efeito cliquet);<\/li>\n\n\n\n<li>Efic\u00e1cia horizontal.<\/li>\n<\/ul>\n\n\n\n<p>Animados?<\/p>\n\n\n\n<p>Vamos l\u00e1.<\/p>\n\n\n\n<h2 class=\"wp-block-heading\" id=\"h-caracteristicas-dos-direitos-humanos\"><span id=\"caracteristicas-dos-direitos-humanos\">Caracter\u00edsticas dos Direitos Humanos<\/span><\/h2>\n\n\n\n<p>A import\u00e2ncia crescente dos Direitos Humanos no Direito Internacional P\u00fablico, impulsionada por tratados internacionais, possibilita <strong>identificar caracter\u00edsticas fundamentais <\/strong>nesse campo.<\/p>\n\n\n\n<p>Entender essas caracter\u00edsticas \u00e9 <strong>importante para avaliar como os Direitos Humanos s\u00e3o protegidos globalmente<\/strong> e como isso <strong>afeta as leis do Brasil.<\/strong><\/p>\n\n\n\n<h3 class=\"wp-block-heading\" id=\"h-superioridade-normativa-e-norma-jus-cogens\"><span id=\"superioridade-normativa-e-norma-jus-cogens\">Superioridade Normativa (e norma <em>jus cogens<\/em>)<\/span><\/h3>\n\n\n\n<p>Os tratados internacionais de Direitos Humanos no Brasil t\u00eam o mesmo status que as normas constitucionais, refletindo sua import\u00e2ncia. Internacionalmente, os Direitos Humanos s\u00e3o considerados normas imperativas (<em>jus cogens<\/em>), fundamentais para a comunidade global, superiores a outras normas internacionais.<\/p>\n\n\n\n<p>Isso significa que as <strong>normas<\/strong> de Direitos Humanos:<\/p>\n\n\n\n<ul class=\"wp-block-list\">\n<li><strong>N\u00e3o<\/strong> podem ser <strong>alteradas por um \u00fanico Estado<\/strong>.<\/li>\n\n\n\n<li>S\u00f3 podem ser <strong>modificadas por outra norma jus cogens<\/strong>, elaborada pelas mesmas partes.<\/li>\n<\/ul>\n\n\n\n<p>Portanto!<\/p>\n\n\n\n<p>Tratados e conven\u00e7\u00f5es internacionais de direitos humanos s\u00e3o <strong>normas jus cogens.<\/strong><\/p>\n\n\n\n<p>Em caso de descumprimento, as <strong>san\u00e7\u00f5es<\/strong> previstas no tratado devem ser <strong>aplicadas<\/strong>.<\/p>\n\n\n\n<p>Mesmo Estados que <strong>n\u00e3o aderiram a tratados internacionais de direitos humanos<\/strong> podem ser <strong>responsabilizados<\/strong> por <strong>viola\u00e7\u00f5es graves<\/strong>, devido ao <strong>car\u00e1ter jus cogens<\/strong> dessas normas.<\/p>\n\n\n\n<p>Mecanismos n\u00e3o convencionais podem ser utilizados para exigir o cumprimento das normas jus cogens em tais casos.<\/p>\n\n\n\n<h3 class=\"wp-block-heading\" id=\"h-historicidade-caracteristicas-dos-direitos-humanos\"><span id=\"historicidade-caracteristicas-dos-direitos-humanos\">Historicidade &#8211; Caracter\u00edsticas dos Direitos Humanos<\/span><\/h3>\n\n\n\n<p>Os Direitos Humanos t\u00eam uma origem hist\u00f3rica, evoluindo ao longo do tempo atrav\u00e9s de eventos como a Revolu\u00e7\u00e3o Francesa e as Guerras Mundiais, refletindo as lutas da sociedade pela dignidade humana.<\/p>\n\n\n\n<p>Eles s\u00e3o divididos em dimens\u00f5es ou gera\u00e7\u00f5es, cada uma surgindo em um contexto hist\u00f3rico espec\u00edfico para atender \u00e0s necessidades da \u00e9poca.<\/p>\n\n\n\n<p>A rela\u00e7\u00e3o entre <strong>Direito Natural e Direitos Humanos<\/strong> levanta quest\u00f5es, pois o <strong>primeiro<\/strong> \u00e9 baseado em <strong>normas universais e imut\u00e1veis,<\/strong> enquanto os <strong>Direitos Humanos s\u00e3o din\u00e2micos e em constante evolu\u00e7\u00e3o.<\/strong><\/p>\n\n\n\n<p>Ao <strong>Direito Natural<\/strong> incluem sua <strong>rigidez e atemporalidade<\/strong>, contrastando com <strong>a natureza em evolu\u00e7\u00e3o<\/strong> dos <strong>Direitos Humanos.<\/strong><\/p>\n\n\n\n<h3 class=\"wp-block-heading\" id=\"h-universalidade-caracteristicas-dos-direitos-humanos\"><span id=\"universalidade-caracteristicas-dos-direitos-humanos\">Universalidade &#8211; Caracter\u00edsticas dos Direitos Humanos<\/span><\/h3>\n\n\n\n<p>O debate sobre a <strong>universalidade dos Direitos Humanos<\/strong> gira em torno da \u00e1rdua tarefa de encontrar interpreta\u00e7\u00f5es comuns para temas sens\u00edveis e multifacetados. Essa busca por um <strong>consenso global<\/strong> se torna ainda mais complexa quando levamos em conta a rica <strong>diversidade cultural e social<\/strong> presente no mundo.<\/p>\n\n\n\n<p><strong>Duas correntes<\/strong> se destacam nesse debate:<\/p>\n\n\n\n<p><strong>Universalistas:<\/strong><\/p>\n\n\n\n<ul class=\"wp-block-list\">\n<li>Defendem que os <strong>Direitos Humanos s\u00e3o universais<\/strong> e se aplicam a <strong>todas as pessoas<\/strong>, <strong>independentemente<\/strong> de suas <strong>caracter\u00edsticas, cultura ou localiza\u00e7\u00e3o.<\/strong><\/li>\n\n\n\n<li>Argumentam que a <strong>Declara\u00e7\u00e3o Universal dos Direitos Humanos<\/strong> \u00e9 um <strong>exemplo da aplica\u00e7\u00e3o universal desses direitos.<\/strong><\/li>\n<\/ul>\n\n\n\n<p><strong>Relativistas:<\/strong><\/p>\n\n\n\n<ul class=\"wp-block-list\">\n<li>Afirmam que os <strong>valores e costumes variam entre as culturas<\/strong> e que os <strong>Direitos Humanos<\/strong> devem ser <strong>interpretados de acordo com o contexto cultural de cada pa\u00eds<\/strong>.<\/li>\n\n\n\n<li><strong>Criticam<\/strong> a <strong>vis\u00e3o universalista<\/strong> como uma <strong>imposi\u00e7\u00e3o dos valores ocidentais.<\/strong><\/li>\n<\/ul>\n\n\n\n<h3 class=\"wp-block-heading\" id=\"h-relatividade-caracteristicas-dos-direitos-humanos\"><span id=\"relatividade-caracteristicas-dos-direitos-humanos\">Relatividade &#8211; Caracter\u00edsticas dos Direitos Humanos<\/span><\/h3>\n\n\n\n<p>O princ\u00edpio da relatividade reconhece que os <strong>Direitos Humanos<\/strong> operam em <strong>conjunto com outros valores e princ\u00edpios<\/strong> dentro de uma <strong>ordem jur\u00eddica espec\u00edfica<\/strong>. Em certas <strong>situa\u00e7\u00f5es excepcionais<\/strong>, um <strong>direito humano pode ser limitado<\/strong> para <strong>proteger outro valor fundamental.<\/strong><\/p>\n\n\n\n<p><strong>Norberto Bobbio<\/strong> identifica <strong>dois direitos humanos como absolutos<\/strong>: a <strong>proibi\u00e7\u00e3o da tortura e da escravid\u00e3o<\/strong>, que <strong>n\u00e3o podem ser relativizados <\/strong>devido ao seu car\u00e1ter inegavelmente desumano e prejudicial \u00e0 sociedade.<\/p>\n\n\n\n<p>A <strong>tortura e a escravid\u00e3o<\/strong> causam <strong>sofrimento extremo e violam a dignidade humana<\/strong>, al\u00e9m de perpetuarem injusti\u00e7as e desigualdades.<\/p>\n\n\n\n<p>Quando h\u00e1 necessidade de <strong>limitar direitos humanos<\/strong>, \u00e9 importante <strong>aplicar os princ\u00edpios da pondera\u00e7\u00e3o<\/strong> e <strong>proporcionalidade<\/strong>, garantindo que as <strong>restri\u00e7\u00f5es sejam m\u00ednimas e justificadas<\/strong> por raz\u00f5es <strong>leg\u00edtimas<\/strong>.<\/p>\n\n\n\n<h3 class=\"wp-block-heading\" id=\"h-irrenunciabilidade-caracteristicas-dos-direitos-humanos\"><span id=\"irrenunciabilidade-caracteristicas-dos-direitos-humanos\">Irrenunciabilidade &#8211; Caracter\u00edsticas dos Direitos Humanos<\/span><\/h3>\n\n\n\n<p>A <strong>irrenunciabilidade<\/strong> da dignidade humana significa que ela <strong>n\u00e3o pode ser renunciada<\/strong> ou <strong>alienada pelo indiv\u00edduo<\/strong>. Essa caracter\u00edstica decorre da <strong>natureza inderrog\u00e1vel<\/strong> da <strong>pr\u00f3pria dignidade<\/strong>, que se configura como um <strong>direito fundamental e inalien\u00e1vel.<\/strong><\/p>\n\n\n\n<p>Consequ\u00eancias da Irrenunciabilidade:<\/p>\n\n\n\n<ul class=\"wp-block-list\">\n<li><strong>Nulidade de Ren\u00fancias<\/strong>: Qualquer ren\u00fancia a um <strong>direito fundamental<\/strong>, sob a alega\u00e7\u00e3o de que se trata de um <strong>direito dispon\u00edvel<\/strong>, \u00e9 considerada <strong>nula<\/strong> e sem efeito jur\u00eddico.<\/li>\n\n\n\n<li><strong>Prote\u00e7\u00e3o Estatal:<\/strong> O Estado tem o <strong>dever de proteger<\/strong> a <strong>dignidade humana<\/strong> de todos os indiv\u00edduos, inclusive daqueles que <strong>tentam renunciar a seus pr\u00f3prios direitos<\/strong>.<\/li>\n<\/ul>\n\n\n\n<h3 class=\"wp-block-heading\" id=\"h-inalienabilidade\"><span id=\"inalienabilidade\">Inalienabilidade<\/span><\/h3>\n\n\n\n<p>Os <strong>Direitos Humanos s\u00e3o inerentes \u00e0 pessoa humana e n\u00e3o podem ser alienados<\/strong>, ou seja, o <strong>indiv\u00edduo n\u00e3o pode renunciar a eles. <\/strong>Essa caracter\u00edstica \u00e9 fundamental para garantir a prote\u00e7\u00e3o da dignidade humana e evitar a explora\u00e7\u00e3o e o abuso dos mais vulner\u00e1veis.<\/p>\n\n\n\n<h3 class=\"wp-block-heading\" id=\"h-imprescritibilidade\"><span id=\"imprescritibilidade\">Imprescritibilidade<\/span><\/h3>\n\n\n\n<p>Os Direitos Humanos s\u00e3o <strong>imprescrit\u00edveis<\/strong>, o que significa que sua prote\u00e7\u00e3o \u00e9 <strong>cont\u00ednua<\/strong> ao <strong>longo da vida<\/strong> da pessoa, <strong>mesmo ap\u00f3s sua morte.<\/strong><\/p>\n\n\n\n<p>A imprescritibilidade <strong>garante<\/strong> que as <strong>v\u00edtimas de viola\u00e7\u00f5es possam buscar justi\u00e7a<\/strong>, preservando a <strong>mem\u00f3ria das viola\u00e7\u00f5es<\/strong> e combatendo a impunidade. Isso reconhece a <strong>gravidade das viola\u00e7\u00f5es<\/strong> e oferece acesso \u00e0 justi\u00e7a por quanto tempo for necess\u00e1rio.<\/p>\n\n\n\n<p>Se liga!!! \u00c9 importante <strong>distinguir<\/strong> entre a <strong>imprescritibilidade<\/strong> do <strong>direito \u00e0 repara\u00e7\u00e3o<\/strong> e a <strong>prescritibilidade<\/strong> da <strong>a\u00e7\u00e3o judicial<\/strong>.<\/p>\n\n\n\n<h3 class=\"wp-block-heading\" id=\"h-interdependencia-ou-complementaridade\"><span id=\"interdependencia-ou-complementaridade\">Interdepend\u00eancia (ou complementaridade)<\/span><\/h3>\n\n\n\n<p>Os Direitos Humanos <strong>operam de forma interligada<\/strong>, reconhecendo que sua <strong>realiza\u00e7\u00e3o depende uns dos outros<\/strong>. Por exemplo, a <strong>liberdade de associa\u00e7\u00e3o no trabalho depende da liberdade de associa\u00e7\u00e3o gen\u00e9rica<\/strong>. Essa <strong>interdepend\u00eancia e complementaridade<\/strong> formam um <strong>corpo \u00fanico de direitos<\/strong>, onde todos s\u00e3o <strong>igualmente importantes<\/strong> e devem ser <strong>protegidos e promovidos em conjunto.<\/strong><\/p>\n\n\n\n<p>Isso garante uma <strong>prote\u00e7\u00e3o abrangente e coerente dos indiv\u00edduos<\/strong>, fortalecendo a dignidade humana e contribuindo para uma sociedade mais justa e igualit\u00e1ria.<\/p>\n\n\n\n<h3 class=\"wp-block-heading\" id=\"h-carater-erga-omnes-caracteristicas-dos-direitos-humanos\"><span id=\"carater-erga-omnes-caracteristicas-dos-direitos-humanos\">Car\u00e1ter <em>erga omnes<\/em> &#8211; Caracter\u00edsticas dos Direitos Humanos<\/span><\/h3>\n\n\n\n<p>Os Direitos Humanos <strong>s\u00e3o aplic\u00e1veis a todas as pessoas<\/strong>, Estados e organiza\u00e7\u00f5es internacionais, o que significa que <strong>ningu\u00e9m est\u00e1 acima da lei e todos devem respeit\u00e1-los.<\/strong><\/p>\n\n\n\n<p>Isso se baseia no interesse da comunidade internacional em garantir o respeito aos Direitos Humanos para prevenir conflitos e proteger a dignidade humana. A <strong>oponibilidade<\/strong> dos Direitos Humanos combate \u00e0 discrimina\u00e7\u00e3o e a impunidade, assegurando tratamento justo e igual para todos.<\/p>\n\n\n\n<p>Essa oponibilidade se manifesta em <strong>duas facetas principais<\/strong>: o <strong>interesse da comunidade internacional<\/strong> e a <strong>aplica\u00e7\u00e3o universal dos Direitos Humanos.<\/strong> <strong>Todos<\/strong>, independentemente de nacionalidade ou caracter\u00edsticas individuais, <strong>t\u00eam direitos humanos garantidos.<\/strong><\/p>\n\n\n\n<p><strong>Dica!<\/strong> <em>&#8220;Erga omnes&#8221;<\/em> significa que uma <strong>lei ou decis\u00e3o<\/strong> se <strong>aplica a todas as pessoas<\/strong> que est\u00e3o sob um <strong>determinado conjunto de regras legais.<\/strong><\/p>\n\n\n\n<h3 class=\"wp-block-heading\" id=\"h-exigibilidade\"><span id=\"exigibilidade\">Exigibilidade<\/span><\/h3>\n\n\n\n<p>A exigibilidade dos <strong>Direitos Humanos<\/strong> \u00e9 importante para <strong>torn\u00e1-los realidade<\/strong>, garantindo que n\u00e3o sejam apenas <strong>princ\u00edpios abstratos<\/strong>, mas sim <strong>normas aplic\u00e1veis na pr\u00e1tica<\/strong>. Isso envolve a busca pela <strong>efetividade dos direitos<\/strong>, sua <strong>implementa\u00e7\u00e3o concreta<\/strong> na vida das pessoas.<\/p>\n\n\n\n<p>Embora seja um <strong>desafio complexo<\/strong>, responsabilizar os Estados por viola\u00e7\u00f5es de direitos humanos \u00e9 poss\u00edvel atrav\u00e9s de diversos mecanismos, como <strong>tratados internacionais, organiza\u00e7\u00f5es internacionais e tribunais internacionais.<\/strong><\/p>\n\n\n\n<p>Essa busca pela <strong>efetividade<\/strong> \u00e9 um <strong>processo cont\u00ednuo<\/strong> que requer o <strong>envolvimento de governos, organiza\u00e7\u00f5es da sociedade civil e cidad\u00e3os,<\/strong> todos contribuindo para garantir que a dignidade humana seja respeitada.<\/p>\n\n\n\n<h3 class=\"wp-block-heading\" id=\"h-abertura-caracteristicas-dos-direitos-humanos\"><span id=\"abertura-caracteristicas-dos-direitos-humanos\">Abertura &#8211; Caracter\u00edsticas dos Direitos Humanos<\/span><\/h3>\n\n\n\n<p>Os Direitos Humanos s\u00e3o uma estrutura em <strong>evolu\u00e7\u00e3o constante<\/strong>, diferentemente de uma lista est\u00e1tica. Essa &#8220;estrutura aberta&#8221; permite o <strong>reconhecimento de novos direitos<\/strong> \u00e0 medida que as necessidades da <strong>sociedade mudam<\/strong>, com a <strong>dignidade humana como pilar fundamental<\/strong> para determinar se um direito pode ser considerado humano.<\/p>\n\n\n\n<h3 class=\"wp-block-heading\" id=\"h-aplicabilidade-imediata-efetividade\"><span id=\"aplicabilidade-imediata-efetividade\">Aplicabilidade imediata (efetividade)<\/span><\/h3>\n\n\n\n<p>Os Direitos Humanos s\u00e3o <strong>vigentes e exig\u00edveis<\/strong> desde sua <strong>positiva\u00e7\u00e3o<\/strong>, <strong>sem depender<\/strong> de <strong>leis adicionais<\/strong>. Essa <strong>aplicabilidade imediata<\/strong>, classificada como <strong>efic\u00e1cia plena no Direito Constitucional<\/strong>, permite que sejam exercidos e cobrados imediatamente, garantindo uma <strong>prote\u00e7\u00e3o eficaz<\/strong>, <strong>combate \u00e0 impunidade e promo\u00e7\u00e3o da dignidade humana<\/strong>.<\/p>\n\n\n\n<p>A Constitui\u00e7\u00e3o Federal brasileira refor\u00e7a essa ideia ao estabelecer que as <strong>normas definidoras dos direitos fundamentais<\/strong> s\u00e3o <strong>imediatamente exig\u00edveis<\/strong>.<\/p>\n\n\n\n<p>Por exemplo, ao ratificar um tratado internacional que reconhece o direito \u00e0 educa\u00e7\u00e3o gratuita, esse direito se torna imediatamente exig\u00edvel no pa\u00eds, mesmo sem uma lei espec\u00edfica.<\/p>\n\n\n\n<h3 class=\"wp-block-heading\" id=\"h-dimensao-objetiva-caracteristicas-dos-direitos-humanos\"><span id=\"dimensao-objetiva-caracteristicas-dos-direitos-humanos\">Dimens\u00e3o objetiva &#8211; Caracter\u00edsticas dos Direitos Humanos<\/span><\/h3>\n\n\n\n<p>Para compreendermos a dimens\u00e3o objetiva dos direitos humanos, \u00e9 importante compar\u00e1-la com a dimens\u00e3o subjetiva.<\/p>\n\n\n\n<p>A <strong>dimens\u00e3o subjetiva<\/strong> foca nos <strong>direitos individuais<\/strong>, protegendo o <strong>indiv\u00edduo contra viola\u00e7\u00f5es<\/strong>. Enquanto isso, a <strong>dimens\u00e3o objetiva<\/strong> destaca a <strong>responsabilidade do Estado<\/strong> em promover e <strong>proteger os direitos humanos<\/strong> para o <strong>bem<\/strong> <strong>comum da sociedade<\/strong>.<\/p>\n\n\n\n<p>Essas dimens\u00f5es <strong>n\u00e3o s\u00e3o separadas<\/strong>, mas <strong>interligadas<\/strong>, sendo que <strong>a prote\u00e7\u00e3o individual<\/strong> depende <strong>do compromisso do Estado com os direitos humanos em toda a sociedade.<\/strong><\/p>\n\n\n\n<h3 class=\"wp-block-heading\" id=\"h-proibicao-do-retrocesso-efeito-cliquet\"><span id=\"proibicao-do-retrocesso-efeito-cliquet\">Proibi\u00e7\u00e3o do retrocesso (efeito <em>cliquet<\/em>)<\/span><\/h3>\n\n\n\n<p>Para <strong>garantir o progresso cont\u00ednuo dos Direitos Humanos<\/strong>, o princ\u00edpio da <strong>veda\u00e7\u00e3o ao retrocesso \u00e9 fundamental<\/strong>. Esse princ\u00edpio <strong>impede a supress\u00e3o de direitos j\u00e1 reconhecidos e consolidados ao longo da hist\u00f3ria<\/strong>, protegendo as conquistas da humanidade.<\/p>\n\n\n\n<h3 class=\"wp-block-heading\" id=\"h-eficacia-horizontal-caracteristicas-dos-direitos-humanos\"><span id=\"eficacia-horizontal-caracteristicas-dos-direitos-humanos\">Efic\u00e1cia horizontal &#8211; Caracter\u00edsticas dos Direitos Humanos<\/span><\/h3>\n\n\n\n<p>A efic\u00e1cia horizontal dos direitos humanos reconhece que esses direitos <strong>n\u00e3o se limitam \u00e0 esfera p\u00fablica<\/strong>, mas tamb\u00e9m <strong>se aplicam \u00e0s rela\u00e7\u00f5es entre pessoas e entidades privadas<\/strong>. Isso significa que os direitos humanos podem ser <strong>diretamente invocados e aplicados<\/strong> em casos de <strong>viola\u00e7\u00f5es por parte de empresas, organiza\u00e7\u00f5es ou indiv\u00edduos.<\/strong><\/p>\n\n\n\n<p>As dimens\u00f5es de <strong>absten\u00e7\u00e3o, presta\u00e7\u00e3o e promo\u00e7\u00e3o dos direitos humanos<\/strong> tamb\u00e9m se <strong>estendem \u00e0s rela\u00e7\u00f5es privadas.<\/strong> Essa evolu\u00e7\u00e3o da doutrina reconhece que <strong>o Estado tem o dever de fiscalizar o cumprimento desses direitos<\/strong> e <strong>intervir quando necess\u00e1rio<\/strong>.<\/p>\n\n\n\n<p>A efic\u00e1cia horizontal \u00e9 essencial para proteger os indiv\u00edduos de abusos, promover a justi\u00e7a e a igualdade, e fortalecer o Estado Democr\u00e1tico de Direito.<\/p>\n\n\n\n<h2 class=\"wp-block-heading\" id=\"h-conclusao-caracteristicas-dos-direitos-humanos\"><span id=\"conclusao-caracteristicas-dos-direitos-humanos\">Conclus\u00e3o &#8211; Caracter\u00edsticas dos Direitos Humanos<\/span><\/h2>\n\n\n\n<p>Chegamos ao final do nosso artigo sobre as Caracter\u00edsticas dos Direitos Humanos. Esperamos que as informa\u00e7\u00f5es aqui sejam \u00fateis para sua prepara\u00e7\u00e3o.<\/p>\n\n\n\n<p>Para uma prepara\u00e7\u00e3o completa, focada nas carreiras jur\u00eddicas, invista nos cursos do <a href=\"https:\/\/www.estrategiaconcursos.com.br\/assinaturas-ecj\/\">Estrat\u00e9gia Carreira Jur\u00eddica<strong>.<\/strong><\/a>L\u00e1 voc\u00ea encontrar\u00e1 aulas completas e detalhadas, com os melhores professores do mercado, de todos os t\u00f3picos exigidos no edital deste concurso.<\/p>\n\n\n\n<p>Bons estudos a todos e at\u00e9 a pr\u00f3xima!<\/p>\n\n\n\n<h3 class=\"wp-block-heading\" id=\"h-referencias-bibliograficas-caracteristicas-dos-direitos-humanos\"><span id=\"referencias-bibliograficas-caracteristicas-dos-direitos-humanos\">Refer\u00eancias Bibliogr\u00e1ficas &#8211; Caracter\u00edsticas dos Direitos Humanos<\/span><\/h3>\n\n\n\n<p>Direitos Humanos para Concursos &#8211; Curso Regular &#8211; 2023<\/p>\n\n\n\n<h2 class=\"wp-block-heading has-text-align-center\" id=\"cursos\"><span id=\"quer-saber-tudo-sobre-concursos-previstos-confira-nossos-artigos\">Quer saber tudo sobre concursos previstos? <br>Confira nossos artigos!<\/span><\/h2>\n\n\n\n<ul class=\"wp-block-list\">\n<li><a href=\"https:\/\/cj.estrategia.com\/portal\/concursos-abertos-carreiras-juridicas\/\" target=\"_blank\" >Concursos jur\u00eddicos abertos<\/a> <\/li>\n\n\n\n<li><a href=\"https:\/\/cj.estrategia.com\/portal\/concursos-2024-carreiras-juridicas\/\" target=\"_blank\" >Concursos jur\u00eddicos 2024<\/a><\/li>\n\n\n\n<li><\/li>\n<\/ul>\n","protected":false},"excerpt":{"rendered":"Confira neste artigo um resumo sobre as Caracter\u00edsticas dos Direitos Humanos. Ol\u00e1, amigos. Tudo bom? Espero que sim.&hellip;\n","protected":false},"author":44,"featured_media":59319,"comment_status":"open","ping_status":"open","sticky":false,"template":"","format":"standard","meta":{"_jetpack_memberships_contains_paid_content":false,"footnotes":""},"categories":[1,27,28,26,25],"tags":[],"tax_estado":[30,31,32,33,34,35,36,37,38,39,40,41,42,43,44,45,46,47,48,49,50,51,52,53,54,55,56,57],"class_list":{"0":"post-59315","1":"post","2":"type-post","3":"status-publish","4":"format-standard","5":"has-post-thumbnail","7":"category-carreiras-juridicas","8":"category-defensoria","9":"category-delegado","10":"category-magistratura","11":"category-promotoria","12":"tax_estado-ac","13":"tax_estado-al","14":"tax_estado-am","15":"tax_estado-ap","16":"tax_estado-ba","17":"tax_estado-ce","18":"tax_estado-concursos-federais","19":"tax_estado-df","20":"tax_estado-es","21":"tax_estado-go","22":"tax_estado-ma","23":"tax_estado-mg","24":"tax_estado-ms","25":"tax_estado-mt","26":"tax_estado-pa","27":"tax_estado-pb","28":"tax_estado-pe","29":"tax_estado-pi","30":"tax_estado-pr","31":"tax_estado-rj","32":"tax_estado-rn","33":"tax_estado-ro","34":"tax_estado-rr","35":"tax_estado-rs","36":"tax_estado-sc","37":"tax_estado-se","38":"tax_estado-sp","39":"tax_estado-to"},"acf":[],"yoast_head":"<!-- This site is optimized with the Yoast SEO Premium plugin v27.4 (Yoast SEO v27.4) - https:\/\/yoast.com\/product\/yoast-seo-premium-wordpress\/ -->\n<title>Caracter\u00edsticas dos Direitos Humanos<\/title>\n<meta name=\"description\" content=\"Confira neste artigo um resumo sobre o tema Caracter\u00edsticas dos Direitos Humanos, com foco em concursos jur\u00eddicos.\" \/>\n<meta name=\"robots\" content=\"index, follow, max-snippet:-1, max-image-preview:large, max-video-preview:-1\" \/>\n<link rel=\"canonical\" href=\"https:\/\/cj.estrategia.com\/portal\/caracteristicas-direitos-humanos-v2\/\" \/>\n<meta property=\"og:locale\" content=\"pt_BR\" \/>\n<meta property=\"og:type\" content=\"article\" \/>\n<meta property=\"og:title\" content=\"Caracter\u00edsticas dos Direitos Humanos\" \/>\n<meta property=\"og:description\" content=\"Confira neste artigo um resumo sobre o tema Caracter\u00edsticas dos Direitos Humanos, com foco em concursos jur\u00eddicos.\" \/>\n<meta property=\"og:url\" content=\"https:\/\/cj.estrategia.com\/portal\/caracteristicas-direitos-humanos-v2\/\" \/>\n<meta property=\"og:site_name\" content=\"Blog - Carreiras Jur\u00eddicas - Estrat\u00e9gia\" \/>\n<meta property=\"article:publisher\" content=\"https:\/\/www.facebook.com\/estrategiacarreirajuridica\/\" \/>\n<meta property=\"article:author\" content=\"https:\/\/www.facebook.com\/amarcelaneves\" \/>\n<meta property=\"article:published_time\" content=\"2024-04-06T17:00:00+00:00\" \/>\n<meta property=\"og:image\" content=\"https:\/\/cj.estrategia.com\/portal\/wp-content\/uploads\/2024\/03\/28135054\/Caracteristicas-dos-Direitos-Humanos.png\" \/>\n\t<meta property=\"og:image:width\" content=\"740\" \/>\n\t<meta property=\"og:image:height\" content=\"564\" \/>\n\t<meta property=\"og:image:type\" content=\"image\/png\" \/>\n<meta name=\"author\" content=\"Marcela Neves Suonski Daronch\" \/>\n<meta name=\"twitter:card\" content=\"summary_large_image\" \/>\n<meta name=\"twitter:creator\" content=\"@EstratJuridica\" \/>\n<meta name=\"twitter:site\" content=\"@EstratJuridica\" \/>\n<meta name=\"twitter:label1\" content=\"Escrito por\" \/>\n\t<meta name=\"twitter:data1\" content=\"Marcela Neves Suonski Daronch\" \/>\n\t<meta name=\"twitter:label2\" content=\"Est. tempo de leitura\" \/>\n\t<meta name=\"twitter:data2\" content=\"10 minutos\" \/>\n<script type=\"application\/ld+json\" class=\"yoast-schema-graph\">{\"@context\":\"https:\\\/\\\/schema.org\",\"@graph\":[{\"@type\":\"NewsArticle\",\"@id\":\"https:\\\/\\\/cj.estrategia.com\\\/portal\\\/caracteristicas-direitos-humanos-v2\\\/#article\",\"isPartOf\":{\"@id\":\"https:\\\/\\\/cj.estrategia.com\\\/portal\\\/caracteristicas-direitos-humanos-v2\\\/\"},\"author\":{\"name\":\"Marcela Neves Suonski Daronch\",\"@id\":\"https:\\\/\\\/cj.estrategia.com\\\/portal\\\/#\\\/schema\\\/person\\\/f52a354da476804d0d46daae7af1b848\"},\"headline\":\"Caracter\u00edsticas dos Direitos Humanos\",\"datePublished\":\"2024-04-06T17:00:00+00:00\",\"mainEntityOfPage\":{\"@id\":\"https:\\\/\\\/cj.estrategia.com\\\/portal\\\/caracteristicas-direitos-humanos-v2\\\/\"},\"wordCount\":1884,\"commentCount\":0,\"publisher\":{\"@id\":\"https:\\\/\\\/cj.estrategia.com\\\/portal\\\/#organization\"},\"image\":{\"@id\":\"https:\\\/\\\/cj.estrategia.com\\\/portal\\\/caracteristicas-direitos-humanos-v2\\\/#primaryimage\"},\"thumbnailUrl\":\"https:\\\/\\\/cj.estrategia.com\\\/portal\\\/wp-content\\\/uploads\\\/2024\\\/03\\\/28135054\\\/Caracteristicas-dos-Direitos-Humanos.png\",\"articleSection\":[\"Carreiras Jur\u00eddicas\",\"Defensoria\",\"Delegado\",\"Magistratura\",\"Promotoria\"],\"inLanguage\":\"pt-BR\",\"potentialAction\":[{\"@type\":\"CommentAction\",\"name\":\"Comment\",\"target\":[\"https:\\\/\\\/cj.estrategia.com\\\/portal\\\/caracteristicas-direitos-humanos-v2\\\/#respond\"]}]},{\"@type\":\"WebPage\",\"@id\":\"https:\\\/\\\/cj.estrategia.com\\\/portal\\\/caracteristicas-direitos-humanos-v2\\\/\",\"url\":\"https:\\\/\\\/cj.estrategia.com\\\/portal\\\/caracteristicas-direitos-humanos-v2\\\/\",\"name\":\"Caracter\u00edsticas dos Direitos Humanos\",\"isPartOf\":{\"@id\":\"https:\\\/\\\/cj.estrategia.com\\\/portal\\\/#website\"},\"primaryImageOfPage\":{\"@id\":\"https:\\\/\\\/cj.estrategia.com\\\/portal\\\/caracteristicas-direitos-humanos-v2\\\/#primaryimage\"},\"image\":{\"@id\":\"https:\\\/\\\/cj.estrategia.com\\\/portal\\\/caracteristicas-direitos-humanos-v2\\\/#primaryimage\"},\"thumbnailUrl\":\"https:\\\/\\\/cj.estrategia.com\\\/portal\\\/wp-content\\\/uploads\\\/2024\\\/03\\\/28135054\\\/Caracteristicas-dos-Direitos-Humanos.png\",\"datePublished\":\"2024-04-06T17:00:00+00:00\",\"description\":\"Confira neste artigo um resumo sobre o tema Caracter\u00edsticas dos Direitos Humanos, com foco em concursos jur\u00eddicos.\",\"breadcrumb\":{\"@id\":\"https:\\\/\\\/cj.estrategia.com\\\/portal\\\/caracteristicas-direitos-humanos-v2\\\/#breadcrumb\"},\"inLanguage\":\"pt-BR\",\"potentialAction\":[{\"@type\":\"ReadAction\",\"target\":[\"https:\\\/\\\/cj.estrategia.com\\\/portal\\\/caracteristicas-direitos-humanos-v2\\\/\"]}]},{\"@type\":\"ImageObject\",\"inLanguage\":\"pt-BR\",\"@id\":\"https:\\\/\\\/cj.estrategia.com\\\/portal\\\/caracteristicas-direitos-humanos-v2\\\/#primaryimage\",\"url\":\"https:\\\/\\\/cj.estrategia.com\\\/portal\\\/wp-content\\\/uploads\\\/2024\\\/03\\\/28135054\\\/Caracteristicas-dos-Direitos-Humanos.png\",\"contentUrl\":\"https:\\\/\\\/cj.estrategia.com\\\/portal\\\/wp-content\\\/uploads\\\/2024\\\/03\\\/28135054\\\/Caracteristicas-dos-Direitos-Humanos.png\",\"width\":740,\"height\":564},{\"@type\":\"BreadcrumbList\",\"@id\":\"https:\\\/\\\/cj.estrategia.com\\\/portal\\\/caracteristicas-direitos-humanos-v2\\\/#breadcrumb\",\"itemListElement\":[{\"@type\":\"ListItem\",\"position\":1,\"name\":\"In\u00edcio\",\"item\":\"https:\\\/\\\/cj.estrategia.com\\\/portal\\\/\"},{\"@type\":\"ListItem\",\"position\":2,\"name\":\"Caracter\u00edsticas dos Direitos Humanos\"}]},{\"@type\":\"WebSite\",\"@id\":\"https:\\\/\\\/cj.estrategia.com\\\/portal\\\/#website\",\"url\":\"https:\\\/\\\/cj.estrategia.com\\\/portal\\\/\",\"name\":\"Blog - Carreiras Jur\u00eddicas - Estrat\u00e9gia\",\"description\":\"\",\"publisher\":{\"@id\":\"https:\\\/\\\/cj.estrategia.com\\\/portal\\\/#organization\"},\"potentialAction\":[{\"@type\":\"SearchAction\",\"target\":{\"@type\":\"EntryPoint\",\"urlTemplate\":\"https:\\\/\\\/cj.estrategia.com\\\/portal\\\/?s={search_term_string}\"},\"query-input\":{\"@type\":\"PropertyValueSpecification\",\"valueRequired\":true,\"valueName\":\"search_term_string\"}}],\"inLanguage\":\"pt-BR\"},{\"@type\":\"Organization\",\"@id\":\"https:\\\/\\\/cj.estrategia.com\\\/portal\\\/#organization\",\"name\":\"Estrat\u00e9gia - Carreiras Jur\u00eddicas\",\"url\":\"https:\\\/\\\/cj.estrategia.com\\\/portal\\\/\",\"logo\":{\"@type\":\"ImageObject\",\"inLanguage\":\"pt-BR\",\"@id\":\"https:\\\/\\\/cj.estrategia.com\\\/portal\\\/#\\\/schema\\\/logo\\\/image\\\/\",\"url\":\"https:\\\/\\\/cj.estrategia.com\\\/portal\\\/wp-content\\\/uploads\\\/2022\\\/03\\\/11151052\\\/cj-logo.png\",\"contentUrl\":\"https:\\\/\\\/cj.estrategia.com\\\/portal\\\/wp-content\\\/uploads\\\/2022\\\/03\\\/11151052\\\/cj-logo.png\",\"width\":150,\"height\":39,\"caption\":\"Estrat\u00e9gia - Carreiras Jur\u00eddicas\"},\"image\":{\"@id\":\"https:\\\/\\\/cj.estrategia.com\\\/portal\\\/#\\\/schema\\\/logo\\\/image\\\/\"},\"sameAs\":[\"https:\\\/\\\/www.facebook.com\\\/estrategiacarreirajuridica\\\/\",\"https:\\\/\\\/x.com\\\/EstratJuridica\",\"https:\\\/\\\/www.instagram.com\\\/estrategiacarreirajuridica\\\/\",\"https:\\\/\\\/www.youtube.com\\\/channel\\\/UClbMGuYbj2Mh1m3w144ETWQ\"]},{\"@type\":\"Person\",\"@id\":\"https:\\\/\\\/cj.estrategia.com\\\/portal\\\/#\\\/schema\\\/person\\\/f52a354da476804d0d46daae7af1b848\",\"name\":\"Marcela Neves Suonski Daronch\",\"image\":{\"@type\":\"ImageObject\",\"inLanguage\":\"pt-BR\",\"@id\":\"https:\\\/\\\/cj.estrategia.com\\\/portal\\\/wp-content\\\/uploads\\\/2023\\\/06\\\/14185716\\\/Marcela-2-96x96.jpg\",\"url\":\"https:\\\/\\\/cj.estrategia.com\\\/portal\\\/wp-content\\\/uploads\\\/2023\\\/06\\\/14185716\\\/Marcela-2-96x96.jpg\",\"contentUrl\":\"https:\\\/\\\/cj.estrategia.com\\\/portal\\\/wp-content\\\/uploads\\\/2023\\\/06\\\/14185716\\\/Marcela-2-96x96.jpg\",\"caption\":\"Marcela Neves Suonski Daronch\"},\"description\":\"Graduada em Direito. P\u00f3s-graduada em Investiga\u00e7\u00e3o Criminal e Legisla\u00e7\u00e3o Penal. P\u00f3s-graduada em Criminal\u00edstica, Cybercrimes e o Papel da Pol\u00edcia Judici\u00e1ria. P\u00f3s-graduanda em Direito P\u00fablico. P\u00f3s-Graduanda em Intelig\u00eancia Emocional e Psicologia Positiva. Aprovada no XXIX Exame da Ordem dos Advogados do Brasil (OAB). Aprovada e convocada para o Curso de Forma\u00e7\u00e3o Profissional do DEAP SC em 20\u00ba lugar (2019). Aprovada para o cargo de Escriv\u00e3o da PC MG (2021). Aprovada na fase objetiva do concurso de Delegado da PC SP (2023). Integra a equipe de Coaches do Estrat\u00e9gia Concursos desde 2020. Escritora de artigos para o blog do Estrat\u00e9gia concursos e Professora dos Bizus Estrat\u00e9gicos.\",\"sameAs\":[\"https:\\\/\\\/www.facebook.com\\\/amarcelaneves\",\"https:\\\/\\\/www.instagram.com\\\/amarcelaneves\",\"https:\\\/\\\/www.youtube.com\\\/@amarcelaneves\"],\"birthDate\":\"1996-08-05\",\"gender\":\"feminino\",\"knowsLanguage\":[\"Ingl\u00eas\"],\"url\":\"https:\\\/\\\/cj.estrategia.com\\\/portal\\\/author\\\/marcela-nevessuonski\\\/\"}]}<\/script>\n<!-- \/ Yoast SEO Premium plugin. -->","yoast_head_json":{"title":"Caracter\u00edsticas dos Direitos Humanos","description":"Confira neste artigo um resumo sobre o tema Caracter\u00edsticas dos Direitos Humanos, com foco em concursos jur\u00eddicos.","robots":{"index":"index","follow":"follow","max-snippet":"max-snippet:-1","max-image-preview":"max-image-preview:large","max-video-preview":"max-video-preview:-1"},"canonical":"https:\/\/cj.estrategia.com\/portal\/caracteristicas-direitos-humanos-v2\/","og_locale":"pt_BR","og_type":"article","og_title":"Caracter\u00edsticas dos Direitos Humanos","og_description":"Confira neste artigo um resumo sobre o tema Caracter\u00edsticas dos Direitos Humanos, com foco em concursos jur\u00eddicos.","og_url":"https:\/\/cj.estrategia.com\/portal\/caracteristicas-direitos-humanos-v2\/","og_site_name":"Blog - Carreiras Jur\u00eddicas - Estrat\u00e9gia","article_publisher":"https:\/\/www.facebook.com\/estrategiacarreirajuridica\/","article_author":"https:\/\/www.facebook.com\/amarcelaneves","article_published_time":"2024-04-06T17:00:00+00:00","og_image":[{"width":740,"height":564,"url":"https:\/\/cj.estrategia.com\/portal\/wp-content\/uploads\/2024\/03\/28135054\/Caracteristicas-dos-Direitos-Humanos.png","type":"image\/png"}],"author":"Marcela Neves Suonski Daronch","twitter_card":"summary_large_image","twitter_creator":"@EstratJuridica","twitter_site":"@EstratJuridica","twitter_misc":{"Escrito por":"Marcela Neves Suonski Daronch","Est. tempo de leitura":"10 minutos"},"schema":{"@context":"https:\/\/schema.org","@graph":[{"@type":"NewsArticle","@id":"https:\/\/cj.estrategia.com\/portal\/caracteristicas-direitos-humanos-v2\/#article","isPartOf":{"@id":"https:\/\/cj.estrategia.com\/portal\/caracteristicas-direitos-humanos-v2\/"},"author":{"name":"Marcela Neves Suonski Daronch","@id":"https:\/\/cj.estrategia.com\/portal\/#\/schema\/person\/f52a354da476804d0d46daae7af1b848"},"headline":"Caracter\u00edsticas dos Direitos Humanos","datePublished":"2024-04-06T17:00:00+00:00","mainEntityOfPage":{"@id":"https:\/\/cj.estrategia.com\/portal\/caracteristicas-direitos-humanos-v2\/"},"wordCount":1884,"commentCount":0,"publisher":{"@id":"https:\/\/cj.estrategia.com\/portal\/#organization"},"image":{"@id":"https:\/\/cj.estrategia.com\/portal\/caracteristicas-direitos-humanos-v2\/#primaryimage"},"thumbnailUrl":"https:\/\/cj.estrategia.com\/portal\/wp-content\/uploads\/2024\/03\/28135054\/Caracteristicas-dos-Direitos-Humanos.png","articleSection":["Carreiras Jur\u00eddicas","Defensoria","Delegado","Magistratura","Promotoria"],"inLanguage":"pt-BR","potentialAction":[{"@type":"CommentAction","name":"Comment","target":["https:\/\/cj.estrategia.com\/portal\/caracteristicas-direitos-humanos-v2\/#respond"]}]},{"@type":"WebPage","@id":"https:\/\/cj.estrategia.com\/portal\/caracteristicas-direitos-humanos-v2\/","url":"https:\/\/cj.estrategia.com\/portal\/caracteristicas-direitos-humanos-v2\/","name":"Caracter\u00edsticas dos Direitos Humanos","isPartOf":{"@id":"https:\/\/cj.estrategia.com\/portal\/#website"},"primaryImageOfPage":{"@id":"https:\/\/cj.estrategia.com\/portal\/caracteristicas-direitos-humanos-v2\/#primaryimage"},"image":{"@id":"https:\/\/cj.estrategia.com\/portal\/caracteristicas-direitos-humanos-v2\/#primaryimage"},"thumbnailUrl":"https:\/\/cj.estrategia.com\/portal\/wp-content\/uploads\/2024\/03\/28135054\/Caracteristicas-dos-Direitos-Humanos.png","datePublished":"2024-04-06T17:00:00+00:00","description":"Confira neste artigo um resumo sobre o tema Caracter\u00edsticas dos Direitos Humanos, com foco em concursos jur\u00eddicos.","breadcrumb":{"@id":"https:\/\/cj.estrategia.com\/portal\/caracteristicas-direitos-humanos-v2\/#breadcrumb"},"inLanguage":"pt-BR","potentialAction":[{"@type":"ReadAction","target":["https:\/\/cj.estrategia.com\/portal\/caracteristicas-direitos-humanos-v2\/"]}]},{"@type":"ImageObject","inLanguage":"pt-BR","@id":"https:\/\/cj.estrategia.com\/portal\/caracteristicas-direitos-humanos-v2\/#primaryimage","url":"https:\/\/cj.estrategia.com\/portal\/wp-content\/uploads\/2024\/03\/28135054\/Caracteristicas-dos-Direitos-Humanos.png","contentUrl":"https:\/\/cj.estrategia.com\/portal\/wp-content\/uploads\/2024\/03\/28135054\/Caracteristicas-dos-Direitos-Humanos.png","width":740,"height":564},{"@type":"BreadcrumbList","@id":"https:\/\/cj.estrategia.com\/portal\/caracteristicas-direitos-humanos-v2\/#breadcrumb","itemListElement":[{"@type":"ListItem","position":1,"name":"In\u00edcio","item":"https:\/\/cj.estrategia.com\/portal\/"},{"@type":"ListItem","position":2,"name":"Caracter\u00edsticas dos Direitos Humanos"}]},{"@type":"WebSite","@id":"https:\/\/cj.estrategia.com\/portal\/#website","url":"https:\/\/cj.estrategia.com\/portal\/","name":"Blog - Carreiras Jur\u00eddicas - Estrat\u00e9gia","description":"","publisher":{"@id":"https:\/\/cj.estrategia.com\/portal\/#organization"},"potentialAction":[{"@type":"SearchAction","target":{"@type":"EntryPoint","urlTemplate":"https:\/\/cj.estrategia.com\/portal\/?s={search_term_string}"},"query-input":{"@type":"PropertyValueSpecification","valueRequired":true,"valueName":"search_term_string"}}],"inLanguage":"pt-BR"},{"@type":"Organization","@id":"https:\/\/cj.estrategia.com\/portal\/#organization","name":"Estrat\u00e9gia - Carreiras Jur\u00eddicas","url":"https:\/\/cj.estrategia.com\/portal\/","logo":{"@type":"ImageObject","inLanguage":"pt-BR","@id":"https:\/\/cj.estrategia.com\/portal\/#\/schema\/logo\/image\/","url":"https:\/\/cj.estrategia.com\/portal\/wp-content\/uploads\/2022\/03\/11151052\/cj-logo.png","contentUrl":"https:\/\/cj.estrategia.com\/portal\/wp-content\/uploads\/2022\/03\/11151052\/cj-logo.png","width":150,"height":39,"caption":"Estrat\u00e9gia - Carreiras Jur\u00eddicas"},"image":{"@id":"https:\/\/cj.estrategia.com\/portal\/#\/schema\/logo\/image\/"},"sameAs":["https:\/\/www.facebook.com\/estrategiacarreirajuridica\/","https:\/\/x.com\/EstratJuridica","https:\/\/www.instagram.com\/estrategiacarreirajuridica\/","https:\/\/www.youtube.com\/channel\/UClbMGuYbj2Mh1m3w144ETWQ"]},{"@type":"Person","@id":"https:\/\/cj.estrategia.com\/portal\/#\/schema\/person\/f52a354da476804d0d46daae7af1b848","name":"Marcela Neves Suonski Daronch","image":{"@type":"ImageObject","inLanguage":"pt-BR","@id":"https:\/\/cj.estrategia.com\/portal\/wp-content\/uploads\/2023\/06\/14185716\/Marcela-2-96x96.jpg","url":"https:\/\/cj.estrategia.com\/portal\/wp-content\/uploads\/2023\/06\/14185716\/Marcela-2-96x96.jpg","contentUrl":"https:\/\/cj.estrategia.com\/portal\/wp-content\/uploads\/2023\/06\/14185716\/Marcela-2-96x96.jpg","caption":"Marcela Neves Suonski Daronch"},"description":"Graduada em Direito. P\u00f3s-graduada em Investiga\u00e7\u00e3o Criminal e Legisla\u00e7\u00e3o Penal. P\u00f3s-graduada em Criminal\u00edstica, Cybercrimes e o Papel da Pol\u00edcia Judici\u00e1ria. P\u00f3s-graduanda em Direito P\u00fablico. P\u00f3s-Graduanda em Intelig\u00eancia Emocional e Psicologia Positiva. Aprovada no XXIX Exame da Ordem dos Advogados do Brasil (OAB). Aprovada e convocada para o Curso de Forma\u00e7\u00e3o Profissional do DEAP SC em 20\u00ba lugar (2019). Aprovada para o cargo de Escriv\u00e3o da PC MG (2021). Aprovada na fase objetiva do concurso de Delegado da PC SP (2023). Integra a equipe de Coaches do Estrat\u00e9gia Concursos desde 2020. Escritora de artigos para o blog do Estrat\u00e9gia concursos e Professora dos Bizus Estrat\u00e9gicos.","sameAs":["https:\/\/www.facebook.com\/amarcelaneves","https:\/\/www.instagram.com\/amarcelaneves","https:\/\/www.youtube.com\/@amarcelaneves"],"birthDate":"1996-08-05","gender":"feminino","knowsLanguage":["Ingl\u00eas"],"url":"https:\/\/cj.estrategia.com\/portal\/author\/marcela-nevessuonski\/"}]}},"jetpack_featured_media_url":"https:\/\/cj.estrategia.com\/portal\/wp-content\/uploads\/2024\/03\/28135054\/Caracteristicas-dos-Direitos-Humanos.png","jetpack_sharing_enabled":true,"_links":{"self":[{"href":"https:\/\/cj.estrategia.com\/portal\/wp-json\/wp\/v2\/posts\/59315","targetHints":{"allow":["GET"]}}],"collection":[{"href":"https:\/\/cj.estrategia.com\/portal\/wp-json\/wp\/v2\/posts"}],"about":[{"href":"https:\/\/cj.estrategia.com\/portal\/wp-json\/wp\/v2\/types\/post"}],"author":[{"embeddable":true,"href":"https:\/\/cj.estrategia.com\/portal\/wp-json\/wp\/v2\/users\/44"}],"replies":[{"embeddable":true,"href":"https:\/\/cj.estrategia.com\/portal\/wp-json\/wp\/v2\/comments?post=59315"}],"version-history":[{"count":6,"href":"https:\/\/cj.estrategia.com\/portal\/wp-json\/wp\/v2\/posts\/59315\/revisions"}],"predecessor-version":[{"id":59539,"href":"https:\/\/cj.estrategia.com\/portal\/wp-json\/wp\/v2\/posts\/59315\/revisions\/59539"}],"wp:featuredmedia":[{"embeddable":true,"href":"https:\/\/cj.estrategia.com\/portal\/wp-json\/wp\/v2\/media\/59319"}],"wp:attachment":[{"href":"https:\/\/cj.estrategia.com\/portal\/wp-json\/wp\/v2\/media?parent=59315"}],"wp:term":[{"taxonomy":"category","embeddable":true,"href":"https:\/\/cj.estrategia.com\/portal\/wp-json\/wp\/v2\/categories?post=59315"},{"taxonomy":"post_tag","embeddable":true,"href":"https:\/\/cj.estrategia.com\/portal\/wp-json\/wp\/v2\/tags?post=59315"},{"taxonomy":"tax_estado","embeddable":true,"href":"https:\/\/cj.estrategia.com\/portal\/wp-json\/wp\/v2\/tax_estado?post=59315"}],"curies":[{"name":"wp","href":"https:\/\/api.w.org\/{rel}","templated":true}]}}