{"id":5928,"date":"2022-12-27T19:09:00","date_gmt":"2022-12-27T22:09:00","guid":{"rendered":"https:\/\/cj.estrategia.com\/portal\/?p=5928"},"modified":"2025-09-17T09:46:30","modified_gmt":"2025-09-17T12:46:30","slug":"concurso-pgm-saquarema","status":"publish","type":"post","link":"https:\/\/cj.estrategia.com\/portal\/concurso-pgm-saquarema\/","title":{"rendered":"Concurso PGM Saquarema RJ: provas em fevereiro de 2023!"},"content":{"rendered":"\n<p>Aten\u00e7\u00e3o candidatos que est\u00e3o se preparando para o pr\u00f3ximo concurso da Procuradoria Geral Municipal de Saquarema, no estado do Rio de Janeiro, as inscri\u00e7\u00f5es para o <strong><a href=\"https:\/\/www.estrategiaconcursos.com.br\/cursosPorConcurso\/procuradoria-municipal-de-saquarema-rj-pgm-saquarema\/\" target=\"_blank\" >Concurso PGM Saquarema RJ<\/a><\/strong> est\u00e3o ENCERRADA!<\/p>\n\n\n\n<p>De acordo com o cronograma publicado com o edital, as inscri\u00e7\u00f5es come\u00e7aram no dia 23 de Novembro e foram at\u00e9 o dia 26\/12\/2022. A taxa de inscri\u00e7\u00e3o foi fixada em R$ 50,00.<\/p>\n\n\n\n<p>S\u00e3o ofertadas <strong>5 vagas <\/strong>para o cargo de<strong> Procurado Municipal<\/strong>. A remunera\u00e7\u00e3o inicial \u00e9 de <strong>R$ 4.972,07. <\/strong><\/p>\n\n\n\n<p>A aplica\u00e7\u00e3o das provas objetivas e dissertativas do concurso est\u00e3o previstas para o dia <strong>05\/02\/2023.<\/strong><\/p>\n\n\n\n<p>Vale destacar, que o envio dos t\u00edtulos para o cargo de Procurador ser\u00e1 de 07 a 09\/02\/2023. <\/p>\n\n\n\n<ul class=\"wp-block-list has-luminous-vivid-amber-background-color has-background\">\n<li><strong>PGM Saquarema<\/strong><\/li>\n\n\n\n<li><strong style=\"color: initial;\">Status:<\/strong><span style=\"color: initial;\"> <\/span>edital publicado<\/li>\n\n\n\n<li><strong>Banca:<\/strong> IBAM<\/li>\n\n\n\n<li><strong>Vagas:<\/strong> 5<\/li>\n\n\n\n<li><strong>Sal\u00e1rio inicial:<\/strong> R$ 4.972,07<\/li>\n\n\n\n<li><a href=\"https:\/\/cj.estrategia.com\/portal\/wp-content\/uploads\/2022\/11\/23144452\/Concurso-PGM-Saquarema-RJ-2022.pdf\" target=\"_blank\" >Edital PGM Saquarema RJ<\/a><\/li>\n\n\n\n<li> <a href=\"https:\/\/dhg1h5j42swfq.cloudfront.net\/2022\/05\/25092431\/edital_chp_009-22.pdf\" target=\"_blank\" rel=\"noreferrer noopener nofollow\"><strong>Termo de Refer\u00eancia<\/strong><\/a> <\/li>\n<\/ul>\n\n\n\n<p class=\"has-text-align-center has-background\" style=\"background-color:#cfcfcf\">A fim de te deixar sempre bem informado, elaboramos este artigo com as principais informa\u00e7\u00f5es sobre o concurso PGM Saquarema:<\/p>\n\n\n\n<ul class=\"wp-block-list\">\n<li><a href=\"#atual\"><strong>Situa\u00e7\u00e3o atual<\/strong><\/a>\n<ul class=\"wp-block-list\">\n<li><a href=\"#termo\">Termo de refer\u00eancia<\/a><\/li>\n<\/ul>\n<\/li>\n\n\n\n<li><strong><a href=\"#carreira\">Carreira<\/a><\/strong>\n<ul class=\"wp-block-list\">\n<li><a href=\"#requisitos\">Requisitos<\/a><\/li>\n\n\n\n<li><a href=\"#atribuicoes\">Atribui\u00e7\u00f5es<\/a> <\/li>\n\n\n\n<li><a href=\"#salarios\">Sal\u00e1rios e Benef\u00edcios<\/a><\/li>\n<\/ul>\n<\/li>\n\n\n\n<li><strong><a href=\"#ultimo\">\u00daltimo concurso<\/a><\/strong>\n<ul class=\"wp-block-list\">\n<li><a href=\"#etapas\">Etapas de provas<\/a><\/li>\n<\/ul>\n<\/li>\n\n\n\n<li><strong><a href=\"#cursos-assinatura\">Assinatura e cursos<\/a><\/strong><\/li>\n\n\n\n<li><strong><a href=\"#ficha\">Ficha t\u00e9cnica<\/a><\/strong><\/li>\n<\/ul>\n\n\n\n<div class=\"container\" id=\"boxes\">\n  <div class=\"row\">\n\n    <div class=\"col-sm\">\n      <div class=\"banner-estrategia-concursos-juridicos\" id=\"box-assinatura\">\n        <h3 id=\"cursos-pgm-saquarema-rj\" class=\"titulo-assinatura\">Cursos PGM Saquarema RJ<\/h3>\n        <p class=\"subtitulo-assinatura\">Conhe\u00e7a os cursos<\/p>\n        <div class=\"box-botao\">\n          <a class=\"btn-assinatura-juridica\" target=\"_blank\" href=\"https:\/\/www.estrategiaconcursos.com.br\/cursosPorConcurso\/procuradoria-municipal-de-saquarema-rj-pgm-saquarema\/\" role=\"button\" rel=\"noopener noreferrer\">Conhe\u00e7a mais<\/a>\n        <\/div>\n      <\/div>\n     \n    <\/div>\n\n  <\/div>\n<\/div>\n\n\n\n<h2 class=\"wp-block-heading\" id=\"termo\"><span id=\"concurso-pgm-saquarema-situacao-atual\">Concurso PGM Saquarema: Situa\u00e7\u00e3o atual <\/span><\/h2>\n\n\n\n<p class=\"has-light-green-cyan-background-color has-background\"><strong>Inscri\u00e7\u00e3o: 23\/11 a 26\/12\/2023<br>Taxa: R$ 50<br>Prova: 05\/02\/2023<\/strong><\/p>\n\n\n\n<h2 class=\"wp-block-heading\" id=\"carreira\"><span id=\"concurso-pgm-saquarema-carreira\">Concurso PGM Saquarema: Carreira<\/span><\/h2>\n\n\n\n<h3 id=\"cargos-e-vagas\" class=\"wp-block-heading\">Cargos e Vagas<\/h3>\n\n\n\n<ul class=\"wp-block-list\">\n<li>Procurador Municipal \u2013 5 vagas<\/li>\n<\/ul>\n\n\n\n<h3 class=\"wp-block-heading\" id=\"requisitos\">Requisitos<\/h3>\n\n\n\n<p>Para ingressar na carreira de Procurador, \u00e9 necess\u00e1rio possuir Curso Superior completo em Direito em Institui\u00e7\u00e3o reconhecida pelo MEC <strong>+<\/strong> registro na OAB RJ.<\/p>\n\n\n\n<h3 class=\"wp-block-heading\" id=\"atribuicoes\">Atribui\u00e7\u00f5es<\/h3>\n\n\n\n<p>De acordo com o edital, as atribui\u00e7\u00f5es s\u00e3o as seguintes: <\/p>\n\n\n\n<ul class=\"wp-block-list\">\n<li>Prestar assist\u00eancia jur\u00eddica ao Munic\u00edpio:\n<ul class=\"wp-block-list\">\n<li>pesquisando, estudando e interpretando as leis,<\/li>\n\n\n\n<li>elaborando e redigindo documentos de teor legal, <\/li>\n\n\n\n<li>emitindo pareceres e representando a institui\u00e7\u00e3o em qualquer foro ou instancia, com o objetivo de oferecer\u2010lhe respaldo no cumprimento da legisla\u00e7\u00e3o em seus procedimentos administrativos<\/li>\n<\/ul>\n<\/li>\n<\/ul>\n\n\n\n<h3 class=\"wp-block-heading\" id=\"salarios\"><span id=\"salarios-e-beneficios\">Sal\u00e1rios e Benef\u00edcios<\/span><\/h3>\n\n\n\n<p>O sal\u00e1rio ofertado \u00e9 de R$4.972,07 para uma jornada de 20 horas semanais. <\/p>\n\n\n\n<h2 class=\"wp-block-heading\" id=\"etapas\"><span id=\"etapas-de-provas-do-concurso\">Etapas de provas do concurso<\/span><\/h2>\n\n\n\n<p>A avalia\u00e7\u00e3o dos candidatos \u00e9 feita por: <\/p>\n\n\n\n<ul class=\"wp-block-list\">\n<li><span style=\"text-decoration: underline;\">Prova Objetiva<\/span>, de car\u00e1ter eliminat\u00f3rio e classificat\u00f3rio;<\/li>\n\n\n\n<li><span style=\"text-decoration: underline;\">Prova Discursiva<\/span>, de car\u00e1ter eliminat\u00f3rio e classificat\u00f3rio; <\/li>\n\n\n\n<li><span style=\"text-decoration: underline;\">Prova de T\u00edtulos<\/span>, de car\u00e1ter classificat\u00f3rio.<\/li>\n<\/ul>\n\n\n\n<h4 id=\"prova-objetiva\" class=\"wp-block-heading\">Prova Objetiva <\/h4>\n\n\n\n<p>As provas objetivas de car\u00e1ter eliminat\u00f3rio e classificat\u00f3rio se constituir\u00e3o de quest\u00f5es<br>objetivas de m\u00faltipla escolha. Cada quest\u00e3o apresentar\u00e1 04 (quatro) op\u00e7\u00f5es de respostas (A, B, C e D).<\/p>\n\n\n<div class=\"wp-block-image\">\n<figure class=\"aligncenter size-full\"><img decoding=\"async\" width=\"682\" height=\"156\" src=\"https:\/\/cj.estrategia.com\/portal\/wp-content\/uploads\/2022\/11\/19075838\/image-10.png\" alt=\"Concurso PGM SAQUAREMA RJ provas objetivas informa\u00e7\u00f5es\" class=\"wp-image-23666\" srcset=\"https:\/\/cj.estrategia.com\/portal\/wp-content\/uploads\/2022\/11\/19075838\/image-10.png 682w, https:\/\/cj.estrategia.com\/portal\/wp-content\/uploads\/2022\/11\/19075838\/image-10-300x69.png 300w, https:\/\/cj.estrategia.com\/portal\/wp-content\/uploads\/2022\/11\/19075838\/image-10-380x87.png 380w, https:\/\/cj.estrategia.com\/portal\/wp-content\/uploads\/2022\/11\/19075838\/image-10-150x34.png 150w\" sizes=\"(max-width: 682px) 100vw, 682px\" \/><\/figure>\n<\/div>\n\n\n<h4 class=\"wp-block-heading\" id=\"prova-discursiva\">Prova Discursiva <\/h4>\n\n\n\n<p>A prova dissertativa, de car\u00e1ter classificat\u00f3rio e eliminat\u00f3rio, para o cargo de Procurador ser\u00e1 composta de uma \u00fanica proposta, a respeito da qual o candidato dever\u00e1 produzir um texto dissertativo-argumentativo em prosa e versar\u00e1 sobre um dos componentes constantes do programa das provas objetivas.<\/p>\n\n\n\n<p>A prova dissertativa valer\u00e1 20 (vinte) pontos e dever\u00e1 ter no m\u00ednimo 20 linhas e no m\u00e1ximo 30<br>linhas (excluindo a linha destinada ao t\u00edtulo).<\/p>\n\n\n\n<p>Conte\u00fado \u2013 5 pontos:<br>a) perspectiva adotada no tratamento do tema;<br>b) capacidade de an\u00e1lise e senso cr\u00edtico em rela\u00e7\u00e3o ao tema proposto;<br>c) consist\u00eancia dos argumentos, clareza e coer\u00eancia no seu encadeamento.<\/p>\n\n\n\n<p>2- Estrutura \u2013 5 pontos:<br>a) respeito ao g\u00eanero solicitado;<br>b) progress\u00e3o textual e encadeamento de ideias;<br>c) articula\u00e7\u00e3o de frases e par\u00e1grafos (coes\u00e3o textual).<\/p>\n\n\n\n<p>3- Express\u00e3o \u2013 3 pontos:<br>A avalia\u00e7\u00e3o da express\u00e3o n\u00e3o ser\u00e1 feita de modo estanque ou mec\u00e2nico, mas sim de acordo com sua estreita correla\u00e7\u00e3o com o conte\u00fado desenvolvido. A perda dos pontos previstos depender\u00e1, portanto, do comprometimento gerado pelas incorre\u00e7\u00f5es no desenvolvimento do texto.<\/p>\n\n\n\n<p>4- Dom\u00ednio da modalidade escrita formal da l\u00edngua portuguesa \u2013 7 pontos, com aten\u00e7\u00e3o aos<br>seguintes itens: estrutura sint\u00e1tica de ora\u00e7\u00f5es e per\u00edodos, elementos coesivos; concord\u00e2ncia<br>verbal e nominal; pontua\u00e7\u00e3o; reg\u00eancia verbal e nominal; emprego de pronomes; flex\u00e3o verbal e<br>nominal; uso de tempos e modos verbais; grafia e acentua\u00e7\u00e3o.<\/p>\n\n\n\n<h4 class=\"wp-block-heading\" id=\"prova-discursiva\"><span id=\"prova-de-titulos\">Prova de T\u00edtulos<\/span><\/h4>\n\n\n<div class=\"wp-block-image\">\n<figure class=\"aligncenter size-full is-resized\"><img decoding=\"async\" width=\"804\" height=\"684\" src=\"https:\/\/cj.estrategia.com\/portal\/wp-content\/uploads\/2022\/11\/19080208\/image-11.png\" alt=\"informa\u00e7\u00f5es sobre a prova de t\u00edtulos concurso PGM Saquarema RJ\" class=\"wp-image-23669\" style=\"width:592px;height:503px\" srcset=\"https:\/\/cj.estrategia.com\/portal\/wp-content\/uploads\/2022\/11\/19080208\/image-11.png 804w, https:\/\/cj.estrategia.com\/portal\/wp-content\/uploads\/2022\/11\/19080208\/image-11-300x255.png 300w, https:\/\/cj.estrategia.com\/portal\/wp-content\/uploads\/2022\/11\/19080208\/image-11-768x653.png 768w, https:\/\/cj.estrategia.com\/portal\/wp-content\/uploads\/2022\/11\/19080208\/image-11-380x323.png 380w, https:\/\/cj.estrategia.com\/portal\/wp-content\/uploads\/2022\/11\/19080208\/image-11-800x681.png 800w, https:\/\/cj.estrategia.com\/portal\/wp-content\/uploads\/2022\/11\/19080208\/image-11-150x128.png 150w\" sizes=\"(max-width: 804px) 100vw, 804px\" \/><\/figure>\n<\/div>\n\n\n<h2 class=\"wp-block-heading\" id=\"ultimo\"><span id=\"concurso-pgm-saquarema-ultimo-edital\">Concurso PGM Saquarema: \u00faltimo edital<\/span><\/h2>\n\n\n\n<p>O \u00faltimo concurso Saquarema aconteceu em <strong>2015<\/strong>, sob organiza\u00e7\u00e3o da Funda\u00e7\u00e3o CEPERJ. O valor da inscri\u00e7\u00e3o foi fixado em R$ 70,00. <em><strong><a href=\"https:\/\/dhg1h5j42swfq.cloudfront.net\/2022\/05\/25101231\/relacao-candidato-x-vaga.pdf\" target=\"_blank\" rel=\"noreferrer noopener nofollow\">Confira a rela\u00e7\u00e3o de inscritos por vaga<\/a><\/strong><\/em>. Desde ent\u00e3o, o munic\u00edpio vem realizado apenas processos seletivos.<\/p>\n\n\n\n<hr class=\"wp-block-separator has-css-opacity\"\/>\n\n\n\n<h2 class=\"wp-block-heading has-text-align-center\" id=\"cursos-assinatura\"><span id=\"quer-estudar-para-o-concurso-pgm-saquarema\">Quer estudar para o Concurso PGM Saquarema?<\/span><\/h2>\n\n\n\n\n\n<div class=\"wp-block-cover\" style=\"min-height:155px;aspect-ratio:unset;\"><img decoding=\"async\" width=\"1890\" height=\"351\" class=\"wp-block-cover__image-background wp-image-8669\" alt=\"Assinaturas Jur\u00eddicas\" src=\"https:\/\/cj.estrategia.com\/portal\/wp-content\/uploads\/2022\/06\/20151253\/concurso-carreiras-juridicas-assinatura-juridica.jpg\" style=\"object-position:78% 43%\" data-object-fit=\"cover\" data-object-position=\"78% 43%\" srcset=\"https:\/\/cj.estrategia.com\/portal\/wp-content\/uploads\/2022\/06\/20151253\/concurso-carreiras-juridicas-assinatura-juridica.jpg 1890w, https:\/\/cj.estrategia.com\/portal\/wp-content\/uploads\/2022\/06\/20151253\/concurso-carreiras-juridicas-assinatura-juridica-300x56.jpg 300w, https:\/\/cj.estrategia.com\/portal\/wp-content\/uploads\/2022\/06\/20151253\/concurso-carreiras-juridicas-assinatura-juridica-1024x190.jpg 1024w, https:\/\/cj.estrategia.com\/portal\/wp-content\/uploads\/2022\/06\/20151253\/concurso-carreiras-juridicas-assinatura-juridica-768x143.jpg 768w, https:\/\/cj.estrategia.com\/portal\/wp-content\/uploads\/2022\/06\/20151253\/concurso-carreiras-juridicas-assinatura-juridica-1536x285.jpg 1536w, https:\/\/cj.estrategia.com\/portal\/wp-content\/uploads\/2022\/06\/20151253\/concurso-carreiras-juridicas-assinatura-juridica-380x71.jpg 380w, https:\/\/cj.estrategia.com\/portal\/wp-content\/uploads\/2022\/06\/20151253\/concurso-carreiras-juridicas-assinatura-juridica-800x149.jpg 800w, https:\/\/cj.estrategia.com\/portal\/wp-content\/uploads\/2022\/06\/20151253\/concurso-carreiras-juridicas-assinatura-juridica-1160x215.jpg 1160w\" sizes=\"(max-width: 1890px) 100vw, 1890px\" \/><span aria-hidden=\"true\" class=\"wp-block-cover__background has-background-dim\"><\/span><div class=\"wp-block-cover__inner-container is-layout-flow wp-block-cover-is-layout-flow\">\n<h3 id=\"faca-a-sua-assinatura\" class=\"titulo-assinatura\"><span style=\"color: #ffffff;\">Fa\u00e7a a sua assinatura!<\/span><\/h3>\n<p class=\"subtitulo-assinatura\" style=\"display:block!important; line-height: 0;\"><span style=\"color: #ffffff;\">Escolha a sua \u00e1rea.<\/span><\/p>\n<a target=\"_blank\" href=\"https:\/\/www.estrategiaconcursos.com.br\/assinaturas-ecj\/\" rel=\"noopener\"><button style=\"border-radius: 10px; text-transform: capitalize;\">Acessar<\/button><\/a>\n<\/div><\/div>\n\n\n\n<p><em>Prepare-se com o melhor material e com quem mais aprova em Concursos P\u00fablicos em todo o pa\u00eds.<\/em><\/p>\n\n\n\n<h2 class=\"wp-block-heading has-text-align-center\" id=\"h-quer-saber-tudo-sobre-concursos-previstos-confira-nossos-artigos\"><span id=\"quer-saber-tudo-sobre-concursos-previstos-confira-nossos-artigos\">Quer saber tudo sobre concursos previstos? <br>Confira  nossos artigos!<\/span><\/h2>\n\n\n\n\n\n<figure class=\"wp-block-image size-large is-resized\"><img decoding=\"async\" src=\"https:\/\/dhg1h5j42swfq.cloudfront.net\/2025\/06\/27101122\/ficha-tecnica-1-1024x632.png\" alt=\"Ficha t\u00e9cnica do concurso Saquarema rj\" class=\"wp-image-702728\" style=\"width:269px;height:166px\"\/><\/figure>\n\n\n\n<h4 class=\"wp-block-heading\" id=\"ficha\"><span id=\"informacoes-do-concurso-pgm-saquarema\">Informa\u00e7\u00f5es do concurso PGM Saquarema<\/span><\/h4>\n\n\n\n<ul class=\"wp-block-list\">\n<li><strong style=\"color: initial;\">Data prevista<\/strong><span style=\"color: initial;\">: <\/span>05\/02\/2023<\/li>\n\n\n\n<li><strong>Vagas<\/strong>: 5<\/li>\n\n\n\n<li><strong>Cargos<\/strong>: Procurador Municipal <\/li>\n\n\n\n<li><strong>Banca<\/strong>: IBAM<\/li>\n\n\n\n<li><strong>Escolaridade<\/strong>: N\u00edvel superior em Direito + Inscri\u00e7\u00e3o na OAB\/RJ (<a href=\"https:\/\/oab.estrategia.com\/portal\/exame-de-ordem-oab\/\" target=\"_blank\" >Exame OAB<\/a>)<\/li>\n\n\n\n<li><strong>\u00daltimo edital<\/strong>:\u00a0<a href=\"https:\/\/dhg1h5j42swfq.cloudfront.net\/2022\/05\/25100615\/edital-de-abertura.pdf\" target=\"_blank\" rel=\"noreferrer noopener nofollow\">Edital Saquarema 2015<\/a>.<\/li>\n<\/ul>\n\n\n\n<p><\/p>\n","protected":false},"excerpt":{"rendered":"Ser\u00e3o 5 vagas para Procurador! Confira todos os detalhes abaixo!\n","protected":false},"author":12,"featured_media":17528,"comment_status":"open","ping_status":"open","sticky":false,"template":"","format":"standard","meta":{"_jetpack_memberships_contains_paid_content":false,"footnotes":""},"categories":[1,24],"tags":[],"tax_estado":[49],"class_list":{"0":"post-5928","1":"post","2":"type-post","3":"status-publish","4":"format-standard","5":"has-post-thumbnail","7":"category-carreiras-juridicas","8":"category-procuradoria","9":"tax_estado-rj"},"acf":[],"yoast_head":"<!-- This site is optimized with the Yoast SEO Premium plugin v27.5 (Yoast SEO v27.5) - https:\/\/yoast.com\/product\/yoast-seo-premium-wordpress\/ -->\n<title>Concurso PGM Saquarema RJ: provas em fevereiro de 2023!<\/title>\n<meta name=\"description\" content=\"Concurso PGM Saquarema RJ: com o fim das inscri\u00e7\u00f5es os candidatos podem focar nas provas objetiva e dissertativa que est\u00e3o marcadas p\/ 2023.\" \/>\n<meta name=\"robots\" content=\"index, follow, max-snippet:-1, max-image-preview:large, max-video-preview:-1\" \/>\n<link rel=\"canonical\" href=\"https:\/\/cj.estrategia.com\/portal\/concurso-pgm-saquarema\/\" \/>\n<meta property=\"og:locale\" content=\"pt_BR\" \/>\n<meta property=\"og:type\" content=\"article\" \/>\n<meta property=\"og:title\" content=\"Concurso PGM Saquarema RJ: provas em fevereiro de 2023!\" \/>\n<meta property=\"og:description\" content=\"Concurso PGM Saquarema RJ: com o fim das inscri\u00e7\u00f5es os candidatos podem focar nas provas objetiva e dissertativa que est\u00e3o marcadas p\/ 2023.\" \/>\n<meta property=\"og:url\" content=\"https:\/\/cj.estrategia.com\/portal\/concurso-pgm-saquarema\/\" \/>\n<meta property=\"og:site_name\" content=\"Blog - Carreiras Jur\u00eddicas - Estrat\u00e9gia\" \/>\n<meta property=\"article:publisher\" content=\"https:\/\/www.facebook.com\/estrategiacarreirajuridica\/\" \/>\n<meta property=\"article:published_time\" content=\"2022-12-27T22:09:00+00:00\" \/>\n<meta property=\"article:modified_time\" content=\"2025-09-17T12:46:30+00:00\" \/>\n<meta property=\"og:image\" content=\"https:\/\/cj.estrategia.com\/portal\/wp-content\/uploads\/2022\/08\/23111853\/saiu-edital-do-concurso-advogado-do-senado-federal.jpg\" \/>\n\t<meta property=\"og:image:width\" content=\"960\" \/>\n\t<meta property=\"og:image:height\" content=\"540\" \/>\n\t<meta property=\"og:image:type\" content=\"image\/jpeg\" \/>\n<meta name=\"author\" content=\"Coordena\u00e7\u00e3o\" \/>\n<meta name=\"twitter:card\" content=\"summary_large_image\" \/>\n<meta name=\"twitter:creator\" content=\"@EstratJuridica\" \/>\n<meta name=\"twitter:site\" content=\"@EstratJuridica\" \/>\n<meta name=\"twitter:label1\" content=\"Escrito por\" \/>\n\t<meta name=\"twitter:data1\" content=\"Coordena\u00e7\u00e3o\" \/>\n\t<meta name=\"twitter:label2\" content=\"Est. tempo de leitura\" \/>\n\t<meta name=\"twitter:data2\" content=\"14 minutos\" \/>\n<script type=\"application\/ld+json\" class=\"yoast-schema-graph\">{\"@context\":\"https:\\\/\\\/schema.org\",\"@graph\":[{\"@type\":\"NewsArticle\",\"@id\":\"https:\\\/\\\/cj.estrategia.com\\\/portal\\\/concurso-pgm-saquarema\\\/#article\",\"isPartOf\":{\"@id\":\"https:\\\/\\\/cj.estrategia.com\\\/portal\\\/concurso-pgm-saquarema\\\/\"},\"author\":{\"name\":\"Coordena\u00e7\u00e3o\",\"@id\":\"https:\\\/\\\/cj.estrategia.com\\\/portal\\\/#\\\/schema\\\/person\\\/4d70317d31449932b99102916b6637f5\"},\"headline\":\"Concurso PGM Saquarema RJ: provas em fevereiro de 2023!\",\"datePublished\":\"2022-12-27T22:09:00+00:00\",\"dateModified\":\"2025-09-17T12:46:30+00:00\",\"mainEntityOfPage\":{\"@id\":\"https:\\\/\\\/cj.estrategia.com\\\/portal\\\/concurso-pgm-saquarema\\\/\"},\"wordCount\":777,\"commentCount\":0,\"publisher\":{\"@id\":\"https:\\\/\\\/cj.estrategia.com\\\/portal\\\/#organization\"},\"image\":{\"@id\":\"https:\\\/\\\/cj.estrategia.com\\\/portal\\\/concurso-pgm-saquarema\\\/#primaryimage\"},\"thumbnailUrl\":\"https:\\\/\\\/cj.estrategia.com\\\/portal\\\/wp-content\\\/uploads\\\/2022\\\/08\\\/23111853\\\/saiu-edital-do-concurso-advogado-do-senado-federal.jpg\",\"articleSection\":[\"Carreiras Jur\u00eddicas\",\"Procuradoria\"],\"inLanguage\":\"pt-BR\",\"potentialAction\":[{\"@type\":\"CommentAction\",\"name\":\"Comment\",\"target\":[\"https:\\\/\\\/cj.estrategia.com\\\/portal\\\/concurso-pgm-saquarema\\\/#respond\"]}]},{\"@type\":\"WebPage\",\"@id\":\"https:\\\/\\\/cj.estrategia.com\\\/portal\\\/concurso-pgm-saquarema\\\/\",\"url\":\"https:\\\/\\\/cj.estrategia.com\\\/portal\\\/concurso-pgm-saquarema\\\/\",\"name\":\"Concurso PGM Saquarema RJ: provas em fevereiro de 2023!\",\"isPartOf\":{\"@id\":\"https:\\\/\\\/cj.estrategia.com\\\/portal\\\/#website\"},\"primaryImageOfPage\":{\"@id\":\"https:\\\/\\\/cj.estrategia.com\\\/portal\\\/concurso-pgm-saquarema\\\/#primaryimage\"},\"image\":{\"@id\":\"https:\\\/\\\/cj.estrategia.com\\\/portal\\\/concurso-pgm-saquarema\\\/#primaryimage\"},\"thumbnailUrl\":\"https:\\\/\\\/cj.estrategia.com\\\/portal\\\/wp-content\\\/uploads\\\/2022\\\/08\\\/23111853\\\/saiu-edital-do-concurso-advogado-do-senado-federal.jpg\",\"datePublished\":\"2022-12-27T22:09:00+00:00\",\"dateModified\":\"2025-09-17T12:46:30+00:00\",\"description\":\"Concurso PGM Saquarema RJ: com o fim das inscri\u00e7\u00f5es os candidatos podem focar nas provas objetiva e dissertativa que est\u00e3o marcadas p\\\/ 2023.\",\"breadcrumb\":{\"@id\":\"https:\\\/\\\/cj.estrategia.com\\\/portal\\\/concurso-pgm-saquarema\\\/#breadcrumb\"},\"inLanguage\":\"pt-BR\",\"potentialAction\":[{\"@type\":\"ReadAction\",\"target\":[\"https:\\\/\\\/cj.estrategia.com\\\/portal\\\/concurso-pgm-saquarema\\\/\"]}]},{\"@type\":\"ImageObject\",\"inLanguage\":\"pt-BR\",\"@id\":\"https:\\\/\\\/cj.estrategia.com\\\/portal\\\/concurso-pgm-saquarema\\\/#primaryimage\",\"url\":\"https:\\\/\\\/cj.estrategia.com\\\/portal\\\/wp-content\\\/uploads\\\/2022\\\/08\\\/23111853\\\/saiu-edital-do-concurso-advogado-do-senado-federal.jpg\",\"contentUrl\":\"https:\\\/\\\/cj.estrategia.com\\\/portal\\\/wp-content\\\/uploads\\\/2022\\\/08\\\/23111853\\\/saiu-edital-do-concurso-advogado-do-senado-federal.jpg\",\"width\":960,\"height\":540,\"caption\":\"Concurso C\u00e2mara de esmeraldas mg\"},{\"@type\":\"BreadcrumbList\",\"@id\":\"https:\\\/\\\/cj.estrategia.com\\\/portal\\\/concurso-pgm-saquarema\\\/#breadcrumb\",\"itemListElement\":[{\"@type\":\"ListItem\",\"position\":1,\"name\":\"In\u00edcio\",\"item\":\"https:\\\/\\\/cj.estrategia.com\\\/portal\\\/\"},{\"@type\":\"ListItem\",\"position\":2,\"name\":\"Concurso PGM Saquarema RJ: provas em fevereiro de 2023!\"}]},{\"@type\":\"WebSite\",\"@id\":\"https:\\\/\\\/cj.estrategia.com\\\/portal\\\/#website\",\"url\":\"https:\\\/\\\/cj.estrategia.com\\\/portal\\\/\",\"name\":\"Blog - Carreiras Jur\u00eddicas - Estrat\u00e9gia\",\"description\":\"\",\"publisher\":{\"@id\":\"https:\\\/\\\/cj.estrategia.com\\\/portal\\\/#organization\"},\"potentialAction\":[{\"@type\":\"SearchAction\",\"target\":{\"@type\":\"EntryPoint\",\"urlTemplate\":\"https:\\\/\\\/cj.estrategia.com\\\/portal\\\/?s={search_term_string}\"},\"query-input\":{\"@type\":\"PropertyValueSpecification\",\"valueRequired\":true,\"valueName\":\"search_term_string\"}}],\"inLanguage\":\"pt-BR\"},{\"@type\":\"Organization\",\"@id\":\"https:\\\/\\\/cj.estrategia.com\\\/portal\\\/#organization\",\"name\":\"Estrat\u00e9gia - Carreiras Jur\u00eddicas\",\"url\":\"https:\\\/\\\/cj.estrategia.com\\\/portal\\\/\",\"logo\":{\"@type\":\"ImageObject\",\"inLanguage\":\"pt-BR\",\"@id\":\"https:\\\/\\\/cj.estrategia.com\\\/portal\\\/#\\\/schema\\\/logo\\\/image\\\/\",\"url\":\"https:\\\/\\\/cj.estrategia.com\\\/portal\\\/wp-content\\\/uploads\\\/2022\\\/03\\\/11151052\\\/cj-logo.png\",\"contentUrl\":\"https:\\\/\\\/cj.estrategia.com\\\/portal\\\/wp-content\\\/uploads\\\/2022\\\/03\\\/11151052\\\/cj-logo.png\",\"width\":150,\"height\":39,\"caption\":\"Estrat\u00e9gia - Carreiras Jur\u00eddicas\"},\"image\":{\"@id\":\"https:\\\/\\\/cj.estrategia.com\\\/portal\\\/#\\\/schema\\\/logo\\\/image\\\/\"},\"sameAs\":[\"https:\\\/\\\/www.facebook.com\\\/estrategiacarreirajuridica\\\/\",\"https:\\\/\\\/x.com\\\/EstratJuridica\",\"https:\\\/\\\/www.instagram.com\\\/estrategiacarreirajuridica\\\/\",\"https:\\\/\\\/www.youtube.com\\\/channel\\\/UClbMGuYbj2Mh1m3w144ETWQ\"]},{\"@type\":\"Person\",\"@id\":\"https:\\\/\\\/cj.estrategia.com\\\/portal\\\/#\\\/schema\\\/person\\\/4d70317d31449932b99102916b6637f5\",\"name\":\"Coordena\u00e7\u00e3o\",\"image\":{\"@type\":\"ImageObject\",\"inLanguage\":\"pt-BR\",\"@id\":\"https:\\\/\\\/cj.estrategia.com\\\/portal\\\/wp-content\\\/uploads\\\/2022\\\/05\\\/12164923\\\/estrategia-carreira-juridica-coordenacao-96x96.png\",\"url\":\"https:\\\/\\\/cj.estrategia.com\\\/portal\\\/wp-content\\\/uploads\\\/2022\\\/05\\\/12164923\\\/estrategia-carreira-juridica-coordenacao-96x96.png\",\"contentUrl\":\"https:\\\/\\\/cj.estrategia.com\\\/portal\\\/wp-content\\\/uploads\\\/2022\\\/05\\\/12164923\\\/estrategia-carreira-juridica-coordenacao-96x96.png\",\"caption\":\"Coordena\u00e7\u00e3o\"},\"url\":\"https:\\\/\\\/cj.estrategia.com\\\/portal\\\/author\\\/coordenacao\\\/\"}]}<\/script>\n<!-- \/ Yoast SEO Premium plugin. -->","yoast_head_json":{"title":"Concurso PGM Saquarema RJ: provas em fevereiro de 2023!","description":"Concurso PGM Saquarema RJ: com o fim das inscri\u00e7\u00f5es os candidatos podem focar nas provas objetiva e dissertativa que est\u00e3o marcadas p\/ 2023.","robots":{"index":"index","follow":"follow","max-snippet":"max-snippet:-1","max-image-preview":"max-image-preview:large","max-video-preview":"max-video-preview:-1"},"canonical":"https:\/\/cj.estrategia.com\/portal\/concurso-pgm-saquarema\/","og_locale":"pt_BR","og_type":"article","og_title":"Concurso PGM Saquarema RJ: provas em fevereiro de 2023!","og_description":"Concurso PGM Saquarema RJ: com o fim das inscri\u00e7\u00f5es os candidatos podem focar nas provas objetiva e dissertativa que est\u00e3o marcadas p\/ 2023.","og_url":"https:\/\/cj.estrategia.com\/portal\/concurso-pgm-saquarema\/","og_site_name":"Blog - Carreiras Jur\u00eddicas - Estrat\u00e9gia","article_publisher":"https:\/\/www.facebook.com\/estrategiacarreirajuridica\/","article_published_time":"2022-12-27T22:09:00+00:00","article_modified_time":"2025-09-17T12:46:30+00:00","og_image":[{"width":960,"height":540,"url":"https:\/\/cj.estrategia.com\/portal\/wp-content\/uploads\/2022\/08\/23111853\/saiu-edital-do-concurso-advogado-do-senado-federal.jpg","type":"image\/jpeg"}],"author":"Coordena\u00e7\u00e3o","twitter_card":"summary_large_image","twitter_creator":"@EstratJuridica","twitter_site":"@EstratJuridica","twitter_misc":{"Escrito por":"Coordena\u00e7\u00e3o","Est. tempo de leitura":"14 minutos"},"schema":{"@context":"https:\/\/schema.org","@graph":[{"@type":"NewsArticle","@id":"https:\/\/cj.estrategia.com\/portal\/concurso-pgm-saquarema\/#article","isPartOf":{"@id":"https:\/\/cj.estrategia.com\/portal\/concurso-pgm-saquarema\/"},"author":{"name":"Coordena\u00e7\u00e3o","@id":"https:\/\/cj.estrategia.com\/portal\/#\/schema\/person\/4d70317d31449932b99102916b6637f5"},"headline":"Concurso PGM Saquarema RJ: provas em fevereiro de 2023!","datePublished":"2022-12-27T22:09:00+00:00","dateModified":"2025-09-17T12:46:30+00:00","mainEntityOfPage":{"@id":"https:\/\/cj.estrategia.com\/portal\/concurso-pgm-saquarema\/"},"wordCount":777,"commentCount":0,"publisher":{"@id":"https:\/\/cj.estrategia.com\/portal\/#organization"},"image":{"@id":"https:\/\/cj.estrategia.com\/portal\/concurso-pgm-saquarema\/#primaryimage"},"thumbnailUrl":"https:\/\/cj.estrategia.com\/portal\/wp-content\/uploads\/2022\/08\/23111853\/saiu-edital-do-concurso-advogado-do-senado-federal.jpg","articleSection":["Carreiras Jur\u00eddicas","Procuradoria"],"inLanguage":"pt-BR","potentialAction":[{"@type":"CommentAction","name":"Comment","target":["https:\/\/cj.estrategia.com\/portal\/concurso-pgm-saquarema\/#respond"]}]},{"@type":"WebPage","@id":"https:\/\/cj.estrategia.com\/portal\/concurso-pgm-saquarema\/","url":"https:\/\/cj.estrategia.com\/portal\/concurso-pgm-saquarema\/","name":"Concurso PGM Saquarema RJ: provas em fevereiro de 2023!","isPartOf":{"@id":"https:\/\/cj.estrategia.com\/portal\/#website"},"primaryImageOfPage":{"@id":"https:\/\/cj.estrategia.com\/portal\/concurso-pgm-saquarema\/#primaryimage"},"image":{"@id":"https:\/\/cj.estrategia.com\/portal\/concurso-pgm-saquarema\/#primaryimage"},"thumbnailUrl":"https:\/\/cj.estrategia.com\/portal\/wp-content\/uploads\/2022\/08\/23111853\/saiu-edital-do-concurso-advogado-do-senado-federal.jpg","datePublished":"2022-12-27T22:09:00+00:00","dateModified":"2025-09-17T12:46:30+00:00","description":"Concurso PGM Saquarema RJ: com o fim das inscri\u00e7\u00f5es os candidatos podem focar nas provas objetiva e dissertativa que est\u00e3o marcadas p\/ 2023.","breadcrumb":{"@id":"https:\/\/cj.estrategia.com\/portal\/concurso-pgm-saquarema\/#breadcrumb"},"inLanguage":"pt-BR","potentialAction":[{"@type":"ReadAction","target":["https:\/\/cj.estrategia.com\/portal\/concurso-pgm-saquarema\/"]}]},{"@type":"ImageObject","inLanguage":"pt-BR","@id":"https:\/\/cj.estrategia.com\/portal\/concurso-pgm-saquarema\/#primaryimage","url":"https:\/\/cj.estrategia.com\/portal\/wp-content\/uploads\/2022\/08\/23111853\/saiu-edital-do-concurso-advogado-do-senado-federal.jpg","contentUrl":"https:\/\/cj.estrategia.com\/portal\/wp-content\/uploads\/2022\/08\/23111853\/saiu-edital-do-concurso-advogado-do-senado-federal.jpg","width":960,"height":540,"caption":"Concurso C\u00e2mara de esmeraldas mg"},{"@type":"BreadcrumbList","@id":"https:\/\/cj.estrategia.com\/portal\/concurso-pgm-saquarema\/#breadcrumb","itemListElement":[{"@type":"ListItem","position":1,"name":"In\u00edcio","item":"https:\/\/cj.estrategia.com\/portal\/"},{"@type":"ListItem","position":2,"name":"Concurso PGM Saquarema RJ: provas em fevereiro de 2023!"}]},{"@type":"WebSite","@id":"https:\/\/cj.estrategia.com\/portal\/#website","url":"https:\/\/cj.estrategia.com\/portal\/","name":"Blog - Carreiras Jur\u00eddicas - Estrat\u00e9gia","description":"","publisher":{"@id":"https:\/\/cj.estrategia.com\/portal\/#organization"},"potentialAction":[{"@type":"SearchAction","target":{"@type":"EntryPoint","urlTemplate":"https:\/\/cj.estrategia.com\/portal\/?s={search_term_string}"},"query-input":{"@type":"PropertyValueSpecification","valueRequired":true,"valueName":"search_term_string"}}],"inLanguage":"pt-BR"},{"@type":"Organization","@id":"https:\/\/cj.estrategia.com\/portal\/#organization","name":"Estrat\u00e9gia - Carreiras Jur\u00eddicas","url":"https:\/\/cj.estrategia.com\/portal\/","logo":{"@type":"ImageObject","inLanguage":"pt-BR","@id":"https:\/\/cj.estrategia.com\/portal\/#\/schema\/logo\/image\/","url":"https:\/\/cj.estrategia.com\/portal\/wp-content\/uploads\/2022\/03\/11151052\/cj-logo.png","contentUrl":"https:\/\/cj.estrategia.com\/portal\/wp-content\/uploads\/2022\/03\/11151052\/cj-logo.png","width":150,"height":39,"caption":"Estrat\u00e9gia - Carreiras Jur\u00eddicas"},"image":{"@id":"https:\/\/cj.estrategia.com\/portal\/#\/schema\/logo\/image\/"},"sameAs":["https:\/\/www.facebook.com\/estrategiacarreirajuridica\/","https:\/\/x.com\/EstratJuridica","https:\/\/www.instagram.com\/estrategiacarreirajuridica\/","https:\/\/www.youtube.com\/channel\/UClbMGuYbj2Mh1m3w144ETWQ"]},{"@type":"Person","@id":"https:\/\/cj.estrategia.com\/portal\/#\/schema\/person\/4d70317d31449932b99102916b6637f5","name":"Coordena\u00e7\u00e3o","image":{"@type":"ImageObject","inLanguage":"pt-BR","@id":"https:\/\/cj.estrategia.com\/portal\/wp-content\/uploads\/2022\/05\/12164923\/estrategia-carreira-juridica-coordenacao-96x96.png","url":"https:\/\/cj.estrategia.com\/portal\/wp-content\/uploads\/2022\/05\/12164923\/estrategia-carreira-juridica-coordenacao-96x96.png","contentUrl":"https:\/\/cj.estrategia.com\/portal\/wp-content\/uploads\/2022\/05\/12164923\/estrategia-carreira-juridica-coordenacao-96x96.png","caption":"Coordena\u00e7\u00e3o"},"url":"https:\/\/cj.estrategia.com\/portal\/author\/coordenacao\/"}]}},"jetpack_featured_media_url":"https:\/\/cj.estrategia.com\/portal\/wp-content\/uploads\/2022\/08\/23111853\/saiu-edital-do-concurso-advogado-do-senado-federal.jpg","jetpack_sharing_enabled":true,"_links":{"self":[{"href":"https:\/\/cj.estrategia.com\/portal\/wp-json\/wp\/v2\/posts\/5928","targetHints":{"allow":["GET"]}}],"collection":[{"href":"https:\/\/cj.estrategia.com\/portal\/wp-json\/wp\/v2\/posts"}],"about":[{"href":"https:\/\/cj.estrategia.com\/portal\/wp-json\/wp\/v2\/types\/post"}],"author":[{"embeddable":true,"href":"https:\/\/cj.estrategia.com\/portal\/wp-json\/wp\/v2\/users\/12"}],"replies":[{"embeddable":true,"href":"https:\/\/cj.estrategia.com\/portal\/wp-json\/wp\/v2\/comments?post=5928"}],"version-history":[{"count":0,"href":"https:\/\/cj.estrategia.com\/portal\/wp-json\/wp\/v2\/posts\/5928\/revisions"}],"wp:featuredmedia":[{"embeddable":true,"href":"https:\/\/cj.estrategia.com\/portal\/wp-json\/wp\/v2\/media\/17528"}],"wp:attachment":[{"href":"https:\/\/cj.estrategia.com\/portal\/wp-json\/wp\/v2\/media?parent=5928"}],"wp:term":[{"taxonomy":"category","embeddable":true,"href":"https:\/\/cj.estrategia.com\/portal\/wp-json\/wp\/v2\/categories?post=5928"},{"taxonomy":"post_tag","embeddable":true,"href":"https:\/\/cj.estrategia.com\/portal\/wp-json\/wp\/v2\/tags?post=5928"},{"taxonomy":"tax_estado","embeddable":true,"href":"https:\/\/cj.estrategia.com\/portal\/wp-json\/wp\/v2\/tax_estado?post=5928"}],"curies":[{"name":"wp","href":"https:\/\/api.w.org\/{rel}","templated":true}]}}