{"id":58412,"date":"2024-04-06T11:00:00","date_gmt":"2024-04-06T14:00:00","guid":{"rendered":"https:\/\/cj.estrategia.com\/portal\/?p=58412"},"modified":"2024-04-01T15:24:57","modified_gmt":"2024-04-01T18:24:57","slug":"reclamacao-constitucional-dpe-ac","status":"publish","type":"post","link":"https:\/\/cj.estrategia.com\/portal\/reclamacao-constitucional-dpe-ac\/","title":{"rendered":"Reclama\u00e7\u00e3o Constitucional para DPE-AC"},"content":{"rendered":"\n<p><\/p>\n\n\n<div class=\"wp-block-image\">\n<figure class=\"aligncenter size-large is-resized\"><img decoding=\"async\" width=\"1024\" height=\"585\" src=\"https:\/\/cj.estrategia.com\/portal\/wp-content\/uploads\/2024\/03\/19100848\/563-1024x585.jpg\" alt=\"Reclama\u00e7\u00e3o Constitucional para DPE-AC\" class=\"wp-image-58413\" style=\"width:596px;height:auto\" srcset=\"https:\/\/cj.estrategia.com\/portal\/wp-content\/uploads\/2024\/03\/19100848\/563-1024x585.jpg 1024w, https:\/\/cj.estrategia.com\/portal\/wp-content\/uploads\/2024\/03\/19100848\/563-300x171.jpg 300w, https:\/\/cj.estrategia.com\/portal\/wp-content\/uploads\/2024\/03\/19100848\/563-768x439.jpg 768w, https:\/\/cj.estrategia.com\/portal\/wp-content\/uploads\/2024\/03\/19100848\/563-1536x878.jpg 1536w, https:\/\/cj.estrategia.com\/portal\/wp-content\/uploads\/2024\/03\/19100848\/563-2048x1170.jpg 2048w, https:\/\/cj.estrategia.com\/portal\/wp-content\/uploads\/2024\/03\/19100848\/563-380x217.jpg 380w, https:\/\/cj.estrategia.com\/portal\/wp-content\/uploads\/2024\/03\/19100848\/563-800x457.jpg 800w, https:\/\/cj.estrategia.com\/portal\/wp-content\/uploads\/2024\/03\/19100848\/563-1160x663.jpg 1160w, https:\/\/cj.estrategia.com\/portal\/wp-content\/uploads\/2024\/03\/19100848\/563-150x86.jpg 150w, https:\/\/cj.estrategia.com\/portal\/wp-content\/uploads\/2024\/03\/19100848\/563-scaled.jpg 2560w\" sizes=\"(max-width: 1024px) 100vw, 1024px\" \/><figcaption class=\"wp-element-caption\">Reclama\u00e7\u00e3o Constitucional para DPE-AC<\/figcaption><\/figure>\n<\/div>\n\n\n<p>Fala, pessoal, tudo certo? Hoje faremos um resumo sobre a Reclama\u00e7\u00e3o Constitucional para a DPE-AC (Defensoria P\u00fablica do Acre).<\/p>\n\n\n\n<p>Trata-se de assunto bem relevante da mat\u00e9ria de Direito Processual Civil!<\/p>\n\n\n\n<p>Como sabemos, o concurso p\u00fablico de Defensor da DPE-AC saiu com edital prevendo 11 vagas e sal\u00e1rio inicial de R$ 23.226,13. Al\u00e9m disso, a banca que est\u00e1 organizando o concurso \u00e9 a CEBRASPE (CESPE).<\/p>\n\n\n\n<p>Com efeito, n\u00e3o deixe de conferir <a href=\"https:\/\/cj.estrategia.com\/portal\/concurso-dpe-ac-defensor\/\" target=\"_blank\" >nosso artigo sobre a DPE-AC.<\/a><\/p>\n\n\n\n<p>Vamos ao que interessa!<\/p>\n\n\n\n<h2 class=\"wp-block-heading has-luminous-vivid-orange-color has-text-color has-link-color wp-elements-68140f7360d5050d78bbc0dac6bfd6fe\" id=\"h-reclamacao-constitucional\"><span id=\"reclamacao-constitucional\">Reclama\u00e7\u00e3o Constitucional<\/span><\/h2>\n\n\n\n<h3 class=\"wp-block-heading has-luminous-vivid-orange-color has-text-color has-link-color wp-elements-20de36a039638ed31b418c55efab8b95\" id=\"h-previsao-constitucional-e-legal\"><span id=\"previsao-constitucional-e-legal\">Previs\u00e3o constitucional e legal<\/span><\/h3>\n\n\n\n<p>Em primeiro lugar, \u00e9 importante destacar que a reclama\u00e7\u00e3o constitucional possui previs\u00e3o na CF quando prev\u00ea que o <strong>STF e os Tribunais Superiores<\/strong> possuem compet\u00eancia para processar e julgar a reclama\u00e7\u00e3o para a preserva\u00e7\u00e3o de sua compet\u00eancia e garantia da autoridade de suas decis\u00f5es.<\/p>\n\n\n\n<p>Com efeito, consta tanto dos <a href=\"https:\/\/www.planalto.gov.br\/ccivil_03\/constituicao\/constituicaocompilado.htm#:~:text=l)%20a%20reclama%C3%A7%C3%A3o%20para%20a%20preserva%C3%A7%C3%A3o%20de%20sua%20compet%C3%AAncia%20e%20garantia%20da%20autoridade%20de%20suas%20decis%C3%B5es%3B\" target=\"_blank\" >artigos 102, inciso I, al\u00ednea \u201cl\u201d<\/a>; <a href=\"https:\/\/www.planalto.gov.br\/ccivil_03\/constituicao\/constituicaocompilado.htm#:~:text=f)%20a%20reclama%C3%A7%C3%A3o%20para%20a%20preserva%C3%A7%C3%A3o%20de%20sua%20compet%C3%AAncia%20e%20garantia%20da%20autoridade%20de%20suas%20decis%C3%B5es%3B\" target=\"_blank\" >105, inciso I, al\u00ednea \u201cf\u201d<\/a>; quanto do <a href=\"https:\/\/www.planalto.gov.br\/ccivil_03\/constituicao\/constituicaocompilado.htm#:~:text=reclama%C3%A7%C3%A3o%20para%20a%20preserva%C3%A7%C3%A3o%20de%20sua%20compet%C3%AAncia%20e%20garantia%20da%20autoridade%20de%20suas%20decis%C3%B5es.\" target=\"_blank\" >artigo 111-A, \u00a7 3\u00ba<\/a>, a compet\u00eancia, respectivamente, do <strong>STF, STJ e TST<\/strong> para processar e julgar, originariamente, a reclama\u00e7\u00e3o para a preserva\u00e7\u00e3o de sua compet\u00eancia e garantia da autoridade de suas decis\u00f5es.<\/p>\n\n\n\n<p>Al\u00e9m disso, o <a href=\"https:\/\/www.planalto.gov.br\/ccivil_03\/constituicao\/constituicaocompilado.htm#:~:text=caber%C3%A1%20reclama%C3%A7%C3%A3o%20ao%20Supremo%20Tribunal%20Federal\" target=\"_blank\" >\u00a7 3\u00ba do artigo 103-A<\/a> da Constitui\u00e7\u00e3o tamb\u00e9m prev\u00ea a utiliza\u00e7\u00e3o da reclama\u00e7\u00e3o contra ato administrativo ou decis\u00e3o judicial que contrariar a s\u00famula aplic\u00e1vel ou que indevidamente a aplicar.\u00a0<\/p>\n\n\n\n<p>Em \u00e2mbito infraconstitucional, temos tanto o C\u00f3digo de Processo Civil, entre seus <a href=\"https:\/\/www.planalto.gov.br\/ccivil_03\/_ato2015-2018\/2015\/lei\/l13105.htm#:~:text=CAP%C3%8DTULO%20IX-,DA%20RECLAMA%C3%87%C3%83O,-Art.%20988.%20Caber%C3%A1\" target=\"_blank\" >artigos 988 e 993<\/a>, disciplinando a quest\u00e3o.<\/p>\n\n\n\n<p>Ademais, no que tange \u00e0s s\u00famulas vinculantes, o <a href=\"https:\/\/www.planalto.gov.br\/ccivil_03\/_ato2004-2006\/2006\/lei\/l11417.htm#:~:text=caber%C3%A1%20reclama%C3%A7%C3%A3o%20ao%20Supremo%20Tribunal%20Federal%2C\" target=\"_blank\" >artigo 7\u00ba da Lei 11.417\/2006<\/a> disciplina o cabimento da reclama\u00e7\u00e3o.<\/p>\n\n\n\n<h3 class=\"wp-block-heading has-luminous-vivid-orange-color has-text-color has-link-color wp-elements-26045ff570280d9ae0775f69c1f98c08\" id=\"h-natureza-juridica-e-conceito\"><span id=\"natureza-juridica-e-conceito\">Natureza jur\u00eddica e conceito<\/span><\/h3>\n\n\n\n<p>Primeiramente, vamos apontar a natureza jur\u00eddica da reclama\u00e7\u00e3o, para, ent\u00e3o, formularmos nosso conceito sobre o assunto.<\/p>\n\n\n\n<p>Com efeito, em senso contr\u00e1rio ao que disp\u00f5e o artigo 994 (que prev\u00ea as hip\u00f3teses recursais), vemos que a reclama\u00e7\u00e3o n\u00e3o est\u00e1 inclu\u00edda naquele rol.<\/p>\n\n\n\n<p>Portanto, uma primeira constata\u00e7\u00e3o que podemos fazer \u00e9 que <strong>a reclama\u00e7\u00e3o N\u00c3O \u00e9 um recurso<\/strong> do processo civil.\u00a0<\/p>\n\n\n\n<p>Nessa esteira, <strong>tamb\u00e9m N\u00c3O pode ser utilizada como suced\u00e2neo recursal<\/strong>. Ou seja, na falta de recurso cab\u00edvel, n\u00e3o pode ser utilizada em qualquer situa\u00e7\u00e3o para impugnar a decis\u00e3o que foi contr\u00e1ria ao interesse da parte.<\/p>\n\n\n\n<p>Contudo, Humberto Theodoro J\u00fanior aponta que, embora a reclama\u00e7\u00e3o esteja fora do sistema recursal, por vezes produz efeitos an\u00e1logos ao do recurso.\u00a0<\/p>\n\n\n\n<p>Por\u00e9m, n\u00e3o se engane: caso haja afirma\u00e7\u00e3o de que se pode utilizar a reclama\u00e7\u00e3o, nas hip\u00f3teses existentes, como recurso, essa afirma\u00e7\u00e3o estar\u00e1 errada.<\/p>\n\n\n\n<p>Sendo assim, de acordo com o autor, tem-se que <strong>a natureza jur\u00eddica da<\/strong> <strong>reclama\u00e7\u00e3o a aproxima mais de se qualificar como uma a\u00e7\u00e3o.\u00a0<\/strong><\/p>\n\n\n\n<p>Entretanto, \u00e9 importante mencionar que h\u00e1 precedente do STF entendendo que a reclama\u00e7\u00e3o situa-se no \u00e2mbito do direito constitucional de peti\u00e7\u00e3o, vide artigo 5\u00ba, inciso XXXIV da Constitui\u00e7\u00e3o Federal:<\/p>\n\n\n\n<blockquote class=\"wp-block-quote is-layout-flow wp-block-quote-is-layout-flow\">\n<p>A\u00c7\u00c3O DIRETA DE INCONSTITUCIONALIDADE. ARTIGO 108, INCISO VII, AL\u00cdNEA I DA CONSTITUI\u00c7\u00c3O DO ESTADO DO CEAR\u00c1 E ART. 21, INCISO VI, LETRA J DO REGIMENTO DO TRIBUNAL DE JUSTI\u00c7A LOCAL. PREVIS\u00c3O, NO \u00c2MBITO ESTADUAL, DO INSTITUTO DA RECLAMA\u00c7\u00c3O. INSTITUTO DE NATUREZA PROCESSUAL CONSTITUCIONAL, SITUADO NO \u00c2MBITO DO DIREITO DE PETI\u00c7\u00c3O PREVISTO NO ARTIGO 5\u00ba, INCISO XXXIV, AL\u00cdNEA A DA CONSTITUI\u00c7\u00c3O FEDERAL. INEXIST\u00caNCIA DE OFENSA AO ART. 22, INCISO I DA CARTA.<strong> 1. A natureza jur\u00eddica da reclama\u00e7\u00e3o n\u00e3o \u00e9 a de um recurso, de uma a\u00e7\u00e3o e nem de um incidente processual. Situa-se ela no \u00e2mbito do direito constitucional de peti\u00e7\u00e3o previsto no artigo 5\u00ba, inciso XXXIV da Constitui\u00e7\u00e3o Federal. Em consequ\u00eancia, a sua ado\u00e7\u00e3o pelo Estado-membro, pela via legislativa local, n\u00e3o implica em invas\u00e3o da compet\u00eancia privativa da Uni\u00e3o para legislar sobre direito processual (art. 22, I da CF). <\/strong>2. A reclama\u00e7\u00e3o constitui instrumento que, aplicado no \u00e2mbito dos Estados-membros, tem como objetivo evitar, no caso de ofensa \u00e0 autoridade de um julgado, o caminho tortuoso e demorado dos recursos previstos na legisla\u00e7\u00e3o processual, inegavelmente inconvenientes quando j\u00e1 tem a parte uma decis\u00e3o definitiva. Visa, tamb\u00e9m, \u00e0 preserva\u00e7\u00e3o da compet\u00eancia dos Tribunais de Justi\u00e7a estaduais, diante de eventual usurpa\u00e7\u00e3o por parte de Ju\u00edzo ou outro Tribunal local. <strong>3. A ado\u00e7\u00e3o desse instrumento pelos Estados-membros, al\u00e9m de estar em sintonia com o princ\u00edpio da simetria, est\u00e1 em conson\u00e2ncia com o princ\u00edpio da efetividade das decis\u00f5es judiciais. <\/strong>4. A\u00e7\u00e3o direta de inconstitucionalidade improcedente. (ADI 2212, Relator(a): ELLEN GRACIE, Tribunal Pleno, julgado em 02-10-2003, DJ 14-11-2003 PP-00014\u00a0 EMENT VOL-02132-13 PP-02403)<\/p>\n<\/blockquote>\n\n\n\n<p>Por sua vez, o <strong>conceito de reclama\u00e7\u00e3o<\/strong> dado por Humberto Theodoro \u00e9 de que se trata de <strong>rem\u00e9dio processual<\/strong> que, na dic\u00e7\u00e3o dos arts. 102, I, \u201cl\u201d, e 105, I, \u201cf\u201d, da Lei Maior,<strong> se presta a aparelhar a parte com um mecanismo processual adequado para denunciar<\/strong> \u00e0quelas Cortes Superiores atos ou decis\u00f5es ofensivas \u00e0 sua compet\u00eancia ou \u00e0 autoridade de suas decis\u00f5es.<\/p>\n\n\n\n<h3 class=\"wp-block-heading has-luminous-vivid-orange-color has-text-color has-link-color wp-elements-533832cdb8830df1be43b03f189db9ba\" id=\"h-hipoteses-de-cabimento-da-reclamacao\"><span id=\"hipoteses-de-cabimento-da-reclamacao\">Hip\u00f3teses de cabimento da reclama\u00e7\u00e3o<\/span><\/h3>\n\n\n\n<h4 class=\"wp-block-heading has-luminous-vivid-orange-color has-text-color has-link-color wp-elements-ac1005f73a0d791633f9d65efc2f3aa0\" id=\"h-breve-apontamento-sobre-a-nomenclatura\"><span id=\"breve-apontamento-sobre-a-nomenclatura\">Breve apontamento sobre a nomenclatura<\/span><\/h4>\n\n\n\n<p>De in\u00edcio, \u00e9 importante afirmar que <strong>n\u00e3o h\u00e1 diferen\u00e7a<\/strong> entre a \u201creclama\u00e7\u00e3o constitucional\u201d (hip\u00f3teses expressas na CF\/88) e aquelas constantes do artigo 998 do CPC.<\/p>\n\n\n\n<p>Portanto, podemos simplificar chamando de \u201creclama\u00e7\u00e3o\u201d como, inclusive, fez o CPC de 2015.<\/p>\n\n\n\n<p>Nesse sentido, Humberto Theodoro J\u00fanior aponta que <em>\u201co que fez o NCPC foi apenas ampliar a aplica\u00e7\u00e3o do mesmo instrumento processual para defesa da compet\u00eancia e da autoridade das decis\u00f5es de todos os tribunais\u201d<\/em>.<\/p>\n\n\n\n<p>Isso porque o C\u00f3digo de Processo Civil de 1973 n\u00e3o trazia a previs\u00e3o de reclama\u00e7\u00e3o, embora j\u00e1 constasse de entendimento do STF que os Estados poderiam adotar o instrumento, conforme precedente que colacionamos acima.<\/p>\n\n\n\n<p>Com efeito, a parte inicial do \u00a7 1\u00ba do artigo 988 do CPC disp\u00f5e que<em> \u201c<\/em><strong><em>A reclama\u00e7\u00e3o pode ser proposta perante qualquer tribunal\u201d<\/em>.<\/strong><\/p>\n\n\n\n<h4 class=\"wp-block-heading has-luminous-vivid-orange-color has-text-color has-link-color wp-elements-5e3990a141542c07e25a439ed13e196f\" id=\"h-hipoteses-de-cabimento\"><span id=\"hipoteses-de-cabimento\">Hip\u00f3teses de cabimento<\/span><\/h4>\n\n\n\n<p>Sendo assim, vamos ver as hip\u00f3teses de cabimento da reclama\u00e7\u00e3o constantes do CPC:<\/p>\n\n\n\n<blockquote class=\"wp-block-quote is-layout-flow wp-block-quote-is-layout-flow\">\n<p>Art. 988. Caber\u00e1 reclama\u00e7\u00e3o da parte interessada ou do Minist\u00e9rio P\u00fablico para:<\/p>\n\n\n\n<p>I \u2013 preservar a compet\u00eancia do tribunal;<\/p>\n\n\n\n<p>II \u2013 garantir a autoridade das decis\u00f5es do tribunal;<\/p>\n\n\n\n<p>III \u2013 garantir a observ\u00e2ncia de enunciado de s\u00famula vinculante e de decis\u00e3o do Supremo Tribunal Federal em controle concentrado de constitucionalidade;\u00a0\u00a0\u00a0\u00a0\u00a0\u00a0\u00a0\u00a0\u00a0\u00a0<\/p>\n\n\n\n<p>IV \u2013 garantir a observ\u00e2ncia de ac\u00f3rd\u00e3o proferido em julgamento de incidente de resolu\u00e7\u00e3o de demandas repetitivas ou de incidente de assun\u00e7\u00e3o de compet\u00eancia;<\/p>\n<\/blockquote>\n\n\n\n<p>Como se v\u00ea, as hip\u00f3teses constantes dos incisos I e II s\u00e3o aquelas mesmas que vimos na Constitui\u00e7\u00e3o Federal.\u00a0<\/p>\n\n\n\n<p>Portanto, enquanto a preserva\u00e7\u00e3o da compet\u00eancia diz respeito ao Tribunal assegurar que ele ser\u00e1 o respons\u00e1vel por processar e julgar os feitos previstos como de sua compet\u00eancia, a garantia da autoridade de suas decis\u00f5es relaciona-se com o Tribunal assegurar que aquilo que decidiu se efetivar\u00e1.<\/p>\n\n\n\n<p>Al\u00e9m disso, o inciso III representa bem a previs\u00e3o do \u00a7 3\u00ba do artigo 103-A da CF, mas tamb\u00e9m acrescenta a decis\u00e3o do Supremo Tribunal Federal em controle concentrado de constitucionalidade como paradigma.<\/p>\n\n\n\n<p>Por sua vez, o inciso IV refere-se aos casos de IRDR e IAC, que s\u00e3o incidentes processuais que podem ser instaurados no \u00e2mbito de qualquer Tribunal visando \u00e0 resolu\u00e7\u00e3o de demandas repetitivas ou que envolvam relevante quest\u00e3o de direito, com grande repercuss\u00e3o social.<\/p>\n\n\n\n<p>Por fim, \u00e9 importante destacar que o \u00a7 4\u00ba do artigo 988 afirma que:<\/p>\n\n\n\n<blockquote class=\"wp-block-quote is-layout-flow wp-block-quote-is-layout-flow\">\n<p>\u00a7 4\u00ba As hip\u00f3teses dos <strong>incisos III e IV<\/strong> compreendem a <strong>aplica\u00e7\u00e3o indevida da tese jur\u00eddica<\/strong> e sua n\u00e3o aplica\u00e7\u00e3o aos casos que a ela correspondam.<\/p>\n<\/blockquote>\n\n\n\n<p>Vejam, portanto, que apenas cabe reclama\u00e7\u00e3o quando a aplica\u00e7\u00e3o da tese for indevida. Caso coubesse reclama\u00e7\u00e3o em qualquer caso, na verdade estar\u00edamos diante de um instituto jur\u00eddico praticamente igual a um recurso, o que n\u00e3o \u00e9 o caso.<\/p>\n\n\n\n<h3 class=\"wp-block-heading has-luminous-vivid-orange-color has-text-color has-link-color wp-elements-704a872bcf0b961e3a41a469a3c73cd3\" id=\"h-competencia-e-legitimidade\"><span id=\"competencia-e-legitimidade\">Compet\u00eancia e Legitimidade<\/span><\/h3>\n\n\n\n<p>Como j\u00e1 dito, a reclama\u00e7\u00e3o pode ser proposta perante qualquer tribunal.\u00a0<\/p>\n\n\n\n<p>Al\u00e9m disso, ser\u00e1 competente para seu julgamento o <strong>\u00f3rg\u00e3o jurisdicional cuja compet\u00eancia se busca preservar ou cuja autoridade se pretenda garantir.<\/strong><\/p>\n\n\n\n<p>Portanto, se, por exemplo, quero que a decis\u00e3o judicial respeite o quanto decidido pelo Tribunal de Justi\u00e7a de S\u00e3o Paulo no \u00e2mbito de um IRDR, devo propor a reclama\u00e7\u00e3o perante o pr\u00f3prio TJSP.<\/p>\n\n\n\n<p>Ademais, o CPC indica que s\u00e3o que <strong>a parte interessada<\/strong> ou <strong>o Minist\u00e9rio P\u00fablico<\/strong> podem propor a reclama\u00e7\u00e3o.<\/p>\n\n\n\n<p>Veja que a Defensoria P\u00fablica\u00a0<\/p>\n\n\n\n<h3 class=\"wp-block-heading has-luminous-vivid-orange-color has-text-color has-link-color wp-elements-2580e0ae15a87cf7fbf66ca0873ac045\" id=\"h-procedimento-da-reclamacao\"><span id=\"procedimento-da-reclamacao\">Procedimento da reclama\u00e7\u00e3o<\/span><\/h3>\n\n\n\n<p>Com efeito, vamos ver como ocorre o procedimento da reclama\u00e7\u00e3o (propositura e tramita\u00e7\u00e3o):<\/p>\n\n\n\n<figure class=\"wp-block-table\"><table><tbody><tr><td class=\"has-text-align-center\" data-align=\"center\"><strong>Previs\u00e3o do CPC<\/strong><\/td><td class=\"has-text-align-center\" data-align=\"center\"><strong>Coment\u00e1rio<\/strong><\/td><\/tr><tr><td class=\"has-text-align-center\" data-align=\"center\">Em primeiro lugar, o reclamante deve instruir sua pe\u00e7a com prova <strong>DOCUMENTAL <\/strong>e dirigi-la ao <strong>PRESIDENTE <\/strong>do Tribunal<\/td><td class=\"has-text-align-center\" data-align=\"center\">Repare que, como se trata de quest\u00e3o exclusivamente de direito <em>(compet\u00eancia, cumprimento de decis\u00e3o e aplica\u00e7\u00e3o indevida de tese), <\/em>apenas se admite prova documental.<br><br>Al\u00e9m disso, embora n\u00e3o seja o respons\u00e1vel pelo julgamento, deve-se dirigir a reclama\u00e7\u00e3o ao Presidente do \u00f3rg\u00e3o jurisdicional.<\/td><\/tr><tr><td class=\"has-text-align-center\" data-align=\"center\">Al\u00e9m disso, uma vez recebida, a reclama\u00e7\u00e3o ser\u00e1 <strong>autuada <\/strong>e <strong>distribu\u00edda ao relator do processo principal<\/strong>, sempre que poss\u00edvel.<\/td><td class=\"has-text-align-center\" data-align=\"center\">Caso n\u00e3o seja poss\u00edvel distribuir ao relator do processo principal, muito provavelmente o regimento interno do Tribunal respectivo atribuir\u00e1 a quem substituiu o relator.<\/td><\/tr><tr><td class=\"has-text-align-center\" data-align=\"center\">Art. 989. Ao despachar a reclama\u00e7\u00e3o, o relator:<br>I \u2013 requisitar\u00e1 informa\u00e7\u00f5es da autoridade a quem for imputada a pr\u00e1tica do ato impugnado, que as prestar\u00e1 no prazo de 10 (dez) dias;<br>II \u2013 se necess\u00e1rio, ordenar\u00e1 a suspens\u00e3o do processo ou do ato impugnado para evitar dano irrepar\u00e1vel;<br>III \u2013 determinar\u00e1 a cita\u00e7\u00e3o do benefici\u00e1rio da decis\u00e3o impugnada, que ter\u00e1 prazo de 15 (quinze) dias para apresentar a sua contesta\u00e7\u00e3o.<br>Art. 990. Qualquer interessado poder\u00e1 impugnar o pedido do reclamante.<\/td><td class=\"has-text-align-center\" data-align=\"center\">O inciso I diz respeito \u00e0 requisi\u00e7\u00e3o de informa\u00e7\u00f5es para <strong>instru\u00e7\u00e3o <\/strong>da reclama\u00e7\u00e3o.<br><br>J\u00e1 o inciso II diz respeito \u00e0 <strong>possibilidade de suspens\u00e3o liminar da decis\u00e3o reclamada<\/strong>, com vistas a evitar dano irrepar\u00e1vel.<br><br>Por fim, o inciso III menciona a <strong>cita\u00e7\u00e3o <\/strong>da parte contr\u00e1ria, que ter\u00e1 <strong>15 dias para contestar a reclama\u00e7\u00e3o.<\/strong><br><br>No entanto, conforme o artigo 990, <strong>qualquer um pode impugnar a reclama\u00e7\u00e3o<\/strong>.<\/td><\/tr><tr><td class=\"has-text-align-center\" data-align=\"center\">Na reclama\u00e7\u00e3o que n\u00e3o houver formulado, o Minist\u00e9rio P\u00fablico ter\u00e1 vista do processo por 5 (cinco) dias.<\/td><td class=\"has-text-align-center\" data-align=\"center\">Esses 05 dias iniciam-se ap\u00f3s o prazo para informa\u00e7\u00f5es e para o oferecimento da contesta\u00e7\u00e3o.<\/td><\/tr><\/tbody><\/table><\/figure>\n\n\n\n<h3 class=\"wp-block-heading has-luminous-vivid-orange-color has-text-color has-link-color wp-elements-0b5361ea64fd9a3b4da5c782009f3e9d\" id=\"h-julgamento-da-reclamacao\"><span id=\"julgamento-da-reclamacao\">Julgamento da reclama\u00e7\u00e3o<\/span><\/h3>\n\n\n\n<h4 class=\"wp-block-heading has-luminous-vivid-orange-color has-text-color has-link-color wp-elements-98d97e28c5343ed19ea7386fd29d7b4c\" id=\"h-procedencia-e-improcedencia\"><span id=\"procedencia-e-improcedencia\">Proced\u00eancia e Improced\u00eancia<\/span><\/h4>\n\n\n\n<p>Como qualquer feito no \u00e2mbito judicial, a reclama\u00e7\u00e3o pode ser, no final, considerada procedente ou improcedente.<\/p>\n\n\n\n<p>Com efeito, no caso de improced\u00eancia, a decis\u00e3o impugnada permanece a mesma.\u00a0<\/p>\n\n\n\n<p>No entanto, caso o Tribunal julgue procedente a reclama\u00e7\u00e3o, <strong>cassar\u00e1 a decis\u00e3o <\/strong>exorbitante de seu julgado<strong> ou determinar\u00e1 medida adequada <\/strong>\u00e0 solu\u00e7\u00e3o da controv\u00e9rsia.<\/p>\n\n\n\n<p>Nesse sentido, o artigo 993 do CPC afirma que o presidente do tribunal determinar\u00e1 o imediato cumprimento da decis\u00e3o, lavrando-se o ac\u00f3rd\u00e3o posteriormente.<\/p>\n\n\n\n<p>Sobre isso, Humberto Theodoro J\u00fanior comenta que <strong>o julgamento gera efeitos imediatos,<\/strong><\/p>\n\n\n\n<p><strong>independentemente da publica\u00e7\u00e3o do ac\u00f3rd\u00e3o, <\/strong>sendo emitida, na pr\u00f3pria sess\u00e3o de julgamento, ordem execut\u00f3ria da resolu\u00e7\u00e3o.<\/p>\n\n\n\n<h4 class=\"wp-block-heading\" id=\"h-inadmissibilidade-de-reclamacao\"><span id=\"inadmissibilidade-de-reclamacao\">Inadmissibilidade de reclama\u00e7\u00e3o<\/span><\/h4>\n\n\n\n<p>No entanto, h\u00e1 casos em que N\u00c3O se admite a reclama\u00e7\u00e3o:<\/p>\n\n\n\n<blockquote class=\"wp-block-quote is-layout-flow wp-block-quote-is-layout-flow\">\n<p>\u00a7 5\u00ba \u00c9 inadmiss\u00edvel a reclama\u00e7\u00e3o:\u00a0\u00a0\u00a0\u00a0\u00a0\u00a0\u00a0\u00a0\u00a0\u00a0\u00a0\u00a0\u00a0<\/p>\n\n\n\n<p>I \u2013 proposta ap\u00f3s o tr\u00e2nsito em julgado da decis\u00e3o reclamada;\u00a0\u00a0\u00a0\u00a0\u00a0\u00a0\u00a0\u00a0\u00a0<\/p>\n\n\n\n<p>II \u2013 proposta para garantir a observ\u00e2ncia de ac\u00f3rd\u00e3o de recurso extraordin\u00e1rio com repercuss\u00e3o geral reconhecida ou de ac\u00f3rd\u00e3o proferido em julgamento de recursos extraordin\u00e1rio ou especial repetitivos, quando n\u00e3o esgotadas as inst\u00e2ncias ordin\u00e1rias. \u00a0 \u00a0 \u00a0<\/p>\n<\/blockquote>\n\n\n\n<p>O primeiro deles \u00e9 quando se prop\u00f5e a reclama\u00e7\u00e3o <strong>ap\u00f3s o tr\u00e2nsito em julgado da decis\u00e3o reclamada<\/strong>.<\/p>\n\n\n\n<p>Isso porque o tr\u00e2nsito em julgado \u00e9 o que se chama de <strong>preclus\u00e3o m\u00e1xima<\/strong>.\u00a0<\/p>\n\n\n\n<p>Sendo assim, se a parte n\u00e3o recorre ou, no nosso caso, n\u00e3o reclama da decis\u00e3o no momento oportuno para tanto, entende-se que houve conformismo com a decis\u00e3o e, assim como nos recursos, n\u00e3o h\u00e1 mais possibilidade de discuss\u00e3o ap\u00f3s o tr\u00e2nsito em julgado.<\/p>\n\n\n\n<p>Sobre o assunto, Humberto Theodoro J\u00fanior comenta que <strong>a coisa julgada impede a reclama\u00e7\u00e3o<\/strong>, mas que <strong>o risco de que tal ocorra pode ser prevenido por meio de liminar<\/strong>, que suspenda o ato impugnado, impedindo assim venha a ser acobertado pela coisa julgada antes do julgamento da reclama\u00e7\u00e3o, conforme vimos acima no art. 989, inciso II, do CPC.<\/p>\n\n\n\n<p>O segundo caso \u00e9 quando se prop\u00f5e a reclama\u00e7\u00e3o, <strong>antes de esgotar as inst\u00e2ncias ordin\u00e1rias, <\/strong>para garantir a observ\u00e2ncia de ac\u00f3rd\u00e3o de recurso extraordin\u00e1rio com repercuss\u00e3o geral reconhecida ou de ac\u00f3rd\u00e3o proferido em julgamento de recursos extraordin\u00e1rio ou especial repetitivos.<\/p>\n\n\n\n<p>Entretanto, se retornarmos nas hip\u00f3teses de cabimento da reclama\u00e7\u00e3o constantes do artigo 988, vemos que, ap\u00f3s a Lei 13.256\/2016, n\u00e3o h\u00e1 previs\u00e3o para garantir observ\u00e2ncia de ac\u00f3rd\u00e3o em RE com repercuss\u00e3o geral ou em RExt ou REsp repetitivos.<\/p>\n\n\n\n<p>Sobre o assunto, vale transcrever a Ementa da Reclama\u00e7\u00e3o n\u00ba 36.476 do Superior Tribunal de Justi\u00e7a, em raz\u00e3o da explica\u00e7\u00e3o valiosa que traz:<\/p>\n\n\n\n<blockquote class=\"wp-block-quote is-layout-flow wp-block-quote-is-layout-flow\">\n<p class=\"has-small-font-size\">RECLAMA\u00c7\u00c3O. RECURSO ESPECIAL AO QUAL O TRIBUNAL DE ORIGEM NEGOU SEGUIMENTO, COM FUNDAMENTO NA CONFORMIDADE ENTRE O AC\u00d3RD\u00c3O RECORRIDO E A ORIENTA\u00c7\u00c3O FIRMADA PELO STJ EM RECURSO ESPECIAL REPETITIVO (RESP 1.301.989\/RS \u2013 TEMA 658). INTERPOSI\u00c7\u00c3O DE AGRAVO INTERNO NO TRIBUNAL LOCAL. DESPROVIMENTO. RECLAMA\u00c7\u00c3O QUE SUSTENTA A INDEVIDA APLICA\u00c7\u00c3O DA TESE, POR SE TRATAR DE HIP\u00d3TESE F\u00c1TICA DISTINTA. DESCABIMENTO. PETI\u00c7\u00c3O INICIAL. INDEFERIMENTO. EXTIN\u00c7\u00c3O DO PROCESSO SEM RESOLU\u00c7\u00c3O DO M\u00c9RITO.<\/p>\n\n\n\n<p class=\"has-small-font-size\">1. Cuida-se de reclama\u00e7\u00e3o ajuizada contra ac\u00f3rd\u00e3o do TJ\/SP que, em sede de agravo interno, manteve a decis\u00e3o que negou seguimento ao recurso especial interposto pelos reclamantes, em raz\u00e3o da conformidade do ac\u00f3rd\u00e3o recorrido com o entendimento firmado pelo STJ no REsp 1.301.989\/RS, julgado sob o regime dos recursos especiais repetitivos (Tema 658).<\/p>\n\n\n\n<p class=\"has-small-font-size\">2. Em sua reda\u00e7\u00e3o original, o art. 988, IV, do CPC\/2015 previa o cabimento de reclama\u00e7\u00e3o para garantir a observ\u00e2ncia de precedente proferido em julgamento de \u201ccasos repetitivos\u201d, os quais, conforme o disposto no art. 928 do C\u00f3digo, abrangem o incidente de resolu\u00e7\u00e3o de demandas repetitivas (IRDR) e os recursos especial e extraordin\u00e1rio repetitivos.<\/p>\n\n\n\n<p class=\"has-small-font-size\"><strong>3. Todavia, ainda no per\u00edodo de vacatio legis do CPC\/15, o art. 988, IV, foi modificado pela Lei 13.256\/2016: a anterior previs\u00e3o de reclama\u00e7\u00e3o para garantir a observ\u00e2ncia de precedente oriundo de \u201ccasos repetitivos\u201d foi exclu\u00edda, passando a constar, nas hip\u00f3teses de cabimento, apenas o precedente oriundo de IRDR, que \u00e9 esp\u00e9cie daquele.<\/strong><\/p>\n\n\n\n<p class=\"has-small-font-size\"><strong>4. Houve, portanto, a supress\u00e3o do cabimento da reclama\u00e7\u00e3o para a observ\u00e2ncia de ac\u00f3rd\u00e3o proferido em recursos especial e extraordin\u00e1rio repetitivos, em que pese a mesma Lei 13.256\/2016, paradoxalmente, tenha acrescentado um pressuposto de admissibilidade \u2013 consistente no esgotamento das inst\u00e2ncias ordin\u00e1rias \u2013 \u00e0 hip\u00f3tese que acabara de excluir.<\/strong><\/p>\n\n\n\n<p class=\"has-small-font-size\"><strong>5. Sob um aspecto topol\u00f3gico, \u00e0 luz do disposto no art. 11 da LC 95\/98, n\u00e3o h\u00e1 coer\u00eancia e l\u00f3gica em se afirmar que o par\u00e1grafo 5\u00ba, II, do art. 988 do CPC, com a reda\u00e7\u00e3o dada pela Lei 13.256\/2016, veicularia uma nova hip\u00f3tese de cabimento da reclama\u00e7\u00e3o. Estas hip\u00f3teses foram elencadas pelos incisos do caput, sendo que, por outro lado, o par\u00e1grafo se inicia, ele pr\u00f3prio, anunciando que trataria de situa\u00e7\u00f5es de inadmissibilidade da reclama\u00e7\u00e3o.<\/strong><\/p>\n\n\n\n<p class=\"has-small-font-size\">6. De outro turno, a investiga\u00e7\u00e3o do contexto jur\u00eddico-pol\u00edtico em que editada a Lei 13.256\/2016 revela que, dentre outras quest\u00f5es, a norma efetivamente visou ao fim da reclama\u00e7\u00e3o dirigida ao STJ e ao STF para o controle da aplica\u00e7\u00e3o dos ac\u00f3rd\u00e3os sobre quest\u00f5es repetitivas, tratando-se de op\u00e7\u00e3o de pol\u00edtica judici\u00e1ria para desafogar os trabalhos nas Cortes de superposi\u00e7\u00e3o.<\/p>\n\n\n\n<p class=\"has-small-font-size\">7. Outrossim, a admiss\u00e3o da reclama\u00e7\u00e3o na hip\u00f3tese em comento atenta contra a finalidade da institui\u00e7\u00e3o do regime dos recursos especiais repetitivos, que surgiu como mecanismo de racionaliza\u00e7\u00e3o da presta\u00e7\u00e3o jurisdicional do STJ, perante o fen\u00f4meno social da massifica\u00e7\u00e3o dos lit\u00edgios.<\/p>\n\n\n\n<p class=\"has-small-font-size\">8. Nesse regime, o STJ se desincumbe de seu m\u00fanus constitucional definindo, por uma vez, mediante julgamento por amostragem, a interpreta\u00e7\u00e3o da Lei federal que deve ser obrigatoriamente observada pelas inst\u00e2ncias ordin\u00e1rias. Uma vez uniformizado o direito, \u00e9 dos ju\u00edzes e Tribunais locais a incumb\u00eancia de aplica\u00e7\u00e3o individualizada da tese jur\u00eddica em cada caso concreto.<\/p>\n\n\n\n<p class=\"has-small-font-size\">9. Em tal sistem\u00e1tica, a aplica\u00e7\u00e3o em concreto do precedente n\u00e3o est\u00e1 imune \u00e0 revis\u00e3o, que se d\u00e1 na via recursal ordin\u00e1ria, at\u00e9 eventualmente culminar no julgamento, no \u00e2mbito do Tribunal local, do agravo interno de que trata o art. 1.030, \u00a7 2\u00ba, do CPC\/15.<\/p>\n\n\n\n<p class=\"has-small-font-size\">10. Peti\u00e7\u00e3o inicial da reclama\u00e7\u00e3o indeferida, com a extin\u00e7\u00e3o do processo sem resolu\u00e7\u00e3o do m\u00e9rito.<\/p>\n\n\n\n<p class=\"has-small-font-size\">(Rcl n. 36.476\/SP, relatora Ministra Nancy Andrighi, Corte Especial, julgado em 5\/2\/2020, DJe de 6\/3\/2020.)<\/p>\n<\/blockquote>\n\n\n\n<p>Nesse sentido, v\u00ea-se que o STJ entende que <strong>a reclama\u00e7\u00e3o N\u00c3O \u00e9 instrumento adequado para o controle da aplica\u00e7\u00e3o dos entendimentos firmados pelo Superior Tribunal de Justi\u00e7a em recursos especiais repetitivos, ainda que tenha ocorrido esgotamento pr\u00e9vio das inst\u00e2ncias ordin\u00e1rias<\/strong> (artigo 988, IV, e \u00a7 5\u00ba, II, do C\u00f3digo de Processo Civil de 2015.<\/p>\n\n\n\n<p>A prop\u00f3sito:<\/p>\n\n\n\n<blockquote class=\"wp-block-quote is-layout-flow wp-block-quote-is-layout-flow\">\n<p class=\"has-small-font-size\">AGRAVO INTERNO NO AGRAVO INTERNO NA RECLAMA\u00c7\u00c3O. PROCESSUAL CIVIL. RECURSO ESPECIAL REPETITIVO. INST\u00c2NCIAS ORDIN\u00c1RIAS. TESE. APLICA\u00c7\u00c3O INADEQUADA. PRECEDENTES OBRIGAT\u00d3RIOS NO SUPERIOR TRIBUNAL DE JUSTI\u00c7A. OBSERV\u00c2NCIA. CONTROLE. INSTRUMENTO RECLAMAT\u00d3RIO. VIA INADEQUADA. UTILIZA\u00c7\u00c3O DO SISTEMA RECURSAL OU DA A\u00c7\u00c3O RESCIS\u00d3RIA.<\/p>\n\n\n\n<p class=\"has-small-font-size\">1. A reclama\u00e7\u00e3o n\u00e3o \u00e9 instrumento adequado para o controle da aplica\u00e7\u00e3o dos entendimentos firmados pelo Superior Tribunal de Justi\u00e7a em recursos especiais repetitivos, ainda que tenha ocorrido esgotamento pr\u00e9vio das inst\u00e2ncias ordin\u00e1rias (art. 988, IV, e \u00a7 5\u00ba, II, do C\u00f3digo de Processo Civil de 2015). Precedente da Corte Especial.<\/p>\n\n\n\n<p class=\"has-small-font-size\">2. Eventual aplica\u00e7\u00e3o err\u00f4nea de Teses Repetitivas em casos concretos pelas inst\u00e2ncias ordin\u00e1rias somente poder\u00e1 ser corrigida pelo pr\u00f3prio sistema recursal, com observ\u00e2ncia dos arts. 1.030, \u00a7 2\u00ba, e 1.042 do CPC\/2015, ou pela via da a\u00e7\u00e3o rescis\u00f3ria, na hip\u00f3tese do art. 966, V, \u00a7\u00a7 5\u00ba e 6\u00ba, do CPC\/2015.<\/p>\n\n\n\n<p class=\"has-small-font-size\">3. Agravo interno n\u00e3o provido.<\/p>\n\n\n\n<p class=\"has-small-font-size\">(AgInt no AgInt na Rcl n. 36.795\/DF, relator Ministro Ricardo Villas B\u00f4as Cueva, Segunda Se\u00e7\u00e3o, julgado em 2\/3\/2021, DJe de 9\/3\/2021.)<\/p>\n<\/blockquote>\n\n\n\n<h2 class=\"wp-block-heading has-luminous-vivid-orange-color has-text-color has-link-color wp-elements-85c5bfb929a65e6023403dfcbdc1e52f\" id=\"h-conclusao\"><span id=\"conclusao\">Conclus\u00e3o<\/span><\/h2>\n\n\n\n<p>Portanto, pessoal, esse foi nosso breve resumo sobre a Reclama\u00e7\u00e3o Constitucional para a DPE-AC (Defensoria P\u00fablica do Acre).<\/p>\n\n\n\n<p>Por fim, considerando que n\u00e3o esgotamos aqui o tema, n\u00e3o deixe de revisar o assunto em seu material de estudos e praticar com diversas quest\u00f5es sobre o tema.<\/p>\n\n\n\n<p>No mais, desejamos uma excelente prova a todos!!<\/p>\n\n\n\n<p class=\"has-text-align-center\" id=\"h-quer-saber-tudo-sobre-concursos-previstos\"><strong>Quer saber quais ser\u00e3o os pr\u00f3ximos concursos?<\/strong><\/p>\n\n\n\n<p class=\"has-text-align-center\"><strong>Confira nossos artigos!<\/strong><\/p>\n\n\n\n<p class=\"has-text-align-center has-white-color has-pale-cyan-blue-background-color has-text-color has-background\"><a href=\"https:\/\/www.estrategiaconcursos.com.br\/blog\/concursos-abertos\/\" target=\"_blank\" >Confira os concursos p\u00fablicos abertos<\/a><\/p>\n\n\n\n<p class=\"has-text-align-center has-white-color has-pale-cyan-blue-background-color has-text-color has-background\"><a href=\"https:\/\/www.estrategiaconcursos.com.br\/blog\/concursos-2024\/\" target=\"_blank\" >Concursos 2024<\/a><\/p>\n\n\n\n<h3 class=\"wp-block-heading\" id=\"assinatura-de-concursos\">Assinatura de Concursos<\/h3>\n\n\n\n<p>Assinatura de 1 ano ou 2 anos <a href=\"https:\/\/www.estrategiaconcursos.com.br\/assinaturas\/\" target=\"_blank\" >ASSINE AGORA<\/a><\/p>\n\n\n\n<p>Agora, confira as vagas e oportunidades dos\u00a0<strong>concursos 2024<\/strong>\u00a0navegando atrav\u00e9s do \u00edndice abaixo:<\/p>\n\n\n\n<h2 class=\"wp-block-heading\" id=\"concursos-e-vagas-previstas-para-2023\"><span id=\"concursos-e-vagas-previstas-para-2024\">Concursos e vagas previstas para 2024:<\/span><\/h2>\n\n\n\n<p>Ademais, al\u00e9m deste resumo sobre a Reclama\u00e7\u00e3o Constitucional para DPE-AC, confira:<\/p>\n\n\n\n<ul class=\"wp-block-list\">\n<li><a href=\"https:\/\/www.estrategiaconcursos.com.br\/blog\/concursos-2023\/#policial\" target=\"_blank\" >Concursos Policiais<\/a><\/li>\n\n\n\n<li><a href=\"https:\/\/www.estrategiaconcursos.com.br\/blog\/concursos-2023\/#fiscal\" target=\"_blank\" >Concursos Fiscais<\/a><\/li>\n\n\n\n<li><a href=\"https:\/\/www.estrategiaconcursos.com.br\/blog\/concursos-2023\/#controle\" target=\"_blank\" >Concursos Controle<\/a><\/li>\n\n\n\n<li><a href=\"https:\/\/www.estrategiaconcursos.com.br\/blog\/concursos-2023\/#tribunais\" target=\"_blank\" >Concursos Tribunais<\/a><\/li>\n\n\n\n<li><a href=\"https:\/\/www.estrategiaconcursos.com.br\/blog\/concursos-2023\/#ministerios-publicos\" target=\"_blank\" >Concursos em Minist\u00e9rios P\u00fablicos<\/a><\/li>\n\n\n\n<li><a href=\"https:\/\/www.estrategiaconcursos.com.br\/blog\/concursos-2023\/#defensorias-publicas\" target=\"_blank\" >Concursos em Defensorias<\/a><\/li>\n\n\n\n<li><a href=\"https:\/\/www.estrategiaconcursos.com.br\/blog\/concursos-2023\/#legislativa\" target=\"_blank\" >Concursos Legislativos<\/a><\/li>\n\n\n\n<li><a href=\"https:\/\/www.estrategiaconcursos.com.br\/blog\/concursos-2023\/#saude\" target=\"_blank\" >Concursos da \u00e1rea da Sa\u00fade<\/a><\/li>\n\n\n\n<li><a href=\"https:\/\/www.estrategiaconcursos.com.br\/blog\/concursos-2023\/#bancaria\" target=\"_blank\" >Concursos da \u00e1rea banc\u00e1ria<\/a><\/li>\n\n\n\n<li><a href=\"https:\/\/www.estrategiaconcursos.com.br\/blog\/concursos-2023\/#educacao\" target=\"_blank\" >Concursos da \u00e1rea da Educa\u00e7\u00e3o<\/a><\/li>\n\n\n\n<li><a href=\"https:\/\/www.estrategiaconcursos.com.br\/blog\/concursos-2023\/#prefeituras\" target=\"_blank\" >Concursos para Prefeituras<\/a><\/li>\n\n\n\n<li><a href=\"https:\/\/www.estrategiaconcursos.com.br\/blog\/concursos-2023\/#outros\" target=\"_blank\" >Concursos outras oportunidades<\/a><\/li>\n<\/ul>\n\n\n\n<p class=\"has-text-align-center has-luminous-vivid-amber-background-color has-background\" style=\"font-size:22px\"><strong>Veja tamb\u00e9m: <a href=\"https:\/\/www.estrategiaconcursos.com.br\/blog\/concursos-abertos\/\" target=\"_blank\" >Concursos Abertos<\/a><\/strong><\/p>\n\n\n\n<p class=\"has-text-align-left\" style=\"font-size:25px\"><em><strong>Quer saber tudo sobre os concursos previstos? Confira nossos artigos completos:<\/strong><\/em><\/p>\n\n\n\n<p>Ademais, al\u00e9m deste resumo sobre a Reclama\u00e7\u00e3o Constitucional para DPE-AC, confira:<\/p>\n\n\n\n<ul class=\"wp-block-list\">\n<li><a href=\"https:\/\/www.estrategiaconcursos.com.br\/blog\/concursos-2024\/\" target=\"_blank\" >Concursos 2024<\/a><\/li>\n\n\n\n<li><a href=\"https:\/\/www.estrategiaconcursos.com.br\/blog\/concurso-nacional-unificado\/\" target=\"_blank\" >Concurso Nacional Unificado (CNU)<\/a><\/li>\n<\/ul>\n","protected":false},"excerpt":{"rendered":"Fala, pessoal, tudo certo? Hoje faremos um resumo sobre a Reclama\u00e7\u00e3o Constitucional para a DPE-AC (Defensoria P\u00fablica do&hellip;\n","protected":false},"author":39,"featured_media":58413,"comment_status":"open","ping_status":"open","sticky":false,"template":"","format":"standard","meta":{"_jetpack_memberships_contains_paid_content":false,"footnotes":""},"categories":[1,27],"tags":[],"tax_estado":[30,36],"class_list":{"0":"post-58412","1":"post","2":"type-post","3":"status-publish","4":"format-standard","5":"has-post-thumbnail","7":"category-carreiras-juridicas","8":"category-defensoria","9":"tax_estado-ac","10":"tax_estado-concursos-federais"},"acf":[],"yoast_head":"<!-- This site is optimized with the Yoast SEO Premium plugin v27.5 (Yoast SEO v27.5) - https:\/\/yoast.com\/product\/yoast-seo-premium-wordpress\/ -->\n<title>Reclama\u00e7\u00e3o Constitucional para DPE-AC<\/title>\n<meta name=\"description\" content=\"Confira este resumo com as principais informa\u00e7\u00f5es sobre a Reclama\u00e7\u00e3o Constitucional para a DPE-AC (Defensoria P\u00fablica do Acre).\" \/>\n<meta name=\"robots\" content=\"index, follow, max-snippet:-1, max-image-preview:large, max-video-preview:-1\" \/>\n<link rel=\"canonical\" href=\"https:\/\/cj.estrategia.com\/portal\/reclamacao-constitucional-dpe-ac\/\" \/>\n<meta property=\"og:locale\" content=\"pt_BR\" \/>\n<meta property=\"og:type\" content=\"article\" \/>\n<meta property=\"og:title\" content=\"Reclama\u00e7\u00e3o Constitucional para DPE-AC\" \/>\n<meta property=\"og:description\" content=\"Confira este resumo com as principais informa\u00e7\u00f5es sobre a Reclama\u00e7\u00e3o Constitucional para a DPE-AC (Defensoria P\u00fablica do Acre).\" \/>\n<meta property=\"og:url\" content=\"https:\/\/cj.estrategia.com\/portal\/reclamacao-constitucional-dpe-ac\/\" \/>\n<meta property=\"og:site_name\" content=\"Blog - Carreiras Jur\u00eddicas - Estrat\u00e9gia\" \/>\n<meta property=\"article:publisher\" content=\"https:\/\/www.facebook.com\/estrategiacarreirajuridica\/\" \/>\n<meta property=\"article:published_time\" content=\"2024-04-06T14:00:00+00:00\" \/>\n<meta property=\"og:image\" content=\"https:\/\/cj.estrategia.com\/portal\/wp-content\/uploads\/2024\/03\/19100848\/563-scaled.jpg\" \/>\n\t<meta property=\"og:image:width\" content=\"2560\" \/>\n\t<meta property=\"og:image:height\" content=\"1463\" \/>\n\t<meta property=\"og:image:type\" content=\"image\/jpeg\" \/>\n<meta name=\"author\" content=\"Frederico Tadeu Borlot Peixoto\" \/>\n<meta name=\"twitter:card\" content=\"summary_large_image\" \/>\n<meta name=\"twitter:creator\" content=\"@EstratJuridica\" \/>\n<meta name=\"twitter:site\" content=\"@EstratJuridica\" \/>\n<meta name=\"twitter:label1\" content=\"Escrito por\" \/>\n\t<meta name=\"twitter:data1\" content=\"Frederico Tadeu Borlot Peixoto\" \/>\n\t<meta name=\"twitter:label2\" content=\"Est. tempo de leitura\" \/>\n\t<meta name=\"twitter:data2\" content=\"11 minutos\" \/>\n<script type=\"application\/ld+json\" class=\"yoast-schema-graph\">{\"@context\":\"https:\\\/\\\/schema.org\",\"@graph\":[{\"@type\":\"NewsArticle\",\"@id\":\"https:\\\/\\\/cj.estrategia.com\\\/portal\\\/reclamacao-constitucional-dpe-ac\\\/#article\",\"isPartOf\":{\"@id\":\"https:\\\/\\\/cj.estrategia.com\\\/portal\\\/reclamacao-constitucional-dpe-ac\\\/\"},\"author\":{\"name\":\"Frederico Tadeu Borlot Peixoto\",\"@id\":\"https:\\\/\\\/cj.estrategia.com\\\/portal\\\/#\\\/schema\\\/person\\\/74287401cf4654f4fa04e378de7261ec\"},\"headline\":\"Reclama\u00e7\u00e3o Constitucional para DPE-AC\",\"datePublished\":\"2024-04-06T14:00:00+00:00\",\"mainEntityOfPage\":{\"@id\":\"https:\\\/\\\/cj.estrategia.com\\\/portal\\\/reclamacao-constitucional-dpe-ac\\\/\"},\"wordCount\":3395,\"commentCount\":0,\"publisher\":{\"@id\":\"https:\\\/\\\/cj.estrategia.com\\\/portal\\\/#organization\"},\"image\":{\"@id\":\"https:\\\/\\\/cj.estrategia.com\\\/portal\\\/reclamacao-constitucional-dpe-ac\\\/#primaryimage\"},\"thumbnailUrl\":\"https:\\\/\\\/cj.estrategia.com\\\/portal\\\/wp-content\\\/uploads\\\/2024\\\/03\\\/19100848\\\/563-scaled.jpg\",\"articleSection\":[\"Carreiras Jur\u00eddicas\",\"Defensoria\"],\"inLanguage\":\"pt-BR\",\"potentialAction\":[{\"@type\":\"CommentAction\",\"name\":\"Comment\",\"target\":[\"https:\\\/\\\/cj.estrategia.com\\\/portal\\\/reclamacao-constitucional-dpe-ac\\\/#respond\"]}]},{\"@type\":\"WebPage\",\"@id\":\"https:\\\/\\\/cj.estrategia.com\\\/portal\\\/reclamacao-constitucional-dpe-ac\\\/\",\"url\":\"https:\\\/\\\/cj.estrategia.com\\\/portal\\\/reclamacao-constitucional-dpe-ac\\\/\",\"name\":\"Reclama\u00e7\u00e3o Constitucional para DPE-AC\",\"isPartOf\":{\"@id\":\"https:\\\/\\\/cj.estrategia.com\\\/portal\\\/#website\"},\"primaryImageOfPage\":{\"@id\":\"https:\\\/\\\/cj.estrategia.com\\\/portal\\\/reclamacao-constitucional-dpe-ac\\\/#primaryimage\"},\"image\":{\"@id\":\"https:\\\/\\\/cj.estrategia.com\\\/portal\\\/reclamacao-constitucional-dpe-ac\\\/#primaryimage\"},\"thumbnailUrl\":\"https:\\\/\\\/cj.estrategia.com\\\/portal\\\/wp-content\\\/uploads\\\/2024\\\/03\\\/19100848\\\/563-scaled.jpg\",\"datePublished\":\"2024-04-06T14:00:00+00:00\",\"description\":\"Confira este resumo com as principais informa\u00e7\u00f5es sobre a Reclama\u00e7\u00e3o Constitucional para a DPE-AC (Defensoria P\u00fablica do Acre).\",\"breadcrumb\":{\"@id\":\"https:\\\/\\\/cj.estrategia.com\\\/portal\\\/reclamacao-constitucional-dpe-ac\\\/#breadcrumb\"},\"inLanguage\":\"pt-BR\",\"potentialAction\":[{\"@type\":\"ReadAction\",\"target\":[\"https:\\\/\\\/cj.estrategia.com\\\/portal\\\/reclamacao-constitucional-dpe-ac\\\/\"]}]},{\"@type\":\"ImageObject\",\"inLanguage\":\"pt-BR\",\"@id\":\"https:\\\/\\\/cj.estrategia.com\\\/portal\\\/reclamacao-constitucional-dpe-ac\\\/#primaryimage\",\"url\":\"https:\\\/\\\/cj.estrategia.com\\\/portal\\\/wp-content\\\/uploads\\\/2024\\\/03\\\/19100848\\\/563-scaled.jpg\",\"contentUrl\":\"https:\\\/\\\/cj.estrategia.com\\\/portal\\\/wp-content\\\/uploads\\\/2024\\\/03\\\/19100848\\\/563-scaled.jpg\",\"width\":2560,\"height\":1463,\"caption\":\"Reclama\u00e7\u00e3o Constitucional\"},{\"@type\":\"BreadcrumbList\",\"@id\":\"https:\\\/\\\/cj.estrategia.com\\\/portal\\\/reclamacao-constitucional-dpe-ac\\\/#breadcrumb\",\"itemListElement\":[{\"@type\":\"ListItem\",\"position\":1,\"name\":\"In\u00edcio\",\"item\":\"https:\\\/\\\/cj.estrategia.com\\\/portal\\\/\"},{\"@type\":\"ListItem\",\"position\":2,\"name\":\"Reclama\u00e7\u00e3o Constitucional para DPE-AC\"}]},{\"@type\":\"WebSite\",\"@id\":\"https:\\\/\\\/cj.estrategia.com\\\/portal\\\/#website\",\"url\":\"https:\\\/\\\/cj.estrategia.com\\\/portal\\\/\",\"name\":\"Blog - Carreiras Jur\u00eddicas - Estrat\u00e9gia\",\"description\":\"\",\"publisher\":{\"@id\":\"https:\\\/\\\/cj.estrategia.com\\\/portal\\\/#organization\"},\"potentialAction\":[{\"@type\":\"SearchAction\",\"target\":{\"@type\":\"EntryPoint\",\"urlTemplate\":\"https:\\\/\\\/cj.estrategia.com\\\/portal\\\/?s={search_term_string}\"},\"query-input\":{\"@type\":\"PropertyValueSpecification\",\"valueRequired\":true,\"valueName\":\"search_term_string\"}}],\"inLanguage\":\"pt-BR\"},{\"@type\":\"Organization\",\"@id\":\"https:\\\/\\\/cj.estrategia.com\\\/portal\\\/#organization\",\"name\":\"Estrat\u00e9gia - Carreiras Jur\u00eddicas\",\"url\":\"https:\\\/\\\/cj.estrategia.com\\\/portal\\\/\",\"logo\":{\"@type\":\"ImageObject\",\"inLanguage\":\"pt-BR\",\"@id\":\"https:\\\/\\\/cj.estrategia.com\\\/portal\\\/#\\\/schema\\\/logo\\\/image\\\/\",\"url\":\"https:\\\/\\\/cj.estrategia.com\\\/portal\\\/wp-content\\\/uploads\\\/2022\\\/03\\\/11151052\\\/cj-logo.png\",\"contentUrl\":\"https:\\\/\\\/cj.estrategia.com\\\/portal\\\/wp-content\\\/uploads\\\/2022\\\/03\\\/11151052\\\/cj-logo.png\",\"width\":150,\"height\":39,\"caption\":\"Estrat\u00e9gia - Carreiras Jur\u00eddicas\"},\"image\":{\"@id\":\"https:\\\/\\\/cj.estrategia.com\\\/portal\\\/#\\\/schema\\\/logo\\\/image\\\/\"},\"sameAs\":[\"https:\\\/\\\/www.facebook.com\\\/estrategiacarreirajuridica\\\/\",\"https:\\\/\\\/x.com\\\/EstratJuridica\",\"https:\\\/\\\/www.instagram.com\\\/estrategiacarreirajuridica\\\/\",\"https:\\\/\\\/www.youtube.com\\\/channel\\\/UClbMGuYbj2Mh1m3w144ETWQ\"]},{\"@type\":\"Person\",\"@id\":\"https:\\\/\\\/cj.estrategia.com\\\/portal\\\/#\\\/schema\\\/person\\\/74287401cf4654f4fa04e378de7261ec\",\"name\":\"Frederico Tadeu Borlot Peixoto\",\"image\":{\"@type\":\"ImageObject\",\"inLanguage\":\"pt-BR\",\"@id\":\"https:\\\/\\\/cj.estrategia.com\\\/portal\\\/wp-content\\\/uploads\\\/2023\\\/06\\\/29094204\\\/GBAY0702-96x96.jpg\",\"url\":\"https:\\\/\\\/cj.estrategia.com\\\/portal\\\/wp-content\\\/uploads\\\/2023\\\/06\\\/29094204\\\/GBAY0702-96x96.jpg\",\"contentUrl\":\"https:\\\/\\\/cj.estrategia.com\\\/portal\\\/wp-content\\\/uploads\\\/2023\\\/06\\\/29094204\\\/GBAY0702-96x96.jpg\",\"caption\":\"Frederico Tadeu Borlot Peixoto\"},\"description\":\"Analista Judici\u00e1rio - \u00c1rea Judici\u00e1ria do TRF da 4\u00aa regi\u00e3o. Bacharel em Direito. P\u00f3s-graduado em Direito Administrativo, Legisla\u00e7\u00e3o Penal Especial, Direito Penal e Direito Processual Penal. Tamb\u00e9m nomeado no TRF da 3\u00aa regi\u00e3o (8\u00ba lugar); SPPREV (3\u00ba lugar); IFES (2\u00ba lugar); e PMES. https:\\\/\\\/www.instagram.com\\\/proffrederico\\\/\",\"sameAs\":[\"https:\\\/\\\/www.instagram.com\\\/proffrederico\\\/\"],\"url\":\"https:\\\/\\\/cj.estrategia.com\\\/portal\\\/author\\\/xfrederico\\\/\"}]}<\/script>\n<!-- \/ Yoast SEO Premium plugin. -->","yoast_head_json":{"title":"Reclama\u00e7\u00e3o Constitucional para DPE-AC","description":"Confira este resumo com as principais informa\u00e7\u00f5es sobre a Reclama\u00e7\u00e3o Constitucional para a DPE-AC (Defensoria P\u00fablica do Acre).","robots":{"index":"index","follow":"follow","max-snippet":"max-snippet:-1","max-image-preview":"max-image-preview:large","max-video-preview":"max-video-preview:-1"},"canonical":"https:\/\/cj.estrategia.com\/portal\/reclamacao-constitucional-dpe-ac\/","og_locale":"pt_BR","og_type":"article","og_title":"Reclama\u00e7\u00e3o Constitucional para DPE-AC","og_description":"Confira este resumo com as principais informa\u00e7\u00f5es sobre a Reclama\u00e7\u00e3o Constitucional para a DPE-AC (Defensoria P\u00fablica do Acre).","og_url":"https:\/\/cj.estrategia.com\/portal\/reclamacao-constitucional-dpe-ac\/","og_site_name":"Blog - Carreiras Jur\u00eddicas - Estrat\u00e9gia","article_publisher":"https:\/\/www.facebook.com\/estrategiacarreirajuridica\/","article_published_time":"2024-04-06T14:00:00+00:00","og_image":[{"width":2560,"height":1463,"url":"https:\/\/cj.estrategia.com\/portal\/wp-content\/uploads\/2024\/03\/19100848\/563-scaled.jpg","type":"image\/jpeg"}],"author":"Frederico Tadeu Borlot Peixoto","twitter_card":"summary_large_image","twitter_creator":"@EstratJuridica","twitter_site":"@EstratJuridica","twitter_misc":{"Escrito por":"Frederico Tadeu Borlot Peixoto","Est. tempo de leitura":"11 minutos"},"schema":{"@context":"https:\/\/schema.org","@graph":[{"@type":"NewsArticle","@id":"https:\/\/cj.estrategia.com\/portal\/reclamacao-constitucional-dpe-ac\/#article","isPartOf":{"@id":"https:\/\/cj.estrategia.com\/portal\/reclamacao-constitucional-dpe-ac\/"},"author":{"name":"Frederico Tadeu Borlot Peixoto","@id":"https:\/\/cj.estrategia.com\/portal\/#\/schema\/person\/74287401cf4654f4fa04e378de7261ec"},"headline":"Reclama\u00e7\u00e3o Constitucional para DPE-AC","datePublished":"2024-04-06T14:00:00+00:00","mainEntityOfPage":{"@id":"https:\/\/cj.estrategia.com\/portal\/reclamacao-constitucional-dpe-ac\/"},"wordCount":3395,"commentCount":0,"publisher":{"@id":"https:\/\/cj.estrategia.com\/portal\/#organization"},"image":{"@id":"https:\/\/cj.estrategia.com\/portal\/reclamacao-constitucional-dpe-ac\/#primaryimage"},"thumbnailUrl":"https:\/\/cj.estrategia.com\/portal\/wp-content\/uploads\/2024\/03\/19100848\/563-scaled.jpg","articleSection":["Carreiras Jur\u00eddicas","Defensoria"],"inLanguage":"pt-BR","potentialAction":[{"@type":"CommentAction","name":"Comment","target":["https:\/\/cj.estrategia.com\/portal\/reclamacao-constitucional-dpe-ac\/#respond"]}]},{"@type":"WebPage","@id":"https:\/\/cj.estrategia.com\/portal\/reclamacao-constitucional-dpe-ac\/","url":"https:\/\/cj.estrategia.com\/portal\/reclamacao-constitucional-dpe-ac\/","name":"Reclama\u00e7\u00e3o Constitucional para DPE-AC","isPartOf":{"@id":"https:\/\/cj.estrategia.com\/portal\/#website"},"primaryImageOfPage":{"@id":"https:\/\/cj.estrategia.com\/portal\/reclamacao-constitucional-dpe-ac\/#primaryimage"},"image":{"@id":"https:\/\/cj.estrategia.com\/portal\/reclamacao-constitucional-dpe-ac\/#primaryimage"},"thumbnailUrl":"https:\/\/cj.estrategia.com\/portal\/wp-content\/uploads\/2024\/03\/19100848\/563-scaled.jpg","datePublished":"2024-04-06T14:00:00+00:00","description":"Confira este resumo com as principais informa\u00e7\u00f5es sobre a Reclama\u00e7\u00e3o Constitucional para a DPE-AC (Defensoria P\u00fablica do Acre).","breadcrumb":{"@id":"https:\/\/cj.estrategia.com\/portal\/reclamacao-constitucional-dpe-ac\/#breadcrumb"},"inLanguage":"pt-BR","potentialAction":[{"@type":"ReadAction","target":["https:\/\/cj.estrategia.com\/portal\/reclamacao-constitucional-dpe-ac\/"]}]},{"@type":"ImageObject","inLanguage":"pt-BR","@id":"https:\/\/cj.estrategia.com\/portal\/reclamacao-constitucional-dpe-ac\/#primaryimage","url":"https:\/\/cj.estrategia.com\/portal\/wp-content\/uploads\/2024\/03\/19100848\/563-scaled.jpg","contentUrl":"https:\/\/cj.estrategia.com\/portal\/wp-content\/uploads\/2024\/03\/19100848\/563-scaled.jpg","width":2560,"height":1463,"caption":"Reclama\u00e7\u00e3o Constitucional"},{"@type":"BreadcrumbList","@id":"https:\/\/cj.estrategia.com\/portal\/reclamacao-constitucional-dpe-ac\/#breadcrumb","itemListElement":[{"@type":"ListItem","position":1,"name":"In\u00edcio","item":"https:\/\/cj.estrategia.com\/portal\/"},{"@type":"ListItem","position":2,"name":"Reclama\u00e7\u00e3o Constitucional para DPE-AC"}]},{"@type":"WebSite","@id":"https:\/\/cj.estrategia.com\/portal\/#website","url":"https:\/\/cj.estrategia.com\/portal\/","name":"Blog - Carreiras Jur\u00eddicas - Estrat\u00e9gia","description":"","publisher":{"@id":"https:\/\/cj.estrategia.com\/portal\/#organization"},"potentialAction":[{"@type":"SearchAction","target":{"@type":"EntryPoint","urlTemplate":"https:\/\/cj.estrategia.com\/portal\/?s={search_term_string}"},"query-input":{"@type":"PropertyValueSpecification","valueRequired":true,"valueName":"search_term_string"}}],"inLanguage":"pt-BR"},{"@type":"Organization","@id":"https:\/\/cj.estrategia.com\/portal\/#organization","name":"Estrat\u00e9gia - Carreiras Jur\u00eddicas","url":"https:\/\/cj.estrategia.com\/portal\/","logo":{"@type":"ImageObject","inLanguage":"pt-BR","@id":"https:\/\/cj.estrategia.com\/portal\/#\/schema\/logo\/image\/","url":"https:\/\/cj.estrategia.com\/portal\/wp-content\/uploads\/2022\/03\/11151052\/cj-logo.png","contentUrl":"https:\/\/cj.estrategia.com\/portal\/wp-content\/uploads\/2022\/03\/11151052\/cj-logo.png","width":150,"height":39,"caption":"Estrat\u00e9gia - Carreiras Jur\u00eddicas"},"image":{"@id":"https:\/\/cj.estrategia.com\/portal\/#\/schema\/logo\/image\/"},"sameAs":["https:\/\/www.facebook.com\/estrategiacarreirajuridica\/","https:\/\/x.com\/EstratJuridica","https:\/\/www.instagram.com\/estrategiacarreirajuridica\/","https:\/\/www.youtube.com\/channel\/UClbMGuYbj2Mh1m3w144ETWQ"]},{"@type":"Person","@id":"https:\/\/cj.estrategia.com\/portal\/#\/schema\/person\/74287401cf4654f4fa04e378de7261ec","name":"Frederico Tadeu Borlot Peixoto","image":{"@type":"ImageObject","inLanguage":"pt-BR","@id":"https:\/\/cj.estrategia.com\/portal\/wp-content\/uploads\/2023\/06\/29094204\/GBAY0702-96x96.jpg","url":"https:\/\/cj.estrategia.com\/portal\/wp-content\/uploads\/2023\/06\/29094204\/GBAY0702-96x96.jpg","contentUrl":"https:\/\/cj.estrategia.com\/portal\/wp-content\/uploads\/2023\/06\/29094204\/GBAY0702-96x96.jpg","caption":"Frederico Tadeu Borlot Peixoto"},"description":"Analista Judici\u00e1rio - \u00c1rea Judici\u00e1ria do TRF da 4\u00aa regi\u00e3o. Bacharel em Direito. P\u00f3s-graduado em Direito Administrativo, Legisla\u00e7\u00e3o Penal Especial, Direito Penal e Direito Processual Penal. Tamb\u00e9m nomeado no TRF da 3\u00aa regi\u00e3o (8\u00ba lugar); SPPREV (3\u00ba lugar); IFES (2\u00ba lugar); e PMES. https:\/\/www.instagram.com\/proffrederico\/","sameAs":["https:\/\/www.instagram.com\/proffrederico\/"],"url":"https:\/\/cj.estrategia.com\/portal\/author\/xfrederico\/"}]}},"jetpack_featured_media_url":"https:\/\/cj.estrategia.com\/portal\/wp-content\/uploads\/2024\/03\/19100848\/563-scaled.jpg","jetpack_sharing_enabled":true,"_links":{"self":[{"href":"https:\/\/cj.estrategia.com\/portal\/wp-json\/wp\/v2\/posts\/58412","targetHints":{"allow":["GET"]}}],"collection":[{"href":"https:\/\/cj.estrategia.com\/portal\/wp-json\/wp\/v2\/posts"}],"about":[{"href":"https:\/\/cj.estrategia.com\/portal\/wp-json\/wp\/v2\/types\/post"}],"author":[{"embeddable":true,"href":"https:\/\/cj.estrategia.com\/portal\/wp-json\/wp\/v2\/users\/39"}],"replies":[{"embeddable":true,"href":"https:\/\/cj.estrategia.com\/portal\/wp-json\/wp\/v2\/comments?post=58412"}],"version-history":[{"count":0,"href":"https:\/\/cj.estrategia.com\/portal\/wp-json\/wp\/v2\/posts\/58412\/revisions"}],"wp:featuredmedia":[{"embeddable":true,"href":"https:\/\/cj.estrategia.com\/portal\/wp-json\/wp\/v2\/media\/58413"}],"wp:attachment":[{"href":"https:\/\/cj.estrategia.com\/portal\/wp-json\/wp\/v2\/media?parent=58412"}],"wp:term":[{"taxonomy":"category","embeddable":true,"href":"https:\/\/cj.estrategia.com\/portal\/wp-json\/wp\/v2\/categories?post=58412"},{"taxonomy":"post_tag","embeddable":true,"href":"https:\/\/cj.estrategia.com\/portal\/wp-json\/wp\/v2\/tags?post=58412"},{"taxonomy":"tax_estado","embeddable":true,"href":"https:\/\/cj.estrategia.com\/portal\/wp-json\/wp\/v2\/tax_estado?post=58412"}],"curies":[{"name":"wp","href":"https:\/\/api.w.org\/{rel}","templated":true}]}}