{"id":58333,"date":"2024-03-18T20:31:14","date_gmt":"2024-03-18T23:31:14","guid":{"rendered":"https:\/\/cj.estrategia.com\/portal\/?p=58333"},"modified":"2024-03-18T20:31:34","modified_gmt":"2024-03-18T23:31:34","slug":"prova-comentada-direito-tributario-e-financeiro-mp-sc-promotor","status":"publish","type":"post","link":"https:\/\/cj.estrategia.com\/portal\/prova-comentada-direito-tributario-e-financeiro-mp-sc-promotor\/","title":{"rendered":"Prova Comentada Direito Tribut\u00e1rio e Financeiro MP SC Promotor"},"content":{"rendered":"<a id=\"cta-icon\" href=\"https:\/\/sndflw.com\/i\/promotorias-grupo\" target=\"blank\" style=\"background:rgb(83,193,88)\">\n            <img decoding=\"async\" src=\"https:\/\/cj.estrategia.com\/portal\/wp-content\/uploads\/2023\/12\/07160657\/whatsapp_1385.webp\" alt=\"\" alt=\"whatsapp_1385\"><span > Acesse agora o Grupo de Estudos para Concurso de Promotorias <\/span><\/a>\n\n\n\n<p>Ol\u00e1, pessoal, tudo certo?!<\/p>\n\n\n\n<p>Em 17\/03\/2024, foi aplicada a prova objetiva do concurso p\u00fablico para o <strong>Minist\u00e9rio P\u00fablico do estado de Santa Catarina<\/strong>. Assim que encerrada, nosso time de professores elaborou o gabarito extraoficial, que, agora, ser\u00e1 apresentado juntamente com a nossa <strong>PROVA COMENTADA<\/strong>.<\/p>\n\n\n\n<p>Este material visa a auxili\u00e1-los na aferi\u00e7\u00e3o das notas, elabora\u00e7\u00e3o de eventuais recursos, verifica\u00e7\u00e3o das chances de avan\u00e7o para fase discursiva, bem como na revis\u00e3o do conte\u00fado cobrado no certame.<\/p>\n\n\n\n<p>Desde j\u00e1, destacamos que nosso time de professores identificou <em>1 quest\u00e3o pass\u00edvel de recurso e\/ou que deve ser anulada<\/em>, por apresentarem duas ou nenhuma alternativa correta, como veremos adiante. No tipo de prova comentado, trata-se da<em> quest\u00e3o 25.<\/em><\/p>\n\n\n\n<p>De modo complementar, elaboramos tamb\u00e9m o <strong>RANKING do MP-SC<\/strong>, em que nossos alunos e seguidores poder\u00e3o inserir suas respostas \u00e0 prova, e, ao final, aferir sua nota, de acordo com o gabarito elaborado por nossos professores. Atrav\u00e9s do ranking, tamb\u00e9m poderemos estimar a nota de corte da 1\u00ba fase. Essa ferramenta \u00e9 gratuita e, para participar, basta clicar no link abaixo:<\/p>\n\n\n\n<ul class=\"wp-block-list\">\n<li><a href=\"http:\/\/Prova matutina: https:\/\/cj.estrategia.com\/cadernos-e-simulados\/cadernos\/09409274-8715-4b93-8bfc-498ed5e2c65e\"><strong>Prova matutina<\/strong><\/a><\/li>\n<\/ul>\n\n\n\n<ul class=\"wp-block-list\">\n<li><a href=\"https:\/\/cj.estrategia.com\/cadernos-e-simulados\/cadernos\/333ecc99-ae13-4dca-a664-0f1510a87541\">Prova vespertina<\/a><\/li>\n<\/ul>\n\n\n\n<p>Al\u00e9m disso, montamos um caderno para nossos seguidores, alunos ou n\u00e3o, verem os coment\u00e1rios e comentar as quest\u00f5es da prova:<\/p>\n\n\n\n<ul class=\"wp-block-list\">\n<li><a href=\"https:\/\/cj.estrategia.com\/cadernos-e-simulados\/cadernos\/09409274-8715-4b93-8bfc-498ed5e2c65e\">Prova matutina<\/a><\/li>\n<\/ul>\n\n\n\n<ul class=\"wp-block-list\">\n<li><a href=\"https:\/\/cj.estrategia.com\/cadernos-e-simulados\/cadernos\/333ecc99-ae13-4dca-a664-0f1510a87541\">Prova vespertina&nbsp;<\/a><\/li>\n<\/ul>\n\n\n\n<p>Por fim, comentaremos a prova, as quest\u00f5es mais pol\u00eamicas, as possibilidades de recurso, bem como a estimativa da nota de corte no <strong>TERM\u00d4METRO P\u00d3S-PROVA<\/strong>, no nosso canal do Youtube. Inscreva-se e ative as notifica\u00e7\u00f5es! <a href=\"https:\/\/www.youtube.com\/@EstrategiaCarreiraJuridica\"><strong>Estrat\u00e9gia Carreira Jur\u00eddica &#8211; YouTube<\/strong><\/a><\/p>\n\n\n\n<p class=\"has-text-align-center has-pale-ocean-gradient-background has-background\"><strong>Confira <a href=\"https:\/\/cj.estrategia.com\/portal\/gabarito-extraoficial-mp-sc-promotor\/\">AQUI<\/a> as provas comentadas de todas as disciplinas!<\/strong><\/p>\n\n\n\n<h2 class=\"wp-block-heading has-vivid-red-color has-text-color has-link-color wp-elements-ada0417dae9ec04b6375e60fd690fe6a\" id=\"h-prova-comentada-direito-tributario-e-financeiro\"><span id=\"prova-comentada-direito-tributario-e-financeiro\">Prova Comentada Direito Tribut\u00e1rio e Financeiro<\/span><\/h2>\n\n\n\n<p><strong>QUEST\u00c3O \ufeff45. Jo\u00e3o, ap\u00f3s efetuar a declara\u00e7\u00e3o parcial do d\u00e9bito tribut\u00e1rio (sujeito a lan\u00e7amento por homologa\u00e7\u00e3o), acompanhado do respectivo pagamento integral, retifica-a (antes de qualquer procedimento da Administra\u00e7\u00e3o Tribut\u00e1ria), noticiando a exist\u00eancia de diferen\u00e7a a maior, cuja quita\u00e7\u00e3o se d\u00e1 concomitantemente. Nesse caso, resta configurada a den\u00fancia espont\u00e2nea.<\/strong><\/p>\n\n\n\n<p><strong>Coment\u00e1rios<\/strong><\/p>\n\n\n\n<p>O item est\u00e1 <strong>certo<\/strong>.<\/p>\n\n\n\n<p>A quest\u00e3o aborda o tema den\u00fancia espont\u00e2nea em tributos sujeitos a lan\u00e7amento por homologa\u00e7\u00e3o.<\/p>\n\n\n\n<p>O STJ fixou tese no Tema Repetitivo n\u00ba 385 no mesmo sentido do enunciado: \u201cA den\u00fancia espont\u00e2nea resta configurada na hip\u00f3tese em que o contribuinte, ap\u00f3s efetuar a declara\u00e7\u00e3o parcial do d\u00e9bito tribut\u00e1rio (sujeito a lan\u00e7amento por homologa\u00e7\u00e3o) acompanhado do respectivo pagamento integral, retifica-a (antes de qualquer procedimento da Administra\u00e7\u00e3o Tribut\u00e1ria), noticiando a exist\u00eancia de diferen\u00e7a a maior, cuja quita\u00e7\u00e3o se d\u00e1 concomitantemente.\u201d<\/p>\n\n\n\n<p><strong>QUEST\u00c3O \ufeff46. Determinada doa\u00e7\u00e3o n\u00e3o foi oportunamente declarada pelo contribuinte ao fisco estadual. Nessa hip\u00f3tese, a contagem do prazo decadencial para a constitui\u00e7\u00e3o do cr\u00e9dito tribut\u00e1rio tem in\u00edcio na data em que o Fisco teve conhecimento da ocorr\u00eancia do fato gerador do Imposto de Transmiss\u00e3o Causa Mortis e Doa\u00e7\u00e3o (ITCMD).<\/strong><\/p>\n\n\n\n<p><strong>Coment\u00e1rios<\/strong><\/p>\n\n\n\n<p>O item est\u00e1 <strong>errado<\/strong>.<\/p>\n\n\n\n<p>A quest\u00e3o aborda o tema constitui\u00e7\u00e3o do cr\u00e9dito tribut\u00e1rio de ITCMD.<\/p>\n\n\n\n<p>O STJ fixou tese no Tema Repetitivo n\u00ba 1.048 em sentido oposto ao do enunciado: \u201cO Imposto de Transmiss\u00e3o Causa Mortis e Doa\u00e7\u00e3o &#8211; ITCDM, referente a doa\u00e7\u00e3o n\u00e3o oportunamente declarada pelo contribuinte ao fisco estadual, a contagem do prazo decadencial tem in\u00edcio no primeiro dia do exerc\u00edcio seguinte \u00e0quele em que o lan\u00e7amento poderia ter sido efetuado, observado o fato gerador, em conformidade com os arts. 144 e 173, I, ambos do CTN.\u201d<\/p>\n\n\n\n<p><strong>QUEST\u00c3O \ufeff47. A presta\u00e7\u00e3o de cau\u00e7\u00e3o por Marcos, mediante o oferecimento de fian\u00e7a banc\u00e1ria, desde que no montante integral do valor devido, equipara-se ao dep\u00f3sito integral do d\u00e9bito para fins de suspens\u00e3o da exigibilidade do cr\u00e9dito tribut\u00e1rio.<\/strong><\/p>\n\n\n\n<p><strong>Coment\u00e1rios<\/strong><\/p>\n\n\n\n<p>O item est\u00e1 <strong>errado<\/strong>.<\/p>\n\n\n\n<p>A quest\u00e3o aborda o tema suspens\u00e3o da exigibilidade do cr\u00e9dito tribut\u00e1rio.<\/p>\n\n\n\n<p>O STJ fixou tese no Tema Repetitivo n\u00ba 378 em sentido oposto ao do enunciado: \u201cA fian\u00e7a banc\u00e1ria n\u00e3o \u00e9 equipar\u00e1vel ao dep\u00f3sito integral do d\u00e9bito exequendo para fins de suspens\u00e3o da exigibilidade do cr\u00e9dito tribut\u00e1rio, ante a taxatividade do art. 151 do CTN e o teor do Enunciado Sumular n. 112 desta Corte.\u201d<\/p>\n\n\n\n<p><strong>De acordo com o Imposto sobre a Propriedade de Ve\u00edculos Automotores (IPVA), julgue os itens a seguir.<\/strong><\/p>\n\n\n\n<p><strong>QUEST\u00c3O \ufeff48. Na hip\u00f3tese de contrato de aliena\u00e7\u00e3o fiduci\u00e1ria em que pessoa jur\u00eddica de direito p\u00fablico surge como devedora, incide o IPVA, n\u00e3o se aplicando a chamada imunidade tribut\u00e1ria rec\u00edproca.<\/strong><\/p>\n\n\n\n<p><strong>Coment\u00e1rios<\/strong><\/p>\n\n\n\n<p>O item est\u00e1 <strong>errado<\/strong>.<\/p>\n\n\n\n<p>A quest\u00e3o aborda o tema imunidade tribut\u00e1ria rec\u00edproca.<\/p>\n\n\n\n<p>O STF fixou tese no Tema de Repercuss\u00e3o Geral n\u00ba 685 em sentido oposto ao do enunciado: \u201cN\u00e3o incide IPVA sobre ve\u00edculo automotor adquirido, mediante aliena\u00e7\u00e3o fiduci\u00e1ria, por pessoa jur\u00eddica de direito p\u00fablico.\u201d<\/p>\n\n\n\n<p><strong>De acordo com o Imposto sobre a Propriedade de Ve\u00edculos Automotores (IPVA), julgue os itens a seguir.<\/strong><\/p>\n\n\n\n<p><strong>QUEST\u00c3O 49. De acordo com o STJ, o Imposto sobre a Propriedade de Ve\u00edculos Automotores (IPVA) \u00e9 lan\u00e7ado de of\u00edcio no in\u00edcio de cada exerc\u00edcio e constitu\u00eddo definitivamente com a cientifica\u00e7\u00e3o do contribuinte para o recolhimento da exa\u00e7\u00e3o, a qual pode ser realizada por qualquer meio id\u00f4neo, como o envio de carn\u00ea ou a publica\u00e7\u00e3o de calend\u00e1rio de pagamento, com instru\u00e7\u00f5es para a sua efetiva\u00e7\u00e3o.<\/strong><\/p>\n\n\n\n<p><strong>Coment\u00e1rios<\/strong><\/p>\n\n\n\n<p>O item est\u00e1 <strong>certo<\/strong>.<\/p>\n\n\n\n<p>A quest\u00e3o aborda o tema lan\u00e7amento tribut\u00e1rio.<\/p>\n\n\n\n<p>O STJ fixou tese no Tema Repetitivo n\u00ba 903 no mesmo sentido do enunciado: \u201cA notifica\u00e7\u00e3o do contribuinte para o recolhimento do IPVA perfectibiliza a constitui\u00e7\u00e3o definitiva do cr\u00e9dito tribut\u00e1rio, iniciando-se o prazo prescricional para a execu\u00e7\u00e3o fiscal no dia seguinte \u00e0 data estipulada para o vencimento da exa\u00e7\u00e3o.\u201d<\/p>\n\n\n\n<p>Na emenda do julgado, consta expressamente os modos de notifica\u00e7\u00e3o do contribuinte: \u201c1. O Imposto sobre a Propriedade de Ve\u00edculos Automotores (IPVA) \u00e9 lan\u00e7ado de of\u00edcio no in\u00edcio de cada exerc\u00edcio (art. 142 do CTN) e constitu\u00eddo definitivamente com a cientifica\u00e7\u00e3o do contribuinte para o recolhimento da exa\u00e7\u00e3o, a qual pode ser realizada por qualquer meio id\u00f4neo, como o envio de carn\u00ea ou a publica\u00e7\u00e3o de calend\u00e1rio de pagamento, com instru\u00e7\u00f5es para a sua efetiva\u00e7\u00e3o. (REsp n. 1.320.825\/RJ, relator Ministro Gurgel de Faria, Primeira Se\u00e7\u00e3o, julgado em 10\/8\/2016, DJe de 17\/8\/2016.)<\/p>\n\n\n\n<p><strong>QUEST\u00c3O 50. Com fulcro nas disposi\u00e7\u00f5es da Lei n\u00ba 4.320\/1964, acerca da execu\u00e7\u00e3o do or\u00e7amento p\u00fablico, o empenho de despesa \u2013 que n\u00e3o poder\u00e1 exceder o limite dos cr\u00e9ditos concedidos \u2013 \u00e9 o ato emanado de autoridade competente que cria para o Estado obriga\u00e7\u00e3o de pagamento pendente ou n\u00e3o de implemento de condi\u00e7\u00e3o.<\/strong><\/p>\n\n\n\n<p><strong>Coment\u00e1rios<\/strong><\/p>\n\n\n\n<p>O item est\u00e1 <strong>certo<\/strong>.<\/p>\n\n\n\n<p>A quest\u00e3o aborda o tema fases da despesa, especificamente o empenho.<\/p>\n\n\n\n<p>O item revela corretamente a intelig\u00eancia dos artigos 58 e 59 da Lei n\u00ba 4.320\/1964: &#8220;Art. 58. O empenho de despesa \u00e9 o ato emanado de autoridade competente que cria para o Estado obriga\u00e7\u00e3o de pagamento pendente ou n\u00e3o de implemento de condi\u00e7\u00e3o. Art. 59 &#8211; O empenho da despesa n\u00e3o poder\u00e1 exceder o limite dos cr\u00e9ditos concedidos.\u201d<\/p>\n\n\n\n<p><strong>QUEST\u00c3O 51. Tendo em vista as disposi\u00e7\u00f5es da Lei Complementar n\u00ba 101, de 04 de maio de 2000, a despesa total com pessoal nos Estados, em cada per\u00edodo de apura\u00e7\u00e3o, n\u00e3o poder\u00e1 exceder a sessenta por cento da receita corrente l\u00edquida, cabendo ao Minist\u00e9rio P\u00fablico Estadual no m\u00e1ximo dois por cento desse limite.<\/strong><\/p>\n\n\n\n<p><strong>Coment\u00e1rios<\/strong><\/p>\n\n\n\n<p>O item est\u00e1 <strong>certo<\/strong>.<\/p>\n\n\n\n<p>A quest\u00e3o aborda o tema limite de despesas com pessoal.<\/p>\n\n\n\n<p>O item revela corretamente a intelig\u00eancia dos artigos 19, II, e 20, II, d, da Lei de Responsabilidade Fiscal: \u201cArt. 19. Para os fins do disposto no caput do art. 169 da Constitui\u00e7\u00e3o, a despesa total com pessoal, em cada per\u00edodo de apura\u00e7\u00e3o e em cada ente da Federa\u00e7\u00e3o, n\u00e3o poder\u00e1 exceder os percentuais da receita corrente l\u00edquida, a seguir discriminados: II &#8211; Estados: 60% (sessenta por cento); Art. 20. A reparti\u00e7\u00e3o dos limites globais do art. 19 n\u00e3o poder\u00e1 exceder os seguintes percentuais: II &#8211; na esfera estadual: d) 2% (dois por cento) para o Minist\u00e9rio P\u00fablico dos Estados;\u201d<\/p>\n\n\n\n<p><strong>QUEST\u00c3O 52. Considerando as disposi\u00e7\u00f5es da Lei no 6.830\/1980, determinado executado possui um autom\u00f3vel, uma fazenda e dinheiro em conta corrente. Desconsiderando-se a discuss\u00e3o acerca do patrim\u00f4nio m\u00ednimo e impenhorabilidade, a ordem para a penhora ou arresto de bens, para fins da Lei de Execu\u00e7\u00e3o Fiscal, deve-se realizar inicialmente no dinheiro, depois no ve\u00edculo e finalmente na fazenda.<\/strong><\/p>\n\n\n\n<p><strong>Coment\u00e1rios<\/strong><\/p>\n\n\n\n<p>O item est\u00e1 <strong>errado<\/strong>.<\/p>\n\n\n\n<p>A quest\u00e3o aborda o tema ordem de penhora na execu\u00e7\u00e3o fiscal.<\/p>\n\n\n\n<p>O item inverte, dentre os bens apresentados, a ordem de penhora entre im\u00f3veis e ve\u00edculos, nos termos do art. 11 da Lei de Execu\u00e7\u00e3o Fiscal: \u201cA penhora ou arresto de bens obedecer\u00e1 \u00e0 seguinte ordem: I &#8211; dinheiro; IV &#8211; im\u00f3veis; VI &#8211; ve\u00edculos;\u201d<\/p>\n\n\n\n<p><strong>QUEST\u00c3O 53. Tendo como base as disposi\u00e7\u00f5es da Lei n\u00ba 8.137\/1990, caso T\u00edcio, auditor fiscal da receita federal, patrocine interesse privado perante a administra\u00e7\u00e3o fazend\u00e1ria, valendo-se da sua qualidade de funcion\u00e1rio p\u00fablico, estar\u00e1 cometendo crime funcional contra a ordem tribut\u00e1ria, podendo ser apenado com reclus\u00e3o, de um a quatro anos, e multa.<\/strong><\/p>\n\n\n\n<p><strong>Coment\u00e1rios<\/strong><\/p>\n\n\n\n<p>O item est\u00e1 <strong>certo<\/strong>.<\/p>\n\n\n\n<p>A quest\u00e3o aborda o tema crimes contra a ordem tribut\u00e1ria.<\/p>\n\n\n\n<p>A conduta de T\u00edcio est\u00e1 tipificada no art. 3\u00ba da Lei n\u00ba 8.137\/1990: \u201cConstitui crime funcional contra a ordem tribut\u00e1ria, al\u00e9m dos previstos no Decreto-Lei n\u00ba 2.848, de 7 de dezembro de 1940 &#8211; C\u00f3digo Penal (T\u00edtulo XI, Cap\u00edtulo I) : III &#8211; patrocinar, direta ou indiretamente, interesse privado perante a administra\u00e7\u00e3o fazend\u00e1ria, valendo-se da qualidade de funcion\u00e1rio p\u00fablico. Pena &#8211; reclus\u00e3o, de 1 (um) a 4 (quatro) anos, e multa.\u201d<\/p>\n\n\n\n<p><strong>QUEST\u00c3O 54. De acordo com as disposi\u00e7\u00f5es do Decreto-Lei n\u00ba 3.240\/1941, \u00e9 poss\u00edvel o sequestro de bens em crimes contra a ordem tribut\u00e1ria, determinado por ordem judici\u00e1ria, <\/strong><strong><em>inaudita altera pars<\/em><\/strong><strong>, a requerimento do Minist\u00e9rio P\u00fablico, com indica\u00e7\u00e3o dos bens que devam ser objeto da medida, podendo recair sobre todos os bens do indiciado, de origem l\u00edcita ou il\u00edcita, desde que haja ind\u00edcios veementes da responsabilidade.<\/strong><\/p>\n\n\n\n<p><strong>Coment\u00e1rios<\/strong><\/p>\n\n\n\n<p>O item est\u00e1 <strong>certo<\/strong>.<\/p>\n\n\n\n<p>A quest\u00e3o aborda o tema sequestro de bens de pessoas indiciadas por crime de que resulta preju\u00edzo para a fazenda p\u00fablica.<\/p>\n\n\n\n<p>O procedimento exposto no item revela a intelig\u00eancia dos arts. 2\u00ba, <em>caput,<\/em> 3\u00ba e 4\u00ba do Decreto-Lei n\u00ba 3.240\/1941: \u201cArt. 2\u00ba O sequestro \u00e9 decretado pela autoridade judici\u00e1ria, sem audi\u00eancia da parte, a requerimento do minist\u00e9rio p\u00fablico fundado em representa\u00e7\u00e3o da autoridade incumbida do processo administrativo ou do inqu\u00e9rito policial. Art. 3\u00ba Para a decreta\u00e7\u00e3o do sequestro \u00e9 necess\u00e1rio que haja ind\u00edcios veementes da responsabilidade, os quais ser\u00e3o comunicados ao juiz em segredo, por escrito ou por declara\u00e7\u00f5es orais reduzidas a termo, e com indica\u00e7\u00e3o dos bens que devam ser objeto da medida. Art. 4\u00ba O sequestro pode recair sobre todos os bens do indiciado, e compreender os bens em poder de terceiros desde que estes os tenham adquirido dolosamente, ou com culpa grave.\u201d<\/p>\n\n\n\n<p class=\"has-text-align-center has-very-light-gray-to-cyan-bluish-gray-gradient-background has-background\">Saiba mais: <a href=\"https:\/\/cj.estrategia.com\/portal\/concurso-mp-sc-promotor\/\">Concurso MP SC Promotor<\/a><\/p>\n\n\n\n<h2 class=\"wp-block-heading has-text-align-center\" id=\"cursos\"><span id=\"quer-saber-tudo-sobre-concursos-previstosconfira-nossos-artigos\">Quer saber tudo sobre concursos previstos?<br><strong>Confira nossos artigos!<\/strong><\/span><\/h2>\n\n\n\n\n\n<h2 class=\"wp-block-heading has-text-align-center\" id=\"curso\"><span id=\"cursos-e-assinaturas\">CURSOS E ASSINATURAS<\/span><\/h2>\n\n\n\n\n\n<div class=\"wp-block-cover\" style=\"min-height:155px;aspect-ratio:unset;\"><img decoding=\"async\" width=\"1890\" height=\"351\" class=\"wp-block-cover__image-background wp-image-8669\" alt=\"Assinaturas Jur\u00eddicas\" src=\"https:\/\/cj.estrategia.com\/portal\/wp-content\/uploads\/2022\/06\/20151253\/concurso-carreiras-juridicas-assinatura-juridica.jpg\" style=\"object-position:78% 43%\" data-object-fit=\"cover\" data-object-position=\"78% 43%\" srcset=\"https:\/\/cj.estrategia.com\/portal\/wp-content\/uploads\/2022\/06\/20151253\/concurso-carreiras-juridicas-assinatura-juridica.jpg 1890w, https:\/\/cj.estrategia.com\/portal\/wp-content\/uploads\/2022\/06\/20151253\/concurso-carreiras-juridicas-assinatura-juridica-300x56.jpg 300w, https:\/\/cj.estrategia.com\/portal\/wp-content\/uploads\/2022\/06\/20151253\/concurso-carreiras-juridicas-assinatura-juridica-1024x190.jpg 1024w, https:\/\/cj.estrategia.com\/portal\/wp-content\/uploads\/2022\/06\/20151253\/concurso-carreiras-juridicas-assinatura-juridica-768x143.jpg 768w, https:\/\/cj.estrategia.com\/portal\/wp-content\/uploads\/2022\/06\/20151253\/concurso-carreiras-juridicas-assinatura-juridica-1536x285.jpg 1536w, https:\/\/cj.estrategia.com\/portal\/wp-content\/uploads\/2022\/06\/20151253\/concurso-carreiras-juridicas-assinatura-juridica-380x71.jpg 380w, https:\/\/cj.estrategia.com\/portal\/wp-content\/uploads\/2022\/06\/20151253\/concurso-carreiras-juridicas-assinatura-juridica-800x149.jpg 800w, https:\/\/cj.estrategia.com\/portal\/wp-content\/uploads\/2022\/06\/20151253\/concurso-carreiras-juridicas-assinatura-juridica-1160x215.jpg 1160w\" sizes=\"(max-width: 1890px) 100vw, 1890px\" \/><span aria-hidden=\"true\" class=\"wp-block-cover__background has-background-dim\"><\/span><div class=\"wp-block-cover__inner-container is-layout-flow wp-block-cover-is-layout-flow\">\n<h3 id=\"faca-a-sua-assinatura\" class=\"titulo-assinatura\"><span style=\"color: #ffffff;\">Fa\u00e7a a sua assinatura!<\/span><\/h3>\n<p class=\"subtitulo-assinatura\" style=\"display:block!important; line-height: 0;\"><span style=\"color: #ffffff;\">Escolha a sua \u00e1rea.<\/span><\/p>\n<a target=\"_blank\" href=\"https:\/\/www.estrategiaconcursos.com.br\/assinaturas-ecj\/\" rel=\"noopener\"><button style=\"border-radius: 10px; text-transform: capitalize;\">Acessar<\/button><\/a>\n<\/div><\/div>\n\n\n\n<p><em>Prepare-se com o melhor material e com quem mais aprova em Concursos P\u00fablicos em todo o pa\u00eds.<\/em><\/p>\n","protected":false},"excerpt":{"rendered":"Ol\u00e1, pessoal, tudo certo?! Em 17\/03\/2024, foi aplicada a prova objetiva do concurso p\u00fablico para o Minist\u00e9rio P\u00fablico&hellip;\n","protected":false},"author":12,"featured_media":20825,"comment_status":"open","ping_status":"open","sticky":false,"template":"","format":"standard","meta":{"_jetpack_memberships_contains_paid_content":false,"footnotes":""},"categories":[25],"tags":[],"tax_estado":[54],"class_list":{"0":"post-58333","1":"post","2":"type-post","3":"status-publish","4":"format-standard","5":"has-post-thumbnail","7":"category-promotoria","8":"tax_estado-sc"},"acf":[],"yoast_head":"<!-- This site is optimized with the Yoast SEO Premium plugin v27.4 (Yoast SEO v27.4) - https:\/\/yoast.com\/product\/yoast-seo-premium-wordpress\/ -->\n<title>Prova Comentada Direito Tribut\u00e1rio e Financeiro MP SC Promotor<\/title>\n<meta name=\"description\" content=\"Prova Comentada Direito Tribut\u00e1rio e Financeiro MP SC Promotor: confira AQUI os coment\u00e1rios dos nossos professores e tire suas d\u00favidas!\" \/>\n<meta name=\"robots\" content=\"index, follow, max-snippet:-1, max-image-preview:large, max-video-preview:-1\" \/>\n<link rel=\"canonical\" href=\"https:\/\/cj.estrategia.com\/portal\/prova-comentada-direito-tributario-e-financeiro-mp-sc-promotor\/\" \/>\n<meta property=\"og:locale\" content=\"pt_BR\" \/>\n<meta property=\"og:type\" content=\"article\" \/>\n<meta property=\"og:title\" content=\"Prova Comentada Direito Tribut\u00e1rio e Financeiro MP SC Promotor\" \/>\n<meta property=\"og:description\" content=\"Prova Comentada Direito Tribut\u00e1rio e Financeiro MP SC Promotor: confira AQUI os coment\u00e1rios dos nossos professores e tire suas d\u00favidas!\" \/>\n<meta property=\"og:url\" content=\"https:\/\/cj.estrategia.com\/portal\/prova-comentada-direito-tributario-e-financeiro-mp-sc-promotor\/\" \/>\n<meta property=\"og:site_name\" content=\"Blog - Carreiras Jur\u00eddicas - Estrat\u00e9gia\" \/>\n<meta property=\"article:publisher\" content=\"https:\/\/www.facebook.com\/estrategiacarreirajuridica\/\" \/>\n<meta property=\"article:published_time\" content=\"2024-03-18T23:31:14+00:00\" \/>\n<meta property=\"article:modified_time\" content=\"2024-03-18T23:31:34+00:00\" \/>\n<meta property=\"og:image\" content=\"https:\/\/cj.estrategia.com\/portal\/wp-content\/uploads\/2022\/09\/04105517\/MP-SC-Promotor.jpg\" \/>\n\t<meta property=\"og:image:width\" content=\"768\" \/>\n\t<meta property=\"og:image:height\" content=\"432\" \/>\n\t<meta property=\"og:image:type\" content=\"image\/jpeg\" \/>\n<meta name=\"author\" content=\"Coordena\u00e7\u00e3o\" \/>\n<meta name=\"twitter:card\" content=\"summary_large_image\" \/>\n<meta name=\"twitter:creator\" content=\"@EstratJuridica\" \/>\n<meta name=\"twitter:site\" content=\"@EstratJuridica\" \/>\n<meta name=\"twitter:label1\" content=\"Escrito por\" \/>\n\t<meta name=\"twitter:data1\" content=\"Coordena\u00e7\u00e3o\" \/>\n\t<meta name=\"twitter:label2\" content=\"Est. tempo de leitura\" \/>\n\t<meta name=\"twitter:data2\" content=\"11 minutos\" \/>\n<script type=\"application\/ld+json\" class=\"yoast-schema-graph\">{\"@context\":\"https:\\\/\\\/schema.org\",\"@graph\":[{\"@type\":\"NewsArticle\",\"@id\":\"https:\\\/\\\/cj.estrategia.com\\\/portal\\\/prova-comentada-direito-tributario-e-financeiro-mp-sc-promotor\\\/#article\",\"isPartOf\":{\"@id\":\"https:\\\/\\\/cj.estrategia.com\\\/portal\\\/prova-comentada-direito-tributario-e-financeiro-mp-sc-promotor\\\/\"},\"author\":{\"name\":\"Coordena\u00e7\u00e3o\",\"@id\":\"https:\\\/\\\/cj.estrategia.com\\\/portal\\\/#\\\/schema\\\/person\\\/4d70317d31449932b99102916b6637f5\"},\"headline\":\"Prova Comentada Direito Tribut\u00e1rio e Financeiro MP SC Promotor\",\"datePublished\":\"2024-03-18T23:31:14+00:00\",\"dateModified\":\"2024-03-18T23:31:34+00:00\",\"mainEntityOfPage\":{\"@id\":\"https:\\\/\\\/cj.estrategia.com\\\/portal\\\/prova-comentada-direito-tributario-e-financeiro-mp-sc-promotor\\\/\"},\"wordCount\":1979,\"commentCount\":0,\"publisher\":{\"@id\":\"https:\\\/\\\/cj.estrategia.com\\\/portal\\\/#organization\"},\"image\":{\"@id\":\"https:\\\/\\\/cj.estrategia.com\\\/portal\\\/prova-comentada-direito-tributario-e-financeiro-mp-sc-promotor\\\/#primaryimage\"},\"thumbnailUrl\":\"https:\\\/\\\/cj.estrategia.com\\\/portal\\\/wp-content\\\/uploads\\\/2022\\\/09\\\/04105517\\\/MP-SC-Promotor.jpg\",\"articleSection\":[\"Promotoria\"],\"inLanguage\":\"pt-BR\",\"potentialAction\":[{\"@type\":\"CommentAction\",\"name\":\"Comment\",\"target\":[\"https:\\\/\\\/cj.estrategia.com\\\/portal\\\/prova-comentada-direito-tributario-e-financeiro-mp-sc-promotor\\\/#respond\"]}]},{\"@type\":\"WebPage\",\"@id\":\"https:\\\/\\\/cj.estrategia.com\\\/portal\\\/prova-comentada-direito-tributario-e-financeiro-mp-sc-promotor\\\/\",\"url\":\"https:\\\/\\\/cj.estrategia.com\\\/portal\\\/prova-comentada-direito-tributario-e-financeiro-mp-sc-promotor\\\/\",\"name\":\"Prova Comentada Direito Tribut\u00e1rio e Financeiro MP SC Promotor\",\"isPartOf\":{\"@id\":\"https:\\\/\\\/cj.estrategia.com\\\/portal\\\/#website\"},\"primaryImageOfPage\":{\"@id\":\"https:\\\/\\\/cj.estrategia.com\\\/portal\\\/prova-comentada-direito-tributario-e-financeiro-mp-sc-promotor\\\/#primaryimage\"},\"image\":{\"@id\":\"https:\\\/\\\/cj.estrategia.com\\\/portal\\\/prova-comentada-direito-tributario-e-financeiro-mp-sc-promotor\\\/#primaryimage\"},\"thumbnailUrl\":\"https:\\\/\\\/cj.estrategia.com\\\/portal\\\/wp-content\\\/uploads\\\/2022\\\/09\\\/04105517\\\/MP-SC-Promotor.jpg\",\"datePublished\":\"2024-03-18T23:31:14+00:00\",\"dateModified\":\"2024-03-18T23:31:34+00:00\",\"description\":\"Prova Comentada Direito Tribut\u00e1rio e Financeiro MP SC Promotor: confira AQUI os coment\u00e1rios dos nossos professores e tire suas d\u00favidas!\",\"breadcrumb\":{\"@id\":\"https:\\\/\\\/cj.estrategia.com\\\/portal\\\/prova-comentada-direito-tributario-e-financeiro-mp-sc-promotor\\\/#breadcrumb\"},\"inLanguage\":\"pt-BR\",\"potentialAction\":[{\"@type\":\"ReadAction\",\"target\":[\"https:\\\/\\\/cj.estrategia.com\\\/portal\\\/prova-comentada-direito-tributario-e-financeiro-mp-sc-promotor\\\/\"]}]},{\"@type\":\"ImageObject\",\"inLanguage\":\"pt-BR\",\"@id\":\"https:\\\/\\\/cj.estrategia.com\\\/portal\\\/prova-comentada-direito-tributario-e-financeiro-mp-sc-promotor\\\/#primaryimage\",\"url\":\"https:\\\/\\\/cj.estrategia.com\\\/portal\\\/wp-content\\\/uploads\\\/2022\\\/09\\\/04105517\\\/MP-SC-Promotor.jpg\",\"contentUrl\":\"https:\\\/\\\/cj.estrategia.com\\\/portal\\\/wp-content\\\/uploads\\\/2022\\\/09\\\/04105517\\\/MP-SC-Promotor.jpg\",\"width\":768,\"height\":432,\"caption\":\"Concurso MP SC Promotor\"},{\"@type\":\"BreadcrumbList\",\"@id\":\"https:\\\/\\\/cj.estrategia.com\\\/portal\\\/prova-comentada-direito-tributario-e-financeiro-mp-sc-promotor\\\/#breadcrumb\",\"itemListElement\":[{\"@type\":\"ListItem\",\"position\":1,\"name\":\"In\u00edcio\",\"item\":\"https:\\\/\\\/cj.estrategia.com\\\/portal\\\/\"},{\"@type\":\"ListItem\",\"position\":2,\"name\":\"Prova Comentada Direito Tribut\u00e1rio e Financeiro MP SC Promotor\"}]},{\"@type\":\"WebSite\",\"@id\":\"https:\\\/\\\/cj.estrategia.com\\\/portal\\\/#website\",\"url\":\"https:\\\/\\\/cj.estrategia.com\\\/portal\\\/\",\"name\":\"Blog - Carreiras Jur\u00eddicas - Estrat\u00e9gia\",\"description\":\"\",\"publisher\":{\"@id\":\"https:\\\/\\\/cj.estrategia.com\\\/portal\\\/#organization\"},\"potentialAction\":[{\"@type\":\"SearchAction\",\"target\":{\"@type\":\"EntryPoint\",\"urlTemplate\":\"https:\\\/\\\/cj.estrategia.com\\\/portal\\\/?s={search_term_string}\"},\"query-input\":{\"@type\":\"PropertyValueSpecification\",\"valueRequired\":true,\"valueName\":\"search_term_string\"}}],\"inLanguage\":\"pt-BR\"},{\"@type\":\"Organization\",\"@id\":\"https:\\\/\\\/cj.estrategia.com\\\/portal\\\/#organization\",\"name\":\"Estrat\u00e9gia - Carreiras Jur\u00eddicas\",\"url\":\"https:\\\/\\\/cj.estrategia.com\\\/portal\\\/\",\"logo\":{\"@type\":\"ImageObject\",\"inLanguage\":\"pt-BR\",\"@id\":\"https:\\\/\\\/cj.estrategia.com\\\/portal\\\/#\\\/schema\\\/logo\\\/image\\\/\",\"url\":\"https:\\\/\\\/cj.estrategia.com\\\/portal\\\/wp-content\\\/uploads\\\/2022\\\/03\\\/11151052\\\/cj-logo.png\",\"contentUrl\":\"https:\\\/\\\/cj.estrategia.com\\\/portal\\\/wp-content\\\/uploads\\\/2022\\\/03\\\/11151052\\\/cj-logo.png\",\"width\":150,\"height\":39,\"caption\":\"Estrat\u00e9gia - Carreiras Jur\u00eddicas\"},\"image\":{\"@id\":\"https:\\\/\\\/cj.estrategia.com\\\/portal\\\/#\\\/schema\\\/logo\\\/image\\\/\"},\"sameAs\":[\"https:\\\/\\\/www.facebook.com\\\/estrategiacarreirajuridica\\\/\",\"https:\\\/\\\/x.com\\\/EstratJuridica\",\"https:\\\/\\\/www.instagram.com\\\/estrategiacarreirajuridica\\\/\",\"https:\\\/\\\/www.youtube.com\\\/channel\\\/UClbMGuYbj2Mh1m3w144ETWQ\"]},{\"@type\":\"Person\",\"@id\":\"https:\\\/\\\/cj.estrategia.com\\\/portal\\\/#\\\/schema\\\/person\\\/4d70317d31449932b99102916b6637f5\",\"name\":\"Coordena\u00e7\u00e3o\",\"image\":{\"@type\":\"ImageObject\",\"inLanguage\":\"pt-BR\",\"@id\":\"https:\\\/\\\/cj.estrategia.com\\\/portal\\\/wp-content\\\/uploads\\\/2022\\\/05\\\/12164923\\\/estrategia-carreira-juridica-coordenacao-96x96.png\",\"url\":\"https:\\\/\\\/cj.estrategia.com\\\/portal\\\/wp-content\\\/uploads\\\/2022\\\/05\\\/12164923\\\/estrategia-carreira-juridica-coordenacao-96x96.png\",\"contentUrl\":\"https:\\\/\\\/cj.estrategia.com\\\/portal\\\/wp-content\\\/uploads\\\/2022\\\/05\\\/12164923\\\/estrategia-carreira-juridica-coordenacao-96x96.png\",\"caption\":\"Coordena\u00e7\u00e3o\"},\"url\":\"https:\\\/\\\/cj.estrategia.com\\\/portal\\\/author\\\/coordenacao\\\/\"}]}<\/script>\n<!-- \/ Yoast SEO Premium plugin. -->","yoast_head_json":{"title":"Prova Comentada Direito Tribut\u00e1rio e Financeiro MP SC Promotor","description":"Prova Comentada Direito Tribut\u00e1rio e Financeiro MP SC Promotor: confira AQUI os coment\u00e1rios dos nossos professores e tire suas d\u00favidas!","robots":{"index":"index","follow":"follow","max-snippet":"max-snippet:-1","max-image-preview":"max-image-preview:large","max-video-preview":"max-video-preview:-1"},"canonical":"https:\/\/cj.estrategia.com\/portal\/prova-comentada-direito-tributario-e-financeiro-mp-sc-promotor\/","og_locale":"pt_BR","og_type":"article","og_title":"Prova Comentada Direito Tribut\u00e1rio e Financeiro MP SC Promotor","og_description":"Prova Comentada Direito Tribut\u00e1rio e Financeiro MP SC Promotor: confira AQUI os coment\u00e1rios dos nossos professores e tire suas d\u00favidas!","og_url":"https:\/\/cj.estrategia.com\/portal\/prova-comentada-direito-tributario-e-financeiro-mp-sc-promotor\/","og_site_name":"Blog - Carreiras Jur\u00eddicas - Estrat\u00e9gia","article_publisher":"https:\/\/www.facebook.com\/estrategiacarreirajuridica\/","article_published_time":"2024-03-18T23:31:14+00:00","article_modified_time":"2024-03-18T23:31:34+00:00","og_image":[{"width":768,"height":432,"url":"https:\/\/cj.estrategia.com\/portal\/wp-content\/uploads\/2022\/09\/04105517\/MP-SC-Promotor.jpg","type":"image\/jpeg"}],"author":"Coordena\u00e7\u00e3o","twitter_card":"summary_large_image","twitter_creator":"@EstratJuridica","twitter_site":"@EstratJuridica","twitter_misc":{"Escrito por":"Coordena\u00e7\u00e3o","Est. tempo de leitura":"11 minutos"},"schema":{"@context":"https:\/\/schema.org","@graph":[{"@type":"NewsArticle","@id":"https:\/\/cj.estrategia.com\/portal\/prova-comentada-direito-tributario-e-financeiro-mp-sc-promotor\/#article","isPartOf":{"@id":"https:\/\/cj.estrategia.com\/portal\/prova-comentada-direito-tributario-e-financeiro-mp-sc-promotor\/"},"author":{"name":"Coordena\u00e7\u00e3o","@id":"https:\/\/cj.estrategia.com\/portal\/#\/schema\/person\/4d70317d31449932b99102916b6637f5"},"headline":"Prova Comentada Direito Tribut\u00e1rio e Financeiro MP SC Promotor","datePublished":"2024-03-18T23:31:14+00:00","dateModified":"2024-03-18T23:31:34+00:00","mainEntityOfPage":{"@id":"https:\/\/cj.estrategia.com\/portal\/prova-comentada-direito-tributario-e-financeiro-mp-sc-promotor\/"},"wordCount":1979,"commentCount":0,"publisher":{"@id":"https:\/\/cj.estrategia.com\/portal\/#organization"},"image":{"@id":"https:\/\/cj.estrategia.com\/portal\/prova-comentada-direito-tributario-e-financeiro-mp-sc-promotor\/#primaryimage"},"thumbnailUrl":"https:\/\/cj.estrategia.com\/portal\/wp-content\/uploads\/2022\/09\/04105517\/MP-SC-Promotor.jpg","articleSection":["Promotoria"],"inLanguage":"pt-BR","potentialAction":[{"@type":"CommentAction","name":"Comment","target":["https:\/\/cj.estrategia.com\/portal\/prova-comentada-direito-tributario-e-financeiro-mp-sc-promotor\/#respond"]}]},{"@type":"WebPage","@id":"https:\/\/cj.estrategia.com\/portal\/prova-comentada-direito-tributario-e-financeiro-mp-sc-promotor\/","url":"https:\/\/cj.estrategia.com\/portal\/prova-comentada-direito-tributario-e-financeiro-mp-sc-promotor\/","name":"Prova Comentada Direito Tribut\u00e1rio e Financeiro MP SC Promotor","isPartOf":{"@id":"https:\/\/cj.estrategia.com\/portal\/#website"},"primaryImageOfPage":{"@id":"https:\/\/cj.estrategia.com\/portal\/prova-comentada-direito-tributario-e-financeiro-mp-sc-promotor\/#primaryimage"},"image":{"@id":"https:\/\/cj.estrategia.com\/portal\/prova-comentada-direito-tributario-e-financeiro-mp-sc-promotor\/#primaryimage"},"thumbnailUrl":"https:\/\/cj.estrategia.com\/portal\/wp-content\/uploads\/2022\/09\/04105517\/MP-SC-Promotor.jpg","datePublished":"2024-03-18T23:31:14+00:00","dateModified":"2024-03-18T23:31:34+00:00","description":"Prova Comentada Direito Tribut\u00e1rio e Financeiro MP SC Promotor: confira AQUI os coment\u00e1rios dos nossos professores e tire suas d\u00favidas!","breadcrumb":{"@id":"https:\/\/cj.estrategia.com\/portal\/prova-comentada-direito-tributario-e-financeiro-mp-sc-promotor\/#breadcrumb"},"inLanguage":"pt-BR","potentialAction":[{"@type":"ReadAction","target":["https:\/\/cj.estrategia.com\/portal\/prova-comentada-direito-tributario-e-financeiro-mp-sc-promotor\/"]}]},{"@type":"ImageObject","inLanguage":"pt-BR","@id":"https:\/\/cj.estrategia.com\/portal\/prova-comentada-direito-tributario-e-financeiro-mp-sc-promotor\/#primaryimage","url":"https:\/\/cj.estrategia.com\/portal\/wp-content\/uploads\/2022\/09\/04105517\/MP-SC-Promotor.jpg","contentUrl":"https:\/\/cj.estrategia.com\/portal\/wp-content\/uploads\/2022\/09\/04105517\/MP-SC-Promotor.jpg","width":768,"height":432,"caption":"Concurso MP SC Promotor"},{"@type":"BreadcrumbList","@id":"https:\/\/cj.estrategia.com\/portal\/prova-comentada-direito-tributario-e-financeiro-mp-sc-promotor\/#breadcrumb","itemListElement":[{"@type":"ListItem","position":1,"name":"In\u00edcio","item":"https:\/\/cj.estrategia.com\/portal\/"},{"@type":"ListItem","position":2,"name":"Prova Comentada Direito Tribut\u00e1rio e Financeiro MP SC Promotor"}]},{"@type":"WebSite","@id":"https:\/\/cj.estrategia.com\/portal\/#website","url":"https:\/\/cj.estrategia.com\/portal\/","name":"Blog - Carreiras Jur\u00eddicas - Estrat\u00e9gia","description":"","publisher":{"@id":"https:\/\/cj.estrategia.com\/portal\/#organization"},"potentialAction":[{"@type":"SearchAction","target":{"@type":"EntryPoint","urlTemplate":"https:\/\/cj.estrategia.com\/portal\/?s={search_term_string}"},"query-input":{"@type":"PropertyValueSpecification","valueRequired":true,"valueName":"search_term_string"}}],"inLanguage":"pt-BR"},{"@type":"Organization","@id":"https:\/\/cj.estrategia.com\/portal\/#organization","name":"Estrat\u00e9gia - Carreiras Jur\u00eddicas","url":"https:\/\/cj.estrategia.com\/portal\/","logo":{"@type":"ImageObject","inLanguage":"pt-BR","@id":"https:\/\/cj.estrategia.com\/portal\/#\/schema\/logo\/image\/","url":"https:\/\/cj.estrategia.com\/portal\/wp-content\/uploads\/2022\/03\/11151052\/cj-logo.png","contentUrl":"https:\/\/cj.estrategia.com\/portal\/wp-content\/uploads\/2022\/03\/11151052\/cj-logo.png","width":150,"height":39,"caption":"Estrat\u00e9gia - Carreiras Jur\u00eddicas"},"image":{"@id":"https:\/\/cj.estrategia.com\/portal\/#\/schema\/logo\/image\/"},"sameAs":["https:\/\/www.facebook.com\/estrategiacarreirajuridica\/","https:\/\/x.com\/EstratJuridica","https:\/\/www.instagram.com\/estrategiacarreirajuridica\/","https:\/\/www.youtube.com\/channel\/UClbMGuYbj2Mh1m3w144ETWQ"]},{"@type":"Person","@id":"https:\/\/cj.estrategia.com\/portal\/#\/schema\/person\/4d70317d31449932b99102916b6637f5","name":"Coordena\u00e7\u00e3o","image":{"@type":"ImageObject","inLanguage":"pt-BR","@id":"https:\/\/cj.estrategia.com\/portal\/wp-content\/uploads\/2022\/05\/12164923\/estrategia-carreira-juridica-coordenacao-96x96.png","url":"https:\/\/cj.estrategia.com\/portal\/wp-content\/uploads\/2022\/05\/12164923\/estrategia-carreira-juridica-coordenacao-96x96.png","contentUrl":"https:\/\/cj.estrategia.com\/portal\/wp-content\/uploads\/2022\/05\/12164923\/estrategia-carreira-juridica-coordenacao-96x96.png","caption":"Coordena\u00e7\u00e3o"},"url":"https:\/\/cj.estrategia.com\/portal\/author\/coordenacao\/"}]}},"jetpack_featured_media_url":"https:\/\/cj.estrategia.com\/portal\/wp-content\/uploads\/2022\/09\/04105517\/MP-SC-Promotor.jpg","jetpack_sharing_enabled":true,"_links":{"self":[{"href":"https:\/\/cj.estrategia.com\/portal\/wp-json\/wp\/v2\/posts\/58333","targetHints":{"allow":["GET"]}}],"collection":[{"href":"https:\/\/cj.estrategia.com\/portal\/wp-json\/wp\/v2\/posts"}],"about":[{"href":"https:\/\/cj.estrategia.com\/portal\/wp-json\/wp\/v2\/types\/post"}],"author":[{"embeddable":true,"href":"https:\/\/cj.estrategia.com\/portal\/wp-json\/wp\/v2\/users\/12"}],"replies":[{"embeddable":true,"href":"https:\/\/cj.estrategia.com\/portal\/wp-json\/wp\/v2\/comments?post=58333"}],"version-history":[{"count":1,"href":"https:\/\/cj.estrategia.com\/portal\/wp-json\/wp\/v2\/posts\/58333\/revisions"}],"predecessor-version":[{"id":58345,"href":"https:\/\/cj.estrategia.com\/portal\/wp-json\/wp\/v2\/posts\/58333\/revisions\/58345"}],"wp:featuredmedia":[{"embeddable":true,"href":"https:\/\/cj.estrategia.com\/portal\/wp-json\/wp\/v2\/media\/20825"}],"wp:attachment":[{"href":"https:\/\/cj.estrategia.com\/portal\/wp-json\/wp\/v2\/media?parent=58333"}],"wp:term":[{"taxonomy":"category","embeddable":true,"href":"https:\/\/cj.estrategia.com\/portal\/wp-json\/wp\/v2\/categories?post=58333"},{"taxonomy":"post_tag","embeddable":true,"href":"https:\/\/cj.estrategia.com\/portal\/wp-json\/wp\/v2\/tags?post=58333"},{"taxonomy":"tax_estado","embeddable":true,"href":"https:\/\/cj.estrategia.com\/portal\/wp-json\/wp\/v2\/tax_estado?post=58333"}],"curies":[{"name":"wp","href":"https:\/\/api.w.org\/{rel}","templated":true}]}}