{"id":58305,"date":"2025-07-10T21:11:15","date_gmt":"2025-07-11T00:11:15","guid":{"rendered":"https:\/\/cj.estrategia.com\/portal\/?p=58305"},"modified":"2025-12-17T20:24:41","modified_gmt":"2025-12-17T23:24:41","slug":"concurso-procurador-camara-de-vinhedo","status":"publish","type":"post","link":"https:\/\/cj.estrategia.com\/portal\/concurso-procurador-camara-de-vinhedo\/","title":{"rendered":"Concurso Procurador C\u00e2mara de Vinhedo: homologado"},"content":{"rendered":"\n<p>O concurso da <strong>C\u00e2mara de Vinhedo, <\/strong>no estado de S\u00e3o Paulo, teve o resultado final do certame homologado. <\/p>\n\n\n\n<ul class=\"wp-block-list\">\n<li><a href=\"#resultados\">Resultado e homologa\u00e7\u00e3o<\/a>.<\/li>\n<\/ul>\n\n\n\n<p>Foram ofertadas <strong>vagas em com cadastro reserva<\/strong> para o cargo de <strong>Procurador<\/strong> com iniciais de<strong> R$ 6.287,44 <\/strong>+ Vale Alimenta\u00e7\u00e3o de R$ 1.100,00 + Aux\u00edlio Transporte de R$ 400,00.<\/p>\n\n\n\n<p>Para participar da sele\u00e7\u00e3o foi necess\u00e1rio Ensino Superior em Direito + 03 (tr\u00eas) anos de Experi\u00eancia comprovada + Inscri\u00e7\u00e3o na Ordem dos Advogados do Brasil (OAB).<\/p>\n\n\n\n<p>Confira mais detalhes no artigo!<\/p>\n\n\n\n<ul class=\"wp-block-list has-very-light-gray-to-cyan-bluish-gray-gradient-background has-background\">\n<li><strong>Concurso<\/strong> <strong>Procurador C\u00e2mara de Vinhedo SP<\/strong><\/li>\n\n\n\n<li><strong>Situa\u00e7\u00e3o:<\/strong> Homologado<\/li>\n\n\n\n<li><strong>Banca: <\/strong>Avan\u00e7a SP<\/li>\n\n\n\n<li><strong>Vagas: <\/strong>CR<\/li>\n\n\n\n<li><strong>Sal\u00e1rio inicial:<\/strong> R$ 6.287,44<\/li>\n\n\n\n<li><strong>Edital<\/strong>:\u00a0<a href=\"https:\/\/cj.estrategia.com\/portal\/wp-content\/uploads\/2024\/03\/18111252\/edital-camara-vinhedo-sp-2024.pdf\" target=\"_blank\" >C\u00e2mara de Vinhedo 2024<\/a><\/li>\n<\/ul>\n\n\n\n<p><\/p>\n\n\n\n<div class=\"container\" id=\"boxes\">\n  <div class=\"row\">\n\n    <div class=\"col-sm\">\n      <div class=\"banner-estrategia-concursos-juridicos\" id=\"box-assinatura\">\n        <h2 id=\"curso-para-concurso-procurador-camara-de-vinhedo\" class=\"titulo-assinatura\"><span style=\"color: #ffffff; font-size: 23px; \">Curso para Concurso Procurador C\u00e2mara de Vinhedo<\/span><\/h2>\n        <p class=\"subtitulo-assinatura\">Cursos focados no edital do concurso<\/p>\n        <div class=\"box-botao\">\n          <a class=\"btn-assinatura-juridica\" target=\"_blank\" href=\"https:\/\/cj.estrategia.com\/cursos\/home\" role=\"button\" rel=\"noopener noreferrer\">Conhe\u00e7a mais<\/a>\n        <\/div>\n      <\/div>\n      <p class=\"texto-auxiliar\">Prepare-se com o melhor material e com quem mais aprova em concursos em todo o pa\u00eds. \n<\/p>\n    <\/div>\n\n  <\/div>\n<\/div>\n\n\n\n<div class=\"wp-block-yoast-seo-table-of-contents yoast-table-of-contents\"><h2 id=\"navegue-pelo-indice\">Navegue pelo \u00edndice:<\/h2><ul><li><a href=\"#atual\" data-level=\"2\">Concurso Procurador C\u00e2mara de Vinhedo SP: situa\u00e7\u00e3o atual<\/a><ul><li><a href=\"#resultados\" data-level=\"3\">Resultados<\/a><\/li><li><a href=\"#cargo\" data-level=\"3\">Cargos e Vagas<\/a><\/li><li><a href=\"#h-requisitos\" data-level=\"3\">Requisitos<\/a><\/li><\/ul><\/li><li><a href=\"#etapas\" data-level=\"2\">Etapas e provas do Concurso Procurador C\u00e2mara de Vinhedo SP<\/a><ul><li><a href=\"#objetiva\" data-level=\"3\">Como foram as Provas Objetivas?<\/a><\/li><li><a href=\"#h-prova-discursiva\" data-level=\"3\">Prova Discursiva<\/a><\/li><li><a href=\"#h-prova-de-titulos\" data-level=\"3\">Prova de T\u00edtulos<\/a><\/li><\/ul><\/li><li><a href=\"#h-quer-saber-tudo-sobre-concursos-previstos-confira-nossos-artigos\" data-level=\"2\">Quer saber tudo sobre concursos previstos? Confira nossos artigos!<\/a><\/li><li><a href=\"#cursos\" data-level=\"2\">Quer estudar para Concurso Procurador C\u00e2mara de Vinhedo SP?<\/a><\/li><\/ul><\/div>\n\n\n\n<h2 class=\"wp-block-heading\" id=\"atual\"><span id=\"concurso-procurador-camara-de-vinhedo-sp-situacao-atual\">Concurso Procurador C\u00e2mara de Vinhedo SP: situa\u00e7\u00e3o atual<\/span><\/h2>\n\n\n\n<h3 class=\"wp-block-heading\" id=\"resultados\">Resultados<\/h3>\n\n\n\n<ul class=\"wp-block-list\">\n<li><a href=\"https:\/\/anexos.cdn.selecao.net.br\/uploads\/301\/concursos\/135\/anexos\/rSjpiy99Tjw6SWy2tw3Zz129dJtUptQcJJbwQN2v.pdf\" target=\"_blank\" >RESULTADO DEFINITIVO DAS PROVAS<\/a><\/li>\n\n\n\n<li><a href=\"https:\/\/anexos.cdn.selecao.net.br\/uploads\/301\/concursos\/135\/anexos\/f6KnNTVt2gwVSyiZVaDTHDf7Dms6brmAOeL071uX.pdf\" target=\"_blank\" >RESULTADO DEFINITIVO DAS PROVAS  \u2013 CANDIDATOS PCD<\/a><\/li>\n\n\n\n<li><a href=\"https:\/\/anexos.cdn.selecao.net.br\/uploads\/301\/concursos\/135\/anexos\/Gh2815LJvmnjTvJSnREotNTA2ikD9nZb8Jpa7uAL.pdf\" target=\"_blank\" >HOMOLOGA\u00c7\u00c3O<\/a><\/li>\n<\/ul>\n\n\n\n<h3 class=\"wp-block-heading\" id=\"cargo\"><span id=\"cargos-e-vagas\">Cargos e Vagas<\/span><\/h3>\n\n\n\n<figure class=\"wp-block-table is-style-stripes\"><table class=\"has-very-light-gray-to-cyan-bluish-gray-gradient-background has-background has-fixed-layout\"><thead><tr><th class=\"has-text-align-center\" data-align=\"center\">CARGO<\/th><th class=\"has-text-align-center\" data-align=\"center\">VAGA<\/th><th class=\"has-text-align-center\" data-align=\"center\">SAL\u00c1RIO<\/th><\/tr><\/thead><tbody><tr><td class=\"has-text-align-center\" data-align=\"center\">Procurador Jur\u00eddico<\/td><td class=\"has-text-align-center\" data-align=\"center\">CR<\/td><td class=\"has-text-align-center\" data-align=\"center\"> R$ 6.287,44<\/td><\/tr><\/tbody><\/table><\/figure>\n\n\n\n<p><\/p>\n\n\n\n<p>A C\u00e2mara Municipal de Vinhedo concede os seguintes benef\u00edcios:<\/p>\n\n\n\n<ul class=\"wp-block-list\">\n<li>Vale Alimenta\u00e7\u00e3o: valor de R$ 1.100,00 <\/li>\n\n\n\n<li>Aux\u00edlio Transporte no valor de R$ 400,00.<\/li>\n<\/ul>\n\n\n\n<h3 class=\"wp-block-heading\" id=\"h-requisitos\"><span id=\"requisitos\">Requisitos<\/span><\/h3>\n\n\n\n<ul class=\"wp-block-list\">\n<li>Ensino Superior em Direito<\/li>\n\n\n\n<li>03 anos de Experi\u00eancia comprovada<\/li>\n\n\n\n<li>Inscri\u00e7\u00e3o na Ordem dos Advogados do Brasil (OAB).<\/li>\n<\/ul>\n\n\n\n<h2 class=\"wp-block-heading\" id=\"etapas\"><span id=\"etapas-e-provas-do-concurso-procurador-camara-de-vinhedo-sp\">Etapas e provas do Concurso Procurador C\u00e2mara de Vinhedo SP<\/span><\/h2>\n\n\n\n<p>Os candidatos do concurso C\u00e2mara de Vinhedo foram avaliados mediante aplica\u00e7\u00e3o de 3 etapas, sendo elas:<\/p>\n\n\n\n<ul class=\"wp-block-list\">\n<li>Prova Objetiva;<\/li>\n\n\n\n<li>Prova Discursiva (Pr\u00e1tico-Profissional);<\/li>\n\n\n\n<li>Prova de T\u00edtulos.<\/li>\n<\/ul>\n\n\n\n<h3 class=\"wp-block-heading\" id=\"objetiva\"><span id=\"como-foram-as-provas-objetivas\">Como foram as Provas Objetivas?<\/span><\/h3>\n\n\n\n<p>A Prova Objetiva foi avaliada na escala de 0 a 100 pontos, distribu\u00eddos proporcionalmente em conformidade com o n\u00famero de quest\u00f5es da Prova Objetiva.<\/p>\n\n\n\n<figure class=\"wp-block-image size-large\"><img decoding=\"async\" width=\"1024\" height=\"165\" src=\"https:\/\/cj.estrategia.com\/portal\/wp-content\/uploads\/2024\/03\/18111700\/Captura-de-Tela-2024-03-18-as-11.16.39-1024x165.png\" alt=\"\" class=\"wp-image-58310\" srcset=\"https:\/\/cj.estrategia.com\/portal\/wp-content\/uploads\/2024\/03\/18111700\/Captura-de-Tela-2024-03-18-as-11.16.39-1024x165.png 1024w, https:\/\/cj.estrategia.com\/portal\/wp-content\/uploads\/2024\/03\/18111700\/Captura-de-Tela-2024-03-18-as-11.16.39-300x48.png 300w, https:\/\/cj.estrategia.com\/portal\/wp-content\/uploads\/2024\/03\/18111700\/Captura-de-Tela-2024-03-18-as-11.16.39-768x124.png 768w, https:\/\/cj.estrategia.com\/portal\/wp-content\/uploads\/2024\/03\/18111700\/Captura-de-Tela-2024-03-18-as-11.16.39-380x61.png 380w, https:\/\/cj.estrategia.com\/portal\/wp-content\/uploads\/2024\/03\/18111700\/Captura-de-Tela-2024-03-18-as-11.16.39-800x129.png 800w, https:\/\/cj.estrategia.com\/portal\/wp-content\/uploads\/2024\/03\/18111700\/Captura-de-Tela-2024-03-18-as-11.16.39-1160x187.png 1160w, https:\/\/cj.estrategia.com\/portal\/wp-content\/uploads\/2024\/03\/18111700\/Captura-de-Tela-2024-03-18-as-11.16.39-150x24.png 150w, https:\/\/cj.estrategia.com\/portal\/wp-content\/uploads\/2024\/03\/18111700\/Captura-de-Tela-2024-03-18-as-11.16.39.png 1380w\" sizes=\"(max-width: 1024px) 100vw, 1024px\" \/><\/figure>\n\n\n\n<h3 class=\"wp-block-heading\" id=\"h-prova-discursiva\"><span id=\"prova-discursiva\">Prova Discursiva<\/span><\/h3>\n\n\n\n<p>A Prova Discursiva, de car\u00e1ter eliminat\u00f3rio e classificat\u00f3rio, foi composta de 01 Pe\u00e7a Pr\u00e1tico-Profissional e realizada pelos candidatos ao emprego de Procurador Legislativo, juntamente com a Prova Objetiva, isto \u00e9, na mesma data e hor\u00e1rio.<\/p>\n\n\n\n<h3 class=\"wp-block-heading\" id=\"h-prova-de-titulos\"><span id=\"prova-de-titulos\">Prova de T\u00edtulos<\/span><\/h3>\n\n\n\n<p>Aplicada aos candidatos aprovados nas etapas anteriores:<\/p>\n\n\n\n<figure class=\"wp-block-image size-large\"><img decoding=\"async\" width=\"1024\" height=\"369\" src=\"https:\/\/cj.estrategia.com\/portal\/wp-content\/uploads\/2024\/03\/18111927\/Captura-de-Tela-2024-03-18-as-11.18.44-1024x369.png\" alt=\"\" class=\"wp-image-58312\" srcset=\"https:\/\/cj.estrategia.com\/portal\/wp-content\/uploads\/2024\/03\/18111927\/Captura-de-Tela-2024-03-18-as-11.18.44-1024x369.png 1024w, https:\/\/cj.estrategia.com\/portal\/wp-content\/uploads\/2024\/03\/18111927\/Captura-de-Tela-2024-03-18-as-11.18.44-300x108.png 300w, https:\/\/cj.estrategia.com\/portal\/wp-content\/uploads\/2024\/03\/18111927\/Captura-de-Tela-2024-03-18-as-11.18.44-768x276.png 768w, https:\/\/cj.estrategia.com\/portal\/wp-content\/uploads\/2024\/03\/18111927\/Captura-de-Tela-2024-03-18-as-11.18.44-380x137.png 380w, https:\/\/cj.estrategia.com\/portal\/wp-content\/uploads\/2024\/03\/18111927\/Captura-de-Tela-2024-03-18-as-11.18.44-800x288.png 800w, https:\/\/cj.estrategia.com\/portal\/wp-content\/uploads\/2024\/03\/18111927\/Captura-de-Tela-2024-03-18-as-11.18.44-1160x418.png 1160w, https:\/\/cj.estrategia.com\/portal\/wp-content\/uploads\/2024\/03\/18111927\/Captura-de-Tela-2024-03-18-as-11.18.44-150x54.png 150w, https:\/\/cj.estrategia.com\/portal\/wp-content\/uploads\/2024\/03\/18111927\/Captura-de-Tela-2024-03-18-as-11.18.44.png 1300w\" sizes=\"(max-width: 1024px) 100vw, 1024px\" \/><\/figure>\n\n\n\n<hr class=\"wp-block-separator has-alpha-channel-opacity\"\/>\n\n\n\n<h2 class=\"wp-block-heading\" id=\"h-quer-saber-tudo-sobre-concursos-previstos-confira-nossos-artigos\"><span id=\"quer-saber-tudo-sobre-concursos-previstosconfira-nossos-artigos\">Quer saber tudo sobre concursos previstos?<br><strong>Confira nossos artigos!<\/strong><\/span><\/h2>\n\n\n\n<ul class=\"wp-block-list\">\n<li><a href=\"https:\/\/cj.estrategia.com\/portal\/concursos-2025-carreiras-juridicas\/\" target=\"_blank\" ><\/a><a href=\"https:\/\/cj.estrategia.com\/portal\/concursos-juridicos-2026-prepare-se-para-os-proximos-editais\/\" target=\"_blank\" >Concursos Jur\u00eddicos 2026<\/a><\/li>\n\n\n\n<li><a href=\"https:\/\/cj.estrategia.com\/portal\/concursos-abertos-carreiras-juridicas\/\" target=\"_blank\" >Concursos abertos<\/a><\/li>\n<\/ul>\n\n\n\n<h2 class=\"wp-block-heading has-text-align-center\" id=\"cursos\"><span id=\"quer-estudar-para-concurso-procurador-camara-de-vinhedo-sp\">Quer estudar para Concurso Procurador C\u00e2mara de Vinhedo SP?<\/span><\/h2>\n\n\n\n<p class=\"has-text-align-center\"><em>Gostou desta oportunidade e deseja come\u00e7ar se preparar agora mesmo? Ent\u00e3o, confira os nossos cursos e comece a estudar:<\/em><\/p>\n\n\n\n<div class=\"wp-block-cover\" style=\"min-height:155px;aspect-ratio:unset;\"><img decoding=\"async\" width=\"1890\" height=\"351\" class=\"wp-block-cover__image-background wp-image-8669\" alt=\"Assinaturas Jur\u00eddicas\" src=\"https:\/\/cj.estrategia.com\/portal\/wp-content\/uploads\/2022\/06\/20151253\/concurso-carreiras-juridicas-assinatura-juridica.jpg\" style=\"object-position:78% 43%\" data-object-fit=\"cover\" data-object-position=\"78% 43%\" srcset=\"https:\/\/cj.estrategia.com\/portal\/wp-content\/uploads\/2022\/06\/20151253\/concurso-carreiras-juridicas-assinatura-juridica.jpg 1890w, https:\/\/cj.estrategia.com\/portal\/wp-content\/uploads\/2022\/06\/20151253\/concurso-carreiras-juridicas-assinatura-juridica-300x56.jpg 300w, https:\/\/cj.estrategia.com\/portal\/wp-content\/uploads\/2022\/06\/20151253\/concurso-carreiras-juridicas-assinatura-juridica-1024x190.jpg 1024w, https:\/\/cj.estrategia.com\/portal\/wp-content\/uploads\/2022\/06\/20151253\/concurso-carreiras-juridicas-assinatura-juridica-768x143.jpg 768w, https:\/\/cj.estrategia.com\/portal\/wp-content\/uploads\/2022\/06\/20151253\/concurso-carreiras-juridicas-assinatura-juridica-1536x285.jpg 1536w, https:\/\/cj.estrategia.com\/portal\/wp-content\/uploads\/2022\/06\/20151253\/concurso-carreiras-juridicas-assinatura-juridica-380x71.jpg 380w, https:\/\/cj.estrategia.com\/portal\/wp-content\/uploads\/2022\/06\/20151253\/concurso-carreiras-juridicas-assinatura-juridica-800x149.jpg 800w, https:\/\/cj.estrategia.com\/portal\/wp-content\/uploads\/2022\/06\/20151253\/concurso-carreiras-juridicas-assinatura-juridica-1160x215.jpg 1160w\" sizes=\"(max-width: 1890px) 100vw, 1890px\" \/><span aria-hidden=\"true\" class=\"wp-block-cover__background has-background-dim\"><\/span><div class=\"wp-block-cover__inner-container is-layout-flow wp-block-cover-is-layout-flow\">\n<h3 id=\"faca-a-sua-assinatura\" class=\"titulo-assinatura\"><span style=\"color: #ffffff;\">Fa\u00e7a a sua assinatura!<\/span><\/h3>\n<p class=\"subtitulo-assinatura\" style=\"display:block!important; line-height: 0;\"><span style=\"color: #ffffff;\">Escolha a sua \u00e1rea.<\/span><\/p>\n<a target=\"_blank\" href=\"https:\/\/www.estrategiaconcursos.com.br\/assinaturas-ecj\/\" rel=\"noopener\"><button style=\"border-radius: 10px; text-transform: capitalize;\">Acessar<\/button><\/a>\n<\/div><\/div>\n\n\n\n<figure class=\"wp-block-image size-large is-resized\"><img decoding=\"async\" src=\"https:\/\/dhg1h5j42swfq.cloudfront.net\/2021\/04\/21143859\/ficha-tecnica-161-1024x632.png\" alt=\"concurso tjm mg ficha t\u00e9cnica\" class=\"wp-image-720407\" style=\"aspect-ratio:1.62;width:238px;height:auto\"\/><\/figure>\n\n\n\n<h4 class=\"wp-block-heading\" id=\"h-informacoes-do-concurso-procurador-camara-de-vinhedo-sp\"><span id=\"informacoes-do-concurso-procurador-camara-de-vinhedo-sp\"><span style=\"font-size: 14pt; color: #000000;\">Informa\u00e7\u00f5es do<\/span> Concurso Procurador C\u00e2mara de Vinhedo SP<br><\/span><\/h4>\n\n\n\n<ul class=\"wp-block-list\">\n<li><span style=\"color: #000000;\"> <strong>Data das provas:<\/strong><\/span> <s>18\/05\/2024<\/s><\/li>\n\n\n\n<li><strong><span style=\"color: #000000;\">Vagas:<\/span> <\/strong>CR<\/li>\n\n\n\n<li><strong><span style=\"color: #000000;\">Cargos:<\/span> <\/strong>Procurador<\/li>\n\n\n\n<li><span style=\"color: #000000;\"><strong>Banca:<\/strong><\/span> Avan\u00e7a SP<\/li>\n\n\n\n<li><span style=\"color: #000000;\"><strong>Escolaridade: <\/strong>n\u00edvel superior<\/span> em direto + OAB <\/li>\n\n\n\n<li><strong>Edital<\/strong>: <a href=\"https:\/\/cj.estrategia.com\/portal\/wp-content\/uploads\/2024\/03\/18111252\/edital-camara-vinhedo-sp-2024.pdf\" target=\"_blank\" >C\u00e2mara de Vinhedo 2024<\/a><\/li>\n<\/ul>\n","protected":false},"excerpt":{"rendered":"O concurso da C\u00e2mara de Vinhedo, no estado de S\u00e3o Paulo, teve o resultado final do certame homologado.&hellip;\n","protected":false},"author":12,"featured_media":169991,"comment_status":"open","ping_status":"open","sticky":false,"template":"","format":"standard","meta":{"_jetpack_memberships_contains_paid_content":false,"footnotes":""},"categories":[1,24],"tags":[],"tax_estado":[56],"class_list":{"0":"post-58305","1":"post","2":"type-post","3":"status-publish","4":"format-standard","5":"has-post-thumbnail","7":"category-carreiras-juridicas","8":"category-procuradoria","9":"tax_estado-sp"},"acf":[],"yoast_head":"<!-- This site is optimized with the Yoast SEO Premium plugin v27.5 (Yoast SEO v27.5) - https:\/\/yoast.com\/product\/yoast-seo-premium-wordpress\/ -->\n<title>Concurso Procurador C\u00e2mara de Vinhedo: homologado<\/title>\n<meta name=\"description\" content=\"Concurso Procurador C\u00e2mara de Vinhedo: edital ofertou vagas para procurador e agora est\u00e1 oficialmente homologado, confira os detalhes!\" \/>\n<meta name=\"robots\" content=\"index, follow, max-snippet:-1, max-image-preview:large, max-video-preview:-1\" \/>\n<link rel=\"canonical\" href=\"https:\/\/cj.estrategia.com\/portal\/concurso-procurador-camara-de-vinhedo\/\" \/>\n<meta property=\"og:locale\" content=\"pt_BR\" \/>\n<meta property=\"og:type\" content=\"article\" \/>\n<meta property=\"og:title\" content=\"Concurso Procurador C\u00e2mara de Vinhedo: homologado\" \/>\n<meta property=\"og:description\" content=\"Concurso Procurador C\u00e2mara de Vinhedo: edital ofertou vagas para procurador e agora est\u00e1 oficialmente homologado, confira os detalhes!\" \/>\n<meta property=\"og:url\" content=\"https:\/\/cj.estrategia.com\/portal\/concurso-procurador-camara-de-vinhedo\/\" \/>\n<meta property=\"og:site_name\" content=\"Blog - Carreiras Jur\u00eddicas - Estrat\u00e9gia\" \/>\n<meta property=\"article:publisher\" content=\"https:\/\/www.facebook.com\/estrategiacarreirajuridica\/\" \/>\n<meta property=\"article:published_time\" content=\"2025-07-11T00:11:15+00:00\" \/>\n<meta property=\"article:modified_time\" content=\"2025-12-17T23:24:41+00:00\" \/>\n<meta property=\"og:image\" content=\"https:\/\/cj.estrategia.com\/portal\/wp-content\/uploads\/2025\/12\/17195659\/Concursos-Procuradorias.jpg\" \/>\n\t<meta property=\"og:image:width\" content=\"768\" \/>\n\t<meta property=\"og:image:height\" content=\"432\" \/>\n\t<meta property=\"og:image:type\" content=\"image\/jpeg\" \/>\n<meta name=\"author\" content=\"Coordena\u00e7\u00e3o\" \/>\n<meta name=\"twitter:card\" content=\"summary_large_image\" \/>\n<meta name=\"twitter:creator\" content=\"@EstratJuridica\" \/>\n<meta name=\"twitter:site\" content=\"@EstratJuridica\" \/>\n<meta name=\"twitter:label1\" content=\"Escrito por\" \/>\n\t<meta name=\"twitter:data1\" content=\"Coordena\u00e7\u00e3o\" \/>\n\t<meta name=\"twitter:label2\" content=\"Est. tempo de leitura\" \/>\n\t<meta name=\"twitter:data2\" content=\"6 minutos\" \/>\n<script type=\"application\/ld+json\" class=\"yoast-schema-graph\">{\"@context\":\"https:\\\/\\\/schema.org\",\"@graph\":[{\"@type\":\"NewsArticle\",\"@id\":\"https:\\\/\\\/cj.estrategia.com\\\/portal\\\/concurso-procurador-camara-de-vinhedo\\\/#article\",\"isPartOf\":{\"@id\":\"https:\\\/\\\/cj.estrategia.com\\\/portal\\\/concurso-procurador-camara-de-vinhedo\\\/\"},\"author\":{\"name\":\"Coordena\u00e7\u00e3o\",\"@id\":\"https:\\\/\\\/cj.estrategia.com\\\/portal\\\/#\\\/schema\\\/person\\\/4d70317d31449932b99102916b6637f5\"},\"headline\":\"Concurso Procurador C\u00e2mara de Vinhedo: homologado\",\"datePublished\":\"2025-07-11T00:11:15+00:00\",\"dateModified\":\"2025-12-17T23:24:41+00:00\",\"mainEntityOfPage\":{\"@id\":\"https:\\\/\\\/cj.estrategia.com\\\/portal\\\/concurso-procurador-camara-de-vinhedo\\\/\"},\"wordCount\":486,\"commentCount\":0,\"publisher\":{\"@id\":\"https:\\\/\\\/cj.estrategia.com\\\/portal\\\/#organization\"},\"image\":{\"@id\":\"https:\\\/\\\/cj.estrategia.com\\\/portal\\\/concurso-procurador-camara-de-vinhedo\\\/#primaryimage\"},\"thumbnailUrl\":\"https:\\\/\\\/cj.estrategia.com\\\/portal\\\/wp-content\\\/uploads\\\/2025\\\/12\\\/17195659\\\/Concursos-Procuradorias.jpg\",\"articleSection\":[\"Carreiras Jur\u00eddicas\",\"Procuradoria\"],\"inLanguage\":\"pt-BR\",\"potentialAction\":[{\"@type\":\"CommentAction\",\"name\":\"Comment\",\"target\":[\"https:\\\/\\\/cj.estrategia.com\\\/portal\\\/concurso-procurador-camara-de-vinhedo\\\/#respond\"]}],\"accessibilityFeature\":[\"tableOfContents\"]},{\"@type\":\"WebPage\",\"@id\":\"https:\\\/\\\/cj.estrategia.com\\\/portal\\\/concurso-procurador-camara-de-vinhedo\\\/\",\"url\":\"https:\\\/\\\/cj.estrategia.com\\\/portal\\\/concurso-procurador-camara-de-vinhedo\\\/\",\"name\":\"Concurso Procurador C\u00e2mara de Vinhedo: homologado\",\"isPartOf\":{\"@id\":\"https:\\\/\\\/cj.estrategia.com\\\/portal\\\/#website\"},\"primaryImageOfPage\":{\"@id\":\"https:\\\/\\\/cj.estrategia.com\\\/portal\\\/concurso-procurador-camara-de-vinhedo\\\/#primaryimage\"},\"image\":{\"@id\":\"https:\\\/\\\/cj.estrategia.com\\\/portal\\\/concurso-procurador-camara-de-vinhedo\\\/#primaryimage\"},\"thumbnailUrl\":\"https:\\\/\\\/cj.estrategia.com\\\/portal\\\/wp-content\\\/uploads\\\/2025\\\/12\\\/17195659\\\/Concursos-Procuradorias.jpg\",\"datePublished\":\"2025-07-11T00:11:15+00:00\",\"dateModified\":\"2025-12-17T23:24:41+00:00\",\"description\":\"Concurso Procurador C\u00e2mara de Vinhedo: edital ofertou vagas para procurador e agora est\u00e1 oficialmente homologado, confira os detalhes!\",\"breadcrumb\":{\"@id\":\"https:\\\/\\\/cj.estrategia.com\\\/portal\\\/concurso-procurador-camara-de-vinhedo\\\/#breadcrumb\"},\"inLanguage\":\"pt-BR\",\"potentialAction\":[{\"@type\":\"ReadAction\",\"target\":[\"https:\\\/\\\/cj.estrategia.com\\\/portal\\\/concurso-procurador-camara-de-vinhedo\\\/\"]}]},{\"@type\":\"ImageObject\",\"inLanguage\":\"pt-BR\",\"@id\":\"https:\\\/\\\/cj.estrategia.com\\\/portal\\\/concurso-procurador-camara-de-vinhedo\\\/#primaryimage\",\"url\":\"https:\\\/\\\/cj.estrategia.com\\\/portal\\\/wp-content\\\/uploads\\\/2025\\\/12\\\/17195659\\\/Concursos-Procuradorias.jpg\",\"contentUrl\":\"https:\\\/\\\/cj.estrategia.com\\\/portal\\\/wp-content\\\/uploads\\\/2025\\\/12\\\/17195659\\\/Concursos-Procuradorias.jpg\",\"width\":768,\"height\":432},{\"@type\":\"BreadcrumbList\",\"@id\":\"https:\\\/\\\/cj.estrategia.com\\\/portal\\\/concurso-procurador-camara-de-vinhedo\\\/#breadcrumb\",\"itemListElement\":[{\"@type\":\"ListItem\",\"position\":1,\"name\":\"In\u00edcio\",\"item\":\"https:\\\/\\\/cj.estrategia.com\\\/portal\\\/\"},{\"@type\":\"ListItem\",\"position\":2,\"name\":\"Concurso Procurador C\u00e2mara de Vinhedo: homologado\"}]},{\"@type\":\"WebSite\",\"@id\":\"https:\\\/\\\/cj.estrategia.com\\\/portal\\\/#website\",\"url\":\"https:\\\/\\\/cj.estrategia.com\\\/portal\\\/\",\"name\":\"Blog - Carreiras Jur\u00eddicas - Estrat\u00e9gia\",\"description\":\"\",\"publisher\":{\"@id\":\"https:\\\/\\\/cj.estrategia.com\\\/portal\\\/#organization\"},\"potentialAction\":[{\"@type\":\"SearchAction\",\"target\":{\"@type\":\"EntryPoint\",\"urlTemplate\":\"https:\\\/\\\/cj.estrategia.com\\\/portal\\\/?s={search_term_string}\"},\"query-input\":{\"@type\":\"PropertyValueSpecification\",\"valueRequired\":true,\"valueName\":\"search_term_string\"}}],\"inLanguage\":\"pt-BR\"},{\"@type\":\"Organization\",\"@id\":\"https:\\\/\\\/cj.estrategia.com\\\/portal\\\/#organization\",\"name\":\"Estrat\u00e9gia - Carreiras Jur\u00eddicas\",\"url\":\"https:\\\/\\\/cj.estrategia.com\\\/portal\\\/\",\"logo\":{\"@type\":\"ImageObject\",\"inLanguage\":\"pt-BR\",\"@id\":\"https:\\\/\\\/cj.estrategia.com\\\/portal\\\/#\\\/schema\\\/logo\\\/image\\\/\",\"url\":\"https:\\\/\\\/cj.estrategia.com\\\/portal\\\/wp-content\\\/uploads\\\/2022\\\/03\\\/11151052\\\/cj-logo.png\",\"contentUrl\":\"https:\\\/\\\/cj.estrategia.com\\\/portal\\\/wp-content\\\/uploads\\\/2022\\\/03\\\/11151052\\\/cj-logo.png\",\"width\":150,\"height\":39,\"caption\":\"Estrat\u00e9gia - Carreiras Jur\u00eddicas\"},\"image\":{\"@id\":\"https:\\\/\\\/cj.estrategia.com\\\/portal\\\/#\\\/schema\\\/logo\\\/image\\\/\"},\"sameAs\":[\"https:\\\/\\\/www.facebook.com\\\/estrategiacarreirajuridica\\\/\",\"https:\\\/\\\/x.com\\\/EstratJuridica\",\"https:\\\/\\\/www.instagram.com\\\/estrategiacarreirajuridica\\\/\",\"https:\\\/\\\/www.youtube.com\\\/channel\\\/UClbMGuYbj2Mh1m3w144ETWQ\"]},{\"@type\":\"Person\",\"@id\":\"https:\\\/\\\/cj.estrategia.com\\\/portal\\\/#\\\/schema\\\/person\\\/4d70317d31449932b99102916b6637f5\",\"name\":\"Coordena\u00e7\u00e3o\",\"image\":{\"@type\":\"ImageObject\",\"inLanguage\":\"pt-BR\",\"@id\":\"https:\\\/\\\/cj.estrategia.com\\\/portal\\\/wp-content\\\/uploads\\\/2022\\\/05\\\/12164923\\\/estrategia-carreira-juridica-coordenacao-96x96.png\",\"url\":\"https:\\\/\\\/cj.estrategia.com\\\/portal\\\/wp-content\\\/uploads\\\/2022\\\/05\\\/12164923\\\/estrategia-carreira-juridica-coordenacao-96x96.png\",\"contentUrl\":\"https:\\\/\\\/cj.estrategia.com\\\/portal\\\/wp-content\\\/uploads\\\/2022\\\/05\\\/12164923\\\/estrategia-carreira-juridica-coordenacao-96x96.png\",\"caption\":\"Coordena\u00e7\u00e3o\"},\"url\":\"https:\\\/\\\/cj.estrategia.com\\\/portal\\\/author\\\/coordenacao\\\/\"}]}<\/script>\n<!-- \/ Yoast SEO Premium plugin. -->","yoast_head_json":{"title":"Concurso Procurador C\u00e2mara de Vinhedo: homologado","description":"Concurso Procurador C\u00e2mara de Vinhedo: edital ofertou vagas para procurador e agora est\u00e1 oficialmente homologado, confira os detalhes!","robots":{"index":"index","follow":"follow","max-snippet":"max-snippet:-1","max-image-preview":"max-image-preview:large","max-video-preview":"max-video-preview:-1"},"canonical":"https:\/\/cj.estrategia.com\/portal\/concurso-procurador-camara-de-vinhedo\/","og_locale":"pt_BR","og_type":"article","og_title":"Concurso Procurador C\u00e2mara de Vinhedo: homologado","og_description":"Concurso Procurador C\u00e2mara de Vinhedo: edital ofertou vagas para procurador e agora est\u00e1 oficialmente homologado, confira os detalhes!","og_url":"https:\/\/cj.estrategia.com\/portal\/concurso-procurador-camara-de-vinhedo\/","og_site_name":"Blog - Carreiras Jur\u00eddicas - Estrat\u00e9gia","article_publisher":"https:\/\/www.facebook.com\/estrategiacarreirajuridica\/","article_published_time":"2025-07-11T00:11:15+00:00","article_modified_time":"2025-12-17T23:24:41+00:00","og_image":[{"width":768,"height":432,"url":"https:\/\/cj.estrategia.com\/portal\/wp-content\/uploads\/2025\/12\/17195659\/Concursos-Procuradorias.jpg","type":"image\/jpeg"}],"author":"Coordena\u00e7\u00e3o","twitter_card":"summary_large_image","twitter_creator":"@EstratJuridica","twitter_site":"@EstratJuridica","twitter_misc":{"Escrito por":"Coordena\u00e7\u00e3o","Est. tempo de leitura":"6 minutos"},"schema":{"@context":"https:\/\/schema.org","@graph":[{"@type":"NewsArticle","@id":"https:\/\/cj.estrategia.com\/portal\/concurso-procurador-camara-de-vinhedo\/#article","isPartOf":{"@id":"https:\/\/cj.estrategia.com\/portal\/concurso-procurador-camara-de-vinhedo\/"},"author":{"name":"Coordena\u00e7\u00e3o","@id":"https:\/\/cj.estrategia.com\/portal\/#\/schema\/person\/4d70317d31449932b99102916b6637f5"},"headline":"Concurso Procurador C\u00e2mara de Vinhedo: homologado","datePublished":"2025-07-11T00:11:15+00:00","dateModified":"2025-12-17T23:24:41+00:00","mainEntityOfPage":{"@id":"https:\/\/cj.estrategia.com\/portal\/concurso-procurador-camara-de-vinhedo\/"},"wordCount":486,"commentCount":0,"publisher":{"@id":"https:\/\/cj.estrategia.com\/portal\/#organization"},"image":{"@id":"https:\/\/cj.estrategia.com\/portal\/concurso-procurador-camara-de-vinhedo\/#primaryimage"},"thumbnailUrl":"https:\/\/cj.estrategia.com\/portal\/wp-content\/uploads\/2025\/12\/17195659\/Concursos-Procuradorias.jpg","articleSection":["Carreiras Jur\u00eddicas","Procuradoria"],"inLanguage":"pt-BR","potentialAction":[{"@type":"CommentAction","name":"Comment","target":["https:\/\/cj.estrategia.com\/portal\/concurso-procurador-camara-de-vinhedo\/#respond"]}],"accessibilityFeature":["tableOfContents"]},{"@type":"WebPage","@id":"https:\/\/cj.estrategia.com\/portal\/concurso-procurador-camara-de-vinhedo\/","url":"https:\/\/cj.estrategia.com\/portal\/concurso-procurador-camara-de-vinhedo\/","name":"Concurso Procurador C\u00e2mara de Vinhedo: homologado","isPartOf":{"@id":"https:\/\/cj.estrategia.com\/portal\/#website"},"primaryImageOfPage":{"@id":"https:\/\/cj.estrategia.com\/portal\/concurso-procurador-camara-de-vinhedo\/#primaryimage"},"image":{"@id":"https:\/\/cj.estrategia.com\/portal\/concurso-procurador-camara-de-vinhedo\/#primaryimage"},"thumbnailUrl":"https:\/\/cj.estrategia.com\/portal\/wp-content\/uploads\/2025\/12\/17195659\/Concursos-Procuradorias.jpg","datePublished":"2025-07-11T00:11:15+00:00","dateModified":"2025-12-17T23:24:41+00:00","description":"Concurso Procurador C\u00e2mara de Vinhedo: edital ofertou vagas para procurador e agora est\u00e1 oficialmente homologado, confira os detalhes!","breadcrumb":{"@id":"https:\/\/cj.estrategia.com\/portal\/concurso-procurador-camara-de-vinhedo\/#breadcrumb"},"inLanguage":"pt-BR","potentialAction":[{"@type":"ReadAction","target":["https:\/\/cj.estrategia.com\/portal\/concurso-procurador-camara-de-vinhedo\/"]}]},{"@type":"ImageObject","inLanguage":"pt-BR","@id":"https:\/\/cj.estrategia.com\/portal\/concurso-procurador-camara-de-vinhedo\/#primaryimage","url":"https:\/\/cj.estrategia.com\/portal\/wp-content\/uploads\/2025\/12\/17195659\/Concursos-Procuradorias.jpg","contentUrl":"https:\/\/cj.estrategia.com\/portal\/wp-content\/uploads\/2025\/12\/17195659\/Concursos-Procuradorias.jpg","width":768,"height":432},{"@type":"BreadcrumbList","@id":"https:\/\/cj.estrategia.com\/portal\/concurso-procurador-camara-de-vinhedo\/#breadcrumb","itemListElement":[{"@type":"ListItem","position":1,"name":"In\u00edcio","item":"https:\/\/cj.estrategia.com\/portal\/"},{"@type":"ListItem","position":2,"name":"Concurso Procurador C\u00e2mara de Vinhedo: homologado"}]},{"@type":"WebSite","@id":"https:\/\/cj.estrategia.com\/portal\/#website","url":"https:\/\/cj.estrategia.com\/portal\/","name":"Blog - Carreiras Jur\u00eddicas - Estrat\u00e9gia","description":"","publisher":{"@id":"https:\/\/cj.estrategia.com\/portal\/#organization"},"potentialAction":[{"@type":"SearchAction","target":{"@type":"EntryPoint","urlTemplate":"https:\/\/cj.estrategia.com\/portal\/?s={search_term_string}"},"query-input":{"@type":"PropertyValueSpecification","valueRequired":true,"valueName":"search_term_string"}}],"inLanguage":"pt-BR"},{"@type":"Organization","@id":"https:\/\/cj.estrategia.com\/portal\/#organization","name":"Estrat\u00e9gia - Carreiras Jur\u00eddicas","url":"https:\/\/cj.estrategia.com\/portal\/","logo":{"@type":"ImageObject","inLanguage":"pt-BR","@id":"https:\/\/cj.estrategia.com\/portal\/#\/schema\/logo\/image\/","url":"https:\/\/cj.estrategia.com\/portal\/wp-content\/uploads\/2022\/03\/11151052\/cj-logo.png","contentUrl":"https:\/\/cj.estrategia.com\/portal\/wp-content\/uploads\/2022\/03\/11151052\/cj-logo.png","width":150,"height":39,"caption":"Estrat\u00e9gia - Carreiras Jur\u00eddicas"},"image":{"@id":"https:\/\/cj.estrategia.com\/portal\/#\/schema\/logo\/image\/"},"sameAs":["https:\/\/www.facebook.com\/estrategiacarreirajuridica\/","https:\/\/x.com\/EstratJuridica","https:\/\/www.instagram.com\/estrategiacarreirajuridica\/","https:\/\/www.youtube.com\/channel\/UClbMGuYbj2Mh1m3w144ETWQ"]},{"@type":"Person","@id":"https:\/\/cj.estrategia.com\/portal\/#\/schema\/person\/4d70317d31449932b99102916b6637f5","name":"Coordena\u00e7\u00e3o","image":{"@type":"ImageObject","inLanguage":"pt-BR","@id":"https:\/\/cj.estrategia.com\/portal\/wp-content\/uploads\/2022\/05\/12164923\/estrategia-carreira-juridica-coordenacao-96x96.png","url":"https:\/\/cj.estrategia.com\/portal\/wp-content\/uploads\/2022\/05\/12164923\/estrategia-carreira-juridica-coordenacao-96x96.png","contentUrl":"https:\/\/cj.estrategia.com\/portal\/wp-content\/uploads\/2022\/05\/12164923\/estrategia-carreira-juridica-coordenacao-96x96.png","caption":"Coordena\u00e7\u00e3o"},"url":"https:\/\/cj.estrategia.com\/portal\/author\/coordenacao\/"}]}},"jetpack_featured_media_url":"https:\/\/cj.estrategia.com\/portal\/wp-content\/uploads\/2025\/12\/17195659\/Concursos-Procuradorias.jpg","jetpack_sharing_enabled":true,"_links":{"self":[{"href":"https:\/\/cj.estrategia.com\/portal\/wp-json\/wp\/v2\/posts\/58305","targetHints":{"allow":["GET"]}}],"collection":[{"href":"https:\/\/cj.estrategia.com\/portal\/wp-json\/wp\/v2\/posts"}],"about":[{"href":"https:\/\/cj.estrategia.com\/portal\/wp-json\/wp\/v2\/types\/post"}],"author":[{"embeddable":true,"href":"https:\/\/cj.estrategia.com\/portal\/wp-json\/wp\/v2\/users\/12"}],"replies":[{"embeddable":true,"href":"https:\/\/cj.estrategia.com\/portal\/wp-json\/wp\/v2\/comments?post=58305"}],"version-history":[{"count":0,"href":"https:\/\/cj.estrategia.com\/portal\/wp-json\/wp\/v2\/posts\/58305\/revisions"}],"wp:featuredmedia":[{"embeddable":true,"href":"https:\/\/cj.estrategia.com\/portal\/wp-json\/wp\/v2\/media\/169991"}],"wp:attachment":[{"href":"https:\/\/cj.estrategia.com\/portal\/wp-json\/wp\/v2\/media?parent=58305"}],"wp:term":[{"taxonomy":"category","embeddable":true,"href":"https:\/\/cj.estrategia.com\/portal\/wp-json\/wp\/v2\/categories?post=58305"},{"taxonomy":"post_tag","embeddable":true,"href":"https:\/\/cj.estrategia.com\/portal\/wp-json\/wp\/v2\/tags?post=58305"},{"taxonomy":"tax_estado","embeddable":true,"href":"https:\/\/cj.estrategia.com\/portal\/wp-json\/wp\/v2\/tax_estado?post=58305"}],"curies":[{"name":"wp","href":"https:\/\/api.w.org\/{rel}","templated":true}]}}