{"id":58253,"date":"2024-04-24T11:00:00","date_gmt":"2024-04-24T14:00:00","guid":{"rendered":"https:\/\/cj.estrategia.com\/portal\/?p=58253"},"modified":"2024-04-01T17:14:14","modified_gmt":"2024-04-01T20:14:14","slug":"resumo-desapropriacao-dpe-pe","status":"publish","type":"post","link":"https:\/\/cj.estrategia.com\/portal\/resumo-desapropriacao-dpe-pe\/","title":{"rendered":"Resumo sobre a Desapropria\u00e7\u00e3o para DPE-PE"},"content":{"rendered":"<div class=\"wp-block-image\">\n<figure class=\"aligncenter size-large is-resized\"><img decoding=\"async\" width=\"1024\" height=\"767\" src=\"https:\/\/cj.estrategia.com\/portal\/wp-content\/uploads\/2024\/03\/17163626\/aerial-shot-beautiful-blue-sea-buildings-mallorca-balearic-islands-spain-1024x767.jpg\" alt=\"Resumo sobre a Desapropria\u00e7\u00e3o para DPE-PE\" class=\"wp-image-58254\" style=\"width:554px;height:auto\" srcset=\"https:\/\/cj.estrategia.com\/portal\/wp-content\/uploads\/2024\/03\/17163626\/aerial-shot-beautiful-blue-sea-buildings-mallorca-balearic-islands-spain-1024x767.jpg 1024w, https:\/\/cj.estrategia.com\/portal\/wp-content\/uploads\/2024\/03\/17163626\/aerial-shot-beautiful-blue-sea-buildings-mallorca-balearic-islands-spain-300x225.jpg 300w, https:\/\/cj.estrategia.com\/portal\/wp-content\/uploads\/2024\/03\/17163626\/aerial-shot-beautiful-blue-sea-buildings-mallorca-balearic-islands-spain-768x576.jpg 768w, https:\/\/cj.estrategia.com\/portal\/wp-content\/uploads\/2024\/03\/17163626\/aerial-shot-beautiful-blue-sea-buildings-mallorca-balearic-islands-spain-1536x1151.jpg 1536w, https:\/\/cj.estrategia.com\/portal\/wp-content\/uploads\/2024\/03\/17163626\/aerial-shot-beautiful-blue-sea-buildings-mallorca-balearic-islands-spain-2048x1535.jpg 2048w, https:\/\/cj.estrategia.com\/portal\/wp-content\/uploads\/2024\/03\/17163626\/aerial-shot-beautiful-blue-sea-buildings-mallorca-balearic-islands-spain-380x285.jpg 380w, https:\/\/cj.estrategia.com\/portal\/wp-content\/uploads\/2024\/03\/17163626\/aerial-shot-beautiful-blue-sea-buildings-mallorca-balearic-islands-spain-800x600.jpg 800w, https:\/\/cj.estrategia.com\/portal\/wp-content\/uploads\/2024\/03\/17163626\/aerial-shot-beautiful-blue-sea-buildings-mallorca-balearic-islands-spain-1160x869.jpg 1160w, https:\/\/cj.estrategia.com\/portal\/wp-content\/uploads\/2024\/03\/17163626\/aerial-shot-beautiful-blue-sea-buildings-mallorca-balearic-islands-spain-150x112.jpg 150w, https:\/\/cj.estrategia.com\/portal\/wp-content\/uploads\/2024\/03\/17163626\/aerial-shot-beautiful-blue-sea-buildings-mallorca-balearic-islands-spain-scaled.jpg 2560w\" sizes=\"(max-width: 1024px) 100vw, 1024px\" \/><figcaption class=\"wp-element-caption\">Resumo sobre a Desapropria\u00e7\u00e3o para DPE-PE<\/figcaption><\/figure>\n<\/div>\n\n\n<p>Fala, pessoal, tudo certo? Hoje faremos um resumo sobre a Desapropria\u00e7\u00e3o para a DPE-PE (Defensoria P\u00fablica do Estado de Pernambuco).<\/p>\n\n\n\n<p>Trata-se de assunto bem relevante da mat\u00e9ria de Direito Administrativo!<\/p>\n\n\n\n<p>Como sabemos, houve a forma\u00e7\u00e3o de comiss\u00e3o para o Concurso de Defensor da DPE-PE. Dessa forma, e considerando que o regulamento do concurso j\u00e1 foi publicado, essa \u00e9 a hora de intensificarmos nossa prepara\u00e7\u00e3o.&nbsp;<\/p>\n\n\n\n<p>Com efeito, n\u00e3o deixe de conferir <a href=\"https:\/\/cj.estrategia.com\/portal\/concurso-dpe-pe-defensor\/\" target=\"_blank\" >nosso artigo sobre a DPE-PE.<\/a><\/p>\n\n\n\n<p>Vamos ao que interessa!<\/p>\n\n\n\n<h2 class=\"wp-block-heading has-luminous-vivid-orange-color has-text-color has-link-color wp-elements-f69283b79d65eea285d0de068c5cf966\" id=\"h-desapropriacao\"><span id=\"desapropriacao\">Desapropria\u00e7\u00e3o<\/span><\/h2>\n\n\n\n<h3 class=\"wp-block-heading has-luminous-vivid-orange-color has-text-color has-link-color wp-elements-4f9ecf2b6e827e9dad3d0b1fca5c1d4f\" id=\"h-previsao-constitucional-e-legal\"><span id=\"previsao-constitucional-e-legal\">Previs\u00e3o constitucional e legal<\/span><\/h3>\n\n\n\n<p>Em primeiro lugar, \u00e9 importante destacar que a desapropria\u00e7\u00e3o consta da pr\u00f3pria Constitui\u00e7\u00e3o Federal de 1988 quando esta, em seu artigo 5\u00ba, inciso XXIV, afirma que:<\/p>\n\n\n\n<blockquote class=\"wp-block-quote is-layout-flow wp-block-quote-is-layout-flow\">\n<p>XXIV &#8211; a lei estabelecer\u00e1 o procedimento para desapropria\u00e7\u00e3o por necessidade ou utilidade p\u00fablica, ou por interesse social, mediante justa e pr\u00e9via indeniza\u00e7\u00e3o em dinheiro, ressalvados os casos previstos nesta Constitui\u00e7\u00e3o;<\/p>\n<\/blockquote>\n\n\n\n<p>Al\u00e9m disso, o artigo 22, inciso II, da CF\/88 afirma que compete privativamente \u00e0 Uni\u00e3o legislar sobre desapropria\u00e7\u00e3o, bem como em rela\u00e7\u00e3o \u00e0s requisi\u00e7\u00f5es civis e militares, em caso de iminente perigo e em tempo de guerra (inciso III).<\/p>\n\n\n\n<p>Outrossim, como veremos \u00e0 frente, a desapropria\u00e7\u00e3o prev\u00ea outras hip\u00f3teses de desapropria\u00e7\u00e3o que n\u00e3o aquelas constantes do artigo 5\u00ba, inciso XXIV, que vimos acima, tais quais as dos artigos 183, \u00a7 4\u00ba, inciso III, 184 e 243.<\/p>\n\n\n\n<p>Por outro lado, em \u00e2mbito infraconstitucional, temos, principalmente, o <a href=\"https:\/\/www.planalto.gov.br\/ccivil_03\/decreto-lei\/Del3365compilado.htm\" target=\"_blank\" >Decreto-Lei 3.365\/1941<\/a> (Lei da Desapropria\u00e7\u00e3o por Utilidade e Necessidade P\u00fablica) e a <a href=\"https:\/\/www.planalto.gov.br\/ccivil_03\/LEIS\/L4132.htm\" target=\"_blank\" >Lei 4.132\/1962<\/a> (Lei da Desapropria\u00e7\u00e3o por Interesse Social).<\/p>\n\n\n\n<h3 class=\"wp-block-heading has-luminous-vivid-orange-color has-text-color has-link-color wp-elements-bd5878fb38ce0dfc69dc66bf321ebe04\" id=\"h-desapropriacao-como-forma-de-intervencao-do-estado-na-propriedade-nbsp\"><span id=\"desapropriacao-como-forma-de-intervencao-do-estado-na-propriedade\">Desapropria\u00e7\u00e3o como forma de interven\u00e7\u00e3o do Estado na propriedade&nbsp;<\/span><\/h3>\n\n\n\n<p>Pessoal, no que diz respeito \u00e0s formas de interven\u00e7\u00e3o do Estado na propriedade, a doutrina especializada aponta para n\u00f3s que existe tanto a <strong>interven\u00e7\u00e3o restritiva quanto a interven\u00e7\u00e3o supressiva<\/strong>.<\/p>\n\n\n\n<p>Com efeito, o tombamento, a requisi\u00e7\u00e3o administrativa, a servid\u00e3o administrativa, a ocupa\u00e7\u00e3o tempor\u00e1ria e as limita\u00e7\u00f5es administrativas, s\u00e3o <strong>hip\u00f3teses de interven\u00e7\u00e3o restritiva <\/strong>do Estado na propriedade privada.<\/p>\n\n\n\n<p>Nesse sentido, ocorre apenas uma restri\u00e7\u00e3o\/limita\u00e7\u00e3o do direito de propriedade, mas esta se mant\u00e9m sob a \u00e9gide do mesmo titular.&nbsp;<\/p>\n\n\n\n<p>Por outro lado, h\u00e1 o que se chama de <strong>interven\u00e7\u00e3o supressiva<\/strong>. Como voc\u00eas j\u00e1 podem imaginar, nesse caso h\u00e1 supress\u00e3o\/tomada\/retirada da propriedade de seu titular e transfer\u00eancia para o Ente P\u00fablico supressor.&nbsp;<\/p>\n\n\n\n<p><strong>\u00c9 o caso, atualmente, apenas da desapropria\u00e7\u00e3o<\/strong>.<\/p>\n\n\n\n<p>No entanto, em qualquer dos casos, o Estado vale-se da supremacia do poder p\u00fablico sobre o privado, bem assim, por vezes, do instituto da fun\u00e7\u00e3o social da propriedade, limitando ou suprimindo o gozo do direito de propriedade dos administrados.<\/p>\n\n\n\n<h3 class=\"wp-block-heading has-luminous-vivid-orange-color has-text-color has-link-color wp-elements-5e1d24525641ec0abf409bc46e35af99\" id=\"h-conceito-de-desapropriacao\"><span id=\"conceito-de-desapropriacao\">Conceito de desapropria\u00e7\u00e3o<\/span><\/h3>\n\n\n\n<p>Como vimos, a desapropria\u00e7\u00e3o \u00e9 uma forma de interven\u00e7\u00e3o supressiva do Estado na propriedade privada.&nbsp;<\/p>\n\n\n\n<p>Por\u00e9m, ainda n\u00e3o falamos do seu conceito propriamente dito.&nbsp;<\/p>\n\n\n\n<p>Para isso, recorremos \u00e0s li\u00e7\u00f5es de Maria Sylvia Zanella Di Pietro, que conceitua desapropria\u00e7\u00e3o como sendo <strong>o procedimento administrativo pelo qual o Poder P\u00fablico ou seus delegados<\/strong>, mediante pr\u00e9via declara\u00e7\u00e3o de necessidade p\u00fablica, utilidade p\u00fablica ou interesse social, <strong>imp\u00f5e ao propriet\u00e1rio a perda de um bem, substituindo-o em seu patrim\u00f4nio por justa indeniza\u00e7\u00e3o.<\/strong><\/p>\n\n\n\n<p>A autora ainda chama aten\u00e7\u00e3o para o fato de que desse conceito extrai-se os seguintes aspectos, no sentido de que <strong>a desapropria\u00e7\u00e3o:<\/strong><\/p>\n\n\n\n<ol class=\"wp-block-list\">\n<li>\u00e9 um <strong>procedimento formal<\/strong>;<\/li>\n\n\n\n<li>possui como <strong>pressupostos <\/strong>a necessidade p\u00fablica, utilidade p\u00fablica ou interesse social;&nbsp;<\/li>\n\n\n\n<li>possui como <strong>sujeito ativo <\/strong>tanto o Poder P\u00fablico quanto seus delegados;&nbsp;<\/li>\n\n\n\n<li>possui como <strong>sujeito passivo <\/strong>o propriet\u00e1rio do bem;<\/li>\n\n\n\n<li>tem como <strong>objeto <\/strong>a perda de um bem;&nbsp;<\/li>\n\n\n\n<li>ocorre a <strong>reposi\u00e7\u00e3o do patrim\u00f4nio <\/strong>do expropriado por meio de <strong>justa indeniza\u00e7\u00e3o<\/strong>.<\/li>\n<\/ol>\n\n\n\n<p>Al\u00e9m disso, \u00e9 importante destacar que a desapropria\u00e7\u00e3o, como indica a doutrina, \u00e9 uma <strong>forma origin\u00e1ria de aquisi\u00e7\u00e3o da propriedade,<\/strong> vide <a href=\"https:\/\/www.planalto.gov.br\/ccivil_03\/leis\/2002\/l10406compilada.htm#:~:text=V%20%2D%20por%20desapropria%C3%A7%C3%A3o.\" target=\"_blank\" >artigo 1.275, inciso V, do C\u00f3digo Civil<\/a>.<\/p>\n\n\n\n<p>Agora, vamos aprofundar no assunto da desapropria\u00e7\u00e3o a partir dos aspectos de seu conceito que vimos.<\/p>\n\n\n\n<h3 class=\"wp-block-heading has-luminous-vivid-orange-color has-text-color has-link-color wp-elements-622cd015e9aa82f7c2a1bfcf89ba3d28\" id=\"h-procedimento-formal\"><span id=\"procedimento-formal\">Procedimento formal<\/span><\/h3>\n\n\n\n<p>Primeiramente, o conceito afirma que a desapropria\u00e7\u00e3o \u00e9 um procedimento formal, o que de fato constatamos quando da leitura do artigo 2\u00ba do Decreto-Lei n\u00ba 3.365\/1941, que, inclusive, exige autoriza\u00e7\u00e3o legislativa para certos tipos de desapropria\u00e7\u00e3o.<\/p>\n\n\n\n<p>Nesse sentido, o procedimento de desapropria\u00e7\u00e3o compreende a <strong>(i) fase declarat\u00f3ria; e a (ii) fase execut\u00f3ria.<\/strong><\/p>\n\n\n\n<h4 class=\"wp-block-heading has-luminous-vivid-orange-color has-text-color has-link-color wp-elements-031e523e2f936dfd58d3ff1fdb0c1c23\" id=\"h-fase-declaratoria\"><span id=\"fase-declaratoria\">Fase declarat\u00f3ria<\/span><\/h4>\n\n\n\n<p>Sendo assim, na fase declarat\u00f3ria a Administra\u00e7\u00e3o P\u00fablica manifesta sua vontade de proceder \u00e0 desapropria\u00e7\u00e3o, indicando, para tanto, seus motivos e a presen\u00e7a de hip\u00f3tese autorizativa da desapropria\u00e7\u00e3o.<\/p>\n\n\n\n<p>Com efeito, o artigo 6\u00ba do Decreto-Lei n\u00ba 3.365\/1941 afirma que a <em>\u201c<\/em><strong><em>declara\u00e7\u00e3o de utilidade p\u00fablica far-se-\u00e1 por decreto <\/em><\/strong><em>do Presidente da Rep\u00fablica, Governador, Interventor ou Prefeito\u201d<\/em>.<\/p>\n\n\n\n<p>No entanto, como dissemos, <strong>h\u00e1 casos em que faz necess\u00e1ria lei<\/strong> para tanto, como nos casos de desapropria\u00e7\u00e3o dos bens de dom\u00ednio dos Estados, dos Munic\u00edpios e do Distrito Federal pela Uni\u00e3o e dos bens de dom\u00ednio dos Munic\u00edpios pelos Estados (artigo 2\u00ba, \u00a7 2\u00ba, do DL 3.365\/41).<\/p>\n\n\n\n<p>Por\u00e9m, <strong>mesmo nesses \u00faltimos casos n\u00e3o ser\u00e1 necess\u00e1ria lei<\/strong> quando a desapropria\u00e7\u00e3o for realizada <strong>mediante acordo entre os entes federativos<\/strong>, no qual ser\u00e3o fixadas as respectivas responsabilidades financeiras quanto ao pagamento das indeniza\u00e7\u00f5es correspondentes (artigo 2\u00ba, \u00a7 2\u00ba-A, do DL 3.365\/41).<\/p>\n\n\n\n<h4 class=\"wp-block-heading has-luminous-vivid-orange-color has-text-color has-link-color wp-elements-da0afc9007523b44823bdd84fa84037e\" id=\"h-fase-executoria\"><span id=\"fase-executoria\">Fase execut\u00f3ria<\/span><\/h4>\n\n\n\n<p>Por sua vez, na <strong>fase execut\u00f3ria<\/strong> da desapropria\u00e7\u00e3o \u00e9 que ocorrem os atos expropriat\u00f3rios propriamente ditos.<\/p>\n\n\n\n<p>Nesse sentido, \u00e9 importante destacar que a execu\u00e7\u00e3o pode ocorrer tanto pela via administrativa quanto pela via judicial.&nbsp;<\/p>\n\n\n\n<p>Com efeito, o artigo 10 do DL 3.365\/1941 afirma que a desapropria\u00e7\u00e3o dever\u00e1 <strong>efetivar-se mediante acordo [via administrativa] ou intentar-se judicialmente [via judicial]<\/strong>, dentro de cinco anos, contados da data da expedi\u00e7\u00e3o do respectivo decreto e findos os quais este caducar\u00e1.&nbsp;&nbsp;<\/p>\n\n\n\n<p>Sendo assim, os artigos 10-A e 10-B regulam os casos em que a desapropria\u00e7\u00e3o ocorre pela via administrativa, apontando que o poder p\u00fablico dever\u00e1 notificar o propriet\u00e1rio e apresentar-lhe oferta de indeniza\u00e7\u00e3o.<\/p>\n\n\n\n<p>Em seu turno, o artigo 11 a 30 do DL 3.365\/1941 regulam o procedimento judicial.<\/p>\n\n\n\n<h3 class=\"wp-block-heading has-luminous-vivid-orange-color has-text-color has-link-color wp-elements-b658a2e469eb4b3757e71a4c35492df4\" id=\"h-pressupostos-da-desapropriacao-e-especies\"><span id=\"pressupostos-da-desapropriacao-e-especies\">Pressupostos da Desapropria\u00e7\u00e3o (e Esp\u00e9cies)<\/span><\/h3>\n\n\n\n<p>Como vimos, a desapropria\u00e7\u00e3o possui como <strong>pressupostos <\/strong>a necessidade p\u00fablica, utilidade p\u00fablica ou interesse social.&nbsp;<\/p>\n\n\n\n<p>Dessa forma, vamos aproveitar este t\u00f3pico j\u00e1 para falar tamb\u00e9m das esp\u00e9cies de desapropria\u00e7\u00e3o<\/p>\n\n\n\n<p>Sendo assim, a <strong>desapropria\u00e7\u00e3o ordin\u00e1ria (comum) possui as seguintes esp\u00e9cies.<\/strong><\/p>\n\n\n\n<h4 class=\"wp-block-heading has-luminous-vivid-orange-color has-text-color has-link-color wp-elements-fb57a308022232bbaa42ac0b5b9f42e8\" id=\"h-desapropriacao-por-utilidade-publica\"><span id=\"desapropriacao-por-utilidade-publica\">Desapropria\u00e7\u00e3o por utilidade p\u00fablica<\/span><\/h4>\n\n\n\n<p>Di Pietro destaca que s\u00e3o os casos em que <strong>a desapropria\u00e7\u00e3o \u00e9 \u00fatil, mas n\u00e3o t\u00e3o urgente.<\/strong><\/p>\n\n\n\n<p><br>Portanto, afirma haver utilidade p\u00fablica quando a utiliza\u00e7\u00e3o da propriedade <em>\u201c\u00e9 conveniente e vantajosa ao interesse coletivo, mas n\u00e3o constitui um imperativo irremov\u00edvel\u201d<\/em>.<\/p>\n\n\n\n<h4 class=\"wp-block-heading has-luminous-vivid-orange-color has-text-color has-link-color wp-elements-022eb3c21a81abd1038cdaf75815eb22\" id=\"h-desapropriacao-por-necessidade-publica\"><span id=\"desapropriacao-por-necessidade-publica\">Desapropria\u00e7\u00e3o por necessidade p\u00fablica<\/span><\/h4>\n\n\n\n<p>Di Pietro aponta que a <strong>NECESSIDADE <\/strong>p\u00fablica evidencia que se est\u00e1 diante de um problema inadi\u00e1vel e premente, sendo <strong>indispens\u00e1vel<\/strong> incorporar, no dom\u00ednio do Estado, o bem particular.<\/p>\n\n\n\n<p>Al\u00e9m disso, afirma a autora que, embora o <strong>Decreto-Lei 3.365\/1941<\/strong> tenha sido promulgado para dispor <em>\u201csobre desapropria\u00e7\u00f5es por utilidade p\u00fablica\u201d, <\/em><strong>na verdade ele fundiu em uma s\u00f3 categoria \u2013 utilidade p\u00fablica \u2013 os casos de necessidade p\u00fablica e utilidade p\u00fablica<\/strong>.<\/p>\n\n\n\n<p>Com efeito, quando lemos o <a href=\"https:\/\/www.planalto.gov.br\/ccivil_03\/decreto-lei\/Del3365compilado.htm#:~:text=%C2%A0%C2%A0%C2%A0%C2%A0%C2%A0%C2%A0%C2%A0%20Art.%205o%20%C2%A0Consideram%2Dse%20casos%20de%20utilidade%20p%C3%BAblica%3A\" target=\"_blank\" >artigo 5\u00ba do DL 3.365\/1941<\/a>, percebemos bem essa fus\u00e3o. Isso porque nele h\u00e1 hip\u00f3teses urgentes (a exemplo da al\u00ednea \u201ca\u201d que trata da seguran\u00e7a nacional) e outras apenas \u00fateis (a exemplo da al\u00ednea \u201cg\u201d que cita \u201cassist\u00eancia p\u00fablica\u201d e \u201cobras de decora\u00e7\u00e3o\u201d, como fazia o <a href=\"https:\/\/www.planalto.gov.br\/ccivil_03\/leis\/l3071.htm#:~:text=%C2%A7%202%C2%BA%20Consideram%2Dse%20casos%20de%20utilidade%20publica%3A\" target=\"_blank\" >\u00a7 2\u00ba do artigo 590 do revogado C\u00f3digo Civil de 1916<\/a>).<\/p>\n\n\n\n<h4 class=\"wp-block-heading has-luminous-vivid-orange-color has-text-color has-link-color wp-elements-7cc42c6c49159ae086e17d09a219da81\" id=\"h-desapropriacao-por-interesse-social\"><span id=\"desapropriacao-por-interesse-social\">Desapropria\u00e7\u00e3o por interesse social<\/span><\/h4>\n\n\n\n<p>Citando Fagundes, Di Pietro menciona que <em>\u201cocorre interesse social quando o Estado esteja diante dos chamados i<\/em><strong><em>nteresses sociais, isto \u00e9, daqueles diretamente atinentes \u00e0s camadas mais pobres da popula\u00e7\u00e3o e \u00e0 massa do povo em geral<\/em><\/strong><em>, concernentes \u00e0 melhoria nas condi\u00e7\u00f5es de vida, \u00e0 mais equitativa distribui\u00e7\u00e3o da riqueza, \u00e0 atenua\u00e7\u00e3o das desigualdades em sociedade\u201d<\/em>.<br><\/p>\n\n\n\n<p>Nesse sentido, o artigo 1\u00ba da Lei 4.132\/1962 afirma que a desapropria\u00e7\u00e3o por interesse social ser\u00e1 decretada <strong>para promover a justa distribui\u00e7\u00e3o da propriedade ou condicionar o seu uso ao bem estar social.<\/strong><\/p>\n\n\n\n<p>Al\u00e9m disso, esta hip\u00f3tese de desapropria\u00e7\u00e3o, na verdade, possui 03 subesp\u00e9cies, que veremos agora.<\/p>\n\n\n\n<h5 class=\"wp-block-heading has-luminous-vivid-orange-color has-text-color has-link-color wp-elements-259ec22ff37bb359b1c6c9a6bcbf8668\" id=\"h-desapropriacao-por-interesse-social-propriamente-dita\"><span id=\"desapropriacao-por-interesse-social-propriamente-dita\">Desapropria\u00e7\u00e3o por interesse social propriamente dita<\/span><\/h5>\n\n\n\n<p>A <strong>primeira subesp\u00e9cie \u00e9 a <\/strong>desapropria\u00e7\u00e3o por interesse social <strong>propriamente dita (hip\u00f3tese gen\u00e9rica)<\/strong>, que consta da <a href=\"https:\/\/www.planalto.gov.br\/ccivil_03\/LEIS\/L4132.htm\" target=\"_blank\" >Lei 4.132\/1962<\/a>.<\/p>\n\n\n\n<p>Com efeito, o artigo 2\u00ba da Lei 4.132\/1962 disp\u00f5e para n\u00f3s que se considera de interesse social, dentre outras, o aproveitamento de todo bem improdutivo ou explorado sem correspond\u00eancia com as necessidades de habita\u00e7\u00e3o, trabalho e consumo dos centros de popula\u00e7\u00e3o a que deve ou possa suprir por seu destino econ\u00f4mico (inciso I);&nbsp; a constru\u00e7\u00e3o de casa populares (inciso V); a utiliza\u00e7\u00e3o de \u00e1reas, locais ou bens que, por suas caracter\u00edsticas, sejam apropriados ao desenvolvimento de atividades tur\u00edsticas (inciso VIII).<\/p>\n\n\n\n<p>\u2192 <em>Mas ent\u00e3o qual a diferen\u00e7a para os casos de utilidade p\u00fablica? Parecem ser conceitos bem pr\u00f3ximos \u2026&nbsp;<\/em><\/p>\n\n\n\n<p>Nesse sentido, Di Pietro aponta que <strong>a defini\u00e7\u00e3o de quais sejam os casos<\/strong> de necessidade p\u00fablica, utilidade p\u00fablica ou interesse social <strong>n\u00e3o fica a crit\u00e9rio da Administra\u00e7\u00e3o P\u00fablica, uma vez que as hip\u00f3teses v\u00eam taxativamente indicadas em lei<\/strong>.<\/p>\n\n\n\n<p>Portanto, n\u00e3o basta, no ato expropriat\u00f3rio, mencionar genericamente um dos tr\u00eas fundamentos, sendo<strong> necess\u00e1rio indicar o dispositivo legal<\/strong> em que se enquadra a hip\u00f3tese concreta.<\/p>\n\n\n\n<p>Al\u00e9m disso, qualquer Ente federado poder\u00e1 decretar este tipo de desapropria\u00e7\u00e3o por interesse social.<\/p>\n\n\n\n<h5 class=\"wp-block-heading has-luminous-vivid-orange-color has-text-color has-link-color wp-elements-b74aa1f2713feeb2b201d2d7b88230f3\" id=\"h-desapropriacao-por-interesse-social-para-fins-de-reforma-agraria\"><span id=\"desapropriacao-por-interesse-social-para-fins-de-reforma-agraria\">Desapropria\u00e7\u00e3o por interesse social para fins de reforma agr\u00e1ria<\/span><\/h5>\n\n\n\n<p>Al\u00e9m disso, a <strong>segunda subesp\u00e9cie \u00e9 a <\/strong>desapropria\u00e7\u00e3o por interesse social <strong>para fins de reforma agr\u00e1ria, <\/strong>que consta do <a href=\"https:\/\/www.planalto.gov.br\/ccivil_03\/constituicao\/constituicaocompilado.htm#:~:text=Art.%20184.%20Compete,definida%20em%20lei.\" target=\"_blank\" >artigo 184, da Constitui\u00e7\u00e3o Federal<\/a>.&nbsp;<\/p>\n\n\n\n<p>Da leitura do artigo extrai-se que a desapropria\u00e7\u00e3o possui a finalidade espec\u00edfica de promover a reforma agr\u00e1ria. A prop\u00f3sito, Di Pietro aponta que esta subesp\u00e9cie <strong>\u201cobjetiva assegurar a fun\u00e7\u00e3o social da propriedade rural\u201d<\/strong>.<\/p>\n\n\n\n<p>O professor Herbert Almeida ainda aponta que as regras para este tipo de expropria\u00e7\u00e3o est\u00e3o previstas nos <a href=\"https:\/\/www.planalto.gov.br\/ccivil_03\/constituicao\/constituicaocompilado.htm#:~:text=DA%20POL%C3%8DTICA%20AGR%C3%8DCOLA%20E%20FUNDI%C3%81RIA%20E%20DA%20REFORMA%20AGR%C3%81RIA\" target=\"_blank\" >arts. 184 a 191 da CF<\/a>, na <a href=\"https:\/\/www.planalto.gov.br\/ccivil_03\/leis\/l8629.htm\" target=\"_blank\" >Lei 8.629\/1993<\/a>, nos arts. 18 a 23 da <a href=\"https:\/\/www.planalto.gov.br\/ccivil_03\/leis\/l4504.htm\" target=\"_blank\" >Lei 4.504\/1964 (Estatuto da Terra<\/a>) e, especificamente quanto ao seu procedimento judicial, na <a href=\"https:\/\/www.planalto.gov.br\/ccivil_03\/leis\/lcp\/lcp76.htm\" target=\"_blank\" >Lei Complementar 76\/1993<\/a>.<\/p>\n\n\n\n<p>Ademais, destaca-se que o artigo 184 da CF afirma que esta subesp\u00e9cie de desapropria\u00e7\u00e3o compete apenas \u00e0 Uni\u00e3o promov\u00ea-la.&nbsp;<\/p>\n\n\n\n<p>Assim, o im\u00f3vel rural que n\u00e3o esteja cumprindo sua fun\u00e7\u00e3o social, ser\u00e1 desapropriado <strong>mediante pr\u00e9via e justa indeniza\u00e7\u00e3o em t\u00edtulos da d\u00edvida agr\u00e1ria,<\/strong> com cl\u00e1usula de preserva\u00e7\u00e3o do valor real, <strong>resgat\u00e1veis no prazo de at\u00e9 20 anos<\/strong>, a partir do segundo ano de sua emiss\u00e3o, e cuja utiliza\u00e7\u00e3o ser\u00e1 definida em lei.<\/p>\n\n\n\n<p>Por sua vez, indenizar-se-\u00e1 as benfeitorias \u00fateis e necess\u00e1rias em dinheiro.<\/p>\n\n\n\n<p>No entanto, o artigo 186 da CF tamb\u00e9m prev\u00ea os casos em que se considera que a fun\u00e7\u00e3o social do im\u00f3vel rural est\u00e1 sendo cumprida:<\/p>\n\n\n\n<blockquote class=\"wp-block-quote is-layout-flow wp-block-quote-is-layout-flow\">\n<p>Art. 186. A fun\u00e7\u00e3o social \u00e9 cumprida quando a propriedade rural atende, simultaneamente, segundo crit\u00e9rios e graus de exig\u00eancia estabelecidos em lei, aos seguintes requisitos:<\/p>\n\n\n\n<p>I &#8211; aproveitamento racional e adequado;<\/p>\n\n\n\n<p>II &#8211; utiliza\u00e7\u00e3o adequada dos recursos naturais dispon\u00edveis e preserva\u00e7\u00e3o do meio ambiente;<\/p>\n\n\n\n<p>III &#8211; observ\u00e2ncia das disposi\u00e7\u00f5es que regulam as rela\u00e7\u00f5es de trabalho;<\/p>\n\n\n\n<p>IV &#8211; explora\u00e7\u00e3o que favore\u00e7a o bem-estar dos propriet\u00e1rios e dos trabalhadores.<\/p>\n<\/blockquote>\n\n\n\n<p>Al\u00e9m disso, independentemente da demonstra\u00e7\u00e3o do cumprimento da fun\u00e7\u00e3o social, o artigo 185 da CF afirma que<strong> s\u00e3o insuscet\u00edveis de desapropria\u00e7\u00e3o para fins de reforma agr\u00e1ria<\/strong>:<\/p>\n\n\n\n<blockquote class=\"wp-block-quote is-layout-flow wp-block-quote-is-layout-flow\">\n<p><\/p>\n<\/blockquote>\n\n\n\n<blockquote class=\"wp-block-quote is-layout-flow wp-block-quote-is-layout-flow\">\n<p>I &#8211; a <strong>pequena e m\u00e9dia propriedade rural<\/strong>, assim definida em lei, <strong>desde que seu propriet\u00e1rio n\u00e3o possua outra<\/strong>;<\/p>\n\n\n\n<p><strong>II &#8211; a propriedade produtiva<\/strong>.<\/p>\n<\/blockquote>\n\n\n\n<p>No entanto, \u00e9 importante destacar entendimento do STF sobre o assunto:&nbsp;<\/p>\n\n\n\n<blockquote class=\"wp-block-quote is-layout-flow wp-block-quote-is-layout-flow\">\n<p><strong>Caracterizado que a propriedade \u00e9 produtiva, n\u00e3o se opera a desapropria\u00e7\u00e3o-san\u00e7\u00e3o<\/strong>, por interesse social para os fins de reforma agr\u00e1ria, em virtude de imperativo constitucional que excepciona, para a reforma agr\u00e1ria, a atua\u00e7\u00e3o estatal, <strong>passando o processo de indeniza\u00e7\u00e3o, em princ\u00edpio, a submeter-se \u00e0s regras constantes do inciso XXIV do art. 5\u00ba da CF, &#8220;mediante justa e pr\u00e9via indeniza\u00e7\u00e3o&#8221;<\/strong>. [<a href=\"https:\/\/redir.stf.jus.br\/paginadorpub\/paginador.jsp?docTP=AC&amp;docID=85698\" target=\"_blank\" >MS 22.193<\/a>, red.do ac. min. Maur\u00edcio Corr\u00eaa, j. 21-3-1996, P, DJ de 29-11-1996.]<br><br><\/p>\n<\/blockquote>\n\n\n\n<p>Por fim, destaca-se que a doutrina classifica esta subesp\u00e9cie de desapropria\u00e7\u00e3o como sendo <strong>\u201cdesapropria\u00e7\u00e3o-san\u00e7\u00e3o\u201d<\/strong>.<\/p>\n\n\n\n<h5 class=\"wp-block-heading has-luminous-vivid-orange-color has-text-color has-link-color wp-elements-cf440ee3e83e720c85d909d90b19fdfa\" id=\"h-desapropriacao-por-interesse-social-urbanistica\"><span id=\"desapropriacao-por-interesse-social-urbanistica\">Desapropria\u00e7\u00e3o por interesse social urban\u00edstica<\/span><\/h5>\n\n\n\n<p>Por fim, a <strong>terceira subesp\u00e9cie \u00e9 a <\/strong>desapropria\u00e7\u00e3o por interesse social <strong>urban\u00edstica, <\/strong>que consta do <a href=\"https:\/\/www.planalto.gov.br\/ccivil_03\/constituicao\/constituicaocompilado.htm#:~:text=III%20%2D%20desapropria%C3%A7%C3%A3o%20com%20pagamento%20mediante%20t%C3%ADtulos%20da%20d%C3%ADvida%20p%C3%BAblica%20de%20emiss%C3%A3o%20previamente%20aprovada%20pelo%20Senado%20Federal%2C%20com%20prazo%20de%20resgate%20de%20at%C3%A9%20dez%20anos%2C%20em%20parcelas%20anuais%2C%20iguais%20e%20sucessivas%2C%20assegurados%20o%20valor%20real%20da%20indeniza%C3%A7%C3%A3o%20e%20os%20juros%20legais.\">artigo 182, \u00a7 4\u00ba, inciso III<\/a>, da Constitui\u00e7\u00e3o Federal.&nbsp;<\/p>\n\n\n\n<p>Da leitura do artigo extrai-se que esta desapropria\u00e7\u00e3o <strong>\u00e9 de compet\u00eancia apenas dos munic\u00edpios<\/strong>, tendo por objetivo objetivo ordenar o pleno desenvolvimento das fun\u00e7\u00f5es sociais da cidade e garantir o bem-estar de seus habitantes.&nbsp;&nbsp;<\/p>\n\n\n\n<p>Nesse sentido, a CF afirma que a propriedade urbana cumpre sua fun\u00e7\u00e3o social <strong>quando atende \u00e0s exig\u00eancias fundamentais de ordena\u00e7\u00e3o da cidade expressas no plano diretor.<\/strong><\/p>\n\n\n\n<p>Entretanto, \u00e9 importante destacar que <strong>a desapropria\u00e7\u00e3o \u00e9 apenas o \u00faltimo recurso neste caso.<\/strong><\/p>\n\n\n\n<p>Isso porque o \u00a7 4\u00ba do artigo 182 afirma ser facultado ao Poder P\u00fablico municipal, antes, o parcelamento ou edifica\u00e7\u00e3o compuls\u00f3rios, o aumento do IPTU de forma progressiva no tempo e, por fim, a desapropria\u00e7\u00e3o:<\/p>\n\n\n\n<blockquote class=\"wp-block-quote is-layout-flow wp-block-quote-is-layout-flow\">\n<p>\u00a7 4\u00ba \u00c9 facultado ao Poder P\u00fablico municipal, mediante lei espec\u00edfica <strong>para \u00e1rea inclu\u00edda no plano diretor, exigir, nos termos da lei federal, do propriet\u00e1rio do solo urbano n\u00e3o edificado, subutilizado ou n\u00e3o utilizado, que promova seu adequado aproveitamento, sob pena, SUCESSIVAMENTE, de:<\/strong><\/p>\n\n\n\n<p>I &#8211; parcelamento ou edifica\u00e7\u00e3o compuls\u00f3rios;<\/p>\n\n\n\n<p>II &#8211; imposto sobre a propriedade predial e territorial urbana progressivo no tempo;<\/p>\n\n\n\n<p>III &#8211; desapropria\u00e7\u00e3o com pagamento <strong>mediante t\u00edtulos da d\u00edvida p\u00fablica<\/strong> de emiss\u00e3o previamente aprovada pelo Senado Federal, com prazo de resgate de at\u00e9 dez anos, em parcelas anuais, iguais e sucessivas, assegurados o valor real da indeniza\u00e7\u00e3o e os juros legais.<\/p>\n<\/blockquote>\n\n\n\n<p>Sobre o assunto, o STF aprovou a S\u00famula n\u00ba 668, que afirma ser inconstitucional a lei municipal que tenha estabelecido, antes da EC 29\/2000, al\u00edquotas progressivas para o IPTU, salvo se destinada a assegurar o cumprimento da fun\u00e7\u00e3o social da propriedade urbana.<\/p>\n\n\n\n<p>Por fim, destaca-se que a doutrina classifica esta subesp\u00e9cie de desapropria\u00e7\u00e3o como sendo <strong>\u201cdesapropria\u00e7\u00e3o-san\u00e7\u00e3o\u201d<\/strong>.<\/p>\n\n\n\n<h4 class=\"wp-block-heading has-luminous-vivid-orange-color has-text-color has-link-color wp-elements-ebdabafa276a2de8baae00f9deba2134\" id=\"h-desapropriacao-confiscatoria\"><span id=\"desapropriacao-confiscatoria\">Desapropria\u00e7\u00e3o confiscat\u00f3ria<\/span><\/h4>\n\n\n\n<p>Trata-se de esp\u00e9cie de desapropria\u00e7\u00e3o que consta do artigo 243 da Constitui\u00e7\u00e3o Federal:<\/p>\n\n\n\n<blockquote class=\"wp-block-quote is-layout-flow wp-block-quote-is-layout-flow\">\n<p>Art. 243. As propriedades rurais e urbanas de qualquer regi\u00e3o do Pa\u00eds onde forem localizadas <strong>culturas ilegais de plantas psicotr\u00f3picas ou a explora\u00e7\u00e3o de trabalho escravo <\/strong>na forma da lei ser\u00e3o expropriadas e destinadas \u00e0 reforma agr\u00e1ria e a programas de habita\u00e7\u00e3o popular, sem qualquer indeniza\u00e7\u00e3o ao propriet\u00e1rio e sem preju\u00edzo de outras san\u00e7\u00f5es previstas em lei, observado, no que couber, o disposto no art. 5\u00ba.&nbsp;&nbsp;&nbsp;&nbsp;&nbsp;&nbsp;<\/p>\n\n\n\n<p>Par\u00e1grafo \u00fanico. Todo e qualquer bem de valor econ\u00f4mico apreendido em decorr\u00eancia do<strong> tr\u00e1fico il\u00edcito de entorpecentes e drogas afins e da explora\u00e7\u00e3o de trabalho escravo<\/strong> ser\u00e1 confiscado e reverter\u00e1 a fundo especial com destina\u00e7\u00e3o espec\u00edfica, na forma da lei.&nbsp;&nbsp;<\/p>\n<\/blockquote>\n\n\n\n<p>Como se v\u00ea, ocorre nos casos em que h\u00e1 na <strong>propriedade (rural ou urbana)<\/strong>, cultivo ilegal de plantas psicotr\u00f3picas ou a explora\u00e7\u00e3o de trabalho escravo.<\/p>\n\n\n\n<p>Al\u00e9m disso, <strong>N\u00c3O H\u00c1 indeniza\u00e7\u00e3o nesses casos<\/strong>.<\/p>\n\n\n\n<p>O STF, no julgamento do <a href=\"https:\/\/portal.stf.jus.br\/jurisprudenciaRepercussao\/verAndamentoProcesso.asp?incidente=4029283&amp;numeroProcesso=635336&amp;classeProcesso=RE&amp;numeroTema=399\" target=\"_blank\" >Tema de Repercuss\u00e3o Geral n\u00ba 399<\/a>, entendeu que esta expropria\u00e7\u00e3o <strong>pode ser afastada, desde que o propriet\u00e1rio comprove que n\u00e3o incorreu em culpa<\/strong>, ainda que <em>in vigilando<\/em> ou <em>in eligendo<\/em>.&nbsp;<\/p>\n\n\n\n<p>Ou seja, ainda que o propriet\u00e1rio n\u00e3o tenha vigiado a propriedade como deveria (culpa <em>in vigilando<\/em>) ou a pessoa que o propriet\u00e1rio escolheu para vigiar n\u00e3o o tenha feito da forma correta (culpa <em>in elegendo<\/em>).<\/p>\n\n\n\n<p><em>\u2192 E nos casos em que a cultura ilegal de plantas psicotr\u00f3picas ou a explora\u00e7\u00e3o de trabalho escravo <\/em><strong><em>ocorre em bem p\u00fablico?<\/em><\/strong><\/p>\n\n\n\n<p>Em tais casos, <strong>o STF entende que n\u00e3o h\u00e1 raz\u00e3o para proceder \u00e0 desapropria\u00e7\u00e3o<\/strong>, haja vista que <strong>(i) <\/strong>n\u00e3o atenderia \u00e0 finalidade do instituto; <strong>(ii)<\/strong> o titular \u00e9 pessoa jur\u00eddica de direito p\u00fablico, n\u00e3o havendo a aquiesc\u00eancia ou a pr\u00e1tica do delito pelo titular da propriedade:<\/p>\n\n\n\n<blockquote class=\"wp-block-quote is-layout-flow wp-block-quote-is-layout-flow\">\n<p>CONSTITUCIONAL. ADMINISTRATIVO. A\u00c7\u00c3O C\u00cdVEL ORIGIN\u00c1RIA. DEMANDA DA UNI\u00c3O OBJETIVANDO A EXPROPRIA\u00c7\u00c3O DE PROPRIEDADE RURAL ONDE LOCALIZADA CULTURA ILEGAL DE PLANTA PSICOTR\u00d3PICA. ART. 243 DA CF\/88. IM\u00d3VEL P\u00daBLICO. PROPRIEDADE DO ESTADO DE PERNAMBUCO. EXPROPRIA\u00c7\u00c3O COM CAR\u00c1TER DE CONFISCO. DESCABIMENTO EM FACE DE BEM P\u00daBLICO. A\u00c7\u00c3O QUE SE JULGA IMPROCEDENTE. <strong>1. Dado o car\u00e1ter sancionat\u00f3rio da medida, pressup\u00f5e-se a pr\u00e1tica de delito ou sua aquiesc\u00eancia pelo titular do im\u00f3vel, o que se mostra invi\u00e1vel se este \u00e9 pessoa jur\u00eddica de direito p\u00fablico.<\/strong> 2. N\u00e3o se justifica, para fins da expropria\u00e7\u00e3o, com car\u00e1ter de confisco, de que trata o art. 243 da Constitui\u00e7\u00e3o Federal, a invoca\u00e7\u00e3o da primazia da Uni\u00e3o sobre os Estados.<strong> 3. Em se tratando de bem j\u00e1 p\u00fablico, sua expropria\u00e7\u00e3o para mera altera\u00e7\u00e3o de titularidade nada contribui para o alcance da finalidade do instituto.<\/strong> 4. A\u00e7\u00e3o julgada improcedente. (ACO 967, Relator(a): ROSA WEBER, Tribunal Pleno, julgado em 27-04-2020, AC\u00d3RD\u00c3O ELETR\u00d4NICO DJe-121&nbsp; DIVULG 14-05-2020&nbsp; PUBLIC 15-05-2020)<\/p>\n<\/blockquote>\n\n\n\n<p>Por fim, destaca-se que a doutrina tamb\u00e9m classifica esta subesp\u00e9cie de desapropria\u00e7\u00e3o como sendo <strong>\u201cdesapropria\u00e7\u00e3o-san\u00e7\u00e3o\u201d<\/strong>.<\/p>\n\n\n\n<p>Vamos continuar nosso resumo sobre a Desapropria\u00e7\u00e3o para DPE-PE.<\/p>\n\n\n\n<h3 class=\"wp-block-heading has-luminous-vivid-orange-color has-text-color has-link-color wp-elements-da906e09894ea6789519a2365fbff954\" id=\"h-sujeitos-objeto-e-indenizacao-na-desapropriacao\"><span id=\"sujeitos-objeto-e-indenizacao-na-desapropriacao\">Sujeitos, objeto e indeniza\u00e7\u00e3o na Desapropria\u00e7\u00e3o<\/span><\/h3>\n\n\n\n<p>Como vimos, o <strong>sujeito ativo <\/strong>da desapropria\u00e7\u00e3o pode ser tanto o Poder P\u00fablico quanto seus delegados.<\/p>\n\n\n\n<p>Nesse sentido, o artigo 3\u00ba do Decreto-Lei 3.365\/1941 afirma que poder\u00e3o promover a desapropria\u00e7\u00e3o <strong>mediante autoriza\u00e7\u00e3o expressa constante de lei ou contrato<\/strong>:&nbsp;&nbsp;&nbsp;&nbsp;&nbsp;&nbsp;<\/p>\n\n\n\n<blockquote class=\"wp-block-quote is-layout-flow wp-block-quote-is-layout-flow\">\n<p>I &#8211; os <strong>concession\u00e1rios, inclusive aqueles contratados<\/strong> nos termos da Lei n\u00ba 11.079, de 30 de dezembro de 2004 (<strong>Lei de Parceria P\u00fablico-Privada), permission\u00e1rios, autorizat\u00e1rios e arrendat\u00e1rios<\/strong>;&nbsp;&nbsp;&nbsp;&nbsp;&nbsp;<\/p>\n\n\n\n<p>II &#8211; as <strong>entidades p\u00fablicas<\/strong>;&nbsp;&nbsp;&nbsp;&nbsp;<\/p>\n\n\n\n<p>III &#8211; as entidades que exer\u00e7am <strong>fun\u00e7\u00f5es delegadas do poder p\u00fablico<\/strong>; e&nbsp;&nbsp;&nbsp;&nbsp;<\/p>\n\n\n\n<p>IV &#8211; <strong>o contratado pelo poder p\u00fablico para fins<\/strong> de execu\u00e7\u00e3o de obras e servi\u00e7os de engenharia sob os regimes de empreitada por pre\u00e7o global, empreitada integral e contrata\u00e7\u00e3o integrada.&nbsp;&nbsp;&nbsp;&nbsp;<\/p>\n<\/blockquote>\n\n\n\n<p>J\u00e1 no que diz respeito ao <strong>sujeito passivo<\/strong>, temos que \u00e9 o propriet\u00e1rio do bem. J\u00e1 o objeto da desapropria\u00e7\u00e3o \u00e9 a perda do bem por aquele.<\/p>\n\n\n\n<p>Entretanto, o artigo 4\u00ba-A do DL 3.365\/41 afirma que, quando o im\u00f3vel a ser desapropriado caracterizar-se como <strong>n\u00facleo urbano informal ocupado predominantemente por popula\u00e7\u00e3o de baixa renda<\/strong>, nos termos do <a href=\"https:\/\/www.planalto.gov.br\/ccivil_03\/_Ato2015-2018\/2017\/Lei\/L13465.htm#art9%C2%A72:~:text=%C2%A7%202%C2%BA%20A%20Reurb%20promovida%20mediante%20legitima%C3%A7%C3%A3o%20fundi%C3%A1ria%20somente%20poder%C3%A1%20ser%20aplicada%20para%20os%20n%C3%BAcleos%20urbanos%20informais%20comprovadamente%20existentes%2C%20na%20forma%20desta%20Lei%2C%20at%C3%A9%2022%20de%20dezembro%20de%202016.\" target=\"_blank\" >\u00a7 2\u00ba do art. 9\u00ba da Lei n\u00ba 13.465, de 11 de julho de 2017<\/a>, e seu regulamento, o ente expropriante <strong>dever\u00e1 prever, no planejamento da a\u00e7\u00e3o de desapropria\u00e7\u00e3o, medidas compensat\u00f3rias.&nbsp;<\/strong><\/p>\n\n\n\n<p>Al\u00e9m disso, equipara \u00e0 fam\u00edlia ou \u00e0 pessoa de baixa renda aquela ocupante da \u00e1rea que, por sua <strong>situa\u00e7\u00e3o f\u00e1tica espec\u00edfica, apresente condi\u00e7\u00e3o de vulnerabilidade<\/strong>, conforme definido pelo expropriante.<\/p>\n\n\n\n<p>Por fim, no que se refere \u00e0 reposi\u00e7\u00e3o do patrim\u00f4nio do expropriado por meio de justa indeniza\u00e7\u00e3o, temos que <strong>o pagamento do pre\u00e7o ser\u00e1, em regra, pr\u00e9vio e em dinheiro<\/strong> (art. 32 do DL 3.365\/41).&nbsp;<\/p>\n\n\n\n<p>Vamos ver as exce\u00e7\u00f5es agora.<\/p>\n\n\n\n<p>No entanto, como j\u00e1 vimos, (i) nos casos de desapropria\u00e7\u00e3o para fins de <strong>reforma agr\u00e1ria<\/strong>, far-se-\u00e1 a indeniza\u00e7\u00e3o por meio de t\u00edtulos da d\u00edvida agr\u00e1ria &#8211; exceto as benfeitorias \u00fateis e necess\u00e1rias.<\/p>\n\n\n\n<p>Por sua vez, no caso de <strong>desapropria\u00e7\u00e3o urban\u00edstica,<\/strong> a indeniza\u00e7\u00e3o ocorre por t\u00edtulos da d\u00edvida p\u00fablica.&nbsp;<\/p>\n\n\n\n<p>H\u00e1, por \u00faltimo, (iii) o caso de <strong>desapropria\u00e7\u00e3o confiscat\u00f3ria<\/strong>, em que n\u00e3o haver\u00e1 indeniza\u00e7\u00e3o.<\/p>\n\n\n\n<h2 class=\"wp-block-heading has-luminous-vivid-orange-color has-text-color has-link-color wp-elements-828061485a0bb0258448ed07fe3340b2\" id=\"h-conclusao\"><span id=\"conclusao\">Conclus\u00e3o<\/span><\/h2>\n\n\n\n<p>Portanto, pessoal, esse foi nosso breve resumo sobre a Desapropria\u00e7\u00e3o para a DPE-PE (Defensoria P\u00fablica do Estado de Pernambuco).<\/p>\n\n\n\n<p>Por fim, considerando que n\u00e3o esgotamos aqui o tema, n\u00e3o deixe de revisar o assunto em seu material de estudos. Al\u00e9m disso, pratique com diversas quest\u00f5es sobre o tema.<\/p>\n\n\n\n<p>No mais, desejamos uma excelente prova a todos!!<\/p>\n\n\n\n<p class=\"has-text-align-center\" id=\"h-quer-saber-tudo-sobre-concursos-previstos\"><strong>Quer saber quais ser\u00e3o os pr\u00f3ximos concursos?<\/strong><\/p>\n\n\n\n<p class=\"has-text-align-center\"><strong>Confira nossos artigos!<\/strong><\/p>\n\n\n\n<p class=\"has-text-align-center has-white-color has-pale-cyan-blue-background-color has-text-color has-background\"><a href=\"https:\/\/www.estrategiaconcursos.com.br\/blog\/concursos-abertos\/\" target=\"_blank\" >Confira os concursos p\u00fablicos abertos<\/a><\/p>\n\n\n\n<p class=\"has-text-align-center has-white-color has-pale-cyan-blue-background-color has-text-color has-background\"><a href=\"https:\/\/www.estrategiaconcursos.com.br\/blog\/concursos-2024\/\" target=\"_blank\" >Concursos 2024<\/a><\/p>\n\n\n\n<h3 class=\"wp-block-heading\" id=\"assinatura-de-concursos\">Assinatura de Concursos<\/h3>\n\n\n\n<p>Ademais, al\u00e9m deste Resumo sobre a Desapropria\u00e7\u00e3o para DPE-PE, confira:<\/p>\n\n\n\n<p>Assinatura de 1 ano ou 2 anos <a href=\"https:\/\/www.estrategiaconcursos.com.br\/assinaturas\/\" target=\"_blank\" >ASSINE AGORA<\/a><\/p>\n\n\n\n<p>Agora, confira as vagas e oportunidades dos&nbsp;<strong>concursos 2024<\/strong>&nbsp;navegando atrav\u00e9s do \u00edndice abaixo:<\/p>\n\n\n\n<h2 class=\"wp-block-heading\" id=\"concursos-e-vagas-previstas-para-2023\"><span id=\"concursos-e-vagas-previstas-para-2024\">Concursos e vagas previstas para 2024:<\/span><\/h2>\n\n\n\n<p>Ademais, al\u00e9m deste Resumo sobre a Desapropria\u00e7\u00e3o para DPE-PE, confira:<\/p>\n\n\n\n<ul class=\"wp-block-list\">\n<li><a href=\"https:\/\/www.estrategiaconcursos.com.br\/blog\/concursos-2023\/#policial\" target=\"_blank\" >Concursos Policiais<\/a><\/li>\n\n\n\n<li><a href=\"https:\/\/www.estrategiaconcursos.com.br\/blog\/concursos-2023\/#fiscal\" target=\"_blank\" >Concursos Fiscais<\/a><\/li>\n\n\n\n<li><a href=\"https:\/\/www.estrategiaconcursos.com.br\/blog\/concursos-2023\/#controle\" target=\"_blank\" >Concursos Controle<\/a><\/li>\n\n\n\n<li><a href=\"https:\/\/www.estrategiaconcursos.com.br\/blog\/concursos-2023\/#tribunais\" target=\"_blank\" >Concursos Tribunais<\/a><\/li>\n\n\n\n<li><a href=\"https:\/\/www.estrategiaconcursos.com.br\/blog\/concursos-2023\/#ministerios-publicos\" target=\"_blank\" >Concursos em Minist\u00e9rios P\u00fablicos<\/a><\/li>\n\n\n\n<li><a href=\"https:\/\/www.estrategiaconcursos.com.br\/blog\/concursos-2023\/#defensorias-publicas\" target=\"_blank\" >Concursos em Defensorias<\/a><\/li>\n\n\n\n<li><a href=\"https:\/\/www.estrategiaconcursos.com.br\/blog\/concursos-2023\/#legislativa\" target=\"_blank\" >Concursos Legislativos<\/a><\/li>\n\n\n\n<li><a href=\"https:\/\/www.estrategiaconcursos.com.br\/blog\/concursos-2023\/#saude\" target=\"_blank\" >Concursos da \u00e1rea da Sa\u00fade<\/a><\/li>\n\n\n\n<li><a href=\"https:\/\/www.estrategiaconcursos.com.br\/blog\/concursos-2023\/#bancaria\" target=\"_blank\" >Concursos da \u00e1rea banc\u00e1ria<\/a><\/li>\n\n\n\n<li><a href=\"https:\/\/www.estrategiaconcursos.com.br\/blog\/concursos-2023\/#educacao\" target=\"_blank\" >Concursos da \u00e1rea da Educa\u00e7\u00e3o<\/a><\/li>\n\n\n\n<li><a href=\"https:\/\/www.estrategiaconcursos.com.br\/blog\/concursos-2023\/#prefeituras\" target=\"_blank\" >Concursos para Prefeituras<\/a><\/li>\n\n\n\n<li><a href=\"https:\/\/www.estrategiaconcursos.com.br\/blog\/concursos-2023\/#outros\" target=\"_blank\" >Concursos outras oportunidades<\/a><\/li>\n<\/ul>\n\n\n\n<p class=\"has-text-align-center has-luminous-vivid-amber-background-color has-background\" style=\"font-size:22px\"><strong>Veja tamb\u00e9m: <a href=\"https:\/\/www.estrategiaconcursos.com.br\/blog\/concursos-abertos\/\" target=\"_blank\" >Concursos Abertos<\/a><\/strong><\/p>\n\n\n\n<p class=\"has-text-align-left\" style=\"font-size:25px\"><em><strong>Quer saber tudo sobre os concursos previstos? Confira nossos artigos completos:<\/strong><\/em><\/p>\n\n\n\n<p>Ademais, al\u00e9m deste Resumo sobre a Desapropria\u00e7\u00e3o para DPE-PE, confira:<\/p>\n\n\n\n<ul class=\"wp-block-list\">\n<li><a href=\"https:\/\/www.estrategiaconcursos.com.br\/blog\/concursos-2024\/\" target=\"_blank\" >Concursos 2024<\/a><\/li>\n\n\n\n<li><a href=\"https:\/\/www.estrategiaconcursos.com.br\/blog\/concurso-nacional-unificado\/\" target=\"_blank\" >Concurso Nacional Unificado (CNU)<\/a><\/li>\n<\/ul>\n","protected":false},"excerpt":{"rendered":"Fala, pessoal, tudo certo? Hoje faremos um resumo sobre a Desapropria\u00e7\u00e3o para a DPE-PE (Defensoria P\u00fablica do Estado&hellip;\n","protected":false},"author":39,"featured_media":58254,"comment_status":"open","ping_status":"open","sticky":false,"template":"","format":"standard","meta":{"_jetpack_memberships_contains_paid_content":false,"footnotes":""},"categories":[1,27],"tags":[],"tax_estado":[36,46],"class_list":{"0":"post-58253","1":"post","2":"type-post","3":"status-publish","4":"format-standard","5":"has-post-thumbnail","7":"category-carreiras-juridicas","8":"category-defensoria","9":"tax_estado-concursos-federais","10":"tax_estado-pe"},"acf":[],"yoast_head":"<!-- This site is optimized with the Yoast SEO Premium plugin v27.4 (Yoast SEO v27.4) - https:\/\/yoast.com\/product\/yoast-seo-premium-wordpress\/ -->\n<title>Resumo sobre a Desapropria\u00e7\u00e3o para DPE-PE<\/title>\n<meta name=\"description\" content=\"Confira este resumo com as principais informa\u00e7\u00f5es sobre a Desapropria\u00e7\u00e3o para a DPE-PE (Defensoria P\u00fablica do Estado de Pernambuco).\" \/>\n<meta name=\"robots\" content=\"index, follow, max-snippet:-1, max-image-preview:large, max-video-preview:-1\" \/>\n<link rel=\"canonical\" href=\"https:\/\/cj.estrategia.com\/portal\/resumo-desapropriacao-dpe-pe\/\" \/>\n<meta property=\"og:locale\" content=\"pt_BR\" \/>\n<meta property=\"og:type\" content=\"article\" \/>\n<meta property=\"og:title\" content=\"Resumo sobre a Desapropria\u00e7\u00e3o para DPE-PE\" \/>\n<meta property=\"og:description\" content=\"Confira este resumo com as principais informa\u00e7\u00f5es sobre a Desapropria\u00e7\u00e3o para a DPE-PE (Defensoria P\u00fablica do Estado de Pernambuco).\" \/>\n<meta property=\"og:url\" content=\"https:\/\/cj.estrategia.com\/portal\/resumo-desapropriacao-dpe-pe\/\" \/>\n<meta property=\"og:site_name\" content=\"Blog - Carreiras Jur\u00eddicas - Estrat\u00e9gia\" \/>\n<meta property=\"article:publisher\" content=\"https:\/\/www.facebook.com\/estrategiacarreirajuridica\/\" \/>\n<meta property=\"article:published_time\" content=\"2024-04-24T14:00:00+00:00\" \/>\n<meta property=\"og:image\" content=\"https:\/\/cj.estrategia.com\/portal\/wp-content\/uploads\/2024\/03\/17163626\/aerial-shot-beautiful-blue-sea-buildings-mallorca-balearic-islands-spain-scaled.jpg\" \/>\n\t<meta property=\"og:image:width\" content=\"2560\" \/>\n\t<meta property=\"og:image:height\" content=\"1919\" \/>\n\t<meta property=\"og:image:type\" content=\"image\/jpeg\" \/>\n<meta name=\"author\" content=\"Frederico Tadeu Borlot Peixoto\" \/>\n<meta name=\"twitter:card\" content=\"summary_large_image\" \/>\n<meta name=\"twitter:creator\" content=\"@EstratJuridica\" \/>\n<meta name=\"twitter:site\" content=\"@EstratJuridica\" \/>\n<meta name=\"twitter:label1\" content=\"Escrito por\" \/>\n\t<meta name=\"twitter:data1\" content=\"Frederico Tadeu Borlot Peixoto\" \/>\n\t<meta name=\"twitter:label2\" content=\"Est. tempo de leitura\" \/>\n\t<meta name=\"twitter:data2\" content=\"15 minutos\" \/>\n<script type=\"application\/ld+json\" class=\"yoast-schema-graph\">{\"@context\":\"https:\\\/\\\/schema.org\",\"@graph\":[{\"@type\":\"NewsArticle\",\"@id\":\"https:\\\/\\\/cj.estrategia.com\\\/portal\\\/resumo-desapropriacao-dpe-pe\\\/#article\",\"isPartOf\":{\"@id\":\"https:\\\/\\\/cj.estrategia.com\\\/portal\\\/resumo-desapropriacao-dpe-pe\\\/\"},\"author\":{\"name\":\"Frederico Tadeu Borlot Peixoto\",\"@id\":\"https:\\\/\\\/cj.estrategia.com\\\/portal\\\/#\\\/schema\\\/person\\\/74287401cf4654f4fa04e378de7261ec\"},\"headline\":\"Resumo sobre a Desapropria\u00e7\u00e3o para DPE-PE\",\"datePublished\":\"2024-04-24T14:00:00+00:00\",\"mainEntityOfPage\":{\"@id\":\"https:\\\/\\\/cj.estrategia.com\\\/portal\\\/resumo-desapropriacao-dpe-pe\\\/\"},\"wordCount\":3632,\"commentCount\":0,\"publisher\":{\"@id\":\"https:\\\/\\\/cj.estrategia.com\\\/portal\\\/#organization\"},\"image\":{\"@id\":\"https:\\\/\\\/cj.estrategia.com\\\/portal\\\/resumo-desapropriacao-dpe-pe\\\/#primaryimage\"},\"thumbnailUrl\":\"https:\\\/\\\/cj.estrategia.com\\\/portal\\\/wp-content\\\/uploads\\\/2024\\\/03\\\/17163626\\\/aerial-shot-beautiful-blue-sea-buildings-mallorca-balearic-islands-spain-scaled.jpg\",\"articleSection\":[\"Carreiras Jur\u00eddicas\",\"Defensoria\"],\"inLanguage\":\"pt-BR\",\"potentialAction\":[{\"@type\":\"CommentAction\",\"name\":\"Comment\",\"target\":[\"https:\\\/\\\/cj.estrategia.com\\\/portal\\\/resumo-desapropriacao-dpe-pe\\\/#respond\"]}]},{\"@type\":\"WebPage\",\"@id\":\"https:\\\/\\\/cj.estrategia.com\\\/portal\\\/resumo-desapropriacao-dpe-pe\\\/\",\"url\":\"https:\\\/\\\/cj.estrategia.com\\\/portal\\\/resumo-desapropriacao-dpe-pe\\\/\",\"name\":\"Resumo sobre a Desapropria\u00e7\u00e3o para DPE-PE\",\"isPartOf\":{\"@id\":\"https:\\\/\\\/cj.estrategia.com\\\/portal\\\/#website\"},\"primaryImageOfPage\":{\"@id\":\"https:\\\/\\\/cj.estrategia.com\\\/portal\\\/resumo-desapropriacao-dpe-pe\\\/#primaryimage\"},\"image\":{\"@id\":\"https:\\\/\\\/cj.estrategia.com\\\/portal\\\/resumo-desapropriacao-dpe-pe\\\/#primaryimage\"},\"thumbnailUrl\":\"https:\\\/\\\/cj.estrategia.com\\\/portal\\\/wp-content\\\/uploads\\\/2024\\\/03\\\/17163626\\\/aerial-shot-beautiful-blue-sea-buildings-mallorca-balearic-islands-spain-scaled.jpg\",\"datePublished\":\"2024-04-24T14:00:00+00:00\",\"description\":\"Confira este resumo com as principais informa\u00e7\u00f5es sobre a Desapropria\u00e7\u00e3o para a DPE-PE (Defensoria P\u00fablica do Estado de Pernambuco).\",\"breadcrumb\":{\"@id\":\"https:\\\/\\\/cj.estrategia.com\\\/portal\\\/resumo-desapropriacao-dpe-pe\\\/#breadcrumb\"},\"inLanguage\":\"pt-BR\",\"potentialAction\":[{\"@type\":\"ReadAction\",\"target\":[\"https:\\\/\\\/cj.estrategia.com\\\/portal\\\/resumo-desapropriacao-dpe-pe\\\/\"]}]},{\"@type\":\"ImageObject\",\"inLanguage\":\"pt-BR\",\"@id\":\"https:\\\/\\\/cj.estrategia.com\\\/portal\\\/resumo-desapropriacao-dpe-pe\\\/#primaryimage\",\"url\":\"https:\\\/\\\/cj.estrategia.com\\\/portal\\\/wp-content\\\/uploads\\\/2024\\\/03\\\/17163626\\\/aerial-shot-beautiful-blue-sea-buildings-mallorca-balearic-islands-spain-scaled.jpg\",\"contentUrl\":\"https:\\\/\\\/cj.estrategia.com\\\/portal\\\/wp-content\\\/uploads\\\/2024\\\/03\\\/17163626\\\/aerial-shot-beautiful-blue-sea-buildings-mallorca-balearic-islands-spain-scaled.jpg\",\"width\":2560,\"height\":1919,\"caption\":\"Resumo sobre a Desapropria\u00e7\u00e3o para DPE-PE\"},{\"@type\":\"BreadcrumbList\",\"@id\":\"https:\\\/\\\/cj.estrategia.com\\\/portal\\\/resumo-desapropriacao-dpe-pe\\\/#breadcrumb\",\"itemListElement\":[{\"@type\":\"ListItem\",\"position\":1,\"name\":\"In\u00edcio\",\"item\":\"https:\\\/\\\/cj.estrategia.com\\\/portal\\\/\"},{\"@type\":\"ListItem\",\"position\":2,\"name\":\"Resumo sobre a Desapropria\u00e7\u00e3o para DPE-PE\"}]},{\"@type\":\"WebSite\",\"@id\":\"https:\\\/\\\/cj.estrategia.com\\\/portal\\\/#website\",\"url\":\"https:\\\/\\\/cj.estrategia.com\\\/portal\\\/\",\"name\":\"Blog - Carreiras Jur\u00eddicas - Estrat\u00e9gia\",\"description\":\"\",\"publisher\":{\"@id\":\"https:\\\/\\\/cj.estrategia.com\\\/portal\\\/#organization\"},\"potentialAction\":[{\"@type\":\"SearchAction\",\"target\":{\"@type\":\"EntryPoint\",\"urlTemplate\":\"https:\\\/\\\/cj.estrategia.com\\\/portal\\\/?s={search_term_string}\"},\"query-input\":{\"@type\":\"PropertyValueSpecification\",\"valueRequired\":true,\"valueName\":\"search_term_string\"}}],\"inLanguage\":\"pt-BR\"},{\"@type\":\"Organization\",\"@id\":\"https:\\\/\\\/cj.estrategia.com\\\/portal\\\/#organization\",\"name\":\"Estrat\u00e9gia - Carreiras Jur\u00eddicas\",\"url\":\"https:\\\/\\\/cj.estrategia.com\\\/portal\\\/\",\"logo\":{\"@type\":\"ImageObject\",\"inLanguage\":\"pt-BR\",\"@id\":\"https:\\\/\\\/cj.estrategia.com\\\/portal\\\/#\\\/schema\\\/logo\\\/image\\\/\",\"url\":\"https:\\\/\\\/cj.estrategia.com\\\/portal\\\/wp-content\\\/uploads\\\/2022\\\/03\\\/11151052\\\/cj-logo.png\",\"contentUrl\":\"https:\\\/\\\/cj.estrategia.com\\\/portal\\\/wp-content\\\/uploads\\\/2022\\\/03\\\/11151052\\\/cj-logo.png\",\"width\":150,\"height\":39,\"caption\":\"Estrat\u00e9gia - Carreiras Jur\u00eddicas\"},\"image\":{\"@id\":\"https:\\\/\\\/cj.estrategia.com\\\/portal\\\/#\\\/schema\\\/logo\\\/image\\\/\"},\"sameAs\":[\"https:\\\/\\\/www.facebook.com\\\/estrategiacarreirajuridica\\\/\",\"https:\\\/\\\/x.com\\\/EstratJuridica\",\"https:\\\/\\\/www.instagram.com\\\/estrategiacarreirajuridica\\\/\",\"https:\\\/\\\/www.youtube.com\\\/channel\\\/UClbMGuYbj2Mh1m3w144ETWQ\"]},{\"@type\":\"Person\",\"@id\":\"https:\\\/\\\/cj.estrategia.com\\\/portal\\\/#\\\/schema\\\/person\\\/74287401cf4654f4fa04e378de7261ec\",\"name\":\"Frederico Tadeu Borlot Peixoto\",\"image\":{\"@type\":\"ImageObject\",\"inLanguage\":\"pt-BR\",\"@id\":\"https:\\\/\\\/cj.estrategia.com\\\/portal\\\/wp-content\\\/uploads\\\/2023\\\/06\\\/29094204\\\/GBAY0702-96x96.jpg\",\"url\":\"https:\\\/\\\/cj.estrategia.com\\\/portal\\\/wp-content\\\/uploads\\\/2023\\\/06\\\/29094204\\\/GBAY0702-96x96.jpg\",\"contentUrl\":\"https:\\\/\\\/cj.estrategia.com\\\/portal\\\/wp-content\\\/uploads\\\/2023\\\/06\\\/29094204\\\/GBAY0702-96x96.jpg\",\"caption\":\"Frederico Tadeu Borlot Peixoto\"},\"description\":\"Analista Judici\u00e1rio - \u00c1rea Judici\u00e1ria do TRF da 4\u00aa regi\u00e3o. Bacharel em Direito. P\u00f3s-graduado em Direito Administrativo, Legisla\u00e7\u00e3o Penal Especial, Direito Penal e Direito Processual Penal. Tamb\u00e9m nomeado no TRF da 3\u00aa regi\u00e3o (8\u00ba lugar); SPPREV (3\u00ba lugar); IFES (2\u00ba lugar); e PMES. https:\\\/\\\/www.instagram.com\\\/proffrederico\\\/\",\"sameAs\":[\"https:\\\/\\\/www.instagram.com\\\/proffrederico\\\/\"],\"url\":\"https:\\\/\\\/cj.estrategia.com\\\/portal\\\/author\\\/xfrederico\\\/\"}]}<\/script>\n<!-- \/ Yoast SEO Premium plugin. -->","yoast_head_json":{"title":"Resumo sobre a Desapropria\u00e7\u00e3o para DPE-PE","description":"Confira este resumo com as principais informa\u00e7\u00f5es sobre a Desapropria\u00e7\u00e3o para a DPE-PE (Defensoria P\u00fablica do Estado de Pernambuco).","robots":{"index":"index","follow":"follow","max-snippet":"max-snippet:-1","max-image-preview":"max-image-preview:large","max-video-preview":"max-video-preview:-1"},"canonical":"https:\/\/cj.estrategia.com\/portal\/resumo-desapropriacao-dpe-pe\/","og_locale":"pt_BR","og_type":"article","og_title":"Resumo sobre a Desapropria\u00e7\u00e3o para DPE-PE","og_description":"Confira este resumo com as principais informa\u00e7\u00f5es sobre a Desapropria\u00e7\u00e3o para a DPE-PE (Defensoria P\u00fablica do Estado de Pernambuco).","og_url":"https:\/\/cj.estrategia.com\/portal\/resumo-desapropriacao-dpe-pe\/","og_site_name":"Blog - Carreiras Jur\u00eddicas - Estrat\u00e9gia","article_publisher":"https:\/\/www.facebook.com\/estrategiacarreirajuridica\/","article_published_time":"2024-04-24T14:00:00+00:00","og_image":[{"width":2560,"height":1919,"url":"https:\/\/cj.estrategia.com\/portal\/wp-content\/uploads\/2024\/03\/17163626\/aerial-shot-beautiful-blue-sea-buildings-mallorca-balearic-islands-spain-scaled.jpg","type":"image\/jpeg"}],"author":"Frederico Tadeu Borlot Peixoto","twitter_card":"summary_large_image","twitter_creator":"@EstratJuridica","twitter_site":"@EstratJuridica","twitter_misc":{"Escrito por":"Frederico Tadeu Borlot Peixoto","Est. tempo de leitura":"15 minutos"},"schema":{"@context":"https:\/\/schema.org","@graph":[{"@type":"NewsArticle","@id":"https:\/\/cj.estrategia.com\/portal\/resumo-desapropriacao-dpe-pe\/#article","isPartOf":{"@id":"https:\/\/cj.estrategia.com\/portal\/resumo-desapropriacao-dpe-pe\/"},"author":{"name":"Frederico Tadeu Borlot Peixoto","@id":"https:\/\/cj.estrategia.com\/portal\/#\/schema\/person\/74287401cf4654f4fa04e378de7261ec"},"headline":"Resumo sobre a Desapropria\u00e7\u00e3o para DPE-PE","datePublished":"2024-04-24T14:00:00+00:00","mainEntityOfPage":{"@id":"https:\/\/cj.estrategia.com\/portal\/resumo-desapropriacao-dpe-pe\/"},"wordCount":3632,"commentCount":0,"publisher":{"@id":"https:\/\/cj.estrategia.com\/portal\/#organization"},"image":{"@id":"https:\/\/cj.estrategia.com\/portal\/resumo-desapropriacao-dpe-pe\/#primaryimage"},"thumbnailUrl":"https:\/\/cj.estrategia.com\/portal\/wp-content\/uploads\/2024\/03\/17163626\/aerial-shot-beautiful-blue-sea-buildings-mallorca-balearic-islands-spain-scaled.jpg","articleSection":["Carreiras Jur\u00eddicas","Defensoria"],"inLanguage":"pt-BR","potentialAction":[{"@type":"CommentAction","name":"Comment","target":["https:\/\/cj.estrategia.com\/portal\/resumo-desapropriacao-dpe-pe\/#respond"]}]},{"@type":"WebPage","@id":"https:\/\/cj.estrategia.com\/portal\/resumo-desapropriacao-dpe-pe\/","url":"https:\/\/cj.estrategia.com\/portal\/resumo-desapropriacao-dpe-pe\/","name":"Resumo sobre a Desapropria\u00e7\u00e3o para DPE-PE","isPartOf":{"@id":"https:\/\/cj.estrategia.com\/portal\/#website"},"primaryImageOfPage":{"@id":"https:\/\/cj.estrategia.com\/portal\/resumo-desapropriacao-dpe-pe\/#primaryimage"},"image":{"@id":"https:\/\/cj.estrategia.com\/portal\/resumo-desapropriacao-dpe-pe\/#primaryimage"},"thumbnailUrl":"https:\/\/cj.estrategia.com\/portal\/wp-content\/uploads\/2024\/03\/17163626\/aerial-shot-beautiful-blue-sea-buildings-mallorca-balearic-islands-spain-scaled.jpg","datePublished":"2024-04-24T14:00:00+00:00","description":"Confira este resumo com as principais informa\u00e7\u00f5es sobre a Desapropria\u00e7\u00e3o para a DPE-PE (Defensoria P\u00fablica do Estado de Pernambuco).","breadcrumb":{"@id":"https:\/\/cj.estrategia.com\/portal\/resumo-desapropriacao-dpe-pe\/#breadcrumb"},"inLanguage":"pt-BR","potentialAction":[{"@type":"ReadAction","target":["https:\/\/cj.estrategia.com\/portal\/resumo-desapropriacao-dpe-pe\/"]}]},{"@type":"ImageObject","inLanguage":"pt-BR","@id":"https:\/\/cj.estrategia.com\/portal\/resumo-desapropriacao-dpe-pe\/#primaryimage","url":"https:\/\/cj.estrategia.com\/portal\/wp-content\/uploads\/2024\/03\/17163626\/aerial-shot-beautiful-blue-sea-buildings-mallorca-balearic-islands-spain-scaled.jpg","contentUrl":"https:\/\/cj.estrategia.com\/portal\/wp-content\/uploads\/2024\/03\/17163626\/aerial-shot-beautiful-blue-sea-buildings-mallorca-balearic-islands-spain-scaled.jpg","width":2560,"height":1919,"caption":"Resumo sobre a Desapropria\u00e7\u00e3o para DPE-PE"},{"@type":"BreadcrumbList","@id":"https:\/\/cj.estrategia.com\/portal\/resumo-desapropriacao-dpe-pe\/#breadcrumb","itemListElement":[{"@type":"ListItem","position":1,"name":"In\u00edcio","item":"https:\/\/cj.estrategia.com\/portal\/"},{"@type":"ListItem","position":2,"name":"Resumo sobre a Desapropria\u00e7\u00e3o para DPE-PE"}]},{"@type":"WebSite","@id":"https:\/\/cj.estrategia.com\/portal\/#website","url":"https:\/\/cj.estrategia.com\/portal\/","name":"Blog - Carreiras Jur\u00eddicas - Estrat\u00e9gia","description":"","publisher":{"@id":"https:\/\/cj.estrategia.com\/portal\/#organization"},"potentialAction":[{"@type":"SearchAction","target":{"@type":"EntryPoint","urlTemplate":"https:\/\/cj.estrategia.com\/portal\/?s={search_term_string}"},"query-input":{"@type":"PropertyValueSpecification","valueRequired":true,"valueName":"search_term_string"}}],"inLanguage":"pt-BR"},{"@type":"Organization","@id":"https:\/\/cj.estrategia.com\/portal\/#organization","name":"Estrat\u00e9gia - Carreiras Jur\u00eddicas","url":"https:\/\/cj.estrategia.com\/portal\/","logo":{"@type":"ImageObject","inLanguage":"pt-BR","@id":"https:\/\/cj.estrategia.com\/portal\/#\/schema\/logo\/image\/","url":"https:\/\/cj.estrategia.com\/portal\/wp-content\/uploads\/2022\/03\/11151052\/cj-logo.png","contentUrl":"https:\/\/cj.estrategia.com\/portal\/wp-content\/uploads\/2022\/03\/11151052\/cj-logo.png","width":150,"height":39,"caption":"Estrat\u00e9gia - Carreiras Jur\u00eddicas"},"image":{"@id":"https:\/\/cj.estrategia.com\/portal\/#\/schema\/logo\/image\/"},"sameAs":["https:\/\/www.facebook.com\/estrategiacarreirajuridica\/","https:\/\/x.com\/EstratJuridica","https:\/\/www.instagram.com\/estrategiacarreirajuridica\/","https:\/\/www.youtube.com\/channel\/UClbMGuYbj2Mh1m3w144ETWQ"]},{"@type":"Person","@id":"https:\/\/cj.estrategia.com\/portal\/#\/schema\/person\/74287401cf4654f4fa04e378de7261ec","name":"Frederico Tadeu Borlot Peixoto","image":{"@type":"ImageObject","inLanguage":"pt-BR","@id":"https:\/\/cj.estrategia.com\/portal\/wp-content\/uploads\/2023\/06\/29094204\/GBAY0702-96x96.jpg","url":"https:\/\/cj.estrategia.com\/portal\/wp-content\/uploads\/2023\/06\/29094204\/GBAY0702-96x96.jpg","contentUrl":"https:\/\/cj.estrategia.com\/portal\/wp-content\/uploads\/2023\/06\/29094204\/GBAY0702-96x96.jpg","caption":"Frederico Tadeu Borlot Peixoto"},"description":"Analista Judici\u00e1rio - \u00c1rea Judici\u00e1ria do TRF da 4\u00aa regi\u00e3o. Bacharel em Direito. P\u00f3s-graduado em Direito Administrativo, Legisla\u00e7\u00e3o Penal Especial, Direito Penal e Direito Processual Penal. Tamb\u00e9m nomeado no TRF da 3\u00aa regi\u00e3o (8\u00ba lugar); SPPREV (3\u00ba lugar); IFES (2\u00ba lugar); e PMES. https:\/\/www.instagram.com\/proffrederico\/","sameAs":["https:\/\/www.instagram.com\/proffrederico\/"],"url":"https:\/\/cj.estrategia.com\/portal\/author\/xfrederico\/"}]}},"jetpack_featured_media_url":"https:\/\/cj.estrategia.com\/portal\/wp-content\/uploads\/2024\/03\/17163626\/aerial-shot-beautiful-blue-sea-buildings-mallorca-balearic-islands-spain-scaled.jpg","jetpack_sharing_enabled":true,"_links":{"self":[{"href":"https:\/\/cj.estrategia.com\/portal\/wp-json\/wp\/v2\/posts\/58253","targetHints":{"allow":["GET"]}}],"collection":[{"href":"https:\/\/cj.estrategia.com\/portal\/wp-json\/wp\/v2\/posts"}],"about":[{"href":"https:\/\/cj.estrategia.com\/portal\/wp-json\/wp\/v2\/types\/post"}],"author":[{"embeddable":true,"href":"https:\/\/cj.estrategia.com\/portal\/wp-json\/wp\/v2\/users\/39"}],"replies":[{"embeddable":true,"href":"https:\/\/cj.estrategia.com\/portal\/wp-json\/wp\/v2\/comments?post=58253"}],"version-history":[{"count":4,"href":"https:\/\/cj.estrategia.com\/portal\/wp-json\/wp\/v2\/posts\/58253\/revisions"}],"predecessor-version":[{"id":59549,"href":"https:\/\/cj.estrategia.com\/portal\/wp-json\/wp\/v2\/posts\/58253\/revisions\/59549"}],"wp:featuredmedia":[{"embeddable":true,"href":"https:\/\/cj.estrategia.com\/portal\/wp-json\/wp\/v2\/media\/58254"}],"wp:attachment":[{"href":"https:\/\/cj.estrategia.com\/portal\/wp-json\/wp\/v2\/media?parent=58253"}],"wp:term":[{"taxonomy":"category","embeddable":true,"href":"https:\/\/cj.estrategia.com\/portal\/wp-json\/wp\/v2\/categories?post=58253"},{"taxonomy":"post_tag","embeddable":true,"href":"https:\/\/cj.estrategia.com\/portal\/wp-json\/wp\/v2\/tags?post=58253"},{"taxonomy":"tax_estado","embeddable":true,"href":"https:\/\/cj.estrategia.com\/portal\/wp-json\/wp\/v2\/tax_estado?post=58253"}],"curies":[{"name":"wp","href":"https:\/\/api.w.org\/{rel}","templated":true}]}}