{"id":58243,"date":"2024-04-24T08:00:00","date_gmt":"2024-04-24T11:00:00","guid":{"rendered":"https:\/\/cj.estrategia.com\/portal\/?p=58243"},"modified":"2024-04-01T17:13:36","modified_gmt":"2024-04-01T20:13:36","slug":"resumo-adi-adc-dpe-pe","status":"publish","type":"post","link":"https:\/\/cj.estrategia.com\/portal\/resumo-adi-adc-dpe-pe\/","title":{"rendered":"ADI e ADC para DPE-PE: resumo completo!"},"content":{"rendered":"\n<p><\/p>\n\n\n<div class=\"wp-block-image\">\n<figure class=\"aligncenter size-large is-resized\"><img decoding=\"async\" width=\"1024\" height=\"683\" src=\"https:\/\/cj.estrategia.com\/portal\/wp-content\/uploads\/2024\/03\/17114141\/grey-marble-column-details-building-1024x683.jpg\" alt=\"Resumo sobre ADI e ADC para DPE-PE\" class=\"wp-image-58244\" style=\"width:560px;height:auto\" srcset=\"https:\/\/cj.estrategia.com\/portal\/wp-content\/uploads\/2024\/03\/17114141\/grey-marble-column-details-building-1024x683.jpg 1024w, https:\/\/cj.estrategia.com\/portal\/wp-content\/uploads\/2024\/03\/17114141\/grey-marble-column-details-building-300x200.jpg 300w, https:\/\/cj.estrategia.com\/portal\/wp-content\/uploads\/2024\/03\/17114141\/grey-marble-column-details-building-768x513.jpg 768w, https:\/\/cj.estrategia.com\/portal\/wp-content\/uploads\/2024\/03\/17114141\/grey-marble-column-details-building-1536x1025.jpg 1536w, https:\/\/cj.estrategia.com\/portal\/wp-content\/uploads\/2024\/03\/17114141\/grey-marble-column-details-building-2048x1367.jpg 2048w, https:\/\/cj.estrategia.com\/portal\/wp-content\/uploads\/2024\/03\/17114141\/grey-marble-column-details-building-380x254.jpg 380w, https:\/\/cj.estrategia.com\/portal\/wp-content\/uploads\/2024\/03\/17114141\/grey-marble-column-details-building-800x534.jpg 800w, https:\/\/cj.estrategia.com\/portal\/wp-content\/uploads\/2024\/03\/17114141\/grey-marble-column-details-building-1160x774.jpg 1160w, https:\/\/cj.estrategia.com\/portal\/wp-content\/uploads\/2024\/03\/17114141\/grey-marble-column-details-building-150x100.jpg 150w, https:\/\/cj.estrategia.com\/portal\/wp-content\/uploads\/2024\/03\/17114141\/grey-marble-column-details-building-scaled.jpg 2560w\" sizes=\"(max-width: 1024px) 100vw, 1024px\" \/><figcaption class=\"wp-element-caption\">Resumo sobre ADI e ADC para DPE-PE<\/figcaption><\/figure>\n<\/div>\n\n\n<p>Fala, pessoal, tudo certo? Hoje faremos um resumo sobre a ADI e a ADC para a DPE-PE (Defensoria P\u00fablica do Estado de Pernambuco).<\/p>\n\n\n\n<p>Trata-se de assunto bem relevante da mat\u00e9ria de Direito Constitucional!<\/p>\n\n\n\n<p>Como sabemos, houve a forma\u00e7\u00e3o de comiss\u00e3o para o Concurso de Defensor da DPE-PE. Dessa forma, e considerando que o regulamento do concurso j\u00e1 foi publicado, essa \u00e9 a hora de intensificarmos nossa prepara\u00e7\u00e3o.&nbsp;<\/p>\n\n\n\n<p>Com efeito, n\u00e3o deixe de conferir <a href=\"https:\/\/cj.estrategia.com\/portal\/concurso-dpe-pe-defensor\/\" target=\"_blank\" >nosso artigo sobre a DPE-PE.<\/a><\/p>\n\n\n\n<p>Vamos ao que interessa!<\/p>\n\n\n\n<h2 class=\"wp-block-heading has-luminous-vivid-orange-color has-text-color has-link-color wp-elements-5638a168da761182191c02f39fcac42c\" id=\"h-acoes-diretas-de-in-constitucionalidade\"><span id=\"acoes-diretas-de-inconstitucionalidade\">A\u00e7\u00f5es diretas de (in)constitucionalidade<\/span><\/h2>\n\n\n\n<h3 class=\"wp-block-heading has-luminous-vivid-orange-color has-text-color has-link-color wp-elements-a20d6459841b3348df624a8efb79b5a8\" id=\"h-controle-concentrado-de-constitucionalidade\"><span id=\"controle-concentrado-de-constitucionalidade\">Controle concentrado de constitucionalidade<\/span><\/h3>\n\n\n\n<p>Primeiramente, \u00e9 importante destacar que a a\u00e7\u00e3o direta de inconstitucionalidade (<strong>ADI<\/strong>) e a a\u00e7\u00e3o direta de constitucionalidade (<strong>ADC<\/strong>) <strong>integram o que chamamos de controle concentrado de constitucionalidade.<\/strong><\/p>\n\n\n\n<p>Em resumo, o controle concentrado de constitucionalidade <strong>leva em considera\u00e7\u00e3o a lei em tese<\/strong>, isso \u00e9, uma situa\u00e7\u00e3o aplic\u00e1vel de forma geral \u00e0queles que se submetem \u00e0 legisla\u00e7\u00e3o ou ato ato normativo cuja constitucionalidade esteja em an\u00e1lise.<\/p>\n\n\n\n<p>Nesse sentido, no <strong>controle concentrado o objeto da a\u00e7\u00e3o<\/strong> (isso \u00e9, o motivo pelo qual aquela a\u00e7\u00e3o foi levada ao Poder Judici\u00e1rio) <strong>\u00e9 justamente a (in)constitucionalidade da lei ou do ato normativo.<\/strong><\/p>\n\n\n\n<p>Portanto, essa \u00e9 a <strong>principal raz\u00e3o pela qual o controle concentrado diferencia-se do controle difuso de constitucionalidade<\/strong>.<\/p>\n\n\n\n<p>Isso porque, no <strong>controle difuso <\/strong>de constitucionalidade, embora tamb\u00e9m se leve em considera\u00e7\u00e3o a previs\u00e3o legal ou do ato normativo em confronto com a Constitui\u00e7\u00e3o, <strong>essa an\u00e1lise ocorre como quest\u00e3o incidental do processo.&nbsp;<\/strong><\/p>\n\n\n\n<p>Dessa forma, no controle difuso o objeto da a\u00e7\u00e3o N\u00c3O \u00e9 a (in)constitucionalidade da lei\/ato normativo, mas sim uma quest\u00e3o diversa.&nbsp;<\/p>\n\n\n\n<figure class=\"wp-block-table\"><table><tbody><tr><td><strong>Exemplo<\/strong>:<br><br>Suponha que \u201cT\u00edcio\u201d ajuizou uma a\u00e7\u00e3o na Justi\u00e7a Estadual alegando que n\u00e3o deve reparar o dano ao Er\u00e1rio causado por ato de improbidade, uma vez que houve fus\u00e3o societ\u00e1ria.<br><br>Dessa forma, para convencer o Ju\u00edzo, alega que o novo artigo 8\u00ba-A da Lei 8.429\/92 \u00e9 inconstitucional.<br><br>Veja que, na verdade, o principal objetivo de T\u00edcio na a\u00e7\u00e3o n\u00e3o \u00e9 saber se o artigo 8\u00ba-A \u00e9 ou n\u00e3o inconstitucional, mas sim evitar o pagamento do dano ao Er\u00e1rio. No entanto, para isso, valeu-se da afirma\u00e7\u00e3o de inconstitucionalidade do novo dispositivo.<br><br>Nesse caso, n\u00e3o \u00e9 necess\u00e1rio que haja julgamento pelo STF ou TJs: qualquer magistrado poder\u00e1 realizar essa an\u00e1lise diante do caso concreto e os efeitos limitar-se-\u00e3o \u00e0quele processo, via de regra. Este \u00e9 o controle difuso.<\/td><\/tr><\/tbody><\/table><\/figure>\n\n\n\n<h3 class=\"wp-block-heading has-luminous-vivid-orange-color has-text-color has-link-color wp-elements-d66ccf304be7834da6f848bdd34faf75\" id=\"h-natureza-duplice-da-adi-e-da-adc\"><span id=\"natureza-duplice-da-adi-e-da-adc\">Natureza d\u00faplice da ADI e da ADC<\/span><\/h3>\n\n\n\n<p>Al\u00e9m disso, \u00e9 importante mencionar que <strong>a ADI e a ADC possuem natureza d\u00faplice.&nbsp;<\/strong><\/p>\n\n\n\n<p><em>\u2192 E o que isso significa?<\/em><\/p>\n\n\n\n<p>Isso quer dizer que, independentemente de qual a\u00e7\u00e3o se propuser, o Tribunal respons\u00e1vel poder\u00e1 proclamar tanto a constitucionalidade quanto a inconstitucionalidade da lei ou ato normativo respectivo.<\/p>\n\n\n\n<p>Nesse sentido, vejamos o destaque feito no artigo 23 da Lei 9.868\/1999:<\/p>\n\n\n\n<blockquote class=\"wp-block-quote is-layout-flow wp-block-quote-is-layout-flow\">\n<p>Art. 23. Efetuado o julgamento, <strong>proclamar-se-\u00e1 a constitucionalidade ou a inconstitucionalidade<\/strong> da disposi\u00e7\u00e3o ou da norma impugnada se <strong>num ou noutro sentido<\/strong> se tiverem manifestado pelo menos seis Ministros, <strong>quer se trate de a\u00e7\u00e3o direta de inconstitucionalidade ou de a\u00e7\u00e3o declarat\u00f3ria de constitucionalidade<\/strong>.<\/p>\n<\/blockquote>\n\n\n\n<p>Sendo assim, se uma das figuras do artigo 103 da CF prop\u00f5e uma ADI contra uma lei federal alegando ser ela inconstitucional mas o STF entende que ela \u00e9 constitucional, dever\u00e1, mesmo no \u00e2mbito da ADI, proclamar a constitucionalidade da lei em an\u00e1lise.<\/p>\n\n\n\n<h3 class=\"wp-block-heading has-luminous-vivid-orange-color has-text-color has-link-color wp-elements-b6ee3690ce105e2f13fa1c763454b153\" id=\"h-competencia-e-hipoteses-de-cabimento-da-adi-e-adc\"><span id=\"competencia-e-hipoteses-de-cabimento-da-adi-e-adc\">Compet\u00eancia e hip\u00f3teses de cabimento da ADI e ADC<\/span><\/h3>\n\n\n\n<p>No que concerne \u00e0 <strong>compet\u00eancia <\/strong>para processo e julgamento da ADI e da ADC, vejamos os seguintes dispositivos da Constitui\u00e7\u00e3o Federal:<\/p>\n\n\n\n<blockquote class=\"wp-block-quote is-layout-flow wp-block-quote-is-layout-flow\">\n<blockquote class=\"wp-block-quote is-layout-flow wp-block-quote-is-layout-flow\">\n<p>Art. 102. Compete ao Supremo Tribunal Federal, precipuamente, a guarda da Constitui\u00e7\u00e3o, cabendo-lhe:<\/p>\n\n\n\n<p>I &#8211; processar e julgar, originariamente:<\/p>\n\n\n\n<p>a) a a\u00e7\u00e3o direta de inconstitucionalidade de lei ou ato normativo federal ou estadual e a a\u00e7\u00e3o declarat\u00f3ria de constitucionalidade de lei ou ato normativo federal;&nbsp;&nbsp;<\/p>\n\n\n\n<p>Art. 125. Os Estados organizar\u00e3o sua Justi\u00e7a, observados os princ\u00edpios estabelecidos nesta Constitui\u00e7\u00e3o.<\/p>\n\n\n\n<p>(\u2026)<\/p>\n\n\n\n<p>\u00a7 2\u00ba Cabe aos Estados a institui\u00e7\u00e3o de representa\u00e7\u00e3o de inconstitucionalidade de leis ou atos normativos estaduais ou municipais em face da Constitui\u00e7\u00e3o Estadual, vedada a atribui\u00e7\u00e3o da legitima\u00e7\u00e3o para agir a um \u00fanico \u00f3rg\u00e3o.<\/p>\n<\/blockquote>\n\n\n\n<p>Portanto, vejam que o controle concentrado de constitucionalidade pode ser feito tanto pelo Supremo Tribunal Federal quanto pelos Tribunais de Justi\u00e7a do Pa\u00eds.<\/p>\n<\/blockquote>\n\n\n\n<p>No entanto, enquanto ao STF compete o julgamento de ADI contra lei\/ato normativo <strong>federal ou estadual<\/strong> e ADC contra lei\/ato normativo <strong>federal em face da Constitui\u00e7\u00e3o Federal, <\/strong>aos TJ\u2019s cabe a&nbsp; representa\u00e7\u00e3o de inconstitucionalidade de leis ou atos normativos<strong> estaduais ou municipais em face da Constitui\u00e7\u00e3o Estadual<\/strong>.<\/p>\n\n\n\n<p>Al\u00e9m disso, deve-se chamar aten\u00e7\u00e3o para o fato de que a <strong>ADI <\/strong>pode ser proposta contra lei\/ato normativo <strong>FEDERAL ou ESTADUAL<\/strong>, enquanto a <strong>ADC <\/strong>apenas contra lei\/ato normativo <strong>FEDERAL<\/strong>.<\/p>\n\n\n\n<p>Outrossim, um outro entendimento importante do Supremo \u00e9 o de que <strong>N\u00c3O <\/strong>cabe a\u00e7\u00e3o direta de inconstitucionalidade de <strong>lei do Distrito Federal derivada da sua compet\u00eancia legislativa municipal<\/strong> (S\u00famula n\u00ba 642 do STF).<\/p>\n\n\n\n<p>Nas palavras do pr\u00f3prio Pret\u00f3rio Excelso, o Distrito Federal <em>\u201c\u00e9 entidade federativa que acumula as compet\u00eancias reservadas pela Constitui\u00e7\u00e3o aos Estados e aos Munic\u00edpios (CF, art. 32, \u00a7 1\u00ba)\u201d<\/em>.<\/p>\n\n\n\n<p>Portanto, e como s\u00f3 cabe ADI em face de lei\/ato normativo FEDERAL e ESTADUAL, o STF editou a S\u00famula n\u00ba 642 para pacificar a quest\u00e3o.<\/p>\n\n\n\n<p>Contudo, \u00e9 interessante a leitura do seguinte entendimento exarado pelo Supremo na ADI 3.341:<\/p>\n\n\n\n<blockquote class=\"wp-block-quote is-layout-flow wp-block-quote-is-layout-flow\">\n<p>A natureza h\u00edbrida do Distrito Federal n\u00e3o afasta a compet\u00eancia desta Corte para exercer o controle concentrado de normas que tratam sobre a organiza\u00e7\u00e3o de pessoal,<strong> pois nesta seara \u00e9 imposs\u00edvel distinguir se sua natureza \u00e9 municipal ou estadual.<\/strong><\/p>\n<\/blockquote>\n\n\n\n<p>Por fim, \u00e9 importante esclarecer que o STF entende que <strong>o cabimento da ADC fica condicionado \u00e0 demonstra\u00e7\u00e3o de \u201cefetiva controv\u00e9rsia judicial<\/strong> em torno da legitimidade constitucional de determinada lei ou ato normativo federal\u201d.<\/p>\n\n\n\n<p>Portanto, trata-se de <strong>pressuposto de admissibilidade da ADC<\/strong>.<\/p>\n\n\n\n<h3 class=\"wp-block-heading has-luminous-vivid-orange-color has-text-color has-link-color wp-elements-16e061debcea49fd18b4f9bb9163575a\" id=\"h-legitimados-a-propor-adi-e-adc\"><span id=\"legitimados-a-propor-adi-e-adc\">Legitimados a propor ADI e ADC<\/span><\/h3>\n\n\n\n<p>Quando falamos em legitimidade, estamos falando em uma das condi\u00e7\u00f5es da a\u00e7\u00e3o, isso \u00e9, um dos pressupostos b\u00e1sicos do acesso \u00e0 Justi\u00e7a.<\/p>\n\n\n\n<p>Nesse sentido, o artigo 17 do C\u00f3digo de Processo Civil afirma que <em>\u201cPara postular em ju\u00edzo \u00e9 necess\u00e1rio ter <\/em><strong><em>interesse <\/em><\/strong><em>e <\/em><strong><em>legitimidade<\/em><\/strong><em>\u201d<\/em>.<\/p>\n\n\n\n<p>Sendo assim, \u00e9 importante mencionarmos a exist\u00eancia tanto de <strong>legitimados universais <\/strong>quanto de <strong>legitimados especiais <\/strong>para propor a ADI e a ADC.<\/p>\n\n\n\n<p>Com efeito, os <strong>legitimados universais <\/strong>podem propor a a\u00e7\u00e3o porque a CF e a Lei 9.868\/1999 autorizam (<strong>legitimidade<\/strong>), bem assim porque se entende que s\u00e3o interessados a assim proceder sobre qualquer assunto em raz\u00e3o do cargo que ocupam (<strong>interesse de agir\/processual<\/strong>).<\/p>\n\n\n\n<p>Por outro lado, os <strong>legitimados especiais <\/strong>podem propor a a\u00e7\u00e3o porque a CF e a Lei 9.868\/1999 autorizam (<strong>legitimidade<\/strong>), mas apenas sobre assuntos em rela\u00e7\u00e3o aos quais se entende que tenham interesse <strong>(pertin\u00eancia tem\u00e1tica)<\/strong>, pois, em virtude do cargo que ocupam, n\u00e3o h\u00e1 interesse presumido sobre qualquer assunto (<strong>interesse de agir\/processual<\/strong>).<\/p>\n\n\n\n<p>Nesse sentido, destaca-se que o rol de legitimados consta do artigo 103 da CF e do artigo 2\u00ba da Lei 9.868\/1999. Como ambas as previs\u00f5es s\u00e3o iguais, vamos transcrever apenas a primeira delas:<\/p>\n\n\n\n<blockquote class=\"wp-block-quote is-layout-flow wp-block-quote-is-layout-flow\">\n<p>Art. 103. Podem propor a a\u00e7\u00e3o direta de inconstitucionalidade e a a\u00e7\u00e3o declarat\u00f3ria de constitucionalidade:&nbsp;&nbsp;&nbsp;&nbsp;&nbsp;&nbsp;&nbsp;&nbsp;&nbsp;&nbsp;&nbsp;&nbsp;&nbsp;&nbsp;<\/p>\n\n\n\n<p>I &#8211; o Presidente da Rep\u00fablica;<\/p>\n\n\n\n<p>II &#8211; a Mesa do Senado Federal;<\/p>\n\n\n\n<p>III &#8211; a Mesa da C\u00e2mara dos Deputados;<\/p>\n\n\n\n<p><strong>IV a Mesa de Assembl\u00e9ia Legislativa ou da C\u00e2mara Legislativa do Distrito Federal;&nbsp;&nbsp;&nbsp;&nbsp;&nbsp;&nbsp;&nbsp;&nbsp;&nbsp;&nbsp;&nbsp;&nbsp;&nbsp;&nbsp;&nbsp;&nbsp;&nbsp;<\/strong><\/p>\n\n\n\n<p><strong>V o Governador de Estado ou do Distrito Federal;&nbsp;&nbsp;&nbsp;&nbsp;&nbsp;&nbsp;&nbsp;&nbsp;&nbsp;&nbsp;&nbsp;&nbsp;&nbsp;<\/strong><\/p>\n\n\n\n<p>VI &#8211; o Procurador-Geral da Rep\u00fablica;<\/p>\n\n\n\n<p>VII &#8211; o Conselho Federal da Ordem dos Advogados do Brasil;<\/p>\n\n\n\n<p><span style=\"text-decoration: underline;\">VIII &#8211; partido pol\u00edtico com representa\u00e7\u00e3o no Congresso Nacional;<\/span><\/p>\n\n\n\n<p><strong><span style=\"text-decoration: underline;\">IX &#8211; confedera\u00e7\u00e3o sindical ou entidade de classe de \u00e2mbito nacional.<\/span><\/strong><\/p>\n<\/blockquote>\n\n\n\n<h4 class=\"wp-block-heading has-luminous-vivid-orange-color has-text-color has-link-color wp-elements-33d726f4a89a9cbc8bd3c119f351b945\" id=\"h-legitimados-especiais-e-capacidade-postulatoria\"><span id=\"legitimados-especiais-e-capacidade-postulatoria\">Legitimados especiais e capacidade postulat\u00f3ria<\/span><\/h4>\n\n\n\n<p>Al\u00e9m disso, note que j\u00e1 <strong>destacamos em negrito os legitimados especiais <\/strong>(incisos IV, V e IX)<strong>.<\/strong><\/p>\n\n\n\n<p>Outrossim, \u00e9 relevante mencionar que os que est\u00e3o grifados necessitam de advogado para propositura da ADI\/ADC (incisos VIII e IX).&nbsp;<\/p>\n\n\n\n<p>Trata-se de entendimento do STF, que afirma que <strong>os demais (incisos I a VII) possuem capacidade processual plena e disp\u00f5em<\/strong> <strong>de capacidade postulat\u00f3ria<\/strong>, podendo, assim, em sede de ADI, praticar quaisquer atos ordinariamente privativos de advogado.<\/p>\n\n\n\n<p>Ademais, sobre o assunto, \u00e9 importante mencionar que <strong>o STF entende que esse rol \u00e9 TAXATIVO<\/strong>, n\u00e3o comportando amplia\u00e7\u00e3o.&nbsp;<\/p>\n\n\n\n<p>Por esse motivo, por exemplo, entende que <strong>os munic\u00edpios N\u00c3O figuram no rol de entidades legitimadas<\/strong> para a propositura de a\u00e7\u00e3o direta de inconstitucionalidade perante o STF.<\/p>\n\n\n\n<h3 class=\"wp-block-heading has-luminous-vivid-orange-color has-text-color has-link-color wp-elements-b81c03b4bcd9531446a854c5588cb8c7\" id=\"h-eficacia-erga-omnes-e-efeito-vinculante-da-adi-e-adc\"><span id=\"eficacia-erga-omnes-e-efeito-vinculante-da-adi-e-adc\">Efic\u00e1cia <em>erga omnes<\/em> e efeito vinculante da ADI e ADC<\/span><\/h3>\n\n\n\n<p>Em primeiro lugar, vamos colacionar o \u00a7 2\u00ba do artigo 102 da CF\/88:<\/p>\n\n\n\n<blockquote class=\"wp-block-quote is-layout-flow wp-block-quote-is-layout-flow\">\n<p>Art. 102. (&#8230;) \u00a7 2\u00ba As decis\u00f5es definitivas de m\u00e9rito, proferidas pelo Supremo Tribunal Federal, nas a\u00e7\u00f5es diretas de inconstitucionalidade e nas a\u00e7\u00f5es declarat\u00f3rias de constitucionalidade <strong>produzir\u00e3o efic\u00e1cia contra todos e efeito vinculante<\/strong>, relativamente aos demais \u00f3rg\u00e3os do Poder Judici\u00e1rio e \u00e0 administra\u00e7\u00e3o p\u00fablica direta e indireta, nas esferas federal, estadual e municipal.&nbsp;&nbsp;<\/p>\n<\/blockquote>\n\n\n\n<p>No mesmo sentido, vejamos o par\u00e1grafo \u00fanico do artigo 28 da Lei 9.868\/1999:<\/p>\n\n\n\n<blockquote class=\"wp-block-quote is-layout-flow wp-block-quote-is-layout-flow\">\n<p>Art. 28. (&#8230;) Par\u00e1grafo \u00fanico. A declara\u00e7\u00e3o de constitucionalidade ou de inconstitucionalidade, inclusive a interpreta\u00e7\u00e3o conforme a Constitui\u00e7\u00e3o e a declara\u00e7\u00e3o parcial de inconstitucionalidade sem redu\u00e7\u00e3o de texto, t\u00eam <strong>efic\u00e1cia contra todos e efeito vinculante<\/strong> em rela\u00e7\u00e3o aos \u00f3rg\u00e3os do Poder Judici\u00e1rio e \u00e0 Administra\u00e7\u00e3o P\u00fablica federal, estadual e municipal.<\/p>\n<\/blockquote>\n\n\n\n<h4 class=\"wp-block-heading has-luminous-vivid-orange-color has-text-color has-link-color wp-elements-0cd5ffe23287c200a231f380b114342d\" id=\"h-eficacia-erga-omnes-x-eficacia-inter-partes\"><span id=\"eficacia-erga-omnes-x-eficacia-inter-partes\">Efic\u00e1cia <em>erga omnes X <\/em>Efic\u00e1cia <em>inter partes<\/em><\/span><\/h4>\n\n\n\n<p>Portanto, vemos que a declara\u00e7\u00e3o de constitucionalidade ou de inconstitucionalidade <em>(vejam como de fato temos uma natureza d\u00faplice aqui)<\/em> possui efic\u00e1cia contra todos (<strong><em>efic\u00e1cia erga omnes<\/em><\/strong><strong>).<\/strong><\/p>\n\n\n\n<p>Isso nos remete a um assunto que j\u00e1 falamos aqui, qual seja, a diferen\u00e7a entre o controle concentrado e o controle difuso de constitucionalidade.<\/p>\n\n\n\n<p>Com efeito, no <strong>controle concentrado <\/strong>de constitucionalidade temos uma efic\u00e1cia contra todos da decis\u00e3o. Isso ocorre porque o objeto da a\u00e7\u00e3o \u00e9 a lei em tese, e n\u00e3o uma reivindica\u00e7\u00e3o particular do autor da a\u00e7\u00e3o.&nbsp;<\/p>\n\n\n\n<p>Sendo assim, o que for decidido sobre a lei em tese vale para todos de forma geral. Portanto, dizemos que h\u00e1 uma efic\u00e1cia contra todos (<strong><em>erga<\/em><\/strong><em> <\/em><strong><em>omnes<\/em><\/strong>).&nbsp;<\/p>\n\n\n\n<p>Nesse sentido, caso o STF, por exemplo, decida que determinado dispositivo da Lei do Inquilinato (Lei 8.245\/1991) \u00e9 inconstitucional, isso se aplicar\u00e1, via de regra, a todos os contratos de loca\u00e7\u00e3o regidos por aquela Lei.<\/p>\n\n\n\n<p>Al\u00e9m disso, via de regra, o <strong>controle concentrado <\/strong>est\u00e1 associado com o <strong>efeito <\/strong><strong><em>ex nunc<\/em><\/strong><strong>. <\/strong>Dessa forma, o que foi decidido <strong>N\u00c3O retroage <\/strong>para atingir as rela\u00e7\u00f5es jur\u00eddicas estabelecidas anteriormente \u00e0 decis\u00e3o.&nbsp;<\/p>\n\n\n\n<p>Por sua vez, no <strong>controle difuso <\/strong>temos o que se chama de <strong>efic\u00e1cia <\/strong><strong><em>inter partes<\/em><\/strong>, ou seja, a decis\u00e3o de controle de constitucionalidade aplica-se somente aos participantes daquele processo espec\u00edfico.<br><br>Isso porque, como dito, a impugna\u00e7\u00e3o que a parte autora faz em rela\u00e7\u00e3o \u00e0 legisla\u00e7\u00e3o\/ato normativo \u00e9 incidental ao processo.<\/p>\n\n\n\n<p>Ademais, via de regra, o <strong>controle difuso <\/strong>est\u00e1 associado com o <strong>efeito <\/strong><strong><em>ex tunc<\/em><\/strong><strong>. <\/strong>Dessa forma, o que foi decidido <strong>RETROAGE <\/strong>para atingir aquela rela\u00e7\u00e3o jur\u00eddica em rela\u00e7\u00e3o ao qual se est\u00e1 fazendo o controle.<\/p>\n\n\n\n<h4 class=\"wp-block-heading has-luminous-vivid-orange-color has-text-color has-link-color wp-elements-ca948b8eb6d55b4f9f3677301ae187ec\" id=\"h-efeito-vinculante-da-adi-e-adc\"><span id=\"efeito-vinculante-da-adi-e-adc\">Efeito vinculante da ADI e ADC<\/span><\/h4>\n\n\n\n<p>Para mais, podemos extrair do artigo 102, \u00a7 2\u00ba, da CF e do artigo par\u00e1grafo \u00fanico do artigo 28 da Lei 9.868\/1999 que as decis\u00f5es em controle concentrado de constitucionalidade possuem efeito vinculante.<\/p>\n\n\n\n<p><strong>Isso significa dizer que os demais \u00f3rg\u00e3os DEVER\u00c3O adotar o que for decidido.<\/strong><\/p>\n\n\n\n<p>Com efeito, vejam que os dispositivos mencionados afirmam que o efeito vinculante ser\u00e1 relativo aos <em>\u201c<\/em><strong><em>demais \u00f3rg\u00e3os do Poder Judici\u00e1rio<\/em><\/strong><em> e \u00e0 <\/em><strong><em>administra\u00e7\u00e3o p\u00fablica direta e indireta, nas esferas federal, estadual e municipal<\/em><\/strong><em>\u201d<\/em>.&nbsp;&nbsp;<\/p>\n\n\n\n<p>Oportunamente, \u00e9 importante ressaltar alguns entendimentos do pr\u00f3prio STF sobre o assunto:<\/p>\n\n\n\n<ol class=\"wp-block-list\">\n<li>Para o STF, a efic\u00e1cia <em>erga omnes<\/em> e o efeito vinculante <strong>N\u00c3O alcan\u00e7am o legislador<\/strong>, que pode editar nova lei com id\u00eantico conte\u00fado normativo, sem ofender a autoridade daquela decis\u00e3o;<\/li>\n\n\n\n<li>O STF entende que s\u00f3 h\u00e1 <strong>afronta \u00e0 efic\u00e1cia vinculante da <em>ratio decidendi<\/em><\/strong> da decis\u00e3o em controle concentrado nos casos em que o provimento jurisdicional ou administrativo impugnado verse a <strong>mesma quest\u00e3o jur\u00eddica<\/strong>, decidida em sentido contradit\u00f3rio ao teor do aresto invocado como paradigma;<\/li>\n\n\n\n<li>O STF entende que o Plen\u00e1rio do STF n\u00e3o fica vinculado ao que foi decidido, podendo, qualquer dos ministros do Tribunal, conforme o Regimento Interno, propor, ao Pleno, a revis\u00e3o da jurisprud\u00eancia assentada em mat\u00e9ria constitucional.<\/li>\n<\/ol>\n\n\n\n<h3 class=\"wp-block-heading has-luminous-vivid-orange-color has-text-color has-link-color wp-elements-b4725848711552e432546db20622cd15\" id=\"h-efeito-repristinatorio\"><span id=\"efeito-repristinatorio\">Efeito repristinat\u00f3rio<\/span><\/h3>\n\n\n\n<p>Por fim, para falarmos sobre o efeito repristinat\u00f3rio, vamos ver, primeiramente, o que fala o <a href=\"https:\/\/www.planalto.gov.br\/ccivil_03\/decreto-lei\/del4657compilado.htm#:~:text=%C2%A7%203o%20%C2%A0Salvo%20disposi%C3%A7%C3%A3o%20em%20contr%C3%A1rio%2C%20a%20lei%20revogada%20n%C3%A3o%20se%20restaura%20por%20ter%20a%20lei%20revogadora%20perdido%20a%20vig%C3%AAncia.\" target=\"_blank\" >\u00a7 3\u00ba do artigo 2\u00ba da LINDB<\/a>:<\/p>\n\n\n\n<blockquote class=\"wp-block-quote is-layout-flow wp-block-quote-is-layout-flow\">\n<p>LINDB, Art. 2\u00ba. (&#8230;) \u00a7 3\u00ba&nbsp; Salvo disposi\u00e7\u00e3o em contr\u00e1rio, a lei revogada n\u00e3o se restaura por ter a lei revogadora perdido a vig\u00eancia.<\/p>\n<\/blockquote>\n\n\n\n<p>Portanto, vemos que, via de regra, n\u00e3o h\u00e1 efeito repristinat\u00f3rio no ordenamento jur\u00eddico brasileiro, a n\u00e3o ser que haja alguma disposi\u00e7\u00e3o em contr\u00e1rio.<\/p>\n\n\n\n<p>Neste momento, j\u00e1 percebemos que <strong>o efeito repristinat\u00f3rio<\/strong> consiste em retomar a vig\u00eancia de uma legisla\u00e7\u00e3o \u201cA\u201d simplesmente pelo fato de a legisla\u00e7\u00e3o \u201cB\u201d que havia revogado aquela ter deixado de vigorar.<\/p>\n\n\n\n<p>Com efeito, \u00e9 nesse mesmo sentido que o STF decidiu, no julgamento do <a href=\"https:\/\/portal.stf.jus.br\/jurisprudenciaRepercussao\/verAndamentoProcesso.asp?incidente=4353441&amp;numeroProcesso=730462&amp;classeProcesso=RE&amp;numeroTema=733\" target=\"_blank\" >Tema de Repercuss\u00e3o Geral n\u00ba 733<\/a>, firmando a seguinte Tese:<\/p>\n\n\n\n<blockquote class=\"wp-block-quote is-layout-flow wp-block-quote-is-layout-flow\">\n<p>A decis\u00e3o do Supremo Tribunal Federal declarando a constitucionalidade ou a inconstitucionalidade de preceito normativo <strong>N\u00c3O produz a autom\u00e1tica reforma ou rescis\u00e3o das decis\u00f5es anteriores que tenham adotado entendimento diferente<\/strong>. Para que tal ocorra, ser\u00e1 <strong>indispens\u00e1vel a interposi\u00e7\u00e3o de recurso pr\u00f3prio ou, se for o caso, a propositura de a\u00e7\u00e3o rescis\u00f3ria pr\u00f3pria<\/strong>, nos termos do art. 485 do CPC, observado o respectivo prazo decadencial (art. 495). [RE 730.462, rel. min. Teori Zavascki, j. 28-5-2015, P, DJE de 9-9-2015, Tema de Repercuss\u00e3o Geral n\u00ba 733, com m\u00e9rito julgado.]\n<\/blockquote>\n\n\n\n<p>Ademais, o STF tem reafirmado esse posicionamento, sobretudo no julgamento da ADI n\u00ba 3.111, na qual afirmou que:<\/p>\n\n\n\n<blockquote class=\"wp-block-quote is-layout-flow wp-block-quote-is-layout-flow\">\n<p>O efeito repristinat\u00f3rio da declara\u00e7\u00e3o de inconstitucionalidade <strong>N\u00c3O revigora a vig\u00eancia de normas pr\u00e9-constitucionais<\/strong>, n\u00e3o havendo \u00f3bice ao conhecimento de a\u00e7\u00e3o direta que se limita a impugnar parte de cadeia normativa editada ap\u00f3s a CF\/1988 (&#8230;). [<a href=\"https:\/\/redir.stf.jus.br\/paginadorpub\/paginador.jsp?docTP=TP&amp;docID=13308178\" target=\"_blank\" >ADI 3.111<\/a>, rel. min. Alexandre de Moraes, j. 30-6-2017, P, DJE de 8-8-2017.]\n<\/blockquote>\n\n\n\n<h2 class=\"wp-block-heading has-luminous-vivid-orange-color has-text-color has-link-color wp-elements-e5cb6c115932ef9ddf5eccbb4b24b82f\" id=\"h-conclusao\"><span id=\"conclusao\">Conclus\u00e3o<\/span><\/h2>\n\n\n\n<p>Portanto, pessoal, esse foi nosso breve resumo sobre a ADI e a ADC para a DPE-PE (Defensoria P\u00fablica do Estado de Pernambuco).<\/p>\n\n\n\n<p>Por fim, considerando que n\u00e3o esgotamos aqui o tema, n\u00e3o deixe de revisar o assunto em seu material de estudos e praticar com diversas quest\u00f5es sobre o tema.<\/p>\n\n\n\n<p>No mais, desejamos uma excelente prova a todos!!<\/p>\n\n\n\n<p class=\"has-text-align-center\" id=\"h-quer-saber-tudo-sobre-concursos-previstos\"><strong>Quer saber quais ser\u00e3o os pr\u00f3ximos concursos?<\/strong><\/p>\n\n\n\n<p class=\"has-text-align-center\"><strong>Confira nossos artigos!<\/strong><\/p>\n\n\n\n<p class=\"has-text-align-center has-white-color has-pale-cyan-blue-background-color has-text-color has-background\"><a href=\"https:\/\/www.estrategiaconcursos.com.br\/blog\/concursos-abertos\/\" target=\"_blank\" >Confira os concursos p\u00fablicos abertos<\/a><\/p>\n\n\n\n<p class=\"has-text-align-center has-white-color has-pale-cyan-blue-background-color has-text-color has-background\"><a href=\"https:\/\/www.estrategiaconcursos.com.br\/blog\/concursos-2024\/\" target=\"_blank\" >Concursos 2024<\/a><\/p>\n\n\n\n<h3 class=\"wp-block-heading\" id=\"assinatura-de-concursos\">Assinatura de Concursos<\/h3>\n\n\n\n<p>Assinatura de 1 ano ou 2 anos <a href=\"https:\/\/www.estrategiaconcursos.com.br\/assinaturas\/\" target=\"_blank\" >ASSINE AGORA<\/a><\/p>\n\n\n\n<p>Agora, confira as vagas e oportunidades dos&nbsp;<strong>concursos 2024<\/strong>&nbsp;navegando atrav\u00e9s do \u00edndice abaixo:<\/p>\n\n\n\n<h2 class=\"wp-block-heading\" id=\"concursos-e-vagas-previstas-para-2023\"><span id=\"concursos-e-vagas-previstas-para-2024\">Concursos e vagas previstas para 2024:<\/span><\/h2>\n\n\n\n<p>Ademais, al\u00e9m deste resumo sobre ADI e ADC para DPE-PE, confira:<\/p>\n\n\n\n<ul class=\"wp-block-list\">\n<li><a href=\"https:\/\/www.estrategiaconcursos.com.br\/blog\/concursos-2023\/#policial\" target=\"_blank\" >Concursos Policiais<\/a><\/li>\n\n\n\n<li><a href=\"https:\/\/www.estrategiaconcursos.com.br\/blog\/concursos-2023\/#fiscal\" target=\"_blank\" >Concursos Fiscais<\/a><\/li>\n\n\n\n<li><a href=\"https:\/\/www.estrategiaconcursos.com.br\/blog\/concursos-2023\/#controle\" target=\"_blank\" >Concursos Controle<\/a><\/li>\n\n\n\n<li><a href=\"https:\/\/www.estrategiaconcursos.com.br\/blog\/concursos-2023\/#tribunais\" target=\"_blank\" >Concursos Tribunais<\/a><\/li>\n\n\n\n<li><a href=\"https:\/\/www.estrategiaconcursos.com.br\/blog\/concursos-2023\/#ministerios-publicos\" target=\"_blank\" >Concursos em Minist\u00e9rios P\u00fablicos<\/a><\/li>\n\n\n\n<li><a href=\"https:\/\/www.estrategiaconcursos.com.br\/blog\/concursos-2023\/#defensorias-publicas\" target=\"_blank\" >Concursos em Defensorias<\/a><\/li>\n\n\n\n<li><a href=\"https:\/\/www.estrategiaconcursos.com.br\/blog\/concursos-2023\/#legislativa\" target=\"_blank\" >Concursos Legislativos<\/a><\/li>\n\n\n\n<li><a href=\"https:\/\/www.estrategiaconcursos.com.br\/blog\/concursos-2023\/#saude\" target=\"_blank\" >Concursos da \u00e1rea da Sa\u00fade<\/a><\/li>\n\n\n\n<li><a href=\"https:\/\/www.estrategiaconcursos.com.br\/blog\/concursos-2023\/#bancaria\" target=\"_blank\" >Concursos da \u00e1rea banc\u00e1ria<\/a><\/li>\n\n\n\n<li><a href=\"https:\/\/www.estrategiaconcursos.com.br\/blog\/concursos-2023\/#educacao\" target=\"_blank\" >Concursos da \u00e1rea da Educa\u00e7\u00e3o<\/a><\/li>\n\n\n\n<li><a href=\"https:\/\/www.estrategiaconcursos.com.br\/blog\/concursos-2023\/#prefeituras\" target=\"_blank\" >Concursos para Prefeituras<\/a><\/li>\n\n\n\n<li><a href=\"https:\/\/www.estrategiaconcursos.com.br\/blog\/concursos-2023\/#outros\" target=\"_blank\" >Concursos outras oportunidades<\/a><\/li>\n<\/ul>\n\n\n\n<p class=\"has-text-align-center has-luminous-vivid-amber-background-color has-background\" style=\"font-size:22px\"><strong>Veja tamb\u00e9m: <a href=\"https:\/\/www.estrategiaconcursos.com.br\/blog\/concursos-abertos\/\" target=\"_blank\" >Concursos Abertos<\/a><\/strong><\/p>\n\n\n\n<p class=\"has-text-align-left\" style=\"font-size:25px\"><em><strong>Quer saber tudo sobre os concursos previstos? Confira nossos artigos completos:<\/strong><\/em><\/p>\n\n\n\n<p>Ademais, al\u00e9m deste resumo sobre ADI e ADC para DPE-PE, confira:<\/p>\n\n\n\n<ul class=\"wp-block-list\">\n<li><a href=\"https:\/\/www.estrategiaconcursos.com.br\/blog\/concursos-2024\/\" target=\"_blank\" >Concursos 2024<\/a><\/li>\n\n\n\n<li><a href=\"https:\/\/www.estrategiaconcursos.com.br\/blog\/concurso-nacional-unificado\/\" target=\"_blank\" >Concurso Nacional Unificado (CNU)<\/a><\/li>\n<\/ul>\n","protected":false},"excerpt":{"rendered":"Fala, pessoal, tudo certo? Hoje faremos um resumo sobre a ADI e a ADC para a DPE-PE (Defensoria&hellip;\n","protected":false},"author":39,"featured_media":58244,"comment_status":"open","ping_status":"open","sticky":false,"template":"","format":"standard","meta":{"_jetpack_memberships_contains_paid_content":false,"footnotes":""},"categories":[1,27],"tags":[],"tax_estado":[36,46],"class_list":{"0":"post-58243","1":"post","2":"type-post","3":"status-publish","4":"format-standard","5":"has-post-thumbnail","7":"category-carreiras-juridicas","8":"category-defensoria","9":"tax_estado-concursos-federais","10":"tax_estado-pe"},"acf":[],"yoast_head":"<!-- This site is optimized with the Yoast SEO Premium plugin v27.4 (Yoast SEO v27.4) - https:\/\/yoast.com\/product\/yoast-seo-premium-wordpress\/ -->\n<title>ADI e ADC para DPE-PE: resumo completo!<\/title>\n<meta name=\"description\" content=\"Confira este resumo com as principais informa\u00e7\u00f5es sobre a ADI e a ADC para a DPE-PE (Defensoria P\u00fablica do Estado de Pernambuco).\" \/>\n<meta name=\"robots\" content=\"index, follow, max-snippet:-1, max-image-preview:large, max-video-preview:-1\" \/>\n<link rel=\"canonical\" href=\"https:\/\/cj.estrategia.com\/portal\/resumo-adi-adc-dpe-pe\/\" \/>\n<meta property=\"og:locale\" content=\"pt_BR\" \/>\n<meta property=\"og:type\" content=\"article\" \/>\n<meta property=\"og:title\" content=\"ADI e ADC para DPE-PE: resumo completo!\" \/>\n<meta property=\"og:description\" content=\"Confira este resumo com as principais informa\u00e7\u00f5es sobre a ADI e a ADC para a DPE-PE (Defensoria P\u00fablica do Estado de Pernambuco).\" \/>\n<meta property=\"og:url\" content=\"https:\/\/cj.estrategia.com\/portal\/resumo-adi-adc-dpe-pe\/\" \/>\n<meta property=\"og:site_name\" content=\"Blog - Carreiras Jur\u00eddicas - Estrat\u00e9gia\" \/>\n<meta property=\"article:publisher\" content=\"https:\/\/www.facebook.com\/estrategiacarreirajuridica\/\" \/>\n<meta property=\"article:published_time\" content=\"2024-04-24T11:00:00+00:00\" \/>\n<meta property=\"og:image\" content=\"https:\/\/cj.estrategia.com\/portal\/wp-content\/uploads\/2024\/03\/17114141\/grey-marble-column-details-building-scaled.jpg\" \/>\n\t<meta property=\"og:image:width\" content=\"2560\" \/>\n\t<meta property=\"og:image:height\" content=\"1709\" \/>\n\t<meta property=\"og:image:type\" content=\"image\/jpeg\" \/>\n<meta name=\"author\" content=\"Frederico Tadeu Borlot Peixoto\" \/>\n<meta name=\"twitter:card\" content=\"summary_large_image\" \/>\n<meta name=\"twitter:creator\" content=\"@EstratJuridica\" \/>\n<meta name=\"twitter:site\" content=\"@EstratJuridica\" \/>\n<meta name=\"twitter:label1\" content=\"Escrito por\" \/>\n\t<meta name=\"twitter:data1\" content=\"Frederico Tadeu Borlot Peixoto\" \/>\n\t<meta name=\"twitter:label2\" content=\"Est. tempo de leitura\" \/>\n\t<meta name=\"twitter:data2\" content=\"11 minutos\" \/>\n<script type=\"application\/ld+json\" class=\"yoast-schema-graph\">{\"@context\":\"https:\\\/\\\/schema.org\",\"@graph\":[{\"@type\":\"NewsArticle\",\"@id\":\"https:\\\/\\\/cj.estrategia.com\\\/portal\\\/resumo-adi-adc-dpe-pe\\\/#article\",\"isPartOf\":{\"@id\":\"https:\\\/\\\/cj.estrategia.com\\\/portal\\\/resumo-adi-adc-dpe-pe\\\/\"},\"author\":{\"name\":\"Frederico Tadeu Borlot Peixoto\",\"@id\":\"https:\\\/\\\/cj.estrategia.com\\\/portal\\\/#\\\/schema\\\/person\\\/74287401cf4654f4fa04e378de7261ec\"},\"headline\":\"ADI e ADC para DPE-PE: resumo completo!\",\"datePublished\":\"2024-04-24T11:00:00+00:00\",\"mainEntityOfPage\":{\"@id\":\"https:\\\/\\\/cj.estrategia.com\\\/portal\\\/resumo-adi-adc-dpe-pe\\\/\"},\"wordCount\":2705,\"commentCount\":0,\"publisher\":{\"@id\":\"https:\\\/\\\/cj.estrategia.com\\\/portal\\\/#organization\"},\"image\":{\"@id\":\"https:\\\/\\\/cj.estrategia.com\\\/portal\\\/resumo-adi-adc-dpe-pe\\\/#primaryimage\"},\"thumbnailUrl\":\"https:\\\/\\\/cj.estrategia.com\\\/portal\\\/wp-content\\\/uploads\\\/2024\\\/03\\\/17114141\\\/grey-marble-column-details-building-scaled.jpg\",\"articleSection\":[\"Carreiras Jur\u00eddicas\",\"Defensoria\"],\"inLanguage\":\"pt-BR\",\"potentialAction\":[{\"@type\":\"CommentAction\",\"name\":\"Comment\",\"target\":[\"https:\\\/\\\/cj.estrategia.com\\\/portal\\\/resumo-adi-adc-dpe-pe\\\/#respond\"]}]},{\"@type\":\"WebPage\",\"@id\":\"https:\\\/\\\/cj.estrategia.com\\\/portal\\\/resumo-adi-adc-dpe-pe\\\/\",\"url\":\"https:\\\/\\\/cj.estrategia.com\\\/portal\\\/resumo-adi-adc-dpe-pe\\\/\",\"name\":\"ADI e ADC para DPE-PE: resumo completo!\",\"isPartOf\":{\"@id\":\"https:\\\/\\\/cj.estrategia.com\\\/portal\\\/#website\"},\"primaryImageOfPage\":{\"@id\":\"https:\\\/\\\/cj.estrategia.com\\\/portal\\\/resumo-adi-adc-dpe-pe\\\/#primaryimage\"},\"image\":{\"@id\":\"https:\\\/\\\/cj.estrategia.com\\\/portal\\\/resumo-adi-adc-dpe-pe\\\/#primaryimage\"},\"thumbnailUrl\":\"https:\\\/\\\/cj.estrategia.com\\\/portal\\\/wp-content\\\/uploads\\\/2024\\\/03\\\/17114141\\\/grey-marble-column-details-building-scaled.jpg\",\"datePublished\":\"2024-04-24T11:00:00+00:00\",\"description\":\"Confira este resumo com as principais informa\u00e7\u00f5es sobre a ADI e a ADC para a DPE-PE (Defensoria P\u00fablica do Estado de Pernambuco).\",\"breadcrumb\":{\"@id\":\"https:\\\/\\\/cj.estrategia.com\\\/portal\\\/resumo-adi-adc-dpe-pe\\\/#breadcrumb\"},\"inLanguage\":\"pt-BR\",\"potentialAction\":[{\"@type\":\"ReadAction\",\"target\":[\"https:\\\/\\\/cj.estrategia.com\\\/portal\\\/resumo-adi-adc-dpe-pe\\\/\"]}]},{\"@type\":\"ImageObject\",\"inLanguage\":\"pt-BR\",\"@id\":\"https:\\\/\\\/cj.estrategia.com\\\/portal\\\/resumo-adi-adc-dpe-pe\\\/#primaryimage\",\"url\":\"https:\\\/\\\/cj.estrategia.com\\\/portal\\\/wp-content\\\/uploads\\\/2024\\\/03\\\/17114141\\\/grey-marble-column-details-building-scaled.jpg\",\"contentUrl\":\"https:\\\/\\\/cj.estrategia.com\\\/portal\\\/wp-content\\\/uploads\\\/2024\\\/03\\\/17114141\\\/grey-marble-column-details-building-scaled.jpg\",\"width\":2560,\"height\":1709,\"caption\":\"Resumo sobre ADI e ADC para DPE-PE\"},{\"@type\":\"BreadcrumbList\",\"@id\":\"https:\\\/\\\/cj.estrategia.com\\\/portal\\\/resumo-adi-adc-dpe-pe\\\/#breadcrumb\",\"itemListElement\":[{\"@type\":\"ListItem\",\"position\":1,\"name\":\"In\u00edcio\",\"item\":\"https:\\\/\\\/cj.estrategia.com\\\/portal\\\/\"},{\"@type\":\"ListItem\",\"position\":2,\"name\":\"ADI e ADC para DPE-PE: resumo completo!\"}]},{\"@type\":\"WebSite\",\"@id\":\"https:\\\/\\\/cj.estrategia.com\\\/portal\\\/#website\",\"url\":\"https:\\\/\\\/cj.estrategia.com\\\/portal\\\/\",\"name\":\"Blog - Carreiras Jur\u00eddicas - Estrat\u00e9gia\",\"description\":\"\",\"publisher\":{\"@id\":\"https:\\\/\\\/cj.estrategia.com\\\/portal\\\/#organization\"},\"potentialAction\":[{\"@type\":\"SearchAction\",\"target\":{\"@type\":\"EntryPoint\",\"urlTemplate\":\"https:\\\/\\\/cj.estrategia.com\\\/portal\\\/?s={search_term_string}\"},\"query-input\":{\"@type\":\"PropertyValueSpecification\",\"valueRequired\":true,\"valueName\":\"search_term_string\"}}],\"inLanguage\":\"pt-BR\"},{\"@type\":\"Organization\",\"@id\":\"https:\\\/\\\/cj.estrategia.com\\\/portal\\\/#organization\",\"name\":\"Estrat\u00e9gia - Carreiras Jur\u00eddicas\",\"url\":\"https:\\\/\\\/cj.estrategia.com\\\/portal\\\/\",\"logo\":{\"@type\":\"ImageObject\",\"inLanguage\":\"pt-BR\",\"@id\":\"https:\\\/\\\/cj.estrategia.com\\\/portal\\\/#\\\/schema\\\/logo\\\/image\\\/\",\"url\":\"https:\\\/\\\/cj.estrategia.com\\\/portal\\\/wp-content\\\/uploads\\\/2022\\\/03\\\/11151052\\\/cj-logo.png\",\"contentUrl\":\"https:\\\/\\\/cj.estrategia.com\\\/portal\\\/wp-content\\\/uploads\\\/2022\\\/03\\\/11151052\\\/cj-logo.png\",\"width\":150,\"height\":39,\"caption\":\"Estrat\u00e9gia - Carreiras Jur\u00eddicas\"},\"image\":{\"@id\":\"https:\\\/\\\/cj.estrategia.com\\\/portal\\\/#\\\/schema\\\/logo\\\/image\\\/\"},\"sameAs\":[\"https:\\\/\\\/www.facebook.com\\\/estrategiacarreirajuridica\\\/\",\"https:\\\/\\\/x.com\\\/EstratJuridica\",\"https:\\\/\\\/www.instagram.com\\\/estrategiacarreirajuridica\\\/\",\"https:\\\/\\\/www.youtube.com\\\/channel\\\/UClbMGuYbj2Mh1m3w144ETWQ\"]},{\"@type\":\"Person\",\"@id\":\"https:\\\/\\\/cj.estrategia.com\\\/portal\\\/#\\\/schema\\\/person\\\/74287401cf4654f4fa04e378de7261ec\",\"name\":\"Frederico Tadeu Borlot Peixoto\",\"image\":{\"@type\":\"ImageObject\",\"inLanguage\":\"pt-BR\",\"@id\":\"https:\\\/\\\/cj.estrategia.com\\\/portal\\\/wp-content\\\/uploads\\\/2023\\\/06\\\/29094204\\\/GBAY0702-96x96.jpg\",\"url\":\"https:\\\/\\\/cj.estrategia.com\\\/portal\\\/wp-content\\\/uploads\\\/2023\\\/06\\\/29094204\\\/GBAY0702-96x96.jpg\",\"contentUrl\":\"https:\\\/\\\/cj.estrategia.com\\\/portal\\\/wp-content\\\/uploads\\\/2023\\\/06\\\/29094204\\\/GBAY0702-96x96.jpg\",\"caption\":\"Frederico Tadeu Borlot Peixoto\"},\"description\":\"Analista Judici\u00e1rio - \u00c1rea Judici\u00e1ria do TRF da 4\u00aa regi\u00e3o. Bacharel em Direito. P\u00f3s-graduado em Direito Administrativo, Legisla\u00e7\u00e3o Penal Especial, Direito Penal e Direito Processual Penal. Tamb\u00e9m nomeado no TRF da 3\u00aa regi\u00e3o (8\u00ba lugar); SPPREV (3\u00ba lugar); IFES (2\u00ba lugar); e PMES. https:\\\/\\\/www.instagram.com\\\/proffrederico\\\/\",\"sameAs\":[\"https:\\\/\\\/www.instagram.com\\\/proffrederico\\\/\"],\"url\":\"https:\\\/\\\/cj.estrategia.com\\\/portal\\\/author\\\/xfrederico\\\/\"}]}<\/script>\n<!-- \/ Yoast SEO Premium plugin. -->","yoast_head_json":{"title":"ADI e ADC para DPE-PE: resumo completo!","description":"Confira este resumo com as principais informa\u00e7\u00f5es sobre a ADI e a ADC para a DPE-PE (Defensoria P\u00fablica do Estado de Pernambuco).","robots":{"index":"index","follow":"follow","max-snippet":"max-snippet:-1","max-image-preview":"max-image-preview:large","max-video-preview":"max-video-preview:-1"},"canonical":"https:\/\/cj.estrategia.com\/portal\/resumo-adi-adc-dpe-pe\/","og_locale":"pt_BR","og_type":"article","og_title":"ADI e ADC para DPE-PE: resumo completo!","og_description":"Confira este resumo com as principais informa\u00e7\u00f5es sobre a ADI e a ADC para a DPE-PE (Defensoria P\u00fablica do Estado de Pernambuco).","og_url":"https:\/\/cj.estrategia.com\/portal\/resumo-adi-adc-dpe-pe\/","og_site_name":"Blog - Carreiras Jur\u00eddicas - Estrat\u00e9gia","article_publisher":"https:\/\/www.facebook.com\/estrategiacarreirajuridica\/","article_published_time":"2024-04-24T11:00:00+00:00","og_image":[{"width":2560,"height":1709,"url":"https:\/\/cj.estrategia.com\/portal\/wp-content\/uploads\/2024\/03\/17114141\/grey-marble-column-details-building-scaled.jpg","type":"image\/jpeg"}],"author":"Frederico Tadeu Borlot Peixoto","twitter_card":"summary_large_image","twitter_creator":"@EstratJuridica","twitter_site":"@EstratJuridica","twitter_misc":{"Escrito por":"Frederico Tadeu Borlot Peixoto","Est. tempo de leitura":"11 minutos"},"schema":{"@context":"https:\/\/schema.org","@graph":[{"@type":"NewsArticle","@id":"https:\/\/cj.estrategia.com\/portal\/resumo-adi-adc-dpe-pe\/#article","isPartOf":{"@id":"https:\/\/cj.estrategia.com\/portal\/resumo-adi-adc-dpe-pe\/"},"author":{"name":"Frederico Tadeu Borlot Peixoto","@id":"https:\/\/cj.estrategia.com\/portal\/#\/schema\/person\/74287401cf4654f4fa04e378de7261ec"},"headline":"ADI e ADC para DPE-PE: resumo completo!","datePublished":"2024-04-24T11:00:00+00:00","mainEntityOfPage":{"@id":"https:\/\/cj.estrategia.com\/portal\/resumo-adi-adc-dpe-pe\/"},"wordCount":2705,"commentCount":0,"publisher":{"@id":"https:\/\/cj.estrategia.com\/portal\/#organization"},"image":{"@id":"https:\/\/cj.estrategia.com\/portal\/resumo-adi-adc-dpe-pe\/#primaryimage"},"thumbnailUrl":"https:\/\/cj.estrategia.com\/portal\/wp-content\/uploads\/2024\/03\/17114141\/grey-marble-column-details-building-scaled.jpg","articleSection":["Carreiras Jur\u00eddicas","Defensoria"],"inLanguage":"pt-BR","potentialAction":[{"@type":"CommentAction","name":"Comment","target":["https:\/\/cj.estrategia.com\/portal\/resumo-adi-adc-dpe-pe\/#respond"]}]},{"@type":"WebPage","@id":"https:\/\/cj.estrategia.com\/portal\/resumo-adi-adc-dpe-pe\/","url":"https:\/\/cj.estrategia.com\/portal\/resumo-adi-adc-dpe-pe\/","name":"ADI e ADC para DPE-PE: resumo completo!","isPartOf":{"@id":"https:\/\/cj.estrategia.com\/portal\/#website"},"primaryImageOfPage":{"@id":"https:\/\/cj.estrategia.com\/portal\/resumo-adi-adc-dpe-pe\/#primaryimage"},"image":{"@id":"https:\/\/cj.estrategia.com\/portal\/resumo-adi-adc-dpe-pe\/#primaryimage"},"thumbnailUrl":"https:\/\/cj.estrategia.com\/portal\/wp-content\/uploads\/2024\/03\/17114141\/grey-marble-column-details-building-scaled.jpg","datePublished":"2024-04-24T11:00:00+00:00","description":"Confira este resumo com as principais informa\u00e7\u00f5es sobre a ADI e a ADC para a DPE-PE (Defensoria P\u00fablica do Estado de Pernambuco).","breadcrumb":{"@id":"https:\/\/cj.estrategia.com\/portal\/resumo-adi-adc-dpe-pe\/#breadcrumb"},"inLanguage":"pt-BR","potentialAction":[{"@type":"ReadAction","target":["https:\/\/cj.estrategia.com\/portal\/resumo-adi-adc-dpe-pe\/"]}]},{"@type":"ImageObject","inLanguage":"pt-BR","@id":"https:\/\/cj.estrategia.com\/portal\/resumo-adi-adc-dpe-pe\/#primaryimage","url":"https:\/\/cj.estrategia.com\/portal\/wp-content\/uploads\/2024\/03\/17114141\/grey-marble-column-details-building-scaled.jpg","contentUrl":"https:\/\/cj.estrategia.com\/portal\/wp-content\/uploads\/2024\/03\/17114141\/grey-marble-column-details-building-scaled.jpg","width":2560,"height":1709,"caption":"Resumo sobre ADI e ADC para DPE-PE"},{"@type":"BreadcrumbList","@id":"https:\/\/cj.estrategia.com\/portal\/resumo-adi-adc-dpe-pe\/#breadcrumb","itemListElement":[{"@type":"ListItem","position":1,"name":"In\u00edcio","item":"https:\/\/cj.estrategia.com\/portal\/"},{"@type":"ListItem","position":2,"name":"ADI e ADC para DPE-PE: resumo completo!"}]},{"@type":"WebSite","@id":"https:\/\/cj.estrategia.com\/portal\/#website","url":"https:\/\/cj.estrategia.com\/portal\/","name":"Blog - Carreiras Jur\u00eddicas - Estrat\u00e9gia","description":"","publisher":{"@id":"https:\/\/cj.estrategia.com\/portal\/#organization"},"potentialAction":[{"@type":"SearchAction","target":{"@type":"EntryPoint","urlTemplate":"https:\/\/cj.estrategia.com\/portal\/?s={search_term_string}"},"query-input":{"@type":"PropertyValueSpecification","valueRequired":true,"valueName":"search_term_string"}}],"inLanguage":"pt-BR"},{"@type":"Organization","@id":"https:\/\/cj.estrategia.com\/portal\/#organization","name":"Estrat\u00e9gia - Carreiras Jur\u00eddicas","url":"https:\/\/cj.estrategia.com\/portal\/","logo":{"@type":"ImageObject","inLanguage":"pt-BR","@id":"https:\/\/cj.estrategia.com\/portal\/#\/schema\/logo\/image\/","url":"https:\/\/cj.estrategia.com\/portal\/wp-content\/uploads\/2022\/03\/11151052\/cj-logo.png","contentUrl":"https:\/\/cj.estrategia.com\/portal\/wp-content\/uploads\/2022\/03\/11151052\/cj-logo.png","width":150,"height":39,"caption":"Estrat\u00e9gia - Carreiras Jur\u00eddicas"},"image":{"@id":"https:\/\/cj.estrategia.com\/portal\/#\/schema\/logo\/image\/"},"sameAs":["https:\/\/www.facebook.com\/estrategiacarreirajuridica\/","https:\/\/x.com\/EstratJuridica","https:\/\/www.instagram.com\/estrategiacarreirajuridica\/","https:\/\/www.youtube.com\/channel\/UClbMGuYbj2Mh1m3w144ETWQ"]},{"@type":"Person","@id":"https:\/\/cj.estrategia.com\/portal\/#\/schema\/person\/74287401cf4654f4fa04e378de7261ec","name":"Frederico Tadeu Borlot Peixoto","image":{"@type":"ImageObject","inLanguage":"pt-BR","@id":"https:\/\/cj.estrategia.com\/portal\/wp-content\/uploads\/2023\/06\/29094204\/GBAY0702-96x96.jpg","url":"https:\/\/cj.estrategia.com\/portal\/wp-content\/uploads\/2023\/06\/29094204\/GBAY0702-96x96.jpg","contentUrl":"https:\/\/cj.estrategia.com\/portal\/wp-content\/uploads\/2023\/06\/29094204\/GBAY0702-96x96.jpg","caption":"Frederico Tadeu Borlot Peixoto"},"description":"Analista Judici\u00e1rio - \u00c1rea Judici\u00e1ria do TRF da 4\u00aa regi\u00e3o. Bacharel em Direito. P\u00f3s-graduado em Direito Administrativo, Legisla\u00e7\u00e3o Penal Especial, Direito Penal e Direito Processual Penal. Tamb\u00e9m nomeado no TRF da 3\u00aa regi\u00e3o (8\u00ba lugar); SPPREV (3\u00ba lugar); IFES (2\u00ba lugar); e PMES. https:\/\/www.instagram.com\/proffrederico\/","sameAs":["https:\/\/www.instagram.com\/proffrederico\/"],"url":"https:\/\/cj.estrategia.com\/portal\/author\/xfrederico\/"}]}},"jetpack_featured_media_url":"https:\/\/cj.estrategia.com\/portal\/wp-content\/uploads\/2024\/03\/17114141\/grey-marble-column-details-building-scaled.jpg","jetpack_sharing_enabled":true,"_links":{"self":[{"href":"https:\/\/cj.estrategia.com\/portal\/wp-json\/wp\/v2\/posts\/58243","targetHints":{"allow":["GET"]}}],"collection":[{"href":"https:\/\/cj.estrategia.com\/portal\/wp-json\/wp\/v2\/posts"}],"about":[{"href":"https:\/\/cj.estrategia.com\/portal\/wp-json\/wp\/v2\/types\/post"}],"author":[{"embeddable":true,"href":"https:\/\/cj.estrategia.com\/portal\/wp-json\/wp\/v2\/users\/39"}],"replies":[{"embeddable":true,"href":"https:\/\/cj.estrategia.com\/portal\/wp-json\/wp\/v2\/comments?post=58243"}],"version-history":[{"count":2,"href":"https:\/\/cj.estrategia.com\/portal\/wp-json\/wp\/v2\/posts\/58243\/revisions"}],"predecessor-version":[{"id":58246,"href":"https:\/\/cj.estrategia.com\/portal\/wp-json\/wp\/v2\/posts\/58243\/revisions\/58246"}],"wp:featuredmedia":[{"embeddable":true,"href":"https:\/\/cj.estrategia.com\/portal\/wp-json\/wp\/v2\/media\/58244"}],"wp:attachment":[{"href":"https:\/\/cj.estrategia.com\/portal\/wp-json\/wp\/v2\/media?parent=58243"}],"wp:term":[{"taxonomy":"category","embeddable":true,"href":"https:\/\/cj.estrategia.com\/portal\/wp-json\/wp\/v2\/categories?post=58243"},{"taxonomy":"post_tag","embeddable":true,"href":"https:\/\/cj.estrategia.com\/portal\/wp-json\/wp\/v2\/tags?post=58243"},{"taxonomy":"tax_estado","embeddable":true,"href":"https:\/\/cj.estrategia.com\/portal\/wp-json\/wp\/v2\/tax_estado?post=58243"}],"curies":[{"name":"wp","href":"https:\/\/api.w.org\/{rel}","templated":true}]}}