{"id":57955,"date":"2024-03-12T18:23:55","date_gmt":"2024-03-12T21:23:55","guid":{"rendered":"https:\/\/cj.estrategia.com\/portal\/?p=57955"},"modified":"2024-03-12T18:23:59","modified_gmt":"2024-03-12T21:23:59","slug":"prova-comentada-direito-empresarial-mp-rj-promotor","status":"publish","type":"post","link":"https:\/\/cj.estrategia.com\/portal\/prova-comentada-direito-empresarial-mp-rj-promotor\/","title":{"rendered":"Prova comentada Direito Empresarial MP RJ promotor"},"content":{"rendered":"<a id=\"cta-icon\" href=\"https:\/\/sndflw.com\/i\/promotorias-grupo\" target=\"blank\" style=\"background:rgb(83,193,88)\">\n            <img decoding=\"async\" src=\"https:\/\/cj.estrategia.com\/portal\/wp-content\/uploads\/2023\/12\/07160657\/whatsapp_1385.webp\" alt=\"\" alt=\"whatsapp_1385\"><span > Acesse agora o Grupo de Estudos para Concurso de Promotorias <\/span><\/a>\n\n\n\n<p>Ol\u00e1, pessoal, tudo certo?!<\/p>\n\n\n\n<p>Em 10\/03\/2024, foi aplicada a prova objetiva do concurso p\u00fablico para o <strong>Minist\u00e9rio P\u00fablico do estado do Rio de Janeiro<\/strong>. Assim que divulgados o caderno de provas e o gabarito preliminar oficial, nosso time de professores analisou cada uma das quest\u00f5es que agora ser\u00e3o apresentadas em nossa <strong>PROVA COMENTADA<\/strong>.<\/p>\n\n\n\n<p>Este material visa a auxili\u00e1-los na aferi\u00e7\u00e3o das notas, elabora\u00e7\u00e3o de eventuais recursos, verifica\u00e7\u00e3o das chances de avan\u00e7o para fase discursiva, bem como na revis\u00e3o do conte\u00fado cobrado no certame.<\/p>\n\n\n\n<p>Desde j\u00e1, destacamos que nosso time de professores identificou 1 quest\u00e3o pass\u00edvel de recurso e\/ou que deve ser anulada, por apresentarem duas ou nenhuma alternativa correta, como veremos adiante. No tipo de prova comentado, trata-se da quest\u00e3o 9.<\/p>\n\n\n\n<p>De modo complementar, elaboramos tamb\u00e9m o <a href=\"https:\/\/cj.estrategia.com\/cadernos-e-simulados\/simulados\/0c9022e1-2c46-41ef-aee6-1dff1e63b5dc\"><strong>RANKING do MP-RJ<\/strong>,<\/a> em que nossos alunos e seguidores poder\u00e3o inserir suas respostas \u00e0 prova, e, ao final, aferir sua nota, de acordo com o gabarito elaborado por nossos professores. Atrav\u00e9s do ranking, tamb\u00e9m poderemos estimar a nota de corte da 1\u00ba fase. Essa ferramenta \u00e9 gratuita e, para participar, basta clicar no link abaixo:<\/p>\n\n\n\n<p>Al\u00e9m disso, montamos um caderno para nossos seguidores, alunos ou n\u00e3o, verem os coment\u00e1rios e comentar as quest\u00f5es da prova: confira <a href=\"https:\/\/cj.estrategia.com\/cadernos-e-simulados\/cadernos\/495fdce4-e269-4330-8b4a-8d5459489226\">AQUI!<\/a><\/p>\n\n\n\n<p>Por fim, comentaremos a prova, as quest\u00f5es mais pol\u00eamicas, as possibilidades de recurso, bem como a estimativa da nota de corte no <strong>TERM\u00d4METRO P\u00d3S-PROVA<\/strong>, no nosso canal do Youtube. Inscreva-se e ative as notifica\u00e7\u00f5es! <a href=\"https:\/\/www.youtube.com\/@EstrategiaCarreiraJuridica\"><strong>Estrat\u00e9gia Carreira Jur\u00eddica &#8211; YouTube<\/strong><\/a><\/p>\n\n\n\n<p class=\"has-text-align-center has-pale-ocean-gradient-background has-background\"><strong>Confira <a href=\"https:\/\/cj.estrategia.com\/portal\/provas-comentadas-mp-rj-promotor\/\">AQUI<\/a> os coment\u00e1rios de todas as disciplinas deste certame!<\/strong><\/p>\n\n\n\n<h2 class=\"wp-block-heading has-vivid-red-color has-text-color has-link-color wp-elements-c5a1db5696e6d3ef58427638ecbecdf8\" id=\"h-prova-comentada-direito-empresarial\"><span id=\"prova-comentada-direito-empresarial\">Prova Comentada Direito Empresarial<\/span><\/h2>\n\n\n\n<p><strong>QUEST\u00c3O 43. Acerca da interven\u00e7\u00e3o do Minist\u00e9rio P\u00fablico na recupera\u00e7\u00e3o judicial, \u00e9 correto afirmar que<\/strong><\/p>\n\n\n\n<p><strong>a) a interven\u00e7\u00e3o do Minist\u00e9rio P\u00fablico \u00e9 obrigat\u00f3ria em a\u00e7\u00f5es relevantes, levando-se em considera\u00e7\u00e3o o interesse p\u00fablico.<\/strong><\/p>\n\n\n\n<p><strong>b) o Minist\u00e9rio P\u00fablico pode intervir nos processos de recupera\u00e7\u00e3o judicial quando a lei expressamente o autorizar, especificamente, a praticar o ato pretendido<\/strong><\/p>\n\n\n\n<p><strong>c) a Lei de Fal\u00eancia e Recupera\u00e7\u00e3o de Empresas exige a atua\u00e7\u00e3o obrigat\u00f3ria do Minist\u00e9rio P\u00fablico em todas as a\u00e7\u00f5es em que empresas em recupera\u00e7\u00e3o judicial<\/strong><strong><br><\/strong><strong> figurem como parte.<\/strong><\/p>\n\n\n\n<p><strong>d) ao Minist\u00e9rio P\u00fablico \u00e9 obrigat\u00f3rio atuar em todas as fases do processo de recupera\u00e7\u00e3o judicial, ressalvada a legitimidade recursal, por se tratar de direitos patrimoniais das partes envolvidas.<\/strong><\/p>\n\n\n\n<p><strong>e) na recupera\u00e7\u00e3o judicial, ao Minist\u00e9rio P\u00fablico \u00e9 franqueada a possibilidade de requerer o que entender de direito.<\/strong><\/p>\n\n\n\n<p><strong>Coment\u00e1rios<\/strong><\/p>\n\n\n\n<p>A alternativa correta \u00e9 a <strong>letra E<\/strong>.<\/p>\n\n\n\n<p>A alternativa E est\u00e1 correta. A atua\u00e7\u00e3o do Minist\u00e9rio P\u00fablico \u00e9 obrigat\u00f3ria em todas as fases do processo de recupera\u00e7\u00e3o judicial, sendo que o texto normativo que resultou na atual Lei de Fal\u00eancia e Recupera\u00e7\u00e3o de Empresas saiu do Congresso Nacional com uma roupagem que exigia do Minist\u00e9rio P\u00fablico atua\u00e7\u00e3o em todas as fases dos processos de recupera\u00e7\u00e3o judicial e de fal\u00eancia. Essas amplas e gen\u00e9ricas hip\u00f3teses de interven\u00e7\u00e3o originalmente previstas foram restringidas pela Presid\u00eancia da Rep\u00fablica, mas nem por isso reduziu-se a import\u00e2ncia do papel da institui\u00e7\u00e3o na tramita\u00e7\u00e3o dessas a\u00e7\u00f5es, haja vista ter-se franqueado ao MP a possibilidade de &#8220;requerer o que entender de direito (REsp 1884860\/RJ, Rel. Ministra NANCY ANDRIGHI, TERCEIRA TURMA, julgado em 20\/10\/2020, DJe 29\/10\/2020).<\/p>\n\n\n\n<p>As demais alternativas est\u00e3o incorretas, conforme o coment\u00e1rio da alternativa E.<\/p>\n\n\n\n<p><strong>QUEST\u00c3O 44. Acerca da aliena\u00e7\u00e3o fiduci\u00e1ria de coisa im\u00f3vel, o regime jur\u00eddico especial \u00e9 formado por um conjunto de normas extravagantes, dentre as quais a Lei n\u00b0 9.514\/97, que &#8220;Disp\u00f5e sobre o Sistema de Financiamento Imobili\u00e1rio, institui a aliena\u00e7\u00e3o fiduci\u00e1ria de coisa im\u00f3vel e d\u00e1 outras provid\u00eancias&#8221;. Diante disso, \u00e9 correto afirmar<\/strong><\/p>\n\n\n\n<p><strong>a) a aliena\u00e7\u00e3o fiduci\u00e1ria de coisa im\u00f3vel \u00e9 neg\u00f3cio juri-dico que poder\u00e1 ser contratada por pessoa f\u00edsica ou jur\u00eddica, sendo privativa das entidades que operam no Sistema de Financiamento Imobili\u00e1rio (SFI).<\/strong><\/p>\n\n\n\n<p><strong>b) o registro, no competente Registro de Im\u00f3veis, do contrato que lhe serve de t\u00edtulo, tem natureza constitutiva, sem o qual a propriedade fiduci\u00e1ria e a garantia dela decorrente n\u00e3o se perfazem.<\/strong><\/p>\n\n\n\n<p><strong>c) com a constitui\u00e7\u00e3o da propriedade fiduci\u00e1ria a partir do registro, no competente Registro de Im\u00f3veis, a obriga\u00e7\u00e3o de arcar com o custo do pagamento do Imposto sobre a Propriedade Predial e Territorial Urbana (IPTU) caber\u00e1 ao fiduci\u00e1rio.<\/strong><\/p>\n\n\n\n<p><strong>d) \u00e9 necess\u00e1rio o registro, no competente Registro de Im\u00f3veis, para a constitui\u00e7\u00e3o da propriedade fiduci\u00e1ria de coisa im\u00f3vel, tomando-se o fiduciante possuidor indireto, e o fiduci\u00e1rio, possuidor direto da coisa im\u00f3vel.<\/strong><\/p>\n\n\n\n<p><strong>e) o registro se imp\u00f5e como requisito para fins de publicidade, sendo, portanto, desnecess\u00e1rio o registro do contrato de aliena\u00e7\u00e3o fiduci\u00e1ria de coisa im\u00f3vel para que sejam constitu\u00eddas a propriedade fiduci\u00e1ria e a respectiva garantia.<\/strong><\/p>\n\n\n\n<p><strong>Coment\u00e1rios<\/strong><\/p>\n\n\n\n<p>A alternativa correta \u00e9 a <strong>letra B<\/strong>.<\/p>\n\n\n\n<p>A alternativa B est\u00e1 correta, nos termos do art. 23 da Lei 9.514\/97, a saber:&nbsp; Constitui-se a propriedade fiduci\u00e1ria de coisa im\u00f3vel mediante registro, no competente Registro de Im\u00f3veis, do contrato que lhe serve de t\u00edtulo.<\/p>\n\n\n\n<p>Ainda, cumpre esclarecer que aliena\u00e7\u00e3o fiduci\u00e1ria poder\u00e1 ser contratada por pessoa f\u00edsica ou jur\u00eddica, n\u00e3o sendo privativa das entidades que operam no SFI, podendo ter como objeto, al\u00e9m da propriedade plena, conforme o art. 22, \u00a71\u00ba.<\/p>\n\n\n\n<p>As demais alternativas est\u00e3o incorretas, de acordo com o comet\u00e1rio da alternativa B.<\/p>\n\n\n\n<p><strong>QUEST\u00c3O 45. Uma vez decretada a fal\u00eancia da sociedade empres\u00e1ria<\/strong><strong><br><\/strong><strong> limitada, \u00e9 correto afirmar que<\/strong><\/p>\n\n\n\n<p><strong>a) na classifica\u00e7\u00e3o dos cr\u00e9ditos na fal\u00eancia, os cr\u00e9ditos e multas tribut\u00e1rias t\u00eam \u00e0 sua frente os cr\u00e9ditos derivados da legisla\u00e7\u00e3o trabalhista, limitados a 150 (cento e cinquenta) sal\u00e1rios-m\u00ednimos por credor, e aqueles decorrentes de acidente do trabalho e os cr\u00e9ditos gravados com direito real de garantia, at\u00e9 o limite do bem gravado.<\/strong><\/p>\n\n\n\n<p><strong>b) implica a extin\u00e7\u00e3o da personalidade jur\u00eddica da sociedade empres\u00e1ria falida, operando a extens\u00e3o da fal\u00eancia ou de seus efeitos, no todo ou em parte, aos s\u00f3cios de responsabilidade limitada, aos controladores e aos administradores da sociedade falida.<\/strong><\/p>\n\n\n\n<p><strong>c) a massa falida, que det\u00e9m personalidade jur\u00eddica e judici\u00e1ria, sucede a empresa em todos os seus direitos e obriga\u00e7\u00f5es.<\/strong><\/p>\n\n\n\n<p><strong>d) a mera decreta\u00e7\u00e3o da quebra n\u00e3o implica a extin\u00e7\u00e3o da personalidade jur\u00eddica da sociedade empres\u00e1ria, sendo admitida a desconsidera\u00e7\u00e3o da personalidade jur\u00eddica da sociedade falida, com a observ\u00e2ncia do art. 50 do C\u00f3digo Civil.<\/strong><\/p>\n\n\n\n<p><strong>e) implica a desconsidera\u00e7\u00e3o da personalidade jur\u00eddica da sociedade falida, que ser\u00e1 decretada pelo ju\u00edzo falimentar, acarretando a fal\u00eancia dos s\u00f3cios, que ficam sujeitos aos mesmos efeitos jur\u00eddicos produzidos em rela\u00e7\u00e3o \u00e0 sociedade falida.<\/strong><\/p>\n\n\n\n<p><strong>Coment\u00e1rios<\/strong><\/p>\n\n\n\n<p>A alternativa correta \u00e9 a <strong>letra D<\/strong>.<\/p>\n\n\n\n<p>A alternativa D est\u00e1 correta, encontrando seu fundamento no art. 82-A da Lei 11.101\/2005, em que prev\u00ea o seguinte: &#8221; \u00c9 vedada a extens\u00e3o da fal\u00eancia ou de seus efeitos, no todo ou em parte, aos s\u00f3cios de responsabilidade limitada, aos controladores e aos administradores da sociedade falida, admitida, contudo, a desconsidera\u00e7\u00e3o da personalidade jur\u00eddica. &nbsp; &nbsp; <a href=\"https:\/\/www.planalto.gov.br\/ccivil_03\/_Ato2019-2022\/2020\/Lei\/L14112.htm#art2\">(Inclu\u00eddo pela Lei n\u00ba 14.112, de 2020)<\/a>\u201d.<\/p>\n\n\n\n<p>Ainda, cumpre esclarecer que, na forma dos precedentes deste Superior Tribunal de Justi\u00e7a, &#8220;a mera decreta\u00e7\u00e3o da quebra n\u00e3o implica extin\u00e7\u00e3o da personalidade jur\u00eddica do estabelecimento empresarial. Ademais, a massa falida tem exclusivamente personalidade judici\u00e1ria, sucedendo a empresa em todos os seus direitos e obriga\u00e7\u00f5es. Em consequ\u00eancia, o ajuizamento contra a pessoa jur\u00eddica, nessas condi\u00e7\u00f5es, constitui mera irregularidade, san\u00e1vel nos termos do art. 284 do CPC e do art. 2\u00ba, \u00a7 8\u00ba, da Lei 6.830\/1980&#8221; (REsp 1.192.210\/RJ, Rel. Min. Herman Benjamin, Segunda Turma, DJe 4\/2\/2011).<\/p>\n\n\n\n<p><strong>QUEST\u00c3O 46. Emitida a duplicata sem a correlata causa debendi e desprovida de aceite, com transmiss\u00e3o por endosso translativo \u00e0 institui\u00e7\u00e3o Financeira que, diante da falta de paga-mento, efetua o protesto e inscreve o nome do sacado nos \u00f3rg\u00e3os de prote\u00e7\u00e3o ao cr\u00e9dito, mesmo inexistindo contrato de venda mercantil ou de presta\u00e7\u00e3o de servi\u00e7os. Ocorrendo essa situa\u00e7\u00e3o f\u00e1tica, \u00e9 correto afirmar que<\/strong><\/p>\n\n\n\n<p><strong>a) o endosso translativo tem o cond\u00e3o de desvincular a rela\u00e7\u00e3o jur\u00eddica subjacente, e a duplicata deixa de ser um t\u00edtulo de cr\u00e9dito causal, via de consequ\u00eancia, a Institui\u00e7\u00e3o Financeira n\u00e3o pode ser responsabilizada.<\/strong><\/p>\n\n\n\n<p><strong>b) o endossat\u00e1rio que recebe, por endosso translativo, t\u00edtulo de cr\u00e9dito contendo v\u00edcio formal, sendo inexistente a causa para conferir lastro \u00e0 emiss\u00e3o de duplicata, n\u00e3o responde pelos danos causados diante do protesto indevido, pois a responsabilidade \u00e9 exclusiva do emitente da c\u00e1rtula.<\/strong><\/p>\n\n\n\n<p><strong>c) a duplicata sem aceite, desde que devidamente protestada, afasta a subordina\u00e7\u00e3o da duplicata \u00e0 rela\u00e7\u00e3o jur\u00eddica, sob pena de infringir os principios dos t\u00edtulos de cr\u00e9dito (cartularidade, literalidade, autonomia, abstra\u00e7\u00e3o e independ\u00eancia).<\/strong><\/p>\n\n\n\n<p><strong>d) n\u00e3o se admite a desvincula\u00e7\u00e3o dos t\u00edtulos de cr\u00e9dito causais da rela\u00e7\u00e3o jur\u00eddica subjacente, ante a mitiga\u00e7\u00e3o da teoria da abstra\u00e7\u00e3o, sendo reconhecida a responsabiliza\u00e7\u00e3o civil da endossat\u00e1ria, que apresenta a protesto duplicatas mercantis desprovidas de aceite e de causa debendi.<\/strong><\/p>\n\n\n\n<p><strong>e) a inexist\u00eancia de lastro \u00e0 emiss\u00e3o da duplicata constitui v\u00edcio de natureza formal para a emiss\u00e3o do t\u00edtulo, convolando-se com os endossos sucessivos, o que toma leg\u00edtimo o protesto da duplicata.<\/strong><\/p>\n\n\n\n<p><strong>Coment\u00e1rios<\/strong><\/p>\n\n\n\n<p>A alternativa correta \u00e9 a <strong>letra D<\/strong>.<\/p>\n\n\n\n<p>A quest\u00e3o aborda sobre a responsabilidade decorrentes de protesto indevido. A quest\u00e3o exigia do examinando, al\u00e9m dos conhecimentos te\u00f3ricos da mat\u00e9ria, o conhecimento da S\u00famula 475 do STJ.<\/p>\n\n\n\n<p>A alternativa D est\u00e1 correta. A quest\u00e3o encontra seu fundamento S\u00famula 475 do STJ, em que fixa a seguinte tese: &#8220;Responde pelos danos decorrentes de protesto indevido o endossat\u00e1rio que recebe por endosso translativo t\u00edtulo de cr\u00e9dito contendo v\u00edcio formal extr\u00ednseco ou intr\u00ednseco, ficando ressalvado seu direito de regresso contra os endossantes e avalistas.&#8221;<\/p>\n\n\n\n<p>As demais alternativas est\u00e3o incorretas, conforme coment\u00e1rio da alternativa D.&nbsp;<\/p>\n\n\n\n<p><strong>QUEST\u00c3O 47. Acerca da controv\u00e9rsia existente em rela\u00e7\u00e3o ao cheque pag\u00e1vel a vista e o cheque p\u00f3s-datado (ou pr\u00e9-datado), \u00e9 correto afirmar o seguinte entendimento consolidado pelo Superior Tribunal de Justi\u00e7a:<\/strong><\/p>\n\n\n\n<p><strong>a) O cheque admite aceite, e o emitente (devedor principal) garante o pagamento, considerando-se n\u00e3o escrita qualquer disposi\u00e7\u00e3o em contr\u00e1rio.<\/strong><\/p>\n\n\n\n<p><strong>b) O cheque \u00e9 ordem de pagamento \u00e0 vista a terceiro, em raz\u00e3o da exist\u00eancia de fundos do emitente na institui\u00e7\u00e3o financeira sacada, vedado \u00e0 Institui\u00e7\u00e3o Financeira sacada promover o pagamento antes do dia indicado como data de emiss\u00e3o.<\/strong><\/p>\n\n\n\n<p><strong>c) O prazo prescricional de 6 (seis) meses para o exerc\u00edcio da pretens\u00e3o \u00e0 execu\u00e7\u00e3o do cheque pelo respectivo portador \u00e9 contado do encerramento do prazo de apresenta\u00e7\u00e3o, respeitando-se, no caso de cheque p\u00f3s-datado, a data pactuada com o emitente, independentemente da sua apresenta\u00e7\u00e3o \u00e0 Institui\u00e7\u00e3o Financeira sacada.<\/strong><\/p>\n\n\n\n<p><strong>d) N\u00e3o se desconhece a exist\u00eancia do costume relativo \u00e0 emiss\u00e3o de cheque p\u00f3s-datado, assim, \u00e9 eficaz a pactua\u00e7\u00e3o extracartular, operando os efeitos almejados pelo emitente, no tocante \u00e0 dila\u00e7\u00e3o do prazo de apresenta\u00e7\u00e3o da c\u00e1rtula.<\/strong><\/p>\n\n\n\n<p><strong>e) A pactua\u00e7\u00e3o da p\u00f3s-data\u00e7\u00e3o de cheque, para que seja h\u00e1bil a ampliar o prazo de apresenta\u00e7\u00e3o \u00e0 Institui\u00e7\u00e3o Financeira sacada, deve espelhar a data de emiss\u00e3o estampada no campo espec\u00edfico da c\u00e1rtula, sendo poss\u00edvel, no prazo para a execu\u00e7\u00e3o cambial, o protesto cambi\u00e1rio com a indica\u00e7\u00e3o do emitente do cheque como devedor.<\/strong><\/p>\n\n\n\n<p><strong>Coment\u00e1rios<\/strong><\/p>\n\n\n\n<p>A alternativa correta \u00e9 a <strong>letra E<\/strong>.<\/p>\n\n\n\n<p>A alternativa E est\u00e1 correta, encontrando seu fundamento no tema 945 de Recursos Repetitivos do STJ. A tese firmada prev\u00ea o seguinte: &#8220;A pactua\u00e7\u00e3o da p\u00f3s-data\u00e7\u00e3o de cheque, para que seja h\u00e1bil a ampliar o prazo de apresenta\u00e7\u00e3o \u00e0 institui\u00e7\u00e3o financeira sacada, deve espelhar a data de emiss\u00e3o estampada no campo espec\u00edfico da c\u00e1rtula, em que sempre ser\u00e1 poss\u00edvel, no prazo para a execu\u00e7\u00e3o cambial, o protesto cambi\u00e1rio de cheque, com a indica\u00e7\u00e3o do emitente como devedor.As demais alternativas est\u00e3o incorretas, consoante o coment\u00e1rio da alternativa E.<\/p>\n\n\n\n<p class=\"has-text-align-center has-luminous-vivid-amber-to-luminous-vivid-orange-gradient-background has-background\"><strong>Saiba mais: <a href=\"https:\/\/cj.estrategia.com\/portal\/concurso-mp-rj-promotor\/\">Concurso MP RJ Promotor<\/a><\/strong><\/p>\n\n\n\n<h2 class=\"wp-block-heading has-text-align-center\" id=\"cursos-e-assinaturas-concurso-mp-rj\"><span id=\"quer-saber-tudo-sobre-concursos-previstosconfira-nossos-artigos\">Quer saber tudo sobre concursos previstos?<br><strong>Confira nossos artigos!<\/strong><\/span><\/h2>\n\n\n\n\n\n<h2 class=\"wp-block-heading has-text-align-center\" id=\"curso\"><span id=\"cursos-e-assinaturas\">CURSOS E ASSINATURAS<\/span><\/h2>\n\n\n\n\n\n<div class=\"wp-block-cover\" style=\"min-height:155px;aspect-ratio:unset;\"><img decoding=\"async\" width=\"1890\" height=\"351\" class=\"wp-block-cover__image-background wp-image-8669\" alt=\"Assinaturas Jur\u00eddicas\" src=\"https:\/\/cj.estrategia.com\/portal\/wp-content\/uploads\/2022\/06\/20151253\/concurso-carreiras-juridicas-assinatura-juridica.jpg\" style=\"object-position:78% 43%\" data-object-fit=\"cover\" data-object-position=\"78% 43%\" srcset=\"https:\/\/cj.estrategia.com\/portal\/wp-content\/uploads\/2022\/06\/20151253\/concurso-carreiras-juridicas-assinatura-juridica.jpg 1890w, https:\/\/cj.estrategia.com\/portal\/wp-content\/uploads\/2022\/06\/20151253\/concurso-carreiras-juridicas-assinatura-juridica-300x56.jpg 300w, https:\/\/cj.estrategia.com\/portal\/wp-content\/uploads\/2022\/06\/20151253\/concurso-carreiras-juridicas-assinatura-juridica-1024x190.jpg 1024w, https:\/\/cj.estrategia.com\/portal\/wp-content\/uploads\/2022\/06\/20151253\/concurso-carreiras-juridicas-assinatura-juridica-768x143.jpg 768w, https:\/\/cj.estrategia.com\/portal\/wp-content\/uploads\/2022\/06\/20151253\/concurso-carreiras-juridicas-assinatura-juridica-1536x285.jpg 1536w, https:\/\/cj.estrategia.com\/portal\/wp-content\/uploads\/2022\/06\/20151253\/concurso-carreiras-juridicas-assinatura-juridica-380x71.jpg 380w, https:\/\/cj.estrategia.com\/portal\/wp-content\/uploads\/2022\/06\/20151253\/concurso-carreiras-juridicas-assinatura-juridica-800x149.jpg 800w, https:\/\/cj.estrategia.com\/portal\/wp-content\/uploads\/2022\/06\/20151253\/concurso-carreiras-juridicas-assinatura-juridica-1160x215.jpg 1160w\" sizes=\"(max-width: 1890px) 100vw, 1890px\" \/><span aria-hidden=\"true\" class=\"wp-block-cover__background has-background-dim\"><\/span><div class=\"wp-block-cover__inner-container is-layout-flow wp-block-cover-is-layout-flow\">\n<h3 id=\"faca-a-sua-assinatura\" class=\"titulo-assinatura\"><span style=\"color: #ffffff;\">Fa\u00e7a a sua assinatura!<\/span><\/h3>\n<p class=\"subtitulo-assinatura\" style=\"display:block!important; line-height: 0;\"><span style=\"color: #ffffff;\">Escolha a sua \u00e1rea.<\/span><\/p>\n<a target=\"_blank\" href=\"https:\/\/www.estrategiaconcursos.com.br\/assinaturas-ecj\/\" rel=\"noopener\"><button style=\"border-radius: 10px; text-transform: capitalize;\">Acessar<\/button><\/a>\n<\/div><\/div>\n\n\n\n<p><\/p>\n","protected":false},"excerpt":{"rendered":"Ol\u00e1, pessoal, tudo certo?! Em 10\/03\/2024, foi aplicada a prova objetiva do concurso p\u00fablico para o Minist\u00e9rio P\u00fablico&hellip;\n","protected":false},"author":12,"featured_media":20824,"comment_status":"open","ping_status":"open","sticky":false,"template":"","format":"standard","meta":{"_jetpack_memberships_contains_paid_content":false,"footnotes":""},"categories":[25],"tags":[],"tax_estado":[49],"class_list":{"0":"post-57955","1":"post","2":"type-post","3":"status-publish","4":"format-standard","5":"has-post-thumbnail","7":"category-promotoria","8":"tax_estado-rj"},"acf":[],"yoast_head":"<!-- This site is optimized with the Yoast SEO Premium plugin v27.4 (Yoast SEO v27.4) - https:\/\/yoast.com\/product\/yoast-seo-premium-wordpress\/ -->\n<title>Prova comentada Direito Empresarial MP RJ promotor<\/title>\n<meta name=\"description\" content=\"Prova comentada Direito Empresarial MP RJ promotor: confira AQUI os coment\u00e1rios dos nossos professores e tire suas d\u00favidas!\" \/>\n<meta name=\"robots\" content=\"index, follow, max-snippet:-1, max-image-preview:large, max-video-preview:-1\" \/>\n<link rel=\"canonical\" href=\"https:\/\/cj.estrategia.com\/portal\/prova-comentada-direito-empresarial-mp-rj-promotor\/\" \/>\n<meta property=\"og:locale\" content=\"pt_BR\" \/>\n<meta property=\"og:type\" content=\"article\" \/>\n<meta property=\"og:title\" content=\"Prova comentada Direito Empresarial MP RJ promotor\" \/>\n<meta property=\"og:description\" content=\"Prova comentada Direito Empresarial MP RJ promotor: confira AQUI os coment\u00e1rios dos nossos professores e tire suas d\u00favidas!\" \/>\n<meta property=\"og:url\" content=\"https:\/\/cj.estrategia.com\/portal\/prova-comentada-direito-empresarial-mp-rj-promotor\/\" \/>\n<meta property=\"og:site_name\" content=\"Blog - Carreiras Jur\u00eddicas - Estrat\u00e9gia\" \/>\n<meta property=\"article:publisher\" content=\"https:\/\/www.facebook.com\/estrategiacarreirajuridica\/\" \/>\n<meta property=\"article:published_time\" content=\"2024-03-12T21:23:55+00:00\" \/>\n<meta property=\"article:modified_time\" content=\"2024-03-12T21:23:59+00:00\" \/>\n<meta property=\"og:image\" content=\"https:\/\/cj.estrategia.com\/portal\/wp-content\/uploads\/2022\/09\/04105218\/MP-RJ-PROMOTOR.jpg\" \/>\n\t<meta property=\"og:image:width\" content=\"768\" \/>\n\t<meta property=\"og:image:height\" content=\"432\" \/>\n\t<meta property=\"og:image:type\" content=\"image\/jpeg\" \/>\n<meta name=\"author\" content=\"Coordena\u00e7\u00e3o\" \/>\n<meta name=\"twitter:card\" content=\"summary_large_image\" \/>\n<meta name=\"twitter:creator\" content=\"@EstratJuridica\" \/>\n<meta name=\"twitter:site\" content=\"@EstratJuridica\" \/>\n<meta name=\"twitter:label1\" content=\"Escrito por\" \/>\n\t<meta name=\"twitter:data1\" content=\"Coordena\u00e7\u00e3o\" \/>\n\t<meta name=\"twitter:label2\" content=\"Est. tempo de leitura\" \/>\n\t<meta name=\"twitter:data2\" content=\"11 minutos\" \/>\n<script type=\"application\/ld+json\" class=\"yoast-schema-graph\">{\"@context\":\"https:\\\/\\\/schema.org\",\"@graph\":[{\"@type\":\"NewsArticle\",\"@id\":\"https:\\\/\\\/cj.estrategia.com\\\/portal\\\/prova-comentada-direito-empresarial-mp-rj-promotor\\\/#article\",\"isPartOf\":{\"@id\":\"https:\\\/\\\/cj.estrategia.com\\\/portal\\\/prova-comentada-direito-empresarial-mp-rj-promotor\\\/\"},\"author\":{\"name\":\"Coordena\u00e7\u00e3o\",\"@id\":\"https:\\\/\\\/cj.estrategia.com\\\/portal\\\/#\\\/schema\\\/person\\\/4d70317d31449932b99102916b6637f5\"},\"headline\":\"Prova comentada Direito Empresarial MP RJ promotor\",\"datePublished\":\"2024-03-12T21:23:55+00:00\",\"dateModified\":\"2024-03-12T21:23:59+00:00\",\"mainEntityOfPage\":{\"@id\":\"https:\\\/\\\/cj.estrategia.com\\\/portal\\\/prova-comentada-direito-empresarial-mp-rj-promotor\\\/\"},\"wordCount\":2143,\"commentCount\":0,\"publisher\":{\"@id\":\"https:\\\/\\\/cj.estrategia.com\\\/portal\\\/#organization\"},\"image\":{\"@id\":\"https:\\\/\\\/cj.estrategia.com\\\/portal\\\/prova-comentada-direito-empresarial-mp-rj-promotor\\\/#primaryimage\"},\"thumbnailUrl\":\"https:\\\/\\\/cj.estrategia.com\\\/portal\\\/wp-content\\\/uploads\\\/2022\\\/09\\\/04105218\\\/MP-RJ-PROMOTOR.jpg\",\"articleSection\":[\"Promotoria\"],\"inLanguage\":\"pt-BR\",\"potentialAction\":[{\"@type\":\"CommentAction\",\"name\":\"Comment\",\"target\":[\"https:\\\/\\\/cj.estrategia.com\\\/portal\\\/prova-comentada-direito-empresarial-mp-rj-promotor\\\/#respond\"]}]},{\"@type\":\"WebPage\",\"@id\":\"https:\\\/\\\/cj.estrategia.com\\\/portal\\\/prova-comentada-direito-empresarial-mp-rj-promotor\\\/\",\"url\":\"https:\\\/\\\/cj.estrategia.com\\\/portal\\\/prova-comentada-direito-empresarial-mp-rj-promotor\\\/\",\"name\":\"Prova comentada Direito Empresarial MP RJ promotor\",\"isPartOf\":{\"@id\":\"https:\\\/\\\/cj.estrategia.com\\\/portal\\\/#website\"},\"primaryImageOfPage\":{\"@id\":\"https:\\\/\\\/cj.estrategia.com\\\/portal\\\/prova-comentada-direito-empresarial-mp-rj-promotor\\\/#primaryimage\"},\"image\":{\"@id\":\"https:\\\/\\\/cj.estrategia.com\\\/portal\\\/prova-comentada-direito-empresarial-mp-rj-promotor\\\/#primaryimage\"},\"thumbnailUrl\":\"https:\\\/\\\/cj.estrategia.com\\\/portal\\\/wp-content\\\/uploads\\\/2022\\\/09\\\/04105218\\\/MP-RJ-PROMOTOR.jpg\",\"datePublished\":\"2024-03-12T21:23:55+00:00\",\"dateModified\":\"2024-03-12T21:23:59+00:00\",\"description\":\"Prova comentada Direito Empresarial MP RJ promotor: confira AQUI os coment\u00e1rios dos nossos professores e tire suas d\u00favidas!\",\"breadcrumb\":{\"@id\":\"https:\\\/\\\/cj.estrategia.com\\\/portal\\\/prova-comentada-direito-empresarial-mp-rj-promotor\\\/#breadcrumb\"},\"inLanguage\":\"pt-BR\",\"potentialAction\":[{\"@type\":\"ReadAction\",\"target\":[\"https:\\\/\\\/cj.estrategia.com\\\/portal\\\/prova-comentada-direito-empresarial-mp-rj-promotor\\\/\"]}]},{\"@type\":\"ImageObject\",\"inLanguage\":\"pt-BR\",\"@id\":\"https:\\\/\\\/cj.estrategia.com\\\/portal\\\/prova-comentada-direito-empresarial-mp-rj-promotor\\\/#primaryimage\",\"url\":\"https:\\\/\\\/cj.estrategia.com\\\/portal\\\/wp-content\\\/uploads\\\/2022\\\/09\\\/04105218\\\/MP-RJ-PROMOTOR.jpg\",\"contentUrl\":\"https:\\\/\\\/cj.estrategia.com\\\/portal\\\/wp-content\\\/uploads\\\/2022\\\/09\\\/04105218\\\/MP-RJ-PROMOTOR.jpg\",\"width\":768,\"height\":432,\"caption\":\"Concurso MP RJ Promotor\"},{\"@type\":\"BreadcrumbList\",\"@id\":\"https:\\\/\\\/cj.estrategia.com\\\/portal\\\/prova-comentada-direito-empresarial-mp-rj-promotor\\\/#breadcrumb\",\"itemListElement\":[{\"@type\":\"ListItem\",\"position\":1,\"name\":\"In\u00edcio\",\"item\":\"https:\\\/\\\/cj.estrategia.com\\\/portal\\\/\"},{\"@type\":\"ListItem\",\"position\":2,\"name\":\"Prova comentada Direito Empresarial MP RJ promotor\"}]},{\"@type\":\"WebSite\",\"@id\":\"https:\\\/\\\/cj.estrategia.com\\\/portal\\\/#website\",\"url\":\"https:\\\/\\\/cj.estrategia.com\\\/portal\\\/\",\"name\":\"Blog - Carreiras Jur\u00eddicas - Estrat\u00e9gia\",\"description\":\"\",\"publisher\":{\"@id\":\"https:\\\/\\\/cj.estrategia.com\\\/portal\\\/#organization\"},\"potentialAction\":[{\"@type\":\"SearchAction\",\"target\":{\"@type\":\"EntryPoint\",\"urlTemplate\":\"https:\\\/\\\/cj.estrategia.com\\\/portal\\\/?s={search_term_string}\"},\"query-input\":{\"@type\":\"PropertyValueSpecification\",\"valueRequired\":true,\"valueName\":\"search_term_string\"}}],\"inLanguage\":\"pt-BR\"},{\"@type\":\"Organization\",\"@id\":\"https:\\\/\\\/cj.estrategia.com\\\/portal\\\/#organization\",\"name\":\"Estrat\u00e9gia - Carreiras Jur\u00eddicas\",\"url\":\"https:\\\/\\\/cj.estrategia.com\\\/portal\\\/\",\"logo\":{\"@type\":\"ImageObject\",\"inLanguage\":\"pt-BR\",\"@id\":\"https:\\\/\\\/cj.estrategia.com\\\/portal\\\/#\\\/schema\\\/logo\\\/image\\\/\",\"url\":\"https:\\\/\\\/cj.estrategia.com\\\/portal\\\/wp-content\\\/uploads\\\/2022\\\/03\\\/11151052\\\/cj-logo.png\",\"contentUrl\":\"https:\\\/\\\/cj.estrategia.com\\\/portal\\\/wp-content\\\/uploads\\\/2022\\\/03\\\/11151052\\\/cj-logo.png\",\"width\":150,\"height\":39,\"caption\":\"Estrat\u00e9gia - Carreiras Jur\u00eddicas\"},\"image\":{\"@id\":\"https:\\\/\\\/cj.estrategia.com\\\/portal\\\/#\\\/schema\\\/logo\\\/image\\\/\"},\"sameAs\":[\"https:\\\/\\\/www.facebook.com\\\/estrategiacarreirajuridica\\\/\",\"https:\\\/\\\/x.com\\\/EstratJuridica\",\"https:\\\/\\\/www.instagram.com\\\/estrategiacarreirajuridica\\\/\",\"https:\\\/\\\/www.youtube.com\\\/channel\\\/UClbMGuYbj2Mh1m3w144ETWQ\"]},{\"@type\":\"Person\",\"@id\":\"https:\\\/\\\/cj.estrategia.com\\\/portal\\\/#\\\/schema\\\/person\\\/4d70317d31449932b99102916b6637f5\",\"name\":\"Coordena\u00e7\u00e3o\",\"image\":{\"@type\":\"ImageObject\",\"inLanguage\":\"pt-BR\",\"@id\":\"https:\\\/\\\/cj.estrategia.com\\\/portal\\\/wp-content\\\/uploads\\\/2022\\\/05\\\/12164923\\\/estrategia-carreira-juridica-coordenacao-96x96.png\",\"url\":\"https:\\\/\\\/cj.estrategia.com\\\/portal\\\/wp-content\\\/uploads\\\/2022\\\/05\\\/12164923\\\/estrategia-carreira-juridica-coordenacao-96x96.png\",\"contentUrl\":\"https:\\\/\\\/cj.estrategia.com\\\/portal\\\/wp-content\\\/uploads\\\/2022\\\/05\\\/12164923\\\/estrategia-carreira-juridica-coordenacao-96x96.png\",\"caption\":\"Coordena\u00e7\u00e3o\"},\"url\":\"https:\\\/\\\/cj.estrategia.com\\\/portal\\\/author\\\/coordenacao\\\/\"}]}<\/script>\n<!-- \/ Yoast SEO Premium plugin. -->","yoast_head_json":{"title":"Prova comentada Direito Empresarial MP RJ promotor","description":"Prova comentada Direito Empresarial MP RJ promotor: confira AQUI os coment\u00e1rios dos nossos professores e tire suas d\u00favidas!","robots":{"index":"index","follow":"follow","max-snippet":"max-snippet:-1","max-image-preview":"max-image-preview:large","max-video-preview":"max-video-preview:-1"},"canonical":"https:\/\/cj.estrategia.com\/portal\/prova-comentada-direito-empresarial-mp-rj-promotor\/","og_locale":"pt_BR","og_type":"article","og_title":"Prova comentada Direito Empresarial MP RJ promotor","og_description":"Prova comentada Direito Empresarial MP RJ promotor: confira AQUI os coment\u00e1rios dos nossos professores e tire suas d\u00favidas!","og_url":"https:\/\/cj.estrategia.com\/portal\/prova-comentada-direito-empresarial-mp-rj-promotor\/","og_site_name":"Blog - Carreiras Jur\u00eddicas - Estrat\u00e9gia","article_publisher":"https:\/\/www.facebook.com\/estrategiacarreirajuridica\/","article_published_time":"2024-03-12T21:23:55+00:00","article_modified_time":"2024-03-12T21:23:59+00:00","og_image":[{"width":768,"height":432,"url":"https:\/\/cj.estrategia.com\/portal\/wp-content\/uploads\/2022\/09\/04105218\/MP-RJ-PROMOTOR.jpg","type":"image\/jpeg"}],"author":"Coordena\u00e7\u00e3o","twitter_card":"summary_large_image","twitter_creator":"@EstratJuridica","twitter_site":"@EstratJuridica","twitter_misc":{"Escrito por":"Coordena\u00e7\u00e3o","Est. tempo de leitura":"11 minutos"},"schema":{"@context":"https:\/\/schema.org","@graph":[{"@type":"NewsArticle","@id":"https:\/\/cj.estrategia.com\/portal\/prova-comentada-direito-empresarial-mp-rj-promotor\/#article","isPartOf":{"@id":"https:\/\/cj.estrategia.com\/portal\/prova-comentada-direito-empresarial-mp-rj-promotor\/"},"author":{"name":"Coordena\u00e7\u00e3o","@id":"https:\/\/cj.estrategia.com\/portal\/#\/schema\/person\/4d70317d31449932b99102916b6637f5"},"headline":"Prova comentada Direito Empresarial MP RJ promotor","datePublished":"2024-03-12T21:23:55+00:00","dateModified":"2024-03-12T21:23:59+00:00","mainEntityOfPage":{"@id":"https:\/\/cj.estrategia.com\/portal\/prova-comentada-direito-empresarial-mp-rj-promotor\/"},"wordCount":2143,"commentCount":0,"publisher":{"@id":"https:\/\/cj.estrategia.com\/portal\/#organization"},"image":{"@id":"https:\/\/cj.estrategia.com\/portal\/prova-comentada-direito-empresarial-mp-rj-promotor\/#primaryimage"},"thumbnailUrl":"https:\/\/cj.estrategia.com\/portal\/wp-content\/uploads\/2022\/09\/04105218\/MP-RJ-PROMOTOR.jpg","articleSection":["Promotoria"],"inLanguage":"pt-BR","potentialAction":[{"@type":"CommentAction","name":"Comment","target":["https:\/\/cj.estrategia.com\/portal\/prova-comentada-direito-empresarial-mp-rj-promotor\/#respond"]}]},{"@type":"WebPage","@id":"https:\/\/cj.estrategia.com\/portal\/prova-comentada-direito-empresarial-mp-rj-promotor\/","url":"https:\/\/cj.estrategia.com\/portal\/prova-comentada-direito-empresarial-mp-rj-promotor\/","name":"Prova comentada Direito Empresarial MP RJ promotor","isPartOf":{"@id":"https:\/\/cj.estrategia.com\/portal\/#website"},"primaryImageOfPage":{"@id":"https:\/\/cj.estrategia.com\/portal\/prova-comentada-direito-empresarial-mp-rj-promotor\/#primaryimage"},"image":{"@id":"https:\/\/cj.estrategia.com\/portal\/prova-comentada-direito-empresarial-mp-rj-promotor\/#primaryimage"},"thumbnailUrl":"https:\/\/cj.estrategia.com\/portal\/wp-content\/uploads\/2022\/09\/04105218\/MP-RJ-PROMOTOR.jpg","datePublished":"2024-03-12T21:23:55+00:00","dateModified":"2024-03-12T21:23:59+00:00","description":"Prova comentada Direito Empresarial MP RJ promotor: confira AQUI os coment\u00e1rios dos nossos professores e tire suas d\u00favidas!","breadcrumb":{"@id":"https:\/\/cj.estrategia.com\/portal\/prova-comentada-direito-empresarial-mp-rj-promotor\/#breadcrumb"},"inLanguage":"pt-BR","potentialAction":[{"@type":"ReadAction","target":["https:\/\/cj.estrategia.com\/portal\/prova-comentada-direito-empresarial-mp-rj-promotor\/"]}]},{"@type":"ImageObject","inLanguage":"pt-BR","@id":"https:\/\/cj.estrategia.com\/portal\/prova-comentada-direito-empresarial-mp-rj-promotor\/#primaryimage","url":"https:\/\/cj.estrategia.com\/portal\/wp-content\/uploads\/2022\/09\/04105218\/MP-RJ-PROMOTOR.jpg","contentUrl":"https:\/\/cj.estrategia.com\/portal\/wp-content\/uploads\/2022\/09\/04105218\/MP-RJ-PROMOTOR.jpg","width":768,"height":432,"caption":"Concurso MP RJ Promotor"},{"@type":"BreadcrumbList","@id":"https:\/\/cj.estrategia.com\/portal\/prova-comentada-direito-empresarial-mp-rj-promotor\/#breadcrumb","itemListElement":[{"@type":"ListItem","position":1,"name":"In\u00edcio","item":"https:\/\/cj.estrategia.com\/portal\/"},{"@type":"ListItem","position":2,"name":"Prova comentada Direito Empresarial MP RJ promotor"}]},{"@type":"WebSite","@id":"https:\/\/cj.estrategia.com\/portal\/#website","url":"https:\/\/cj.estrategia.com\/portal\/","name":"Blog - Carreiras Jur\u00eddicas - Estrat\u00e9gia","description":"","publisher":{"@id":"https:\/\/cj.estrategia.com\/portal\/#organization"},"potentialAction":[{"@type":"SearchAction","target":{"@type":"EntryPoint","urlTemplate":"https:\/\/cj.estrategia.com\/portal\/?s={search_term_string}"},"query-input":{"@type":"PropertyValueSpecification","valueRequired":true,"valueName":"search_term_string"}}],"inLanguage":"pt-BR"},{"@type":"Organization","@id":"https:\/\/cj.estrategia.com\/portal\/#organization","name":"Estrat\u00e9gia - Carreiras Jur\u00eddicas","url":"https:\/\/cj.estrategia.com\/portal\/","logo":{"@type":"ImageObject","inLanguage":"pt-BR","@id":"https:\/\/cj.estrategia.com\/portal\/#\/schema\/logo\/image\/","url":"https:\/\/cj.estrategia.com\/portal\/wp-content\/uploads\/2022\/03\/11151052\/cj-logo.png","contentUrl":"https:\/\/cj.estrategia.com\/portal\/wp-content\/uploads\/2022\/03\/11151052\/cj-logo.png","width":150,"height":39,"caption":"Estrat\u00e9gia - Carreiras Jur\u00eddicas"},"image":{"@id":"https:\/\/cj.estrategia.com\/portal\/#\/schema\/logo\/image\/"},"sameAs":["https:\/\/www.facebook.com\/estrategiacarreirajuridica\/","https:\/\/x.com\/EstratJuridica","https:\/\/www.instagram.com\/estrategiacarreirajuridica\/","https:\/\/www.youtube.com\/channel\/UClbMGuYbj2Mh1m3w144ETWQ"]},{"@type":"Person","@id":"https:\/\/cj.estrategia.com\/portal\/#\/schema\/person\/4d70317d31449932b99102916b6637f5","name":"Coordena\u00e7\u00e3o","image":{"@type":"ImageObject","inLanguage":"pt-BR","@id":"https:\/\/cj.estrategia.com\/portal\/wp-content\/uploads\/2022\/05\/12164923\/estrategia-carreira-juridica-coordenacao-96x96.png","url":"https:\/\/cj.estrategia.com\/portal\/wp-content\/uploads\/2022\/05\/12164923\/estrategia-carreira-juridica-coordenacao-96x96.png","contentUrl":"https:\/\/cj.estrategia.com\/portal\/wp-content\/uploads\/2022\/05\/12164923\/estrategia-carreira-juridica-coordenacao-96x96.png","caption":"Coordena\u00e7\u00e3o"},"url":"https:\/\/cj.estrategia.com\/portal\/author\/coordenacao\/"}]}},"jetpack_featured_media_url":"https:\/\/cj.estrategia.com\/portal\/wp-content\/uploads\/2022\/09\/04105218\/MP-RJ-PROMOTOR.jpg","jetpack_sharing_enabled":true,"_links":{"self":[{"href":"https:\/\/cj.estrategia.com\/portal\/wp-json\/wp\/v2\/posts\/57955","targetHints":{"allow":["GET"]}}],"collection":[{"href":"https:\/\/cj.estrategia.com\/portal\/wp-json\/wp\/v2\/posts"}],"about":[{"href":"https:\/\/cj.estrategia.com\/portal\/wp-json\/wp\/v2\/types\/post"}],"author":[{"embeddable":true,"href":"https:\/\/cj.estrategia.com\/portal\/wp-json\/wp\/v2\/users\/12"}],"replies":[{"embeddable":true,"href":"https:\/\/cj.estrategia.com\/portal\/wp-json\/wp\/v2\/comments?post=57955"}],"version-history":[{"count":1,"href":"https:\/\/cj.estrategia.com\/portal\/wp-json\/wp\/v2\/posts\/57955\/revisions"}],"predecessor-version":[{"id":57978,"href":"https:\/\/cj.estrategia.com\/portal\/wp-json\/wp\/v2\/posts\/57955\/revisions\/57978"}],"wp:featuredmedia":[{"embeddable":true,"href":"https:\/\/cj.estrategia.com\/portal\/wp-json\/wp\/v2\/media\/20824"}],"wp:attachment":[{"href":"https:\/\/cj.estrategia.com\/portal\/wp-json\/wp\/v2\/media?parent=57955"}],"wp:term":[{"taxonomy":"category","embeddable":true,"href":"https:\/\/cj.estrategia.com\/portal\/wp-json\/wp\/v2\/categories?post=57955"},{"taxonomy":"post_tag","embeddable":true,"href":"https:\/\/cj.estrategia.com\/portal\/wp-json\/wp\/v2\/tags?post=57955"},{"taxonomy":"tax_estado","embeddable":true,"href":"https:\/\/cj.estrategia.com\/portal\/wp-json\/wp\/v2\/tax_estado?post=57955"}],"curies":[{"name":"wp","href":"https:\/\/api.w.org\/{rel}","templated":true}]}}