{"id":57850,"date":"2024-04-03T08:00:00","date_gmt":"2024-04-03T11:00:00","guid":{"rendered":"https:\/\/cj.estrategia.com\/portal\/?p=57850"},"modified":"2024-04-01T15:18:56","modified_gmt":"2024-04-01T18:18:56","slug":"alteracao-contrato-administrativo-enam","status":"publish","type":"post","link":"https:\/\/cj.estrategia.com\/portal\/alteracao-contrato-administrativo-enam\/","title":{"rendered":"Altera\u00e7\u00e3o do Contrato Administrativo para ENAM"},"content":{"rendered":"\n<p><\/p>\n\n\n<div class=\"wp-block-image\">\n<figure class=\"aligncenter size-large is-resized\"><img decoding=\"async\" width=\"1024\" height=\"683\" src=\"https:\/\/cj.estrategia.com\/portal\/wp-content\/uploads\/2024\/03\/11175606\/Alteracao-do-Contrato-Administrativo-para-ENAM-1024x683.jpg\" alt=\"Altera\u00e7\u00e3o do Contrato Administrativo para ENAM\" class=\"wp-image-57851\" style=\"width:464px;height:auto\" srcset=\"https:\/\/cj.estrategia.com\/portal\/wp-content\/uploads\/2024\/03\/11175606\/Alteracao-do-Contrato-Administrativo-para-ENAM-1024x683.jpg 1024w, https:\/\/cj.estrategia.com\/portal\/wp-content\/uploads\/2024\/03\/11175606\/Alteracao-do-Contrato-Administrativo-para-ENAM-300x200.jpg 300w, https:\/\/cj.estrategia.com\/portal\/wp-content\/uploads\/2024\/03\/11175606\/Alteracao-do-Contrato-Administrativo-para-ENAM-768x512.jpg 768w, https:\/\/cj.estrategia.com\/portal\/wp-content\/uploads\/2024\/03\/11175606\/Alteracao-do-Contrato-Administrativo-para-ENAM-1536x1024.jpg 1536w, https:\/\/cj.estrategia.com\/portal\/wp-content\/uploads\/2024\/03\/11175606\/Alteracao-do-Contrato-Administrativo-para-ENAM-2048x1365.jpg 2048w, https:\/\/cj.estrategia.com\/portal\/wp-content\/uploads\/2024\/03\/11175606\/Alteracao-do-Contrato-Administrativo-para-ENAM-380x253.jpg 380w, https:\/\/cj.estrategia.com\/portal\/wp-content\/uploads\/2024\/03\/11175606\/Alteracao-do-Contrato-Administrativo-para-ENAM-800x533.jpg 800w, https:\/\/cj.estrategia.com\/portal\/wp-content\/uploads\/2024\/03\/11175606\/Alteracao-do-Contrato-Administrativo-para-ENAM-1160x773.jpg 1160w, https:\/\/cj.estrategia.com\/portal\/wp-content\/uploads\/2024\/03\/11175606\/Alteracao-do-Contrato-Administrativo-para-ENAM-150x100.jpg 150w, https:\/\/cj.estrategia.com\/portal\/wp-content\/uploads\/2024\/03\/11175606\/Alteracao-do-Contrato-Administrativo-para-ENAM-scaled.jpg 2560w\" sizes=\"(max-width: 1024px) 100vw, 1024px\" \/><figcaption class=\"wp-element-caption\">Altera\u00e7\u00e3o do Contrato Administrativo para ENAM<\/figcaption><\/figure>\n<\/div>\n\n\n<p>Fala, pessoal, tudo certo? Hoje faremos um resumo sobre a Altera\u00e7\u00e3o\/Modifica\u00e7\u00e3o do Contrato Administrativo para o ENAM (Exame Nacional da Magistratura).<\/p>\n\n\n\n<p>Trata-se de assunto bem relevante da mat\u00e9ria de Direito Administrativo!<\/p>\n\n\n\n<p>Como sabemos, a <a href=\"https:\/\/atos.cnj.jus.br\/atos\/detalhar\/5332\" target=\"_blank\" >Resolu\u00e7\u00e3o n\u00ba 531 de 14\/11\/2023<\/a> do Conselho Nacional de Justi\u00e7a (CNJ) alterou a <a href=\"https:\/\/atos.cnj.jus.br\/atos\/detalhar\/100\" target=\"_blank\" >Resolu\u00e7\u00e3o CNJ n\u00ba 75\/2009<\/a> para instituir o Exame Nacional da Magistratura.\u00a0<\/p>\n\n\n\n<p>Dessa forma, a inscri\u00e7\u00e3o preliminar nos concursos para ingresso na carreira da magistratura com edital de abertura publicado a partir da entrada em vigor da Resolu\u00e7\u00e3o n\u00ba 531 depender\u00e1 da apresenta\u00e7\u00e3o de comprovante de aprova\u00e7\u00e3o no Exame Nacional da Magistratura.<\/p>\n\n\n\n<p>Com efeito, n\u00e3o deixe de conferir <a href=\"https:\/\/cj.estrategia.com\/portal\/exame-nacional-da-magistratura\/\" target=\"_blank\" >nosso artigo sobre o ENAM.<\/a>.<\/p>\n\n\n\n<p>Vamos ao que interessa!<\/p>\n\n\n\n<h2 class=\"wp-block-heading has-luminous-vivid-orange-color has-text-color has-link-color wp-elements-6e3acda0f8389a3a40df187f864ee1f4\" id=\"h-modificacao-alteracao-do-contrato-administrativo\"><span id=\"modificacao-alteracao-do-contrato-administrativo\">Modifica\u00e7\u00e3o\/Altera\u00e7\u00e3o do Contrato Administrativo<\/span><\/h2>\n\n\n\n<h3 class=\"wp-block-heading has-luminous-vivid-orange-color has-text-color has-link-color wp-elements-26b2ca091e895fa5dddd96ea0c29e8af\" id=\"h-consideracoes-iniciais-nbsp\"><span id=\"consideracoes-iniciais\">Considera\u00e7\u00f5es iniciais&nbsp;<\/span><\/h3>\n\n\n\n<p>Primeiramente, destacamos que abordaremos aqui as disposi\u00e7\u00f5es da Nova Lei de Licita\u00e7\u00f5es e Contratos (NLLC), incorporada ao ordenamento jur\u00eddico pela <a href=\"https:\/\/www.planalto.gov.br\/ccivil_03\/_ato2019-2022\/2021\/lei\/l14133.htm\" target=\"_blank\" >Lei 14.133\/2021<\/a>.\u00a0<\/p>\n\n\n\n<p>Nesse sentido, nosso foco ser\u00e1 os <a href=\"https:\/\/www.planalto.gov.br\/ccivil_03\/_ato2019-2022\/2021\/lei\/l14133.htm#:~:text=DA%20ALTERA%C3%87%C3%83O%20DOS%20CONTRATOS%20E%20DOS%20PRE%C3%87OS\" target=\"_blank\" >artigos 124 a 136<\/a> da Lei 14.133\/2021, mas tamb\u00e9m faremos, quando oportuno, remiss\u00f5es \u00e0 Lei 8.666\/93.<\/p>\n\n\n\n<p>Com efeito, \u00e9 importante lembrar que existe uma previs\u00e3o constitucional para que a Administra\u00e7\u00e3o P\u00fablica proceda \u00e0 licita\u00e7\u00e3o e, posteriormente, \u00e0 perfectibiliza\u00e7\u00e3o de um contrato administrativo.&nbsp;<\/p>\n\n\n\n<p>Trata-se de previs\u00e3o constante do artigo 37, inciso XXI, da CF\/88:<\/p>\n\n\n\n<blockquote class=\"wp-block-quote is-layout-flow wp-block-quote-is-layout-flow\">\n<p class=\"has-small-font-size\">Art. 37. (&#8230;)<\/p>\n\n\n\n<p class=\"has-small-font-size\">XXI &#8211; ressalvados os casos especificados na legisla\u00e7\u00e3o, as obras, servi\u00e7os, compras e aliena\u00e7\u00f5es ser\u00e3o contratados mediante processo de licita\u00e7\u00e3o p\u00fablica que assegure igualdade de condi\u00e7\u00f5es a todos os concorrentes, com cl\u00e1usulas que estabele\u00e7am obriga\u00e7\u00f5es de pagamento, mantidas as condi\u00e7\u00f5es efetivas da proposta, nos termos da lei, o qual somente permitir\u00e1 as exig\u00eancias de qualifica\u00e7\u00e3o t\u00e9cnica e econ\u00f4mica indispens\u00e1veis \u00e0 garantia do cumprimento das obriga\u00e7\u00f5es.&nbsp;<\/p>\n<\/blockquote>\n\n\n\n<p>Como se nota do dispositivo acima, <strong>a licita\u00e7\u00e3o \u00e9 um instrumento<\/strong> pelo qual a Administra\u00e7\u00e3o P\u00fablica escolhe um licitante vencedor para com ele, <strong>posteriormente, firmar um contrato administrativo.<\/strong><\/p>\n\n\n\n<p>Portanto, ap\u00f3s o procedimento licitat\u00f3rio, o que vem \u00e9 a formaliza\u00e7\u00e3o do contrato administrativo.<\/p>\n\n\n\n<p><strong>No entanto, por vezes, durante a vig\u00eancia do contrato administrativo, mostra-se necess\u00e1rio alter\u00e1-lo, seja de forma unilateral (sem necessidade de concord\u00e2ncia do outro contratante), seja por acordo entre as partes.<\/strong><\/p>\n\n\n\n<p>\u00c9 nesse contexto que entramos no nosso pr\u00f3ximo t\u00f3pico.<\/p>\n\n\n\n<h3 class=\"wp-block-heading has-luminous-vivid-orange-color has-text-color has-link-color wp-elements-2597ff433d01bbcf66450f5b6ba5f702\" id=\"h-alteracoes-unilaterais-do-contrato-administrativo-nbsp\"><span id=\"alteracoes-unilaterais-do-contrato-administrativo\">Altera\u00e7\u00f5es Unilaterais do Contrato Administrativo&nbsp;<\/span><\/h3>\n\n\n\n<h4 class=\"wp-block-heading has-luminous-vivid-orange-color has-text-color has-link-color wp-elements-b892d586283754121f6e9b64040e6cd1\" id=\"h-conceituacao\"><span id=\"conceituacao\">Conceitua\u00e7\u00e3o<\/span><\/h4>\n\n\n\n<p>Com efeito, a altera\u00e7\u00e3o\/modifica\u00e7\u00e3o <strong>unilateral<\/strong> do contrato administrativo nada mais \u00e9 do que <strong>o exerc\u00edcio de uma das prerrogativas da Administra\u00e7\u00e3o P\u00fablica <\/strong>constantes do artigo 104 da Lei 14.133\/2021.<\/p>\n\n\n\n<p>Nesse sentido, destaca-se que o inciso I do artigo 104 prev\u00ea que a Administra\u00e7\u00e3o, em rela\u00e7\u00e3o aos contratos, poder\u00e1 <strong><em>\u201cmodific\u00e1-los, unilateralmente, para melhor adequa\u00e7\u00e3o \u00e0s finalidades de interesse p\u00fablico, respeitados os direitos do contratado\u201d<\/em><\/strong>.<\/p>\n\n\n\n<p>Al\u00e9m disso, vale ressaltar que as prerrogativas da Administra\u00e7\u00e3o constantes do artigo 104 \u00e9 o que chamamos de <strong>cl\u00e1usulas exorbitantes<\/strong>.<\/p>\n\n\n\n<p>As cl\u00e1usulas exorbitantes possuem fundamento no <strong>princ\u00edpio da supremacia do interesse p\u00fablico<\/strong> sobre o privado e, por \u00f3bvio, t\u00eam por objetivo possibilitar \u00e0 Administra\u00e7\u00e3o, no caso concreto, que altere o contrato visando ao interesse p\u00fablico.<\/p>\n\n\n\n<p>Notem, inclusive, que, por realmente ser uma imposi\u00e7\u00e3o do Poder P\u00fablico, o artigo 104 da Lei 14.133\/2021 sequer menciona a altera\u00e7\u00e3o bilateral (por acordo entre as partes), embora ela conste da Lei.<\/p>\n\n\n\n<p>No entanto, como veremos \u00e0 frente, a Lei 14.133\/2021 imp\u00f5e limites \u00e0 altera\u00e7\u00e3o unilateral.<\/p>\n\n\n\n<h4 class=\"wp-block-heading has-luminous-vivid-orange-color has-text-color has-link-color wp-elements-36b7a62a4b68d3ff2a30a29ceaa90d8b\" id=\"h-hipoteses-de-alteracao-unilateral\"><span id=\"hipoteses-de-alteracao-unilateral\">Hip\u00f3teses de altera\u00e7\u00e3o unilateral<\/span><\/h4>\n\n\n\n<p>Em primeiro lugar, \u00e9 importante destacar que <strong>apenas a Administra\u00e7\u00e3o P\u00fablica pode alterar um contrato administrativo de forma unilateral<\/strong>, haja vista que \u00e9 ela quem atua calcada no interesse p\u00fablico, como vimos acima.<\/p>\n\n\n\n<p>Sendo assim, destacamos que o inciso I do artigo 124 da NLLC (<a href=\"https:\/\/www.planalto.gov.br\/ccivil_03\/leis\/l8666cons.htm#:~:text=I%C2%A0%2D%C2%A0unilateralmente%20pela%20Administra%C3%A7%C3%A3o%3A\" target=\"_blank\" >artigo 65 da Lei 8.666\/93<\/a>) refere para n\u00f3s as hip\u00f3teses de modifica\u00e7\u00e3o unilateral do contrato:<\/p>\n\n\n\n<blockquote class=\"wp-block-quote is-layout-flow wp-block-quote-is-layout-flow\">\n<p class=\"has-small-font-size\">Art. 124. Os contratos regidos por esta Lei poder\u00e3o ser alterados, com as devidas justificativas, nos seguintes casos:<\/p>\n\n\n\n<p class=\"has-small-font-size\">I &#8211; unilateralmente pela Administra\u00e7\u00e3o:<\/p>\n\n\n\n<p class=\"has-small-font-size\">a) quando houver modifica\u00e7\u00e3o do projeto ou das especifica\u00e7\u00f5es, para melhor adequa\u00e7\u00e3o t\u00e9cnica a seus objetivos;<\/p>\n\n\n\n<p class=\"has-small-font-size\">b) quando for necess\u00e1ria a modifica\u00e7\u00e3o do valor contratual em decorr\u00eancia de acr\u00e9scimo ou diminui\u00e7\u00e3o quantitativa de seu objeto, nos limites permitidos por esta Lei;<\/p>\n<\/blockquote>\n\n\n\n<p>Nesse sentido, vejam que a hip\u00f3tese da <strong>al\u00ednea \u201ca\u201d<\/strong> \u00e9 uma modifica\u00e7\u00e3o fundamentada em <strong>adequa\u00e7\u00e3o t\u00e9cnica<\/strong>. Por isso, a doutrina chama essa hip\u00f3tese de <strong>modifica\u00e7\u00e3o qualitativa<\/strong>.<\/p>\n\n\n\n<p>Por outro lado, a <strong>al\u00ednea \u201cb\u201d<\/strong> visa a <strong>adequar financeiramente<\/strong> o contrato, haja vista que foi necess\u00e1rio ou acrescer ou diminuir o objeto da contrata\u00e7\u00e3o. Dessa forma, a doutrina denomina essa hip\u00f3tese de <strong>modifica\u00e7\u00e3o quantitativa<\/strong>.<\/p>\n\n\n\n<p>Ademais, a Lei estabelece que <strong>a formaliza\u00e7\u00e3o do termo aditivo \u00e9 condi\u00e7\u00e3o para a execu\u00e7\u00e3o, pelo contratado<\/strong>, das presta\u00e7\u00f5es determinadas pela Administra\u00e7\u00e3o no curso da execu\u00e7\u00e3o do contrato (<strong>salvo nos casos de justificada necessidade de antecipa\u00e7\u00e3o de seus efeitos<\/strong>, hip\u00f3tese em que a formaliza\u00e7\u00e3o dever\u00e1 ocorrer no prazo m\u00e1ximo de 01 m\u00eas).<\/p>\n\n\n\n<h4 class=\"wp-block-heading has-luminous-vivid-orange-color has-text-color has-link-color wp-elements-4b31b83d82bd6ba5758acb133fd041f1\" id=\"h-limites-as-alteracoes-unilaterais-quantitativas-da-administracao\"><span id=\"limites-as-alteracoes-unilaterais-quantitativas-da-administracao\">Limites \u00e0s altera\u00e7\u00f5es unilaterais quantitativas da Administra\u00e7\u00e3o<\/span><\/h4>\n\n\n\n<p>Com efeito, a Lei, em seu artigo 125, disp\u00f5e que:<\/p>\n\n\n\n<blockquote class=\"wp-block-quote is-layout-flow wp-block-quote-is-layout-flow\">\n<p class=\"has-small-font-size\">Art. 125. Nas altera\u00e7\u00f5es unilaterais a que se refere o inciso I do caput do art. 124 desta Lei, o contratado ser\u00e1 obrigado a aceitar, nas mesmas condi\u00e7\u00f5es contratuais, acr\u00e9scimos ou supress\u00f5es de at\u00e9 25% (vinte e cinco por cento) do valor inicial atualizado do contrato que se fizerem nas obras, nos servi\u00e7os ou nas compras, e, no caso de reforma de edif\u00edcio ou de equipamento, o limite para os acr\u00e9scimos ser\u00e1 de 50% (cinquenta por cento).<\/p>\n<\/blockquote>\n\n\n\n<p>Portanto, o contrato fica obrigado a aceitar as altera\u00e7\u00f5es unilaterais desde que:<\/p>\n\n\n\n<ul class=\"wp-block-list\">\n<li><strong>No caso de obras, servi\u00e7os ou compras<\/strong>:&nbsp;<\/li>\n<\/ul>\n\n\n\n<p>Permite-se <strong>ACR\u00c9SCIMOS <\/strong>e <strong>SUPRESS\u00d5ES <\/strong>que representem <strong>at\u00e9 25%<\/strong> do valor inicial do contrato.<br><\/p>\n\n\n\n<ul class=\"wp-block-list\">\n<li><strong>No caso de reforma de edif\u00edcio ou de equipamento<\/strong>:<br><br>Permite-se <strong>ACR\u00c9SCIMOS <\/strong>que representem <strong>at\u00e9 50%<\/strong> e <strong>SUPRESS\u00d5ES <\/strong>que representem <strong>at\u00e9 25%<\/strong> do valor inicial do contrato.<br><\/li>\n<\/ul>\n\n\n\n<p>Ademais, nas altera\u00e7\u00f5es contratuais para <strong>SUPRESS\u00c3O de obras, bens ou servi\u00e7os<\/strong>, se o <strong>contratado j\u00e1 houver adquirido os materiais e os colocado no local dos trabalhos<\/strong>, estes dever\u00e3o ser pagos pela Administra\u00e7\u00e3o pelos custos de aquisi\u00e7\u00e3o regularmente comprovados e monetariamente reajustados, podendo caber indeniza\u00e7\u00e3o por outros danos eventualmente decorrentes da supress\u00e3o, desde que regularmente comprovados.<\/p>\n\n\n\n<h4 class=\"wp-block-heading has-luminous-vivid-orange-color has-text-color has-link-color wp-elements-59552983e1c8e733b53b50c449a59903\" id=\"h-vedacao-a-transfiguracao-do-contrato\"><span id=\"vedacao-a-transfiguracao-do-contrato\">Veda\u00e7\u00e3o \u00e0 transfigura\u00e7\u00e3o do contrato<\/span><\/h4>\n\n\n\n<p>Al\u00e9m disso, a Lei 14.133\/2021 afirma que <strong>as altera\u00e7\u00f5es unilaterais N\u00c3O poder\u00e3o transfigurar o objeto da contrata\u00e7\u00e3o<\/strong>.<\/p>\n\n\n\n<p>Isso significa dizer que a altera\u00e7\u00e3o unilateral n\u00e3o poder\u00e1 ser de tal forma que acabe, na verdade, por alterar o pr\u00f3prio objeto da contrata\u00e7\u00e3o.&nbsp;<\/p>\n\n\n\n<figure class=\"wp-block-table\"><table><tbody><tr><td><strong>Exemplo<\/strong>: hipoteticamente (<em>sabemos que n\u00e3o ser\u00e1 no Brasil<\/em>), o Poder P\u00fablico firmou contrato administrativo com a empresa \u201cAlfa\u201d para construir um est\u00e1dio de futebol para a Copa do Mundo que ocorrer\u00e1 no Brasil em 2026.<br><br>Imagine que a Administra\u00e7\u00e3o pretenda alterar unilateralmente esse contrato para acrescentar, no mesmo terreno do est\u00e1dio de futebol, um gin\u00e1sio destinado \u00e0 Copa do Mundo de V\u00f4lei.\u00a0<br><br><em>Essa altera\u00e7\u00e3o, ainda que esteja nos limites financeiros, ser\u00e1 poss\u00edvel?\u00a0<\/em><br><br>A resposta \u00e9 <strong>N\u00c3O<\/strong>, uma vez que o objeto do contrato \u00e9 um est\u00e1dio de futebol. Sendo assim, a altera\u00e7\u00e3o unilateral para constru\u00e7\u00e3o de um gin\u00e1sio de v\u00f4lei transfiguraria o objeto da contrata\u00e7\u00e3o.<\/td><\/tr><\/tbody><\/table><\/figure>\n\n\n\n<h4 class=\"wp-block-heading has-luminous-vivid-orange-color has-text-color has-link-color wp-elements-9fce1d59199daa4fbe00a40b3ae5503e\" id=\"h-preservacao-do-equilibrio-economico-financeiro\"><span id=\"preservacao-do-equilibrio-economico-financeiro\">Preserva\u00e7\u00e3o do equil\u00edbrio econ\u00f4mico-financeiro<\/span><\/h4>\n\n\n\n<p>Embora a Administra\u00e7\u00e3o possa alterar o contrato de forma unilateral, h\u00e1 limites, como dissemos.<\/p>\n\n\n\n<p>Portanto, em qualquer caso, \u00e9 necess\u00e1rio observar os \u00a7\u00a7 1\u00ba e 2\u00ba do artigo 104 da NLLC:<\/p>\n\n\n\n<blockquote class=\"wp-block-quote is-layout-flow wp-block-quote-is-layout-flow\">\n<p class=\"has-small-font-size\">\u00a7 1\u00ba As <strong>cl\u00e1usulas econ\u00f4mico-financeiras e monet\u00e1rias<\/strong> dos contratos <strong>N\u00c3O PODER\u00c3O ser alteradas sem pr\u00e9via concord\u00e2ncia do contratado<\/strong>.<\/p>\n\n\n\n<p class=\"has-small-font-size\">\u00a7 2\u00ba Na hip\u00f3tese prevista no inciso I do caput deste artigo, as cl\u00e1usulas econ\u00f4mico-financeiras do contrato dever\u00e3o ser revistas para que se mantenha o equil\u00edbrio contratual.<\/p>\n<\/blockquote>\n\n\n\n<p>A conclus\u00e3o que extra\u00edmos desses par\u00e1grafos \u00e9 a de que, embora n\u00e3o seja poss\u00edvel alterar de forma unilateral nem as cl\u00e1usulas econ\u00f4mico-financeiras nem as monet\u00e1rias, pode acontecer de, nas hip\u00f3teses que vimos acima de altera\u00e7\u00e3o unilateral, haver impacto nessas cl\u00e1usulas.<\/p>\n\n\n\n<p>Sendo assim, caso as altera\u00e7\u00f5es unilaterais impactem as cl\u00e1usulas econ\u00f4mico-financeiras do contrato, estas \u00faltimas dever\u00e3o ser revistas para que se mantenha o equil\u00edbrio contratual.<\/p>\n\n\n\n<p>Al\u00e9m disso, a Lei 14.133\/2021 disp\u00f5e que, caso haja altera\u00e7\u00e3o unilateral do contrato que aumente ou diminua <strong>os encargos do contratado<\/strong>, a Administra\u00e7\u00e3o dever\u00e1 restabelecer, <strong>no mesmo termo aditivo, o equil\u00edbrio econ\u00f4mico-financeiro inicial.<\/strong><\/p>\n\n\n\n<p>Por fim, quanto ao assunto, referimos a literalidade do artigo 131 da NLLC:<\/p>\n\n\n\n<blockquote class=\"wp-block-quote is-layout-flow wp-block-quote-is-layout-flow\">\n<p class=\"has-small-font-size\">Art. 131. A extin\u00e7\u00e3o do contrato n\u00e3o configurar\u00e1 \u00f3bice para o reconhecimento do desequil\u00edbrio econ\u00f4mico-financeiro, hip\u00f3tese em que ser\u00e1 concedida indeniza\u00e7\u00e3o por meio de termo indenizat\u00f3rio.<\/p>\n\n\n\n<p class=\"has-small-font-size\">Par\u00e1grafo \u00fanico. O pedido de restabelecimento do equil\u00edbrio econ\u00f4mico-financeiro dever\u00e1 ser formulado durante a vig\u00eancia do contrato e antes de eventual prorroga\u00e7\u00e3o nos termos do art. 107 desta Lei.<br><br><\/p>\n<\/blockquote>\n\n\n\n<h3 class=\"wp-block-heading has-luminous-vivid-orange-color has-text-color has-link-color wp-elements-97a1359bd133960a9bbfcd1cce62399d\" id=\"h-alteracoes-bilaterais-por-acordo-do-contrato-administrativo-nbsp\"><span id=\"alteracoes-bilaterais-por-acordo-do-contrato-administrativo\">Altera\u00e7\u00f5es Bilaterais (por acordo) do Contrato Administrativo&nbsp;<\/span><\/h3>\n\n\n\n<p>As altera\u00e7\u00f5es bilaterais s\u00e3o aquelas em que h\u00e1 vontade de ambos os contratantes (acordo entre as partes).<\/p>\n\n\n\n<p>Sendo assim, vamos ver o que o inciso II do artigo 124 da NLLC diz para n\u00f3s:<\/p>\n\n\n\n<blockquote class=\"wp-block-quote is-layout-flow wp-block-quote-is-layout-flow\">\n<p class=\"has-small-font-size\">Art. 124. Os contratos regidos por esta Lei poder\u00e3o ser alterados, com as devidas justificativas, nos seguintes casos:<\/p>\n\n\n\n<p class=\"has-small-font-size\">(&#8230;)<\/p>\n\n\n\n<p class=\"has-small-font-size\"><strong>II &#8211; por acordo entre as partes:<\/strong><\/p>\n\n\n\n<p class=\"has-small-font-size\">a) quando<strong> conveniente a substitui\u00e7\u00e3o da garantia<\/strong> de execu\u00e7\u00e3o;<\/p>\n\n\n\n<p class=\"has-small-font-size\">b) quando <strong>necess\u00e1ria a modifica\u00e7\u00e3o do regime de execu\u00e7\u00e3o da obra ou do servi\u00e7<\/strong>o, bem como do <strong>modo de fornecimento<\/strong>, em face de verifica\u00e7\u00e3o t\u00e9cnica da inaplicabilidade dos termos contratuais origin\u00e1rios;<\/p>\n\n\n\n<p class=\"has-small-font-size\">c) quando <strong>necess\u00e1ria a modifica\u00e7\u00e3o da forma de pagamento por imposi\u00e7\u00e3o de circunst\u00e2ncias supervenientes<\/strong>, mantido o valor inicial atualizado e vedada a antecipa\u00e7\u00e3o do pagamento em rela\u00e7\u00e3o ao cronograma financeiro fixado sem a correspondente contrapresta\u00e7\u00e3o de fornecimento de bens ou execu\u00e7\u00e3o de obra ou servi\u00e7o;<\/p>\n\n\n\n<p class=\"has-small-font-size\">d) <strong>para restabelecer o equil\u00edbrio econ\u00f4mico-financeiro inicial do contrato<\/strong> em caso de for\u00e7a maior, caso fortuito ou fato do pr\u00edncipe ou em decorr\u00eancia de fatos imprevis\u00edveis ou previs\u00edveis de consequ\u00eancias incalcul\u00e1veis, que inviabilizem a execu\u00e7\u00e3o do contrato tal como pactuado, respeitada, em qualquer caso, a reparti\u00e7\u00e3o objetiva de risco estabelecida no contrato.<\/p>\n\n\n\n<p class=\"has-small-font-size\">(&#8230;)<br><br>\u00a7 2\u00ba Ser\u00e1 <strong>aplicado o disposto na al\u00ednea \u201cd\u201d do inciso II<\/strong> do caput deste artigo \u00e0s contrata\u00e7\u00f5es de obras e servi\u00e7os de engenharia, quando a <strong>execu\u00e7\u00e3o for obstada pelo atraso na conclus\u00e3o de procedimentos de desapropria\u00e7\u00e3o, desocupa\u00e7\u00e3o, servid\u00e3o administrativa ou licenciamento ambiental, por circunst\u00e2ncias alheias ao contratado<\/strong>.<\/p>\n<\/blockquote>\n\n\n\n<p>Vejam que os casos das al\u00edneas \u201ca\u201d, \u201cb\u201d e \u201cc\u201d s\u00e3o relativamente tranquilos, bastando uma leitura atenta.<\/p>\n\n\n\n<p>Por sua vez, a al\u00ednea \u201cd\u201d e o \u00a7 2\u00ba trazem conceitos mais espec\u00edficos, sobre os quais falaremos agora.&nbsp;<\/p>\n\n\n\n<p>De todo modo, note que, em qualquer caso da al\u00ednea \u201cd\u201d e do \u00a7 2\u00ba, o que se pretende \u00e9 <strong>restabelecer o equil\u00edbrio econ\u00f4mico-financeiro inicial <\/strong>do contrato por comum acordo entre as partes, haja vista a ocorr\u00eancia de fato que inviabilizou a execu\u00e7\u00e3o do contrato nos termos em que as partes adimpliram inicialmente.<\/p>\n\n\n\n<p>Al\u00e9m disso, veja que em <strong>nenhum dos casos a seguir h\u00e1 culpa do contratado<\/strong>, mas que haver\u00e1, em qualquer caso, a <strong>reparti\u00e7\u00e3o objetiva de risco<\/strong> estabelecida no contrato.<\/p>\n\n\n\n<h4 class=\"wp-block-heading has-luminous-vivid-orange-color has-text-color has-link-color wp-elements-97c646465ab8dbcc698b1408235d6f5f\" id=\"h-caso-fortuito-ou-forca-maior\"><span id=\"caso-fortuito-ou-forca-maior\">Caso fortuito ou for\u00e7a maior<\/span><\/h4>\n\n\n\n<p>Alguns autores diferenciam esses conceitos.&nbsp;<\/p>\n\n\n\n<p>No entanto, como n\u00e3o h\u00e1 unanimidade e legalmente possuem o mesmo efeito, o prof. Herbert Almeida aconselha a ado\u00e7\u00e3o do sentido gen\u00e9rico para designar ambos como <strong>eventos extraordin\u00e1rios, inevit\u00e1veis e imprevis\u00edveis \u2013 ou previs\u00edveis, mas de consequ\u00eancias incalcul\u00e1veis<\/strong> -, alheios \u00e0 vontade das partes que acarretem onerosidade excessiva, retardamento ou impossibilidade de execu\u00e7\u00e3o do objeto do contrato<\/p>\n\n\n\n<p>\u00c9 o caso, por exemplo, de eventos naturais catastr\u00f3ficos que afetem ou impe\u00e7am a execu\u00e7\u00e3o do objeto do contrato.&nbsp;<\/p>\n\n\n\n<h4 class=\"wp-block-heading has-luminous-vivid-orange-color has-text-color has-link-color wp-elements-6c71f2679f6db0e8c863324940e5e0b0\" id=\"h-fato-do-principe\"><span id=\"fato-do-principe\">Fato do Pr\u00edncipe<\/span><\/h4>\n\n\n\n<p>Primeiramente, para entendermos o \u201cFato do Pr\u00edncipe\u201d, vamos ler o artigo 134 da NLLC:<\/p>\n\n\n\n<blockquote class=\"wp-block-quote is-layout-flow wp-block-quote-is-layout-flow\">\n<p class=\"has-small-font-size\">Art. 134. Os pre\u00e7os contratados ser\u00e3o alterados, para mais ou para menos, conforme o caso, se houver, ap\u00f3s a data da apresenta\u00e7\u00e3o da proposta, cria\u00e7\u00e3o, altera\u00e7\u00e3o ou extin\u00e7\u00e3o de quaisquer tributos ou encargos legais ou a superveni\u00eancia de disposi\u00e7\u00f5es legais, com comprovada repercuss\u00e3o sobre os pre\u00e7os contratados.<\/p>\n<\/blockquote>\n\n\n\n<p>Vejam que o nome \u201cFato do Pr\u00edncipe\u201d tem sua raz\u00e3o de ser pois <strong>decorre de um fato realizado pelo Governo em sentido amplo<\/strong> (e n\u00e3o pela Administra\u00e7\u00e3o P\u00fablica contratante).<\/p>\n\n\n\n<p>Nesse sentido, \u00e9 importante frisar que o Fato do Pr\u00edncipe \u00e9 uma determina\u00e7\u00e3o de forma geral para sociedade e que <strong>N\u00c3O incide especificamente no contrato administrativo (<\/strong><strong><em>caso contr\u00e1rio estar\u00edamos diante de uma altera\u00e7\u00e3o unilateral da Administra\u00e7\u00e3o, n\u00e3o \u00e9 mesmo?!<\/em><\/strong><strong>)<\/strong><\/p>\n\n\n\n<p>Nesse caso previsto expressamente no artigo 134, vemos que a conduta do Governo reside numa altera\u00e7\u00e3o tribut\u00e1ria ou altera\u00e7\u00e3o legislativa, <strong>desde que comprovadamente repercutam sobre os pre\u00e7os do contrato<\/strong>.<\/p>\n\n\n\n<p>Por\u00e9m, fiquem atentos porque existem outras hip\u00f3teses que podem caracterizar o Fato do Pr\u00edncipe, sendo o artigo 134 apenas um exemplo expressamente previsto na NLLC.&nbsp;<\/p>\n\n\n\n<p>Portanto, o que temos que guardar \u00e9 que se trata de uma <strong>determina\u00e7\u00e3o estatal gen\u00e9rica que atinge indiretamente o contrato administrativo<\/strong>.<\/p>\n\n\n\n<h4 class=\"wp-block-heading has-luminous-vivid-orange-color has-text-color has-link-color wp-elements-8fff86560ab52f19c3dd5677682655b5\" id=\"h-fato-da-administracao\"><span id=\"fato-da-administracao\">Fato da Administra\u00e7\u00e3o<\/span><\/h4>\n\n\n\n<p>Como vimos no \u00a7 2\u00ba do artigo 124 na Lei 14.133\/2021, aplicar-se-\u00e1 o disposto na al\u00ednea \u201cd\u201d \u00e0s contrata\u00e7\u00f5es de obras e servi\u00e7os de engenharia, quando a execu\u00e7\u00e3o for obstada pelo atraso na conclus\u00e3o de procedimentos de desapropria\u00e7\u00e3o, desocupa\u00e7\u00e3o, servid\u00e3o administrativa ou licenciamento ambiental, <strong>por circunst\u00e2ncias alheias ao contratado<\/strong>.<\/p>\n\n\n\n<p>Veja que nesses casos <strong>a responsabilidade para concluir os procedimentos N\u00c3O era do contratado. <\/strong>Sendo assim, v\u00ea-se que se trata de casos em que era da Administra\u00e7\u00e3o a responsabilidade.<\/p>\n\n\n\n<figure class=\"wp-block-table\"><table><tbody><tr><td><strong>Exemplo<\/strong>:<br><br>Continuando aquele mesmo exemplo que demos acima, imagine que a responsabilidade para realizar a desapropria\u00e7\u00e3o de resid\u00eancias urbanas para constru\u00e7\u00e3o do est\u00e1dio na localidade prevista era do Poder P\u00fablico.<br><br>Nesse caso, enquanto n\u00e3o houver a desapropria\u00e7\u00e3o pelo Poder P\u00fablico, por \u00f3bvio a empresa contratada para a constru\u00e7\u00e3o do est\u00e1dio n\u00e3o poder\u00e1 come\u00e7ar a executar o objeto do contrato, ainda que o prazo inicialmente previsto para in\u00edcio das obras j\u00e1 esteja fluindo.<br><br>Temos, portanto, um <strong>fato da administra\u00e7\u00e3o<\/strong> que impede a execu\u00e7\u00e3o do contrato em seus termos iniciais e que, portanto, <strong>enseja a altera\u00e7\u00e3o contratual.<\/strong><\/td><\/tr><\/tbody><\/table><\/figure>\n\n\n\n<p>Por fim, notem que <strong>o fato da administra\u00e7\u00e3o relaciona-se diretamente com o contrato<\/strong>, <strong>enquanto o fato do pr\u00edncipe \u00e9 uma determina\u00e7\u00e3o estatal geral<\/strong>.<\/p>\n\n\n\n<h4 class=\"wp-block-heading has-luminous-vivid-orange-color has-text-color has-link-color wp-elements-7450102dfa920e8244ea4e145c839756\" id=\"h-interferencias-imprevistas\"><span id=\"interferencias-imprevistas\">Interfer\u00eancias imprevistas<\/span><\/h4>\n\n\n\n<p>Hely Lopes Meirelles (<em>apud prof. Herbert Almeida<\/em>) define \u201cinterfer\u00eancias imprevistas\u201d como sendo as ocorr\u00eancias materiais, n\u00e3o cogitadas pelas partes na celebra\u00e7\u00e3o do contrato, mas que s\u00e3o descobertas na sua execu\u00e7\u00e3o de modo excepcional e surpreendente, dificultando ou onerando extraordinariamente o prosseguimento e a conclus\u00e3o dos trabalhos.<\/p>\n\n\n\n<p>Sua diferen\u00e7a para os demais casos que vimos aqui \u00e9 porque aqui <strong>essas circunst\u00e2ncias j\u00e1 preexistiam quando firmado o contrato administrativo, mas eram desconhecidas pelas partes<\/strong>.<\/p>\n\n\n\n<p>O prof. Herbert exemplifica da seguinte forma:<\/p>\n\n\n\n<blockquote class=\"wp-block-quote is-layout-flow wp-block-quote-is-layout-flow\">\n<p>Imagine, por exemplo, que a descri\u00e7\u00e3o do objeto de uma obra considerava a exist\u00eancia de um terreno arenoso. Por\u00e9m, ao iniciar as escava\u00e7\u00f5es, descobre-se que o solo \u00e9 rochoso, fato este que implicar\u00e1 em gastos excessivamente maiores que os previstos inicialmente.<\/p>\n<\/blockquote>\n\n\n\n<h2 class=\"wp-block-heading has-luminous-vivid-orange-color has-text-color has-link-color wp-elements-8871d2689d7a3ee009302ca68a999801\" id=\"h-conclusao\"><span id=\"conclusao\">Conclus\u00e3o<\/span><\/h2>\n\n\n\n<p>Portanto, pessoal, esse foi nosso breve resumo sobre a Altera\u00e7\u00e3o\/Modifica\u00e7\u00e3o do Contrato Administrativo para o ENAM (Exame Nacional da Magistratura).<\/p>\n\n\n\n<p>Por fim, considerando que n\u00e3o esgotamos aqui o tema, n\u00e3o deixe de revisar o assunto em seu material de estudos e praticar com diversas quest\u00f5es sobre o tema.<\/p>\n\n\n\n<p>No mais, desejamos uma excelente prova a todos!!<\/p>\n\n\n\n<p class=\"has-text-align-center\" id=\"h-quer-saber-tudo-sobre-concursos-previstos\"><strong>Quer saber quais ser\u00e3o os pr\u00f3ximos concursos?<\/strong><\/p>\n\n\n\n<p class=\"has-text-align-center\"><strong>Confira nossos artigos!<\/strong><\/p>\n\n\n\n<p class=\"has-text-align-center has-white-color has-pale-cyan-blue-background-color has-text-color has-background\"><a href=\"https:\/\/www.estrategiaconcursos.com.br\/blog\/concursos-abertos\/\" target=\"_blank\" >Confira os concursos p\u00fablicos abertos<\/a><\/p>\n\n\n\n<p class=\"has-text-align-center has-white-color has-pale-cyan-blue-background-color has-text-color has-background\"><a href=\"https:\/\/www.estrategiaconcursos.com.br\/blog\/concursos-2024\/\" target=\"_blank\" >Concursos 2024<\/a><\/p>\n\n\n\n<h3 class=\"wp-block-heading\" id=\"assinatura-de-concursos\">Assinatura de Concursos<\/h3>\n\n\n\n<p>Assinatura de 1 ano ou 2 anos <a href=\"https:\/\/www.estrategiaconcursos.com.br\/assinaturas\/\" target=\"_blank\" >ASSINE AGORA<\/a><\/p>\n\n\n\n<p>Agora, confira as vagas e oportunidades dos&nbsp;<strong>concursos 2024<\/strong>&nbsp;navegando atrav\u00e9s do \u00edndice abaixo:<\/p>\n\n\n\n<h2 class=\"wp-block-heading\" id=\"concursos-e-vagas-previstas-para-2023\"><span id=\"concursos-e-vagas-previstas-para-2024\">Concursos e vagas previstas para 2024:<\/span><\/h2>\n\n\n\n<p>Ademais, al\u00e9m deste resumo sobre a Altera\u00e7\u00e3o do Contrato Administrativo para ENAM, confira:<\/p>\n\n\n\n<ul class=\"wp-block-list\">\n<li><a href=\"https:\/\/www.estrategiaconcursos.com.br\/blog\/concursos-2023\/#policial\" target=\"_blank\" >Concursos Policiais<\/a><\/li>\n\n\n\n<li><a href=\"https:\/\/www.estrategiaconcursos.com.br\/blog\/concursos-2023\/#fiscal\" target=\"_blank\" >Concursos Fiscais<\/a><\/li>\n\n\n\n<li><a href=\"https:\/\/www.estrategiaconcursos.com.br\/blog\/concursos-2023\/#controle\" target=\"_blank\" >Concursos Controle<\/a><\/li>\n\n\n\n<li><a href=\"https:\/\/www.estrategiaconcursos.com.br\/blog\/concursos-2023\/#tribunais\" target=\"_blank\" >Concursos Tribunais<\/a><\/li>\n\n\n\n<li><a href=\"https:\/\/www.estrategiaconcursos.com.br\/blog\/concursos-2023\/#ministerios-publicos\" target=\"_blank\" >Concursos em Minist\u00e9rios P\u00fablicos<\/a><\/li>\n\n\n\n<li><a href=\"https:\/\/www.estrategiaconcursos.com.br\/blog\/concursos-2023\/#defensorias-publicas\" target=\"_blank\" >Concursos em Defensorias<\/a><\/li>\n\n\n\n<li><a href=\"https:\/\/www.estrategiaconcursos.com.br\/blog\/concursos-2023\/#legislativa\" target=\"_blank\" >Concursos Legislativos<\/a><\/li>\n\n\n\n<li><a href=\"https:\/\/www.estrategiaconcursos.com.br\/blog\/concursos-2023\/#saude\" target=\"_blank\" >Concursos da \u00e1rea da Sa\u00fade<\/a><\/li>\n\n\n\n<li><a href=\"https:\/\/www.estrategiaconcursos.com.br\/blog\/concursos-2023\/#bancaria\" target=\"_blank\" >Concursos da \u00e1rea banc\u00e1ria<\/a><\/li>\n\n\n\n<li><a href=\"https:\/\/www.estrategiaconcursos.com.br\/blog\/concursos-2023\/#educacao\" target=\"_blank\" >Concursos da \u00e1rea da Educa\u00e7\u00e3o<\/a><\/li>\n\n\n\n<li><a href=\"https:\/\/www.estrategiaconcursos.com.br\/blog\/concursos-2023\/#prefeituras\" target=\"_blank\" >Concursos para Prefeituras<\/a><\/li>\n\n\n\n<li><a href=\"https:\/\/www.estrategiaconcursos.com.br\/blog\/concursos-2023\/#outros\" target=\"_blank\" >Concursos outras oportunidades<\/a><\/li>\n<\/ul>\n\n\n\n<p class=\"has-text-align-center has-luminous-vivid-amber-background-color has-background\" style=\"font-size:22px\"><strong>Veja tamb\u00e9m: <a href=\"https:\/\/www.estrategiaconcursos.com.br\/blog\/concursos-abertos\/\" target=\"_blank\" >Concursos Abertos<\/a><\/strong><\/p>\n\n\n\n<p class=\"has-text-align-left\" style=\"font-size:25px\"><em><strong>Quer saber tudo sobre os concursos previstos? Confira nossos artigos completos:<\/strong><\/em><\/p>\n\n\n\n<p>Ademais, al\u00e9m deste resumo sobre a Altera\u00e7\u00e3o do Contrato Administrativo para ENAM, confira:<\/p>\n\n\n\n<ul class=\"wp-block-list\">\n<li><a href=\"https:\/\/www.estrategiaconcursos.com.br\/blog\/concursos-2024\/\" target=\"_blank\" >Concursos 2024<\/a><\/li>\n\n\n\n<li><a href=\"https:\/\/www.estrategiaconcursos.com.br\/blog\/concurso-nacional-unificado\/\" target=\"_blank\" >Concurso Nacional Unificado (CNU)<\/a><\/li>\n<\/ul>\n","protected":false},"excerpt":{"rendered":"Fala, pessoal, tudo certo? Hoje faremos um resumo sobre a Altera\u00e7\u00e3o\/Modifica\u00e7\u00e3o do Contrato Administrativo para o ENAM (Exame&hellip;\n","protected":false},"author":39,"featured_media":57851,"comment_status":"open","ping_status":"open","sticky":false,"template":"","format":"standard","meta":{"_jetpack_memberships_contains_paid_content":false,"footnotes":""},"categories":[1,26],"tags":[],"tax_estado":[30,31,32,33,34,35,36,37,38,39,40,41,42,43,44,45,46,47,48,49,50,51,52,53,54,55,56,57],"class_list":{"0":"post-57850","1":"post","2":"type-post","3":"status-publish","4":"format-standard","5":"has-post-thumbnail","7":"category-carreiras-juridicas","8":"category-magistratura","9":"tax_estado-ac","10":"tax_estado-al","11":"tax_estado-am","12":"tax_estado-ap","13":"tax_estado-ba","14":"tax_estado-ce","15":"tax_estado-concursos-federais","16":"tax_estado-df","17":"tax_estado-es","18":"tax_estado-go","19":"tax_estado-ma","20":"tax_estado-mg","21":"tax_estado-ms","22":"tax_estado-mt","23":"tax_estado-pa","24":"tax_estado-pb","25":"tax_estado-pe","26":"tax_estado-pi","27":"tax_estado-pr","28":"tax_estado-rj","29":"tax_estado-rn","30":"tax_estado-ro","31":"tax_estado-rr","32":"tax_estado-rs","33":"tax_estado-sc","34":"tax_estado-se","35":"tax_estado-sp","36":"tax_estado-to"},"acf":[],"yoast_head":"<!-- This site is optimized with the Yoast SEO Premium plugin v27.4 (Yoast SEO v27.4) - https:\/\/yoast.com\/product\/yoast-seo-premium-wordpress\/ -->\n<title>Altera\u00e7\u00e3o do Contrato Administrativo para ENAM<\/title>\n<meta name=\"description\" content=\"Confira este resumo sobre a Altera\u00e7\u00e3o\/Modifica\u00e7\u00e3o do Contrato Administrativo para o ENAM (Exame Nacional da Magistratura).\" \/>\n<meta name=\"robots\" content=\"index, follow, max-snippet:-1, max-image-preview:large, max-video-preview:-1\" \/>\n<link rel=\"canonical\" href=\"https:\/\/cj.estrategia.com\/portal\/alteracao-contrato-administrativo-enam\/\" \/>\n<meta property=\"og:locale\" content=\"pt_BR\" \/>\n<meta property=\"og:type\" content=\"article\" \/>\n<meta property=\"og:title\" content=\"Altera\u00e7\u00e3o do Contrato Administrativo para ENAM\" \/>\n<meta property=\"og:description\" content=\"Confira este resumo sobre a Altera\u00e7\u00e3o\/Modifica\u00e7\u00e3o do Contrato Administrativo para o ENAM (Exame Nacional da Magistratura).\" \/>\n<meta property=\"og:url\" content=\"https:\/\/cj.estrategia.com\/portal\/alteracao-contrato-administrativo-enam\/\" \/>\n<meta property=\"og:site_name\" content=\"Blog - Carreiras Jur\u00eddicas - Estrat\u00e9gia\" \/>\n<meta property=\"article:publisher\" content=\"https:\/\/www.facebook.com\/estrategiacarreirajuridica\/\" \/>\n<meta property=\"article:published_time\" content=\"2024-04-03T11:00:00+00:00\" \/>\n<meta property=\"og:image\" content=\"https:\/\/cj.estrategia.com\/portal\/wp-content\/uploads\/2024\/03\/11175606\/Alteracao-do-Contrato-Administrativo-para-ENAM-scaled.jpg\" \/>\n\t<meta property=\"og:image:width\" content=\"2560\" \/>\n\t<meta property=\"og:image:height\" content=\"1707\" \/>\n\t<meta property=\"og:image:type\" content=\"image\/jpeg\" \/>\n<meta name=\"author\" content=\"Frederico Tadeu Borlot Peixoto\" \/>\n<meta name=\"twitter:card\" content=\"summary_large_image\" \/>\n<meta name=\"twitter:creator\" content=\"@EstratJuridica\" \/>\n<meta name=\"twitter:site\" content=\"@EstratJuridica\" \/>\n<meta name=\"twitter:label1\" content=\"Escrito por\" \/>\n\t<meta name=\"twitter:data1\" content=\"Frederico Tadeu Borlot Peixoto\" \/>\n\t<meta name=\"twitter:label2\" content=\"Est. tempo de leitura\" \/>\n\t<meta name=\"twitter:data2\" content=\"12 minutos\" \/>\n<script type=\"application\/ld+json\" class=\"yoast-schema-graph\">{\"@context\":\"https:\\\/\\\/schema.org\",\"@graph\":[{\"@type\":\"NewsArticle\",\"@id\":\"https:\\\/\\\/cj.estrategia.com\\\/portal\\\/alteracao-contrato-administrativo-enam\\\/#article\",\"isPartOf\":{\"@id\":\"https:\\\/\\\/cj.estrategia.com\\\/portal\\\/alteracao-contrato-administrativo-enam\\\/\"},\"author\":{\"name\":\"Frederico Tadeu Borlot Peixoto\",\"@id\":\"https:\\\/\\\/cj.estrategia.com\\\/portal\\\/#\\\/schema\\\/person\\\/74287401cf4654f4fa04e378de7261ec\"},\"headline\":\"Altera\u00e7\u00e3o do Contrato Administrativo para ENAM\",\"datePublished\":\"2024-04-03T11:00:00+00:00\",\"mainEntityOfPage\":{\"@id\":\"https:\\\/\\\/cj.estrategia.com\\\/portal\\\/alteracao-contrato-administrativo-enam\\\/\"},\"wordCount\":2858,\"commentCount\":0,\"publisher\":{\"@id\":\"https:\\\/\\\/cj.estrategia.com\\\/portal\\\/#organization\"},\"image\":{\"@id\":\"https:\\\/\\\/cj.estrategia.com\\\/portal\\\/alteracao-contrato-administrativo-enam\\\/#primaryimage\"},\"thumbnailUrl\":\"https:\\\/\\\/cj.estrategia.com\\\/portal\\\/wp-content\\\/uploads\\\/2024\\\/03\\\/11175606\\\/Alteracao-do-Contrato-Administrativo-para-ENAM-scaled.jpg\",\"articleSection\":[\"Carreiras Jur\u00eddicas\",\"Magistratura\"],\"inLanguage\":\"pt-BR\",\"potentialAction\":[{\"@type\":\"CommentAction\",\"name\":\"Comment\",\"target\":[\"https:\\\/\\\/cj.estrategia.com\\\/portal\\\/alteracao-contrato-administrativo-enam\\\/#respond\"]}]},{\"@type\":\"WebPage\",\"@id\":\"https:\\\/\\\/cj.estrategia.com\\\/portal\\\/alteracao-contrato-administrativo-enam\\\/\",\"url\":\"https:\\\/\\\/cj.estrategia.com\\\/portal\\\/alteracao-contrato-administrativo-enam\\\/\",\"name\":\"Altera\u00e7\u00e3o do Contrato Administrativo para ENAM\",\"isPartOf\":{\"@id\":\"https:\\\/\\\/cj.estrategia.com\\\/portal\\\/#website\"},\"primaryImageOfPage\":{\"@id\":\"https:\\\/\\\/cj.estrategia.com\\\/portal\\\/alteracao-contrato-administrativo-enam\\\/#primaryimage\"},\"image\":{\"@id\":\"https:\\\/\\\/cj.estrategia.com\\\/portal\\\/alteracao-contrato-administrativo-enam\\\/#primaryimage\"},\"thumbnailUrl\":\"https:\\\/\\\/cj.estrategia.com\\\/portal\\\/wp-content\\\/uploads\\\/2024\\\/03\\\/11175606\\\/Alteracao-do-Contrato-Administrativo-para-ENAM-scaled.jpg\",\"datePublished\":\"2024-04-03T11:00:00+00:00\",\"description\":\"Confira este resumo sobre a Altera\u00e7\u00e3o\\\/Modifica\u00e7\u00e3o do Contrato Administrativo para o ENAM (Exame Nacional da Magistratura).\",\"breadcrumb\":{\"@id\":\"https:\\\/\\\/cj.estrategia.com\\\/portal\\\/alteracao-contrato-administrativo-enam\\\/#breadcrumb\"},\"inLanguage\":\"pt-BR\",\"potentialAction\":[{\"@type\":\"ReadAction\",\"target\":[\"https:\\\/\\\/cj.estrategia.com\\\/portal\\\/alteracao-contrato-administrativo-enam\\\/\"]}]},{\"@type\":\"ImageObject\",\"inLanguage\":\"pt-BR\",\"@id\":\"https:\\\/\\\/cj.estrategia.com\\\/portal\\\/alteracao-contrato-administrativo-enam\\\/#primaryimage\",\"url\":\"https:\\\/\\\/cj.estrategia.com\\\/portal\\\/wp-content\\\/uploads\\\/2024\\\/03\\\/11175606\\\/Alteracao-do-Contrato-Administrativo-para-ENAM-scaled.jpg\",\"contentUrl\":\"https:\\\/\\\/cj.estrategia.com\\\/portal\\\/wp-content\\\/uploads\\\/2024\\\/03\\\/11175606\\\/Alteracao-do-Contrato-Administrativo-para-ENAM-scaled.jpg\",\"width\":2560,\"height\":1707,\"caption\":\"Altera\u00e7\u00e3o do Contrato Administrativo para ENAM\"},{\"@type\":\"BreadcrumbList\",\"@id\":\"https:\\\/\\\/cj.estrategia.com\\\/portal\\\/alteracao-contrato-administrativo-enam\\\/#breadcrumb\",\"itemListElement\":[{\"@type\":\"ListItem\",\"position\":1,\"name\":\"In\u00edcio\",\"item\":\"https:\\\/\\\/cj.estrategia.com\\\/portal\\\/\"},{\"@type\":\"ListItem\",\"position\":2,\"name\":\"Altera\u00e7\u00e3o do Contrato Administrativo para ENAM\"}]},{\"@type\":\"WebSite\",\"@id\":\"https:\\\/\\\/cj.estrategia.com\\\/portal\\\/#website\",\"url\":\"https:\\\/\\\/cj.estrategia.com\\\/portal\\\/\",\"name\":\"Blog - Carreiras Jur\u00eddicas - Estrat\u00e9gia\",\"description\":\"\",\"publisher\":{\"@id\":\"https:\\\/\\\/cj.estrategia.com\\\/portal\\\/#organization\"},\"potentialAction\":[{\"@type\":\"SearchAction\",\"target\":{\"@type\":\"EntryPoint\",\"urlTemplate\":\"https:\\\/\\\/cj.estrategia.com\\\/portal\\\/?s={search_term_string}\"},\"query-input\":{\"@type\":\"PropertyValueSpecification\",\"valueRequired\":true,\"valueName\":\"search_term_string\"}}],\"inLanguage\":\"pt-BR\"},{\"@type\":\"Organization\",\"@id\":\"https:\\\/\\\/cj.estrategia.com\\\/portal\\\/#organization\",\"name\":\"Estrat\u00e9gia - Carreiras Jur\u00eddicas\",\"url\":\"https:\\\/\\\/cj.estrategia.com\\\/portal\\\/\",\"logo\":{\"@type\":\"ImageObject\",\"inLanguage\":\"pt-BR\",\"@id\":\"https:\\\/\\\/cj.estrategia.com\\\/portal\\\/#\\\/schema\\\/logo\\\/image\\\/\",\"url\":\"https:\\\/\\\/cj.estrategia.com\\\/portal\\\/wp-content\\\/uploads\\\/2022\\\/03\\\/11151052\\\/cj-logo.png\",\"contentUrl\":\"https:\\\/\\\/cj.estrategia.com\\\/portal\\\/wp-content\\\/uploads\\\/2022\\\/03\\\/11151052\\\/cj-logo.png\",\"width\":150,\"height\":39,\"caption\":\"Estrat\u00e9gia - Carreiras Jur\u00eddicas\"},\"image\":{\"@id\":\"https:\\\/\\\/cj.estrategia.com\\\/portal\\\/#\\\/schema\\\/logo\\\/image\\\/\"},\"sameAs\":[\"https:\\\/\\\/www.facebook.com\\\/estrategiacarreirajuridica\\\/\",\"https:\\\/\\\/x.com\\\/EstratJuridica\",\"https:\\\/\\\/www.instagram.com\\\/estrategiacarreirajuridica\\\/\",\"https:\\\/\\\/www.youtube.com\\\/channel\\\/UClbMGuYbj2Mh1m3w144ETWQ\"]},{\"@type\":\"Person\",\"@id\":\"https:\\\/\\\/cj.estrategia.com\\\/portal\\\/#\\\/schema\\\/person\\\/74287401cf4654f4fa04e378de7261ec\",\"name\":\"Frederico Tadeu Borlot Peixoto\",\"image\":{\"@type\":\"ImageObject\",\"inLanguage\":\"pt-BR\",\"@id\":\"https:\\\/\\\/cj.estrategia.com\\\/portal\\\/wp-content\\\/uploads\\\/2023\\\/06\\\/29094204\\\/GBAY0702-96x96.jpg\",\"url\":\"https:\\\/\\\/cj.estrategia.com\\\/portal\\\/wp-content\\\/uploads\\\/2023\\\/06\\\/29094204\\\/GBAY0702-96x96.jpg\",\"contentUrl\":\"https:\\\/\\\/cj.estrategia.com\\\/portal\\\/wp-content\\\/uploads\\\/2023\\\/06\\\/29094204\\\/GBAY0702-96x96.jpg\",\"caption\":\"Frederico Tadeu Borlot Peixoto\"},\"description\":\"Analista Judici\u00e1rio - \u00c1rea Judici\u00e1ria do TRF da 4\u00aa regi\u00e3o. Bacharel em Direito. P\u00f3s-graduado em Direito Administrativo, Legisla\u00e7\u00e3o Penal Especial, Direito Penal e Direito Processual Penal. Tamb\u00e9m nomeado no TRF da 3\u00aa regi\u00e3o (8\u00ba lugar); SPPREV (3\u00ba lugar); IFES (2\u00ba lugar); e PMES. https:\\\/\\\/www.instagram.com\\\/proffrederico\\\/\",\"sameAs\":[\"https:\\\/\\\/www.instagram.com\\\/proffrederico\\\/\"],\"url\":\"https:\\\/\\\/cj.estrategia.com\\\/portal\\\/author\\\/xfrederico\\\/\"}]}<\/script>\n<!-- \/ Yoast SEO Premium plugin. -->","yoast_head_json":{"title":"Altera\u00e7\u00e3o do Contrato Administrativo para ENAM","description":"Confira este resumo sobre a Altera\u00e7\u00e3o\/Modifica\u00e7\u00e3o do Contrato Administrativo para o ENAM (Exame Nacional da Magistratura).","robots":{"index":"index","follow":"follow","max-snippet":"max-snippet:-1","max-image-preview":"max-image-preview:large","max-video-preview":"max-video-preview:-1"},"canonical":"https:\/\/cj.estrategia.com\/portal\/alteracao-contrato-administrativo-enam\/","og_locale":"pt_BR","og_type":"article","og_title":"Altera\u00e7\u00e3o do Contrato Administrativo para ENAM","og_description":"Confira este resumo sobre a Altera\u00e7\u00e3o\/Modifica\u00e7\u00e3o do Contrato Administrativo para o ENAM (Exame Nacional da Magistratura).","og_url":"https:\/\/cj.estrategia.com\/portal\/alteracao-contrato-administrativo-enam\/","og_site_name":"Blog - Carreiras Jur\u00eddicas - Estrat\u00e9gia","article_publisher":"https:\/\/www.facebook.com\/estrategiacarreirajuridica\/","article_published_time":"2024-04-03T11:00:00+00:00","og_image":[{"width":2560,"height":1707,"url":"https:\/\/cj.estrategia.com\/portal\/wp-content\/uploads\/2024\/03\/11175606\/Alteracao-do-Contrato-Administrativo-para-ENAM-scaled.jpg","type":"image\/jpeg"}],"author":"Frederico Tadeu Borlot Peixoto","twitter_card":"summary_large_image","twitter_creator":"@EstratJuridica","twitter_site":"@EstratJuridica","twitter_misc":{"Escrito por":"Frederico Tadeu Borlot Peixoto","Est. tempo de leitura":"12 minutos"},"schema":{"@context":"https:\/\/schema.org","@graph":[{"@type":"NewsArticle","@id":"https:\/\/cj.estrategia.com\/portal\/alteracao-contrato-administrativo-enam\/#article","isPartOf":{"@id":"https:\/\/cj.estrategia.com\/portal\/alteracao-contrato-administrativo-enam\/"},"author":{"name":"Frederico Tadeu Borlot Peixoto","@id":"https:\/\/cj.estrategia.com\/portal\/#\/schema\/person\/74287401cf4654f4fa04e378de7261ec"},"headline":"Altera\u00e7\u00e3o do Contrato Administrativo para ENAM","datePublished":"2024-04-03T11:00:00+00:00","mainEntityOfPage":{"@id":"https:\/\/cj.estrategia.com\/portal\/alteracao-contrato-administrativo-enam\/"},"wordCount":2858,"commentCount":0,"publisher":{"@id":"https:\/\/cj.estrategia.com\/portal\/#organization"},"image":{"@id":"https:\/\/cj.estrategia.com\/portal\/alteracao-contrato-administrativo-enam\/#primaryimage"},"thumbnailUrl":"https:\/\/cj.estrategia.com\/portal\/wp-content\/uploads\/2024\/03\/11175606\/Alteracao-do-Contrato-Administrativo-para-ENAM-scaled.jpg","articleSection":["Carreiras Jur\u00eddicas","Magistratura"],"inLanguage":"pt-BR","potentialAction":[{"@type":"CommentAction","name":"Comment","target":["https:\/\/cj.estrategia.com\/portal\/alteracao-contrato-administrativo-enam\/#respond"]}]},{"@type":"WebPage","@id":"https:\/\/cj.estrategia.com\/portal\/alteracao-contrato-administrativo-enam\/","url":"https:\/\/cj.estrategia.com\/portal\/alteracao-contrato-administrativo-enam\/","name":"Altera\u00e7\u00e3o do Contrato Administrativo para ENAM","isPartOf":{"@id":"https:\/\/cj.estrategia.com\/portal\/#website"},"primaryImageOfPage":{"@id":"https:\/\/cj.estrategia.com\/portal\/alteracao-contrato-administrativo-enam\/#primaryimage"},"image":{"@id":"https:\/\/cj.estrategia.com\/portal\/alteracao-contrato-administrativo-enam\/#primaryimage"},"thumbnailUrl":"https:\/\/cj.estrategia.com\/portal\/wp-content\/uploads\/2024\/03\/11175606\/Alteracao-do-Contrato-Administrativo-para-ENAM-scaled.jpg","datePublished":"2024-04-03T11:00:00+00:00","description":"Confira este resumo sobre a Altera\u00e7\u00e3o\/Modifica\u00e7\u00e3o do Contrato Administrativo para o ENAM (Exame Nacional da Magistratura).","breadcrumb":{"@id":"https:\/\/cj.estrategia.com\/portal\/alteracao-contrato-administrativo-enam\/#breadcrumb"},"inLanguage":"pt-BR","potentialAction":[{"@type":"ReadAction","target":["https:\/\/cj.estrategia.com\/portal\/alteracao-contrato-administrativo-enam\/"]}]},{"@type":"ImageObject","inLanguage":"pt-BR","@id":"https:\/\/cj.estrategia.com\/portal\/alteracao-contrato-administrativo-enam\/#primaryimage","url":"https:\/\/cj.estrategia.com\/portal\/wp-content\/uploads\/2024\/03\/11175606\/Alteracao-do-Contrato-Administrativo-para-ENAM-scaled.jpg","contentUrl":"https:\/\/cj.estrategia.com\/portal\/wp-content\/uploads\/2024\/03\/11175606\/Alteracao-do-Contrato-Administrativo-para-ENAM-scaled.jpg","width":2560,"height":1707,"caption":"Altera\u00e7\u00e3o do Contrato Administrativo para ENAM"},{"@type":"BreadcrumbList","@id":"https:\/\/cj.estrategia.com\/portal\/alteracao-contrato-administrativo-enam\/#breadcrumb","itemListElement":[{"@type":"ListItem","position":1,"name":"In\u00edcio","item":"https:\/\/cj.estrategia.com\/portal\/"},{"@type":"ListItem","position":2,"name":"Altera\u00e7\u00e3o do Contrato Administrativo para ENAM"}]},{"@type":"WebSite","@id":"https:\/\/cj.estrategia.com\/portal\/#website","url":"https:\/\/cj.estrategia.com\/portal\/","name":"Blog - Carreiras Jur\u00eddicas - Estrat\u00e9gia","description":"","publisher":{"@id":"https:\/\/cj.estrategia.com\/portal\/#organization"},"potentialAction":[{"@type":"SearchAction","target":{"@type":"EntryPoint","urlTemplate":"https:\/\/cj.estrategia.com\/portal\/?s={search_term_string}"},"query-input":{"@type":"PropertyValueSpecification","valueRequired":true,"valueName":"search_term_string"}}],"inLanguage":"pt-BR"},{"@type":"Organization","@id":"https:\/\/cj.estrategia.com\/portal\/#organization","name":"Estrat\u00e9gia - Carreiras Jur\u00eddicas","url":"https:\/\/cj.estrategia.com\/portal\/","logo":{"@type":"ImageObject","inLanguage":"pt-BR","@id":"https:\/\/cj.estrategia.com\/portal\/#\/schema\/logo\/image\/","url":"https:\/\/cj.estrategia.com\/portal\/wp-content\/uploads\/2022\/03\/11151052\/cj-logo.png","contentUrl":"https:\/\/cj.estrategia.com\/portal\/wp-content\/uploads\/2022\/03\/11151052\/cj-logo.png","width":150,"height":39,"caption":"Estrat\u00e9gia - Carreiras Jur\u00eddicas"},"image":{"@id":"https:\/\/cj.estrategia.com\/portal\/#\/schema\/logo\/image\/"},"sameAs":["https:\/\/www.facebook.com\/estrategiacarreirajuridica\/","https:\/\/x.com\/EstratJuridica","https:\/\/www.instagram.com\/estrategiacarreirajuridica\/","https:\/\/www.youtube.com\/channel\/UClbMGuYbj2Mh1m3w144ETWQ"]},{"@type":"Person","@id":"https:\/\/cj.estrategia.com\/portal\/#\/schema\/person\/74287401cf4654f4fa04e378de7261ec","name":"Frederico Tadeu Borlot Peixoto","image":{"@type":"ImageObject","inLanguage":"pt-BR","@id":"https:\/\/cj.estrategia.com\/portal\/wp-content\/uploads\/2023\/06\/29094204\/GBAY0702-96x96.jpg","url":"https:\/\/cj.estrategia.com\/portal\/wp-content\/uploads\/2023\/06\/29094204\/GBAY0702-96x96.jpg","contentUrl":"https:\/\/cj.estrategia.com\/portal\/wp-content\/uploads\/2023\/06\/29094204\/GBAY0702-96x96.jpg","caption":"Frederico Tadeu Borlot Peixoto"},"description":"Analista Judici\u00e1rio - \u00c1rea Judici\u00e1ria do TRF da 4\u00aa regi\u00e3o. Bacharel em Direito. P\u00f3s-graduado em Direito Administrativo, Legisla\u00e7\u00e3o Penal Especial, Direito Penal e Direito Processual Penal. Tamb\u00e9m nomeado no TRF da 3\u00aa regi\u00e3o (8\u00ba lugar); SPPREV (3\u00ba lugar); IFES (2\u00ba lugar); e PMES. https:\/\/www.instagram.com\/proffrederico\/","sameAs":["https:\/\/www.instagram.com\/proffrederico\/"],"url":"https:\/\/cj.estrategia.com\/portal\/author\/xfrederico\/"}]}},"jetpack_featured_media_url":"https:\/\/cj.estrategia.com\/portal\/wp-content\/uploads\/2024\/03\/11175606\/Alteracao-do-Contrato-Administrativo-para-ENAM-scaled.jpg","jetpack_sharing_enabled":true,"_links":{"self":[{"href":"https:\/\/cj.estrategia.com\/portal\/wp-json\/wp\/v2\/posts\/57850","targetHints":{"allow":["GET"]}}],"collection":[{"href":"https:\/\/cj.estrategia.com\/portal\/wp-json\/wp\/v2\/posts"}],"about":[{"href":"https:\/\/cj.estrategia.com\/portal\/wp-json\/wp\/v2\/types\/post"}],"author":[{"embeddable":true,"href":"https:\/\/cj.estrategia.com\/portal\/wp-json\/wp\/v2\/users\/39"}],"replies":[{"embeddable":true,"href":"https:\/\/cj.estrategia.com\/portal\/wp-json\/wp\/v2\/comments?post=57850"}],"version-history":[{"count":3,"href":"https:\/\/cj.estrategia.com\/portal\/wp-json\/wp\/v2\/posts\/57850\/revisions"}],"predecessor-version":[{"id":57854,"href":"https:\/\/cj.estrategia.com\/portal\/wp-json\/wp\/v2\/posts\/57850\/revisions\/57854"}],"wp:featuredmedia":[{"embeddable":true,"href":"https:\/\/cj.estrategia.com\/portal\/wp-json\/wp\/v2\/media\/57851"}],"wp:attachment":[{"href":"https:\/\/cj.estrategia.com\/portal\/wp-json\/wp\/v2\/media?parent=57850"}],"wp:term":[{"taxonomy":"category","embeddable":true,"href":"https:\/\/cj.estrategia.com\/portal\/wp-json\/wp\/v2\/categories?post=57850"},{"taxonomy":"post_tag","embeddable":true,"href":"https:\/\/cj.estrategia.com\/portal\/wp-json\/wp\/v2\/tags?post=57850"},{"taxonomy":"tax_estado","embeddable":true,"href":"https:\/\/cj.estrategia.com\/portal\/wp-json\/wp\/v2\/tax_estado?post=57850"}],"curies":[{"name":"wp","href":"https:\/\/api.w.org\/{rel}","templated":true}]}}