{"id":57738,"date":"2024-04-20T14:00:00","date_gmt":"2024-04-20T17:00:00","guid":{"rendered":"https:\/\/cj.estrategia.com\/portal\/?p=57738"},"modified":"2024-04-24T10:10:13","modified_gmt":"2024-04-24T13:10:13","slug":"nomeacao-concurso-publico","status":"publish","type":"post","link":"https:\/\/cj.estrategia.com\/portal\/nomeacao-concurso-publico\/","title":{"rendered":"Nomea\u00e7\u00e3o em concurso p\u00fablico e condena\u00e7\u00e3o definitiva: STF"},"content":{"rendered":"\n<p>Hoje, vamos conhecer um pouco a respeito da <strong>possibilidade de nomea\u00e7\u00e3o e posse de aprovados em concurso p\u00fablico<\/strong> <strong>nos casos de condena\u00e7\u00e3o criminal transitada em julgado<\/strong>, \u00e0 luz da jurisprud\u00eancia do <strong>STF<\/strong>. Daremos enfoque aos temas mais cobrados na \u00e1rea dos <strong>concursos de carreira jur\u00eddica<\/strong>.<\/p>\n\n\n\n<p>Vamos l\u00e1!<\/p>\n\n\n<div class=\"wp-block-image\">\n<figure class=\"aligncenter size-full is-resized\"><img decoding=\"async\" src=\"https:\/\/dhg1h5j42swfq.cloudfront.net\/2024\/02\/26185108\/captura-de-ecra-de-2024-02-26-18-50-15.png\" alt=\"Nomea\u00e7\u00e3o em concurso p\u00fablico e condena\u00e7\u00e3o definitiva\" class=\"wp-image-1359254\" style=\"width:603px;height:auto\" \/><figcaption class=\"wp-element-caption\">Nomea\u00e7\u00e3o em concurso p\u00fablico e condena\u00e7\u00e3o definitiva<\/figcaption><\/figure>\n<\/div>\n\n\n<h2 class=\"wp-block-heading\" id=\"h-1-nomeacao-em-concurso-publico-e-condenacao-definitiva-tese-do-stf\"><span id=\"1-nomeacao-em-concurso-publico-e-condenacao-definitiva-tese-do-stf\">1. Nomea\u00e7\u00e3o em concurso p\u00fablico e condena\u00e7\u00e3o definitiva: tese do STF<\/span><\/h2>\n\n\n\n<p>Recentemente, o STF decidiu importante tema no seguimento da nomea\u00e7\u00e3o e posse em <strong>concursos p\u00fablicos<\/strong>. Para o caso, a Corte Suprema editou a seguinte tese (RE 1282553):<\/p>\n\n\n\n<blockquote class=\"wp-block-quote is-layout-flow wp-block-quote-is-layout-flow\">\n<p>A <strong><mark class=\"has-inline-color has-vivid-red-color\">suspens\u00e3o dos direitos pol\u00edticos <\/mark><\/strong>prevista no artigo 15, III, da Constitui\u00e7\u00e3o Federal (\u2018condena\u00e7\u00e3o criminal transitada em julgado, enquanto durarem seus efeitos\u2019) <strong><mark class=\"has-inline-color has-vivid-red-color\">n\u00e3o impede<\/mark><\/strong> a <span style=\"text-decoration: underline\">nomea\u00e7\u00e3o e posse<\/span> de candidato aprovado em concurso p\u00fablico, <strong>desde que<\/strong> n\u00e3o <strong><mark style=\"background-color:#8ed1fc\" class=\"has-inline-color\">incompat\u00edvel com a infra\u00e7\u00e3o penal<\/mark><\/strong> praticada, em respeito:<\/p>\n\n\n\n<ul class=\"wp-block-list\">\n<li>aos <span style=\"text-decoration: underline\">princ\u00edpios da <\/span><strong><span style=\"text-decoration: underline\">DIGNIDADE da pessoa humana<\/span> <\/strong>e do <strong><span style=\"text-decoration: underline\">valor social do TRABALHO<\/span> <\/strong>(CF, art. 1\u00ba, III e IV) e;<\/li>\n<\/ul>\n\n\n\n<ul class=\"wp-block-list\">\n<li><\/li>\n<\/ul>\n\n\n\n<ul class=\"wp-block-list\">\n<li>do dever do Estado em proporcionar as condi\u00e7\u00f5es necess\u00e1rias para a <strong><span style=\"text-decoration: underline\">harm\u00f4nica<\/span><\/strong><span style=\"text-decoration: underline\"> <\/span><strong><span style=\"text-decoration: underline\">INTEGRA\u00c7\u00c3O SOCIAL do condenado<\/span><\/strong>, objetivo principal da execu\u00e7\u00e3o penal, nos termos do artigo 1\u00ba da LEP (Lei n\u00ba 7.210\/84). <\/li>\n<\/ul>\n\n\n\n<p>O in\u00edcio do efetivo exerc\u00edcio do cargo ficar\u00e1 condicionado ao <strong>regime da pena ou \u00e0 decis\u00e3o judicial<\/strong> do ju\u00edzo de execu\u00e7\u00f5es, que analisar\u00e1 a <mark style=\"background-color:#8ed1fc\" class=\"has-inline-color\"><strong><span style=\"text-decoration: underline\">compatibilidade<\/span><\/strong> de hor\u00e1rios<\/mark>.<\/p>\n<\/blockquote>\n\n\n\n<p>Abaixo, compilaremos \u2013 com a devida adequa\u00e7\u00e3o \u2013 e esquematizaremos a ementa e a not\u00edcia do caso para melhor compreens\u00e3o do tema.<\/p>\n\n\n\n<h2 class=\"wp-block-heading\" id=\"h-2-nomeacao-em-concurso-publico-e-condenacao-definitiva-fundamentos\"><span id=\"2-nomeacao-em-concurso-publico-e-condenacao-definitiva-fundamentos\">2. Nomea\u00e7\u00e3o em concurso p\u00fablico e condena\u00e7\u00e3o definitiva: fundamentos<\/span><\/h2>\n\n\n\n<p>Para o STF (RE 1282553), \u00e9 poss\u00edvel a nomea\u00e7\u00e3o em concurso p\u00fablico de condenado criminalmente, de forma definitiva, devidamente aprovado em concurso p\u00fablico, desde que haja <span style=\"text-decoration: underline\">compatibilidade entre o cargo a ser exercido e a infra\u00e7\u00e3o penal cometida<\/span>, sendo que o efetivo exerc\u00edcio depender\u00e1 do <strong>regime de cumprimento da pena <\/strong>e da <strong>inexist\u00eancia de conflito de hor\u00e1rios com a jornada de trabalho<\/strong>.<\/p>\n\n\n\n<p>A ressocializa\u00e7\u00e3o dos presos no Pa\u00eds \u00e9 um desafio que deve ser enfrentado dando-lhes a possibilidade de <strong>estudo <\/strong>e de <strong>trabalho<\/strong>, motivo pelo qual o <strong>princ\u00edpio da dignidade da pessoa humana <\/strong>(art. 1\u00ba, III, da CF\/1988) imp\u00f5e ao Estado o dever de proporcionar condi\u00e7\u00f5es favor\u00e1veis \u00e0 <strong>integra\u00e7\u00e3o social <\/strong>do condenado por meio da <strong>valoriza\u00e7\u00e3o do trabalho <\/strong>no \u00e2mbito da iniciativa privada e, fundamentalmente, na esfera p\u00fablica (art. 1\u00ba, IV, CF\/1988).<\/p>\n\n\n\n<h3 class=\"wp-block-heading\" id=\"h-2-1-sentido-etico-da-suspensao-dos-direitos-politicos-e-direito-a-ressocializacao\"><span id=\"2-1-sentido-etico-da-suspensao-dos-direitos-politicos-e-direito-a-ressocializacao\">2.1. Sentido \u00e9tico da suspens\u00e3o dos direitos pol\u00edticos e direito \u00e0 ressocializa\u00e7\u00e3o<\/span><\/h3>\n\n\n\n<p>Na an\u00e1lise da poss\u00edvel nomea\u00e7\u00e3o em concurso p\u00fablico de condenado criminalmente, o STF (RE 1282553) destacou que os <span style=\"text-decoration: underline\">direitos pol\u00edticos<\/span> dos apenados criminalmente mediante <strong>decis\u00e3o judicial transitada em julgado<\/strong> devem permanecer<strong><mark class=\"has-inline-color has-vivid-red-color\"> SUSPENSOS<\/mark><\/strong> <span style=\"text-decoration: underline\">enquanto durarem os efeitos da condena\u00e7\u00e3o<\/span> (art. 15, III, da CF\/1988). <\/p>\n\n\n\n<h4 class=\"wp-block-heading\" id=\"h-nesse-sentido-assim-dispoe-a-cf\"><span id=\"nesse-sentido-assim-dispoe-a-cf\"><strong>Nesse sentido, assim disp\u00f5e a CF:<\/strong><\/span><\/h4>\n\n\n\n<figure class=\"wp-block-table\"><table><tbody><tr><td><strong>Art. 15 da <a href=\"https:\/\/www.planalto.gov.br\/ccivil_03\/constituicao\/constituicao.htm\" target=\"_blank\" >CF<\/a> \u2013 <\/strong>\u00c9 <strong><mark class=\"has-inline-color has-vivid-red-color\">vedada<\/mark><\/strong> a cassa\u00e7\u00e3o de direitos pol\u00edticos, cuja <strong>perda ou suspens\u00e3o<\/strong> s\u00f3 se dar\u00e1 nos casos de:<br><strong>III \u2013<\/strong> <strong>condena\u00e7\u00e3o criminal transitada em julgado<\/strong>, <span style=\"text-decoration: underline\">enquanto durarem seus efeitos<\/span>;<\/td><\/tr><\/tbody><\/table><\/figure>\n\n\n\n<p>A norma constitucional tem um <strong><mark style=\"background-color:#8ed1fc\" class=\"has-inline-color\">sentido \u00c9TICO<\/mark><\/strong>, de afastar da <strong>atividade pol\u00edtica<\/strong> aqueles que ofenderam valores caros \u00e0 vida em sociedade. Ora, n\u00e3o se pode interpretar a norma constitucional (art. 15, III, da CF\/1988) como restritiva de outros direitos sen\u00e3o daqueles em rela\u00e7\u00e3o aos quais se <strong>cumpre a FINALIDADE da suspens\u00e3o dos direitos pol\u00edticos<\/strong>.<\/p>\n\n\n\n<p>Essa suspens\u00e3o funciona como efeito autom\u00e1tico da condena\u00e7\u00e3o criminal definitiva e visa a impedir que o condenado participe da <strong>vida pol\u00edtica do Estado<\/strong>, com a consequente restri\u00e7\u00e3o da capacidade eleitoral ativa e passiva. <\/p>\n\n\n\n<p>Ainda que o pleno gozo dos direitos pol\u00edticos tamb\u00e9m seja um requisito legal para a investidura em cargo p\u00fablico (art. 5\u00ba, II, Lei 8.112\/1990), a condena\u00e7\u00e3o criminal transitada em julgado <strong>n\u00e3o impede, por si s\u00f3<\/strong>, a nomea\u00e7\u00e3o e posse do condenado regularmente aprovado em concurso, visto que os seus <strong>direitos civis e sociais permanecem devidamente assegurados <\/strong>e, portanto, o <strong>direito de trabalhar <\/strong>e de <strong>ter acesso aos cargos p\u00fablicos<\/strong>.<\/p>\n\n\n\n<p>Assim, a exig\u00eancia de <span style=\"text-decoration: underline\">quita\u00e7\u00e3o das obriga\u00e7\u00f5es eleitorais para fins de <\/span><strong><span style=\"text-decoration: underline\">INVESTIDURA<\/span> <span style=\"text-decoration: underline\">em cargo p\u00fablico<\/span> <\/strong>(art. 5\u00ba, III, Lei 8.112\/1990) <strong>N\u00c3O deve ser aplic\u00e1vel <\/strong>\u00e0quele cujo exerc\u00edcio do voto encontra-se obstaculizado pelos efeitos da <strong>condena\u00e7\u00e3o criminal<\/strong>.<\/p>\n\n\n\n<p>Ademais, essa previs\u00e3o <strong>n\u00e3o pode ser considerada<\/strong>, de <span style=\"text-decoration: underline\">forma isolada<\/span>, como empecilho para a posse de candidato em concurso p\u00fablico, uma vez que a Lei de Execu\u00e7\u00e3o Penal deve ser <span style=\"text-decoration: underline\">interpretada em conformidade<\/span> com seu artigo 1\u00ba, segundo o qual a <strong><mark style=\"background-color:#8ed1fc\" class=\"has-inline-color\">ressocializa\u00e7\u00e3o<\/mark><\/strong> do condenado constitui o <strong>objetivo da execu\u00e7\u00e3o penal<\/strong>.<\/p>\n\n\n\n<h4 class=\"wp-block-heading\" id=\"h-nesse-sentido-assim-dispoe-a-lep\"><span id=\"nesse-sentido-assim-dispoe-a-lep\"><strong>Nesse sentido, assim disp\u00f5e a LEP:<\/strong><\/span><\/h4>\n\n\n\n<figure class=\"wp-block-table\"><table><tbody><tr><td><strong>Art. 1\u00ba da <a href=\"https:\/\/www.planalto.gov.br\/ccivil_03\/leis\/l7210.htm\" target=\"_blank\" >LEP<\/a> \u2013 <\/strong>A execu\u00e7\u00e3o penal tem por objetivo efetivar as disposi\u00e7\u00f5es de senten\u00e7a ou decis\u00e3o criminal e proporcionar condi\u00e7\u00f5es para a <strong>harm\u00f4nica integra\u00e7\u00e3o social do condenado <\/strong>e do internado.<\/td><\/tr><\/tbody><\/table><\/figure>\n\n\n\n<p>N\u00e3o \u00e9 razo\u00e1vel que o <strong>Poder P\u00fablico<\/strong>, principal respons\u00e1vel pela reintegra\u00e7\u00e3o do condenado ao meio social, <strong>obstaculize tal finalidade<\/strong>, impossibilitando a posse em cargo p\u00fablico de candidato que, a despeito de toda a dificuldade enfrentada pelo encarceramento, foi aprovado em diversos concursos, por <span style=\"text-decoration: underline\">m\u00e9rito pr\u00f3prio<\/span>.<\/p>\n\n\n\n<h3 class=\"wp-block-heading\" id=\"h-2-2-valor-social-do-trabalho-e-dignidade-da-pessoa-humana\"><span id=\"2-2-valor-social-do-trabalho-e-dignidade-da-pessoa-humana\">2.2. Valor social do trabalho e dignidade da pessoa humana<\/span><\/h3>\n\n\n\n<p>Seguindo no estudo da poss\u00edvel nomea\u00e7\u00e3o em concurso p\u00fablico de condenado criminalmente, para o STF (RE 1282553), o direito ao trabalho \u00e9 um <strong><span style=\"text-decoration: underline\">direito social<\/span><\/strong> (art. 6\u00ba da CF\/1988) que decorre do princ\u00edpio da <strong><span style=\"text-decoration: underline\">DIGNIDADE da pessoa humana<\/span><\/strong> (art. 1\u00ba, III e IV, da CF\/1988), sendo meio para se: construir uma <span style=\"text-decoration: underline\">sociedade livre, justa e solid\u00e1ria<\/span>, garantir o <span style=\"text-decoration: underline\">desenvolvimento nacional<\/span>, <span style=\"text-decoration: underline\">erradicar a pobreza e a marginaliza\u00e7\u00e3o<\/span> e <span style=\"text-decoration: underline\">reduzir as desigualdades<\/span> sociais e regionais (art. 3\u00ba, I, II, e III, da CF\/1988). <\/p>\n\n\n\n<p>Nesse sentido, a <a href=\"https:\/\/www.planalto.gov.br\/ccivil_03\/constituicao\/constituicao.htm\" target=\"_blank\" ><strong>Constitui\u00e7\u00e3o Federal<\/strong><\/a> traz como fundamentos e objetivos a serem alcan\u00e7ados:<\/p>\n\n\n\n<figure class=\"wp-block-table\"><table><tbody><tr><td><strong>Art. 1\u00ba da CF \u2013 <\/strong>A Rep\u00fablica Federativa do Brasil, formada pela uni\u00e3o indissol\u00favel dos Estados e Munic\u00edpios e do Distrito Federal, constitui-se em Estado Democr\u00e1tico de Direito e tem como <strong><span style=\"text-decoration: underline\">FUNDAMENTOS<\/span><\/strong>:<br><strong>III \u2013<\/strong> a <strong>dignidade da pessoa humana<\/strong>;<br><strong>IV \u2013<\/strong> os <strong>valores sociais do trabalho <\/strong>e da livre iniciativa;\u00a0\u00a0\u00a0\u00a0\u00a0\u00a0\u00a0\u00a0<br><br><strong>Art. 3\u00ba da CF \u2013<\/strong> Constituem <strong><span style=\"text-decoration: underline\">OBJETIVOS<\/span> fundamentais <\/strong>da Rep\u00fablica Federativa do Brasil:<br><strong>I \u2013<\/strong> construir uma <span style=\"text-decoration: underline\">sociedade livre, justa e solid\u00e1ria<\/span>;<br><strong>II \u2013<\/strong> garantir o <span style=\"text-decoration: underline\">desenvolvimento nacional<\/span>;<br><strong>III \u2013<\/strong> <span style=\"text-decoration: underline\">erradicar a pobreza<\/span> e a marginaliza\u00e7\u00e3o e <span style=\"text-decoration: underline\">reduzir as desigualdades<\/span> sociais e regionais;<\/td><\/tr><\/tbody><\/table><\/figure>\n\n\n\n<p>Al\u00e9m disso, o valor social do trabalho <strong>n\u00e3o se confunde com os direitos pol\u00edticos<\/strong>. <\/p>\n\n\n\n<h3 class=\"wp-block-heading\" id=\"h-2-3-caso-concreto\"><span id=\"2-3-caso-concreto\">2.3. Caso concreto<\/span><\/h3>\n\n\n\n<p>Na esp\u00e9cie, o condenado:<\/p>\n\n\n\n<ul class=\"wp-block-list\">\n<li>foi aprovado em concurso p\u00fablico para o <span style=\"text-decoration: underline\">cargo de auxiliar de indigenismo<\/span>, <\/li>\n\n\n\n<li>tinha condena\u00e7\u00e3o definitiva por <span style=\"text-decoration: underline\">tr\u00e1fico de drogas<\/span> e <\/li>\n\n\n\n<li>era benefici\u00e1rio de <span style=\"text-decoration: underline\">livramento condicional<\/span>.<\/li>\n<\/ul>\n\n\n\n<p>Para o STF (RE 1282553), a aprova\u00e7\u00e3o no cargo de auxiliar de indigenismo <strong>n\u00e3o se mostra incompat\u00edvel <\/strong>com a condena\u00e7\u00e3o por tr\u00e1fico de drogas. Al\u00e9m disso, por ser benefici\u00e1rio do livramento condicional, <strong>inexiste conflito de hor\u00e1rios <\/strong>para o exerc\u00edcio das atribui\u00e7\u00f5es do cargo.<\/p>\n\n\n\n<p>No caso, a decis\u00e3o estimular\u00e1 ainda mais a <strong>ressocializa\u00e7\u00e3o<\/strong> daquele que cometeu um erro no passado, mas demonstra a vontade de prosseguir com uma vida digna, sobretudo com a aprova\u00e7\u00e3o e nomea\u00e7\u00e3o em um concurso p\u00fablico. <\/p>\n\n\n\n<p>Visto isso, encerramos as principais nuances acerca de importante decis\u00e3o do <strong>STF<\/strong>.<\/p>\n\n\n\n<h2 class=\"wp-block-heading\" id=\"h-conclusao\"><span id=\"conclusao\">Conclus\u00e3o<\/span><\/h2>\n\n\n\n<p>Hoje, vimos um pouco a respeito da <strong>possibilidade de nomea\u00e7\u00e3o em concurso p\u00fablico<\/strong> quando houver <strong>condena\u00e7\u00e3o definitiva<\/strong>, em aten\u00e7\u00e3o aos ditames <mark style=\"background-color:#ffffff\" class=\"has-inline-color\">elencados na jurisprud\u00eancia suprema.<\/mark><\/p>\n\n\n\n<p>Finalizamos, por ora, mais um tema empolgante para os que almejam a sonhada carreira jur\u00eddica.<\/p>\n\n\n\n<p>Advertimos que <strong>esse artigo<\/strong>, juntamente com as quest\u00f5es do <a href=\"https:\/\/cj.estrategia.com\/#\" target=\"_blank\" ><u><strong>Sistema de Quest\u00f5es do Estrat\u00e9gia Carreira Jur\u00eddica<\/strong><\/u><\/a>, serve como complemento ao estudo do tema proposto, devendo-se priorizar o material te\u00f3rico, em <strong>PDF<\/strong> ou <strong>videoaula<\/strong>, do curso.<\/p>\n\n\n\n<p>At\u00e9 a pr\u00f3xima!<\/p>\n\n\n\n<p class=\"has-text-align-center\"><strong>Quer saber mais sobre os pr\u00f3ximos concursos?<\/strong><\/p>\n\n\n\n<p class=\"has-text-align-center\"><strong>Confira nossos artigos!<\/strong><\/p>\n\n\n\n<p class=\"has-text-align-center has-pale-cyan-blue-background-color has-background\"><a href=\"https:\/\/cj.estrategia.com\/portal\/concursos-abertos-carreiras-juridicas\/\" target=\"_blank\" >Concursos abertos<\/a><\/p>\n\n\n\n<p class=\"has-text-align-center has-pale-cyan-blue-background-color has-background\"><a href=\"https:\/\/cj.estrategia.com\/portal\/concursos-2024-carreiras-juridicas\/\">Concursos 2024<\/a><\/p>\n","protected":false},"excerpt":{"rendered":"Hoje, vamos conhecer um pouco a respeito da possibilidade de nomea\u00e7\u00e3o e posse de aprovados em concurso p\u00fablico&hellip;\n","protected":false},"author":127,"featured_media":57739,"comment_status":"open","ping_status":"open","sticky":false,"template":"","format":"standard","meta":{"_jetpack_memberships_contains_paid_content":false,"footnotes":""},"categories":[1,29,27,28,26,24,25],"tags":[],"tax_estado":[30,31,32,33,34,35,36,37,38,39,40,41,42,43,44,45,46,47,48,49,50,51,52,53,54,55,56,57],"class_list":{"0":"post-57738","1":"post","2":"type-post","3":"status-publish","4":"format-standard","5":"has-post-thumbnail","7":"category-carreiras-juridicas","8":"category-cartorio","9":"category-defensoria","10":"category-delegado","11":"category-magistratura","12":"category-procuradoria","13":"category-promotoria","14":"tax_estado-ac","15":"tax_estado-al","16":"tax_estado-am","17":"tax_estado-ap","18":"tax_estado-ba","19":"tax_estado-ce","20":"tax_estado-concursos-federais","21":"tax_estado-df","22":"tax_estado-es","23":"tax_estado-go","24":"tax_estado-ma","25":"tax_estado-mg","26":"tax_estado-ms","27":"tax_estado-mt","28":"tax_estado-pa","29":"tax_estado-pb","30":"tax_estado-pe","31":"tax_estado-pi","32":"tax_estado-pr","33":"tax_estado-rj","34":"tax_estado-rn","35":"tax_estado-ro","36":"tax_estado-rr","37":"tax_estado-rs","38":"tax_estado-sc","39":"tax_estado-se","40":"tax_estado-sp","41":"tax_estado-to"},"acf":[],"yoast_head":"<!-- This site is optimized with the Yoast SEO Premium plugin v27.5 (Yoast SEO v27.5) - https:\/\/yoast.com\/product\/yoast-seo-premium-wordpress\/ -->\n<title>Nomea\u00e7\u00e3o em concurso p\u00fablico e condena\u00e7\u00e3o definitiva: STF<\/title>\n<meta name=\"description\" content=\"Hoje, veremos acerca da possibilidade de nomea\u00e7\u00e3o em concurso p\u00fablico nos casos de condena\u00e7\u00e3o definitiva, \u00e0 luz da jurisprud\u00eancia do STF.\" \/>\n<meta name=\"robots\" content=\"index, follow, max-snippet:-1, max-image-preview:large, max-video-preview:-1\" \/>\n<link rel=\"canonical\" href=\"https:\/\/cj.estrategia.com\/portal\/nomeacao-concurso-publico\/\" \/>\n<meta property=\"og:locale\" content=\"pt_BR\" \/>\n<meta property=\"og:type\" content=\"article\" \/>\n<meta property=\"og:title\" content=\"Nomea\u00e7\u00e3o em concurso p\u00fablico e condena\u00e7\u00e3o definitiva: STF\" \/>\n<meta property=\"og:description\" content=\"Hoje, veremos acerca da possibilidade de nomea\u00e7\u00e3o em concurso p\u00fablico nos casos de condena\u00e7\u00e3o definitiva, \u00e0 luz da jurisprud\u00eancia do STF.\" \/>\n<meta property=\"og:url\" content=\"https:\/\/cj.estrategia.com\/portal\/nomeacao-concurso-publico\/\" \/>\n<meta property=\"og:site_name\" content=\"Blog - Carreiras Jur\u00eddicas - Estrat\u00e9gia\" \/>\n<meta property=\"article:publisher\" content=\"https:\/\/www.facebook.com\/estrategiacarreirajuridica\/\" \/>\n<meta property=\"article:published_time\" content=\"2024-04-20T17:00:00+00:00\" \/>\n<meta property=\"article:modified_time\" content=\"2024-04-24T13:10:13+00:00\" \/>\n<meta property=\"og:image\" content=\"https:\/\/cj.estrategia.com\/portal\/wp-content\/uploads\/2024\/03\/10123237\/ooooooo.png\" \/>\n\t<meta property=\"og:image:width\" content=\"697\" \/>\n\t<meta property=\"og:image:height\" content=\"475\" \/>\n\t<meta property=\"og:image:type\" content=\"image\/png\" \/>\n<meta name=\"author\" content=\"Heloana Vera Albuquerque\" \/>\n<meta name=\"twitter:card\" content=\"summary_large_image\" \/>\n<meta name=\"twitter:creator\" content=\"@EstratJuridica\" \/>\n<meta name=\"twitter:site\" content=\"@EstratJuridica\" \/>\n<meta name=\"twitter:label1\" content=\"Escrito por\" \/>\n\t<meta name=\"twitter:data1\" content=\"Heloana Vera Albuquerque\" \/>\n\t<meta name=\"twitter:label2\" content=\"Est. tempo de leitura\" \/>\n\t<meta name=\"twitter:data2\" content=\"7 minutos\" \/>\n<script type=\"application\/ld+json\" class=\"yoast-schema-graph\">{\"@context\":\"https:\\\/\\\/schema.org\",\"@graph\":[{\"@type\":\"NewsArticle\",\"@id\":\"https:\\\/\\\/cj.estrategia.com\\\/portal\\\/nomeacao-concurso-publico\\\/#article\",\"isPartOf\":{\"@id\":\"https:\\\/\\\/cj.estrategia.com\\\/portal\\\/nomeacao-concurso-publico\\\/\"},\"author\":{\"name\":\"Heloana Vera Albuquerque\",\"@id\":\"https:\\\/\\\/cj.estrategia.com\\\/portal\\\/#\\\/schema\\\/person\\\/e3116c33097aaffcd61a5fe8d71846c4\"},\"headline\":\"Nomea\u00e7\u00e3o em concurso p\u00fablico e condena\u00e7\u00e3o definitiva: STF\",\"datePublished\":\"2024-04-20T17:00:00+00:00\",\"dateModified\":\"2024-04-24T13:10:13+00:00\",\"mainEntityOfPage\":{\"@id\":\"https:\\\/\\\/cj.estrategia.com\\\/portal\\\/nomeacao-concurso-publico\\\/\"},\"wordCount\":1377,\"commentCount\":0,\"publisher\":{\"@id\":\"https:\\\/\\\/cj.estrategia.com\\\/portal\\\/#organization\"},\"image\":{\"@id\":\"https:\\\/\\\/cj.estrategia.com\\\/portal\\\/nomeacao-concurso-publico\\\/#primaryimage\"},\"thumbnailUrl\":\"https:\\\/\\\/cj.estrategia.com\\\/portal\\\/wp-content\\\/uploads\\\/2024\\\/03\\\/10123237\\\/ooooooo.png\",\"articleSection\":[\"Carreiras Jur\u00eddicas\",\"Cart\u00f3rio\",\"Defensoria\",\"Delegado\",\"Magistratura\",\"Procuradoria\",\"Promotoria\"],\"inLanguage\":\"pt-BR\",\"potentialAction\":[{\"@type\":\"CommentAction\",\"name\":\"Comment\",\"target\":[\"https:\\\/\\\/cj.estrategia.com\\\/portal\\\/nomeacao-concurso-publico\\\/#respond\"]}]},{\"@type\":\"WebPage\",\"@id\":\"https:\\\/\\\/cj.estrategia.com\\\/portal\\\/nomeacao-concurso-publico\\\/\",\"url\":\"https:\\\/\\\/cj.estrategia.com\\\/portal\\\/nomeacao-concurso-publico\\\/\",\"name\":\"Nomea\u00e7\u00e3o em concurso p\u00fablico e condena\u00e7\u00e3o definitiva: STF\",\"isPartOf\":{\"@id\":\"https:\\\/\\\/cj.estrategia.com\\\/portal\\\/#website\"},\"primaryImageOfPage\":{\"@id\":\"https:\\\/\\\/cj.estrategia.com\\\/portal\\\/nomeacao-concurso-publico\\\/#primaryimage\"},\"image\":{\"@id\":\"https:\\\/\\\/cj.estrategia.com\\\/portal\\\/nomeacao-concurso-publico\\\/#primaryimage\"},\"thumbnailUrl\":\"https:\\\/\\\/cj.estrategia.com\\\/portal\\\/wp-content\\\/uploads\\\/2024\\\/03\\\/10123237\\\/ooooooo.png\",\"datePublished\":\"2024-04-20T17:00:00+00:00\",\"dateModified\":\"2024-04-24T13:10:13+00:00\",\"description\":\"Hoje, veremos acerca da possibilidade de nomea\u00e7\u00e3o em concurso p\u00fablico nos casos de condena\u00e7\u00e3o definitiva, \u00e0 luz da jurisprud\u00eancia do STF.\",\"breadcrumb\":{\"@id\":\"https:\\\/\\\/cj.estrategia.com\\\/portal\\\/nomeacao-concurso-publico\\\/#breadcrumb\"},\"inLanguage\":\"pt-BR\",\"potentialAction\":[{\"@type\":\"ReadAction\",\"target\":[\"https:\\\/\\\/cj.estrategia.com\\\/portal\\\/nomeacao-concurso-publico\\\/\"]}]},{\"@type\":\"ImageObject\",\"inLanguage\":\"pt-BR\",\"@id\":\"https:\\\/\\\/cj.estrategia.com\\\/portal\\\/nomeacao-concurso-publico\\\/#primaryimage\",\"url\":\"https:\\\/\\\/cj.estrategia.com\\\/portal\\\/wp-content\\\/uploads\\\/2024\\\/03\\\/10123237\\\/ooooooo.png\",\"contentUrl\":\"https:\\\/\\\/cj.estrategia.com\\\/portal\\\/wp-content\\\/uploads\\\/2024\\\/03\\\/10123237\\\/ooooooo.png\",\"width\":697,\"height\":475},{\"@type\":\"BreadcrumbList\",\"@id\":\"https:\\\/\\\/cj.estrategia.com\\\/portal\\\/nomeacao-concurso-publico\\\/#breadcrumb\",\"itemListElement\":[{\"@type\":\"ListItem\",\"position\":1,\"name\":\"In\u00edcio\",\"item\":\"https:\\\/\\\/cj.estrategia.com\\\/portal\\\/\"},{\"@type\":\"ListItem\",\"position\":2,\"name\":\"Nomea\u00e7\u00e3o em concurso p\u00fablico e condena\u00e7\u00e3o definitiva: STF\"}]},{\"@type\":\"WebSite\",\"@id\":\"https:\\\/\\\/cj.estrategia.com\\\/portal\\\/#website\",\"url\":\"https:\\\/\\\/cj.estrategia.com\\\/portal\\\/\",\"name\":\"Blog - Carreiras Jur\u00eddicas - Estrat\u00e9gia\",\"description\":\"\",\"publisher\":{\"@id\":\"https:\\\/\\\/cj.estrategia.com\\\/portal\\\/#organization\"},\"potentialAction\":[{\"@type\":\"SearchAction\",\"target\":{\"@type\":\"EntryPoint\",\"urlTemplate\":\"https:\\\/\\\/cj.estrategia.com\\\/portal\\\/?s={search_term_string}\"},\"query-input\":{\"@type\":\"PropertyValueSpecification\",\"valueRequired\":true,\"valueName\":\"search_term_string\"}}],\"inLanguage\":\"pt-BR\"},{\"@type\":\"Organization\",\"@id\":\"https:\\\/\\\/cj.estrategia.com\\\/portal\\\/#organization\",\"name\":\"Estrat\u00e9gia - Carreiras Jur\u00eddicas\",\"url\":\"https:\\\/\\\/cj.estrategia.com\\\/portal\\\/\",\"logo\":{\"@type\":\"ImageObject\",\"inLanguage\":\"pt-BR\",\"@id\":\"https:\\\/\\\/cj.estrategia.com\\\/portal\\\/#\\\/schema\\\/logo\\\/image\\\/\",\"url\":\"https:\\\/\\\/cj.estrategia.com\\\/portal\\\/wp-content\\\/uploads\\\/2022\\\/03\\\/11151052\\\/cj-logo.png\",\"contentUrl\":\"https:\\\/\\\/cj.estrategia.com\\\/portal\\\/wp-content\\\/uploads\\\/2022\\\/03\\\/11151052\\\/cj-logo.png\",\"width\":150,\"height\":39,\"caption\":\"Estrat\u00e9gia - Carreiras Jur\u00eddicas\"},\"image\":{\"@id\":\"https:\\\/\\\/cj.estrategia.com\\\/portal\\\/#\\\/schema\\\/logo\\\/image\\\/\"},\"sameAs\":[\"https:\\\/\\\/www.facebook.com\\\/estrategiacarreirajuridica\\\/\",\"https:\\\/\\\/x.com\\\/EstratJuridica\",\"https:\\\/\\\/www.instagram.com\\\/estrategiacarreirajuridica\\\/\",\"https:\\\/\\\/www.youtube.com\\\/channel\\\/UClbMGuYbj2Mh1m3w144ETWQ\"]},{\"@type\":\"Person\",\"@id\":\"https:\\\/\\\/cj.estrategia.com\\\/portal\\\/#\\\/schema\\\/person\\\/e3116c33097aaffcd61a5fe8d71846c4\",\"name\":\"Heloana Vera Albuquerque\",\"image\":{\"@type\":\"ImageObject\",\"inLanguage\":\"pt-BR\",\"@id\":\"https:\\\/\\\/secure.gravatar.com\\\/avatar\\\/24ae914faa49e70cf228cfa75150ff826756fa9dbbadf55254a1c17b67917d8a?s=96&d=mm&r=g\",\"url\":\"https:\\\/\\\/secure.gravatar.com\\\/avatar\\\/24ae914faa49e70cf228cfa75150ff826756fa9dbbadf55254a1c17b67917d8a?s=96&d=mm&r=g\",\"contentUrl\":\"https:\\\/\\\/secure.gravatar.com\\\/avatar\\\/24ae914faa49e70cf228cfa75150ff826756fa9dbbadf55254a1c17b67917d8a?s=96&d=mm&r=g\",\"caption\":\"Heloana Vera Albuquerque\"},\"description\":\"Aprovada para Oficial de Justi\u00e7a Avaliador Federal, Analista Judici\u00e1rio do Tribunal de Justi\u00e7a, Analista do Minist\u00e9rio P\u00fablico, Procurador Municipal e Juiz Leigo do JEC.\",\"award\":[\"L\u00e1urea universit\u00e1ria no Curso de Direito\"],\"url\":\"https:\\\/\\\/cj.estrategia.com\\\/portal\\\/author\\\/heloana-vera-albuquerque\\\/\"}]}<\/script>\n<!-- \/ Yoast SEO Premium plugin. -->","yoast_head_json":{"title":"Nomea\u00e7\u00e3o em concurso p\u00fablico e condena\u00e7\u00e3o definitiva: STF","description":"Hoje, veremos acerca da possibilidade de nomea\u00e7\u00e3o em concurso p\u00fablico nos casos de condena\u00e7\u00e3o definitiva, \u00e0 luz da jurisprud\u00eancia do STF.","robots":{"index":"index","follow":"follow","max-snippet":"max-snippet:-1","max-image-preview":"max-image-preview:large","max-video-preview":"max-video-preview:-1"},"canonical":"https:\/\/cj.estrategia.com\/portal\/nomeacao-concurso-publico\/","og_locale":"pt_BR","og_type":"article","og_title":"Nomea\u00e7\u00e3o em concurso p\u00fablico e condena\u00e7\u00e3o definitiva: STF","og_description":"Hoje, veremos acerca da possibilidade de nomea\u00e7\u00e3o em concurso p\u00fablico nos casos de condena\u00e7\u00e3o definitiva, \u00e0 luz da jurisprud\u00eancia do STF.","og_url":"https:\/\/cj.estrategia.com\/portal\/nomeacao-concurso-publico\/","og_site_name":"Blog - Carreiras Jur\u00eddicas - Estrat\u00e9gia","article_publisher":"https:\/\/www.facebook.com\/estrategiacarreirajuridica\/","article_published_time":"2024-04-20T17:00:00+00:00","article_modified_time":"2024-04-24T13:10:13+00:00","og_image":[{"width":697,"height":475,"url":"https:\/\/cj.estrategia.com\/portal\/wp-content\/uploads\/2024\/03\/10123237\/ooooooo.png","type":"image\/png"}],"author":"Heloana Vera Albuquerque","twitter_card":"summary_large_image","twitter_creator":"@EstratJuridica","twitter_site":"@EstratJuridica","twitter_misc":{"Escrito por":"Heloana Vera Albuquerque","Est. tempo de leitura":"7 minutos"},"schema":{"@context":"https:\/\/schema.org","@graph":[{"@type":"NewsArticle","@id":"https:\/\/cj.estrategia.com\/portal\/nomeacao-concurso-publico\/#article","isPartOf":{"@id":"https:\/\/cj.estrategia.com\/portal\/nomeacao-concurso-publico\/"},"author":{"name":"Heloana Vera Albuquerque","@id":"https:\/\/cj.estrategia.com\/portal\/#\/schema\/person\/e3116c33097aaffcd61a5fe8d71846c4"},"headline":"Nomea\u00e7\u00e3o em concurso p\u00fablico e condena\u00e7\u00e3o definitiva: STF","datePublished":"2024-04-20T17:00:00+00:00","dateModified":"2024-04-24T13:10:13+00:00","mainEntityOfPage":{"@id":"https:\/\/cj.estrategia.com\/portal\/nomeacao-concurso-publico\/"},"wordCount":1377,"commentCount":0,"publisher":{"@id":"https:\/\/cj.estrategia.com\/portal\/#organization"},"image":{"@id":"https:\/\/cj.estrategia.com\/portal\/nomeacao-concurso-publico\/#primaryimage"},"thumbnailUrl":"https:\/\/cj.estrategia.com\/portal\/wp-content\/uploads\/2024\/03\/10123237\/ooooooo.png","articleSection":["Carreiras Jur\u00eddicas","Cart\u00f3rio","Defensoria","Delegado","Magistratura","Procuradoria","Promotoria"],"inLanguage":"pt-BR","potentialAction":[{"@type":"CommentAction","name":"Comment","target":["https:\/\/cj.estrategia.com\/portal\/nomeacao-concurso-publico\/#respond"]}]},{"@type":"WebPage","@id":"https:\/\/cj.estrategia.com\/portal\/nomeacao-concurso-publico\/","url":"https:\/\/cj.estrategia.com\/portal\/nomeacao-concurso-publico\/","name":"Nomea\u00e7\u00e3o em concurso p\u00fablico e condena\u00e7\u00e3o definitiva: STF","isPartOf":{"@id":"https:\/\/cj.estrategia.com\/portal\/#website"},"primaryImageOfPage":{"@id":"https:\/\/cj.estrategia.com\/portal\/nomeacao-concurso-publico\/#primaryimage"},"image":{"@id":"https:\/\/cj.estrategia.com\/portal\/nomeacao-concurso-publico\/#primaryimage"},"thumbnailUrl":"https:\/\/cj.estrategia.com\/portal\/wp-content\/uploads\/2024\/03\/10123237\/ooooooo.png","datePublished":"2024-04-20T17:00:00+00:00","dateModified":"2024-04-24T13:10:13+00:00","description":"Hoje, veremos acerca da possibilidade de nomea\u00e7\u00e3o em concurso p\u00fablico nos casos de condena\u00e7\u00e3o definitiva, \u00e0 luz da jurisprud\u00eancia do STF.","breadcrumb":{"@id":"https:\/\/cj.estrategia.com\/portal\/nomeacao-concurso-publico\/#breadcrumb"},"inLanguage":"pt-BR","potentialAction":[{"@type":"ReadAction","target":["https:\/\/cj.estrategia.com\/portal\/nomeacao-concurso-publico\/"]}]},{"@type":"ImageObject","inLanguage":"pt-BR","@id":"https:\/\/cj.estrategia.com\/portal\/nomeacao-concurso-publico\/#primaryimage","url":"https:\/\/cj.estrategia.com\/portal\/wp-content\/uploads\/2024\/03\/10123237\/ooooooo.png","contentUrl":"https:\/\/cj.estrategia.com\/portal\/wp-content\/uploads\/2024\/03\/10123237\/ooooooo.png","width":697,"height":475},{"@type":"BreadcrumbList","@id":"https:\/\/cj.estrategia.com\/portal\/nomeacao-concurso-publico\/#breadcrumb","itemListElement":[{"@type":"ListItem","position":1,"name":"In\u00edcio","item":"https:\/\/cj.estrategia.com\/portal\/"},{"@type":"ListItem","position":2,"name":"Nomea\u00e7\u00e3o em concurso p\u00fablico e condena\u00e7\u00e3o definitiva: STF"}]},{"@type":"WebSite","@id":"https:\/\/cj.estrategia.com\/portal\/#website","url":"https:\/\/cj.estrategia.com\/portal\/","name":"Blog - Carreiras Jur\u00eddicas - Estrat\u00e9gia","description":"","publisher":{"@id":"https:\/\/cj.estrategia.com\/portal\/#organization"},"potentialAction":[{"@type":"SearchAction","target":{"@type":"EntryPoint","urlTemplate":"https:\/\/cj.estrategia.com\/portal\/?s={search_term_string}"},"query-input":{"@type":"PropertyValueSpecification","valueRequired":true,"valueName":"search_term_string"}}],"inLanguage":"pt-BR"},{"@type":"Organization","@id":"https:\/\/cj.estrategia.com\/portal\/#organization","name":"Estrat\u00e9gia - Carreiras Jur\u00eddicas","url":"https:\/\/cj.estrategia.com\/portal\/","logo":{"@type":"ImageObject","inLanguage":"pt-BR","@id":"https:\/\/cj.estrategia.com\/portal\/#\/schema\/logo\/image\/","url":"https:\/\/cj.estrategia.com\/portal\/wp-content\/uploads\/2022\/03\/11151052\/cj-logo.png","contentUrl":"https:\/\/cj.estrategia.com\/portal\/wp-content\/uploads\/2022\/03\/11151052\/cj-logo.png","width":150,"height":39,"caption":"Estrat\u00e9gia - Carreiras Jur\u00eddicas"},"image":{"@id":"https:\/\/cj.estrategia.com\/portal\/#\/schema\/logo\/image\/"},"sameAs":["https:\/\/www.facebook.com\/estrategiacarreirajuridica\/","https:\/\/x.com\/EstratJuridica","https:\/\/www.instagram.com\/estrategiacarreirajuridica\/","https:\/\/www.youtube.com\/channel\/UClbMGuYbj2Mh1m3w144ETWQ"]},{"@type":"Person","@id":"https:\/\/cj.estrategia.com\/portal\/#\/schema\/person\/e3116c33097aaffcd61a5fe8d71846c4","name":"Heloana Vera Albuquerque","image":{"@type":"ImageObject","inLanguage":"pt-BR","@id":"https:\/\/secure.gravatar.com\/avatar\/24ae914faa49e70cf228cfa75150ff826756fa9dbbadf55254a1c17b67917d8a?s=96&d=mm&r=g","url":"https:\/\/secure.gravatar.com\/avatar\/24ae914faa49e70cf228cfa75150ff826756fa9dbbadf55254a1c17b67917d8a?s=96&d=mm&r=g","contentUrl":"https:\/\/secure.gravatar.com\/avatar\/24ae914faa49e70cf228cfa75150ff826756fa9dbbadf55254a1c17b67917d8a?s=96&d=mm&r=g","caption":"Heloana Vera Albuquerque"},"description":"Aprovada para Oficial de Justi\u00e7a Avaliador Federal, Analista Judici\u00e1rio do Tribunal de Justi\u00e7a, Analista do Minist\u00e9rio P\u00fablico, Procurador Municipal e Juiz Leigo do JEC.","award":["L\u00e1urea universit\u00e1ria no Curso de Direito"],"url":"https:\/\/cj.estrategia.com\/portal\/author\/heloana-vera-albuquerque\/"}]}},"jetpack_featured_media_url":"https:\/\/cj.estrategia.com\/portal\/wp-content\/uploads\/2024\/03\/10123237\/ooooooo.png","jetpack_sharing_enabled":true,"_links":{"self":[{"href":"https:\/\/cj.estrategia.com\/portal\/wp-json\/wp\/v2\/posts\/57738","targetHints":{"allow":["GET"]}}],"collection":[{"href":"https:\/\/cj.estrategia.com\/portal\/wp-json\/wp\/v2\/posts"}],"about":[{"href":"https:\/\/cj.estrategia.com\/portal\/wp-json\/wp\/v2\/types\/post"}],"author":[{"embeddable":true,"href":"https:\/\/cj.estrategia.com\/portal\/wp-json\/wp\/v2\/users\/127"}],"replies":[{"embeddable":true,"href":"https:\/\/cj.estrategia.com\/portal\/wp-json\/wp\/v2\/comments?post=57738"}],"version-history":[{"count":0,"href":"https:\/\/cj.estrategia.com\/portal\/wp-json\/wp\/v2\/posts\/57738\/revisions"}],"wp:featuredmedia":[{"embeddable":true,"href":"https:\/\/cj.estrategia.com\/portal\/wp-json\/wp\/v2\/media\/57739"}],"wp:attachment":[{"href":"https:\/\/cj.estrategia.com\/portal\/wp-json\/wp\/v2\/media?parent=57738"}],"wp:term":[{"taxonomy":"category","embeddable":true,"href":"https:\/\/cj.estrategia.com\/portal\/wp-json\/wp\/v2\/categories?post=57738"},{"taxonomy":"post_tag","embeddable":true,"href":"https:\/\/cj.estrategia.com\/portal\/wp-json\/wp\/v2\/tags?post=57738"},{"taxonomy":"tax_estado","embeddable":true,"href":"https:\/\/cj.estrategia.com\/portal\/wp-json\/wp\/v2\/tax_estado?post=57738"}],"curies":[{"name":"wp","href":"https:\/\/api.w.org\/{rel}","templated":true}]}}